{"id":386995,"date":"2023-06-01T00:07:53","date_gmt":"2023-05-31T22:07:53","guid":{"rendered":"https:\/\/dicodusport.fr\/blog\/?p=386995"},"modified":"2023-06-01T10:56:29","modified_gmt":"2023-06-01T08:56:29","slug":"ligue-europa-au-bout-du-suspense-le-fc-seville-soffre-une-7eme-c3","status":"publish","type":"post","link":"https:\/\/dicodusport.fr\/blog\/ligue-europa-au-bout-du-suspense-le-fc-seville-soffre-une-7eme-c3\/","title":{"rendered":"Ligue Europa : Au bout du suspense, le FC S\u00e9ville s&rsquo;offre une 7\u00e8me C3"},"content":{"rendered":"<p style=\"text-align: justify;\"><em><strong>LIGUE EUROPA &#8211; Rythm\u00e9e et intense pendant plus de 120 minutes, la finale opposant S\u00e9ville \u00e0 Rome est longtemps rest\u00e9e ind\u00e9cise, devant les 70 000 spectateurs de la Puskas Ar\u00e9na. Apr\u00e8s un score de parit\u00e9 \u00e0 l&rsquo;issue des prolongations, la d\u00e9cision s&rsquo;est faite aux tirs au but. \u00c0 ce jeu-l\u00e0, c&rsquo;est S\u00e9ville qui en est sorti vainqueur gr\u00e2ce au dernier tir victorieux de Montiel (1-1 ; 4 tab 2). Les Andalous s&rsquo;offrent un 7\u00e8me titre en C3 en sept finales.\u00a0<\/strong> <\/em><\/p>\n<p style=\"text-align: justify;\">C\u2019est l\u00e0 tout le paradoxe d\u2019une saison de football. Vous pouvez \u00eatre en difficult\u00e9 en championnat et briller dans d\u2019autres comp\u00e9titions. S\u00e9ville en a fait l\u2019exp\u00e9rience. Avec des r\u00e9sultats tr\u00e8s peu convaincants cette ann\u00e9e, l\u00e0 o\u00f9 <strong>Julien Lopetegui<\/strong> et <strong>Jorge Sampaoli<\/strong> ont tour \u00e0 tour pris la porte, les Andalous ont su se remobiliser pour se maintenir en Liga avec leur nouvel entra\u00eeneur <strong>Jos\u00e9 Louis Mendilibar<\/strong>, nomm\u00e9 \u00e0 la fin mars.<\/p>\n<p style=\"text-align: justify;\">En C3, ces derniers ont r\u00e9ussi \u00e0 s\u2019offrir le scalp de <strong>Manchester United<\/strong> et de la <strong>Juventus,<\/strong> respectivement en quarts et demi-finales. En face, Rome, 6<sup>\u00e8me<\/sup> de Serie A \u00e0 une journ\u00e9e du terme de la saison et vainqueur sortant de la C4, a \u00e9limin\u00e9 le <strong>Bayer Leverkusen<\/strong> en demi-finales. <strong>Jos\u00e9 Mourinho<\/strong>, habitu\u00e9 des rendez-vous et vainqueur de nombreux troph\u00e9es avec des \u00e9quipes diff\u00e9rentes, voulait ce soir ajouter une nouvelle ligne \u00e0 son palmar\u00e8s d\u00e9j\u00e0 bien garni.<\/p>\n<h2 style=\"text-align: justify;\">Dybala permet \u00e0 Rome de faire la course en t\u00eate<\/h2>\n<p style=\"text-align: justify;\">Le premier corner est romain, apr\u00e8s une touche bien exploit\u00e9e de Celik sur le c\u00f4t\u00e9 droit. Mais cela ne donne rien (1\u2019). Dans ces premi\u00e8res minutes, la possession de balle est en faveur des <strong>S\u00e9villans<\/strong> qui essayent de se porter vers l\u2019avant. Pourtant, ce sont les hommes de Jos\u00e9 Mourinho qui vont d\u2019abord frapper. Trouv\u00e9 sur la droite, <strong>Dybala<\/strong> redonne le cuir au point de penalty pour <strong>Spinazzola<\/strong> dont sa frappe de l\u2019int\u00e9rieur du pied est repouss\u00e9e par <strong>Bounou<\/strong> (14\u2019).<\/p>\n<p style=\"text-align: justify;\">La Louve met plus d\u2019impact dans les duels qu\u2019elle remporte au milieu du terrain. La d\u00e9fense romaine se montre \u00e9galement disciplin\u00e9e et peu inqui\u00e9t\u00e9e par son adversaire. Les attaquants des deux \u00e9quipes, peu trouv\u00e9s jusqu\u2019\u00e0 pr\u00e9sent, ne peuvent pleinement s\u2019exprimer dans une partie assez terne.<\/p>\n<p style=\"text-align: justify;\">Vient cette action litigieuse, o\u00f9 <strong>Abraham<\/strong> se retrouve au sol dans la surface des Espagnols suite \u00e0 un pied haut de Gudelj. Mais l\u2019arbitre de cette finale, Anthony Taylor, n\u2019accorde pas de penalty (32\u2019). Pas d\u00e9concert\u00e9s pour autant, les hommes en rouge finissent par faire sauter le verrou andalou. <strong>Mancini<\/strong>, depuis l\u2019entre-jeu, lance parfaitement <strong>Dybala<\/strong> sur la gauche. Le buteur argentin croise ensuite du gauche, dans le filet oppos\u00e9 (0-1\u00a0; 35\u2019).<\/p>\n<blockquote class=\"twitter-tweet\">\n<p dir=\"ltr\" lang=\"es\">&lsquo;La Joya&rsquo;<a href=\"https:\/\/twitter.com\/hashtag\/UELfinal?src=hash&amp;ref_src=twsrc%5Etfw\">#UELfinal<\/a> <a href=\"https:\/\/t.co\/EEg2Cp1fb9\">pic.twitter.com\/EEg2Cp1fb9<\/a><\/p>\n<p>\u2014 UEFA Europa League (@EuropaLeague) <a href=\"https:\/\/twitter.com\/EuropaLeague\/status\/1664000726475980801?ref_src=twsrc%5Etfw\">May 31, 2023<\/a><\/p><\/blockquote>\n<p><script async src=\"https:\/\/platform.twitter.com\/widgets.js\" charset=\"utf-8\"><\/script><\/p>\n<p style=\"text-align: justify;\">Les S\u00e9villans tentent de r\u00e9pondre avant la pause, notamment sur corner. Mais le coup de t\u00eate de Fernando passe au-dessus des buts gard\u00e9s par <strong>Rui Patricio<\/strong> (44\u2019). Dans le temps additionnel, et alors que les Espagnols font le si\u00e8ge de la surface romaine, Rakitic d\u00e9coche une puissante frappe \u00e0 25 m\u00e8tres qui fracasse le poteau gauche (45+5\u2019).<\/p>\n<h2 style=\"text-align: justify;\">S\u00e9ville recolle au score<\/h2>\n<p style=\"text-align: justify;\">Sur la lign\u00e9e de leur bonne fin de premi\u00e8re p\u00e9riode, <strong>les S\u00e9villans<\/strong> repartent pied au plancher. Luis Oampos tente d\u2019abord un retourn\u00e9 acrobatique, mais son geste n\u2019est pas maitris\u00e9 (51\u2019). De plus en plus sur le reculoir, les Romains finissent par craquer.<strong> Navas<\/strong> ajuste c\u00f4t\u00e9 droit un bon centre dans les 5,50 m. <strong>Mancini,<\/strong> sous la pression d\u2019Ocampos trompe son propre portier (1-1\u00a0; 55\u2019).<\/p>\n<p style=\"text-align: justify;\">En grande difficult\u00e9, <strong>la Louve<\/strong> s\u2019en remet aux coups de pieds arr\u00eat\u00e9s. Sur l\u2019un d\u2019entre eux, Abraham est \u00e0 la lutte pour prolonger, mais Bounou s\u2019interpose au terme d\u2019un \u00e9norme cafouillage. Ensuite, la frappe d\u2019Ibanez en deuxi\u00e8me intention file \u00e0 c\u00f4t\u00e9 (66\u2019).<\/p>\n<p style=\"text-align: justify;\">L\u2019ancien attaquant de l\u2019OM, <strong>Ocampos,<\/strong>\u00a0croit obtenir un penalty apr\u00e8s une faute d\u2019<strong>Ibanez<\/strong> qui paraissait \u00e9vidente (75\u2019). Mais la VAR vient contredire la premi\u00e8re d\u00e9cision d\u2019Anthony Taylor. Pas de penalty. Rome s\u2019en sort bien. Et ne passe pas tr\u00e8s loin du hold-up. Totalement domin\u00e9s dans ce deuxi\u00e8me acte, les Italiens sont proches de reprendre l\u2019avantage sur un coup franc. Mais <strong>Belotti<\/strong> voit sa frappe \u00eatre d\u00e9tourn\u00e9e par Bounou (84\u2019). En face, l\u2019international marocain <strong>En-Nesyri<\/strong> reprend un centre de la t\u00eate. Mais elle ne prend pas le cadre (90+2\u2019).<\/p>\n<p style=\"text-align: justify;\">La balle de match et de titre, les S\u00e9villans vont l\u2019avoir. La frappe lointaine de Suso est rel\u00e2ch\u00e9e par <strong>Rui Patricio.<\/strong> Derri\u00e8re, le tir de Fernando n\u2019est pas cadr\u00e9 (90+7\u2019).<\/p>\n<h2 style=\"text-align: justify;\">Au bout de la nuit, S\u00e9ville est sacr\u00e9 aux tirs au but<\/h2>\n<p style=\"text-align: justify;\">Loin du rythme effr\u00e9n\u00e9 de la fin de match, les deux formations n\u2019arrivent pas \u00e0 acc\u00e9l\u00e9rer. Pas \u00e9tonnant au vu du rythme et de l\u2019intensit\u00e9 qui ont \u00e9t\u00e9 mis durant les 90 premi\u00e8res minutes. La possession et les semblants de situation restent en faveur des hommes de <strong>Mendilibar<\/strong> en prolongations.<\/p>\n<p style=\"text-align: justify;\">Des occasions justement, il y en a peu. Il faut attendre le second acte pour assister \u00e0 une frappe, celle de <strong>Gudelj<\/strong> qui passe cependant \u00e0 c\u00f4t\u00e9 (107\u2019). L\u2019AS Rome termine mieux et a la possibilit\u00e9 de l\u2019emporter dans le temps additionnel. Sur un ultime corner, <strong>Smalling<\/strong> trouve la barre de Bounou (120+11\u2019). Mais on en restera l\u00e0.<\/p>\n<p style=\"text-align: justify;\">Comme l\u2019an dernier, c\u2019est aux tirs au but que tout s\u2019est jou\u00e9. \u00c0 ce jeu-l\u00e0, S\u00e9ville sort victorieux de l\u2019exercice. C\u2019est <strong>Montiel<\/strong> qui permet aux Andalous d\u2019\u00eatre sacr\u00e9s pour la septi\u00e8me fois de leur histoire en 7 finales disput\u00e9es.<\/p>\n<blockquote class=\"twitter-tweet\">\n<p dir=\"ltr\" lang=\"en\">\u26aa\ud83d\udd34 CAMPEONES! <a href=\"https:\/\/twitter.com\/hashtag\/UELfinal?src=hash&amp;ref_src=twsrc%5Etfw\">#UELfinal<\/a> <a href=\"https:\/\/t.co\/gxMzegqcjE\">pic.twitter.com\/gxMzegqcjE<\/a><\/p>\n<p>\u2014 UEFA Europa League (@EuropaLeague) <a href=\"https:\/\/twitter.com\/EuropaLeague\/status\/1664031743232339968?ref_src=twsrc%5Etfw\">May 31, 2023<\/a><\/p><\/blockquote>\n<p><script async src=\"https:\/\/platform.twitter.com\/widgets.js\" charset=\"utf-8\"><\/script><\/p>\n","protected":false},"excerpt":{"rendered":"<p>LIGUE EUROPA &#8211; A l&rsquo;issue de la s\u00e9ance de tirs au but, le FC S\u00e9ville s&rsquo;adjuge le titre face \u00e0 Rome (1-1 ; 4 tab 2).<\/p>\n","protected":false},"author":56,"featured_media":387036,"comment_status":"open","ping_status":"closed","sticky":false,"template":"","format":"standard","meta":{"_acf_changed":false,"_daextam_enable_autolinks":"","footnotes":""},"categories":[2301],"tags":[6138,16878,75,4437,4915,2761],"class_list":["post-386995","post","type-post","status-publish","format-standard","has-post-thumbnail","hentry","category-football","tag-as-roma","tag-breve","tag-football","tag-ligue-europa","tag-rome","tag-seville"],"acf":[],"yoast_head":"<!-- This site is optimized with the Yoast SEO Premium plugin v26.7 (Yoast SEO v26.7) - https:\/\/yoast.com\/wordpress\/plugins\/seo\/ -->\n<title>Ligue Europa : Au bout du suspense, le FC S\u00e9ville s&#039;offre une 7\u00e8me C3<\/title>\n<meta name=\"description\" content=\"LIGUE EUROPA - A l&#039;issue de la s\u00e9ance de tirs au but, le FC S\u00e9ville s&#039;adjuge le titre face \u00e0 Rome (1-1 ; 4 tab 2).\" \/>\n<meta name=\"robots\" content=\"index, follow, max-snippet:-1, max-image-preview:large, max-video-preview:-1\" \/>\n<link rel=\"canonical\" href=\"https:\/\/dicodusport.fr\/blog\/ligue-europa-au-bout-du-suspense-le-fc-seville-soffre-une-7eme-c3\/\" \/>\n<meta property=\"og:locale\" content=\"fr_FR\" \/>\n<meta property=\"og:type\" content=\"article\" \/>\n<meta property=\"og:title\" content=\"Ligue Europa : Au bout du suspense, le FC S\u00e9ville s&#039;offre une 7\u00e8me C3\" \/>\n<meta property=\"og:description\" content=\"LIGUE EUROPA - A l&#039;issue de la s\u00e9ance de tirs au but, le FC S\u00e9ville s&#039;adjuge le titre face \u00e0 Rome (1-1 ; 4 tab 2).\" \/>\n<meta property=\"og:url\" content=\"https:\/\/dicodusport.fr\/blog\/ligue-europa-au-bout-du-suspense-le-fc-seville-soffre-une-7eme-c3\/\" \/>\n<meta property=\"og:site_name\" content=\"Dicodusport\" \/>\n<meta property=\"article:publisher\" content=\"https:\/\/www.facebook.com\/dicodusport\" \/>\n<meta property=\"article:author\" content=\"https:\/\/www.facebook.com\/antoine.anc.5\" \/>\n<meta property=\"article:published_time\" content=\"2023-05-31T22:07:53+00:00\" \/>\n<meta property=\"article:modified_time\" content=\"2023-06-01T08:56:29+00:00\" \/>\n<meta property=\"og:image\" content=\"https:\/\/dicodusport.fr\/blog\/wp-content\/uploads\/2023\/06\/Ligue-Europa-Au-bout-du-suspense-le-FC-Seville-soffre-une-7eme-C3.png\" \/>\n\t<meta property=\"og:image:width\" content=\"800\" \/>\n\t<meta property=\"og:image:height\" content=\"445\" \/>\n\t<meta property=\"og:image:type\" content=\"image\/png\" \/>\n<meta name=\"author\" content=\"Antoine Ancien\" \/>\n<meta name=\"twitter:card\" content=\"summary_large_image\" \/>\n<meta name=\"twitter:title\" content=\"Ligue Europa : Au bout du suspense, le FC S\u00e9ville s&#039;offre une 7\u00e8me C3\" \/>\n<meta name=\"twitter:creator\" content=\"@dicodusport\" \/>\n<meta name=\"twitter:site\" content=\"@dicodusport\" \/>\n<script type=\"application\/ld+json\" class=\"yoast-schema-graph\">{\"@context\":\"https:\/\/schema.org\",\"@graph\":[{\"@type\":\"NewsArticle\",\"@id\":\"https:\/\/dicodusport.fr\/blog\/ligue-europa-au-bout-du-suspense-le-fc-seville-soffre-une-7eme-c3\/#article\",\"isPartOf\":{\"@id\":\"https:\/\/dicodusport.fr\/blog\/ligue-europa-au-bout-du-suspense-le-fc-seville-soffre-une-7eme-c3\/\"},\"author\":{\"name\":\"Antoine Ancien\",\"@id\":\"https:\/\/dicodusport.fr\/blog\/#\/schema\/person\/9fda0d458293182a5e104fbfcf4cc34a\"},\"headline\":\"Ligue Europa : Au bout du suspense, le FC S\u00e9ville s&rsquo;offre une 7\u00e8me C3\",\"datePublished\":\"2023-05-31T22:07:53+00:00\",\"dateModified\":\"2023-06-01T08:56:29+00:00\",\"mainEntityOfPage\":{\"@id\":\"https:\/\/dicodusport.fr\/blog\/ligue-europa-au-bout-du-suspense-le-fc-seville-soffre-une-7eme-c3\/\"},\"wordCount\":1000,\"commentCount\":0,\"publisher\":{\"@id\":\"https:\/\/dicodusport.fr\/blog\/#organization\"},\"image\":{\"@id\":\"https:\/\/dicodusport.fr\/blog\/ligue-europa-au-bout-du-suspense-le-fc-seville-soffre-une-7eme-c3\/#primaryimage\"},\"thumbnailUrl\":\"https:\/\/dicodusport.fr\/blog\/wp-content\/uploads\/2023\/06\/Ligue-Europa-Au-bout-du-suspense-le-FC-Seville-soffre-une-7eme-C3.png\",\"keywords\":[\"As Roma\",\"br\u00e8ve\",\"Football\",\"Ligue Europa\",\"Rome\",\"S\u00e9ville\"],\"articleSection\":[\"Football\"],\"inLanguage\":\"fr-FR\",\"potentialAction\":[{\"@type\":\"CommentAction\",\"name\":\"Comment\",\"target\":[\"https:\/\/dicodusport.fr\/blog\/ligue-europa-au-bout-du-suspense-le-fc-seville-soffre-une-7eme-c3\/#respond\"]}],\"copyrightYear\":\"2023\",\"copyrightHolder\":{\"@id\":\"https:\/\/dicodusport.fr\/blog\/#organization\"}},{\"@type\":\"WebPage\",\"@id\":\"https:\/\/dicodusport.fr\/blog\/ligue-europa-au-bout-du-suspense-le-fc-seville-soffre-une-7eme-c3\/\",\"url\":\"https:\/\/dicodusport.fr\/blog\/ligue-europa-au-bout-du-suspense-le-fc-seville-soffre-une-7eme-c3\/\",\"name\":\"Ligue Europa : Au bout du suspense, le FC S\u00e9ville s'offre une 7\u00e8me C3\",\"isPartOf\":{\"@id\":\"https:\/\/dicodusport.fr\/blog\/#website\"},\"primaryImageOfPage\":{\"@id\":\"https:\/\/dicodusport.fr\/blog\/ligue-europa-au-bout-du-suspense-le-fc-seville-soffre-une-7eme-c3\/#primaryimage\"},\"image\":{\"@id\":\"https:\/\/dicodusport.fr\/blog\/ligue-europa-au-bout-du-suspense-le-fc-seville-soffre-une-7eme-c3\/#primaryimage\"},\"thumbnailUrl\":\"https:\/\/dicodusport.fr\/blog\/wp-content\/uploads\/2023\/06\/Ligue-Europa-Au-bout-du-suspense-le-FC-Seville-soffre-une-7eme-C3.png\",\"datePublished\":\"2023-05-31T22:07:53+00:00\",\"dateModified\":\"2023-06-01T08:56:29+00:00\",\"description\":\"LIGUE EUROPA - A l'issue de la s\u00e9ance de tirs au but, le FC S\u00e9ville s'adjuge le titre face \u00e0 Rome (1-1 ; 4 tab 2).\",\"breadcrumb\":{\"@id\":\"https:\/\/dicodusport.fr\/blog\/ligue-europa-au-bout-du-suspense-le-fc-seville-soffre-une-7eme-c3\/#breadcrumb\"},\"inLanguage\":\"fr-FR\",\"potentialAction\":[{\"@type\":\"ReadAction\",\"target\":[\"https:\/\/dicodusport.fr\/blog\/ligue-europa-au-bout-du-suspense-le-fc-seville-soffre-une-7eme-c3\/\"]}]},{\"@type\":\"ImageObject\",\"inLanguage\":\"fr-FR\",\"@id\":\"https:\/\/dicodusport.fr\/blog\/ligue-europa-au-bout-du-suspense-le-fc-seville-soffre-une-7eme-c3\/#primaryimage\",\"url\":\"https:\/\/dicodusport.fr\/blog\/wp-content\/uploads\/2023\/06\/Ligue-Europa-Au-bout-du-suspense-le-FC-Seville-soffre-une-7eme-C3.png\",\"contentUrl\":\"https:\/\/dicodusport.fr\/blog\/wp-content\/uploads\/2023\/06\/Ligue-Europa-Au-bout-du-suspense-le-FC-Seville-soffre-une-7eme-C3.png\",\"width\":800,\"height\":445,\"caption\":\"Ligue Europa Au bout du suspense, le FC S\u00e9ville s'offre une 7\u00e8me C3\"},{\"@type\":\"BreadcrumbList\",\"@id\":\"https:\/\/dicodusport.fr\/blog\/ligue-europa-au-bout-du-suspense-le-fc-seville-soffre-une-7eme-c3\/#breadcrumb\",\"itemListElement\":[{\"@type\":\"ListItem\",\"position\":1,\"name\":\"Accueil\",\"item\":\"https:\/\/dicodusport.fr\/blog\/\"},{\"@type\":\"ListItem\",\"position\":2,\"name\":\"Ligue Europa : Au bout du suspense, le FC S\u00e9ville s&rsquo;offre une 7\u00e8me C3\"}]},{\"@type\":\"WebSite\",\"@id\":\"https:\/\/dicodusport.fr\/blog\/#website\",\"url\":\"https:\/\/dicodusport.fr\/blog\/\",\"name\":\"Dicodusport\",\"description\":\"L&#039;encyclop\u00e9die de l&#039;actualit\u00e9 sportive\",\"publisher\":{\"@id\":\"https:\/\/dicodusport.fr\/blog\/#organization\"},\"potentialAction\":[{\"@type\":\"SearchAction\",\"target\":{\"@type\":\"EntryPoint\",\"urlTemplate\":\"https:\/\/dicodusport.fr\/blog\/?s={search_term_string}\"},\"query-input\":{\"@type\":\"PropertyValueSpecification\",\"valueRequired\":true,\"valueName\":\"search_term_string\"}}],\"inLanguage\":\"fr-FR\"},{\"@type\":\"NewsMediaOrganization\",\"@id\":\"https:\/\/dicodusport.fr\/blog\/#organization\",\"name\":\"Dicodusport\",\"url\":\"https:\/\/dicodusport.fr\/blog\/\",\"logo\":{\"@type\":\"ImageObject\",\"inLanguage\":\"fr-FR\",\"@id\":\"https:\/\/dicodusport.fr\/blog\/#\/schema\/logo\/image\/\",\"url\":\"https:\/\/dicodusport.fr\/blog\/wp-content\/uploads\/2020\/06\/cropped-LOGO-DICODUSPORT-2020-SANS-FOND-SANS-TEXTE.png\",\"contentUrl\":\"https:\/\/dicodusport.fr\/blog\/wp-content\/uploads\/2020\/06\/cropped-LOGO-DICODUSPORT-2020-SANS-FOND-SANS-TEXTE.png\",\"width\":512,\"height\":512,\"caption\":\"Dicodusport\"},\"image\":{\"@id\":\"https:\/\/dicodusport.fr\/blog\/#\/schema\/logo\/image\/\"},\"sameAs\":[\"https:\/\/www.facebook.com\/dicodusport\",\"https:\/\/x.com\/dicodusport\",\"https:\/\/www.instagram.com\/dicodusport\/\",\"https:\/\/www.youtube.com\/channel\/UC7V2KZ5sd3htJivAbA4ZG3w\"],\"description\":\"Dicodusport est l'encyclop\u00e9die de l'actualit\u00e9 sportive.\",\"email\":\"bonjour@dicodusport.fr\",\"legalName\":\"DICODUSPORT\",\"foundingDate\":\"2018-01-14\",\"vatID\":\"FR71834470973\",\"taxID\":\"83447097300043\",\"numberOfEmployees\":{\"@type\":\"QuantitativeValue\",\"minValue\":\"1\",\"maxValue\":\"10\"}},{\"@type\":\"Person\",\"@id\":\"https:\/\/dicodusport.fr\/blog\/#\/schema\/person\/9fda0d458293182a5e104fbfcf4cc34a\",\"name\":\"Antoine Ancien\",\"image\":{\"@type\":\"ImageObject\",\"inLanguage\":\"fr-FR\",\"@id\":\"https:\/\/dicodusport.fr\/blog\/#\/schema\/person\/image\/\",\"url\":\"https:\/\/dicodusport.fr\/blog\/wp-content\/uploads\/2022\/06\/RoundPhoto_Sep252021_144212-1-150x150.png\",\"contentUrl\":\"https:\/\/dicodusport.fr\/blog\/wp-content\/uploads\/2022\/06\/RoundPhoto_Sep252021_144212-1-150x150.png\",\"caption\":\"Antoine Ancien\"},\"description\":\"Journaliste\/r\u00e9dacteur depuis mai 2021 - Coupe de monde de football, Roland-Garros, 24h du Mans autos...Qu'importe la comp\u00e9tition sportive, je vis le sport \u00e0 chaque instant de l'ann\u00e9e. Passionn\u00e9 depuis l'adolescence par son histoire, ses enjeux ainsi que par le milieu du journalisme, c'est en toute logique que j'ai d\u00e9cid\u00e9 de rejoindre l'aventure Dicodusport. Mon but ? Vous transmettre ma fi\u00e8vre sur chacune des disciplines.\",\"sameAs\":[\"https:\/\/www.facebook.com\/antoine.anc.5\",\"https:\/\/www.linkedin.com\/in\/antoine-ancien-04b0631a1\/\"],\"url\":\"https:\/\/dicodusport.fr\/blog\/author\/antoinea\/\"}]}<\/script>\n<!-- \/ Yoast SEO Premium plugin. -->","yoast_head_json":{"title":"Ligue Europa : Au bout du suspense, le FC S\u00e9ville s'offre une 7\u00e8me C3","description":"LIGUE EUROPA - A l'issue de la s\u00e9ance de tirs au but, le FC S\u00e9ville s'adjuge le titre face \u00e0 Rome (1-1 ; 4 tab 2).","robots":{"index":"index","follow":"follow","max-snippet":"max-snippet:-1","max-image-preview":"max-image-preview:large","max-video-preview":"max-video-preview:-1"},"canonical":"https:\/\/dicodusport.fr\/blog\/ligue-europa-au-bout-du-suspense-le-fc-seville-soffre-une-7eme-c3\/","og_locale":"fr_FR","og_type":"article","og_title":"Ligue Europa : Au bout du suspense, le FC S\u00e9ville s'offre une 7\u00e8me C3","og_description":"LIGUE EUROPA - A l'issue de la s\u00e9ance de tirs au but, le FC S\u00e9ville s'adjuge le titre face \u00e0 Rome (1-1 ; 4 tab 2).","og_url":"https:\/\/dicodusport.fr\/blog\/ligue-europa-au-bout-du-suspense-le-fc-seville-soffre-une-7eme-c3\/","og_site_name":"Dicodusport","article_publisher":"https:\/\/www.facebook.com\/dicodusport","article_author":"https:\/\/www.facebook.com\/antoine.anc.5","article_published_time":"2023-05-31T22:07:53+00:00","article_modified_time":"2023-06-01T08:56:29+00:00","og_image":[{"width":800,"height":445,"url":"https:\/\/dicodusport.fr\/blog\/wp-content\/uploads\/2023\/06\/Ligue-Europa-Au-bout-du-suspense-le-FC-Seville-soffre-une-7eme-C3.png","type":"image\/png"}],"author":"Antoine Ancien","twitter_card":"summary_large_image","twitter_title":"Ligue Europa : Au bout du suspense, le FC S\u00e9ville s'offre une 7\u00e8me C3","twitter_creator":"@dicodusport","twitter_site":"@dicodusport","schema":{"@context":"https:\/\/schema.org","@graph":[{"@type":"NewsArticle","@id":"https:\/\/dicodusport.fr\/blog\/ligue-europa-au-bout-du-suspense-le-fc-seville-soffre-une-7eme-c3\/#article","isPartOf":{"@id":"https:\/\/dicodusport.fr\/blog\/ligue-europa-au-bout-du-suspense-le-fc-seville-soffre-une-7eme-c3\/"},"author":{"name":"Antoine Ancien","@id":"https:\/\/dicodusport.fr\/blog\/#\/schema\/person\/9fda0d458293182a5e104fbfcf4cc34a"},"headline":"Ligue Europa : Au bout du suspense, le FC S\u00e9ville s&rsquo;offre une 7\u00e8me C3","datePublished":"2023-05-31T22:07:53+00:00","dateModified":"2023-06-01T08:56:29+00:00","mainEntityOfPage":{"@id":"https:\/\/dicodusport.fr\/blog\/ligue-europa-au-bout-du-suspense-le-fc-seville-soffre-une-7eme-c3\/"},"wordCount":1000,"commentCount":0,"publisher":{"@id":"https:\/\/dicodusport.fr\/blog\/#organization"},"image":{"@id":"https:\/\/dicodusport.fr\/blog\/ligue-europa-au-bout-du-suspense-le-fc-seville-soffre-une-7eme-c3\/#primaryimage"},"thumbnailUrl":"https:\/\/dicodusport.fr\/blog\/wp-content\/uploads\/2023\/06\/Ligue-Europa-Au-bout-du-suspense-le-FC-Seville-soffre-une-7eme-C3.png","keywords":["As Roma","br\u00e8ve","Football","Ligue Europa","Rome","S\u00e9ville"],"articleSection":["Football"],"inLanguage":"fr-FR","potentialAction":[{"@type":"CommentAction","name":"Comment","target":["https:\/\/dicodusport.fr\/blog\/ligue-europa-au-bout-du-suspense-le-fc-seville-soffre-une-7eme-c3\/#respond"]}],"copyrightYear":"2023","copyrightHolder":{"@id":"https:\/\/dicodusport.fr\/blog\/#organization"}},{"@type":"WebPage","@id":"https:\/\/dicodusport.fr\/blog\/ligue-europa-au-bout-du-suspense-le-fc-seville-soffre-une-7eme-c3\/","url":"https:\/\/dicodusport.fr\/blog\/ligue-europa-au-bout-du-suspense-le-fc-seville-soffre-une-7eme-c3\/","name":"Ligue Europa : Au bout du suspense, le FC S\u00e9ville s'offre une 7\u00e8me C3","isPartOf":{"@id":"https:\/\/dicodusport.fr\/blog\/#website"},"primaryImageOfPage":{"@id":"https:\/\/dicodusport.fr\/blog\/ligue-europa-au-bout-du-suspense-le-fc-seville-soffre-une-7eme-c3\/#primaryimage"},"image":{"@id":"https:\/\/dicodusport.fr\/blog\/ligue-europa-au-bout-du-suspense-le-fc-seville-soffre-une-7eme-c3\/#primaryimage"},"thumbnailUrl":"https:\/\/dicodusport.fr\/blog\/wp-content\/uploads\/2023\/06\/Ligue-Europa-Au-bout-du-suspense-le-FC-Seville-soffre-une-7eme-C3.png","datePublished":"2023-05-31T22:07:53+00:00","dateModified":"2023-06-01T08:56:29+00:00","description":"LIGUE EUROPA - A l'issue de la s\u00e9ance de tirs au but, le FC S\u00e9ville s'adjuge le titre face \u00e0 Rome (1-1 ; 4 tab 2).","breadcrumb":{"@id":"https:\/\/dicodusport.fr\/blog\/ligue-europa-au-bout-du-suspense-le-fc-seville-soffre-une-7eme-c3\/#breadcrumb"},"inLanguage":"fr-FR","potentialAction":[{"@type":"ReadAction","target":["https:\/\/dicodusport.fr\/blog\/ligue-europa-au-bout-du-suspense-le-fc-seville-soffre-une-7eme-c3\/"]}]},{"@type":"ImageObject","inLanguage":"fr-FR","@id":"https:\/\/dicodusport.fr\/blog\/ligue-europa-au-bout-du-suspense-le-fc-seville-soffre-une-7eme-c3\/#primaryimage","url":"https:\/\/dicodusport.fr\/blog\/wp-content\/uploads\/2023\/06\/Ligue-Europa-Au-bout-du-suspense-le-FC-Seville-soffre-une-7eme-C3.png","contentUrl":"https:\/\/dicodusport.fr\/blog\/wp-content\/uploads\/2023\/06\/Ligue-Europa-Au-bout-du-suspense-le-FC-Seville-soffre-une-7eme-C3.png","width":800,"height":445,"caption":"Ligue Europa Au bout du suspense, le FC S\u00e9ville s'offre une 7\u00e8me C3"},{"@type":"BreadcrumbList","@id":"https:\/\/dicodusport.fr\/blog\/ligue-europa-au-bout-du-suspense-le-fc-seville-soffre-une-7eme-c3\/#breadcrumb","itemListElement":[{"@type":"ListItem","position":1,"name":"Accueil","item":"https:\/\/dicodusport.fr\/blog\/"},{"@type":"ListItem","position":2,"name":"Ligue Europa : Au bout du suspense, le FC S\u00e9ville s&rsquo;offre une 7\u00e8me C3"}]},{"@type":"WebSite","@id":"https:\/\/dicodusport.fr\/blog\/#website","url":"https:\/\/dicodusport.fr\/blog\/","name":"Dicodusport","description":"L&#039;encyclop\u00e9die de l&#039;actualit\u00e9 sportive","publisher":{"@id":"https:\/\/dicodusport.fr\/blog\/#organization"},"potentialAction":[{"@type":"SearchAction","target":{"@type":"EntryPoint","urlTemplate":"https:\/\/dicodusport.fr\/blog\/?s={search_term_string}"},"query-input":{"@type":"PropertyValueSpecification","valueRequired":true,"valueName":"search_term_string"}}],"inLanguage":"fr-FR"},{"@type":"NewsMediaOrganization","@id":"https:\/\/dicodusport.fr\/blog\/#organization","name":"Dicodusport","url":"https:\/\/dicodusport.fr\/blog\/","logo":{"@type":"ImageObject","inLanguage":"fr-FR","@id":"https:\/\/dicodusport.fr\/blog\/#\/schema\/logo\/image\/","url":"https:\/\/dicodusport.fr\/blog\/wp-content\/uploads\/2020\/06\/cropped-LOGO-DICODUSPORT-2020-SANS-FOND-SANS-TEXTE.png","contentUrl":"https:\/\/dicodusport.fr\/blog\/wp-content\/uploads\/2020\/06\/cropped-LOGO-DICODUSPORT-2020-SANS-FOND-SANS-TEXTE.png","width":512,"height":512,"caption":"Dicodusport"},"image":{"@id":"https:\/\/dicodusport.fr\/blog\/#\/schema\/logo\/image\/"},"sameAs":["https:\/\/www.facebook.com\/dicodusport","https:\/\/x.com\/dicodusport","https:\/\/www.instagram.com\/dicodusport\/","https:\/\/www.youtube.com\/channel\/UC7V2KZ5sd3htJivAbA4ZG3w"],"description":"Dicodusport est l'encyclop\u00e9die de l'actualit\u00e9 sportive.","email":"bonjour@dicodusport.fr","legalName":"DICODUSPORT","foundingDate":"2018-01-14","vatID":"FR71834470973","taxID":"83447097300043","numberOfEmployees":{"@type":"QuantitativeValue","minValue":"1","maxValue":"10"}},{"@type":"Person","@id":"https:\/\/dicodusport.fr\/blog\/#\/schema\/person\/9fda0d458293182a5e104fbfcf4cc34a","name":"Antoine Ancien","image":{"@type":"ImageObject","inLanguage":"fr-FR","@id":"https:\/\/dicodusport.fr\/blog\/#\/schema\/person\/image\/","url":"https:\/\/dicodusport.fr\/blog\/wp-content\/uploads\/2022\/06\/RoundPhoto_Sep252021_144212-1-150x150.png","contentUrl":"https:\/\/dicodusport.fr\/blog\/wp-content\/uploads\/2022\/06\/RoundPhoto_Sep252021_144212-1-150x150.png","caption":"Antoine Ancien"},"description":"Journaliste\/r\u00e9dacteur depuis mai 2021 - Coupe de monde de football, Roland-Garros, 24h du Mans autos...Qu'importe la comp\u00e9tition sportive, je vis le sport \u00e0 chaque instant de l'ann\u00e9e. Passionn\u00e9 depuis l'adolescence par son histoire, ses enjeux ainsi que par le milieu du journalisme, c'est en toute logique que j'ai d\u00e9cid\u00e9 de rejoindre l'aventure Dicodusport. Mon but ? Vous transmettre ma fi\u00e8vre sur chacune des disciplines.","sameAs":["https:\/\/www.facebook.com\/antoine.anc.5","https:\/\/www.linkedin.com\/in\/antoine-ancien-04b0631a1\/"],"url":"https:\/\/dicodusport.fr\/blog\/author\/antoinea\/"}]}},"_links":{"self":[{"href":"https:\/\/dicodusport.fr\/blog\/wp-json\/wp\/v2\/posts\/386995","targetHints":{"allow":["GET"]}}],"collection":[{"href":"https:\/\/dicodusport.fr\/blog\/wp-json\/wp\/v2\/posts"}],"about":[{"href":"https:\/\/dicodusport.fr\/blog\/wp-json\/wp\/v2\/types\/post"}],"author":[{"embeddable":true,"href":"https:\/\/dicodusport.fr\/blog\/wp-json\/wp\/v2\/users\/56"}],"replies":[{"embeddable":true,"href":"https:\/\/dicodusport.fr\/blog\/wp-json\/wp\/v2\/comments?post=386995"}],"version-history":[{"count":0,"href":"https:\/\/dicodusport.fr\/blog\/wp-json\/wp\/v2\/posts\/386995\/revisions"}],"wp:featuredmedia":[{"embeddable":true,"href":"https:\/\/dicodusport.fr\/blog\/wp-json\/wp\/v2\/media\/387036"}],"wp:attachment":[{"href":"https:\/\/dicodusport.fr\/blog\/wp-json\/wp\/v2\/media?parent=386995"}],"wp:term":[{"taxonomy":"category","embeddable":true,"href":"https:\/\/dicodusport.fr\/blog\/wp-json\/wp\/v2\/categories?post=386995"},{"taxonomy":"post_tag","embeddable":true,"href":"https:\/\/dicodusport.fr\/blog\/wp-json\/wp\/v2\/tags?post=386995"}],"curies":[{"name":"wp","href":"https:\/\/api.w.org\/{rel}","templated":true}]}}