{"id":387085,"date":"2023-06-01T09:56:23","date_gmt":"2023-06-01T07:56:23","guid":{"rendered":"https:\/\/dicodusport.fr\/blog\/?p=387085&#038;preview=true&#038;preview_id=387085"},"modified":"2023-06-01T10:10:06","modified_gmt":"2023-06-01T08:10:06","slug":"rugby-a-xv-la-selection-des-u20-francais-pour-la-coupe-du-monde","status":"publish","type":"post","link":"https:\/\/dicodusport.fr\/blog\/rugby-a-xv-la-selection-des-u20-francais-pour-la-coupe-du-monde\/","title":{"rendered":"Rugby \u00e0 XV : La s\u00e9lection des U20 fran\u00e7ais pour la Coupe du monde"},"content":{"rendered":"<p style=\"text-align: justify;\" align=\"justify\"><em><strong>COUPE DU MONDE U20 DE RUGBY &#8211; Double tenante du titre, la France ira d\u00e9fendre son troph\u00e9e en Afrique du Sud avec un groupe de 30 joueurs, mais quelques absents de marque.<\/strong><\/em><\/p>\n<p style=\"text-align: justify;\" align=\"justify\">Voil\u00e0 quatre ans que la Coupe du monde U20 n&rsquo;a pas eu lieu pour cause de Covid, entre autres. La France a remport\u00e9 le titre en 2018 et 2019, et remettra donc le troph\u00e9e en jeu du 24 juin au 15 juillet prochain en Afrique du Sud. Apr\u00e8s un <a href=\"https:\/\/dicodusport.fr\/blog\/6-nations-u20-2023-calendrier-resultats-et-classement\/\">Tournoi des 6 Nations prometteur<\/a>, les Bleuets feront partie des favoris.<\/p>\n<p style=\"text-align: justify;\" align=\"justify\">N\u00e9anmoins, il y a deux absents de marque : <strong>Louis Bielle-Biarrey<\/strong> et le capitaine <strong>\u00c9milien Gailleton<\/strong>. Une absence expliqu\u00e9e sur le site de la FFR par le s\u00e9lectionneur <strong>S\u00e9bastien Calvet.<\/strong> <em>\u00a0<\/em><\/p>\n<blockquote>\n<p align=\"justify\">Nous tenons \u00e0 exprimer la fiert\u00e9 de notre formation fran\u00e7aise en ce qui concerne Emilien Gailleton et Louis Bielle Biarey. Ces deux joueurs restent \u00e0 la disposition du XV de France pour pr\u00e9parer l\u2019\u00e9v\u00e9nement majeur de cette fin d\u2019ann\u00e9e, la Coupe du monde 2023, en France.<\/p>\n<\/blockquote>\n<p style=\"text-align: justify;\" align=\"justify\">Malgr\u00e9 ces deux absents de marque, la s\u00e9lection a fi\u00e8re allure.<\/p>\n<h2 style=\"text-align: justify;\" align=\"justify\">La s\u00e9lection fran\u00e7aise<\/h2>\n<p style=\"text-align: justify;\" align=\"justify\">AFFANE Zaccharie (Union Bordeaux-B\u00e8gles) &#8211; ATTISSOGBE Th\u00e9o (Section Paloise) &#8211; AURADOU Hugo (Section Paloise) &#8211; CAPILLA Esteban (Aviron Bayonnais) &#8211; CARBONNEAU L\u00e9o (CA Brive) &#8211; CASTRO FERREIRA Mathis (Stade Toulousain) &#8211; COSTES Paul (Stade Toulousain) -DARRICARRERE L\u00e9on (ASM Clermont Auvergne) &#8211; DEPOORTERE Nicolas (Union Bordeaux-B\u00e8gles) &#8211; DROUET L\u00e9o (Provence Rugby)<\/p>\n<p style=\"text-align: justify;\" align=\"justify\">DUCHENE Thomas (ASM Clermont Auvergne) &#8211; FERT\u00c9 Mathis (CA Brive) &#8211; GAZZOTTI Marko (FC Grenoble Rugby) -JAUNEAU Baptiste (ASM Clermont Auvergne) &#8211; JEGOU Oscar (Stade Rochelais) &#8211; JOUVIN Pierre (SU Agen) &#8211; JULIEN Lino (Racing 92) &#8211; KADDOURI Alexandre (Stade Rochelais) &#8211; LACOMBRE Thomas (Stade Toulousain) &#8211; LIUFAU Brent (Section Paloise)<\/p>\n<p style=\"text-align: justify;\" align=\"justify\">MASSA Barnab\u00e9 (FC Grenoble) &#8211; MATHIRON Arthur (Lyon OU) &#8211; MONDINAT Cl\u00e9ment (Section Paloise) &#8211; MOUSTIN Ma\u00ebl (Union Bordeaux-B\u00e8gles) &#8211; NOUCHI Lenni (Montpellier HR) &#8211; PENVERNE Louis (Stade Rochelais) &#8211; REUS Hugo (Stade Rochelais) &#8211; TIMO Andy (RC Massy Essonne) &#8211; TUILAGI Posolo (USA Perpignan) &#8211; ZINZEN Noah (Racing 92)<\/p>\n<blockquote class=\"twitter-tweet\">\n<p dir=\"ltr\" lang=\"fr\">\ud83d\udd34 Le groupe des U20 pour les Championnats du Monde en Afrique du Sud ! \ud83c\udfc9<\/p>\n<p>Le capitaine \u00c9milien Gailleton absent de la liste ! <a href=\"https:\/\/t.co\/i3jm4ZoxBt\">pic.twitter.com\/i3jm4ZoxBt<\/a><\/p>\n<p>\u2014 Antoine Maz\u00e8re (@MazereAntoine) <a href=\"https:\/\/twitter.com\/MazereAntoine\/status\/1664174220014698498?ref_src=twsrc%5Etfw\">June 1, 2023<\/a><\/p><\/blockquote>\n<p style=\"text-align: justify;\"><script async src=\"https:\/\/platform.twitter.com\/widgets.js\" charset=\"utf-8\"><\/script><\/p>\n","protected":false},"excerpt":{"rendered":"<p>COUPE DU MONDE U20 DE RUGBY &#8211; Double tenante du titre, la France ira d\u00e9fendre son troph\u00e9e en Afrique du Sud avec un groupe de 30 joueurs, mais quelques absents de marque.<\/p>\n","protected":false},"author":59,"featured_media":387096,"comment_status":"open","ping_status":"closed","sticky":false,"template":"","format":"standard","meta":{"_acf_changed":false,"_daextam_enable_autolinks":"","footnotes":""},"categories":[9129],"tags":[16878,5203,25012,110],"class_list":["post-387085","post","type-post","status-publish","format-standard","has-post-thumbnail","hentry","category-rugby-a-xv","tag-breve","tag-coupe-du-monde-u20-rugby","tag-equipe-de-france-u20-de-rugby","tag-rugby-a-xv"],"acf":[],"yoast_head":"<!-- This site is optimized with the Yoast SEO Premium plugin v26.7 (Yoast SEO v26.7) - https:\/\/yoast.com\/wordpress\/plugins\/seo\/ -->\n<title>Rugby \u00e0 XV : La s\u00e9lection des U20 fran\u00e7ais pour la Coupe du monde<\/title>\n<meta name=\"description\" content=\"COUPE DU MONDE U20 DE RUGBY - la France ira d\u00e9fendre son troph\u00e9e en Afrique du Sud avec un groupe de 30 joueurs.\" \/>\n<meta name=\"robots\" content=\"index, follow, max-snippet:-1, max-image-preview:large, max-video-preview:-1\" \/>\n<link rel=\"canonical\" href=\"https:\/\/dicodusport.fr\/blog\/rugby-a-xv-la-selection-des-u20-francais-pour-la-coupe-du-monde\/\" \/>\n<meta property=\"og:locale\" content=\"fr_FR\" \/>\n<meta property=\"og:type\" content=\"article\" \/>\n<meta property=\"og:title\" content=\"Rugby \u00e0 XV : La s\u00e9lection des U20 fran\u00e7ais pour la Coupe du monde\" \/>\n<meta property=\"og:description\" content=\"COUPE DU MONDE U20 DE RUGBY - la France ira d\u00e9fendre son troph\u00e9e en Afrique du Sud avec un groupe de 30 joueurs.\" \/>\n<meta property=\"og:url\" content=\"https:\/\/dicodusport.fr\/blog\/rugby-a-xv-la-selection-des-u20-francais-pour-la-coupe-du-monde\/\" \/>\n<meta property=\"og:site_name\" content=\"Dicodusport\" \/>\n<meta property=\"article:publisher\" content=\"https:\/\/www.facebook.com\/dicodusport\" \/>\n<meta property=\"article:author\" content=\"https:\/\/www.facebook.com\/sebastien.gente\/\" \/>\n<meta property=\"article:published_time\" content=\"2023-06-01T07:56:23+00:00\" \/>\n<meta property=\"article:modified_time\" content=\"2023-06-01T08:10:06+00:00\" \/>\n<meta property=\"og:image\" content=\"https:\/\/dicodusport.fr\/blog\/wp-content\/uploads\/2023\/06\/Rugby-a-XV-La-selection-des-U20-francais-pour-la-Coupe-du-monde.png\" \/>\n\t<meta property=\"og:image:width\" content=\"800\" \/>\n\t<meta property=\"og:image:height\" content=\"445\" \/>\n\t<meta property=\"og:image:type\" content=\"image\/png\" \/>\n<meta name=\"author\" content=\"S\u00e9bastien Gente\" \/>\n<meta name=\"twitter:card\" content=\"summary_large_image\" \/>\n<meta name=\"twitter:title\" content=\"Rugby \u00e0 XV : La s\u00e9lection des U20 fran\u00e7ais pour la Coupe du monde\" \/>\n<meta name=\"twitter:creator\" content=\"@https:\/\/twitter.com\/globulo24\" \/>\n<meta name=\"twitter:site\" content=\"@dicodusport\" \/>\n<script type=\"application\/ld+json\" class=\"yoast-schema-graph\">{\"@context\":\"https:\/\/schema.org\",\"@graph\":[{\"@type\":\"NewsArticle\",\"@id\":\"https:\/\/dicodusport.fr\/blog\/rugby-a-xv-la-selection-des-u20-francais-pour-la-coupe-du-monde\/#article\",\"isPartOf\":{\"@id\":\"https:\/\/dicodusport.fr\/blog\/rugby-a-xv-la-selection-des-u20-francais-pour-la-coupe-du-monde\/\"},\"author\":{\"name\":\"S\u00e9bastien Gente\",\"@id\":\"https:\/\/dicodusport.fr\/blog\/#\/schema\/person\/627966a6cde45dbd8c5e36ac85d783da\"},\"headline\":\"Rugby \u00e0 XV : La s\u00e9lection des U20 fran\u00e7ais pour la Coupe du monde\",\"datePublished\":\"2023-06-01T07:56:23+00:00\",\"dateModified\":\"2023-06-01T08:10:06+00:00\",\"mainEntityOfPage\":{\"@id\":\"https:\/\/dicodusport.fr\/blog\/rugby-a-xv-la-selection-des-u20-francais-pour-la-coupe-du-monde\/\"},\"wordCount\":395,\"commentCount\":0,\"publisher\":{\"@id\":\"https:\/\/dicodusport.fr\/blog\/#organization\"},\"image\":{\"@id\":\"https:\/\/dicodusport.fr\/blog\/rugby-a-xv-la-selection-des-u20-francais-pour-la-coupe-du-monde\/#primaryimage\"},\"thumbnailUrl\":\"https:\/\/dicodusport.fr\/blog\/wp-content\/uploads\/2023\/06\/Rugby-a-XV-La-selection-des-U20-francais-pour-la-Coupe-du-monde.png\",\"keywords\":[\"br\u00e8ve\",\"Coupe du monde U20 rugby\",\"\u00e9quipe de France U20 de rugby\",\"Rugby \u00e0 XV\"],\"articleSection\":[\"Rugby \u00e0 XV\"],\"inLanguage\":\"fr-FR\",\"potentialAction\":[{\"@type\":\"CommentAction\",\"name\":\"Comment\",\"target\":[\"https:\/\/dicodusport.fr\/blog\/rugby-a-xv-la-selection-des-u20-francais-pour-la-coupe-du-monde\/#respond\"]}],\"copyrightYear\":\"2023\",\"copyrightHolder\":{\"@id\":\"https:\/\/dicodusport.fr\/blog\/#organization\"}},{\"@type\":\"WebPage\",\"@id\":\"https:\/\/dicodusport.fr\/blog\/rugby-a-xv-la-selection-des-u20-francais-pour-la-coupe-du-monde\/\",\"url\":\"https:\/\/dicodusport.fr\/blog\/rugby-a-xv-la-selection-des-u20-francais-pour-la-coupe-du-monde\/\",\"name\":\"Rugby \u00e0 XV : La s\u00e9lection des U20 fran\u00e7ais pour la Coupe du monde\",\"isPartOf\":{\"@id\":\"https:\/\/dicodusport.fr\/blog\/#website\"},\"primaryImageOfPage\":{\"@id\":\"https:\/\/dicodusport.fr\/blog\/rugby-a-xv-la-selection-des-u20-francais-pour-la-coupe-du-monde\/#primaryimage\"},\"image\":{\"@id\":\"https:\/\/dicodusport.fr\/blog\/rugby-a-xv-la-selection-des-u20-francais-pour-la-coupe-du-monde\/#primaryimage\"},\"thumbnailUrl\":\"https:\/\/dicodusport.fr\/blog\/wp-content\/uploads\/2023\/06\/Rugby-a-XV-La-selection-des-U20-francais-pour-la-Coupe-du-monde.png\",\"datePublished\":\"2023-06-01T07:56:23+00:00\",\"dateModified\":\"2023-06-01T08:10:06+00:00\",\"description\":\"COUPE DU MONDE U20 DE RUGBY - la France ira d\u00e9fendre son troph\u00e9e en Afrique du Sud avec un groupe de 30 joueurs.\",\"breadcrumb\":{\"@id\":\"https:\/\/dicodusport.fr\/blog\/rugby-a-xv-la-selection-des-u20-francais-pour-la-coupe-du-monde\/#breadcrumb\"},\"inLanguage\":\"fr-FR\",\"potentialAction\":[{\"@type\":\"ReadAction\",\"target\":[\"https:\/\/dicodusport.fr\/blog\/rugby-a-xv-la-selection-des-u20-francais-pour-la-coupe-du-monde\/\"]}]},{\"@type\":\"ImageObject\",\"inLanguage\":\"fr-FR\",\"@id\":\"https:\/\/dicodusport.fr\/blog\/rugby-a-xv-la-selection-des-u20-francais-pour-la-coupe-du-monde\/#primaryimage\",\"url\":\"https:\/\/dicodusport.fr\/blog\/wp-content\/uploads\/2023\/06\/Rugby-a-XV-La-selection-des-U20-francais-pour-la-Coupe-du-monde.png\",\"contentUrl\":\"https:\/\/dicodusport.fr\/blog\/wp-content\/uploads\/2023\/06\/Rugby-a-XV-La-selection-des-U20-francais-pour-la-Coupe-du-monde.png\",\"width\":800,\"height\":445,\"caption\":\"Rugby \u00e0 XV La s\u00e9lection des U20 fran\u00e7ais pour la Coupe du monde\"},{\"@type\":\"BreadcrumbList\",\"@id\":\"https:\/\/dicodusport.fr\/blog\/rugby-a-xv-la-selection-des-u20-francais-pour-la-coupe-du-monde\/#breadcrumb\",\"itemListElement\":[{\"@type\":\"ListItem\",\"position\":1,\"name\":\"Accueil\",\"item\":\"https:\/\/dicodusport.fr\/blog\/\"},{\"@type\":\"ListItem\",\"position\":2,\"name\":\"Rugby \u00e0 XV : La s\u00e9lection des U20 fran\u00e7ais pour la Coupe du monde\"}]},{\"@type\":\"WebSite\",\"@id\":\"https:\/\/dicodusport.fr\/blog\/#website\",\"url\":\"https:\/\/dicodusport.fr\/blog\/\",\"name\":\"Dicodusport\",\"description\":\"L&#039;encyclop\u00e9die de l&#039;actualit\u00e9 sportive\",\"publisher\":{\"@id\":\"https:\/\/dicodusport.fr\/blog\/#organization\"},\"potentialAction\":[{\"@type\":\"SearchAction\",\"target\":{\"@type\":\"EntryPoint\",\"urlTemplate\":\"https:\/\/dicodusport.fr\/blog\/?s={search_term_string}\"},\"query-input\":{\"@type\":\"PropertyValueSpecification\",\"valueRequired\":true,\"valueName\":\"search_term_string\"}}],\"inLanguage\":\"fr-FR\"},{\"@type\":\"NewsMediaOrganization\",\"@id\":\"https:\/\/dicodusport.fr\/blog\/#organization\",\"name\":\"Dicodusport\",\"url\":\"https:\/\/dicodusport.fr\/blog\/\",\"logo\":{\"@type\":\"ImageObject\",\"inLanguage\":\"fr-FR\",\"@id\":\"https:\/\/dicodusport.fr\/blog\/#\/schema\/logo\/image\/\",\"url\":\"https:\/\/dicodusport.fr\/blog\/wp-content\/uploads\/2020\/06\/cropped-LOGO-DICODUSPORT-2020-SANS-FOND-SANS-TEXTE.png\",\"contentUrl\":\"https:\/\/dicodusport.fr\/blog\/wp-content\/uploads\/2020\/06\/cropped-LOGO-DICODUSPORT-2020-SANS-FOND-SANS-TEXTE.png\",\"width\":512,\"height\":512,\"caption\":\"Dicodusport\"},\"image\":{\"@id\":\"https:\/\/dicodusport.fr\/blog\/#\/schema\/logo\/image\/\"},\"sameAs\":[\"https:\/\/www.facebook.com\/dicodusport\",\"https:\/\/x.com\/dicodusport\",\"https:\/\/www.instagram.com\/dicodusport\/\",\"https:\/\/www.youtube.com\/channel\/UC7V2KZ5sd3htJivAbA4ZG3w\"],\"description\":\"Dicodusport est l'encyclop\u00e9die de l'actualit\u00e9 sportive.\",\"email\":\"bonjour@dicodusport.fr\",\"legalName\":\"DICODUSPORT\",\"foundingDate\":\"2018-01-14\",\"vatID\":\"FR71834470973\",\"taxID\":\"83447097300043\",\"numberOfEmployees\":{\"@type\":\"QuantitativeValue\",\"minValue\":\"1\",\"maxValue\":\"10\"}},{\"@type\":\"Person\",\"@id\":\"https:\/\/dicodusport.fr\/blog\/#\/schema\/person\/627966a6cde45dbd8c5e36ac85d783da\",\"name\":\"S\u00e9bastien Gente\",\"image\":{\"@type\":\"ImageObject\",\"inLanguage\":\"fr-FR\",\"@id\":\"https:\/\/dicodusport.fr\/blog\/#\/schema\/person\/image\/\",\"url\":\"https:\/\/dicodusport.fr\/blog\/wp-content\/uploads\/2021\/09\/1510990_10205810251400683_4124423575079401707_n-150x150.jpg\",\"contentUrl\":\"https:\/\/dicodusport.fr\/blog\/wp-content\/uploads\/2021\/09\/1510990_10205810251400683_4124423575079401707_n-150x150.jpg\",\"caption\":\"S\u00e9bastien Gente\"},\"description\":\"John Stockton, Gianni Bugno, Zinedine Zidane, Steffi Graf, Frode Andresen, St\u00e9phane Stoecklin, Davis Kamoga, Primoz Peterka, Werner Schlager et Aur\u00e9lien Rougerie. Point commun entre ces sportifs? Ils m'ont fait r\u00eaver et ont berc\u00e9 mon adolescence. Je suis un fondu de sports et j'essaie de retranscrire ma passion \u00e0 travers mes articles. Originaire du P\u00e9rigord, ma passion pour les Girondins, les Jaunards et les Jazzmen transpire dans mes \u00e9crits. \u00c0 Dicodusport depuis 2021, je d\u00e9niche les sports m\u00e9connus dans lesquels la France brille, et il y en a !\",\"sameAs\":[\"https:\/\/www.facebook.com\/sebastien.gente\/\",\"https:\/\/www.instagram.com\/sebgente\/\",\"https:\/\/www.linkedin.com\/in\/sbastien-gente-a29583169\/\",\"https:\/\/x.com\/https:\/\/twitter.com\/globulo24\",\"SebastienGente\"],\"worksFor\":\"S\u00e9bastien GENTE\",\"url\":\"https:\/\/dicodusport.fr\/blog\/author\/sebastiengente\/\"}]}<\/script>\n<!-- \/ Yoast SEO Premium plugin. -->","yoast_head_json":{"title":"Rugby \u00e0 XV : La s\u00e9lection des U20 fran\u00e7ais pour la Coupe du monde","description":"COUPE DU MONDE U20 DE RUGBY - la France ira d\u00e9fendre son troph\u00e9e en Afrique du Sud avec un groupe de 30 joueurs.","robots":{"index":"index","follow":"follow","max-snippet":"max-snippet:-1","max-image-preview":"max-image-preview:large","max-video-preview":"max-video-preview:-1"},"canonical":"https:\/\/dicodusport.fr\/blog\/rugby-a-xv-la-selection-des-u20-francais-pour-la-coupe-du-monde\/","og_locale":"fr_FR","og_type":"article","og_title":"Rugby \u00e0 XV : La s\u00e9lection des U20 fran\u00e7ais pour la Coupe du monde","og_description":"COUPE DU MONDE U20 DE RUGBY - la France ira d\u00e9fendre son troph\u00e9e en Afrique du Sud avec un groupe de 30 joueurs.","og_url":"https:\/\/dicodusport.fr\/blog\/rugby-a-xv-la-selection-des-u20-francais-pour-la-coupe-du-monde\/","og_site_name":"Dicodusport","article_publisher":"https:\/\/www.facebook.com\/dicodusport","article_author":"https:\/\/www.facebook.com\/sebastien.gente\/","article_published_time":"2023-06-01T07:56:23+00:00","article_modified_time":"2023-06-01T08:10:06+00:00","og_image":[{"width":800,"height":445,"url":"https:\/\/dicodusport.fr\/blog\/wp-content\/uploads\/2023\/06\/Rugby-a-XV-La-selection-des-U20-francais-pour-la-Coupe-du-monde.png","type":"image\/png"}],"author":"S\u00e9bastien Gente","twitter_card":"summary_large_image","twitter_title":"Rugby \u00e0 XV : La s\u00e9lection des U20 fran\u00e7ais pour la Coupe du monde","twitter_creator":"@https:\/\/twitter.com\/globulo24","twitter_site":"@dicodusport","schema":{"@context":"https:\/\/schema.org","@graph":[{"@type":"NewsArticle","@id":"https:\/\/dicodusport.fr\/blog\/rugby-a-xv-la-selection-des-u20-francais-pour-la-coupe-du-monde\/#article","isPartOf":{"@id":"https:\/\/dicodusport.fr\/blog\/rugby-a-xv-la-selection-des-u20-francais-pour-la-coupe-du-monde\/"},"author":{"name":"S\u00e9bastien Gente","@id":"https:\/\/dicodusport.fr\/blog\/#\/schema\/person\/627966a6cde45dbd8c5e36ac85d783da"},"headline":"Rugby \u00e0 XV : La s\u00e9lection des U20 fran\u00e7ais pour la Coupe du monde","datePublished":"2023-06-01T07:56:23+00:00","dateModified":"2023-06-01T08:10:06+00:00","mainEntityOfPage":{"@id":"https:\/\/dicodusport.fr\/blog\/rugby-a-xv-la-selection-des-u20-francais-pour-la-coupe-du-monde\/"},"wordCount":395,"commentCount":0,"publisher":{"@id":"https:\/\/dicodusport.fr\/blog\/#organization"},"image":{"@id":"https:\/\/dicodusport.fr\/blog\/rugby-a-xv-la-selection-des-u20-francais-pour-la-coupe-du-monde\/#primaryimage"},"thumbnailUrl":"https:\/\/dicodusport.fr\/blog\/wp-content\/uploads\/2023\/06\/Rugby-a-XV-La-selection-des-U20-francais-pour-la-Coupe-du-monde.png","keywords":["br\u00e8ve","Coupe du monde U20 rugby","\u00e9quipe de France U20 de rugby","Rugby \u00e0 XV"],"articleSection":["Rugby \u00e0 XV"],"inLanguage":"fr-FR","potentialAction":[{"@type":"CommentAction","name":"Comment","target":["https:\/\/dicodusport.fr\/blog\/rugby-a-xv-la-selection-des-u20-francais-pour-la-coupe-du-monde\/#respond"]}],"copyrightYear":"2023","copyrightHolder":{"@id":"https:\/\/dicodusport.fr\/blog\/#organization"}},{"@type":"WebPage","@id":"https:\/\/dicodusport.fr\/blog\/rugby-a-xv-la-selection-des-u20-francais-pour-la-coupe-du-monde\/","url":"https:\/\/dicodusport.fr\/blog\/rugby-a-xv-la-selection-des-u20-francais-pour-la-coupe-du-monde\/","name":"Rugby \u00e0 XV : La s\u00e9lection des U20 fran\u00e7ais pour la Coupe du monde","isPartOf":{"@id":"https:\/\/dicodusport.fr\/blog\/#website"},"primaryImageOfPage":{"@id":"https:\/\/dicodusport.fr\/blog\/rugby-a-xv-la-selection-des-u20-francais-pour-la-coupe-du-monde\/#primaryimage"},"image":{"@id":"https:\/\/dicodusport.fr\/blog\/rugby-a-xv-la-selection-des-u20-francais-pour-la-coupe-du-monde\/#primaryimage"},"thumbnailUrl":"https:\/\/dicodusport.fr\/blog\/wp-content\/uploads\/2023\/06\/Rugby-a-XV-La-selection-des-U20-francais-pour-la-Coupe-du-monde.png","datePublished":"2023-06-01T07:56:23+00:00","dateModified":"2023-06-01T08:10:06+00:00","description":"COUPE DU MONDE U20 DE RUGBY - la France ira d\u00e9fendre son troph\u00e9e en Afrique du Sud avec un groupe de 30 joueurs.","breadcrumb":{"@id":"https:\/\/dicodusport.fr\/blog\/rugby-a-xv-la-selection-des-u20-francais-pour-la-coupe-du-monde\/#breadcrumb"},"inLanguage":"fr-FR","potentialAction":[{"@type":"ReadAction","target":["https:\/\/dicodusport.fr\/blog\/rugby-a-xv-la-selection-des-u20-francais-pour-la-coupe-du-monde\/"]}]},{"@type":"ImageObject","inLanguage":"fr-FR","@id":"https:\/\/dicodusport.fr\/blog\/rugby-a-xv-la-selection-des-u20-francais-pour-la-coupe-du-monde\/#primaryimage","url":"https:\/\/dicodusport.fr\/blog\/wp-content\/uploads\/2023\/06\/Rugby-a-XV-La-selection-des-U20-francais-pour-la-Coupe-du-monde.png","contentUrl":"https:\/\/dicodusport.fr\/blog\/wp-content\/uploads\/2023\/06\/Rugby-a-XV-La-selection-des-U20-francais-pour-la-Coupe-du-monde.png","width":800,"height":445,"caption":"Rugby \u00e0 XV La s\u00e9lection des U20 fran\u00e7ais pour la Coupe du monde"},{"@type":"BreadcrumbList","@id":"https:\/\/dicodusport.fr\/blog\/rugby-a-xv-la-selection-des-u20-francais-pour-la-coupe-du-monde\/#breadcrumb","itemListElement":[{"@type":"ListItem","position":1,"name":"Accueil","item":"https:\/\/dicodusport.fr\/blog\/"},{"@type":"ListItem","position":2,"name":"Rugby \u00e0 XV : La s\u00e9lection des U20 fran\u00e7ais pour la Coupe du monde"}]},{"@type":"WebSite","@id":"https:\/\/dicodusport.fr\/blog\/#website","url":"https:\/\/dicodusport.fr\/blog\/","name":"Dicodusport","description":"L&#039;encyclop\u00e9die de l&#039;actualit\u00e9 sportive","publisher":{"@id":"https:\/\/dicodusport.fr\/blog\/#organization"},"potentialAction":[{"@type":"SearchAction","target":{"@type":"EntryPoint","urlTemplate":"https:\/\/dicodusport.fr\/blog\/?s={search_term_string}"},"query-input":{"@type":"PropertyValueSpecification","valueRequired":true,"valueName":"search_term_string"}}],"inLanguage":"fr-FR"},{"@type":"NewsMediaOrganization","@id":"https:\/\/dicodusport.fr\/blog\/#organization","name":"Dicodusport","url":"https:\/\/dicodusport.fr\/blog\/","logo":{"@type":"ImageObject","inLanguage":"fr-FR","@id":"https:\/\/dicodusport.fr\/blog\/#\/schema\/logo\/image\/","url":"https:\/\/dicodusport.fr\/blog\/wp-content\/uploads\/2020\/06\/cropped-LOGO-DICODUSPORT-2020-SANS-FOND-SANS-TEXTE.png","contentUrl":"https:\/\/dicodusport.fr\/blog\/wp-content\/uploads\/2020\/06\/cropped-LOGO-DICODUSPORT-2020-SANS-FOND-SANS-TEXTE.png","width":512,"height":512,"caption":"Dicodusport"},"image":{"@id":"https:\/\/dicodusport.fr\/blog\/#\/schema\/logo\/image\/"},"sameAs":["https:\/\/www.facebook.com\/dicodusport","https:\/\/x.com\/dicodusport","https:\/\/www.instagram.com\/dicodusport\/","https:\/\/www.youtube.com\/channel\/UC7V2KZ5sd3htJivAbA4ZG3w"],"description":"Dicodusport est l'encyclop\u00e9die de l'actualit\u00e9 sportive.","email":"bonjour@dicodusport.fr","legalName":"DICODUSPORT","foundingDate":"2018-01-14","vatID":"FR71834470973","taxID":"83447097300043","numberOfEmployees":{"@type":"QuantitativeValue","minValue":"1","maxValue":"10"}},{"@type":"Person","@id":"https:\/\/dicodusport.fr\/blog\/#\/schema\/person\/627966a6cde45dbd8c5e36ac85d783da","name":"S\u00e9bastien Gente","image":{"@type":"ImageObject","inLanguage":"fr-FR","@id":"https:\/\/dicodusport.fr\/blog\/#\/schema\/person\/image\/","url":"https:\/\/dicodusport.fr\/blog\/wp-content\/uploads\/2021\/09\/1510990_10205810251400683_4124423575079401707_n-150x150.jpg","contentUrl":"https:\/\/dicodusport.fr\/blog\/wp-content\/uploads\/2021\/09\/1510990_10205810251400683_4124423575079401707_n-150x150.jpg","caption":"S\u00e9bastien Gente"},"description":"John Stockton, Gianni Bugno, Zinedine Zidane, Steffi Graf, Frode Andresen, St\u00e9phane Stoecklin, Davis Kamoga, Primoz Peterka, Werner Schlager et Aur\u00e9lien Rougerie. Point commun entre ces sportifs? Ils m'ont fait r\u00eaver et ont berc\u00e9 mon adolescence. Je suis un fondu de sports et j'essaie de retranscrire ma passion \u00e0 travers mes articles. Originaire du P\u00e9rigord, ma passion pour les Girondins, les Jaunards et les Jazzmen transpire dans mes \u00e9crits. \u00c0 Dicodusport depuis 2021, je d\u00e9niche les sports m\u00e9connus dans lesquels la France brille, et il y en a !","sameAs":["https:\/\/www.facebook.com\/sebastien.gente\/","https:\/\/www.instagram.com\/sebgente\/","https:\/\/www.linkedin.com\/in\/sbastien-gente-a29583169\/","https:\/\/x.com\/https:\/\/twitter.com\/globulo24","SebastienGente"],"worksFor":"S\u00e9bastien GENTE","url":"https:\/\/dicodusport.fr\/blog\/author\/sebastiengente\/"}]}},"_links":{"self":[{"href":"https:\/\/dicodusport.fr\/blog\/wp-json\/wp\/v2\/posts\/387085","targetHints":{"allow":["GET"]}}],"collection":[{"href":"https:\/\/dicodusport.fr\/blog\/wp-json\/wp\/v2\/posts"}],"about":[{"href":"https:\/\/dicodusport.fr\/blog\/wp-json\/wp\/v2\/types\/post"}],"author":[{"embeddable":true,"href":"https:\/\/dicodusport.fr\/blog\/wp-json\/wp\/v2\/users\/59"}],"replies":[{"embeddable":true,"href":"https:\/\/dicodusport.fr\/blog\/wp-json\/wp\/v2\/comments?post=387085"}],"version-history":[{"count":0,"href":"https:\/\/dicodusport.fr\/blog\/wp-json\/wp\/v2\/posts\/387085\/revisions"}],"wp:featuredmedia":[{"embeddable":true,"href":"https:\/\/dicodusport.fr\/blog\/wp-json\/wp\/v2\/media\/387096"}],"wp:attachment":[{"href":"https:\/\/dicodusport.fr\/blog\/wp-json\/wp\/v2\/media?parent=387085"}],"wp:term":[{"taxonomy":"category","embeddable":true,"href":"https:\/\/dicodusport.fr\/blog\/wp-json\/wp\/v2\/categories?post=387085"},{"taxonomy":"post_tag","embeddable":true,"href":"https:\/\/dicodusport.fr\/blog\/wp-json\/wp\/v2\/tags?post=387085"}],"curies":[{"name":"wp","href":"https:\/\/api.w.org\/{rel}","templated":true}]}}