{"id":387181,"date":"2023-06-01T15:16:58","date_gmt":"2023-06-01T13:16:58","guid":{"rendered":"https:\/\/dicodusport.fr\/blog\/?p=387181&#038;preview=true&#038;preview_id=387181"},"modified":"2023-06-01T15:45:23","modified_gmt":"2023-06-01T13:45:23","slug":"rugby-feminin-lenaig-corson-met-un-terme-a-sa-carriere-sportive","status":"publish","type":"post","link":"https:\/\/dicodusport.fr\/blog\/rugby-feminin-lenaig-corson-met-un-terme-a-sa-carriere-sportive\/","title":{"rendered":"Rugby f\u00e9minin : Lena\u00efg Corson met un terme \u00e0 sa carri\u00e8re sportive"},"content":{"rendered":"<p style=\"text-align: justify;\"><em><strong><a href=\"https:\/\/dicodusport.fr\/blog\/actualites\/rugby\/rugby-a-xv\/\">RUGBY \u00c0 XV<\/a> &#8211; \u00c0 34 ans et apr\u00e8s une carri\u00e8re bien remplie, Lena\u00efg Corson, 30 s\u00e9lections avec le XV de France f\u00e9minin, a d\u00e9cid\u00e9 de mettre un terme \u00e0 sa carri\u00e8re sportive.<\/strong><\/em><\/p>\n<p style=\"text-align: justify;\">Cette fois, c&rsquo;est termin\u00e9. \u00c0 34 ans, <strong>Lena\u00efg Corson<\/strong> a annonc\u00e9 sur ses r\u00e9seaux sociaux qu&rsquo;elle mettait un terme \u00e0 sa carri\u00e8re sportive. D\u00e9j\u00e0 retrait\u00e9e internationale depuis 2022, la Bretonne d&rsquo;origine \u00e9voluait cette saison dans le championnat anglais, du c\u00f4t\u00e9 des <strong>Harlequins<\/strong>, apr\u00e8s un court passage chez les <strong>London Wasps<\/strong>. En France, <strong>Corson<\/strong> a \u00e9volu\u00e9 au <strong>Stade Rennais<\/strong>, entre 2009 et 2018, avant de rejoindre le <strong>Stade Fran\u00e7ais<\/strong> (2018-2022).<\/p>\n<div class=\"vlp-link-container vlp-layout-article\"><a href=\"https:\/\/dicodusport.fr\/blog\/lenaig-corson-en-dix-ans-il-y-a-eu-beaucoup-de-progres\/\" class=\"vlp-link\" title=\"Lena\u00efg Corson : \u00ab En dix ans, il y a eu beaucoup de progr\u00e8s \u00bb\"><\/a><div class=\"vlp-layout-zone-side\"><div class=\"vlp-block-4 vlp-link-image\"><img loading=\"lazy\" decoding=\"async\" style=\"max-width: 800px;\" width=\"800\" height=\"445\" src=\"https:\/\/dicodusport.fr\/blog\/wp-content\/uploads\/2023\/05\/Lenaig-Corson-En-dix-ans-il-y-a-eu-beaucoup-de-progres-.png\" class=\"attachment-800x445 size-800x445\" alt=\"Lena\u00efg Corson \u00ab En dix ans, il y a eu beaucoup de progr\u00e8s \u00bb\" srcset=\"https:\/\/dicodusport.fr\/blog\/wp-content\/uploads\/2023\/05\/Lenaig-Corson-En-dix-ans-il-y-a-eu-beaucoup-de-progres-.png 800w, https:\/\/dicodusport.fr\/blog\/wp-content\/uploads\/2023\/05\/Lenaig-Corson-En-dix-ans-il-y-a-eu-beaucoup-de-progres--300x167.png 300w, https:\/\/dicodusport.fr\/blog\/wp-content\/uploads\/2023\/05\/Lenaig-Corson-En-dix-ans-il-y-a-eu-beaucoup-de-progres--768x427.png 768w\" sizes=\"auto, (max-width: 800px) 100vw, 800px\" \/><\/div><\/div><div class=\"vlp-layout-zone-main\"><div class=\"vlp-block-0 vlp-link-title\">Lena\u00efg Corson : \u00ab En dix ans, il y a eu beaucoup de progr\u00e8s \u00bb<\/div><div class=\"vlp-block-1 vlp-link-summary\">RUGBY \u00c0 XV - \u00c0 quelques encablures de la fin de sa carri\u00e8re, Lena\u00efg Corson nous a parl\u00e9 de sa saison en Angleterre, de l'avenir du rugby, sans oublier ses multiples projets et engagements, ainsi qu'un \u0153il aiguis\u00e9 sur le XV de France.<\/div><div class=\"vlp-block-2 vlp-link-button\">Lire l'article<\/div><div class=\"vlp-block-3 vlp-link-url\">dicodusport.fr<\/div><\/div><\/div>\n<p style=\"text-align: justify;\">En <strong>\u00e9quipe de France<\/strong>, la native de Paimpol, dans les C\u00f4tes-d&rsquo;Armor, compte 30 s\u00e9lections, entre 2012 et 2022. Avec, \u00e0 la cl\u00e9, une m\u00e9daille de bronze mondiale remport\u00e9e lors de la Coupe du monde 2017. \u00c0 l&rsquo;issue de celle-ci, elle avait \u00e9t\u00e9 \u00e9lue meilleure deuxi\u00e8me ligne de la comp\u00e9tition.<\/p>\n<blockquote class=\"twitter-tweet\">\n<p dir=\"ltr\" lang=\"zxx\"><a href=\"https:\/\/t.co\/uGskLKVNoC\">pic.twitter.com\/uGskLKVNoC<\/a><\/p>\n<p>\u2014 \uff2c\uff45\uff4e\uff41i\u0308\uff47\u3000\uff23\uff2f\uff32\uff33\uff2f\uff2e (@LenaigCorson) <a href=\"https:\/\/twitter.com\/LenaigCorson\/status\/1664234421656977408?ref_src=twsrc%5Etfw\">June 1, 2023<\/a><\/p><\/blockquote>\n<p><script async src=\"https:\/\/platform.twitter.com\/widgets.js\" charset=\"utf-8\"><\/script><\/p>\n","protected":false},"excerpt":{"rendered":"<p>RUGBY \u00c0 XV &#8211; \u00c0 34 ans et apr\u00e8s une carri\u00e8re bien remplie, Lena\u00efg Corson, 30 s\u00e9lections avec le XV de France f\u00e9minin, a d\u00e9cid\u00e9 de mettre un terme \u00e0 sa carri\u00e8re sportive.<\/p>\n","protected":false},"author":4,"featured_media":387186,"comment_status":"open","ping_status":"closed","sticky":false,"template":"","format":"standard","meta":{"_acf_changed":false,"_daextam_enable_autolinks":"","footnotes":""},"categories":[9129],"tags":[16878,852,10725,24],"class_list":["post-387181","post","type-post","status-publish","format-standard","has-post-thumbnail","hentry","category-rugby-a-xv","tag-breve","tag-rugby-feminin","tag-rugby-francais","tag-sport"],"acf":[],"yoast_head":"<!-- This site is optimized with the Yoast SEO Premium plugin v26.7 (Yoast SEO v26.7) - https:\/\/yoast.com\/wordpress\/plugins\/seo\/ -->\n<title>Rugby f\u00e9minin : Lena\u00efg Corson met un terme \u00e0 sa carri\u00e8re sportive<\/title>\n<meta name=\"description\" content=\"RUGBY \u00c0 XV - \u00c0 34 ans, Lena\u00efg Corson, 30 s\u00e9lections avec le XV de France f\u00e9minin, a d\u00e9cid\u00e9 de mettre un terme \u00e0 sa carri\u00e8re sportive.\" \/>\n<meta name=\"robots\" content=\"index, follow, max-snippet:-1, max-image-preview:large, max-video-preview:-1\" \/>\n<link rel=\"canonical\" href=\"https:\/\/dicodusport.fr\/blog\/rugby-feminin-lenaig-corson-met-un-terme-a-sa-carriere-sportive\/\" \/>\n<meta property=\"og:locale\" content=\"fr_FR\" \/>\n<meta property=\"og:type\" content=\"article\" \/>\n<meta property=\"og:title\" content=\"Rugby f\u00e9minin : Lena\u00efg Corson met un terme \u00e0 sa carri\u00e8re sportive\" \/>\n<meta property=\"og:description\" content=\"RUGBY \u00c0 XV - \u00c0 34 ans, Lena\u00efg Corson, 30 s\u00e9lections avec le XV de France f\u00e9minin, a d\u00e9cid\u00e9 de mettre un terme \u00e0 sa carri\u00e8re sportive.\" \/>\n<meta property=\"og:url\" content=\"https:\/\/dicodusport.fr\/blog\/rugby-feminin-lenaig-corson-met-un-terme-a-sa-carriere-sportive\/\" \/>\n<meta property=\"og:site_name\" content=\"Dicodusport\" \/>\n<meta property=\"article:publisher\" content=\"https:\/\/www.facebook.com\/dicodusport\" \/>\n<meta property=\"article:author\" content=\"https:\/\/www.facebook.com\/florent.ostermann\" \/>\n<meta property=\"article:published_time\" content=\"2023-06-01T13:16:58+00:00\" \/>\n<meta property=\"article:modified_time\" content=\"2023-06-01T13:45:23+00:00\" \/>\n<meta property=\"og:image\" content=\"https:\/\/dicodusport.fr\/blog\/wp-content\/uploads\/2023\/06\/Rugby-feminin-Lenaig-Corson-met-un-terme-a-sa-carriere-sportive.png\" \/>\n\t<meta property=\"og:image:width\" content=\"800\" \/>\n\t<meta property=\"og:image:height\" content=\"445\" \/>\n\t<meta property=\"og:image:type\" content=\"image\/png\" \/>\n<meta name=\"author\" content=\"Flo Ostermann\" \/>\n<meta name=\"twitter:card\" content=\"summary_large_image\" \/>\n<meta name=\"twitter:title\" content=\"Rugby f\u00e9minin : Lena\u00efg Corson met un terme \u00e0 sa carri\u00e8re sportive\" \/>\n<meta name=\"twitter:creator\" content=\"@https:\/\/twitter.com\/FlOstermann\" \/>\n<meta name=\"twitter:site\" content=\"@dicodusport\" \/>\n<script type=\"application\/ld+json\" class=\"yoast-schema-graph\">{\"@context\":\"https:\/\/schema.org\",\"@graph\":[{\"@type\":\"NewsArticle\",\"@id\":\"https:\/\/dicodusport.fr\/blog\/rugby-feminin-lenaig-corson-met-un-terme-a-sa-carriere-sportive\/#article\",\"isPartOf\":{\"@id\":\"https:\/\/dicodusport.fr\/blog\/rugby-feminin-lenaig-corson-met-un-terme-a-sa-carriere-sportive\/\"},\"author\":{\"name\":\"Flo Ostermann\",\"@id\":\"https:\/\/dicodusport.fr\/blog\/#\/schema\/person\/cb02af4c173ce4a653b55e9baf388d4a\"},\"headline\":\"Rugby f\u00e9minin : Lena\u00efg Corson met un terme \u00e0 sa carri\u00e8re sportive\",\"datePublished\":\"2023-06-01T13:16:58+00:00\",\"dateModified\":\"2023-06-01T13:45:23+00:00\",\"mainEntityOfPage\":{\"@id\":\"https:\/\/dicodusport.fr\/blog\/rugby-feminin-lenaig-corson-met-un-terme-a-sa-carriere-sportive\/\"},\"wordCount\":268,\"commentCount\":0,\"publisher\":{\"@id\":\"https:\/\/dicodusport.fr\/blog\/#organization\"},\"image\":{\"@id\":\"https:\/\/dicodusport.fr\/blog\/rugby-feminin-lenaig-corson-met-un-terme-a-sa-carriere-sportive\/#primaryimage\"},\"thumbnailUrl\":\"https:\/\/dicodusport.fr\/blog\/wp-content\/uploads\/2023\/06\/Rugby-feminin-Lenaig-Corson-met-un-terme-a-sa-carriere-sportive.png\",\"keywords\":[\"br\u00e8ve\",\"rugby f\u00e9minin\",\"Rugby fran\u00e7ais\",\"sport\"],\"articleSection\":[\"Rugby \u00e0 XV\"],\"inLanguage\":\"fr-FR\",\"potentialAction\":[{\"@type\":\"CommentAction\",\"name\":\"Comment\",\"target\":[\"https:\/\/dicodusport.fr\/blog\/rugby-feminin-lenaig-corson-met-un-terme-a-sa-carriere-sportive\/#respond\"]}],\"copyrightYear\":\"2023\",\"copyrightHolder\":{\"@id\":\"https:\/\/dicodusport.fr\/blog\/#organization\"}},{\"@type\":\"WebPage\",\"@id\":\"https:\/\/dicodusport.fr\/blog\/rugby-feminin-lenaig-corson-met-un-terme-a-sa-carriere-sportive\/\",\"url\":\"https:\/\/dicodusport.fr\/blog\/rugby-feminin-lenaig-corson-met-un-terme-a-sa-carriere-sportive\/\",\"name\":\"Rugby f\u00e9minin : Lena\u00efg Corson met un terme \u00e0 sa carri\u00e8re sportive\",\"isPartOf\":{\"@id\":\"https:\/\/dicodusport.fr\/blog\/#website\"},\"primaryImageOfPage\":{\"@id\":\"https:\/\/dicodusport.fr\/blog\/rugby-feminin-lenaig-corson-met-un-terme-a-sa-carriere-sportive\/#primaryimage\"},\"image\":{\"@id\":\"https:\/\/dicodusport.fr\/blog\/rugby-feminin-lenaig-corson-met-un-terme-a-sa-carriere-sportive\/#primaryimage\"},\"thumbnailUrl\":\"https:\/\/dicodusport.fr\/blog\/wp-content\/uploads\/2023\/06\/Rugby-feminin-Lenaig-Corson-met-un-terme-a-sa-carriere-sportive.png\",\"datePublished\":\"2023-06-01T13:16:58+00:00\",\"dateModified\":\"2023-06-01T13:45:23+00:00\",\"description\":\"RUGBY \u00c0 XV - \u00c0 34 ans, Lena\u00efg Corson, 30 s\u00e9lections avec le XV de France f\u00e9minin, a d\u00e9cid\u00e9 de mettre un terme \u00e0 sa carri\u00e8re sportive.\",\"breadcrumb\":{\"@id\":\"https:\/\/dicodusport.fr\/blog\/rugby-feminin-lenaig-corson-met-un-terme-a-sa-carriere-sportive\/#breadcrumb\"},\"inLanguage\":\"fr-FR\",\"potentialAction\":[{\"@type\":\"ReadAction\",\"target\":[\"https:\/\/dicodusport.fr\/blog\/rugby-feminin-lenaig-corson-met-un-terme-a-sa-carriere-sportive\/\"]}]},{\"@type\":\"ImageObject\",\"inLanguage\":\"fr-FR\",\"@id\":\"https:\/\/dicodusport.fr\/blog\/rugby-feminin-lenaig-corson-met-un-terme-a-sa-carriere-sportive\/#primaryimage\",\"url\":\"https:\/\/dicodusport.fr\/blog\/wp-content\/uploads\/2023\/06\/Rugby-feminin-Lenaig-Corson-met-un-terme-a-sa-carriere-sportive.png\",\"contentUrl\":\"https:\/\/dicodusport.fr\/blog\/wp-content\/uploads\/2023\/06\/Rugby-feminin-Lenaig-Corson-met-un-terme-a-sa-carriere-sportive.png\",\"width\":800,\"height\":445,\"caption\":\"Rugby f\u00e9minin Lena\u00efg Corson met un terme \u00e0 sa carri\u00e8re sportive\"},{\"@type\":\"BreadcrumbList\",\"@id\":\"https:\/\/dicodusport.fr\/blog\/rugby-feminin-lenaig-corson-met-un-terme-a-sa-carriere-sportive\/#breadcrumb\",\"itemListElement\":[{\"@type\":\"ListItem\",\"position\":1,\"name\":\"Accueil\",\"item\":\"https:\/\/dicodusport.fr\/blog\/\"},{\"@type\":\"ListItem\",\"position\":2,\"name\":\"Rugby f\u00e9minin : Lena\u00efg Corson met un terme \u00e0 sa carri\u00e8re sportive\"}]},{\"@type\":\"WebSite\",\"@id\":\"https:\/\/dicodusport.fr\/blog\/#website\",\"url\":\"https:\/\/dicodusport.fr\/blog\/\",\"name\":\"Dicodusport\",\"description\":\"L&#039;encyclop\u00e9die de l&#039;actualit\u00e9 sportive\",\"publisher\":{\"@id\":\"https:\/\/dicodusport.fr\/blog\/#organization\"},\"potentialAction\":[{\"@type\":\"SearchAction\",\"target\":{\"@type\":\"EntryPoint\",\"urlTemplate\":\"https:\/\/dicodusport.fr\/blog\/?s={search_term_string}\"},\"query-input\":{\"@type\":\"PropertyValueSpecification\",\"valueRequired\":true,\"valueName\":\"search_term_string\"}}],\"inLanguage\":\"fr-FR\"},{\"@type\":\"NewsMediaOrganization\",\"@id\":\"https:\/\/dicodusport.fr\/blog\/#organization\",\"name\":\"Dicodusport\",\"url\":\"https:\/\/dicodusport.fr\/blog\/\",\"logo\":{\"@type\":\"ImageObject\",\"inLanguage\":\"fr-FR\",\"@id\":\"https:\/\/dicodusport.fr\/blog\/#\/schema\/logo\/image\/\",\"url\":\"https:\/\/dicodusport.fr\/blog\/wp-content\/uploads\/2020\/06\/cropped-LOGO-DICODUSPORT-2020-SANS-FOND-SANS-TEXTE.png\",\"contentUrl\":\"https:\/\/dicodusport.fr\/blog\/wp-content\/uploads\/2020\/06\/cropped-LOGO-DICODUSPORT-2020-SANS-FOND-SANS-TEXTE.png\",\"width\":512,\"height\":512,\"caption\":\"Dicodusport\"},\"image\":{\"@id\":\"https:\/\/dicodusport.fr\/blog\/#\/schema\/logo\/image\/\"},\"sameAs\":[\"https:\/\/www.facebook.com\/dicodusport\",\"https:\/\/x.com\/dicodusport\",\"https:\/\/www.instagram.com\/dicodusport\/\",\"https:\/\/www.youtube.com\/channel\/UC7V2KZ5sd3htJivAbA4ZG3w\"],\"description\":\"Dicodusport est l'encyclop\u00e9die de l'actualit\u00e9 sportive.\",\"email\":\"bonjour@dicodusport.fr\",\"legalName\":\"DICODUSPORT\",\"foundingDate\":\"2018-01-14\",\"vatID\":\"FR71834470973\",\"taxID\":\"83447097300043\",\"numberOfEmployees\":{\"@type\":\"QuantitativeValue\",\"minValue\":\"1\",\"maxValue\":\"10\"}},{\"@type\":\"Person\",\"@id\":\"https:\/\/dicodusport.fr\/blog\/#\/schema\/person\/cb02af4c173ce4a653b55e9baf388d4a\",\"name\":\"Flo Ostermann\",\"image\":{\"@type\":\"ImageObject\",\"inLanguage\":\"fr-FR\",\"@id\":\"https:\/\/dicodusport.fr\/blog\/#\/schema\/person\/image\/\",\"url\":\"https:\/\/dicodusport.fr\/blog\/wp-content\/uploads\/2021\/05\/Flo-Ostermann-150x150.jpg\",\"contentUrl\":\"https:\/\/dicodusport.fr\/blog\/wp-content\/uploads\/2021\/05\/Flo-Ostermann-150x150.jpg\",\"caption\":\"Flo Ostermann\"},\"description\":\"Journaliste\/R\u00e9dacteur depuis septembre 2015 - Mes premiers souvenirs dans le sport ? Les envol\u00e9es du Stade Toulousain et les duels Villeneuve-Schumacher et H\u00e4kkinen-Schumacher \u00e0 la fin des ann\u00e9es 90, la Coupe du monde de football en 1998, l\u2019exploit du XV de France face aux All Blacks en 1999, mais aussi Richard C\u0153ur de Lion qui vole sur les montagnes du Tour de France. Bien parti pour devenir professeur d\u2019EPS, les \u00e9v\u00e9nements de la vie (et la flemme d\u2019animer des s\u00e9ances de 3x500 m\u00e8tres toute ma vie) m\u2019ont conduit \u00e0 revoir mes plans. Me voil\u00e0 depuis fin 2017 sur Dicodusport, m\u00e9dia gr\u00e2ce (et pour) lequel je partage ma passion : le sport dans tous ses \u00e9tats. Le tout accompagn\u00e9 par les fous furieux et folles furieuses cit\u00e9s sur cette page !\",\"sameAs\":[\"https:\/\/www.facebook.com\/florent.ostermann\",\"https:\/\/x.com\/https:\/\/twitter.com\/FlOstermann\",\"admin\"],\"url\":\"https:\/\/dicodusport.fr\/blog\/author\/flo\/\"}]}<\/script>\n<!-- \/ Yoast SEO Premium plugin. -->","yoast_head_json":{"title":"Rugby f\u00e9minin : Lena\u00efg Corson met un terme \u00e0 sa carri\u00e8re sportive","description":"RUGBY \u00c0 XV - \u00c0 34 ans, Lena\u00efg Corson, 30 s\u00e9lections avec le XV de France f\u00e9minin, a d\u00e9cid\u00e9 de mettre un terme \u00e0 sa carri\u00e8re sportive.","robots":{"index":"index","follow":"follow","max-snippet":"max-snippet:-1","max-image-preview":"max-image-preview:large","max-video-preview":"max-video-preview:-1"},"canonical":"https:\/\/dicodusport.fr\/blog\/rugby-feminin-lenaig-corson-met-un-terme-a-sa-carriere-sportive\/","og_locale":"fr_FR","og_type":"article","og_title":"Rugby f\u00e9minin : Lena\u00efg Corson met un terme \u00e0 sa carri\u00e8re sportive","og_description":"RUGBY \u00c0 XV - \u00c0 34 ans, Lena\u00efg Corson, 30 s\u00e9lections avec le XV de France f\u00e9minin, a d\u00e9cid\u00e9 de mettre un terme \u00e0 sa carri\u00e8re sportive.","og_url":"https:\/\/dicodusport.fr\/blog\/rugby-feminin-lenaig-corson-met-un-terme-a-sa-carriere-sportive\/","og_site_name":"Dicodusport","article_publisher":"https:\/\/www.facebook.com\/dicodusport","article_author":"https:\/\/www.facebook.com\/florent.ostermann","article_published_time":"2023-06-01T13:16:58+00:00","article_modified_time":"2023-06-01T13:45:23+00:00","og_image":[{"width":800,"height":445,"url":"https:\/\/dicodusport.fr\/blog\/wp-content\/uploads\/2023\/06\/Rugby-feminin-Lenaig-Corson-met-un-terme-a-sa-carriere-sportive.png","type":"image\/png"}],"author":"Flo Ostermann","twitter_card":"summary_large_image","twitter_title":"Rugby f\u00e9minin : Lena\u00efg Corson met un terme \u00e0 sa carri\u00e8re sportive","twitter_creator":"@https:\/\/twitter.com\/FlOstermann","twitter_site":"@dicodusport","schema":{"@context":"https:\/\/schema.org","@graph":[{"@type":"NewsArticle","@id":"https:\/\/dicodusport.fr\/blog\/rugby-feminin-lenaig-corson-met-un-terme-a-sa-carriere-sportive\/#article","isPartOf":{"@id":"https:\/\/dicodusport.fr\/blog\/rugby-feminin-lenaig-corson-met-un-terme-a-sa-carriere-sportive\/"},"author":{"name":"Flo Ostermann","@id":"https:\/\/dicodusport.fr\/blog\/#\/schema\/person\/cb02af4c173ce4a653b55e9baf388d4a"},"headline":"Rugby f\u00e9minin : Lena\u00efg Corson met un terme \u00e0 sa carri\u00e8re sportive","datePublished":"2023-06-01T13:16:58+00:00","dateModified":"2023-06-01T13:45:23+00:00","mainEntityOfPage":{"@id":"https:\/\/dicodusport.fr\/blog\/rugby-feminin-lenaig-corson-met-un-terme-a-sa-carriere-sportive\/"},"wordCount":268,"commentCount":0,"publisher":{"@id":"https:\/\/dicodusport.fr\/blog\/#organization"},"image":{"@id":"https:\/\/dicodusport.fr\/blog\/rugby-feminin-lenaig-corson-met-un-terme-a-sa-carriere-sportive\/#primaryimage"},"thumbnailUrl":"https:\/\/dicodusport.fr\/blog\/wp-content\/uploads\/2023\/06\/Rugby-feminin-Lenaig-Corson-met-un-terme-a-sa-carriere-sportive.png","keywords":["br\u00e8ve","rugby f\u00e9minin","Rugby fran\u00e7ais","sport"],"articleSection":["Rugby \u00e0 XV"],"inLanguage":"fr-FR","potentialAction":[{"@type":"CommentAction","name":"Comment","target":["https:\/\/dicodusport.fr\/blog\/rugby-feminin-lenaig-corson-met-un-terme-a-sa-carriere-sportive\/#respond"]}],"copyrightYear":"2023","copyrightHolder":{"@id":"https:\/\/dicodusport.fr\/blog\/#organization"}},{"@type":"WebPage","@id":"https:\/\/dicodusport.fr\/blog\/rugby-feminin-lenaig-corson-met-un-terme-a-sa-carriere-sportive\/","url":"https:\/\/dicodusport.fr\/blog\/rugby-feminin-lenaig-corson-met-un-terme-a-sa-carriere-sportive\/","name":"Rugby f\u00e9minin : Lena\u00efg Corson met un terme \u00e0 sa carri\u00e8re sportive","isPartOf":{"@id":"https:\/\/dicodusport.fr\/blog\/#website"},"primaryImageOfPage":{"@id":"https:\/\/dicodusport.fr\/blog\/rugby-feminin-lenaig-corson-met-un-terme-a-sa-carriere-sportive\/#primaryimage"},"image":{"@id":"https:\/\/dicodusport.fr\/blog\/rugby-feminin-lenaig-corson-met-un-terme-a-sa-carriere-sportive\/#primaryimage"},"thumbnailUrl":"https:\/\/dicodusport.fr\/blog\/wp-content\/uploads\/2023\/06\/Rugby-feminin-Lenaig-Corson-met-un-terme-a-sa-carriere-sportive.png","datePublished":"2023-06-01T13:16:58+00:00","dateModified":"2023-06-01T13:45:23+00:00","description":"RUGBY \u00c0 XV - \u00c0 34 ans, Lena\u00efg Corson, 30 s\u00e9lections avec le XV de France f\u00e9minin, a d\u00e9cid\u00e9 de mettre un terme \u00e0 sa carri\u00e8re sportive.","breadcrumb":{"@id":"https:\/\/dicodusport.fr\/blog\/rugby-feminin-lenaig-corson-met-un-terme-a-sa-carriere-sportive\/#breadcrumb"},"inLanguage":"fr-FR","potentialAction":[{"@type":"ReadAction","target":["https:\/\/dicodusport.fr\/blog\/rugby-feminin-lenaig-corson-met-un-terme-a-sa-carriere-sportive\/"]}]},{"@type":"ImageObject","inLanguage":"fr-FR","@id":"https:\/\/dicodusport.fr\/blog\/rugby-feminin-lenaig-corson-met-un-terme-a-sa-carriere-sportive\/#primaryimage","url":"https:\/\/dicodusport.fr\/blog\/wp-content\/uploads\/2023\/06\/Rugby-feminin-Lenaig-Corson-met-un-terme-a-sa-carriere-sportive.png","contentUrl":"https:\/\/dicodusport.fr\/blog\/wp-content\/uploads\/2023\/06\/Rugby-feminin-Lenaig-Corson-met-un-terme-a-sa-carriere-sportive.png","width":800,"height":445,"caption":"Rugby f\u00e9minin Lena\u00efg Corson met un terme \u00e0 sa carri\u00e8re sportive"},{"@type":"BreadcrumbList","@id":"https:\/\/dicodusport.fr\/blog\/rugby-feminin-lenaig-corson-met-un-terme-a-sa-carriere-sportive\/#breadcrumb","itemListElement":[{"@type":"ListItem","position":1,"name":"Accueil","item":"https:\/\/dicodusport.fr\/blog\/"},{"@type":"ListItem","position":2,"name":"Rugby f\u00e9minin : Lena\u00efg Corson met un terme \u00e0 sa carri\u00e8re sportive"}]},{"@type":"WebSite","@id":"https:\/\/dicodusport.fr\/blog\/#website","url":"https:\/\/dicodusport.fr\/blog\/","name":"Dicodusport","description":"L&#039;encyclop\u00e9die de l&#039;actualit\u00e9 sportive","publisher":{"@id":"https:\/\/dicodusport.fr\/blog\/#organization"},"potentialAction":[{"@type":"SearchAction","target":{"@type":"EntryPoint","urlTemplate":"https:\/\/dicodusport.fr\/blog\/?s={search_term_string}"},"query-input":{"@type":"PropertyValueSpecification","valueRequired":true,"valueName":"search_term_string"}}],"inLanguage":"fr-FR"},{"@type":"NewsMediaOrganization","@id":"https:\/\/dicodusport.fr\/blog\/#organization","name":"Dicodusport","url":"https:\/\/dicodusport.fr\/blog\/","logo":{"@type":"ImageObject","inLanguage":"fr-FR","@id":"https:\/\/dicodusport.fr\/blog\/#\/schema\/logo\/image\/","url":"https:\/\/dicodusport.fr\/blog\/wp-content\/uploads\/2020\/06\/cropped-LOGO-DICODUSPORT-2020-SANS-FOND-SANS-TEXTE.png","contentUrl":"https:\/\/dicodusport.fr\/blog\/wp-content\/uploads\/2020\/06\/cropped-LOGO-DICODUSPORT-2020-SANS-FOND-SANS-TEXTE.png","width":512,"height":512,"caption":"Dicodusport"},"image":{"@id":"https:\/\/dicodusport.fr\/blog\/#\/schema\/logo\/image\/"},"sameAs":["https:\/\/www.facebook.com\/dicodusport","https:\/\/x.com\/dicodusport","https:\/\/www.instagram.com\/dicodusport\/","https:\/\/www.youtube.com\/channel\/UC7V2KZ5sd3htJivAbA4ZG3w"],"description":"Dicodusport est l'encyclop\u00e9die de l'actualit\u00e9 sportive.","email":"bonjour@dicodusport.fr","legalName":"DICODUSPORT","foundingDate":"2018-01-14","vatID":"FR71834470973","taxID":"83447097300043","numberOfEmployees":{"@type":"QuantitativeValue","minValue":"1","maxValue":"10"}},{"@type":"Person","@id":"https:\/\/dicodusport.fr\/blog\/#\/schema\/person\/cb02af4c173ce4a653b55e9baf388d4a","name":"Flo Ostermann","image":{"@type":"ImageObject","inLanguage":"fr-FR","@id":"https:\/\/dicodusport.fr\/blog\/#\/schema\/person\/image\/","url":"https:\/\/dicodusport.fr\/blog\/wp-content\/uploads\/2021\/05\/Flo-Ostermann-150x150.jpg","contentUrl":"https:\/\/dicodusport.fr\/blog\/wp-content\/uploads\/2021\/05\/Flo-Ostermann-150x150.jpg","caption":"Flo Ostermann"},"description":"Journaliste\/R\u00e9dacteur depuis septembre 2015 - Mes premiers souvenirs dans le sport ? Les envol\u00e9es du Stade Toulousain et les duels Villeneuve-Schumacher et H\u00e4kkinen-Schumacher \u00e0 la fin des ann\u00e9es 90, la Coupe du monde de football en 1998, l\u2019exploit du XV de France face aux All Blacks en 1999, mais aussi Richard C\u0153ur de Lion qui vole sur les montagnes du Tour de France. Bien parti pour devenir professeur d\u2019EPS, les \u00e9v\u00e9nements de la vie (et la flemme d\u2019animer des s\u00e9ances de 3x500 m\u00e8tres toute ma vie) m\u2019ont conduit \u00e0 revoir mes plans. Me voil\u00e0 depuis fin 2017 sur Dicodusport, m\u00e9dia gr\u00e2ce (et pour) lequel je partage ma passion : le sport dans tous ses \u00e9tats. Le tout accompagn\u00e9 par les fous furieux et folles furieuses cit\u00e9s sur cette page !","sameAs":["https:\/\/www.facebook.com\/florent.ostermann","https:\/\/x.com\/https:\/\/twitter.com\/FlOstermann","admin"],"url":"https:\/\/dicodusport.fr\/blog\/author\/flo\/"}]}},"_links":{"self":[{"href":"https:\/\/dicodusport.fr\/blog\/wp-json\/wp\/v2\/posts\/387181","targetHints":{"allow":["GET"]}}],"collection":[{"href":"https:\/\/dicodusport.fr\/blog\/wp-json\/wp\/v2\/posts"}],"about":[{"href":"https:\/\/dicodusport.fr\/blog\/wp-json\/wp\/v2\/types\/post"}],"author":[{"embeddable":true,"href":"https:\/\/dicodusport.fr\/blog\/wp-json\/wp\/v2\/users\/4"}],"replies":[{"embeddable":true,"href":"https:\/\/dicodusport.fr\/blog\/wp-json\/wp\/v2\/comments?post=387181"}],"version-history":[{"count":0,"href":"https:\/\/dicodusport.fr\/blog\/wp-json\/wp\/v2\/posts\/387181\/revisions"}],"wp:featuredmedia":[{"embeddable":true,"href":"https:\/\/dicodusport.fr\/blog\/wp-json\/wp\/v2\/media\/387186"}],"wp:attachment":[{"href":"https:\/\/dicodusport.fr\/blog\/wp-json\/wp\/v2\/media?parent=387181"}],"wp:term":[{"taxonomy":"category","embeddable":true,"href":"https:\/\/dicodusport.fr\/blog\/wp-json\/wp\/v2\/categories?post=387181"},{"taxonomy":"post_tag","embeddable":true,"href":"https:\/\/dicodusport.fr\/blog\/wp-json\/wp\/v2\/tags?post=387181"}],"curies":[{"name":"wp","href":"https:\/\/api.w.org\/{rel}","templated":true}]}}