{"id":387321,"date":"2023-06-04T09:23:54","date_gmt":"2023-06-04T07:23:54","guid":{"rendered":"https:\/\/dicodusport.fr\/blog\/?p=387321&#038;preview=true&#038;preview_id=387321"},"modified":"2023-06-04T09:23:06","modified_gmt":"2023-06-04T07:23:06","slug":"criterium-du-dauphine-2023-les-favoris-au-crible","status":"publish","type":"post","link":"https:\/\/dicodusport.fr\/blog\/criterium-du-dauphine-2023-les-favoris-au-crible\/","title":{"rendered":"Crit\u00e9rium du Dauphin\u00e9 2023 : Les favoris au crible"},"content":{"rendered":"<p style=\"text-align: justify;\"><em><strong>CRIT\u00c9RIUM DU DAUPHIN\u00c9 2023 &#8211; Le 75e \u00e9dition du Crit\u00e9rium du Dauphin\u00e9 d\u00e9butera ce dimanche 4 juin 2023. La course par \u00e9tapes fran\u00e7aise fait office de r\u00e9p\u00e9tition g\u00e9n\u00e9rale pour le Tour de France. On fait le tour des favoris.<\/strong><\/em><\/p>\n<h2 style=\"text-align: justify;\">Jonas Vingegaard, le grand favori<\/h2>\n<p style=\"text-align: justify;\">Deuxi\u00e8me l&rsquo;an dernier en laissant le leadership \u00e0 Roglic, <strong>Jonas Vingegaard<\/strong> sera l&rsquo;unique leader de la Jumbo-Visma et sera le grand favori \u00e0 la victoire finale. Malgr\u00e9 les absences de Roglic, Kelderman et Van Aert, le Danois aura une \u00e9quipe tr\u00e8s forte autour de lui. Largement en dessous de Pogacar et derri\u00e8re Gaudu sur Paris-Nice, <strong>Vingegaard<\/strong> a largement retrouv\u00e9 de sa superbe en dominant le <a href=\"https:\/\/dicodusport.fr\/blog\/criterium-du-dauphine-2023-a-quelle-heure-et-sur-quelle-chaine-tv\/\">Tour du Pays Basque<\/a>. On pourrait assister \u00e0 une nouvelle d\u00e9monstration sur les routes du Dauphin\u00e9.<\/p>\n<div class=\"vlp-link-container vlp-layout-article\"><a href=\"https:\/\/dicodusport.fr\/blog\/tour-du-pays-basque-2023-jonas-vingegaard-remporte-la-6eme-etape-en-patron\/\" class=\"vlp-link\" title=\"Tour du Pays Basque 2023 : Jonas Vingegaard remporte la 6\u00e8me \u00e9tape en patron\"><\/a><div class=\"vlp-layout-zone-side\"><div class=\"vlp-block-4 vlp-link-image\"><img loading=\"lazy\" decoding=\"async\" style=\"max-width: 800px;\" width=\"800\" height=\"445\" src=\"https:\/\/dicodusport.fr\/blog\/wp-content\/uploads\/2023\/04\/Tour-du-Pays-Basque-2023-Jonas-Vingegaard-remporte-la-6eme-etape-en-patron.png\" class=\"attachment-800x445 size-800x445\" alt=\"\" srcset=\"https:\/\/dicodusport.fr\/blog\/wp-content\/uploads\/2023\/04\/Tour-du-Pays-Basque-2023-Jonas-Vingegaard-remporte-la-6eme-etape-en-patron.png 800w, https:\/\/dicodusport.fr\/blog\/wp-content\/uploads\/2023\/04\/Tour-du-Pays-Basque-2023-Jonas-Vingegaard-remporte-la-6eme-etape-en-patron-300x167.png 300w, https:\/\/dicodusport.fr\/blog\/wp-content\/uploads\/2023\/04\/Tour-du-Pays-Basque-2023-Jonas-Vingegaard-remporte-la-6eme-etape-en-patron-768x427.png 768w\" sizes=\"auto, (max-width: 800px) 100vw, 800px\" \/><\/div><\/div><div class=\"vlp-layout-zone-main\"><div class=\"vlp-block-0 vlp-link-title\">Tour du Pays Basque 2023 : Jonas Vingegaard remporte la 6\u00e8me \u00e9tape en patron<\/div><div class=\"vlp-block-1 vlp-link-summary\">TOUR DU PAYS BASQUE 2023 - Jonas Vingegaard s'est adjug\u00e9 la sixi\u00e8me et derni\u00e8re \u00e9tape du Tour du Pays Basque \u00e0 Eibar.<\/div><div class=\"vlp-block-2 vlp-link-button\">Lire l'article<\/div><div class=\"vlp-block-3 vlp-link-url\">dicodusport.fr<\/div><\/div><\/div>\n<h2 style=\"text-align: justify;\">Yates et Gaudu comme principaux rivaux ?<\/h2>\n<p style=\"text-align: justify;\">Auteur d&rsquo;un super d\u00e9but de saison, <strong>David Gaudu<\/strong> \u00e9tait tr\u00e8s affaibli lors des classiques ardennaises en raison du pollen. Le grimpeur breton a pris du repos et s&rsquo;est pr\u00e9par\u00e9 en vue de son objectif premier principal de la saison : le Tour de France. Dix-septi\u00e8me l&rsquo;an dernier en explosant lors de la derni\u00e8re \u00e9tape, il sera important de ne pas revivre ce genre de m\u00e9saventure pour emmagasiner un maximum de confiance. Intrins\u00e8quement inf\u00e9rieur \u00e0 Vingegaard, <strong>Gaudu<\/strong> peut viser la deuxi\u00e8me place au g\u00e9n\u00e9ral en limitant la casse lors du chrono. Comme sur Paris-Nice, il s&rsquo;accrochera le plus longtemps possible au sillage de Vingegaard.<\/p>\n<p style=\"text-align: justify;\"><strong>Adam Yates<\/strong> devrait \u00eatre un s\u00e9rieux candidat au podium pour le classement g\u00e9n\u00e9ral. Le grimpeur britannique s&rsquo;est impos\u00e9 sur le <a href=\"https:\/\/dicodusport.fr\/blog\/tour-de-romandie-2023-classement-general\/\">Tour de Romandie<\/a> et a fini quatri\u00e8me sur l&rsquo;UAE Tour. Sur la course suisse, il a ma\u00eetris\u00e9 la concurrence sur l&rsquo;arriv\u00e9e au sommet \u00e0 Thyon 2000 alors qu&rsquo;aux \u00c9mirats Arabes Unis, Yates a sans doute perdu la victoire finale lors du coup de bordure du premier jour. Avant de jouer les \u00e9quipiers sur la Grande Boucle pour Pogacar, il sera \u00e0 la lutte avec les grimpeurs comme Mas ou Gaudu, derri\u00e8re Vingegaard. Yates prendra normalement un avantage sur le chrono sur ses rivaux.<\/p>\n<div class=\"vlp-link-container vlp-layout-article\"><a href=\"https:\/\/dicodusport.fr\/blog\/criterium-du-dauphine-2023-parcours-et-favoris\/\" class=\"vlp-link\" title=\"Crit\u00e9rium du Dauphin\u00e9 2023 : Parcours et favoris\"><\/a><div class=\"vlp-layout-zone-side\"><div class=\"vlp-block-4 vlp-link-image\"><img loading=\"lazy\" decoding=\"async\" style=\"max-width: 800px;\" width=\"800\" height=\"445\" src=\"https:\/\/dicodusport.fr\/blog\/wp-content\/uploads\/2023\/05\/Criterium-du-Dauphine-2023-Parcours-et-favoris.png\" class=\"attachment-800x445 size-800x445\" alt=\"Crit\u00e9rium du Dauphin\u00e9 2023 Parcours et favoris\" srcset=\"https:\/\/dicodusport.fr\/blog\/wp-content\/uploads\/2023\/05\/Criterium-du-Dauphine-2023-Parcours-et-favoris.png 800w, https:\/\/dicodusport.fr\/blog\/wp-content\/uploads\/2023\/05\/Criterium-du-Dauphine-2023-Parcours-et-favoris-300x167.png 300w, https:\/\/dicodusport.fr\/blog\/wp-content\/uploads\/2023\/05\/Criterium-du-Dauphine-2023-Parcours-et-favoris-768x427.png 768w\" sizes=\"auto, (max-width: 800px) 100vw, 800px\" \/><\/div><\/div><div class=\"vlp-layout-zone-main\"><div class=\"vlp-block-0 vlp-link-title\">Crit\u00e9rium du Dauphin\u00e9 2023 : Parcours et favoris<\/div><div class=\"vlp-block-1 vlp-link-summary\">CRIT\u00c9RIUM DU DAUPHIN\u00c9 2023 - Le 75e \u00e9dition du Crit\u00e9rium du Dauphin\u00e9 se tiendra du 4 au 11 juin 2023. Parcours et favoris.<\/div><div class=\"vlp-block-2 vlp-link-button\">Lire l'article<\/div><div class=\"vlp-block-3 vlp-link-url\">dicodusport.fr<\/div><\/div><\/div>\n<h2 style=\"text-align: justify;\">De nombreux outsiders<\/h2>\n<p style=\"text-align: justify;\"><strong>Enric Mas<\/strong> a \u00e9t\u00e9 solide, mais pas transcendant depuis le d\u00e9but de saison. Cinqui\u00e8me au Pays basque et sixi\u00e8me sur Tirreno-Adriatico, les dirigeants de la Movistar attendent beaucoup mieux du grimpeur d&rsquo;Art\u00e0. L&rsquo;Espagnol doit retrouver le niveau de la fin de saison derni\u00e8re o\u00f9 il rivalisait avec <strong>Remco Evenepoel<\/strong> sur La Vuelta et avec <strong>Tadej Pogacar<\/strong> sur les classiques italiennes. Clairement en dessous en contre-la-montre par rapport \u00e0 <strong>Yates<\/strong> et \u00e0 <strong>Vingegaard<\/strong>, il essaiera dans un premier temps de d\u00e9bloquer son compteur lors des trois derni\u00e8res \u00e9tapes o\u00f9 les ascensions proposeront des rampes abruptes comme il les aime. Une bonne place au g\u00e9n\u00e9ral pourrait venir pour la m\u00eame occasion.<\/p>\n<p style=\"text-align: justify;\">Comme son compatriote Mas, <strong>Mikel Landa<\/strong> devrait souffrir sur le chrono en attendant un week-end plus radieux dans les Alpes. Meilleur des autres au Pays Basque, Landa aura sans doute l&rsquo;objectif de lever les bras lors des trois derni\u00e8res journ\u00e9es de course. Malgr\u00e9 ses lacunes dans l&rsquo;\u00e9preuve chronom\u00e9tr\u00e9e, le Basque peut esp\u00e9rer une place dans le Top 5. En tout cas, depuis le d\u00e9but de saison, il n&rsquo;a jamais manqu\u00e9 de panache.<\/p>\n<p style=\"text-align: justify;\">Troisi\u00e8me du Dauphin\u00e9 l&rsquo;an dernier en \u00e9tant loin derri\u00e8re le duo de la Jumbo-Visma, <strong>Ben O&rsquo;Connor<\/strong> se retrouvera \u00e0 nouveau \u00e0 la lutte pour un potentiel podium. En de\u00e7\u00e0 de ses esp\u00e9rances en d\u00e9but de saison, l&rsquo;Australien doit briller sur les terres de sa formation. Il doit limiter la casse sur le chrono et faire preuve de r\u00e9gularit\u00e9 lors des trois \u00e9tapes cl\u00e9s. Normalement, il devrait \u00eatre un peu en-dessous de Gaudu et de Yates. Mais, rien n&rsquo;est \u00e9crit en avance en termes de performance, surtout \u00e0 un mois du Tour.<\/p>\n<p style=\"text-align: justify;\">Discret depuis le d\u00e9but de saison, <strong>Richard Carapaz <\/strong>vient de rempoter la <a href=\"https:\/\/dicodusport.fr\/blog\/classement-mercantour-classic-2023\/\">Mercan&rsquo;Tour Classic<\/a>, mais face \u00e0 une concurrence moindre. L&rsquo;\u00c9quatorien va continuer de se tester lors des \u00e9tapes de montagne afin de continuer sa pr\u00e9paration en vue du Tour de France. Un top 10 serait une base solide.<\/p>\n<div class=\"vlp-link-container vlp-layout-article\"><a href=\"https:\/\/dicodusport.fr\/blog\/mercantour-classic-2023-richard-carapaz-remporte-la-troisieme-edition\/\" class=\"vlp-link\" title=\"Mercan&#039;Tour Classic 2023 : Richard Carapaz remporte la troisi\u00e8me \u00e9dition\"><\/a><div class=\"vlp-layout-zone-side\"><div class=\"vlp-block-4 vlp-link-image\"><img loading=\"lazy\" decoding=\"async\" style=\"max-width: 800px;\" width=\"800\" height=\"445\" src=\"https:\/\/dicodusport.fr\/blog\/wp-content\/uploads\/2023\/05\/MercanTour-Classic-2023-Richard-Carapaz-remporte-la-troisieme-edition.png\" class=\"attachment-800x445 size-800x445\" alt=\"Mercan&#039;Tour Classic 2023 Richard Carapaz remporte la troisi\u00e8me \u00e9dition\" srcset=\"https:\/\/dicodusport.fr\/blog\/wp-content\/uploads\/2023\/05\/MercanTour-Classic-2023-Richard-Carapaz-remporte-la-troisieme-edition.png 800w, https:\/\/dicodusport.fr\/blog\/wp-content\/uploads\/2023\/05\/MercanTour-Classic-2023-Richard-Carapaz-remporte-la-troisieme-edition-300x167.png 300w, https:\/\/dicodusport.fr\/blog\/wp-content\/uploads\/2023\/05\/MercanTour-Classic-2023-Richard-Carapaz-remporte-la-troisieme-edition-768x427.png 768w\" sizes=\"auto, (max-width: 800px) 100vw, 800px\" \/><\/div><\/div><div class=\"vlp-layout-zone-main\"><div class=\"vlp-block-0 vlp-link-title\">Mercan'Tour Classic 2023 : Richard Carapaz remporte la troisi\u00e8me \u00e9dition<\/div><div class=\"vlp-block-1 vlp-link-summary\">MERCAN'TOUR CLASSIC 2023 - Le champion olympique Richard Carapaz (EF Education EasyPost) s'est impos\u00e9 sur la troisi\u00e8me \u00e9dition de la Mercan'Tour Classic Alpes-Maritimes \u00e0 Valberg, mardi. Il a devanc\u00e9 Felix Gall (AG2R Citro\u00ebn) et Lennert Van Eetvelt (Lotto Dstny). Lenny Martinez (Groupama-FDJ) a termin\u00e9 quatri\u00e8me.\u00a0<\/div><div class=\"vlp-block-2 vlp-link-button\">Lire l'article<\/div><div class=\"vlp-block-3 vlp-link-url\">dicodusport.fr<\/div><\/div><\/div>\n<p style=\"text-align: justify;\">Le vainqueur du Tour d&rsquo;Italie 2022 monte en puissance au fur et \u00e0 mesure de la saison. Encore loin de rivaliser avec les meilleurs, <strong>Jai Hindley<\/strong> a encore un mois pour trouver la forme optimale pour jouer un bon classement g\u00e9n\u00e9ral sur le Tour. Le Dauphin\u00e9 fera office de dernier test pour lui afin de voir le chemin qu&rsquo;il reste \u00e0 faire.<\/p>\n<h2 style=\"text-align: justify;\">Qui peut surprendre ?<\/h2>\n<p style=\"text-align: justify;\"><strong>Max Poole<\/strong> (Team DSM) est une des r\u00e9v\u00e9lations du d\u00e9but de saison sur les classements g\u00e9n\u00e9raux avec deux quatri\u00e8mes places en Hongrie et en Romandie. Le grimpeur britannique va pouvoir se mesurer au gratin mondial.<\/p>\n<p style=\"text-align: justify;\">Souvent plac\u00e9, rarement gagnant, <strong>Guillaume Martin<\/strong> (Cofidis) a encore accumul\u00e9 les places d&rsquo;honneur cette saison. Le Normand ne peut pas rivaliser avec les meilleurs grimpeurs mondiaux. Comme \u00e0 son habitude, Martin tentera d&rsquo;anticiper les grandes man\u0153uvres pour esp\u00e9rer d\u00e9crocher un bouquet.<\/p>\n<p style=\"text-align: justify;\">Invit\u00e9e sur la Grande Boucle, l&rsquo;\u00e9quipe Uno-X Pro Cycling se pr\u00e9sentera sur le Dauphin\u00e9 avec la carte <strong>Torstein Tr\u00e6en<\/strong> en montagne. Tr\u00e6en revient d&rsquo;un cancer et a fini 10e du Tour des Alpes. L&rsquo;\u00e9quipe scandinave devrait animer les \u00e9tapes, mais on aura un \u0153il sur les performances de son grimpeur.<\/p>\n<div class=\"vlp-link-container vlp-layout-article\"><a href=\"https:\/\/dicodusport.fr\/blog\/torstein-traeen-lhistoire-dun-cycliste-sauve-par-un-controle-antidopage-qui-revela-un-cancer\/\" class=\"vlp-link\" title=\"Torstein Traeen, l&#039;histoire d&#039;un cycliste sauv\u00e9 par un contr\u00f4le antidopage qui r\u00e9v\u00e9la un cancer\"><\/a><div class=\"vlp-layout-zone-side\"><div class=\"vlp-block-4 vlp-link-image\"><img loading=\"lazy\" decoding=\"async\" style=\"max-width: 800px;\" width=\"800\" height=\"445\" src=\"https:\/\/dicodusport.fr\/blog\/wp-content\/uploads\/2023\/03\/Un-coureur-cycliste-sauve-par-un-controle-antidopage-qui-revele-un-cancer.png\" class=\"attachment-800x445 size-800x445\" alt=\"Un coureur cycliste sauv\u00e9 par un contr\u00f4le antidopage qui r\u00e9v\u00e8le un cancer\" srcset=\"https:\/\/dicodusport.fr\/blog\/wp-content\/uploads\/2023\/03\/Un-coureur-cycliste-sauve-par-un-controle-antidopage-qui-revele-un-cancer.png 800w, https:\/\/dicodusport.fr\/blog\/wp-content\/uploads\/2023\/03\/Un-coureur-cycliste-sauve-par-un-controle-antidopage-qui-revele-un-cancer-300x167.png 300w, https:\/\/dicodusport.fr\/blog\/wp-content\/uploads\/2023\/03\/Un-coureur-cycliste-sauve-par-un-controle-antidopage-qui-revele-un-cancer-768x427.png 768w\" sizes=\"auto, (max-width: 800px) 100vw, 800px\" \/><\/div><\/div><div class=\"vlp-layout-zone-main\"><div class=\"vlp-block-0 vlp-link-title\">Torstein Traeen, l'histoire d'un cycliste sauv\u00e9 par un contr\u00f4le antidopage qui r\u00e9v\u00e9la un cancer<\/div><div class=\"vlp-block-1 vlp-link-summary\">CYCLISME SUR ROUTE 2023 - Torstein Traeen (Uno-X Pro Cycling) a d\u00e9couvert qu'il avait un cancer \u00e0 la suite d'un contr\u00f4le antidopage.<\/div><div class=\"vlp-block-2 vlp-link-button\">Lire l'article<\/div><div class=\"vlp-block-3 vlp-link-url\">dicodusport.fr<\/div><\/div><\/div>\n<h2 style=\"text-align: justify;\">Des doutes chez INEOS Grenadiers<\/h2>\n<p style=\"text-align: justify;\">Apr\u00e8s un prometteur Tour d&rsquo;Andalousie, <strong>Carlos Rodriguez<\/strong> a lourdement chut\u00e9 sur les Strade Bianche. L&rsquo;espoir espagnol de l&rsquo;\u00e9quipe INEOS Grenadiers retrouvera le chemin de la comp\u00e9tition sur les routes du Dauphin\u00e9, avec quelques doutes sur sa condition. S&rsquo;il est en bonne condition, il peut entrer dans le Top 5.<\/p>\n<p style=\"text-align: justify;\">Huiti\u00e8me du Tour de Romandie et du Tour de Hongrie, <strong>Egan Bernal<\/strong> a retrouv\u00e9 des sensations apr\u00e8s quelques p\u00e9pins physiques en d\u00e9but de saison. Son objectif sera de faire encore mieux dans les Alpes, pour entrevoir le Egan Bernal qu&rsquo;il a \u00e9t\u00e9.<\/p>\n<p style=\"text-align: justify;\"><strong>Daniel Felipe Martinez<\/strong> a remport\u00e9 le Tour d&rsquo;Algarve. Sinon, il est pass\u00e9 compl\u00e8tement \u00e0 c\u00f4t\u00e9 du compte sur Paris-Nice et sur le Tour du Pays Basque. Le vainqueur de l&rsquo;\u00e9dition 2020 va-t-il r\u00e9appara\u00eetre ?<\/p>\n<h2 style=\"text-align: justify;\">\u00c0 lire aussi<\/h2>\n<ul>\n<li style=\"text-align: justify;\"><strong><a href=\"https:\/\/dicodusport.fr\/blog\/criterium-du-dauphine-2023-les-engages\/\">Crit\u00e9rium du Dauphin\u00e9 2023 : Les engag\u00e9s<\/a>\u00a0<\/strong><\/li>\n<li style=\"text-align: justify;\"><strong><a href=\"https:\/\/dicodusport.fr\/blog\/criterium-du-dauphine-2023-a-quelle-heure-et-sur-quelle-chaine-tv\/\">Crit\u00e9rium du Dauphin\u00e9 2023 : \u00c0 quelle heure et sur quelle cha\u00eene TV<\/a>\u00a0<\/strong><\/li>\n<\/ul>\n","protected":false},"excerpt":{"rendered":"<p>CRIT\u00c9RIUM DU DAUPHIN\u00c9 2023 &#8211; Le 75e \u00e9dition du Crit\u00e9rium du Dauphin\u00e9 d\u00e9butera ce dimanche 4 juin 2023. La course par \u00e9tapes fran\u00e7aise fait office de r\u00e9p\u00e9tition g\u00e9n\u00e9rale pour le Tour de France. On fait le tour des favoris.<\/p>\n","protected":false},"author":48,"featured_media":387681,"comment_status":"open","ping_status":"closed","sticky":false,"template":"","format":"standard","meta":{"_acf_changed":false,"_daextam_enable_autolinks":"","footnotes":""},"categories":[46994],"tags":[16878,8057,24],"class_list":["post-387321","post","type-post","status-publish","format-standard","has-post-thumbnail","hentry","category-cyclisme-sur-route","tag-breve","tag-criterium-du-dauphine","tag-sport"],"acf":[],"yoast_head":"<!-- This site is optimized with the Yoast SEO Premium plugin v26.7 (Yoast SEO v26.7) - https:\/\/yoast.com\/wordpress\/plugins\/seo\/ -->\n<title>Crit\u00e9rium du Dauphin\u00e9 2023 : Les favoris au crible<\/title>\n<meta name=\"description\" content=\"CRIT\u00c9RIUM DU DAUPHIN\u00c9 2023 - Le 75e \u00e9dition du Crit\u00e9rium du Dauphin\u00e9 d\u00e9butera ce dimanche 4 juin 2023. Les favoris au crible.\" \/>\n<meta name=\"robots\" content=\"index, follow, max-snippet:-1, max-image-preview:large, max-video-preview:-1\" \/>\n<link rel=\"canonical\" href=\"https:\/\/dicodusport.fr\/blog\/criterium-du-dauphine-2023-les-favoris-au-crible\/\" \/>\n<meta property=\"og:locale\" content=\"fr_FR\" \/>\n<meta property=\"og:type\" content=\"article\" \/>\n<meta property=\"og:title\" content=\"Crit\u00e9rium du Dauphin\u00e9 2023 : Les favoris au crible\" \/>\n<meta property=\"og:description\" content=\"CRIT\u00c9RIUM DU DAUPHIN\u00c9 2023 - Le 75e \u00e9dition du Crit\u00e9rium du Dauphin\u00e9 d\u00e9butera ce dimanche 4 juin 2023. Les favoris au crible.\" \/>\n<meta property=\"og:url\" content=\"https:\/\/dicodusport.fr\/blog\/criterium-du-dauphine-2023-les-favoris-au-crible\/\" \/>\n<meta property=\"og:site_name\" content=\"Dicodusport\" \/>\n<meta property=\"article:publisher\" content=\"https:\/\/www.facebook.com\/dicodusport\" \/>\n<meta property=\"article:author\" content=\"https:\/\/www.facebook.com\/groups\/LesRoisDuPeloton\" \/>\n<meta property=\"article:published_time\" content=\"2023-06-04T07:23:54+00:00\" \/>\n<meta property=\"og:image\" content=\"https:\/\/dicodusport.fr\/blog\/wp-content\/uploads\/2023\/06\/Criterium-du-Dauphine-2023-Les-favoris-au-crible.png\" \/>\n\t<meta property=\"og:image:width\" content=\"800\" \/>\n\t<meta property=\"og:image:height\" content=\"445\" \/>\n\t<meta property=\"og:image:type\" content=\"image\/png\" \/>\n<meta name=\"author\" content=\"Emilien Descampiaux\" \/>\n<meta name=\"twitter:card\" content=\"summary_large_image\" \/>\n<meta name=\"twitter:title\" content=\"Crit\u00e9rium du Dauphin\u00e9 2023 : Les favoris au crible\" \/>\n<meta name=\"twitter:creator\" content=\"@https:\/\/twitter.com\/LRoisDuPeloton\" \/>\n<meta name=\"twitter:site\" content=\"@dicodusport\" \/>\n<script type=\"application\/ld+json\" class=\"yoast-schema-graph\">{\"@context\":\"https:\/\/schema.org\",\"@graph\":[{\"@type\":\"NewsArticle\",\"@id\":\"https:\/\/dicodusport.fr\/blog\/criterium-du-dauphine-2023-les-favoris-au-crible\/#article\",\"isPartOf\":{\"@id\":\"https:\/\/dicodusport.fr\/blog\/criterium-du-dauphine-2023-les-favoris-au-crible\/\"},\"author\":{\"name\":\"Emilien Descampiaux\",\"@id\":\"https:\/\/dicodusport.fr\/blog\/#\/schema\/person\/6db4bae06b171592211be385b32876a7\"},\"headline\":\"Crit\u00e9rium du Dauphin\u00e9 2023 : Les favoris au crible\",\"datePublished\":\"2023-06-04T07:23:54+00:00\",\"mainEntityOfPage\":{\"@id\":\"https:\/\/dicodusport.fr\/blog\/criterium-du-dauphine-2023-les-favoris-au-crible\/\"},\"wordCount\":1455,\"commentCount\":0,\"publisher\":{\"@id\":\"https:\/\/dicodusport.fr\/blog\/#organization\"},\"image\":{\"@id\":\"https:\/\/dicodusport.fr\/blog\/criterium-du-dauphine-2023-les-favoris-au-crible\/#primaryimage\"},\"thumbnailUrl\":\"https:\/\/dicodusport.fr\/blog\/wp-content\/uploads\/2023\/06\/Criterium-du-Dauphine-2023-Les-favoris-au-crible.png\",\"keywords\":[\"br\u00e8ve\",\"Crit\u00e9rium du Dauphin\u00e9\",\"sport\"],\"articleSection\":[\"Cyclisme sur route\"],\"inLanguage\":\"fr-FR\",\"potentialAction\":[{\"@type\":\"CommentAction\",\"name\":\"Comment\",\"target\":[\"https:\/\/dicodusport.fr\/blog\/criterium-du-dauphine-2023-les-favoris-au-crible\/#respond\"]}],\"copyrightYear\":\"2023\",\"copyrightHolder\":{\"@id\":\"https:\/\/dicodusport.fr\/blog\/#organization\"}},{\"@type\":\"WebPage\",\"@id\":\"https:\/\/dicodusport.fr\/blog\/criterium-du-dauphine-2023-les-favoris-au-crible\/\",\"url\":\"https:\/\/dicodusport.fr\/blog\/criterium-du-dauphine-2023-les-favoris-au-crible\/\",\"name\":\"Crit\u00e9rium du Dauphin\u00e9 2023 : Les favoris au crible\",\"isPartOf\":{\"@id\":\"https:\/\/dicodusport.fr\/blog\/#website\"},\"primaryImageOfPage\":{\"@id\":\"https:\/\/dicodusport.fr\/blog\/criterium-du-dauphine-2023-les-favoris-au-crible\/#primaryimage\"},\"image\":{\"@id\":\"https:\/\/dicodusport.fr\/blog\/criterium-du-dauphine-2023-les-favoris-au-crible\/#primaryimage\"},\"thumbnailUrl\":\"https:\/\/dicodusport.fr\/blog\/wp-content\/uploads\/2023\/06\/Criterium-du-Dauphine-2023-Les-favoris-au-crible.png\",\"datePublished\":\"2023-06-04T07:23:54+00:00\",\"description\":\"CRIT\u00c9RIUM DU DAUPHIN\u00c9 2023 - Le 75e \u00e9dition du Crit\u00e9rium du Dauphin\u00e9 d\u00e9butera ce dimanche 4 juin 2023. Les favoris au crible.\",\"breadcrumb\":{\"@id\":\"https:\/\/dicodusport.fr\/blog\/criterium-du-dauphine-2023-les-favoris-au-crible\/#breadcrumb\"},\"inLanguage\":\"fr-FR\",\"potentialAction\":[{\"@type\":\"ReadAction\",\"target\":[\"https:\/\/dicodusport.fr\/blog\/criterium-du-dauphine-2023-les-favoris-au-crible\/\"]}]},{\"@type\":\"ImageObject\",\"inLanguage\":\"fr-FR\",\"@id\":\"https:\/\/dicodusport.fr\/blog\/criterium-du-dauphine-2023-les-favoris-au-crible\/#primaryimage\",\"url\":\"https:\/\/dicodusport.fr\/blog\/wp-content\/uploads\/2023\/06\/Criterium-du-Dauphine-2023-Les-favoris-au-crible.png\",\"contentUrl\":\"https:\/\/dicodusport.fr\/blog\/wp-content\/uploads\/2023\/06\/Criterium-du-Dauphine-2023-Les-favoris-au-crible.png\",\"width\":800,\"height\":445,\"caption\":\"Crit\u00e9rium du Dauphin\u00e9 2023 Les favoris au crible\"},{\"@type\":\"BreadcrumbList\",\"@id\":\"https:\/\/dicodusport.fr\/blog\/criterium-du-dauphine-2023-les-favoris-au-crible\/#breadcrumb\",\"itemListElement\":[{\"@type\":\"ListItem\",\"position\":1,\"name\":\"Accueil\",\"item\":\"https:\/\/dicodusport.fr\/blog\/\"},{\"@type\":\"ListItem\",\"position\":2,\"name\":\"Crit\u00e9rium du Dauphin\u00e9 2023 : Les favoris au crible\"}]},{\"@type\":\"WebSite\",\"@id\":\"https:\/\/dicodusport.fr\/blog\/#website\",\"url\":\"https:\/\/dicodusport.fr\/blog\/\",\"name\":\"Dicodusport\",\"description\":\"L&#039;encyclop\u00e9die de l&#039;actualit\u00e9 sportive\",\"publisher\":{\"@id\":\"https:\/\/dicodusport.fr\/blog\/#organization\"},\"potentialAction\":[{\"@type\":\"SearchAction\",\"target\":{\"@type\":\"EntryPoint\",\"urlTemplate\":\"https:\/\/dicodusport.fr\/blog\/?s={search_term_string}\"},\"query-input\":{\"@type\":\"PropertyValueSpecification\",\"valueRequired\":true,\"valueName\":\"search_term_string\"}}],\"inLanguage\":\"fr-FR\"},{\"@type\":\"NewsMediaOrganization\",\"@id\":\"https:\/\/dicodusport.fr\/blog\/#organization\",\"name\":\"Dicodusport\",\"url\":\"https:\/\/dicodusport.fr\/blog\/\",\"logo\":{\"@type\":\"ImageObject\",\"inLanguage\":\"fr-FR\",\"@id\":\"https:\/\/dicodusport.fr\/blog\/#\/schema\/logo\/image\/\",\"url\":\"https:\/\/dicodusport.fr\/blog\/wp-content\/uploads\/2020\/06\/cropped-LOGO-DICODUSPORT-2020-SANS-FOND-SANS-TEXTE.png\",\"contentUrl\":\"https:\/\/dicodusport.fr\/blog\/wp-content\/uploads\/2020\/06\/cropped-LOGO-DICODUSPORT-2020-SANS-FOND-SANS-TEXTE.png\",\"width\":512,\"height\":512,\"caption\":\"Dicodusport\"},\"image\":{\"@id\":\"https:\/\/dicodusport.fr\/blog\/#\/schema\/logo\/image\/\"},\"sameAs\":[\"https:\/\/www.facebook.com\/dicodusport\",\"https:\/\/x.com\/dicodusport\",\"https:\/\/www.instagram.com\/dicodusport\/\",\"https:\/\/www.youtube.com\/channel\/UC7V2KZ5sd3htJivAbA4ZG3w\"],\"description\":\"Dicodusport est l'encyclop\u00e9die de l'actualit\u00e9 sportive.\",\"email\":\"bonjour@dicodusport.fr\",\"legalName\":\"DICODUSPORT\",\"foundingDate\":\"2018-01-14\",\"vatID\":\"FR71834470973\",\"taxID\":\"83447097300043\",\"numberOfEmployees\":{\"@type\":\"QuantitativeValue\",\"minValue\":\"1\",\"maxValue\":\"10\"}},{\"@type\":\"Person\",\"@id\":\"https:\/\/dicodusport.fr\/blog\/#\/schema\/person\/6db4bae06b171592211be385b32876a7\",\"name\":\"Emilien Descampiaux\",\"image\":{\"@type\":\"ImageObject\",\"inLanguage\":\"fr-FR\",\"@id\":\"https:\/\/dicodusport.fr\/blog\/#\/schema\/person\/image\/\",\"url\":\"https:\/\/dicodusport.fr\/blog\/wp-content\/uploads\/2021\/05\/Emilien-Descampiaux-150x150.jpg\",\"contentUrl\":\"https:\/\/dicodusport.fr\/blog\/wp-content\/uploads\/2021\/05\/Emilien-Descampiaux-150x150.jpg\",\"caption\":\"Emilien Descampiaux\"},\"description\":\"Journaliste\/r\u00e9dacteur depuis 2014 - Fan de la classe de Frank Vandenbroucke, je vis cyclisme (et de ses paysages) depuis plus de 20 ans. Je suis tr\u00e8s impliqu\u00e9 sur mes diff\u00e9rents r\u00e9seaux sociaux pour partager ma passion sur le monde et l'Histoire de la bicyclette avec ma voix sur les images en noir et blanc du succ\u00e8s de Rik Van Steenbergen lors du Ronde sur le V\u00e9lodrome de Gand.\",\"sameAs\":[\"https:\/\/www.facebook.com\/groups\/LesRoisDuPeloton\",\"https:\/\/x.com\/https:\/\/twitter.com\/LRoisDuPeloton\"],\"url\":\"https:\/\/dicodusport.fr\/blog\/author\/emiliend\/\"}]}<\/script>\n<!-- \/ Yoast SEO Premium plugin. -->","yoast_head_json":{"title":"Crit\u00e9rium du Dauphin\u00e9 2023 : Les favoris au crible","description":"CRIT\u00c9RIUM DU DAUPHIN\u00c9 2023 - Le 75e \u00e9dition du Crit\u00e9rium du Dauphin\u00e9 d\u00e9butera ce dimanche 4 juin 2023. Les favoris au crible.","robots":{"index":"index","follow":"follow","max-snippet":"max-snippet:-1","max-image-preview":"max-image-preview:large","max-video-preview":"max-video-preview:-1"},"canonical":"https:\/\/dicodusport.fr\/blog\/criterium-du-dauphine-2023-les-favoris-au-crible\/","og_locale":"fr_FR","og_type":"article","og_title":"Crit\u00e9rium du Dauphin\u00e9 2023 : Les favoris au crible","og_description":"CRIT\u00c9RIUM DU DAUPHIN\u00c9 2023 - Le 75e \u00e9dition du Crit\u00e9rium du Dauphin\u00e9 d\u00e9butera ce dimanche 4 juin 2023. Les favoris au crible.","og_url":"https:\/\/dicodusport.fr\/blog\/criterium-du-dauphine-2023-les-favoris-au-crible\/","og_site_name":"Dicodusport","article_publisher":"https:\/\/www.facebook.com\/dicodusport","article_author":"https:\/\/www.facebook.com\/groups\/LesRoisDuPeloton","article_published_time":"2023-06-04T07:23:54+00:00","og_image":[{"width":800,"height":445,"url":"https:\/\/dicodusport.fr\/blog\/wp-content\/uploads\/2023\/06\/Criterium-du-Dauphine-2023-Les-favoris-au-crible.png","type":"image\/png"}],"author":"Emilien Descampiaux","twitter_card":"summary_large_image","twitter_title":"Crit\u00e9rium du Dauphin\u00e9 2023 : Les favoris au crible","twitter_creator":"@https:\/\/twitter.com\/LRoisDuPeloton","twitter_site":"@dicodusport","schema":{"@context":"https:\/\/schema.org","@graph":[{"@type":"NewsArticle","@id":"https:\/\/dicodusport.fr\/blog\/criterium-du-dauphine-2023-les-favoris-au-crible\/#article","isPartOf":{"@id":"https:\/\/dicodusport.fr\/blog\/criterium-du-dauphine-2023-les-favoris-au-crible\/"},"author":{"name":"Emilien Descampiaux","@id":"https:\/\/dicodusport.fr\/blog\/#\/schema\/person\/6db4bae06b171592211be385b32876a7"},"headline":"Crit\u00e9rium du Dauphin\u00e9 2023 : Les favoris au crible","datePublished":"2023-06-04T07:23:54+00:00","mainEntityOfPage":{"@id":"https:\/\/dicodusport.fr\/blog\/criterium-du-dauphine-2023-les-favoris-au-crible\/"},"wordCount":1455,"commentCount":0,"publisher":{"@id":"https:\/\/dicodusport.fr\/blog\/#organization"},"image":{"@id":"https:\/\/dicodusport.fr\/blog\/criterium-du-dauphine-2023-les-favoris-au-crible\/#primaryimage"},"thumbnailUrl":"https:\/\/dicodusport.fr\/blog\/wp-content\/uploads\/2023\/06\/Criterium-du-Dauphine-2023-Les-favoris-au-crible.png","keywords":["br\u00e8ve","Crit\u00e9rium du Dauphin\u00e9","sport"],"articleSection":["Cyclisme sur route"],"inLanguage":"fr-FR","potentialAction":[{"@type":"CommentAction","name":"Comment","target":["https:\/\/dicodusport.fr\/blog\/criterium-du-dauphine-2023-les-favoris-au-crible\/#respond"]}],"copyrightYear":"2023","copyrightHolder":{"@id":"https:\/\/dicodusport.fr\/blog\/#organization"}},{"@type":"WebPage","@id":"https:\/\/dicodusport.fr\/blog\/criterium-du-dauphine-2023-les-favoris-au-crible\/","url":"https:\/\/dicodusport.fr\/blog\/criterium-du-dauphine-2023-les-favoris-au-crible\/","name":"Crit\u00e9rium du Dauphin\u00e9 2023 : Les favoris au crible","isPartOf":{"@id":"https:\/\/dicodusport.fr\/blog\/#website"},"primaryImageOfPage":{"@id":"https:\/\/dicodusport.fr\/blog\/criterium-du-dauphine-2023-les-favoris-au-crible\/#primaryimage"},"image":{"@id":"https:\/\/dicodusport.fr\/blog\/criterium-du-dauphine-2023-les-favoris-au-crible\/#primaryimage"},"thumbnailUrl":"https:\/\/dicodusport.fr\/blog\/wp-content\/uploads\/2023\/06\/Criterium-du-Dauphine-2023-Les-favoris-au-crible.png","datePublished":"2023-06-04T07:23:54+00:00","description":"CRIT\u00c9RIUM DU DAUPHIN\u00c9 2023 - Le 75e \u00e9dition du Crit\u00e9rium du Dauphin\u00e9 d\u00e9butera ce dimanche 4 juin 2023. Les favoris au crible.","breadcrumb":{"@id":"https:\/\/dicodusport.fr\/blog\/criterium-du-dauphine-2023-les-favoris-au-crible\/#breadcrumb"},"inLanguage":"fr-FR","potentialAction":[{"@type":"ReadAction","target":["https:\/\/dicodusport.fr\/blog\/criterium-du-dauphine-2023-les-favoris-au-crible\/"]}]},{"@type":"ImageObject","inLanguage":"fr-FR","@id":"https:\/\/dicodusport.fr\/blog\/criterium-du-dauphine-2023-les-favoris-au-crible\/#primaryimage","url":"https:\/\/dicodusport.fr\/blog\/wp-content\/uploads\/2023\/06\/Criterium-du-Dauphine-2023-Les-favoris-au-crible.png","contentUrl":"https:\/\/dicodusport.fr\/blog\/wp-content\/uploads\/2023\/06\/Criterium-du-Dauphine-2023-Les-favoris-au-crible.png","width":800,"height":445,"caption":"Crit\u00e9rium du Dauphin\u00e9 2023 Les favoris au crible"},{"@type":"BreadcrumbList","@id":"https:\/\/dicodusport.fr\/blog\/criterium-du-dauphine-2023-les-favoris-au-crible\/#breadcrumb","itemListElement":[{"@type":"ListItem","position":1,"name":"Accueil","item":"https:\/\/dicodusport.fr\/blog\/"},{"@type":"ListItem","position":2,"name":"Crit\u00e9rium du Dauphin\u00e9 2023 : Les favoris au crible"}]},{"@type":"WebSite","@id":"https:\/\/dicodusport.fr\/blog\/#website","url":"https:\/\/dicodusport.fr\/blog\/","name":"Dicodusport","description":"L&#039;encyclop\u00e9die de l&#039;actualit\u00e9 sportive","publisher":{"@id":"https:\/\/dicodusport.fr\/blog\/#organization"},"potentialAction":[{"@type":"SearchAction","target":{"@type":"EntryPoint","urlTemplate":"https:\/\/dicodusport.fr\/blog\/?s={search_term_string}"},"query-input":{"@type":"PropertyValueSpecification","valueRequired":true,"valueName":"search_term_string"}}],"inLanguage":"fr-FR"},{"@type":"NewsMediaOrganization","@id":"https:\/\/dicodusport.fr\/blog\/#organization","name":"Dicodusport","url":"https:\/\/dicodusport.fr\/blog\/","logo":{"@type":"ImageObject","inLanguage":"fr-FR","@id":"https:\/\/dicodusport.fr\/blog\/#\/schema\/logo\/image\/","url":"https:\/\/dicodusport.fr\/blog\/wp-content\/uploads\/2020\/06\/cropped-LOGO-DICODUSPORT-2020-SANS-FOND-SANS-TEXTE.png","contentUrl":"https:\/\/dicodusport.fr\/blog\/wp-content\/uploads\/2020\/06\/cropped-LOGO-DICODUSPORT-2020-SANS-FOND-SANS-TEXTE.png","width":512,"height":512,"caption":"Dicodusport"},"image":{"@id":"https:\/\/dicodusport.fr\/blog\/#\/schema\/logo\/image\/"},"sameAs":["https:\/\/www.facebook.com\/dicodusport","https:\/\/x.com\/dicodusport","https:\/\/www.instagram.com\/dicodusport\/","https:\/\/www.youtube.com\/channel\/UC7V2KZ5sd3htJivAbA4ZG3w"],"description":"Dicodusport est l'encyclop\u00e9die de l'actualit\u00e9 sportive.","email":"bonjour@dicodusport.fr","legalName":"DICODUSPORT","foundingDate":"2018-01-14","vatID":"FR71834470973","taxID":"83447097300043","numberOfEmployees":{"@type":"QuantitativeValue","minValue":"1","maxValue":"10"}},{"@type":"Person","@id":"https:\/\/dicodusport.fr\/blog\/#\/schema\/person\/6db4bae06b171592211be385b32876a7","name":"Emilien Descampiaux","image":{"@type":"ImageObject","inLanguage":"fr-FR","@id":"https:\/\/dicodusport.fr\/blog\/#\/schema\/person\/image\/","url":"https:\/\/dicodusport.fr\/blog\/wp-content\/uploads\/2021\/05\/Emilien-Descampiaux-150x150.jpg","contentUrl":"https:\/\/dicodusport.fr\/blog\/wp-content\/uploads\/2021\/05\/Emilien-Descampiaux-150x150.jpg","caption":"Emilien Descampiaux"},"description":"Journaliste\/r\u00e9dacteur depuis 2014 - Fan de la classe de Frank Vandenbroucke, je vis cyclisme (et de ses paysages) depuis plus de 20 ans. Je suis tr\u00e8s impliqu\u00e9 sur mes diff\u00e9rents r\u00e9seaux sociaux pour partager ma passion sur le monde et l'Histoire de la bicyclette avec ma voix sur les images en noir et blanc du succ\u00e8s de Rik Van Steenbergen lors du Ronde sur le V\u00e9lodrome de Gand.","sameAs":["https:\/\/www.facebook.com\/groups\/LesRoisDuPeloton","https:\/\/x.com\/https:\/\/twitter.com\/LRoisDuPeloton"],"url":"https:\/\/dicodusport.fr\/blog\/author\/emiliend\/"}]}},"_links":{"self":[{"href":"https:\/\/dicodusport.fr\/blog\/wp-json\/wp\/v2\/posts\/387321","targetHints":{"allow":["GET"]}}],"collection":[{"href":"https:\/\/dicodusport.fr\/blog\/wp-json\/wp\/v2\/posts"}],"about":[{"href":"https:\/\/dicodusport.fr\/blog\/wp-json\/wp\/v2\/types\/post"}],"author":[{"embeddable":true,"href":"https:\/\/dicodusport.fr\/blog\/wp-json\/wp\/v2\/users\/48"}],"replies":[{"embeddable":true,"href":"https:\/\/dicodusport.fr\/blog\/wp-json\/wp\/v2\/comments?post=387321"}],"version-history":[{"count":0,"href":"https:\/\/dicodusport.fr\/blog\/wp-json\/wp\/v2\/posts\/387321\/revisions"}],"wp:featuredmedia":[{"embeddable":true,"href":"https:\/\/dicodusport.fr\/blog\/wp-json\/wp\/v2\/media\/387681"}],"wp:attachment":[{"href":"https:\/\/dicodusport.fr\/blog\/wp-json\/wp\/v2\/media?parent=387321"}],"wp:term":[{"taxonomy":"category","embeddable":true,"href":"https:\/\/dicodusport.fr\/blog\/wp-json\/wp\/v2\/categories?post=387321"},{"taxonomy":"post_tag","embeddable":true,"href":"https:\/\/dicodusport.fr\/blog\/wp-json\/wp\/v2\/tags?post=387321"}],"curies":[{"name":"wp","href":"https:\/\/api.w.org\/{rel}","templated":true}]}}