{"id":387340,"date":"2023-06-25T19:26:05","date_gmt":"2023-06-25T17:26:05","guid":{"rendered":"https:\/\/dicodusport.fr\/blog\/?p=387340&#038;preview=true&#038;preview_id=387340"},"modified":"2023-06-25T23:12:21","modified_gmt":"2023-06-25T21:12:21","slug":"athletisme-programme-et-resultats-championnats-deurope-par-equipes-2023","status":"publish","type":"post","link":"https:\/\/dicodusport.fr\/blog\/athletisme-programme-et-resultats-championnats-deurope-par-equipes-2023\/","title":{"rendered":"Athl\u00e9tisme &#8211; Les r\u00e9sultats des Championnats d&rsquo;Europe par \u00e9quipes 2023"},"content":{"rendered":"<p style=\"text-align: justify;\"><strong><em><a href=\"https:\/\/dicodusport.fr\/definition-sport\/athletisme\/\" target=\"_blank\" rel=\"noopener\">ATHL\u00c9TISME<\/a> &#8211; Les Championnats d&rsquo;Europe par \u00e9quipes (division I) ont lieu du vendredi 23 au dimanche 25 juin \u00e0 Chorzow en Pologne. Voici le programme et les r\u00e9sultats de la comp\u00e9tition.<\/em><\/strong><\/p>\n<p style=\"text-align: justify;\">Initialement, les <strong>Championnats d&rsquo;Europe par \u00e9quipes<\/strong> \u00e9taient constitu\u00e9s de quatre divisions. Il n&rsquo;y en a maintenant plus que 3. Il y a donc 16 \u00e9quipes dans les deux premi\u00e8res divisions. Les trois divisions concourront durant les <strong>Jeux europ\u00e9ens<\/strong> (21 juin &#8211; 2 juillet). Les \u00e9preuves des deuxi\u00e8me et troisi\u00e8me divisions se d\u00e9rouleront du 20 au 22 juin tandis que la premi\u00e8re division se d\u00e9roulera du 23 au 25 juin.<\/p>\n<p style=\"text-align: justify;\">Lors des concours de lancers, tous les participants auront trois essais. Les huit meilleurs auront ensuite deux essais suppl\u00e9mentaires tandis que les quatre derniers auront un dernier essai pour s&rsquo;imposer.<\/p>\n<p style=\"text-align: justify;\">Cette ann\u00e9e, les \u00e9quipes participant \u00e0 la Division I sont : Allemagne, Espagne, France, Italie, Pologne, Portugal, Royaume-Uni, R\u00e9publique tch\u00e8que, Pays-Bas, Suisse, Turquie, Finlande, Su\u00e8de, Gr\u00e8ce, Belgique et Norv\u00e8ge.<\/p>\n<p style=\"text-align: justify;\">En 2019, la France avait termin\u00e9 3\u1d49 et 6\u1d49 en 2021.<\/p>\n<hr \/>\n<p><strong>\u00c0 lire aussi <\/strong><\/p>\n<ul>\n<li><a href=\"https:\/\/dicodusport.fr\/blog\/athletisme-ch-deurope-par-equipes-la-selection-francaise\/\"><strong>Championnats d&rsquo;Europe par \u00e9quipes 2023 : la s\u00e9lection fran\u00e7aise<\/strong><\/a><\/li>\n<li><strong><a title=\"Athl\u00e9tisme \u2013 Classement des Championnats d\u2019Europe par \u00e9quipes 2023\" href=\"https:\/\/dicodusport.fr\/blog\/athletisme-classement-des-championnats-deurope-par-equipes-2023\/\" target=\"_blank\" rel=\"noopener\">Classement par \u00e9quipes<\/a><br \/>\n<\/strong><\/li>\n<\/ul>\n<hr \/>\n<h3>Retransmission<\/h3>\n<p style=\"text-align: justify;\">Les Championnats sont \u00e0 suivre en int\u00e9gralit\u00e9 sur la <strong><a href=\"https:\/\/allathletics.tv\/championships\/ea-team-silesia-2023\" target=\"_blank\" rel=\"noopener\">plateforme All athletics<\/a><\/strong>.<\/p>\n<h2 style=\"text-align: justify;\">Le programme complet<\/h2>\n<p style=\"text-align: justify;\"><div class=\"su-tabs su-tabs-style-default su-tabs-mobile-stack\" data-active=\"3\" data-scroll-offset=\"0\" data-anchor-in-url=\"no\"><div class=\"su-tabs-nav\"><span class=\"\" data-url=\"\" data-target=\"blank\" tabindex=\"0\" role=\"button\">Vendredi 23 juin<\/span><span class=\"\" data-url=\"\" data-target=\"blank\" tabindex=\"0\" role=\"button\">Samedi 24 juin<\/span><span class=\"\" data-url=\"\" data-target=\"blank\" tabindex=\"0\" role=\"button\">Dimanche 25 juin<\/span><\/div><div class=\"su-tabs-panes\"><div class=\"su-tabs-pane su-u-clearfix su-u-trim\" data-title=\"Vendredi 23 juin\">\n<p><strong>16h15 :<\/strong> qualifications lancer du poids F<br \/>\n<strong>16h20 :<\/strong> qualifications lancer du marteau H<br \/>\n<strong>17h05 :<\/strong> <strong>400 m F<\/strong><br \/>\n<strong>17h15 :<\/strong> <strong>finale lancer du poids F<\/strong><br \/>\n<strong>17h22 :<\/strong> qualifications triple saut H<br \/>\n<strong>17h26 :<\/strong> <strong>finale lancer du marteau F<\/strong><br \/>\n<strong>17h35 : 400 m H<\/strong><br \/>\n<strong>17h55 : 5000 m F<\/strong><br \/>\n<strong>18h15 :<\/strong> qualifications lancer du disque F<br \/>\n<strong>18h20 :<\/strong> <strong>saut \u00e0 la perche H<\/strong><br \/>\n<strong>18h28 :<\/strong> <strong>800 m H<\/strong><br \/>\n<strong>18h39 : finale triple saut H<\/strong><br \/>\n<strong>18h55 : 3000 m steeple H<\/strong><br \/>\n<strong>19h21 :<\/strong> <strong>finale lancer du disque F<\/strong><br \/>\n<strong>19h30 :<\/strong> <strong>100 m F<\/strong><br \/>\n<strong>19h50 :<\/strong> <strong>100 m H<\/strong><\/p>\n<p style=\"text-align: justify;\"><\/div>\n<div class=\"su-tabs-pane su-u-clearfix su-u-trim\" data-title=\"Samedi 24 juin\">\n<p><strong>15h10 :<\/strong> qualifications lancer du marteau H<br \/>\n<strong>15h20 : <\/strong>qualifications saut en longueur H<br \/>\n<strong>15h55 : saut \u00e0 la perche F<\/strong><br \/>\n<strong>16<\/strong><strong>h05 : 110 m haies H<br \/>\n16h15 : finale lancer du marteau H<br \/>\n16h25 : 100 m haies F<br \/>\n16h36 : finale saut en longueur H<br \/>\n16h50 : 800 m H<\/strong><br \/>\n<strong>17h10 : 1500 m H<br \/>\n17h15 : <\/strong>qualifications lancer du disque H<strong><br \/>\n17h26 : <\/strong>qualifications triple saut F<strong><br \/>\n17h40 : 400 m haies F<br \/>\n18h05 : 400 m haies H<br \/>\n18h20 : finale lancer du disque H<br \/>\n18h30 : 4X100 m F<br \/>\n18h41 : finale triple saut F<br \/>\n18h50 : 4X100 m H<\/strong><\/p>\n<p style=\"text-align: justify;\"><\/div>\n<div class=\"su-tabs-pane su-u-clearfix su-u-trim\" data-title=\"Dimanche 25 juin\">\n<p><strong>15h30 :<\/strong> qualifications lancer du javelot F<br \/>\n<strong>15h35 :<\/strong> <strong>saut en hauteur H<\/strong><br \/>\n<strong>16h05 :<\/strong> <strong>200m F<\/strong><br \/>\n<strong>16h25 : 200 m H<\/strong><br \/>\n<strong>16h28 :<\/strong> qualifications lancer du poids H<br \/>\n<strong>16h34 :<\/strong> <strong>finale lancer du javelot F<\/strong><br \/>\n<strong>16h55 :<\/strong> qualifications saut en longueur F<br \/>\n<strong>17h05 :<\/strong> <strong>3000 m steeple F<\/strong><br \/>\n<strong>17h25 :<\/strong> <strong>saut en hauteur F<\/strong><br \/>\n<strong>17h27 :<\/strong> <strong>finale lancer du poids H<\/strong><br \/>\n<strong>17h33 :<\/strong> qualifications lancer du javelot H<br \/>\n<strong>17h40 :<\/strong> <strong>5000 m H<\/strong><br \/>\n<strong>18h10 :<\/strong> <strong>finale saut en longueur F<\/strong><br \/>\n<strong>18h20 :<\/strong> <strong>1500 m F<\/strong><br \/>\n<strong>18h38 :<\/strong> <strong>finale lancer du javelot H<\/strong><br \/>\n<strong>18h45 :<\/strong> <strong>4X400 m mixte<\/strong><\/p>\n<p style=\"text-align: justify;\"><\/div><\/div><\/div>\n<p><a href=\"https:\/\/liveresults.european-athletics.com\/en\/results\/athletics\/daily-schedule.htm\"><span style=\"font-size: 20px;\"><strong>Tous les r\u00e9sultats<\/strong><\/span><\/a><\/p>\n<h2>Les podiums<\/h2>\n<h3 style=\"text-align: justify;\">Femmes<\/h3>\n<div class=\"su-table su-table-alternate\">\n<table style=\"width: 800px;border-collapse: collapse\">\n<tbody>\n<tr>\n<td style=\"text-align: center;width: 200px;vertical-align: middle\"><strong>\u00c9preuves<\/strong><\/td>\n<td style=\"background-color: #fff242;text-align: center;width: 200px;vertical-align: middle\"><strong>\ud83e\udd47 Or<\/strong><\/td>\n<td style=\"background-color: #a8a8a8;text-align: center;width: 200px;vertical-align: middle\"><strong>\ud83e\udd48 Argent<\/strong><\/td>\n<td style=\"background-color: #c97159;text-align: center;width: 200px;vertical-align: middle\"><strong>\ud83e\udd49 Bronze<\/strong><\/td>\n<\/tr>\n<tr>\n<td style=\"text-align: center;width: 200px;vertical-align: middle\"><strong>100 m<br \/>\n<a href=\"https:\/\/liveresults.european-athletics.com\/en\/results\/athletics\/result-100m-d1-w-fnl-000100-.htm\"><span style=\"font-size: 11.52px\"><i>Classement<\/i><\/span><\/a><br \/>\n<\/strong><\/td>\n<td style=\"text-align: center;width: 200px;vertical-align: middle\"><strong><span style=\"font-size: 0.9em\">\ud83c\uddf5\ud83c\uddf1 EWA SWOBODA<br \/>\n<span style=\"font-size: 11.52px\"><i>11.09<\/i><\/span><\/span><\/strong><\/td>\n<td style=\"text-align: center;width: 200px;vertical-align: middle\"><span style=\"font-size: 0.9em\">\ud83c\udde7\ud83c\uddea RANI ROSIUS<br \/>\n<span style=\"font-size: 11.52px\"><i>11.20<\/i><\/span><\/span><\/td>\n<td style=\"text-align: center;width: 200px;vertical-align: middle\"><span style=\"font-size: 0.9em\">\ud83c\uddf3\ud83c\uddf1 N&rsquo;KETIA SEEDO<br \/>\n<span style=\"font-size: 11.52px\"><i>11.24<\/i><\/span><\/span><\/td>\n<\/tr>\n<tr>\n<td style=\"text-align: center;width: 200px;vertical-align: middle\"><strong>200 m<br \/>\n<a href=\"https:\/\/liveresults.european-athletics.com\/en\/results\/athletics\/result-200m-d1-w-fnl-000100-.htm\"><span style=\"font-size: 11.52px\"><i>Classement<\/i><\/span><\/a><br \/>\n<\/strong><\/td>\n<td style=\"text-align: center;width: 200px;vertical-align: middle\"><strong><span style=\"font-size: 0.9em\">\ud83c\uddf3\ud83c\uddf1 LIEKE KLAVER<br \/>\n<span style=\"font-size: 11.52px\"><i>22.46<\/i><\/span><\/span><\/strong><\/td>\n<td style=\"text-align: center;width: 200px;vertical-align: middle\"><span style=\"font-size: 0.9em\">\ud83c\uddec\ud83c\udde7 BIANCA WILLIAMS<br \/>\n<span style=\"font-size: 11.52px\"><i>22.75<\/i><\/span><\/span><\/td>\n<td style=\"text-align: center;width: 200px;vertical-align: middle\"><span style=\"font-size: 0.9em\">\ud83c\uddec\ud83c\uddf7 POLYNIKI EMMANOUILIDOU<br \/>\n<span style=\"font-size: 11.52px\"><i>22.85<\/i><\/span><\/span><\/td>\n<\/tr>\n<tr>\n<td style=\"text-align: center;width: 200px;vertical-align: middle\"><strong>400 m<br \/>\n<a href=\"https:\/\/liveresults.european-athletics.com\/en\/results\/athletics\/result-400m-d1-w-fnl-000100-.htm\"><span style=\"font-size: 11.52px\"><i>Classement<\/i><\/span><\/a><br \/>\n<\/strong><\/td>\n<td style=\"text-align: center;width: 200px;vertical-align: middle\"><strong><span style=\"font-size: 0.9em\">\ud83c\uddf3\ud83c\uddf1 FEMKE BOL<br \/>\n<span style=\"font-size: 11.52px\"><i>49.82<\/i><\/span><\/span><\/strong><\/td>\n<td style=\"text-align: center;width: 200px;vertical-align: middle\"><span style=\"font-size: 0.9em\">\ud83c\uddf5\ud83c\uddf1 NATALIA KACZMAREK<br \/>\n<span style=\"font-size: 11.52px\"><i>50.34<\/i><\/span><\/span><\/td>\n<td style=\"text-align: center;width: 200px;vertical-align: middle\"><span style=\"font-size: 0.9em\">\ud83c\udde7\ud83c\uddea CYNTHIA BOLINGO<br \/>\n<span style=\"font-size: 11.52px\"><i>50.95<\/i><\/span><\/span><\/td>\n<\/tr>\n<tr>\n<td style=\"text-align: center;width: 200px;vertical-align: middle\"><strong>800 m<br \/>\n<a href=\"https:\/\/liveresults.european-athletics.com\/en\/results\/athletics\/result-800m-d1-w-fnl-000100-.htm\"><span style=\"font-size: 11.52px\"><i>Classement<\/i><\/span><\/a><br \/>\n<\/strong><\/td>\n<td style=\"text-align: center;width: 200px;vertical-align: middle\"><strong><span style=\"font-size: 0.9em\">\ud83c\udde8\ud83c\udded AUDREY WERRO<br \/>\n<span style=\"font-size: 11.52px\"><i>1:59.95<\/i><\/span><\/span><\/strong><\/td>\n<td style=\"text-align: center;width: 200px;vertical-align: middle\"><span style=\"font-size: 0.9em\">\ud83c\uddec\ud83c\udde7 ISABELLE BOFFEY<br \/>\n<span style=\"font-size: 11.52px\"><i>2:00.39<\/i><\/span><\/span><\/td>\n<td style=\"text-align: center;width: 200px;vertical-align: middle\"><span style=\"font-size: 0.9em\">\ud83c\udde9\ud83c\uddea MAJTIE KOLBERG<br \/>\n<span style=\"font-size: 11.52px\"><i>2:00.72<\/i><\/span><\/span><\/td>\n<\/tr>\n<tr>\n<td style=\"text-align: center;width: 200px;vertical-align: middle\"><strong>1500 m<br \/>\n<a href=\"https:\/\/liveresults.european-athletics.com\/en\/results\/athletics\/result-1500m-d1-w-fnl-000100-.htm\"><span style=\"font-size: 11.52px\"><i>Classement<\/i><\/span><\/a><br \/>\n<\/strong><\/td>\n<td style=\"text-align: center;width: 200px;vertical-align: middle\"><strong><span style=\"font-size: 0.9em\">\ud83c\uddea\ud83c\uddf8 ESTHER GUERRERO<br \/>\n<\/span><span style=\"font-size: 11.52px\"><i>4:11.77<\/i><\/span><\/strong><\/td>\n<td style=\"text-align: center;width: 200px;vertical-align: middle\"><span style=\"font-size: 0.9em\">\ud83c\uddf5\ud83c\uddf1 MARTYNA GALANT<br \/>\n<span style=\"font-size: 11.52px\"><i>4:11.78<\/i><\/span><\/span><\/td>\n<td style=\"text-align: center;width: 200px;vertical-align: middle\"><span style=\"font-size: 0.9em\">\ud83c\udde9\ud83c\uddea HANNA KLEIN<br \/>\n<span style=\"font-size: 11.52px\"><i>4:12.14<\/i><\/span><\/span><\/td>\n<\/tr>\n<tr>\n<td style=\"text-align: center;width: 200px;vertical-align: middle\"><strong>3000 m steeple<br \/>\n<a href=\"https:\/\/liveresults.european-athletics.com\/en\/results\/athletics\/result-3000m-sc-d1-w-fnl-000100-.htm\"><span style=\"font-size: 11.52px\"><i>Classement<\/i><\/span><\/a><br \/>\n<\/strong><\/td>\n<td style=\"text-align: center;width: 200px;vertical-align: middle\"><strong><span style=\"font-size: 0.9em\">\ud83c\uddf5\ud83c\uddf1 ALICJA KONIECZEK<br \/>\n<span style=\"font-size: 11.52px\"><i>9:38.72<\/i><\/span><br \/>\n<\/span><\/strong><\/td>\n<td style=\"text-align: center;width: 200px;vertical-align: middle\"><span style=\"font-size: 0.9em\">\ud83c\uddeb\ud83c\uddf7 FLAVIE RENOUARD<br \/>\n<span style=\"font-size: 11.52px\"><i>9:40.40<\/i><\/span><\/span><\/td>\n<td style=\"text-align: center;width: 200px;vertical-align: middle\"><span style=\"font-size: 0.9em\">\ud83c\uddea\ud83c\uddf8 MARTA SERRANO<br \/>\n<span style=\"font-size: 11.52px\"><i>9:41.86<\/i><\/span><br \/>\n<\/span><\/td>\n<\/tr>\n<tr>\n<td style=\"text-align: center;width: 200px;vertical-align: middle\"><strong>5000 m<br \/>\n<a href=\"https:\/\/liveresults.european-athletics.com\/en\/results\/athletics\/result-5000m-d1-w-fnl-000100-.htm\"><span style=\"font-size: 11.52px\"><i>Classement<\/i><\/span><\/a><br \/>\n<\/strong><\/td>\n<td style=\"text-align: center;width: 200px;vertical-align: middle\"><strong><span style=\"font-size: 0.9em\">\ud83c\uddee\ud83c\uddf9 NADIO BATTOCLETTI<br \/>\n<span style=\"font-size: 11.52px\"><i>15:25.09<\/i><\/span><\/span><\/strong><\/td>\n<td style=\"text-align: center;width: 200px;vertical-align: middle\"><span style=\"font-size: 0.9em\">\ud83c\uddec\ud83c\udde7 HANNAH NUTTALL<br \/>\n<span style=\"font-size: 11.52px\"><i>15:29.49<\/i><\/span><br \/>\n<\/span><\/td>\n<td style=\"text-align: center;width: 200px;vertical-align: middle\"><span style=\"font-size: 0.9em\">\ud83c\uddea\ud83c\uddf8 AGUEDA MARQUES<br \/>\n<span style=\"font-size: 11.52px\"><i>15:29.49<\/i><\/span><br \/>\n<\/span><\/td>\n<\/tr>\n<tr>\n<td style=\"text-align: center;width: 200px;vertical-align: middle\"><strong>100 m haies<br \/>\n<a href=\"https:\/\/liveresults.european-athletics.com\/en\/results\/athletics\/result-100m-h-d1-w-fnl-000100-.htm\"><span style=\"font-size: 11.52px\"><i>Classement<\/i><\/span><\/a><br \/>\n<\/strong><\/td>\n<td style=\"text-align: center;width: 200px;vertical-align: middle\"><strong><span style=\"font-size: 0.9em\">\ud83c\uddf5\ud83c\uddf1 PIA SKRZYSZOWSKA<br \/>\n<span style=\"font-size: 11.52px\"><i>12.77<\/i><\/span><\/span><\/strong><\/td>\n<td style=\"text-align: center;width: 200px;vertical-align: middle\"><span style=\"font-size: 0.9em\">\ud83c\uddf3\ud83c\uddf1 NADINE VISSER<br \/>\n<span style=\"font-size: 11.52px\"><i>12.81<\/i><\/span><\/span><\/td>\n<td style=\"text-align: center;width: 200px;vertical-align: middle\"><span style=\"font-size: 0.9em\">\ud83c\uddeb\ud83c\uddf7 LAETICIA BAPT\u00c9<br \/>\n<span style=\"font-size: 11.52px\"><i>12.82<\/i><\/span><\/span><\/td>\n<\/tr>\n<tr>\n<td style=\"text-align: center;width: 200px;vertical-align: middle\"><strong>400 m haies<br \/>\n<a href=\"https:\/\/liveresults.european-athletics.com\/en\/results\/athletics\/result-400m-h-d1-w-fnl-000100-.htm\"><span style=\"font-size: 11.52px\"><i>Classement<\/i><\/span><\/a><br \/>\n<\/strong><\/td>\n<td style=\"text-align: center;width: 200px;vertical-align: middle\"><strong><span style=\"font-size: 0.9em\">\ud83c\udde9\ud83c\uddea CAROLINA KRAFZIK<br \/>\n<span style=\"font-size: 11.52px\"><i>54.47<\/i><\/span><\/span><\/strong><\/td>\n<td style=\"text-align: center;width: 200px;vertical-align: middle\"><span style=\"font-size: 0.9em\">\ud83c\uddee\ud83c\uddf9 AYOMIDE FOLORUNSO<br \/>\n<span style=\"font-size: 11.52px\"><i>54.79<\/i><\/span><\/span><\/td>\n<td style=\"text-align: center;width: 200px;vertical-align: middle\"><span style=\"font-size: 0.9em\">\ud83c\uddf3\ud83c\uddf1 CATHELIJN PEETERS<br \/>\n<span style=\"font-size: 11.52px\"><i>54.97<\/i><\/span><\/span><\/td>\n<\/tr>\n<tr>\n<td style=\"text-align: center;width: 200px;vertical-align: middle\"><strong>4 X 100 m<br \/>\n<a href=\"https:\/\/liveresults.european-athletics.com\/en\/results\/athletics\/result-4x100m-d1-w-fnl-000100-.htm\"><span style=\"font-size: 11.52px\"><i>Classement<\/i><\/span><\/a><br \/>\n<\/strong><\/td>\n<td style=\"text-align: center;width: 200px;vertical-align: middle\"><strong><span style=\"font-size: 0.9em\">\ud83c\uddf3\ud83c\uddf1 PAYS-BAS<br \/>\n<span style=\"font-size: 11.52px\"><i>42.61<\/i><\/span><\/span><\/strong><\/td>\n<td style=\"text-align: center;width: 200px;vertical-align: middle\"><span style=\"font-size: 0.9em\">\ud83c\uddf5\ud83c\uddf1 POLOGNE<br \/>\n<span style=\"font-size: 11.52px\"><i>42.97<\/i><\/span><\/span><\/td>\n<td style=\"text-align: center;width: 200px;vertical-align: middle\"><span style=\"font-size: 0.9em\">\ud83c\uddea\ud83c\uddf8 ESPAGNE<br \/>\n<span style=\"font-size: 11.52px\"><i>43.13<\/i><\/span><\/span><\/td>\n<\/tr>\n<tr>\n<td style=\"text-align: center;width: 200px;vertical-align: middle\"><strong>Saut en hauteur<br \/>\n<a href=\"https:\/\/liveresults.european-athletics.com\/en\/results\/athletics\/result-hj-d1-w-fnl-a00100-.htm\"><span style=\"font-size: 11.52px\"><i>Classement<\/i><\/span><\/a><br \/>\n<\/strong><\/td>\n<td style=\"text-align: center;width: 200px;vertical-align: middle\"><strong><span style=\"font-size: 0.9em\">\ud83c\uddeb\ud83c\uddf7 NAWAL MENIKER<br \/>\n<span style=\"font-size: 11.52px\"><i>1.92 m<\/i><\/span><\/span><\/strong><\/td>\n<td style=\"text-align: center;width: 200px;vertical-align: middle\"><span style=\"font-size: 0.9em\">\ud83c\udde7\ud83c\uddea MEREL MAES<br \/>\n<span style=\"font-size: 11.52px\"><i>1.92 m<\/i><\/span><\/span><\/td>\n<td style=\"text-align: center;width: 200px;vertical-align: middle\"><span style=\"font-size: 0.9em\">\ud83c\udde8\ud83c\uddff MICHAELA HRUBA<br \/>\n<span style=\"font-size: 11.52px\"><i>1.90 m<\/i><\/span><\/span><\/td>\n<\/tr>\n<tr>\n<td style=\"text-align: center;width: 200px;vertical-align: middle\"><strong>Saut \u00e0 la perche<br \/>\n<a href=\"https:\/\/liveresults.european-athletics.com\/en\/results\/athletics\/result-pv-d1-w-fnl-a00100-.htm\"><span style=\"font-size: 11.52px\"><i>Classement<\/i><\/span><\/a><br \/>\n<\/strong><\/td>\n<td style=\"text-align: center;width: 200px;vertical-align: middle\"><strong><span style=\"font-size: 0.9em\">\ud83c\uddeb\ud83c\uddee WILMA MURTO<br \/>\n<span style=\"font-size: 11.52px\"><i>4.71 m<\/i><\/span><\/span><\/strong><\/td>\n<td style=\"text-align: center;width: 200px;vertical-align: middle\"><span style=\"font-size: 0.9em\">\ud83c\udde8\ud83c\udded ANGELICA MOSER<br \/>\n<span style=\"font-size: 11.52px\"><i>4.60 m<\/i><\/span><\/span><\/td>\n<td style=\"text-align: center;width: 200px;vertical-align: middle\"><span style=\"font-size: 0.9em\">\ud83c\udde8\ud83c\uddff AMALIE SVABIKOVA<br \/>\n<span style=\"font-size: 11.52px\"><i>4.60 m<\/i><\/span><\/span><\/td>\n<\/tr>\n<tr>\n<td style=\"text-align: center;width: 200px;vertical-align: middle\"><strong>Saut en longueur<br \/>\n<a href=\"https:\/\/liveresults.european-athletics.com\/en\/results\/athletics\/result-lj-d1-w-fnl-000100-.htm\"><span style=\"font-size: 11.52px\"><i>Classement<\/i><\/span><\/a><br \/>\n<\/strong><\/td>\n<td style=\"text-align: center;width: 200px;vertical-align: middle\"><strong><span style=\"font-size: 0.9em\">\ud83c\uddeb\ud83c\uddf7 HILARY KPATCHA<br \/>\n<span style=\"font-size: 11.52px\"><i>6.75 m<\/i><\/span><\/span><\/strong><\/td>\n<td style=\"text-align: center;width: 200px;vertical-align: middle\"><span style=\"font-size: 0.9em\">\ud83c\uddee\ud83c\uddf9 LARISSA IAPICHINO<br \/>\n<span style=\"font-size: 11.52px\"><i>6.66 m<\/i><\/span><\/span><\/td>\n<td style=\"text-align: center;width: 200px;vertical-align: middle\"><span style=\"font-size: 0.9em\">\ud83c\uddea\ud83c\uddf8 FATIMA DIAME<br \/>\n<span style=\"font-size: 11.52px\"><i>6.56 m<\/i><\/span><\/span><\/td>\n<\/tr>\n<tr>\n<td style=\"text-align: center;width: 200px;vertical-align: middle\"><strong>Triple saut<br \/>\n<a href=\"https:\/\/liveresults.european-athletics.com\/en\/results\/athletics\/result-tj-d1-w-fnl-000100-.htm\"><span style=\"font-size: 11.52px\"><i>Classement<\/i><\/span><\/a><br \/>\n<\/strong><\/td>\n<td style=\"text-align: center;width: 200px;vertical-align: middle\"><strong><span style=\"font-size: 0.9em\">\ud83c\uddf9\ud83c\uddf7 TUGBA DANISMAZ<br \/>\n<span style=\"font-size: 11.52px\"><i>14.16 m<\/i><\/span><\/span><\/strong><\/td>\n<td style=\"text-align: center;width: 200px;vertical-align: middle\"><span style=\"font-size: 0.9em\">\ud83c\uddee\ud83c\uddf9 OTTAVIA CESTONARO<br \/>\n<span style=\"font-size: 11.52px\"><i>14.09 m<\/i><\/span><\/span><\/td>\n<td style=\"text-align: center;width: 200px;vertical-align: middle\"><span style=\"font-size: 0.9em\">\ud83c\uddf8\ud83c\uddea MAJA ASKAG<br \/>\n<span style=\"font-size: 11.52px\"><i>13.88 m<\/i><\/span><\/span><\/td>\n<\/tr>\n<tr>\n<td style=\"text-align: center;width: 200px;vertical-align: middle\"><strong>Lancer du poids<br \/>\n<a href=\"https:\/\/chorzow23results.european-athletics.com\/en\/results\/athletics\/result-sp-d1-w-fnl-000100-.htm\"><span style=\"font-size: 11.52px\"><i>Classement<\/i><\/span><\/a><br \/>\n<\/strong><\/td>\n<td style=\"text-align: center;width: 200px;vertical-align: middle\"><strong><span style=\"font-size: 0.9em\">\ud83c\uddf5\ud83c\uddf9 AURIOL DONGMO<br \/>\n<span style=\"font-size: 11.52px\"><i>19.07 m<\/i><\/span><br \/>\n<\/span><\/strong><\/td>\n<td style=\"text-align: center;width: 200px;vertical-align: middle\"><span style=\"font-size: 0.9em\">\ud83c\udde9\ud83c\uddea YEMISI OGUNLEYE<br \/>\n<span style=\"font-size: 11.52px\"><i>18.85 m<\/i><\/span><br \/>\n<\/span><\/td>\n<td style=\"text-align: center;width: 200px;vertical-align: middle\"><span style=\"font-size: 0.9em\">\ud83c\uddf8\ud83c\uddea AXELINA JOHANSSON<br \/>\n<span style=\"font-size: 11.52px\"><i>18.32 m<\/i><\/span><br \/>\n<\/span><\/td>\n<\/tr>\n<tr>\n<td style=\"text-align: center;width: 200px;vertical-align: middle\"><strong>Lancer du javelot<br \/>\n<a href=\"https:\/\/liveresults.european-athletics.com\/en\/results\/athletics\/result-jt-d1-w-fnl-000100-.htm\"><span style=\"font-size: 11.52px\"><i>Classement<\/i><\/span><\/a><br \/>\n<\/strong><\/td>\n<td style=\"text-align: center;width: 200px;vertical-align: middle\"><strong><span style=\"font-size: 0.9em\">\ud83c\udde8\ud83c\uddff NIKOLA OGRODNIKOVA<br \/>\n<span style=\"font-size: 11.52px\"><i>61.75 m<\/i><\/span><\/span><\/strong><\/td>\n<td style=\"text-align: center;width: 200px;vertical-align: middle\"><span style=\"font-size: 0.9em\">\ud83c\udde9\ud83c\uddea CHRISTIN HUSSONG<br \/>\n<span style=\"font-size: 11.52px\"><i>60.05 m<\/i><\/span><\/span><\/td>\n<td style=\"text-align: center;width: 200px;vertical-align: middle\"><span style=\"font-size: 0.9em\">\ud83c\uddec\ud83c\udde7 BEKAH WALTON<br \/>\n<span style=\"font-size: 11.52px\"><i>59.76 m<\/i><\/span><\/span><\/td>\n<\/tr>\n<tr>\n<td style=\"text-align: center;width: 200px;vertical-align: middle\"><strong>Lancer du disque<br \/>\n<a href=\"https:\/\/liveresults.european-athletics.com\/en\/results\/athletics\/result-dt-d1-w-fnl-000100-.htm\"><span style=\"font-size: 11.52px\"><i>Classement<\/i><\/span><\/a><br \/>\n<\/strong><\/td>\n<td style=\"text-align: center;width: 200px;vertical-align: middle\"><strong><span style=\"font-size: 0.9em\">\ud83c\udde9\ud83c\uddea KRISTIN PUDENZ<br \/>\n<span style=\"font-size: 11.52px\"><i>66.84 m<\/i><\/span><\/span><\/strong><\/td>\n<td style=\"text-align: center;width: 200px;vertical-align: middle\"><span style=\"font-size: 0.9em\">\ud83c\uddee\ud83c\uddf9 DAISY OSAKUE<br \/>\n<span style=\"font-size: 11.52px\"><i>64.35 m<\/i><\/span><\/span><\/td>\n<td style=\"text-align: center;width: 200px;vertical-align: middle\"><span style=\"font-size: 0.9em\">\ud83c\uddeb\ud83c\uddf7 M\u00c9LINA ROBERT-MICHON<br \/>\n<span style=\"font-size: 11.52px\"><i>64.21 m<\/i><\/span><\/span><\/td>\n<\/tr>\n<tr>\n<td style=\"text-align: center;width: 200px;vertical-align: middle\"><strong>Lancer du marteau<br \/>\n<a href=\"https:\/\/liveresults.european-athletics.com\/en\/results\/athletics\/result-ht-d1-w-fnl-000100-.htm\"><span style=\"font-size: 11.52px\"><i>Classement<\/i><\/span><\/a><br \/>\n<\/strong><\/td>\n<td style=\"text-align: center;width: 200px;vertical-align: middle\"><strong><span style=\"font-size: 0.9em\">\ud83c\uddee\ud83c\uddf9 SARA FANTINI<br \/>\n<span style=\"font-size: 11.52px\"><i>73.26 m<\/i><\/span><\/span><\/strong><\/td>\n<td style=\"text-align: center;width: 200px;vertical-align: middle\"><span style=\"font-size: 0.9em\">\ud83c\uddeb\ud83c\uddee SILJA KOSONEN<br \/>\n<span style=\"font-size: 11.52px\"><i>72.34 m<\/i><\/span><\/span><\/td>\n<td style=\"text-align: center;width: 200px;vertical-align: middle\"><span style=\"font-size: 0.9em\">\ud83c\uddf5\ud83c\uddf1 MALWINA KOPRON<br \/>\n<span style=\"font-size: 11.52px\"><i>71.18 m<\/i><\/span><\/span><\/td>\n<\/tr>\n<\/tbody>\n<\/table>\n<\/div>\n<h3 style=\"text-align: justify;\">Hommes<\/h3>\n<div class=\"su-table su-table-alternate\">\n<table style=\"width: 800px;border-collapse: collapse\">\n<tbody>\n<tr>\n<td style=\"text-align: center;width: 200px;vertical-align: middle\"><strong>\u00c9preuves<\/strong><\/td>\n<td style=\"background-color: #fff242;text-align: center;width: 200px;vertical-align: middle\"><strong>\ud83e\udd47 Or<\/strong><\/td>\n<td style=\"background-color: #a8a8a8;text-align: center;width: 200px;vertical-align: middle\"><strong>\ud83e\udd48 Argent<\/strong><\/td>\n<td style=\"background-color: #c97159;text-align: center;width: 200px;vertical-align: middle\"><strong>\ud83e\udd49 Bronze<\/strong><\/td>\n<\/tr>\n<tr>\n<td style=\"text-align: center;width: 200px;vertical-align: middle\"><strong>100 m<br \/>\n<a href=\"https:\/\/liveresults.european-athletics.com\/en\/results\/athletics\/result-100m-d1-m-fnl-000100-.htm\"><span style=\"font-size: 11.52px\"><i>Classement<\/i><\/span><\/a><br \/>\n<\/strong><\/td>\n<td style=\"text-align: center;width: 200px;vertical-align: middle\"><strong><span style=\"font-size: 0.9em\">\ud83c\uddee\ud83c\uddf9 SAMUELE CECCARELLI<br \/>\n<span style=\"font-size: 11.52px\"><i>10.13<\/i><\/span><\/span><\/strong><\/td>\n<td style=\"text-align: center;width: 200px;vertical-align: middle\"><span style=\"font-size: 0.9em\">\ud83c\uddf3\ud83c\uddf1 RAPHAEL BOUJU<br \/>\n<span style=\"font-size: 11.52px\"><i>10.14<\/i><\/span><\/span><\/td>\n<td style=\"text-align: center;width: 200px;vertical-align: middle\"><span style=\"font-size: 0.9em\">\ud83c\uddec\ud83c\udde7 JEREMIAH AZU<br \/>\n<span style=\"font-size: 11.52px\"><i>10.16<\/i><\/span><\/span><\/td>\n<\/tr>\n<tr>\n<td style=\"text-align: center;width: 200px;vertical-align: middle\"><strong>200 m<br \/>\n<a href=\"https:\/\/liveresults.european-athletics.com\/en\/results\/athletics\/result-200m-d1-m-fnl-000100-.htm\"><span style=\"font-size: 11.52px\"><i>Classement<\/i><\/span><\/a><br \/>\n<\/strong><\/td>\n<td style=\"text-align: center;width: 200px;vertical-align: middle\"><strong><span style=\"font-size: 0.9em\">\ud83c\uddeb\ud83c\uddf7 RYAN Z\u00c9Z\u00c9<br \/>\n<span style=\"font-size: 11.52px\"><i>20.29<\/i><\/span><\/span><\/strong><\/td>\n<td style=\"text-align: center;width: 200px;vertical-align: middle\"><span style=\"font-size: 0.9em\">\ud83c\uddf5\ud83c\uddf1 ALBERT KOMANSKI<br \/>\n<span style=\"font-size: 11.52px\"><i>20.50<\/i><\/span><\/span><\/td>\n<td style=\"text-align: center;width: 200px;vertical-align: middle\"><span style=\"font-size: 0.9em\">\ud83c\uddee\ud83c\uddf9 FILIPPO TORTU<br \/>\n<span style=\"font-size: 11.52px\"><i>20.61<\/i><\/span><\/span><\/td>\n<\/tr>\n<tr>\n<td style=\"text-align: center;width: 200px;vertical-align: middle\"><strong>400 m<br \/>\n<a href=\"https:\/\/liveresults.european-athletics.com\/en\/results\/athletics\/result-400m-d1-m-fnl-000100-.htm\"><span style=\"font-size: 11.52px\"><i>Classement<\/i><\/span><\/a><br \/>\n<\/strong><\/td>\n<td style=\"text-align: center;width: 200px;vertical-align: middle\"><strong><span style=\"font-size: 0.9em\">\ud83c\uddf3\ud83c\uddf4 HAVARD BENTDAL INGVALDSEN<br \/>\n<span style=\"font-size: 11.52px\"><i>44.88<\/i><\/span><\/span><\/strong><\/td>\n<td style=\"text-align: center;width: 200px;vertical-align: middle\"><span style=\"font-size: 0.9em\">\ud83c\uddf5\ud83c\uddf9 JOAO COELHO<br \/>\n<span style=\"font-size: 11.52px\"><i>45.05<\/i><\/span><\/span><\/td>\n<td style=\"text-align: center;width: 200px;vertical-align: middle\"><span style=\"font-size: 0.9em\">\ud83c\uddf3\ud83c\uddf1 LIEMARVIN BONEVACIA<br \/>\n<span style=\"font-size: 11.52px\"><i>45.06<\/i><\/span><\/span><\/td>\n<\/tr>\n<tr>\n<td style=\"text-align: center;width: 200px;vertical-align: middle\"><strong>800 m<br \/>\n<a href=\"https:\/\/liveresults.european-athletics.com\/en\/results\/athletics\/result-800m-d1-m-fnl-000200-.htm\"><span style=\"font-size: 11.52px\"><i>Classement<\/i><\/span><\/a><br \/>\n<\/strong><\/td>\n<td style=\"text-align: center;width: 200px;vertical-align: middle\"><strong><span style=\"font-size: 0.9em\">\ud83c\udde8\ud83c\udded RAMON WIPFLI<br \/>\n<span style=\"font-size: 11.52px\"><i>1:46.73<\/i><\/span><\/span><\/strong><\/td>\n<td style=\"text-align: center;width: 200px;vertical-align: middle\"><span style=\"font-size: 0.9em\">\ud83c\udde8\ud83c\uddff FILIP SNEJDR<br \/>\n<span style=\"font-size: 11.52px\"><i>1:46.84<\/i><\/span><\/span><\/td>\n<td style=\"text-align: center;width: 200px;vertical-align: middle\"><span style=\"font-size: 0.9em\">\ud83c\uddf9\ud83c\uddf7 MEHMET CELIK<br \/>\n<span style=\"font-size: 11.52px\"><i>1:46.84<\/i><\/span><\/span><\/td>\n<\/tr>\n<tr>\n<td style=\"text-align: center;width: 200px;vertical-align: middle\"><strong>1500 m<br \/>\n<a href=\"https:\/\/liveresults.european-athletics.com\/en\/results\/athletics\/result-1500m-d1-m-fnl-000100-.htm\"><span style=\"font-size: 11.52px\"><i>Classement<\/i><\/span><\/a><br \/>\n<\/strong><\/td>\n<td style=\"text-align: center;width: 200px;vertical-align: middle\"><strong><span style=\"font-size: 0.9em\">\ud83c\uddea\ud83c\uddf8 MOHAMED KATIR<br \/>\n<span style=\"font-size: 11.52px\"><i>3:36.95<\/i><\/span><\/span><\/strong><\/td>\n<td style=\"width: 200px;text-align: center;vertical-align: middle\"><span style=\"font-size: 0.9em\">\ud83c\uddf5\ud83c\uddf9 ISAAC NADER<br \/>\n<span style=\"font-size: 11.52px\"><i>3:37.37<\/i><\/span><\/span><\/td>\n<td style=\"width: 200px;text-align: center;vertical-align: middle\"><span style=\"font-size: 0.9em\">\ud83c\uddf3\ud83c\uddf1 NIELS LAROS<br \/>\n<span style=\"font-size: 11.52px\"><i>3:37.59<\/i><\/span><\/span><\/td>\n<\/tr>\n<tr>\n<td style=\"text-align: center;width: 200px;vertical-align: middle\"><strong>3000 m steeple<br \/>\n<a href=\"https:\/\/liveresults.european-athletics.com\/en\/results\/athletics\/result-3000m-sc-d1-m-fnl-000100-.htm\"><span style=\"font-size: 11.52px\"><i>Classement<\/i><\/span><\/a><br \/>\n<\/strong><\/td>\n<td style=\"text-align: center;width: 200px;vertical-align: middle\"><strong><span style=\"font-size: 0.9em\">\ud83c\uddea\ud83c\uddf8 DANIEL ARCE<br \/>\n<span style=\"font-size: 11.52px\"><i>8:25.88<\/i><\/span><\/span><\/strong><\/td>\n<td style=\"text-align: center;width: 200px;vertical-align: middle\"><span style=\"font-size: 0.9em\">\ud83c\uddf8\ud83c\uddea EMIL BLOMBERG<br \/>\n<span style=\"font-size: 11.52px\"><i>8:26.27<\/i><\/span><\/span><\/td>\n<td style=\"text-align: center;width: 200px;vertical-align: middle\"><span style=\"font-size: 0.9em\">\ud83c\uddec\ud83c\udde7 ZAK SEDDON<br \/>\n<span style=\"font-size: 11.52px\"><i>8:27.42<\/i><\/span><\/span><\/td>\n<\/tr>\n<tr>\n<td style=\"text-align: center;width: 200px;vertical-align: middle\"><strong>5000 m<br \/>\n<a href=\"https:\/\/liveresults.european-athletics.com\/en\/results\/athletics\/result-5000m-d1-m-fnl-000100-.htm\"><span style=\"font-size: 11.52px\"><i>Classement<\/i><\/span><\/a><br \/>\n<\/strong><\/td>\n<td style=\"text-align: center;width: 200px;vertical-align: middle\"><strong><span style=\"font-size: 0.9em\">\ud83c\uddea\ud83c\uddf8 THIERRY NDIKUMWENAYO<br \/>\n<span style=\"font-size: 11.52px\"><i>13:25.48<\/i><\/span><\/span><\/strong><\/td>\n<td style=\"text-align: center;width: 200px;vertical-align: middle\"><span style=\"font-size: 0.9em\">\ud83c\uddf8\ud83c\uddea ANDREAS ALMGREN<br \/>\n<span style=\"font-size: 11.52px\"><i>13:25.70<\/i><\/span><\/span><\/td>\n<td style=\"text-align: center;width: 200px;vertical-align: middle\"><span style=\"font-size: 0.9em\">\ud83c\uddee\ud83c\uddf9 YEMANEBERHAN CRIPPA<br \/>\n<span style=\"font-size: 11.52px\"><i>13.47<\/i><\/span><\/span><\/td>\n<\/tr>\n<tr>\n<td style=\"text-align: center;width: 200px;vertical-align: middle\"><strong>110 m haies<br \/>\n<a href=\"https:\/\/liveresults.european-athletics.com\/en\/results\/athletics\/result-110m-h-d1-m-fnl-000100-.htm\"><span style=\"font-size: 11.52px\"><i>Classement<\/i><\/span><\/a><br \/>\n<\/strong><\/td>\n<td style=\"text-align: center;width: 200px;vertical-align: middle\"><strong><span style=\"font-size: 0.9em\">\ud83c\udde8\ud83c\udded JASON JOSEPH<br \/>\n<span style=\"font-size: 11.52px\"><i>13.12<\/i><\/span><\/span><\/strong><\/td>\n<td style=\"text-align: center;width: 200px;vertical-align: middle\"><span style=\"font-size: 0.9em\">\ud83c\uddea\ud83c\uddf8 ENRIQUE LLOPIS<br \/>\n<span style=\"font-size: 11.52px\"><i>13.44<\/i><\/span><\/span><\/td>\n<td style=\"text-align: center;width: 200px;vertical-align: middle\"><span style=\"font-size: 0.9em\">\ud83c\uddee\ud83c\uddf9 HASSANE FOFANA<br \/>\n<span style=\"font-size: 11.52px\"><i>13.47<\/i><\/span><\/span><\/td>\n<\/tr>\n<tr>\n<td style=\"text-align: center;width: 200px;vertical-align: middle\"><strong>400 m haies<br \/>\n<a href=\"https:\/\/liveresults.european-athletics.com\/en\/results\/athletics\/result-400m-h-d1-m-fnl-000100-.htm\"><span style=\"font-size: 11.52px\"><i>Classement<\/i><\/span><\/a><br \/>\n<\/strong><\/td>\n<td style=\"text-align: center;width: 200px;vertical-align: middle\"><strong><span style=\"font-size: 0.9em\">\ud83c\uddee\ud83c\uddf9 ALESSANDRO SIBILIO<br \/>\n<span style=\"font-size: 11.52px\"><i>48.14<\/i><\/span><\/span><\/strong><\/td>\n<td style=\"text-align: center;width: 200px;vertical-align: middle\"><span style=\"font-size: 0.9em\">\ud83c\uddf3\ud83c\uddf1 ISMAIL NEZIR<br \/>\n<span style=\"font-size: 11.52px\"><i>48.84<\/i><\/span><\/span><\/td>\n<td style=\"text-align: center;width: 200px;vertical-align: middle\"><span style=\"font-size: 0.9em\">\ud83c\uddf3\ud83c\uddf1 NICK SMIDT<br \/>\n<span style=\"font-size: 11.52px\"><i>49.51<\/i><\/span><\/span><\/td>\n<\/tr>\n<tr>\n<td style=\"text-align: center;width: 200px;vertical-align: middle\"><strong>4 X 100 m<br \/>\n<a href=\"https:\/\/liveresults.european-athletics.com\/en\/results\/athletics\/result-4x100m-d1-m-fnl-000100-.htm\"><span style=\"font-size: 11.52px\"><i>Classement<\/i><\/span><\/a><br \/>\n<\/strong><\/td>\n<td style=\"text-align: center;width: 200px;vertical-align: middle\"><strong><span style=\"font-size: 0.9em\">\ud83c\udde9\ud83c\uddea ALLEMAGNE<br \/>\n<span style=\"font-size: 11.52px\"><i>38.34<\/i><\/span><\/span><\/strong><\/td>\n<td style=\"text-align: center;width: 200px;vertical-align: middle\"><span style=\"font-size: 0.9em\">\ud83c\uddec\ud83c\udde7 GRANDE-BRETAGNE<br \/>\n<span style=\"font-size: 11.52px\"><i>38.44<\/i><\/span><\/span><\/td>\n<td style=\"text-align: center;width: 200px;vertical-align: middle\"><span style=\"font-size: 0.9em\">\ud83c\uddee\ud83c\uddf9 ITALIE<br \/>\n<span style=\"font-size: 11.52px\"><i>38.47<\/i><\/span><\/span><\/td>\n<\/tr>\n<tr>\n<td style=\"text-align: center;width: 200px;vertical-align: middle\"><strong>Saut en hauteur<br \/>\n<a href=\"https:\/\/liveresults.european-athletics.com\/en\/results\/athletics\/result-hj-d1-m-fnl-a00100-.htm\"><span style=\"font-size: 11.52px\"><i>Classement<\/i><\/span><\/a><br \/>\n<\/strong><\/td>\n<td style=\"text-align: center;width: 200px;vertical-align: middle\"><strong><span style=\"font-size: 0.9em\">\ud83c\uddee\ud83c\uddf9 GIANMARCO TAMBERI<br \/>\n<span style=\"font-size: 11.52px\"><i>2.29 m<\/i><\/span><\/span><\/strong><\/td>\n<td style=\"text-align: center;width: 200px;vertical-align: middle\"><span style=\"font-size: 0.9em\">\ud83c\udde7\ud83c\uddea THOMAS CARMOY<br \/>\n<span style=\"font-size: 11.52px\"><i>2.29 m<\/i><\/span><\/span><\/td>\n<td style=\"text-align: center;width: 200px;vertical-align: middle\"><span style=\"font-size: 0.9em\">\ud83c\uddf5\ud83c\uddf1 ROBERT KOBIELSKI<br \/>\n<span style=\"font-size: 11.52px\"><i>2.26 m<\/i><\/span><\/span><\/td>\n<\/tr>\n<tr>\n<td style=\"text-align: center;width: 200px;vertical-align: middle\"><strong>Saut \u00e0 la perche<br \/>\n<a href=\"https:\/\/liveresults.european-athletics.com\/en\/results\/athletics\/result-pv-d1-m-fnl-a00100-.htm\"><span style=\"font-size: 11.52px\"><i>Classement<\/i><\/span><\/a><br \/>\n<\/strong><\/td>\n<td style=\"text-align: center;width: 200px;vertical-align: middle\"><strong><span style=\"font-size: 0.9em\">\ud83c\uddf3\ud83c\uddf1 MENNO VLOON<br \/>\n<span style=\"font-size: 11.52px\"><i>5.85 m<\/i><\/span><\/span><\/strong><\/td>\n<td style=\"text-align: center;width: 200px;vertical-align: middle\"><span style=\"font-size: 0.9em\">\ud83c\uddec\ud83c\uddf7 EMMANOUIL KARALIS<br \/>\n<span style=\"font-size: 11.52px\"><i>5.80 m<\/i><\/span><\/span><\/td>\n<td style=\"text-align: center;width: 200px;vertical-align: middle\"><span style=\"font-size: 0.9em\">\ud83c\uddeb\ud83c\uddf7 THIBAUT COLLET<br \/>\n<span style=\"font-size: 11.52px\"><i>5.80 m<\/i><\/span><br \/>\n<\/span><\/td>\n<\/tr>\n<tr>\n<td style=\"text-align: center;width: 200px;vertical-align: middle\"><strong>Saut en longueur<br \/>\n<a href=\"https:\/\/liveresults.european-athletics.com\/en\/results\/athletics\/result-lj-d1-m-fnl-000100-.htm\"><span style=\"font-size: 11.52px\"><i>Classement<\/i><\/span><\/a><br \/>\n<\/strong><\/td>\n<td style=\"text-align: center;width: 200px;vertical-align: middle\"><strong><span style=\"font-size: 0.9em\">\ud83c\uddec\ud83c\uddf7 MILTIADIS TENTOGLOU<br \/>\n<span style=\"font-size: 11.52px\"><i>8.34 m<\/i><\/span><\/span><\/strong><\/td>\n<td style=\"text-align: center;width: 200px;vertical-align: middle\"><span style=\"font-size: 0.9em\">\ud83c\uddee\ud83c\uddf9 MATTIA FURLANI<br \/>\n<span style=\"font-size: 11.52px\"><i>7.97 m<\/i><\/span><\/span><\/td>\n<td style=\"text-align: center;width: 200px;vertical-align: middle\"><span style=\"font-size: 0.9em\">\ud83c\udde8\ud83c\udded SIMON EHAMMER<br \/>\n<span style=\"font-size: 11.52px\"><i>7.95 m<\/i><\/span><\/span><\/td>\n<\/tr>\n<tr>\n<td style=\"text-align: center;width: 200px;vertical-align: middle\"><strong>Triple saut<br \/>\n<a href=\"https:\/\/liveresults.european-athletics.com\/en\/results\/athletics\/result-tj-d1-m-fnl-000100-.htm\"><span style=\"font-size: 11.52px\"><i>Classement<\/i><\/span><\/a><br \/>\n<\/strong><\/td>\n<td style=\"text-align: center;width: 200px;vertical-align: middle\"><strong><span style=\"font-size: 0.9em\">\ud83c\uddee\ud83c\uddf9 TOBIA BOCCHI<br \/>\n<span style=\"font-size: 11.52px\"><i>16.84 m<\/i><\/span><\/span><\/strong><\/td>\n<td style=\"text-align: center;width: 200px;vertical-align: middle\"><span style=\"font-size: 0.9em\">\ud83c\uddf9\ud83c\uddf7 NECATI ER<br \/>\n<span style=\"font-size: 11.52px\"><i>16.71 m<\/i><\/span><\/span><\/td>\n<td style=\"text-align: center;width: 200px;vertical-align: middle\"><span style=\"font-size: 0.9em\">\ud83c\uddec\ud83c\uddf7 DIMITRIOS TSIAMIS<br \/>\n<span style=\"font-size: 11.52px\"><i>16.38 m<\/i><\/span><\/span><\/td>\n<\/tr>\n<tr>\n<td style=\"text-align: center;width: 200px;vertical-align: middle\"><strong>Lancer du poids<br \/>\n<a href=\"https:\/\/liveresults.european-athletics.com\/en\/results\/athletics\/result-sp-d1-m-fnl-000100-.htm\"><span style=\"font-size: 11.52px\"><i>Classement<\/i><\/span><\/a><br \/>\n<\/strong><\/td>\n<td style=\"text-align: center;width: 200px;vertical-align: middle\"><strong><span style=\"font-size: 0.9em\">\ud83c\uddee\ud83c\uddf9 ZANE WEIR<br \/>\n<span style=\"font-size: 11.52px\"><i>21.59 m<\/i><\/span><\/span><\/strong><\/td>\n<td style=\"text-align: center;width: 200px;vertical-align: middle\"><span style=\"font-size: 0.9em\">\ud83c\uddec\ud83c\udde7 SCOTT LINCOLN<br \/>\n<span style=\"font-size: 11.52px\"><i>21.10 m<\/i><\/span><\/span><\/td>\n<td style=\"text-align: center;width: 200px;vertical-align: middle\"><span style=\"font-size: 0.9em\">\ud83c\uddf5\ud83c\uddf1 MICHAL HARATYK<br \/>\n<span style=\"font-size: 11.52px\"><i>20.89 m<\/i><\/span><\/span><\/td>\n<\/tr>\n<tr>\n<td style=\"text-align: center;width: 200px;vertical-align: middle\"><strong>Lancer du javelot<br \/>\n<a href=\"https:\/\/liveresults.european-athletics.com\/en\/results\/athletics\/result-jt-d1-m-fnl-000100-.htm\"><span style=\"font-size: 11.52px\"><i>Classement<\/i><\/span><\/a><br \/>\n<\/strong><\/td>\n<td style=\"text-align: center;width: 200px;vertical-align: middle\"><strong><span style=\"font-size: 0.9em\">\ud83c\udde9\ud83c\uddea JULIAN WEBER<br \/>\n<span style=\"font-size: 11.52px\"><i>86.26 m<\/i><\/span><\/span><\/strong><\/td>\n<td style=\"text-align: center;width: 200px;vertical-align: middle\"><span style=\"font-size: 0.9em\">\ud83c\udde7\ud83c\uddea TIMOTHY HERMAN<br \/>\n<span style=\"font-size: 11.52px\"><i>81.67 m<\/i><\/span><\/span><\/td>\n<td style=\"text-align: center;width: 200px;vertical-align: middle\"><span style=\"font-size: 0.9em\">\ud83c\uddf5\ud83c\uddf9 LEANDRO RAMOS<br \/>\n<span style=\"font-size: 11.52px\"><i>81.62 m<\/i><\/span><\/span><\/td>\n<\/tr>\n<tr>\n<td style=\"text-align: center;width: 200px;vertical-align: middle\"><strong>Lancer du disque<br \/>\n<a href=\"https:\/\/liveresults.european-athletics.com\/en\/results\/athletics\/result-dt-d1-m-fnl-000100-.htm\"><span style=\"font-size: 11.52px\"><i>Classement<\/i><\/span><\/a><br \/>\n<\/strong><\/td>\n<td style=\"text-align: center;width: 200px;vertical-align: middle\"><strong><span style=\"font-size: 0.9em\">\ud83c\uddf8\ud83c\uddea DANIEL STAHL<br \/>\n<span style=\"font-size: 11.52px\"><i>67.25 m<\/i><\/span><\/span><\/strong><\/td>\n<td style=\"text-align: center;width: 200px;vertical-align: middle\"><span style=\"font-size: 0.9em\">\ud83c\udde9\ud83c\uddea HENRIK JANSSEN<br \/>\n<span style=\"font-size: 11.52px\"><i>64.09 m<\/i><\/span><\/span><\/td>\n<td style=\"text-align: center;width: 200px;vertical-align: middle\"><span style=\"font-size: 0.9em\">\ud83c\uddf5\ud83c\uddf1 ROBERT URBANEK<br \/>\n<span style=\"font-size: 11.52px\"><i>61.97 m<\/i><\/span><\/span><\/td>\n<\/tr>\n<tr>\n<td style=\"text-align: center;width: 200px;vertical-align: middle\"><strong>Lancer du marteau<br \/>\n<a href=\"https:\/\/liveresults.european-athletics.com\/en\/results\/athletics\/result-ht-d1-m-fnl-000100-.htm\"><span style=\"font-size: 11.52px\"><i>Classement<\/i><\/span><\/a><br \/>\n<\/strong><\/td>\n<td style=\"text-align: center;width: 200px;vertical-align: middle\"><strong><span style=\"font-size: 0.9em\">\ud83c\uddf5\ud83c\uddf1 WOJCIECH NOWICKI<br \/>\n<span style=\"font-size: 11.52px\"><i>79.61 m<\/i><\/span><\/span><\/strong><\/td>\n<td style=\"text-align: center;width: 200px;vertical-align: middle\"><span style=\"font-size: 0.9em\">\ud83c\uddf3\ud83c\uddf4 THOMAS MARDAL<br \/>\n<span style=\"font-size: 11.52px\"><i>76.50 m<\/i><\/span><\/span><\/td>\n<td style=\"text-align: center;width: 200px;vertical-align: middle\"><span style=\"font-size: 0.9em\">\ud83c\uddec\ud83c\uddf7 MICHAIL ANASTASAKIS<br \/>\n<span style=\"font-size: 11.52px\"><i>74.12 m<\/i><\/span><\/span><\/td>\n<\/tr>\n<\/tbody>\n<\/table>\n<\/div>\n","protected":false},"excerpt":{"rendered":"<p>ATHL\u00c9TISME &#8211; Les Championnats d&rsquo;Europe par \u00e9quipes ont lieu du vendredi 23 au dimanche 25 juin \u00e0 Chorzow en Pologne. Voici le programme et les r\u00e9sultats de la comp\u00e9tition.<\/p>\n","protected":false},"author":12,"featured_media":394574,"comment_status":"open","ping_status":"closed","sticky":false,"template":"","format":"standard","meta":{"_acf_changed":false,"_daextam_enable_autolinks":"","footnotes":""},"categories":[2308],"tags":[143,16878,8446],"class_list":["post-387340","post","type-post","status-publish","format-standard","has-post-thumbnail","hentry","category-athletisme","tag-athletisme","tag-breve","tag-championnats-deurope-dathletisme-par-equipes"],"acf":[],"yoast_head":"<!-- This site is optimized with the Yoast SEO Premium plugin v26.7 (Yoast SEO v26.7) - https:\/\/yoast.com\/wordpress\/plugins\/seo\/ -->\n<title>Athl\u00e9tisme - Les r\u00e9sultats des Championnats d&#039;Europe par \u00e9quipes 2023<\/title>\n<meta name=\"description\" content=\"ATHL\u00c9TISME - Les Championnats d&#039;Europe par \u00e9quipes ont lieu du 23 au 25 juin. Voici le programme et les r\u00e9sultats de la comp\u00e9tition.\" \/>\n<meta name=\"robots\" content=\"index, follow, max-snippet:-1, max-image-preview:large, max-video-preview:-1\" \/>\n<link rel=\"canonical\" href=\"https:\/\/dicodusport.fr\/blog\/athletisme-programme-et-resultats-championnats-deurope-par-equipes-2023\/\" \/>\n<meta property=\"og:locale\" content=\"fr_FR\" \/>\n<meta property=\"og:type\" content=\"article\" \/>\n<meta property=\"og:title\" content=\"Athl\u00e9tisme - Les r\u00e9sultats des Championnats d&#039;Europe par \u00e9quipes 2023\" \/>\n<meta property=\"og:description\" content=\"ATHL\u00c9TISME - Les Championnats d&#039;Europe par \u00e9quipes ont lieu du 23 au 25 juin. Voici le programme et les r\u00e9sultats de la comp\u00e9tition.\" \/>\n<meta property=\"og:url\" content=\"https:\/\/dicodusport.fr\/blog\/athletisme-programme-et-resultats-championnats-deurope-par-equipes-2023\/\" \/>\n<meta property=\"og:site_name\" content=\"Dicodusport\" \/>\n<meta property=\"article:publisher\" content=\"https:\/\/www.facebook.com\/dicodusport\" \/>\n<meta property=\"article:published_time\" content=\"2023-06-25T17:26:05+00:00\" \/>\n<meta property=\"article:modified_time\" content=\"2023-06-25T21:12:21+00:00\" \/>\n<meta property=\"og:image\" content=\"https:\/\/dicodusport.fr\/blog\/wp-content\/uploads\/2023\/06\/Athletisme-Les-resultats-des-Championnats-dEurope-par-equipes-2023.png\" \/>\n\t<meta property=\"og:image:width\" content=\"800\" \/>\n\t<meta property=\"og:image:height\" content=\"445\" \/>\n\t<meta property=\"og:image:type\" content=\"image\/png\" \/>\n<meta name=\"author\" content=\"Arlette Yeye\" \/>\n<meta name=\"twitter:card\" content=\"summary_large_image\" \/>\n<meta name=\"twitter:title\" content=\"Athl\u00e9tisme - Les r\u00e9sultats des Championnats d&#039;Europe par \u00e9quipes 2023\" \/>\n<meta name=\"twitter:creator\" content=\"@https:\/\/twitter.com\/Shiclette94\" \/>\n<meta name=\"twitter:site\" content=\"@dicodusport\" \/>\n<script type=\"application\/ld+json\" class=\"yoast-schema-graph\">{\"@context\":\"https:\/\/schema.org\",\"@graph\":[{\"@type\":\"NewsArticle\",\"@id\":\"https:\/\/dicodusport.fr\/blog\/athletisme-programme-et-resultats-championnats-deurope-par-equipes-2023\/#article\",\"isPartOf\":{\"@id\":\"https:\/\/dicodusport.fr\/blog\/athletisme-programme-et-resultats-championnats-deurope-par-equipes-2023\/\"},\"author\":{\"name\":\"Arlette Yeye\",\"@id\":\"https:\/\/dicodusport.fr\/blog\/#\/schema\/person\/cce96fa88785bd8573e3d43078ac8c79\"},\"headline\":\"Athl\u00e9tisme &#8211; Les r\u00e9sultats des Championnats d&rsquo;Europe par \u00e9quipes 2023\",\"datePublished\":\"2023-06-25T17:26:05+00:00\",\"dateModified\":\"2023-06-25T21:12:21+00:00\",\"mainEntityOfPage\":{\"@id\":\"https:\/\/dicodusport.fr\/blog\/athletisme-programme-et-resultats-championnats-deurope-par-equipes-2023\/\"},\"wordCount\":898,\"commentCount\":0,\"publisher\":{\"@id\":\"https:\/\/dicodusport.fr\/blog\/#organization\"},\"image\":{\"@id\":\"https:\/\/dicodusport.fr\/blog\/athletisme-programme-et-resultats-championnats-deurope-par-equipes-2023\/#primaryimage\"},\"thumbnailUrl\":\"https:\/\/dicodusport.fr\/blog\/wp-content\/uploads\/2023\/06\/Athletisme-Les-resultats-des-Championnats-dEurope-par-equipes-2023.png\",\"keywords\":[\"Athl\u00e9tisme\",\"br\u00e8ve\",\"Championnats d'Europe d'athl\u00e9tisme par \u00e9quipes\"],\"articleSection\":[\"Athl\u00e9tisme\"],\"inLanguage\":\"fr-FR\",\"potentialAction\":[{\"@type\":\"CommentAction\",\"name\":\"Comment\",\"target\":[\"https:\/\/dicodusport.fr\/blog\/athletisme-programme-et-resultats-championnats-deurope-par-equipes-2023\/#respond\"]}],\"copyrightYear\":\"2023\",\"copyrightHolder\":{\"@id\":\"https:\/\/dicodusport.fr\/blog\/#organization\"}},{\"@type\":\"WebPage\",\"@id\":\"https:\/\/dicodusport.fr\/blog\/athletisme-programme-et-resultats-championnats-deurope-par-equipes-2023\/\",\"url\":\"https:\/\/dicodusport.fr\/blog\/athletisme-programme-et-resultats-championnats-deurope-par-equipes-2023\/\",\"name\":\"Athl\u00e9tisme - Les r\u00e9sultats des Championnats d'Europe par \u00e9quipes 2023\",\"isPartOf\":{\"@id\":\"https:\/\/dicodusport.fr\/blog\/#website\"},\"primaryImageOfPage\":{\"@id\":\"https:\/\/dicodusport.fr\/blog\/athletisme-programme-et-resultats-championnats-deurope-par-equipes-2023\/#primaryimage\"},\"image\":{\"@id\":\"https:\/\/dicodusport.fr\/blog\/athletisme-programme-et-resultats-championnats-deurope-par-equipes-2023\/#primaryimage\"},\"thumbnailUrl\":\"https:\/\/dicodusport.fr\/blog\/wp-content\/uploads\/2023\/06\/Athletisme-Les-resultats-des-Championnats-dEurope-par-equipes-2023.png\",\"datePublished\":\"2023-06-25T17:26:05+00:00\",\"dateModified\":\"2023-06-25T21:12:21+00:00\",\"description\":\"ATHL\u00c9TISME - Les Championnats d'Europe par \u00e9quipes ont lieu du 23 au 25 juin. Voici le programme et les r\u00e9sultats de la comp\u00e9tition.\",\"breadcrumb\":{\"@id\":\"https:\/\/dicodusport.fr\/blog\/athletisme-programme-et-resultats-championnats-deurope-par-equipes-2023\/#breadcrumb\"},\"inLanguage\":\"fr-FR\",\"potentialAction\":[{\"@type\":\"ReadAction\",\"target\":[\"https:\/\/dicodusport.fr\/blog\/athletisme-programme-et-resultats-championnats-deurope-par-equipes-2023\/\"]}]},{\"@type\":\"ImageObject\",\"inLanguage\":\"fr-FR\",\"@id\":\"https:\/\/dicodusport.fr\/blog\/athletisme-programme-et-resultats-championnats-deurope-par-equipes-2023\/#primaryimage\",\"url\":\"https:\/\/dicodusport.fr\/blog\/wp-content\/uploads\/2023\/06\/Athletisme-Les-resultats-des-Championnats-dEurope-par-equipes-2023.png\",\"contentUrl\":\"https:\/\/dicodusport.fr\/blog\/wp-content\/uploads\/2023\/06\/Athletisme-Les-resultats-des-Championnats-dEurope-par-equipes-2023.png\",\"width\":800,\"height\":445,\"caption\":\"Athl\u00e9tisme - Les r\u00e9sultats des Championnats d'Europe par \u00e9quipes 2023\"},{\"@type\":\"BreadcrumbList\",\"@id\":\"https:\/\/dicodusport.fr\/blog\/athletisme-programme-et-resultats-championnats-deurope-par-equipes-2023\/#breadcrumb\",\"itemListElement\":[{\"@type\":\"ListItem\",\"position\":1,\"name\":\"Accueil\",\"item\":\"https:\/\/dicodusport.fr\/blog\/\"},{\"@type\":\"ListItem\",\"position\":2,\"name\":\"Athl\u00e9tisme &#8211; Les r\u00e9sultats des Championnats d&rsquo;Europe par \u00e9quipes 2023\"}]},{\"@type\":\"WebSite\",\"@id\":\"https:\/\/dicodusport.fr\/blog\/#website\",\"url\":\"https:\/\/dicodusport.fr\/blog\/\",\"name\":\"Dicodusport\",\"description\":\"L&#039;encyclop\u00e9die de l&#039;actualit\u00e9 sportive\",\"publisher\":{\"@id\":\"https:\/\/dicodusport.fr\/blog\/#organization\"},\"potentialAction\":[{\"@type\":\"SearchAction\",\"target\":{\"@type\":\"EntryPoint\",\"urlTemplate\":\"https:\/\/dicodusport.fr\/blog\/?s={search_term_string}\"},\"query-input\":{\"@type\":\"PropertyValueSpecification\",\"valueRequired\":true,\"valueName\":\"search_term_string\"}}],\"inLanguage\":\"fr-FR\"},{\"@type\":\"NewsMediaOrganization\",\"@id\":\"https:\/\/dicodusport.fr\/blog\/#organization\",\"name\":\"Dicodusport\",\"url\":\"https:\/\/dicodusport.fr\/blog\/\",\"logo\":{\"@type\":\"ImageObject\",\"inLanguage\":\"fr-FR\",\"@id\":\"https:\/\/dicodusport.fr\/blog\/#\/schema\/logo\/image\/\",\"url\":\"https:\/\/dicodusport.fr\/blog\/wp-content\/uploads\/2020\/06\/cropped-LOGO-DICODUSPORT-2020-SANS-FOND-SANS-TEXTE.png\",\"contentUrl\":\"https:\/\/dicodusport.fr\/blog\/wp-content\/uploads\/2020\/06\/cropped-LOGO-DICODUSPORT-2020-SANS-FOND-SANS-TEXTE.png\",\"width\":512,\"height\":512,\"caption\":\"Dicodusport\"},\"image\":{\"@id\":\"https:\/\/dicodusport.fr\/blog\/#\/schema\/logo\/image\/\"},\"sameAs\":[\"https:\/\/www.facebook.com\/dicodusport\",\"https:\/\/x.com\/dicodusport\",\"https:\/\/www.instagram.com\/dicodusport\/\",\"https:\/\/www.youtube.com\/channel\/UC7V2KZ5sd3htJivAbA4ZG3w\"],\"description\":\"Dicodusport est l'encyclop\u00e9die de l'actualit\u00e9 sportive.\",\"email\":\"bonjour@dicodusport.fr\",\"legalName\":\"DICODUSPORT\",\"foundingDate\":\"2018-01-14\",\"vatID\":\"FR71834470973\",\"taxID\":\"83447097300043\",\"numberOfEmployees\":{\"@type\":\"QuantitativeValue\",\"minValue\":\"1\",\"maxValue\":\"10\"}},{\"@type\":\"Person\",\"@id\":\"https:\/\/dicodusport.fr\/blog\/#\/schema\/person\/cce96fa88785bd8573e3d43078ac8c79\",\"name\":\"Arlette Yeye\",\"image\":{\"@type\":\"ImageObject\",\"inLanguage\":\"fr-FR\",\"@id\":\"https:\/\/dicodusport.fr\/blog\/#\/schema\/person\/image\/\",\"url\":\"https:\/\/secure.gravatar.com\/avatar\/dca4a6239e6d708e46c45d60e160de6c?s=96&d=wp_user_avatar&r=g\",\"contentUrl\":\"https:\/\/secure.gravatar.com\/avatar\/dca4a6239e6d708e46c45d60e160de6c?s=96&d=wp_user_avatar&r=g\",\"caption\":\"Arlette Yeye\"},\"description\":\"Journaliste\/r\u00e9dactrice depuis septembre 2015 - Supportrice de Chelsea, j'ai pour sports de pr\u00e9dilection le handball, l'athl\u00e9tisme et le tennis. Si je tweete plus vite que mon ombre, vous pouvez aussi me retrouver les week-ends sur les playgrounds de Bruxelles pour un petit foot ou basket entre potes. Parcourir la France, l'Europe et plus si affinit\u00e9s pour suivre mes sportifs pr\u00e9f\u00e9r\u00e9s ? Mon kif ! Et c'est avec plaisir que je partage les r\u00e9sultats des sports populaires mais \u00e9galement plus confidentiels pour Dicodusport.\",\"sameAs\":[\"https:\/\/x.com\/https:\/\/twitter.com\/Shiclette94\"],\"url\":\"https:\/\/dicodusport.fr\/blog\/author\/arlette\/\"}]}<\/script>\n<!-- \/ Yoast SEO Premium plugin. -->","yoast_head_json":{"title":"Athl\u00e9tisme - Les r\u00e9sultats des Championnats d'Europe par \u00e9quipes 2023","description":"ATHL\u00c9TISME - Les Championnats d'Europe par \u00e9quipes ont lieu du 23 au 25 juin. Voici le programme et les r\u00e9sultats de la comp\u00e9tition.","robots":{"index":"index","follow":"follow","max-snippet":"max-snippet:-1","max-image-preview":"max-image-preview:large","max-video-preview":"max-video-preview:-1"},"canonical":"https:\/\/dicodusport.fr\/blog\/athletisme-programme-et-resultats-championnats-deurope-par-equipes-2023\/","og_locale":"fr_FR","og_type":"article","og_title":"Athl\u00e9tisme - Les r\u00e9sultats des Championnats d'Europe par \u00e9quipes 2023","og_description":"ATHL\u00c9TISME - Les Championnats d'Europe par \u00e9quipes ont lieu du 23 au 25 juin. Voici le programme et les r\u00e9sultats de la comp\u00e9tition.","og_url":"https:\/\/dicodusport.fr\/blog\/athletisme-programme-et-resultats-championnats-deurope-par-equipes-2023\/","og_site_name":"Dicodusport","article_publisher":"https:\/\/www.facebook.com\/dicodusport","article_published_time":"2023-06-25T17:26:05+00:00","article_modified_time":"2023-06-25T21:12:21+00:00","og_image":[{"width":800,"height":445,"url":"https:\/\/dicodusport.fr\/blog\/wp-content\/uploads\/2023\/06\/Athletisme-Les-resultats-des-Championnats-dEurope-par-equipes-2023.png","type":"image\/png"}],"author":"Arlette Yeye","twitter_card":"summary_large_image","twitter_title":"Athl\u00e9tisme - Les r\u00e9sultats des Championnats d'Europe par \u00e9quipes 2023","twitter_creator":"@https:\/\/twitter.com\/Shiclette94","twitter_site":"@dicodusport","schema":{"@context":"https:\/\/schema.org","@graph":[{"@type":"NewsArticle","@id":"https:\/\/dicodusport.fr\/blog\/athletisme-programme-et-resultats-championnats-deurope-par-equipes-2023\/#article","isPartOf":{"@id":"https:\/\/dicodusport.fr\/blog\/athletisme-programme-et-resultats-championnats-deurope-par-equipes-2023\/"},"author":{"name":"Arlette Yeye","@id":"https:\/\/dicodusport.fr\/blog\/#\/schema\/person\/cce96fa88785bd8573e3d43078ac8c79"},"headline":"Athl\u00e9tisme &#8211; Les r\u00e9sultats des Championnats d&rsquo;Europe par \u00e9quipes 2023","datePublished":"2023-06-25T17:26:05+00:00","dateModified":"2023-06-25T21:12:21+00:00","mainEntityOfPage":{"@id":"https:\/\/dicodusport.fr\/blog\/athletisme-programme-et-resultats-championnats-deurope-par-equipes-2023\/"},"wordCount":898,"commentCount":0,"publisher":{"@id":"https:\/\/dicodusport.fr\/blog\/#organization"},"image":{"@id":"https:\/\/dicodusport.fr\/blog\/athletisme-programme-et-resultats-championnats-deurope-par-equipes-2023\/#primaryimage"},"thumbnailUrl":"https:\/\/dicodusport.fr\/blog\/wp-content\/uploads\/2023\/06\/Athletisme-Les-resultats-des-Championnats-dEurope-par-equipes-2023.png","keywords":["Athl\u00e9tisme","br\u00e8ve","Championnats d'Europe d'athl\u00e9tisme par \u00e9quipes"],"articleSection":["Athl\u00e9tisme"],"inLanguage":"fr-FR","potentialAction":[{"@type":"CommentAction","name":"Comment","target":["https:\/\/dicodusport.fr\/blog\/athletisme-programme-et-resultats-championnats-deurope-par-equipes-2023\/#respond"]}],"copyrightYear":"2023","copyrightHolder":{"@id":"https:\/\/dicodusport.fr\/blog\/#organization"}},{"@type":"WebPage","@id":"https:\/\/dicodusport.fr\/blog\/athletisme-programme-et-resultats-championnats-deurope-par-equipes-2023\/","url":"https:\/\/dicodusport.fr\/blog\/athletisme-programme-et-resultats-championnats-deurope-par-equipes-2023\/","name":"Athl\u00e9tisme - Les r\u00e9sultats des Championnats d'Europe par \u00e9quipes 2023","isPartOf":{"@id":"https:\/\/dicodusport.fr\/blog\/#website"},"primaryImageOfPage":{"@id":"https:\/\/dicodusport.fr\/blog\/athletisme-programme-et-resultats-championnats-deurope-par-equipes-2023\/#primaryimage"},"image":{"@id":"https:\/\/dicodusport.fr\/blog\/athletisme-programme-et-resultats-championnats-deurope-par-equipes-2023\/#primaryimage"},"thumbnailUrl":"https:\/\/dicodusport.fr\/blog\/wp-content\/uploads\/2023\/06\/Athletisme-Les-resultats-des-Championnats-dEurope-par-equipes-2023.png","datePublished":"2023-06-25T17:26:05+00:00","dateModified":"2023-06-25T21:12:21+00:00","description":"ATHL\u00c9TISME - Les Championnats d'Europe par \u00e9quipes ont lieu du 23 au 25 juin. Voici le programme et les r\u00e9sultats de la comp\u00e9tition.","breadcrumb":{"@id":"https:\/\/dicodusport.fr\/blog\/athletisme-programme-et-resultats-championnats-deurope-par-equipes-2023\/#breadcrumb"},"inLanguage":"fr-FR","potentialAction":[{"@type":"ReadAction","target":["https:\/\/dicodusport.fr\/blog\/athletisme-programme-et-resultats-championnats-deurope-par-equipes-2023\/"]}]},{"@type":"ImageObject","inLanguage":"fr-FR","@id":"https:\/\/dicodusport.fr\/blog\/athletisme-programme-et-resultats-championnats-deurope-par-equipes-2023\/#primaryimage","url":"https:\/\/dicodusport.fr\/blog\/wp-content\/uploads\/2023\/06\/Athletisme-Les-resultats-des-Championnats-dEurope-par-equipes-2023.png","contentUrl":"https:\/\/dicodusport.fr\/blog\/wp-content\/uploads\/2023\/06\/Athletisme-Les-resultats-des-Championnats-dEurope-par-equipes-2023.png","width":800,"height":445,"caption":"Athl\u00e9tisme - Les r\u00e9sultats des Championnats d'Europe par \u00e9quipes 2023"},{"@type":"BreadcrumbList","@id":"https:\/\/dicodusport.fr\/blog\/athletisme-programme-et-resultats-championnats-deurope-par-equipes-2023\/#breadcrumb","itemListElement":[{"@type":"ListItem","position":1,"name":"Accueil","item":"https:\/\/dicodusport.fr\/blog\/"},{"@type":"ListItem","position":2,"name":"Athl\u00e9tisme &#8211; Les r\u00e9sultats des Championnats d&rsquo;Europe par \u00e9quipes 2023"}]},{"@type":"WebSite","@id":"https:\/\/dicodusport.fr\/blog\/#website","url":"https:\/\/dicodusport.fr\/blog\/","name":"Dicodusport","description":"L&#039;encyclop\u00e9die de l&#039;actualit\u00e9 sportive","publisher":{"@id":"https:\/\/dicodusport.fr\/blog\/#organization"},"potentialAction":[{"@type":"SearchAction","target":{"@type":"EntryPoint","urlTemplate":"https:\/\/dicodusport.fr\/blog\/?s={search_term_string}"},"query-input":{"@type":"PropertyValueSpecification","valueRequired":true,"valueName":"search_term_string"}}],"inLanguage":"fr-FR"},{"@type":"NewsMediaOrganization","@id":"https:\/\/dicodusport.fr\/blog\/#organization","name":"Dicodusport","url":"https:\/\/dicodusport.fr\/blog\/","logo":{"@type":"ImageObject","inLanguage":"fr-FR","@id":"https:\/\/dicodusport.fr\/blog\/#\/schema\/logo\/image\/","url":"https:\/\/dicodusport.fr\/blog\/wp-content\/uploads\/2020\/06\/cropped-LOGO-DICODUSPORT-2020-SANS-FOND-SANS-TEXTE.png","contentUrl":"https:\/\/dicodusport.fr\/blog\/wp-content\/uploads\/2020\/06\/cropped-LOGO-DICODUSPORT-2020-SANS-FOND-SANS-TEXTE.png","width":512,"height":512,"caption":"Dicodusport"},"image":{"@id":"https:\/\/dicodusport.fr\/blog\/#\/schema\/logo\/image\/"},"sameAs":["https:\/\/www.facebook.com\/dicodusport","https:\/\/x.com\/dicodusport","https:\/\/www.instagram.com\/dicodusport\/","https:\/\/www.youtube.com\/channel\/UC7V2KZ5sd3htJivAbA4ZG3w"],"description":"Dicodusport est l'encyclop\u00e9die de l'actualit\u00e9 sportive.","email":"bonjour@dicodusport.fr","legalName":"DICODUSPORT","foundingDate":"2018-01-14","vatID":"FR71834470973","taxID":"83447097300043","numberOfEmployees":{"@type":"QuantitativeValue","minValue":"1","maxValue":"10"}},{"@type":"Person","@id":"https:\/\/dicodusport.fr\/blog\/#\/schema\/person\/cce96fa88785bd8573e3d43078ac8c79","name":"Arlette Yeye","image":{"@type":"ImageObject","inLanguage":"fr-FR","@id":"https:\/\/dicodusport.fr\/blog\/#\/schema\/person\/image\/","url":"https:\/\/secure.gravatar.com\/avatar\/dca4a6239e6d708e46c45d60e160de6c?s=96&d=wp_user_avatar&r=g","contentUrl":"https:\/\/secure.gravatar.com\/avatar\/dca4a6239e6d708e46c45d60e160de6c?s=96&d=wp_user_avatar&r=g","caption":"Arlette Yeye"},"description":"Journaliste\/r\u00e9dactrice depuis septembre 2015 - Supportrice de Chelsea, j'ai pour sports de pr\u00e9dilection le handball, l'athl\u00e9tisme et le tennis. Si je tweete plus vite que mon ombre, vous pouvez aussi me retrouver les week-ends sur les playgrounds de Bruxelles pour un petit foot ou basket entre potes. Parcourir la France, l'Europe et plus si affinit\u00e9s pour suivre mes sportifs pr\u00e9f\u00e9r\u00e9s ? Mon kif ! Et c'est avec plaisir que je partage les r\u00e9sultats des sports populaires mais \u00e9galement plus confidentiels pour Dicodusport.","sameAs":["https:\/\/x.com\/https:\/\/twitter.com\/Shiclette94"],"url":"https:\/\/dicodusport.fr\/blog\/author\/arlette\/"}]}},"_links":{"self":[{"href":"https:\/\/dicodusport.fr\/blog\/wp-json\/wp\/v2\/posts\/387340","targetHints":{"allow":["GET"]}}],"collection":[{"href":"https:\/\/dicodusport.fr\/blog\/wp-json\/wp\/v2\/posts"}],"about":[{"href":"https:\/\/dicodusport.fr\/blog\/wp-json\/wp\/v2\/types\/post"}],"author":[{"embeddable":true,"href":"https:\/\/dicodusport.fr\/blog\/wp-json\/wp\/v2\/users\/12"}],"replies":[{"embeddable":true,"href":"https:\/\/dicodusport.fr\/blog\/wp-json\/wp\/v2\/comments?post=387340"}],"version-history":[{"count":0,"href":"https:\/\/dicodusport.fr\/blog\/wp-json\/wp\/v2\/posts\/387340\/revisions"}],"wp:featuredmedia":[{"embeddable":true,"href":"https:\/\/dicodusport.fr\/blog\/wp-json\/wp\/v2\/media\/394574"}],"wp:attachment":[{"href":"https:\/\/dicodusport.fr\/blog\/wp-json\/wp\/v2\/media?parent=387340"}],"wp:term":[{"taxonomy":"category","embeddable":true,"href":"https:\/\/dicodusport.fr\/blog\/wp-json\/wp\/v2\/categories?post=387340"},{"taxonomy":"post_tag","embeddable":true,"href":"https:\/\/dicodusport.fr\/blog\/wp-json\/wp\/v2\/tags?post=387340"}],"curies":[{"name":"wp","href":"https:\/\/api.w.org\/{rel}","templated":true}]}}