{"id":387379,"date":"2023-06-02T11:16:48","date_gmt":"2023-06-02T09:16:48","guid":{"rendered":"https:\/\/dicodusport.fr\/blog\/?p=387379&#038;preview=true&#038;preview_id=387379"},"modified":"2023-06-02T11:50:26","modified_gmt":"2023-06-02T09:50:26","slug":"jumbo-va-arreter-de-sponsoriser-le-sport-de-haut-niveau-dont-lequipe-cycliste","status":"publish","type":"post","link":"https:\/\/dicodusport.fr\/blog\/jumbo-va-arreter-de-sponsoriser-le-sport-de-haut-niveau-dont-lequipe-cycliste\/","title":{"rendered":"Jumbo va arr\u00eater de sponsoriser le sport de haut niveau, dont l&rsquo;\u00e9quipe cycliste"},"content":{"rendered":"<p align=\"justify\"><em><strong>CYCLISME &#8211; Les supermarch\u00e9s Jumbo ont annonc\u00e9 arr\u00eater leur partenariat avec la formation n\u00e9erlandaise Jumbo-Visma, apr\u00e8s la saison 2024. Plus globalement, la cha\u00eene batave va stopper le financement du sport de haut niveau.<\/strong><\/em><\/p>\n<p align=\"justify\">C&rsquo;est la fin d&rsquo;un cycle qui aura dur\u00e9 pendant pr\u00e8s de 10 ans. Les supermarch\u00e9s Jumbo ont annonc\u00e9 la fin de leur partenariat avec l&rsquo;\u00e9quipe cycliste <strong>Jumbo-Visma<\/strong>. C&rsquo;est ce que rapporte le m\u00e9dia n\u00e9erlandais <em><a href=\"https:\/\/www.wielerflits.nl\/nieuws\/jumbo-supermarkten-gaat-stoppen-als-sponsor-bij-jumbo-visma\/\">Wielerflits<\/a><\/em>, qui cite <strong>Ton van Veen<\/strong>, nouveau PDG de Jumbo, interview\u00e9 par <em>Algemeen Dagblad,<\/em> Un processus qui est plus global, avec l&rsquo;arr\u00eat total du sponsoring du sport de haut niveau, dont le partenariat avec le double champion du monde de Formule 1, <strong>Max Verstappen<\/strong>.<\/p>\n<p align=\"justify\">Jumbo \u00e9tait arriv\u00e9 dans le cyclisme en 2015, en remplacement de la <strong>Belkin<\/strong> et, au d\u00e9but, en partenariat avec la Lotto n\u00e9erlandaise. Avant de s&rsquo;associer en 2019 avec <strong>Visma<\/strong>. Une \u00e9quipe qui a grandi pour devenir l&rsquo;une des meilleures \u00e9curies du monde. Avec comme coureurs stars,<strong> Primoz Roglic<\/strong>, <a href=\"https:\/\/dicodusport.fr\/blog\/tour-d-italie-2023-classement-general-maillot-rose\/\">r\u00e9cent vainqueur du Giro<\/a> et triple laur\u00e9at de la Vuelta, mais aussi de Li\u00e8ge-Bastogne-Li\u00e8ge 2020. Et <strong>Wout Van Aert<\/strong>, vainqueur de Milan-San Remo et victorieux du classement par points du Tour de France 2022.<\/p>\n<p align=\"justify\">Si le contrat court jusqu&rsquo;en 2024, Jumbo n&rsquo;a pas ferm\u00e9 la porte \u00e0 un retrait plus t\u00f4t si la formation n\u00e9erlandaise trouve un autre sponsor titre d&rsquo;ici-l\u00e0. Va-t-on dire au revoir aux couleurs de gu\u00eape, si caract\u00e9ristiques dans le peloton depuis maintenant 8 ans ? Cela en prend en tout cas, le chemin.<\/p>\n<div class=\"vlp-link-container vlp-layout-article\"><a href=\"https:\/\/www.wielerflits.nl\/nieuws\/jumbo-supermarkten-gaat-stoppen-als-sponsor-bij-jumbo-visma\/\" class=\"vlp-link\" title=\"Jumbo Supermarkten gaat stoppen als sponsor bij Jumbo-Visma\" rel=\"nofollow\" target=\"_blank\"><\/a><div class=\"vlp-layout-zone-side\"><div class=\"vlp-block-4 vlp-link-image\"><img decoding=\"async\" src=\"https:\/\/c7r2q8r6.stackpathcdn.com\/wp-content\/uploads\/2023\/05\/Vertical-Giro-dItalia-e1683208877148.jpg\" style=\"max-width: 800px; max-height: 800px\" \/><\/div><\/div><div class=\"vlp-layout-zone-main\"><div class=\"vlp-block-0 vlp-link-title\">Jumbo Supermarkten gaat stoppen als sponsor bij Jumbo-Visma<\/div><div class=\"vlp-block-1 vlp-link-summary\">Jumbo Supermarkten gaat stoppen als sponsor bij wieler- en schaatsploeg Jumbo-Visma. Dat bevestigt de nieuwe topman Ton van Veen aan het AD. Het huidige contract, dat nog doorloopt tot eind 2024, zal gerespecteerd worden, maar Jumbo is bereid eerder te stoppen als hoofdsponsor. Lees ook: Deze verhal\u2026<\/div><div class=\"vlp-block-2 vlp-link-button\">Lire l'article<\/div><div class=\"vlp-block-3 vlp-link-url\">www.wielerflits.nl<\/div><\/div><\/div>\n","protected":false},"excerpt":{"rendered":"<p>CYCLISME &#8211; Les supermarch\u00e9s Jumbo ont annonc\u00e9 arr\u00eater leur partenariat avec la formation n\u00e9erlandaise Jumbo-Visma, apr\u00e8s la saison 2024. Plus globalement, la cha\u00eene batave va stopper le financement du sport de haut niveau.<\/p>\n","protected":false},"author":83,"featured_media":344105,"comment_status":"open","ping_status":"closed","sticky":false,"template":"","format":"standard","meta":{"_acf_changed":false,"_daextam_enable_autolinks":"","footnotes":""},"categories":[46994],"tags":[16878,574,8551,8315],"class_list":["post-387379","post","type-post","status-publish","format-standard","has-post-thumbnail","hentry","category-cyclisme-sur-route","tag-breve","tag-cyclisme","tag-jumbo-visma","tag-max-verstappen"],"acf":[],"yoast_head":"<!-- This site is optimized with the Yoast SEO Premium plugin v26.7 (Yoast SEO v26.7) - https:\/\/yoast.com\/wordpress\/plugins\/seo\/ -->\n<title>Jumbo va arr\u00eater de sponsoriser le sport de haut niveau, dont l&#039;\u00e9quipe cycliste<\/title>\n<meta name=\"description\" content=\"Les supermarch\u00e9s Jumbo ont annonc\u00e9 arr\u00eater leur partenariat avec la formation n\u00e9erlandaise, apr\u00e8s la saison 2024.\" \/>\n<meta name=\"robots\" content=\"index, follow, max-snippet:-1, max-image-preview:large, max-video-preview:-1\" \/>\n<link rel=\"canonical\" href=\"https:\/\/dicodusport.fr\/blog\/jumbo-va-arreter-de-sponsoriser-le-sport-de-haut-niveau-dont-lequipe-cycliste\/\" \/>\n<meta property=\"og:locale\" content=\"fr_FR\" \/>\n<meta property=\"og:type\" content=\"article\" \/>\n<meta property=\"og:title\" content=\"Jumbo va arr\u00eater de sponsoriser le sport de haut niveau, dont l&#039;\u00e9quipe cycliste\" \/>\n<meta property=\"og:description\" content=\"Les supermarch\u00e9s Jumbo ont annonc\u00e9 arr\u00eater leur partenariat avec la formation n\u00e9erlandaise, apr\u00e8s la saison 2024.\" \/>\n<meta property=\"og:url\" content=\"https:\/\/dicodusport.fr\/blog\/jumbo-va-arreter-de-sponsoriser-le-sport-de-haut-niveau-dont-lequipe-cycliste\/\" \/>\n<meta property=\"og:site_name\" content=\"Dicodusport\" \/>\n<meta property=\"article:publisher\" content=\"https:\/\/www.facebook.com\/dicodusport\" \/>\n<meta property=\"article:published_time\" content=\"2023-06-02T09:16:48+00:00\" \/>\n<meta property=\"article:modified_time\" content=\"2023-06-02T09:50:26+00:00\" \/>\n<meta property=\"og:image\" content=\"https:\/\/dicodusport.fr\/blog\/wp-content\/uploads\/2023\/01\/World-Tour-La-Jumbo-Visma-encore-plus-forte-en-2023-.png\" \/>\n\t<meta property=\"og:image:width\" content=\"800\" \/>\n\t<meta property=\"og:image:height\" content=\"445\" \/>\n\t<meta property=\"og:image:type\" content=\"image\/png\" \/>\n<meta name=\"author\" content=\"Etienne Goursaud\" \/>\n<meta name=\"twitter:card\" content=\"summary_large_image\" \/>\n<meta name=\"twitter:title\" content=\"Jumbo va arr\u00eater de sponsoriser le sport de haut niveau, dont l&#039;\u00e9quipe cycliste\" \/>\n<meta name=\"twitter:creator\" content=\"@dicodusport\" \/>\n<meta name=\"twitter:site\" content=\"@dicodusport\" \/>\n<script type=\"application\/ld+json\" class=\"yoast-schema-graph\">{\"@context\":\"https:\/\/schema.org\",\"@graph\":[{\"@type\":\"NewsArticle\",\"@id\":\"https:\/\/dicodusport.fr\/blog\/jumbo-va-arreter-de-sponsoriser-le-sport-de-haut-niveau-dont-lequipe-cycliste\/#article\",\"isPartOf\":{\"@id\":\"https:\/\/dicodusport.fr\/blog\/jumbo-va-arreter-de-sponsoriser-le-sport-de-haut-niveau-dont-lequipe-cycliste\/\"},\"author\":{\"name\":\"Etienne Goursaud\",\"@id\":\"https:\/\/dicodusport.fr\/blog\/#\/schema\/person\/d603dd7da31fb2b46c82b9835a77ec13\"},\"headline\":\"Jumbo va arr\u00eater de sponsoriser le sport de haut niveau, dont l&rsquo;\u00e9quipe cycliste\",\"datePublished\":\"2023-06-02T09:16:48+00:00\",\"dateModified\":\"2023-06-02T09:50:26+00:00\",\"mainEntityOfPage\":{\"@id\":\"https:\/\/dicodusport.fr\/blog\/jumbo-va-arreter-de-sponsoriser-le-sport-de-haut-niveau-dont-lequipe-cycliste\/\"},\"wordCount\":399,\"commentCount\":0,\"publisher\":{\"@id\":\"https:\/\/dicodusport.fr\/blog\/#organization\"},\"image\":{\"@id\":\"https:\/\/dicodusport.fr\/blog\/jumbo-va-arreter-de-sponsoriser-le-sport-de-haut-niveau-dont-lequipe-cycliste\/#primaryimage\"},\"thumbnailUrl\":\"https:\/\/dicodusport.fr\/blog\/wp-content\/uploads\/2023\/01\/World-Tour-La-Jumbo-Visma-encore-plus-forte-en-2023-.png\",\"keywords\":[\"br\u00e8ve\",\"Cyclisme\",\"Jumbo-Visma\",\"Max Verstappen\"],\"articleSection\":[\"Cyclisme sur route\"],\"inLanguage\":\"fr-FR\",\"potentialAction\":[{\"@type\":\"CommentAction\",\"name\":\"Comment\",\"target\":[\"https:\/\/dicodusport.fr\/blog\/jumbo-va-arreter-de-sponsoriser-le-sport-de-haut-niveau-dont-lequipe-cycliste\/#respond\"]}],\"copyrightYear\":\"2023\",\"copyrightHolder\":{\"@id\":\"https:\/\/dicodusport.fr\/blog\/#organization\"}},{\"@type\":\"WebPage\",\"@id\":\"https:\/\/dicodusport.fr\/blog\/jumbo-va-arreter-de-sponsoriser-le-sport-de-haut-niveau-dont-lequipe-cycliste\/\",\"url\":\"https:\/\/dicodusport.fr\/blog\/jumbo-va-arreter-de-sponsoriser-le-sport-de-haut-niveau-dont-lequipe-cycliste\/\",\"name\":\"Jumbo va arr\u00eater de sponsoriser le sport de haut niveau, dont l'\u00e9quipe cycliste\",\"isPartOf\":{\"@id\":\"https:\/\/dicodusport.fr\/blog\/#website\"},\"primaryImageOfPage\":{\"@id\":\"https:\/\/dicodusport.fr\/blog\/jumbo-va-arreter-de-sponsoriser-le-sport-de-haut-niveau-dont-lequipe-cycliste\/#primaryimage\"},\"image\":{\"@id\":\"https:\/\/dicodusport.fr\/blog\/jumbo-va-arreter-de-sponsoriser-le-sport-de-haut-niveau-dont-lequipe-cycliste\/#primaryimage\"},\"thumbnailUrl\":\"https:\/\/dicodusport.fr\/blog\/wp-content\/uploads\/2023\/01\/World-Tour-La-Jumbo-Visma-encore-plus-forte-en-2023-.png\",\"datePublished\":\"2023-06-02T09:16:48+00:00\",\"dateModified\":\"2023-06-02T09:50:26+00:00\",\"description\":\"Les supermarch\u00e9s Jumbo ont annonc\u00e9 arr\u00eater leur partenariat avec la formation n\u00e9erlandaise, apr\u00e8s la saison 2024.\",\"breadcrumb\":{\"@id\":\"https:\/\/dicodusport.fr\/blog\/jumbo-va-arreter-de-sponsoriser-le-sport-de-haut-niveau-dont-lequipe-cycliste\/#breadcrumb\"},\"inLanguage\":\"fr-FR\",\"potentialAction\":[{\"@type\":\"ReadAction\",\"target\":[\"https:\/\/dicodusport.fr\/blog\/jumbo-va-arreter-de-sponsoriser-le-sport-de-haut-niveau-dont-lequipe-cycliste\/\"]}]},{\"@type\":\"ImageObject\",\"inLanguage\":\"fr-FR\",\"@id\":\"https:\/\/dicodusport.fr\/blog\/jumbo-va-arreter-de-sponsoriser-le-sport-de-haut-niveau-dont-lequipe-cycliste\/#primaryimage\",\"url\":\"https:\/\/dicodusport.fr\/blog\/wp-content\/uploads\/2023\/01\/World-Tour-La-Jumbo-Visma-encore-plus-forte-en-2023-.png\",\"contentUrl\":\"https:\/\/dicodusport.fr\/blog\/wp-content\/uploads\/2023\/01\/World-Tour-La-Jumbo-Visma-encore-plus-forte-en-2023-.png\",\"width\":800,\"height\":445,\"caption\":\"World Tour La Jumbo-Visma encore plus forte en 2023\"},{\"@type\":\"BreadcrumbList\",\"@id\":\"https:\/\/dicodusport.fr\/blog\/jumbo-va-arreter-de-sponsoriser-le-sport-de-haut-niveau-dont-lequipe-cycliste\/#breadcrumb\",\"itemListElement\":[{\"@type\":\"ListItem\",\"position\":1,\"name\":\"Accueil\",\"item\":\"https:\/\/dicodusport.fr\/blog\/\"},{\"@type\":\"ListItem\",\"position\":2,\"name\":\"Jumbo va arr\u00eater de sponsoriser le sport de haut niveau, dont l&rsquo;\u00e9quipe cycliste\"}]},{\"@type\":\"WebSite\",\"@id\":\"https:\/\/dicodusport.fr\/blog\/#website\",\"url\":\"https:\/\/dicodusport.fr\/blog\/\",\"name\":\"Dicodusport\",\"description\":\"L&#039;encyclop\u00e9die de l&#039;actualit\u00e9 sportive\",\"publisher\":{\"@id\":\"https:\/\/dicodusport.fr\/blog\/#organization\"},\"potentialAction\":[{\"@type\":\"SearchAction\",\"target\":{\"@type\":\"EntryPoint\",\"urlTemplate\":\"https:\/\/dicodusport.fr\/blog\/?s={search_term_string}\"},\"query-input\":{\"@type\":\"PropertyValueSpecification\",\"valueRequired\":true,\"valueName\":\"search_term_string\"}}],\"inLanguage\":\"fr-FR\"},{\"@type\":\"NewsMediaOrganization\",\"@id\":\"https:\/\/dicodusport.fr\/blog\/#organization\",\"name\":\"Dicodusport\",\"url\":\"https:\/\/dicodusport.fr\/blog\/\",\"logo\":{\"@type\":\"ImageObject\",\"inLanguage\":\"fr-FR\",\"@id\":\"https:\/\/dicodusport.fr\/blog\/#\/schema\/logo\/image\/\",\"url\":\"https:\/\/dicodusport.fr\/blog\/wp-content\/uploads\/2020\/06\/cropped-LOGO-DICODUSPORT-2020-SANS-FOND-SANS-TEXTE.png\",\"contentUrl\":\"https:\/\/dicodusport.fr\/blog\/wp-content\/uploads\/2020\/06\/cropped-LOGO-DICODUSPORT-2020-SANS-FOND-SANS-TEXTE.png\",\"width\":512,\"height\":512,\"caption\":\"Dicodusport\"},\"image\":{\"@id\":\"https:\/\/dicodusport.fr\/blog\/#\/schema\/logo\/image\/\"},\"sameAs\":[\"https:\/\/www.facebook.com\/dicodusport\",\"https:\/\/x.com\/dicodusport\",\"https:\/\/www.instagram.com\/dicodusport\/\",\"https:\/\/www.youtube.com\/channel\/UC7V2KZ5sd3htJivAbA4ZG3w\"],\"description\":\"Dicodusport est l'encyclop\u00e9die de l'actualit\u00e9 sportive.\",\"email\":\"bonjour@dicodusport.fr\",\"legalName\":\"DICODUSPORT\",\"foundingDate\":\"2018-01-14\",\"vatID\":\"FR71834470973\",\"taxID\":\"83447097300043\",\"numberOfEmployees\":{\"@type\":\"QuantitativeValue\",\"minValue\":\"1\",\"maxValue\":\"10\"}},{\"@type\":\"Person\",\"@id\":\"https:\/\/dicodusport.fr\/blog\/#\/schema\/person\/d603dd7da31fb2b46c82b9835a77ec13\",\"name\":\"Etienne Goursaud\",\"image\":{\"@type\":\"ImageObject\",\"inLanguage\":\"fr-FR\",\"@id\":\"https:\/\/dicodusport.fr\/blog\/#\/schema\/person\/image\/\",\"url\":\"https:\/\/dicodusport.fr\/blog\/wp-content\/uploads\/2023\/12\/410122264_10231602061736049_5565839791558026645_n-150x150.jpg\",\"contentUrl\":\"https:\/\/dicodusport.fr\/blog\/wp-content\/uploads\/2023\/12\/410122264_10231602061736049_5565839791558026645_n-150x150.jpg\",\"caption\":\"Etienne Goursaud\"},\"description\":\"Journaliste et amoureux de sport. Ancien footballeur reconverti athl\u00e8te quand ses muscles le laissent tranquille. \u00c9lev\u00e9 \u00e0 la sauce des exploits de Thomas Voeckler en 2004, du dernier essai de l\u00e9gende de Eunice Barber \u00e0 la longueur lors des championnats du monde d'athl\u00e9tisme de 2003 mais aussi Zidane, Omeyer et Titou Lamaison.\",\"url\":\"https:\/\/dicodusport.fr\/blog\/author\/etienne-goursaud\/\"}]}<\/script>\n<!-- \/ Yoast SEO Premium plugin. -->","yoast_head_json":{"title":"Jumbo va arr\u00eater de sponsoriser le sport de haut niveau, dont l'\u00e9quipe cycliste","description":"Les supermarch\u00e9s Jumbo ont annonc\u00e9 arr\u00eater leur partenariat avec la formation n\u00e9erlandaise, apr\u00e8s la saison 2024.","robots":{"index":"index","follow":"follow","max-snippet":"max-snippet:-1","max-image-preview":"max-image-preview:large","max-video-preview":"max-video-preview:-1"},"canonical":"https:\/\/dicodusport.fr\/blog\/jumbo-va-arreter-de-sponsoriser-le-sport-de-haut-niveau-dont-lequipe-cycliste\/","og_locale":"fr_FR","og_type":"article","og_title":"Jumbo va arr\u00eater de sponsoriser le sport de haut niveau, dont l'\u00e9quipe cycliste","og_description":"Les supermarch\u00e9s Jumbo ont annonc\u00e9 arr\u00eater leur partenariat avec la formation n\u00e9erlandaise, apr\u00e8s la saison 2024.","og_url":"https:\/\/dicodusport.fr\/blog\/jumbo-va-arreter-de-sponsoriser-le-sport-de-haut-niveau-dont-lequipe-cycliste\/","og_site_name":"Dicodusport","article_publisher":"https:\/\/www.facebook.com\/dicodusport","article_published_time":"2023-06-02T09:16:48+00:00","article_modified_time":"2023-06-02T09:50:26+00:00","og_image":[{"width":800,"height":445,"url":"https:\/\/dicodusport.fr\/blog\/wp-content\/uploads\/2023\/01\/World-Tour-La-Jumbo-Visma-encore-plus-forte-en-2023-.png","type":"image\/png"}],"author":"Etienne Goursaud","twitter_card":"summary_large_image","twitter_title":"Jumbo va arr\u00eater de sponsoriser le sport de haut niveau, dont l'\u00e9quipe cycliste","twitter_creator":"@dicodusport","twitter_site":"@dicodusport","schema":{"@context":"https:\/\/schema.org","@graph":[{"@type":"NewsArticle","@id":"https:\/\/dicodusport.fr\/blog\/jumbo-va-arreter-de-sponsoriser-le-sport-de-haut-niveau-dont-lequipe-cycliste\/#article","isPartOf":{"@id":"https:\/\/dicodusport.fr\/blog\/jumbo-va-arreter-de-sponsoriser-le-sport-de-haut-niveau-dont-lequipe-cycliste\/"},"author":{"name":"Etienne Goursaud","@id":"https:\/\/dicodusport.fr\/blog\/#\/schema\/person\/d603dd7da31fb2b46c82b9835a77ec13"},"headline":"Jumbo va arr\u00eater de sponsoriser le sport de haut niveau, dont l&rsquo;\u00e9quipe cycliste","datePublished":"2023-06-02T09:16:48+00:00","dateModified":"2023-06-02T09:50:26+00:00","mainEntityOfPage":{"@id":"https:\/\/dicodusport.fr\/blog\/jumbo-va-arreter-de-sponsoriser-le-sport-de-haut-niveau-dont-lequipe-cycliste\/"},"wordCount":399,"commentCount":0,"publisher":{"@id":"https:\/\/dicodusport.fr\/blog\/#organization"},"image":{"@id":"https:\/\/dicodusport.fr\/blog\/jumbo-va-arreter-de-sponsoriser-le-sport-de-haut-niveau-dont-lequipe-cycliste\/#primaryimage"},"thumbnailUrl":"https:\/\/dicodusport.fr\/blog\/wp-content\/uploads\/2023\/01\/World-Tour-La-Jumbo-Visma-encore-plus-forte-en-2023-.png","keywords":["br\u00e8ve","Cyclisme","Jumbo-Visma","Max Verstappen"],"articleSection":["Cyclisme sur route"],"inLanguage":"fr-FR","potentialAction":[{"@type":"CommentAction","name":"Comment","target":["https:\/\/dicodusport.fr\/blog\/jumbo-va-arreter-de-sponsoriser-le-sport-de-haut-niveau-dont-lequipe-cycliste\/#respond"]}],"copyrightYear":"2023","copyrightHolder":{"@id":"https:\/\/dicodusport.fr\/blog\/#organization"}},{"@type":"WebPage","@id":"https:\/\/dicodusport.fr\/blog\/jumbo-va-arreter-de-sponsoriser-le-sport-de-haut-niveau-dont-lequipe-cycliste\/","url":"https:\/\/dicodusport.fr\/blog\/jumbo-va-arreter-de-sponsoriser-le-sport-de-haut-niveau-dont-lequipe-cycliste\/","name":"Jumbo va arr\u00eater de sponsoriser le sport de haut niveau, dont l'\u00e9quipe cycliste","isPartOf":{"@id":"https:\/\/dicodusport.fr\/blog\/#website"},"primaryImageOfPage":{"@id":"https:\/\/dicodusport.fr\/blog\/jumbo-va-arreter-de-sponsoriser-le-sport-de-haut-niveau-dont-lequipe-cycliste\/#primaryimage"},"image":{"@id":"https:\/\/dicodusport.fr\/blog\/jumbo-va-arreter-de-sponsoriser-le-sport-de-haut-niveau-dont-lequipe-cycliste\/#primaryimage"},"thumbnailUrl":"https:\/\/dicodusport.fr\/blog\/wp-content\/uploads\/2023\/01\/World-Tour-La-Jumbo-Visma-encore-plus-forte-en-2023-.png","datePublished":"2023-06-02T09:16:48+00:00","dateModified":"2023-06-02T09:50:26+00:00","description":"Les supermarch\u00e9s Jumbo ont annonc\u00e9 arr\u00eater leur partenariat avec la formation n\u00e9erlandaise, apr\u00e8s la saison 2024.","breadcrumb":{"@id":"https:\/\/dicodusport.fr\/blog\/jumbo-va-arreter-de-sponsoriser-le-sport-de-haut-niveau-dont-lequipe-cycliste\/#breadcrumb"},"inLanguage":"fr-FR","potentialAction":[{"@type":"ReadAction","target":["https:\/\/dicodusport.fr\/blog\/jumbo-va-arreter-de-sponsoriser-le-sport-de-haut-niveau-dont-lequipe-cycliste\/"]}]},{"@type":"ImageObject","inLanguage":"fr-FR","@id":"https:\/\/dicodusport.fr\/blog\/jumbo-va-arreter-de-sponsoriser-le-sport-de-haut-niveau-dont-lequipe-cycliste\/#primaryimage","url":"https:\/\/dicodusport.fr\/blog\/wp-content\/uploads\/2023\/01\/World-Tour-La-Jumbo-Visma-encore-plus-forte-en-2023-.png","contentUrl":"https:\/\/dicodusport.fr\/blog\/wp-content\/uploads\/2023\/01\/World-Tour-La-Jumbo-Visma-encore-plus-forte-en-2023-.png","width":800,"height":445,"caption":"World Tour La Jumbo-Visma encore plus forte en 2023"},{"@type":"BreadcrumbList","@id":"https:\/\/dicodusport.fr\/blog\/jumbo-va-arreter-de-sponsoriser-le-sport-de-haut-niveau-dont-lequipe-cycliste\/#breadcrumb","itemListElement":[{"@type":"ListItem","position":1,"name":"Accueil","item":"https:\/\/dicodusport.fr\/blog\/"},{"@type":"ListItem","position":2,"name":"Jumbo va arr\u00eater de sponsoriser le sport de haut niveau, dont l&rsquo;\u00e9quipe cycliste"}]},{"@type":"WebSite","@id":"https:\/\/dicodusport.fr\/blog\/#website","url":"https:\/\/dicodusport.fr\/blog\/","name":"Dicodusport","description":"L&#039;encyclop\u00e9die de l&#039;actualit\u00e9 sportive","publisher":{"@id":"https:\/\/dicodusport.fr\/blog\/#organization"},"potentialAction":[{"@type":"SearchAction","target":{"@type":"EntryPoint","urlTemplate":"https:\/\/dicodusport.fr\/blog\/?s={search_term_string}"},"query-input":{"@type":"PropertyValueSpecification","valueRequired":true,"valueName":"search_term_string"}}],"inLanguage":"fr-FR"},{"@type":"NewsMediaOrganization","@id":"https:\/\/dicodusport.fr\/blog\/#organization","name":"Dicodusport","url":"https:\/\/dicodusport.fr\/blog\/","logo":{"@type":"ImageObject","inLanguage":"fr-FR","@id":"https:\/\/dicodusport.fr\/blog\/#\/schema\/logo\/image\/","url":"https:\/\/dicodusport.fr\/blog\/wp-content\/uploads\/2020\/06\/cropped-LOGO-DICODUSPORT-2020-SANS-FOND-SANS-TEXTE.png","contentUrl":"https:\/\/dicodusport.fr\/blog\/wp-content\/uploads\/2020\/06\/cropped-LOGO-DICODUSPORT-2020-SANS-FOND-SANS-TEXTE.png","width":512,"height":512,"caption":"Dicodusport"},"image":{"@id":"https:\/\/dicodusport.fr\/blog\/#\/schema\/logo\/image\/"},"sameAs":["https:\/\/www.facebook.com\/dicodusport","https:\/\/x.com\/dicodusport","https:\/\/www.instagram.com\/dicodusport\/","https:\/\/www.youtube.com\/channel\/UC7V2KZ5sd3htJivAbA4ZG3w"],"description":"Dicodusport est l'encyclop\u00e9die de l'actualit\u00e9 sportive.","email":"bonjour@dicodusport.fr","legalName":"DICODUSPORT","foundingDate":"2018-01-14","vatID":"FR71834470973","taxID":"83447097300043","numberOfEmployees":{"@type":"QuantitativeValue","minValue":"1","maxValue":"10"}},{"@type":"Person","@id":"https:\/\/dicodusport.fr\/blog\/#\/schema\/person\/d603dd7da31fb2b46c82b9835a77ec13","name":"Etienne Goursaud","image":{"@type":"ImageObject","inLanguage":"fr-FR","@id":"https:\/\/dicodusport.fr\/blog\/#\/schema\/person\/image\/","url":"https:\/\/dicodusport.fr\/blog\/wp-content\/uploads\/2023\/12\/410122264_10231602061736049_5565839791558026645_n-150x150.jpg","contentUrl":"https:\/\/dicodusport.fr\/blog\/wp-content\/uploads\/2023\/12\/410122264_10231602061736049_5565839791558026645_n-150x150.jpg","caption":"Etienne Goursaud"},"description":"Journaliste et amoureux de sport. Ancien footballeur reconverti athl\u00e8te quand ses muscles le laissent tranquille. \u00c9lev\u00e9 \u00e0 la sauce des exploits de Thomas Voeckler en 2004, du dernier essai de l\u00e9gende de Eunice Barber \u00e0 la longueur lors des championnats du monde d'athl\u00e9tisme de 2003 mais aussi Zidane, Omeyer et Titou Lamaison.","url":"https:\/\/dicodusport.fr\/blog\/author\/etienne-goursaud\/"}]}},"_links":{"self":[{"href":"https:\/\/dicodusport.fr\/blog\/wp-json\/wp\/v2\/posts\/387379","targetHints":{"allow":["GET"]}}],"collection":[{"href":"https:\/\/dicodusport.fr\/blog\/wp-json\/wp\/v2\/posts"}],"about":[{"href":"https:\/\/dicodusport.fr\/blog\/wp-json\/wp\/v2\/types\/post"}],"author":[{"embeddable":true,"href":"https:\/\/dicodusport.fr\/blog\/wp-json\/wp\/v2\/users\/83"}],"replies":[{"embeddable":true,"href":"https:\/\/dicodusport.fr\/blog\/wp-json\/wp\/v2\/comments?post=387379"}],"version-history":[{"count":0,"href":"https:\/\/dicodusport.fr\/blog\/wp-json\/wp\/v2\/posts\/387379\/revisions"}],"wp:featuredmedia":[{"embeddable":true,"href":"https:\/\/dicodusport.fr\/blog\/wp-json\/wp\/v2\/media\/344105"}],"wp:attachment":[{"href":"https:\/\/dicodusport.fr\/blog\/wp-json\/wp\/v2\/media?parent=387379"}],"wp:term":[{"taxonomy":"category","embeddable":true,"href":"https:\/\/dicodusport.fr\/blog\/wp-json\/wp\/v2\/categories?post=387379"},{"taxonomy":"post_tag","embeddable":true,"href":"https:\/\/dicodusport.fr\/blog\/wp-json\/wp\/v2\/tags?post=387379"}],"curies":[{"name":"wp","href":"https:\/\/api.w.org\/{rel}","templated":true}]}}