{"id":387405,"date":"2023-06-02T12:53:08","date_gmt":"2023-06-02T10:53:08","guid":{"rendered":"https:\/\/dicodusport.fr\/blog\/?p=387405&#038;preview=true&#038;preview_id=387405"},"modified":"2023-06-02T15:32:06","modified_gmt":"2023-06-02T13:32:06","slug":"remco-evenepoel-de-retour-sur-le-tour-de-suisse-2023","status":"publish","type":"post","link":"https:\/\/dicodusport.fr\/blog\/remco-evenepoel-de-retour-sur-le-tour-de-suisse-2023\/","title":{"rendered":"Remco Evenepoel de retour sur le Tour de Suisse 2023"},"content":{"rendered":"<p align=\"justify\"><em><strong>TOUR DE SUISSE 2023 &#8211; Remco Evenepoel (Soudal-Quick Step) fera son retour \u00e0 la comp\u00e9tition sur le Tour de Suisse, apr\u00e8s son abandon sur le Giro. Il y retrouvera Primoz Roglic (Jumbo-Visma) pour un nouveau duel.<\/strong><\/em><\/p>\n<p align=\"justify\">Il est de retour. Pour peut-\u00eatre jouer un mauvais tour \u00e0 <strong>Primoz Roglic. Remco Evenepoel<\/strong> fait son retour \u00e0 la comp\u00e9tition. On l&rsquo;avait quitt\u00e9 apr\u00e8s son abandon sur le Giro, au soir de sa victoire sur le second contre-la-montre, son deuxi\u00e8me succ\u00e8s d&rsquo;\u00e9tape sur le Giro. <a href=\"https:\/\/dicodusport.fr\/blog\/remco-evenepoel-quitte-le-tour-ditalie-2023\/\">Avant d&rsquo;annoncer le soir m\u00eame qu&rsquo;il \u00e9tait oblig\u00e9 de quitter la course<\/a>. \u00c0 cause d&rsquo;un test positif \u00e0 la Covid-19. Le retour \u00e0 la comp\u00e9tition du champion du monde a \u00e9t\u00e9 officialis\u00e9 par la propre formation du coureur. En plus du Tour de Suisse, <strong>Evenepoel<\/strong> participera au championnat de Belgique, contre-la-montre et course en ligne. Avant un stage en altitude, en Italie.<\/p>\n<p align=\"justify\">Si on ne conna\u00eet pas le programme de la suite de saison du champion du monde et double tenant du titre \u00e0 Li\u00e8ge-Bastogne-Li\u00e8ge, cela promet un Tour de Suisse tr\u00e8s savoureux. Car il va retrouver <strong>Primoz Roglic<\/strong> (Jumbo-Visma). Le duel annonc\u00e9 sur le Giro, qui \u00e9tait le fil rouge de ce d\u00e9but de saison, aura peut-\u00eatre lieu sur le Tour de Suisse. Cela promet un beau duel entre le Belge revanchard et le Slov\u00e8ne qui peut faire le Grand Chelem de courses \u00e0 \u00e9tapes, en cas de victoire sur la course.<\/p>\n<blockquote class=\"twitter-tweet\">\n<p dir=\"ltr\" lang=\"fr\">La Soudal &#8211; QuickStep officialise le retour \u00e0 la comp\u00e9tition de Remco Evenepoel, qui aura lieu au Tour de Suisse (11-18 juin). Le champion du monde participera ensuite \u00e0 son championnat national, en chrono et sur l&rsquo;\u00e9preuve en ligne, avant de partir 2 semaines en stage en Italie. <a href=\"https:\/\/t.co\/ygFcu1yh91\">pic.twitter.com\/ygFcu1yh91<\/a><\/p>\n<p>\u2014 Le Gruppetto (@LeGruppetto) <a href=\"https:\/\/twitter.com\/LeGruppetto\/status\/1664573305607671808?ref_src=twsrc%5Etfw\">June 2, 2023<\/a><\/p><\/blockquote>\n<p><script async src=\"https:\/\/platform.twitter.com\/widgets.js\" charset=\"utf-8\"><\/script><\/p>\n","protected":false},"excerpt":{"rendered":"<p>TOUR DE SUISSE 2023 &#8211; Remco Evenepoel (Soudal-Quick Step) fera son retour \u00e0 la comp\u00e9tition sur le Tour de Suisse, apr\u00e8s son abandon sur le Giro. Il y retrouvera Primoz Roglic (Jumbo-Visma) pour un nouveau duel.<\/p>\n","protected":false},"author":83,"featured_media":387409,"comment_status":"open","ping_status":"closed","sticky":false,"template":"","format":"standard","meta":{"_acf_changed":false,"_daextam_enable_autolinks":"","footnotes":""},"categories":[46994],"tags":[16878,574,8420,28868],"class_list":["post-387405","post","type-post","status-publish","format-standard","has-post-thumbnail","hentry","category-cyclisme-sur-route","tag-breve","tag-cyclisme","tag-remco-evenepoel","tag-soudal-quick-step"],"acf":[],"yoast_head":"<!-- This site is optimized with the Yoast SEO Premium plugin v26.7 (Yoast SEO v26.7) - https:\/\/yoast.com\/wordpress\/plugins\/seo\/ -->\n<title>Remco Evenepoel de retour sur le Tour de Suisse 2023<\/title>\n<meta name=\"description\" content=\"TOUR DE SUISSE 2023 - Remco Evenepoel (Soudal-Quick Step) fera son retour \u00e0 la comp\u00e9tition sur le Tour de Suisse.\" \/>\n<meta name=\"robots\" content=\"index, follow, max-snippet:-1, max-image-preview:large, max-video-preview:-1\" \/>\n<link rel=\"canonical\" href=\"https:\/\/dicodusport.fr\/blog\/remco-evenepoel-de-retour-sur-le-tour-de-suisse-2023\/\" \/>\n<meta property=\"og:locale\" content=\"fr_FR\" \/>\n<meta property=\"og:type\" content=\"article\" \/>\n<meta property=\"og:title\" content=\"Remco Evenepoel de retour sur le Tour de Suisse 2023\" \/>\n<meta property=\"og:description\" content=\"TOUR DE SUISSE 2023 - Remco Evenepoel (Soudal-Quick Step) fera son retour \u00e0 la comp\u00e9tition sur le Tour de Suisse.\" \/>\n<meta property=\"og:url\" content=\"https:\/\/dicodusport.fr\/blog\/remco-evenepoel-de-retour-sur-le-tour-de-suisse-2023\/\" \/>\n<meta property=\"og:site_name\" content=\"Dicodusport\" \/>\n<meta property=\"article:publisher\" content=\"https:\/\/www.facebook.com\/dicodusport\" \/>\n<meta property=\"article:published_time\" content=\"2023-06-02T10:53:08+00:00\" \/>\n<meta property=\"article:modified_time\" content=\"2023-06-02T13:32:06+00:00\" \/>\n<meta property=\"og:image\" content=\"https:\/\/dicodusport.fr\/blog\/wp-content\/uploads\/2023\/06\/Tour-de-Suisse-2023-Remco-Evenepoel-de-retour.png\" \/>\n\t<meta property=\"og:image:width\" content=\"800\" \/>\n\t<meta property=\"og:image:height\" content=\"445\" \/>\n\t<meta property=\"og:image:type\" content=\"image\/png\" \/>\n<meta name=\"author\" content=\"Etienne Goursaud\" \/>\n<meta name=\"twitter:card\" content=\"summary_large_image\" \/>\n<meta name=\"twitter:title\" content=\"Remco Evenepoel de retour sur le Tour de Suisse 2023\" \/>\n<meta name=\"twitter:creator\" content=\"@dicodusport\" \/>\n<meta name=\"twitter:site\" content=\"@dicodusport\" \/>\n<script type=\"application\/ld+json\" class=\"yoast-schema-graph\">{\"@context\":\"https:\/\/schema.org\",\"@graph\":[{\"@type\":\"NewsArticle\",\"@id\":\"https:\/\/dicodusport.fr\/blog\/remco-evenepoel-de-retour-sur-le-tour-de-suisse-2023\/#article\",\"isPartOf\":{\"@id\":\"https:\/\/dicodusport.fr\/blog\/remco-evenepoel-de-retour-sur-le-tour-de-suisse-2023\/\"},\"author\":{\"name\":\"Etienne Goursaud\",\"@id\":\"https:\/\/dicodusport.fr\/blog\/#\/schema\/person\/d603dd7da31fb2b46c82b9835a77ec13\"},\"headline\":\"Remco Evenepoel de retour sur le Tour de Suisse 2023\",\"datePublished\":\"2023-06-02T10:53:08+00:00\",\"dateModified\":\"2023-06-02T13:32:06+00:00\",\"mainEntityOfPage\":{\"@id\":\"https:\/\/dicodusport.fr\/blog\/remco-evenepoel-de-retour-sur-le-tour-de-suisse-2023\/\"},\"wordCount\":312,\"commentCount\":0,\"publisher\":{\"@id\":\"https:\/\/dicodusport.fr\/blog\/#organization\"},\"image\":{\"@id\":\"https:\/\/dicodusport.fr\/blog\/remco-evenepoel-de-retour-sur-le-tour-de-suisse-2023\/#primaryimage\"},\"thumbnailUrl\":\"https:\/\/dicodusport.fr\/blog\/wp-content\/uploads\/2023\/06\/Tour-de-Suisse-2023-Remco-Evenepoel-de-retour.png\",\"keywords\":[\"br\u00e8ve\",\"Cyclisme\",\"Remco Evenepoel\",\"Soudal Quick-Step\"],\"articleSection\":[\"Cyclisme sur route\"],\"inLanguage\":\"fr-FR\",\"potentialAction\":[{\"@type\":\"CommentAction\",\"name\":\"Comment\",\"target\":[\"https:\/\/dicodusport.fr\/blog\/remco-evenepoel-de-retour-sur-le-tour-de-suisse-2023\/#respond\"]}],\"copyrightYear\":\"2023\",\"copyrightHolder\":{\"@id\":\"https:\/\/dicodusport.fr\/blog\/#organization\"}},{\"@type\":\"WebPage\",\"@id\":\"https:\/\/dicodusport.fr\/blog\/remco-evenepoel-de-retour-sur-le-tour-de-suisse-2023\/\",\"url\":\"https:\/\/dicodusport.fr\/blog\/remco-evenepoel-de-retour-sur-le-tour-de-suisse-2023\/\",\"name\":\"Remco Evenepoel de retour sur le Tour de Suisse 2023\",\"isPartOf\":{\"@id\":\"https:\/\/dicodusport.fr\/blog\/#website\"},\"primaryImageOfPage\":{\"@id\":\"https:\/\/dicodusport.fr\/blog\/remco-evenepoel-de-retour-sur-le-tour-de-suisse-2023\/#primaryimage\"},\"image\":{\"@id\":\"https:\/\/dicodusport.fr\/blog\/remco-evenepoel-de-retour-sur-le-tour-de-suisse-2023\/#primaryimage\"},\"thumbnailUrl\":\"https:\/\/dicodusport.fr\/blog\/wp-content\/uploads\/2023\/06\/Tour-de-Suisse-2023-Remco-Evenepoel-de-retour.png\",\"datePublished\":\"2023-06-02T10:53:08+00:00\",\"dateModified\":\"2023-06-02T13:32:06+00:00\",\"description\":\"TOUR DE SUISSE 2023 - Remco Evenepoel (Soudal-Quick Step) fera son retour \u00e0 la comp\u00e9tition sur le Tour de Suisse.\",\"breadcrumb\":{\"@id\":\"https:\/\/dicodusport.fr\/blog\/remco-evenepoel-de-retour-sur-le-tour-de-suisse-2023\/#breadcrumb\"},\"inLanguage\":\"fr-FR\",\"potentialAction\":[{\"@type\":\"ReadAction\",\"target\":[\"https:\/\/dicodusport.fr\/blog\/remco-evenepoel-de-retour-sur-le-tour-de-suisse-2023\/\"]}]},{\"@type\":\"ImageObject\",\"inLanguage\":\"fr-FR\",\"@id\":\"https:\/\/dicodusport.fr\/blog\/remco-evenepoel-de-retour-sur-le-tour-de-suisse-2023\/#primaryimage\",\"url\":\"https:\/\/dicodusport.fr\/blog\/wp-content\/uploads\/2023\/06\/Tour-de-Suisse-2023-Remco-Evenepoel-de-retour.png\",\"contentUrl\":\"https:\/\/dicodusport.fr\/blog\/wp-content\/uploads\/2023\/06\/Tour-de-Suisse-2023-Remco-Evenepoel-de-retour.png\",\"width\":800,\"height\":445,\"caption\":\"Tour de Suisse 2023 : Remco Evenepoel de retour\"},{\"@type\":\"BreadcrumbList\",\"@id\":\"https:\/\/dicodusport.fr\/blog\/remco-evenepoel-de-retour-sur-le-tour-de-suisse-2023\/#breadcrumb\",\"itemListElement\":[{\"@type\":\"ListItem\",\"position\":1,\"name\":\"Accueil\",\"item\":\"https:\/\/dicodusport.fr\/blog\/\"},{\"@type\":\"ListItem\",\"position\":2,\"name\":\"Remco Evenepoel de retour sur le Tour de Suisse 2023\"}]},{\"@type\":\"WebSite\",\"@id\":\"https:\/\/dicodusport.fr\/blog\/#website\",\"url\":\"https:\/\/dicodusport.fr\/blog\/\",\"name\":\"Dicodusport\",\"description\":\"L&#039;encyclop\u00e9die de l&#039;actualit\u00e9 sportive\",\"publisher\":{\"@id\":\"https:\/\/dicodusport.fr\/blog\/#organization\"},\"potentialAction\":[{\"@type\":\"SearchAction\",\"target\":{\"@type\":\"EntryPoint\",\"urlTemplate\":\"https:\/\/dicodusport.fr\/blog\/?s={search_term_string}\"},\"query-input\":{\"@type\":\"PropertyValueSpecification\",\"valueRequired\":true,\"valueName\":\"search_term_string\"}}],\"inLanguage\":\"fr-FR\"},{\"@type\":\"NewsMediaOrganization\",\"@id\":\"https:\/\/dicodusport.fr\/blog\/#organization\",\"name\":\"Dicodusport\",\"url\":\"https:\/\/dicodusport.fr\/blog\/\",\"logo\":{\"@type\":\"ImageObject\",\"inLanguage\":\"fr-FR\",\"@id\":\"https:\/\/dicodusport.fr\/blog\/#\/schema\/logo\/image\/\",\"url\":\"https:\/\/dicodusport.fr\/blog\/wp-content\/uploads\/2020\/06\/cropped-LOGO-DICODUSPORT-2020-SANS-FOND-SANS-TEXTE.png\",\"contentUrl\":\"https:\/\/dicodusport.fr\/blog\/wp-content\/uploads\/2020\/06\/cropped-LOGO-DICODUSPORT-2020-SANS-FOND-SANS-TEXTE.png\",\"width\":512,\"height\":512,\"caption\":\"Dicodusport\"},\"image\":{\"@id\":\"https:\/\/dicodusport.fr\/blog\/#\/schema\/logo\/image\/\"},\"sameAs\":[\"https:\/\/www.facebook.com\/dicodusport\",\"https:\/\/x.com\/dicodusport\",\"https:\/\/www.instagram.com\/dicodusport\/\",\"https:\/\/www.youtube.com\/channel\/UC7V2KZ5sd3htJivAbA4ZG3w\"],\"description\":\"Dicodusport est l'encyclop\u00e9die de l'actualit\u00e9 sportive.\",\"email\":\"bonjour@dicodusport.fr\",\"legalName\":\"DICODUSPORT\",\"foundingDate\":\"2018-01-14\",\"vatID\":\"FR71834470973\",\"taxID\":\"83447097300043\",\"numberOfEmployees\":{\"@type\":\"QuantitativeValue\",\"minValue\":\"1\",\"maxValue\":\"10\"}},{\"@type\":\"Person\",\"@id\":\"https:\/\/dicodusport.fr\/blog\/#\/schema\/person\/d603dd7da31fb2b46c82b9835a77ec13\",\"name\":\"Etienne Goursaud\",\"image\":{\"@type\":\"ImageObject\",\"inLanguage\":\"fr-FR\",\"@id\":\"https:\/\/dicodusport.fr\/blog\/#\/schema\/person\/image\/\",\"url\":\"https:\/\/dicodusport.fr\/blog\/wp-content\/uploads\/2023\/12\/410122264_10231602061736049_5565839791558026645_n-150x150.jpg\",\"contentUrl\":\"https:\/\/dicodusport.fr\/blog\/wp-content\/uploads\/2023\/12\/410122264_10231602061736049_5565839791558026645_n-150x150.jpg\",\"caption\":\"Etienne Goursaud\"},\"description\":\"Journaliste et amoureux de sport. Ancien footballeur reconverti athl\u00e8te quand ses muscles le laissent tranquille. \u00c9lev\u00e9 \u00e0 la sauce des exploits de Thomas Voeckler en 2004, du dernier essai de l\u00e9gende de Eunice Barber \u00e0 la longueur lors des championnats du monde d'athl\u00e9tisme de 2003 mais aussi Zidane, Omeyer et Titou Lamaison.\",\"url\":\"https:\/\/dicodusport.fr\/blog\/author\/etienne-goursaud\/\"}]}<\/script>\n<!-- \/ Yoast SEO Premium plugin. -->","yoast_head_json":{"title":"Remco Evenepoel de retour sur le Tour de Suisse 2023","description":"TOUR DE SUISSE 2023 - Remco Evenepoel (Soudal-Quick Step) fera son retour \u00e0 la comp\u00e9tition sur le Tour de Suisse.","robots":{"index":"index","follow":"follow","max-snippet":"max-snippet:-1","max-image-preview":"max-image-preview:large","max-video-preview":"max-video-preview:-1"},"canonical":"https:\/\/dicodusport.fr\/blog\/remco-evenepoel-de-retour-sur-le-tour-de-suisse-2023\/","og_locale":"fr_FR","og_type":"article","og_title":"Remco Evenepoel de retour sur le Tour de Suisse 2023","og_description":"TOUR DE SUISSE 2023 - Remco Evenepoel (Soudal-Quick Step) fera son retour \u00e0 la comp\u00e9tition sur le Tour de Suisse.","og_url":"https:\/\/dicodusport.fr\/blog\/remco-evenepoel-de-retour-sur-le-tour-de-suisse-2023\/","og_site_name":"Dicodusport","article_publisher":"https:\/\/www.facebook.com\/dicodusport","article_published_time":"2023-06-02T10:53:08+00:00","article_modified_time":"2023-06-02T13:32:06+00:00","og_image":[{"width":800,"height":445,"url":"https:\/\/dicodusport.fr\/blog\/wp-content\/uploads\/2023\/06\/Tour-de-Suisse-2023-Remco-Evenepoel-de-retour.png","type":"image\/png"}],"author":"Etienne Goursaud","twitter_card":"summary_large_image","twitter_title":"Remco Evenepoel de retour sur le Tour de Suisse 2023","twitter_creator":"@dicodusport","twitter_site":"@dicodusport","schema":{"@context":"https:\/\/schema.org","@graph":[{"@type":"NewsArticle","@id":"https:\/\/dicodusport.fr\/blog\/remco-evenepoel-de-retour-sur-le-tour-de-suisse-2023\/#article","isPartOf":{"@id":"https:\/\/dicodusport.fr\/blog\/remco-evenepoel-de-retour-sur-le-tour-de-suisse-2023\/"},"author":{"name":"Etienne Goursaud","@id":"https:\/\/dicodusport.fr\/blog\/#\/schema\/person\/d603dd7da31fb2b46c82b9835a77ec13"},"headline":"Remco Evenepoel de retour sur le Tour de Suisse 2023","datePublished":"2023-06-02T10:53:08+00:00","dateModified":"2023-06-02T13:32:06+00:00","mainEntityOfPage":{"@id":"https:\/\/dicodusport.fr\/blog\/remco-evenepoel-de-retour-sur-le-tour-de-suisse-2023\/"},"wordCount":312,"commentCount":0,"publisher":{"@id":"https:\/\/dicodusport.fr\/blog\/#organization"},"image":{"@id":"https:\/\/dicodusport.fr\/blog\/remco-evenepoel-de-retour-sur-le-tour-de-suisse-2023\/#primaryimage"},"thumbnailUrl":"https:\/\/dicodusport.fr\/blog\/wp-content\/uploads\/2023\/06\/Tour-de-Suisse-2023-Remco-Evenepoel-de-retour.png","keywords":["br\u00e8ve","Cyclisme","Remco Evenepoel","Soudal Quick-Step"],"articleSection":["Cyclisme sur route"],"inLanguage":"fr-FR","potentialAction":[{"@type":"CommentAction","name":"Comment","target":["https:\/\/dicodusport.fr\/blog\/remco-evenepoel-de-retour-sur-le-tour-de-suisse-2023\/#respond"]}],"copyrightYear":"2023","copyrightHolder":{"@id":"https:\/\/dicodusport.fr\/blog\/#organization"}},{"@type":"WebPage","@id":"https:\/\/dicodusport.fr\/blog\/remco-evenepoel-de-retour-sur-le-tour-de-suisse-2023\/","url":"https:\/\/dicodusport.fr\/blog\/remco-evenepoel-de-retour-sur-le-tour-de-suisse-2023\/","name":"Remco Evenepoel de retour sur le Tour de Suisse 2023","isPartOf":{"@id":"https:\/\/dicodusport.fr\/blog\/#website"},"primaryImageOfPage":{"@id":"https:\/\/dicodusport.fr\/blog\/remco-evenepoel-de-retour-sur-le-tour-de-suisse-2023\/#primaryimage"},"image":{"@id":"https:\/\/dicodusport.fr\/blog\/remco-evenepoel-de-retour-sur-le-tour-de-suisse-2023\/#primaryimage"},"thumbnailUrl":"https:\/\/dicodusport.fr\/blog\/wp-content\/uploads\/2023\/06\/Tour-de-Suisse-2023-Remco-Evenepoel-de-retour.png","datePublished":"2023-06-02T10:53:08+00:00","dateModified":"2023-06-02T13:32:06+00:00","description":"TOUR DE SUISSE 2023 - Remco Evenepoel (Soudal-Quick Step) fera son retour \u00e0 la comp\u00e9tition sur le Tour de Suisse.","breadcrumb":{"@id":"https:\/\/dicodusport.fr\/blog\/remco-evenepoel-de-retour-sur-le-tour-de-suisse-2023\/#breadcrumb"},"inLanguage":"fr-FR","potentialAction":[{"@type":"ReadAction","target":["https:\/\/dicodusport.fr\/blog\/remco-evenepoel-de-retour-sur-le-tour-de-suisse-2023\/"]}]},{"@type":"ImageObject","inLanguage":"fr-FR","@id":"https:\/\/dicodusport.fr\/blog\/remco-evenepoel-de-retour-sur-le-tour-de-suisse-2023\/#primaryimage","url":"https:\/\/dicodusport.fr\/blog\/wp-content\/uploads\/2023\/06\/Tour-de-Suisse-2023-Remco-Evenepoel-de-retour.png","contentUrl":"https:\/\/dicodusport.fr\/blog\/wp-content\/uploads\/2023\/06\/Tour-de-Suisse-2023-Remco-Evenepoel-de-retour.png","width":800,"height":445,"caption":"Tour de Suisse 2023 : Remco Evenepoel de retour"},{"@type":"BreadcrumbList","@id":"https:\/\/dicodusport.fr\/blog\/remco-evenepoel-de-retour-sur-le-tour-de-suisse-2023\/#breadcrumb","itemListElement":[{"@type":"ListItem","position":1,"name":"Accueil","item":"https:\/\/dicodusport.fr\/blog\/"},{"@type":"ListItem","position":2,"name":"Remco Evenepoel de retour sur le Tour de Suisse 2023"}]},{"@type":"WebSite","@id":"https:\/\/dicodusport.fr\/blog\/#website","url":"https:\/\/dicodusport.fr\/blog\/","name":"Dicodusport","description":"L&#039;encyclop\u00e9die de l&#039;actualit\u00e9 sportive","publisher":{"@id":"https:\/\/dicodusport.fr\/blog\/#organization"},"potentialAction":[{"@type":"SearchAction","target":{"@type":"EntryPoint","urlTemplate":"https:\/\/dicodusport.fr\/blog\/?s={search_term_string}"},"query-input":{"@type":"PropertyValueSpecification","valueRequired":true,"valueName":"search_term_string"}}],"inLanguage":"fr-FR"},{"@type":"NewsMediaOrganization","@id":"https:\/\/dicodusport.fr\/blog\/#organization","name":"Dicodusport","url":"https:\/\/dicodusport.fr\/blog\/","logo":{"@type":"ImageObject","inLanguage":"fr-FR","@id":"https:\/\/dicodusport.fr\/blog\/#\/schema\/logo\/image\/","url":"https:\/\/dicodusport.fr\/blog\/wp-content\/uploads\/2020\/06\/cropped-LOGO-DICODUSPORT-2020-SANS-FOND-SANS-TEXTE.png","contentUrl":"https:\/\/dicodusport.fr\/blog\/wp-content\/uploads\/2020\/06\/cropped-LOGO-DICODUSPORT-2020-SANS-FOND-SANS-TEXTE.png","width":512,"height":512,"caption":"Dicodusport"},"image":{"@id":"https:\/\/dicodusport.fr\/blog\/#\/schema\/logo\/image\/"},"sameAs":["https:\/\/www.facebook.com\/dicodusport","https:\/\/x.com\/dicodusport","https:\/\/www.instagram.com\/dicodusport\/","https:\/\/www.youtube.com\/channel\/UC7V2KZ5sd3htJivAbA4ZG3w"],"description":"Dicodusport est l'encyclop\u00e9die de l'actualit\u00e9 sportive.","email":"bonjour@dicodusport.fr","legalName":"DICODUSPORT","foundingDate":"2018-01-14","vatID":"FR71834470973","taxID":"83447097300043","numberOfEmployees":{"@type":"QuantitativeValue","minValue":"1","maxValue":"10"}},{"@type":"Person","@id":"https:\/\/dicodusport.fr\/blog\/#\/schema\/person\/d603dd7da31fb2b46c82b9835a77ec13","name":"Etienne Goursaud","image":{"@type":"ImageObject","inLanguage":"fr-FR","@id":"https:\/\/dicodusport.fr\/blog\/#\/schema\/person\/image\/","url":"https:\/\/dicodusport.fr\/blog\/wp-content\/uploads\/2023\/12\/410122264_10231602061736049_5565839791558026645_n-150x150.jpg","contentUrl":"https:\/\/dicodusport.fr\/blog\/wp-content\/uploads\/2023\/12\/410122264_10231602061736049_5565839791558026645_n-150x150.jpg","caption":"Etienne Goursaud"},"description":"Journaliste et amoureux de sport. Ancien footballeur reconverti athl\u00e8te quand ses muscles le laissent tranquille. \u00c9lev\u00e9 \u00e0 la sauce des exploits de Thomas Voeckler en 2004, du dernier essai de l\u00e9gende de Eunice Barber \u00e0 la longueur lors des championnats du monde d'athl\u00e9tisme de 2003 mais aussi Zidane, Omeyer et Titou Lamaison.","url":"https:\/\/dicodusport.fr\/blog\/author\/etienne-goursaud\/"}]}},"_links":{"self":[{"href":"https:\/\/dicodusport.fr\/blog\/wp-json\/wp\/v2\/posts\/387405","targetHints":{"allow":["GET"]}}],"collection":[{"href":"https:\/\/dicodusport.fr\/blog\/wp-json\/wp\/v2\/posts"}],"about":[{"href":"https:\/\/dicodusport.fr\/blog\/wp-json\/wp\/v2\/types\/post"}],"author":[{"embeddable":true,"href":"https:\/\/dicodusport.fr\/blog\/wp-json\/wp\/v2\/users\/83"}],"replies":[{"embeddable":true,"href":"https:\/\/dicodusport.fr\/blog\/wp-json\/wp\/v2\/comments?post=387405"}],"version-history":[{"count":0,"href":"https:\/\/dicodusport.fr\/blog\/wp-json\/wp\/v2\/posts\/387405\/revisions"}],"wp:featuredmedia":[{"embeddable":true,"href":"https:\/\/dicodusport.fr\/blog\/wp-json\/wp\/v2\/media\/387409"}],"wp:attachment":[{"href":"https:\/\/dicodusport.fr\/blog\/wp-json\/wp\/v2\/media?parent=387405"}],"wp:term":[{"taxonomy":"category","embeddable":true,"href":"https:\/\/dicodusport.fr\/blog\/wp-json\/wp\/v2\/categories?post=387405"},{"taxonomy":"post_tag","embeddable":true,"href":"https:\/\/dicodusport.fr\/blog\/wp-json\/wp\/v2\/tags?post=387405"}],"curies":[{"name":"wp","href":"https:\/\/api.w.org\/{rel}","templated":true}]}}