{"id":387532,"date":"2023-06-04T09:44:33","date_gmt":"2023-06-04T07:44:33","guid":{"rendered":"https:\/\/dicodusport.fr\/blog\/?p=387532&#038;preview=true&#038;preview_id=387532"},"modified":"2023-06-09T13:06:12","modified_gmt":"2023-06-09T11:06:12","slug":"criterium-du-dauphine-2023-a-quelle-heure-et-sur-quelle-chaine-tv","status":"publish","type":"post","link":"https:\/\/dicodusport.fr\/blog\/criterium-du-dauphine-2023-a-quelle-heure-et-sur-quelle-chaine-tv\/","title":{"rendered":"Crit\u00e9rium du Dauphin\u00e9 2023 : \u00c0 quelle heure et sur quelle cha\u00eene TV"},"content":{"rendered":"<p style=\"text-align: justify;\"><strong><em>CRIT\u00c9RIUM DU DAUPHIN\u00c9 2023 &#8211; La 75\u00e8me \u00e9dition du Crit\u00e9rium du Dauphin\u00e9 se d\u00e9roule du dimanche 4 au 11 juin 2023. D\u00e9couvrez le programme TV.<\/em><\/strong><\/p>\n<p style=\"text-align: justify;\">La 75\u00e8me \u00e9dition du <strong>Crit\u00e9rium<\/strong>\u00a0<strong>du<\/strong>\u00a0<strong>Dauphin\u00e9<\/strong> fera office de r\u00e9p\u00e9tition g\u00e9n\u00e9rale avant le <strong>Tour de France<\/strong>. Huit \u00e9tapes seront au programme \u00e0 compter de ce dimanche 4 juin, jusqu&rsquo;\u00e0 l&rsquo;arriv\u00e9e finale le 11 juin prochain, \u00e0 La Bastille de Grenoble.<\/p>\n<p style=\"text-align: justify;\">Vainqueur de la derni\u00e8re Grande Boucle, <strong>Jonas<\/strong>\u00a0<strong>Vingegaard<\/strong> (Team Jumbo \u2013 Visma) sera notamment au d\u00e9part. Le Danois pourra compter sur<strong>\u00a0Christophe<\/strong>\u00a0<strong>Laporte<\/strong>, <strong>Dylan<\/strong>\u00a0<strong>van<\/strong>\u00a0<strong>Baarle<\/strong>,\u00a0<strong>Tiesj<\/strong>\u00a0<strong>Benoot<\/strong>\u00a0et<strong>\u00a0Attila Valter<\/strong> pour \u00e9pauler <a href=\"https:\/\/dicodusport.fr\/blog\/tour-du-pays-basque-2023-classement-general\/\">le vainqueur du dernier Tour du Pays Basque<\/a>. <strong>Tadej<\/strong>\u00a0<strong>Pogacar<\/strong> (UAE Team Emirates), lui, ne sera pas l\u00e0, toujours en phase de reprise apr\u00e8s sa lourde chute sur Li\u00e8ge-Bastogne-Li\u00e8ge.<\/p>\n<h2 style=\"text-align: justify;\">Gaudu, Mas, Yates and co parmi les outsiders<\/h2>\n<p style=\"text-align: justify;\">La formation UAE Team Emirates pourra compter sur <strong>Adam Yates<\/strong>. <strong>Enric<\/strong>\u00a0<strong>Mac<\/strong>\u00a0(Movistar),\u00a0<strong>Mikel<\/strong>\u00a0<strong>Landa<\/strong>\u00a0(Bahrain Victorious),\u00a0<strong>David<\/strong>\u00a0<strong>Gaudu<\/strong>\u00a0(Groupama \u2013 FDJ) et\u00a0<strong>Jai Hindley<\/strong> (Bora-Hansgrohe), mais aussi <strong>Richard<\/strong>\u00a0<strong>Carapaz<\/strong> (EF Education \u2013 EasyPost), <a href=\"https:\/\/dicodusport.fr\/blog\/classement-mercantour-classic-2023\/\">laur\u00e9at de la Mercan&rsquo;Tour Classic<\/a>, seront au d\u00e9part pour contrarier les plans de la Jumbo-Visma.<\/p>\n<p style=\"text-align: justify;\">C\u00f4t\u00e9 fran\u00e7ais, <strong>Lenny<\/strong>\u00a0<strong>Martinez<\/strong> et <strong>Valentin<\/strong>\u00a0<strong>Madouas<\/strong> (Groupama \u2013 FDJ) accompagneront leur leader breton. Enfin,\u00a0<strong>Julian<\/strong>\u00a0<strong>Alaphilippe<\/strong> (Soudal \u2013 Quick Step) fera son retour \u00e0 la comp\u00e9tition, avec comme objectif, une victoire d&rsquo;\u00e9tape.<\/p>\n<div class=\"vlp-link-container vlp-layout-article\"><a href=\"https:\/\/dicodusport.fr\/blog\/criterium-du-dauphine-2023-les-favoris-au-crible\/\" class=\"vlp-link\" title=\"Crit\u00e9rium du Dauphin\u00e9 2023 : Les favoris au crible\"><\/a><div class=\"vlp-layout-zone-side\"><div class=\"vlp-block-4 vlp-link-image\"><img loading=\"lazy\" decoding=\"async\" style=\"max-width: 800px;\" width=\"800\" height=\"445\" src=\"https:\/\/dicodusport.fr\/blog\/wp-content\/uploads\/2023\/06\/Criterium-du-Dauphine-2023-Les-favoris-au-crible.png\" class=\"attachment-800x445 size-800x445\" alt=\"Crit\u00e9rium du Dauphin\u00e9 2023 Les favoris au crible\" srcset=\"https:\/\/dicodusport.fr\/blog\/wp-content\/uploads\/2023\/06\/Criterium-du-Dauphine-2023-Les-favoris-au-crible.png 800w, https:\/\/dicodusport.fr\/blog\/wp-content\/uploads\/2023\/06\/Criterium-du-Dauphine-2023-Les-favoris-au-crible-300x167.png 300w, https:\/\/dicodusport.fr\/blog\/wp-content\/uploads\/2023\/06\/Criterium-du-Dauphine-2023-Les-favoris-au-crible-768x427.png 768w\" sizes=\"auto, (max-width: 800px) 100vw, 800px\" \/><\/div><\/div><div class=\"vlp-layout-zone-main\"><div class=\"vlp-block-0 vlp-link-title\">Crit\u00e9rium du Dauphin\u00e9 2023 : Les favoris au crible<\/div><div class=\"vlp-block-1 vlp-link-summary\">CRIT\u00c9RIUM DU DAUPHIN\u00c9 2023 - Le 75e \u00e9dition du Crit\u00e9rium du Dauphin\u00e9 d\u00e9butera ce dimanche 4 juin 2023. La course par \u00e9tapes fran\u00e7aise fait office de r\u00e9p\u00e9tition g\u00e9n\u00e9rale pour le Tour de France. On fait le tour des favoris.<\/div><div class=\"vlp-block-2 vlp-link-button\">Lire l'article<\/div><div class=\"vlp-block-3 vlp-link-url\">dicodusport.fr<\/div><\/div><\/div>\n<h2 style=\"text-align: justify;\">Cyclisme : Le Programme TV du Crit\u00e9rium du Dauphin\u00e9 2023<\/h2>\n<h3 style=\"text-align: justify;\">Dimanche 4 juin &#8211; 1\u00e8re \u00e9tape<\/h3>\n<p style=\"text-align: justify;\">15h10\u00a0 : France 3<br \/>\n15h10\u00a0 : Eurosport 1<\/p>\n<h3 style=\"text-align: justify;\">Lundi 5 juin &#8211; 2\u00e8me \u00e9tape<\/h3>\n<p style=\"text-align: justify;\">15h10\u00a0 : France 3<br \/>\n15h00\u00a0 : Eurosport 1<\/p>\n<h3 style=\"text-align: justify;\">Mardi 6 juin &#8211; 3\u00e8me \u00e9tape<\/h3>\n<p style=\"text-align: justify;\">15h10\u00a0 : France 3<br \/>\n15h00\u00a0 : Eurosport 1<\/p>\n<h3 style=\"text-align: justify;\">Mercredi 7 juin &#8211; 4\u00e8me \u00e9tape<\/h3>\n<p style=\"text-align: justify;\">15h10\u00a0 : France 3<br \/>\n15h00\u00a0 : Eurosport 1<\/p>\n<h3 style=\"text-align: justify;\">Jeudi 8 juin &#8211; 5\u00e8me \u00e9tape<\/h3>\n<p style=\"text-align: justify;\">15h10\u00a0 : France 3<br \/>\n15h00\u00a0 : Eurosport 1<\/p>\n<h3 style=\"text-align: justify;\">Vendredi 9 juin &#8211; 6\u00e8me \u00e9tape<\/h3>\n<p style=\"text-align: justify;\">15h10\u00a0 : France 3<br \/>\n15h00\u00a0 : Eurosport 1<\/p>\n<h3 style=\"text-align: justify;\">Samedi 10 juin &#8211; 7\u00e8me \u00e9tape<\/h3>\n<p style=\"text-align: justify;\">13h35\u00a0 : France 3<br \/>\n13h10\u00a0 : Eurosport 1<\/p>\n<h3 style=\"text-align: justify;\">Dimanche 11 juin &#8211; 8\u00e8me \u00e9tape<\/h3>\n<p style=\"text-align: justify;\">13h35\u00a0 : France 3<br \/>\n13h10\u00a0 : Eurosport 1<\/p>\n<h2 style=\"text-align: justify;\">\u00c0 lire aussi<\/h2>\n<ul>\n<li style=\"text-align: justify;\"><a href=\"https:\/\/dicodusport.fr\/blog\/criterium-du-dauphine-2023-parcours-et-favoris\/\"><strong>Crit\u00e9rium du Dauphin\u00e9 2023 : Le parcours en d\u00e9tail<\/strong><\/a><\/li>\n<li style=\"text-align: justify;\"><strong><a href=\"https:\/\/dicodusport.fr\/blog\/criterium-du-dauphine-2023-les-favoris-au-crible\/\">Crit\u00e9rium du Dauphin\u00e9 2023 : Les favoris au crible<\/a>\u00a0<\/strong><\/li>\n<li style=\"text-align: justify;\"><a href=\"https:\/\/dicodusport.fr\/blog\/criterium-du-dauphine-2023-les-engages\/\"><strong>Les engag\u00e9s du Crit\u00e9rium du Dauphin\u00e9 2023<\/strong><\/a><\/li>\n<li style=\"text-align: justify;\"><a href=\"https:\/\/dicodusport.fr\/blog\/criterium-du-dauphine-2023-profil-des-etapes\/\"><strong>Le profil des \u00e9tapes du Crit\u00e9rium du Dauphin\u00e9 2023<\/strong><\/a><\/li>\n<\/ul>\n","protected":false},"excerpt":{"rendered":"<p>CRIT\u00c9RIUM DU DAUPHIN\u00c9 2023 &#8211; La 75\u00e8me \u00e9dition du Crit\u00e9rium du Dauphin\u00e9 2023 se d\u00e9roule du dimanche 4 au 11 juin 2023. D\u00e9couvrez le programme TV.<\/p>\n","protected":false},"author":4,"featured_media":387561,"comment_status":"open","ping_status":"closed","sticky":false,"template":"","format":"standard","meta":{"_acf_changed":false,"_daextam_enable_autolinks":"","footnotes":""},"categories":[46994],"tags":[17213,8057,574,21872,21768,8799],"class_list":["post-387532","post","type-post","status-publish","format-standard","has-post-thumbnail","hentry","category-cyclisme-sur-route","tag-chaine","tag-criterium-du-dauphine","tag-cyclisme","tag-heure","tag-horaire","tag-programme-tv"],"acf":[],"yoast_head":"<!-- This site is optimized with the Yoast SEO Premium plugin v26.7 (Yoast SEO v26.7) - https:\/\/yoast.com\/wordpress\/plugins\/seo\/ -->\n<title>Crit\u00e9rium du Dauphin\u00e9 2023 : \u00c0 quelle heure et sur quelle cha\u00eene TV<\/title>\n<meta name=\"description\" content=\"CRIT\u00c9RIUM DU DAUPHIN\u00c9 2023 - La 75\u00e8me \u00e9dition du Crit\u00e9rium du Dauphin\u00e9 2023 se d\u00e9roule du dimanche 4 au 11 juin 2023. Le programme TV.\" \/>\n<meta name=\"robots\" content=\"index, follow, max-snippet:-1, max-image-preview:large, max-video-preview:-1\" \/>\n<link rel=\"canonical\" href=\"https:\/\/dicodusport.fr\/blog\/criterium-du-dauphine-2023-a-quelle-heure-et-sur-quelle-chaine-tv\/\" \/>\n<meta property=\"og:locale\" content=\"fr_FR\" \/>\n<meta property=\"og:type\" content=\"article\" \/>\n<meta property=\"og:title\" content=\"Crit\u00e9rium du Dauphin\u00e9 2023 : \u00c0 quelle heure et sur quelle cha\u00eene TV\" \/>\n<meta property=\"og:description\" content=\"CRIT\u00c9RIUM DU DAUPHIN\u00c9 2023 - La 75\u00e8me \u00e9dition du Crit\u00e9rium du Dauphin\u00e9 2023 se d\u00e9roule du dimanche 4 au 11 juin 2023. Le programme TV.\" \/>\n<meta property=\"og:url\" content=\"https:\/\/dicodusport.fr\/blog\/criterium-du-dauphine-2023-a-quelle-heure-et-sur-quelle-chaine-tv\/\" \/>\n<meta property=\"og:site_name\" content=\"Dicodusport\" \/>\n<meta property=\"article:publisher\" content=\"https:\/\/www.facebook.com\/dicodusport\" \/>\n<meta property=\"article:author\" content=\"https:\/\/www.facebook.com\/florent.ostermann\" \/>\n<meta property=\"article:published_time\" content=\"2023-06-04T07:44:33+00:00\" \/>\n<meta property=\"article:modified_time\" content=\"2023-06-09T11:06:12+00:00\" \/>\n<meta property=\"og:image\" content=\"https:\/\/dicodusport.fr\/blog\/wp-content\/uploads\/2023\/06\/Criterium-du-Dauphine-2023-A-quelle-heure-et-sur-quelle-chaine-TV.png\" \/>\n\t<meta property=\"og:image:width\" content=\"800\" \/>\n\t<meta property=\"og:image:height\" content=\"445\" \/>\n\t<meta property=\"og:image:type\" content=\"image\/png\" \/>\n<meta name=\"author\" content=\"Flo Ostermann\" \/>\n<meta name=\"twitter:card\" content=\"summary_large_image\" \/>\n<meta name=\"twitter:title\" content=\"Crit\u00e9rium du Dauphin\u00e9 2023 : \u00c0 quelle heure et sur quelle cha\u00eene TV\" \/>\n<meta name=\"twitter:creator\" content=\"@https:\/\/twitter.com\/FlOstermann\" \/>\n<meta name=\"twitter:site\" content=\"@dicodusport\" \/>\n<script type=\"application\/ld+json\" class=\"yoast-schema-graph\">{\"@context\":\"https:\/\/schema.org\",\"@graph\":[{\"@type\":\"NewsArticle\",\"@id\":\"https:\/\/dicodusport.fr\/blog\/criterium-du-dauphine-2023-a-quelle-heure-et-sur-quelle-chaine-tv\/#article\",\"isPartOf\":{\"@id\":\"https:\/\/dicodusport.fr\/blog\/criterium-du-dauphine-2023-a-quelle-heure-et-sur-quelle-chaine-tv\/\"},\"author\":{\"name\":\"Flo Ostermann\",\"@id\":\"https:\/\/dicodusport.fr\/blog\/#\/schema\/person\/cb02af4c173ce4a653b55e9baf388d4a\"},\"headline\":\"Crit\u00e9rium du Dauphin\u00e9 2023 : \u00c0 quelle heure et sur quelle cha\u00eene TV\",\"datePublished\":\"2023-06-04T07:44:33+00:00\",\"dateModified\":\"2023-06-09T11:06:12+00:00\",\"mainEntityOfPage\":{\"@id\":\"https:\/\/dicodusport.fr\/blog\/criterium-du-dauphine-2023-a-quelle-heure-et-sur-quelle-chaine-tv\/\"},\"wordCount\":430,\"commentCount\":0,\"publisher\":{\"@id\":\"https:\/\/dicodusport.fr\/blog\/#organization\"},\"image\":{\"@id\":\"https:\/\/dicodusport.fr\/blog\/criterium-du-dauphine-2023-a-quelle-heure-et-sur-quelle-chaine-tv\/#primaryimage\"},\"thumbnailUrl\":\"https:\/\/dicodusport.fr\/blog\/wp-content\/uploads\/2023\/06\/Criterium-du-Dauphine-2023-A-quelle-heure-et-sur-quelle-chaine-TV.png\",\"keywords\":[\"Cha\u00eene\",\"Crit\u00e9rium du Dauphin\u00e9\",\"Cyclisme\",\"Heure\",\"Horaire\",\"Programme TV\"],\"articleSection\":[\"Cyclisme sur route\"],\"inLanguage\":\"fr-FR\",\"potentialAction\":[{\"@type\":\"CommentAction\",\"name\":\"Comment\",\"target\":[\"https:\/\/dicodusport.fr\/blog\/criterium-du-dauphine-2023-a-quelle-heure-et-sur-quelle-chaine-tv\/#respond\"]}],\"copyrightYear\":\"2023\",\"copyrightHolder\":{\"@id\":\"https:\/\/dicodusport.fr\/blog\/#organization\"}},{\"@type\":\"WebPage\",\"@id\":\"https:\/\/dicodusport.fr\/blog\/criterium-du-dauphine-2023-a-quelle-heure-et-sur-quelle-chaine-tv\/\",\"url\":\"https:\/\/dicodusport.fr\/blog\/criterium-du-dauphine-2023-a-quelle-heure-et-sur-quelle-chaine-tv\/\",\"name\":\"Crit\u00e9rium du Dauphin\u00e9 2023 : \u00c0 quelle heure et sur quelle cha\u00eene TV\",\"isPartOf\":{\"@id\":\"https:\/\/dicodusport.fr\/blog\/#website\"},\"primaryImageOfPage\":{\"@id\":\"https:\/\/dicodusport.fr\/blog\/criterium-du-dauphine-2023-a-quelle-heure-et-sur-quelle-chaine-tv\/#primaryimage\"},\"image\":{\"@id\":\"https:\/\/dicodusport.fr\/blog\/criterium-du-dauphine-2023-a-quelle-heure-et-sur-quelle-chaine-tv\/#primaryimage\"},\"thumbnailUrl\":\"https:\/\/dicodusport.fr\/blog\/wp-content\/uploads\/2023\/06\/Criterium-du-Dauphine-2023-A-quelle-heure-et-sur-quelle-chaine-TV.png\",\"datePublished\":\"2023-06-04T07:44:33+00:00\",\"dateModified\":\"2023-06-09T11:06:12+00:00\",\"description\":\"CRIT\u00c9RIUM DU DAUPHIN\u00c9 2023 - La 75\u00e8me \u00e9dition du Crit\u00e9rium du Dauphin\u00e9 2023 se d\u00e9roule du dimanche 4 au 11 juin 2023. Le programme TV.\",\"breadcrumb\":{\"@id\":\"https:\/\/dicodusport.fr\/blog\/criterium-du-dauphine-2023-a-quelle-heure-et-sur-quelle-chaine-tv\/#breadcrumb\"},\"inLanguage\":\"fr-FR\",\"potentialAction\":[{\"@type\":\"ReadAction\",\"target\":[\"https:\/\/dicodusport.fr\/blog\/criterium-du-dauphine-2023-a-quelle-heure-et-sur-quelle-chaine-tv\/\"]}]},{\"@type\":\"ImageObject\",\"inLanguage\":\"fr-FR\",\"@id\":\"https:\/\/dicodusport.fr\/blog\/criterium-du-dauphine-2023-a-quelle-heure-et-sur-quelle-chaine-tv\/#primaryimage\",\"url\":\"https:\/\/dicodusport.fr\/blog\/wp-content\/uploads\/2023\/06\/Criterium-du-Dauphine-2023-A-quelle-heure-et-sur-quelle-chaine-TV.png\",\"contentUrl\":\"https:\/\/dicodusport.fr\/blog\/wp-content\/uploads\/2023\/06\/Criterium-du-Dauphine-2023-A-quelle-heure-et-sur-quelle-chaine-TV.png\",\"width\":800,\"height\":445,\"caption\":\"Crit\u00e9rium du Dauphin\u00e9 2023 \u00c0 quelle heure et sur quelle cha\u00eene TV\"},{\"@type\":\"BreadcrumbList\",\"@id\":\"https:\/\/dicodusport.fr\/blog\/criterium-du-dauphine-2023-a-quelle-heure-et-sur-quelle-chaine-tv\/#breadcrumb\",\"itemListElement\":[{\"@type\":\"ListItem\",\"position\":1,\"name\":\"Accueil\",\"item\":\"https:\/\/dicodusport.fr\/blog\/\"},{\"@type\":\"ListItem\",\"position\":2,\"name\":\"Crit\u00e9rium du Dauphin\u00e9 2023 : \u00c0 quelle heure et sur quelle cha\u00eene TV\"}]},{\"@type\":\"WebSite\",\"@id\":\"https:\/\/dicodusport.fr\/blog\/#website\",\"url\":\"https:\/\/dicodusport.fr\/blog\/\",\"name\":\"Dicodusport\",\"description\":\"L&#039;encyclop\u00e9die de l&#039;actualit\u00e9 sportive\",\"publisher\":{\"@id\":\"https:\/\/dicodusport.fr\/blog\/#organization\"},\"potentialAction\":[{\"@type\":\"SearchAction\",\"target\":{\"@type\":\"EntryPoint\",\"urlTemplate\":\"https:\/\/dicodusport.fr\/blog\/?s={search_term_string}\"},\"query-input\":{\"@type\":\"PropertyValueSpecification\",\"valueRequired\":true,\"valueName\":\"search_term_string\"}}],\"inLanguage\":\"fr-FR\"},{\"@type\":\"NewsMediaOrganization\",\"@id\":\"https:\/\/dicodusport.fr\/blog\/#organization\",\"name\":\"Dicodusport\",\"url\":\"https:\/\/dicodusport.fr\/blog\/\",\"logo\":{\"@type\":\"ImageObject\",\"inLanguage\":\"fr-FR\",\"@id\":\"https:\/\/dicodusport.fr\/blog\/#\/schema\/logo\/image\/\",\"url\":\"https:\/\/dicodusport.fr\/blog\/wp-content\/uploads\/2020\/06\/cropped-LOGO-DICODUSPORT-2020-SANS-FOND-SANS-TEXTE.png\",\"contentUrl\":\"https:\/\/dicodusport.fr\/blog\/wp-content\/uploads\/2020\/06\/cropped-LOGO-DICODUSPORT-2020-SANS-FOND-SANS-TEXTE.png\",\"width\":512,\"height\":512,\"caption\":\"Dicodusport\"},\"image\":{\"@id\":\"https:\/\/dicodusport.fr\/blog\/#\/schema\/logo\/image\/\"},\"sameAs\":[\"https:\/\/www.facebook.com\/dicodusport\",\"https:\/\/x.com\/dicodusport\",\"https:\/\/www.instagram.com\/dicodusport\/\",\"https:\/\/www.youtube.com\/channel\/UC7V2KZ5sd3htJivAbA4ZG3w\"],\"description\":\"Dicodusport est l'encyclop\u00e9die de l'actualit\u00e9 sportive.\",\"email\":\"bonjour@dicodusport.fr\",\"legalName\":\"DICODUSPORT\",\"foundingDate\":\"2018-01-14\",\"vatID\":\"FR71834470973\",\"taxID\":\"83447097300043\",\"numberOfEmployees\":{\"@type\":\"QuantitativeValue\",\"minValue\":\"1\",\"maxValue\":\"10\"}},{\"@type\":\"Person\",\"@id\":\"https:\/\/dicodusport.fr\/blog\/#\/schema\/person\/cb02af4c173ce4a653b55e9baf388d4a\",\"name\":\"Flo Ostermann\",\"image\":{\"@type\":\"ImageObject\",\"inLanguage\":\"fr-FR\",\"@id\":\"https:\/\/dicodusport.fr\/blog\/#\/schema\/person\/image\/\",\"url\":\"https:\/\/dicodusport.fr\/blog\/wp-content\/uploads\/2021\/05\/Flo-Ostermann-150x150.jpg\",\"contentUrl\":\"https:\/\/dicodusport.fr\/blog\/wp-content\/uploads\/2021\/05\/Flo-Ostermann-150x150.jpg\",\"caption\":\"Flo Ostermann\"},\"description\":\"Journaliste\/R\u00e9dacteur depuis septembre 2015 - Mes premiers souvenirs dans le sport ? Les envol\u00e9es du Stade Toulousain et les duels Villeneuve-Schumacher et H\u00e4kkinen-Schumacher \u00e0 la fin des ann\u00e9es 90, la Coupe du monde de football en 1998, l\u2019exploit du XV de France face aux All Blacks en 1999, mais aussi Richard C\u0153ur de Lion qui vole sur les montagnes du Tour de France. Bien parti pour devenir professeur d\u2019EPS, les \u00e9v\u00e9nements de la vie (et la flemme d\u2019animer des s\u00e9ances de 3x500 m\u00e8tres toute ma vie) m\u2019ont conduit \u00e0 revoir mes plans. Me voil\u00e0 depuis fin 2017 sur Dicodusport, m\u00e9dia gr\u00e2ce (et pour) lequel je partage ma passion : le sport dans tous ses \u00e9tats. Le tout accompagn\u00e9 par les fous furieux et folles furieuses cit\u00e9s sur cette page !\",\"sameAs\":[\"https:\/\/www.facebook.com\/florent.ostermann\",\"https:\/\/x.com\/https:\/\/twitter.com\/FlOstermann\",\"admin\"],\"url\":\"https:\/\/dicodusport.fr\/blog\/author\/flo\/\"}]}<\/script>\n<!-- \/ Yoast SEO Premium plugin. -->","yoast_head_json":{"title":"Crit\u00e9rium du Dauphin\u00e9 2023 : \u00c0 quelle heure et sur quelle cha\u00eene TV","description":"CRIT\u00c9RIUM DU DAUPHIN\u00c9 2023 - La 75\u00e8me \u00e9dition du Crit\u00e9rium du Dauphin\u00e9 2023 se d\u00e9roule du dimanche 4 au 11 juin 2023. Le programme TV.","robots":{"index":"index","follow":"follow","max-snippet":"max-snippet:-1","max-image-preview":"max-image-preview:large","max-video-preview":"max-video-preview:-1"},"canonical":"https:\/\/dicodusport.fr\/blog\/criterium-du-dauphine-2023-a-quelle-heure-et-sur-quelle-chaine-tv\/","og_locale":"fr_FR","og_type":"article","og_title":"Crit\u00e9rium du Dauphin\u00e9 2023 : \u00c0 quelle heure et sur quelle cha\u00eene TV","og_description":"CRIT\u00c9RIUM DU DAUPHIN\u00c9 2023 - La 75\u00e8me \u00e9dition du Crit\u00e9rium du Dauphin\u00e9 2023 se d\u00e9roule du dimanche 4 au 11 juin 2023. Le programme TV.","og_url":"https:\/\/dicodusport.fr\/blog\/criterium-du-dauphine-2023-a-quelle-heure-et-sur-quelle-chaine-tv\/","og_site_name":"Dicodusport","article_publisher":"https:\/\/www.facebook.com\/dicodusport","article_author":"https:\/\/www.facebook.com\/florent.ostermann","article_published_time":"2023-06-04T07:44:33+00:00","article_modified_time":"2023-06-09T11:06:12+00:00","og_image":[{"width":800,"height":445,"url":"https:\/\/dicodusport.fr\/blog\/wp-content\/uploads\/2023\/06\/Criterium-du-Dauphine-2023-A-quelle-heure-et-sur-quelle-chaine-TV.png","type":"image\/png"}],"author":"Flo Ostermann","twitter_card":"summary_large_image","twitter_title":"Crit\u00e9rium du Dauphin\u00e9 2023 : \u00c0 quelle heure et sur quelle cha\u00eene TV","twitter_creator":"@https:\/\/twitter.com\/FlOstermann","twitter_site":"@dicodusport","schema":{"@context":"https:\/\/schema.org","@graph":[{"@type":"NewsArticle","@id":"https:\/\/dicodusport.fr\/blog\/criterium-du-dauphine-2023-a-quelle-heure-et-sur-quelle-chaine-tv\/#article","isPartOf":{"@id":"https:\/\/dicodusport.fr\/blog\/criterium-du-dauphine-2023-a-quelle-heure-et-sur-quelle-chaine-tv\/"},"author":{"name":"Flo Ostermann","@id":"https:\/\/dicodusport.fr\/blog\/#\/schema\/person\/cb02af4c173ce4a653b55e9baf388d4a"},"headline":"Crit\u00e9rium du Dauphin\u00e9 2023 : \u00c0 quelle heure et sur quelle cha\u00eene TV","datePublished":"2023-06-04T07:44:33+00:00","dateModified":"2023-06-09T11:06:12+00:00","mainEntityOfPage":{"@id":"https:\/\/dicodusport.fr\/blog\/criterium-du-dauphine-2023-a-quelle-heure-et-sur-quelle-chaine-tv\/"},"wordCount":430,"commentCount":0,"publisher":{"@id":"https:\/\/dicodusport.fr\/blog\/#organization"},"image":{"@id":"https:\/\/dicodusport.fr\/blog\/criterium-du-dauphine-2023-a-quelle-heure-et-sur-quelle-chaine-tv\/#primaryimage"},"thumbnailUrl":"https:\/\/dicodusport.fr\/blog\/wp-content\/uploads\/2023\/06\/Criterium-du-Dauphine-2023-A-quelle-heure-et-sur-quelle-chaine-TV.png","keywords":["Cha\u00eene","Crit\u00e9rium du Dauphin\u00e9","Cyclisme","Heure","Horaire","Programme TV"],"articleSection":["Cyclisme sur route"],"inLanguage":"fr-FR","potentialAction":[{"@type":"CommentAction","name":"Comment","target":["https:\/\/dicodusport.fr\/blog\/criterium-du-dauphine-2023-a-quelle-heure-et-sur-quelle-chaine-tv\/#respond"]}],"copyrightYear":"2023","copyrightHolder":{"@id":"https:\/\/dicodusport.fr\/blog\/#organization"}},{"@type":"WebPage","@id":"https:\/\/dicodusport.fr\/blog\/criterium-du-dauphine-2023-a-quelle-heure-et-sur-quelle-chaine-tv\/","url":"https:\/\/dicodusport.fr\/blog\/criterium-du-dauphine-2023-a-quelle-heure-et-sur-quelle-chaine-tv\/","name":"Crit\u00e9rium du Dauphin\u00e9 2023 : \u00c0 quelle heure et sur quelle cha\u00eene TV","isPartOf":{"@id":"https:\/\/dicodusport.fr\/blog\/#website"},"primaryImageOfPage":{"@id":"https:\/\/dicodusport.fr\/blog\/criterium-du-dauphine-2023-a-quelle-heure-et-sur-quelle-chaine-tv\/#primaryimage"},"image":{"@id":"https:\/\/dicodusport.fr\/blog\/criterium-du-dauphine-2023-a-quelle-heure-et-sur-quelle-chaine-tv\/#primaryimage"},"thumbnailUrl":"https:\/\/dicodusport.fr\/blog\/wp-content\/uploads\/2023\/06\/Criterium-du-Dauphine-2023-A-quelle-heure-et-sur-quelle-chaine-TV.png","datePublished":"2023-06-04T07:44:33+00:00","dateModified":"2023-06-09T11:06:12+00:00","description":"CRIT\u00c9RIUM DU DAUPHIN\u00c9 2023 - La 75\u00e8me \u00e9dition du Crit\u00e9rium du Dauphin\u00e9 2023 se d\u00e9roule du dimanche 4 au 11 juin 2023. Le programme TV.","breadcrumb":{"@id":"https:\/\/dicodusport.fr\/blog\/criterium-du-dauphine-2023-a-quelle-heure-et-sur-quelle-chaine-tv\/#breadcrumb"},"inLanguage":"fr-FR","potentialAction":[{"@type":"ReadAction","target":["https:\/\/dicodusport.fr\/blog\/criterium-du-dauphine-2023-a-quelle-heure-et-sur-quelle-chaine-tv\/"]}]},{"@type":"ImageObject","inLanguage":"fr-FR","@id":"https:\/\/dicodusport.fr\/blog\/criterium-du-dauphine-2023-a-quelle-heure-et-sur-quelle-chaine-tv\/#primaryimage","url":"https:\/\/dicodusport.fr\/blog\/wp-content\/uploads\/2023\/06\/Criterium-du-Dauphine-2023-A-quelle-heure-et-sur-quelle-chaine-TV.png","contentUrl":"https:\/\/dicodusport.fr\/blog\/wp-content\/uploads\/2023\/06\/Criterium-du-Dauphine-2023-A-quelle-heure-et-sur-quelle-chaine-TV.png","width":800,"height":445,"caption":"Crit\u00e9rium du Dauphin\u00e9 2023 \u00c0 quelle heure et sur quelle cha\u00eene TV"},{"@type":"BreadcrumbList","@id":"https:\/\/dicodusport.fr\/blog\/criterium-du-dauphine-2023-a-quelle-heure-et-sur-quelle-chaine-tv\/#breadcrumb","itemListElement":[{"@type":"ListItem","position":1,"name":"Accueil","item":"https:\/\/dicodusport.fr\/blog\/"},{"@type":"ListItem","position":2,"name":"Crit\u00e9rium du Dauphin\u00e9 2023 : \u00c0 quelle heure et sur quelle cha\u00eene TV"}]},{"@type":"WebSite","@id":"https:\/\/dicodusport.fr\/blog\/#website","url":"https:\/\/dicodusport.fr\/blog\/","name":"Dicodusport","description":"L&#039;encyclop\u00e9die de l&#039;actualit\u00e9 sportive","publisher":{"@id":"https:\/\/dicodusport.fr\/blog\/#organization"},"potentialAction":[{"@type":"SearchAction","target":{"@type":"EntryPoint","urlTemplate":"https:\/\/dicodusport.fr\/blog\/?s={search_term_string}"},"query-input":{"@type":"PropertyValueSpecification","valueRequired":true,"valueName":"search_term_string"}}],"inLanguage":"fr-FR"},{"@type":"NewsMediaOrganization","@id":"https:\/\/dicodusport.fr\/blog\/#organization","name":"Dicodusport","url":"https:\/\/dicodusport.fr\/blog\/","logo":{"@type":"ImageObject","inLanguage":"fr-FR","@id":"https:\/\/dicodusport.fr\/blog\/#\/schema\/logo\/image\/","url":"https:\/\/dicodusport.fr\/blog\/wp-content\/uploads\/2020\/06\/cropped-LOGO-DICODUSPORT-2020-SANS-FOND-SANS-TEXTE.png","contentUrl":"https:\/\/dicodusport.fr\/blog\/wp-content\/uploads\/2020\/06\/cropped-LOGO-DICODUSPORT-2020-SANS-FOND-SANS-TEXTE.png","width":512,"height":512,"caption":"Dicodusport"},"image":{"@id":"https:\/\/dicodusport.fr\/blog\/#\/schema\/logo\/image\/"},"sameAs":["https:\/\/www.facebook.com\/dicodusport","https:\/\/x.com\/dicodusport","https:\/\/www.instagram.com\/dicodusport\/","https:\/\/www.youtube.com\/channel\/UC7V2KZ5sd3htJivAbA4ZG3w"],"description":"Dicodusport est l'encyclop\u00e9die de l'actualit\u00e9 sportive.","email":"bonjour@dicodusport.fr","legalName":"DICODUSPORT","foundingDate":"2018-01-14","vatID":"FR71834470973","taxID":"83447097300043","numberOfEmployees":{"@type":"QuantitativeValue","minValue":"1","maxValue":"10"}},{"@type":"Person","@id":"https:\/\/dicodusport.fr\/blog\/#\/schema\/person\/cb02af4c173ce4a653b55e9baf388d4a","name":"Flo Ostermann","image":{"@type":"ImageObject","inLanguage":"fr-FR","@id":"https:\/\/dicodusport.fr\/blog\/#\/schema\/person\/image\/","url":"https:\/\/dicodusport.fr\/blog\/wp-content\/uploads\/2021\/05\/Flo-Ostermann-150x150.jpg","contentUrl":"https:\/\/dicodusport.fr\/blog\/wp-content\/uploads\/2021\/05\/Flo-Ostermann-150x150.jpg","caption":"Flo Ostermann"},"description":"Journaliste\/R\u00e9dacteur depuis septembre 2015 - Mes premiers souvenirs dans le sport ? Les envol\u00e9es du Stade Toulousain et les duels Villeneuve-Schumacher et H\u00e4kkinen-Schumacher \u00e0 la fin des ann\u00e9es 90, la Coupe du monde de football en 1998, l\u2019exploit du XV de France face aux All Blacks en 1999, mais aussi Richard C\u0153ur de Lion qui vole sur les montagnes du Tour de France. Bien parti pour devenir professeur d\u2019EPS, les \u00e9v\u00e9nements de la vie (et la flemme d\u2019animer des s\u00e9ances de 3x500 m\u00e8tres toute ma vie) m\u2019ont conduit \u00e0 revoir mes plans. Me voil\u00e0 depuis fin 2017 sur Dicodusport, m\u00e9dia gr\u00e2ce (et pour) lequel je partage ma passion : le sport dans tous ses \u00e9tats. Le tout accompagn\u00e9 par les fous furieux et folles furieuses cit\u00e9s sur cette page !","sameAs":["https:\/\/www.facebook.com\/florent.ostermann","https:\/\/x.com\/https:\/\/twitter.com\/FlOstermann","admin"],"url":"https:\/\/dicodusport.fr\/blog\/author\/flo\/"}]}},"_links":{"self":[{"href":"https:\/\/dicodusport.fr\/blog\/wp-json\/wp\/v2\/posts\/387532","targetHints":{"allow":["GET"]}}],"collection":[{"href":"https:\/\/dicodusport.fr\/blog\/wp-json\/wp\/v2\/posts"}],"about":[{"href":"https:\/\/dicodusport.fr\/blog\/wp-json\/wp\/v2\/types\/post"}],"author":[{"embeddable":true,"href":"https:\/\/dicodusport.fr\/blog\/wp-json\/wp\/v2\/users\/4"}],"replies":[{"embeddable":true,"href":"https:\/\/dicodusport.fr\/blog\/wp-json\/wp\/v2\/comments?post=387532"}],"version-history":[{"count":0,"href":"https:\/\/dicodusport.fr\/blog\/wp-json\/wp\/v2\/posts\/387532\/revisions"}],"wp:featuredmedia":[{"embeddable":true,"href":"https:\/\/dicodusport.fr\/blog\/wp-json\/wp\/v2\/media\/387561"}],"wp:attachment":[{"href":"https:\/\/dicodusport.fr\/blog\/wp-json\/wp\/v2\/media?parent=387532"}],"wp:term":[{"taxonomy":"category","embeddable":true,"href":"https:\/\/dicodusport.fr\/blog\/wp-json\/wp\/v2\/categories?post=387532"},{"taxonomy":"post_tag","embeddable":true,"href":"https:\/\/dicodusport.fr\/blog\/wp-json\/wp\/v2\/tags?post=387532"}],"curies":[{"name":"wp","href":"https:\/\/api.w.org\/{rel}","templated":true}]}}