{"id":388046,"date":"2023-06-05T09:52:57","date_gmt":"2023-06-05T07:52:57","guid":{"rendered":"https:\/\/dicodusport.fr\/blog\/?p=388046&#038;preview=true&#038;preview_id=388046"},"modified":"2023-06-05T10:24:32","modified_gmt":"2023-06-05T08:24:32","slug":"circuit-itf-lucas-poullain-et-les-doubles-en-vedette","status":"publish","type":"post","link":"https:\/\/dicodusport.fr\/blog\/circuit-itf-lucas-poullain-et-les-doubles-en-vedette\/","title":{"rendered":"Circuit ITF : Lucas Poullain et les doubles en vedette"},"content":{"rendered":"<p style=\"text-align: justify;\"><strong><em>CIRCUIT ITF TENNIS &#8211; Apr\u00e8s un samedi royal, marqu\u00e9 par trois titres, les Bleus sont pass\u00e9s \u00e0 c\u00f4t\u00e9 de leur dimanche, avec un 0\/4 en finales.\u00a0<\/em><\/strong><\/p>\n<p style=\"text-align: justify;\">Le weekend avait bien commenc\u00e9 pour les Bleus du circuit ITF. Samedi, la finale du M25 de Carnac \u00e9tait 100% tricolore. Apr\u00e8s avoir perdu le premier set, <strong>Lucas Poullain<\/strong> avait fini par saper la r\u00e9sistance d&rsquo;<strong>Antoine Hoang, <\/strong>s&rsquo;imposant. Lui qui avait connu une saison 2022 vierge de troph\u00e9es en est d\u00e9j\u00e0 \u00e0 deux en 2023, apr\u00e8s <a href=\"https:\/\/dicodusport.fr\/blog\/circuit-itf-jessika-ponchet-et-lucas-poullain-titres-ce-dimanche\/\">celui de Faro en f\u00e9vrier<\/a>.<\/p>\n<blockquote class=\"twitter-tweet\">\n<p dir=\"ltr\" lang=\"fr\">Et de 39 pour Lucas Poullain \ud83c\uddeb\ud83c\uddf7 n\u00b0414 !<\/p>\n<p>Quel semaine pour encore pour Lucas et quel d\u00e9but d&rsquo;ann\u00e9e 2023.<\/p>\n<p>39 \u2705\ufe0f 11 \u274c\ufe0f, 2 Titres en 25000$, 3 finales, c&rsquo;est vraiment cool.<\/p>\n<p>Assur\u00e9 d&rsquo;\u00eatre Top400, franchement un d\u00e9but de saison de patron. Bravo ! <a href=\"https:\/\/t.co\/uqBo22m6Dg\">pic.twitter.com\/uqBo22m6Dg<\/a><\/p>\n<p>\u2014 Romain \ud83c\udfbe\ud83c\uddeb\ud83c\uddf7 (@RomainNextGen) <a href=\"https:\/\/twitter.com\/RomainNextGen\/status\/1665052889872572416?ref_src=twsrc%5Etfw\">June 3, 2023<\/a><\/p><\/blockquote>\n<p style=\"text-align: justify;\"><script async src=\"https:\/\/platform.twitter.com\/widgets.js\" charset=\"utf-8\"><\/script><\/p>\n<p style=\"text-align: justify;\">Histoire de fignoler le tableau, un Fran\u00e7ais a \u00e9galement remport\u00e9 le double. <strong>Maxence Broville<\/strong>, associ\u00e9 \u00e0 l&rsquo;Argentin <strong>Federico Augustin Gomez<\/strong>, a terrass\u00e9 en finale une paire 100% bleue, compos\u00e9e de <strong>Matteo Martineau<\/strong> et <strong>Cl\u00e9ment Tabur<\/strong>. \u00c0 Monastir, <strong>Fran\u00e7ois Musitelli<\/strong> et <strong>Nicolas Tourte<\/strong> sont \u00e9galement all\u00e9s chercher le titre du double, dominant au super tie-break les fr\u00e8res britanniques <strong>Billy<\/strong> et <strong>Freddy Blaydes.<\/strong><\/p>\n<h2 style=\"text-align: justify;\">Dimanche noir<\/h2>\n<p style=\"text-align: justify;\">Malheureusement, la tendance ne s&rsquo;est pas prolong\u00e9e dimanche. Luka Pavlovic a ouvert le bal par une d\u00e9faite s\u00e8che contre <strong>Martyn Pawelski<\/strong> au M15 de Kursumlijska Banja 4 (<strong>6-4, 6-0<\/strong>). Puis <strong>Florent Bax<\/strong> a pris le premier set, avant de totalement sombrer contre<strong> Elmer Moeller<\/strong> au M15 de Constanta, en Roumanie.<\/p>\n<blockquote class=\"twitter-tweet\">\n<p dir=\"ltr\" lang=\"da\">ITF M$15K Constanta Final<br \/>\n\ud83c\udde9\ud83c\uddf0 [6] Elmer M\u00f8ller 3-6 6-0 6-1 \ud83c\uddeb\ud83c\uddf7 [5] Florent Bax<\/p>\n<p>\u2014 Mark Nixon (@markalannixon) <a href=\"https:\/\/twitter.com\/markalannixon\/status\/1665295439074033664?ref_src=twsrc%5Etfw\">June 4, 2023<\/a><\/p><\/blockquote>\n<p style=\"text-align: justify;\"><script async src=\"https:\/\/platform.twitter.com\/widgets.js\" charset=\"utf-8\"><\/script><\/p>\n<p style=\"text-align: justify;\">Il restait encore deux chances, mais si Monastir est une terre d&rsquo;accueil pour les Bleus, cela n&rsquo;a pas \u00e9t\u00e9 le cas pour <strong>Adrien Gobat,<\/strong> qui a c\u00e9d\u00e9 facilement contre le Moldave <strong>Alexander Cozbinov<\/strong> (<strong>6-1, 6-4<\/strong>). En soir\u00e9e,<strong> Jaimee Floyd Angele<\/strong> a tent\u00e9 sa chance \u00e0 son tour, au M15 de Rancho Santa Fe, mais n&rsquo;a rien pu faire contre <strong>Colin Sinclair<\/strong> (6-3, <strong>6-2).<\/strong> Un 0\/4 bien terne, mais quand m\u00eame quelques titres \u00e0 se mettre sous la dent.<\/p>\n","protected":false},"excerpt":{"rendered":"<p>CIRCUIT ITF TENNIS &#8211; Apr\u00e8s un samedi royal, marqu\u00e9 par trois titres, les Bleus sont pass\u00e9s \u00e0 c\u00f4t\u00e9 de leur dimanche, avec un 0\/4 en finales.\u00a0<\/p>\n","protected":false},"author":59,"featured_media":388445,"comment_status":"open","ping_status":"closed","sticky":false,"template":"","format":"standard","meta":{"_acf_changed":false,"_daextam_enable_autolinks":"","footnotes":""},"categories":[2302],"tags":[16878,22321,4792],"class_list":["post-388046","post","type-post","status-publish","format-standard","has-post-thumbnail","hentry","category-tennis","tag-breve","tag-clement-tabur","tag-tennis-francais"],"acf":[],"yoast_head":"<!-- This site is optimized with the Yoast SEO Premium plugin v26.7 (Yoast SEO v26.7) - https:\/\/yoast.com\/wordpress\/plugins\/seo\/ -->\n<title>Circuit ITF : Lucas Poullain et les doubles en vedette<\/title>\n<meta name=\"description\" content=\"CIRCUIT ITF TENNIS - Apr\u00e8s un samedi royal, marqu\u00e9 par trois titres, les Bleus sont pass\u00e9s \u00e0 c\u00f4t\u00e9 de leur dimanche, avec un 0\/4 en finales.\u00a0\" \/>\n<meta name=\"robots\" content=\"index, follow, max-snippet:-1, max-image-preview:large, max-video-preview:-1\" \/>\n<link rel=\"canonical\" href=\"https:\/\/dicodusport.fr\/blog\/circuit-itf-lucas-poullain-et-les-doubles-en-vedette\/\" \/>\n<meta property=\"og:locale\" content=\"fr_FR\" \/>\n<meta property=\"og:type\" content=\"article\" \/>\n<meta property=\"og:title\" content=\"Circuit ITF : Lucas Poullain et les doubles en vedette\" \/>\n<meta property=\"og:description\" content=\"CIRCUIT ITF TENNIS - Apr\u00e8s un samedi royal, marqu\u00e9 par trois titres, les Bleus sont pass\u00e9s \u00e0 c\u00f4t\u00e9 de leur dimanche, avec un 0\/4 en finales.\u00a0\" \/>\n<meta property=\"og:url\" content=\"https:\/\/dicodusport.fr\/blog\/circuit-itf-lucas-poullain-et-les-doubles-en-vedette\/\" \/>\n<meta property=\"og:site_name\" content=\"Dicodusport\" \/>\n<meta property=\"article:publisher\" content=\"https:\/\/www.facebook.com\/dicodusport\" \/>\n<meta property=\"article:author\" content=\"https:\/\/www.facebook.com\/sebastien.gente\/\" \/>\n<meta property=\"article:published_time\" content=\"2023-06-05T07:52:57+00:00\" \/>\n<meta property=\"article:modified_time\" content=\"2023-06-05T08:24:32+00:00\" \/>\n<meta property=\"og:image\" content=\"https:\/\/dicodusport.fr\/blog\/wp-content\/uploads\/2023\/06\/Circuit-ITF-Lucas-Poullain-et-les-doubles-en-vedette.png\" \/>\n\t<meta property=\"og:image:width\" content=\"800\" \/>\n\t<meta property=\"og:image:height\" content=\"445\" \/>\n\t<meta property=\"og:image:type\" content=\"image\/png\" \/>\n<meta name=\"author\" content=\"S\u00e9bastien Gente\" \/>\n<meta name=\"twitter:card\" content=\"summary_large_image\" \/>\n<meta name=\"twitter:title\" content=\"Circuit ITF : Lucas Poullain et les doubles en vedette\" \/>\n<meta name=\"twitter:creator\" content=\"@https:\/\/twitter.com\/globulo24\" \/>\n<meta name=\"twitter:site\" content=\"@dicodusport\" \/>\n<script type=\"application\/ld+json\" class=\"yoast-schema-graph\">{\"@context\":\"https:\/\/schema.org\",\"@graph\":[{\"@type\":\"NewsArticle\",\"@id\":\"https:\/\/dicodusport.fr\/blog\/circuit-itf-lucas-poullain-et-les-doubles-en-vedette\/#article\",\"isPartOf\":{\"@id\":\"https:\/\/dicodusport.fr\/blog\/circuit-itf-lucas-poullain-et-les-doubles-en-vedette\/\"},\"author\":{\"name\":\"S\u00e9bastien Gente\",\"@id\":\"https:\/\/dicodusport.fr\/blog\/#\/schema\/person\/627966a6cde45dbd8c5e36ac85d783da\"},\"headline\":\"Circuit ITF : Lucas Poullain et les doubles en vedette\",\"datePublished\":\"2023-06-05T07:52:57+00:00\",\"dateModified\":\"2023-06-05T08:24:32+00:00\",\"mainEntityOfPage\":{\"@id\":\"https:\/\/dicodusport.fr\/blog\/circuit-itf-lucas-poullain-et-les-doubles-en-vedette\/\"},\"wordCount\":367,\"commentCount\":0,\"publisher\":{\"@id\":\"https:\/\/dicodusport.fr\/blog\/#organization\"},\"image\":{\"@id\":\"https:\/\/dicodusport.fr\/blog\/circuit-itf-lucas-poullain-et-les-doubles-en-vedette\/#primaryimage\"},\"thumbnailUrl\":\"https:\/\/dicodusport.fr\/blog\/wp-content\/uploads\/2023\/06\/Circuit-ITF-Lucas-Poullain-et-les-doubles-en-vedette.png\",\"keywords\":[\"br\u00e8ve\",\"Cl\u00e9ment Tabur\",\"Tennis fran\u00e7ais\"],\"articleSection\":[\"Tennis\"],\"inLanguage\":\"fr-FR\",\"potentialAction\":[{\"@type\":\"CommentAction\",\"name\":\"Comment\",\"target\":[\"https:\/\/dicodusport.fr\/blog\/circuit-itf-lucas-poullain-et-les-doubles-en-vedette\/#respond\"]}],\"copyrightYear\":\"2023\",\"copyrightHolder\":{\"@id\":\"https:\/\/dicodusport.fr\/blog\/#organization\"}},{\"@type\":\"WebPage\",\"@id\":\"https:\/\/dicodusport.fr\/blog\/circuit-itf-lucas-poullain-et-les-doubles-en-vedette\/\",\"url\":\"https:\/\/dicodusport.fr\/blog\/circuit-itf-lucas-poullain-et-les-doubles-en-vedette\/\",\"name\":\"Circuit ITF : Lucas Poullain et les doubles en vedette\",\"isPartOf\":{\"@id\":\"https:\/\/dicodusport.fr\/blog\/#website\"},\"primaryImageOfPage\":{\"@id\":\"https:\/\/dicodusport.fr\/blog\/circuit-itf-lucas-poullain-et-les-doubles-en-vedette\/#primaryimage\"},\"image\":{\"@id\":\"https:\/\/dicodusport.fr\/blog\/circuit-itf-lucas-poullain-et-les-doubles-en-vedette\/#primaryimage\"},\"thumbnailUrl\":\"https:\/\/dicodusport.fr\/blog\/wp-content\/uploads\/2023\/06\/Circuit-ITF-Lucas-Poullain-et-les-doubles-en-vedette.png\",\"datePublished\":\"2023-06-05T07:52:57+00:00\",\"dateModified\":\"2023-06-05T08:24:32+00:00\",\"description\":\"CIRCUIT ITF TENNIS - Apr\u00e8s un samedi royal, marqu\u00e9 par trois titres, les Bleus sont pass\u00e9s \u00e0 c\u00f4t\u00e9 de leur dimanche, avec un 0\/4 en finales.\u00a0\",\"breadcrumb\":{\"@id\":\"https:\/\/dicodusport.fr\/blog\/circuit-itf-lucas-poullain-et-les-doubles-en-vedette\/#breadcrumb\"},\"inLanguage\":\"fr-FR\",\"potentialAction\":[{\"@type\":\"ReadAction\",\"target\":[\"https:\/\/dicodusport.fr\/blog\/circuit-itf-lucas-poullain-et-les-doubles-en-vedette\/\"]}]},{\"@type\":\"ImageObject\",\"inLanguage\":\"fr-FR\",\"@id\":\"https:\/\/dicodusport.fr\/blog\/circuit-itf-lucas-poullain-et-les-doubles-en-vedette\/#primaryimage\",\"url\":\"https:\/\/dicodusport.fr\/blog\/wp-content\/uploads\/2023\/06\/Circuit-ITF-Lucas-Poullain-et-les-doubles-en-vedette.png\",\"contentUrl\":\"https:\/\/dicodusport.fr\/blog\/wp-content\/uploads\/2023\/06\/Circuit-ITF-Lucas-Poullain-et-les-doubles-en-vedette.png\",\"width\":800,\"height\":445,\"caption\":\"Circuit ITF Lucas Poullain et les doubles en vedette\"},{\"@type\":\"BreadcrumbList\",\"@id\":\"https:\/\/dicodusport.fr\/blog\/circuit-itf-lucas-poullain-et-les-doubles-en-vedette\/#breadcrumb\",\"itemListElement\":[{\"@type\":\"ListItem\",\"position\":1,\"name\":\"Accueil\",\"item\":\"https:\/\/dicodusport.fr\/blog\/\"},{\"@type\":\"ListItem\",\"position\":2,\"name\":\"Circuit ITF : Lucas Poullain et les doubles en vedette\"}]},{\"@type\":\"WebSite\",\"@id\":\"https:\/\/dicodusport.fr\/blog\/#website\",\"url\":\"https:\/\/dicodusport.fr\/blog\/\",\"name\":\"Dicodusport\",\"description\":\"L&#039;encyclop\u00e9die de l&#039;actualit\u00e9 sportive\",\"publisher\":{\"@id\":\"https:\/\/dicodusport.fr\/blog\/#organization\"},\"potentialAction\":[{\"@type\":\"SearchAction\",\"target\":{\"@type\":\"EntryPoint\",\"urlTemplate\":\"https:\/\/dicodusport.fr\/blog\/?s={search_term_string}\"},\"query-input\":{\"@type\":\"PropertyValueSpecification\",\"valueRequired\":true,\"valueName\":\"search_term_string\"}}],\"inLanguage\":\"fr-FR\"},{\"@type\":\"NewsMediaOrganization\",\"@id\":\"https:\/\/dicodusport.fr\/blog\/#organization\",\"name\":\"Dicodusport\",\"url\":\"https:\/\/dicodusport.fr\/blog\/\",\"logo\":{\"@type\":\"ImageObject\",\"inLanguage\":\"fr-FR\",\"@id\":\"https:\/\/dicodusport.fr\/blog\/#\/schema\/logo\/image\/\",\"url\":\"https:\/\/dicodusport.fr\/blog\/wp-content\/uploads\/2020\/06\/cropped-LOGO-DICODUSPORT-2020-SANS-FOND-SANS-TEXTE.png\",\"contentUrl\":\"https:\/\/dicodusport.fr\/blog\/wp-content\/uploads\/2020\/06\/cropped-LOGO-DICODUSPORT-2020-SANS-FOND-SANS-TEXTE.png\",\"width\":512,\"height\":512,\"caption\":\"Dicodusport\"},\"image\":{\"@id\":\"https:\/\/dicodusport.fr\/blog\/#\/schema\/logo\/image\/\"},\"sameAs\":[\"https:\/\/www.facebook.com\/dicodusport\",\"https:\/\/x.com\/dicodusport\",\"https:\/\/www.instagram.com\/dicodusport\/\",\"https:\/\/www.youtube.com\/channel\/UC7V2KZ5sd3htJivAbA4ZG3w\"],\"description\":\"Dicodusport est l'encyclop\u00e9die de l'actualit\u00e9 sportive.\",\"email\":\"bonjour@dicodusport.fr\",\"legalName\":\"DICODUSPORT\",\"foundingDate\":\"2018-01-14\",\"vatID\":\"FR71834470973\",\"taxID\":\"83447097300043\",\"numberOfEmployees\":{\"@type\":\"QuantitativeValue\",\"minValue\":\"1\",\"maxValue\":\"10\"}},{\"@type\":\"Person\",\"@id\":\"https:\/\/dicodusport.fr\/blog\/#\/schema\/person\/627966a6cde45dbd8c5e36ac85d783da\",\"name\":\"S\u00e9bastien Gente\",\"image\":{\"@type\":\"ImageObject\",\"inLanguage\":\"fr-FR\",\"@id\":\"https:\/\/dicodusport.fr\/blog\/#\/schema\/person\/image\/\",\"url\":\"https:\/\/dicodusport.fr\/blog\/wp-content\/uploads\/2021\/09\/1510990_10205810251400683_4124423575079401707_n-150x150.jpg\",\"contentUrl\":\"https:\/\/dicodusport.fr\/blog\/wp-content\/uploads\/2021\/09\/1510990_10205810251400683_4124423575079401707_n-150x150.jpg\",\"caption\":\"S\u00e9bastien Gente\"},\"description\":\"John Stockton, Gianni Bugno, Zinedine Zidane, Steffi Graf, Frode Andresen, St\u00e9phane Stoecklin, Davis Kamoga, Primoz Peterka, Werner Schlager et Aur\u00e9lien Rougerie. Point commun entre ces sportifs? Ils m'ont fait r\u00eaver et ont berc\u00e9 mon adolescence. Je suis un fondu de sports et j'essaie de retranscrire ma passion \u00e0 travers mes articles. Originaire du P\u00e9rigord, ma passion pour les Girondins, les Jaunards et les Jazzmen transpire dans mes \u00e9crits. \u00c0 Dicodusport depuis 2021, je d\u00e9niche les sports m\u00e9connus dans lesquels la France brille, et il y en a !\",\"sameAs\":[\"https:\/\/www.facebook.com\/sebastien.gente\/\",\"https:\/\/www.instagram.com\/sebgente\/\",\"https:\/\/www.linkedin.com\/in\/sbastien-gente-a29583169\/\",\"https:\/\/x.com\/https:\/\/twitter.com\/globulo24\",\"SebastienGente\"],\"worksFor\":\"S\u00e9bastien GENTE\",\"url\":\"https:\/\/dicodusport.fr\/blog\/author\/sebastiengente\/\"}]}<\/script>\n<!-- \/ Yoast SEO Premium plugin. -->","yoast_head_json":{"title":"Circuit ITF : Lucas Poullain et les doubles en vedette","description":"CIRCUIT ITF TENNIS - Apr\u00e8s un samedi royal, marqu\u00e9 par trois titres, les Bleus sont pass\u00e9s \u00e0 c\u00f4t\u00e9 de leur dimanche, avec un 0\/4 en finales.\u00a0","robots":{"index":"index","follow":"follow","max-snippet":"max-snippet:-1","max-image-preview":"max-image-preview:large","max-video-preview":"max-video-preview:-1"},"canonical":"https:\/\/dicodusport.fr\/blog\/circuit-itf-lucas-poullain-et-les-doubles-en-vedette\/","og_locale":"fr_FR","og_type":"article","og_title":"Circuit ITF : Lucas Poullain et les doubles en vedette","og_description":"CIRCUIT ITF TENNIS - Apr\u00e8s un samedi royal, marqu\u00e9 par trois titres, les Bleus sont pass\u00e9s \u00e0 c\u00f4t\u00e9 de leur dimanche, avec un 0\/4 en finales.\u00a0","og_url":"https:\/\/dicodusport.fr\/blog\/circuit-itf-lucas-poullain-et-les-doubles-en-vedette\/","og_site_name":"Dicodusport","article_publisher":"https:\/\/www.facebook.com\/dicodusport","article_author":"https:\/\/www.facebook.com\/sebastien.gente\/","article_published_time":"2023-06-05T07:52:57+00:00","article_modified_time":"2023-06-05T08:24:32+00:00","og_image":[{"width":800,"height":445,"url":"https:\/\/dicodusport.fr\/blog\/wp-content\/uploads\/2023\/06\/Circuit-ITF-Lucas-Poullain-et-les-doubles-en-vedette.png","type":"image\/png"}],"author":"S\u00e9bastien Gente","twitter_card":"summary_large_image","twitter_title":"Circuit ITF : Lucas Poullain et les doubles en vedette","twitter_creator":"@https:\/\/twitter.com\/globulo24","twitter_site":"@dicodusport","schema":{"@context":"https:\/\/schema.org","@graph":[{"@type":"NewsArticle","@id":"https:\/\/dicodusport.fr\/blog\/circuit-itf-lucas-poullain-et-les-doubles-en-vedette\/#article","isPartOf":{"@id":"https:\/\/dicodusport.fr\/blog\/circuit-itf-lucas-poullain-et-les-doubles-en-vedette\/"},"author":{"name":"S\u00e9bastien Gente","@id":"https:\/\/dicodusport.fr\/blog\/#\/schema\/person\/627966a6cde45dbd8c5e36ac85d783da"},"headline":"Circuit ITF : Lucas Poullain et les doubles en vedette","datePublished":"2023-06-05T07:52:57+00:00","dateModified":"2023-06-05T08:24:32+00:00","mainEntityOfPage":{"@id":"https:\/\/dicodusport.fr\/blog\/circuit-itf-lucas-poullain-et-les-doubles-en-vedette\/"},"wordCount":367,"commentCount":0,"publisher":{"@id":"https:\/\/dicodusport.fr\/blog\/#organization"},"image":{"@id":"https:\/\/dicodusport.fr\/blog\/circuit-itf-lucas-poullain-et-les-doubles-en-vedette\/#primaryimage"},"thumbnailUrl":"https:\/\/dicodusport.fr\/blog\/wp-content\/uploads\/2023\/06\/Circuit-ITF-Lucas-Poullain-et-les-doubles-en-vedette.png","keywords":["br\u00e8ve","Cl\u00e9ment Tabur","Tennis fran\u00e7ais"],"articleSection":["Tennis"],"inLanguage":"fr-FR","potentialAction":[{"@type":"CommentAction","name":"Comment","target":["https:\/\/dicodusport.fr\/blog\/circuit-itf-lucas-poullain-et-les-doubles-en-vedette\/#respond"]}],"copyrightYear":"2023","copyrightHolder":{"@id":"https:\/\/dicodusport.fr\/blog\/#organization"}},{"@type":"WebPage","@id":"https:\/\/dicodusport.fr\/blog\/circuit-itf-lucas-poullain-et-les-doubles-en-vedette\/","url":"https:\/\/dicodusport.fr\/blog\/circuit-itf-lucas-poullain-et-les-doubles-en-vedette\/","name":"Circuit ITF : Lucas Poullain et les doubles en vedette","isPartOf":{"@id":"https:\/\/dicodusport.fr\/blog\/#website"},"primaryImageOfPage":{"@id":"https:\/\/dicodusport.fr\/blog\/circuit-itf-lucas-poullain-et-les-doubles-en-vedette\/#primaryimage"},"image":{"@id":"https:\/\/dicodusport.fr\/blog\/circuit-itf-lucas-poullain-et-les-doubles-en-vedette\/#primaryimage"},"thumbnailUrl":"https:\/\/dicodusport.fr\/blog\/wp-content\/uploads\/2023\/06\/Circuit-ITF-Lucas-Poullain-et-les-doubles-en-vedette.png","datePublished":"2023-06-05T07:52:57+00:00","dateModified":"2023-06-05T08:24:32+00:00","description":"CIRCUIT ITF TENNIS - Apr\u00e8s un samedi royal, marqu\u00e9 par trois titres, les Bleus sont pass\u00e9s \u00e0 c\u00f4t\u00e9 de leur dimanche, avec un 0\/4 en finales.\u00a0","breadcrumb":{"@id":"https:\/\/dicodusport.fr\/blog\/circuit-itf-lucas-poullain-et-les-doubles-en-vedette\/#breadcrumb"},"inLanguage":"fr-FR","potentialAction":[{"@type":"ReadAction","target":["https:\/\/dicodusport.fr\/blog\/circuit-itf-lucas-poullain-et-les-doubles-en-vedette\/"]}]},{"@type":"ImageObject","inLanguage":"fr-FR","@id":"https:\/\/dicodusport.fr\/blog\/circuit-itf-lucas-poullain-et-les-doubles-en-vedette\/#primaryimage","url":"https:\/\/dicodusport.fr\/blog\/wp-content\/uploads\/2023\/06\/Circuit-ITF-Lucas-Poullain-et-les-doubles-en-vedette.png","contentUrl":"https:\/\/dicodusport.fr\/blog\/wp-content\/uploads\/2023\/06\/Circuit-ITF-Lucas-Poullain-et-les-doubles-en-vedette.png","width":800,"height":445,"caption":"Circuit ITF Lucas Poullain et les doubles en vedette"},{"@type":"BreadcrumbList","@id":"https:\/\/dicodusport.fr\/blog\/circuit-itf-lucas-poullain-et-les-doubles-en-vedette\/#breadcrumb","itemListElement":[{"@type":"ListItem","position":1,"name":"Accueil","item":"https:\/\/dicodusport.fr\/blog\/"},{"@type":"ListItem","position":2,"name":"Circuit ITF : Lucas Poullain et les doubles en vedette"}]},{"@type":"WebSite","@id":"https:\/\/dicodusport.fr\/blog\/#website","url":"https:\/\/dicodusport.fr\/blog\/","name":"Dicodusport","description":"L&#039;encyclop\u00e9die de l&#039;actualit\u00e9 sportive","publisher":{"@id":"https:\/\/dicodusport.fr\/blog\/#organization"},"potentialAction":[{"@type":"SearchAction","target":{"@type":"EntryPoint","urlTemplate":"https:\/\/dicodusport.fr\/blog\/?s={search_term_string}"},"query-input":{"@type":"PropertyValueSpecification","valueRequired":true,"valueName":"search_term_string"}}],"inLanguage":"fr-FR"},{"@type":"NewsMediaOrganization","@id":"https:\/\/dicodusport.fr\/blog\/#organization","name":"Dicodusport","url":"https:\/\/dicodusport.fr\/blog\/","logo":{"@type":"ImageObject","inLanguage":"fr-FR","@id":"https:\/\/dicodusport.fr\/blog\/#\/schema\/logo\/image\/","url":"https:\/\/dicodusport.fr\/blog\/wp-content\/uploads\/2020\/06\/cropped-LOGO-DICODUSPORT-2020-SANS-FOND-SANS-TEXTE.png","contentUrl":"https:\/\/dicodusport.fr\/blog\/wp-content\/uploads\/2020\/06\/cropped-LOGO-DICODUSPORT-2020-SANS-FOND-SANS-TEXTE.png","width":512,"height":512,"caption":"Dicodusport"},"image":{"@id":"https:\/\/dicodusport.fr\/blog\/#\/schema\/logo\/image\/"},"sameAs":["https:\/\/www.facebook.com\/dicodusport","https:\/\/x.com\/dicodusport","https:\/\/www.instagram.com\/dicodusport\/","https:\/\/www.youtube.com\/channel\/UC7V2KZ5sd3htJivAbA4ZG3w"],"description":"Dicodusport est l'encyclop\u00e9die de l'actualit\u00e9 sportive.","email":"bonjour@dicodusport.fr","legalName":"DICODUSPORT","foundingDate":"2018-01-14","vatID":"FR71834470973","taxID":"83447097300043","numberOfEmployees":{"@type":"QuantitativeValue","minValue":"1","maxValue":"10"}},{"@type":"Person","@id":"https:\/\/dicodusport.fr\/blog\/#\/schema\/person\/627966a6cde45dbd8c5e36ac85d783da","name":"S\u00e9bastien Gente","image":{"@type":"ImageObject","inLanguage":"fr-FR","@id":"https:\/\/dicodusport.fr\/blog\/#\/schema\/person\/image\/","url":"https:\/\/dicodusport.fr\/blog\/wp-content\/uploads\/2021\/09\/1510990_10205810251400683_4124423575079401707_n-150x150.jpg","contentUrl":"https:\/\/dicodusport.fr\/blog\/wp-content\/uploads\/2021\/09\/1510990_10205810251400683_4124423575079401707_n-150x150.jpg","caption":"S\u00e9bastien Gente"},"description":"John Stockton, Gianni Bugno, Zinedine Zidane, Steffi Graf, Frode Andresen, St\u00e9phane Stoecklin, Davis Kamoga, Primoz Peterka, Werner Schlager et Aur\u00e9lien Rougerie. Point commun entre ces sportifs? Ils m'ont fait r\u00eaver et ont berc\u00e9 mon adolescence. Je suis un fondu de sports et j'essaie de retranscrire ma passion \u00e0 travers mes articles. Originaire du P\u00e9rigord, ma passion pour les Girondins, les Jaunards et les Jazzmen transpire dans mes \u00e9crits. \u00c0 Dicodusport depuis 2021, je d\u00e9niche les sports m\u00e9connus dans lesquels la France brille, et il y en a !","sameAs":["https:\/\/www.facebook.com\/sebastien.gente\/","https:\/\/www.instagram.com\/sebgente\/","https:\/\/www.linkedin.com\/in\/sbastien-gente-a29583169\/","https:\/\/x.com\/https:\/\/twitter.com\/globulo24","SebastienGente"],"worksFor":"S\u00e9bastien GENTE","url":"https:\/\/dicodusport.fr\/blog\/author\/sebastiengente\/"}]}},"_links":{"self":[{"href":"https:\/\/dicodusport.fr\/blog\/wp-json\/wp\/v2\/posts\/388046","targetHints":{"allow":["GET"]}}],"collection":[{"href":"https:\/\/dicodusport.fr\/blog\/wp-json\/wp\/v2\/posts"}],"about":[{"href":"https:\/\/dicodusport.fr\/blog\/wp-json\/wp\/v2\/types\/post"}],"author":[{"embeddable":true,"href":"https:\/\/dicodusport.fr\/blog\/wp-json\/wp\/v2\/users\/59"}],"replies":[{"embeddable":true,"href":"https:\/\/dicodusport.fr\/blog\/wp-json\/wp\/v2\/comments?post=388046"}],"version-history":[{"count":0,"href":"https:\/\/dicodusport.fr\/blog\/wp-json\/wp\/v2\/posts\/388046\/revisions"}],"wp:featuredmedia":[{"embeddable":true,"href":"https:\/\/dicodusport.fr\/blog\/wp-json\/wp\/v2\/media\/388445"}],"wp:attachment":[{"href":"https:\/\/dicodusport.fr\/blog\/wp-json\/wp\/v2\/media?parent=388046"}],"wp:term":[{"taxonomy":"category","embeddable":true,"href":"https:\/\/dicodusport.fr\/blog\/wp-json\/wp\/v2\/categories?post=388046"},{"taxonomy":"post_tag","embeddable":true,"href":"https:\/\/dicodusport.fr\/blog\/wp-json\/wp\/v2\/tags?post=388046"}],"curies":[{"name":"wp","href":"https:\/\/api.w.org\/{rel}","templated":true}]}}