{"id":388076,"date":"2023-06-04T12:03:16","date_gmt":"2023-06-04T10:03:16","guid":{"rendered":"https:\/\/dicodusport.fr\/blog\/?p=388076&#038;preview=true&#038;preview_id=388076"},"modified":"2023-06-04T12:45:03","modified_gmt":"2023-06-04T10:45:03","slug":"mercato-karim-benzema-quitte-officiellement-le-real-madrid","status":"publish","type":"post","link":"https:\/\/dicodusport.fr\/blog\/mercato-karim-benzema-quitte-officiellement-le-real-madrid\/","title":{"rendered":"Mercato : Karim Benzema quitte officiellement le Real Madrid"},"content":{"rendered":"<p align=\"justify\"><em><strong>FOOTBALL &#8211; Le Real Madrid a annonc\u00e9 que Karim Benzema allait quitter le club au terme de la saison 2022-2023.\u00a0<\/strong><\/em><\/p>\n<p align=\"justify\">Depuis quelques jours, <a href=\"https:\/\/dicodusport.fr\/blog\/mercato-karim-benzema-va-quitter-le-real-madrid\/\">l&rsquo;avenir de <strong>Karim<\/strong> <strong>Benzema<\/strong><\/a> faisait la une de tous les m\u00e9dias \u00e0 travers le monde. Si l&rsquo;international avait bott\u00e9 en touche en fin de semaine, il va bien quitter le <strong>Real<\/strong> <strong>Madrid<\/strong> en fin de saison. C&rsquo;est dans un long communiqu\u00e9 que le club madril\u00e8ne a annonc\u00e9 le d\u00e9part de sa <strong>l\u00e9gende<\/strong>. Alors qu&rsquo;il est sous contrat pour la saison prochaine, <strong>Florentino<\/strong> <strong>Perez<\/strong> lui fait donc une fleur en le lib\u00e9rant de son engagement pour services rendus.<\/p>\n<p align=\"justify\">Si ce n&rsquo;est pas encore officiel, <strong>Karim<\/strong> <strong>Benzema<\/strong> devrait signer en <strong>Arabie<\/strong> <strong>Saoudite<\/strong> et rejoindre son ancien co\u00e9quipier, <strong>Cristiano<\/strong> <strong>Ronaldo<\/strong>, dans le championnat local. Les deux joueurs seront adversaires, puisque le Fran\u00e7ais va rejoindre <strong>Al-Ittihad<\/strong>, alors que le Portugais \u00e9volue depuis quelques mois avec <strong>Al-Nassr<\/strong>.<\/p>\n<p align=\"justify\">C&rsquo;est donc apr\u00e8s 14 saisons dans l&rsquo;un des plus grands clubs du monde que l&rsquo;attaquant fran\u00e7ais a d\u00e9cid\u00e9 de tourner la page. Sa derni\u00e8re saison aura \u00e9t\u00e9 marqu\u00e9e par un vingt-cinqui\u00e8me titre, m\u00eame s&rsquo;il a \u00e9t\u00e9 emb\u00eat\u00e9 par les blessures ces derniers mois. Le passage et l&#8217;empreinte de <strong>Karim<\/strong> <strong>Benzema<\/strong> au <strong>Real<\/strong> <strong>Madrid<\/strong> resteront comme le plus grand accomplissement pour un footballeur fran\u00e7ais dans un club \u00e9tranger.<\/p>\n<h2 style=\"text-align: justify;\" align=\"justify\">Communiqu\u00e9 du Real Madrid<\/h2>\n<blockquote>\n<p style=\"text-align: justify;\">Le Real Madrid CF et notre capitaine Karim Benzema ont convenu de mettre fin \u00e0 sa brillante et inoubliable p\u00e9riode en tant que joueur de notre club.<\/p>\n<p style=\"text-align: justify;\">Le Real Madrid veut montrer sa gratitude et toute son affection \u00e0 celui qui est d\u00e9j\u00e0 l&rsquo;une de nos plus grandes l\u00e9gendes.<\/p>\n<p style=\"text-align: justify;\">Karim Benzema est arriv\u00e9 dans notre club en 2009, \u00e0 seulement 21 ans, et a \u00e9t\u00e9 un acteur fondamental de cet \u00e2ge d&rsquo;or de notre histoire. Au cours des quatorze saisons au cours desquelles il a d\u00e9fendu notre fanion et notre maillot, il a remport\u00e9 25 titres, un nombre record pour le Real Madrid : 5 Coupes d&rsquo;Europe, 5 Mondiaux des clubs, 4 Super Coupes d&rsquo;Europe, 4 Ligues, 3 Coupes du Roi et 4 SuperCoupes d&rsquo;Espagne.<\/p>\n<p style=\"text-align: justify;\">Karim Benzema est l&rsquo;actuel Ballon d&rsquo;Or et Joueur de l&rsquo;Ann\u00e9e de l&rsquo;UEFA, en plus d&rsquo;avoir \u00e9t\u00e9 int\u00e9gr\u00e9 dans le Onze FIFA FIFPRO et d&rsquo;avoir remport\u00e9 le troph\u00e9e de Pichichi 2022. Des r\u00e9compenses qu&rsquo;il a re\u00e7ues apr\u00e8s l&rsquo;une des saisons les plus extraordinaires de notre histoire, surtout en Ligue des Champions, durant laquelle notre capitaine a r\u00e9ussi des performances m\u00e9morables qui ont permis au Real Madrid de soulever sa quatorzi\u00e8me Coupe d&rsquo;Europe \u00e0 Paris, en terminant meilleur buteur de la comp\u00e9tition avec 15 r\u00e9alisations.<\/p>\n<p style=\"text-align: justify;\">Karim Benzema est le cinqui\u00e8me joueur \u00e0 avoir le plus port\u00e9 notre maillot, avec 647 matchs, mais aussi le deuxi\u00e8me meilleur buteur de l&rsquo;histoire du Real Madrid avec 353 buts. En outre, il est \u00e9galement le second meilleur buteur de l&rsquo;histoire du Real Madrid tant en Liga qu&rsquo;en Coupe d&rsquo;Europe. Enfin, il est le quatri\u00e8me meilleur buteur de l&rsquo;histoire de la Ligue des Champions, tout comme le quatri\u00e8me meilleur buteur de l&rsquo;histoire de la Liga.<\/p>\n<\/blockquote>\n<blockquote class=\"twitter-tweet\">\n<p dir=\"ltr\" lang=\"es\">Comunicado Oficial: Benzema.<a href=\"https:\/\/twitter.com\/hashtag\/RealMadrid?src=hash&amp;ref_src=twsrc%5Etfw\">#RealMadrid<\/a>.<\/p>\n<p>\u2014 Real Madrid C.F. (@realmadrid) <a href=\"https:\/\/twitter.com\/realmadrid\/status\/1665295801424199680?ref_src=twsrc%5Etfw\">June 4, 2023<\/a><\/p><\/blockquote>\n<p><script async src=\"https:\/\/platform.twitter.com\/widgets.js\" charset=\"utf-8\"><\/script><\/p>\n","protected":false},"excerpt":{"rendered":"<p>FOOTBALL &#8211; Le Real Madrid a annonc\u00e9 que Karim Benzema allait quitter le club au terme de la saison 2022-2023.\u00a0<\/p>\n","protected":false},"author":1,"featured_media":388078,"comment_status":"open","ping_status":"closed","sticky":false,"template":"","format":"standard","meta":{"_acf_changed":false,"_daextam_enable_autolinks":"","footnotes":""},"categories":[2301],"tags":[3072,16878,75,4727,521,24],"class_list":["post-388076","post","type-post","status-publish","format-standard","has-post-thumbnail","hentry","category-football","tag-benzema","tag-breve","tag-football","tag-karim-benzema","tag-real-madrid","tag-sport"],"acf":[],"yoast_head":"<!-- This site is optimized with the Yoast SEO Premium plugin v26.7 (Yoast SEO v26.7) - https:\/\/yoast.com\/wordpress\/plugins\/seo\/ -->\n<title>Mercato : Karim Benzema quitte officiellement le Real Madrid<\/title>\n<meta name=\"description\" content=\"FOOTBALL - Le Real Madrid a annonc\u00e9 que Karim Benzema allait quitter le club au terme de la saison 2022-2023.\u00a0\" \/>\n<meta name=\"robots\" content=\"index, follow, max-snippet:-1, max-image-preview:large, max-video-preview:-1\" \/>\n<link rel=\"canonical\" href=\"https:\/\/dicodusport.fr\/blog\/mercato-karim-benzema-quitte-officiellement-le-real-madrid\/\" \/>\n<meta property=\"og:locale\" content=\"fr_FR\" \/>\n<meta property=\"og:type\" content=\"article\" \/>\n<meta property=\"og:title\" content=\"Mercato : Karim Benzema quitte officiellement le Real Madrid\" \/>\n<meta property=\"og:description\" content=\"FOOTBALL - Le Real Madrid a annonc\u00e9 que Karim Benzema allait quitter le club au terme de la saison 2022-2023.\u00a0\" \/>\n<meta property=\"og:url\" content=\"https:\/\/dicodusport.fr\/blog\/mercato-karim-benzema-quitte-officiellement-le-real-madrid\/\" \/>\n<meta property=\"og:site_name\" content=\"Dicodusport\" \/>\n<meta property=\"article:publisher\" content=\"https:\/\/www.facebook.com\/dicodusport\" \/>\n<meta property=\"article:author\" content=\"https:\/\/www.facebook.com\/dicodusport\" \/>\n<meta property=\"article:published_time\" content=\"2023-06-04T10:03:16+00:00\" \/>\n<meta property=\"article:modified_time\" content=\"2023-06-04T10:45:03+00:00\" \/>\n<meta property=\"og:image\" content=\"https:\/\/dicodusport.fr\/blog\/wp-content\/uploads\/2023\/06\/Mercato-Karim-Benzema-quitte-officiellement-le-Real-Madrid.png\" \/>\n\t<meta property=\"og:image:width\" content=\"800\" \/>\n\t<meta property=\"og:image:height\" content=\"445\" \/>\n\t<meta property=\"og:image:type\" content=\"image\/png\" \/>\n<meta name=\"author\" content=\"Nicolas Jacquemard\" \/>\n<meta name=\"twitter:card\" content=\"summary_large_image\" \/>\n<meta name=\"twitter:title\" content=\"Mercato : Karim Benzema quitte officiellement le Real Madrid\" \/>\n<meta name=\"twitter:creator\" content=\"@https:\/\/twitter.com\/Nico_Jacquemard\" \/>\n<meta name=\"twitter:site\" content=\"@dicodusport\" \/>\n<script type=\"application\/ld+json\" class=\"yoast-schema-graph\">{\"@context\":\"https:\/\/schema.org\",\"@graph\":[{\"@type\":\"NewsArticle\",\"@id\":\"https:\/\/dicodusport.fr\/blog\/mercato-karim-benzema-quitte-officiellement-le-real-madrid\/#article\",\"isPartOf\":{\"@id\":\"https:\/\/dicodusport.fr\/blog\/mercato-karim-benzema-quitte-officiellement-le-real-madrid\/\"},\"author\":{\"name\":\"Nicolas Jacquemard\",\"@id\":\"https:\/\/dicodusport.fr\/blog\/#\/schema\/person\/55dcb50ad410894e431ed812bbb70191\"},\"headline\":\"Mercato : Karim Benzema quitte officiellement le Real Madrid\",\"datePublished\":\"2023-06-04T10:03:16+00:00\",\"dateModified\":\"2023-06-04T10:45:03+00:00\",\"mainEntityOfPage\":{\"@id\":\"https:\/\/dicodusport.fr\/blog\/mercato-karim-benzema-quitte-officiellement-le-real-madrid\/\"},\"wordCount\":561,\"commentCount\":0,\"publisher\":{\"@id\":\"https:\/\/dicodusport.fr\/blog\/#organization\"},\"image\":{\"@id\":\"https:\/\/dicodusport.fr\/blog\/mercato-karim-benzema-quitte-officiellement-le-real-madrid\/#primaryimage\"},\"thumbnailUrl\":\"https:\/\/dicodusport.fr\/blog\/wp-content\/uploads\/2023\/06\/Mercato-Karim-Benzema-quitte-officiellement-le-Real-Madrid.png\",\"keywords\":[\"benzema\",\"br\u00e8ve\",\"Football\",\"Karim Benzema\",\"Real Madrid\",\"sport\"],\"articleSection\":[\"Football\"],\"inLanguage\":\"fr-FR\",\"potentialAction\":[{\"@type\":\"CommentAction\",\"name\":\"Comment\",\"target\":[\"https:\/\/dicodusport.fr\/blog\/mercato-karim-benzema-quitte-officiellement-le-real-madrid\/#respond\"]}],\"copyrightYear\":\"2023\",\"copyrightHolder\":{\"@id\":\"https:\/\/dicodusport.fr\/blog\/#organization\"}},{\"@type\":\"WebPage\",\"@id\":\"https:\/\/dicodusport.fr\/blog\/mercato-karim-benzema-quitte-officiellement-le-real-madrid\/\",\"url\":\"https:\/\/dicodusport.fr\/blog\/mercato-karim-benzema-quitte-officiellement-le-real-madrid\/\",\"name\":\"Mercato : Karim Benzema quitte officiellement le Real Madrid\",\"isPartOf\":{\"@id\":\"https:\/\/dicodusport.fr\/blog\/#website\"},\"primaryImageOfPage\":{\"@id\":\"https:\/\/dicodusport.fr\/blog\/mercato-karim-benzema-quitte-officiellement-le-real-madrid\/#primaryimage\"},\"image\":{\"@id\":\"https:\/\/dicodusport.fr\/blog\/mercato-karim-benzema-quitte-officiellement-le-real-madrid\/#primaryimage\"},\"thumbnailUrl\":\"https:\/\/dicodusport.fr\/blog\/wp-content\/uploads\/2023\/06\/Mercato-Karim-Benzema-quitte-officiellement-le-Real-Madrid.png\",\"datePublished\":\"2023-06-04T10:03:16+00:00\",\"dateModified\":\"2023-06-04T10:45:03+00:00\",\"description\":\"FOOTBALL - Le Real Madrid a annonc\u00e9 que Karim Benzema allait quitter le club au terme de la saison 2022-2023.\u00a0\",\"breadcrumb\":{\"@id\":\"https:\/\/dicodusport.fr\/blog\/mercato-karim-benzema-quitte-officiellement-le-real-madrid\/#breadcrumb\"},\"inLanguage\":\"fr-FR\",\"potentialAction\":[{\"@type\":\"ReadAction\",\"target\":[\"https:\/\/dicodusport.fr\/blog\/mercato-karim-benzema-quitte-officiellement-le-real-madrid\/\"]}]},{\"@type\":\"ImageObject\",\"inLanguage\":\"fr-FR\",\"@id\":\"https:\/\/dicodusport.fr\/blog\/mercato-karim-benzema-quitte-officiellement-le-real-madrid\/#primaryimage\",\"url\":\"https:\/\/dicodusport.fr\/blog\/wp-content\/uploads\/2023\/06\/Mercato-Karim-Benzema-quitte-officiellement-le-Real-Madrid.png\",\"contentUrl\":\"https:\/\/dicodusport.fr\/blog\/wp-content\/uploads\/2023\/06\/Mercato-Karim-Benzema-quitte-officiellement-le-Real-Madrid.png\",\"width\":800,\"height\":445},{\"@type\":\"BreadcrumbList\",\"@id\":\"https:\/\/dicodusport.fr\/blog\/mercato-karim-benzema-quitte-officiellement-le-real-madrid\/#breadcrumb\",\"itemListElement\":[{\"@type\":\"ListItem\",\"position\":1,\"name\":\"Accueil\",\"item\":\"https:\/\/dicodusport.fr\/blog\/\"},{\"@type\":\"ListItem\",\"position\":2,\"name\":\"Mercato : Karim Benzema quitte officiellement le Real Madrid\"}]},{\"@type\":\"WebSite\",\"@id\":\"https:\/\/dicodusport.fr\/blog\/#website\",\"url\":\"https:\/\/dicodusport.fr\/blog\/\",\"name\":\"Dicodusport\",\"description\":\"L&#039;encyclop\u00e9die de l&#039;actualit\u00e9 sportive\",\"publisher\":{\"@id\":\"https:\/\/dicodusport.fr\/blog\/#organization\"},\"potentialAction\":[{\"@type\":\"SearchAction\",\"target\":{\"@type\":\"EntryPoint\",\"urlTemplate\":\"https:\/\/dicodusport.fr\/blog\/?s={search_term_string}\"},\"query-input\":{\"@type\":\"PropertyValueSpecification\",\"valueRequired\":true,\"valueName\":\"search_term_string\"}}],\"inLanguage\":\"fr-FR\"},{\"@type\":\"NewsMediaOrganization\",\"@id\":\"https:\/\/dicodusport.fr\/blog\/#organization\",\"name\":\"Dicodusport\",\"url\":\"https:\/\/dicodusport.fr\/blog\/\",\"logo\":{\"@type\":\"ImageObject\",\"inLanguage\":\"fr-FR\",\"@id\":\"https:\/\/dicodusport.fr\/blog\/#\/schema\/logo\/image\/\",\"url\":\"https:\/\/dicodusport.fr\/blog\/wp-content\/uploads\/2020\/06\/cropped-LOGO-DICODUSPORT-2020-SANS-FOND-SANS-TEXTE.png\",\"contentUrl\":\"https:\/\/dicodusport.fr\/blog\/wp-content\/uploads\/2020\/06\/cropped-LOGO-DICODUSPORT-2020-SANS-FOND-SANS-TEXTE.png\",\"width\":512,\"height\":512,\"caption\":\"Dicodusport\"},\"image\":{\"@id\":\"https:\/\/dicodusport.fr\/blog\/#\/schema\/logo\/image\/\"},\"sameAs\":[\"https:\/\/www.facebook.com\/dicodusport\",\"https:\/\/x.com\/dicodusport\",\"https:\/\/www.instagram.com\/dicodusport\/\",\"https:\/\/www.youtube.com\/channel\/UC7V2KZ5sd3htJivAbA4ZG3w\"],\"description\":\"Dicodusport est l'encyclop\u00e9die de l'actualit\u00e9 sportive.\",\"email\":\"bonjour@dicodusport.fr\",\"legalName\":\"DICODUSPORT\",\"foundingDate\":\"2018-01-14\",\"vatID\":\"FR71834470973\",\"taxID\":\"83447097300043\",\"numberOfEmployees\":{\"@type\":\"QuantitativeValue\",\"minValue\":\"1\",\"maxValue\":\"10\"}},{\"@type\":\"Person\",\"@id\":\"https:\/\/dicodusport.fr\/blog\/#\/schema\/person\/55dcb50ad410894e431ed812bbb70191\",\"name\":\"Nicolas Jacquemard\",\"image\":{\"@type\":\"ImageObject\",\"inLanguage\":\"fr-FR\",\"@id\":\"https:\/\/dicodusport.fr\/blog\/#\/schema\/person\/image\/\",\"url\":\"https:\/\/dicodusport.fr\/blog\/wp-content\/uploads\/2021\/05\/Nicolas-Jacquemard-150x150.jpeg\",\"contentUrl\":\"https:\/\/dicodusport.fr\/blog\/wp-content\/uploads\/2021\/05\/Nicolas-Jacquemard-150x150.jpeg\",\"caption\":\"Nicolas Jacquemard\"},\"description\":\"Passionn\u00e9 de sport et entrepreneur depuis mes 18 ans, la cr\u00e9ation de Dicodusport m'a sembl\u00e9 \u00e9vidente pour participer \u00e0 la m\u00e9diatisation d'un plus grand nombre de sports. Le chemin est long mais avec une \u00e9quipe des plus motiv\u00e9es et les Jeux Olympiques de Paris 2024 en point de mire, nous y arriverons ! Journaliste dans le monde du sport depuis plus de 5 ans, je traite aussi bien de football, de rugby, de biathlon que de cyclisme.\",\"sameAs\":[\"https:\/\/www.facebook.com\/dicodusport\",\"https:\/\/x.com\/https:\/\/twitter.com\/Nico_Jacquemard\"],\"url\":\"https:\/\/dicodusport.fr\/blog\/author\/dicodusport\/\"}]}<\/script>\n<!-- \/ Yoast SEO Premium plugin. -->","yoast_head_json":{"title":"Mercato : Karim Benzema quitte officiellement le Real Madrid","description":"FOOTBALL - Le Real Madrid a annonc\u00e9 que Karim Benzema allait quitter le club au terme de la saison 2022-2023.\u00a0","robots":{"index":"index","follow":"follow","max-snippet":"max-snippet:-1","max-image-preview":"max-image-preview:large","max-video-preview":"max-video-preview:-1"},"canonical":"https:\/\/dicodusport.fr\/blog\/mercato-karim-benzema-quitte-officiellement-le-real-madrid\/","og_locale":"fr_FR","og_type":"article","og_title":"Mercato : Karim Benzema quitte officiellement le Real Madrid","og_description":"FOOTBALL - Le Real Madrid a annonc\u00e9 que Karim Benzema allait quitter le club au terme de la saison 2022-2023.\u00a0","og_url":"https:\/\/dicodusport.fr\/blog\/mercato-karim-benzema-quitte-officiellement-le-real-madrid\/","og_site_name":"Dicodusport","article_publisher":"https:\/\/www.facebook.com\/dicodusport","article_author":"https:\/\/www.facebook.com\/dicodusport","article_published_time":"2023-06-04T10:03:16+00:00","article_modified_time":"2023-06-04T10:45:03+00:00","og_image":[{"width":800,"height":445,"url":"https:\/\/dicodusport.fr\/blog\/wp-content\/uploads\/2023\/06\/Mercato-Karim-Benzema-quitte-officiellement-le-Real-Madrid.png","type":"image\/png"}],"author":"Nicolas Jacquemard","twitter_card":"summary_large_image","twitter_title":"Mercato : Karim Benzema quitte officiellement le Real Madrid","twitter_creator":"@https:\/\/twitter.com\/Nico_Jacquemard","twitter_site":"@dicodusport","schema":{"@context":"https:\/\/schema.org","@graph":[{"@type":"NewsArticle","@id":"https:\/\/dicodusport.fr\/blog\/mercato-karim-benzema-quitte-officiellement-le-real-madrid\/#article","isPartOf":{"@id":"https:\/\/dicodusport.fr\/blog\/mercato-karim-benzema-quitte-officiellement-le-real-madrid\/"},"author":{"name":"Nicolas Jacquemard","@id":"https:\/\/dicodusport.fr\/blog\/#\/schema\/person\/55dcb50ad410894e431ed812bbb70191"},"headline":"Mercato : Karim Benzema quitte officiellement le Real Madrid","datePublished":"2023-06-04T10:03:16+00:00","dateModified":"2023-06-04T10:45:03+00:00","mainEntityOfPage":{"@id":"https:\/\/dicodusport.fr\/blog\/mercato-karim-benzema-quitte-officiellement-le-real-madrid\/"},"wordCount":561,"commentCount":0,"publisher":{"@id":"https:\/\/dicodusport.fr\/blog\/#organization"},"image":{"@id":"https:\/\/dicodusport.fr\/blog\/mercato-karim-benzema-quitte-officiellement-le-real-madrid\/#primaryimage"},"thumbnailUrl":"https:\/\/dicodusport.fr\/blog\/wp-content\/uploads\/2023\/06\/Mercato-Karim-Benzema-quitte-officiellement-le-Real-Madrid.png","keywords":["benzema","br\u00e8ve","Football","Karim Benzema","Real Madrid","sport"],"articleSection":["Football"],"inLanguage":"fr-FR","potentialAction":[{"@type":"CommentAction","name":"Comment","target":["https:\/\/dicodusport.fr\/blog\/mercato-karim-benzema-quitte-officiellement-le-real-madrid\/#respond"]}],"copyrightYear":"2023","copyrightHolder":{"@id":"https:\/\/dicodusport.fr\/blog\/#organization"}},{"@type":"WebPage","@id":"https:\/\/dicodusport.fr\/blog\/mercato-karim-benzema-quitte-officiellement-le-real-madrid\/","url":"https:\/\/dicodusport.fr\/blog\/mercato-karim-benzema-quitte-officiellement-le-real-madrid\/","name":"Mercato : Karim Benzema quitte officiellement le Real Madrid","isPartOf":{"@id":"https:\/\/dicodusport.fr\/blog\/#website"},"primaryImageOfPage":{"@id":"https:\/\/dicodusport.fr\/blog\/mercato-karim-benzema-quitte-officiellement-le-real-madrid\/#primaryimage"},"image":{"@id":"https:\/\/dicodusport.fr\/blog\/mercato-karim-benzema-quitte-officiellement-le-real-madrid\/#primaryimage"},"thumbnailUrl":"https:\/\/dicodusport.fr\/blog\/wp-content\/uploads\/2023\/06\/Mercato-Karim-Benzema-quitte-officiellement-le-Real-Madrid.png","datePublished":"2023-06-04T10:03:16+00:00","dateModified":"2023-06-04T10:45:03+00:00","description":"FOOTBALL - Le Real Madrid a annonc\u00e9 que Karim Benzema allait quitter le club au terme de la saison 2022-2023.\u00a0","breadcrumb":{"@id":"https:\/\/dicodusport.fr\/blog\/mercato-karim-benzema-quitte-officiellement-le-real-madrid\/#breadcrumb"},"inLanguage":"fr-FR","potentialAction":[{"@type":"ReadAction","target":["https:\/\/dicodusport.fr\/blog\/mercato-karim-benzema-quitte-officiellement-le-real-madrid\/"]}]},{"@type":"ImageObject","inLanguage":"fr-FR","@id":"https:\/\/dicodusport.fr\/blog\/mercato-karim-benzema-quitte-officiellement-le-real-madrid\/#primaryimage","url":"https:\/\/dicodusport.fr\/blog\/wp-content\/uploads\/2023\/06\/Mercato-Karim-Benzema-quitte-officiellement-le-Real-Madrid.png","contentUrl":"https:\/\/dicodusport.fr\/blog\/wp-content\/uploads\/2023\/06\/Mercato-Karim-Benzema-quitte-officiellement-le-Real-Madrid.png","width":800,"height":445},{"@type":"BreadcrumbList","@id":"https:\/\/dicodusport.fr\/blog\/mercato-karim-benzema-quitte-officiellement-le-real-madrid\/#breadcrumb","itemListElement":[{"@type":"ListItem","position":1,"name":"Accueil","item":"https:\/\/dicodusport.fr\/blog\/"},{"@type":"ListItem","position":2,"name":"Mercato : Karim Benzema quitte officiellement le Real Madrid"}]},{"@type":"WebSite","@id":"https:\/\/dicodusport.fr\/blog\/#website","url":"https:\/\/dicodusport.fr\/blog\/","name":"Dicodusport","description":"L&#039;encyclop\u00e9die de l&#039;actualit\u00e9 sportive","publisher":{"@id":"https:\/\/dicodusport.fr\/blog\/#organization"},"potentialAction":[{"@type":"SearchAction","target":{"@type":"EntryPoint","urlTemplate":"https:\/\/dicodusport.fr\/blog\/?s={search_term_string}"},"query-input":{"@type":"PropertyValueSpecification","valueRequired":true,"valueName":"search_term_string"}}],"inLanguage":"fr-FR"},{"@type":"NewsMediaOrganization","@id":"https:\/\/dicodusport.fr\/blog\/#organization","name":"Dicodusport","url":"https:\/\/dicodusport.fr\/blog\/","logo":{"@type":"ImageObject","inLanguage":"fr-FR","@id":"https:\/\/dicodusport.fr\/blog\/#\/schema\/logo\/image\/","url":"https:\/\/dicodusport.fr\/blog\/wp-content\/uploads\/2020\/06\/cropped-LOGO-DICODUSPORT-2020-SANS-FOND-SANS-TEXTE.png","contentUrl":"https:\/\/dicodusport.fr\/blog\/wp-content\/uploads\/2020\/06\/cropped-LOGO-DICODUSPORT-2020-SANS-FOND-SANS-TEXTE.png","width":512,"height":512,"caption":"Dicodusport"},"image":{"@id":"https:\/\/dicodusport.fr\/blog\/#\/schema\/logo\/image\/"},"sameAs":["https:\/\/www.facebook.com\/dicodusport","https:\/\/x.com\/dicodusport","https:\/\/www.instagram.com\/dicodusport\/","https:\/\/www.youtube.com\/channel\/UC7V2KZ5sd3htJivAbA4ZG3w"],"description":"Dicodusport est l'encyclop\u00e9die de l'actualit\u00e9 sportive.","email":"bonjour@dicodusport.fr","legalName":"DICODUSPORT","foundingDate":"2018-01-14","vatID":"FR71834470973","taxID":"83447097300043","numberOfEmployees":{"@type":"QuantitativeValue","minValue":"1","maxValue":"10"}},{"@type":"Person","@id":"https:\/\/dicodusport.fr\/blog\/#\/schema\/person\/55dcb50ad410894e431ed812bbb70191","name":"Nicolas Jacquemard","image":{"@type":"ImageObject","inLanguage":"fr-FR","@id":"https:\/\/dicodusport.fr\/blog\/#\/schema\/person\/image\/","url":"https:\/\/dicodusport.fr\/blog\/wp-content\/uploads\/2021\/05\/Nicolas-Jacquemard-150x150.jpeg","contentUrl":"https:\/\/dicodusport.fr\/blog\/wp-content\/uploads\/2021\/05\/Nicolas-Jacquemard-150x150.jpeg","caption":"Nicolas Jacquemard"},"description":"Passionn\u00e9 de sport et entrepreneur depuis mes 18 ans, la cr\u00e9ation de Dicodusport m'a sembl\u00e9 \u00e9vidente pour participer \u00e0 la m\u00e9diatisation d'un plus grand nombre de sports. Le chemin est long mais avec une \u00e9quipe des plus motiv\u00e9es et les Jeux Olympiques de Paris 2024 en point de mire, nous y arriverons ! Journaliste dans le monde du sport depuis plus de 5 ans, je traite aussi bien de football, de rugby, de biathlon que de cyclisme.","sameAs":["https:\/\/www.facebook.com\/dicodusport","https:\/\/x.com\/https:\/\/twitter.com\/Nico_Jacquemard"],"url":"https:\/\/dicodusport.fr\/blog\/author\/dicodusport\/"}]}},"_links":{"self":[{"href":"https:\/\/dicodusport.fr\/blog\/wp-json\/wp\/v2\/posts\/388076","targetHints":{"allow":["GET"]}}],"collection":[{"href":"https:\/\/dicodusport.fr\/blog\/wp-json\/wp\/v2\/posts"}],"about":[{"href":"https:\/\/dicodusport.fr\/blog\/wp-json\/wp\/v2\/types\/post"}],"author":[{"embeddable":true,"href":"https:\/\/dicodusport.fr\/blog\/wp-json\/wp\/v2\/users\/1"}],"replies":[{"embeddable":true,"href":"https:\/\/dicodusport.fr\/blog\/wp-json\/wp\/v2\/comments?post=388076"}],"version-history":[{"count":0,"href":"https:\/\/dicodusport.fr\/blog\/wp-json\/wp\/v2\/posts\/388076\/revisions"}],"wp:featuredmedia":[{"embeddable":true,"href":"https:\/\/dicodusport.fr\/blog\/wp-json\/wp\/v2\/media\/388078"}],"wp:attachment":[{"href":"https:\/\/dicodusport.fr\/blog\/wp-json\/wp\/v2\/media?parent=388076"}],"wp:term":[{"taxonomy":"category","embeddable":true,"href":"https:\/\/dicodusport.fr\/blog\/wp-json\/wp\/v2\/categories?post=388076"},{"taxonomy":"post_tag","embeddable":true,"href":"https:\/\/dicodusport.fr\/blog\/wp-json\/wp\/v2\/tags?post=388076"}],"curies":[{"name":"wp","href":"https:\/\/api.w.org\/{rel}","templated":true}]}}