{"id":388373,"date":"2023-06-05T12:41:37","date_gmt":"2023-06-05T10:41:37","guid":{"rendered":"https:\/\/dicodusport.fr\/blog\/?p=388373&#038;preview=true&#038;preview_id=388373"},"modified":"2023-06-13T21:29:02","modified_gmt":"2023-06-13T19:29:02","slug":"betclic-elite-le-portel-devoile-la-moitie-de-son-futur-effectif-en-une-semaine","status":"publish","type":"post","link":"https:\/\/dicodusport.fr\/blog\/betclic-elite-le-portel-devoile-la-moitie-de-son-futur-effectif-en-une-semaine\/","title":{"rendered":"Betclic \u00c9lite : Le Portel d\u00e9voile la moiti\u00e9 de son futur effectif en une semaine"},"content":{"rendered":"<p style=\"text-align: justify;\" align=\"justify\"><a href=\"https:\/\/dicodusport.fr\/blog\/actualites\/basket-ball\/betclic-elite-2022-2023\/\"><i><b>BETCLIC \u00c9LITE <\/b><\/i><em><strong>2023-2024<\/strong><\/em><\/a> <em><b>&#8211; L&rsquo;actualit\u00e9 a \u00e9t\u00e9 riche durant la derni\u00e8re semaine du c\u00f4t\u00e9 du Portel ! L&rsquo;ESSM a tout simplement annonc\u00e9 la signature de cinq joueurs. Entre JFL venus de Pro B et le pari effectu\u00e9 sur deux Am\u00e9ricains en provenance du Portugal, les contours du nouveau roster stelliste prennent forme.<\/b><\/em><\/p>\n<p align=\"justify\">La saison prochaine, <strong>Le Portel<\/strong> va disputer sa huiti\u00e8me campagne cons\u00e9cutive en <strong>Betclic \u00c9lite<\/strong>. Une v\u00e9ritable anomalie pour le petit poucet du 62, qui dispose constamment ou presque de plus petit budget de tout le championnat, mais qui parvient ann\u00e9e apr\u00e8s ann\u00e9e \u00e0 perp\u00e9tuer le miracle. Toutefois, avec trois descentes pr\u00e9vues pour la campagne 2023-2024, l&rsquo;<strong>ESSM<\/strong> devra lutter avec plus d&rsquo;\u00e2pret\u00e9. Au lendemain d&rsquo;une ann\u00e9e d\u00e9but\u00e9e difficilement, mais termin\u00e9e en beaut\u00e9 dans le sillage de l&rsquo;explosion de <strong>Nadir Hifi<\/strong>, l&rsquo;heure est \u00e0 la reconstruction totale.<\/p>\n<h2 style=\"text-align: justify;\" align=\"justify\">Diawara &#8211; F\u00e9vrier &#8211; Vautier, la Pro B \u00e0 l&rsquo;honneur \u00e0 l&rsquo;int\u00e9rieur<\/h2>\n<p align=\"justify\">En effet, l&rsquo;effectif stelliste va conna\u00eetre comme chaque ann\u00e9e des bouleversements majeurs, avec notamment les d\u00e9parts act\u00e9s de ses meilleurs \u00e9l\u00e9ments (Hifi, Nzekwesi, Allen, Mikesell). Pour renouveler son roster, le staff portelois n&rsquo;a pas ch\u00f4m\u00e9, puisque les annonces se sont encha\u00een\u00e9es ces derniers jours. En premier lieu, la base JFL a \u00e9t\u00e9 renforc\u00e9e par les signatures int\u00e9ressantes de trois joueurs ayant domin\u00e9 en Pro B cette saison, exclusivement dans le secteur int\u00e9rieur. En premier lieu, difficile de ne pas citer celui qui a claqu\u00e9 la meilleure \u00e9valuation de la saison, <strong>Bastien Vautier<\/strong>. \u00c0 25 ans, le pivot form\u00e9 au SLUC s&rsquo;est \u00e9panoui au sein du <strong>Lille M\u00e9tropole Basket<\/strong>, qu&rsquo;il a emmen\u00e9 contre toutes attentes en playoffs. Avec <strong>17,1 points et 8 rebonds de moyenne<\/strong>, il sera int\u00e9ressant de voir comment il r\u00e9ussira \u00e0 s&rsquo;acclimater \u00e0 la Betclic Elite.<\/p>\n<p align=\"justify\"><strong>Ivan F\u00e9vrier<\/strong> dispose lui d\u00e9j\u00e0 d&rsquo;une belle exp\u00e9rience en premi\u00e8re division (87 matchs), et a bien roul\u00e9 sa bosse au plus haut niveau tricolore pour un joueur de 24 ans. Reparti en Pro B en 2021 pour b\u00e9n\u00e9ficier de responsabilit\u00e9s accrues, il a su r\u00e9pondre aux attentes, que ce soit \u00e0 Boulazac tout d&rsquo;abord (15,9 points, 6,7 rebonds), puis \u00e0<strong> Vichy-Clermont derni\u00e8rement (14,9 points, 4,8 rebonds)<\/strong>. Poste 4 de m\u00e9tier capable de s&rsquo;\u00e9carter au large, son association avec Vautier s&rsquo;annonce prometteuse sur le papier. Enfin, <strong>Digu\u00e9 Diawara<\/strong> vient compl\u00e9ter ce trident estampill\u00e9 Pro B.<\/p>\n<p align=\"justify\">\u00c0 l&rsquo;image de F\u00e9vrier, l&rsquo;ancien B\u00e9arnais compte lui quatre saisons compl\u00e8tes de Betclic Elite dans les pattes, en sortie de banc. D\u00e9barqu\u00e9 en 2021 \u00e0 <strong>Quimper<\/strong> pour endosser un r\u00f4le de titulaire, il a brill\u00e9 lors de sa derni\u00e8re saison en claquant <strong>16,3 points par match<\/strong> au milieu d&rsquo;une saison collective catastrophique boucl\u00e9e par une rel\u00e9gation en Nationale 1. Il offre donc une solution suppl\u00e9mentaire \u00e0<strong> Eric Girard<\/strong> qui aura de belles associations \u00e0 tenter entre les trois hommes.<\/p>\n<blockquote class=\"twitter-tweet\">\n<p dir=\"ltr\" lang=\"fr\">\ud83c\udf2c\ufe0f \ud835\udc39\ud835\udc5f\ud835\udc5c\ud835\udc5a <a href=\"https:\/\/twitter.com\/BeliersdeKemper?ref_src=twsrc%5Etfw\">@BeliersdeKemper<\/a> \ud835\udc61\ud835\udc5c \ud835\udc73\ud835\udc86 \ud835\udc77\ud835\udc90\ud835\udc93\ud835\udc95\ud835\udc86\ud835\udc8d \ud83c\udf0a<a href=\"https:\/\/twitter.com\/diguediawara?ref_src=twsrc%5Etfw\">@DigueDiawara<\/a> \ud835\udc29\ud835\udc28\ud835\udc2c\ud835\udc1e \ud835\udc2c\ud835\udc1e\ud835\udc2c \ud835\udc2f\ud835\udc1a\ud835\udc25\ud835\udc22\ud835\udc2c\ud835\udc1e\ud835\udc2c \ud835\udc1a\ud835\udc2e <a href=\"https:\/\/twitter.com\/hashtag\/%F0%9D%90%82%F0%9D%90%A1%F0%9D%90%9A%F0%9D%90%AE%F0%9D%90%9D%F0%9D%90%AB%F0%9D%90%A8%F0%9D%90%A7?src=hash&amp;ref_src=twsrc%5Etfw\">#\ud835\udc02\ud835\udc21\ud835\udc1a\ud835\udc2e\ud835\udc1d\ud835\udc2b\ud835\udc28\ud835\udc27<\/a> \ud83d\udd25<\/p>\n<p>Meilleur joueur de Quimper &amp; 7\u00e8me \u00e9val de Pro B cette saison, Digue <a href=\"https:\/\/twitter.com\/hashtag\/Diawara?src=hash&amp;ref_src=twsrc%5Etfw\">#Diawara<\/a> s&rsquo;engage avec l&rsquo;ESSM pour 2 ans.<\/p>\n<p>\ud83d\udcce Plus d&rsquo;infos : <a href=\"https:\/\/t.co\/DFiJ9kvkm7\">https:\/\/t.co\/DFiJ9kvkm7<\/a> <a href=\"https:\/\/t.co\/UoMnNFGiQY\">pic.twitter.com\/UoMnNFGiQY<\/a><\/p>\n<p>\u2014 ESSM Le Portel (@ESSMbasket) <a href=\"https:\/\/twitter.com\/ESSMbasket\/status\/1665033127457062913?ref_src=twsrc%5Etfw\">June 3, 2023<\/a><\/p><\/blockquote>\n<p><script async src=\"https:\/\/platform.twitter.com\/widgets.js\" charset=\"utf-8\"><\/script><\/p>\n<h2 style=\"text-align: justify;\" align=\"justify\">Roberts et Fleming Jr, deux gros paris en provenance du Portugal<\/h2>\n<p align=\"justify\">Ce dimanche, l&rsquo;ESSM a poursuivi sa vague de signatures en annon\u00e7ant deux Am\u00e9ricains totalement inconnus au bataillon : <strong>Anthony Roberts<\/strong> et <strong>Phlandrous Fleming.<\/strong> Et pour cause, les deux hommes \u00e9voluaient ensemble au sein du <strong>Vitoria Guimaraes<\/strong>, 9e du dernier championnat du Portugal. Meneur de jeu explosif et scoreur capable \u00e9galement de se d\u00e9caler \u00e0 l&rsquo;arri\u00e8re, Roberts a termin\u00e9 meilleur scoreur du championnat avec <strong>plus de 22 points de moyenne pour sa premi\u00e8re saison outre-Atlantique<\/strong>. Une performance dans la lign\u00e9e d&rsquo;un cursus universitaire solide au sein de facs anonymes (15 points). Sa mission ne sera pas simple, puisqu&rsquo;il aura la lourde t\u00e2che de reprendre le poste laiss\u00e9 vacant par <strong>Nadir Hifi<\/strong>.<\/p>\n<p align=\"justify\">De son c\u00f4t\u00e9, <strong>Fleming <\/strong>est un v\u00e9ritable couteau-suisse capable de tenir les postes 1 \u00e0 3. Son profil complet laisse entrevoir de belles perspectives. Au Portugal, il reste sur une saison \u00e0 15 points, 6,2 rebonds et 4,4 passes d\u00e9cisives. Mais il sait par ailleurs briller par sa d\u00e9fense, puisqu&rsquo;il a \u00e9t\u00e9 \u00e9lu <strong>\u00e0 deux reprises d\u00e9fenseur de l&rsquo;ann\u00e9e de sa Conf\u00e9rence en NCAA<\/strong>, tout en terminant son cursus par une belle ann\u00e9e avec les Florida Gators. Les deux joueurs pr\u00e9sentent des qualit\u00e9s ind\u00e9niables qu&rsquo;il faudra d\u00e9sormais retranscrire \u00e0 un tout autre niveau. L&rsquo;ESSM aura en tout cas besoin d&rsquo;un apport cons\u00e9quent de leur part, et mise une partie de son avenir sur la r\u00e9ussite de leur association.<\/p>\n<h3 style=\"text-align: justify;\" align=\"justify\">Roster actuel 2023-2024 :<\/h3>\n<p style=\"text-align: justify;\" align=\"justify\"><em><span style=\"text-decoration: underline;\">Postes 1-2-3<\/span> :<\/em> Charles No\u00e9 ABOUO, Phlandrous FLEMING, Kenny KASIAMA(?), Beno\u00eet MANGIN, Anthony ROBERTS.<\/p>\n<p style=\"text-align: justify;\" align=\"justify\"><span style=\"text-decoration: underline;\"><em>Postes 4-5<\/em><\/span> : Digu\u00e9 DIAWARA, Ivan FEVRIER, Bastien VAUTIER.<\/p>\n<blockquote class=\"twitter-tweet\">\n<p dir=\"ltr\" lang=\"fr\">\ud83e\uddf3 \u00ab \ud835\udc68\ud835\udc8f\ud835\udc95\ud835\udc89\ud835\udc90\ud835\udc8f\ud835\udc9a \ud835\udc79\ud835\udc90\ud835\udc83\ud835\udc86\ud835\udc93\ud835\udc95\ud835\udc94 \ud835\udc29\ud835\udc28\ud835\udc2c\ud835\udc1e \ud835\udc2c\ud835\udc1e\ud835\udc2c \ud835\udc2f\ud835\udc1a\ud835\udc25\ud835\udc22\ud835\udc2c\ud835\udc1e\ud835\udc2c \ud835\udc1a\ud835\udc2e <a href=\"https:\/\/twitter.com\/hashtag\/%F0%9D%90%82%F0%9D%90%A1%F0%9D%90%9A%F0%9D%90%AE%F0%9D%90%9D%F0%9D%90%AB%F0%9D%90%A8%F0%9D%90%A7?src=hash&amp;ref_src=twsrc%5Etfw\">#\ud835\udc02\ud835\udc21\ud835\udc1a\ud835\udc2e\ud835\udc1d\ud835\udc2b\ud835\udc28\ud835\udc27<\/a> \u00bb<\/p>\n<p>Mais <a href=\"https:\/\/twitter.com\/AntRob4?ref_src=twsrc%5Etfw\">@AntRob4<\/a> aurait-il amen\u00e9 quelque chose dans ses valises justement ? \ud83e\udd14\ud83d\udcbc <a href=\"https:\/\/t.co\/eIg6Q8MTfO\">https:\/\/t.co\/eIg6Q8MTfO<\/a><\/p>\n<p>\u2014 ESSM Le Portel (@ESSMbasket) <a href=\"https:\/\/twitter.com\/ESSMbasket\/status\/1665379034887335938?ref_src=twsrc%5Etfw\">June 4, 2023<\/a><\/p><\/blockquote>\n<p><script async src=\"https:\/\/platform.twitter.com\/widgets.js\" charset=\"utf-8\"><\/script><\/p>\n<p align=\"justify\">\n","protected":false},"excerpt":{"rendered":"<p>BETCLIC \u00c9LITE 2023-2024 &#8211; L&rsquo;actualit\u00e9 a \u00e9t\u00e9 riche durant la derni\u00e8re semaine du c\u00f4t\u00e9 du Portel ! L&rsquo;ESSM a tout simplement annonc\u00e9 la signature de cinq joueurs. Entre JFL venus de Pro B et le pari effectu\u00e9 sur deux Am\u00e9ricains en provenance du Portugal, les contours du nouveau roster stelliste prennent forme.<\/p>\n","protected":false},"author":55,"featured_media":365447,"comment_status":"open","ping_status":"closed","sticky":false,"template":"","format":"standard","meta":{"_acf_changed":false,"_daextam_enable_autolinks":"","footnotes":""},"categories":[46998],"tags":[17909,16878,19304,16354],"class_list":["post-388373","post","type-post","status-publish","format-standard","has-post-thumbnail","hentry","category-betclic-elite","tag-betclic-elite","tag-breve","tag-essm","tag-le-portel"],"acf":[],"yoast_head":"<!-- This site is optimized with the Yoast SEO Premium plugin v26.7 (Yoast SEO v26.7) - https:\/\/yoast.com\/wordpress\/plugins\/seo\/ -->\n<title>Betclic \u00c9lite : Le Portel d\u00e9voile la moiti\u00e9 de son futur effectif en une semaine<\/title>\n<meta name=\"description\" content=\"BETCLIC \u00c9LITE - En une semaine, l&#039;ESSM Le Portel a officialis\u00e9 les signatures de cinq joueurs pour la saison prochaine.\" \/>\n<meta name=\"robots\" content=\"index, follow, max-snippet:-1, max-image-preview:large, max-video-preview:-1\" \/>\n<link rel=\"canonical\" href=\"https:\/\/dicodusport.fr\/blog\/betclic-elite-le-portel-devoile-la-moitie-de-son-futur-effectif-en-une-semaine\/\" \/>\n<meta property=\"og:locale\" content=\"fr_FR\" \/>\n<meta property=\"og:type\" content=\"article\" \/>\n<meta property=\"og:title\" content=\"Betclic \u00c9lite : Le Portel d\u00e9voile la moiti\u00e9 de son futur effectif en une semaine\" \/>\n<meta property=\"og:description\" content=\"BETCLIC \u00c9LITE - En une semaine, l&#039;ESSM Le Portel a officialis\u00e9 les signatures de cinq joueurs pour la saison prochaine.\" \/>\n<meta property=\"og:url\" content=\"https:\/\/dicodusport.fr\/blog\/betclic-elite-le-portel-devoile-la-moitie-de-son-futur-effectif-en-une-semaine\/\" \/>\n<meta property=\"og:site_name\" content=\"Dicodusport\" \/>\n<meta property=\"article:publisher\" content=\"https:\/\/www.facebook.com\/dicodusport\" \/>\n<meta property=\"article:published_time\" content=\"2023-06-05T10:41:37+00:00\" \/>\n<meta property=\"article:modified_time\" content=\"2023-06-13T19:29:02+00:00\" \/>\n<meta property=\"og:image\" content=\"https:\/\/dicodusport.fr\/blog\/wp-content\/uploads\/2023\/03\/Lille-Metropole-Basket-La-saison-de-tous-les-espoirs.png\" \/>\n\t<meta property=\"og:image:width\" content=\"800\" \/>\n\t<meta property=\"og:image:height\" content=\"445\" \/>\n\t<meta property=\"og:image:type\" content=\"image\/png\" \/>\n<meta name=\"author\" content=\"Maxime Cazenave\" \/>\n<meta name=\"twitter:card\" content=\"summary_large_image\" \/>\n<meta name=\"twitter:title\" content=\"Betclic \u00c9lite : Le Portel d\u00e9voile la moiti\u00e9 de son futur effectif en une semaine\" \/>\n<meta name=\"twitter:creator\" content=\"@https:\/\/twitter.com\/Maxime_Caze\" \/>\n<meta name=\"twitter:site\" content=\"@dicodusport\" \/>\n<script type=\"application\/ld+json\" class=\"yoast-schema-graph\">{\"@context\":\"https:\/\/schema.org\",\"@graph\":[{\"@type\":\"NewsArticle\",\"@id\":\"https:\/\/dicodusport.fr\/blog\/betclic-elite-le-portel-devoile-la-moitie-de-son-futur-effectif-en-une-semaine\/#article\",\"isPartOf\":{\"@id\":\"https:\/\/dicodusport.fr\/blog\/betclic-elite-le-portel-devoile-la-moitie-de-son-futur-effectif-en-une-semaine\/\"},\"author\":{\"name\":\"Maxime Cazenave\",\"@id\":\"https:\/\/dicodusport.fr\/blog\/#\/schema\/person\/37def232098a7a5cbab3974a3690abb0\"},\"headline\":\"Betclic \u00c9lite : Le Portel d\u00e9voile la moiti\u00e9 de son futur effectif en une semaine\",\"datePublished\":\"2023-06-05T10:41:37+00:00\",\"dateModified\":\"2023-06-13T19:29:02+00:00\",\"mainEntityOfPage\":{\"@id\":\"https:\/\/dicodusport.fr\/blog\/betclic-elite-le-portel-devoile-la-moitie-de-son-futur-effectif-en-une-semaine\/\"},\"wordCount\":861,\"commentCount\":0,\"publisher\":{\"@id\":\"https:\/\/dicodusport.fr\/blog\/#organization\"},\"image\":{\"@id\":\"https:\/\/dicodusport.fr\/blog\/betclic-elite-le-portel-devoile-la-moitie-de-son-futur-effectif-en-une-semaine\/#primaryimage\"},\"thumbnailUrl\":\"https:\/\/dicodusport.fr\/blog\/wp-content\/uploads\/2023\/03\/Lille-Metropole-Basket-La-saison-de-tous-les-espoirs.png\",\"keywords\":[\"Betclic Elite\",\"br\u00e8ve\",\"ESSM\",\"Le Portel\"],\"articleSection\":[\"Betclic \u00c9lite\"],\"inLanguage\":\"fr-FR\",\"potentialAction\":[{\"@type\":\"CommentAction\",\"name\":\"Comment\",\"target\":[\"https:\/\/dicodusport.fr\/blog\/betclic-elite-le-portel-devoile-la-moitie-de-son-futur-effectif-en-une-semaine\/#respond\"]}],\"copyrightYear\":\"2023\",\"copyrightHolder\":{\"@id\":\"https:\/\/dicodusport.fr\/blog\/#organization\"}},{\"@type\":\"WebPage\",\"@id\":\"https:\/\/dicodusport.fr\/blog\/betclic-elite-le-portel-devoile-la-moitie-de-son-futur-effectif-en-une-semaine\/\",\"url\":\"https:\/\/dicodusport.fr\/blog\/betclic-elite-le-portel-devoile-la-moitie-de-son-futur-effectif-en-une-semaine\/\",\"name\":\"Betclic \u00c9lite : Le Portel d\u00e9voile la moiti\u00e9 de son futur effectif en une semaine\",\"isPartOf\":{\"@id\":\"https:\/\/dicodusport.fr\/blog\/#website\"},\"primaryImageOfPage\":{\"@id\":\"https:\/\/dicodusport.fr\/blog\/betclic-elite-le-portel-devoile-la-moitie-de-son-futur-effectif-en-une-semaine\/#primaryimage\"},\"image\":{\"@id\":\"https:\/\/dicodusport.fr\/blog\/betclic-elite-le-portel-devoile-la-moitie-de-son-futur-effectif-en-une-semaine\/#primaryimage\"},\"thumbnailUrl\":\"https:\/\/dicodusport.fr\/blog\/wp-content\/uploads\/2023\/03\/Lille-Metropole-Basket-La-saison-de-tous-les-espoirs.png\",\"datePublished\":\"2023-06-05T10:41:37+00:00\",\"dateModified\":\"2023-06-13T19:29:02+00:00\",\"description\":\"BETCLIC \u00c9LITE - En une semaine, l'ESSM Le Portel a officialis\u00e9 les signatures de cinq joueurs pour la saison prochaine.\",\"breadcrumb\":{\"@id\":\"https:\/\/dicodusport.fr\/blog\/betclic-elite-le-portel-devoile-la-moitie-de-son-futur-effectif-en-une-semaine\/#breadcrumb\"},\"inLanguage\":\"fr-FR\",\"potentialAction\":[{\"@type\":\"ReadAction\",\"target\":[\"https:\/\/dicodusport.fr\/blog\/betclic-elite-le-portel-devoile-la-moitie-de-son-futur-effectif-en-une-semaine\/\"]}]},{\"@type\":\"ImageObject\",\"inLanguage\":\"fr-FR\",\"@id\":\"https:\/\/dicodusport.fr\/blog\/betclic-elite-le-portel-devoile-la-moitie-de-son-futur-effectif-en-une-semaine\/#primaryimage\",\"url\":\"https:\/\/dicodusport.fr\/blog\/wp-content\/uploads\/2023\/03\/Lille-Metropole-Basket-La-saison-de-tous-les-espoirs.png\",\"contentUrl\":\"https:\/\/dicodusport.fr\/blog\/wp-content\/uploads\/2023\/03\/Lille-Metropole-Basket-La-saison-de-tous-les-espoirs.png\",\"width\":800,\"height\":445,\"caption\":\"Lille M\u00e9tropole Basket La saison de tous les espoirs\"},{\"@type\":\"BreadcrumbList\",\"@id\":\"https:\/\/dicodusport.fr\/blog\/betclic-elite-le-portel-devoile-la-moitie-de-son-futur-effectif-en-une-semaine\/#breadcrumb\",\"itemListElement\":[{\"@type\":\"ListItem\",\"position\":1,\"name\":\"Accueil\",\"item\":\"https:\/\/dicodusport.fr\/blog\/\"},{\"@type\":\"ListItem\",\"position\":2,\"name\":\"Betclic \u00c9lite : Le Portel d\u00e9voile la moiti\u00e9 de son futur effectif en une semaine\"}]},{\"@type\":\"WebSite\",\"@id\":\"https:\/\/dicodusport.fr\/blog\/#website\",\"url\":\"https:\/\/dicodusport.fr\/blog\/\",\"name\":\"Dicodusport\",\"description\":\"L&#039;encyclop\u00e9die de l&#039;actualit\u00e9 sportive\",\"publisher\":{\"@id\":\"https:\/\/dicodusport.fr\/blog\/#organization\"},\"potentialAction\":[{\"@type\":\"SearchAction\",\"target\":{\"@type\":\"EntryPoint\",\"urlTemplate\":\"https:\/\/dicodusport.fr\/blog\/?s={search_term_string}\"},\"query-input\":{\"@type\":\"PropertyValueSpecification\",\"valueRequired\":true,\"valueName\":\"search_term_string\"}}],\"inLanguage\":\"fr-FR\"},{\"@type\":\"NewsMediaOrganization\",\"@id\":\"https:\/\/dicodusport.fr\/blog\/#organization\",\"name\":\"Dicodusport\",\"url\":\"https:\/\/dicodusport.fr\/blog\/\",\"logo\":{\"@type\":\"ImageObject\",\"inLanguage\":\"fr-FR\",\"@id\":\"https:\/\/dicodusport.fr\/blog\/#\/schema\/logo\/image\/\",\"url\":\"https:\/\/dicodusport.fr\/blog\/wp-content\/uploads\/2020\/06\/cropped-LOGO-DICODUSPORT-2020-SANS-FOND-SANS-TEXTE.png\",\"contentUrl\":\"https:\/\/dicodusport.fr\/blog\/wp-content\/uploads\/2020\/06\/cropped-LOGO-DICODUSPORT-2020-SANS-FOND-SANS-TEXTE.png\",\"width\":512,\"height\":512,\"caption\":\"Dicodusport\"},\"image\":{\"@id\":\"https:\/\/dicodusport.fr\/blog\/#\/schema\/logo\/image\/\"},\"sameAs\":[\"https:\/\/www.facebook.com\/dicodusport\",\"https:\/\/x.com\/dicodusport\",\"https:\/\/www.instagram.com\/dicodusport\/\",\"https:\/\/www.youtube.com\/channel\/UC7V2KZ5sd3htJivAbA4ZG3w\"],\"description\":\"Dicodusport est l'encyclop\u00e9die de l'actualit\u00e9 sportive.\",\"email\":\"bonjour@dicodusport.fr\",\"legalName\":\"DICODUSPORT\",\"foundingDate\":\"2018-01-14\",\"vatID\":\"FR71834470973\",\"taxID\":\"83447097300043\",\"numberOfEmployees\":{\"@type\":\"QuantitativeValue\",\"minValue\":\"1\",\"maxValue\":\"10\"}},{\"@type\":\"Person\",\"@id\":\"https:\/\/dicodusport.fr\/blog\/#\/schema\/person\/37def232098a7a5cbab3974a3690abb0\",\"name\":\"Maxime Cazenave\",\"image\":{\"@type\":\"ImageObject\",\"inLanguage\":\"fr-FR\",\"@id\":\"https:\/\/dicodusport.fr\/blog\/#\/schema\/person\/image\/\",\"url\":\"https:\/\/dicodusport.fr\/blog\/wp-content\/uploads\/2021\/05\/Maxime-Cazenave-150x150.jpg\",\"contentUrl\":\"https:\/\/dicodusport.fr\/blog\/wp-content\/uploads\/2021\/05\/Maxime-Cazenave-150x150.jpg\",\"caption\":\"Maxime Cazenave\"},\"description\":\"Journaliste\/R\u00e9dacteur depuis 2012 - Berc\u00e9 par l\u2019amour des Girondins de Bordeaux, les \u00e9checs de Christophe Moreau sur le Tour de France sous l'\u00e8re Lance Armstrong et le fade-away l\u00e9tal de Dirk Nowitzki, ma passion d\u00e9vorante pour le sport a toujours \u00e9t\u00e9 un pan incontournable de ma vie. Transmettre ma passion \u00e0 l\u2019\u00e9crit a \u00e9t\u00e9 une transition naturelle. Suiveur assidu de basket et de hockey sur glace, je garde toujours un peu de place pour suivre le cyclisme, le football et le maximum de performances fran\u00e7aises.\",\"sameAs\":[\"https:\/\/x.com\/https:\/\/twitter.com\/Maxime_Caze\"],\"url\":\"https:\/\/dicodusport.fr\/blog\/author\/maximec\/\"}]}<\/script>\n<!-- \/ Yoast SEO Premium plugin. -->","yoast_head_json":{"title":"Betclic \u00c9lite : Le Portel d\u00e9voile la moiti\u00e9 de son futur effectif en une semaine","description":"BETCLIC \u00c9LITE - En une semaine, l'ESSM Le Portel a officialis\u00e9 les signatures de cinq joueurs pour la saison prochaine.","robots":{"index":"index","follow":"follow","max-snippet":"max-snippet:-1","max-image-preview":"max-image-preview:large","max-video-preview":"max-video-preview:-1"},"canonical":"https:\/\/dicodusport.fr\/blog\/betclic-elite-le-portel-devoile-la-moitie-de-son-futur-effectif-en-une-semaine\/","og_locale":"fr_FR","og_type":"article","og_title":"Betclic \u00c9lite : Le Portel d\u00e9voile la moiti\u00e9 de son futur effectif en une semaine","og_description":"BETCLIC \u00c9LITE - En une semaine, l'ESSM Le Portel a officialis\u00e9 les signatures de cinq joueurs pour la saison prochaine.","og_url":"https:\/\/dicodusport.fr\/blog\/betclic-elite-le-portel-devoile-la-moitie-de-son-futur-effectif-en-une-semaine\/","og_site_name":"Dicodusport","article_publisher":"https:\/\/www.facebook.com\/dicodusport","article_published_time":"2023-06-05T10:41:37+00:00","article_modified_time":"2023-06-13T19:29:02+00:00","og_image":[{"width":800,"height":445,"url":"https:\/\/dicodusport.fr\/blog\/wp-content\/uploads\/2023\/03\/Lille-Metropole-Basket-La-saison-de-tous-les-espoirs.png","type":"image\/png"}],"author":"Maxime Cazenave","twitter_card":"summary_large_image","twitter_title":"Betclic \u00c9lite : Le Portel d\u00e9voile la moiti\u00e9 de son futur effectif en une semaine","twitter_creator":"@https:\/\/twitter.com\/Maxime_Caze","twitter_site":"@dicodusport","schema":{"@context":"https:\/\/schema.org","@graph":[{"@type":"NewsArticle","@id":"https:\/\/dicodusport.fr\/blog\/betclic-elite-le-portel-devoile-la-moitie-de-son-futur-effectif-en-une-semaine\/#article","isPartOf":{"@id":"https:\/\/dicodusport.fr\/blog\/betclic-elite-le-portel-devoile-la-moitie-de-son-futur-effectif-en-une-semaine\/"},"author":{"name":"Maxime Cazenave","@id":"https:\/\/dicodusport.fr\/blog\/#\/schema\/person\/37def232098a7a5cbab3974a3690abb0"},"headline":"Betclic \u00c9lite : Le Portel d\u00e9voile la moiti\u00e9 de son futur effectif en une semaine","datePublished":"2023-06-05T10:41:37+00:00","dateModified":"2023-06-13T19:29:02+00:00","mainEntityOfPage":{"@id":"https:\/\/dicodusport.fr\/blog\/betclic-elite-le-portel-devoile-la-moitie-de-son-futur-effectif-en-une-semaine\/"},"wordCount":861,"commentCount":0,"publisher":{"@id":"https:\/\/dicodusport.fr\/blog\/#organization"},"image":{"@id":"https:\/\/dicodusport.fr\/blog\/betclic-elite-le-portel-devoile-la-moitie-de-son-futur-effectif-en-une-semaine\/#primaryimage"},"thumbnailUrl":"https:\/\/dicodusport.fr\/blog\/wp-content\/uploads\/2023\/03\/Lille-Metropole-Basket-La-saison-de-tous-les-espoirs.png","keywords":["Betclic Elite","br\u00e8ve","ESSM","Le Portel"],"articleSection":["Betclic \u00c9lite"],"inLanguage":"fr-FR","potentialAction":[{"@type":"CommentAction","name":"Comment","target":["https:\/\/dicodusport.fr\/blog\/betclic-elite-le-portel-devoile-la-moitie-de-son-futur-effectif-en-une-semaine\/#respond"]}],"copyrightYear":"2023","copyrightHolder":{"@id":"https:\/\/dicodusport.fr\/blog\/#organization"}},{"@type":"WebPage","@id":"https:\/\/dicodusport.fr\/blog\/betclic-elite-le-portel-devoile-la-moitie-de-son-futur-effectif-en-une-semaine\/","url":"https:\/\/dicodusport.fr\/blog\/betclic-elite-le-portel-devoile-la-moitie-de-son-futur-effectif-en-une-semaine\/","name":"Betclic \u00c9lite : Le Portel d\u00e9voile la moiti\u00e9 de son futur effectif en une semaine","isPartOf":{"@id":"https:\/\/dicodusport.fr\/blog\/#website"},"primaryImageOfPage":{"@id":"https:\/\/dicodusport.fr\/blog\/betclic-elite-le-portel-devoile-la-moitie-de-son-futur-effectif-en-une-semaine\/#primaryimage"},"image":{"@id":"https:\/\/dicodusport.fr\/blog\/betclic-elite-le-portel-devoile-la-moitie-de-son-futur-effectif-en-une-semaine\/#primaryimage"},"thumbnailUrl":"https:\/\/dicodusport.fr\/blog\/wp-content\/uploads\/2023\/03\/Lille-Metropole-Basket-La-saison-de-tous-les-espoirs.png","datePublished":"2023-06-05T10:41:37+00:00","dateModified":"2023-06-13T19:29:02+00:00","description":"BETCLIC \u00c9LITE - En une semaine, l'ESSM Le Portel a officialis\u00e9 les signatures de cinq joueurs pour la saison prochaine.","breadcrumb":{"@id":"https:\/\/dicodusport.fr\/blog\/betclic-elite-le-portel-devoile-la-moitie-de-son-futur-effectif-en-une-semaine\/#breadcrumb"},"inLanguage":"fr-FR","potentialAction":[{"@type":"ReadAction","target":["https:\/\/dicodusport.fr\/blog\/betclic-elite-le-portel-devoile-la-moitie-de-son-futur-effectif-en-une-semaine\/"]}]},{"@type":"ImageObject","inLanguage":"fr-FR","@id":"https:\/\/dicodusport.fr\/blog\/betclic-elite-le-portel-devoile-la-moitie-de-son-futur-effectif-en-une-semaine\/#primaryimage","url":"https:\/\/dicodusport.fr\/blog\/wp-content\/uploads\/2023\/03\/Lille-Metropole-Basket-La-saison-de-tous-les-espoirs.png","contentUrl":"https:\/\/dicodusport.fr\/blog\/wp-content\/uploads\/2023\/03\/Lille-Metropole-Basket-La-saison-de-tous-les-espoirs.png","width":800,"height":445,"caption":"Lille M\u00e9tropole Basket La saison de tous les espoirs"},{"@type":"BreadcrumbList","@id":"https:\/\/dicodusport.fr\/blog\/betclic-elite-le-portel-devoile-la-moitie-de-son-futur-effectif-en-une-semaine\/#breadcrumb","itemListElement":[{"@type":"ListItem","position":1,"name":"Accueil","item":"https:\/\/dicodusport.fr\/blog\/"},{"@type":"ListItem","position":2,"name":"Betclic \u00c9lite : Le Portel d\u00e9voile la moiti\u00e9 de son futur effectif en une semaine"}]},{"@type":"WebSite","@id":"https:\/\/dicodusport.fr\/blog\/#website","url":"https:\/\/dicodusport.fr\/blog\/","name":"Dicodusport","description":"L&#039;encyclop\u00e9die de l&#039;actualit\u00e9 sportive","publisher":{"@id":"https:\/\/dicodusport.fr\/blog\/#organization"},"potentialAction":[{"@type":"SearchAction","target":{"@type":"EntryPoint","urlTemplate":"https:\/\/dicodusport.fr\/blog\/?s={search_term_string}"},"query-input":{"@type":"PropertyValueSpecification","valueRequired":true,"valueName":"search_term_string"}}],"inLanguage":"fr-FR"},{"@type":"NewsMediaOrganization","@id":"https:\/\/dicodusport.fr\/blog\/#organization","name":"Dicodusport","url":"https:\/\/dicodusport.fr\/blog\/","logo":{"@type":"ImageObject","inLanguage":"fr-FR","@id":"https:\/\/dicodusport.fr\/blog\/#\/schema\/logo\/image\/","url":"https:\/\/dicodusport.fr\/blog\/wp-content\/uploads\/2020\/06\/cropped-LOGO-DICODUSPORT-2020-SANS-FOND-SANS-TEXTE.png","contentUrl":"https:\/\/dicodusport.fr\/blog\/wp-content\/uploads\/2020\/06\/cropped-LOGO-DICODUSPORT-2020-SANS-FOND-SANS-TEXTE.png","width":512,"height":512,"caption":"Dicodusport"},"image":{"@id":"https:\/\/dicodusport.fr\/blog\/#\/schema\/logo\/image\/"},"sameAs":["https:\/\/www.facebook.com\/dicodusport","https:\/\/x.com\/dicodusport","https:\/\/www.instagram.com\/dicodusport\/","https:\/\/www.youtube.com\/channel\/UC7V2KZ5sd3htJivAbA4ZG3w"],"description":"Dicodusport est l'encyclop\u00e9die de l'actualit\u00e9 sportive.","email":"bonjour@dicodusport.fr","legalName":"DICODUSPORT","foundingDate":"2018-01-14","vatID":"FR71834470973","taxID":"83447097300043","numberOfEmployees":{"@type":"QuantitativeValue","minValue":"1","maxValue":"10"}},{"@type":"Person","@id":"https:\/\/dicodusport.fr\/blog\/#\/schema\/person\/37def232098a7a5cbab3974a3690abb0","name":"Maxime Cazenave","image":{"@type":"ImageObject","inLanguage":"fr-FR","@id":"https:\/\/dicodusport.fr\/blog\/#\/schema\/person\/image\/","url":"https:\/\/dicodusport.fr\/blog\/wp-content\/uploads\/2021\/05\/Maxime-Cazenave-150x150.jpg","contentUrl":"https:\/\/dicodusport.fr\/blog\/wp-content\/uploads\/2021\/05\/Maxime-Cazenave-150x150.jpg","caption":"Maxime Cazenave"},"description":"Journaliste\/R\u00e9dacteur depuis 2012 - Berc\u00e9 par l\u2019amour des Girondins de Bordeaux, les \u00e9checs de Christophe Moreau sur le Tour de France sous l'\u00e8re Lance Armstrong et le fade-away l\u00e9tal de Dirk Nowitzki, ma passion d\u00e9vorante pour le sport a toujours \u00e9t\u00e9 un pan incontournable de ma vie. Transmettre ma passion \u00e0 l\u2019\u00e9crit a \u00e9t\u00e9 une transition naturelle. Suiveur assidu de basket et de hockey sur glace, je garde toujours un peu de place pour suivre le cyclisme, le football et le maximum de performances fran\u00e7aises.","sameAs":["https:\/\/x.com\/https:\/\/twitter.com\/Maxime_Caze"],"url":"https:\/\/dicodusport.fr\/blog\/author\/maximec\/"}]}},"_links":{"self":[{"href":"https:\/\/dicodusport.fr\/blog\/wp-json\/wp\/v2\/posts\/388373","targetHints":{"allow":["GET"]}}],"collection":[{"href":"https:\/\/dicodusport.fr\/blog\/wp-json\/wp\/v2\/posts"}],"about":[{"href":"https:\/\/dicodusport.fr\/blog\/wp-json\/wp\/v2\/types\/post"}],"author":[{"embeddable":true,"href":"https:\/\/dicodusport.fr\/blog\/wp-json\/wp\/v2\/users\/55"}],"replies":[{"embeddable":true,"href":"https:\/\/dicodusport.fr\/blog\/wp-json\/wp\/v2\/comments?post=388373"}],"version-history":[{"count":0,"href":"https:\/\/dicodusport.fr\/blog\/wp-json\/wp\/v2\/posts\/388373\/revisions"}],"wp:featuredmedia":[{"embeddable":true,"href":"https:\/\/dicodusport.fr\/blog\/wp-json\/wp\/v2\/media\/365447"}],"wp:attachment":[{"href":"https:\/\/dicodusport.fr\/blog\/wp-json\/wp\/v2\/media?parent=388373"}],"wp:term":[{"taxonomy":"category","embeddable":true,"href":"https:\/\/dicodusport.fr\/blog\/wp-json\/wp\/v2\/categories?post=388373"},{"taxonomy":"post_tag","embeddable":true,"href":"https:\/\/dicodusport.fr\/blog\/wp-json\/wp\/v2\/tags?post=388373"}],"curies":[{"name":"wp","href":"https:\/\/api.w.org\/{rel}","templated":true}]}}