{"id":388466,"date":"2023-06-05T11:11:13","date_gmt":"2023-06-05T09:11:13","guid":{"rendered":"https:\/\/dicodusport.fr\/blog\/?p=388466&#038;preview=true&#038;preview_id=388466"},"modified":"2023-06-05T11:22:32","modified_gmt":"2023-06-05T09:22:32","slug":"pentathlon-moderne-deux-medailles-francaises-aux-finales-de-la-coupe-du-monde","status":"publish","type":"post","link":"https:\/\/dicodusport.fr\/blog\/pentathlon-moderne-deux-medailles-francaises-aux-finales-de-la-coupe-du-monde\/","title":{"rendered":"Pentathlon moderne : Deux m\u00e9dailles fran\u00e7aises aux finales de la Coupe du monde"},"content":{"rendered":"<p style=\"text-align: justify;\" align=\"justify\"><em><strong>COUPE DU MONDE DE PENTATHLON MODERNE &#8211; Beau final fran\u00e7ais \u00e0 Ankara, puisque Marie Oteiza est mont\u00e9e sur le podium de l&rsquo;\u00e9preuve f\u00e9minine, avant que Christopher Patte et Rebecca Castaudi ne fassent de m\u00eame lors du relais mixte.<\/strong><\/em><\/p>\n<p style=\"text-align: justify;\" align=\"justify\">La Coupe du monde de pentathlon se cl\u00f4turait ce weekend avec les finales \u00e0 Ankara, en Turquie. Et les Bleus ont comme souvent brill\u00e9. \u00c0 commencer par <strong>Marie Oteiza<\/strong>. Elle qui n&rsquo;\u00e9tait plus mont\u00e9e sur un podium individuel en Coupe du monde depuis son succ\u00e8s \u00e0 Sofia en 2021 a pris la troisi\u00e8me place. Certes, elle pourra \u00eatre un peu d\u00e9\u00e7ue, puisqu&rsquo;elle avait remport\u00e9 sa demi-finale, mais ce retour en forme est \u00e0 signaler, en vue des Championnats du monde au mois d&rsquo;ao\u00fbt.<\/p>\n<blockquote class=\"twitter-tweet\">\n<p dir=\"ltr\" lang=\"fi\">World Cup Final \ud83c\udfc6 <a href=\"https:\/\/twitter.com\/hashtag\/RoadtoParis?src=hash&amp;ref_src=twsrc%5Etfw\">#RoadtoParis<\/a><br \/>\nElena Micheli \ud83c\uddee\ud83c\uddf9\ud83e\udd47<br \/>\nIlke Ozyuksel \ud83c\uddf9\ud83c\uddf7\ud83e\udd48<br \/>\nMarie Oteiza \ud83c\uddeb\ud83c\uddf7\ud83e\udd49<br \/>\nAlice Sotero \ud83c\uddee\ud83c\uddf94\ufe0f\u20e3<br \/>\nGintare Venckauskaite \ud83c\uddf1\ud83c\uddf95\ufe0f\u20e3<br \/>\nKerenza Bryson \ud83c\uddec\ud83c\udde76\ufe0f\u20e3<br \/>\n\ud83d\udd17 <a href=\"https:\/\/t.co\/pi1QjGj2pR\">https:\/\/t.co\/pi1QjGj2pR<\/a> <a href=\"https:\/\/t.co\/g2svFmgKsc\">pic.twitter.com\/g2svFmgKsc<\/a><\/p>\n<p>\u2014 UIPM &#8211; World Pentathlon (@WorldPentathlon) <a href=\"https:\/\/twitter.com\/WorldPentathlon\/status\/1665294029389537281?ref_src=twsrc%5Etfw\">June 4, 2023<\/a><\/p><\/blockquote>\n<p style=\"text-align: justify;\"><script async src=\"https:\/\/platform.twitter.com\/widgets.js\" charset=\"utf-8\"><\/script><\/p>\n<p style=\"text-align: justify;\" align=\"justify\">Et ce n&rsquo;\u00e9tait pas fini, puisque le relais mixte a \u00e9galement accouch\u00e9 d&rsquo;une m\u00e9daille fran\u00e7aise. <strong>Christopher Patte<\/strong> et <strong>Rebecca Castaudi<\/strong> se sont en effet par\u00e9s d&rsquo;argent apr\u00e8s une superbe course, n&rsquo;\u00e9tant devanc\u00e9s que par les champions du monde en titre de la discipline, les Sud-Cor\u00e9ens <strong>Sunwoo<\/strong>\u00a0<strong>Kim<\/strong> et <strong>Woongtae Jun. <\/strong>La France termine donc cette \u00e9dition de la Coupe du monde avec six m\u00e9dailles, dont <a href=\"https:\/\/dicodusport.fr\/blog\/pentathlon-moderne-valentin-prades-triomphe-sur-la-manche-de-coupe-du-monde-de-sofia\/\">une victoire pour <strong>Valentin Prades<\/strong><\/a>. De bon augure avant les \u00e9ch\u00e9ances continentales.<\/p>\n","protected":false},"excerpt":{"rendered":"<p>COUPE DU MONDE DE PENTATHLON MODERNE &#8211; Beau final fran\u00e7ais \u00e0 Ankara, puisque Marie Oteiza est mont\u00e9e sur le podium de l&rsquo;\u00e9preuve f\u00e9minine, avant que Christopher Patte et Rebecca Castaudi ne fassent de m\u00eame lors du relais mixte.<\/p>\n","protected":false},"author":59,"featured_media":388468,"comment_status":"open","ping_status":"closed","sticky":false,"template":"","format":"standard","meta":{"_acf_changed":false,"_daextam_enable_autolinks":"","footnotes":""},"categories":[11850],"tags":[16878,15865,15785,30305],"class_list":["post-388466","post","type-post","status-publish","format-standard","has-post-thumbnail","hentry","category-pentathlon-moderne","tag-breve","tag-coupe-du-monde-de-pentathlon-moderne","tag-marie-oteiza","tag-pentathlon-moderne-francais"],"acf":[],"yoast_head":"<!-- This site is optimized with the Yoast SEO Premium plugin v26.7 (Yoast SEO v26.7) - https:\/\/yoast.com\/wordpress\/plugins\/seo\/ -->\n<title>Pentathlon moderne : Deux m\u00e9dailles fran\u00e7aises aux finales de la Coupe du monde<\/title>\n<meta name=\"description\" content=\"COUPE DU MONDE DE PENTATHLON MODERNE - Beau final fran\u00e7ais \u00e0 Ankara, puisque Marie Oteiza est mont\u00e9e sur le podium de l&#039;\u00e9preuve f\u00e9minine.\" \/>\n<meta name=\"robots\" content=\"index, follow, max-snippet:-1, max-image-preview:large, max-video-preview:-1\" \/>\n<link rel=\"canonical\" href=\"https:\/\/dicodusport.fr\/blog\/pentathlon-moderne-deux-medailles-francaises-aux-finales-de-la-coupe-du-monde\/\" \/>\n<meta property=\"og:locale\" content=\"fr_FR\" \/>\n<meta property=\"og:type\" content=\"article\" \/>\n<meta property=\"og:title\" content=\"Pentathlon moderne : Deux m\u00e9dailles fran\u00e7aises aux finales de la Coupe du monde\" \/>\n<meta property=\"og:description\" content=\"COUPE DU MONDE DE PENTATHLON MODERNE - Beau final fran\u00e7ais \u00e0 Ankara, puisque Marie Oteiza est mont\u00e9e sur le podium de l&#039;\u00e9preuve f\u00e9minine.\" \/>\n<meta property=\"og:url\" content=\"https:\/\/dicodusport.fr\/blog\/pentathlon-moderne-deux-medailles-francaises-aux-finales-de-la-coupe-du-monde\/\" \/>\n<meta property=\"og:site_name\" content=\"Dicodusport\" \/>\n<meta property=\"article:publisher\" content=\"https:\/\/www.facebook.com\/dicodusport\" \/>\n<meta property=\"article:author\" content=\"https:\/\/www.facebook.com\/sebastien.gente\/\" \/>\n<meta property=\"article:published_time\" content=\"2023-06-05T09:11:13+00:00\" \/>\n<meta property=\"article:modified_time\" content=\"2023-06-05T09:22:32+00:00\" \/>\n<meta property=\"og:image\" content=\"https:\/\/dicodusport.fr\/blog\/wp-content\/uploads\/2023\/06\/Pentathlon-moderne-Deux-medailles-francaises-aux-finales-de-la-Coupe-du-monde.png\" \/>\n\t<meta property=\"og:image:width\" content=\"800\" \/>\n\t<meta property=\"og:image:height\" content=\"445\" \/>\n\t<meta property=\"og:image:type\" content=\"image\/png\" \/>\n<meta name=\"author\" content=\"S\u00e9bastien Gente\" \/>\n<meta name=\"twitter:card\" content=\"summary_large_image\" \/>\n<meta name=\"twitter:title\" content=\"Pentathlon moderne : Deux m\u00e9dailles fran\u00e7aises aux finales de la Coupe du monde\" \/>\n<meta name=\"twitter:creator\" content=\"@https:\/\/twitter.com\/globulo24\" \/>\n<meta name=\"twitter:site\" content=\"@dicodusport\" \/>\n<script type=\"application\/ld+json\" class=\"yoast-schema-graph\">{\"@context\":\"https:\/\/schema.org\",\"@graph\":[{\"@type\":\"NewsArticle\",\"@id\":\"https:\/\/dicodusport.fr\/blog\/pentathlon-moderne-deux-medailles-francaises-aux-finales-de-la-coupe-du-monde\/#article\",\"isPartOf\":{\"@id\":\"https:\/\/dicodusport.fr\/blog\/pentathlon-moderne-deux-medailles-francaises-aux-finales-de-la-coupe-du-monde\/\"},\"author\":{\"name\":\"S\u00e9bastien Gente\",\"@id\":\"https:\/\/dicodusport.fr\/blog\/#\/schema\/person\/627966a6cde45dbd8c5e36ac85d783da\"},\"headline\":\"Pentathlon moderne : Deux m\u00e9dailles fran\u00e7aises aux finales de la Coupe du monde\",\"datePublished\":\"2023-06-05T09:11:13+00:00\",\"dateModified\":\"2023-06-05T09:22:32+00:00\",\"mainEntityOfPage\":{\"@id\":\"https:\/\/dicodusport.fr\/blog\/pentathlon-moderne-deux-medailles-francaises-aux-finales-de-la-coupe-du-monde\/\"},\"wordCount\":265,\"commentCount\":0,\"publisher\":{\"@id\":\"https:\/\/dicodusport.fr\/blog\/#organization\"},\"image\":{\"@id\":\"https:\/\/dicodusport.fr\/blog\/pentathlon-moderne-deux-medailles-francaises-aux-finales-de-la-coupe-du-monde\/#primaryimage\"},\"thumbnailUrl\":\"https:\/\/dicodusport.fr\/blog\/wp-content\/uploads\/2023\/06\/Pentathlon-moderne-Deux-medailles-francaises-aux-finales-de-la-Coupe-du-monde.png\",\"keywords\":[\"br\u00e8ve\",\"Coupe du monde de pentathlon moderne\",\"Marie Oteiza\",\"pentathlon moderne fran\u00e7ais\"],\"articleSection\":[\"Pentathlon moderne\"],\"inLanguage\":\"fr-FR\",\"potentialAction\":[{\"@type\":\"CommentAction\",\"name\":\"Comment\",\"target\":[\"https:\/\/dicodusport.fr\/blog\/pentathlon-moderne-deux-medailles-francaises-aux-finales-de-la-coupe-du-monde\/#respond\"]}],\"copyrightYear\":\"2023\",\"copyrightHolder\":{\"@id\":\"https:\/\/dicodusport.fr\/blog\/#organization\"}},{\"@type\":\"WebPage\",\"@id\":\"https:\/\/dicodusport.fr\/blog\/pentathlon-moderne-deux-medailles-francaises-aux-finales-de-la-coupe-du-monde\/\",\"url\":\"https:\/\/dicodusport.fr\/blog\/pentathlon-moderne-deux-medailles-francaises-aux-finales-de-la-coupe-du-monde\/\",\"name\":\"Pentathlon moderne : Deux m\u00e9dailles fran\u00e7aises aux finales de la Coupe du monde\",\"isPartOf\":{\"@id\":\"https:\/\/dicodusport.fr\/blog\/#website\"},\"primaryImageOfPage\":{\"@id\":\"https:\/\/dicodusport.fr\/blog\/pentathlon-moderne-deux-medailles-francaises-aux-finales-de-la-coupe-du-monde\/#primaryimage\"},\"image\":{\"@id\":\"https:\/\/dicodusport.fr\/blog\/pentathlon-moderne-deux-medailles-francaises-aux-finales-de-la-coupe-du-monde\/#primaryimage\"},\"thumbnailUrl\":\"https:\/\/dicodusport.fr\/blog\/wp-content\/uploads\/2023\/06\/Pentathlon-moderne-Deux-medailles-francaises-aux-finales-de-la-Coupe-du-monde.png\",\"datePublished\":\"2023-06-05T09:11:13+00:00\",\"dateModified\":\"2023-06-05T09:22:32+00:00\",\"description\":\"COUPE DU MONDE DE PENTATHLON MODERNE - Beau final fran\u00e7ais \u00e0 Ankara, puisque Marie Oteiza est mont\u00e9e sur le podium de l'\u00e9preuve f\u00e9minine.\",\"breadcrumb\":{\"@id\":\"https:\/\/dicodusport.fr\/blog\/pentathlon-moderne-deux-medailles-francaises-aux-finales-de-la-coupe-du-monde\/#breadcrumb\"},\"inLanguage\":\"fr-FR\",\"potentialAction\":[{\"@type\":\"ReadAction\",\"target\":[\"https:\/\/dicodusport.fr\/blog\/pentathlon-moderne-deux-medailles-francaises-aux-finales-de-la-coupe-du-monde\/\"]}]},{\"@type\":\"ImageObject\",\"inLanguage\":\"fr-FR\",\"@id\":\"https:\/\/dicodusport.fr\/blog\/pentathlon-moderne-deux-medailles-francaises-aux-finales-de-la-coupe-du-monde\/#primaryimage\",\"url\":\"https:\/\/dicodusport.fr\/blog\/wp-content\/uploads\/2023\/06\/Pentathlon-moderne-Deux-medailles-francaises-aux-finales-de-la-Coupe-du-monde.png\",\"contentUrl\":\"https:\/\/dicodusport.fr\/blog\/wp-content\/uploads\/2023\/06\/Pentathlon-moderne-Deux-medailles-francaises-aux-finales-de-la-Coupe-du-monde.png\",\"width\":800,\"height\":445,\"caption\":\"Pentathlon moderne Deux m\u00e9dailles fran\u00e7aises aux finales de la Coupe du monde\"},{\"@type\":\"BreadcrumbList\",\"@id\":\"https:\/\/dicodusport.fr\/blog\/pentathlon-moderne-deux-medailles-francaises-aux-finales-de-la-coupe-du-monde\/#breadcrumb\",\"itemListElement\":[{\"@type\":\"ListItem\",\"position\":1,\"name\":\"Accueil\",\"item\":\"https:\/\/dicodusport.fr\/blog\/\"},{\"@type\":\"ListItem\",\"position\":2,\"name\":\"Pentathlon moderne : Deux m\u00e9dailles fran\u00e7aises aux finales de la Coupe du monde\"}]},{\"@type\":\"WebSite\",\"@id\":\"https:\/\/dicodusport.fr\/blog\/#website\",\"url\":\"https:\/\/dicodusport.fr\/blog\/\",\"name\":\"Dicodusport\",\"description\":\"L&#039;encyclop\u00e9die de l&#039;actualit\u00e9 sportive\",\"publisher\":{\"@id\":\"https:\/\/dicodusport.fr\/blog\/#organization\"},\"potentialAction\":[{\"@type\":\"SearchAction\",\"target\":{\"@type\":\"EntryPoint\",\"urlTemplate\":\"https:\/\/dicodusport.fr\/blog\/?s={search_term_string}\"},\"query-input\":{\"@type\":\"PropertyValueSpecification\",\"valueRequired\":true,\"valueName\":\"search_term_string\"}}],\"inLanguage\":\"fr-FR\"},{\"@type\":\"NewsMediaOrganization\",\"@id\":\"https:\/\/dicodusport.fr\/blog\/#organization\",\"name\":\"Dicodusport\",\"url\":\"https:\/\/dicodusport.fr\/blog\/\",\"logo\":{\"@type\":\"ImageObject\",\"inLanguage\":\"fr-FR\",\"@id\":\"https:\/\/dicodusport.fr\/blog\/#\/schema\/logo\/image\/\",\"url\":\"https:\/\/dicodusport.fr\/blog\/wp-content\/uploads\/2020\/06\/cropped-LOGO-DICODUSPORT-2020-SANS-FOND-SANS-TEXTE.png\",\"contentUrl\":\"https:\/\/dicodusport.fr\/blog\/wp-content\/uploads\/2020\/06\/cropped-LOGO-DICODUSPORT-2020-SANS-FOND-SANS-TEXTE.png\",\"width\":512,\"height\":512,\"caption\":\"Dicodusport\"},\"image\":{\"@id\":\"https:\/\/dicodusport.fr\/blog\/#\/schema\/logo\/image\/\"},\"sameAs\":[\"https:\/\/www.facebook.com\/dicodusport\",\"https:\/\/x.com\/dicodusport\",\"https:\/\/www.instagram.com\/dicodusport\/\",\"https:\/\/www.youtube.com\/channel\/UC7V2KZ5sd3htJivAbA4ZG3w\"],\"description\":\"Dicodusport est l'encyclop\u00e9die de l'actualit\u00e9 sportive.\",\"email\":\"bonjour@dicodusport.fr\",\"legalName\":\"DICODUSPORT\",\"foundingDate\":\"2018-01-14\",\"vatID\":\"FR71834470973\",\"taxID\":\"83447097300043\",\"numberOfEmployees\":{\"@type\":\"QuantitativeValue\",\"minValue\":\"1\",\"maxValue\":\"10\"}},{\"@type\":\"Person\",\"@id\":\"https:\/\/dicodusport.fr\/blog\/#\/schema\/person\/627966a6cde45dbd8c5e36ac85d783da\",\"name\":\"S\u00e9bastien Gente\",\"image\":{\"@type\":\"ImageObject\",\"inLanguage\":\"fr-FR\",\"@id\":\"https:\/\/dicodusport.fr\/blog\/#\/schema\/person\/image\/\",\"url\":\"https:\/\/dicodusport.fr\/blog\/wp-content\/uploads\/2021\/09\/1510990_10205810251400683_4124423575079401707_n-150x150.jpg\",\"contentUrl\":\"https:\/\/dicodusport.fr\/blog\/wp-content\/uploads\/2021\/09\/1510990_10205810251400683_4124423575079401707_n-150x150.jpg\",\"caption\":\"S\u00e9bastien Gente\"},\"description\":\"John Stockton, Gianni Bugno, Zinedine Zidane, Steffi Graf, Frode Andresen, St\u00e9phane Stoecklin, Davis Kamoga, Primoz Peterka, Werner Schlager et Aur\u00e9lien Rougerie. Point commun entre ces sportifs? Ils m'ont fait r\u00eaver et ont berc\u00e9 mon adolescence. Je suis un fondu de sports et j'essaie de retranscrire ma passion \u00e0 travers mes articles. Originaire du P\u00e9rigord, ma passion pour les Girondins, les Jaunards et les Jazzmen transpire dans mes \u00e9crits. \u00c0 Dicodusport depuis 2021, je d\u00e9niche les sports m\u00e9connus dans lesquels la France brille, et il y en a !\",\"sameAs\":[\"https:\/\/www.facebook.com\/sebastien.gente\/\",\"https:\/\/www.instagram.com\/sebgente\/\",\"https:\/\/www.linkedin.com\/in\/sbastien-gente-a29583169\/\",\"https:\/\/x.com\/https:\/\/twitter.com\/globulo24\",\"SebastienGente\"],\"worksFor\":\"S\u00e9bastien GENTE\",\"url\":\"https:\/\/dicodusport.fr\/blog\/author\/sebastiengente\/\"}]}<\/script>\n<!-- \/ Yoast SEO Premium plugin. -->","yoast_head_json":{"title":"Pentathlon moderne : Deux m\u00e9dailles fran\u00e7aises aux finales de la Coupe du monde","description":"COUPE DU MONDE DE PENTATHLON MODERNE - Beau final fran\u00e7ais \u00e0 Ankara, puisque Marie Oteiza est mont\u00e9e sur le podium de l'\u00e9preuve f\u00e9minine.","robots":{"index":"index","follow":"follow","max-snippet":"max-snippet:-1","max-image-preview":"max-image-preview:large","max-video-preview":"max-video-preview:-1"},"canonical":"https:\/\/dicodusport.fr\/blog\/pentathlon-moderne-deux-medailles-francaises-aux-finales-de-la-coupe-du-monde\/","og_locale":"fr_FR","og_type":"article","og_title":"Pentathlon moderne : Deux m\u00e9dailles fran\u00e7aises aux finales de la Coupe du monde","og_description":"COUPE DU MONDE DE PENTATHLON MODERNE - Beau final fran\u00e7ais \u00e0 Ankara, puisque Marie Oteiza est mont\u00e9e sur le podium de l'\u00e9preuve f\u00e9minine.","og_url":"https:\/\/dicodusport.fr\/blog\/pentathlon-moderne-deux-medailles-francaises-aux-finales-de-la-coupe-du-monde\/","og_site_name":"Dicodusport","article_publisher":"https:\/\/www.facebook.com\/dicodusport","article_author":"https:\/\/www.facebook.com\/sebastien.gente\/","article_published_time":"2023-06-05T09:11:13+00:00","article_modified_time":"2023-06-05T09:22:32+00:00","og_image":[{"width":800,"height":445,"url":"https:\/\/dicodusport.fr\/blog\/wp-content\/uploads\/2023\/06\/Pentathlon-moderne-Deux-medailles-francaises-aux-finales-de-la-Coupe-du-monde.png","type":"image\/png"}],"author":"S\u00e9bastien Gente","twitter_card":"summary_large_image","twitter_title":"Pentathlon moderne : Deux m\u00e9dailles fran\u00e7aises aux finales de la Coupe du monde","twitter_creator":"@https:\/\/twitter.com\/globulo24","twitter_site":"@dicodusport","schema":{"@context":"https:\/\/schema.org","@graph":[{"@type":"NewsArticle","@id":"https:\/\/dicodusport.fr\/blog\/pentathlon-moderne-deux-medailles-francaises-aux-finales-de-la-coupe-du-monde\/#article","isPartOf":{"@id":"https:\/\/dicodusport.fr\/blog\/pentathlon-moderne-deux-medailles-francaises-aux-finales-de-la-coupe-du-monde\/"},"author":{"name":"S\u00e9bastien Gente","@id":"https:\/\/dicodusport.fr\/blog\/#\/schema\/person\/627966a6cde45dbd8c5e36ac85d783da"},"headline":"Pentathlon moderne : Deux m\u00e9dailles fran\u00e7aises aux finales de la Coupe du monde","datePublished":"2023-06-05T09:11:13+00:00","dateModified":"2023-06-05T09:22:32+00:00","mainEntityOfPage":{"@id":"https:\/\/dicodusport.fr\/blog\/pentathlon-moderne-deux-medailles-francaises-aux-finales-de-la-coupe-du-monde\/"},"wordCount":265,"commentCount":0,"publisher":{"@id":"https:\/\/dicodusport.fr\/blog\/#organization"},"image":{"@id":"https:\/\/dicodusport.fr\/blog\/pentathlon-moderne-deux-medailles-francaises-aux-finales-de-la-coupe-du-monde\/#primaryimage"},"thumbnailUrl":"https:\/\/dicodusport.fr\/blog\/wp-content\/uploads\/2023\/06\/Pentathlon-moderne-Deux-medailles-francaises-aux-finales-de-la-Coupe-du-monde.png","keywords":["br\u00e8ve","Coupe du monde de pentathlon moderne","Marie Oteiza","pentathlon moderne fran\u00e7ais"],"articleSection":["Pentathlon moderne"],"inLanguage":"fr-FR","potentialAction":[{"@type":"CommentAction","name":"Comment","target":["https:\/\/dicodusport.fr\/blog\/pentathlon-moderne-deux-medailles-francaises-aux-finales-de-la-coupe-du-monde\/#respond"]}],"copyrightYear":"2023","copyrightHolder":{"@id":"https:\/\/dicodusport.fr\/blog\/#organization"}},{"@type":"WebPage","@id":"https:\/\/dicodusport.fr\/blog\/pentathlon-moderne-deux-medailles-francaises-aux-finales-de-la-coupe-du-monde\/","url":"https:\/\/dicodusport.fr\/blog\/pentathlon-moderne-deux-medailles-francaises-aux-finales-de-la-coupe-du-monde\/","name":"Pentathlon moderne : Deux m\u00e9dailles fran\u00e7aises aux finales de la Coupe du monde","isPartOf":{"@id":"https:\/\/dicodusport.fr\/blog\/#website"},"primaryImageOfPage":{"@id":"https:\/\/dicodusport.fr\/blog\/pentathlon-moderne-deux-medailles-francaises-aux-finales-de-la-coupe-du-monde\/#primaryimage"},"image":{"@id":"https:\/\/dicodusport.fr\/blog\/pentathlon-moderne-deux-medailles-francaises-aux-finales-de-la-coupe-du-monde\/#primaryimage"},"thumbnailUrl":"https:\/\/dicodusport.fr\/blog\/wp-content\/uploads\/2023\/06\/Pentathlon-moderne-Deux-medailles-francaises-aux-finales-de-la-Coupe-du-monde.png","datePublished":"2023-06-05T09:11:13+00:00","dateModified":"2023-06-05T09:22:32+00:00","description":"COUPE DU MONDE DE PENTATHLON MODERNE - Beau final fran\u00e7ais \u00e0 Ankara, puisque Marie Oteiza est mont\u00e9e sur le podium de l'\u00e9preuve f\u00e9minine.","breadcrumb":{"@id":"https:\/\/dicodusport.fr\/blog\/pentathlon-moderne-deux-medailles-francaises-aux-finales-de-la-coupe-du-monde\/#breadcrumb"},"inLanguage":"fr-FR","potentialAction":[{"@type":"ReadAction","target":["https:\/\/dicodusport.fr\/blog\/pentathlon-moderne-deux-medailles-francaises-aux-finales-de-la-coupe-du-monde\/"]}]},{"@type":"ImageObject","inLanguage":"fr-FR","@id":"https:\/\/dicodusport.fr\/blog\/pentathlon-moderne-deux-medailles-francaises-aux-finales-de-la-coupe-du-monde\/#primaryimage","url":"https:\/\/dicodusport.fr\/blog\/wp-content\/uploads\/2023\/06\/Pentathlon-moderne-Deux-medailles-francaises-aux-finales-de-la-Coupe-du-monde.png","contentUrl":"https:\/\/dicodusport.fr\/blog\/wp-content\/uploads\/2023\/06\/Pentathlon-moderne-Deux-medailles-francaises-aux-finales-de-la-Coupe-du-monde.png","width":800,"height":445,"caption":"Pentathlon moderne Deux m\u00e9dailles fran\u00e7aises aux finales de la Coupe du monde"},{"@type":"BreadcrumbList","@id":"https:\/\/dicodusport.fr\/blog\/pentathlon-moderne-deux-medailles-francaises-aux-finales-de-la-coupe-du-monde\/#breadcrumb","itemListElement":[{"@type":"ListItem","position":1,"name":"Accueil","item":"https:\/\/dicodusport.fr\/blog\/"},{"@type":"ListItem","position":2,"name":"Pentathlon moderne : Deux m\u00e9dailles fran\u00e7aises aux finales de la Coupe du monde"}]},{"@type":"WebSite","@id":"https:\/\/dicodusport.fr\/blog\/#website","url":"https:\/\/dicodusport.fr\/blog\/","name":"Dicodusport","description":"L&#039;encyclop\u00e9die de l&#039;actualit\u00e9 sportive","publisher":{"@id":"https:\/\/dicodusport.fr\/blog\/#organization"},"potentialAction":[{"@type":"SearchAction","target":{"@type":"EntryPoint","urlTemplate":"https:\/\/dicodusport.fr\/blog\/?s={search_term_string}"},"query-input":{"@type":"PropertyValueSpecification","valueRequired":true,"valueName":"search_term_string"}}],"inLanguage":"fr-FR"},{"@type":"NewsMediaOrganization","@id":"https:\/\/dicodusport.fr\/blog\/#organization","name":"Dicodusport","url":"https:\/\/dicodusport.fr\/blog\/","logo":{"@type":"ImageObject","inLanguage":"fr-FR","@id":"https:\/\/dicodusport.fr\/blog\/#\/schema\/logo\/image\/","url":"https:\/\/dicodusport.fr\/blog\/wp-content\/uploads\/2020\/06\/cropped-LOGO-DICODUSPORT-2020-SANS-FOND-SANS-TEXTE.png","contentUrl":"https:\/\/dicodusport.fr\/blog\/wp-content\/uploads\/2020\/06\/cropped-LOGO-DICODUSPORT-2020-SANS-FOND-SANS-TEXTE.png","width":512,"height":512,"caption":"Dicodusport"},"image":{"@id":"https:\/\/dicodusport.fr\/blog\/#\/schema\/logo\/image\/"},"sameAs":["https:\/\/www.facebook.com\/dicodusport","https:\/\/x.com\/dicodusport","https:\/\/www.instagram.com\/dicodusport\/","https:\/\/www.youtube.com\/channel\/UC7V2KZ5sd3htJivAbA4ZG3w"],"description":"Dicodusport est l'encyclop\u00e9die de l'actualit\u00e9 sportive.","email":"bonjour@dicodusport.fr","legalName":"DICODUSPORT","foundingDate":"2018-01-14","vatID":"FR71834470973","taxID":"83447097300043","numberOfEmployees":{"@type":"QuantitativeValue","minValue":"1","maxValue":"10"}},{"@type":"Person","@id":"https:\/\/dicodusport.fr\/blog\/#\/schema\/person\/627966a6cde45dbd8c5e36ac85d783da","name":"S\u00e9bastien Gente","image":{"@type":"ImageObject","inLanguage":"fr-FR","@id":"https:\/\/dicodusport.fr\/blog\/#\/schema\/person\/image\/","url":"https:\/\/dicodusport.fr\/blog\/wp-content\/uploads\/2021\/09\/1510990_10205810251400683_4124423575079401707_n-150x150.jpg","contentUrl":"https:\/\/dicodusport.fr\/blog\/wp-content\/uploads\/2021\/09\/1510990_10205810251400683_4124423575079401707_n-150x150.jpg","caption":"S\u00e9bastien Gente"},"description":"John Stockton, Gianni Bugno, Zinedine Zidane, Steffi Graf, Frode Andresen, St\u00e9phane Stoecklin, Davis Kamoga, Primoz Peterka, Werner Schlager et Aur\u00e9lien Rougerie. Point commun entre ces sportifs? Ils m'ont fait r\u00eaver et ont berc\u00e9 mon adolescence. Je suis un fondu de sports et j'essaie de retranscrire ma passion \u00e0 travers mes articles. Originaire du P\u00e9rigord, ma passion pour les Girondins, les Jaunards et les Jazzmen transpire dans mes \u00e9crits. \u00c0 Dicodusport depuis 2021, je d\u00e9niche les sports m\u00e9connus dans lesquels la France brille, et il y en a !","sameAs":["https:\/\/www.facebook.com\/sebastien.gente\/","https:\/\/www.instagram.com\/sebgente\/","https:\/\/www.linkedin.com\/in\/sbastien-gente-a29583169\/","https:\/\/x.com\/https:\/\/twitter.com\/globulo24","SebastienGente"],"worksFor":"S\u00e9bastien GENTE","url":"https:\/\/dicodusport.fr\/blog\/author\/sebastiengente\/"}]}},"_links":{"self":[{"href":"https:\/\/dicodusport.fr\/blog\/wp-json\/wp\/v2\/posts\/388466","targetHints":{"allow":["GET"]}}],"collection":[{"href":"https:\/\/dicodusport.fr\/blog\/wp-json\/wp\/v2\/posts"}],"about":[{"href":"https:\/\/dicodusport.fr\/blog\/wp-json\/wp\/v2\/types\/post"}],"author":[{"embeddable":true,"href":"https:\/\/dicodusport.fr\/blog\/wp-json\/wp\/v2\/users\/59"}],"replies":[{"embeddable":true,"href":"https:\/\/dicodusport.fr\/blog\/wp-json\/wp\/v2\/comments?post=388466"}],"version-history":[{"count":0,"href":"https:\/\/dicodusport.fr\/blog\/wp-json\/wp\/v2\/posts\/388466\/revisions"}],"wp:featuredmedia":[{"embeddable":true,"href":"https:\/\/dicodusport.fr\/blog\/wp-json\/wp\/v2\/media\/388468"}],"wp:attachment":[{"href":"https:\/\/dicodusport.fr\/blog\/wp-json\/wp\/v2\/media?parent=388466"}],"wp:term":[{"taxonomy":"category","embeddable":true,"href":"https:\/\/dicodusport.fr\/blog\/wp-json\/wp\/v2\/categories?post=388466"},{"taxonomy":"post_tag","embeddable":true,"href":"https:\/\/dicodusport.fr\/blog\/wp-json\/wp\/v2\/tags?post=388466"}],"curies":[{"name":"wp","href":"https:\/\/api.w.org\/{rel}","templated":true}]}}