{"id":388548,"date":"2023-06-05T16:37:42","date_gmt":"2023-06-05T14:37:42","guid":{"rendered":"https:\/\/dicodusport.fr\/blog\/?p=388548&#038;preview=true&#038;preview_id=388548"},"modified":"2023-06-05T18:05:44","modified_gmt":"2023-06-05T16:05:44","slug":"criterium-du-dauphine-2023-julian-alaphilippe-sadjuge-la-2eme-etape","status":"publish","type":"post","link":"https:\/\/dicodusport.fr\/blog\/criterium-du-dauphine-2023-julian-alaphilippe-sadjuge-la-2eme-etape\/","title":{"rendered":"Crit\u00e9rium du Dauphin\u00e9 2023 : Julian Alaphilippe s&rsquo;adjuge la 2\u00e8me \u00e9tape"},"content":{"rendered":"<p style=\"text-align: justify;\"><em><b>CRIT\u00c9RIUM DU DAUPHIN\u00c9 2023 &#8211; Julian Alaphilippe (Soudal Quick-Step) s&rsquo;est impos\u00e9 au sprint sur la deuxi\u00e8me \u00e9tape \u00e0 La Chaise-Dieu. Il a devanc\u00e9 Richard Carapaz (EF Education-EasyPost) et Natnael Tesfatsion (Trek Segafredo).\u00a0\u00a0<\/b><\/em><\/p>\n<p style=\"text-align: justify;\">D&rsquo;abord, <strong>Nans Peters<\/strong> (AG2R Citro\u00ebn), <strong>Andrea Piccolo<\/strong> (EF-Education Easypost), <strong>Kenny Elissonde<\/strong> (Trek-Segafredo), <strong>Jonas Gregaard<\/strong> (Uno-X), <strong>Victor Campenaerts<\/strong> (Lotto Dstny), <strong>Pierre Latour<\/strong> (TotalEnergies) et <strong>Donavan Grondin<\/strong> (Arkea-Samsic) ont form\u00e9 l&rsquo;\u00e9chapp\u00e9e matinale apr\u00e8s une vingtaine de kilom\u00e8tres.<\/p>\n<h2 style=\"text-align: justify;\">Trois nouveaux abandons<\/h2>\n<p style=\"text-align: justify;\">Ensuite, le porteur du maillot de la montagne <strong>Donavan Grondin<\/strong> (Arkea Samsic) a pris 4 points au sommet du Col de Tout\u00e9e et du Col des Fourches. Au sein du peloton, la Jumbo-Visma a laiss\u00e9 pr\u00e8s de 2 minutes au maximum. Trois coureurs ont \u00e9t\u00e9 contraints \u00e0 l&rsquo;abandon apr\u00e8s une chute : <strong>Romain Combaud<\/strong> (Team DSM), <strong>Steven Kruijswijk<\/strong> (Jumbo-Visma) et <strong>Steff Cras<\/strong> (TotalEnergies).<\/p>\n<p style=\"text-align: justify;\">Puis, comme hier, <strong>Donavan Grondin<\/strong> (Arkea Samsic) a \u00e9t\u00e9 distanc\u00e9 \u00e0 l&rsquo;avant de la course apr\u00e8s s&rsquo;\u00eatre assur\u00e9 son maillot distinctif tandis que l&rsquo;\u00e9quipe Soudal Quick-Step s&rsquo;est port\u00e9e \u00e0 l&rsquo;avant du peloton, pour ramener l&rsquo;\u00e9cart \u00e0 une minute.<\/p>\n<h2 style=\"text-align: justify;\">Une \u00e9chapp\u00e9e sous contr\u00f4le<\/h2>\n<p style=\"text-align: justify;\">Au sommet de la C\u00f4te des Gu\u00eates, <strong>Pierre Latour<\/strong> (TotalEnergies) a pris un point. Victimes de crampes, ce dernier a\u00a0perdu le contact avec le groupe de t\u00eate et avec le peloton.<\/p>\n<p style=\"text-align: justify;\">Par la suite, <strong>Nans Peters<\/strong> (AG2R Citro\u00ebn), <strong>Andrea Piccolo<\/strong> (EF-Education Easypost), <strong>Jonas Gregaard<\/strong> (Uno-X) ont \u00e9t\u00e9 distanc\u00e9s par <strong>Victor Campenaerts<\/strong> (Lotto Dstny) et <strong>Kenny Elissonde<\/strong> (Trek-Segafredo). Apr\u00e8s avoir eu une dizaine de secondes d&rsquo;avance, le duo de t\u00eate a r\u00e9ussi \u00e0 reprendre un peu de libert\u00e9 avant d&rsquo;\u00eatre repris dans la seconde ascension de la C\u00f4te des Gu\u00eates, \u00e0 10 kilom\u00e8tres du terme.<\/p>\n<p style=\"text-align: justify;\"><strong>Tobias Bayer<\/strong> (Alpecin-Deceuninck) a \u00e9t\u00e9 le seul \u00e0 profiter de cette ultime ascension pour sortir du peloton. Mais, le coureur autrichien a \u00e9t\u00e9 aval\u00e9 par le peloton \u00e0 quatre kilom\u00e8tres de l&rsquo;arriv\u00e9e, avant que l&rsquo;\u00e9quipe Jumbo-Visma n&rsquo;impose un gros tempo dans un final en faux plat montant. Ces derniers kilom\u00e8tres ont mis fin aux espoirs des sprinteurs, comme <strong>Dylan Groenewegen<\/strong> (Team Jayco AlUla).<\/p>\n<h2 style=\"text-align: justify;\">Deuxi\u00e8me succ\u00e8s de la saison pour Alaphilippe<\/h2>\n<p style=\"text-align: justify;\">Finalement, <strong>Julian Alaphilippe<\/strong> (Soudal Quick-Step) a pris le sillage de <strong>Richard Carapaz<\/strong> (EF Education EasyPost). Le champion d&rsquo;\u00c9quateur a lanc\u00e9 le sprint avant d&rsquo;\u00eatre d\u00e9bord\u00e9 par <strong>Julian Alaphilippe<\/strong> (Soudal Quick-Step) qui a d\u00e9croch\u00e9 son deuxi\u00e8me succ\u00e8s en 2023, <a href=\"https:\/\/dicodusport.fr\/blog\/faun-ardeche-classic-2023-julian-alaphilippe-renoue-avec-le-succes\/\">apr\u00e8s la Faun-Ard\u00e8che Classic<\/a>. <strong>Natnael Tesfatsion<\/strong> (Trek Segafredo) a compl\u00e9t\u00e9 le podium devant <strong>Christophe Laporte<\/strong> (Jumbo-Visma) et <strong>Maxim Van Gils<\/strong> (Lotto Dstny). <strong>Jonas Vingegaard<\/strong> (Jumbo-Visma) a encore effectu\u00e9 un gros travail dans le dernier kilom\u00e8tre comme lors de la premi\u00e8re \u00e9tape, hier. Mais, Laporte a \u00e9t\u00e9 beaucoup moins fringant que dimanche.<\/p>\n<blockquote class=\"twitter-tweet\">\n<p dir=\"ltr\" lang=\"fr\">\ud83c\uddeb\ud83c\uddf7 Julian Alaphilippe renoue avec la victoire ! Le Fran\u00e7ais impose sa loi au sprint pour glaner la deuxi\u00e8me \u00e9tape du Crit\u00e9rium du <a href=\"https:\/\/twitter.com\/hashtag\/Dauphin%C3%A9?src=hash&amp;ref_src=twsrc%5Etfw\">#Dauphin\u00e9<\/a> \u00e0 La Chaise-Dieu <a href=\"https:\/\/twitter.com\/hashtag\/LesRP?src=hash&amp;ref_src=twsrc%5Etfw\">#LesRP<\/a> <a href=\"https:\/\/t.co\/moHlHnmf1c\">pic.twitter.com\/moHlHnmf1c<\/a><\/p>\n<p>\u2014 Eurosport France (@Eurosport_FR) <a href=\"https:\/\/twitter.com\/Eurosport_FR\/status\/1665730843237576708?ref_src=twsrc%5Etfw\">June 5, 2023<\/a><\/p><\/blockquote>\n<p><script async src=\"https:\/\/platform.twitter.com\/widgets.js\" charset=\"utf-8\"><\/script><\/p>\n<p style=\"text-align: justify;\">Au classement g\u00e9n\u00e9ral, <strong>Christophe Laporte<\/strong> (Jumbo-Visma) a conserv\u00e9 le maillot jaune de leader dans le m\u00eame temps que <strong>Julian Alaphilippe<\/strong> (Soudal Quick-Step). Demain, place \u00e0 une \u00e9tape pour les sprinteurs vers Le Coteau.<\/p>\n<h2 style=\"text-align: justify;\">\u00c0 lire aussi<\/h2>\n<ul>\n<li style=\"text-align: justify;\"><strong><a href=\"https:\/\/dicodusport.fr\/blog\/criterium-du-dauphine-2023-classement-2eme-etape\/\">Le classement de la 2\u00e8me \u00e9tape<\/a>\u00a0<\/strong><\/li>\n<li style=\"text-align: justify;\"><a href=\"https:\/\/dicodusport.fr\/blog\/criterium-du-dauphine-2023-classement-general\/\"><strong>Classement g\u00e9n\u00e9ral du Crit\u00e9rium du Dauphin\u00e9<\/strong><\/a><\/li>\n<li style=\"text-align: justify;\"><strong><a href=\"https:\/\/dicodusport.fr\/blog\/criterium-du-dauphine-2023-a-quelle-heure-et-sur-quelle-chaine-tv\/\">Crit\u00e9rium du Dauphin\u00e9 2023 : \u00c0 quelle heure et sur quelle cha\u00eene TV<\/a>\u00a0<\/strong><\/li>\n<li style=\"text-align: justify;\"><a href=\"https:\/\/dicodusport.fr\/blog\/criterium-du-dauphine-2023-profil-des-etapes\/\"><strong>Crit\u00e9rium du Dauphin\u00e9 2023 : Profil des \u00e9tapes<\/strong><\/a><\/li>\n<\/ul>\n","protected":false},"excerpt":{"rendered":"<p>CRIT\u00c9RIUM DU DAUPHIN\u00c9 2023 &#8211; Julian Alaphilippe (Soudal Quick-Step) s&rsquo;est impos\u00e9 au sprint sur la deuxi\u00e8me \u00e9tape \u00e0 La Chaise-Dieu. Il a devanc\u00e9 Richard Carapaz (EF Education-EasyPost) et Natnael Tesfatsion (Trek Segafredo).\u00a0\u00a0<\/p>\n","protected":false},"author":48,"featured_media":388620,"comment_status":"open","ping_status":"closed","sticky":false,"template":"","format":"standard","meta":{"_acf_changed":false,"_daextam_enable_autolinks":"","footnotes":""},"categories":[46994],"tags":[16878,8057,24],"class_list":["post-388548","post","type-post","status-publish","format-standard","has-post-thumbnail","hentry","category-cyclisme-sur-route","tag-breve","tag-criterium-du-dauphine","tag-sport"],"acf":[],"yoast_head":"<!-- This site is optimized with the Yoast SEO Premium plugin v26.7 (Yoast SEO v26.7) - https:\/\/yoast.com\/wordpress\/plugins\/seo\/ -->\n<title>Crit\u00e9rium du Dauphin\u00e9 2023 : Julian Alaphilippe s&#039;adjuge la 2\u00e8me \u00e9tape<\/title>\n<meta name=\"description\" content=\"CRIT\u00c9RIUM DU DAUPHIN\u00c9 2023 - Julian Alaphilippe (Soudal Quick-Step) s&#039;est impos\u00e9 au sprint sur la deuxi\u00e8me \u00e9tape \u00e0 La Chaise-Dieu.\" \/>\n<meta name=\"robots\" content=\"index, follow, max-snippet:-1, max-image-preview:large, max-video-preview:-1\" \/>\n<link rel=\"canonical\" href=\"https:\/\/dicodusport.fr\/blog\/criterium-du-dauphine-2023-julian-alaphilippe-sadjuge-la-2eme-etape\/\" \/>\n<meta property=\"og:locale\" content=\"fr_FR\" \/>\n<meta property=\"og:type\" content=\"article\" \/>\n<meta property=\"og:title\" content=\"Crit\u00e9rium du Dauphin\u00e9 2023 : Julian Alaphilippe s&#039;adjuge la 2\u00e8me \u00e9tape\" \/>\n<meta property=\"og:description\" content=\"CRIT\u00c9RIUM DU DAUPHIN\u00c9 2023 - Julian Alaphilippe (Soudal Quick-Step) s&#039;est impos\u00e9 au sprint sur la deuxi\u00e8me \u00e9tape \u00e0 La Chaise-Dieu.\" \/>\n<meta property=\"og:url\" content=\"https:\/\/dicodusport.fr\/blog\/criterium-du-dauphine-2023-julian-alaphilippe-sadjuge-la-2eme-etape\/\" \/>\n<meta property=\"og:site_name\" content=\"Dicodusport\" \/>\n<meta property=\"article:publisher\" content=\"https:\/\/www.facebook.com\/dicodusport\" \/>\n<meta property=\"article:author\" content=\"https:\/\/www.facebook.com\/groups\/LesRoisDuPeloton\" \/>\n<meta property=\"article:published_time\" content=\"2023-06-05T14:37:42+00:00\" \/>\n<meta property=\"article:modified_time\" content=\"2023-06-05T16:05:44+00:00\" \/>\n<meta property=\"og:image\" content=\"https:\/\/dicodusport.fr\/blog\/wp-content\/uploads\/2023\/06\/Criterium-du-Dauphine-2023-Julian-Alaphilippe-sadjuge-la-2eme-etape.png\" \/>\n\t<meta property=\"og:image:width\" content=\"800\" \/>\n\t<meta property=\"og:image:height\" content=\"445\" \/>\n\t<meta property=\"og:image:type\" content=\"image\/png\" \/>\n<meta name=\"author\" content=\"Emilien Descampiaux\" \/>\n<meta name=\"twitter:card\" content=\"summary_large_image\" \/>\n<meta name=\"twitter:title\" content=\"Crit\u00e9rium du Dauphin\u00e9 2023 : Julian Alaphilippe s&#039;adjuge la 2\u00e8me \u00e9tape\" \/>\n<meta name=\"twitter:creator\" content=\"@https:\/\/twitter.com\/LRoisDuPeloton\" \/>\n<meta name=\"twitter:site\" content=\"@dicodusport\" \/>\n<script type=\"application\/ld+json\" class=\"yoast-schema-graph\">{\"@context\":\"https:\/\/schema.org\",\"@graph\":[{\"@type\":\"NewsArticle\",\"@id\":\"https:\/\/dicodusport.fr\/blog\/criterium-du-dauphine-2023-julian-alaphilippe-sadjuge-la-2eme-etape\/#article\",\"isPartOf\":{\"@id\":\"https:\/\/dicodusport.fr\/blog\/criterium-du-dauphine-2023-julian-alaphilippe-sadjuge-la-2eme-etape\/\"},\"author\":{\"name\":\"Emilien Descampiaux\",\"@id\":\"https:\/\/dicodusport.fr\/blog\/#\/schema\/person\/6db4bae06b171592211be385b32876a7\"},\"headline\":\"Crit\u00e9rium du Dauphin\u00e9 2023 : Julian Alaphilippe s&rsquo;adjuge la 2\u00e8me \u00e9tape\",\"datePublished\":\"2023-06-05T14:37:42+00:00\",\"dateModified\":\"2023-06-05T16:05:44+00:00\",\"mainEntityOfPage\":{\"@id\":\"https:\/\/dicodusport.fr\/blog\/criterium-du-dauphine-2023-julian-alaphilippe-sadjuge-la-2eme-etape\/\"},\"wordCount\":591,\"commentCount\":0,\"publisher\":{\"@id\":\"https:\/\/dicodusport.fr\/blog\/#organization\"},\"image\":{\"@id\":\"https:\/\/dicodusport.fr\/blog\/criterium-du-dauphine-2023-julian-alaphilippe-sadjuge-la-2eme-etape\/#primaryimage\"},\"thumbnailUrl\":\"https:\/\/dicodusport.fr\/blog\/wp-content\/uploads\/2023\/06\/Criterium-du-Dauphine-2023-Julian-Alaphilippe-sadjuge-la-2eme-etape.png\",\"keywords\":[\"br\u00e8ve\",\"Crit\u00e9rium du Dauphin\u00e9\",\"sport\"],\"articleSection\":[\"Cyclisme sur route\"],\"inLanguage\":\"fr-FR\",\"potentialAction\":[{\"@type\":\"CommentAction\",\"name\":\"Comment\",\"target\":[\"https:\/\/dicodusport.fr\/blog\/criterium-du-dauphine-2023-julian-alaphilippe-sadjuge-la-2eme-etape\/#respond\"]}],\"copyrightYear\":\"2023\",\"copyrightHolder\":{\"@id\":\"https:\/\/dicodusport.fr\/blog\/#organization\"}},{\"@type\":\"WebPage\",\"@id\":\"https:\/\/dicodusport.fr\/blog\/criterium-du-dauphine-2023-julian-alaphilippe-sadjuge-la-2eme-etape\/\",\"url\":\"https:\/\/dicodusport.fr\/blog\/criterium-du-dauphine-2023-julian-alaphilippe-sadjuge-la-2eme-etape\/\",\"name\":\"Crit\u00e9rium du Dauphin\u00e9 2023 : Julian Alaphilippe s'adjuge la 2\u00e8me \u00e9tape\",\"isPartOf\":{\"@id\":\"https:\/\/dicodusport.fr\/blog\/#website\"},\"primaryImageOfPage\":{\"@id\":\"https:\/\/dicodusport.fr\/blog\/criterium-du-dauphine-2023-julian-alaphilippe-sadjuge-la-2eme-etape\/#primaryimage\"},\"image\":{\"@id\":\"https:\/\/dicodusport.fr\/blog\/criterium-du-dauphine-2023-julian-alaphilippe-sadjuge-la-2eme-etape\/#primaryimage\"},\"thumbnailUrl\":\"https:\/\/dicodusport.fr\/blog\/wp-content\/uploads\/2023\/06\/Criterium-du-Dauphine-2023-Julian-Alaphilippe-sadjuge-la-2eme-etape.png\",\"datePublished\":\"2023-06-05T14:37:42+00:00\",\"dateModified\":\"2023-06-05T16:05:44+00:00\",\"description\":\"CRIT\u00c9RIUM DU DAUPHIN\u00c9 2023 - Julian Alaphilippe (Soudal Quick-Step) s'est impos\u00e9 au sprint sur la deuxi\u00e8me \u00e9tape \u00e0 La Chaise-Dieu.\",\"breadcrumb\":{\"@id\":\"https:\/\/dicodusport.fr\/blog\/criterium-du-dauphine-2023-julian-alaphilippe-sadjuge-la-2eme-etape\/#breadcrumb\"},\"inLanguage\":\"fr-FR\",\"potentialAction\":[{\"@type\":\"ReadAction\",\"target\":[\"https:\/\/dicodusport.fr\/blog\/criterium-du-dauphine-2023-julian-alaphilippe-sadjuge-la-2eme-etape\/\"]}]},{\"@type\":\"ImageObject\",\"inLanguage\":\"fr-FR\",\"@id\":\"https:\/\/dicodusport.fr\/blog\/criterium-du-dauphine-2023-julian-alaphilippe-sadjuge-la-2eme-etape\/#primaryimage\",\"url\":\"https:\/\/dicodusport.fr\/blog\/wp-content\/uploads\/2023\/06\/Criterium-du-Dauphine-2023-Julian-Alaphilippe-sadjuge-la-2eme-etape.png\",\"contentUrl\":\"https:\/\/dicodusport.fr\/blog\/wp-content\/uploads\/2023\/06\/Criterium-du-Dauphine-2023-Julian-Alaphilippe-sadjuge-la-2eme-etape.png\",\"width\":800,\"height\":445,\"caption\":\"La deuxi\u00e8me \u00e9tape du Dauphin\u00e9, seul v\u00e9ritable coup d'\u00e9clat de la saison de Julian Alaphilippe - Photo Icon Sport\"},{\"@type\":\"BreadcrumbList\",\"@id\":\"https:\/\/dicodusport.fr\/blog\/criterium-du-dauphine-2023-julian-alaphilippe-sadjuge-la-2eme-etape\/#breadcrumb\",\"itemListElement\":[{\"@type\":\"ListItem\",\"position\":1,\"name\":\"Accueil\",\"item\":\"https:\/\/dicodusport.fr\/blog\/\"},{\"@type\":\"ListItem\",\"position\":2,\"name\":\"Crit\u00e9rium du Dauphin\u00e9 2023 : Julian Alaphilippe s&rsquo;adjuge la 2\u00e8me \u00e9tape\"}]},{\"@type\":\"WebSite\",\"@id\":\"https:\/\/dicodusport.fr\/blog\/#website\",\"url\":\"https:\/\/dicodusport.fr\/blog\/\",\"name\":\"Dicodusport\",\"description\":\"L&#039;encyclop\u00e9die de l&#039;actualit\u00e9 sportive\",\"publisher\":{\"@id\":\"https:\/\/dicodusport.fr\/blog\/#organization\"},\"potentialAction\":[{\"@type\":\"SearchAction\",\"target\":{\"@type\":\"EntryPoint\",\"urlTemplate\":\"https:\/\/dicodusport.fr\/blog\/?s={search_term_string}\"},\"query-input\":{\"@type\":\"PropertyValueSpecification\",\"valueRequired\":true,\"valueName\":\"search_term_string\"}}],\"inLanguage\":\"fr-FR\"},{\"@type\":\"NewsMediaOrganization\",\"@id\":\"https:\/\/dicodusport.fr\/blog\/#organization\",\"name\":\"Dicodusport\",\"url\":\"https:\/\/dicodusport.fr\/blog\/\",\"logo\":{\"@type\":\"ImageObject\",\"inLanguage\":\"fr-FR\",\"@id\":\"https:\/\/dicodusport.fr\/blog\/#\/schema\/logo\/image\/\",\"url\":\"https:\/\/dicodusport.fr\/blog\/wp-content\/uploads\/2020\/06\/cropped-LOGO-DICODUSPORT-2020-SANS-FOND-SANS-TEXTE.png\",\"contentUrl\":\"https:\/\/dicodusport.fr\/blog\/wp-content\/uploads\/2020\/06\/cropped-LOGO-DICODUSPORT-2020-SANS-FOND-SANS-TEXTE.png\",\"width\":512,\"height\":512,\"caption\":\"Dicodusport\"},\"image\":{\"@id\":\"https:\/\/dicodusport.fr\/blog\/#\/schema\/logo\/image\/\"},\"sameAs\":[\"https:\/\/www.facebook.com\/dicodusport\",\"https:\/\/x.com\/dicodusport\",\"https:\/\/www.instagram.com\/dicodusport\/\",\"https:\/\/www.youtube.com\/channel\/UC7V2KZ5sd3htJivAbA4ZG3w\"],\"description\":\"Dicodusport est l'encyclop\u00e9die de l'actualit\u00e9 sportive.\",\"email\":\"bonjour@dicodusport.fr\",\"legalName\":\"DICODUSPORT\",\"foundingDate\":\"2018-01-14\",\"vatID\":\"FR71834470973\",\"taxID\":\"83447097300043\",\"numberOfEmployees\":{\"@type\":\"QuantitativeValue\",\"minValue\":\"1\",\"maxValue\":\"10\"}},{\"@type\":\"Person\",\"@id\":\"https:\/\/dicodusport.fr\/blog\/#\/schema\/person\/6db4bae06b171592211be385b32876a7\",\"name\":\"Emilien Descampiaux\",\"image\":{\"@type\":\"ImageObject\",\"inLanguage\":\"fr-FR\",\"@id\":\"https:\/\/dicodusport.fr\/blog\/#\/schema\/person\/image\/\",\"url\":\"https:\/\/dicodusport.fr\/blog\/wp-content\/uploads\/2021\/05\/Emilien-Descampiaux-150x150.jpg\",\"contentUrl\":\"https:\/\/dicodusport.fr\/blog\/wp-content\/uploads\/2021\/05\/Emilien-Descampiaux-150x150.jpg\",\"caption\":\"Emilien Descampiaux\"},\"description\":\"Journaliste\/r\u00e9dacteur depuis 2014 - Fan de la classe de Frank Vandenbroucke, je vis cyclisme (et de ses paysages) depuis plus de 20 ans. Je suis tr\u00e8s impliqu\u00e9 sur mes diff\u00e9rents r\u00e9seaux sociaux pour partager ma passion sur le monde et l'Histoire de la bicyclette avec ma voix sur les images en noir et blanc du succ\u00e8s de Rik Van Steenbergen lors du Ronde sur le V\u00e9lodrome de Gand.\",\"sameAs\":[\"https:\/\/www.facebook.com\/groups\/LesRoisDuPeloton\",\"https:\/\/x.com\/https:\/\/twitter.com\/LRoisDuPeloton\"],\"url\":\"https:\/\/dicodusport.fr\/blog\/author\/emiliend\/\"}]}<\/script>\n<!-- \/ Yoast SEO Premium plugin. -->","yoast_head_json":{"title":"Crit\u00e9rium du Dauphin\u00e9 2023 : Julian Alaphilippe s'adjuge la 2\u00e8me \u00e9tape","description":"CRIT\u00c9RIUM DU DAUPHIN\u00c9 2023 - Julian Alaphilippe (Soudal Quick-Step) s'est impos\u00e9 au sprint sur la deuxi\u00e8me \u00e9tape \u00e0 La Chaise-Dieu.","robots":{"index":"index","follow":"follow","max-snippet":"max-snippet:-1","max-image-preview":"max-image-preview:large","max-video-preview":"max-video-preview:-1"},"canonical":"https:\/\/dicodusport.fr\/blog\/criterium-du-dauphine-2023-julian-alaphilippe-sadjuge-la-2eme-etape\/","og_locale":"fr_FR","og_type":"article","og_title":"Crit\u00e9rium du Dauphin\u00e9 2023 : Julian Alaphilippe s'adjuge la 2\u00e8me \u00e9tape","og_description":"CRIT\u00c9RIUM DU DAUPHIN\u00c9 2023 - Julian Alaphilippe (Soudal Quick-Step) s'est impos\u00e9 au sprint sur la deuxi\u00e8me \u00e9tape \u00e0 La Chaise-Dieu.","og_url":"https:\/\/dicodusport.fr\/blog\/criterium-du-dauphine-2023-julian-alaphilippe-sadjuge-la-2eme-etape\/","og_site_name":"Dicodusport","article_publisher":"https:\/\/www.facebook.com\/dicodusport","article_author":"https:\/\/www.facebook.com\/groups\/LesRoisDuPeloton","article_published_time":"2023-06-05T14:37:42+00:00","article_modified_time":"2023-06-05T16:05:44+00:00","og_image":[{"width":800,"height":445,"url":"https:\/\/dicodusport.fr\/blog\/wp-content\/uploads\/2023\/06\/Criterium-du-Dauphine-2023-Julian-Alaphilippe-sadjuge-la-2eme-etape.png","type":"image\/png"}],"author":"Emilien Descampiaux","twitter_card":"summary_large_image","twitter_title":"Crit\u00e9rium du Dauphin\u00e9 2023 : Julian Alaphilippe s'adjuge la 2\u00e8me \u00e9tape","twitter_creator":"@https:\/\/twitter.com\/LRoisDuPeloton","twitter_site":"@dicodusport","schema":{"@context":"https:\/\/schema.org","@graph":[{"@type":"NewsArticle","@id":"https:\/\/dicodusport.fr\/blog\/criterium-du-dauphine-2023-julian-alaphilippe-sadjuge-la-2eme-etape\/#article","isPartOf":{"@id":"https:\/\/dicodusport.fr\/blog\/criterium-du-dauphine-2023-julian-alaphilippe-sadjuge-la-2eme-etape\/"},"author":{"name":"Emilien Descampiaux","@id":"https:\/\/dicodusport.fr\/blog\/#\/schema\/person\/6db4bae06b171592211be385b32876a7"},"headline":"Crit\u00e9rium du Dauphin\u00e9 2023 : Julian Alaphilippe s&rsquo;adjuge la 2\u00e8me \u00e9tape","datePublished":"2023-06-05T14:37:42+00:00","dateModified":"2023-06-05T16:05:44+00:00","mainEntityOfPage":{"@id":"https:\/\/dicodusport.fr\/blog\/criterium-du-dauphine-2023-julian-alaphilippe-sadjuge-la-2eme-etape\/"},"wordCount":591,"commentCount":0,"publisher":{"@id":"https:\/\/dicodusport.fr\/blog\/#organization"},"image":{"@id":"https:\/\/dicodusport.fr\/blog\/criterium-du-dauphine-2023-julian-alaphilippe-sadjuge-la-2eme-etape\/#primaryimage"},"thumbnailUrl":"https:\/\/dicodusport.fr\/blog\/wp-content\/uploads\/2023\/06\/Criterium-du-Dauphine-2023-Julian-Alaphilippe-sadjuge-la-2eme-etape.png","keywords":["br\u00e8ve","Crit\u00e9rium du Dauphin\u00e9","sport"],"articleSection":["Cyclisme sur route"],"inLanguage":"fr-FR","potentialAction":[{"@type":"CommentAction","name":"Comment","target":["https:\/\/dicodusport.fr\/blog\/criterium-du-dauphine-2023-julian-alaphilippe-sadjuge-la-2eme-etape\/#respond"]}],"copyrightYear":"2023","copyrightHolder":{"@id":"https:\/\/dicodusport.fr\/blog\/#organization"}},{"@type":"WebPage","@id":"https:\/\/dicodusport.fr\/blog\/criterium-du-dauphine-2023-julian-alaphilippe-sadjuge-la-2eme-etape\/","url":"https:\/\/dicodusport.fr\/blog\/criterium-du-dauphine-2023-julian-alaphilippe-sadjuge-la-2eme-etape\/","name":"Crit\u00e9rium du Dauphin\u00e9 2023 : Julian Alaphilippe s'adjuge la 2\u00e8me \u00e9tape","isPartOf":{"@id":"https:\/\/dicodusport.fr\/blog\/#website"},"primaryImageOfPage":{"@id":"https:\/\/dicodusport.fr\/blog\/criterium-du-dauphine-2023-julian-alaphilippe-sadjuge-la-2eme-etape\/#primaryimage"},"image":{"@id":"https:\/\/dicodusport.fr\/blog\/criterium-du-dauphine-2023-julian-alaphilippe-sadjuge-la-2eme-etape\/#primaryimage"},"thumbnailUrl":"https:\/\/dicodusport.fr\/blog\/wp-content\/uploads\/2023\/06\/Criterium-du-Dauphine-2023-Julian-Alaphilippe-sadjuge-la-2eme-etape.png","datePublished":"2023-06-05T14:37:42+00:00","dateModified":"2023-06-05T16:05:44+00:00","description":"CRIT\u00c9RIUM DU DAUPHIN\u00c9 2023 - Julian Alaphilippe (Soudal Quick-Step) s'est impos\u00e9 au sprint sur la deuxi\u00e8me \u00e9tape \u00e0 La Chaise-Dieu.","breadcrumb":{"@id":"https:\/\/dicodusport.fr\/blog\/criterium-du-dauphine-2023-julian-alaphilippe-sadjuge-la-2eme-etape\/#breadcrumb"},"inLanguage":"fr-FR","potentialAction":[{"@type":"ReadAction","target":["https:\/\/dicodusport.fr\/blog\/criterium-du-dauphine-2023-julian-alaphilippe-sadjuge-la-2eme-etape\/"]}]},{"@type":"ImageObject","inLanguage":"fr-FR","@id":"https:\/\/dicodusport.fr\/blog\/criterium-du-dauphine-2023-julian-alaphilippe-sadjuge-la-2eme-etape\/#primaryimage","url":"https:\/\/dicodusport.fr\/blog\/wp-content\/uploads\/2023\/06\/Criterium-du-Dauphine-2023-Julian-Alaphilippe-sadjuge-la-2eme-etape.png","contentUrl":"https:\/\/dicodusport.fr\/blog\/wp-content\/uploads\/2023\/06\/Criterium-du-Dauphine-2023-Julian-Alaphilippe-sadjuge-la-2eme-etape.png","width":800,"height":445,"caption":"La deuxi\u00e8me \u00e9tape du Dauphin\u00e9, seul v\u00e9ritable coup d'\u00e9clat de la saison de Julian Alaphilippe - Photo Icon Sport"},{"@type":"BreadcrumbList","@id":"https:\/\/dicodusport.fr\/blog\/criterium-du-dauphine-2023-julian-alaphilippe-sadjuge-la-2eme-etape\/#breadcrumb","itemListElement":[{"@type":"ListItem","position":1,"name":"Accueil","item":"https:\/\/dicodusport.fr\/blog\/"},{"@type":"ListItem","position":2,"name":"Crit\u00e9rium du Dauphin\u00e9 2023 : Julian Alaphilippe s&rsquo;adjuge la 2\u00e8me \u00e9tape"}]},{"@type":"WebSite","@id":"https:\/\/dicodusport.fr\/blog\/#website","url":"https:\/\/dicodusport.fr\/blog\/","name":"Dicodusport","description":"L&#039;encyclop\u00e9die de l&#039;actualit\u00e9 sportive","publisher":{"@id":"https:\/\/dicodusport.fr\/blog\/#organization"},"potentialAction":[{"@type":"SearchAction","target":{"@type":"EntryPoint","urlTemplate":"https:\/\/dicodusport.fr\/blog\/?s={search_term_string}"},"query-input":{"@type":"PropertyValueSpecification","valueRequired":true,"valueName":"search_term_string"}}],"inLanguage":"fr-FR"},{"@type":"NewsMediaOrganization","@id":"https:\/\/dicodusport.fr\/blog\/#organization","name":"Dicodusport","url":"https:\/\/dicodusport.fr\/blog\/","logo":{"@type":"ImageObject","inLanguage":"fr-FR","@id":"https:\/\/dicodusport.fr\/blog\/#\/schema\/logo\/image\/","url":"https:\/\/dicodusport.fr\/blog\/wp-content\/uploads\/2020\/06\/cropped-LOGO-DICODUSPORT-2020-SANS-FOND-SANS-TEXTE.png","contentUrl":"https:\/\/dicodusport.fr\/blog\/wp-content\/uploads\/2020\/06\/cropped-LOGO-DICODUSPORT-2020-SANS-FOND-SANS-TEXTE.png","width":512,"height":512,"caption":"Dicodusport"},"image":{"@id":"https:\/\/dicodusport.fr\/blog\/#\/schema\/logo\/image\/"},"sameAs":["https:\/\/www.facebook.com\/dicodusport","https:\/\/x.com\/dicodusport","https:\/\/www.instagram.com\/dicodusport\/","https:\/\/www.youtube.com\/channel\/UC7V2KZ5sd3htJivAbA4ZG3w"],"description":"Dicodusport est l'encyclop\u00e9die de l'actualit\u00e9 sportive.","email":"bonjour@dicodusport.fr","legalName":"DICODUSPORT","foundingDate":"2018-01-14","vatID":"FR71834470973","taxID":"83447097300043","numberOfEmployees":{"@type":"QuantitativeValue","minValue":"1","maxValue":"10"}},{"@type":"Person","@id":"https:\/\/dicodusport.fr\/blog\/#\/schema\/person\/6db4bae06b171592211be385b32876a7","name":"Emilien Descampiaux","image":{"@type":"ImageObject","inLanguage":"fr-FR","@id":"https:\/\/dicodusport.fr\/blog\/#\/schema\/person\/image\/","url":"https:\/\/dicodusport.fr\/blog\/wp-content\/uploads\/2021\/05\/Emilien-Descampiaux-150x150.jpg","contentUrl":"https:\/\/dicodusport.fr\/blog\/wp-content\/uploads\/2021\/05\/Emilien-Descampiaux-150x150.jpg","caption":"Emilien Descampiaux"},"description":"Journaliste\/r\u00e9dacteur depuis 2014 - Fan de la classe de Frank Vandenbroucke, je vis cyclisme (et de ses paysages) depuis plus de 20 ans. Je suis tr\u00e8s impliqu\u00e9 sur mes diff\u00e9rents r\u00e9seaux sociaux pour partager ma passion sur le monde et l'Histoire de la bicyclette avec ma voix sur les images en noir et blanc du succ\u00e8s de Rik Van Steenbergen lors du Ronde sur le V\u00e9lodrome de Gand.","sameAs":["https:\/\/www.facebook.com\/groups\/LesRoisDuPeloton","https:\/\/x.com\/https:\/\/twitter.com\/LRoisDuPeloton"],"url":"https:\/\/dicodusport.fr\/blog\/author\/emiliend\/"}]}},"_links":{"self":[{"href":"https:\/\/dicodusport.fr\/blog\/wp-json\/wp\/v2\/posts\/388548","targetHints":{"allow":["GET"]}}],"collection":[{"href":"https:\/\/dicodusport.fr\/blog\/wp-json\/wp\/v2\/posts"}],"about":[{"href":"https:\/\/dicodusport.fr\/blog\/wp-json\/wp\/v2\/types\/post"}],"author":[{"embeddable":true,"href":"https:\/\/dicodusport.fr\/blog\/wp-json\/wp\/v2\/users\/48"}],"replies":[{"embeddable":true,"href":"https:\/\/dicodusport.fr\/blog\/wp-json\/wp\/v2\/comments?post=388548"}],"version-history":[{"count":0,"href":"https:\/\/dicodusport.fr\/blog\/wp-json\/wp\/v2\/posts\/388548\/revisions"}],"wp:featuredmedia":[{"embeddable":true,"href":"https:\/\/dicodusport.fr\/blog\/wp-json\/wp\/v2\/media\/388620"}],"wp:attachment":[{"href":"https:\/\/dicodusport.fr\/blog\/wp-json\/wp\/v2\/media?parent=388548"}],"wp:term":[{"taxonomy":"category","embeddable":true,"href":"https:\/\/dicodusport.fr\/blog\/wp-json\/wp\/v2\/categories?post=388548"},{"taxonomy":"post_tag","embeddable":true,"href":"https:\/\/dicodusport.fr\/blog\/wp-json\/wp\/v2\/tags?post=388548"}],"curies":[{"name":"wp","href":"https:\/\/api.w.org\/{rel}","templated":true}]}}