{"id":388635,"date":"2023-06-05T18:56:51","date_gmt":"2023-06-05T16:56:51","guid":{"rendered":"https:\/\/dicodusport.fr\/blog\/?p=388635&#038;preview=true&#038;preview_id=388635"},"modified":"2023-06-05T20:58:36","modified_gmt":"2023-06-05T18:58:36","slug":"wta-varvara-gracheva-naturalisee-francaise","status":"publish","type":"post","link":"https:\/\/dicodusport.fr\/blog\/wta-varvara-gracheva-naturalisee-francaise\/","title":{"rendered":"WTA : Varvara Gracheva naturalis\u00e9e fran\u00e7aise"},"content":{"rendered":"<p align=\"justify\"><em><strong>TENNIS &#8211; C&rsquo;\u00e9tait dans les tuyaux depuis quelques semaines, c&rsquo;est officiel d\u00e9sormais. Varvara Gracheva a obtenu la nationalit\u00e9 fran\u00e7aise. La 41e joueuse mondiale, qui fait un bon d\u00e9but de saison, deviendra la num\u00e9ro 2 fran\u00e7aise. Et pourra renforcer l&rsquo;\u00e9quipe en Billie Jean Cup.<\/strong><\/em><\/p>\n<p align=\"justify\"><a href=\"https:\/\/dicodusport.fr\/blog\/wta-bientot-la-nationalite-francaise-pour-varvara-gracheva\/\">On en parlait il y a quelques semaines<\/a>, c&rsquo;est dor\u00e9navant officiel. <strong>Varvara Gracheva<\/strong> vient d&rsquo;obtenir la nationalit\u00e9 fran\u00e7aise. La joueuse de 22 ans, 41e mondiale, entra\u00een\u00e9e et form\u00e9e dans l&rsquo;acad\u00e9mie \u00c9lite Tennis, avec les s\u0153urs Andreeva, a r\u00e9ussi les diff\u00e9rents tests pour acqu\u00e9rir la nationalit\u00e9. C&rsquo;est une excellente nouvelle pour le tennis fran\u00e7ais, car<strong> Varvara Gracheva<\/strong> est en pleine progression en ce d\u00e9but d&rsquo;ann\u00e9e 2023, m\u00eame si ses r\u00e9sultats sur terre battue n&rsquo;ont pas \u00e9t\u00e9 exceptionnels. Gracheva a, auparavant, atteint les 8\u00e8mes de finale de deux WTA 1000. \u00c0 Indian Wells et \u00e0 Miami. Avec des succ\u00e8s de prestige contre <strong>Daria Kasatkina<\/strong> et <strong>Ons Jabeur<\/strong>.<\/p>\n<p align=\"justify\">Avec cette naturalisation, elle deviendra num\u00e9ro 2 fran\u00e7aise, derri\u00e8re <strong>Caroline Garcia<\/strong>. Une tr\u00e8s bonne nouvelle pour l&rsquo;\u00e9quipe de France, qui pourra d\u00e9sormais compter sur elle lors de la Billie Jean Cup.<\/p>\n<blockquote class=\"twitter-tweet\">\n<p dir=\"ltr\" lang=\"fr\">.<a href=\"https:\/\/twitter.com\/franceinfo?ref_src=twsrc%5Etfw\">@franceinfo<\/a> Varvara Gracheva officiellement Fran\u00e7aise. La Russe a re\u00e7u lundi le mail confirmant sa naturalisation. Gracheva, 22 ans, est 41\u00e8me. Entra\u00een\u00e9e \u00e0 Cannes \u00e0 l\u2019Elite Tennis Center de J.R Lisnard. D\u00e9marches entam\u00e9es en 2020 avant la guerre. <a href=\"https:\/\/twitter.com\/rolandgarros?ref_src=twsrc%5Etfw\">@rolandgarros<\/a> <a href=\"https:\/\/twitter.com\/FFTennis?ref_src=twsrc%5Etfw\">@FFTennis<\/a><\/p>\n<p>\u2014 Fabrice ABGRALL (@FabriceAbgrall) <a href=\"https:\/\/twitter.com\/FabriceAbgrall\/status\/1665744787469639681?ref_src=twsrc%5Etfw\">June 5, 2023<\/a><\/p><\/blockquote>\n<p><script async src=\"https:\/\/platform.twitter.com\/widgets.js\" charset=\"utf-8\"><\/script><\/p>\n","protected":false},"excerpt":{"rendered":"<p>TENNIS &#8211; C&rsquo;\u00e9tait dans les tuyaux depuis quelques semaines, c&rsquo;est officiel d\u00e9sormais. Varvara Gracheva a obtenu la nationalit\u00e9 fran\u00e7aise. La 41e joueuse mondiale, qui fait un bon d\u00e9but de saison, deviendra la num\u00e9ro 2 fran\u00e7aise. Et pourra renforcer l&rsquo;\u00e9quipe en Billie Jean Cup.<\/p>\n","protected":false},"author":83,"featured_media":388654,"comment_status":"open","ping_status":"closed","sticky":false,"template":"","format":"standard","meta":{"_acf_changed":false,"_daextam_enable_autolinks":"","footnotes":""},"categories":[2302],"tags":[16878,24605,1398,136,2099,30584,137],"class_list":["post-388635","post","type-post","status-publish","format-standard","has-post-thumbnail","hentry","category-tennis","tag-breve","tag-circuit-wta","tag-sport-feminin","tag-tennis","tag-tennis-feminin","tag-varvara-gracheva","tag-wta"],"acf":[],"yoast_head":"<!-- This site is optimized with the Yoast SEO Premium plugin v26.7 (Yoast SEO v26.7) - https:\/\/yoast.com\/wordpress\/plugins\/seo\/ -->\n<title>WTA : Varvara Gracheva naturalis\u00e9e fran\u00e7aise<\/title>\n<meta name=\"description\" content=\"TENNIS - C&#039;\u00e9tait dans les tuyaux depuis quelques semaines, c&#039;est officiel d\u00e9sormais. Varvara Gracheva a obtenu la nationalit\u00e9 fran\u00e7aise.\" \/>\n<meta name=\"robots\" content=\"index, follow, max-snippet:-1, max-image-preview:large, max-video-preview:-1\" \/>\n<link rel=\"canonical\" href=\"https:\/\/dicodusport.fr\/blog\/wta-varvara-gracheva-naturalisee-francaise\/\" \/>\n<meta property=\"og:locale\" content=\"fr_FR\" \/>\n<meta property=\"og:type\" content=\"article\" \/>\n<meta property=\"og:title\" content=\"WTA : Varvara Gracheva naturalis\u00e9e fran\u00e7aise\" \/>\n<meta property=\"og:description\" content=\"TENNIS - C&#039;\u00e9tait dans les tuyaux depuis quelques semaines, c&#039;est officiel d\u00e9sormais. Varvara Gracheva a obtenu la nationalit\u00e9 fran\u00e7aise.\" \/>\n<meta property=\"og:url\" content=\"https:\/\/dicodusport.fr\/blog\/wta-varvara-gracheva-naturalisee-francaise\/\" \/>\n<meta property=\"og:site_name\" content=\"Dicodusport\" \/>\n<meta property=\"article:publisher\" content=\"https:\/\/www.facebook.com\/dicodusport\" \/>\n<meta property=\"article:published_time\" content=\"2023-06-05T16:56:51+00:00\" \/>\n<meta property=\"article:modified_time\" content=\"2023-06-05T18:58:36+00:00\" \/>\n<meta property=\"og:image\" content=\"https:\/\/dicodusport.fr\/blog\/wp-content\/uploads\/2023\/06\/WTA-Varvara-Gracheva-naturalisee-francaise.png\" \/>\n\t<meta property=\"og:image:width\" content=\"800\" \/>\n\t<meta property=\"og:image:height\" content=\"445\" \/>\n\t<meta property=\"og:image:type\" content=\"image\/png\" \/>\n<meta name=\"author\" content=\"Etienne Goursaud\" \/>\n<meta name=\"twitter:card\" content=\"summary_large_image\" \/>\n<meta name=\"twitter:title\" content=\"WTA : Varvara Gracheva naturalis\u00e9e fran\u00e7aise\" \/>\n<meta name=\"twitter:creator\" content=\"@dicodusport\" \/>\n<meta name=\"twitter:site\" content=\"@dicodusport\" \/>\n<script type=\"application\/ld+json\" class=\"yoast-schema-graph\">{\"@context\":\"https:\/\/schema.org\",\"@graph\":[{\"@type\":\"NewsArticle\",\"@id\":\"https:\/\/dicodusport.fr\/blog\/wta-varvara-gracheva-naturalisee-francaise\/#article\",\"isPartOf\":{\"@id\":\"https:\/\/dicodusport.fr\/blog\/wta-varvara-gracheva-naturalisee-francaise\/\"},\"author\":{\"name\":\"Etienne Goursaud\",\"@id\":\"https:\/\/dicodusport.fr\/blog\/#\/schema\/person\/d603dd7da31fb2b46c82b9835a77ec13\"},\"headline\":\"WTA : Varvara Gracheva naturalis\u00e9e fran\u00e7aise\",\"datePublished\":\"2023-06-05T16:56:51+00:00\",\"dateModified\":\"2023-06-05T18:58:36+00:00\",\"mainEntityOfPage\":{\"@id\":\"https:\/\/dicodusport.fr\/blog\/wta-varvara-gracheva-naturalisee-francaise\/\"},\"wordCount\":262,\"commentCount\":0,\"publisher\":{\"@id\":\"https:\/\/dicodusport.fr\/blog\/#organization\"},\"image\":{\"@id\":\"https:\/\/dicodusport.fr\/blog\/wta-varvara-gracheva-naturalisee-francaise\/#primaryimage\"},\"thumbnailUrl\":\"https:\/\/dicodusport.fr\/blog\/wp-content\/uploads\/2023\/06\/WTA-Varvara-Gracheva-naturalisee-francaise.png\",\"keywords\":[\"br\u00e8ve\",\"circuit wta\",\"sport f\u00e9minin\",\"Tennis\",\"tennis f\u00e9minin\",\"Varvara Gracheva\",\"wta\"],\"articleSection\":[\"Tennis\"],\"inLanguage\":\"fr-FR\",\"potentialAction\":[{\"@type\":\"CommentAction\",\"name\":\"Comment\",\"target\":[\"https:\/\/dicodusport.fr\/blog\/wta-varvara-gracheva-naturalisee-francaise\/#respond\"]}],\"copyrightYear\":\"2023\",\"copyrightHolder\":{\"@id\":\"https:\/\/dicodusport.fr\/blog\/#organization\"}},{\"@type\":\"WebPage\",\"@id\":\"https:\/\/dicodusport.fr\/blog\/wta-varvara-gracheva-naturalisee-francaise\/\",\"url\":\"https:\/\/dicodusport.fr\/blog\/wta-varvara-gracheva-naturalisee-francaise\/\",\"name\":\"WTA : Varvara Gracheva naturalis\u00e9e fran\u00e7aise\",\"isPartOf\":{\"@id\":\"https:\/\/dicodusport.fr\/blog\/#website\"},\"primaryImageOfPage\":{\"@id\":\"https:\/\/dicodusport.fr\/blog\/wta-varvara-gracheva-naturalisee-francaise\/#primaryimage\"},\"image\":{\"@id\":\"https:\/\/dicodusport.fr\/blog\/wta-varvara-gracheva-naturalisee-francaise\/#primaryimage\"},\"thumbnailUrl\":\"https:\/\/dicodusport.fr\/blog\/wp-content\/uploads\/2023\/06\/WTA-Varvara-Gracheva-naturalisee-francaise.png\",\"datePublished\":\"2023-06-05T16:56:51+00:00\",\"dateModified\":\"2023-06-05T18:58:36+00:00\",\"description\":\"TENNIS - C'\u00e9tait dans les tuyaux depuis quelques semaines, c'est officiel d\u00e9sormais. Varvara Gracheva a obtenu la nationalit\u00e9 fran\u00e7aise.\",\"breadcrumb\":{\"@id\":\"https:\/\/dicodusport.fr\/blog\/wta-varvara-gracheva-naturalisee-francaise\/#breadcrumb\"},\"inLanguage\":\"fr-FR\",\"potentialAction\":[{\"@type\":\"ReadAction\",\"target\":[\"https:\/\/dicodusport.fr\/blog\/wta-varvara-gracheva-naturalisee-francaise\/\"]}]},{\"@type\":\"ImageObject\",\"inLanguage\":\"fr-FR\",\"@id\":\"https:\/\/dicodusport.fr\/blog\/wta-varvara-gracheva-naturalisee-francaise\/#primaryimage\",\"url\":\"https:\/\/dicodusport.fr\/blog\/wp-content\/uploads\/2023\/06\/WTA-Varvara-Gracheva-naturalisee-francaise.png\",\"contentUrl\":\"https:\/\/dicodusport.fr\/blog\/wp-content\/uploads\/2023\/06\/WTA-Varvara-Gracheva-naturalisee-francaise.png\",\"width\":800,\"height\":445,\"caption\":\"WTA : Varvara Gracheva naturalis\u00e9e fran\u00e7aise\"},{\"@type\":\"BreadcrumbList\",\"@id\":\"https:\/\/dicodusport.fr\/blog\/wta-varvara-gracheva-naturalisee-francaise\/#breadcrumb\",\"itemListElement\":[{\"@type\":\"ListItem\",\"position\":1,\"name\":\"Accueil\",\"item\":\"https:\/\/dicodusport.fr\/blog\/\"},{\"@type\":\"ListItem\",\"position\":2,\"name\":\"WTA : Varvara Gracheva naturalis\u00e9e fran\u00e7aise\"}]},{\"@type\":\"WebSite\",\"@id\":\"https:\/\/dicodusport.fr\/blog\/#website\",\"url\":\"https:\/\/dicodusport.fr\/blog\/\",\"name\":\"Dicodusport\",\"description\":\"L&#039;encyclop\u00e9die de l&#039;actualit\u00e9 sportive\",\"publisher\":{\"@id\":\"https:\/\/dicodusport.fr\/blog\/#organization\"},\"potentialAction\":[{\"@type\":\"SearchAction\",\"target\":{\"@type\":\"EntryPoint\",\"urlTemplate\":\"https:\/\/dicodusport.fr\/blog\/?s={search_term_string}\"},\"query-input\":{\"@type\":\"PropertyValueSpecification\",\"valueRequired\":true,\"valueName\":\"search_term_string\"}}],\"inLanguage\":\"fr-FR\"},{\"@type\":\"NewsMediaOrganization\",\"@id\":\"https:\/\/dicodusport.fr\/blog\/#organization\",\"name\":\"Dicodusport\",\"url\":\"https:\/\/dicodusport.fr\/blog\/\",\"logo\":{\"@type\":\"ImageObject\",\"inLanguage\":\"fr-FR\",\"@id\":\"https:\/\/dicodusport.fr\/blog\/#\/schema\/logo\/image\/\",\"url\":\"https:\/\/dicodusport.fr\/blog\/wp-content\/uploads\/2020\/06\/cropped-LOGO-DICODUSPORT-2020-SANS-FOND-SANS-TEXTE.png\",\"contentUrl\":\"https:\/\/dicodusport.fr\/blog\/wp-content\/uploads\/2020\/06\/cropped-LOGO-DICODUSPORT-2020-SANS-FOND-SANS-TEXTE.png\",\"width\":512,\"height\":512,\"caption\":\"Dicodusport\"},\"image\":{\"@id\":\"https:\/\/dicodusport.fr\/blog\/#\/schema\/logo\/image\/\"},\"sameAs\":[\"https:\/\/www.facebook.com\/dicodusport\",\"https:\/\/x.com\/dicodusport\",\"https:\/\/www.instagram.com\/dicodusport\/\",\"https:\/\/www.youtube.com\/channel\/UC7V2KZ5sd3htJivAbA4ZG3w\"],\"description\":\"Dicodusport est l'encyclop\u00e9die de l'actualit\u00e9 sportive.\",\"email\":\"bonjour@dicodusport.fr\",\"legalName\":\"DICODUSPORT\",\"foundingDate\":\"2018-01-14\",\"vatID\":\"FR71834470973\",\"taxID\":\"83447097300043\",\"numberOfEmployees\":{\"@type\":\"QuantitativeValue\",\"minValue\":\"1\",\"maxValue\":\"10\"}},{\"@type\":\"Person\",\"@id\":\"https:\/\/dicodusport.fr\/blog\/#\/schema\/person\/d603dd7da31fb2b46c82b9835a77ec13\",\"name\":\"Etienne Goursaud\",\"image\":{\"@type\":\"ImageObject\",\"inLanguage\":\"fr-FR\",\"@id\":\"https:\/\/dicodusport.fr\/blog\/#\/schema\/person\/image\/\",\"url\":\"https:\/\/dicodusport.fr\/blog\/wp-content\/uploads\/2023\/12\/410122264_10231602061736049_5565839791558026645_n-150x150.jpg\",\"contentUrl\":\"https:\/\/dicodusport.fr\/blog\/wp-content\/uploads\/2023\/12\/410122264_10231602061736049_5565839791558026645_n-150x150.jpg\",\"caption\":\"Etienne Goursaud\"},\"description\":\"Journaliste et amoureux de sport. Ancien footballeur reconverti athl\u00e8te quand ses muscles le laissent tranquille. \u00c9lev\u00e9 \u00e0 la sauce des exploits de Thomas Voeckler en 2004, du dernier essai de l\u00e9gende de Eunice Barber \u00e0 la longueur lors des championnats du monde d'athl\u00e9tisme de 2003 mais aussi Zidane, Omeyer et Titou Lamaison.\",\"url\":\"https:\/\/dicodusport.fr\/blog\/author\/etienne-goursaud\/\"}]}<\/script>\n<!-- \/ Yoast SEO Premium plugin. -->","yoast_head_json":{"title":"WTA : Varvara Gracheva naturalis\u00e9e fran\u00e7aise","description":"TENNIS - C'\u00e9tait dans les tuyaux depuis quelques semaines, c'est officiel d\u00e9sormais. Varvara Gracheva a obtenu la nationalit\u00e9 fran\u00e7aise.","robots":{"index":"index","follow":"follow","max-snippet":"max-snippet:-1","max-image-preview":"max-image-preview:large","max-video-preview":"max-video-preview:-1"},"canonical":"https:\/\/dicodusport.fr\/blog\/wta-varvara-gracheva-naturalisee-francaise\/","og_locale":"fr_FR","og_type":"article","og_title":"WTA : Varvara Gracheva naturalis\u00e9e fran\u00e7aise","og_description":"TENNIS - C'\u00e9tait dans les tuyaux depuis quelques semaines, c'est officiel d\u00e9sormais. Varvara Gracheva a obtenu la nationalit\u00e9 fran\u00e7aise.","og_url":"https:\/\/dicodusport.fr\/blog\/wta-varvara-gracheva-naturalisee-francaise\/","og_site_name":"Dicodusport","article_publisher":"https:\/\/www.facebook.com\/dicodusport","article_published_time":"2023-06-05T16:56:51+00:00","article_modified_time":"2023-06-05T18:58:36+00:00","og_image":[{"width":800,"height":445,"url":"https:\/\/dicodusport.fr\/blog\/wp-content\/uploads\/2023\/06\/WTA-Varvara-Gracheva-naturalisee-francaise.png","type":"image\/png"}],"author":"Etienne Goursaud","twitter_card":"summary_large_image","twitter_title":"WTA : Varvara Gracheva naturalis\u00e9e fran\u00e7aise","twitter_creator":"@dicodusport","twitter_site":"@dicodusport","schema":{"@context":"https:\/\/schema.org","@graph":[{"@type":"NewsArticle","@id":"https:\/\/dicodusport.fr\/blog\/wta-varvara-gracheva-naturalisee-francaise\/#article","isPartOf":{"@id":"https:\/\/dicodusport.fr\/blog\/wta-varvara-gracheva-naturalisee-francaise\/"},"author":{"name":"Etienne Goursaud","@id":"https:\/\/dicodusport.fr\/blog\/#\/schema\/person\/d603dd7da31fb2b46c82b9835a77ec13"},"headline":"WTA : Varvara Gracheva naturalis\u00e9e fran\u00e7aise","datePublished":"2023-06-05T16:56:51+00:00","dateModified":"2023-06-05T18:58:36+00:00","mainEntityOfPage":{"@id":"https:\/\/dicodusport.fr\/blog\/wta-varvara-gracheva-naturalisee-francaise\/"},"wordCount":262,"commentCount":0,"publisher":{"@id":"https:\/\/dicodusport.fr\/blog\/#organization"},"image":{"@id":"https:\/\/dicodusport.fr\/blog\/wta-varvara-gracheva-naturalisee-francaise\/#primaryimage"},"thumbnailUrl":"https:\/\/dicodusport.fr\/blog\/wp-content\/uploads\/2023\/06\/WTA-Varvara-Gracheva-naturalisee-francaise.png","keywords":["br\u00e8ve","circuit wta","sport f\u00e9minin","Tennis","tennis f\u00e9minin","Varvara Gracheva","wta"],"articleSection":["Tennis"],"inLanguage":"fr-FR","potentialAction":[{"@type":"CommentAction","name":"Comment","target":["https:\/\/dicodusport.fr\/blog\/wta-varvara-gracheva-naturalisee-francaise\/#respond"]}],"copyrightYear":"2023","copyrightHolder":{"@id":"https:\/\/dicodusport.fr\/blog\/#organization"}},{"@type":"WebPage","@id":"https:\/\/dicodusport.fr\/blog\/wta-varvara-gracheva-naturalisee-francaise\/","url":"https:\/\/dicodusport.fr\/blog\/wta-varvara-gracheva-naturalisee-francaise\/","name":"WTA : Varvara Gracheva naturalis\u00e9e fran\u00e7aise","isPartOf":{"@id":"https:\/\/dicodusport.fr\/blog\/#website"},"primaryImageOfPage":{"@id":"https:\/\/dicodusport.fr\/blog\/wta-varvara-gracheva-naturalisee-francaise\/#primaryimage"},"image":{"@id":"https:\/\/dicodusport.fr\/blog\/wta-varvara-gracheva-naturalisee-francaise\/#primaryimage"},"thumbnailUrl":"https:\/\/dicodusport.fr\/blog\/wp-content\/uploads\/2023\/06\/WTA-Varvara-Gracheva-naturalisee-francaise.png","datePublished":"2023-06-05T16:56:51+00:00","dateModified":"2023-06-05T18:58:36+00:00","description":"TENNIS - C'\u00e9tait dans les tuyaux depuis quelques semaines, c'est officiel d\u00e9sormais. Varvara Gracheva a obtenu la nationalit\u00e9 fran\u00e7aise.","breadcrumb":{"@id":"https:\/\/dicodusport.fr\/blog\/wta-varvara-gracheva-naturalisee-francaise\/#breadcrumb"},"inLanguage":"fr-FR","potentialAction":[{"@type":"ReadAction","target":["https:\/\/dicodusport.fr\/blog\/wta-varvara-gracheva-naturalisee-francaise\/"]}]},{"@type":"ImageObject","inLanguage":"fr-FR","@id":"https:\/\/dicodusport.fr\/blog\/wta-varvara-gracheva-naturalisee-francaise\/#primaryimage","url":"https:\/\/dicodusport.fr\/blog\/wp-content\/uploads\/2023\/06\/WTA-Varvara-Gracheva-naturalisee-francaise.png","contentUrl":"https:\/\/dicodusport.fr\/blog\/wp-content\/uploads\/2023\/06\/WTA-Varvara-Gracheva-naturalisee-francaise.png","width":800,"height":445,"caption":"WTA : Varvara Gracheva naturalis\u00e9e fran\u00e7aise"},{"@type":"BreadcrumbList","@id":"https:\/\/dicodusport.fr\/blog\/wta-varvara-gracheva-naturalisee-francaise\/#breadcrumb","itemListElement":[{"@type":"ListItem","position":1,"name":"Accueil","item":"https:\/\/dicodusport.fr\/blog\/"},{"@type":"ListItem","position":2,"name":"WTA : Varvara Gracheva naturalis\u00e9e fran\u00e7aise"}]},{"@type":"WebSite","@id":"https:\/\/dicodusport.fr\/blog\/#website","url":"https:\/\/dicodusport.fr\/blog\/","name":"Dicodusport","description":"L&#039;encyclop\u00e9die de l&#039;actualit\u00e9 sportive","publisher":{"@id":"https:\/\/dicodusport.fr\/blog\/#organization"},"potentialAction":[{"@type":"SearchAction","target":{"@type":"EntryPoint","urlTemplate":"https:\/\/dicodusport.fr\/blog\/?s={search_term_string}"},"query-input":{"@type":"PropertyValueSpecification","valueRequired":true,"valueName":"search_term_string"}}],"inLanguage":"fr-FR"},{"@type":"NewsMediaOrganization","@id":"https:\/\/dicodusport.fr\/blog\/#organization","name":"Dicodusport","url":"https:\/\/dicodusport.fr\/blog\/","logo":{"@type":"ImageObject","inLanguage":"fr-FR","@id":"https:\/\/dicodusport.fr\/blog\/#\/schema\/logo\/image\/","url":"https:\/\/dicodusport.fr\/blog\/wp-content\/uploads\/2020\/06\/cropped-LOGO-DICODUSPORT-2020-SANS-FOND-SANS-TEXTE.png","contentUrl":"https:\/\/dicodusport.fr\/blog\/wp-content\/uploads\/2020\/06\/cropped-LOGO-DICODUSPORT-2020-SANS-FOND-SANS-TEXTE.png","width":512,"height":512,"caption":"Dicodusport"},"image":{"@id":"https:\/\/dicodusport.fr\/blog\/#\/schema\/logo\/image\/"},"sameAs":["https:\/\/www.facebook.com\/dicodusport","https:\/\/x.com\/dicodusport","https:\/\/www.instagram.com\/dicodusport\/","https:\/\/www.youtube.com\/channel\/UC7V2KZ5sd3htJivAbA4ZG3w"],"description":"Dicodusport est l'encyclop\u00e9die de l'actualit\u00e9 sportive.","email":"bonjour@dicodusport.fr","legalName":"DICODUSPORT","foundingDate":"2018-01-14","vatID":"FR71834470973","taxID":"83447097300043","numberOfEmployees":{"@type":"QuantitativeValue","minValue":"1","maxValue":"10"}},{"@type":"Person","@id":"https:\/\/dicodusport.fr\/blog\/#\/schema\/person\/d603dd7da31fb2b46c82b9835a77ec13","name":"Etienne Goursaud","image":{"@type":"ImageObject","inLanguage":"fr-FR","@id":"https:\/\/dicodusport.fr\/blog\/#\/schema\/person\/image\/","url":"https:\/\/dicodusport.fr\/blog\/wp-content\/uploads\/2023\/12\/410122264_10231602061736049_5565839791558026645_n-150x150.jpg","contentUrl":"https:\/\/dicodusport.fr\/blog\/wp-content\/uploads\/2023\/12\/410122264_10231602061736049_5565839791558026645_n-150x150.jpg","caption":"Etienne Goursaud"},"description":"Journaliste et amoureux de sport. Ancien footballeur reconverti athl\u00e8te quand ses muscles le laissent tranquille. \u00c9lev\u00e9 \u00e0 la sauce des exploits de Thomas Voeckler en 2004, du dernier essai de l\u00e9gende de Eunice Barber \u00e0 la longueur lors des championnats du monde d'athl\u00e9tisme de 2003 mais aussi Zidane, Omeyer et Titou Lamaison.","url":"https:\/\/dicodusport.fr\/blog\/author\/etienne-goursaud\/"}]}},"_links":{"self":[{"href":"https:\/\/dicodusport.fr\/blog\/wp-json\/wp\/v2\/posts\/388635","targetHints":{"allow":["GET"]}}],"collection":[{"href":"https:\/\/dicodusport.fr\/blog\/wp-json\/wp\/v2\/posts"}],"about":[{"href":"https:\/\/dicodusport.fr\/blog\/wp-json\/wp\/v2\/types\/post"}],"author":[{"embeddable":true,"href":"https:\/\/dicodusport.fr\/blog\/wp-json\/wp\/v2\/users\/83"}],"replies":[{"embeddable":true,"href":"https:\/\/dicodusport.fr\/blog\/wp-json\/wp\/v2\/comments?post=388635"}],"version-history":[{"count":0,"href":"https:\/\/dicodusport.fr\/blog\/wp-json\/wp\/v2\/posts\/388635\/revisions"}],"wp:featuredmedia":[{"embeddable":true,"href":"https:\/\/dicodusport.fr\/blog\/wp-json\/wp\/v2\/media\/388654"}],"wp:attachment":[{"href":"https:\/\/dicodusport.fr\/blog\/wp-json\/wp\/v2\/media?parent=388635"}],"wp:term":[{"taxonomy":"category","embeddable":true,"href":"https:\/\/dicodusport.fr\/blog\/wp-json\/wp\/v2\/categories?post=388635"},{"taxonomy":"post_tag","embeddable":true,"href":"https:\/\/dicodusport.fr\/blog\/wp-json\/wp\/v2\/tags?post=388635"}],"curies":[{"name":"wp","href":"https:\/\/api.w.org\/{rel}","templated":true}]}}