{"id":38878,"date":"2019-05-10T10:29:04","date_gmt":"2019-05-10T08:29:04","guid":{"rendered":"http:\/\/dicodusport.fr\/blog\/?p=38878"},"modified":"2019-05-21T18:20:45","modified_gmt":"2019-05-21T16:20:45","slug":"ligue-1-transferts-quel-mercato-estival-pour-strasbourg","status":"publish","type":"post","link":"https:\/\/dicodusport.fr\/blog\/ligue-1-transferts-quel-mercato-estival-pour-strasbourg\/","title":{"rendered":"Ligue 1 &#8211; Transferts : quel mercato estival pour Strasbourg ?"},"content":{"rendered":"<p style=\"text-align: justify;\"><em><strong>Auteur d&rsquo;une saison moyenne en championnat, le <a href=\"https:\/\/dicodusport.fr\/blog\/exemple-de-reconstruction-le-rc-strasbourg-alsace-retrouve-l-europe\/\" target=\"_blank\" rel=\"noopener\">Racing Club de Strasbourg<\/a> a su tout de m\u00eame se faire remarquer en allant chercher le 2-2 au Parc des Princes et en remportant la Coupe de la Ligue. De quoi sera fait le mercato du club alsacien ?<br \/>\n<\/strong><\/em><\/p>\n<h1 style=\"text-align: justify;\">Consolider les bases<\/h1>\n<p style=\"text-align: justify;\">Thierry Laurey a r\u00e9cemment envoy\u00e9 un superviseur pour prendre des renseignements sur <strong>Simon Deli (Slavia Prague)<\/strong>. \u00c2g\u00e9 de 27 ans, le d\u00e9fenseur central ivoirien en fin de contrat en 2020, a une valeur actuellement estim\u00e9e \u00e0 3,5 millions d\u2019euros.\u00a0Pour se renforcer sur le plan offensif, le club alsacien a un \u0153il tr\u00e8s attentif sur <strong>Ga\u00ebtan Robail (VAFC)<\/strong>. Celui qui appartient au PSG \u00e9tait pr\u00eat\u00e9 \u00e0 Valenciennes depuis un an et demi. Cette saison, il a r\u00e9ussi une saison aboutie (10 buts, 6 passes d\u00e9cisives) qui lui valent des convoitises, notamment Alsaciennes.<\/p>\n<h1 style=\"text-align: justify;\">La r\u00e9v\u00e9lation Lala<\/h1>\n<p style=\"text-align: justify;\">Auteur d&rsquo;une bonne saison, <strong>Kenny Lala<\/strong> (27 ans, 29 matchs, 4 buts et 9 passes d\u00e9cisives en L1 cette saison) est indiscutablement le Strasbourgeois de l&rsquo;ann\u00e9e. L&rsquo;ancien Lensois\u00a0pourrait quitter l&rsquo;Alsace d\u00e8s cet \u00e9t\u00e9 en cas d&rsquo;offre satisfaisante pour lui, mais aussi pour son club. Le lat\u00e9ral droit, qui a r\u00e9cemment prolong\u00e9 son contrat jusqu&rsquo;en 2021, ne sera pas brad\u00e9. L&rsquo;\u00e9tat-major alsacien pourrait commencer les discussions \u00e0 partir de 15 millions d&rsquo;euros. De grands clubs europ\u00e9ens seraient sur le coup : la Lazio de Rome, Wolfsburg, mais aussi quelques \u00e9curies anglaises.<\/p>\n<div id=\"attachment_38881\" style=\"width: 634px\" class=\"wp-caption aligncenter\"><img loading=\"lazy\" decoding=\"async\" aria-describedby=\"caption-attachment-38881\" class=\"size-full wp-image-38881\" src=\"http:\/\/dicodusport.fr\/blog\/wp-content\/uploads\/2019\/05\/Kenny-Lala-la-star-strasbourgeoise.jpg\" alt=\"\" width=\"624\" height=\"416\" srcset=\"https:\/\/dicodusport.fr\/blog\/wp-content\/uploads\/2019\/05\/Kenny-Lala-la-star-strasbourgeoise.jpg 624w, https:\/\/dicodusport.fr\/blog\/wp-content\/uploads\/2019\/05\/Kenny-Lala-la-star-strasbourgeoise-300x200.jpg 300w\" sizes=\"auto, (max-width: 624px) 100vw, 624px\" \/><p id=\"caption-attachment-38881\" class=\"wp-caption-text\">Avec une belle saison sous le maillet bleu et blanc de Strasbourg, Kenny Lala pourrait rejoindre d\u00e8s cet \u00e9t\u00e9 un club \u00e0 dimension europ\u00e9enne. Mais pas \u00e0 n&rsquo;importe quel prix &#8211; L\u2019\u00c9quipe<\/p><\/div>\n<p><strong><em>Maxime Giralt<br \/>\n<a href=\"https:\/\/www.facebook.com\/Max11me\" target=\"_blank\" rel=\"noopener\"><img loading=\"lazy\" decoding=\"async\" class=\"alignnone wp-image-2909\" src=\"http:\/\/dicodusport.fr\/blog\/wp-content\/uploads\/2017\/07\/logo-facebook.png\" alt=\"\" width=\"38\" height=\"38\" \/><\/a><\/em><\/strong><a href=\"https:\/\/l.facebook.com\/l.php?u=https%3A%2F%2Fwww.linkedin.com%2Fin%2Fmaxime-giralt-1461a917b%2F%3Ffbclid%3DIwAR2o5nEQF1MbwOxhcZA53vciCrvhvHic9QZkhVnMl6B-BY_Hnj32ZE--uew&amp;h=AT0LoCNeRcbrBR7e8K1V93ja3oJ6Y-mNjmtrSMMYYjgplVOS3HK2KUlvJOSwWegSKG3Oe3hzQbAIm94g7G6qYCFYQQWPI1BS9WhzZoe-sPpYMw4rBaFo2prjau_nWQ-RyZQ\" target=\"_blank\" rel=\"noopener\"><img loading=\"lazy\" decoding=\"async\" class=\"alignnone wp-image-3711\" src=\"http:\/\/dicodusport.fr\/blog\/wp-content\/uploads\/2017\/08\/signature-linkedin.png\" alt=\"\" width=\"38\" height=\"38\" srcset=\"https:\/\/dicodusport.fr\/blog\/wp-content\/uploads\/2017\/08\/signature-linkedin.png 295w, https:\/\/dicodusport.fr\/blog\/wp-content\/uploads\/2017\/08\/signature-linkedin-150x150.png 150w\" sizes=\"auto, (max-width: 38px) 100vw, 38px\" \/><\/a><\/p>\n","protected":false},"excerpt":{"rendered":"<p>Auteur d&rsquo;une saison moyenne en championnat, le Racing Club de Strasbourg a su tout de m\u00eame se faire remarquer en allant chercher le 2-2 au Parc des Princes et surtout en remportant la Coupe de la Ligue.<\/p>\n","protected":false},"author":38,"featured_media":38906,"comment_status":"open","ping_status":"closed","sticky":false,"template":"","format":"standard","meta":{"_acf_changed":false,"_daextam_enable_autolinks":"","footnotes":""},"categories":[2,2301],"tags":[75,5963,3601,5867,5732,2987,7550],"class_list":["post-38878","post","type-post","status-publish","format-standard","has-post-thumbnail","hentry","category-actualites","category-football","tag-football","tag-mercato-estival","tag-mercato-foot","tag-mercato-ligue-1","tag-racing-club-de-strasbourg","tag-rc-strasbourg","tag-rc-strasbourg-alsace"],"acf":[],"yoast_head":"<!-- This site is optimized with the Yoast SEO Premium plugin v26.7 (Yoast SEO v26.7) - https:\/\/yoast.com\/wordpress\/plugins\/seo\/ -->\n<title>Ligue 1 - Transferts : quel mercato estival pour Strasbourg ?<\/title>\n<meta name=\"description\" content=\"Le Racing Club de Strasbourg a su se faire remarquer en remportant la Coupe de la Ligue. De quoi sera fait le mercato du club alsacien ?\" \/>\n<meta name=\"robots\" content=\"index, follow, max-snippet:-1, max-image-preview:large, max-video-preview:-1\" \/>\n<link rel=\"canonical\" href=\"https:\/\/dicodusport.fr\/blog\/ligue-1-transferts-quel-mercato-estival-pour-strasbourg\/\" \/>\n<meta property=\"og:locale\" content=\"fr_FR\" \/>\n<meta property=\"og:type\" content=\"article\" \/>\n<meta property=\"og:title\" content=\"Ligue 1 - Transferts : quel mercato estival pour Strasbourg ?\" \/>\n<meta property=\"og:description\" content=\"Le Racing Club de Strasbourg a su se faire remarquer en remportant la Coupe de la Ligue. De quoi sera fait le mercato du club alsacien ?\" \/>\n<meta property=\"og:url\" content=\"https:\/\/dicodusport.fr\/blog\/ligue-1-transferts-quel-mercato-estival-pour-strasbourg\/\" \/>\n<meta property=\"og:site_name\" content=\"Dicodusport\" \/>\n<meta property=\"article:publisher\" content=\"https:\/\/www.facebook.com\/dicodusport\" \/>\n<meta property=\"article:published_time\" content=\"2019-05-10T08:29:04+00:00\" \/>\n<meta property=\"article:modified_time\" content=\"2019-05-21T16:20:45+00:00\" \/>\n<meta property=\"og:image\" content=\"https:\/\/dicodusport.fr\/blog\/wp-content\/uploads\/2019\/05\/Mercato-Strasbourg-2019.png\" \/>\n\t<meta property=\"og:image:width\" content=\"800\" \/>\n\t<meta property=\"og:image:height\" content=\"445\" \/>\n\t<meta property=\"og:image:type\" content=\"image\/png\" \/>\n<meta name=\"author\" content=\"Maxime Giralt\" \/>\n<meta name=\"twitter:card\" content=\"summary_large_image\" \/>\n<meta name=\"twitter:creator\" content=\"@dicodusport\" \/>\n<meta name=\"twitter:site\" content=\"@dicodusport\" \/>\n<script type=\"application\/ld+json\" class=\"yoast-schema-graph\">{\"@context\":\"https:\/\/schema.org\",\"@graph\":[{\"@type\":\"NewsArticle\",\"@id\":\"https:\/\/dicodusport.fr\/blog\/ligue-1-transferts-quel-mercato-estival-pour-strasbourg\/#article\",\"isPartOf\":{\"@id\":\"https:\/\/dicodusport.fr\/blog\/ligue-1-transferts-quel-mercato-estival-pour-strasbourg\/\"},\"author\":{\"name\":\"Maxime Giralt\",\"@id\":\"https:\/\/dicodusport.fr\/blog\/#\/schema\/person\/48bad9bec547f458f90c709b91a41248\"},\"headline\":\"Ligue 1 &#8211; Transferts : quel mercato estival pour Strasbourg ?\",\"datePublished\":\"2019-05-10T08:29:04+00:00\",\"dateModified\":\"2019-05-21T16:20:45+00:00\",\"mainEntityOfPage\":{\"@id\":\"https:\/\/dicodusport.fr\/blog\/ligue-1-transferts-quel-mercato-estival-pour-strasbourg\/\"},\"wordCount\":297,\"commentCount\":0,\"publisher\":{\"@id\":\"https:\/\/dicodusport.fr\/blog\/#organization\"},\"image\":{\"@id\":\"https:\/\/dicodusport.fr\/blog\/ligue-1-transferts-quel-mercato-estival-pour-strasbourg\/#primaryimage\"},\"thumbnailUrl\":\"https:\/\/dicodusport.fr\/blog\/wp-content\/uploads\/2019\/05\/Mercato-Strasbourg-2019.png\",\"keywords\":[\"Football\",\"mercato estival\",\"mercato foot\",\"Mercato Ligue 1\",\"Racing Club de Strasbourg\",\"RC Strasbourg\",\"RC Strasbourg Alsace\"],\"articleSection\":[\"Actualit\u00e9s\",\"Football\"],\"inLanguage\":\"fr-FR\",\"potentialAction\":[{\"@type\":\"CommentAction\",\"name\":\"Comment\",\"target\":[\"https:\/\/dicodusport.fr\/blog\/ligue-1-transferts-quel-mercato-estival-pour-strasbourg\/#respond\"]}],\"copyrightYear\":\"2019\",\"copyrightHolder\":{\"@id\":\"https:\/\/dicodusport.fr\/blog\/#organization\"}},{\"@type\":\"WebPage\",\"@id\":\"https:\/\/dicodusport.fr\/blog\/ligue-1-transferts-quel-mercato-estival-pour-strasbourg\/\",\"url\":\"https:\/\/dicodusport.fr\/blog\/ligue-1-transferts-quel-mercato-estival-pour-strasbourg\/\",\"name\":\"Ligue 1 - Transferts : quel mercato estival pour Strasbourg ?\",\"isPartOf\":{\"@id\":\"https:\/\/dicodusport.fr\/blog\/#website\"},\"primaryImageOfPage\":{\"@id\":\"https:\/\/dicodusport.fr\/blog\/ligue-1-transferts-quel-mercato-estival-pour-strasbourg\/#primaryimage\"},\"image\":{\"@id\":\"https:\/\/dicodusport.fr\/blog\/ligue-1-transferts-quel-mercato-estival-pour-strasbourg\/#primaryimage\"},\"thumbnailUrl\":\"https:\/\/dicodusport.fr\/blog\/wp-content\/uploads\/2019\/05\/Mercato-Strasbourg-2019.png\",\"datePublished\":\"2019-05-10T08:29:04+00:00\",\"dateModified\":\"2019-05-21T16:20:45+00:00\",\"description\":\"Le Racing Club de Strasbourg a su se faire remarquer en remportant la Coupe de la Ligue. De quoi sera fait le mercato du club alsacien ?\",\"breadcrumb\":{\"@id\":\"https:\/\/dicodusport.fr\/blog\/ligue-1-transferts-quel-mercato-estival-pour-strasbourg\/#breadcrumb\"},\"inLanguage\":\"fr-FR\",\"potentialAction\":[{\"@type\":\"ReadAction\",\"target\":[\"https:\/\/dicodusport.fr\/blog\/ligue-1-transferts-quel-mercato-estival-pour-strasbourg\/\"]}]},{\"@type\":\"ImageObject\",\"inLanguage\":\"fr-FR\",\"@id\":\"https:\/\/dicodusport.fr\/blog\/ligue-1-transferts-quel-mercato-estival-pour-strasbourg\/#primaryimage\",\"url\":\"https:\/\/dicodusport.fr\/blog\/wp-content\/uploads\/2019\/05\/Mercato-Strasbourg-2019.png\",\"contentUrl\":\"https:\/\/dicodusport.fr\/blog\/wp-content\/uploads\/2019\/05\/Mercato-Strasbourg-2019.png\",\"width\":800,\"height\":445},{\"@type\":\"BreadcrumbList\",\"@id\":\"https:\/\/dicodusport.fr\/blog\/ligue-1-transferts-quel-mercato-estival-pour-strasbourg\/#breadcrumb\",\"itemListElement\":[{\"@type\":\"ListItem\",\"position\":1,\"name\":\"Accueil\",\"item\":\"https:\/\/dicodusport.fr\/blog\/\"},{\"@type\":\"ListItem\",\"position\":2,\"name\":\"Ligue 1 &#8211; Transferts : quel mercato estival pour Strasbourg ?\"}]},{\"@type\":\"WebSite\",\"@id\":\"https:\/\/dicodusport.fr\/blog\/#website\",\"url\":\"https:\/\/dicodusport.fr\/blog\/\",\"name\":\"Dicodusport\",\"description\":\"L&#039;encyclop\u00e9die de l&#039;actualit\u00e9 sportive\",\"publisher\":{\"@id\":\"https:\/\/dicodusport.fr\/blog\/#organization\"},\"potentialAction\":[{\"@type\":\"SearchAction\",\"target\":{\"@type\":\"EntryPoint\",\"urlTemplate\":\"https:\/\/dicodusport.fr\/blog\/?s={search_term_string}\"},\"query-input\":{\"@type\":\"PropertyValueSpecification\",\"valueRequired\":true,\"valueName\":\"search_term_string\"}}],\"inLanguage\":\"fr-FR\"},{\"@type\":\"NewsMediaOrganization\",\"@id\":\"https:\/\/dicodusport.fr\/blog\/#organization\",\"name\":\"Dicodusport\",\"url\":\"https:\/\/dicodusport.fr\/blog\/\",\"logo\":{\"@type\":\"ImageObject\",\"inLanguage\":\"fr-FR\",\"@id\":\"https:\/\/dicodusport.fr\/blog\/#\/schema\/logo\/image\/\",\"url\":\"https:\/\/dicodusport.fr\/blog\/wp-content\/uploads\/2020\/06\/cropped-LOGO-DICODUSPORT-2020-SANS-FOND-SANS-TEXTE.png\",\"contentUrl\":\"https:\/\/dicodusport.fr\/blog\/wp-content\/uploads\/2020\/06\/cropped-LOGO-DICODUSPORT-2020-SANS-FOND-SANS-TEXTE.png\",\"width\":512,\"height\":512,\"caption\":\"Dicodusport\"},\"image\":{\"@id\":\"https:\/\/dicodusport.fr\/blog\/#\/schema\/logo\/image\/\"},\"sameAs\":[\"https:\/\/www.facebook.com\/dicodusport\",\"https:\/\/x.com\/dicodusport\",\"https:\/\/www.instagram.com\/dicodusport\/\",\"https:\/\/www.youtube.com\/channel\/UC7V2KZ5sd3htJivAbA4ZG3w\"],\"description\":\"Dicodusport est l'encyclop\u00e9die de l'actualit\u00e9 sportive.\",\"email\":\"bonjour@dicodusport.fr\",\"legalName\":\"DICODUSPORT\",\"foundingDate\":\"2018-01-14\",\"vatID\":\"FR71834470973\",\"taxID\":\"83447097300043\",\"numberOfEmployees\":{\"@type\":\"QuantitativeValue\",\"minValue\":\"1\",\"maxValue\":\"10\"}},{\"@type\":\"Person\",\"@id\":\"https:\/\/dicodusport.fr\/blog\/#\/schema\/person\/48bad9bec547f458f90c709b91a41248\",\"name\":\"Maxime Giralt\",\"image\":{\"@type\":\"ImageObject\",\"inLanguage\":\"fr-FR\",\"@id\":\"https:\/\/dicodusport.fr\/blog\/#\/schema\/person\/image\/\",\"url\":\"https:\/\/dicodusport.fr\/blog\/wp-content\/uploads\/2017\/01\/logo-dicodusport-sans-fond-150x150.png\",\"contentUrl\":\"https:\/\/dicodusport.fr\/blog\/wp-content\/uploads\/2017\/01\/logo-dicodusport-sans-fond-150x150.png\",\"caption\":\"Maxime Giralt\"},\"url\":\"https:\/\/dicodusport.fr\/blog\/author\/maxime\/\"}]}<\/script>\n<!-- \/ Yoast SEO Premium plugin. -->","yoast_head_json":{"title":"Ligue 1 - Transferts : quel mercato estival pour Strasbourg ?","description":"Le Racing Club de Strasbourg a su se faire remarquer en remportant la Coupe de la Ligue. De quoi sera fait le mercato du club alsacien ?","robots":{"index":"index","follow":"follow","max-snippet":"max-snippet:-1","max-image-preview":"max-image-preview:large","max-video-preview":"max-video-preview:-1"},"canonical":"https:\/\/dicodusport.fr\/blog\/ligue-1-transferts-quel-mercato-estival-pour-strasbourg\/","og_locale":"fr_FR","og_type":"article","og_title":"Ligue 1 - Transferts : quel mercato estival pour Strasbourg ?","og_description":"Le Racing Club de Strasbourg a su se faire remarquer en remportant la Coupe de la Ligue. De quoi sera fait le mercato du club alsacien ?","og_url":"https:\/\/dicodusport.fr\/blog\/ligue-1-transferts-quel-mercato-estival-pour-strasbourg\/","og_site_name":"Dicodusport","article_publisher":"https:\/\/www.facebook.com\/dicodusport","article_published_time":"2019-05-10T08:29:04+00:00","article_modified_time":"2019-05-21T16:20:45+00:00","og_image":[{"width":800,"height":445,"url":"https:\/\/dicodusport.fr\/blog\/wp-content\/uploads\/2019\/05\/Mercato-Strasbourg-2019.png","type":"image\/png"}],"author":"Maxime Giralt","twitter_card":"summary_large_image","twitter_creator":"@dicodusport","twitter_site":"@dicodusport","schema":{"@context":"https:\/\/schema.org","@graph":[{"@type":"NewsArticle","@id":"https:\/\/dicodusport.fr\/blog\/ligue-1-transferts-quel-mercato-estival-pour-strasbourg\/#article","isPartOf":{"@id":"https:\/\/dicodusport.fr\/blog\/ligue-1-transferts-quel-mercato-estival-pour-strasbourg\/"},"author":{"name":"Maxime Giralt","@id":"https:\/\/dicodusport.fr\/blog\/#\/schema\/person\/48bad9bec547f458f90c709b91a41248"},"headline":"Ligue 1 &#8211; Transferts : quel mercato estival pour Strasbourg ?","datePublished":"2019-05-10T08:29:04+00:00","dateModified":"2019-05-21T16:20:45+00:00","mainEntityOfPage":{"@id":"https:\/\/dicodusport.fr\/blog\/ligue-1-transferts-quel-mercato-estival-pour-strasbourg\/"},"wordCount":297,"commentCount":0,"publisher":{"@id":"https:\/\/dicodusport.fr\/blog\/#organization"},"image":{"@id":"https:\/\/dicodusport.fr\/blog\/ligue-1-transferts-quel-mercato-estival-pour-strasbourg\/#primaryimage"},"thumbnailUrl":"https:\/\/dicodusport.fr\/blog\/wp-content\/uploads\/2019\/05\/Mercato-Strasbourg-2019.png","keywords":["Football","mercato estival","mercato foot","Mercato Ligue 1","Racing Club de Strasbourg","RC Strasbourg","RC Strasbourg Alsace"],"articleSection":["Actualit\u00e9s","Football"],"inLanguage":"fr-FR","potentialAction":[{"@type":"CommentAction","name":"Comment","target":["https:\/\/dicodusport.fr\/blog\/ligue-1-transferts-quel-mercato-estival-pour-strasbourg\/#respond"]}],"copyrightYear":"2019","copyrightHolder":{"@id":"https:\/\/dicodusport.fr\/blog\/#organization"}},{"@type":"WebPage","@id":"https:\/\/dicodusport.fr\/blog\/ligue-1-transferts-quel-mercato-estival-pour-strasbourg\/","url":"https:\/\/dicodusport.fr\/blog\/ligue-1-transferts-quel-mercato-estival-pour-strasbourg\/","name":"Ligue 1 - Transferts : quel mercato estival pour Strasbourg ?","isPartOf":{"@id":"https:\/\/dicodusport.fr\/blog\/#website"},"primaryImageOfPage":{"@id":"https:\/\/dicodusport.fr\/blog\/ligue-1-transferts-quel-mercato-estival-pour-strasbourg\/#primaryimage"},"image":{"@id":"https:\/\/dicodusport.fr\/blog\/ligue-1-transferts-quel-mercato-estival-pour-strasbourg\/#primaryimage"},"thumbnailUrl":"https:\/\/dicodusport.fr\/blog\/wp-content\/uploads\/2019\/05\/Mercato-Strasbourg-2019.png","datePublished":"2019-05-10T08:29:04+00:00","dateModified":"2019-05-21T16:20:45+00:00","description":"Le Racing Club de Strasbourg a su se faire remarquer en remportant la Coupe de la Ligue. De quoi sera fait le mercato du club alsacien ?","breadcrumb":{"@id":"https:\/\/dicodusport.fr\/blog\/ligue-1-transferts-quel-mercato-estival-pour-strasbourg\/#breadcrumb"},"inLanguage":"fr-FR","potentialAction":[{"@type":"ReadAction","target":["https:\/\/dicodusport.fr\/blog\/ligue-1-transferts-quel-mercato-estival-pour-strasbourg\/"]}]},{"@type":"ImageObject","inLanguage":"fr-FR","@id":"https:\/\/dicodusport.fr\/blog\/ligue-1-transferts-quel-mercato-estival-pour-strasbourg\/#primaryimage","url":"https:\/\/dicodusport.fr\/blog\/wp-content\/uploads\/2019\/05\/Mercato-Strasbourg-2019.png","contentUrl":"https:\/\/dicodusport.fr\/blog\/wp-content\/uploads\/2019\/05\/Mercato-Strasbourg-2019.png","width":800,"height":445},{"@type":"BreadcrumbList","@id":"https:\/\/dicodusport.fr\/blog\/ligue-1-transferts-quel-mercato-estival-pour-strasbourg\/#breadcrumb","itemListElement":[{"@type":"ListItem","position":1,"name":"Accueil","item":"https:\/\/dicodusport.fr\/blog\/"},{"@type":"ListItem","position":2,"name":"Ligue 1 &#8211; Transferts : quel mercato estival pour Strasbourg ?"}]},{"@type":"WebSite","@id":"https:\/\/dicodusport.fr\/blog\/#website","url":"https:\/\/dicodusport.fr\/blog\/","name":"Dicodusport","description":"L&#039;encyclop\u00e9die de l&#039;actualit\u00e9 sportive","publisher":{"@id":"https:\/\/dicodusport.fr\/blog\/#organization"},"potentialAction":[{"@type":"SearchAction","target":{"@type":"EntryPoint","urlTemplate":"https:\/\/dicodusport.fr\/blog\/?s={search_term_string}"},"query-input":{"@type":"PropertyValueSpecification","valueRequired":true,"valueName":"search_term_string"}}],"inLanguage":"fr-FR"},{"@type":"NewsMediaOrganization","@id":"https:\/\/dicodusport.fr\/blog\/#organization","name":"Dicodusport","url":"https:\/\/dicodusport.fr\/blog\/","logo":{"@type":"ImageObject","inLanguage":"fr-FR","@id":"https:\/\/dicodusport.fr\/blog\/#\/schema\/logo\/image\/","url":"https:\/\/dicodusport.fr\/blog\/wp-content\/uploads\/2020\/06\/cropped-LOGO-DICODUSPORT-2020-SANS-FOND-SANS-TEXTE.png","contentUrl":"https:\/\/dicodusport.fr\/blog\/wp-content\/uploads\/2020\/06\/cropped-LOGO-DICODUSPORT-2020-SANS-FOND-SANS-TEXTE.png","width":512,"height":512,"caption":"Dicodusport"},"image":{"@id":"https:\/\/dicodusport.fr\/blog\/#\/schema\/logo\/image\/"},"sameAs":["https:\/\/www.facebook.com\/dicodusport","https:\/\/x.com\/dicodusport","https:\/\/www.instagram.com\/dicodusport\/","https:\/\/www.youtube.com\/channel\/UC7V2KZ5sd3htJivAbA4ZG3w"],"description":"Dicodusport est l'encyclop\u00e9die de l'actualit\u00e9 sportive.","email":"bonjour@dicodusport.fr","legalName":"DICODUSPORT","foundingDate":"2018-01-14","vatID":"FR71834470973","taxID":"83447097300043","numberOfEmployees":{"@type":"QuantitativeValue","minValue":"1","maxValue":"10"}},{"@type":"Person","@id":"https:\/\/dicodusport.fr\/blog\/#\/schema\/person\/48bad9bec547f458f90c709b91a41248","name":"Maxime Giralt","image":{"@type":"ImageObject","inLanguage":"fr-FR","@id":"https:\/\/dicodusport.fr\/blog\/#\/schema\/person\/image\/","url":"https:\/\/dicodusport.fr\/blog\/wp-content\/uploads\/2017\/01\/logo-dicodusport-sans-fond-150x150.png","contentUrl":"https:\/\/dicodusport.fr\/blog\/wp-content\/uploads\/2017\/01\/logo-dicodusport-sans-fond-150x150.png","caption":"Maxime Giralt"},"url":"https:\/\/dicodusport.fr\/blog\/author\/maxime\/"}]}},"_links":{"self":[{"href":"https:\/\/dicodusport.fr\/blog\/wp-json\/wp\/v2\/posts\/38878","targetHints":{"allow":["GET"]}}],"collection":[{"href":"https:\/\/dicodusport.fr\/blog\/wp-json\/wp\/v2\/posts"}],"about":[{"href":"https:\/\/dicodusport.fr\/blog\/wp-json\/wp\/v2\/types\/post"}],"author":[{"embeddable":true,"href":"https:\/\/dicodusport.fr\/blog\/wp-json\/wp\/v2\/users\/38"}],"replies":[{"embeddable":true,"href":"https:\/\/dicodusport.fr\/blog\/wp-json\/wp\/v2\/comments?post=38878"}],"version-history":[{"count":0,"href":"https:\/\/dicodusport.fr\/blog\/wp-json\/wp\/v2\/posts\/38878\/revisions"}],"wp:featuredmedia":[{"embeddable":true,"href":"https:\/\/dicodusport.fr\/blog\/wp-json\/wp\/v2\/media\/38906"}],"wp:attachment":[{"href":"https:\/\/dicodusport.fr\/blog\/wp-json\/wp\/v2\/media?parent=38878"}],"wp:term":[{"taxonomy":"category","embeddable":true,"href":"https:\/\/dicodusport.fr\/blog\/wp-json\/wp\/v2\/categories?post=38878"},{"taxonomy":"post_tag","embeddable":true,"href":"https:\/\/dicodusport.fr\/blog\/wp-json\/wp\/v2\/tags?post=38878"}],"curies":[{"name":"wp","href":"https:\/\/api.w.org\/{rel}","templated":true}]}}