{"id":388801,"date":"2023-06-06T15:48:13","date_gmt":"2023-06-06T13:48:13","guid":{"rendered":"https:\/\/dicodusport.fr\/blog\/?p=388801&#038;preview=true&#038;preview_id=388801"},"modified":"2023-06-13T22:50:01","modified_gmt":"2023-06-13T20:50:01","slug":"mercato-le-psg-et-lom-a-la-bagarre-pour-marcus-thuram","status":"publish","type":"post","link":"https:\/\/dicodusport.fr\/blog\/mercato-le-psg-et-lom-a-la-bagarre-pour-marcus-thuram\/","title":{"rendered":"Mercato : Le PSG et l&rsquo;OM \u00e0 la bagarre pour Marcus Thuram"},"content":{"rendered":"<p align=\"justify\"><em><b>LIGUE 1 2023-2024 &#8211; Selon La Provence et L&rsquo;\u00c9quipe, le PSG et l&rsquo;OM tentent de recruter l&rsquo;attaquant des Bleus, Marcus Thuram.\u00a0<\/b><\/em><\/p>\n<p align=\"justify\"><strong>Marcus<\/strong> <strong>Thuram<\/strong> est en fin de contrat avec le <strong>Borussia<\/strong> <strong>M\u00f6nchengladbach<\/strong> et ne prolongera pas l&rsquo;aventure en Allemagne. L&rsquo;international fran\u00e7ais veut relever un nouveau d\u00e9fi et va probablement changer de championnat. Selon <em>La Provence<\/em>, l&rsquo;<strong>Olympique de Marseille<\/strong> suit depuis longtemps l&rsquo;attaquant des Bleus, mais n&rsquo;est pas encore pass\u00e9 \u00e0 l&rsquo;action. L&rsquo;issue de cette saison pouvant conditionner un mouvement.<\/p>\n<p align=\"justify\">Mais selon <em>L&rsquo;\u00c9quipe<\/em>, le <strong>Paris Saint-Germain<\/strong> est mieux plac\u00e9 et pourrait m\u00eame rapidement passer \u00e0 l&rsquo;action. Paris veut faire de <strong>Marcus<\/strong> <strong>Thuram<\/strong> son avant-centre et le projet parisien le s\u00e9duit. Cependant, il n&rsquo;a toujours pas act\u00e9 son choix, car il ne veut pas se tromper sur son avenir, \u00e0 un an d&rsquo;une grande comp\u00e9tition, l&rsquo;Euro 2024. En plus de l&rsquo;<strong>OM<\/strong>, le <strong>PSG<\/strong> est en concurrence avec d&rsquo;autres \u00e9quipes europ\u00e9ennes.<\/p>\n<p align=\"justify\"><strong>Paris<\/strong> est confiant sur ce dossier puisque, les premiers \u00e9changes ont permis d&rsquo;avancer. <strong>Kylian<\/strong> <strong>Mbapp\u00e9<\/strong>, tr\u00e8s proche de <strong>Marcus<\/strong> <strong>Thuram<\/strong>, tente de le convaincre de le rejoindre au <strong>Paris Saint-Germain<\/strong>. Pour rappel, le PSG a d\u00e9j\u00e0 trouv\u00e9 un accord avec <strong>Marcos<\/strong> <strong>Asensio<\/strong> pour renforcer son secteur offensif la saison prochaine. Un joueur en fin de contrat, comme <strong>Marcus<\/strong> <strong>Thuram<\/strong>.<\/p>\n<blockquote class=\"twitter-tweet\">\n<p dir=\"ltr\" lang=\"fr\">\ud83d\udea8 Le PSG a pris contact avec Marcus Thuram, en fin de contrat avec M\u00f6nchengladbach.<\/p>\n<p>Le joueur est int\u00e9ress\u00e9 par le projet parisien.<\/p>\n<p>Kylian Mbapp\u00e9 tente de le convaincre de venir \u00e0 Paris.<\/p>\n<p>(<a href=\"https:\/\/twitter.com\/lequipe?ref_src=twsrc%5Etfw\">@lequipe<\/a>) <a href=\"https:\/\/t.co\/WKuMfsKsOO\">pic.twitter.com\/WKuMfsKsOO<\/a><\/p>\n<p>\u2014 Actu Foot (@ActuFoot_) <a href=\"https:\/\/twitter.com\/ActuFoot_\/status\/1666078275582537729?ref_src=twsrc%5Etfw\">June 6, 2023<\/a><\/p><\/blockquote>\n<p><script async src=\"https:\/\/platform.twitter.com\/widgets.js\" charset=\"utf-8\"><\/script><\/p>\n","protected":false},"excerpt":{"rendered":"<p>LIGUE 1 2023-2024 &#8211; Selon La Provence et L&rsquo;\u00c9quipe, le PSG et l&rsquo;OM tentent de recruter l&rsquo;attaquant des Bleus, Marcus Thuram.\u00a0<\/p>\n","protected":false},"author":1,"featured_media":388802,"comment_status":"open","ping_status":"closed","sticky":false,"template":"","format":"standard","meta":{"_acf_changed":false,"_daextam_enable_autolinks":"","footnotes":""},"categories":[2301,47045],"tags":[16878,75,7959,1889,910,17261],"class_list":["post-388801","post","type-post","status-publish","format-standard","has-post-thumbnail","hentry","category-football","category-ligue-1","tag-breve","tag-football","tag-marcus-thuram","tag-om","tag-psg","tag-thuram"],"acf":[],"yoast_head":"<!-- This site is optimized with the Yoast SEO Premium plugin v26.7 (Yoast SEO v26.7) - https:\/\/yoast.com\/wordpress\/plugins\/seo\/ -->\n<title>Mercato : Le PSG et l&#039;OM \u00e0 la bagarre pour Marcus Thuram<\/title>\n<meta name=\"description\" content=\"LIGUE 1 2023-2024 - Selon La Provence et L&#039;\u00c9quipe, le PSG et l&#039;OM tentent de recruter l&#039;attaquant des Bleus, Marcus Thuram.\u00a0\" \/>\n<meta name=\"robots\" content=\"index, follow, max-snippet:-1, max-image-preview:large, max-video-preview:-1\" \/>\n<link rel=\"canonical\" href=\"https:\/\/dicodusport.fr\/blog\/mercato-le-psg-et-lom-a-la-bagarre-pour-marcus-thuram\/\" \/>\n<meta property=\"og:locale\" content=\"fr_FR\" \/>\n<meta property=\"og:type\" content=\"article\" \/>\n<meta property=\"og:title\" content=\"Mercato : Le PSG et l&#039;OM \u00e0 la bagarre pour Marcus Thuram\" \/>\n<meta property=\"og:description\" content=\"LIGUE 1 2023-2024 - Selon La Provence et L&#039;\u00c9quipe, le PSG et l&#039;OM tentent de recruter l&#039;attaquant des Bleus, Marcus Thuram.\u00a0\" \/>\n<meta property=\"og:url\" content=\"https:\/\/dicodusport.fr\/blog\/mercato-le-psg-et-lom-a-la-bagarre-pour-marcus-thuram\/\" \/>\n<meta property=\"og:site_name\" content=\"Dicodusport\" \/>\n<meta property=\"article:publisher\" content=\"https:\/\/www.facebook.com\/dicodusport\" \/>\n<meta property=\"article:author\" content=\"https:\/\/www.facebook.com\/dicodusport\" \/>\n<meta property=\"article:published_time\" content=\"2023-06-06T13:48:13+00:00\" \/>\n<meta property=\"article:modified_time\" content=\"2023-06-13T20:50:01+00:00\" \/>\n<meta property=\"og:image\" content=\"https:\/\/dicodusport.fr\/blog\/wp-content\/uploads\/2023\/06\/Mercato-Le-PSG-et-lOM-a-la-bagarre-pour-Marcus-Thuram.png\" \/>\n\t<meta property=\"og:image:width\" content=\"800\" \/>\n\t<meta property=\"og:image:height\" content=\"445\" \/>\n\t<meta property=\"og:image:type\" content=\"image\/png\" \/>\n<meta name=\"author\" content=\"Nicolas Jacquemard\" \/>\n<meta name=\"twitter:card\" content=\"summary_large_image\" \/>\n<meta name=\"twitter:title\" content=\"Mercato : Le PSG et l&#039;OM \u00e0 la bagarre pour Marcus Thuram\" \/>\n<meta name=\"twitter:creator\" content=\"@https:\/\/twitter.com\/Nico_Jacquemard\" \/>\n<meta name=\"twitter:site\" content=\"@dicodusport\" \/>\n<script type=\"application\/ld+json\" class=\"yoast-schema-graph\">{\"@context\":\"https:\/\/schema.org\",\"@graph\":[{\"@type\":\"NewsArticle\",\"@id\":\"https:\/\/dicodusport.fr\/blog\/mercato-le-psg-et-lom-a-la-bagarre-pour-marcus-thuram\/#article\",\"isPartOf\":{\"@id\":\"https:\/\/dicodusport.fr\/blog\/mercato-le-psg-et-lom-a-la-bagarre-pour-marcus-thuram\/\"},\"author\":{\"name\":\"Nicolas Jacquemard\",\"@id\":\"https:\/\/dicodusport.fr\/blog\/#\/schema\/person\/55dcb50ad410894e431ed812bbb70191\"},\"headline\":\"Mercato : Le PSG et l&rsquo;OM \u00e0 la bagarre pour Marcus Thuram\",\"datePublished\":\"2023-06-06T13:48:13+00:00\",\"dateModified\":\"2023-06-13T20:50:01+00:00\",\"mainEntityOfPage\":{\"@id\":\"https:\/\/dicodusport.fr\/blog\/mercato-le-psg-et-lom-a-la-bagarre-pour-marcus-thuram\/\"},\"wordCount\":282,\"commentCount\":0,\"publisher\":{\"@id\":\"https:\/\/dicodusport.fr\/blog\/#organization\"},\"image\":{\"@id\":\"https:\/\/dicodusport.fr\/blog\/mercato-le-psg-et-lom-a-la-bagarre-pour-marcus-thuram\/#primaryimage\"},\"thumbnailUrl\":\"https:\/\/dicodusport.fr\/blog\/wp-content\/uploads\/2023\/06\/Mercato-Le-PSG-et-lOM-a-la-bagarre-pour-Marcus-Thuram.png\",\"keywords\":[\"br\u00e8ve\",\"Football\",\"Marcus Thuram\",\"OM\",\"PSG\",\"Thuram\"],\"articleSection\":[\"Football\",\"Ligue 1\"],\"inLanguage\":\"fr-FR\",\"potentialAction\":[{\"@type\":\"CommentAction\",\"name\":\"Comment\",\"target\":[\"https:\/\/dicodusport.fr\/blog\/mercato-le-psg-et-lom-a-la-bagarre-pour-marcus-thuram\/#respond\"]}],\"copyrightYear\":\"2023\",\"copyrightHolder\":{\"@id\":\"https:\/\/dicodusport.fr\/blog\/#organization\"}},{\"@type\":\"WebPage\",\"@id\":\"https:\/\/dicodusport.fr\/blog\/mercato-le-psg-et-lom-a-la-bagarre-pour-marcus-thuram\/\",\"url\":\"https:\/\/dicodusport.fr\/blog\/mercato-le-psg-et-lom-a-la-bagarre-pour-marcus-thuram\/\",\"name\":\"Mercato : Le PSG et l'OM \u00e0 la bagarre pour Marcus Thuram\",\"isPartOf\":{\"@id\":\"https:\/\/dicodusport.fr\/blog\/#website\"},\"primaryImageOfPage\":{\"@id\":\"https:\/\/dicodusport.fr\/blog\/mercato-le-psg-et-lom-a-la-bagarre-pour-marcus-thuram\/#primaryimage\"},\"image\":{\"@id\":\"https:\/\/dicodusport.fr\/blog\/mercato-le-psg-et-lom-a-la-bagarre-pour-marcus-thuram\/#primaryimage\"},\"thumbnailUrl\":\"https:\/\/dicodusport.fr\/blog\/wp-content\/uploads\/2023\/06\/Mercato-Le-PSG-et-lOM-a-la-bagarre-pour-Marcus-Thuram.png\",\"datePublished\":\"2023-06-06T13:48:13+00:00\",\"dateModified\":\"2023-06-13T20:50:01+00:00\",\"description\":\"LIGUE 1 2023-2024 - Selon La Provence et L'\u00c9quipe, le PSG et l'OM tentent de recruter l'attaquant des Bleus, Marcus Thuram.\u00a0\",\"breadcrumb\":{\"@id\":\"https:\/\/dicodusport.fr\/blog\/mercato-le-psg-et-lom-a-la-bagarre-pour-marcus-thuram\/#breadcrumb\"},\"inLanguage\":\"fr-FR\",\"potentialAction\":[{\"@type\":\"ReadAction\",\"target\":[\"https:\/\/dicodusport.fr\/blog\/mercato-le-psg-et-lom-a-la-bagarre-pour-marcus-thuram\/\"]}]},{\"@type\":\"ImageObject\",\"inLanguage\":\"fr-FR\",\"@id\":\"https:\/\/dicodusport.fr\/blog\/mercato-le-psg-et-lom-a-la-bagarre-pour-marcus-thuram\/#primaryimage\",\"url\":\"https:\/\/dicodusport.fr\/blog\/wp-content\/uploads\/2023\/06\/Mercato-Le-PSG-et-lOM-a-la-bagarre-pour-Marcus-Thuram.png\",\"contentUrl\":\"https:\/\/dicodusport.fr\/blog\/wp-content\/uploads\/2023\/06\/Mercato-Le-PSG-et-lOM-a-la-bagarre-pour-Marcus-Thuram.png\",\"width\":800,\"height\":445},{\"@type\":\"BreadcrumbList\",\"@id\":\"https:\/\/dicodusport.fr\/blog\/mercato-le-psg-et-lom-a-la-bagarre-pour-marcus-thuram\/#breadcrumb\",\"itemListElement\":[{\"@type\":\"ListItem\",\"position\":1,\"name\":\"Accueil\",\"item\":\"https:\/\/dicodusport.fr\/blog\/\"},{\"@type\":\"ListItem\",\"position\":2,\"name\":\"Mercato : Le PSG et l&rsquo;OM \u00e0 la bagarre pour Marcus Thuram\"}]},{\"@type\":\"WebSite\",\"@id\":\"https:\/\/dicodusport.fr\/blog\/#website\",\"url\":\"https:\/\/dicodusport.fr\/blog\/\",\"name\":\"Dicodusport\",\"description\":\"L&#039;encyclop\u00e9die de l&#039;actualit\u00e9 sportive\",\"publisher\":{\"@id\":\"https:\/\/dicodusport.fr\/blog\/#organization\"},\"potentialAction\":[{\"@type\":\"SearchAction\",\"target\":{\"@type\":\"EntryPoint\",\"urlTemplate\":\"https:\/\/dicodusport.fr\/blog\/?s={search_term_string}\"},\"query-input\":{\"@type\":\"PropertyValueSpecification\",\"valueRequired\":true,\"valueName\":\"search_term_string\"}}],\"inLanguage\":\"fr-FR\"},{\"@type\":\"NewsMediaOrganization\",\"@id\":\"https:\/\/dicodusport.fr\/blog\/#organization\",\"name\":\"Dicodusport\",\"url\":\"https:\/\/dicodusport.fr\/blog\/\",\"logo\":{\"@type\":\"ImageObject\",\"inLanguage\":\"fr-FR\",\"@id\":\"https:\/\/dicodusport.fr\/blog\/#\/schema\/logo\/image\/\",\"url\":\"https:\/\/dicodusport.fr\/blog\/wp-content\/uploads\/2020\/06\/cropped-LOGO-DICODUSPORT-2020-SANS-FOND-SANS-TEXTE.png\",\"contentUrl\":\"https:\/\/dicodusport.fr\/blog\/wp-content\/uploads\/2020\/06\/cropped-LOGO-DICODUSPORT-2020-SANS-FOND-SANS-TEXTE.png\",\"width\":512,\"height\":512,\"caption\":\"Dicodusport\"},\"image\":{\"@id\":\"https:\/\/dicodusport.fr\/blog\/#\/schema\/logo\/image\/\"},\"sameAs\":[\"https:\/\/www.facebook.com\/dicodusport\",\"https:\/\/x.com\/dicodusport\",\"https:\/\/www.instagram.com\/dicodusport\/\",\"https:\/\/www.youtube.com\/channel\/UC7V2KZ5sd3htJivAbA4ZG3w\"],\"description\":\"Dicodusport est l'encyclop\u00e9die de l'actualit\u00e9 sportive.\",\"email\":\"bonjour@dicodusport.fr\",\"legalName\":\"DICODUSPORT\",\"foundingDate\":\"2018-01-14\",\"vatID\":\"FR71834470973\",\"taxID\":\"83447097300043\",\"numberOfEmployees\":{\"@type\":\"QuantitativeValue\",\"minValue\":\"1\",\"maxValue\":\"10\"}},{\"@type\":\"Person\",\"@id\":\"https:\/\/dicodusport.fr\/blog\/#\/schema\/person\/55dcb50ad410894e431ed812bbb70191\",\"name\":\"Nicolas Jacquemard\",\"image\":{\"@type\":\"ImageObject\",\"inLanguage\":\"fr-FR\",\"@id\":\"https:\/\/dicodusport.fr\/blog\/#\/schema\/person\/image\/\",\"url\":\"https:\/\/dicodusport.fr\/blog\/wp-content\/uploads\/2021\/05\/Nicolas-Jacquemard-150x150.jpeg\",\"contentUrl\":\"https:\/\/dicodusport.fr\/blog\/wp-content\/uploads\/2021\/05\/Nicolas-Jacquemard-150x150.jpeg\",\"caption\":\"Nicolas Jacquemard\"},\"description\":\"Passionn\u00e9 de sport et entrepreneur depuis mes 18 ans, la cr\u00e9ation de Dicodusport m'a sembl\u00e9 \u00e9vidente pour participer \u00e0 la m\u00e9diatisation d'un plus grand nombre de sports. Le chemin est long mais avec une \u00e9quipe des plus motiv\u00e9es et les Jeux Olympiques de Paris 2024 en point de mire, nous y arriverons ! Journaliste dans le monde du sport depuis plus de 5 ans, je traite aussi bien de football, de rugby, de biathlon que de cyclisme.\",\"sameAs\":[\"https:\/\/www.facebook.com\/dicodusport\",\"https:\/\/x.com\/https:\/\/twitter.com\/Nico_Jacquemard\"],\"url\":\"https:\/\/dicodusport.fr\/blog\/author\/dicodusport\/\"}]}<\/script>\n<!-- \/ Yoast SEO Premium plugin. -->","yoast_head_json":{"title":"Mercato : Le PSG et l'OM \u00e0 la bagarre pour Marcus Thuram","description":"LIGUE 1 2023-2024 - Selon La Provence et L'\u00c9quipe, le PSG et l'OM tentent de recruter l'attaquant des Bleus, Marcus Thuram.\u00a0","robots":{"index":"index","follow":"follow","max-snippet":"max-snippet:-1","max-image-preview":"max-image-preview:large","max-video-preview":"max-video-preview:-1"},"canonical":"https:\/\/dicodusport.fr\/blog\/mercato-le-psg-et-lom-a-la-bagarre-pour-marcus-thuram\/","og_locale":"fr_FR","og_type":"article","og_title":"Mercato : Le PSG et l'OM \u00e0 la bagarre pour Marcus Thuram","og_description":"LIGUE 1 2023-2024 - Selon La Provence et L'\u00c9quipe, le PSG et l'OM tentent de recruter l'attaquant des Bleus, Marcus Thuram.\u00a0","og_url":"https:\/\/dicodusport.fr\/blog\/mercato-le-psg-et-lom-a-la-bagarre-pour-marcus-thuram\/","og_site_name":"Dicodusport","article_publisher":"https:\/\/www.facebook.com\/dicodusport","article_author":"https:\/\/www.facebook.com\/dicodusport","article_published_time":"2023-06-06T13:48:13+00:00","article_modified_time":"2023-06-13T20:50:01+00:00","og_image":[{"width":800,"height":445,"url":"https:\/\/dicodusport.fr\/blog\/wp-content\/uploads\/2023\/06\/Mercato-Le-PSG-et-lOM-a-la-bagarre-pour-Marcus-Thuram.png","type":"image\/png"}],"author":"Nicolas Jacquemard","twitter_card":"summary_large_image","twitter_title":"Mercato : Le PSG et l'OM \u00e0 la bagarre pour Marcus Thuram","twitter_creator":"@https:\/\/twitter.com\/Nico_Jacquemard","twitter_site":"@dicodusport","schema":{"@context":"https:\/\/schema.org","@graph":[{"@type":"NewsArticle","@id":"https:\/\/dicodusport.fr\/blog\/mercato-le-psg-et-lom-a-la-bagarre-pour-marcus-thuram\/#article","isPartOf":{"@id":"https:\/\/dicodusport.fr\/blog\/mercato-le-psg-et-lom-a-la-bagarre-pour-marcus-thuram\/"},"author":{"name":"Nicolas Jacquemard","@id":"https:\/\/dicodusport.fr\/blog\/#\/schema\/person\/55dcb50ad410894e431ed812bbb70191"},"headline":"Mercato : Le PSG et l&rsquo;OM \u00e0 la bagarre pour Marcus Thuram","datePublished":"2023-06-06T13:48:13+00:00","dateModified":"2023-06-13T20:50:01+00:00","mainEntityOfPage":{"@id":"https:\/\/dicodusport.fr\/blog\/mercato-le-psg-et-lom-a-la-bagarre-pour-marcus-thuram\/"},"wordCount":282,"commentCount":0,"publisher":{"@id":"https:\/\/dicodusport.fr\/blog\/#organization"},"image":{"@id":"https:\/\/dicodusport.fr\/blog\/mercato-le-psg-et-lom-a-la-bagarre-pour-marcus-thuram\/#primaryimage"},"thumbnailUrl":"https:\/\/dicodusport.fr\/blog\/wp-content\/uploads\/2023\/06\/Mercato-Le-PSG-et-lOM-a-la-bagarre-pour-Marcus-Thuram.png","keywords":["br\u00e8ve","Football","Marcus Thuram","OM","PSG","Thuram"],"articleSection":["Football","Ligue 1"],"inLanguage":"fr-FR","potentialAction":[{"@type":"CommentAction","name":"Comment","target":["https:\/\/dicodusport.fr\/blog\/mercato-le-psg-et-lom-a-la-bagarre-pour-marcus-thuram\/#respond"]}],"copyrightYear":"2023","copyrightHolder":{"@id":"https:\/\/dicodusport.fr\/blog\/#organization"}},{"@type":"WebPage","@id":"https:\/\/dicodusport.fr\/blog\/mercato-le-psg-et-lom-a-la-bagarre-pour-marcus-thuram\/","url":"https:\/\/dicodusport.fr\/blog\/mercato-le-psg-et-lom-a-la-bagarre-pour-marcus-thuram\/","name":"Mercato : Le PSG et l'OM \u00e0 la bagarre pour Marcus Thuram","isPartOf":{"@id":"https:\/\/dicodusport.fr\/blog\/#website"},"primaryImageOfPage":{"@id":"https:\/\/dicodusport.fr\/blog\/mercato-le-psg-et-lom-a-la-bagarre-pour-marcus-thuram\/#primaryimage"},"image":{"@id":"https:\/\/dicodusport.fr\/blog\/mercato-le-psg-et-lom-a-la-bagarre-pour-marcus-thuram\/#primaryimage"},"thumbnailUrl":"https:\/\/dicodusport.fr\/blog\/wp-content\/uploads\/2023\/06\/Mercato-Le-PSG-et-lOM-a-la-bagarre-pour-Marcus-Thuram.png","datePublished":"2023-06-06T13:48:13+00:00","dateModified":"2023-06-13T20:50:01+00:00","description":"LIGUE 1 2023-2024 - Selon La Provence et L'\u00c9quipe, le PSG et l'OM tentent de recruter l'attaquant des Bleus, Marcus Thuram.\u00a0","breadcrumb":{"@id":"https:\/\/dicodusport.fr\/blog\/mercato-le-psg-et-lom-a-la-bagarre-pour-marcus-thuram\/#breadcrumb"},"inLanguage":"fr-FR","potentialAction":[{"@type":"ReadAction","target":["https:\/\/dicodusport.fr\/blog\/mercato-le-psg-et-lom-a-la-bagarre-pour-marcus-thuram\/"]}]},{"@type":"ImageObject","inLanguage":"fr-FR","@id":"https:\/\/dicodusport.fr\/blog\/mercato-le-psg-et-lom-a-la-bagarre-pour-marcus-thuram\/#primaryimage","url":"https:\/\/dicodusport.fr\/blog\/wp-content\/uploads\/2023\/06\/Mercato-Le-PSG-et-lOM-a-la-bagarre-pour-Marcus-Thuram.png","contentUrl":"https:\/\/dicodusport.fr\/blog\/wp-content\/uploads\/2023\/06\/Mercato-Le-PSG-et-lOM-a-la-bagarre-pour-Marcus-Thuram.png","width":800,"height":445},{"@type":"BreadcrumbList","@id":"https:\/\/dicodusport.fr\/blog\/mercato-le-psg-et-lom-a-la-bagarre-pour-marcus-thuram\/#breadcrumb","itemListElement":[{"@type":"ListItem","position":1,"name":"Accueil","item":"https:\/\/dicodusport.fr\/blog\/"},{"@type":"ListItem","position":2,"name":"Mercato : Le PSG et l&rsquo;OM \u00e0 la bagarre pour Marcus Thuram"}]},{"@type":"WebSite","@id":"https:\/\/dicodusport.fr\/blog\/#website","url":"https:\/\/dicodusport.fr\/blog\/","name":"Dicodusport","description":"L&#039;encyclop\u00e9die de l&#039;actualit\u00e9 sportive","publisher":{"@id":"https:\/\/dicodusport.fr\/blog\/#organization"},"potentialAction":[{"@type":"SearchAction","target":{"@type":"EntryPoint","urlTemplate":"https:\/\/dicodusport.fr\/blog\/?s={search_term_string}"},"query-input":{"@type":"PropertyValueSpecification","valueRequired":true,"valueName":"search_term_string"}}],"inLanguage":"fr-FR"},{"@type":"NewsMediaOrganization","@id":"https:\/\/dicodusport.fr\/blog\/#organization","name":"Dicodusport","url":"https:\/\/dicodusport.fr\/blog\/","logo":{"@type":"ImageObject","inLanguage":"fr-FR","@id":"https:\/\/dicodusport.fr\/blog\/#\/schema\/logo\/image\/","url":"https:\/\/dicodusport.fr\/blog\/wp-content\/uploads\/2020\/06\/cropped-LOGO-DICODUSPORT-2020-SANS-FOND-SANS-TEXTE.png","contentUrl":"https:\/\/dicodusport.fr\/blog\/wp-content\/uploads\/2020\/06\/cropped-LOGO-DICODUSPORT-2020-SANS-FOND-SANS-TEXTE.png","width":512,"height":512,"caption":"Dicodusport"},"image":{"@id":"https:\/\/dicodusport.fr\/blog\/#\/schema\/logo\/image\/"},"sameAs":["https:\/\/www.facebook.com\/dicodusport","https:\/\/x.com\/dicodusport","https:\/\/www.instagram.com\/dicodusport\/","https:\/\/www.youtube.com\/channel\/UC7V2KZ5sd3htJivAbA4ZG3w"],"description":"Dicodusport est l'encyclop\u00e9die de l'actualit\u00e9 sportive.","email":"bonjour@dicodusport.fr","legalName":"DICODUSPORT","foundingDate":"2018-01-14","vatID":"FR71834470973","taxID":"83447097300043","numberOfEmployees":{"@type":"QuantitativeValue","minValue":"1","maxValue":"10"}},{"@type":"Person","@id":"https:\/\/dicodusport.fr\/blog\/#\/schema\/person\/55dcb50ad410894e431ed812bbb70191","name":"Nicolas Jacquemard","image":{"@type":"ImageObject","inLanguage":"fr-FR","@id":"https:\/\/dicodusport.fr\/blog\/#\/schema\/person\/image\/","url":"https:\/\/dicodusport.fr\/blog\/wp-content\/uploads\/2021\/05\/Nicolas-Jacquemard-150x150.jpeg","contentUrl":"https:\/\/dicodusport.fr\/blog\/wp-content\/uploads\/2021\/05\/Nicolas-Jacquemard-150x150.jpeg","caption":"Nicolas Jacquemard"},"description":"Passionn\u00e9 de sport et entrepreneur depuis mes 18 ans, la cr\u00e9ation de Dicodusport m'a sembl\u00e9 \u00e9vidente pour participer \u00e0 la m\u00e9diatisation d'un plus grand nombre de sports. Le chemin est long mais avec une \u00e9quipe des plus motiv\u00e9es et les Jeux Olympiques de Paris 2024 en point de mire, nous y arriverons ! Journaliste dans le monde du sport depuis plus de 5 ans, je traite aussi bien de football, de rugby, de biathlon que de cyclisme.","sameAs":["https:\/\/www.facebook.com\/dicodusport","https:\/\/x.com\/https:\/\/twitter.com\/Nico_Jacquemard"],"url":"https:\/\/dicodusport.fr\/blog\/author\/dicodusport\/"}]}},"_links":{"self":[{"href":"https:\/\/dicodusport.fr\/blog\/wp-json\/wp\/v2\/posts\/388801","targetHints":{"allow":["GET"]}}],"collection":[{"href":"https:\/\/dicodusport.fr\/blog\/wp-json\/wp\/v2\/posts"}],"about":[{"href":"https:\/\/dicodusport.fr\/blog\/wp-json\/wp\/v2\/types\/post"}],"author":[{"embeddable":true,"href":"https:\/\/dicodusport.fr\/blog\/wp-json\/wp\/v2\/users\/1"}],"replies":[{"embeddable":true,"href":"https:\/\/dicodusport.fr\/blog\/wp-json\/wp\/v2\/comments?post=388801"}],"version-history":[{"count":0,"href":"https:\/\/dicodusport.fr\/blog\/wp-json\/wp\/v2\/posts\/388801\/revisions"}],"wp:featuredmedia":[{"embeddable":true,"href":"https:\/\/dicodusport.fr\/blog\/wp-json\/wp\/v2\/media\/388802"}],"wp:attachment":[{"href":"https:\/\/dicodusport.fr\/blog\/wp-json\/wp\/v2\/media?parent=388801"}],"wp:term":[{"taxonomy":"category","embeddable":true,"href":"https:\/\/dicodusport.fr\/blog\/wp-json\/wp\/v2\/categories?post=388801"},{"taxonomy":"post_tag","embeddable":true,"href":"https:\/\/dicodusport.fr\/blog\/wp-json\/wp\/v2\/tags?post=388801"}],"curies":[{"name":"wp","href":"https:\/\/api.w.org\/{rel}","templated":true}]}}