{"id":388811,"date":"2023-06-06T16:23:15","date_gmt":"2023-06-06T14:23:15","guid":{"rendered":"https:\/\/dicodusport.fr\/blog\/?p=388811&#038;preview=true&#038;preview_id=388811"},"modified":"2023-06-06T22:56:17","modified_gmt":"2023-06-06T20:56:17","slug":"equipe-de-france-feminine-la-liste-des-26-dherve-renard-pour-preparer-la-coupe-du-monde","status":"publish","type":"post","link":"https:\/\/dicodusport.fr\/blog\/equipe-de-france-feminine-la-liste-des-26-dherve-renard-pour-preparer-la-coupe-du-monde\/","title":{"rendered":"\u00c9quipe de France f\u00e9minine : La liste des 26 d&rsquo;Herv\u00e9 Renard pour pr\u00e9parer la Coupe du monde"},"content":{"rendered":"<p style=\"text-align: justify;\" align=\"justify\"><em><strong>\u00c9QUIPE DE FRANCE FEMMES DE FOOTBALL &#8211; La Coupe du monde aura lieu le mois prochain, et Herv\u00e9 Renard vient de d\u00e9voiler une liste de 26 joueuses pour la pr\u00e9paration de l&rsquo;\u00e9v\u00e8nement, qui sera ramen\u00e9e \u00e0 23 noms ensuite.\u00a0<\/strong><\/em><\/p>\n<p style=\"text-align: justify;\" align=\"justify\">Du 20 juillet au 20 ao\u00fbt prochain, la Coupe du monde f\u00e9minine de football aura lieu. Apr\u00e8s les nombreux soubresauts de ces derniers mois, l&rsquo;\u00e9quipe de France esp\u00e8re une grande performance, puisque la FFF a donn\u00e9 comme objectif le dernier carr\u00e9 \u00e0 <strong>Herv\u00e9 Renard<\/strong>. Le s\u00e9lectionneur vient d&rsquo;annoncer une liste de 26 pour entamer la pr\u00e9paration.<\/p>\n<p style=\"text-align: justify;\" align=\"justify\">Par la suite, il communiquera la liste finale des 23 joueuses retenues qui s&rsquo;envoleront pour l&rsquo;Australie et la Nouvelle-Z\u00e9lande. Pas de grande surprise, certaines absences \u00e9tant d\u00e9j\u00e0 act\u00e9es, comme celles de <strong>Delphine Cascarino<\/strong>, ou de <strong>Marie-Antoinette Katoto<\/strong>. Comme attendu, Amandine Henry effectue bien son retour, au contraire de Kheira Hamraoui.<\/p>\n<h2 style=\"text-align: justify;\" align=\"justify\">La liste des 26<\/h2>\n<p style=\"text-align: justify;\"><strong>Gardiennes<\/strong><\/p>\n<ul class=\"list_unordered\" style=\"text-align: justify;\">\n<li>Myl\u00e8ne Chavas<\/li>\n<li>Sol\u00e8ne Durand<\/li>\n<li>Pauline Peyraud-Magnin<\/li>\n<li>Constance Picaud<\/li>\n<\/ul>\n<p style=\"text-align: justify;\"><strong>D\u00e9fenseures<\/strong><\/p>\n<ul class=\"list_unordered\" style=\"text-align: justify;\">\n<li>Selma Bacha<\/li>\n<li>Estelle Cascarino<\/li>\n<li>Elisa de Almeida<\/li>\n<li>Sakina Karchaoui<\/li>\n<li>Ma\u00eblle Lakrar<\/li>\n<li>Eve Perisset<\/li>\n<li>Wendie Renard<\/li>\n<li>Aissatou Tounkara<\/li>\n<\/ul>\n<p style=\"text-align: justify;\"><strong>Milieux<\/strong><\/p>\n<ul class=\"list_unordered\" style=\"text-align: justify;\">\n<li>Kenza Dali<\/li>\n<li>Laurina Fazer<\/li>\n<li>Grace Geyoro<\/li>\n<li>Amandine Henry<\/li>\n<li>Oriane Jean-Fran\u00e7ois<\/li>\n<li>L\u00e9a Le Garrec<\/li>\n<li>Amel Majri<\/li>\n<li>Sandie Toletti<\/li>\n<\/ul>\n<p style=\"text-align: justify;\"><strong>Attaquantes<\/strong><\/p>\n<ul class=\"list_unordered\" style=\"text-align: justify;\">\n<li>Viviane Asseyi<\/li>\n<li>Vicki Becho<\/li>\n<li>Kadidiatou Diani<\/li>\n<li>Eug\u00e9nie Le Sommer<\/li>\n<li>Clara Mateo<\/li>\n<li>Naomie Feller<\/li>\n<\/ul>\n<blockquote class=\"twitter-tweet\">\n<p dir=\"ltr\" lang=\"fr\">Direction l\u2019Australie \ud83e\udd98\ud83c\udf0f<br \/>\nLes 2\ufe0f\u20e36\ufe0f\u20e3 Bleues appel\u00e9es pour la \ud835\udc02\ud835\udc28\ud835\udc2e\ud835\udc29\ud835\udc1e \ud835\udc1d\ud835\udc2e \ud835\udc0c\ud835\udc28\ud835\udc27\ud835\udc1d\ud835\udc1e \ud83c\udfc6<a href=\"https:\/\/twitter.com\/hashtag\/FiersdetreBleues?src=hash&amp;ref_src=twsrc%5Etfw\">#FiersdetreBleues<\/a> <a href=\"https:\/\/t.co\/JIi3Z5YVJc\">pic.twitter.com\/JIi3Z5YVJc<\/a><\/p>\n<p>\u2014 Equipe de France F\u00e9minine (@equipedefranceF) <a href=\"https:\/\/twitter.com\/equipedefranceF\/status\/1666083299473887232?ref_src=twsrc%5Etfw\">June 6, 2023<\/a><\/p><\/blockquote>\n<p style=\"text-align: justify;\"><script async src=\"https:\/\/platform.twitter.com\/widgets.js\" charset=\"utf-8\"><\/script><\/p>\n","protected":false},"excerpt":{"rendered":"<p>\u00c9QUIPE DE FRANCE FEMMES DE FOOTBALL &#8211; La Coupe du monde aura lieu le mois prochain, et Herv\u00e9 Renard vient de d\u00e9voiler une liste de 26 joueuses pour la pr\u00e9paration de l&rsquo;\u00e9v\u00e8nement, qui sera ramen\u00e9e \u00e0 23 noms ensuite.\u00a0<\/p>\n","protected":false},"author":59,"featured_media":388813,"comment_status":"open","ping_status":"closed","sticky":false,"template":"","format":"standard","meta":{"_acf_changed":false,"_daextam_enable_autolinks":"","footnotes":""},"categories":[2301],"tags":[16878,6653,75,5019],"class_list":["post-388811","post","type-post","status-publish","format-standard","has-post-thumbnail","hentry","category-football","tag-breve","tag-equipe-de-france-feminine-de-football","tag-football","tag-herve-renard"],"acf":[],"yoast_head":"<!-- This site is optimized with the Yoast SEO Premium plugin v26.7 (Yoast SEO v26.7) - https:\/\/yoast.com\/wordpress\/plugins\/seo\/ -->\n<title>\u00c9quipe de France f\u00e9minine : La liste des 26 d&#039;Herv\u00e9 Renard pour pr\u00e9parer la Coupe du monde<\/title>\n<meta name=\"description\" content=\"\u00c9QUIPE DE FRANCE FEMMES DE FOOTBALL - Herv\u00e9 Renard vient de d\u00e9voiler une liste de 26 joueuses pour la pr\u00e9paration de l&#039;\u00e9v\u00e8nement.\" \/>\n<meta name=\"robots\" content=\"index, follow, max-snippet:-1, max-image-preview:large, max-video-preview:-1\" \/>\n<link rel=\"canonical\" href=\"https:\/\/dicodusport.fr\/blog\/equipe-de-france-feminine-la-liste-des-26-dherve-renard-pour-preparer-la-coupe-du-monde\/\" \/>\n<meta property=\"og:locale\" content=\"fr_FR\" \/>\n<meta property=\"og:type\" content=\"article\" \/>\n<meta property=\"og:title\" content=\"\u00c9quipe de France f\u00e9minine : La liste des 26 d&#039;Herv\u00e9 Renard pour pr\u00e9parer la Coupe du monde\" \/>\n<meta property=\"og:description\" content=\"\u00c9QUIPE DE FRANCE FEMMES DE FOOTBALL - Herv\u00e9 Renard vient de d\u00e9voiler une liste de 26 joueuses pour la pr\u00e9paration de l&#039;\u00e9v\u00e8nement.\" \/>\n<meta property=\"og:url\" content=\"https:\/\/dicodusport.fr\/blog\/equipe-de-france-feminine-la-liste-des-26-dherve-renard-pour-preparer-la-coupe-du-monde\/\" \/>\n<meta property=\"og:site_name\" content=\"Dicodusport\" \/>\n<meta property=\"article:publisher\" content=\"https:\/\/www.facebook.com\/dicodusport\" \/>\n<meta property=\"article:author\" content=\"https:\/\/www.facebook.com\/sebastien.gente\/\" \/>\n<meta property=\"article:published_time\" content=\"2023-06-06T14:23:15+00:00\" \/>\n<meta property=\"article:modified_time\" content=\"2023-06-06T20:56:17+00:00\" \/>\n<meta property=\"og:image\" content=\"https:\/\/dicodusport.fr\/blog\/wp-content\/uploads\/2023\/06\/Equipe-de-France-feminine-La-liste-des-26-dHerve-Renard-pour-preparer-la-Coupe-du-monde.png\" \/>\n\t<meta property=\"og:image:width\" content=\"800\" \/>\n\t<meta property=\"og:image:height\" content=\"445\" \/>\n\t<meta property=\"og:image:type\" content=\"image\/png\" \/>\n<meta name=\"author\" content=\"S\u00e9bastien Gente\" \/>\n<meta name=\"twitter:card\" content=\"summary_large_image\" \/>\n<meta name=\"twitter:title\" content=\"\u00c9quipe de France f\u00e9minine : La liste des 26 d&#039;Herv\u00e9 Renard pour pr\u00e9parer la Coupe du monde\" \/>\n<meta name=\"twitter:creator\" content=\"@https:\/\/twitter.com\/globulo24\" \/>\n<meta name=\"twitter:site\" content=\"@dicodusport\" \/>\n<script type=\"application\/ld+json\" class=\"yoast-schema-graph\">{\"@context\":\"https:\/\/schema.org\",\"@graph\":[{\"@type\":\"NewsArticle\",\"@id\":\"https:\/\/dicodusport.fr\/blog\/equipe-de-france-feminine-la-liste-des-26-dherve-renard-pour-preparer-la-coupe-du-monde\/#article\",\"isPartOf\":{\"@id\":\"https:\/\/dicodusport.fr\/blog\/equipe-de-france-feminine-la-liste-des-26-dherve-renard-pour-preparer-la-coupe-du-monde\/\"},\"author\":{\"name\":\"S\u00e9bastien Gente\",\"@id\":\"https:\/\/dicodusport.fr\/blog\/#\/schema\/person\/627966a6cde45dbd8c5e36ac85d783da\"},\"headline\":\"\u00c9quipe de France f\u00e9minine : La liste des 26 d&rsquo;Herv\u00e9 Renard pour pr\u00e9parer la Coupe du monde\",\"datePublished\":\"2023-06-06T14:23:15+00:00\",\"dateModified\":\"2023-06-06T20:56:17+00:00\",\"mainEntityOfPage\":{\"@id\":\"https:\/\/dicodusport.fr\/blog\/equipe-de-france-feminine-la-liste-des-26-dherve-renard-pour-preparer-la-coupe-du-monde\/\"},\"wordCount\":265,\"commentCount\":0,\"publisher\":{\"@id\":\"https:\/\/dicodusport.fr\/blog\/#organization\"},\"image\":{\"@id\":\"https:\/\/dicodusport.fr\/blog\/equipe-de-france-feminine-la-liste-des-26-dherve-renard-pour-preparer-la-coupe-du-monde\/#primaryimage\"},\"thumbnailUrl\":\"https:\/\/dicodusport.fr\/blog\/wp-content\/uploads\/2023\/06\/Equipe-de-France-feminine-La-liste-des-26-dHerve-Renard-pour-preparer-la-Coupe-du-monde.png\",\"keywords\":[\"br\u00e8ve\",\"\u00c9quipe de France f\u00e9minine de football\",\"Football\",\"Herv\u00e9 Renard\"],\"articleSection\":[\"Football\"],\"inLanguage\":\"fr-FR\",\"potentialAction\":[{\"@type\":\"CommentAction\",\"name\":\"Comment\",\"target\":[\"https:\/\/dicodusport.fr\/blog\/equipe-de-france-feminine-la-liste-des-26-dherve-renard-pour-preparer-la-coupe-du-monde\/#respond\"]}],\"copyrightYear\":\"2023\",\"copyrightHolder\":{\"@id\":\"https:\/\/dicodusport.fr\/blog\/#organization\"}},{\"@type\":\"WebPage\",\"@id\":\"https:\/\/dicodusport.fr\/blog\/equipe-de-france-feminine-la-liste-des-26-dherve-renard-pour-preparer-la-coupe-du-monde\/\",\"url\":\"https:\/\/dicodusport.fr\/blog\/equipe-de-france-feminine-la-liste-des-26-dherve-renard-pour-preparer-la-coupe-du-monde\/\",\"name\":\"\u00c9quipe de France f\u00e9minine : La liste des 26 d'Herv\u00e9 Renard pour pr\u00e9parer la Coupe du monde\",\"isPartOf\":{\"@id\":\"https:\/\/dicodusport.fr\/blog\/#website\"},\"primaryImageOfPage\":{\"@id\":\"https:\/\/dicodusport.fr\/blog\/equipe-de-france-feminine-la-liste-des-26-dherve-renard-pour-preparer-la-coupe-du-monde\/#primaryimage\"},\"image\":{\"@id\":\"https:\/\/dicodusport.fr\/blog\/equipe-de-france-feminine-la-liste-des-26-dherve-renard-pour-preparer-la-coupe-du-monde\/#primaryimage\"},\"thumbnailUrl\":\"https:\/\/dicodusport.fr\/blog\/wp-content\/uploads\/2023\/06\/Equipe-de-France-feminine-La-liste-des-26-dHerve-Renard-pour-preparer-la-Coupe-du-monde.png\",\"datePublished\":\"2023-06-06T14:23:15+00:00\",\"dateModified\":\"2023-06-06T20:56:17+00:00\",\"description\":\"\u00c9QUIPE DE FRANCE FEMMES DE FOOTBALL - Herv\u00e9 Renard vient de d\u00e9voiler une liste de 26 joueuses pour la pr\u00e9paration de l'\u00e9v\u00e8nement.\",\"breadcrumb\":{\"@id\":\"https:\/\/dicodusport.fr\/blog\/equipe-de-france-feminine-la-liste-des-26-dherve-renard-pour-preparer-la-coupe-du-monde\/#breadcrumb\"},\"inLanguage\":\"fr-FR\",\"potentialAction\":[{\"@type\":\"ReadAction\",\"target\":[\"https:\/\/dicodusport.fr\/blog\/equipe-de-france-feminine-la-liste-des-26-dherve-renard-pour-preparer-la-coupe-du-monde\/\"]}]},{\"@type\":\"ImageObject\",\"inLanguage\":\"fr-FR\",\"@id\":\"https:\/\/dicodusport.fr\/blog\/equipe-de-france-feminine-la-liste-des-26-dherve-renard-pour-preparer-la-coupe-du-monde\/#primaryimage\",\"url\":\"https:\/\/dicodusport.fr\/blog\/wp-content\/uploads\/2023\/06\/Equipe-de-France-feminine-La-liste-des-26-dHerve-Renard-pour-preparer-la-Coupe-du-monde.png\",\"contentUrl\":\"https:\/\/dicodusport.fr\/blog\/wp-content\/uploads\/2023\/06\/Equipe-de-France-feminine-La-liste-des-26-dHerve-Renard-pour-preparer-la-Coupe-du-monde.png\",\"width\":800,\"height\":445,\"caption\":\"\u00c9quipe de France f\u00e9minine La liste des 26 d'Herv\u00e9 Renard pour pr\u00e9parer la Coupe du monde\"},{\"@type\":\"BreadcrumbList\",\"@id\":\"https:\/\/dicodusport.fr\/blog\/equipe-de-france-feminine-la-liste-des-26-dherve-renard-pour-preparer-la-coupe-du-monde\/#breadcrumb\",\"itemListElement\":[{\"@type\":\"ListItem\",\"position\":1,\"name\":\"Accueil\",\"item\":\"https:\/\/dicodusport.fr\/blog\/\"},{\"@type\":\"ListItem\",\"position\":2,\"name\":\"\u00c9quipe de France f\u00e9minine : La liste des 26 d&rsquo;Herv\u00e9 Renard pour pr\u00e9parer la Coupe du monde\"}]},{\"@type\":\"WebSite\",\"@id\":\"https:\/\/dicodusport.fr\/blog\/#website\",\"url\":\"https:\/\/dicodusport.fr\/blog\/\",\"name\":\"Dicodusport\",\"description\":\"L&#039;encyclop\u00e9die de l&#039;actualit\u00e9 sportive\",\"publisher\":{\"@id\":\"https:\/\/dicodusport.fr\/blog\/#organization\"},\"potentialAction\":[{\"@type\":\"SearchAction\",\"target\":{\"@type\":\"EntryPoint\",\"urlTemplate\":\"https:\/\/dicodusport.fr\/blog\/?s={search_term_string}\"},\"query-input\":{\"@type\":\"PropertyValueSpecification\",\"valueRequired\":true,\"valueName\":\"search_term_string\"}}],\"inLanguage\":\"fr-FR\"},{\"@type\":\"NewsMediaOrganization\",\"@id\":\"https:\/\/dicodusport.fr\/blog\/#organization\",\"name\":\"Dicodusport\",\"url\":\"https:\/\/dicodusport.fr\/blog\/\",\"logo\":{\"@type\":\"ImageObject\",\"inLanguage\":\"fr-FR\",\"@id\":\"https:\/\/dicodusport.fr\/blog\/#\/schema\/logo\/image\/\",\"url\":\"https:\/\/dicodusport.fr\/blog\/wp-content\/uploads\/2020\/06\/cropped-LOGO-DICODUSPORT-2020-SANS-FOND-SANS-TEXTE.png\",\"contentUrl\":\"https:\/\/dicodusport.fr\/blog\/wp-content\/uploads\/2020\/06\/cropped-LOGO-DICODUSPORT-2020-SANS-FOND-SANS-TEXTE.png\",\"width\":512,\"height\":512,\"caption\":\"Dicodusport\"},\"image\":{\"@id\":\"https:\/\/dicodusport.fr\/blog\/#\/schema\/logo\/image\/\"},\"sameAs\":[\"https:\/\/www.facebook.com\/dicodusport\",\"https:\/\/x.com\/dicodusport\",\"https:\/\/www.instagram.com\/dicodusport\/\",\"https:\/\/www.youtube.com\/channel\/UC7V2KZ5sd3htJivAbA4ZG3w\"],\"description\":\"Dicodusport est l'encyclop\u00e9die de l'actualit\u00e9 sportive.\",\"email\":\"bonjour@dicodusport.fr\",\"legalName\":\"DICODUSPORT\",\"foundingDate\":\"2018-01-14\",\"vatID\":\"FR71834470973\",\"taxID\":\"83447097300043\",\"numberOfEmployees\":{\"@type\":\"QuantitativeValue\",\"minValue\":\"1\",\"maxValue\":\"10\"}},{\"@type\":\"Person\",\"@id\":\"https:\/\/dicodusport.fr\/blog\/#\/schema\/person\/627966a6cde45dbd8c5e36ac85d783da\",\"name\":\"S\u00e9bastien Gente\",\"image\":{\"@type\":\"ImageObject\",\"inLanguage\":\"fr-FR\",\"@id\":\"https:\/\/dicodusport.fr\/blog\/#\/schema\/person\/image\/\",\"url\":\"https:\/\/dicodusport.fr\/blog\/wp-content\/uploads\/2021\/09\/1510990_10205810251400683_4124423575079401707_n-150x150.jpg\",\"contentUrl\":\"https:\/\/dicodusport.fr\/blog\/wp-content\/uploads\/2021\/09\/1510990_10205810251400683_4124423575079401707_n-150x150.jpg\",\"caption\":\"S\u00e9bastien Gente\"},\"description\":\"John Stockton, Gianni Bugno, Zinedine Zidane, Steffi Graf, Frode Andresen, St\u00e9phane Stoecklin, Davis Kamoga, Primoz Peterka, Werner Schlager et Aur\u00e9lien Rougerie. Point commun entre ces sportifs? Ils m'ont fait r\u00eaver et ont berc\u00e9 mon adolescence. Je suis un fondu de sports et j'essaie de retranscrire ma passion \u00e0 travers mes articles. Originaire du P\u00e9rigord, ma passion pour les Girondins, les Jaunards et les Jazzmen transpire dans mes \u00e9crits. \u00c0 Dicodusport depuis 2021, je d\u00e9niche les sports m\u00e9connus dans lesquels la France brille, et il y en a !\",\"sameAs\":[\"https:\/\/www.facebook.com\/sebastien.gente\/\",\"https:\/\/www.instagram.com\/sebgente\/\",\"https:\/\/www.linkedin.com\/in\/sbastien-gente-a29583169\/\",\"https:\/\/x.com\/https:\/\/twitter.com\/globulo24\",\"SebastienGente\"],\"worksFor\":\"S\u00e9bastien GENTE\",\"url\":\"https:\/\/dicodusport.fr\/blog\/author\/sebastiengente\/\"}]}<\/script>\n<!-- \/ Yoast SEO Premium plugin. -->","yoast_head_json":{"title":"\u00c9quipe de France f\u00e9minine : La liste des 26 d'Herv\u00e9 Renard pour pr\u00e9parer la Coupe du monde","description":"\u00c9QUIPE DE FRANCE FEMMES DE FOOTBALL - Herv\u00e9 Renard vient de d\u00e9voiler une liste de 26 joueuses pour la pr\u00e9paration de l'\u00e9v\u00e8nement.","robots":{"index":"index","follow":"follow","max-snippet":"max-snippet:-1","max-image-preview":"max-image-preview:large","max-video-preview":"max-video-preview:-1"},"canonical":"https:\/\/dicodusport.fr\/blog\/equipe-de-france-feminine-la-liste-des-26-dherve-renard-pour-preparer-la-coupe-du-monde\/","og_locale":"fr_FR","og_type":"article","og_title":"\u00c9quipe de France f\u00e9minine : La liste des 26 d'Herv\u00e9 Renard pour pr\u00e9parer la Coupe du monde","og_description":"\u00c9QUIPE DE FRANCE FEMMES DE FOOTBALL - Herv\u00e9 Renard vient de d\u00e9voiler une liste de 26 joueuses pour la pr\u00e9paration de l'\u00e9v\u00e8nement.","og_url":"https:\/\/dicodusport.fr\/blog\/equipe-de-france-feminine-la-liste-des-26-dherve-renard-pour-preparer-la-coupe-du-monde\/","og_site_name":"Dicodusport","article_publisher":"https:\/\/www.facebook.com\/dicodusport","article_author":"https:\/\/www.facebook.com\/sebastien.gente\/","article_published_time":"2023-06-06T14:23:15+00:00","article_modified_time":"2023-06-06T20:56:17+00:00","og_image":[{"width":800,"height":445,"url":"https:\/\/dicodusport.fr\/blog\/wp-content\/uploads\/2023\/06\/Equipe-de-France-feminine-La-liste-des-26-dHerve-Renard-pour-preparer-la-Coupe-du-monde.png","type":"image\/png"}],"author":"S\u00e9bastien Gente","twitter_card":"summary_large_image","twitter_title":"\u00c9quipe de France f\u00e9minine : La liste des 26 d'Herv\u00e9 Renard pour pr\u00e9parer la Coupe du monde","twitter_creator":"@https:\/\/twitter.com\/globulo24","twitter_site":"@dicodusport","schema":{"@context":"https:\/\/schema.org","@graph":[{"@type":"NewsArticle","@id":"https:\/\/dicodusport.fr\/blog\/equipe-de-france-feminine-la-liste-des-26-dherve-renard-pour-preparer-la-coupe-du-monde\/#article","isPartOf":{"@id":"https:\/\/dicodusport.fr\/blog\/equipe-de-france-feminine-la-liste-des-26-dherve-renard-pour-preparer-la-coupe-du-monde\/"},"author":{"name":"S\u00e9bastien Gente","@id":"https:\/\/dicodusport.fr\/blog\/#\/schema\/person\/627966a6cde45dbd8c5e36ac85d783da"},"headline":"\u00c9quipe de France f\u00e9minine : La liste des 26 d&rsquo;Herv\u00e9 Renard pour pr\u00e9parer la Coupe du monde","datePublished":"2023-06-06T14:23:15+00:00","dateModified":"2023-06-06T20:56:17+00:00","mainEntityOfPage":{"@id":"https:\/\/dicodusport.fr\/blog\/equipe-de-france-feminine-la-liste-des-26-dherve-renard-pour-preparer-la-coupe-du-monde\/"},"wordCount":265,"commentCount":0,"publisher":{"@id":"https:\/\/dicodusport.fr\/blog\/#organization"},"image":{"@id":"https:\/\/dicodusport.fr\/blog\/equipe-de-france-feminine-la-liste-des-26-dherve-renard-pour-preparer-la-coupe-du-monde\/#primaryimage"},"thumbnailUrl":"https:\/\/dicodusport.fr\/blog\/wp-content\/uploads\/2023\/06\/Equipe-de-France-feminine-La-liste-des-26-dHerve-Renard-pour-preparer-la-Coupe-du-monde.png","keywords":["br\u00e8ve","\u00c9quipe de France f\u00e9minine de football","Football","Herv\u00e9 Renard"],"articleSection":["Football"],"inLanguage":"fr-FR","potentialAction":[{"@type":"CommentAction","name":"Comment","target":["https:\/\/dicodusport.fr\/blog\/equipe-de-france-feminine-la-liste-des-26-dherve-renard-pour-preparer-la-coupe-du-monde\/#respond"]}],"copyrightYear":"2023","copyrightHolder":{"@id":"https:\/\/dicodusport.fr\/blog\/#organization"}},{"@type":"WebPage","@id":"https:\/\/dicodusport.fr\/blog\/equipe-de-france-feminine-la-liste-des-26-dherve-renard-pour-preparer-la-coupe-du-monde\/","url":"https:\/\/dicodusport.fr\/blog\/equipe-de-france-feminine-la-liste-des-26-dherve-renard-pour-preparer-la-coupe-du-monde\/","name":"\u00c9quipe de France f\u00e9minine : La liste des 26 d'Herv\u00e9 Renard pour pr\u00e9parer la Coupe du monde","isPartOf":{"@id":"https:\/\/dicodusport.fr\/blog\/#website"},"primaryImageOfPage":{"@id":"https:\/\/dicodusport.fr\/blog\/equipe-de-france-feminine-la-liste-des-26-dherve-renard-pour-preparer-la-coupe-du-monde\/#primaryimage"},"image":{"@id":"https:\/\/dicodusport.fr\/blog\/equipe-de-france-feminine-la-liste-des-26-dherve-renard-pour-preparer-la-coupe-du-monde\/#primaryimage"},"thumbnailUrl":"https:\/\/dicodusport.fr\/blog\/wp-content\/uploads\/2023\/06\/Equipe-de-France-feminine-La-liste-des-26-dHerve-Renard-pour-preparer-la-Coupe-du-monde.png","datePublished":"2023-06-06T14:23:15+00:00","dateModified":"2023-06-06T20:56:17+00:00","description":"\u00c9QUIPE DE FRANCE FEMMES DE FOOTBALL - Herv\u00e9 Renard vient de d\u00e9voiler une liste de 26 joueuses pour la pr\u00e9paration de l'\u00e9v\u00e8nement.","breadcrumb":{"@id":"https:\/\/dicodusport.fr\/blog\/equipe-de-france-feminine-la-liste-des-26-dherve-renard-pour-preparer-la-coupe-du-monde\/#breadcrumb"},"inLanguage":"fr-FR","potentialAction":[{"@type":"ReadAction","target":["https:\/\/dicodusport.fr\/blog\/equipe-de-france-feminine-la-liste-des-26-dherve-renard-pour-preparer-la-coupe-du-monde\/"]}]},{"@type":"ImageObject","inLanguage":"fr-FR","@id":"https:\/\/dicodusport.fr\/blog\/equipe-de-france-feminine-la-liste-des-26-dherve-renard-pour-preparer-la-coupe-du-monde\/#primaryimage","url":"https:\/\/dicodusport.fr\/blog\/wp-content\/uploads\/2023\/06\/Equipe-de-France-feminine-La-liste-des-26-dHerve-Renard-pour-preparer-la-Coupe-du-monde.png","contentUrl":"https:\/\/dicodusport.fr\/blog\/wp-content\/uploads\/2023\/06\/Equipe-de-France-feminine-La-liste-des-26-dHerve-Renard-pour-preparer-la-Coupe-du-monde.png","width":800,"height":445,"caption":"\u00c9quipe de France f\u00e9minine La liste des 26 d'Herv\u00e9 Renard pour pr\u00e9parer la Coupe du monde"},{"@type":"BreadcrumbList","@id":"https:\/\/dicodusport.fr\/blog\/equipe-de-france-feminine-la-liste-des-26-dherve-renard-pour-preparer-la-coupe-du-monde\/#breadcrumb","itemListElement":[{"@type":"ListItem","position":1,"name":"Accueil","item":"https:\/\/dicodusport.fr\/blog\/"},{"@type":"ListItem","position":2,"name":"\u00c9quipe de France f\u00e9minine : La liste des 26 d&rsquo;Herv\u00e9 Renard pour pr\u00e9parer la Coupe du monde"}]},{"@type":"WebSite","@id":"https:\/\/dicodusport.fr\/blog\/#website","url":"https:\/\/dicodusport.fr\/blog\/","name":"Dicodusport","description":"L&#039;encyclop\u00e9die de l&#039;actualit\u00e9 sportive","publisher":{"@id":"https:\/\/dicodusport.fr\/blog\/#organization"},"potentialAction":[{"@type":"SearchAction","target":{"@type":"EntryPoint","urlTemplate":"https:\/\/dicodusport.fr\/blog\/?s={search_term_string}"},"query-input":{"@type":"PropertyValueSpecification","valueRequired":true,"valueName":"search_term_string"}}],"inLanguage":"fr-FR"},{"@type":"NewsMediaOrganization","@id":"https:\/\/dicodusport.fr\/blog\/#organization","name":"Dicodusport","url":"https:\/\/dicodusport.fr\/blog\/","logo":{"@type":"ImageObject","inLanguage":"fr-FR","@id":"https:\/\/dicodusport.fr\/blog\/#\/schema\/logo\/image\/","url":"https:\/\/dicodusport.fr\/blog\/wp-content\/uploads\/2020\/06\/cropped-LOGO-DICODUSPORT-2020-SANS-FOND-SANS-TEXTE.png","contentUrl":"https:\/\/dicodusport.fr\/blog\/wp-content\/uploads\/2020\/06\/cropped-LOGO-DICODUSPORT-2020-SANS-FOND-SANS-TEXTE.png","width":512,"height":512,"caption":"Dicodusport"},"image":{"@id":"https:\/\/dicodusport.fr\/blog\/#\/schema\/logo\/image\/"},"sameAs":["https:\/\/www.facebook.com\/dicodusport","https:\/\/x.com\/dicodusport","https:\/\/www.instagram.com\/dicodusport\/","https:\/\/www.youtube.com\/channel\/UC7V2KZ5sd3htJivAbA4ZG3w"],"description":"Dicodusport est l'encyclop\u00e9die de l'actualit\u00e9 sportive.","email":"bonjour@dicodusport.fr","legalName":"DICODUSPORT","foundingDate":"2018-01-14","vatID":"FR71834470973","taxID":"83447097300043","numberOfEmployees":{"@type":"QuantitativeValue","minValue":"1","maxValue":"10"}},{"@type":"Person","@id":"https:\/\/dicodusport.fr\/blog\/#\/schema\/person\/627966a6cde45dbd8c5e36ac85d783da","name":"S\u00e9bastien Gente","image":{"@type":"ImageObject","inLanguage":"fr-FR","@id":"https:\/\/dicodusport.fr\/blog\/#\/schema\/person\/image\/","url":"https:\/\/dicodusport.fr\/blog\/wp-content\/uploads\/2021\/09\/1510990_10205810251400683_4124423575079401707_n-150x150.jpg","contentUrl":"https:\/\/dicodusport.fr\/blog\/wp-content\/uploads\/2021\/09\/1510990_10205810251400683_4124423575079401707_n-150x150.jpg","caption":"S\u00e9bastien Gente"},"description":"John Stockton, Gianni Bugno, Zinedine Zidane, Steffi Graf, Frode Andresen, St\u00e9phane Stoecklin, Davis Kamoga, Primoz Peterka, Werner Schlager et Aur\u00e9lien Rougerie. Point commun entre ces sportifs? Ils m'ont fait r\u00eaver et ont berc\u00e9 mon adolescence. Je suis un fondu de sports et j'essaie de retranscrire ma passion \u00e0 travers mes articles. Originaire du P\u00e9rigord, ma passion pour les Girondins, les Jaunards et les Jazzmen transpire dans mes \u00e9crits. \u00c0 Dicodusport depuis 2021, je d\u00e9niche les sports m\u00e9connus dans lesquels la France brille, et il y en a !","sameAs":["https:\/\/www.facebook.com\/sebastien.gente\/","https:\/\/www.instagram.com\/sebgente\/","https:\/\/www.linkedin.com\/in\/sbastien-gente-a29583169\/","https:\/\/x.com\/https:\/\/twitter.com\/globulo24","SebastienGente"],"worksFor":"S\u00e9bastien GENTE","url":"https:\/\/dicodusport.fr\/blog\/author\/sebastiengente\/"}]}},"_links":{"self":[{"href":"https:\/\/dicodusport.fr\/blog\/wp-json\/wp\/v2\/posts\/388811","targetHints":{"allow":["GET"]}}],"collection":[{"href":"https:\/\/dicodusport.fr\/blog\/wp-json\/wp\/v2\/posts"}],"about":[{"href":"https:\/\/dicodusport.fr\/blog\/wp-json\/wp\/v2\/types\/post"}],"author":[{"embeddable":true,"href":"https:\/\/dicodusport.fr\/blog\/wp-json\/wp\/v2\/users\/59"}],"replies":[{"embeddable":true,"href":"https:\/\/dicodusport.fr\/blog\/wp-json\/wp\/v2\/comments?post=388811"}],"version-history":[{"count":0,"href":"https:\/\/dicodusport.fr\/blog\/wp-json\/wp\/v2\/posts\/388811\/revisions"}],"wp:featuredmedia":[{"embeddable":true,"href":"https:\/\/dicodusport.fr\/blog\/wp-json\/wp\/v2\/media\/388813"}],"wp:attachment":[{"href":"https:\/\/dicodusport.fr\/blog\/wp-json\/wp\/v2\/media?parent=388811"}],"wp:term":[{"taxonomy":"category","embeddable":true,"href":"https:\/\/dicodusport.fr\/blog\/wp-json\/wp\/v2\/categories?post=388811"},{"taxonomy":"post_tag","embeddable":true,"href":"https:\/\/dicodusport.fr\/blog\/wp-json\/wp\/v2\/tags?post=388811"}],"curies":[{"name":"wp","href":"https:\/\/api.w.org\/{rel}","templated":true}]}}