{"id":388815,"date":"2023-06-06T17:09:44","date_gmt":"2023-06-06T15:09:44","guid":{"rendered":"https:\/\/dicodusport.fr\/blog\/?p=388815&#038;preview=true&#038;preview_id=388815"},"modified":"2023-06-06T18:53:41","modified_gmt":"2023-06-06T16:53:41","slug":"criterium-du-dauphine-2023-christophe-laporte-double-la-mise-sur-la-3eme-etape","status":"publish","type":"post","link":"https:\/\/dicodusport.fr\/blog\/criterium-du-dauphine-2023-christophe-laporte-double-la-mise-sur-la-3eme-etape\/","title":{"rendered":"Crit\u00e9rium du Dauphin\u00e9 2023 : Christophe Laporte double la mise sur la 3\u00e8me \u00e9tape"},"content":{"rendered":"<p style=\"text-align: justify;\"><em><b>CRIT\u00c9RIUM DU DAUPHIN\u00c9 2023 &#8211; Christophe Laporte (Jumbo-Visma) a remport\u00e9 au sprint la 3\u00e8me \u00e9tape au Coteau. Il a devanc\u00e9 Matteo Trentin (UAE Team Emirates) et Milan Menten (Lotto Dstny). Laporte a confirm\u00e9 sa position en t\u00eate du g\u00e9n\u00e9ral.\u00a0<\/b><\/em><\/p>\n<p style=\"text-align: justify;\">D&rsquo;abord, <strong>Mathieu Burgaudeau<\/strong> (TotalEnergies) et <strong>Lorenzo Milesi <\/strong>(Team DSM) sont sortis du peloton au bout de deux kilom\u00e8tres. Mais, le coureur transalpin s&rsquo;est relev\u00e9 une quinzaine de kilom\u00e8tres plus tard. L&rsquo;homme de t\u00eate en a profit\u00e9 pour passer en t\u00eate au sommet de la <strong>C\u00f4te de Bellevue-la-Montagne<\/strong> avec plus de six minutes d&rsquo;avance.<\/p>\n<h2 style=\"text-align: justify;\">Les manifestants animent l&rsquo;\u00e9tape<\/h2>\n<p style=\"text-align: justify;\">Puis, le peloton a \u00e9t\u00e9 ralenti par une manifestation, tandis que <strong>Mathieu Burgaudeau<\/strong> (TotalEnergies) s&rsquo;est relev\u00e9. Le coureur fran\u00e7ais a \u00e9t\u00e9 aval\u00e9 par le peloton, emmen\u00e9 par les \u00e9quipes Bora-Hansgrohe et Jayco-Alula, apr\u00e8s 70 kilom\u00e8tres.<\/p>\n<p style=\"text-align: justify;\">Au sprint interm\u00e9diaire de Sainte-Foy-Saint Sulpice, le maillot jaune <strong>Christophe Laporte<\/strong> (Jumbo-Visma) a pris 3 secondes de bonifications devant son dauphin <strong>Julian Alaphilippe<\/strong> (Soudal Quick-Step) et <strong>Matteo Trentin<\/strong> (UAE Team Emirates). Puis, une grosse chute massive a eu lieu au sein du peloton, alors que l&rsquo;allure \u00e9tait mod\u00e9r\u00e9e. Malheureusement, <strong>Andrey Zeits<\/strong> (Astana Qazaqstan) a \u00e9t\u00e9 contraint \u00e0 l&rsquo;abandon.<\/p>\n<p style=\"text-align: justify;\">Par la suite, le final a \u00e9t\u00e9 tr\u00e8s tendu avec des chutes qui ont scind\u00e9 le peloton en plusieurs morceaux. <strong>Ethan Vernon<\/strong> (Soudal Quick-Step) n&rsquo;a pas pu participer au sprint.<\/p>\n<h2 style=\"text-align: justify;\">Laporte s&rsquo;est ouverte<\/h2>\n<p style=\"text-align: justify;\">Finalement, <strong>Danny van Poppel<\/strong> (Bora-Hansgrohe) a parfaitement lanc\u00e9 son leader <strong>Sam Bennett<\/strong> (Bora Hansgrohe). Mais, le sprinteur irlandais a travers\u00e9 de gauche \u00e0 droite la chauss\u00e9e, bloquant ainsi <strong>Dylan Groenewegen<\/strong> (Team Jayco-Alula). Plac\u00e9 \u00e0 gauche de Bennett, <strong>Christophe Laporte<\/strong> (Jumbo-Visma) a trouv\u00e9 l&rsquo;ouverture pour signer sa deuxi\u00e8me victoire sur ce Dauphin\u00e9. C&rsquo;est la premi\u00e8re fois depuis 1960 que les Fran\u00e7ais ont remport\u00e9 les trois premi\u00e8res \u00e9tapes. Bennett \u00e9tait \u00e0 bout de souffle dans l&#8217;emballage final. Groenewegen et Bennett ont \u00e9t\u00e9 d\u00e9class\u00e9s par le jury des commissaires. Au classement g\u00e9n\u00e9ral, <strong>Christophe Laporte<\/strong> (Jumbo-Visma) a accentu\u00e9 son avance gr\u00e2ce aux bonifications avant le contre-la-montre de demain.<\/p>\n<blockquote class=\"twitter-tweet\">\n<p dir=\"ltr\" lang=\"fr\">Christophe Laporte n&rsquo;est plus chaud, il est bouillant ! Maillot jaune sur les \u00e9paules, le Fran\u00e7ais s&rsquo;impose au sprint pour d\u00e9crocher la 3e \u00e9tape du Crit\u00e9rium du <a href=\"https:\/\/twitter.com\/hashtag\/Dauphin%C3%A9?src=hash&amp;ref_src=twsrc%5Etfw\">#Dauphin\u00e9<\/a> <a href=\"https:\/\/twitter.com\/hashtag\/LesRP?src=hash&amp;ref_src=twsrc%5Etfw\">#LesRP<\/a> <a href=\"https:\/\/t.co\/f9a7ChzFDi\">pic.twitter.com\/f9a7ChzFDi<\/a><\/p>\n<p>\u2014 Eurosport France (@Eurosport_FR) <a href=\"https:\/\/twitter.com\/Eurosport_FR\/status\/1666101835394867200?ref_src=twsrc%5Etfw\">June 6, 2023<\/a><\/p><\/blockquote>\n<p><script async src=\"https:\/\/platform.twitter.com\/widgets.js\" charset=\"utf-8\"><\/script><\/p>\n<h2 style=\"text-align: justify;\">\u00c0 lire aussi<\/h2>\n<ul>\n<li style=\"text-align: justify;\"><strong><a href=\"https:\/\/dicodusport.fr\/blog\/criterium-du-dauphine-2023-classement-3eme-etape\/\">Le classement de la 3\u00e8me \u00e9tape<\/a>\u00a0<\/strong><\/li>\n<li style=\"text-align: justify;\"><a href=\"https:\/\/dicodusport.fr\/blog\/criterium-du-dauphine-2023-classement-general\/\"><strong>Classement g\u00e9n\u00e9ral du Crit\u00e9rium du Dauphin\u00e9<\/strong><\/a><\/li>\n<li style=\"text-align: justify;\"><strong><a href=\"https:\/\/dicodusport.fr\/blog\/criterium-du-dauphine-2023-a-quelle-heure-et-sur-quelle-chaine-tv\/\">Crit\u00e9rium du Dauphin\u00e9 2023 : \u00c0 quelle heure et sur quelle cha\u00eene TV<\/a>\u00a0<\/strong><\/li>\n<li style=\"text-align: justify;\"><a href=\"https:\/\/dicodusport.fr\/blog\/criterium-du-dauphine-2023-profil-des-etapes\/\"><strong>Crit\u00e9rium du Dauphin\u00e9 2023 : Profil des \u00e9tapes<\/strong><\/a><\/li>\n<\/ul>\n","protected":false},"excerpt":{"rendered":"<p>CRIT\u00c9RIUM DU DAUPHIN\u00c9 2023 &#8211; Christophe Laporte (Jumbo-Visma) a remport\u00e9 au sprint la 3\u00e8me \u00e9tape au Coteau. Il a devanc\u00e9 Sam Bennett (Bora Hansgrohe) et Dylan Groenewegen (Team Jayco AlUla). Laporte a confirm\u00e9 sa position en t\u00eate du g\u00e9n\u00e9ral.\u00a0<\/p>\n","protected":false},"author":48,"featured_media":388850,"comment_status":"open","ping_status":"closed","sticky":false,"template":"","format":"standard","meta":{"_acf_changed":false,"_daextam_enable_autolinks":"","footnotes":""},"categories":[46994],"tags":[16878,8057,24],"class_list":["post-388815","post","type-post","status-publish","format-standard","has-post-thumbnail","hentry","category-cyclisme-sur-route","tag-breve","tag-criterium-du-dauphine","tag-sport"],"acf":[],"yoast_head":"<!-- This site is optimized with the Yoast SEO Premium plugin v26.7 (Yoast SEO v26.7) - https:\/\/yoast.com\/wordpress\/plugins\/seo\/ -->\n<title>Crit\u00e9rium du Dauphin\u00e9 2023 : Christophe Laporte double la mise sur la 3\u00e8me \u00e9tape<\/title>\n<meta name=\"description\" content=\"CRIT\u00c9RIUM DU DAUPHIN\u00c9 2023 - Christophe Laporte (Jumbo-Visma) a remport\u00e9 au sprint la 3\u00e8me \u00e9tape au Coteau.\" \/>\n<meta name=\"robots\" content=\"index, follow, max-snippet:-1, max-image-preview:large, max-video-preview:-1\" \/>\n<link rel=\"canonical\" href=\"https:\/\/dicodusport.fr\/blog\/criterium-du-dauphine-2023-christophe-laporte-double-la-mise-sur-la-3eme-etape\/\" \/>\n<meta property=\"og:locale\" content=\"fr_FR\" \/>\n<meta property=\"og:type\" content=\"article\" \/>\n<meta property=\"og:title\" content=\"Crit\u00e9rium du Dauphin\u00e9 2023 : Christophe Laporte double la mise sur la 3\u00e8me \u00e9tape\" \/>\n<meta property=\"og:description\" content=\"CRIT\u00c9RIUM DU DAUPHIN\u00c9 2023 - Christophe Laporte (Jumbo-Visma) a remport\u00e9 au sprint la 3\u00e8me \u00e9tape au Coteau.\" \/>\n<meta property=\"og:url\" content=\"https:\/\/dicodusport.fr\/blog\/criterium-du-dauphine-2023-christophe-laporte-double-la-mise-sur-la-3eme-etape\/\" \/>\n<meta property=\"og:site_name\" content=\"Dicodusport\" \/>\n<meta property=\"article:publisher\" content=\"https:\/\/www.facebook.com\/dicodusport\" \/>\n<meta property=\"article:author\" content=\"https:\/\/www.facebook.com\/groups\/LesRoisDuPeloton\" \/>\n<meta property=\"article:published_time\" content=\"2023-06-06T15:09:44+00:00\" \/>\n<meta property=\"article:modified_time\" content=\"2023-06-06T16:53:41+00:00\" \/>\n<meta property=\"og:image\" content=\"https:\/\/dicodusport.fr\/blog\/wp-content\/uploads\/2023\/06\/Criterium-du-Dauphine-2023-Christophe-Laporte-double-la-mise-sur-la-3eme-etape-1.png\" \/>\n\t<meta property=\"og:image:width\" content=\"800\" \/>\n\t<meta property=\"og:image:height\" content=\"445\" \/>\n\t<meta property=\"og:image:type\" content=\"image\/png\" \/>\n<meta name=\"author\" content=\"Emilien Descampiaux\" \/>\n<meta name=\"twitter:card\" content=\"summary_large_image\" \/>\n<meta name=\"twitter:title\" content=\"Crit\u00e9rium du Dauphin\u00e9 2023 : Christophe Laporte double la mise sur la 3\u00e8me \u00e9tape\" \/>\n<meta name=\"twitter:creator\" content=\"@https:\/\/twitter.com\/LRoisDuPeloton\" \/>\n<meta name=\"twitter:site\" content=\"@dicodusport\" \/>\n<script type=\"application\/ld+json\" class=\"yoast-schema-graph\">{\"@context\":\"https:\/\/schema.org\",\"@graph\":[{\"@type\":\"NewsArticle\",\"@id\":\"https:\/\/dicodusport.fr\/blog\/criterium-du-dauphine-2023-christophe-laporte-double-la-mise-sur-la-3eme-etape\/#article\",\"isPartOf\":{\"@id\":\"https:\/\/dicodusport.fr\/blog\/criterium-du-dauphine-2023-christophe-laporte-double-la-mise-sur-la-3eme-etape\/\"},\"author\":{\"name\":\"Emilien Descampiaux\",\"@id\":\"https:\/\/dicodusport.fr\/blog\/#\/schema\/person\/6db4bae06b171592211be385b32876a7\"},\"headline\":\"Crit\u00e9rium du Dauphin\u00e9 2023 : Christophe Laporte double la mise sur la 3\u00e8me \u00e9tape\",\"datePublished\":\"2023-06-06T15:09:44+00:00\",\"dateModified\":\"2023-06-06T16:53:41+00:00\",\"mainEntityOfPage\":{\"@id\":\"https:\/\/dicodusport.fr\/blog\/criterium-du-dauphine-2023-christophe-laporte-double-la-mise-sur-la-3eme-etape\/\"},\"wordCount\":450,\"commentCount\":0,\"publisher\":{\"@id\":\"https:\/\/dicodusport.fr\/blog\/#organization\"},\"image\":{\"@id\":\"https:\/\/dicodusport.fr\/blog\/criterium-du-dauphine-2023-christophe-laporte-double-la-mise-sur-la-3eme-etape\/#primaryimage\"},\"thumbnailUrl\":\"https:\/\/dicodusport.fr\/blog\/wp-content\/uploads\/2023\/06\/Criterium-du-Dauphine-2023-Christophe-Laporte-double-la-mise-sur-la-3eme-etape-1.png\",\"keywords\":[\"br\u00e8ve\",\"Crit\u00e9rium du Dauphin\u00e9\",\"sport\"],\"articleSection\":[\"Cyclisme sur route\"],\"inLanguage\":\"fr-FR\",\"potentialAction\":[{\"@type\":\"CommentAction\",\"name\":\"Comment\",\"target\":[\"https:\/\/dicodusport.fr\/blog\/criterium-du-dauphine-2023-christophe-laporte-double-la-mise-sur-la-3eme-etape\/#respond\"]}],\"copyrightYear\":\"2023\",\"copyrightHolder\":{\"@id\":\"https:\/\/dicodusport.fr\/blog\/#organization\"}},{\"@type\":\"WebPage\",\"@id\":\"https:\/\/dicodusport.fr\/blog\/criterium-du-dauphine-2023-christophe-laporte-double-la-mise-sur-la-3eme-etape\/\",\"url\":\"https:\/\/dicodusport.fr\/blog\/criterium-du-dauphine-2023-christophe-laporte-double-la-mise-sur-la-3eme-etape\/\",\"name\":\"Crit\u00e9rium du Dauphin\u00e9 2023 : Christophe Laporte double la mise sur la 3\u00e8me \u00e9tape\",\"isPartOf\":{\"@id\":\"https:\/\/dicodusport.fr\/blog\/#website\"},\"primaryImageOfPage\":{\"@id\":\"https:\/\/dicodusport.fr\/blog\/criterium-du-dauphine-2023-christophe-laporte-double-la-mise-sur-la-3eme-etape\/#primaryimage\"},\"image\":{\"@id\":\"https:\/\/dicodusport.fr\/blog\/criterium-du-dauphine-2023-christophe-laporte-double-la-mise-sur-la-3eme-etape\/#primaryimage\"},\"thumbnailUrl\":\"https:\/\/dicodusport.fr\/blog\/wp-content\/uploads\/2023\/06\/Criterium-du-Dauphine-2023-Christophe-Laporte-double-la-mise-sur-la-3eme-etape-1.png\",\"datePublished\":\"2023-06-06T15:09:44+00:00\",\"dateModified\":\"2023-06-06T16:53:41+00:00\",\"description\":\"CRIT\u00c9RIUM DU DAUPHIN\u00c9 2023 - Christophe Laporte (Jumbo-Visma) a remport\u00e9 au sprint la 3\u00e8me \u00e9tape au Coteau.\",\"breadcrumb\":{\"@id\":\"https:\/\/dicodusport.fr\/blog\/criterium-du-dauphine-2023-christophe-laporte-double-la-mise-sur-la-3eme-etape\/#breadcrumb\"},\"inLanguage\":\"fr-FR\",\"potentialAction\":[{\"@type\":\"ReadAction\",\"target\":[\"https:\/\/dicodusport.fr\/blog\/criterium-du-dauphine-2023-christophe-laporte-double-la-mise-sur-la-3eme-etape\/\"]}]},{\"@type\":\"ImageObject\",\"inLanguage\":\"fr-FR\",\"@id\":\"https:\/\/dicodusport.fr\/blog\/criterium-du-dauphine-2023-christophe-laporte-double-la-mise-sur-la-3eme-etape\/#primaryimage\",\"url\":\"https:\/\/dicodusport.fr\/blog\/wp-content\/uploads\/2023\/06\/Criterium-du-Dauphine-2023-Christophe-Laporte-double-la-mise-sur-la-3eme-etape-1.png\",\"contentUrl\":\"https:\/\/dicodusport.fr\/blog\/wp-content\/uploads\/2023\/06\/Criterium-du-Dauphine-2023-Christophe-Laporte-double-la-mise-sur-la-3eme-etape-1.png\",\"width\":800,\"height\":445,\"caption\":\"Crit\u00e9rium du Dauphin\u00e9 2023 Christophe Laporte double la mise sur la 3\u00e8me \u00e9tape (1)\"},{\"@type\":\"BreadcrumbList\",\"@id\":\"https:\/\/dicodusport.fr\/blog\/criterium-du-dauphine-2023-christophe-laporte-double-la-mise-sur-la-3eme-etape\/#breadcrumb\",\"itemListElement\":[{\"@type\":\"ListItem\",\"position\":1,\"name\":\"Accueil\",\"item\":\"https:\/\/dicodusport.fr\/blog\/\"},{\"@type\":\"ListItem\",\"position\":2,\"name\":\"Crit\u00e9rium du Dauphin\u00e9 2023 : Christophe Laporte double la mise sur la 3\u00e8me \u00e9tape\"}]},{\"@type\":\"WebSite\",\"@id\":\"https:\/\/dicodusport.fr\/blog\/#website\",\"url\":\"https:\/\/dicodusport.fr\/blog\/\",\"name\":\"Dicodusport\",\"description\":\"L&#039;encyclop\u00e9die de l&#039;actualit\u00e9 sportive\",\"publisher\":{\"@id\":\"https:\/\/dicodusport.fr\/blog\/#organization\"},\"potentialAction\":[{\"@type\":\"SearchAction\",\"target\":{\"@type\":\"EntryPoint\",\"urlTemplate\":\"https:\/\/dicodusport.fr\/blog\/?s={search_term_string}\"},\"query-input\":{\"@type\":\"PropertyValueSpecification\",\"valueRequired\":true,\"valueName\":\"search_term_string\"}}],\"inLanguage\":\"fr-FR\"},{\"@type\":\"NewsMediaOrganization\",\"@id\":\"https:\/\/dicodusport.fr\/blog\/#organization\",\"name\":\"Dicodusport\",\"url\":\"https:\/\/dicodusport.fr\/blog\/\",\"logo\":{\"@type\":\"ImageObject\",\"inLanguage\":\"fr-FR\",\"@id\":\"https:\/\/dicodusport.fr\/blog\/#\/schema\/logo\/image\/\",\"url\":\"https:\/\/dicodusport.fr\/blog\/wp-content\/uploads\/2020\/06\/cropped-LOGO-DICODUSPORT-2020-SANS-FOND-SANS-TEXTE.png\",\"contentUrl\":\"https:\/\/dicodusport.fr\/blog\/wp-content\/uploads\/2020\/06\/cropped-LOGO-DICODUSPORT-2020-SANS-FOND-SANS-TEXTE.png\",\"width\":512,\"height\":512,\"caption\":\"Dicodusport\"},\"image\":{\"@id\":\"https:\/\/dicodusport.fr\/blog\/#\/schema\/logo\/image\/\"},\"sameAs\":[\"https:\/\/www.facebook.com\/dicodusport\",\"https:\/\/x.com\/dicodusport\",\"https:\/\/www.instagram.com\/dicodusport\/\",\"https:\/\/www.youtube.com\/channel\/UC7V2KZ5sd3htJivAbA4ZG3w\"],\"description\":\"Dicodusport est l'encyclop\u00e9die de l'actualit\u00e9 sportive.\",\"email\":\"bonjour@dicodusport.fr\",\"legalName\":\"DICODUSPORT\",\"foundingDate\":\"2018-01-14\",\"vatID\":\"FR71834470973\",\"taxID\":\"83447097300043\",\"numberOfEmployees\":{\"@type\":\"QuantitativeValue\",\"minValue\":\"1\",\"maxValue\":\"10\"}},{\"@type\":\"Person\",\"@id\":\"https:\/\/dicodusport.fr\/blog\/#\/schema\/person\/6db4bae06b171592211be385b32876a7\",\"name\":\"Emilien Descampiaux\",\"image\":{\"@type\":\"ImageObject\",\"inLanguage\":\"fr-FR\",\"@id\":\"https:\/\/dicodusport.fr\/blog\/#\/schema\/person\/image\/\",\"url\":\"https:\/\/dicodusport.fr\/blog\/wp-content\/uploads\/2021\/05\/Emilien-Descampiaux-150x150.jpg\",\"contentUrl\":\"https:\/\/dicodusport.fr\/blog\/wp-content\/uploads\/2021\/05\/Emilien-Descampiaux-150x150.jpg\",\"caption\":\"Emilien Descampiaux\"},\"description\":\"Journaliste\/r\u00e9dacteur depuis 2014 - Fan de la classe de Frank Vandenbroucke, je vis cyclisme (et de ses paysages) depuis plus de 20 ans. Je suis tr\u00e8s impliqu\u00e9 sur mes diff\u00e9rents r\u00e9seaux sociaux pour partager ma passion sur le monde et l'Histoire de la bicyclette avec ma voix sur les images en noir et blanc du succ\u00e8s de Rik Van Steenbergen lors du Ronde sur le V\u00e9lodrome de Gand.\",\"sameAs\":[\"https:\/\/www.facebook.com\/groups\/LesRoisDuPeloton\",\"https:\/\/x.com\/https:\/\/twitter.com\/LRoisDuPeloton\"],\"url\":\"https:\/\/dicodusport.fr\/blog\/author\/emiliend\/\"}]}<\/script>\n<!-- \/ Yoast SEO Premium plugin. -->","yoast_head_json":{"title":"Crit\u00e9rium du Dauphin\u00e9 2023 : Christophe Laporte double la mise sur la 3\u00e8me \u00e9tape","description":"CRIT\u00c9RIUM DU DAUPHIN\u00c9 2023 - Christophe Laporte (Jumbo-Visma) a remport\u00e9 au sprint la 3\u00e8me \u00e9tape au Coteau.","robots":{"index":"index","follow":"follow","max-snippet":"max-snippet:-1","max-image-preview":"max-image-preview:large","max-video-preview":"max-video-preview:-1"},"canonical":"https:\/\/dicodusport.fr\/blog\/criterium-du-dauphine-2023-christophe-laporte-double-la-mise-sur-la-3eme-etape\/","og_locale":"fr_FR","og_type":"article","og_title":"Crit\u00e9rium du Dauphin\u00e9 2023 : Christophe Laporte double la mise sur la 3\u00e8me \u00e9tape","og_description":"CRIT\u00c9RIUM DU DAUPHIN\u00c9 2023 - Christophe Laporte (Jumbo-Visma) a remport\u00e9 au sprint la 3\u00e8me \u00e9tape au Coteau.","og_url":"https:\/\/dicodusport.fr\/blog\/criterium-du-dauphine-2023-christophe-laporte-double-la-mise-sur-la-3eme-etape\/","og_site_name":"Dicodusport","article_publisher":"https:\/\/www.facebook.com\/dicodusport","article_author":"https:\/\/www.facebook.com\/groups\/LesRoisDuPeloton","article_published_time":"2023-06-06T15:09:44+00:00","article_modified_time":"2023-06-06T16:53:41+00:00","og_image":[{"width":800,"height":445,"url":"https:\/\/dicodusport.fr\/blog\/wp-content\/uploads\/2023\/06\/Criterium-du-Dauphine-2023-Christophe-Laporte-double-la-mise-sur-la-3eme-etape-1.png","type":"image\/png"}],"author":"Emilien Descampiaux","twitter_card":"summary_large_image","twitter_title":"Crit\u00e9rium du Dauphin\u00e9 2023 : Christophe Laporte double la mise sur la 3\u00e8me \u00e9tape","twitter_creator":"@https:\/\/twitter.com\/LRoisDuPeloton","twitter_site":"@dicodusport","schema":{"@context":"https:\/\/schema.org","@graph":[{"@type":"NewsArticle","@id":"https:\/\/dicodusport.fr\/blog\/criterium-du-dauphine-2023-christophe-laporte-double-la-mise-sur-la-3eme-etape\/#article","isPartOf":{"@id":"https:\/\/dicodusport.fr\/blog\/criterium-du-dauphine-2023-christophe-laporte-double-la-mise-sur-la-3eme-etape\/"},"author":{"name":"Emilien Descampiaux","@id":"https:\/\/dicodusport.fr\/blog\/#\/schema\/person\/6db4bae06b171592211be385b32876a7"},"headline":"Crit\u00e9rium du Dauphin\u00e9 2023 : Christophe Laporte double la mise sur la 3\u00e8me \u00e9tape","datePublished":"2023-06-06T15:09:44+00:00","dateModified":"2023-06-06T16:53:41+00:00","mainEntityOfPage":{"@id":"https:\/\/dicodusport.fr\/blog\/criterium-du-dauphine-2023-christophe-laporte-double-la-mise-sur-la-3eme-etape\/"},"wordCount":450,"commentCount":0,"publisher":{"@id":"https:\/\/dicodusport.fr\/blog\/#organization"},"image":{"@id":"https:\/\/dicodusport.fr\/blog\/criterium-du-dauphine-2023-christophe-laporte-double-la-mise-sur-la-3eme-etape\/#primaryimage"},"thumbnailUrl":"https:\/\/dicodusport.fr\/blog\/wp-content\/uploads\/2023\/06\/Criterium-du-Dauphine-2023-Christophe-Laporte-double-la-mise-sur-la-3eme-etape-1.png","keywords":["br\u00e8ve","Crit\u00e9rium du Dauphin\u00e9","sport"],"articleSection":["Cyclisme sur route"],"inLanguage":"fr-FR","potentialAction":[{"@type":"CommentAction","name":"Comment","target":["https:\/\/dicodusport.fr\/blog\/criterium-du-dauphine-2023-christophe-laporte-double-la-mise-sur-la-3eme-etape\/#respond"]}],"copyrightYear":"2023","copyrightHolder":{"@id":"https:\/\/dicodusport.fr\/blog\/#organization"}},{"@type":"WebPage","@id":"https:\/\/dicodusport.fr\/blog\/criterium-du-dauphine-2023-christophe-laporte-double-la-mise-sur-la-3eme-etape\/","url":"https:\/\/dicodusport.fr\/blog\/criterium-du-dauphine-2023-christophe-laporte-double-la-mise-sur-la-3eme-etape\/","name":"Crit\u00e9rium du Dauphin\u00e9 2023 : Christophe Laporte double la mise sur la 3\u00e8me \u00e9tape","isPartOf":{"@id":"https:\/\/dicodusport.fr\/blog\/#website"},"primaryImageOfPage":{"@id":"https:\/\/dicodusport.fr\/blog\/criterium-du-dauphine-2023-christophe-laporte-double-la-mise-sur-la-3eme-etape\/#primaryimage"},"image":{"@id":"https:\/\/dicodusport.fr\/blog\/criterium-du-dauphine-2023-christophe-laporte-double-la-mise-sur-la-3eme-etape\/#primaryimage"},"thumbnailUrl":"https:\/\/dicodusport.fr\/blog\/wp-content\/uploads\/2023\/06\/Criterium-du-Dauphine-2023-Christophe-Laporte-double-la-mise-sur-la-3eme-etape-1.png","datePublished":"2023-06-06T15:09:44+00:00","dateModified":"2023-06-06T16:53:41+00:00","description":"CRIT\u00c9RIUM DU DAUPHIN\u00c9 2023 - Christophe Laporte (Jumbo-Visma) a remport\u00e9 au sprint la 3\u00e8me \u00e9tape au Coteau.","breadcrumb":{"@id":"https:\/\/dicodusport.fr\/blog\/criterium-du-dauphine-2023-christophe-laporte-double-la-mise-sur-la-3eme-etape\/#breadcrumb"},"inLanguage":"fr-FR","potentialAction":[{"@type":"ReadAction","target":["https:\/\/dicodusport.fr\/blog\/criterium-du-dauphine-2023-christophe-laporte-double-la-mise-sur-la-3eme-etape\/"]}]},{"@type":"ImageObject","inLanguage":"fr-FR","@id":"https:\/\/dicodusport.fr\/blog\/criterium-du-dauphine-2023-christophe-laporte-double-la-mise-sur-la-3eme-etape\/#primaryimage","url":"https:\/\/dicodusport.fr\/blog\/wp-content\/uploads\/2023\/06\/Criterium-du-Dauphine-2023-Christophe-Laporte-double-la-mise-sur-la-3eme-etape-1.png","contentUrl":"https:\/\/dicodusport.fr\/blog\/wp-content\/uploads\/2023\/06\/Criterium-du-Dauphine-2023-Christophe-Laporte-double-la-mise-sur-la-3eme-etape-1.png","width":800,"height":445,"caption":"Crit\u00e9rium du Dauphin\u00e9 2023 Christophe Laporte double la mise sur la 3\u00e8me \u00e9tape (1)"},{"@type":"BreadcrumbList","@id":"https:\/\/dicodusport.fr\/blog\/criterium-du-dauphine-2023-christophe-laporte-double-la-mise-sur-la-3eme-etape\/#breadcrumb","itemListElement":[{"@type":"ListItem","position":1,"name":"Accueil","item":"https:\/\/dicodusport.fr\/blog\/"},{"@type":"ListItem","position":2,"name":"Crit\u00e9rium du Dauphin\u00e9 2023 : Christophe Laporte double la mise sur la 3\u00e8me \u00e9tape"}]},{"@type":"WebSite","@id":"https:\/\/dicodusport.fr\/blog\/#website","url":"https:\/\/dicodusport.fr\/blog\/","name":"Dicodusport","description":"L&#039;encyclop\u00e9die de l&#039;actualit\u00e9 sportive","publisher":{"@id":"https:\/\/dicodusport.fr\/blog\/#organization"},"potentialAction":[{"@type":"SearchAction","target":{"@type":"EntryPoint","urlTemplate":"https:\/\/dicodusport.fr\/blog\/?s={search_term_string}"},"query-input":{"@type":"PropertyValueSpecification","valueRequired":true,"valueName":"search_term_string"}}],"inLanguage":"fr-FR"},{"@type":"NewsMediaOrganization","@id":"https:\/\/dicodusport.fr\/blog\/#organization","name":"Dicodusport","url":"https:\/\/dicodusport.fr\/blog\/","logo":{"@type":"ImageObject","inLanguage":"fr-FR","@id":"https:\/\/dicodusport.fr\/blog\/#\/schema\/logo\/image\/","url":"https:\/\/dicodusport.fr\/blog\/wp-content\/uploads\/2020\/06\/cropped-LOGO-DICODUSPORT-2020-SANS-FOND-SANS-TEXTE.png","contentUrl":"https:\/\/dicodusport.fr\/blog\/wp-content\/uploads\/2020\/06\/cropped-LOGO-DICODUSPORT-2020-SANS-FOND-SANS-TEXTE.png","width":512,"height":512,"caption":"Dicodusport"},"image":{"@id":"https:\/\/dicodusport.fr\/blog\/#\/schema\/logo\/image\/"},"sameAs":["https:\/\/www.facebook.com\/dicodusport","https:\/\/x.com\/dicodusport","https:\/\/www.instagram.com\/dicodusport\/","https:\/\/www.youtube.com\/channel\/UC7V2KZ5sd3htJivAbA4ZG3w"],"description":"Dicodusport est l'encyclop\u00e9die de l'actualit\u00e9 sportive.","email":"bonjour@dicodusport.fr","legalName":"DICODUSPORT","foundingDate":"2018-01-14","vatID":"FR71834470973","taxID":"83447097300043","numberOfEmployees":{"@type":"QuantitativeValue","minValue":"1","maxValue":"10"}},{"@type":"Person","@id":"https:\/\/dicodusport.fr\/blog\/#\/schema\/person\/6db4bae06b171592211be385b32876a7","name":"Emilien Descampiaux","image":{"@type":"ImageObject","inLanguage":"fr-FR","@id":"https:\/\/dicodusport.fr\/blog\/#\/schema\/person\/image\/","url":"https:\/\/dicodusport.fr\/blog\/wp-content\/uploads\/2021\/05\/Emilien-Descampiaux-150x150.jpg","contentUrl":"https:\/\/dicodusport.fr\/blog\/wp-content\/uploads\/2021\/05\/Emilien-Descampiaux-150x150.jpg","caption":"Emilien Descampiaux"},"description":"Journaliste\/r\u00e9dacteur depuis 2014 - Fan de la classe de Frank Vandenbroucke, je vis cyclisme (et de ses paysages) depuis plus de 20 ans. Je suis tr\u00e8s impliqu\u00e9 sur mes diff\u00e9rents r\u00e9seaux sociaux pour partager ma passion sur le monde et l'Histoire de la bicyclette avec ma voix sur les images en noir et blanc du succ\u00e8s de Rik Van Steenbergen lors du Ronde sur le V\u00e9lodrome de Gand.","sameAs":["https:\/\/www.facebook.com\/groups\/LesRoisDuPeloton","https:\/\/x.com\/https:\/\/twitter.com\/LRoisDuPeloton"],"url":"https:\/\/dicodusport.fr\/blog\/author\/emiliend\/"}]}},"_links":{"self":[{"href":"https:\/\/dicodusport.fr\/blog\/wp-json\/wp\/v2\/posts\/388815","targetHints":{"allow":["GET"]}}],"collection":[{"href":"https:\/\/dicodusport.fr\/blog\/wp-json\/wp\/v2\/posts"}],"about":[{"href":"https:\/\/dicodusport.fr\/blog\/wp-json\/wp\/v2\/types\/post"}],"author":[{"embeddable":true,"href":"https:\/\/dicodusport.fr\/blog\/wp-json\/wp\/v2\/users\/48"}],"replies":[{"embeddable":true,"href":"https:\/\/dicodusport.fr\/blog\/wp-json\/wp\/v2\/comments?post=388815"}],"version-history":[{"count":0,"href":"https:\/\/dicodusport.fr\/blog\/wp-json\/wp\/v2\/posts\/388815\/revisions"}],"wp:featuredmedia":[{"embeddable":true,"href":"https:\/\/dicodusport.fr\/blog\/wp-json\/wp\/v2\/media\/388850"}],"wp:attachment":[{"href":"https:\/\/dicodusport.fr\/blog\/wp-json\/wp\/v2\/media?parent=388815"}],"wp:term":[{"taxonomy":"category","embeddable":true,"href":"https:\/\/dicodusport.fr\/blog\/wp-json\/wp\/v2\/categories?post=388815"},{"taxonomy":"post_tag","embeddable":true,"href":"https:\/\/dicodusport.fr\/blog\/wp-json\/wp\/v2\/tags?post=388815"}],"curies":[{"name":"wp","href":"https:\/\/api.w.org\/{rel}","templated":true}]}}