{"id":388937,"date":"2023-06-15T09:03:53","date_gmt":"2023-06-15T07:03:53","guid":{"rendered":"https:\/\/dicodusport.fr\/blog\/?p=388937&#038;preview=true&#038;preview_id=388937"},"modified":"2023-06-15T09:03:27","modified_gmt":"2023-06-15T07:03:27","slug":"tour-de-suisse-2023-parcours-et-favoris","status":"publish","type":"post","link":"https:\/\/dicodusport.fr\/blog\/tour-de-suisse-2023-parcours-et-favoris\/","title":{"rendered":"Tour de Suisse 2023 : Parcours et favoris"},"content":{"rendered":"<p style=\"text-align: justify;\"><em><strong>TOUR DE SUISSE 2023 &#8211; La 86\u00e8me \u00e9dition du Tour de Suisse aura lieu du 11 au 18 juin pour huit \u00e9tapes. L&rsquo;\u00e9preuve se terminera deux semaines avant le d\u00e9part du Tour de France. Cette course est, avec le Crit\u00e9rium du Dauphin\u00e9, un test id\u00e9al avant la confrontation de juillet. L&rsquo;\u00e9preuve par \u00e9tapes helv\u00e9tique comprendra un m\u00e9lange de contre-la-montre, d&rsquo;\u00e9tapes vallonn\u00e9es et d&rsquo;\u00e9tapes de haute montagne dans les Alpes. Remco Evenepoel sera la t\u00eate d&rsquo;affiche de cette course.\u00a0<\/strong><\/em><\/p>\n<h2 style=\"text-align: justify;\">Parcours du Tour de Suisse 2023<\/h2>\n<p style=\"text-align: justify;\"><span style=\"font-weight: 400;\">D&rsquo;abord, la course d\u00e9butera par un contre-la-montre individuel de 12,7 kilom\u00e8tres autour d&rsquo;<strong>Einsiedeln<\/strong> dans le canton de Schwytz. Tout au d\u00e9but du parcours, les coureurs emprunteront le viaduc Willerzeller avant de longer le Lac de Sihl par le nord, avant de revenir sur Einsiedeln. L&rsquo;itin\u00e9raire sera plat, avec juste un faux plat descendant apr\u00e8s deux kilom\u00e8tres et un faux plat montant de 700 m\u00e8tres pour rejoindre l&rsquo;arriv\u00e9e.\u00a0<\/span><\/p>\n<div id=\"attachment_389614\" style=\"width: 750px\" class=\"wp-caption aligncenter\"><a href=\"https:\/\/dicodusport.fr\/blog\/wp-content\/uploads\/2023\/06\/Tour-de-Suisse-2023-Etape-1.jpeg\"><img loading=\"lazy\" decoding=\"async\" aria-describedby=\"caption-attachment-389614\" class=\"size-large wp-image-389614\" src=\"https:\/\/dicodusport.fr\/blog\/wp-content\/uploads\/2023\/06\/Tour-de-Suisse-2023-Etape-1-1024x512.jpeg\" alt=\"\" width=\"740\" height=\"370\" srcset=\"https:\/\/dicodusport.fr\/blog\/wp-content\/uploads\/2023\/06\/Tour-de-Suisse-2023-Etape-1-1024x512.jpeg 1024w, https:\/\/dicodusport.fr\/blog\/wp-content\/uploads\/2023\/06\/Tour-de-Suisse-2023-Etape-1-300x150.jpeg 300w, https:\/\/dicodusport.fr\/blog\/wp-content\/uploads\/2023\/06\/Tour-de-Suisse-2023-Etape-1-768x384.jpeg 768w, https:\/\/dicodusport.fr\/blog\/wp-content\/uploads\/2023\/06\/Tour-de-Suisse-2023-Etape-1.jpeg 1250w\" sizes=\"auto, (max-width: 740px) 100vw, 740px\" \/><\/a><p id=\"caption-attachment-389614\" class=\"wp-caption-text\">\u00a9 Pro Cycling Stats<\/p><\/div>\n<p style=\"text-align: justify;\"><span style=\"font-weight: 400;\">Ensuite, la deuxi\u00e8me \u00e9tape se tiendra entre <strong>Berom\u00fcnster<\/strong> et <strong>Nottwil<\/strong> sur 173,7 kilom\u00e8tres, avec diff\u00e9rentes boucles dans le canton de Lucerne. L&rsquo;\u00e9tape devrait \u00eatre destin\u00e9e \u00e0 un sprinteur malgr\u00e9 les petits reliefs de la journ\u00e9e, avec deux c\u00f4tes de troisi\u00e8me cat\u00e9gorie :\u00a0 Chommie (3 km \u00e0 5,1 %) et Oberarig (3,3 km \u00e0 4,8 %, \u00e0 24 kilom\u00e8tres de l&rsquo;arriv\u00e9e).\u00a0<\/span><\/p>\n<div id=\"attachment_389613\" style=\"width: 750px\" class=\"wp-caption aligncenter\"><a href=\"https:\/\/dicodusport.fr\/blog\/wp-content\/uploads\/2023\/06\/Tour-de-Suisse-2023-Etape-2.jpeg\"><img loading=\"lazy\" decoding=\"async\" aria-describedby=\"caption-attachment-389613\" class=\"size-large wp-image-389613\" src=\"https:\/\/dicodusport.fr\/blog\/wp-content\/uploads\/2023\/06\/Tour-de-Suisse-2023-Etape-2-1024x388.jpeg\" alt=\"\" width=\"740\" height=\"280\" srcset=\"https:\/\/dicodusport.fr\/blog\/wp-content\/uploads\/2023\/06\/Tour-de-Suisse-2023-Etape-2-1024x388.jpeg 1024w, https:\/\/dicodusport.fr\/blog\/wp-content\/uploads\/2023\/06\/Tour-de-Suisse-2023-Etape-2-300x114.jpeg 300w, https:\/\/dicodusport.fr\/blog\/wp-content\/uploads\/2023\/06\/Tour-de-Suisse-2023-Etape-2-768x291.jpeg 768w, https:\/\/dicodusport.fr\/blog\/wp-content\/uploads\/2023\/06\/Tour-de-Suisse-2023-Etape-2-1536x582.jpeg 1536w, https:\/\/dicodusport.fr\/blog\/wp-content\/uploads\/2023\/06\/Tour-de-Suisse-2023-Etape-2.jpeg 1650w\" sizes=\"auto, (max-width: 740px) 100vw, 740px\" \/><\/a><p id=\"caption-attachment-389613\" class=\"wp-caption-text\">\u00a9 Pro Cycling Stats<\/p><\/div>\n<p style=\"text-align: justify;\"><span style=\"font-weight: 400;\">La troisi\u00e8me \u00e9tape sera la premi\u00e8re explication en montagne entre <strong>Tafers<\/strong> et <strong>Villars-sur-Ollon<\/strong> pour une arriv\u00e9e au sommet dans les pr\u00e9alpes vaudoises. 2 700 m\u00e8tres de d\u00e9nivel\u00e9 seront gravis au cours de la journ\u00e9e. Apr\u00e8s une boucle au nord de la ville de d\u00e9part, les coureurs iront vers le sud pour longer le Lac de la Gruy\u00e8re, pour 100 premiers kilom\u00e8tres plats. Le Col des Mosses (13,5 km \u00e0 4,1 %) sera ensuite la premi\u00e8re ascension de la journ\u00e9e avant de plonger sur Aigle. Apr\u00e8s la travers\u00e9e d&rsquo;Ollon, place \u00e0 la mont\u00e9e finale de 10,7 kilom\u00e8tres \u00e0 7,8 %. La derni\u00e8re arriv\u00e9e du Tour de Suisse au sein de cette station a eu lieu en 2017 avec le succ\u00e8s de Larry Warbasse, alors sous les couleurs de l&rsquo;\u00e9quipe Aqua Blue Sport.\u00a0<\/span><\/p>\n<div id=\"attachment_389612\" style=\"width: 750px\" class=\"wp-caption aligncenter\"><a href=\"https:\/\/dicodusport.fr\/blog\/wp-content\/uploads\/2023\/06\/Tour-de-Suisse-2023-Etape-3.jpeg\"><img loading=\"lazy\" decoding=\"async\" aria-describedby=\"caption-attachment-389612\" class=\"size-large wp-image-389612\" src=\"https:\/\/dicodusport.fr\/blog\/wp-content\/uploads\/2023\/06\/Tour-de-Suisse-2023-Etape-3-1024x512.jpeg\" alt=\"\" width=\"740\" height=\"370\" srcset=\"https:\/\/dicodusport.fr\/blog\/wp-content\/uploads\/2023\/06\/Tour-de-Suisse-2023-Etape-3-1024x512.jpeg 1024w, https:\/\/dicodusport.fr\/blog\/wp-content\/uploads\/2023\/06\/Tour-de-Suisse-2023-Etape-3-300x150.jpeg 300w, https:\/\/dicodusport.fr\/blog\/wp-content\/uploads\/2023\/06\/Tour-de-Suisse-2023-Etape-3-768x384.jpeg 768w, https:\/\/dicodusport.fr\/blog\/wp-content\/uploads\/2023\/06\/Tour-de-Suisse-2023-Etape-3.jpeg 1250w\" sizes=\"auto, (max-width: 740px) 100vw, 740px\" \/><\/a><p id=\"caption-attachment-389612\" class=\"wp-caption-text\">\u00a9 Pro Cycling Stats<\/p><\/div>\n<p style=\"text-align: justify;\"><span style=\"font-weight: 400;\">Puis, la quatri\u00e8me acte entre <strong>Monthey<\/strong> et <strong>Leukerbad<\/strong> sera pour une \u00e9tape 100 % valaisanne, avec programme, 2 800 m\u00e8tres de d\u00e9nivel\u00e9. L&rsquo;\u00e9tape commencera par une boucle de 24 kilom\u00e8tres avant d&rsquo;entrer dans la vall\u00e9e du Rh\u00f4ne pendant une soixantaine de kilom\u00e8tres. Cependant, les 70 derniers kilom\u00e8tres seront tr\u00e8s accident\u00e9s, avec l&rsquo;ascension du col de Crans-Montana (14,6 km \u00e0 6,7 %), la c\u00f4te de Varenstrasse (2,8 km \u00e0 5 %) et l&rsquo;ascension du H\u00f6hensweg (19 km \u00e0 4,5 % avec 3 premiers kilom\u00e8tres \u00e0 plus de 7 %). Enfin, les quatre derniers kilom\u00e8tres seront en descente. Ce sera la septi\u00e8me arriv\u00e9e \u00e0 Leukerbad dans l&rsquo;histoire du Tour de Suisse apr\u00e8s 1985, 1988 (avec deux arriv\u00e9es), 2006, 2018 et enfin 2021 (avec le succ\u00e8s de Richard Carapaz).\u00a0<\/span><\/p>\n<div id=\"attachment_389611\" style=\"width: 750px\" class=\"wp-caption aligncenter\"><a href=\"https:\/\/dicodusport.fr\/blog\/wp-content\/uploads\/2023\/06\/Tour-de-Suisse-2023-Etape-4.jpeg\"><img loading=\"lazy\" decoding=\"async\" aria-describedby=\"caption-attachment-389611\" class=\"size-large wp-image-389611\" src=\"https:\/\/dicodusport.fr\/blog\/wp-content\/uploads\/2023\/06\/Tour-de-Suisse-2023-Etape-4-1024x512.jpeg\" alt=\"\" width=\"740\" height=\"370\" srcset=\"https:\/\/dicodusport.fr\/blog\/wp-content\/uploads\/2023\/06\/Tour-de-Suisse-2023-Etape-4-1024x512.jpeg 1024w, https:\/\/dicodusport.fr\/blog\/wp-content\/uploads\/2023\/06\/Tour-de-Suisse-2023-Etape-4-300x150.jpeg 300w, https:\/\/dicodusport.fr\/blog\/wp-content\/uploads\/2023\/06\/Tour-de-Suisse-2023-Etape-4-768x384.jpeg 768w, https:\/\/dicodusport.fr\/blog\/wp-content\/uploads\/2023\/06\/Tour-de-Suisse-2023-Etape-4.jpeg 1250w\" sizes=\"auto, (max-width: 740px) 100vw, 740px\" \/><\/a><p id=\"caption-attachment-389611\" class=\"wp-caption-text\">\u00a9 Pro Cycling Stats<\/p><\/div>\n<p style=\"text-align: justify;\"><span style=\"font-weight: 400;\">La cinqui\u00e8me \u00e9tape sera l&rsquo;\u00e9tape reine de cette \u00e9dition entre <strong>Fiesch<\/strong> et <strong>La Punt<\/strong> dans les Grisons avec pr\u00e8s de 4 700 m\u00e8tres de d\u00e9nivel\u00e9. Les 71 premiers kilom\u00e8tres seront extr\u00eamement exigeants avec les Cols du Furkapass (16,5 km \u00e0 6,4 %) et de l&rsquo;Oberalppass (10,7 km \u00e0 5,6 %). Ces deux difficult\u00e9s culmineront \u00e0 plus de 2\u00a0 000 m\u00e8tres d&rsquo;altitude. Apr\u00e8s une longue portion en vall\u00e9e de pr\u00e8s de 100 kilom\u00e8tres sur des routes rectilignes jusqu&rsquo;\u00e0 Surava, les coureurs grimperont le troisi\u00e8me et dernier col du jour : l&rsquo;Albulapass (17,4 km \u00e0 6,8 %), avant une descente de moins de 10 kilom\u00e8tres sur La Punt. La premi\u00e8re moiti\u00e9 du dernier col sera assez irr\u00e9guli\u00e8re, entre portions roulantes et portion difficile \u00e0 plus de 10 %, tandis que la seconde sera bien plus r\u00e9guli\u00e8re.\u00a0<\/span><\/p>\n<div id=\"attachment_389610\" style=\"width: 750px\" class=\"wp-caption aligncenter\"><a href=\"https:\/\/dicodusport.fr\/blog\/wp-content\/uploads\/2023\/06\/Tour-de-Suisse-2023-Etape-5.jpeg\"><img loading=\"lazy\" decoding=\"async\" aria-describedby=\"caption-attachment-389610\" class=\"size-large wp-image-389610\" src=\"https:\/\/dicodusport.fr\/blog\/wp-content\/uploads\/2023\/06\/Tour-de-Suisse-2023-Etape-5-1024x441.jpeg\" alt=\"\" width=\"740\" height=\"319\" srcset=\"https:\/\/dicodusport.fr\/blog\/wp-content\/uploads\/2023\/06\/Tour-de-Suisse-2023-Etape-5-1024x441.jpeg 1024w, https:\/\/dicodusport.fr\/blog\/wp-content\/uploads\/2023\/06\/Tour-de-Suisse-2023-Etape-5-300x129.jpeg 300w, https:\/\/dicodusport.fr\/blog\/wp-content\/uploads\/2023\/06\/Tour-de-Suisse-2023-Etape-5-768x331.jpeg 768w, https:\/\/dicodusport.fr\/blog\/wp-content\/uploads\/2023\/06\/Tour-de-Suisse-2023-Etape-5.jpeg 1450w\" sizes=\"auto, (max-width: 740px) 100vw, 740px\" \/><\/a><p id=\"caption-attachment-389610\" class=\"wp-caption-text\">\u00a9 Pro Cycling Stats<\/p><\/div>\n<p style=\"text-align: justify;\"><span style=\"font-weight: 400;\">Ensuite, la sixi\u00e8me \u00e9tape aura lieu entre <strong>La Punt<\/strong> et <strong>Oberwil-Lieli<\/strong>. D\u00e8s le d\u00e9part, l&rsquo;Albulapass sera gravi par le versant oppos\u00e9 de la veille, d&rsquo;une longueur de 9 km avec un pourcentage moyen de 6,8 %. Une autre belle ascension sera au programme en direction de Lenzerheide (7,5 km \u00e0 7,5 %) apr\u00e8s 45 kilom\u00e8tres de course. Apr\u00e8s une longue portion de vall\u00e9e, le dernier tiers de course sera vallonn\u00e9 avec des petites bosses \u00e0 Menzingen, T\u00fcrlen et Islisberg, dont le sommet se situera \u00e0 moins de 10 kilom\u00e8tres du terme. L&rsquo;arriv\u00e9e sera jug\u00e9e au sommet d&rsquo;une bosse de 2 400 m\u00e8tres \u00e0 6,7 %.\u00a0<\/span><\/p>\n<div id=\"attachment_389609\" style=\"width: 750px\" class=\"wp-caption aligncenter\"><a href=\"https:\/\/dicodusport.fr\/blog\/wp-content\/uploads\/2023\/06\/Tour-de-Suisse-2023-Etape-6.jpeg\"><img loading=\"lazy\" decoding=\"async\" aria-describedby=\"caption-attachment-389609\" class=\"size-large wp-image-389609\" src=\"https:\/\/dicodusport.fr\/blog\/wp-content\/uploads\/2023\/06\/Tour-de-Suisse-2023-Etape-6-1024x512.jpeg\" alt=\"\" width=\"740\" height=\"370\" srcset=\"https:\/\/dicodusport.fr\/blog\/wp-content\/uploads\/2023\/06\/Tour-de-Suisse-2023-Etape-6-1024x512.jpeg 1024w, https:\/\/dicodusport.fr\/blog\/wp-content\/uploads\/2023\/06\/Tour-de-Suisse-2023-Etape-6-300x150.jpeg 300w, https:\/\/dicodusport.fr\/blog\/wp-content\/uploads\/2023\/06\/Tour-de-Suisse-2023-Etape-6-768x384.jpeg 768w, https:\/\/dicodusport.fr\/blog\/wp-content\/uploads\/2023\/06\/Tour-de-Suisse-2023-Etape-6.jpeg 1250w\" sizes=\"auto, (max-width: 740px) 100vw, 740px\" \/><\/a><p id=\"caption-attachment-389609\" class=\"wp-caption-text\">\u00a9 Pro Cycling Stats<\/p><\/div>\n<p style=\"text-align: justify;\"><span style=\"font-weight: 400;\">L&rsquo;avant-derni\u00e8re \u00e9tape commencera \u00e0 <strong>T\u00fcbach<\/strong> avec une boucle le long du Lac de Constance sur un profil assez plat. Cependant, tout au long de la journ\u00e9e, quatre ascensions seront au programme dont les difficiles mont\u00e9es de Heiden et de Eichberg dans la premi\u00e8re moiti\u00e9 de l&rsquo;\u00e9tape. La seconde moiti\u00e9 sera mal plate jusqu&rsquo;\u00e0 l&rsquo;arriv\u00e9e \u00e0 <strong>Weinfelden,<\/strong> dans le canton de Thurgovie. Weinfelden accueillera pour la deuxi\u00e8me fois une arriv\u00e9e du Tour de Suisse apr\u00e8s 2005 et le succ\u00e8s du sprinteur autrichien de La Fran\u00e7aise des Jeux, Bernhard Eisel.\u00a0<\/span><\/p>\n<div id=\"attachment_389608\" style=\"width: 750px\" class=\"wp-caption aligncenter\"><a href=\"https:\/\/dicodusport.fr\/blog\/wp-content\/uploads\/2023\/06\/Tour-de-Suisse-2023-Etape-7.jpeg\"><img loading=\"lazy\" decoding=\"async\" aria-describedby=\"caption-attachment-389608\" class=\"size-large wp-image-389608\" src=\"https:\/\/dicodusport.fr\/blog\/wp-content\/uploads\/2023\/06\/Tour-de-Suisse-2023-Etape-7-1024x388.jpeg\" alt=\"\" width=\"740\" height=\"280\" srcset=\"https:\/\/dicodusport.fr\/blog\/wp-content\/uploads\/2023\/06\/Tour-de-Suisse-2023-Etape-7-1024x388.jpeg 1024w, https:\/\/dicodusport.fr\/blog\/wp-content\/uploads\/2023\/06\/Tour-de-Suisse-2023-Etape-7-300x114.jpeg 300w, https:\/\/dicodusport.fr\/blog\/wp-content\/uploads\/2023\/06\/Tour-de-Suisse-2023-Etape-7-768x291.jpeg 768w, https:\/\/dicodusport.fr\/blog\/wp-content\/uploads\/2023\/06\/Tour-de-Suisse-2023-Etape-7-1536x582.jpeg 1536w, https:\/\/dicodusport.fr\/blog\/wp-content\/uploads\/2023\/06\/Tour-de-Suisse-2023-Etape-7.jpeg 1650w\" sizes=\"auto, (max-width: 740px) 100vw, 740px\" \/><\/a><p id=\"caption-attachment-389608\" class=\"wp-caption-text\">\u00a9 Pro Cycling Stats<\/p><\/div>\n<p style=\"text-align: justify;\"><span style=\"font-weight: 400;\">Enfin, un contre-la-montre individuel conclura l&rsquo;\u00e9preuve, avec 25 kilom\u00e8tres au programme entre <strong>Saint Gall<\/strong> et <strong>Abtwil.<\/strong> Les coureurs emprunteront les routes d&rsquo;entra\u00eenement de Stefan K\u00fcng et de Stefan Bissegger. Les deux premiers tiers seront plats avant de grimper sur Oberwalstrasse, via une mont\u00e9e de deux kilom\u00e8tres \u00e0 pr\u00e8s de 7 %. Apr\u00e8s quatre kilom\u00e8tres sur un plateau, les trois derniers kilom\u00e8tres seront en descente.<\/span><\/p>\n<div id=\"attachment_389607\" style=\"width: 750px\" class=\"wp-caption aligncenter\"><a href=\"https:\/\/dicodusport.fr\/blog\/wp-content\/uploads\/2023\/06\/Tour-de-Suisse-2023-Etape-8.jpeg\"><img loading=\"lazy\" decoding=\"async\" aria-describedby=\"caption-attachment-389607\" class=\"size-large wp-image-389607\" src=\"https:\/\/dicodusport.fr\/blog\/wp-content\/uploads\/2023\/06\/Tour-de-Suisse-2023-Etape-8-1024x388.jpeg\" alt=\"\" width=\"740\" height=\"280\" srcset=\"https:\/\/dicodusport.fr\/blog\/wp-content\/uploads\/2023\/06\/Tour-de-Suisse-2023-Etape-8-1024x388.jpeg 1024w, https:\/\/dicodusport.fr\/blog\/wp-content\/uploads\/2023\/06\/Tour-de-Suisse-2023-Etape-8-300x114.jpeg 300w, https:\/\/dicodusport.fr\/blog\/wp-content\/uploads\/2023\/06\/Tour-de-Suisse-2023-Etape-8-768x291.jpeg 768w, https:\/\/dicodusport.fr\/blog\/wp-content\/uploads\/2023\/06\/Tour-de-Suisse-2023-Etape-8-1536x582.jpeg 1536w, https:\/\/dicodusport.fr\/blog\/wp-content\/uploads\/2023\/06\/Tour-de-Suisse-2023-Etape-8.jpeg 1650w\" sizes=\"auto, (max-width: 740px) 100vw, 740px\" \/><\/a><p id=\"caption-attachment-389607\" class=\"wp-caption-text\">\u00a9 Pro Cycling Stats<\/p><\/div>\n<ul>\n<li style=\"text-align: justify;\"><strong>\u00c0 lire aussi &#8211; <a href=\"https:\/\/dicodusport.fr\/blog\/tour-de-suisse-2023-classement-general\/\">Classement g\u00e9n\u00e9ral du Tour de Suisse 2023<\/a><\/strong><\/li>\n<\/ul>\n<h2 style=\"text-align: justify;\">Les favoris du Tour de Suisse 2023<\/h2>\n<p style=\"text-align: justify;\">Remco Evenepoel (Soudal Quick-Step)<\/p>\n<p style=\"text-align: justify;\">Mattias Skjelmose (Trek-Segafredo)<\/p>\n<p style=\"text-align: justify;\">Tom Pidcock (INEOS Grenadiers)<\/p>\n<p style=\"text-align: justify;\">Pello Bilbao (Bahrain Victorious)<\/p>\n<p style=\"text-align: justify;\">Romain Bardet (Team DSM)<\/p>\n<h2 style=\"text-align: justify;\"><span style=\"font-weight: 400;\"><strong>Palmar\u00e8s<\/strong>\u00a0<\/span><\/h2>\n<p style=\"text-align: justify;\"><span style=\"font-weight: 400;\">2022 &#8211; THOMAS Geraint<\/span><\/p>\n<p style=\"text-align: justify;\"><span style=\"font-weight: 400;\">2021 &#8211; CARAPAZ Richard<\/span><\/p>\n<p style=\"text-align: justify;\"><span style=\"font-weight: 400;\">2019 &#8211; BERNAL Egan<\/span><\/p>\n<p style=\"text-align: justify;\"><span style=\"font-weight: 400;\">2018 &#8211; PORTE Richie<\/span><\/p>\n<p style=\"text-align: justify;\"><span style=\"font-weight: 400;\">2017 &#8211; \u0160PILAK Simon<\/span><\/p>\n<p style=\"text-align: justify;\"><span style=\"font-weight: 400;\">2016 &#8211; L\u00d3PEZ Miguel \u00c1ngel<\/span><\/p>\n<p style=\"text-align: justify;\"><span style=\"font-weight: 400;\">2015 &#8211; \u0160PILAK Simon<\/span><\/p>\n<p style=\"text-align: justify;\"><span style=\"font-weight: 400;\">2014 &#8211; COSTA Rui<\/span><\/p>\n<p style=\"text-align: justify;\"><span style=\"font-weight: 400;\">2013 &#8211; COSTA Rui<\/span><\/p>\n<p style=\"text-align: justify;\"><span style=\"font-weight: 400;\">2012 &#8211; COSTA Rui<\/span><\/p>\n<h2 style=\"text-align: justify;\">\u00c0 lire aussi<\/h2>\n<ul>\n<li style=\"text-align: justify;\"><a href=\"https:\/\/dicodusport.fr\/blog\/tour-de-suisse-2023-les-engages\/\"><strong>Tour de Suisse 2023 : Les engag\u00e9s<\/strong><\/a><\/li>\n<li style=\"text-align: justify;\"><strong><a href=\"https:\/\/dicodusport.fr\/blog\/tour-de-suisse-2023-a-quelle-heure-et-sur-quelle-chaine-tv\/\">Tour de Suisse 2023 : \u00c0 quelle heure et sur quelle cha\u00eene TV<\/a>\u00a0<\/strong><\/li>\n<\/ul>\n","protected":false},"excerpt":{"rendered":"<p>TOUR DE SUISSE 2023 &#8211; La 86\u00e8me \u00e9dition du Tour de Suisse aura lieu du 11 au 18 juin pour huit \u00e9tapes. Parcours et favoris.<\/p>\n","protected":false},"author":48,"featured_media":389807,"comment_status":"open","ping_status":"closed","sticky":false,"template":"","format":"standard","meta":{"_acf_changed":false,"_daextam_enable_autolinks":"","footnotes":""},"categories":[46994],"tags":[16878,8106],"class_list":["post-388937","post","type-post","status-publish","format-standard","has-post-thumbnail","hentry","category-cyclisme-sur-route","tag-breve","tag-tour-de-suisse"],"acf":[],"yoast_head":"<!-- This site is optimized with the Yoast SEO Premium plugin v26.7 (Yoast SEO v26.7) - https:\/\/yoast.com\/wordpress\/plugins\/seo\/ -->\n<title>Tour de Suisse 2023 : Parcours et favoris<\/title>\n<meta name=\"description\" content=\"TOUR DE SUISSE 2023 - La 86\u00e8me \u00e9dition du Tour de Suisse aura lieu du 11 au 18 juin pour huit \u00e9tapes. Parcours et favoris.\" \/>\n<meta name=\"robots\" content=\"index, follow, max-snippet:-1, max-image-preview:large, max-video-preview:-1\" \/>\n<link rel=\"canonical\" href=\"https:\/\/dicodusport.fr\/blog\/tour-de-suisse-2023-parcours-et-favoris\/\" \/>\n<meta property=\"og:locale\" content=\"fr_FR\" \/>\n<meta property=\"og:type\" content=\"article\" \/>\n<meta property=\"og:title\" content=\"Tour de Suisse 2023 : Parcours et favoris\" \/>\n<meta property=\"og:description\" content=\"TOUR DE SUISSE 2023 - La 86\u00e8me \u00e9dition du Tour de Suisse aura lieu du 11 au 18 juin pour huit \u00e9tapes. Parcours et favoris.\" \/>\n<meta property=\"og:url\" content=\"https:\/\/dicodusport.fr\/blog\/tour-de-suisse-2023-parcours-et-favoris\/\" \/>\n<meta property=\"og:site_name\" content=\"Dicodusport\" \/>\n<meta property=\"article:publisher\" content=\"https:\/\/www.facebook.com\/dicodusport\" \/>\n<meta property=\"article:author\" content=\"https:\/\/www.facebook.com\/groups\/LesRoisDuPeloton\" \/>\n<meta property=\"article:published_time\" content=\"2023-06-15T07:03:53+00:00\" \/>\n<meta property=\"og:image\" content=\"https:\/\/dicodusport.fr\/blog\/wp-content\/uploads\/2023\/06\/Tour-de-Suisse-2023-Parcours-et-favoris.png\" \/>\n\t<meta property=\"og:image:width\" content=\"800\" \/>\n\t<meta property=\"og:image:height\" content=\"445\" \/>\n\t<meta property=\"og:image:type\" content=\"image\/png\" \/>\n<meta name=\"author\" content=\"Emilien Descampiaux\" \/>\n<meta name=\"twitter:card\" content=\"summary_large_image\" \/>\n<meta name=\"twitter:title\" content=\"Tour de Suisse 2023 : Parcours et favoris\" \/>\n<meta name=\"twitter:creator\" content=\"@https:\/\/twitter.com\/LRoisDuPeloton\" \/>\n<meta name=\"twitter:site\" content=\"@dicodusport\" \/>\n<script type=\"application\/ld+json\" class=\"yoast-schema-graph\">{\"@context\":\"https:\/\/schema.org\",\"@graph\":[{\"@type\":\"NewsArticle\",\"@id\":\"https:\/\/dicodusport.fr\/blog\/tour-de-suisse-2023-parcours-et-favoris\/#article\",\"isPartOf\":{\"@id\":\"https:\/\/dicodusport.fr\/blog\/tour-de-suisse-2023-parcours-et-favoris\/\"},\"author\":{\"name\":\"Emilien Descampiaux\",\"@id\":\"https:\/\/dicodusport.fr\/blog\/#\/schema\/person\/6db4bae06b171592211be385b32876a7\"},\"headline\":\"Tour de Suisse 2023 : Parcours et favoris\",\"datePublished\":\"2023-06-15T07:03:53+00:00\",\"mainEntityOfPage\":{\"@id\":\"https:\/\/dicodusport.fr\/blog\/tour-de-suisse-2023-parcours-et-favoris\/\"},\"wordCount\":1074,\"commentCount\":0,\"publisher\":{\"@id\":\"https:\/\/dicodusport.fr\/blog\/#organization\"},\"image\":{\"@id\":\"https:\/\/dicodusport.fr\/blog\/tour-de-suisse-2023-parcours-et-favoris\/#primaryimage\"},\"thumbnailUrl\":\"https:\/\/dicodusport.fr\/blog\/wp-content\/uploads\/2023\/06\/Tour-de-Suisse-2023-Parcours-et-favoris.png\",\"keywords\":[\"br\u00e8ve\",\"Tour de Suisse\"],\"articleSection\":[\"Cyclisme sur route\"],\"inLanguage\":\"fr-FR\",\"potentialAction\":[{\"@type\":\"CommentAction\",\"name\":\"Comment\",\"target\":[\"https:\/\/dicodusport.fr\/blog\/tour-de-suisse-2023-parcours-et-favoris\/#respond\"]}],\"copyrightYear\":\"2023\",\"copyrightHolder\":{\"@id\":\"https:\/\/dicodusport.fr\/blog\/#organization\"}},{\"@type\":\"WebPage\",\"@id\":\"https:\/\/dicodusport.fr\/blog\/tour-de-suisse-2023-parcours-et-favoris\/\",\"url\":\"https:\/\/dicodusport.fr\/blog\/tour-de-suisse-2023-parcours-et-favoris\/\",\"name\":\"Tour de Suisse 2023 : Parcours et favoris\",\"isPartOf\":{\"@id\":\"https:\/\/dicodusport.fr\/blog\/#website\"},\"primaryImageOfPage\":{\"@id\":\"https:\/\/dicodusport.fr\/blog\/tour-de-suisse-2023-parcours-et-favoris\/#primaryimage\"},\"image\":{\"@id\":\"https:\/\/dicodusport.fr\/blog\/tour-de-suisse-2023-parcours-et-favoris\/#primaryimage\"},\"thumbnailUrl\":\"https:\/\/dicodusport.fr\/blog\/wp-content\/uploads\/2023\/06\/Tour-de-Suisse-2023-Parcours-et-favoris.png\",\"datePublished\":\"2023-06-15T07:03:53+00:00\",\"description\":\"TOUR DE SUISSE 2023 - La 86\u00e8me \u00e9dition du Tour de Suisse aura lieu du 11 au 18 juin pour huit \u00e9tapes. Parcours et favoris.\",\"breadcrumb\":{\"@id\":\"https:\/\/dicodusport.fr\/blog\/tour-de-suisse-2023-parcours-et-favoris\/#breadcrumb\"},\"inLanguage\":\"fr-FR\",\"potentialAction\":[{\"@type\":\"ReadAction\",\"target\":[\"https:\/\/dicodusport.fr\/blog\/tour-de-suisse-2023-parcours-et-favoris\/\"]}]},{\"@type\":\"ImageObject\",\"inLanguage\":\"fr-FR\",\"@id\":\"https:\/\/dicodusport.fr\/blog\/tour-de-suisse-2023-parcours-et-favoris\/#primaryimage\",\"url\":\"https:\/\/dicodusport.fr\/blog\/wp-content\/uploads\/2023\/06\/Tour-de-Suisse-2023-Parcours-et-favoris.png\",\"contentUrl\":\"https:\/\/dicodusport.fr\/blog\/wp-content\/uploads\/2023\/06\/Tour-de-Suisse-2023-Parcours-et-favoris.png\",\"width\":800,\"height\":445,\"caption\":\"Tour de Suisse 2023 Parcours et favoris\"},{\"@type\":\"BreadcrumbList\",\"@id\":\"https:\/\/dicodusport.fr\/blog\/tour-de-suisse-2023-parcours-et-favoris\/#breadcrumb\",\"itemListElement\":[{\"@type\":\"ListItem\",\"position\":1,\"name\":\"Accueil\",\"item\":\"https:\/\/dicodusport.fr\/blog\/\"},{\"@type\":\"ListItem\",\"position\":2,\"name\":\"Tour de Suisse 2023 : Parcours et favoris\"}]},{\"@type\":\"WebSite\",\"@id\":\"https:\/\/dicodusport.fr\/blog\/#website\",\"url\":\"https:\/\/dicodusport.fr\/blog\/\",\"name\":\"Dicodusport\",\"description\":\"L&#039;encyclop\u00e9die de l&#039;actualit\u00e9 sportive\",\"publisher\":{\"@id\":\"https:\/\/dicodusport.fr\/blog\/#organization\"},\"potentialAction\":[{\"@type\":\"SearchAction\",\"target\":{\"@type\":\"EntryPoint\",\"urlTemplate\":\"https:\/\/dicodusport.fr\/blog\/?s={search_term_string}\"},\"query-input\":{\"@type\":\"PropertyValueSpecification\",\"valueRequired\":true,\"valueName\":\"search_term_string\"}}],\"inLanguage\":\"fr-FR\"},{\"@type\":\"NewsMediaOrganization\",\"@id\":\"https:\/\/dicodusport.fr\/blog\/#organization\",\"name\":\"Dicodusport\",\"url\":\"https:\/\/dicodusport.fr\/blog\/\",\"logo\":{\"@type\":\"ImageObject\",\"inLanguage\":\"fr-FR\",\"@id\":\"https:\/\/dicodusport.fr\/blog\/#\/schema\/logo\/image\/\",\"url\":\"https:\/\/dicodusport.fr\/blog\/wp-content\/uploads\/2020\/06\/cropped-LOGO-DICODUSPORT-2020-SANS-FOND-SANS-TEXTE.png\",\"contentUrl\":\"https:\/\/dicodusport.fr\/blog\/wp-content\/uploads\/2020\/06\/cropped-LOGO-DICODUSPORT-2020-SANS-FOND-SANS-TEXTE.png\",\"width\":512,\"height\":512,\"caption\":\"Dicodusport\"},\"image\":{\"@id\":\"https:\/\/dicodusport.fr\/blog\/#\/schema\/logo\/image\/\"},\"sameAs\":[\"https:\/\/www.facebook.com\/dicodusport\",\"https:\/\/x.com\/dicodusport\",\"https:\/\/www.instagram.com\/dicodusport\/\",\"https:\/\/www.youtube.com\/channel\/UC7V2KZ5sd3htJivAbA4ZG3w\"],\"description\":\"Dicodusport est l'encyclop\u00e9die de l'actualit\u00e9 sportive.\",\"email\":\"bonjour@dicodusport.fr\",\"legalName\":\"DICODUSPORT\",\"foundingDate\":\"2018-01-14\",\"vatID\":\"FR71834470973\",\"taxID\":\"83447097300043\",\"numberOfEmployees\":{\"@type\":\"QuantitativeValue\",\"minValue\":\"1\",\"maxValue\":\"10\"}},{\"@type\":\"Person\",\"@id\":\"https:\/\/dicodusport.fr\/blog\/#\/schema\/person\/6db4bae06b171592211be385b32876a7\",\"name\":\"Emilien Descampiaux\",\"image\":{\"@type\":\"ImageObject\",\"inLanguage\":\"fr-FR\",\"@id\":\"https:\/\/dicodusport.fr\/blog\/#\/schema\/person\/image\/\",\"url\":\"https:\/\/dicodusport.fr\/blog\/wp-content\/uploads\/2021\/05\/Emilien-Descampiaux-150x150.jpg\",\"contentUrl\":\"https:\/\/dicodusport.fr\/blog\/wp-content\/uploads\/2021\/05\/Emilien-Descampiaux-150x150.jpg\",\"caption\":\"Emilien Descampiaux\"},\"description\":\"Journaliste\/r\u00e9dacteur depuis 2014 - Fan de la classe de Frank Vandenbroucke, je vis cyclisme (et de ses paysages) depuis plus de 20 ans. Je suis tr\u00e8s impliqu\u00e9 sur mes diff\u00e9rents r\u00e9seaux sociaux pour partager ma passion sur le monde et l'Histoire de la bicyclette avec ma voix sur les images en noir et blanc du succ\u00e8s de Rik Van Steenbergen lors du Ronde sur le V\u00e9lodrome de Gand.\",\"sameAs\":[\"https:\/\/www.facebook.com\/groups\/LesRoisDuPeloton\",\"https:\/\/x.com\/https:\/\/twitter.com\/LRoisDuPeloton\"],\"url\":\"https:\/\/dicodusport.fr\/blog\/author\/emiliend\/\"}]}<\/script>\n<!-- \/ Yoast SEO Premium plugin. -->","yoast_head_json":{"title":"Tour de Suisse 2023 : Parcours et favoris","description":"TOUR DE SUISSE 2023 - La 86\u00e8me \u00e9dition du Tour de Suisse aura lieu du 11 au 18 juin pour huit \u00e9tapes. Parcours et favoris.","robots":{"index":"index","follow":"follow","max-snippet":"max-snippet:-1","max-image-preview":"max-image-preview:large","max-video-preview":"max-video-preview:-1"},"canonical":"https:\/\/dicodusport.fr\/blog\/tour-de-suisse-2023-parcours-et-favoris\/","og_locale":"fr_FR","og_type":"article","og_title":"Tour de Suisse 2023 : Parcours et favoris","og_description":"TOUR DE SUISSE 2023 - La 86\u00e8me \u00e9dition du Tour de Suisse aura lieu du 11 au 18 juin pour huit \u00e9tapes. Parcours et favoris.","og_url":"https:\/\/dicodusport.fr\/blog\/tour-de-suisse-2023-parcours-et-favoris\/","og_site_name":"Dicodusport","article_publisher":"https:\/\/www.facebook.com\/dicodusport","article_author":"https:\/\/www.facebook.com\/groups\/LesRoisDuPeloton","article_published_time":"2023-06-15T07:03:53+00:00","og_image":[{"width":800,"height":445,"url":"https:\/\/dicodusport.fr\/blog\/wp-content\/uploads\/2023\/06\/Tour-de-Suisse-2023-Parcours-et-favoris.png","type":"image\/png"}],"author":"Emilien Descampiaux","twitter_card":"summary_large_image","twitter_title":"Tour de Suisse 2023 : Parcours et favoris","twitter_creator":"@https:\/\/twitter.com\/LRoisDuPeloton","twitter_site":"@dicodusport","schema":{"@context":"https:\/\/schema.org","@graph":[{"@type":"NewsArticle","@id":"https:\/\/dicodusport.fr\/blog\/tour-de-suisse-2023-parcours-et-favoris\/#article","isPartOf":{"@id":"https:\/\/dicodusport.fr\/blog\/tour-de-suisse-2023-parcours-et-favoris\/"},"author":{"name":"Emilien Descampiaux","@id":"https:\/\/dicodusport.fr\/blog\/#\/schema\/person\/6db4bae06b171592211be385b32876a7"},"headline":"Tour de Suisse 2023 : Parcours et favoris","datePublished":"2023-06-15T07:03:53+00:00","mainEntityOfPage":{"@id":"https:\/\/dicodusport.fr\/blog\/tour-de-suisse-2023-parcours-et-favoris\/"},"wordCount":1074,"commentCount":0,"publisher":{"@id":"https:\/\/dicodusport.fr\/blog\/#organization"},"image":{"@id":"https:\/\/dicodusport.fr\/blog\/tour-de-suisse-2023-parcours-et-favoris\/#primaryimage"},"thumbnailUrl":"https:\/\/dicodusport.fr\/blog\/wp-content\/uploads\/2023\/06\/Tour-de-Suisse-2023-Parcours-et-favoris.png","keywords":["br\u00e8ve","Tour de Suisse"],"articleSection":["Cyclisme sur route"],"inLanguage":"fr-FR","potentialAction":[{"@type":"CommentAction","name":"Comment","target":["https:\/\/dicodusport.fr\/blog\/tour-de-suisse-2023-parcours-et-favoris\/#respond"]}],"copyrightYear":"2023","copyrightHolder":{"@id":"https:\/\/dicodusport.fr\/blog\/#organization"}},{"@type":"WebPage","@id":"https:\/\/dicodusport.fr\/blog\/tour-de-suisse-2023-parcours-et-favoris\/","url":"https:\/\/dicodusport.fr\/blog\/tour-de-suisse-2023-parcours-et-favoris\/","name":"Tour de Suisse 2023 : Parcours et favoris","isPartOf":{"@id":"https:\/\/dicodusport.fr\/blog\/#website"},"primaryImageOfPage":{"@id":"https:\/\/dicodusport.fr\/blog\/tour-de-suisse-2023-parcours-et-favoris\/#primaryimage"},"image":{"@id":"https:\/\/dicodusport.fr\/blog\/tour-de-suisse-2023-parcours-et-favoris\/#primaryimage"},"thumbnailUrl":"https:\/\/dicodusport.fr\/blog\/wp-content\/uploads\/2023\/06\/Tour-de-Suisse-2023-Parcours-et-favoris.png","datePublished":"2023-06-15T07:03:53+00:00","description":"TOUR DE SUISSE 2023 - La 86\u00e8me \u00e9dition du Tour de Suisse aura lieu du 11 au 18 juin pour huit \u00e9tapes. Parcours et favoris.","breadcrumb":{"@id":"https:\/\/dicodusport.fr\/blog\/tour-de-suisse-2023-parcours-et-favoris\/#breadcrumb"},"inLanguage":"fr-FR","potentialAction":[{"@type":"ReadAction","target":["https:\/\/dicodusport.fr\/blog\/tour-de-suisse-2023-parcours-et-favoris\/"]}]},{"@type":"ImageObject","inLanguage":"fr-FR","@id":"https:\/\/dicodusport.fr\/blog\/tour-de-suisse-2023-parcours-et-favoris\/#primaryimage","url":"https:\/\/dicodusport.fr\/blog\/wp-content\/uploads\/2023\/06\/Tour-de-Suisse-2023-Parcours-et-favoris.png","contentUrl":"https:\/\/dicodusport.fr\/blog\/wp-content\/uploads\/2023\/06\/Tour-de-Suisse-2023-Parcours-et-favoris.png","width":800,"height":445,"caption":"Tour de Suisse 2023 Parcours et favoris"},{"@type":"BreadcrumbList","@id":"https:\/\/dicodusport.fr\/blog\/tour-de-suisse-2023-parcours-et-favoris\/#breadcrumb","itemListElement":[{"@type":"ListItem","position":1,"name":"Accueil","item":"https:\/\/dicodusport.fr\/blog\/"},{"@type":"ListItem","position":2,"name":"Tour de Suisse 2023 : Parcours et favoris"}]},{"@type":"WebSite","@id":"https:\/\/dicodusport.fr\/blog\/#website","url":"https:\/\/dicodusport.fr\/blog\/","name":"Dicodusport","description":"L&#039;encyclop\u00e9die de l&#039;actualit\u00e9 sportive","publisher":{"@id":"https:\/\/dicodusport.fr\/blog\/#organization"},"potentialAction":[{"@type":"SearchAction","target":{"@type":"EntryPoint","urlTemplate":"https:\/\/dicodusport.fr\/blog\/?s={search_term_string}"},"query-input":{"@type":"PropertyValueSpecification","valueRequired":true,"valueName":"search_term_string"}}],"inLanguage":"fr-FR"},{"@type":"NewsMediaOrganization","@id":"https:\/\/dicodusport.fr\/blog\/#organization","name":"Dicodusport","url":"https:\/\/dicodusport.fr\/blog\/","logo":{"@type":"ImageObject","inLanguage":"fr-FR","@id":"https:\/\/dicodusport.fr\/blog\/#\/schema\/logo\/image\/","url":"https:\/\/dicodusport.fr\/blog\/wp-content\/uploads\/2020\/06\/cropped-LOGO-DICODUSPORT-2020-SANS-FOND-SANS-TEXTE.png","contentUrl":"https:\/\/dicodusport.fr\/blog\/wp-content\/uploads\/2020\/06\/cropped-LOGO-DICODUSPORT-2020-SANS-FOND-SANS-TEXTE.png","width":512,"height":512,"caption":"Dicodusport"},"image":{"@id":"https:\/\/dicodusport.fr\/blog\/#\/schema\/logo\/image\/"},"sameAs":["https:\/\/www.facebook.com\/dicodusport","https:\/\/x.com\/dicodusport","https:\/\/www.instagram.com\/dicodusport\/","https:\/\/www.youtube.com\/channel\/UC7V2KZ5sd3htJivAbA4ZG3w"],"description":"Dicodusport est l'encyclop\u00e9die de l'actualit\u00e9 sportive.","email":"bonjour@dicodusport.fr","legalName":"DICODUSPORT","foundingDate":"2018-01-14","vatID":"FR71834470973","taxID":"83447097300043","numberOfEmployees":{"@type":"QuantitativeValue","minValue":"1","maxValue":"10"}},{"@type":"Person","@id":"https:\/\/dicodusport.fr\/blog\/#\/schema\/person\/6db4bae06b171592211be385b32876a7","name":"Emilien Descampiaux","image":{"@type":"ImageObject","inLanguage":"fr-FR","@id":"https:\/\/dicodusport.fr\/blog\/#\/schema\/person\/image\/","url":"https:\/\/dicodusport.fr\/blog\/wp-content\/uploads\/2021\/05\/Emilien-Descampiaux-150x150.jpg","contentUrl":"https:\/\/dicodusport.fr\/blog\/wp-content\/uploads\/2021\/05\/Emilien-Descampiaux-150x150.jpg","caption":"Emilien Descampiaux"},"description":"Journaliste\/r\u00e9dacteur depuis 2014 - Fan de la classe de Frank Vandenbroucke, je vis cyclisme (et de ses paysages) depuis plus de 20 ans. Je suis tr\u00e8s impliqu\u00e9 sur mes diff\u00e9rents r\u00e9seaux sociaux pour partager ma passion sur le monde et l'Histoire de la bicyclette avec ma voix sur les images en noir et blanc du succ\u00e8s de Rik Van Steenbergen lors du Ronde sur le V\u00e9lodrome de Gand.","sameAs":["https:\/\/www.facebook.com\/groups\/LesRoisDuPeloton","https:\/\/x.com\/https:\/\/twitter.com\/LRoisDuPeloton"],"url":"https:\/\/dicodusport.fr\/blog\/author\/emiliend\/"}]}},"_links":{"self":[{"href":"https:\/\/dicodusport.fr\/blog\/wp-json\/wp\/v2\/posts\/388937","targetHints":{"allow":["GET"]}}],"collection":[{"href":"https:\/\/dicodusport.fr\/blog\/wp-json\/wp\/v2\/posts"}],"about":[{"href":"https:\/\/dicodusport.fr\/blog\/wp-json\/wp\/v2\/types\/post"}],"author":[{"embeddable":true,"href":"https:\/\/dicodusport.fr\/blog\/wp-json\/wp\/v2\/users\/48"}],"replies":[{"embeddable":true,"href":"https:\/\/dicodusport.fr\/blog\/wp-json\/wp\/v2\/comments?post=388937"}],"version-history":[{"count":0,"href":"https:\/\/dicodusport.fr\/blog\/wp-json\/wp\/v2\/posts\/388937\/revisions"}],"wp:featuredmedia":[{"embeddable":true,"href":"https:\/\/dicodusport.fr\/blog\/wp-json\/wp\/v2\/media\/389807"}],"wp:attachment":[{"href":"https:\/\/dicodusport.fr\/blog\/wp-json\/wp\/v2\/media?parent=388937"}],"wp:term":[{"taxonomy":"category","embeddable":true,"href":"https:\/\/dicodusport.fr\/blog\/wp-json\/wp\/v2\/categories?post=388937"},{"taxonomy":"post_tag","embeddable":true,"href":"https:\/\/dicodusport.fr\/blog\/wp-json\/wp\/v2\/tags?post=388937"}],"curies":[{"name":"wp","href":"https:\/\/api.w.org\/{rel}","templated":true}]}}