{"id":388957,"date":"2023-06-07T09:05:31","date_gmt":"2023-06-07T07:05:31","guid":{"rendered":"https:\/\/dicodusport.fr\/blog\/?p=388957&#038;preview=true&#038;preview_id=388957"},"modified":"2023-06-07T09:39:53","modified_gmt":"2023-06-07T07:39:53","slug":"mercato-ngolo-kante-va-rejoindre-karim-benzema-en-arabie-saoudite","status":"publish","type":"post","link":"https:\/\/dicodusport.fr\/blog\/mercato-ngolo-kante-va-rejoindre-karim-benzema-en-arabie-saoudite\/","title":{"rendered":"Mercato : N\u2019Golo Kant\u00e9 va rejoindre Karim Benzema en Arabie Saoudite"},"content":{"rendered":"<p align=\"justify\"><em><strong>FOOTBALL &#8211; Selon Fabrizio Romano, N&rsquo;Golo Kant\u00e9 va s&rsquo;engager avec Al-Ittihad, comme Karim Benzema, pour les deux prochaines saisons.\u00a0<\/strong><\/em><\/p>\n<p align=\"justify\">L&rsquo;international fran\u00e7ais sort d&rsquo;une vraie saison gal\u00e8re \u00e0 cause des blessures. <strong>N&rsquo;Golo<\/strong> <strong>Kant\u00e9<\/strong> a notamment manqu\u00e9 la <strong>Coupe du monde 2022<\/strong> et n&rsquo;a pu faire son retour \u00e0 la comp\u00e9tition qu&rsquo;en avril. Mais le <strong>Fran\u00e7ais<\/strong>, qui est en fin de contrat avec les <strong>Blues<\/strong> de <strong>Chelsea<\/strong>,\u00a0s&rsquo;est de nouveau bless\u00e9 et a termin\u00e9 la saison \u00e0 l&rsquo;infirmerie \u00e0 cause d&rsquo;une blessure \u00e0 l&rsquo;aine.<\/p>\n<h2 align=\"justify\">Kant\u00e9 vers l&rsquo;Arabie Saoudite<\/h2>\n<p align=\"justify\">Il y a quelques semaines, une prolongation semblait en bonne voie entre Chelsea et N&rsquo;Golo Kant\u00e9. Les dirigeants du club anglais \u00e9taient m\u00eame encore tr\u00e8s confiants, il y a quelques jours. Mais depuis, la donne a chang\u00e9, puisque l&rsquo;<strong>Arabie<\/strong> <strong>Saoudite<\/strong> est arriv\u00e9e \u00e0 la table des n\u00e9gociations. <strong>Al-Ittihad<\/strong>, futur club de <strong>Karim<\/strong> <strong>Benzema<\/strong>, et <strong>Al&rsquo;Nassr,<\/strong> club de <strong>Cristiano<\/strong> <strong>Ronaldo<\/strong>, ont fait des offres au milieu fran\u00e7ais.<\/p>\n<p align=\"justify\">C&rsquo;est finalement avec son compatriote que <strong>N&rsquo;Golo Kant\u00e9<\/strong> devrait jouer. Il est en passe de parapher un contrat de deux ans avec <strong>Al-Ittihad<\/strong> avec \u00e0 la cl\u00e9 pas moins de 100 millions d&rsquo;euros par an. \u00c0 seulement 32 ans, l&rsquo;un des meilleurs milieux fran\u00e7ais de la d\u00e9cennie va quitter l&rsquo;<strong>Europe\u00a0<\/strong>et \u00e9voluera avec <strong>Karim<\/strong> <strong>Benzema<\/strong>, avec comme objectif, la <strong>Ligue des Champions AFC<\/strong>.<\/p>\n<blockquote class=\"twitter-tweet\">\n<p dir=\"ltr\" lang=\"en\">N\u2019Golo Kant\u00e9 is on the verge of joining Al Ittihad on free transfer! Final details are being discussed then proposal will be accepted \ud83d\udea8\ud83d\udfe1\u26ab\ufe0f\ud83c\uddf8\ud83c\udde6 <a href=\"https:\/\/twitter.com\/hashtag\/CFC?src=hash&amp;ref_src=twsrc%5Etfw\">#CFC<\/a><\/p>\n<p>Al Ittihad directors just arrived in London to link up with PIF Saudi delegation to prepare documents.<\/p>\n<p>\u20ac100m per year until 2025. <a href=\"https:\/\/t.co\/el7VDaiaq5\">pic.twitter.com\/el7VDaiaq5<\/a><\/p>\n<p>\u2014 Fabrizio Romano (@FabrizioRomano) <a href=\"https:\/\/twitter.com\/FabrizioRomano\/status\/1666178209942056962?ref_src=twsrc%5Etfw\">June 6, 2023<\/a><\/p><\/blockquote>\n<p><script async src=\"https:\/\/platform.twitter.com\/widgets.js\" charset=\"utf-8\"><\/script><\/p>\n","protected":false},"excerpt":{"rendered":"<p>FOOTBALL &#8211; Selon Fabrizio Romano, N&rsquo;Golo Kant\u00e9 va s&rsquo;engager avec Al-Ittihad, comme Karim Benzema, pour les deux prochaines saisons.<\/p>\n","protected":false},"author":1,"featured_media":388958,"comment_status":"open","ping_status":"closed","sticky":false,"template":"","format":"standard","meta":{"_acf_changed":false,"_daextam_enable_autolinks":"","footnotes":""},"categories":[2301],"tags":[16878,75,2067],"class_list":["post-388957","post","type-post","status-publish","format-standard","has-post-thumbnail","hentry","category-football","tag-breve","tag-football","tag-ngolo-kante"],"acf":[],"yoast_head":"<!-- This site is optimized with the Yoast SEO Premium plugin v26.7 (Yoast SEO v26.7) - https:\/\/yoast.com\/wordpress\/plugins\/seo\/ -->\n<title>Mercato : N\u2019Golo Kant\u00e9 va rejoindre Karim Benzema en Arabie Saoudite<\/title>\n<meta name=\"description\" content=\"FOOTBALL - Selon Fabrizio Romano, N&#039;Golo Kant\u00e9 va s&#039;engager avec Al-Ittihad, comme Karim Benzema, pour les deux prochaines saisons.\u00a0\" \/>\n<meta name=\"robots\" content=\"index, follow, max-snippet:-1, max-image-preview:large, max-video-preview:-1\" \/>\n<link rel=\"canonical\" href=\"https:\/\/dicodusport.fr\/blog\/mercato-ngolo-kante-va-rejoindre-karim-benzema-en-arabie-saoudite\/\" \/>\n<meta property=\"og:locale\" content=\"fr_FR\" \/>\n<meta property=\"og:type\" content=\"article\" \/>\n<meta property=\"og:title\" content=\"Mercato : N\u2019Golo Kant\u00e9 va rejoindre Karim Benzema en Arabie Saoudite\" \/>\n<meta property=\"og:description\" content=\"FOOTBALL - Selon Fabrizio Romano, N&#039;Golo Kant\u00e9 va s&#039;engager avec Al-Ittihad, comme Karim Benzema, pour les deux prochaines saisons.\u00a0\" \/>\n<meta property=\"og:url\" content=\"https:\/\/dicodusport.fr\/blog\/mercato-ngolo-kante-va-rejoindre-karim-benzema-en-arabie-saoudite\/\" \/>\n<meta property=\"og:site_name\" content=\"Dicodusport\" \/>\n<meta property=\"article:publisher\" content=\"https:\/\/www.facebook.com\/dicodusport\" \/>\n<meta property=\"article:author\" content=\"https:\/\/www.facebook.com\/dicodusport\" \/>\n<meta property=\"article:published_time\" content=\"2023-06-07T07:05:31+00:00\" \/>\n<meta property=\"article:modified_time\" content=\"2023-06-07T07:39:53+00:00\" \/>\n<meta property=\"og:image\" content=\"https:\/\/dicodusport.fr\/blog\/wp-content\/uploads\/2023\/06\/Mercato-NGolo-Kante-va-rejoindre-Karim-Benzema-en-Arabie-Saoudite.png\" \/>\n\t<meta property=\"og:image:width\" content=\"800\" \/>\n\t<meta property=\"og:image:height\" content=\"445\" \/>\n\t<meta property=\"og:image:type\" content=\"image\/png\" \/>\n<meta name=\"author\" content=\"Nicolas Jacquemard\" \/>\n<meta name=\"twitter:card\" content=\"summary_large_image\" \/>\n<meta name=\"twitter:title\" content=\"Mercato : N\u2019Golo Kant\u00e9 va rejoindre Karim Benzema en Arabie Saoudite\" \/>\n<meta name=\"twitter:creator\" content=\"@https:\/\/twitter.com\/Nico_Jacquemard\" \/>\n<meta name=\"twitter:site\" content=\"@dicodusport\" \/>\n<script type=\"application\/ld+json\" class=\"yoast-schema-graph\">{\"@context\":\"https:\/\/schema.org\",\"@graph\":[{\"@type\":\"NewsArticle\",\"@id\":\"https:\/\/dicodusport.fr\/blog\/mercato-ngolo-kante-va-rejoindre-karim-benzema-en-arabie-saoudite\/#article\",\"isPartOf\":{\"@id\":\"https:\/\/dicodusport.fr\/blog\/mercato-ngolo-kante-va-rejoindre-karim-benzema-en-arabie-saoudite\/\"},\"author\":{\"name\":\"Nicolas Jacquemard\",\"@id\":\"https:\/\/dicodusport.fr\/blog\/#\/schema\/person\/55dcb50ad410894e431ed812bbb70191\"},\"headline\":\"Mercato : N\u2019Golo Kant\u00e9 va rejoindre Karim Benzema en Arabie Saoudite\",\"datePublished\":\"2023-06-07T07:05:31+00:00\",\"dateModified\":\"2023-06-07T07:39:53+00:00\",\"mainEntityOfPage\":{\"@id\":\"https:\/\/dicodusport.fr\/blog\/mercato-ngolo-kante-va-rejoindre-karim-benzema-en-arabie-saoudite\/\"},\"wordCount\":301,\"commentCount\":0,\"publisher\":{\"@id\":\"https:\/\/dicodusport.fr\/blog\/#organization\"},\"image\":{\"@id\":\"https:\/\/dicodusport.fr\/blog\/mercato-ngolo-kante-va-rejoindre-karim-benzema-en-arabie-saoudite\/#primaryimage\"},\"thumbnailUrl\":\"https:\/\/dicodusport.fr\/blog\/wp-content\/uploads\/2023\/06\/Mercato-NGolo-Kante-va-rejoindre-Karim-Benzema-en-Arabie-Saoudite.png\",\"keywords\":[\"br\u00e8ve\",\"Football\",\"N'Golo Kant\u00e9\"],\"articleSection\":[\"Football\"],\"inLanguage\":\"fr-FR\",\"potentialAction\":[{\"@type\":\"CommentAction\",\"name\":\"Comment\",\"target\":[\"https:\/\/dicodusport.fr\/blog\/mercato-ngolo-kante-va-rejoindre-karim-benzema-en-arabie-saoudite\/#respond\"]}],\"copyrightYear\":\"2023\",\"copyrightHolder\":{\"@id\":\"https:\/\/dicodusport.fr\/blog\/#organization\"}},{\"@type\":\"WebPage\",\"@id\":\"https:\/\/dicodusport.fr\/blog\/mercato-ngolo-kante-va-rejoindre-karim-benzema-en-arabie-saoudite\/\",\"url\":\"https:\/\/dicodusport.fr\/blog\/mercato-ngolo-kante-va-rejoindre-karim-benzema-en-arabie-saoudite\/\",\"name\":\"Mercato : N\u2019Golo Kant\u00e9 va rejoindre Karim Benzema en Arabie Saoudite\",\"isPartOf\":{\"@id\":\"https:\/\/dicodusport.fr\/blog\/#website\"},\"primaryImageOfPage\":{\"@id\":\"https:\/\/dicodusport.fr\/blog\/mercato-ngolo-kante-va-rejoindre-karim-benzema-en-arabie-saoudite\/#primaryimage\"},\"image\":{\"@id\":\"https:\/\/dicodusport.fr\/blog\/mercato-ngolo-kante-va-rejoindre-karim-benzema-en-arabie-saoudite\/#primaryimage\"},\"thumbnailUrl\":\"https:\/\/dicodusport.fr\/blog\/wp-content\/uploads\/2023\/06\/Mercato-NGolo-Kante-va-rejoindre-Karim-Benzema-en-Arabie-Saoudite.png\",\"datePublished\":\"2023-06-07T07:05:31+00:00\",\"dateModified\":\"2023-06-07T07:39:53+00:00\",\"description\":\"FOOTBALL - Selon Fabrizio Romano, N'Golo Kant\u00e9 va s'engager avec Al-Ittihad, comme Karim Benzema, pour les deux prochaines saisons.\u00a0\",\"breadcrumb\":{\"@id\":\"https:\/\/dicodusport.fr\/blog\/mercato-ngolo-kante-va-rejoindre-karim-benzema-en-arabie-saoudite\/#breadcrumb\"},\"inLanguage\":\"fr-FR\",\"potentialAction\":[{\"@type\":\"ReadAction\",\"target\":[\"https:\/\/dicodusport.fr\/blog\/mercato-ngolo-kante-va-rejoindre-karim-benzema-en-arabie-saoudite\/\"]}]},{\"@type\":\"ImageObject\",\"inLanguage\":\"fr-FR\",\"@id\":\"https:\/\/dicodusport.fr\/blog\/mercato-ngolo-kante-va-rejoindre-karim-benzema-en-arabie-saoudite\/#primaryimage\",\"url\":\"https:\/\/dicodusport.fr\/blog\/wp-content\/uploads\/2023\/06\/Mercato-NGolo-Kante-va-rejoindre-Karim-Benzema-en-Arabie-Saoudite.png\",\"contentUrl\":\"https:\/\/dicodusport.fr\/blog\/wp-content\/uploads\/2023\/06\/Mercato-NGolo-Kante-va-rejoindre-Karim-Benzema-en-Arabie-Saoudite.png\",\"width\":800,\"height\":445},{\"@type\":\"BreadcrumbList\",\"@id\":\"https:\/\/dicodusport.fr\/blog\/mercato-ngolo-kante-va-rejoindre-karim-benzema-en-arabie-saoudite\/#breadcrumb\",\"itemListElement\":[{\"@type\":\"ListItem\",\"position\":1,\"name\":\"Accueil\",\"item\":\"https:\/\/dicodusport.fr\/blog\/\"},{\"@type\":\"ListItem\",\"position\":2,\"name\":\"Mercato : N\u2019Golo Kant\u00e9 va rejoindre Karim Benzema en Arabie Saoudite\"}]},{\"@type\":\"WebSite\",\"@id\":\"https:\/\/dicodusport.fr\/blog\/#website\",\"url\":\"https:\/\/dicodusport.fr\/blog\/\",\"name\":\"Dicodusport\",\"description\":\"L&#039;encyclop\u00e9die de l&#039;actualit\u00e9 sportive\",\"publisher\":{\"@id\":\"https:\/\/dicodusport.fr\/blog\/#organization\"},\"potentialAction\":[{\"@type\":\"SearchAction\",\"target\":{\"@type\":\"EntryPoint\",\"urlTemplate\":\"https:\/\/dicodusport.fr\/blog\/?s={search_term_string}\"},\"query-input\":{\"@type\":\"PropertyValueSpecification\",\"valueRequired\":true,\"valueName\":\"search_term_string\"}}],\"inLanguage\":\"fr-FR\"},{\"@type\":\"NewsMediaOrganization\",\"@id\":\"https:\/\/dicodusport.fr\/blog\/#organization\",\"name\":\"Dicodusport\",\"url\":\"https:\/\/dicodusport.fr\/blog\/\",\"logo\":{\"@type\":\"ImageObject\",\"inLanguage\":\"fr-FR\",\"@id\":\"https:\/\/dicodusport.fr\/blog\/#\/schema\/logo\/image\/\",\"url\":\"https:\/\/dicodusport.fr\/blog\/wp-content\/uploads\/2020\/06\/cropped-LOGO-DICODUSPORT-2020-SANS-FOND-SANS-TEXTE.png\",\"contentUrl\":\"https:\/\/dicodusport.fr\/blog\/wp-content\/uploads\/2020\/06\/cropped-LOGO-DICODUSPORT-2020-SANS-FOND-SANS-TEXTE.png\",\"width\":512,\"height\":512,\"caption\":\"Dicodusport\"},\"image\":{\"@id\":\"https:\/\/dicodusport.fr\/blog\/#\/schema\/logo\/image\/\"},\"sameAs\":[\"https:\/\/www.facebook.com\/dicodusport\",\"https:\/\/x.com\/dicodusport\",\"https:\/\/www.instagram.com\/dicodusport\/\",\"https:\/\/www.youtube.com\/channel\/UC7V2KZ5sd3htJivAbA4ZG3w\"],\"description\":\"Dicodusport est l'encyclop\u00e9die de l'actualit\u00e9 sportive.\",\"email\":\"bonjour@dicodusport.fr\",\"legalName\":\"DICODUSPORT\",\"foundingDate\":\"2018-01-14\",\"vatID\":\"FR71834470973\",\"taxID\":\"83447097300043\",\"numberOfEmployees\":{\"@type\":\"QuantitativeValue\",\"minValue\":\"1\",\"maxValue\":\"10\"}},{\"@type\":\"Person\",\"@id\":\"https:\/\/dicodusport.fr\/blog\/#\/schema\/person\/55dcb50ad410894e431ed812bbb70191\",\"name\":\"Nicolas Jacquemard\",\"image\":{\"@type\":\"ImageObject\",\"inLanguage\":\"fr-FR\",\"@id\":\"https:\/\/dicodusport.fr\/blog\/#\/schema\/person\/image\/\",\"url\":\"https:\/\/dicodusport.fr\/blog\/wp-content\/uploads\/2021\/05\/Nicolas-Jacquemard-150x150.jpeg\",\"contentUrl\":\"https:\/\/dicodusport.fr\/blog\/wp-content\/uploads\/2021\/05\/Nicolas-Jacquemard-150x150.jpeg\",\"caption\":\"Nicolas Jacquemard\"},\"description\":\"Passionn\u00e9 de sport et entrepreneur depuis mes 18 ans, la cr\u00e9ation de Dicodusport m'a sembl\u00e9 \u00e9vidente pour participer \u00e0 la m\u00e9diatisation d'un plus grand nombre de sports. Le chemin est long mais avec une \u00e9quipe des plus motiv\u00e9es et les Jeux Olympiques de Paris 2024 en point de mire, nous y arriverons ! Journaliste dans le monde du sport depuis plus de 5 ans, je traite aussi bien de football, de rugby, de biathlon que de cyclisme.\",\"sameAs\":[\"https:\/\/www.facebook.com\/dicodusport\",\"https:\/\/x.com\/https:\/\/twitter.com\/Nico_Jacquemard\"],\"url\":\"https:\/\/dicodusport.fr\/blog\/author\/dicodusport\/\"}]}<\/script>\n<!-- \/ Yoast SEO Premium plugin. -->","yoast_head_json":{"title":"Mercato : N\u2019Golo Kant\u00e9 va rejoindre Karim Benzema en Arabie Saoudite","description":"FOOTBALL - Selon Fabrizio Romano, N'Golo Kant\u00e9 va s'engager avec Al-Ittihad, comme Karim Benzema, pour les deux prochaines saisons.\u00a0","robots":{"index":"index","follow":"follow","max-snippet":"max-snippet:-1","max-image-preview":"max-image-preview:large","max-video-preview":"max-video-preview:-1"},"canonical":"https:\/\/dicodusport.fr\/blog\/mercato-ngolo-kante-va-rejoindre-karim-benzema-en-arabie-saoudite\/","og_locale":"fr_FR","og_type":"article","og_title":"Mercato : N\u2019Golo Kant\u00e9 va rejoindre Karim Benzema en Arabie Saoudite","og_description":"FOOTBALL - Selon Fabrizio Romano, N'Golo Kant\u00e9 va s'engager avec Al-Ittihad, comme Karim Benzema, pour les deux prochaines saisons.\u00a0","og_url":"https:\/\/dicodusport.fr\/blog\/mercato-ngolo-kante-va-rejoindre-karim-benzema-en-arabie-saoudite\/","og_site_name":"Dicodusport","article_publisher":"https:\/\/www.facebook.com\/dicodusport","article_author":"https:\/\/www.facebook.com\/dicodusport","article_published_time":"2023-06-07T07:05:31+00:00","article_modified_time":"2023-06-07T07:39:53+00:00","og_image":[{"width":800,"height":445,"url":"https:\/\/dicodusport.fr\/blog\/wp-content\/uploads\/2023\/06\/Mercato-NGolo-Kante-va-rejoindre-Karim-Benzema-en-Arabie-Saoudite.png","type":"image\/png"}],"author":"Nicolas Jacquemard","twitter_card":"summary_large_image","twitter_title":"Mercato : N\u2019Golo Kant\u00e9 va rejoindre Karim Benzema en Arabie Saoudite","twitter_creator":"@https:\/\/twitter.com\/Nico_Jacquemard","twitter_site":"@dicodusport","schema":{"@context":"https:\/\/schema.org","@graph":[{"@type":"NewsArticle","@id":"https:\/\/dicodusport.fr\/blog\/mercato-ngolo-kante-va-rejoindre-karim-benzema-en-arabie-saoudite\/#article","isPartOf":{"@id":"https:\/\/dicodusport.fr\/blog\/mercato-ngolo-kante-va-rejoindre-karim-benzema-en-arabie-saoudite\/"},"author":{"name":"Nicolas Jacquemard","@id":"https:\/\/dicodusport.fr\/blog\/#\/schema\/person\/55dcb50ad410894e431ed812bbb70191"},"headline":"Mercato : N\u2019Golo Kant\u00e9 va rejoindre Karim Benzema en Arabie Saoudite","datePublished":"2023-06-07T07:05:31+00:00","dateModified":"2023-06-07T07:39:53+00:00","mainEntityOfPage":{"@id":"https:\/\/dicodusport.fr\/blog\/mercato-ngolo-kante-va-rejoindre-karim-benzema-en-arabie-saoudite\/"},"wordCount":301,"commentCount":0,"publisher":{"@id":"https:\/\/dicodusport.fr\/blog\/#organization"},"image":{"@id":"https:\/\/dicodusport.fr\/blog\/mercato-ngolo-kante-va-rejoindre-karim-benzema-en-arabie-saoudite\/#primaryimage"},"thumbnailUrl":"https:\/\/dicodusport.fr\/blog\/wp-content\/uploads\/2023\/06\/Mercato-NGolo-Kante-va-rejoindre-Karim-Benzema-en-Arabie-Saoudite.png","keywords":["br\u00e8ve","Football","N'Golo Kant\u00e9"],"articleSection":["Football"],"inLanguage":"fr-FR","potentialAction":[{"@type":"CommentAction","name":"Comment","target":["https:\/\/dicodusport.fr\/blog\/mercato-ngolo-kante-va-rejoindre-karim-benzema-en-arabie-saoudite\/#respond"]}],"copyrightYear":"2023","copyrightHolder":{"@id":"https:\/\/dicodusport.fr\/blog\/#organization"}},{"@type":"WebPage","@id":"https:\/\/dicodusport.fr\/blog\/mercato-ngolo-kante-va-rejoindre-karim-benzema-en-arabie-saoudite\/","url":"https:\/\/dicodusport.fr\/blog\/mercato-ngolo-kante-va-rejoindre-karim-benzema-en-arabie-saoudite\/","name":"Mercato : N\u2019Golo Kant\u00e9 va rejoindre Karim Benzema en Arabie Saoudite","isPartOf":{"@id":"https:\/\/dicodusport.fr\/blog\/#website"},"primaryImageOfPage":{"@id":"https:\/\/dicodusport.fr\/blog\/mercato-ngolo-kante-va-rejoindre-karim-benzema-en-arabie-saoudite\/#primaryimage"},"image":{"@id":"https:\/\/dicodusport.fr\/blog\/mercato-ngolo-kante-va-rejoindre-karim-benzema-en-arabie-saoudite\/#primaryimage"},"thumbnailUrl":"https:\/\/dicodusport.fr\/blog\/wp-content\/uploads\/2023\/06\/Mercato-NGolo-Kante-va-rejoindre-Karim-Benzema-en-Arabie-Saoudite.png","datePublished":"2023-06-07T07:05:31+00:00","dateModified":"2023-06-07T07:39:53+00:00","description":"FOOTBALL - Selon Fabrizio Romano, N'Golo Kant\u00e9 va s'engager avec Al-Ittihad, comme Karim Benzema, pour les deux prochaines saisons.\u00a0","breadcrumb":{"@id":"https:\/\/dicodusport.fr\/blog\/mercato-ngolo-kante-va-rejoindre-karim-benzema-en-arabie-saoudite\/#breadcrumb"},"inLanguage":"fr-FR","potentialAction":[{"@type":"ReadAction","target":["https:\/\/dicodusport.fr\/blog\/mercato-ngolo-kante-va-rejoindre-karim-benzema-en-arabie-saoudite\/"]}]},{"@type":"ImageObject","inLanguage":"fr-FR","@id":"https:\/\/dicodusport.fr\/blog\/mercato-ngolo-kante-va-rejoindre-karim-benzema-en-arabie-saoudite\/#primaryimage","url":"https:\/\/dicodusport.fr\/blog\/wp-content\/uploads\/2023\/06\/Mercato-NGolo-Kante-va-rejoindre-Karim-Benzema-en-Arabie-Saoudite.png","contentUrl":"https:\/\/dicodusport.fr\/blog\/wp-content\/uploads\/2023\/06\/Mercato-NGolo-Kante-va-rejoindre-Karim-Benzema-en-Arabie-Saoudite.png","width":800,"height":445},{"@type":"BreadcrumbList","@id":"https:\/\/dicodusport.fr\/blog\/mercato-ngolo-kante-va-rejoindre-karim-benzema-en-arabie-saoudite\/#breadcrumb","itemListElement":[{"@type":"ListItem","position":1,"name":"Accueil","item":"https:\/\/dicodusport.fr\/blog\/"},{"@type":"ListItem","position":2,"name":"Mercato : N\u2019Golo Kant\u00e9 va rejoindre Karim Benzema en Arabie Saoudite"}]},{"@type":"WebSite","@id":"https:\/\/dicodusport.fr\/blog\/#website","url":"https:\/\/dicodusport.fr\/blog\/","name":"Dicodusport","description":"L&#039;encyclop\u00e9die de l&#039;actualit\u00e9 sportive","publisher":{"@id":"https:\/\/dicodusport.fr\/blog\/#organization"},"potentialAction":[{"@type":"SearchAction","target":{"@type":"EntryPoint","urlTemplate":"https:\/\/dicodusport.fr\/blog\/?s={search_term_string}"},"query-input":{"@type":"PropertyValueSpecification","valueRequired":true,"valueName":"search_term_string"}}],"inLanguage":"fr-FR"},{"@type":"NewsMediaOrganization","@id":"https:\/\/dicodusport.fr\/blog\/#organization","name":"Dicodusport","url":"https:\/\/dicodusport.fr\/blog\/","logo":{"@type":"ImageObject","inLanguage":"fr-FR","@id":"https:\/\/dicodusport.fr\/blog\/#\/schema\/logo\/image\/","url":"https:\/\/dicodusport.fr\/blog\/wp-content\/uploads\/2020\/06\/cropped-LOGO-DICODUSPORT-2020-SANS-FOND-SANS-TEXTE.png","contentUrl":"https:\/\/dicodusport.fr\/blog\/wp-content\/uploads\/2020\/06\/cropped-LOGO-DICODUSPORT-2020-SANS-FOND-SANS-TEXTE.png","width":512,"height":512,"caption":"Dicodusport"},"image":{"@id":"https:\/\/dicodusport.fr\/blog\/#\/schema\/logo\/image\/"},"sameAs":["https:\/\/www.facebook.com\/dicodusport","https:\/\/x.com\/dicodusport","https:\/\/www.instagram.com\/dicodusport\/","https:\/\/www.youtube.com\/channel\/UC7V2KZ5sd3htJivAbA4ZG3w"],"description":"Dicodusport est l'encyclop\u00e9die de l'actualit\u00e9 sportive.","email":"bonjour@dicodusport.fr","legalName":"DICODUSPORT","foundingDate":"2018-01-14","vatID":"FR71834470973","taxID":"83447097300043","numberOfEmployees":{"@type":"QuantitativeValue","minValue":"1","maxValue":"10"}},{"@type":"Person","@id":"https:\/\/dicodusport.fr\/blog\/#\/schema\/person\/55dcb50ad410894e431ed812bbb70191","name":"Nicolas Jacquemard","image":{"@type":"ImageObject","inLanguage":"fr-FR","@id":"https:\/\/dicodusport.fr\/blog\/#\/schema\/person\/image\/","url":"https:\/\/dicodusport.fr\/blog\/wp-content\/uploads\/2021\/05\/Nicolas-Jacquemard-150x150.jpeg","contentUrl":"https:\/\/dicodusport.fr\/blog\/wp-content\/uploads\/2021\/05\/Nicolas-Jacquemard-150x150.jpeg","caption":"Nicolas Jacquemard"},"description":"Passionn\u00e9 de sport et entrepreneur depuis mes 18 ans, la cr\u00e9ation de Dicodusport m'a sembl\u00e9 \u00e9vidente pour participer \u00e0 la m\u00e9diatisation d'un plus grand nombre de sports. Le chemin est long mais avec une \u00e9quipe des plus motiv\u00e9es et les Jeux Olympiques de Paris 2024 en point de mire, nous y arriverons ! Journaliste dans le monde du sport depuis plus de 5 ans, je traite aussi bien de football, de rugby, de biathlon que de cyclisme.","sameAs":["https:\/\/www.facebook.com\/dicodusport","https:\/\/x.com\/https:\/\/twitter.com\/Nico_Jacquemard"],"url":"https:\/\/dicodusport.fr\/blog\/author\/dicodusport\/"}]}},"_links":{"self":[{"href":"https:\/\/dicodusport.fr\/blog\/wp-json\/wp\/v2\/posts\/388957","targetHints":{"allow":["GET"]}}],"collection":[{"href":"https:\/\/dicodusport.fr\/blog\/wp-json\/wp\/v2\/posts"}],"about":[{"href":"https:\/\/dicodusport.fr\/blog\/wp-json\/wp\/v2\/types\/post"}],"author":[{"embeddable":true,"href":"https:\/\/dicodusport.fr\/blog\/wp-json\/wp\/v2\/users\/1"}],"replies":[{"embeddable":true,"href":"https:\/\/dicodusport.fr\/blog\/wp-json\/wp\/v2\/comments?post=388957"}],"version-history":[{"count":0,"href":"https:\/\/dicodusport.fr\/blog\/wp-json\/wp\/v2\/posts\/388957\/revisions"}],"wp:featuredmedia":[{"embeddable":true,"href":"https:\/\/dicodusport.fr\/blog\/wp-json\/wp\/v2\/media\/388958"}],"wp:attachment":[{"href":"https:\/\/dicodusport.fr\/blog\/wp-json\/wp\/v2\/media?parent=388957"}],"wp:term":[{"taxonomy":"category","embeddable":true,"href":"https:\/\/dicodusport.fr\/blog\/wp-json\/wp\/v2\/categories?post=388957"},{"taxonomy":"post_tag","embeddable":true,"href":"https:\/\/dicodusport.fr\/blog\/wp-json\/wp\/v2\/tags?post=388957"}],"curies":[{"name":"wp","href":"https:\/\/api.w.org\/{rel}","templated":true}]}}