{"id":388999,"date":"2023-06-07T12:26:22","date_gmt":"2023-06-07T10:26:22","guid":{"rendered":"https:\/\/dicodusport.fr\/blog\/?p=388999&#038;preview=true&#038;preview_id=388999"},"modified":"2023-06-13T22:49:55","modified_gmt":"2023-06-13T20:49:55","slug":"mercato-ol-lyon-veut-samuel-umtiti-et-florentino-luis","status":"publish","type":"post","link":"https:\/\/dicodusport.fr\/blog\/mercato-ol-lyon-veut-samuel-umtiti-et-florentino-luis\/","title":{"rendered":"Mercato OL : Lyon veut Samuel Umtiti et Florentino Luis"},"content":{"rendered":"<p align=\"justify\"><em><strong>LIGUE 1 2023-2024 &#8211; L&rsquo;Olympique Lyonnais travaille au recrutement de Samuel Umtiti et Florentino Luis pour la saison prochaine.\u00a0<\/strong><\/em><\/p>\n<p align=\"justify\">Avec le d\u00e9part de <strong>Jean-Michel Aulas<\/strong>, l&rsquo;<strong>Olympique Lyonnais<\/strong> va entrer dans une nouvelle \u00e8re. Un nouveau pr\u00e9sident devrait \u00eatre prochainement nomm\u00e9, mais en attendant, <strong>John<\/strong> <strong>Textor<\/strong> aurait d\u00e9j\u00e0 trouv\u00e9 le nouveau responsable de la cellule de recrutement. <strong>Matthieu Louis-Jean<\/strong> devrait quitter l&rsquo;<strong>Olympique de Marseille<\/strong> pour rejoindre <strong>Lyon<\/strong> dans les prochains jours.<\/p>\n<h2 style=\"text-align: justify;\" align=\"justify\">L&rsquo;OL s&rsquo;active<\/h2>\n<p align=\"justify\">En parall\u00e8le de la structuration du nouvel organigramme du club, l&rsquo;<strong>OL<\/strong> travaille sur son recrutement. Sans <strong>Coupe d&rsquo;Europe<\/strong>, il sera difficile de signer des grands joueurs, mais <strong>Lyon<\/strong> pourrait encore faire revenir un ancien de la maison. Selon <em>Relevo<\/em>, l&rsquo;<strong>Olympique Lyonnais<\/strong> voudrait rapatrier <strong>Samuel<\/strong> <strong>Umtiti<\/strong>, qui va retourner au <strong>FC Barcelone<\/strong> apr\u00e8s une tr\u00e8s bonne saison en Italie.<\/p>\n<p align=\"justify\">Le club du <strong>Rh\u00f4ne<\/strong> serait pr\u00eat \u00e0 formuler une offre de 3 \u00e0 4 millions d&rsquo;euros pour racheter la fin de son contrat. <strong>Samuel<\/strong> <strong>Umtiti<\/strong> ne veut pas rester au <strong>Bar\u00e7a<\/strong> et va chercher une porte de sortie \u00e0 tout prix. Lyon serait aussi sur le coup pour <strong>Florentino Luis<\/strong>. Le milieu portugais, pass\u00e9 par Monaco, pla\u00eet aux dirigeants lyonnais, mais deux probl\u00e8mes se posent : le <strong>Milan AC<\/strong> et <strong>Aston<\/strong> <strong>Villa<\/strong> sont sur le coup et Benfica en demanderait pas moins de 40 millions d&rsquo;euros.<\/p>\n<blockquote class=\"twitter-tweet\">\n<p dir=\"ltr\" lang=\"fr\">L&rsquo;OL viserait Samuel Umtiti et Florentino Luis <a href=\"https:\/\/t.co\/jtDL6nMb7E\">https:\/\/t.co\/jtDL6nMb7E<\/a><\/p>\n<p>\u2014 Foot Mercato (@footmercato) <a href=\"https:\/\/twitter.com\/footmercato\/status\/1666370237296439296?ref_src=twsrc%5Etfw\">June 7, 2023<\/a><\/p><\/blockquote>\n<p><script async src=\"https:\/\/platform.twitter.com\/widgets.js\" charset=\"utf-8\"><\/script><\/p>\n","protected":false},"excerpt":{"rendered":"<p>LIGUE 1 2023-2024 &#8211; L&rsquo;Olympique Lyonnais travaille au recrutement de Samuel Umtiti et Florentino Luis pour la saison prochaine.\u00a0<\/p>\n","protected":false},"author":1,"featured_media":389027,"comment_status":"open","ping_status":"closed","sticky":false,"template":"","format":"standard","meta":{"_acf_changed":false,"_daextam_enable_autolinks":"","footnotes":""},"categories":[2301,47045],"tags":[16878,75,449,1145,6673],"class_list":["post-388999","post","type-post","status-publish","format-standard","has-post-thumbnail","hentry","category-football","category-ligue-1","tag-breve","tag-football","tag-lyon","tag-ol","tag-samuel-umtiti"],"acf":[],"yoast_head":"<!-- This site is optimized with the Yoast SEO Premium plugin v26.7 (Yoast SEO v26.7) - https:\/\/yoast.com\/wordpress\/plugins\/seo\/ -->\n<title>Mercato OL : Lyon veut Samuel Umtiti et Florentino Luis<\/title>\n<meta name=\"description\" content=\"LIGUE 1 2023-2024 - L&#039;Olympique Lyonnais travaille au recrutement de Samuel Umtiti et Florentino Luis pour la saison prochaine.\u00a0\" \/>\n<meta name=\"robots\" content=\"index, follow, max-snippet:-1, max-image-preview:large, max-video-preview:-1\" \/>\n<link rel=\"canonical\" href=\"https:\/\/dicodusport.fr\/blog\/mercato-ol-lyon-veut-samuel-umtiti-et-florentino-luis\/\" \/>\n<meta property=\"og:locale\" content=\"fr_FR\" \/>\n<meta property=\"og:type\" content=\"article\" \/>\n<meta property=\"og:title\" content=\"Mercato OL : Lyon veut Samuel Umtiti et Florentino Luis\" \/>\n<meta property=\"og:description\" content=\"LIGUE 1 2023-2024 - L&#039;Olympique Lyonnais travaille au recrutement de Samuel Umtiti et Florentino Luis pour la saison prochaine.\u00a0\" \/>\n<meta property=\"og:url\" content=\"https:\/\/dicodusport.fr\/blog\/mercato-ol-lyon-veut-samuel-umtiti-et-florentino-luis\/\" \/>\n<meta property=\"og:site_name\" content=\"Dicodusport\" \/>\n<meta property=\"article:publisher\" content=\"https:\/\/www.facebook.com\/dicodusport\" \/>\n<meta property=\"article:author\" content=\"https:\/\/www.facebook.com\/dicodusport\" \/>\n<meta property=\"article:published_time\" content=\"2023-06-07T10:26:22+00:00\" \/>\n<meta property=\"article:modified_time\" content=\"2023-06-13T20:49:55+00:00\" \/>\n<meta property=\"og:image\" content=\"https:\/\/dicodusport.fr\/blog\/wp-content\/uploads\/2023\/06\/Mercato-OL-Lyon-veut-Samuel-Umtiti-et-Florentino-Luis.png\" \/>\n\t<meta property=\"og:image:width\" content=\"800\" \/>\n\t<meta property=\"og:image:height\" content=\"445\" \/>\n\t<meta property=\"og:image:type\" content=\"image\/png\" \/>\n<meta name=\"author\" content=\"Nicolas Jacquemard\" \/>\n<meta name=\"twitter:card\" content=\"summary_large_image\" \/>\n<meta name=\"twitter:title\" content=\"Mercato OL : Lyon veut Samuel Umtiti et Florentino Luis\" \/>\n<meta name=\"twitter:creator\" content=\"@https:\/\/twitter.com\/Nico_Jacquemard\" \/>\n<meta name=\"twitter:site\" content=\"@dicodusport\" \/>\n<script type=\"application\/ld+json\" class=\"yoast-schema-graph\">{\"@context\":\"https:\/\/schema.org\",\"@graph\":[{\"@type\":\"NewsArticle\",\"@id\":\"https:\/\/dicodusport.fr\/blog\/mercato-ol-lyon-veut-samuel-umtiti-et-florentino-luis\/#article\",\"isPartOf\":{\"@id\":\"https:\/\/dicodusport.fr\/blog\/mercato-ol-lyon-veut-samuel-umtiti-et-florentino-luis\/\"},\"author\":{\"name\":\"Nicolas Jacquemard\",\"@id\":\"https:\/\/dicodusport.fr\/blog\/#\/schema\/person\/55dcb50ad410894e431ed812bbb70191\"},\"headline\":\"Mercato OL : Lyon veut Samuel Umtiti et Florentino Luis\",\"datePublished\":\"2023-06-07T10:26:22+00:00\",\"dateModified\":\"2023-06-13T20:49:55+00:00\",\"mainEntityOfPage\":{\"@id\":\"https:\/\/dicodusport.fr\/blog\/mercato-ol-lyon-veut-samuel-umtiti-et-florentino-luis\/\"},\"wordCount\":256,\"commentCount\":1,\"publisher\":{\"@id\":\"https:\/\/dicodusport.fr\/blog\/#organization\"},\"image\":{\"@id\":\"https:\/\/dicodusport.fr\/blog\/mercato-ol-lyon-veut-samuel-umtiti-et-florentino-luis\/#primaryimage\"},\"thumbnailUrl\":\"https:\/\/dicodusport.fr\/blog\/wp-content\/uploads\/2023\/06\/Mercato-OL-Lyon-veut-Samuel-Umtiti-et-Florentino-Luis.png\",\"keywords\":[\"br\u00e8ve\",\"Football\",\"Lyon\",\"OL\",\"Samuel Umtiti\"],\"articleSection\":[\"Football\",\"Ligue 1\"],\"inLanguage\":\"fr-FR\",\"potentialAction\":[{\"@type\":\"CommentAction\",\"name\":\"Comment\",\"target\":[\"https:\/\/dicodusport.fr\/blog\/mercato-ol-lyon-veut-samuel-umtiti-et-florentino-luis\/#respond\"]}],\"copyrightYear\":\"2023\",\"copyrightHolder\":{\"@id\":\"https:\/\/dicodusport.fr\/blog\/#organization\"}},{\"@type\":\"WebPage\",\"@id\":\"https:\/\/dicodusport.fr\/blog\/mercato-ol-lyon-veut-samuel-umtiti-et-florentino-luis\/\",\"url\":\"https:\/\/dicodusport.fr\/blog\/mercato-ol-lyon-veut-samuel-umtiti-et-florentino-luis\/\",\"name\":\"Mercato OL : Lyon veut Samuel Umtiti et Florentino Luis\",\"isPartOf\":{\"@id\":\"https:\/\/dicodusport.fr\/blog\/#website\"},\"primaryImageOfPage\":{\"@id\":\"https:\/\/dicodusport.fr\/blog\/mercato-ol-lyon-veut-samuel-umtiti-et-florentino-luis\/#primaryimage\"},\"image\":{\"@id\":\"https:\/\/dicodusport.fr\/blog\/mercato-ol-lyon-veut-samuel-umtiti-et-florentino-luis\/#primaryimage\"},\"thumbnailUrl\":\"https:\/\/dicodusport.fr\/blog\/wp-content\/uploads\/2023\/06\/Mercato-OL-Lyon-veut-Samuel-Umtiti-et-Florentino-Luis.png\",\"datePublished\":\"2023-06-07T10:26:22+00:00\",\"dateModified\":\"2023-06-13T20:49:55+00:00\",\"description\":\"LIGUE 1 2023-2024 - L'Olympique Lyonnais travaille au recrutement de Samuel Umtiti et Florentino Luis pour la saison prochaine.\u00a0\",\"breadcrumb\":{\"@id\":\"https:\/\/dicodusport.fr\/blog\/mercato-ol-lyon-veut-samuel-umtiti-et-florentino-luis\/#breadcrumb\"},\"inLanguage\":\"fr-FR\",\"potentialAction\":[{\"@type\":\"ReadAction\",\"target\":[\"https:\/\/dicodusport.fr\/blog\/mercato-ol-lyon-veut-samuel-umtiti-et-florentino-luis\/\"]}]},{\"@type\":\"ImageObject\",\"inLanguage\":\"fr-FR\",\"@id\":\"https:\/\/dicodusport.fr\/blog\/mercato-ol-lyon-veut-samuel-umtiti-et-florentino-luis\/#primaryimage\",\"url\":\"https:\/\/dicodusport.fr\/blog\/wp-content\/uploads\/2023\/06\/Mercato-OL-Lyon-veut-Samuel-Umtiti-et-Florentino-Luis.png\",\"contentUrl\":\"https:\/\/dicodusport.fr\/blog\/wp-content\/uploads\/2023\/06\/Mercato-OL-Lyon-veut-Samuel-Umtiti-et-Florentino-Luis.png\",\"width\":800,\"height\":445},{\"@type\":\"BreadcrumbList\",\"@id\":\"https:\/\/dicodusport.fr\/blog\/mercato-ol-lyon-veut-samuel-umtiti-et-florentino-luis\/#breadcrumb\",\"itemListElement\":[{\"@type\":\"ListItem\",\"position\":1,\"name\":\"Accueil\",\"item\":\"https:\/\/dicodusport.fr\/blog\/\"},{\"@type\":\"ListItem\",\"position\":2,\"name\":\"Mercato OL : Lyon veut Samuel Umtiti et Florentino Luis\"}]},{\"@type\":\"WebSite\",\"@id\":\"https:\/\/dicodusport.fr\/blog\/#website\",\"url\":\"https:\/\/dicodusport.fr\/blog\/\",\"name\":\"Dicodusport\",\"description\":\"L&#039;encyclop\u00e9die de l&#039;actualit\u00e9 sportive\",\"publisher\":{\"@id\":\"https:\/\/dicodusport.fr\/blog\/#organization\"},\"potentialAction\":[{\"@type\":\"SearchAction\",\"target\":{\"@type\":\"EntryPoint\",\"urlTemplate\":\"https:\/\/dicodusport.fr\/blog\/?s={search_term_string}\"},\"query-input\":{\"@type\":\"PropertyValueSpecification\",\"valueRequired\":true,\"valueName\":\"search_term_string\"}}],\"inLanguage\":\"fr-FR\"},{\"@type\":\"NewsMediaOrganization\",\"@id\":\"https:\/\/dicodusport.fr\/blog\/#organization\",\"name\":\"Dicodusport\",\"url\":\"https:\/\/dicodusport.fr\/blog\/\",\"logo\":{\"@type\":\"ImageObject\",\"inLanguage\":\"fr-FR\",\"@id\":\"https:\/\/dicodusport.fr\/blog\/#\/schema\/logo\/image\/\",\"url\":\"https:\/\/dicodusport.fr\/blog\/wp-content\/uploads\/2020\/06\/cropped-LOGO-DICODUSPORT-2020-SANS-FOND-SANS-TEXTE.png\",\"contentUrl\":\"https:\/\/dicodusport.fr\/blog\/wp-content\/uploads\/2020\/06\/cropped-LOGO-DICODUSPORT-2020-SANS-FOND-SANS-TEXTE.png\",\"width\":512,\"height\":512,\"caption\":\"Dicodusport\"},\"image\":{\"@id\":\"https:\/\/dicodusport.fr\/blog\/#\/schema\/logo\/image\/\"},\"sameAs\":[\"https:\/\/www.facebook.com\/dicodusport\",\"https:\/\/x.com\/dicodusport\",\"https:\/\/www.instagram.com\/dicodusport\/\",\"https:\/\/www.youtube.com\/channel\/UC7V2KZ5sd3htJivAbA4ZG3w\"],\"description\":\"Dicodusport est l'encyclop\u00e9die de l'actualit\u00e9 sportive.\",\"email\":\"bonjour@dicodusport.fr\",\"legalName\":\"DICODUSPORT\",\"foundingDate\":\"2018-01-14\",\"vatID\":\"FR71834470973\",\"taxID\":\"83447097300043\",\"numberOfEmployees\":{\"@type\":\"QuantitativeValue\",\"minValue\":\"1\",\"maxValue\":\"10\"}},{\"@type\":\"Person\",\"@id\":\"https:\/\/dicodusport.fr\/blog\/#\/schema\/person\/55dcb50ad410894e431ed812bbb70191\",\"name\":\"Nicolas Jacquemard\",\"image\":{\"@type\":\"ImageObject\",\"inLanguage\":\"fr-FR\",\"@id\":\"https:\/\/dicodusport.fr\/blog\/#\/schema\/person\/image\/\",\"url\":\"https:\/\/dicodusport.fr\/blog\/wp-content\/uploads\/2021\/05\/Nicolas-Jacquemard-150x150.jpeg\",\"contentUrl\":\"https:\/\/dicodusport.fr\/blog\/wp-content\/uploads\/2021\/05\/Nicolas-Jacquemard-150x150.jpeg\",\"caption\":\"Nicolas Jacquemard\"},\"description\":\"Passionn\u00e9 de sport et entrepreneur depuis mes 18 ans, la cr\u00e9ation de Dicodusport m'a sembl\u00e9 \u00e9vidente pour participer \u00e0 la m\u00e9diatisation d'un plus grand nombre de sports. Le chemin est long mais avec une \u00e9quipe des plus motiv\u00e9es et les Jeux Olympiques de Paris 2024 en point de mire, nous y arriverons ! Journaliste dans le monde du sport depuis plus de 5 ans, je traite aussi bien de football, de rugby, de biathlon que de cyclisme.\",\"sameAs\":[\"https:\/\/www.facebook.com\/dicodusport\",\"https:\/\/x.com\/https:\/\/twitter.com\/Nico_Jacquemard\"],\"url\":\"https:\/\/dicodusport.fr\/blog\/author\/dicodusport\/\"}]}<\/script>\n<!-- \/ Yoast SEO Premium plugin. -->","yoast_head_json":{"title":"Mercato OL : Lyon veut Samuel Umtiti et Florentino Luis","description":"LIGUE 1 2023-2024 - L'Olympique Lyonnais travaille au recrutement de Samuel Umtiti et Florentino Luis pour la saison prochaine.\u00a0","robots":{"index":"index","follow":"follow","max-snippet":"max-snippet:-1","max-image-preview":"max-image-preview:large","max-video-preview":"max-video-preview:-1"},"canonical":"https:\/\/dicodusport.fr\/blog\/mercato-ol-lyon-veut-samuel-umtiti-et-florentino-luis\/","og_locale":"fr_FR","og_type":"article","og_title":"Mercato OL : Lyon veut Samuel Umtiti et Florentino Luis","og_description":"LIGUE 1 2023-2024 - L'Olympique Lyonnais travaille au recrutement de Samuel Umtiti et Florentino Luis pour la saison prochaine.\u00a0","og_url":"https:\/\/dicodusport.fr\/blog\/mercato-ol-lyon-veut-samuel-umtiti-et-florentino-luis\/","og_site_name":"Dicodusport","article_publisher":"https:\/\/www.facebook.com\/dicodusport","article_author":"https:\/\/www.facebook.com\/dicodusport","article_published_time":"2023-06-07T10:26:22+00:00","article_modified_time":"2023-06-13T20:49:55+00:00","og_image":[{"width":800,"height":445,"url":"https:\/\/dicodusport.fr\/blog\/wp-content\/uploads\/2023\/06\/Mercato-OL-Lyon-veut-Samuel-Umtiti-et-Florentino-Luis.png","type":"image\/png"}],"author":"Nicolas Jacquemard","twitter_card":"summary_large_image","twitter_title":"Mercato OL : Lyon veut Samuel Umtiti et Florentino Luis","twitter_creator":"@https:\/\/twitter.com\/Nico_Jacquemard","twitter_site":"@dicodusport","schema":{"@context":"https:\/\/schema.org","@graph":[{"@type":"NewsArticle","@id":"https:\/\/dicodusport.fr\/blog\/mercato-ol-lyon-veut-samuel-umtiti-et-florentino-luis\/#article","isPartOf":{"@id":"https:\/\/dicodusport.fr\/blog\/mercato-ol-lyon-veut-samuel-umtiti-et-florentino-luis\/"},"author":{"name":"Nicolas Jacquemard","@id":"https:\/\/dicodusport.fr\/blog\/#\/schema\/person\/55dcb50ad410894e431ed812bbb70191"},"headline":"Mercato OL : Lyon veut Samuel Umtiti et Florentino Luis","datePublished":"2023-06-07T10:26:22+00:00","dateModified":"2023-06-13T20:49:55+00:00","mainEntityOfPage":{"@id":"https:\/\/dicodusport.fr\/blog\/mercato-ol-lyon-veut-samuel-umtiti-et-florentino-luis\/"},"wordCount":256,"commentCount":1,"publisher":{"@id":"https:\/\/dicodusport.fr\/blog\/#organization"},"image":{"@id":"https:\/\/dicodusport.fr\/blog\/mercato-ol-lyon-veut-samuel-umtiti-et-florentino-luis\/#primaryimage"},"thumbnailUrl":"https:\/\/dicodusport.fr\/blog\/wp-content\/uploads\/2023\/06\/Mercato-OL-Lyon-veut-Samuel-Umtiti-et-Florentino-Luis.png","keywords":["br\u00e8ve","Football","Lyon","OL","Samuel Umtiti"],"articleSection":["Football","Ligue 1"],"inLanguage":"fr-FR","potentialAction":[{"@type":"CommentAction","name":"Comment","target":["https:\/\/dicodusport.fr\/blog\/mercato-ol-lyon-veut-samuel-umtiti-et-florentino-luis\/#respond"]}],"copyrightYear":"2023","copyrightHolder":{"@id":"https:\/\/dicodusport.fr\/blog\/#organization"}},{"@type":"WebPage","@id":"https:\/\/dicodusport.fr\/blog\/mercato-ol-lyon-veut-samuel-umtiti-et-florentino-luis\/","url":"https:\/\/dicodusport.fr\/blog\/mercato-ol-lyon-veut-samuel-umtiti-et-florentino-luis\/","name":"Mercato OL : Lyon veut Samuel Umtiti et Florentino Luis","isPartOf":{"@id":"https:\/\/dicodusport.fr\/blog\/#website"},"primaryImageOfPage":{"@id":"https:\/\/dicodusport.fr\/blog\/mercato-ol-lyon-veut-samuel-umtiti-et-florentino-luis\/#primaryimage"},"image":{"@id":"https:\/\/dicodusport.fr\/blog\/mercato-ol-lyon-veut-samuel-umtiti-et-florentino-luis\/#primaryimage"},"thumbnailUrl":"https:\/\/dicodusport.fr\/blog\/wp-content\/uploads\/2023\/06\/Mercato-OL-Lyon-veut-Samuel-Umtiti-et-Florentino-Luis.png","datePublished":"2023-06-07T10:26:22+00:00","dateModified":"2023-06-13T20:49:55+00:00","description":"LIGUE 1 2023-2024 - L'Olympique Lyonnais travaille au recrutement de Samuel Umtiti et Florentino Luis pour la saison prochaine.\u00a0","breadcrumb":{"@id":"https:\/\/dicodusport.fr\/blog\/mercato-ol-lyon-veut-samuel-umtiti-et-florentino-luis\/#breadcrumb"},"inLanguage":"fr-FR","potentialAction":[{"@type":"ReadAction","target":["https:\/\/dicodusport.fr\/blog\/mercato-ol-lyon-veut-samuel-umtiti-et-florentino-luis\/"]}]},{"@type":"ImageObject","inLanguage":"fr-FR","@id":"https:\/\/dicodusport.fr\/blog\/mercato-ol-lyon-veut-samuel-umtiti-et-florentino-luis\/#primaryimage","url":"https:\/\/dicodusport.fr\/blog\/wp-content\/uploads\/2023\/06\/Mercato-OL-Lyon-veut-Samuel-Umtiti-et-Florentino-Luis.png","contentUrl":"https:\/\/dicodusport.fr\/blog\/wp-content\/uploads\/2023\/06\/Mercato-OL-Lyon-veut-Samuel-Umtiti-et-Florentino-Luis.png","width":800,"height":445},{"@type":"BreadcrumbList","@id":"https:\/\/dicodusport.fr\/blog\/mercato-ol-lyon-veut-samuel-umtiti-et-florentino-luis\/#breadcrumb","itemListElement":[{"@type":"ListItem","position":1,"name":"Accueil","item":"https:\/\/dicodusport.fr\/blog\/"},{"@type":"ListItem","position":2,"name":"Mercato OL : Lyon veut Samuel Umtiti et Florentino Luis"}]},{"@type":"WebSite","@id":"https:\/\/dicodusport.fr\/blog\/#website","url":"https:\/\/dicodusport.fr\/blog\/","name":"Dicodusport","description":"L&#039;encyclop\u00e9die de l&#039;actualit\u00e9 sportive","publisher":{"@id":"https:\/\/dicodusport.fr\/blog\/#organization"},"potentialAction":[{"@type":"SearchAction","target":{"@type":"EntryPoint","urlTemplate":"https:\/\/dicodusport.fr\/blog\/?s={search_term_string}"},"query-input":{"@type":"PropertyValueSpecification","valueRequired":true,"valueName":"search_term_string"}}],"inLanguage":"fr-FR"},{"@type":"NewsMediaOrganization","@id":"https:\/\/dicodusport.fr\/blog\/#organization","name":"Dicodusport","url":"https:\/\/dicodusport.fr\/blog\/","logo":{"@type":"ImageObject","inLanguage":"fr-FR","@id":"https:\/\/dicodusport.fr\/blog\/#\/schema\/logo\/image\/","url":"https:\/\/dicodusport.fr\/blog\/wp-content\/uploads\/2020\/06\/cropped-LOGO-DICODUSPORT-2020-SANS-FOND-SANS-TEXTE.png","contentUrl":"https:\/\/dicodusport.fr\/blog\/wp-content\/uploads\/2020\/06\/cropped-LOGO-DICODUSPORT-2020-SANS-FOND-SANS-TEXTE.png","width":512,"height":512,"caption":"Dicodusport"},"image":{"@id":"https:\/\/dicodusport.fr\/blog\/#\/schema\/logo\/image\/"},"sameAs":["https:\/\/www.facebook.com\/dicodusport","https:\/\/x.com\/dicodusport","https:\/\/www.instagram.com\/dicodusport\/","https:\/\/www.youtube.com\/channel\/UC7V2KZ5sd3htJivAbA4ZG3w"],"description":"Dicodusport est l'encyclop\u00e9die de l'actualit\u00e9 sportive.","email":"bonjour@dicodusport.fr","legalName":"DICODUSPORT","foundingDate":"2018-01-14","vatID":"FR71834470973","taxID":"83447097300043","numberOfEmployees":{"@type":"QuantitativeValue","minValue":"1","maxValue":"10"}},{"@type":"Person","@id":"https:\/\/dicodusport.fr\/blog\/#\/schema\/person\/55dcb50ad410894e431ed812bbb70191","name":"Nicolas Jacquemard","image":{"@type":"ImageObject","inLanguage":"fr-FR","@id":"https:\/\/dicodusport.fr\/blog\/#\/schema\/person\/image\/","url":"https:\/\/dicodusport.fr\/blog\/wp-content\/uploads\/2021\/05\/Nicolas-Jacquemard-150x150.jpeg","contentUrl":"https:\/\/dicodusport.fr\/blog\/wp-content\/uploads\/2021\/05\/Nicolas-Jacquemard-150x150.jpeg","caption":"Nicolas Jacquemard"},"description":"Passionn\u00e9 de sport et entrepreneur depuis mes 18 ans, la cr\u00e9ation de Dicodusport m'a sembl\u00e9 \u00e9vidente pour participer \u00e0 la m\u00e9diatisation d'un plus grand nombre de sports. Le chemin est long mais avec une \u00e9quipe des plus motiv\u00e9es et les Jeux Olympiques de Paris 2024 en point de mire, nous y arriverons ! Journaliste dans le monde du sport depuis plus de 5 ans, je traite aussi bien de football, de rugby, de biathlon que de cyclisme.","sameAs":["https:\/\/www.facebook.com\/dicodusport","https:\/\/x.com\/https:\/\/twitter.com\/Nico_Jacquemard"],"url":"https:\/\/dicodusport.fr\/blog\/author\/dicodusport\/"}]}},"_links":{"self":[{"href":"https:\/\/dicodusport.fr\/blog\/wp-json\/wp\/v2\/posts\/388999","targetHints":{"allow":["GET"]}}],"collection":[{"href":"https:\/\/dicodusport.fr\/blog\/wp-json\/wp\/v2\/posts"}],"about":[{"href":"https:\/\/dicodusport.fr\/blog\/wp-json\/wp\/v2\/types\/post"}],"author":[{"embeddable":true,"href":"https:\/\/dicodusport.fr\/blog\/wp-json\/wp\/v2\/users\/1"}],"replies":[{"embeddable":true,"href":"https:\/\/dicodusport.fr\/blog\/wp-json\/wp\/v2\/comments?post=388999"}],"version-history":[{"count":0,"href":"https:\/\/dicodusport.fr\/blog\/wp-json\/wp\/v2\/posts\/388999\/revisions"}],"wp:featuredmedia":[{"embeddable":true,"href":"https:\/\/dicodusport.fr\/blog\/wp-json\/wp\/v2\/media\/389027"}],"wp:attachment":[{"href":"https:\/\/dicodusport.fr\/blog\/wp-json\/wp\/v2\/media?parent=388999"}],"wp:term":[{"taxonomy":"category","embeddable":true,"href":"https:\/\/dicodusport.fr\/blog\/wp-json\/wp\/v2\/categories?post=388999"},{"taxonomy":"post_tag","embeddable":true,"href":"https:\/\/dicodusport.fr\/blog\/wp-json\/wp\/v2\/tags?post=388999"}],"curies":[{"name":"wp","href":"https:\/\/api.w.org\/{rel}","templated":true}]}}