{"id":389053,"date":"2023-06-07T14:31:49","date_gmt":"2023-06-07T12:31:49","guid":{"rendered":"https:\/\/dicodusport.fr\/blog\/?p=389053&#038;preview=true&#038;preview_id=389053"},"modified":"2024-03-08T09:35:02","modified_gmt":"2024-03-08T08:35:02","slug":"mma-pfl-cedric-doumbe-ne-pourra-pas-combattre-le-23-juin","status":"publish","type":"post","link":"https:\/\/dicodusport.fr\/blog\/mma-pfl-cedric-doumbe-ne-pourra-pas-combattre-le-23-juin\/","title":{"rendered":"MMA PFL : C\u00e9dric Doumb\u00e9 ne pourra pas combattre le 23 juin"},"content":{"rendered":"<p align=\"justify\"><em><strong>MMA &#8211; C\u00e9dric Doumb\u00e9 a annonc\u00e9 une terrible nouvelle ! En raison d&rsquo;une blessure au poignet, The Best ne pourra pas disputer son premier combat au PFL, pr\u00e9vu initialement le 23 juin, contre Jarah Al Silawi. N\u00e9anmoins, il<\/strong><\/em><em><strong> pourrait avoir le main event du premier PFL Paris.<br \/>\n<\/strong><\/em><\/p>\n<p style=\"text-align: justify;\">Alors que les fans de MMA fran\u00e7ais attendaient avec envie les premiers pas de <strong>C\u00e9dric<\/strong> <em>The Best<\/em> <strong>Doumb\u00e9<\/strong> au PFL, ils ont eu le malheur de d\u00e9couvrir (aux environs de 12h30) la publication du combattant fran\u00e7ais, indiquant <strong>son forfait<\/strong>. L\u2019ancienne gloire du kickboxing souffre d\u2019une <strong>blessure au poignet<\/strong>, contract\u00e9e durant sa <strong>pr\u00e9paration<\/strong>.<\/p>\n<p style=\"text-align: justify;\">\u00ab\u00a0<em>Mon m\u00e9decin m\u2019a formellement interdit de combattre. Il m\u2019a dit : Vous pouvez y aller, mais si vous voulez \u00eatre \u00e0 20% de vos capacit\u00e9s\u2026 C\u2019est vous qui voyez. Je ne pourrai donc pas combattre le 23 juin. [\u2026]<\/em> <em>Je suis grave d\u00e9go\u00fbt\u00e9<\/em> \u00bb, a pr\u00e9cis\u00e9 le Franco-Camerounais sur sa vid\u00e9o post\u00e9e sur les r\u00e9seaux sociaux.<\/p>\n<blockquote class=\"twitter-tweet\">\n<p dir=\"ltr\" lang=\"fr\">Je reste positif et je reviens au plus vite \u23f0\ud83e\udd1c\ud83c\udffe Jarrah a de la chance cette fois mais il ne peut pas se cacher. <a href=\"https:\/\/twitter.com\/PFLMMA?ref_src=twsrc%5Etfw\">@pflmma<\/a> c\u2019est chez moi maintenant, alors je vais botter les fesses de tous ces poids welters \u2026 <a href=\"https:\/\/twitter.com\/hashtag\/ticTac?src=hash&amp;ref_src=twsrc%5Etfw\">#ticTac<\/a> \u23f0 <a href=\"https:\/\/twitter.com\/hashtag\/PoignetMort?src=hash&amp;ref_src=twsrc%5Etfw\">#PoignetMort<\/a> <a href=\"https:\/\/twitter.com\/hashtag\/AlHamduliLlah?src=hash&amp;ref_src=twsrc%5Etfw\">#AlHamduliLlah<\/a> <a href=\"https:\/\/t.co\/uP0JpZGttT\">pic.twitter.com\/uP0JpZGttT<\/a><\/p>\n<p>\u2014 C\u00e9dric Doumb\u00e8 (@CedricDoumbe) <a href=\"https:\/\/twitter.com\/CedricDoumbe\/status\/1666393146404511744?ref_src=twsrc%5Etfw\">June 7, 2023<\/a><\/p><\/blockquote>\n<p><script async src=\"https:\/\/platform.twitter.com\/widgets.js\" charset=\"utf-8\"><\/script><\/p>\n<p style=\"text-align: justify;\">Cependant, une bonne nouvelle pourrait tout de m\u00eame voir le jour, apr\u00e8s cette annonce tr\u00e8s d\u00e9cevante. Le principal int\u00e9ress\u00e9 en a fait personnellement le <em>teasing <\/em>sur Twitter. Il se pourrait que le combattant de <strong>30 ans<\/strong> soit le <strong><em>main event<\/em><\/strong> du premier \u00e9v\u00e8nement <strong>PFL Paris<\/strong>, pr\u00e9vu le <strong>30 septembre prochain<\/strong>, selon <em>RMC Sport<\/em>.<\/p>\n","protected":false},"excerpt":{"rendered":"<p>MMA &#8211; C\u00e9dric Doumb\u00e9 a annonc\u00e9 une terrible nouvelle ! En raison d&rsquo;une blessure au poignet, The Best ne pourra pas disputer son premier combat au PFL, pr\u00e9vu initialement le 23 juin, contre Jarah Al Silawi. N\u00e9anmoins, il pourrait avoir le main event du premier PFL Paris.<\/p>\n","protected":false},"author":86,"featured_media":361522,"comment_status":"open","ping_status":"closed","sticky":false,"template":"","format":"standard","meta":{"_acf_changed":false,"_daextam_enable_autolinks":"","footnotes":""},"categories":[10666],"tags":[622,16878,30075,31441],"class_list":["post-389053","post","type-post","status-publish","format-standard","has-post-thumbnail","hentry","category-mma","tag-boxe","tag-breve","tag-cedric-doumbe","tag-pfl"],"acf":[],"yoast_head":"<!-- This site is optimized with the Yoast SEO Premium plugin v26.7 (Yoast SEO v26.7) - https:\/\/yoast.com\/wordpress\/plugins\/seo\/ -->\n<title>MMA PFL : C\u00e9dric Doumb\u00e9 ne pourra pas combattre le 23 juin<\/title>\n<meta name=\"description\" content=\"C\u00e9dric Doumb\u00e9, bless\u00e9 au poignet, ne pourra pas disputer son premier combat au PFL, pr\u00e9vu initialement le 23 juin contre Jarah Al Silawi.\" \/>\n<meta name=\"robots\" content=\"index, follow, max-snippet:-1, max-image-preview:large, max-video-preview:-1\" \/>\n<link rel=\"canonical\" href=\"https:\/\/dicodusport.fr\/blog\/mma-pfl-cedric-doumbe-ne-pourra-pas-combattre-le-23-juin\/\" \/>\n<meta property=\"og:locale\" content=\"fr_FR\" \/>\n<meta property=\"og:type\" content=\"article\" \/>\n<meta property=\"og:title\" content=\"MMA PFL : C\u00e9dric Doumb\u00e9 ne pourra pas combattre le 23 juin\" \/>\n<meta property=\"og:description\" content=\"C\u00e9dric Doumb\u00e9, bless\u00e9 au poignet, ne pourra pas disputer son premier combat au PFL, pr\u00e9vu initialement le 23 juin contre Jarah Al Silawi.\" \/>\n<meta property=\"og:url\" content=\"https:\/\/dicodusport.fr\/blog\/mma-pfl-cedric-doumbe-ne-pourra-pas-combattre-le-23-juin\/\" \/>\n<meta property=\"og:site_name\" content=\"Dicodusport\" \/>\n<meta property=\"article:publisher\" content=\"https:\/\/www.facebook.com\/dicodusport\" \/>\n<meta property=\"article:published_time\" content=\"2023-06-07T12:31:49+00:00\" \/>\n<meta property=\"article:modified_time\" content=\"2024-03-08T08:35:02+00:00\" \/>\n<meta property=\"og:image\" content=\"https:\/\/dicodusport.fr\/blog\/wp-content\/uploads\/2023\/03\/Cedric-Doumbe-Pawel-Klimas-A-quelle-heure-et-sur-quelle-chaine-le-MMA-GP.png\" \/>\n\t<meta property=\"og:image:width\" content=\"800\" \/>\n\t<meta property=\"og:image:height\" content=\"445\" \/>\n\t<meta property=\"og:image:type\" content=\"image\/png\" \/>\n<meta name=\"author\" content=\"Nicolas Parant\" \/>\n<meta name=\"twitter:card\" content=\"summary_large_image\" \/>\n<meta name=\"twitter:title\" content=\"MMA PFL : C\u00e9dric Doumb\u00e9 ne pourra pas combattre le 23 juin\" \/>\n<meta name=\"twitter:creator\" content=\"@dicodusport\" \/>\n<meta name=\"twitter:site\" content=\"@dicodusport\" \/>\n<script type=\"application\/ld+json\" class=\"yoast-schema-graph\">{\"@context\":\"https:\/\/schema.org\",\"@graph\":[{\"@type\":\"NewsArticle\",\"@id\":\"https:\/\/dicodusport.fr\/blog\/mma-pfl-cedric-doumbe-ne-pourra-pas-combattre-le-23-juin\/#article\",\"isPartOf\":{\"@id\":\"https:\/\/dicodusport.fr\/blog\/mma-pfl-cedric-doumbe-ne-pourra-pas-combattre-le-23-juin\/\"},\"author\":{\"name\":\"Nicolas Parant\",\"@id\":\"https:\/\/dicodusport.fr\/blog\/#\/schema\/person\/816f1c1bae6e11b6ef5b39687639be63\"},\"headline\":\"MMA PFL : C\u00e9dric Doumb\u00e9 ne pourra pas combattre le 23 juin\",\"datePublished\":\"2023-06-07T12:31:49+00:00\",\"dateModified\":\"2024-03-08T08:35:02+00:00\",\"mainEntityOfPage\":{\"@id\":\"https:\/\/dicodusport.fr\/blog\/mma-pfl-cedric-doumbe-ne-pourra-pas-combattre-le-23-juin\/\"},\"wordCount\":292,\"commentCount\":0,\"publisher\":{\"@id\":\"https:\/\/dicodusport.fr\/blog\/#organization\"},\"image\":{\"@id\":\"https:\/\/dicodusport.fr\/blog\/mma-pfl-cedric-doumbe-ne-pourra-pas-combattre-le-23-juin\/#primaryimage\"},\"thumbnailUrl\":\"https:\/\/dicodusport.fr\/blog\/wp-content\/uploads\/2023\/03\/Cedric-Doumbe-Pawel-Klimas-A-quelle-heure-et-sur-quelle-chaine-le-MMA-GP.png\",\"keywords\":[\"boxe\",\"br\u00e8ve\",\"C\u00e9dric Doumb\u00e9\",\"PFL\"],\"articleSection\":[\"MMA\"],\"inLanguage\":\"fr-FR\",\"potentialAction\":[{\"@type\":\"CommentAction\",\"name\":\"Comment\",\"target\":[\"https:\/\/dicodusport.fr\/blog\/mma-pfl-cedric-doumbe-ne-pourra-pas-combattre-le-23-juin\/#respond\"]}],\"copyrightYear\":\"2023\",\"copyrightHolder\":{\"@id\":\"https:\/\/dicodusport.fr\/blog\/#organization\"}},{\"@type\":\"WebPage\",\"@id\":\"https:\/\/dicodusport.fr\/blog\/mma-pfl-cedric-doumbe-ne-pourra-pas-combattre-le-23-juin\/\",\"url\":\"https:\/\/dicodusport.fr\/blog\/mma-pfl-cedric-doumbe-ne-pourra-pas-combattre-le-23-juin\/\",\"name\":\"MMA PFL : C\u00e9dric Doumb\u00e9 ne pourra pas combattre le 23 juin\",\"isPartOf\":{\"@id\":\"https:\/\/dicodusport.fr\/blog\/#website\"},\"primaryImageOfPage\":{\"@id\":\"https:\/\/dicodusport.fr\/blog\/mma-pfl-cedric-doumbe-ne-pourra-pas-combattre-le-23-juin\/#primaryimage\"},\"image\":{\"@id\":\"https:\/\/dicodusport.fr\/blog\/mma-pfl-cedric-doumbe-ne-pourra-pas-combattre-le-23-juin\/#primaryimage\"},\"thumbnailUrl\":\"https:\/\/dicodusport.fr\/blog\/wp-content\/uploads\/2023\/03\/Cedric-Doumbe-Pawel-Klimas-A-quelle-heure-et-sur-quelle-chaine-le-MMA-GP.png\",\"datePublished\":\"2023-06-07T12:31:49+00:00\",\"dateModified\":\"2024-03-08T08:35:02+00:00\",\"description\":\"C\u00e9dric Doumb\u00e9, bless\u00e9 au poignet, ne pourra pas disputer son premier combat au PFL, pr\u00e9vu initialement le 23 juin contre Jarah Al Silawi.\",\"breadcrumb\":{\"@id\":\"https:\/\/dicodusport.fr\/blog\/mma-pfl-cedric-doumbe-ne-pourra-pas-combattre-le-23-juin\/#breadcrumb\"},\"inLanguage\":\"fr-FR\",\"potentialAction\":[{\"@type\":\"ReadAction\",\"target\":[\"https:\/\/dicodusport.fr\/blog\/mma-pfl-cedric-doumbe-ne-pourra-pas-combattre-le-23-juin\/\"]}]},{\"@type\":\"ImageObject\",\"inLanguage\":\"fr-FR\",\"@id\":\"https:\/\/dicodusport.fr\/blog\/mma-pfl-cedric-doumbe-ne-pourra-pas-combattre-le-23-juin\/#primaryimage\",\"url\":\"https:\/\/dicodusport.fr\/blog\/wp-content\/uploads\/2023\/03\/Cedric-Doumbe-Pawel-Klimas-A-quelle-heure-et-sur-quelle-chaine-le-MMA-GP.png\",\"contentUrl\":\"https:\/\/dicodusport.fr\/blog\/wp-content\/uploads\/2023\/03\/Cedric-Doumbe-Pawel-Klimas-A-quelle-heure-et-sur-quelle-chaine-le-MMA-GP.png\",\"width\":800,\"height\":445},{\"@type\":\"BreadcrumbList\",\"@id\":\"https:\/\/dicodusport.fr\/blog\/mma-pfl-cedric-doumbe-ne-pourra-pas-combattre-le-23-juin\/#breadcrumb\",\"itemListElement\":[{\"@type\":\"ListItem\",\"position\":1,\"name\":\"Accueil\",\"item\":\"https:\/\/dicodusport.fr\/blog\/\"},{\"@type\":\"ListItem\",\"position\":2,\"name\":\"MMA PFL : C\u00e9dric Doumb\u00e9 ne pourra pas combattre le 23 juin\"}]},{\"@type\":\"WebSite\",\"@id\":\"https:\/\/dicodusport.fr\/blog\/#website\",\"url\":\"https:\/\/dicodusport.fr\/blog\/\",\"name\":\"Dicodusport\",\"description\":\"L&#039;encyclop\u00e9die de l&#039;actualit\u00e9 sportive\",\"publisher\":{\"@id\":\"https:\/\/dicodusport.fr\/blog\/#organization\"},\"potentialAction\":[{\"@type\":\"SearchAction\",\"target\":{\"@type\":\"EntryPoint\",\"urlTemplate\":\"https:\/\/dicodusport.fr\/blog\/?s={search_term_string}\"},\"query-input\":{\"@type\":\"PropertyValueSpecification\",\"valueRequired\":true,\"valueName\":\"search_term_string\"}}],\"inLanguage\":\"fr-FR\"},{\"@type\":\"NewsMediaOrganization\",\"@id\":\"https:\/\/dicodusport.fr\/blog\/#organization\",\"name\":\"Dicodusport\",\"url\":\"https:\/\/dicodusport.fr\/blog\/\",\"logo\":{\"@type\":\"ImageObject\",\"inLanguage\":\"fr-FR\",\"@id\":\"https:\/\/dicodusport.fr\/blog\/#\/schema\/logo\/image\/\",\"url\":\"https:\/\/dicodusport.fr\/blog\/wp-content\/uploads\/2020\/06\/cropped-LOGO-DICODUSPORT-2020-SANS-FOND-SANS-TEXTE.png\",\"contentUrl\":\"https:\/\/dicodusport.fr\/blog\/wp-content\/uploads\/2020\/06\/cropped-LOGO-DICODUSPORT-2020-SANS-FOND-SANS-TEXTE.png\",\"width\":512,\"height\":512,\"caption\":\"Dicodusport\"},\"image\":{\"@id\":\"https:\/\/dicodusport.fr\/blog\/#\/schema\/logo\/image\/\"},\"sameAs\":[\"https:\/\/www.facebook.com\/dicodusport\",\"https:\/\/x.com\/dicodusport\",\"https:\/\/www.instagram.com\/dicodusport\/\",\"https:\/\/www.youtube.com\/channel\/UC7V2KZ5sd3htJivAbA4ZG3w\"],\"description\":\"Dicodusport est l'encyclop\u00e9die de l'actualit\u00e9 sportive.\",\"email\":\"bonjour@dicodusport.fr\",\"legalName\":\"DICODUSPORT\",\"foundingDate\":\"2018-01-14\",\"vatID\":\"FR71834470973\",\"taxID\":\"83447097300043\",\"numberOfEmployees\":{\"@type\":\"QuantitativeValue\",\"minValue\":\"1\",\"maxValue\":\"10\"}},{\"@type\":\"Person\",\"@id\":\"https:\/\/dicodusport.fr\/blog\/#\/schema\/person\/816f1c1bae6e11b6ef5b39687639be63\",\"name\":\"Nicolas Parant\",\"image\":{\"@type\":\"ImageObject\",\"inLanguage\":\"fr-FR\",\"@id\":\"https:\/\/dicodusport.fr\/blog\/#\/schema\/person\/image\/\",\"url\":\"https:\/\/dicodusport.fr\/blog\/wp-content\/uploads\/2023\/04\/1B6E3319-7CA3-49A2-A3FB-D53C46115743-150x150.jpeg\",\"contentUrl\":\"https:\/\/dicodusport.fr\/blog\/wp-content\/uploads\/2023\/04\/1B6E3319-7CA3-49A2-A3FB-D53C46115743-150x150.jpeg\",\"caption\":\"Nicolas Parant\"},\"description\":\"Passionn\u00e9 de sport et d\u2019\u00e9criture, r\u00e9diger des articles a \u00e9t\u00e9 une v\u00e9ritable r\u00e9v\u00e9lation quand j\u2019ai pris la plume num\u00e9rique pour la premi\u00e8re fois en 2021. Admiratif des exploits de Nadal \u00e0 Roland Garros et du charisme de Zlatan Ibrahimovi\u0107 \u00e0 son arriv\u00e9e dans la capitale, je m\u2019efforce de transmettre au mieux les \u00e9motions des athl\u00e8tes de la nouvelle g\u00e9n\u00e9ration. \u00c0 Dicodusport depuis 2023, je commente principalement les batailles qui se d\u00e9roulent dans l\u2019octogone de l\u2019UFC ou sur les pelouses de football et de rugby.\",\"url\":\"https:\/\/dicodusport.fr\/blog\/author\/nicolas-parant\/\"}]}<\/script>\n<!-- \/ Yoast SEO Premium plugin. -->","yoast_head_json":{"title":"MMA PFL : C\u00e9dric Doumb\u00e9 ne pourra pas combattre le 23 juin","description":"C\u00e9dric Doumb\u00e9, bless\u00e9 au poignet, ne pourra pas disputer son premier combat au PFL, pr\u00e9vu initialement le 23 juin contre Jarah Al Silawi.","robots":{"index":"index","follow":"follow","max-snippet":"max-snippet:-1","max-image-preview":"max-image-preview:large","max-video-preview":"max-video-preview:-1"},"canonical":"https:\/\/dicodusport.fr\/blog\/mma-pfl-cedric-doumbe-ne-pourra-pas-combattre-le-23-juin\/","og_locale":"fr_FR","og_type":"article","og_title":"MMA PFL : C\u00e9dric Doumb\u00e9 ne pourra pas combattre le 23 juin","og_description":"C\u00e9dric Doumb\u00e9, bless\u00e9 au poignet, ne pourra pas disputer son premier combat au PFL, pr\u00e9vu initialement le 23 juin contre Jarah Al Silawi.","og_url":"https:\/\/dicodusport.fr\/blog\/mma-pfl-cedric-doumbe-ne-pourra-pas-combattre-le-23-juin\/","og_site_name":"Dicodusport","article_publisher":"https:\/\/www.facebook.com\/dicodusport","article_published_time":"2023-06-07T12:31:49+00:00","article_modified_time":"2024-03-08T08:35:02+00:00","og_image":[{"width":800,"height":445,"url":"https:\/\/dicodusport.fr\/blog\/wp-content\/uploads\/2023\/03\/Cedric-Doumbe-Pawel-Klimas-A-quelle-heure-et-sur-quelle-chaine-le-MMA-GP.png","type":"image\/png"}],"author":"Nicolas Parant","twitter_card":"summary_large_image","twitter_title":"MMA PFL : C\u00e9dric Doumb\u00e9 ne pourra pas combattre le 23 juin","twitter_creator":"@dicodusport","twitter_site":"@dicodusport","schema":{"@context":"https:\/\/schema.org","@graph":[{"@type":"NewsArticle","@id":"https:\/\/dicodusport.fr\/blog\/mma-pfl-cedric-doumbe-ne-pourra-pas-combattre-le-23-juin\/#article","isPartOf":{"@id":"https:\/\/dicodusport.fr\/blog\/mma-pfl-cedric-doumbe-ne-pourra-pas-combattre-le-23-juin\/"},"author":{"name":"Nicolas Parant","@id":"https:\/\/dicodusport.fr\/blog\/#\/schema\/person\/816f1c1bae6e11b6ef5b39687639be63"},"headline":"MMA PFL : C\u00e9dric Doumb\u00e9 ne pourra pas combattre le 23 juin","datePublished":"2023-06-07T12:31:49+00:00","dateModified":"2024-03-08T08:35:02+00:00","mainEntityOfPage":{"@id":"https:\/\/dicodusport.fr\/blog\/mma-pfl-cedric-doumbe-ne-pourra-pas-combattre-le-23-juin\/"},"wordCount":292,"commentCount":0,"publisher":{"@id":"https:\/\/dicodusport.fr\/blog\/#organization"},"image":{"@id":"https:\/\/dicodusport.fr\/blog\/mma-pfl-cedric-doumbe-ne-pourra-pas-combattre-le-23-juin\/#primaryimage"},"thumbnailUrl":"https:\/\/dicodusport.fr\/blog\/wp-content\/uploads\/2023\/03\/Cedric-Doumbe-Pawel-Klimas-A-quelle-heure-et-sur-quelle-chaine-le-MMA-GP.png","keywords":["boxe","br\u00e8ve","C\u00e9dric Doumb\u00e9","PFL"],"articleSection":["MMA"],"inLanguage":"fr-FR","potentialAction":[{"@type":"CommentAction","name":"Comment","target":["https:\/\/dicodusport.fr\/blog\/mma-pfl-cedric-doumbe-ne-pourra-pas-combattre-le-23-juin\/#respond"]}],"copyrightYear":"2023","copyrightHolder":{"@id":"https:\/\/dicodusport.fr\/blog\/#organization"}},{"@type":"WebPage","@id":"https:\/\/dicodusport.fr\/blog\/mma-pfl-cedric-doumbe-ne-pourra-pas-combattre-le-23-juin\/","url":"https:\/\/dicodusport.fr\/blog\/mma-pfl-cedric-doumbe-ne-pourra-pas-combattre-le-23-juin\/","name":"MMA PFL : C\u00e9dric Doumb\u00e9 ne pourra pas combattre le 23 juin","isPartOf":{"@id":"https:\/\/dicodusport.fr\/blog\/#website"},"primaryImageOfPage":{"@id":"https:\/\/dicodusport.fr\/blog\/mma-pfl-cedric-doumbe-ne-pourra-pas-combattre-le-23-juin\/#primaryimage"},"image":{"@id":"https:\/\/dicodusport.fr\/blog\/mma-pfl-cedric-doumbe-ne-pourra-pas-combattre-le-23-juin\/#primaryimage"},"thumbnailUrl":"https:\/\/dicodusport.fr\/blog\/wp-content\/uploads\/2023\/03\/Cedric-Doumbe-Pawel-Klimas-A-quelle-heure-et-sur-quelle-chaine-le-MMA-GP.png","datePublished":"2023-06-07T12:31:49+00:00","dateModified":"2024-03-08T08:35:02+00:00","description":"C\u00e9dric Doumb\u00e9, bless\u00e9 au poignet, ne pourra pas disputer son premier combat au PFL, pr\u00e9vu initialement le 23 juin contre Jarah Al Silawi.","breadcrumb":{"@id":"https:\/\/dicodusport.fr\/blog\/mma-pfl-cedric-doumbe-ne-pourra-pas-combattre-le-23-juin\/#breadcrumb"},"inLanguage":"fr-FR","potentialAction":[{"@type":"ReadAction","target":["https:\/\/dicodusport.fr\/blog\/mma-pfl-cedric-doumbe-ne-pourra-pas-combattre-le-23-juin\/"]}]},{"@type":"ImageObject","inLanguage":"fr-FR","@id":"https:\/\/dicodusport.fr\/blog\/mma-pfl-cedric-doumbe-ne-pourra-pas-combattre-le-23-juin\/#primaryimage","url":"https:\/\/dicodusport.fr\/blog\/wp-content\/uploads\/2023\/03\/Cedric-Doumbe-Pawel-Klimas-A-quelle-heure-et-sur-quelle-chaine-le-MMA-GP.png","contentUrl":"https:\/\/dicodusport.fr\/blog\/wp-content\/uploads\/2023\/03\/Cedric-Doumbe-Pawel-Klimas-A-quelle-heure-et-sur-quelle-chaine-le-MMA-GP.png","width":800,"height":445},{"@type":"BreadcrumbList","@id":"https:\/\/dicodusport.fr\/blog\/mma-pfl-cedric-doumbe-ne-pourra-pas-combattre-le-23-juin\/#breadcrumb","itemListElement":[{"@type":"ListItem","position":1,"name":"Accueil","item":"https:\/\/dicodusport.fr\/blog\/"},{"@type":"ListItem","position":2,"name":"MMA PFL : C\u00e9dric Doumb\u00e9 ne pourra pas combattre le 23 juin"}]},{"@type":"WebSite","@id":"https:\/\/dicodusport.fr\/blog\/#website","url":"https:\/\/dicodusport.fr\/blog\/","name":"Dicodusport","description":"L&#039;encyclop\u00e9die de l&#039;actualit\u00e9 sportive","publisher":{"@id":"https:\/\/dicodusport.fr\/blog\/#organization"},"potentialAction":[{"@type":"SearchAction","target":{"@type":"EntryPoint","urlTemplate":"https:\/\/dicodusport.fr\/blog\/?s={search_term_string}"},"query-input":{"@type":"PropertyValueSpecification","valueRequired":true,"valueName":"search_term_string"}}],"inLanguage":"fr-FR"},{"@type":"NewsMediaOrganization","@id":"https:\/\/dicodusport.fr\/blog\/#organization","name":"Dicodusport","url":"https:\/\/dicodusport.fr\/blog\/","logo":{"@type":"ImageObject","inLanguage":"fr-FR","@id":"https:\/\/dicodusport.fr\/blog\/#\/schema\/logo\/image\/","url":"https:\/\/dicodusport.fr\/blog\/wp-content\/uploads\/2020\/06\/cropped-LOGO-DICODUSPORT-2020-SANS-FOND-SANS-TEXTE.png","contentUrl":"https:\/\/dicodusport.fr\/blog\/wp-content\/uploads\/2020\/06\/cropped-LOGO-DICODUSPORT-2020-SANS-FOND-SANS-TEXTE.png","width":512,"height":512,"caption":"Dicodusport"},"image":{"@id":"https:\/\/dicodusport.fr\/blog\/#\/schema\/logo\/image\/"},"sameAs":["https:\/\/www.facebook.com\/dicodusport","https:\/\/x.com\/dicodusport","https:\/\/www.instagram.com\/dicodusport\/","https:\/\/www.youtube.com\/channel\/UC7V2KZ5sd3htJivAbA4ZG3w"],"description":"Dicodusport est l'encyclop\u00e9die de l'actualit\u00e9 sportive.","email":"bonjour@dicodusport.fr","legalName":"DICODUSPORT","foundingDate":"2018-01-14","vatID":"FR71834470973","taxID":"83447097300043","numberOfEmployees":{"@type":"QuantitativeValue","minValue":"1","maxValue":"10"}},{"@type":"Person","@id":"https:\/\/dicodusport.fr\/blog\/#\/schema\/person\/816f1c1bae6e11b6ef5b39687639be63","name":"Nicolas Parant","image":{"@type":"ImageObject","inLanguage":"fr-FR","@id":"https:\/\/dicodusport.fr\/blog\/#\/schema\/person\/image\/","url":"https:\/\/dicodusport.fr\/blog\/wp-content\/uploads\/2023\/04\/1B6E3319-7CA3-49A2-A3FB-D53C46115743-150x150.jpeg","contentUrl":"https:\/\/dicodusport.fr\/blog\/wp-content\/uploads\/2023\/04\/1B6E3319-7CA3-49A2-A3FB-D53C46115743-150x150.jpeg","caption":"Nicolas Parant"},"description":"Passionn\u00e9 de sport et d\u2019\u00e9criture, r\u00e9diger des articles a \u00e9t\u00e9 une v\u00e9ritable r\u00e9v\u00e9lation quand j\u2019ai pris la plume num\u00e9rique pour la premi\u00e8re fois en 2021. Admiratif des exploits de Nadal \u00e0 Roland Garros et du charisme de Zlatan Ibrahimovi\u0107 \u00e0 son arriv\u00e9e dans la capitale, je m\u2019efforce de transmettre au mieux les \u00e9motions des athl\u00e8tes de la nouvelle g\u00e9n\u00e9ration. \u00c0 Dicodusport depuis 2023, je commente principalement les batailles qui se d\u00e9roulent dans l\u2019octogone de l\u2019UFC ou sur les pelouses de football et de rugby.","url":"https:\/\/dicodusport.fr\/blog\/author\/nicolas-parant\/"}]}},"_links":{"self":[{"href":"https:\/\/dicodusport.fr\/blog\/wp-json\/wp\/v2\/posts\/389053","targetHints":{"allow":["GET"]}}],"collection":[{"href":"https:\/\/dicodusport.fr\/blog\/wp-json\/wp\/v2\/posts"}],"about":[{"href":"https:\/\/dicodusport.fr\/blog\/wp-json\/wp\/v2\/types\/post"}],"author":[{"embeddable":true,"href":"https:\/\/dicodusport.fr\/blog\/wp-json\/wp\/v2\/users\/86"}],"replies":[{"embeddable":true,"href":"https:\/\/dicodusport.fr\/blog\/wp-json\/wp\/v2\/comments?post=389053"}],"version-history":[{"count":1,"href":"https:\/\/dicodusport.fr\/blog\/wp-json\/wp\/v2\/posts\/389053\/revisions"}],"predecessor-version":[{"id":470191,"href":"https:\/\/dicodusport.fr\/blog\/wp-json\/wp\/v2\/posts\/389053\/revisions\/470191"}],"wp:featuredmedia":[{"embeddable":true,"href":"https:\/\/dicodusport.fr\/blog\/wp-json\/wp\/v2\/media\/361522"}],"wp:attachment":[{"href":"https:\/\/dicodusport.fr\/blog\/wp-json\/wp\/v2\/media?parent=389053"}],"wp:term":[{"taxonomy":"category","embeddable":true,"href":"https:\/\/dicodusport.fr\/blog\/wp-json\/wp\/v2\/categories?post=389053"},{"taxonomy":"post_tag","embeddable":true,"href":"https:\/\/dicodusport.fr\/blog\/wp-json\/wp\/v2\/tags?post=389053"}],"curies":[{"name":"wp","href":"https:\/\/api.w.org\/{rel}","templated":true}]}}