{"id":389199,"date":"2023-07-06T09:33:06","date_gmt":"2023-07-06T07:33:06","guid":{"rendered":"https:\/\/dicodusport.fr\/blog\/?p=389199&#038;preview=true&#038;preview_id=389199"},"modified":"2023-07-06T09:33:59","modified_gmt":"2023-07-06T07:33:59","slug":"tour-de-france-2023-parcours-et-profil-6eme-etape","status":"publish","type":"post","link":"https:\/\/dicodusport.fr\/blog\/tour-de-france-2023-parcours-et-profil-6eme-etape\/","title":{"rendered":"Tour de France 2023 : Parcours et profil de la 6\u00e8me \u00e9tape"},"content":{"rendered":"<p style=\"text-align: justify;\"><b><i><a href=\"https:\/\/dicodusport.fr\/blog\/actualites\/cyclisme\/cyclisme-sur-route-2023\/tour-de-france-2023\/\">TOUR DE FRANCE 2023<\/a>\u00a0\u2013 La 6\u00e8me \u00e9tape, qui se d\u00e9roulera le jeudi 6 juillet 2023, reliera Tarbes \u00e0 Cauterets-Cambasque, avec 145 kilom\u00e8tres \u00e0 parcourir et trois cols pyr\u00e9n\u00e9ens \u00e0 gravir. Plus de 3 700 m\u00e8tres de d\u00e9nivel\u00e9 seront au programme. Parcours et profil.<\/i><\/b><\/p>\n<h2 style=\"text-align: justify;\">Parcours en d\u00e9tail de la 6\u00e8me \u00e9tape du Tour de France 2023<\/h2>\n<p style=\"text-align: justify;\">Apr\u00e8s <a href=\"https:\/\/dicodusport.fr\/blog\/tour-de-france-2023-jai-hindley-fait-coup-double-sur-la-5eme-etape\/\">la prise de pouvoir de Jai Hindley \u00e0 Laruns<\/a>, place \u00e0 une deuxi\u00e8me \u00e9tape pyr\u00e9n\u00e9enne. D&rsquo;abord, le d\u00e9part sera donn\u00e9 depuis <strong>Tarbes<\/strong> sur la <span dir=\"ltr\" role=\"presentation\">place Marcadieu \u00e0 13h25, <\/span>pour 20 premiers kilom\u00e8tres plats sur de belles routes rectilignes. Apr\u00e8s Gourgues, la route s&rsquo;\u00e9l\u00e8vera jusqu&rsquo;\u00e0 Capvern-les-Bains pour gravir une c\u00f4te de troisi\u00e8me cat\u00e9gorie, longue de 5,6 km, \u00e0 4,8 % de moyenne.<\/p>\n<p style=\"text-align: justify;\">Puis, les coureurs continueront leur marche vers le Sud avec 26 kilom\u00e8tres \u00e0 nouveau plats pour rejoindre <strong>Arreau<\/strong> dans la vall\u00e9e d&rsquo;Aure. Via, \u00e0 nouveau, des routes assez droites et larges. Ensuite, ils grimperont le Col d&rsquo;Aspin (12 km \u00e0 6,5 %). Le col sera emprunt\u00e9 par son versant est, depuis la bifurcation entre les routes D929 et la D918. Ce versant aura la particularit\u00e9 de la pr\u00e9sence de feuillus au bord de la route, \u00e0 intervalles irr\u00e9guliers, avec ses lacets \u00e0 travers les prairies. Au sommet, les concurrents basculeront dans la descente sur <strong>Sainte-Marie-de-Campan<\/strong> avec une seconde moiti\u00e9 plus roulante \u00e0 partir de la station de Payolle.<\/p>\n<h3 style=\"text-align: justify;\">Le Tourmalet, un mythe<\/h3>\n<p style=\"text-align: justify;\">\u00c0 peine la descente termin\u00e9e, le mythique <strong>Col du Tourmalet<\/strong> (17,1 km \u00e0 7,3 %) fera directement face aux coureurs. Le d\u00e9but de ce col de l\u00e9gende sera plut\u00f4t facile avec des pourcentages modestes sur une route rectiligne. \u00c0 partir du hameau de Gripp apr\u00e8s plus de quatre kilom\u00e8tres de mont\u00e9e, la route va s&rsquo;\u00e9lever plus s\u00e9rieusement avec peu de r\u00e9pit. Il y aura une seule v\u00e9ritable \u00e9pingle au lacet du Garet, au milieu de l&rsquo;ascension. Deux kilom\u00e8tres avant La Mongie, les coureurs passeront sous des paravalanches avec une vue sur le barrage de Castillon, avec des passages \u00e0 10 %. \u00c0 La Mongie, la pente deviendra \u00e0 nouveau raide avec un passage \u00e0 11 %.<\/p>\n<p style=\"text-align: justify;\">Enfin, les 4,5 derniers kilom\u00e8tres se feront dans les p\u00e2turages avec des remont\u00e9es m\u00e9caniques. Cette section finale proposera des \u00e9pingles avec de forts pourcentages. Au sommet, il y aura la st\u00e8le comm\u00e9morative \u00e0 Jacques Goddet, ancien directeur du Tour de France. Apr\u00e8s le sommet, ce sera la descente sur Luz-Saint-Sauveur. Le d\u00e9but de la descente serpentera les p\u00e2turages avant de retrouver des routes plus rectilignes.<\/p>\n<div id=\"attachment_397425\" style=\"width: 750px\" class=\"wp-caption aligncenter\"><a href=\"https:\/\/dicodusport.fr\/blog\/wp-content\/uploads\/2023\/06\/Profil-du-Col-du-Tourmalet-via-Sainte-Marie-de-Campan.jpg\"><img loading=\"lazy\" decoding=\"async\" aria-describedby=\"caption-attachment-397425\" class=\"size-large wp-image-397425\" src=\"https:\/\/dicodusport.fr\/blog\/wp-content\/uploads\/2023\/06\/Profil-du-Col-du-Tourmalet-via-Sainte-Marie-de-Campan-830x1024.jpg\" alt=\"Profil du Col du Tourmalet via Sainte-Marie-de-Campan\" width=\"740\" height=\"913\" srcset=\"https:\/\/dicodusport.fr\/blog\/wp-content\/uploads\/2023\/06\/Profil-du-Col-du-Tourmalet-via-Sainte-Marie-de-Campan-830x1024.jpg 830w, https:\/\/dicodusport.fr\/blog\/wp-content\/uploads\/2023\/06\/Profil-du-Col-du-Tourmalet-via-Sainte-Marie-de-Campan-243x300.jpg 243w, https:\/\/dicodusport.fr\/blog\/wp-content\/uploads\/2023\/06\/Profil-du-Col-du-Tourmalet-via-Sainte-Marie-de-Campan-768x948.jpg 768w, https:\/\/dicodusport.fr\/blog\/wp-content\/uploads\/2023\/06\/Profil-du-Col-du-Tourmalet-via-Sainte-Marie-de-Campan.jpg 960w\" sizes=\"auto, (max-width: 740px) 100vw, 740px\" \/><\/a><p id=\"caption-attachment-397425\" class=\"wp-caption-text\">Profil du Col du Tourmalet via Sainte-Marie-de-Campan &#8211; Via ASO<\/p><\/div>\n<p style=\"text-align: justify;\">Par la suite, ce sera une portion en vall\u00e9e de 12 kilom\u00e8tres pour atteindre <strong>Pierrefitte-Nestalas,\u00a0<\/strong>en amont du\u00a0gave de Pau, juste au sud d&rsquo;Argel\u00e8s-Gazost.<\/p>\n<p style=\"text-align: justify;\">Enfin, apr\u00e8s un virage \u00e0 gauche, ce sera la mont\u00e9e finale vers <strong>Cauterets-Cambasque<\/strong> (16 km \u00e0 5,4 %). Les quatre premiers kilom\u00e8tres seront plut\u00f4t faciles, entre 2 et 5 %. Il y aura ensuite 2,5 kilom\u00e8tres, avec des pourcentages compris entre 6 et 9 % jusqu&rsquo;\u00e0 Quartier Calypso. Avant 4,5 kilom\u00e8tres de nouveau roulants apr\u00e8s avoir travers\u00e9 Cauterets avec des rampes entre 2 et 5 %. Finalement, les cinq derniers kilom\u00e8tres seront les plus s\u00e9lectifs malgr\u00e9 un petit replat \u00e0 un kilom\u00e8tre du sommet. L&rsquo;arriv\u00e9e sera jug\u00e9e entre 17h10 et 17h30 sur la Route de Cambasque. Cette ascension finale n&rsquo;est pas assez dure pour cr\u00e9er des \u00e9carts importants. N\u00e9anmoins, apr\u00e8s une journ\u00e9e aussi difficile, la d\u00e9faillance sera interdite. Le Tour s&rsquo;est d\u00e9j\u00e0 termin\u00e9 \u00e0 deux reprises dans les montagnes au-dessus de Cauterets. En 1989, c&rsquo;\u00e9tait Miguel Indurain qui s&rsquo;\u00e9tait impos\u00e9 au Cambasque alors qu&rsquo;en 1995, Richard Virenque s&rsquo;adjugeait l&rsquo;\u00e9tape au col des Cr\u00eates du Lys.<\/p>\n<div id=\"attachment_397424\" style=\"width: 970px\" class=\"wp-caption aligncenter\"><a href=\"https:\/\/dicodusport.fr\/blog\/wp-content\/uploads\/2023\/06\/Carte-du-parcours-de-la-6eme-etape-du-Tour-de-France-2023.jpg\"><img loading=\"lazy\" decoding=\"async\" aria-describedby=\"caption-attachment-397424\" class=\"size-full wp-image-397424\" src=\"https:\/\/dicodusport.fr\/blog\/wp-content\/uploads\/2023\/06\/Carte-du-parcours-de-la-6eme-etape-du-Tour-de-France-2023.jpg\" alt=\"Carte du parcours de la 6\u00e8me \u00e9tape du Tour de France 2023\" width=\"960\" height=\"678\" srcset=\"https:\/\/dicodusport.fr\/blog\/wp-content\/uploads\/2023\/06\/Carte-du-parcours-de-la-6eme-etape-du-Tour-de-France-2023.jpg 960w, https:\/\/dicodusport.fr\/blog\/wp-content\/uploads\/2023\/06\/Carte-du-parcours-de-la-6eme-etape-du-Tour-de-France-2023-300x212.jpg 300w, https:\/\/dicodusport.fr\/blog\/wp-content\/uploads\/2023\/06\/Carte-du-parcours-de-la-6eme-etape-du-Tour-de-France-2023-768x542.jpg 768w\" sizes=\"auto, (max-width: 960px) 100vw, 960px\" \/><\/a><p id=\"caption-attachment-397424\" class=\"wp-caption-text\">Carte du parcours de la 6\u00e8me \u00e9tape du Tour de France 2023 &#8211; Via ASO<\/p><\/div>\n<h2 style=\"text-align: justify;\">Profil en d\u00e9tail de la 6\u00e8me \u00e9tape du Tour de France 2023<\/h2>\n<div id=\"attachment_394776\" style=\"width: 970px\" class=\"wp-caption aligncenter\"><a href=\"https:\/\/dicodusport.fr\/blog\/wp-content\/uploads\/2023\/06\/Profil-6eme-etape-Tour-de-France-2023.jpg\"><img loading=\"lazy\" decoding=\"async\" aria-describedby=\"caption-attachment-394776\" class=\"size-full wp-image-394776\" src=\"https:\/\/dicodusport.fr\/blog\/wp-content\/uploads\/2023\/06\/Profil-6eme-etape-Tour-de-France-2023.jpg\" alt=\"Profil 6\u00e8me \u00e9tape Tour de France 2023\" width=\"960\" height=\"576\" srcset=\"https:\/\/dicodusport.fr\/blog\/wp-content\/uploads\/2023\/06\/Profil-6eme-etape-Tour-de-France-2023.jpg 960w, https:\/\/dicodusport.fr\/blog\/wp-content\/uploads\/2023\/06\/Profil-6eme-etape-Tour-de-France-2023-300x180.jpg 300w, https:\/\/dicodusport.fr\/blog\/wp-content\/uploads\/2023\/06\/Profil-6eme-etape-Tour-de-France-2023-768x461.jpg 768w, https:\/\/dicodusport.fr\/blog\/wp-content\/uploads\/2023\/06\/Profil-6eme-etape-Tour-de-France-2023-590x354.jpg 590w, https:\/\/dicodusport.fr\/blog\/wp-content\/uploads\/2023\/06\/Profil-6eme-etape-Tour-de-France-2023-400x240.jpg 400w\" sizes=\"auto, (max-width: 960px) 100vw, 960px\" \/><\/a><p id=\"caption-attachment-394776\" class=\"wp-caption-text\">Profil 6\u00e8me \u00e9tape Tour de France 2023 &#8211; Via ASO<\/p><\/div>\n<h2 style=\"text-align: justify;\">\u00c0 lire aussi<\/h2>\n<ul>\n<li style=\"text-align: justify;\"><strong><a href=\"https:\/\/dicodusport.fr\/blog\/tour-de-france-2023-nos-favoris-pour-la-6eme-etape\/\">Nos favoris pour la 6\u00e8me \u00e9tape<\/a>\u00a0<\/strong><\/li>\n<li style=\"text-align: justify;\"><a href=\"https:\/\/dicodusport.fr\/blog\/tour-de-france-2023-classement-general-maillot-jaune\/\"><strong>Classement g\u00e9n\u00e9ral du Tour de France 2023<\/strong><\/a><\/li>\n<li style=\"text-align: justify;\"><a href=\"https:\/\/dicodusport.fr\/blog\/tour-de-france-2023-classement-par-points-maillot-vert\/\"><strong>Classement par points Maillot vert du Tour de France 2023<\/strong><\/a><\/li>\n<li style=\"text-align: justify;\"><a href=\"https:\/\/dicodusport.fr\/blog\/tour-de-france-2023-classement-montagne-maillot-a-pois\/\"><strong>Classement de la montagne Maillot \u00e0 pois du Tour de France 2023<\/strong><\/a><\/li>\n<li style=\"text-align: justify;\"><a href=\"https:\/\/dicodusport.fr\/blog\/tour-de-france-2023-classement-meilleur-jeune-maillot-blanc\/\"><strong>Classement du meilleur jeune Maillot blanc du Tour de France 2023<\/strong><\/a><\/li>\n<li style=\"text-align: justify;\"><a href=\"https:\/\/dicodusport.fr\/blog\/le-profil-des-21-etapes-du-tour-de-france-2023\/\" target=\"_blank\" rel=\"noopener\"><b>Le profil des 21 \u00e9tapes du Tour de France 2023<\/b><\/a><\/li>\n<\/ul>\n<div class=\"vlp-link-container vlp-layout-article\"><a href=\"https:\/\/dicodusport.fr\/blog\/alaphilippe-van-der-poel-evenepoel-les-salaires-des-stars-du-cyclisme-en-2023\/\" class=\"vlp-link\" title=\"Alaphilippe, van der Poel, Evenepoel : Les salaires des stars du cyclisme en 2023\"><\/a><div class=\"vlp-layout-zone-side\"><div class=\"vlp-block-4 vlp-link-image\"><img loading=\"lazy\" decoding=\"async\" style=\"max-width: 800px;\" width=\"800\" height=\"445\" src=\"https:\/\/dicodusport.fr\/blog\/wp-content\/uploads\/2023\/07\/Alaphilippe-van-der-Poel-Evenepoel-Les-salaires-des-stars-du-cyclisme-en-2023.png\" class=\"attachment-800x445 size-800x445\" alt=\"Alaphilippe, van der Poel, Evenepoel Les salaires des stars du cyclisme en 2023\" srcset=\"https:\/\/dicodusport.fr\/blog\/wp-content\/uploads\/2023\/07\/Alaphilippe-van-der-Poel-Evenepoel-Les-salaires-des-stars-du-cyclisme-en-2023.png 800w, https:\/\/dicodusport.fr\/blog\/wp-content\/uploads\/2023\/07\/Alaphilippe-van-der-Poel-Evenepoel-Les-salaires-des-stars-du-cyclisme-en-2023-300x167.png 300w, https:\/\/dicodusport.fr\/blog\/wp-content\/uploads\/2023\/07\/Alaphilippe-van-der-Poel-Evenepoel-Les-salaires-des-stars-du-cyclisme-en-2023-768x427.png 768w\" sizes=\"auto, (max-width: 800px) 100vw, 800px\" \/><\/div><\/div><div class=\"vlp-layout-zone-main\"><div class=\"vlp-block-0 vlp-link-title\">Alaphilippe, van der Poel, Evenepoel : Les salaires des stars du cyclisme en 2023<\/div><div class=\"vlp-block-1 vlp-link-summary\">CYCLISME SUR ROUTE 2023 - \u00c0 l'approche du Tour de France 2023, une question revient avec insistance : combien gagnent les stars du peloton ? On fait le point, avec les derni\u00e8res estimations d\u00e9voil\u00e9es par la Gazzetta dello Sport et Total Velo.<\/div><div class=\"vlp-block-2 vlp-link-button\">Lire l'article<\/div><div class=\"vlp-block-3 vlp-link-url\">dicodusport.fr<\/div><\/div><\/div>\n","protected":false},"excerpt":{"rendered":"<p>TOUR DE FRANCE 2023 &#8211; La 6\u00e8me \u00e9tape, qui se d\u00e9roulera le jeudi 6 juillet 2023, reliera Tarbes \u00e0 Cauterets-Cambasque. Parcours et profil.<\/p>\n","protected":false},"author":48,"featured_media":397429,"comment_status":"open","ping_status":"closed","sticky":false,"template":"","format":"standard","meta":{"_acf_changed":false,"_daextam_enable_autolinks":"","footnotes":""},"categories":[46995],"tags":[16878,1262],"class_list":["post-389199","post","type-post","status-publish","format-standard","has-post-thumbnail","hentry","category-tour-de-france","tag-breve","tag-tour-de-france"],"acf":[],"yoast_head":"<!-- This site is optimized with the Yoast SEO Premium plugin v26.7 (Yoast SEO v26.7) - https:\/\/yoast.com\/wordpress\/plugins\/seo\/ -->\n<title>Tour de France 2023 : Parcours et profil de la 6\u00e8me \u00e9tape<\/title>\n<meta name=\"description\" content=\"TOUR DE FRANCE 2023 - La 6\u00e8me \u00e9tape, qui se d\u00e9roulera le jeudi 6 juillet 2023, reliera Tarbes \u00e0 Cauterets-Cambasque. Parcours et profil.\" \/>\n<meta name=\"robots\" content=\"index, follow, max-snippet:-1, max-image-preview:large, max-video-preview:-1\" \/>\n<link rel=\"canonical\" href=\"https:\/\/dicodusport.fr\/blog\/tour-de-france-2023-parcours-et-profil-6eme-etape\/\" \/>\n<meta property=\"og:locale\" content=\"fr_FR\" \/>\n<meta property=\"og:type\" content=\"article\" \/>\n<meta property=\"og:title\" content=\"Tour de France 2023 : Parcours et profil de la 6\u00e8me \u00e9tape\" \/>\n<meta property=\"og:description\" content=\"TOUR DE FRANCE 2023 - La 6\u00e8me \u00e9tape, qui se d\u00e9roulera le jeudi 6 juillet 2023, reliera Tarbes \u00e0 Cauterets-Cambasque. Parcours et profil.\" \/>\n<meta property=\"og:url\" content=\"https:\/\/dicodusport.fr\/blog\/tour-de-france-2023-parcours-et-profil-6eme-etape\/\" \/>\n<meta property=\"og:site_name\" content=\"Dicodusport\" \/>\n<meta property=\"article:publisher\" content=\"https:\/\/www.facebook.com\/dicodusport\" \/>\n<meta property=\"article:author\" content=\"https:\/\/www.facebook.com\/groups\/LesRoisDuPeloton\" \/>\n<meta property=\"article:published_time\" content=\"2023-07-06T07:33:06+00:00\" \/>\n<meta property=\"article:modified_time\" content=\"2023-07-06T07:33:59+00:00\" \/>\n<meta property=\"og:image\" content=\"https:\/\/dicodusport.fr\/blog\/wp-content\/uploads\/2023\/06\/Tour-de-France-2023-Parcours-et-profil-de-la-6eme-etape.png\" \/>\n\t<meta property=\"og:image:width\" content=\"800\" \/>\n\t<meta property=\"og:image:height\" content=\"445\" \/>\n\t<meta property=\"og:image:type\" content=\"image\/png\" \/>\n<meta name=\"author\" content=\"Emilien Descampiaux\" \/>\n<meta name=\"twitter:card\" content=\"summary_large_image\" \/>\n<meta name=\"twitter:title\" content=\"Tour de France 2023 : Parcours et profil de la 6\u00e8me \u00e9tape\" \/>\n<meta name=\"twitter:creator\" content=\"@https:\/\/twitter.com\/LRoisDuPeloton\" \/>\n<meta name=\"twitter:site\" content=\"@dicodusport\" \/>\n<script type=\"application\/ld+json\" class=\"yoast-schema-graph\">{\"@context\":\"https:\/\/schema.org\",\"@graph\":[{\"@type\":\"NewsArticle\",\"@id\":\"https:\/\/dicodusport.fr\/blog\/tour-de-france-2023-parcours-et-profil-6eme-etape\/#article\",\"isPartOf\":{\"@id\":\"https:\/\/dicodusport.fr\/blog\/tour-de-france-2023-parcours-et-profil-6eme-etape\/\"},\"author\":{\"name\":\"Emilien Descampiaux\",\"@id\":\"https:\/\/dicodusport.fr\/blog\/#\/schema\/person\/6db4bae06b171592211be385b32876a7\"},\"headline\":\"Tour de France 2023 : Parcours et profil de la 6\u00e8me \u00e9tape\",\"datePublished\":\"2023-07-06T07:33:06+00:00\",\"dateModified\":\"2023-07-06T07:33:59+00:00\",\"mainEntityOfPage\":{\"@id\":\"https:\/\/dicodusport.fr\/blog\/tour-de-france-2023-parcours-et-profil-6eme-etape\/\"},\"wordCount\":832,\"commentCount\":0,\"publisher\":{\"@id\":\"https:\/\/dicodusport.fr\/blog\/#organization\"},\"image\":{\"@id\":\"https:\/\/dicodusport.fr\/blog\/tour-de-france-2023-parcours-et-profil-6eme-etape\/#primaryimage\"},\"thumbnailUrl\":\"https:\/\/dicodusport.fr\/blog\/wp-content\/uploads\/2023\/06\/Tour-de-France-2023-Parcours-et-profil-de-la-6eme-etape.png\",\"keywords\":[\"br\u00e8ve\",\"Tour de France\"],\"articleSection\":[\"Tour de France\"],\"inLanguage\":\"fr-FR\",\"potentialAction\":[{\"@type\":\"CommentAction\",\"name\":\"Comment\",\"target\":[\"https:\/\/dicodusport.fr\/blog\/tour-de-france-2023-parcours-et-profil-6eme-etape\/#respond\"]}],\"copyrightYear\":\"2023\",\"copyrightHolder\":{\"@id\":\"https:\/\/dicodusport.fr\/blog\/#organization\"}},{\"@type\":\"WebPage\",\"@id\":\"https:\/\/dicodusport.fr\/blog\/tour-de-france-2023-parcours-et-profil-6eme-etape\/\",\"url\":\"https:\/\/dicodusport.fr\/blog\/tour-de-france-2023-parcours-et-profil-6eme-etape\/\",\"name\":\"Tour de France 2023 : Parcours et profil de la 6\u00e8me \u00e9tape\",\"isPartOf\":{\"@id\":\"https:\/\/dicodusport.fr\/blog\/#website\"},\"primaryImageOfPage\":{\"@id\":\"https:\/\/dicodusport.fr\/blog\/tour-de-france-2023-parcours-et-profil-6eme-etape\/#primaryimage\"},\"image\":{\"@id\":\"https:\/\/dicodusport.fr\/blog\/tour-de-france-2023-parcours-et-profil-6eme-etape\/#primaryimage\"},\"thumbnailUrl\":\"https:\/\/dicodusport.fr\/blog\/wp-content\/uploads\/2023\/06\/Tour-de-France-2023-Parcours-et-profil-de-la-6eme-etape.png\",\"datePublished\":\"2023-07-06T07:33:06+00:00\",\"dateModified\":\"2023-07-06T07:33:59+00:00\",\"description\":\"TOUR DE FRANCE 2023 - La 6\u00e8me \u00e9tape, qui se d\u00e9roulera le jeudi 6 juillet 2023, reliera Tarbes \u00e0 Cauterets-Cambasque. Parcours et profil.\",\"breadcrumb\":{\"@id\":\"https:\/\/dicodusport.fr\/blog\/tour-de-france-2023-parcours-et-profil-6eme-etape\/#breadcrumb\"},\"inLanguage\":\"fr-FR\",\"potentialAction\":[{\"@type\":\"ReadAction\",\"target\":[\"https:\/\/dicodusport.fr\/blog\/tour-de-france-2023-parcours-et-profil-6eme-etape\/\"]}]},{\"@type\":\"ImageObject\",\"inLanguage\":\"fr-FR\",\"@id\":\"https:\/\/dicodusport.fr\/blog\/tour-de-france-2023-parcours-et-profil-6eme-etape\/#primaryimage\",\"url\":\"https:\/\/dicodusport.fr\/blog\/wp-content\/uploads\/2023\/06\/Tour-de-France-2023-Parcours-et-profil-de-la-6eme-etape.png\",\"contentUrl\":\"https:\/\/dicodusport.fr\/blog\/wp-content\/uploads\/2023\/06\/Tour-de-France-2023-Parcours-et-profil-de-la-6eme-etape.png\",\"width\":800,\"height\":445,\"caption\":\"Tour de France 2023 Parcours et profil de la 6\u00e8me \u00e9tape\"},{\"@type\":\"BreadcrumbList\",\"@id\":\"https:\/\/dicodusport.fr\/blog\/tour-de-france-2023-parcours-et-profil-6eme-etape\/#breadcrumb\",\"itemListElement\":[{\"@type\":\"ListItem\",\"position\":1,\"name\":\"Accueil\",\"item\":\"https:\/\/dicodusport.fr\/blog\/\"},{\"@type\":\"ListItem\",\"position\":2,\"name\":\"Tour de France 2023 : Parcours et profil de la 6\u00e8me \u00e9tape\"}]},{\"@type\":\"WebSite\",\"@id\":\"https:\/\/dicodusport.fr\/blog\/#website\",\"url\":\"https:\/\/dicodusport.fr\/blog\/\",\"name\":\"Dicodusport\",\"description\":\"L&#039;encyclop\u00e9die de l&#039;actualit\u00e9 sportive\",\"publisher\":{\"@id\":\"https:\/\/dicodusport.fr\/blog\/#organization\"},\"potentialAction\":[{\"@type\":\"SearchAction\",\"target\":{\"@type\":\"EntryPoint\",\"urlTemplate\":\"https:\/\/dicodusport.fr\/blog\/?s={search_term_string}\"},\"query-input\":{\"@type\":\"PropertyValueSpecification\",\"valueRequired\":true,\"valueName\":\"search_term_string\"}}],\"inLanguage\":\"fr-FR\"},{\"@type\":\"NewsMediaOrganization\",\"@id\":\"https:\/\/dicodusport.fr\/blog\/#organization\",\"name\":\"Dicodusport\",\"url\":\"https:\/\/dicodusport.fr\/blog\/\",\"logo\":{\"@type\":\"ImageObject\",\"inLanguage\":\"fr-FR\",\"@id\":\"https:\/\/dicodusport.fr\/blog\/#\/schema\/logo\/image\/\",\"url\":\"https:\/\/dicodusport.fr\/blog\/wp-content\/uploads\/2020\/06\/cropped-LOGO-DICODUSPORT-2020-SANS-FOND-SANS-TEXTE.png\",\"contentUrl\":\"https:\/\/dicodusport.fr\/blog\/wp-content\/uploads\/2020\/06\/cropped-LOGO-DICODUSPORT-2020-SANS-FOND-SANS-TEXTE.png\",\"width\":512,\"height\":512,\"caption\":\"Dicodusport\"},\"image\":{\"@id\":\"https:\/\/dicodusport.fr\/blog\/#\/schema\/logo\/image\/\"},\"sameAs\":[\"https:\/\/www.facebook.com\/dicodusport\",\"https:\/\/x.com\/dicodusport\",\"https:\/\/www.instagram.com\/dicodusport\/\",\"https:\/\/www.youtube.com\/channel\/UC7V2KZ5sd3htJivAbA4ZG3w\"],\"description\":\"Dicodusport est l'encyclop\u00e9die de l'actualit\u00e9 sportive.\",\"email\":\"bonjour@dicodusport.fr\",\"legalName\":\"DICODUSPORT\",\"foundingDate\":\"2018-01-14\",\"vatID\":\"FR71834470973\",\"taxID\":\"83447097300043\",\"numberOfEmployees\":{\"@type\":\"QuantitativeValue\",\"minValue\":\"1\",\"maxValue\":\"10\"}},{\"@type\":\"Person\",\"@id\":\"https:\/\/dicodusport.fr\/blog\/#\/schema\/person\/6db4bae06b171592211be385b32876a7\",\"name\":\"Emilien Descampiaux\",\"image\":{\"@type\":\"ImageObject\",\"inLanguage\":\"fr-FR\",\"@id\":\"https:\/\/dicodusport.fr\/blog\/#\/schema\/person\/image\/\",\"url\":\"https:\/\/dicodusport.fr\/blog\/wp-content\/uploads\/2021\/05\/Emilien-Descampiaux-150x150.jpg\",\"contentUrl\":\"https:\/\/dicodusport.fr\/blog\/wp-content\/uploads\/2021\/05\/Emilien-Descampiaux-150x150.jpg\",\"caption\":\"Emilien Descampiaux\"},\"description\":\"Journaliste\/r\u00e9dacteur depuis 2014 - Fan de la classe de Frank Vandenbroucke, je vis cyclisme (et de ses paysages) depuis plus de 20 ans. Je suis tr\u00e8s impliqu\u00e9 sur mes diff\u00e9rents r\u00e9seaux sociaux pour partager ma passion sur le monde et l'Histoire de la bicyclette avec ma voix sur les images en noir et blanc du succ\u00e8s de Rik Van Steenbergen lors du Ronde sur le V\u00e9lodrome de Gand.\",\"sameAs\":[\"https:\/\/www.facebook.com\/groups\/LesRoisDuPeloton\",\"https:\/\/x.com\/https:\/\/twitter.com\/LRoisDuPeloton\"],\"url\":\"https:\/\/dicodusport.fr\/blog\/author\/emiliend\/\"}]}<\/script>\n<!-- \/ Yoast SEO Premium plugin. -->","yoast_head_json":{"title":"Tour de France 2023 : Parcours et profil de la 6\u00e8me \u00e9tape","description":"TOUR DE FRANCE 2023 - La 6\u00e8me \u00e9tape, qui se d\u00e9roulera le jeudi 6 juillet 2023, reliera Tarbes \u00e0 Cauterets-Cambasque. Parcours et profil.","robots":{"index":"index","follow":"follow","max-snippet":"max-snippet:-1","max-image-preview":"max-image-preview:large","max-video-preview":"max-video-preview:-1"},"canonical":"https:\/\/dicodusport.fr\/blog\/tour-de-france-2023-parcours-et-profil-6eme-etape\/","og_locale":"fr_FR","og_type":"article","og_title":"Tour de France 2023 : Parcours et profil de la 6\u00e8me \u00e9tape","og_description":"TOUR DE FRANCE 2023 - La 6\u00e8me \u00e9tape, qui se d\u00e9roulera le jeudi 6 juillet 2023, reliera Tarbes \u00e0 Cauterets-Cambasque. Parcours et profil.","og_url":"https:\/\/dicodusport.fr\/blog\/tour-de-france-2023-parcours-et-profil-6eme-etape\/","og_site_name":"Dicodusport","article_publisher":"https:\/\/www.facebook.com\/dicodusport","article_author":"https:\/\/www.facebook.com\/groups\/LesRoisDuPeloton","article_published_time":"2023-07-06T07:33:06+00:00","article_modified_time":"2023-07-06T07:33:59+00:00","og_image":[{"width":800,"height":445,"url":"https:\/\/dicodusport.fr\/blog\/wp-content\/uploads\/2023\/06\/Tour-de-France-2023-Parcours-et-profil-de-la-6eme-etape.png","type":"image\/png"}],"author":"Emilien Descampiaux","twitter_card":"summary_large_image","twitter_title":"Tour de France 2023 : Parcours et profil de la 6\u00e8me \u00e9tape","twitter_creator":"@https:\/\/twitter.com\/LRoisDuPeloton","twitter_site":"@dicodusport","schema":{"@context":"https:\/\/schema.org","@graph":[{"@type":"NewsArticle","@id":"https:\/\/dicodusport.fr\/blog\/tour-de-france-2023-parcours-et-profil-6eme-etape\/#article","isPartOf":{"@id":"https:\/\/dicodusport.fr\/blog\/tour-de-france-2023-parcours-et-profil-6eme-etape\/"},"author":{"name":"Emilien Descampiaux","@id":"https:\/\/dicodusport.fr\/blog\/#\/schema\/person\/6db4bae06b171592211be385b32876a7"},"headline":"Tour de France 2023 : Parcours et profil de la 6\u00e8me \u00e9tape","datePublished":"2023-07-06T07:33:06+00:00","dateModified":"2023-07-06T07:33:59+00:00","mainEntityOfPage":{"@id":"https:\/\/dicodusport.fr\/blog\/tour-de-france-2023-parcours-et-profil-6eme-etape\/"},"wordCount":832,"commentCount":0,"publisher":{"@id":"https:\/\/dicodusport.fr\/blog\/#organization"},"image":{"@id":"https:\/\/dicodusport.fr\/blog\/tour-de-france-2023-parcours-et-profil-6eme-etape\/#primaryimage"},"thumbnailUrl":"https:\/\/dicodusport.fr\/blog\/wp-content\/uploads\/2023\/06\/Tour-de-France-2023-Parcours-et-profil-de-la-6eme-etape.png","keywords":["br\u00e8ve","Tour de France"],"articleSection":["Tour de France"],"inLanguage":"fr-FR","potentialAction":[{"@type":"CommentAction","name":"Comment","target":["https:\/\/dicodusport.fr\/blog\/tour-de-france-2023-parcours-et-profil-6eme-etape\/#respond"]}],"copyrightYear":"2023","copyrightHolder":{"@id":"https:\/\/dicodusport.fr\/blog\/#organization"}},{"@type":"WebPage","@id":"https:\/\/dicodusport.fr\/blog\/tour-de-france-2023-parcours-et-profil-6eme-etape\/","url":"https:\/\/dicodusport.fr\/blog\/tour-de-france-2023-parcours-et-profil-6eme-etape\/","name":"Tour de France 2023 : Parcours et profil de la 6\u00e8me \u00e9tape","isPartOf":{"@id":"https:\/\/dicodusport.fr\/blog\/#website"},"primaryImageOfPage":{"@id":"https:\/\/dicodusport.fr\/blog\/tour-de-france-2023-parcours-et-profil-6eme-etape\/#primaryimage"},"image":{"@id":"https:\/\/dicodusport.fr\/blog\/tour-de-france-2023-parcours-et-profil-6eme-etape\/#primaryimage"},"thumbnailUrl":"https:\/\/dicodusport.fr\/blog\/wp-content\/uploads\/2023\/06\/Tour-de-France-2023-Parcours-et-profil-de-la-6eme-etape.png","datePublished":"2023-07-06T07:33:06+00:00","dateModified":"2023-07-06T07:33:59+00:00","description":"TOUR DE FRANCE 2023 - La 6\u00e8me \u00e9tape, qui se d\u00e9roulera le jeudi 6 juillet 2023, reliera Tarbes \u00e0 Cauterets-Cambasque. Parcours et profil.","breadcrumb":{"@id":"https:\/\/dicodusport.fr\/blog\/tour-de-france-2023-parcours-et-profil-6eme-etape\/#breadcrumb"},"inLanguage":"fr-FR","potentialAction":[{"@type":"ReadAction","target":["https:\/\/dicodusport.fr\/blog\/tour-de-france-2023-parcours-et-profil-6eme-etape\/"]}]},{"@type":"ImageObject","inLanguage":"fr-FR","@id":"https:\/\/dicodusport.fr\/blog\/tour-de-france-2023-parcours-et-profil-6eme-etape\/#primaryimage","url":"https:\/\/dicodusport.fr\/blog\/wp-content\/uploads\/2023\/06\/Tour-de-France-2023-Parcours-et-profil-de-la-6eme-etape.png","contentUrl":"https:\/\/dicodusport.fr\/blog\/wp-content\/uploads\/2023\/06\/Tour-de-France-2023-Parcours-et-profil-de-la-6eme-etape.png","width":800,"height":445,"caption":"Tour de France 2023 Parcours et profil de la 6\u00e8me \u00e9tape"},{"@type":"BreadcrumbList","@id":"https:\/\/dicodusport.fr\/blog\/tour-de-france-2023-parcours-et-profil-6eme-etape\/#breadcrumb","itemListElement":[{"@type":"ListItem","position":1,"name":"Accueil","item":"https:\/\/dicodusport.fr\/blog\/"},{"@type":"ListItem","position":2,"name":"Tour de France 2023 : Parcours et profil de la 6\u00e8me \u00e9tape"}]},{"@type":"WebSite","@id":"https:\/\/dicodusport.fr\/blog\/#website","url":"https:\/\/dicodusport.fr\/blog\/","name":"Dicodusport","description":"L&#039;encyclop\u00e9die de l&#039;actualit\u00e9 sportive","publisher":{"@id":"https:\/\/dicodusport.fr\/blog\/#organization"},"potentialAction":[{"@type":"SearchAction","target":{"@type":"EntryPoint","urlTemplate":"https:\/\/dicodusport.fr\/blog\/?s={search_term_string}"},"query-input":{"@type":"PropertyValueSpecification","valueRequired":true,"valueName":"search_term_string"}}],"inLanguage":"fr-FR"},{"@type":"NewsMediaOrganization","@id":"https:\/\/dicodusport.fr\/blog\/#organization","name":"Dicodusport","url":"https:\/\/dicodusport.fr\/blog\/","logo":{"@type":"ImageObject","inLanguage":"fr-FR","@id":"https:\/\/dicodusport.fr\/blog\/#\/schema\/logo\/image\/","url":"https:\/\/dicodusport.fr\/blog\/wp-content\/uploads\/2020\/06\/cropped-LOGO-DICODUSPORT-2020-SANS-FOND-SANS-TEXTE.png","contentUrl":"https:\/\/dicodusport.fr\/blog\/wp-content\/uploads\/2020\/06\/cropped-LOGO-DICODUSPORT-2020-SANS-FOND-SANS-TEXTE.png","width":512,"height":512,"caption":"Dicodusport"},"image":{"@id":"https:\/\/dicodusport.fr\/blog\/#\/schema\/logo\/image\/"},"sameAs":["https:\/\/www.facebook.com\/dicodusport","https:\/\/x.com\/dicodusport","https:\/\/www.instagram.com\/dicodusport\/","https:\/\/www.youtube.com\/channel\/UC7V2KZ5sd3htJivAbA4ZG3w"],"description":"Dicodusport est l'encyclop\u00e9die de l'actualit\u00e9 sportive.","email":"bonjour@dicodusport.fr","legalName":"DICODUSPORT","foundingDate":"2018-01-14","vatID":"FR71834470973","taxID":"83447097300043","numberOfEmployees":{"@type":"QuantitativeValue","minValue":"1","maxValue":"10"}},{"@type":"Person","@id":"https:\/\/dicodusport.fr\/blog\/#\/schema\/person\/6db4bae06b171592211be385b32876a7","name":"Emilien Descampiaux","image":{"@type":"ImageObject","inLanguage":"fr-FR","@id":"https:\/\/dicodusport.fr\/blog\/#\/schema\/person\/image\/","url":"https:\/\/dicodusport.fr\/blog\/wp-content\/uploads\/2021\/05\/Emilien-Descampiaux-150x150.jpg","contentUrl":"https:\/\/dicodusport.fr\/blog\/wp-content\/uploads\/2021\/05\/Emilien-Descampiaux-150x150.jpg","caption":"Emilien Descampiaux"},"description":"Journaliste\/r\u00e9dacteur depuis 2014 - Fan de la classe de Frank Vandenbroucke, je vis cyclisme (et de ses paysages) depuis plus de 20 ans. Je suis tr\u00e8s impliqu\u00e9 sur mes diff\u00e9rents r\u00e9seaux sociaux pour partager ma passion sur le monde et l'Histoire de la bicyclette avec ma voix sur les images en noir et blanc du succ\u00e8s de Rik Van Steenbergen lors du Ronde sur le V\u00e9lodrome de Gand.","sameAs":["https:\/\/www.facebook.com\/groups\/LesRoisDuPeloton","https:\/\/x.com\/https:\/\/twitter.com\/LRoisDuPeloton"],"url":"https:\/\/dicodusport.fr\/blog\/author\/emiliend\/"}]}},"_links":{"self":[{"href":"https:\/\/dicodusport.fr\/blog\/wp-json\/wp\/v2\/posts\/389199","targetHints":{"allow":["GET"]}}],"collection":[{"href":"https:\/\/dicodusport.fr\/blog\/wp-json\/wp\/v2\/posts"}],"about":[{"href":"https:\/\/dicodusport.fr\/blog\/wp-json\/wp\/v2\/types\/post"}],"author":[{"embeddable":true,"href":"https:\/\/dicodusport.fr\/blog\/wp-json\/wp\/v2\/users\/48"}],"replies":[{"embeddable":true,"href":"https:\/\/dicodusport.fr\/blog\/wp-json\/wp\/v2\/comments?post=389199"}],"version-history":[{"count":0,"href":"https:\/\/dicodusport.fr\/blog\/wp-json\/wp\/v2\/posts\/389199\/revisions"}],"wp:featuredmedia":[{"embeddable":true,"href":"https:\/\/dicodusport.fr\/blog\/wp-json\/wp\/v2\/media\/397429"}],"wp:attachment":[{"href":"https:\/\/dicodusport.fr\/blog\/wp-json\/wp\/v2\/media?parent=389199"}],"wp:term":[{"taxonomy":"category","embeddable":true,"href":"https:\/\/dicodusport.fr\/blog\/wp-json\/wp\/v2\/categories?post=389199"},{"taxonomy":"post_tag","embeddable":true,"href":"https:\/\/dicodusport.fr\/blog\/wp-json\/wp\/v2\/tags?post=389199"}],"curies":[{"name":"wp","href":"https:\/\/api.w.org\/{rel}","templated":true}]}}