{"id":389413,"date":"2023-06-09T10:49:37","date_gmt":"2023-06-09T08:49:37","guid":{"rendered":"https:\/\/dicodusport.fr\/blog\/?p=389413&#038;preview=true&#038;preview_id=389413"},"modified":"2023-06-09T10:49:05","modified_gmt":"2023-06-09T08:49:05","slug":"demi-finales-toulouse-racing-92-les-compositions","status":"publish","type":"post","link":"https:\/\/dicodusport.fr\/blog\/demi-finales-toulouse-racing-92-les-compositions\/","title":{"rendered":"Demi-finales Toulouse &#8211; Racing 92 : Les compositions"},"content":{"rendered":"<p style=\"text-align: justify;\"><em><strong><i>DEMI-FINALES TOP 14 &#8211; D\u00e9couvrez les compositions de Toulouse &#8211; Racing 92, premi\u00e8re demi-finale du Top 14 2022-2023, qui se d\u00e9roule ce vendredi 9 juin \u00e0 21h05.<\/i><\/strong><\/em><\/p>\n<h2 style=\"text-align: justify;\">Composition de Toulouse<\/h2>\n<p style=\"text-align: justify;\"><strong>Le XV de d\u00e9part :<\/strong> 15. Ramos\u2005; 14. A. Reti\u00e8re, 13. Chocobares, 12. Ahki, 11. Lebel\u2005; 10. Ntamack, 9. Dupont (cap.)\u2005; 7. Cros, 8. Roumat, 6. Willis\u2005; 5. Meafou, 4. Arnold\u2005; 3. Aldegheri, 2. Marchand, 1. Baille.<\/p>\n<p style=\"text-align: justify;\"><strong>Rempla\u00e7ants<\/strong> : 16. Mauvaka, 17. Neti, 18. Flament, 19. Placines, 20. Tolofua, 21. Tauzin, 22. Nana\u00ef-Williams, 23. Faumuina.<\/p>\n<blockquote class=\"twitter-tweet\">\n<p dir=\"ltr\" lang=\"fr\">\ud835\udc6a\ud835\udc90\ud835\udc8e\ud835\udc91\ud835\udc90 I \ud835\udc6b\ud835\udc86\ud835\udc8e\ud835\udc8a-\ud835\udc87\ud835\udc8a\ud835\udc8f\ud835\udc82\ud835\udc8d\ud835\udc86 \ud83d\udccb<\/p>\n<p>Voici vos 23 Stadistes pour la 1\/2 finale de demain \u00e0 \ud835\udc7a\ud835\udc82\ud835\udc8f \ud835\udc7a\ud835\udc86\ud835\udc83\ud835\udc82\ud835\udc94\ud835\udc95\ud835\udc8a\ud835\udc82\ud835\udc8f \ud83d\udd25<\/p>\n<p>Allez le Stade ! \ud83d\udd34\u26ab<a href=\"https:\/\/twitter.com\/hashtag\/STR92?src=hash&amp;ref_src=twsrc%5Etfw\">#STR92<\/a> <a href=\"https:\/\/t.co\/3cObD6YAtZ\">pic.twitter.com\/3cObD6YAtZ<\/a><\/p>\n<p>\u2014 Stade Toulousain (@StadeToulousain) <a href=\"https:\/\/twitter.com\/StadeToulousain\/status\/1666837572524318722?ref_src=twsrc%5Etfw\">June 8, 2023<\/a><\/p><\/blockquote>\n<p><script async src=\"https:\/\/platform.twitter.com\/widgets.js\" charset=\"utf-8\"><\/script><\/p>\n<h2 style=\"text-align: justify;\">Composition du Racing 92<\/h2>\n<p style=\"text-align: justify;\"><strong>Le XV de d\u00e9part : <\/strong>15. Spring\u2005; 14. D. Taofifenua, 13. Fickou (cap.), 12. Chavancy, 11. Imhoff\u2005; 10. Russell, 9. Le Garrec\u2005; 7. Chouzenoux, 8. Woki, 6. Diallo\u2005; 5. Poloniati, 4. Sanconnie\u2005; 3. Nyakane, 2. Chat, 1. Gogichashvili.<\/p>\n<p style=\"text-align: justify;\"><strong>Rempla\u00e7ants\u2005:<\/strong> 16. Tarrit, 17. Ben Arous, 18. Palu, 19. Lauret, 20. Kamikamica, 21. Gibert, 22. Saili, 23. Gomes Sa.<\/p>\n<blockquote class=\"twitter-tweet\">\n<p dir=\"ltr\" lang=\"fr\">une \ud835\udc1d\ud835\udc1e\ud835\udc26\ud835\udc22-\ud835\udc1f\ud835\udc22\ud835\udc27\ud835\udc1a\ud835\udc25\ud835\udc1e face aux Rouge et Noir ! \ud83d\udd25<\/p>\n<p>Avec <a href=\"https:\/\/twitter.com\/randstad_france?ref_src=twsrc%5Etfw\">@randstad_france<\/a> d\u00e9couvrez les 23 Racingmen qui d\u00e9fendront le club demain face au <a href=\"https:\/\/twitter.com\/StadeToulousain?ref_src=twsrc%5Etfw\">@StadeToulousain<\/a> ! <a href=\"https:\/\/t.co\/SnLyvp7DLj\">pic.twitter.com\/SnLyvp7DLj<\/a><\/p>\n<p>\u2014 Racing 92 (@racing92) <a href=\"https:\/\/twitter.com\/racing92\/status\/1666837501799981056?ref_src=twsrc%5Etfw\">June 8, 2023<\/a><\/p><\/blockquote>\n<p><script async src=\"https:\/\/platform.twitter.com\/widgets.js\" charset=\"utf-8\"><\/script><\/p>\n<h2 dir=\"ltr\" lang=\"fr\" style=\"text-align: justify;\">\u00c0 lire aussi :<\/h2>\n<ul style=\"text-align: justify;\">\n<li style=\"text-align: justify;\"><a href=\"https:\/\/dicodusport.fr\/blog\/rugby-toulouse-racing-92-a-quelle-heure-et-sur-quelle-chaine-tv\/\"><strong>\u00c0 quelle heure et sur quelle cha\u00eene TV suivre Toulouse &#8211; Racing 92<\/strong><\/a><\/li>\n<li style=\"text-align: justify;\"><a href=\"https:\/\/dicodusport.fr\/blog\/pronostic-toulouse-racing-92-demi-finales-top-14\/\"><strong>Notre pronostic pour Toulouse &#8211; Racing 92<\/strong><\/a><\/li>\n<\/ul>\n","protected":false},"excerpt":{"rendered":"<p>DEMI-FINALES TOP 14 &#8211; D\u00e9couvrez les compositions de Toulouse &#8211; Racing 92, premi\u00e8re demi-finale du Top 14 2022-2023, qui se d\u00e9roule ce vendredi 9 juin \u00e0 21h05.<\/p>\n","protected":false},"author":4,"featured_media":389445,"comment_status":"open","ping_status":"closed","sticky":false,"template":"","format":"standard","meta":{"_acf_changed":false,"_daextam_enable_autolinks":"","footnotes":""},"categories":[9129,47050],"tags":[16878,3131,4008,463],"class_list":["post-389413","post","type-post","status-publish","format-standard","has-post-thumbnail","hentry","category-rugby-a-xv","category-top-14","tag-breve","tag-racing-92","tag-stade-toulousain","tag-toulouse"],"acf":[],"yoast_head":"<!-- This site is optimized with the Yoast SEO Premium plugin v26.7 (Yoast SEO v26.7) - https:\/\/yoast.com\/wordpress\/plugins\/seo\/ -->\n<title>Demi-finales Toulouse - Racing 92 : Les compositions<\/title>\n<meta name=\"description\" content=\"DEMI-FINALES TOP 14 - D\u00e9couvrez les compositions de Toulouse - Racing 92, premi\u00e8re demi-finale du Top 14 2022-2023.\" \/>\n<meta name=\"robots\" content=\"index, follow, max-snippet:-1, max-image-preview:large, max-video-preview:-1\" \/>\n<link rel=\"canonical\" href=\"https:\/\/dicodusport.fr\/blog\/demi-finales-toulouse-racing-92-les-compositions\/\" \/>\n<meta property=\"og:locale\" content=\"fr_FR\" \/>\n<meta property=\"og:type\" content=\"article\" \/>\n<meta property=\"og:title\" content=\"Demi-finales Toulouse - Racing 92 : Les compositions\" \/>\n<meta property=\"og:description\" content=\"DEMI-FINALES TOP 14 - D\u00e9couvrez les compositions de Toulouse - Racing 92, premi\u00e8re demi-finale du Top 14 2022-2023.\" \/>\n<meta property=\"og:url\" content=\"https:\/\/dicodusport.fr\/blog\/demi-finales-toulouse-racing-92-les-compositions\/\" \/>\n<meta property=\"og:site_name\" content=\"Dicodusport\" \/>\n<meta property=\"article:publisher\" content=\"https:\/\/www.facebook.com\/dicodusport\" \/>\n<meta property=\"article:author\" content=\"https:\/\/www.facebook.com\/florent.ostermann\" \/>\n<meta property=\"article:published_time\" content=\"2023-06-09T08:49:37+00:00\" \/>\n<meta property=\"og:image\" content=\"https:\/\/dicodusport.fr\/blog\/wp-content\/uploads\/2023\/06\/Demi-finales-Toulouse-Racing-92-Les-compositions.png\" \/>\n\t<meta property=\"og:image:width\" content=\"800\" \/>\n\t<meta property=\"og:image:height\" content=\"445\" \/>\n\t<meta property=\"og:image:type\" content=\"image\/png\" \/>\n<meta name=\"author\" content=\"Flo Ostermann\" \/>\n<meta name=\"twitter:card\" content=\"summary_large_image\" \/>\n<meta name=\"twitter:title\" content=\"Demi-finales Toulouse - Racing 92 : Les compositions\" \/>\n<meta name=\"twitter:creator\" content=\"@https:\/\/twitter.com\/FlOstermann\" \/>\n<meta name=\"twitter:site\" content=\"@dicodusport\" \/>\n<script type=\"application\/ld+json\" class=\"yoast-schema-graph\">{\"@context\":\"https:\/\/schema.org\",\"@graph\":[{\"@type\":\"NewsArticle\",\"@id\":\"https:\/\/dicodusport.fr\/blog\/demi-finales-toulouse-racing-92-les-compositions\/#article\",\"isPartOf\":{\"@id\":\"https:\/\/dicodusport.fr\/blog\/demi-finales-toulouse-racing-92-les-compositions\/\"},\"author\":{\"name\":\"Flo Ostermann\",\"@id\":\"https:\/\/dicodusport.fr\/blog\/#\/schema\/person\/cb02af4c173ce4a653b55e9baf388d4a\"},\"headline\":\"Demi-finales Toulouse &#8211; Racing 92 : Les compositions\",\"datePublished\":\"2023-06-09T08:49:37+00:00\",\"mainEntityOfPage\":{\"@id\":\"https:\/\/dicodusport.fr\/blog\/demi-finales-toulouse-racing-92-les-compositions\/\"},\"wordCount\":180,\"commentCount\":0,\"publisher\":{\"@id\":\"https:\/\/dicodusport.fr\/blog\/#organization\"},\"image\":{\"@id\":\"https:\/\/dicodusport.fr\/blog\/demi-finales-toulouse-racing-92-les-compositions\/#primaryimage\"},\"thumbnailUrl\":\"https:\/\/dicodusport.fr\/blog\/wp-content\/uploads\/2023\/06\/Demi-finales-Toulouse-Racing-92-Les-compositions.png\",\"keywords\":[\"br\u00e8ve\",\"Racing 92\",\"Stade Toulousain\",\"Toulouse\"],\"articleSection\":[\"Rugby \u00e0 XV\",\"Top 14\"],\"inLanguage\":\"fr-FR\",\"potentialAction\":[{\"@type\":\"CommentAction\",\"name\":\"Comment\",\"target\":[\"https:\/\/dicodusport.fr\/blog\/demi-finales-toulouse-racing-92-les-compositions\/#respond\"]}],\"copyrightYear\":\"2023\",\"copyrightHolder\":{\"@id\":\"https:\/\/dicodusport.fr\/blog\/#organization\"}},{\"@type\":\"WebPage\",\"@id\":\"https:\/\/dicodusport.fr\/blog\/demi-finales-toulouse-racing-92-les-compositions\/\",\"url\":\"https:\/\/dicodusport.fr\/blog\/demi-finales-toulouse-racing-92-les-compositions\/\",\"name\":\"Demi-finales Toulouse - Racing 92 : Les compositions\",\"isPartOf\":{\"@id\":\"https:\/\/dicodusport.fr\/blog\/#website\"},\"primaryImageOfPage\":{\"@id\":\"https:\/\/dicodusport.fr\/blog\/demi-finales-toulouse-racing-92-les-compositions\/#primaryimage\"},\"image\":{\"@id\":\"https:\/\/dicodusport.fr\/blog\/demi-finales-toulouse-racing-92-les-compositions\/#primaryimage\"},\"thumbnailUrl\":\"https:\/\/dicodusport.fr\/blog\/wp-content\/uploads\/2023\/06\/Demi-finales-Toulouse-Racing-92-Les-compositions.png\",\"datePublished\":\"2023-06-09T08:49:37+00:00\",\"description\":\"DEMI-FINALES TOP 14 - D\u00e9couvrez les compositions de Toulouse - Racing 92, premi\u00e8re demi-finale du Top 14 2022-2023.\",\"breadcrumb\":{\"@id\":\"https:\/\/dicodusport.fr\/blog\/demi-finales-toulouse-racing-92-les-compositions\/#breadcrumb\"},\"inLanguage\":\"fr-FR\",\"potentialAction\":[{\"@type\":\"ReadAction\",\"target\":[\"https:\/\/dicodusport.fr\/blog\/demi-finales-toulouse-racing-92-les-compositions\/\"]}]},{\"@type\":\"ImageObject\",\"inLanguage\":\"fr-FR\",\"@id\":\"https:\/\/dicodusport.fr\/blog\/demi-finales-toulouse-racing-92-les-compositions\/#primaryimage\",\"url\":\"https:\/\/dicodusport.fr\/blog\/wp-content\/uploads\/2023\/06\/Demi-finales-Toulouse-Racing-92-Les-compositions.png\",\"contentUrl\":\"https:\/\/dicodusport.fr\/blog\/wp-content\/uploads\/2023\/06\/Demi-finales-Toulouse-Racing-92-Les-compositions.png\",\"width\":800,\"height\":445,\"caption\":\"Demi-finales Toulouse - Racing 92 Les compositions\"},{\"@type\":\"BreadcrumbList\",\"@id\":\"https:\/\/dicodusport.fr\/blog\/demi-finales-toulouse-racing-92-les-compositions\/#breadcrumb\",\"itemListElement\":[{\"@type\":\"ListItem\",\"position\":1,\"name\":\"Accueil\",\"item\":\"https:\/\/dicodusport.fr\/blog\/\"},{\"@type\":\"ListItem\",\"position\":2,\"name\":\"Demi-finales Toulouse &#8211; Racing 92 : Les compositions\"}]},{\"@type\":\"WebSite\",\"@id\":\"https:\/\/dicodusport.fr\/blog\/#website\",\"url\":\"https:\/\/dicodusport.fr\/blog\/\",\"name\":\"Dicodusport\",\"description\":\"L&#039;encyclop\u00e9die de l&#039;actualit\u00e9 sportive\",\"publisher\":{\"@id\":\"https:\/\/dicodusport.fr\/blog\/#organization\"},\"potentialAction\":[{\"@type\":\"SearchAction\",\"target\":{\"@type\":\"EntryPoint\",\"urlTemplate\":\"https:\/\/dicodusport.fr\/blog\/?s={search_term_string}\"},\"query-input\":{\"@type\":\"PropertyValueSpecification\",\"valueRequired\":true,\"valueName\":\"search_term_string\"}}],\"inLanguage\":\"fr-FR\"},{\"@type\":\"NewsMediaOrganization\",\"@id\":\"https:\/\/dicodusport.fr\/blog\/#organization\",\"name\":\"Dicodusport\",\"url\":\"https:\/\/dicodusport.fr\/blog\/\",\"logo\":{\"@type\":\"ImageObject\",\"inLanguage\":\"fr-FR\",\"@id\":\"https:\/\/dicodusport.fr\/blog\/#\/schema\/logo\/image\/\",\"url\":\"https:\/\/dicodusport.fr\/blog\/wp-content\/uploads\/2020\/06\/cropped-LOGO-DICODUSPORT-2020-SANS-FOND-SANS-TEXTE.png\",\"contentUrl\":\"https:\/\/dicodusport.fr\/blog\/wp-content\/uploads\/2020\/06\/cropped-LOGO-DICODUSPORT-2020-SANS-FOND-SANS-TEXTE.png\",\"width\":512,\"height\":512,\"caption\":\"Dicodusport\"},\"image\":{\"@id\":\"https:\/\/dicodusport.fr\/blog\/#\/schema\/logo\/image\/\"},\"sameAs\":[\"https:\/\/www.facebook.com\/dicodusport\",\"https:\/\/x.com\/dicodusport\",\"https:\/\/www.instagram.com\/dicodusport\/\",\"https:\/\/www.youtube.com\/channel\/UC7V2KZ5sd3htJivAbA4ZG3w\"],\"description\":\"Dicodusport est l'encyclop\u00e9die de l'actualit\u00e9 sportive.\",\"email\":\"bonjour@dicodusport.fr\",\"legalName\":\"DICODUSPORT\",\"foundingDate\":\"2018-01-14\",\"vatID\":\"FR71834470973\",\"taxID\":\"83447097300043\",\"numberOfEmployees\":{\"@type\":\"QuantitativeValue\",\"minValue\":\"1\",\"maxValue\":\"10\"}},{\"@type\":\"Person\",\"@id\":\"https:\/\/dicodusport.fr\/blog\/#\/schema\/person\/cb02af4c173ce4a653b55e9baf388d4a\",\"name\":\"Flo Ostermann\",\"image\":{\"@type\":\"ImageObject\",\"inLanguage\":\"fr-FR\",\"@id\":\"https:\/\/dicodusport.fr\/blog\/#\/schema\/person\/image\/\",\"url\":\"https:\/\/dicodusport.fr\/blog\/wp-content\/uploads\/2021\/05\/Flo-Ostermann-150x150.jpg\",\"contentUrl\":\"https:\/\/dicodusport.fr\/blog\/wp-content\/uploads\/2021\/05\/Flo-Ostermann-150x150.jpg\",\"caption\":\"Flo Ostermann\"},\"description\":\"Journaliste\/R\u00e9dacteur depuis septembre 2015 - Mes premiers souvenirs dans le sport ? Les envol\u00e9es du Stade Toulousain et les duels Villeneuve-Schumacher et H\u00e4kkinen-Schumacher \u00e0 la fin des ann\u00e9es 90, la Coupe du monde de football en 1998, l\u2019exploit du XV de France face aux All Blacks en 1999, mais aussi Richard C\u0153ur de Lion qui vole sur les montagnes du Tour de France. Bien parti pour devenir professeur d\u2019EPS, les \u00e9v\u00e9nements de la vie (et la flemme d\u2019animer des s\u00e9ances de 3x500 m\u00e8tres toute ma vie) m\u2019ont conduit \u00e0 revoir mes plans. Me voil\u00e0 depuis fin 2017 sur Dicodusport, m\u00e9dia gr\u00e2ce (et pour) lequel je partage ma passion : le sport dans tous ses \u00e9tats. Le tout accompagn\u00e9 par les fous furieux et folles furieuses cit\u00e9s sur cette page !\",\"sameAs\":[\"https:\/\/www.facebook.com\/florent.ostermann\",\"https:\/\/x.com\/https:\/\/twitter.com\/FlOstermann\",\"admin\"],\"url\":\"https:\/\/dicodusport.fr\/blog\/author\/flo\/\"}]}<\/script>\n<!-- \/ Yoast SEO Premium plugin. -->","yoast_head_json":{"title":"Demi-finales Toulouse - Racing 92 : Les compositions","description":"DEMI-FINALES TOP 14 - D\u00e9couvrez les compositions de Toulouse - Racing 92, premi\u00e8re demi-finale du Top 14 2022-2023.","robots":{"index":"index","follow":"follow","max-snippet":"max-snippet:-1","max-image-preview":"max-image-preview:large","max-video-preview":"max-video-preview:-1"},"canonical":"https:\/\/dicodusport.fr\/blog\/demi-finales-toulouse-racing-92-les-compositions\/","og_locale":"fr_FR","og_type":"article","og_title":"Demi-finales Toulouse - Racing 92 : Les compositions","og_description":"DEMI-FINALES TOP 14 - D\u00e9couvrez les compositions de Toulouse - Racing 92, premi\u00e8re demi-finale du Top 14 2022-2023.","og_url":"https:\/\/dicodusport.fr\/blog\/demi-finales-toulouse-racing-92-les-compositions\/","og_site_name":"Dicodusport","article_publisher":"https:\/\/www.facebook.com\/dicodusport","article_author":"https:\/\/www.facebook.com\/florent.ostermann","article_published_time":"2023-06-09T08:49:37+00:00","og_image":[{"width":800,"height":445,"url":"https:\/\/dicodusport.fr\/blog\/wp-content\/uploads\/2023\/06\/Demi-finales-Toulouse-Racing-92-Les-compositions.png","type":"image\/png"}],"author":"Flo Ostermann","twitter_card":"summary_large_image","twitter_title":"Demi-finales Toulouse - Racing 92 : Les compositions","twitter_creator":"@https:\/\/twitter.com\/FlOstermann","twitter_site":"@dicodusport","schema":{"@context":"https:\/\/schema.org","@graph":[{"@type":"NewsArticle","@id":"https:\/\/dicodusport.fr\/blog\/demi-finales-toulouse-racing-92-les-compositions\/#article","isPartOf":{"@id":"https:\/\/dicodusport.fr\/blog\/demi-finales-toulouse-racing-92-les-compositions\/"},"author":{"name":"Flo Ostermann","@id":"https:\/\/dicodusport.fr\/blog\/#\/schema\/person\/cb02af4c173ce4a653b55e9baf388d4a"},"headline":"Demi-finales Toulouse &#8211; Racing 92 : Les compositions","datePublished":"2023-06-09T08:49:37+00:00","mainEntityOfPage":{"@id":"https:\/\/dicodusport.fr\/blog\/demi-finales-toulouse-racing-92-les-compositions\/"},"wordCount":180,"commentCount":0,"publisher":{"@id":"https:\/\/dicodusport.fr\/blog\/#organization"},"image":{"@id":"https:\/\/dicodusport.fr\/blog\/demi-finales-toulouse-racing-92-les-compositions\/#primaryimage"},"thumbnailUrl":"https:\/\/dicodusport.fr\/blog\/wp-content\/uploads\/2023\/06\/Demi-finales-Toulouse-Racing-92-Les-compositions.png","keywords":["br\u00e8ve","Racing 92","Stade Toulousain","Toulouse"],"articleSection":["Rugby \u00e0 XV","Top 14"],"inLanguage":"fr-FR","potentialAction":[{"@type":"CommentAction","name":"Comment","target":["https:\/\/dicodusport.fr\/blog\/demi-finales-toulouse-racing-92-les-compositions\/#respond"]}],"copyrightYear":"2023","copyrightHolder":{"@id":"https:\/\/dicodusport.fr\/blog\/#organization"}},{"@type":"WebPage","@id":"https:\/\/dicodusport.fr\/blog\/demi-finales-toulouse-racing-92-les-compositions\/","url":"https:\/\/dicodusport.fr\/blog\/demi-finales-toulouse-racing-92-les-compositions\/","name":"Demi-finales Toulouse - Racing 92 : Les compositions","isPartOf":{"@id":"https:\/\/dicodusport.fr\/blog\/#website"},"primaryImageOfPage":{"@id":"https:\/\/dicodusport.fr\/blog\/demi-finales-toulouse-racing-92-les-compositions\/#primaryimage"},"image":{"@id":"https:\/\/dicodusport.fr\/blog\/demi-finales-toulouse-racing-92-les-compositions\/#primaryimage"},"thumbnailUrl":"https:\/\/dicodusport.fr\/blog\/wp-content\/uploads\/2023\/06\/Demi-finales-Toulouse-Racing-92-Les-compositions.png","datePublished":"2023-06-09T08:49:37+00:00","description":"DEMI-FINALES TOP 14 - D\u00e9couvrez les compositions de Toulouse - Racing 92, premi\u00e8re demi-finale du Top 14 2022-2023.","breadcrumb":{"@id":"https:\/\/dicodusport.fr\/blog\/demi-finales-toulouse-racing-92-les-compositions\/#breadcrumb"},"inLanguage":"fr-FR","potentialAction":[{"@type":"ReadAction","target":["https:\/\/dicodusport.fr\/blog\/demi-finales-toulouse-racing-92-les-compositions\/"]}]},{"@type":"ImageObject","inLanguage":"fr-FR","@id":"https:\/\/dicodusport.fr\/blog\/demi-finales-toulouse-racing-92-les-compositions\/#primaryimage","url":"https:\/\/dicodusport.fr\/blog\/wp-content\/uploads\/2023\/06\/Demi-finales-Toulouse-Racing-92-Les-compositions.png","contentUrl":"https:\/\/dicodusport.fr\/blog\/wp-content\/uploads\/2023\/06\/Demi-finales-Toulouse-Racing-92-Les-compositions.png","width":800,"height":445,"caption":"Demi-finales Toulouse - Racing 92 Les compositions"},{"@type":"BreadcrumbList","@id":"https:\/\/dicodusport.fr\/blog\/demi-finales-toulouse-racing-92-les-compositions\/#breadcrumb","itemListElement":[{"@type":"ListItem","position":1,"name":"Accueil","item":"https:\/\/dicodusport.fr\/blog\/"},{"@type":"ListItem","position":2,"name":"Demi-finales Toulouse &#8211; Racing 92 : Les compositions"}]},{"@type":"WebSite","@id":"https:\/\/dicodusport.fr\/blog\/#website","url":"https:\/\/dicodusport.fr\/blog\/","name":"Dicodusport","description":"L&#039;encyclop\u00e9die de l&#039;actualit\u00e9 sportive","publisher":{"@id":"https:\/\/dicodusport.fr\/blog\/#organization"},"potentialAction":[{"@type":"SearchAction","target":{"@type":"EntryPoint","urlTemplate":"https:\/\/dicodusport.fr\/blog\/?s={search_term_string}"},"query-input":{"@type":"PropertyValueSpecification","valueRequired":true,"valueName":"search_term_string"}}],"inLanguage":"fr-FR"},{"@type":"NewsMediaOrganization","@id":"https:\/\/dicodusport.fr\/blog\/#organization","name":"Dicodusport","url":"https:\/\/dicodusport.fr\/blog\/","logo":{"@type":"ImageObject","inLanguage":"fr-FR","@id":"https:\/\/dicodusport.fr\/blog\/#\/schema\/logo\/image\/","url":"https:\/\/dicodusport.fr\/blog\/wp-content\/uploads\/2020\/06\/cropped-LOGO-DICODUSPORT-2020-SANS-FOND-SANS-TEXTE.png","contentUrl":"https:\/\/dicodusport.fr\/blog\/wp-content\/uploads\/2020\/06\/cropped-LOGO-DICODUSPORT-2020-SANS-FOND-SANS-TEXTE.png","width":512,"height":512,"caption":"Dicodusport"},"image":{"@id":"https:\/\/dicodusport.fr\/blog\/#\/schema\/logo\/image\/"},"sameAs":["https:\/\/www.facebook.com\/dicodusport","https:\/\/x.com\/dicodusport","https:\/\/www.instagram.com\/dicodusport\/","https:\/\/www.youtube.com\/channel\/UC7V2KZ5sd3htJivAbA4ZG3w"],"description":"Dicodusport est l'encyclop\u00e9die de l'actualit\u00e9 sportive.","email":"bonjour@dicodusport.fr","legalName":"DICODUSPORT","foundingDate":"2018-01-14","vatID":"FR71834470973","taxID":"83447097300043","numberOfEmployees":{"@type":"QuantitativeValue","minValue":"1","maxValue":"10"}},{"@type":"Person","@id":"https:\/\/dicodusport.fr\/blog\/#\/schema\/person\/cb02af4c173ce4a653b55e9baf388d4a","name":"Flo Ostermann","image":{"@type":"ImageObject","inLanguage":"fr-FR","@id":"https:\/\/dicodusport.fr\/blog\/#\/schema\/person\/image\/","url":"https:\/\/dicodusport.fr\/blog\/wp-content\/uploads\/2021\/05\/Flo-Ostermann-150x150.jpg","contentUrl":"https:\/\/dicodusport.fr\/blog\/wp-content\/uploads\/2021\/05\/Flo-Ostermann-150x150.jpg","caption":"Flo Ostermann"},"description":"Journaliste\/R\u00e9dacteur depuis septembre 2015 - Mes premiers souvenirs dans le sport ? Les envol\u00e9es du Stade Toulousain et les duels Villeneuve-Schumacher et H\u00e4kkinen-Schumacher \u00e0 la fin des ann\u00e9es 90, la Coupe du monde de football en 1998, l\u2019exploit du XV de France face aux All Blacks en 1999, mais aussi Richard C\u0153ur de Lion qui vole sur les montagnes du Tour de France. Bien parti pour devenir professeur d\u2019EPS, les \u00e9v\u00e9nements de la vie (et la flemme d\u2019animer des s\u00e9ances de 3x500 m\u00e8tres toute ma vie) m\u2019ont conduit \u00e0 revoir mes plans. Me voil\u00e0 depuis fin 2017 sur Dicodusport, m\u00e9dia gr\u00e2ce (et pour) lequel je partage ma passion : le sport dans tous ses \u00e9tats. Le tout accompagn\u00e9 par les fous furieux et folles furieuses cit\u00e9s sur cette page !","sameAs":["https:\/\/www.facebook.com\/florent.ostermann","https:\/\/x.com\/https:\/\/twitter.com\/FlOstermann","admin"],"url":"https:\/\/dicodusport.fr\/blog\/author\/flo\/"}]}},"_links":{"self":[{"href":"https:\/\/dicodusport.fr\/blog\/wp-json\/wp\/v2\/posts\/389413","targetHints":{"allow":["GET"]}}],"collection":[{"href":"https:\/\/dicodusport.fr\/blog\/wp-json\/wp\/v2\/posts"}],"about":[{"href":"https:\/\/dicodusport.fr\/blog\/wp-json\/wp\/v2\/types\/post"}],"author":[{"embeddable":true,"href":"https:\/\/dicodusport.fr\/blog\/wp-json\/wp\/v2\/users\/4"}],"replies":[{"embeddable":true,"href":"https:\/\/dicodusport.fr\/blog\/wp-json\/wp\/v2\/comments?post=389413"}],"version-history":[{"count":0,"href":"https:\/\/dicodusport.fr\/blog\/wp-json\/wp\/v2\/posts\/389413\/revisions"}],"wp:featuredmedia":[{"embeddable":true,"href":"https:\/\/dicodusport.fr\/blog\/wp-json\/wp\/v2\/media\/389445"}],"wp:attachment":[{"href":"https:\/\/dicodusport.fr\/blog\/wp-json\/wp\/v2\/media?parent=389413"}],"wp:term":[{"taxonomy":"category","embeddable":true,"href":"https:\/\/dicodusport.fr\/blog\/wp-json\/wp\/v2\/categories?post=389413"},{"taxonomy":"post_tag","embeddable":true,"href":"https:\/\/dicodusport.fr\/blog\/wp-json\/wp\/v2\/tags?post=389413"}],"curies":[{"name":"wp","href":"https:\/\/api.w.org\/{rel}","templated":true}]}}