{"id":389639,"date":"2023-06-10T09:07:38","date_gmt":"2023-06-10T07:07:38","guid":{"rendered":"https:\/\/dicodusport.fr\/blog\/?p=389639&#038;preview=true&#038;preview_id=389639"},"modified":"2023-06-10T11:21:24","modified_gmt":"2023-06-10T09:21:24","slug":"tour-de-suisse-2023-a-quelle-heure-et-sur-quelle-chaine-tv","status":"publish","type":"post","link":"https:\/\/dicodusport.fr\/blog\/tour-de-suisse-2023-a-quelle-heure-et-sur-quelle-chaine-tv\/","title":{"rendered":"Tour de Suisse 2023 : \u00c0 quelle heure et sur quelle cha\u00eene TV"},"content":{"rendered":"<p style=\"text-align: justify;\"><strong><em>TOUR DE SUISSE 2023 &#8211; Le Tour de Suisse 2023 d\u00e9marre ce dimanche 11 juin pour huit jours de course. D\u00e9couvrez le programme TV.<\/em><\/strong><\/p>\n<p style=\"text-align: justify;\">La derni\u00e8re \u00e9preuve World Tour avant le <strong>Tour de France<\/strong> d\u00e9marre ce dimanche pour huit jours de course. Deux contre-la-montre sont au programme cette ann\u00e9e, un pour lancer l&rsquo;\u00e9preuve ce dimanche et un pour conclure, une semaine plus tard. <strong>Geraint<\/strong> <strong>Thomas<\/strong> (INEOS Grenadiers), <a href=\"https:\/\/dicodusport.fr\/blog\/tour-de-suisse-2022-remco-evenpoel-gagne-la-8eme-etape-geraint-thomas-le-general\/\">vainqueur du <strong>Tour de Suisse 2022<\/strong><\/a> et deuxi\u00e8me du <strong>Giro,<\/strong> il\u00a0y a quelques jours, ne sera pas au d\u00e9part cette ann\u00e9e.<\/p>\n<p style=\"text-align: justify;\">M\u00eame si on ne sait pas dans quelle forme il se pr\u00e9sente apr\u00e8s <a href=\"https:\/\/dicodusport.fr\/blog\/remco-evenepoel-quitte-le-tour-ditalie-2023\/\">son abandon sur le Tour d&rsquo;Italie 2023<\/a>, <strong>Remco<\/strong> <strong>Evenepoel<\/strong> (Soudal &#8211; Quick Step) sera le grand favori de l&rsquo;\u00e9preuve. <strong>Neilson<\/strong> <strong>Powless<\/strong> (EF Education &#8211; EasyPost), <strong>Pello<\/strong> <strong>Bilbao<\/strong> (Bahrain Victorious), <strong>Mattias<\/strong> <strong>Skjelmose Jensen<\/strong>\u00a0(Trek &#8211; Segafredo), <strong>Alexey<\/strong> <strong>Lutsenko<\/strong> (Astana Qazaqstan Team) et <strong>Sergio<\/strong> <strong>Higuita<\/strong> (Bora &#8211; Hansgrohe) seront en course pour le g\u00e9n\u00e9ral.<\/p>\n<h2 style=\"text-align: justify;\">Romain Bardet meilleure chance fran\u00e7aise<\/h2>\n<p style=\"text-align: justify;\">il faudra aussi surveiller les deux extraterrestres pr\u00e9sents sur ce <strong>Tour de Suisse<\/strong>. <strong>Tom<\/strong> <strong>Pidcock<\/strong> (INEOS Grenadiers) tentera de faire une bonne place au classement g\u00e9n\u00e9ral alors que les ambitions de <strong>Wout Van Aert<\/strong> (Team Jumbo-Visma) sur cette course ne sont pas claires. Le Belge sera a minima l\u00e0 pour remporter des \u00e9tapes. <strong>Biniam<\/strong> <strong>Girmay<\/strong> (Intermarch\u00e9 &#8211; Circus &#8211; Wanty) est aussi pr\u00e9sent.<\/p>\n<p style=\"text-align: justify;\"><strong>Romain<\/strong> <strong>Bardet<\/strong> (Team DSM) sera la meilleure chance fran\u00e7aise, m\u00eame si les deux efforts solitaires pr\u00e9vus ne sont pas \u00e0 son avantage. La p\u00e9pite <strong>Romain<\/strong> <strong>Gr\u00e9goire<\/strong> (Groupama &#8211; FDJ) sera \u00e0 suivre sur les \u00e9tapes accident\u00e9es alors qu&rsquo;<strong>Arnaud D\u00e9mare<\/strong> (Groupama &#8211; FDJ) et <strong>Bryan<\/strong> <strong>Coquard<\/strong> (Cofidis) tenteront de lever les bras sur un sprint massif.<\/p>\n<h2 style=\"text-align: justify;\">Cyclisme : Le Programme TV du Tour de Suisse 2023<\/h2>\n<h3 style=\"text-align: justify;\">Dimanche 11 juin &#8211; 1\u00e8re \u00e9tape<\/h3>\n<p style=\"text-align: justify;\">15h30\u00a0 : L&rsquo;\u00c9quipe Live<br \/>\n15h30\u00a0 : Eurosport 1<\/p>\n<h3 style=\"text-align: justify;\">Lundi 12 juin &#8211; 2\u00e8me \u00e9tape<\/h3>\n<p style=\"text-align: justify;\">15h20\u00a0 : La cha\u00eene L&rsquo;\u00c9quipe<br \/>\n15h20\u00a0 : Eurosport 1<\/p>\n<h3 style=\"text-align: justify;\">Mardi 13 juin &#8211; 3\u00e8me \u00e9tape<\/h3>\n<p style=\"text-align: justify;\">15h40\u00a0 : La cha\u00eene L&rsquo;\u00c9quipe<br \/>\n15h20\u00a0 : Eurosport 1<\/p>\n<h3 style=\"text-align: justify;\">Mercredi 14 juin &#8211; 4\u00e8me \u00e9tape<\/h3>\n<p style=\"text-align: justify;\">14h40\u00a0 : La cha\u00eene L&rsquo;\u00c9quipe<br \/>\n14h40\u00a0 : Eurosport 1<\/p>\n<h3 style=\"text-align: justify;\">Jeudi 15 juin &#8211; 5\u00e8me \u00e9tape<\/h3>\n<p style=\"text-align: justify;\">14h40\u00a0 : La cha\u00eene L&rsquo;\u00c9quipe<br \/>\n14h40\u00a0 : Eurosport.fr<br \/>\n15h30\u00a0 : Eurosport 1<\/p>\n<h3 style=\"text-align: justify;\">Vendredi 16 juin &#8211; 6\u00e8me \u00e9tape<\/h3>\n<p style=\"text-align: justify;\">14h20\u00a0 : La cha\u00eene L&rsquo;\u00c9quipe<br \/>\n14h20\u00a0 : Eurosport.fr<br \/>\n15h30\u00a0 : Eurosport 1<\/p>\n<h3 style=\"text-align: justify;\">Samedi 17 juin &#8211; 7\u00e8me \u00e9tape<\/h3>\n<p style=\"text-align: justify;\">\u00e0 d\u00e9finir\u00a0 : La cha\u00eene L&rsquo;\u00c9quipe<br \/>\n\u00e0 d\u00e9finir\u00a0 : Eurosport 1<\/p>\n<h3 style=\"text-align: justify;\">Dimanche 18 juin &#8211; 8\u00e8me \u00e9tape<\/h3>\n<p style=\"text-align: justify;\">\u00e0 d\u00e9finir\u00a0 : La cha\u00eene L&rsquo;\u00c9quipe<br \/>\n\u00e0 d\u00e9finir\u00a0 : Eurosport 1<\/p>\n<h2 style=\"text-align: justify;\">\u00c0 lire aussi<\/h2>\n<ul>\n<li style=\"text-align: justify;\"><a href=\"https:\/\/dicodusport.fr\/blog\/tour-de-suisse-2023-parcours-et-favoris\/\"><strong>Tour de Suisse 2023 : Parcours et favoris<\/strong><\/a><\/li>\n<li style=\"text-align: justify;\"><a href=\"https:\/\/dicodusport.fr\/blog\/tour-de-suisse-2023-les-engages\/\" target=\"_blank\" rel=\"noopener\"><strong>La liste des engag\u00e9s du Tour de Suisse 2023<\/strong><\/a><\/li>\n<li style=\"text-align: justify;\"><a href=\"https:\/\/dicodusport.fr\/blog\/tour-de-suisse-2023-profil-des-etapes\/\" target=\"_blank\" rel=\"noopener\"><strong>Tour de Suisse 2023 : le profil des \u00e9tapes<\/strong><\/a><\/li>\n<\/ul>\n","protected":false},"excerpt":{"rendered":"<p>TOUR DE SUISSE 2023 &#8211; Le Tour de Suisse 2023 d\u00e9marre ce dimanche 11 juin pour huit jours de course. D\u00e9couvrez le programme TV.<\/p>\n","protected":false},"author":1,"featured_media":383023,"comment_status":"open","ping_status":"closed","sticky":false,"template":"","format":"standard","meta":{"_acf_changed":false,"_daextam_enable_autolinks":"","footnotes":""},"categories":[46994],"tags":[16878,17213,574,21872,21768,8799,8106],"class_list":["post-389639","post","type-post","status-publish","format-standard","has-post-thumbnail","hentry","category-cyclisme-sur-route","tag-breve","tag-chaine","tag-cyclisme","tag-heure","tag-horaire","tag-programme-tv","tag-tour-de-suisse"],"acf":[],"yoast_head":"<!-- This site is optimized with the Yoast SEO Premium plugin v26.7 (Yoast SEO v26.7) - https:\/\/yoast.com\/wordpress\/plugins\/seo\/ -->\n<title>Tour de Suisse 2023 : \u00c0 quelle heure et sur quelle cha\u00eene TV<\/title>\n<meta name=\"description\" content=\"TOUR DE SUISSE 2023 - Le Tour de Suisse 2023 d\u00e9marre ce dimanche 11 juin pour huit jours de course. D\u00e9couvrez le programme TV.\" \/>\n<meta name=\"robots\" content=\"index, follow, max-snippet:-1, max-image-preview:large, max-video-preview:-1\" \/>\n<link rel=\"canonical\" href=\"https:\/\/dicodusport.fr\/blog\/tour-de-suisse-2023-a-quelle-heure-et-sur-quelle-chaine-tv\/\" \/>\n<meta property=\"og:locale\" content=\"fr_FR\" \/>\n<meta property=\"og:type\" content=\"article\" \/>\n<meta property=\"og:title\" content=\"Tour de Suisse 2023 : \u00c0 quelle heure et sur quelle cha\u00eene TV\" \/>\n<meta property=\"og:description\" content=\"TOUR DE SUISSE 2023 - Le Tour de Suisse 2023 d\u00e9marre ce dimanche 11 juin pour huit jours de course. D\u00e9couvrez le programme TV.\" \/>\n<meta property=\"og:url\" content=\"https:\/\/dicodusport.fr\/blog\/tour-de-suisse-2023-a-quelle-heure-et-sur-quelle-chaine-tv\/\" \/>\n<meta property=\"og:site_name\" content=\"Dicodusport\" \/>\n<meta property=\"article:publisher\" content=\"https:\/\/www.facebook.com\/dicodusport\" \/>\n<meta property=\"article:author\" content=\"https:\/\/www.facebook.com\/dicodusport\" \/>\n<meta property=\"article:published_time\" content=\"2023-06-10T07:07:38+00:00\" \/>\n<meta property=\"article:modified_time\" content=\"2023-06-10T09:21:24+00:00\" \/>\n<meta property=\"og:image\" content=\"https:\/\/dicodusport.fr\/blog\/wp-content\/uploads\/2023\/05\/4-Jours-de-Dunkerque-2023-Premier-succes-pro-pour-Romain-Gregoire-1-1.png\" \/>\n\t<meta property=\"og:image:width\" content=\"800\" \/>\n\t<meta property=\"og:image:height\" content=\"445\" \/>\n\t<meta property=\"og:image:type\" content=\"image\/png\" \/>\n<meta name=\"author\" content=\"Nicolas Jacquemard\" \/>\n<meta name=\"twitter:card\" content=\"summary_large_image\" \/>\n<meta name=\"twitter:title\" content=\"Tour de Suisse 2023 : \u00c0 quelle heure et sur quelle cha\u00eene TV\" \/>\n<meta name=\"twitter:creator\" content=\"@https:\/\/twitter.com\/Nico_Jacquemard\" \/>\n<meta name=\"twitter:site\" content=\"@dicodusport\" \/>\n<script type=\"application\/ld+json\" class=\"yoast-schema-graph\">{\"@context\":\"https:\/\/schema.org\",\"@graph\":[{\"@type\":\"NewsArticle\",\"@id\":\"https:\/\/dicodusport.fr\/blog\/tour-de-suisse-2023-a-quelle-heure-et-sur-quelle-chaine-tv\/#article\",\"isPartOf\":{\"@id\":\"https:\/\/dicodusport.fr\/blog\/tour-de-suisse-2023-a-quelle-heure-et-sur-quelle-chaine-tv\/\"},\"author\":{\"name\":\"Nicolas Jacquemard\",\"@id\":\"https:\/\/dicodusport.fr\/blog\/#\/schema\/person\/55dcb50ad410894e431ed812bbb70191\"},\"headline\":\"Tour de Suisse 2023 : \u00c0 quelle heure et sur quelle cha\u00eene TV\",\"datePublished\":\"2023-06-10T07:07:38+00:00\",\"dateModified\":\"2023-06-10T09:21:24+00:00\",\"mainEntityOfPage\":{\"@id\":\"https:\/\/dicodusport.fr\/blog\/tour-de-suisse-2023-a-quelle-heure-et-sur-quelle-chaine-tv\/\"},\"wordCount\":454,\"commentCount\":0,\"publisher\":{\"@id\":\"https:\/\/dicodusport.fr\/blog\/#organization\"},\"image\":{\"@id\":\"https:\/\/dicodusport.fr\/blog\/tour-de-suisse-2023-a-quelle-heure-et-sur-quelle-chaine-tv\/#primaryimage\"},\"thumbnailUrl\":\"https:\/\/dicodusport.fr\/blog\/wp-content\/uploads\/2023\/05\/4-Jours-de-Dunkerque-2023-Premier-succes-pro-pour-Romain-Gregoire-1-1.png\",\"keywords\":[\"br\u00e8ve\",\"Cha\u00eene\",\"Cyclisme\",\"Heure\",\"Horaire\",\"Programme TV\",\"Tour de Suisse\"],\"articleSection\":[\"Cyclisme sur route\"],\"inLanguage\":\"fr-FR\",\"potentialAction\":[{\"@type\":\"CommentAction\",\"name\":\"Comment\",\"target\":[\"https:\/\/dicodusport.fr\/blog\/tour-de-suisse-2023-a-quelle-heure-et-sur-quelle-chaine-tv\/#respond\"]}],\"copyrightYear\":\"2023\",\"copyrightHolder\":{\"@id\":\"https:\/\/dicodusport.fr\/blog\/#organization\"}},{\"@type\":\"WebPage\",\"@id\":\"https:\/\/dicodusport.fr\/blog\/tour-de-suisse-2023-a-quelle-heure-et-sur-quelle-chaine-tv\/\",\"url\":\"https:\/\/dicodusport.fr\/blog\/tour-de-suisse-2023-a-quelle-heure-et-sur-quelle-chaine-tv\/\",\"name\":\"Tour de Suisse 2023 : \u00c0 quelle heure et sur quelle cha\u00eene TV\",\"isPartOf\":{\"@id\":\"https:\/\/dicodusport.fr\/blog\/#website\"},\"primaryImageOfPage\":{\"@id\":\"https:\/\/dicodusport.fr\/blog\/tour-de-suisse-2023-a-quelle-heure-et-sur-quelle-chaine-tv\/#primaryimage\"},\"image\":{\"@id\":\"https:\/\/dicodusport.fr\/blog\/tour-de-suisse-2023-a-quelle-heure-et-sur-quelle-chaine-tv\/#primaryimage\"},\"thumbnailUrl\":\"https:\/\/dicodusport.fr\/blog\/wp-content\/uploads\/2023\/05\/4-Jours-de-Dunkerque-2023-Premier-succes-pro-pour-Romain-Gregoire-1-1.png\",\"datePublished\":\"2023-06-10T07:07:38+00:00\",\"dateModified\":\"2023-06-10T09:21:24+00:00\",\"description\":\"TOUR DE SUISSE 2023 - Le Tour de Suisse 2023 d\u00e9marre ce dimanche 11 juin pour huit jours de course. D\u00e9couvrez le programme TV.\",\"breadcrumb\":{\"@id\":\"https:\/\/dicodusport.fr\/blog\/tour-de-suisse-2023-a-quelle-heure-et-sur-quelle-chaine-tv\/#breadcrumb\"},\"inLanguage\":\"fr-FR\",\"potentialAction\":[{\"@type\":\"ReadAction\",\"target\":[\"https:\/\/dicodusport.fr\/blog\/tour-de-suisse-2023-a-quelle-heure-et-sur-quelle-chaine-tv\/\"]}]},{\"@type\":\"ImageObject\",\"inLanguage\":\"fr-FR\",\"@id\":\"https:\/\/dicodusport.fr\/blog\/tour-de-suisse-2023-a-quelle-heure-et-sur-quelle-chaine-tv\/#primaryimage\",\"url\":\"https:\/\/dicodusport.fr\/blog\/wp-content\/uploads\/2023\/05\/4-Jours-de-Dunkerque-2023-Premier-succes-pro-pour-Romain-Gregoire-1-1.png\",\"contentUrl\":\"https:\/\/dicodusport.fr\/blog\/wp-content\/uploads\/2023\/05\/4-Jours-de-Dunkerque-2023-Premier-succes-pro-pour-Romain-Gregoire-1-1.png\",\"width\":800,\"height\":445,\"caption\":\"4 Jours de Dunkerque 2023 Premier succ\u00e8s pro pour Romain Gr\u00e9goire (1)\"},{\"@type\":\"BreadcrumbList\",\"@id\":\"https:\/\/dicodusport.fr\/blog\/tour-de-suisse-2023-a-quelle-heure-et-sur-quelle-chaine-tv\/#breadcrumb\",\"itemListElement\":[{\"@type\":\"ListItem\",\"position\":1,\"name\":\"Accueil\",\"item\":\"https:\/\/dicodusport.fr\/blog\/\"},{\"@type\":\"ListItem\",\"position\":2,\"name\":\"Tour de Suisse 2023 : \u00c0 quelle heure et sur quelle cha\u00eene TV\"}]},{\"@type\":\"WebSite\",\"@id\":\"https:\/\/dicodusport.fr\/blog\/#website\",\"url\":\"https:\/\/dicodusport.fr\/blog\/\",\"name\":\"Dicodusport\",\"description\":\"L&#039;encyclop\u00e9die de l&#039;actualit\u00e9 sportive\",\"publisher\":{\"@id\":\"https:\/\/dicodusport.fr\/blog\/#organization\"},\"potentialAction\":[{\"@type\":\"SearchAction\",\"target\":{\"@type\":\"EntryPoint\",\"urlTemplate\":\"https:\/\/dicodusport.fr\/blog\/?s={search_term_string}\"},\"query-input\":{\"@type\":\"PropertyValueSpecification\",\"valueRequired\":true,\"valueName\":\"search_term_string\"}}],\"inLanguage\":\"fr-FR\"},{\"@type\":\"NewsMediaOrganization\",\"@id\":\"https:\/\/dicodusport.fr\/blog\/#organization\",\"name\":\"Dicodusport\",\"url\":\"https:\/\/dicodusport.fr\/blog\/\",\"logo\":{\"@type\":\"ImageObject\",\"inLanguage\":\"fr-FR\",\"@id\":\"https:\/\/dicodusport.fr\/blog\/#\/schema\/logo\/image\/\",\"url\":\"https:\/\/dicodusport.fr\/blog\/wp-content\/uploads\/2020\/06\/cropped-LOGO-DICODUSPORT-2020-SANS-FOND-SANS-TEXTE.png\",\"contentUrl\":\"https:\/\/dicodusport.fr\/blog\/wp-content\/uploads\/2020\/06\/cropped-LOGO-DICODUSPORT-2020-SANS-FOND-SANS-TEXTE.png\",\"width\":512,\"height\":512,\"caption\":\"Dicodusport\"},\"image\":{\"@id\":\"https:\/\/dicodusport.fr\/blog\/#\/schema\/logo\/image\/\"},\"sameAs\":[\"https:\/\/www.facebook.com\/dicodusport\",\"https:\/\/x.com\/dicodusport\",\"https:\/\/www.instagram.com\/dicodusport\/\",\"https:\/\/www.youtube.com\/channel\/UC7V2KZ5sd3htJivAbA4ZG3w\"],\"description\":\"Dicodusport est l'encyclop\u00e9die de l'actualit\u00e9 sportive.\",\"email\":\"bonjour@dicodusport.fr\",\"legalName\":\"DICODUSPORT\",\"foundingDate\":\"2018-01-14\",\"vatID\":\"FR71834470973\",\"taxID\":\"83447097300043\",\"numberOfEmployees\":{\"@type\":\"QuantitativeValue\",\"minValue\":\"1\",\"maxValue\":\"10\"}},{\"@type\":\"Person\",\"@id\":\"https:\/\/dicodusport.fr\/blog\/#\/schema\/person\/55dcb50ad410894e431ed812bbb70191\",\"name\":\"Nicolas Jacquemard\",\"image\":{\"@type\":\"ImageObject\",\"inLanguage\":\"fr-FR\",\"@id\":\"https:\/\/dicodusport.fr\/blog\/#\/schema\/person\/image\/\",\"url\":\"https:\/\/dicodusport.fr\/blog\/wp-content\/uploads\/2021\/05\/Nicolas-Jacquemard-150x150.jpeg\",\"contentUrl\":\"https:\/\/dicodusport.fr\/blog\/wp-content\/uploads\/2021\/05\/Nicolas-Jacquemard-150x150.jpeg\",\"caption\":\"Nicolas Jacquemard\"},\"description\":\"Passionn\u00e9 de sport et entrepreneur depuis mes 18 ans, la cr\u00e9ation de Dicodusport m'a sembl\u00e9 \u00e9vidente pour participer \u00e0 la m\u00e9diatisation d'un plus grand nombre de sports. Le chemin est long mais avec une \u00e9quipe des plus motiv\u00e9es et les Jeux Olympiques de Paris 2024 en point de mire, nous y arriverons ! Journaliste dans le monde du sport depuis plus de 5 ans, je traite aussi bien de football, de rugby, de biathlon que de cyclisme.\",\"sameAs\":[\"https:\/\/www.facebook.com\/dicodusport\",\"https:\/\/x.com\/https:\/\/twitter.com\/Nico_Jacquemard\"],\"url\":\"https:\/\/dicodusport.fr\/blog\/author\/dicodusport\/\"}]}<\/script>\n<!-- \/ Yoast SEO Premium plugin. -->","yoast_head_json":{"title":"Tour de Suisse 2023 : \u00c0 quelle heure et sur quelle cha\u00eene TV","description":"TOUR DE SUISSE 2023 - Le Tour de Suisse 2023 d\u00e9marre ce dimanche 11 juin pour huit jours de course. D\u00e9couvrez le programme TV.","robots":{"index":"index","follow":"follow","max-snippet":"max-snippet:-1","max-image-preview":"max-image-preview:large","max-video-preview":"max-video-preview:-1"},"canonical":"https:\/\/dicodusport.fr\/blog\/tour-de-suisse-2023-a-quelle-heure-et-sur-quelle-chaine-tv\/","og_locale":"fr_FR","og_type":"article","og_title":"Tour de Suisse 2023 : \u00c0 quelle heure et sur quelle cha\u00eene TV","og_description":"TOUR DE SUISSE 2023 - Le Tour de Suisse 2023 d\u00e9marre ce dimanche 11 juin pour huit jours de course. D\u00e9couvrez le programme TV.","og_url":"https:\/\/dicodusport.fr\/blog\/tour-de-suisse-2023-a-quelle-heure-et-sur-quelle-chaine-tv\/","og_site_name":"Dicodusport","article_publisher":"https:\/\/www.facebook.com\/dicodusport","article_author":"https:\/\/www.facebook.com\/dicodusport","article_published_time":"2023-06-10T07:07:38+00:00","article_modified_time":"2023-06-10T09:21:24+00:00","og_image":[{"width":800,"height":445,"url":"https:\/\/dicodusport.fr\/blog\/wp-content\/uploads\/2023\/05\/4-Jours-de-Dunkerque-2023-Premier-succes-pro-pour-Romain-Gregoire-1-1.png","type":"image\/png"}],"author":"Nicolas Jacquemard","twitter_card":"summary_large_image","twitter_title":"Tour de Suisse 2023 : \u00c0 quelle heure et sur quelle cha\u00eene TV","twitter_creator":"@https:\/\/twitter.com\/Nico_Jacquemard","twitter_site":"@dicodusport","schema":{"@context":"https:\/\/schema.org","@graph":[{"@type":"NewsArticle","@id":"https:\/\/dicodusport.fr\/blog\/tour-de-suisse-2023-a-quelle-heure-et-sur-quelle-chaine-tv\/#article","isPartOf":{"@id":"https:\/\/dicodusport.fr\/blog\/tour-de-suisse-2023-a-quelle-heure-et-sur-quelle-chaine-tv\/"},"author":{"name":"Nicolas Jacquemard","@id":"https:\/\/dicodusport.fr\/blog\/#\/schema\/person\/55dcb50ad410894e431ed812bbb70191"},"headline":"Tour de Suisse 2023 : \u00c0 quelle heure et sur quelle cha\u00eene TV","datePublished":"2023-06-10T07:07:38+00:00","dateModified":"2023-06-10T09:21:24+00:00","mainEntityOfPage":{"@id":"https:\/\/dicodusport.fr\/blog\/tour-de-suisse-2023-a-quelle-heure-et-sur-quelle-chaine-tv\/"},"wordCount":454,"commentCount":0,"publisher":{"@id":"https:\/\/dicodusport.fr\/blog\/#organization"},"image":{"@id":"https:\/\/dicodusport.fr\/blog\/tour-de-suisse-2023-a-quelle-heure-et-sur-quelle-chaine-tv\/#primaryimage"},"thumbnailUrl":"https:\/\/dicodusport.fr\/blog\/wp-content\/uploads\/2023\/05\/4-Jours-de-Dunkerque-2023-Premier-succes-pro-pour-Romain-Gregoire-1-1.png","keywords":["br\u00e8ve","Cha\u00eene","Cyclisme","Heure","Horaire","Programme TV","Tour de Suisse"],"articleSection":["Cyclisme sur route"],"inLanguage":"fr-FR","potentialAction":[{"@type":"CommentAction","name":"Comment","target":["https:\/\/dicodusport.fr\/blog\/tour-de-suisse-2023-a-quelle-heure-et-sur-quelle-chaine-tv\/#respond"]}],"copyrightYear":"2023","copyrightHolder":{"@id":"https:\/\/dicodusport.fr\/blog\/#organization"}},{"@type":"WebPage","@id":"https:\/\/dicodusport.fr\/blog\/tour-de-suisse-2023-a-quelle-heure-et-sur-quelle-chaine-tv\/","url":"https:\/\/dicodusport.fr\/blog\/tour-de-suisse-2023-a-quelle-heure-et-sur-quelle-chaine-tv\/","name":"Tour de Suisse 2023 : \u00c0 quelle heure et sur quelle cha\u00eene TV","isPartOf":{"@id":"https:\/\/dicodusport.fr\/blog\/#website"},"primaryImageOfPage":{"@id":"https:\/\/dicodusport.fr\/blog\/tour-de-suisse-2023-a-quelle-heure-et-sur-quelle-chaine-tv\/#primaryimage"},"image":{"@id":"https:\/\/dicodusport.fr\/blog\/tour-de-suisse-2023-a-quelle-heure-et-sur-quelle-chaine-tv\/#primaryimage"},"thumbnailUrl":"https:\/\/dicodusport.fr\/blog\/wp-content\/uploads\/2023\/05\/4-Jours-de-Dunkerque-2023-Premier-succes-pro-pour-Romain-Gregoire-1-1.png","datePublished":"2023-06-10T07:07:38+00:00","dateModified":"2023-06-10T09:21:24+00:00","description":"TOUR DE SUISSE 2023 - Le Tour de Suisse 2023 d\u00e9marre ce dimanche 11 juin pour huit jours de course. D\u00e9couvrez le programme TV.","breadcrumb":{"@id":"https:\/\/dicodusport.fr\/blog\/tour-de-suisse-2023-a-quelle-heure-et-sur-quelle-chaine-tv\/#breadcrumb"},"inLanguage":"fr-FR","potentialAction":[{"@type":"ReadAction","target":["https:\/\/dicodusport.fr\/blog\/tour-de-suisse-2023-a-quelle-heure-et-sur-quelle-chaine-tv\/"]}]},{"@type":"ImageObject","inLanguage":"fr-FR","@id":"https:\/\/dicodusport.fr\/blog\/tour-de-suisse-2023-a-quelle-heure-et-sur-quelle-chaine-tv\/#primaryimage","url":"https:\/\/dicodusport.fr\/blog\/wp-content\/uploads\/2023\/05\/4-Jours-de-Dunkerque-2023-Premier-succes-pro-pour-Romain-Gregoire-1-1.png","contentUrl":"https:\/\/dicodusport.fr\/blog\/wp-content\/uploads\/2023\/05\/4-Jours-de-Dunkerque-2023-Premier-succes-pro-pour-Romain-Gregoire-1-1.png","width":800,"height":445,"caption":"4 Jours de Dunkerque 2023 Premier succ\u00e8s pro pour Romain Gr\u00e9goire (1)"},{"@type":"BreadcrumbList","@id":"https:\/\/dicodusport.fr\/blog\/tour-de-suisse-2023-a-quelle-heure-et-sur-quelle-chaine-tv\/#breadcrumb","itemListElement":[{"@type":"ListItem","position":1,"name":"Accueil","item":"https:\/\/dicodusport.fr\/blog\/"},{"@type":"ListItem","position":2,"name":"Tour de Suisse 2023 : \u00c0 quelle heure et sur quelle cha\u00eene TV"}]},{"@type":"WebSite","@id":"https:\/\/dicodusport.fr\/blog\/#website","url":"https:\/\/dicodusport.fr\/blog\/","name":"Dicodusport","description":"L&#039;encyclop\u00e9die de l&#039;actualit\u00e9 sportive","publisher":{"@id":"https:\/\/dicodusport.fr\/blog\/#organization"},"potentialAction":[{"@type":"SearchAction","target":{"@type":"EntryPoint","urlTemplate":"https:\/\/dicodusport.fr\/blog\/?s={search_term_string}"},"query-input":{"@type":"PropertyValueSpecification","valueRequired":true,"valueName":"search_term_string"}}],"inLanguage":"fr-FR"},{"@type":"NewsMediaOrganization","@id":"https:\/\/dicodusport.fr\/blog\/#organization","name":"Dicodusport","url":"https:\/\/dicodusport.fr\/blog\/","logo":{"@type":"ImageObject","inLanguage":"fr-FR","@id":"https:\/\/dicodusport.fr\/blog\/#\/schema\/logo\/image\/","url":"https:\/\/dicodusport.fr\/blog\/wp-content\/uploads\/2020\/06\/cropped-LOGO-DICODUSPORT-2020-SANS-FOND-SANS-TEXTE.png","contentUrl":"https:\/\/dicodusport.fr\/blog\/wp-content\/uploads\/2020\/06\/cropped-LOGO-DICODUSPORT-2020-SANS-FOND-SANS-TEXTE.png","width":512,"height":512,"caption":"Dicodusport"},"image":{"@id":"https:\/\/dicodusport.fr\/blog\/#\/schema\/logo\/image\/"},"sameAs":["https:\/\/www.facebook.com\/dicodusport","https:\/\/x.com\/dicodusport","https:\/\/www.instagram.com\/dicodusport\/","https:\/\/www.youtube.com\/channel\/UC7V2KZ5sd3htJivAbA4ZG3w"],"description":"Dicodusport est l'encyclop\u00e9die de l'actualit\u00e9 sportive.","email":"bonjour@dicodusport.fr","legalName":"DICODUSPORT","foundingDate":"2018-01-14","vatID":"FR71834470973","taxID":"83447097300043","numberOfEmployees":{"@type":"QuantitativeValue","minValue":"1","maxValue":"10"}},{"@type":"Person","@id":"https:\/\/dicodusport.fr\/blog\/#\/schema\/person\/55dcb50ad410894e431ed812bbb70191","name":"Nicolas Jacquemard","image":{"@type":"ImageObject","inLanguage":"fr-FR","@id":"https:\/\/dicodusport.fr\/blog\/#\/schema\/person\/image\/","url":"https:\/\/dicodusport.fr\/blog\/wp-content\/uploads\/2021\/05\/Nicolas-Jacquemard-150x150.jpeg","contentUrl":"https:\/\/dicodusport.fr\/blog\/wp-content\/uploads\/2021\/05\/Nicolas-Jacquemard-150x150.jpeg","caption":"Nicolas Jacquemard"},"description":"Passionn\u00e9 de sport et entrepreneur depuis mes 18 ans, la cr\u00e9ation de Dicodusport m'a sembl\u00e9 \u00e9vidente pour participer \u00e0 la m\u00e9diatisation d'un plus grand nombre de sports. Le chemin est long mais avec une \u00e9quipe des plus motiv\u00e9es et les Jeux Olympiques de Paris 2024 en point de mire, nous y arriverons ! Journaliste dans le monde du sport depuis plus de 5 ans, je traite aussi bien de football, de rugby, de biathlon que de cyclisme.","sameAs":["https:\/\/www.facebook.com\/dicodusport","https:\/\/x.com\/https:\/\/twitter.com\/Nico_Jacquemard"],"url":"https:\/\/dicodusport.fr\/blog\/author\/dicodusport\/"}]}},"_links":{"self":[{"href":"https:\/\/dicodusport.fr\/blog\/wp-json\/wp\/v2\/posts\/389639","targetHints":{"allow":["GET"]}}],"collection":[{"href":"https:\/\/dicodusport.fr\/blog\/wp-json\/wp\/v2\/posts"}],"about":[{"href":"https:\/\/dicodusport.fr\/blog\/wp-json\/wp\/v2\/types\/post"}],"author":[{"embeddable":true,"href":"https:\/\/dicodusport.fr\/blog\/wp-json\/wp\/v2\/users\/1"}],"replies":[{"embeddable":true,"href":"https:\/\/dicodusport.fr\/blog\/wp-json\/wp\/v2\/comments?post=389639"}],"version-history":[{"count":0,"href":"https:\/\/dicodusport.fr\/blog\/wp-json\/wp\/v2\/posts\/389639\/revisions"}],"wp:featuredmedia":[{"embeddable":true,"href":"https:\/\/dicodusport.fr\/blog\/wp-json\/wp\/v2\/media\/383023"}],"wp:attachment":[{"href":"https:\/\/dicodusport.fr\/blog\/wp-json\/wp\/v2\/media?parent=389639"}],"wp:term":[{"taxonomy":"category","embeddable":true,"href":"https:\/\/dicodusport.fr\/blog\/wp-json\/wp\/v2\/categories?post=389639"},{"taxonomy":"post_tag","embeddable":true,"href":"https:\/\/dicodusport.fr\/blog\/wp-json\/wp\/v2\/tags?post=389639"}],"curies":[{"name":"wp","href":"https:\/\/api.w.org\/{rel}","templated":true}]}}