{"id":389739,"date":"2023-06-09T18:25:32","date_gmt":"2023-06-09T16:25:32","guid":{"rendered":"https:\/\/dicodusport.fr\/blog\/?p=389739&#038;preview=true&#038;preview_id=389739"},"modified":"2023-06-09T21:19:05","modified_gmt":"2023-06-09T19:19:05","slug":"vtt-xcc-lenzerheide-luca-schwarzbauer-victorieux-devant-jordan-sarrou","status":"publish","type":"post","link":"https:\/\/dicodusport.fr\/blog\/vtt-xcc-lenzerheide-luca-schwarzbauer-victorieux-devant-jordan-sarrou\/","title":{"rendered":"VTT XCC Lenzerheide : Luca Schwarzbauer victorieux devant Jordan Sarrou"},"content":{"rendered":"<p align=\"justify\"><em><strong>VTT XCC LENZERHEIDE &#8211; Luca Schwarzbauer obtient sa seconde victoire en Coupe du monde en remportant la course du jour devant Jordan Sarrou et Sebastian Fini Carstensen.<\/strong><\/em><\/p>\n<p style=\"text-align: justify;\"><span style=\"font-weight: 400;\">Apr\u00e8s <a href=\"https:\/\/dicodusport.fr\/blog\/vtt-xcc-lenzerheide-jenny-rissveds-imperiale-pauline-ferrand-prevot-3e\/\">le succ\u00e8s de <strong>Jenny Rissveds<\/strong><\/a><\/span><b>\u00a0<\/b><span style=\"font-weight: 400;\">chez les dames, c&rsquo;est au tour des hommes de rouler sur la piste suisse. Cinq Fran\u00e7ais parmi les 40 partants, dont trois dans le Top 8 du classement g\u00e9n\u00e9ral. Ils seront deux sur le podium aujourd&rsquo;hui. <\/span><b>Jordan Sarrou <\/b><span style=\"font-weight: 400;\">\u00e9tait le deuxi\u00e8me plus fort aujourd&rsquo;hui. Frustr\u00e9 par <\/span><b>Thomas Pidcock <\/b><span style=\"font-weight: 400;\">en R\u00e9publique Tch\u00e8que, <\/span><b>Luca Schwarzbauer <\/b><span style=\"font-weight: 400;\">s&rsquo;impose en patron sur cette XCC de Lenzerheide. <\/span><b>Sebastian Fini Carstensen <\/b><span style=\"font-weight: 400;\">monte sur la bo\u00eete, 3e. <\/span><b>Joshua Dubau <\/b><span style=\"font-weight: 400;\">ira \u00e0 la c\u00e9r\u00e9monie protocolaire avec sa 5e place.<\/span><\/p>\n<h2 style=\"text-align: justify;\" align=\"justify\">Gaze au tapis, Schwarzbauer l\u00e8ve les bras<\/h2>\n<p style=\"text-align: justify;\"><span style=\"font-weight: 400;\">Au d\u00e9part, les v\u00e9t\u00e9tistes restent group\u00e9s, roue dans roue. Les Tricolores et le maillot arc-en-ciel se mettent devant tout le monde. <\/span><b>Jordan Sarrou<\/b><span style=\"font-weight: 400;\">, <\/span><b>Joshua Dubau <\/b><span style=\"font-weight: 400;\">et <\/span><b>Samuel Gaze <\/b><span style=\"font-weight: 400;\">pr\u00e9f\u00e8rent se placer aux avant-postes dans ce d\u00e9but de XCC. Aucun \u00e9cart ne se forme r\u00e9ellement. Les 20 premiers se tiennent en seulement huit secondes apr\u00e8s 6 boucles. Le r\u00e9sultat est ind\u00e9cis, les favoris sont tous pr\u00e9sents, aucun ne manque \u00e0 l&rsquo;appel du massif groupe de t\u00eate. D\u00e9j\u00e0 en vue \u00e0 Nove Mesto, avec un gabarit id\u00e9al pour la discipline, <\/span><b>Luca Schwarzbauer <\/b><span style=\"font-weight: 400;\">ne veut pas c\u00e9der sa premi\u00e8re place provisoire.<\/span><\/p>\n<p style=\"text-align: justify;\" align=\"justify\"><span style=\"font-weight: 400;\">\u00c0 3 tours du terme, <\/span><b>Nino Schurter <\/b><span style=\"font-weight: 400;\">et <\/span><b>Samuel Gaze<\/b><span style=\"font-weight: 400;\"> s&rsquo;accrochent au premier virage. Le d\u00e9cuple champion du monde suisse repart vite, mais le N\u00e9o-Z\u00e9landais perd tout espoir sur la course du jour. Le podium se dessine dans les derni\u00e8res secondes. <\/span><b>Luca Schwarzbauer <\/b><span style=\"font-weight: 400;\">emm\u00e8ne plus de puissance dans la derni\u00e8re mont\u00e9e et d\u00e9pose celui qui sera son dauphin : <\/span><b>Jordan Sarrou<\/b><span style=\"font-weight: 400;\">. <\/span><b>Titouan Carod<\/b><span style=\"font-weight: 400;\"> est 18e, <\/span><b>Thomas Griot<\/b><span style=\"font-weight: 400;\"> sera sur la 3e ligne dimanche avec sa 24e place, <\/span><b>Maxime Marotte<\/b><span style=\"font-weight: 400;\"> termine 26e.<\/span><\/p>\n<blockquote class=\"twitter-tweet\">\n<p dir=\"ltr\" lang=\"en\">What a \ud835\udc95\ud835\udc89\ud835\udc93\ud835\udc8a\ud835\udc8d\ud835\udc8d\ud835\udc86\ud835\udc93 \ud83d\udd25<\/p>\n<p>\ud83c\udde9\ud83c\uddea Luca Schwarzbauer claims victory in the MTB Short Track World Cup! \ud83c\udfc6<a href=\"https:\/\/twitter.com\/hashtag\/MTBWorldCup?src=hash&amp;ref_src=twsrc%5Etfw\">#MTBWorldCup<\/a> <a href=\"https:\/\/t.co\/qLyqpF6BPl\">pic.twitter.com\/qLyqpF6BPl<\/a><\/p>\n<p>\u2014 Eurosport (@eurosport) <a href=\"https:\/\/twitter.com\/eurosport\/status\/1667207271447707653?ref_src=twsrc%5Etfw\">June 9, 2023<\/a><\/p><\/blockquote>\n<p><script async src=\"https:\/\/platform.twitter.com\/widgets.js\" charset=\"utf-8\"><\/script><\/p>\n<h2 align=\"justify\">\u00c0 lire aussi<\/h2>\n<ul>\n<li><a href=\"https:\/\/dicodusport.fr\/blog\/vtt-xcc-lenzerheide-classement-de-la-course-hommes\/\"><strong>Le classement de la course hommes<\/strong><\/a><\/li>\n<li><a href=\"https:\/\/dicodusport.fr\/blog\/vtt-cross-country-classement-general-coupe-du-monde-2023\/\"><strong>Classement g\u00e9n\u00e9ral de la Coupe du monde de VTT XC<\/strong><\/a><\/li>\n<li><a href=\"https:\/\/dicodusport.fr\/blog\/vtt-xc-coupe-du-monde-2023-calendrier-et-resultats\/\"><strong>Calendrier et r\u00e9sultats de la Coupe du monde de VTT XC 2023<\/strong><\/a><\/li>\n<\/ul>\n<p align=\"justify\">\n","protected":false},"excerpt":{"rendered":"<p>VTT XCC LENZERHEIDE &#8211; Luca Schwarzbauer obtient sa seconde victoire en Coupe du monde en remportant la course du jour devant Jordan Sarrou et Sebastian Fini Carstensen.<\/p>\n","protected":false},"author":61,"featured_media":389827,"comment_status":"open","ping_status":"closed","sticky":false,"template":"","format":"standard","meta":{"_acf_changed":false,"_daextam_enable_autolinks":"","footnotes":""},"categories":[10279],"tags":[16878,692],"class_list":["post-389739","post","type-post","status-publish","format-standard","has-post-thumbnail","hentry","category-vtt","tag-breve","tag-vtt"],"acf":[],"yoast_head":"<!-- This site is optimized with the Yoast SEO Premium plugin v26.7 (Yoast SEO v26.7) - https:\/\/yoast.com\/wordpress\/plugins\/seo\/ -->\n<title>VTT XCC Lenzerheide : Luca Schwarzbauer victorieux devant Jordan Sarrou<\/title>\n<meta name=\"description\" content=\"Luca Schwarzbauer obtient sa seconde victoire en Coupe du Monde en remportant la course du jour devant Jordan Sarrou et Sebastian Fini Carstensen.\" \/>\n<meta name=\"robots\" content=\"index, follow, max-snippet:-1, max-image-preview:large, max-video-preview:-1\" \/>\n<link rel=\"canonical\" href=\"https:\/\/dicodusport.fr\/blog\/vtt-xcc-lenzerheide-luca-schwarzbauer-victorieux-devant-jordan-sarrou\/\" \/>\n<meta property=\"og:locale\" content=\"fr_FR\" \/>\n<meta property=\"og:type\" content=\"article\" \/>\n<meta property=\"og:title\" content=\"VTT XCC Lenzerheide : Luca Schwarzbauer victorieux devant Jordan Sarrou\" \/>\n<meta property=\"og:description\" content=\"Luca Schwarzbauer obtient sa seconde victoire en Coupe du Monde en remportant la course du jour devant Jordan Sarrou et Sebastian Fini Carstensen.\" \/>\n<meta property=\"og:url\" content=\"https:\/\/dicodusport.fr\/blog\/vtt-xcc-lenzerheide-luca-schwarzbauer-victorieux-devant-jordan-sarrou\/\" \/>\n<meta property=\"og:site_name\" content=\"Dicodusport\" \/>\n<meta property=\"article:publisher\" content=\"https:\/\/www.facebook.com\/dicodusport\" \/>\n<meta property=\"article:published_time\" content=\"2023-06-09T16:25:32+00:00\" \/>\n<meta property=\"article:modified_time\" content=\"2023-06-09T19:19:05+00:00\" \/>\n<meta property=\"og:image\" content=\"https:\/\/dicodusport.fr\/blog\/wp-content\/uploads\/2023\/06\/VTT-XCC-Lenzerheide-Luca-Schwarzbauer-victorieux-devant-Jordan-Sarrou-1.png\" \/>\n\t<meta property=\"og:image:width\" content=\"800\" \/>\n\t<meta property=\"og:image:height\" content=\"445\" \/>\n\t<meta property=\"og:image:type\" content=\"image\/png\" \/>\n<meta name=\"author\" content=\"Pierre Gorce\" \/>\n<meta name=\"twitter:card\" content=\"summary_large_image\" \/>\n<meta name=\"twitter:title\" content=\"VTT XCC Lenzerheide : Luca Schwarzbauer victorieux devant Jordan Sarrou\" \/>\n<meta name=\"twitter:creator\" content=\"@https:\/\/twitter.com\/pierregorce12\" \/>\n<meta name=\"twitter:site\" content=\"@dicodusport\" \/>\n<script type=\"application\/ld+json\" class=\"yoast-schema-graph\">{\"@context\":\"https:\/\/schema.org\",\"@graph\":[{\"@type\":\"NewsArticle\",\"@id\":\"https:\/\/dicodusport.fr\/blog\/vtt-xcc-lenzerheide-luca-schwarzbauer-victorieux-devant-jordan-sarrou\/#article\",\"isPartOf\":{\"@id\":\"https:\/\/dicodusport.fr\/blog\/vtt-xcc-lenzerheide-luca-schwarzbauer-victorieux-devant-jordan-sarrou\/\"},\"author\":{\"name\":\"Pierre Gorce\",\"@id\":\"https:\/\/dicodusport.fr\/blog\/#\/schema\/person\/0eaf70b33d703a1a66b1155ac1bda018\"},\"headline\":\"VTT XCC Lenzerheide : Luca Schwarzbauer victorieux devant Jordan Sarrou\",\"datePublished\":\"2023-06-09T16:25:32+00:00\",\"dateModified\":\"2023-06-09T19:19:05+00:00\",\"mainEntityOfPage\":{\"@id\":\"https:\/\/dicodusport.fr\/blog\/vtt-xcc-lenzerheide-luca-schwarzbauer-victorieux-devant-jordan-sarrou\/\"},\"wordCount\":395,\"commentCount\":0,\"publisher\":{\"@id\":\"https:\/\/dicodusport.fr\/blog\/#organization\"},\"image\":{\"@id\":\"https:\/\/dicodusport.fr\/blog\/vtt-xcc-lenzerheide-luca-schwarzbauer-victorieux-devant-jordan-sarrou\/#primaryimage\"},\"thumbnailUrl\":\"https:\/\/dicodusport.fr\/blog\/wp-content\/uploads\/2023\/06\/VTT-XCC-Lenzerheide-Luca-Schwarzbauer-victorieux-devant-Jordan-Sarrou-1.png\",\"keywords\":[\"br\u00e8ve\",\"VTT\"],\"articleSection\":[\"VTT\"],\"inLanguage\":\"fr-FR\",\"potentialAction\":[{\"@type\":\"CommentAction\",\"name\":\"Comment\",\"target\":[\"https:\/\/dicodusport.fr\/blog\/vtt-xcc-lenzerheide-luca-schwarzbauer-victorieux-devant-jordan-sarrou\/#respond\"]}],\"copyrightYear\":\"2023\",\"copyrightHolder\":{\"@id\":\"https:\/\/dicodusport.fr\/blog\/#organization\"}},{\"@type\":\"WebPage\",\"@id\":\"https:\/\/dicodusport.fr\/blog\/vtt-xcc-lenzerheide-luca-schwarzbauer-victorieux-devant-jordan-sarrou\/\",\"url\":\"https:\/\/dicodusport.fr\/blog\/vtt-xcc-lenzerheide-luca-schwarzbauer-victorieux-devant-jordan-sarrou\/\",\"name\":\"VTT XCC Lenzerheide : Luca Schwarzbauer victorieux devant Jordan Sarrou\",\"isPartOf\":{\"@id\":\"https:\/\/dicodusport.fr\/blog\/#website\"},\"primaryImageOfPage\":{\"@id\":\"https:\/\/dicodusport.fr\/blog\/vtt-xcc-lenzerheide-luca-schwarzbauer-victorieux-devant-jordan-sarrou\/#primaryimage\"},\"image\":{\"@id\":\"https:\/\/dicodusport.fr\/blog\/vtt-xcc-lenzerheide-luca-schwarzbauer-victorieux-devant-jordan-sarrou\/#primaryimage\"},\"thumbnailUrl\":\"https:\/\/dicodusport.fr\/blog\/wp-content\/uploads\/2023\/06\/VTT-XCC-Lenzerheide-Luca-Schwarzbauer-victorieux-devant-Jordan-Sarrou-1.png\",\"datePublished\":\"2023-06-09T16:25:32+00:00\",\"dateModified\":\"2023-06-09T19:19:05+00:00\",\"description\":\"Luca Schwarzbauer obtient sa seconde victoire en Coupe du Monde en remportant la course du jour devant Jordan Sarrou et Sebastian Fini Carstensen.\",\"breadcrumb\":{\"@id\":\"https:\/\/dicodusport.fr\/blog\/vtt-xcc-lenzerheide-luca-schwarzbauer-victorieux-devant-jordan-sarrou\/#breadcrumb\"},\"inLanguage\":\"fr-FR\",\"potentialAction\":[{\"@type\":\"ReadAction\",\"target\":[\"https:\/\/dicodusport.fr\/blog\/vtt-xcc-lenzerheide-luca-schwarzbauer-victorieux-devant-jordan-sarrou\/\"]}]},{\"@type\":\"ImageObject\",\"inLanguage\":\"fr-FR\",\"@id\":\"https:\/\/dicodusport.fr\/blog\/vtt-xcc-lenzerheide-luca-schwarzbauer-victorieux-devant-jordan-sarrou\/#primaryimage\",\"url\":\"https:\/\/dicodusport.fr\/blog\/wp-content\/uploads\/2023\/06\/VTT-XCC-Lenzerheide-Luca-Schwarzbauer-victorieux-devant-Jordan-Sarrou-1.png\",\"contentUrl\":\"https:\/\/dicodusport.fr\/blog\/wp-content\/uploads\/2023\/06\/VTT-XCC-Lenzerheide-Luca-Schwarzbauer-victorieux-devant-Jordan-Sarrou-1.png\",\"width\":800,\"height\":445,\"caption\":\"VTT XCC Lenzerheide Luca Schwarzbauer victorieux devant Jordan Sarrou (1)\"},{\"@type\":\"BreadcrumbList\",\"@id\":\"https:\/\/dicodusport.fr\/blog\/vtt-xcc-lenzerheide-luca-schwarzbauer-victorieux-devant-jordan-sarrou\/#breadcrumb\",\"itemListElement\":[{\"@type\":\"ListItem\",\"position\":1,\"name\":\"Accueil\",\"item\":\"https:\/\/dicodusport.fr\/blog\/\"},{\"@type\":\"ListItem\",\"position\":2,\"name\":\"VTT XCC Lenzerheide : Luca Schwarzbauer victorieux devant Jordan Sarrou\"}]},{\"@type\":\"WebSite\",\"@id\":\"https:\/\/dicodusport.fr\/blog\/#website\",\"url\":\"https:\/\/dicodusport.fr\/blog\/\",\"name\":\"Dicodusport\",\"description\":\"L&#039;encyclop\u00e9die de l&#039;actualit\u00e9 sportive\",\"publisher\":{\"@id\":\"https:\/\/dicodusport.fr\/blog\/#organization\"},\"potentialAction\":[{\"@type\":\"SearchAction\",\"target\":{\"@type\":\"EntryPoint\",\"urlTemplate\":\"https:\/\/dicodusport.fr\/blog\/?s={search_term_string}\"},\"query-input\":{\"@type\":\"PropertyValueSpecification\",\"valueRequired\":true,\"valueName\":\"search_term_string\"}}],\"inLanguage\":\"fr-FR\"},{\"@type\":\"NewsMediaOrganization\",\"@id\":\"https:\/\/dicodusport.fr\/blog\/#organization\",\"name\":\"Dicodusport\",\"url\":\"https:\/\/dicodusport.fr\/blog\/\",\"logo\":{\"@type\":\"ImageObject\",\"inLanguage\":\"fr-FR\",\"@id\":\"https:\/\/dicodusport.fr\/blog\/#\/schema\/logo\/image\/\",\"url\":\"https:\/\/dicodusport.fr\/blog\/wp-content\/uploads\/2020\/06\/cropped-LOGO-DICODUSPORT-2020-SANS-FOND-SANS-TEXTE.png\",\"contentUrl\":\"https:\/\/dicodusport.fr\/blog\/wp-content\/uploads\/2020\/06\/cropped-LOGO-DICODUSPORT-2020-SANS-FOND-SANS-TEXTE.png\",\"width\":512,\"height\":512,\"caption\":\"Dicodusport\"},\"image\":{\"@id\":\"https:\/\/dicodusport.fr\/blog\/#\/schema\/logo\/image\/\"},\"sameAs\":[\"https:\/\/www.facebook.com\/dicodusport\",\"https:\/\/x.com\/dicodusport\",\"https:\/\/www.instagram.com\/dicodusport\/\",\"https:\/\/www.youtube.com\/channel\/UC7V2KZ5sd3htJivAbA4ZG3w\"],\"description\":\"Dicodusport est l'encyclop\u00e9die de l'actualit\u00e9 sportive.\",\"email\":\"bonjour@dicodusport.fr\",\"legalName\":\"DICODUSPORT\",\"foundingDate\":\"2018-01-14\",\"vatID\":\"FR71834470973\",\"taxID\":\"83447097300043\",\"numberOfEmployees\":{\"@type\":\"QuantitativeValue\",\"minValue\":\"1\",\"maxValue\":\"10\"}},{\"@type\":\"Person\",\"@id\":\"https:\/\/dicodusport.fr\/blog\/#\/schema\/person\/0eaf70b33d703a1a66b1155ac1bda018\",\"name\":\"Pierre Gorce\",\"image\":{\"@type\":\"ImageObject\",\"inLanguage\":\"fr-FR\",\"@id\":\"https:\/\/dicodusport.fr\/blog\/#\/schema\/person\/image\/\",\"url\":\"https:\/\/dicodusport.fr\/blog\/wp-content\/uploads\/2022\/03\/IMG_20211214_233053_722-150x150.jpg\",\"contentUrl\":\"https:\/\/dicodusport.fr\/blog\/wp-content\/uploads\/2022\/03\/IMG_20211214_233053_722-150x150.jpg\",\"caption\":\"Pierre Gorce\"},\"description\":\"Couteau suisse venant tout droit de Haute-Savoie. Habitu\u00e9 \u00e0 regarder du sport depuis petit, j'en ai maintenant fait mon m\u00e9tier. Des sports d'hiver au surf, en passant par le tennis, la F1, le handball et l'athl\u00e9tisme, j'essaie d'avoir mes yeux sur l'enti\u00e8ret\u00e9 de l'actualit\u00e9. Jeune homme berc\u00e9 par les exploits de Jean-Baptiste Grange, Sebastian Vettel et des Experts. Membre de la g\u00e9n\u00e9ration 1999 comme Luka Doncic, Sydney McLaughlin, Lando Norris et Loana Lecomte, mais avec beaucoup moins de talent qu'eux.\",\"sameAs\":[\"https:\/\/x.com\/https:\/\/twitter.com\/pierregorce12\"],\"birthDate\":\"1999-08-29\",\"url\":\"https:\/\/dicodusport.fr\/blog\/author\/pierreg\/\"}]}<\/script>\n<!-- \/ Yoast SEO Premium plugin. -->","yoast_head_json":{"title":"VTT XCC Lenzerheide : Luca Schwarzbauer victorieux devant Jordan Sarrou","description":"Luca Schwarzbauer obtient sa seconde victoire en Coupe du Monde en remportant la course du jour devant Jordan Sarrou et Sebastian Fini Carstensen.","robots":{"index":"index","follow":"follow","max-snippet":"max-snippet:-1","max-image-preview":"max-image-preview:large","max-video-preview":"max-video-preview:-1"},"canonical":"https:\/\/dicodusport.fr\/blog\/vtt-xcc-lenzerheide-luca-schwarzbauer-victorieux-devant-jordan-sarrou\/","og_locale":"fr_FR","og_type":"article","og_title":"VTT XCC Lenzerheide : Luca Schwarzbauer victorieux devant Jordan Sarrou","og_description":"Luca Schwarzbauer obtient sa seconde victoire en Coupe du Monde en remportant la course du jour devant Jordan Sarrou et Sebastian Fini Carstensen.","og_url":"https:\/\/dicodusport.fr\/blog\/vtt-xcc-lenzerheide-luca-schwarzbauer-victorieux-devant-jordan-sarrou\/","og_site_name":"Dicodusport","article_publisher":"https:\/\/www.facebook.com\/dicodusport","article_published_time":"2023-06-09T16:25:32+00:00","article_modified_time":"2023-06-09T19:19:05+00:00","og_image":[{"width":800,"height":445,"url":"https:\/\/dicodusport.fr\/blog\/wp-content\/uploads\/2023\/06\/VTT-XCC-Lenzerheide-Luca-Schwarzbauer-victorieux-devant-Jordan-Sarrou-1.png","type":"image\/png"}],"author":"Pierre Gorce","twitter_card":"summary_large_image","twitter_title":"VTT XCC Lenzerheide : Luca Schwarzbauer victorieux devant Jordan Sarrou","twitter_creator":"@https:\/\/twitter.com\/pierregorce12","twitter_site":"@dicodusport","schema":{"@context":"https:\/\/schema.org","@graph":[{"@type":"NewsArticle","@id":"https:\/\/dicodusport.fr\/blog\/vtt-xcc-lenzerheide-luca-schwarzbauer-victorieux-devant-jordan-sarrou\/#article","isPartOf":{"@id":"https:\/\/dicodusport.fr\/blog\/vtt-xcc-lenzerheide-luca-schwarzbauer-victorieux-devant-jordan-sarrou\/"},"author":{"name":"Pierre Gorce","@id":"https:\/\/dicodusport.fr\/blog\/#\/schema\/person\/0eaf70b33d703a1a66b1155ac1bda018"},"headline":"VTT XCC Lenzerheide : Luca Schwarzbauer victorieux devant Jordan Sarrou","datePublished":"2023-06-09T16:25:32+00:00","dateModified":"2023-06-09T19:19:05+00:00","mainEntityOfPage":{"@id":"https:\/\/dicodusport.fr\/blog\/vtt-xcc-lenzerheide-luca-schwarzbauer-victorieux-devant-jordan-sarrou\/"},"wordCount":395,"commentCount":0,"publisher":{"@id":"https:\/\/dicodusport.fr\/blog\/#organization"},"image":{"@id":"https:\/\/dicodusport.fr\/blog\/vtt-xcc-lenzerheide-luca-schwarzbauer-victorieux-devant-jordan-sarrou\/#primaryimage"},"thumbnailUrl":"https:\/\/dicodusport.fr\/blog\/wp-content\/uploads\/2023\/06\/VTT-XCC-Lenzerheide-Luca-Schwarzbauer-victorieux-devant-Jordan-Sarrou-1.png","keywords":["br\u00e8ve","VTT"],"articleSection":["VTT"],"inLanguage":"fr-FR","potentialAction":[{"@type":"CommentAction","name":"Comment","target":["https:\/\/dicodusport.fr\/blog\/vtt-xcc-lenzerheide-luca-schwarzbauer-victorieux-devant-jordan-sarrou\/#respond"]}],"copyrightYear":"2023","copyrightHolder":{"@id":"https:\/\/dicodusport.fr\/blog\/#organization"}},{"@type":"WebPage","@id":"https:\/\/dicodusport.fr\/blog\/vtt-xcc-lenzerheide-luca-schwarzbauer-victorieux-devant-jordan-sarrou\/","url":"https:\/\/dicodusport.fr\/blog\/vtt-xcc-lenzerheide-luca-schwarzbauer-victorieux-devant-jordan-sarrou\/","name":"VTT XCC Lenzerheide : Luca Schwarzbauer victorieux devant Jordan Sarrou","isPartOf":{"@id":"https:\/\/dicodusport.fr\/blog\/#website"},"primaryImageOfPage":{"@id":"https:\/\/dicodusport.fr\/blog\/vtt-xcc-lenzerheide-luca-schwarzbauer-victorieux-devant-jordan-sarrou\/#primaryimage"},"image":{"@id":"https:\/\/dicodusport.fr\/blog\/vtt-xcc-lenzerheide-luca-schwarzbauer-victorieux-devant-jordan-sarrou\/#primaryimage"},"thumbnailUrl":"https:\/\/dicodusport.fr\/blog\/wp-content\/uploads\/2023\/06\/VTT-XCC-Lenzerheide-Luca-Schwarzbauer-victorieux-devant-Jordan-Sarrou-1.png","datePublished":"2023-06-09T16:25:32+00:00","dateModified":"2023-06-09T19:19:05+00:00","description":"Luca Schwarzbauer obtient sa seconde victoire en Coupe du Monde en remportant la course du jour devant Jordan Sarrou et Sebastian Fini Carstensen.","breadcrumb":{"@id":"https:\/\/dicodusport.fr\/blog\/vtt-xcc-lenzerheide-luca-schwarzbauer-victorieux-devant-jordan-sarrou\/#breadcrumb"},"inLanguage":"fr-FR","potentialAction":[{"@type":"ReadAction","target":["https:\/\/dicodusport.fr\/blog\/vtt-xcc-lenzerheide-luca-schwarzbauer-victorieux-devant-jordan-sarrou\/"]}]},{"@type":"ImageObject","inLanguage":"fr-FR","@id":"https:\/\/dicodusport.fr\/blog\/vtt-xcc-lenzerheide-luca-schwarzbauer-victorieux-devant-jordan-sarrou\/#primaryimage","url":"https:\/\/dicodusport.fr\/blog\/wp-content\/uploads\/2023\/06\/VTT-XCC-Lenzerheide-Luca-Schwarzbauer-victorieux-devant-Jordan-Sarrou-1.png","contentUrl":"https:\/\/dicodusport.fr\/blog\/wp-content\/uploads\/2023\/06\/VTT-XCC-Lenzerheide-Luca-Schwarzbauer-victorieux-devant-Jordan-Sarrou-1.png","width":800,"height":445,"caption":"VTT XCC Lenzerheide Luca Schwarzbauer victorieux devant Jordan Sarrou (1)"},{"@type":"BreadcrumbList","@id":"https:\/\/dicodusport.fr\/blog\/vtt-xcc-lenzerheide-luca-schwarzbauer-victorieux-devant-jordan-sarrou\/#breadcrumb","itemListElement":[{"@type":"ListItem","position":1,"name":"Accueil","item":"https:\/\/dicodusport.fr\/blog\/"},{"@type":"ListItem","position":2,"name":"VTT XCC Lenzerheide : Luca Schwarzbauer victorieux devant Jordan Sarrou"}]},{"@type":"WebSite","@id":"https:\/\/dicodusport.fr\/blog\/#website","url":"https:\/\/dicodusport.fr\/blog\/","name":"Dicodusport","description":"L&#039;encyclop\u00e9die de l&#039;actualit\u00e9 sportive","publisher":{"@id":"https:\/\/dicodusport.fr\/blog\/#organization"},"potentialAction":[{"@type":"SearchAction","target":{"@type":"EntryPoint","urlTemplate":"https:\/\/dicodusport.fr\/blog\/?s={search_term_string}"},"query-input":{"@type":"PropertyValueSpecification","valueRequired":true,"valueName":"search_term_string"}}],"inLanguage":"fr-FR"},{"@type":"NewsMediaOrganization","@id":"https:\/\/dicodusport.fr\/blog\/#organization","name":"Dicodusport","url":"https:\/\/dicodusport.fr\/blog\/","logo":{"@type":"ImageObject","inLanguage":"fr-FR","@id":"https:\/\/dicodusport.fr\/blog\/#\/schema\/logo\/image\/","url":"https:\/\/dicodusport.fr\/blog\/wp-content\/uploads\/2020\/06\/cropped-LOGO-DICODUSPORT-2020-SANS-FOND-SANS-TEXTE.png","contentUrl":"https:\/\/dicodusport.fr\/blog\/wp-content\/uploads\/2020\/06\/cropped-LOGO-DICODUSPORT-2020-SANS-FOND-SANS-TEXTE.png","width":512,"height":512,"caption":"Dicodusport"},"image":{"@id":"https:\/\/dicodusport.fr\/blog\/#\/schema\/logo\/image\/"},"sameAs":["https:\/\/www.facebook.com\/dicodusport","https:\/\/x.com\/dicodusport","https:\/\/www.instagram.com\/dicodusport\/","https:\/\/www.youtube.com\/channel\/UC7V2KZ5sd3htJivAbA4ZG3w"],"description":"Dicodusport est l'encyclop\u00e9die de l'actualit\u00e9 sportive.","email":"bonjour@dicodusport.fr","legalName":"DICODUSPORT","foundingDate":"2018-01-14","vatID":"FR71834470973","taxID":"83447097300043","numberOfEmployees":{"@type":"QuantitativeValue","minValue":"1","maxValue":"10"}},{"@type":"Person","@id":"https:\/\/dicodusport.fr\/blog\/#\/schema\/person\/0eaf70b33d703a1a66b1155ac1bda018","name":"Pierre Gorce","image":{"@type":"ImageObject","inLanguage":"fr-FR","@id":"https:\/\/dicodusport.fr\/blog\/#\/schema\/person\/image\/","url":"https:\/\/dicodusport.fr\/blog\/wp-content\/uploads\/2022\/03\/IMG_20211214_233053_722-150x150.jpg","contentUrl":"https:\/\/dicodusport.fr\/blog\/wp-content\/uploads\/2022\/03\/IMG_20211214_233053_722-150x150.jpg","caption":"Pierre Gorce"},"description":"Couteau suisse venant tout droit de Haute-Savoie. Habitu\u00e9 \u00e0 regarder du sport depuis petit, j'en ai maintenant fait mon m\u00e9tier. Des sports d'hiver au surf, en passant par le tennis, la F1, le handball et l'athl\u00e9tisme, j'essaie d'avoir mes yeux sur l'enti\u00e8ret\u00e9 de l'actualit\u00e9. Jeune homme berc\u00e9 par les exploits de Jean-Baptiste Grange, Sebastian Vettel et des Experts. Membre de la g\u00e9n\u00e9ration 1999 comme Luka Doncic, Sydney McLaughlin, Lando Norris et Loana Lecomte, mais avec beaucoup moins de talent qu'eux.","sameAs":["https:\/\/x.com\/https:\/\/twitter.com\/pierregorce12"],"birthDate":"1999-08-29","url":"https:\/\/dicodusport.fr\/blog\/author\/pierreg\/"}]}},"_links":{"self":[{"href":"https:\/\/dicodusport.fr\/blog\/wp-json\/wp\/v2\/posts\/389739","targetHints":{"allow":["GET"]}}],"collection":[{"href":"https:\/\/dicodusport.fr\/blog\/wp-json\/wp\/v2\/posts"}],"about":[{"href":"https:\/\/dicodusport.fr\/blog\/wp-json\/wp\/v2\/types\/post"}],"author":[{"embeddable":true,"href":"https:\/\/dicodusport.fr\/blog\/wp-json\/wp\/v2\/users\/61"}],"replies":[{"embeddable":true,"href":"https:\/\/dicodusport.fr\/blog\/wp-json\/wp\/v2\/comments?post=389739"}],"version-history":[{"count":0,"href":"https:\/\/dicodusport.fr\/blog\/wp-json\/wp\/v2\/posts\/389739\/revisions"}],"wp:featuredmedia":[{"embeddable":true,"href":"https:\/\/dicodusport.fr\/blog\/wp-json\/wp\/v2\/media\/389827"}],"wp:attachment":[{"href":"https:\/\/dicodusport.fr\/blog\/wp-json\/wp\/v2\/media?parent=389739"}],"wp:term":[{"taxonomy":"category","embeddable":true,"href":"https:\/\/dicodusport.fr\/blog\/wp-json\/wp\/v2\/categories?post=389739"},{"taxonomy":"post_tag","embeddable":true,"href":"https:\/\/dicodusport.fr\/blog\/wp-json\/wp\/v2\/tags?post=389739"}],"curies":[{"name":"wp","href":"https:\/\/api.w.org\/{rel}","templated":true}]}}