{"id":3898,"date":"2017-08-09T16:25:38","date_gmt":"2017-08-09T15:25:38","guid":{"rendered":"http:\/\/dicodusport.fr\/blog\/?p=3898"},"modified":"2021-04-13T23:18:54","modified_gmt":"2021-04-13T21:18:54","slug":"sandrine-agricole-bleue-poste-com","status":"publish","type":"post","link":"https:\/\/dicodusport.fr\/blog\/sandrine-agricole-bleue-poste-com\/","title":{"rendered":"Sandrine Agricole, une Bleue au poste com\u2019 !"},"content":{"rendered":"<p style=\"text-align: justify;\"><span style=\"color: #000000;\"><em>Rencontre avec l\u2019ancienne demi d\u2019ouverture de l\u2019\u00e9quipe de France F\u00e9minines, Sandrine Agricole, qui a raccroch\u00e9 les crampons apr\u00e8s le Mondial 2014 en France. Devenue consultante pour France T\u00e9l\u00e9visions lors des matches des Bleues, elle va vivre sa premi\u00e8re au commentaire ce mercredi soir lors de France \u2013 Japon (20h45). <\/em><\/span><\/p>\n<p style=\"text-align: justify;\"><span style=\"text-decoration: underline; color: #000000;\"><strong>Il y a trois ans, tu vivais tes derniers matches avec les Bleues \u00e0 Paris pour le Mondial 2014, quel souvenir gardes-tu de cette comp\u00e9tition ?<\/strong><\/span><\/p>\n<p style=\"text-align: justify;\"><span style=\"color: #000000;\">Un souvenir tr\u00e8s fort au niveau du jeu et des \u00e9motions m\u00eame si cela a \u00e9t\u00e9 la fin d\u2019une belle aventure, d\u2019un petit bout de vie durant lequel j\u2019ai pass\u00e9 mon temps sur les terrains\u2026 Pour moi, cette Coupe du monde a surtout \u00e9t\u00e9 un tremplin fantastique pour le rugby f\u00e9minin. En France, on a eu un bel \u00e9lan que ce soit au niveau des clubs ou de la F\u00e9d\u00e9ration Fran\u00e7aise de Rugby pour d\u00e9velopper cette fili\u00e8re f\u00e9minine. On se rend compte que depuis ce Mondial diffus\u00e9 sur France T\u00e9l\u00e9visions <em>(et Eurosport ndlr), <\/em>on en parle beaucoup plus et l\u2019\u00e9quipe de France b\u00e9n\u00e9ficie de moyens jamais connus auparavant.<\/span><\/p>\n<p style=\"text-align: justify;\"><span style=\"text-decoration: underline; color: #000000;\"><strong>Depuis l&rsquo;arr\u00eat de ta carri\u00e8re, quel a \u00e9t\u00e9 ton parcours ?<\/strong><\/span><\/p>\n<p style=\"text-align: justify;\"><span style=\"color: #000000;\">Apr\u00e8s le Mondial, dipl\u00f4me de Kin\u00e9 en poche, j\u2019ai pouss\u00e9 la porte d\u2019un cabinet lib\u00e9ral \u00e0 Rennes pour vivre une nouvelle vie avec, en parall\u00e8le, l\u2019entra\u00eenement des trois-quarts du Stade Rennais Rugby <em>(club de Top 8 F\u00e9minin ndlr)<\/em>. En novembre 2014, j\u2019\u00e9tais en soin avec un client lorsque j\u2019ai re\u00e7u un appel de Jean Abeilhou qui m\u2019a dit\u00a0: <em>\u00ab\u00a0Sandrine, je sais que tu as fini ta carri\u00e8re mais est-ce que cela te dit de devenir consultante pour France T\u00e9l\u00e9visions\u00a0?\u00a0\u00bb<\/em>. Je n\u2019ai pas pu dire non car c\u2019\u00e9tait un moyen pour moi de rester aupr\u00e8s des joueuses, au c\u0153ur du terrain et de continuer \u00e0 transmettre ces \u00e9motions et valeurs que le rugby v\u00e9hicule. J\u2019ai donc la chance d\u2019\u00eatre consultante en bord terrain pour France TV depuis trois ans lors des matches de l\u2019\u00e9quipe de France mais aussi certains de Top 8.<\/span><\/p>\n<p style=\"text-align: justify;\"><span style=\"text-decoration: underline; color: #000000;\"><strong>Pour le Mondial 2017, tu vas commenter les matches de l\u2019\u00e9quipe de France avec Matthieu Lartot sur France 4, comment appr\u00e9hendes-tu cette nouvelle mission ?<\/strong><\/span><\/p>\n<p style=\"text-align: justify;\"><span style=\"color: #000000;\">Cela n\u2019\u00e9tait pas pr\u00e9vu. \u00c0 la base, je ne pensais m\u00eame pas faire la Coupe du monde. Finalement, C\u00e9dric Beaudou <em>(r\u00e9dacteur en chef du service rugby de France TV ndlr)<\/em> m\u2019a appel\u00e9 aux alentours du mois d\u2019avril et m\u2019a indiqu\u00e9 que je serai au commentaire avec Matthieu Lartot. Cela a d\u2019abord \u00e9t\u00e9 compliqu\u00e9 pour moi parce que j\u2019ai pens\u00e9 \u00e0 tous ceux qui \u00e9taient l\u00e0 avant, Estelle Sartini qui faisait tr\u00e8s bien son travail, Jean Abeilhou qui porte le rugby f\u00e9minin \u00e0 France T\u00e9l\u00e9visions depuis que je joue\u2026 Mais malgr\u00e9 cette d\u00e9ception pour mes coll\u00e8gues, j\u2019\u00e9tais contente de pouvoir \u00e9voluer \u00e0 un statut diff\u00e9rent, un peu plus bas\u00e9 sur l\u2019analyse et qui me permet de rester au contact du projet et des choix de jeu. C\u2019est quelque chose que j\u2019appr\u00e9hende mieux.<\/span><\/p>\n<p style=\"text-align: justify;\"><span style=\"text-decoration: underline; color: #000000;\"><strong>C&rsquo;est une autre mani\u00e8re de vivre ta passion ?<\/strong><\/span><\/p>\n<p style=\"text-align: justify;\"><span style=\"color: #000000;\">C\u2019est surtout un moyen de rendre plus accessible, plus simple, plus clair le rugby f\u00e9minin. D\u00e9j\u00e0 parce que j\u2019ai jou\u00e9, notamment avec quelques filles qui seront encore sur le terrain, donc ce sera plus \u00ab\u00a0limpide\u00a0\u00bb. Je me dis aussi que le rugby f\u00e9minin va encore \u00e9voluer avec cette Coupe du monde et que l\u2019on va arriver \u00e0 des niveaux et intensit\u00e9s de jeu que l\u2019on n\u2019a jamais connu. C\u2019est pour cela que j\u2019ai h\u00e2te de vivre ce Mondial\u00a0! Mais j\u2019ai aussi peur parce que c\u2019est la premi\u00e8re fois que je vais commenter aux c\u00f4t\u00e9s d\u2019un grand nom du commentaire sportif. On va dire que c\u2019est de la bonne pression.<\/span><\/p>\n<hr \/>\n<p style=\"text-align: center;\"><span style=\"font-size: 14pt; color: #000000;\"><strong>\u00ab\u00a0Confirmer que la Coupe du monde 2014 n\u2019\u00e9tait pas un leurre juste parce que c\u2019\u00e9tait en France\u00a0!\u00a0\u00bb<\/strong><\/span><\/p>\n<hr \/>\n<p style=\"text-align: justify;\"><span style=\"text-decoration: underline; color: #000000;\"><strong>Selon toi, c\u2019est l\u2019heure de la confirmation pour les Bleues ? <\/strong><\/span><\/p>\n<p style=\"text-align: justify;\"><span style=\"color: #000000;\">Oui, c\u2019est l\u2019heure de la confirmation. C\u2019est d\u2019ailleurs l\u2019un des termes que les Bleues ont employ\u00e9 durant leur pr\u00e9paration. C\u2019est aussi croire en son destin, les filles qui sont l\u00e0 ne le sont pas par hasard. Le nouveau staff \u00ab\u00a0ne rigole pas\u00a0\u00bb et met un maximum d\u2019intensit\u00e9 dans tout ce qu\u2019il fait. J\u2019ai pu assister \u00e0 une remise de maillots et c\u2019\u00e9tait vraiment fort\u00a0! Ils mettent vraiment les joueuses face \u00e0 leurs responsabilit\u00e9s. C\u2019est ce Mondial qui va installer l\u2019\u00e9quipe de France au plus haut-niveau et confirmer que 2014 n\u2019\u00e9tait pas un leurre juste parce que c\u2019\u00e9tait en France\u00a0! Le niveau a augment\u00e9, la FFR a mis des moyens et les joueuses sont de plus en plus performantes. C\u2019est aussi le moment de dire aux jeunes filles qui vont prendre une licence que c\u2019est \u00e0 vous maintenant les Nanas\u00a0! Nous on est encore l\u00e0 pour asseoir la notori\u00e9t\u00e9 de l\u2019\u00e9quipe de France mais le futur c\u2019est vous qui allez le construire\u00a0!<\/span><\/p>\n<p style=\"text-align: justify;\"><span style=\"text-decoration: underline; color: #000000;\"><strong>Tu sens une r\u00e9elle volont\u00e9 que le rugby f\u00e9minin prenne son envol\u00a0?<\/strong><\/span><\/p>\n<p style=\"text-align: justify;\"><span style=\"color: #000000;\">Ah oui\u00a0carr\u00e9ment ! Il y a un P\u00f4le France F\u00e9minin qui va voir le jour en septembre prochain. On a une \u00e9quipe de France \u00e0 7 avec de plus en plus de contrats f\u00e9d\u00e9raux, une \u00e9quipe U18 qui se met en place, une \u00e9quipe U20 avec de tr\u00e8s bons r\u00e9sultats, les indemnit\u00e9s des joueuses internationales ont m\u00eame doubl\u00e9 voir tripl\u00e9, c\u2019est \u00e9norme. La FFR met vraiment beaucoup de choses en \u0153uvre pour les F\u00e9minines.<\/span><\/p>\n<p style=\"text-align: justify;\"><span style=\"text-decoration: underline; color: #000000;\"><strong>Il manque juste un statut de la joueuse internationale qui permettrait d\u2019\u00e9voluer au plus haut-niveau dans des conditions id\u00e9ales\u2026<\/strong><\/span><\/p>\n<p style=\"text-align: justify;\"><span style=\"color: #000000;\">C\u2019est vrai, pour cela il s\u2019agit aussi de structurer les clubs. Mine de rien, les Bleues n\u2019appartiennent pas \u00e0 l\u2019\u00e9quipe de France, mais aux clubs. Aujourd\u2019hui, ils sont tous amateurs et je ne sais pas si cette notion de professionnalisme est si esp\u00e9r\u00e9e et attendue de leur part. Le rugby f\u00e9minin n\u2019est pas encore pr\u00eat pour \u00e7a. Il s\u2019agit donc d\u2019accompagner les clubs pour permettre aux joueuses de garder ce double projet d\u2019internationale mais aussi de salari\u00e9e, de chef d\u2019entreprise ou d\u2019\u00e9tudiante tout en leur permettant d\u2019\u00eatre plus comp\u00e9titives. C\u2019est quelque chose auquel il va falloir r\u00e9fl\u00e9chir plus tard, peut-\u00eatre \u00e0 l\u2019issue de ce Mondial et il faudra voir aussi ce que va donner le futur championnat f\u00e9minin en Angleterre avec 10 ou 12 \u00e9quipes semi-professionnelles d\u00e8s la saison prochaine\u2026<\/span><\/p>\n<p style=\"text-align: justify;\"><span style=\"text-decoration: underline; color: #000000;\"><strong>On conclut avec un mot sur les Bleues et la poule tr\u00e8s relev\u00e9e qui les attend, comment les sens-tu \u00e0 l\u2019approche du d\u00e9but de ce Mondial ?<\/strong><\/span><\/p>\n<p style=\"text-align: justify;\"><span style=\"color: #000000;\">Elles sont bien physiquement, elles sont sur un projet de jeu beaucoup plus a\u00e9r\u00e9 et bas\u00e9 sur la continuit\u00e9, la passe, l\u2019offload <em>(passe au contact ndlr)<\/em>\u2026 Je pense qu\u2019elles sont au summum de ce qu\u2019elles peuvent faire. Mais il faut prendre en compte les autres nations qui seront toutes au rendez-vous. Les Japonaises ont \u00e9galement mis des moyens dans la pr\u00e9paration de ce Mondial. La talonneuse et capitaine, Seina Saito, racontait m\u00eame dans une interview qu\u2019elle avait pris dix kilos pour \u00eatre au m\u00eame niveau que les autres nations\u00a0! Mais je pense que l\u2019\u00e9quipe de France a un avantage avec en son sein des joueuses \u00e0 un niveau \u00e9norme de performance comme \u00c9lodie Poublan, Safi N\u2019Diaye, Ga\u00eblle Mignot, Romane M\u00e9nager ou Marjorie Mayans entres autres. Avec ces leaders fortes, ce suppl\u00e9ment d\u2019\u00e2me, cette exp\u00e9rience suppl\u00e9mentaire, je pense que la France peut sortir premi\u00e8re de sa poule m\u00eame si cela va \u00eatre difficile notamment face aux Irlandaises qui sont chez elles.<\/span><\/p>\n<p style=\"text-align: justify;\"><em><span style=\"color: #000000;\"><strong>Arnaud Rey<\/strong><\/span><br \/>\n<\/em><a href=\"https:\/\/www.facebook.com\/arnaud.rey.180\" target=\"_blank\" rel=\"noopener noreferrer\"><img loading=\"lazy\" decoding=\"async\" class=\"alignnone wp-image-2909\" src=\"http:\/\/dicodusport.fr\/blog\/wp-content\/uploads\/2017\/07\/logo-facebook-150x150.png\" alt=\"\" width=\"40\" height=\"40\" \/><\/a><a href=\"https:\/\/twitter.com\/ArnaudRey9\" target=\"_blank\" rel=\"noopener noreferrer\"><img loading=\"lazy\" decoding=\"async\" class=\"alignnone wp-image-2908\" src=\"http:\/\/dicodusport.fr\/blog\/wp-content\/uploads\/2017\/07\/logo-twitter-150x150.png\" alt=\"\" width=\"39\" height=\"39\" \/><\/a><a href=\"https:\/\/www.linkedin.com\/in\/arnaud-rey-1036b5a6\"><img loading=\"lazy\" decoding=\"async\" class=\"alignnone wp-image-3711\" src=\"http:\/\/dicodusport.fr\/blog\/wp-content\/uploads\/2017\/08\/signature-linkedin-150x150.png\" alt=\"\" width=\"40\" height=\"40\" srcset=\"https:\/\/dicodusport.fr\/blog\/wp-content\/uploads\/2017\/08\/signature-linkedin-150x150.png 150w, https:\/\/dicodusport.fr\/blog\/wp-content\/uploads\/2017\/08\/signature-linkedin.png 295w\" sizes=\"auto, (max-width: 40px) 100vw, 40px\" \/><\/a><\/p>\n<p style=\"text-align: justify;\"><a href=\"http:\/\/dicodusport.fr\"><img loading=\"lazy\" decoding=\"async\" class=\" wp-image-999 aligncenter\" src=\"http:\/\/dicodusport.fr\/blog\/wp-content\/uploads\/2017\/01\/cropped-logo-dicodusport-sans-fond-150x150.png\" alt=\"\" width=\"110\" height=\"110\" srcset=\"https:\/\/dicodusport.fr\/blog\/wp-content\/uploads\/2017\/01\/cropped-logo-dicodusport-sans-fond-150x150.png 150w, https:\/\/dicodusport.fr\/blog\/wp-content\/uploads\/2017\/01\/cropped-logo-dicodusport-sans-fond-300x300.png 300w, https:\/\/dicodusport.fr\/blog\/wp-content\/uploads\/2017\/01\/cropped-logo-dicodusport-sans-fond-270x270.png 270w, https:\/\/dicodusport.fr\/blog\/wp-content\/uploads\/2017\/01\/cropped-logo-dicodusport-sans-fond-192x192.png 192w, https:\/\/dicodusport.fr\/blog\/wp-content\/uploads\/2017\/01\/cropped-logo-dicodusport-sans-fond-180x180.png 180w, https:\/\/dicodusport.fr\/blog\/wp-content\/uploads\/2017\/01\/cropped-logo-dicodusport-sans-fond-32x32.png 32w, https:\/\/dicodusport.fr\/blog\/wp-content\/uploads\/2017\/01\/cropped-logo-dicodusport-sans-fond.png 512w\" sizes=\"auto, (max-width: 110px) 100vw, 110px\" \/><\/a><\/p>\n","protected":false},"excerpt":{"rendered":"<p>Rencontre avec l\u2019ancienne demi d\u2019ouverture de l\u2019\u00e9quipe de France F\u00e9minines, Sandrine Agricole, qui a raccroch\u00e9 les crampons apr\u00e8s le Mondial 2014 en France. Devenue consultante pour France T\u00e9l\u00e9visions lors des matches des Bleues, elle va vivre sa premi\u00e8re au commentaire ce mercredi soir lors de France \u2013 Japon (20h45). Il y a trois ans, tu [&hellip;]<\/p>\n","protected":false},"author":1,"featured_media":3895,"comment_status":"open","ping_status":"closed","sticky":false,"template":"","format":"standard","meta":{"_acf_changed":false,"_daextam_enable_autolinks":"","footnotes":""},"categories":[47049,4],"tags":[13,852],"class_list":["post-3898","post","type-post","status-publish","format-standard","has-post-thumbnail","hentry","category-coupe-du-monde-de-rugby","category-portraits","tag-rugby","tag-rugby-feminin"],"acf":[],"yoast_head":"<!-- This site is optimized with the Yoast SEO Premium plugin v26.7 (Yoast SEO v26.7) - https:\/\/yoast.com\/wordpress\/plugins\/seo\/ -->\n<title>Sandrine Agricole, une Bleue au poste com\u2019 !<\/title>\n<meta name=\"description\" content=\"Rencontre avec l\u2019ancienne demi d\u2019ouverture de l\u2019\u00e9quipe de France F\u00e9minines, Sandrine Agricole, qui a raccroch\u00e9 les crampons apr\u00e8s le Mondial 2014.\" \/>\n<meta name=\"robots\" content=\"index, follow, max-snippet:-1, max-image-preview:large, max-video-preview:-1\" \/>\n<link rel=\"canonical\" href=\"https:\/\/dicodusport.fr\/blog\/sandrine-agricole-bleue-poste-com\/\" \/>\n<meta property=\"og:locale\" content=\"fr_FR\" \/>\n<meta property=\"og:type\" content=\"article\" \/>\n<meta property=\"og:title\" content=\"Sandrine Agricole, une Bleue au poste com\u2019 !\" \/>\n<meta property=\"og:description\" content=\"Rencontre avec l\u2019ancienne demi d\u2019ouverture de l\u2019\u00e9quipe de France F\u00e9minines, Sandrine Agricole, qui a raccroch\u00e9 les crampons apr\u00e8s le Mondial 2014.\" \/>\n<meta property=\"og:url\" content=\"https:\/\/dicodusport.fr\/blog\/sandrine-agricole-bleue-poste-com\/\" \/>\n<meta property=\"og:site_name\" content=\"Dicodusport\" \/>\n<meta property=\"article:publisher\" content=\"https:\/\/www.facebook.com\/dicodusport\" \/>\n<meta property=\"article:author\" content=\"https:\/\/www.facebook.com\/dicodusport\" \/>\n<meta property=\"article:published_time\" content=\"2017-08-09T15:25:38+00:00\" \/>\n<meta property=\"article:modified_time\" content=\"2021-04-13T21:18:54+00:00\" \/>\n<meta property=\"og:image\" content=\"https:\/\/dicodusport.fr\/blog\/wp-content\/uploads\/2017\/08\/Sandrine-Agricole.png\" \/>\n\t<meta property=\"og:image:width\" content=\"1200\" \/>\n\t<meta property=\"og:image:height\" content=\"670\" \/>\n\t<meta property=\"og:image:type\" content=\"image\/png\" \/>\n<meta name=\"author\" content=\"Nicolas Jacquemard\" \/>\n<meta name=\"twitter:card\" content=\"summary_large_image\" \/>\n<meta name=\"twitter:creator\" content=\"@https:\/\/twitter.com\/Nico_Jacquemard\" \/>\n<meta name=\"twitter:site\" content=\"@dicodusport\" \/>\n<script type=\"application\/ld+json\" class=\"yoast-schema-graph\">{\"@context\":\"https:\/\/schema.org\",\"@graph\":[{\"@type\":\"NewsArticle\",\"@id\":\"https:\/\/dicodusport.fr\/blog\/sandrine-agricole-bleue-poste-com\/#article\",\"isPartOf\":{\"@id\":\"https:\/\/dicodusport.fr\/blog\/sandrine-agricole-bleue-poste-com\/\"},\"author\":{\"name\":\"Nicolas Jacquemard\",\"@id\":\"https:\/\/dicodusport.fr\/blog\/#\/schema\/person\/55dcb50ad410894e431ed812bbb70191\"},\"headline\":\"Sandrine Agricole, une Bleue au poste com\u2019 !\",\"datePublished\":\"2017-08-09T15:25:38+00:00\",\"dateModified\":\"2021-04-13T21:18:54+00:00\",\"mainEntityOfPage\":{\"@id\":\"https:\/\/dicodusport.fr\/blog\/sandrine-agricole-bleue-poste-com\/\"},\"wordCount\":1379,\"commentCount\":0,\"publisher\":{\"@id\":\"https:\/\/dicodusport.fr\/blog\/#organization\"},\"image\":{\"@id\":\"https:\/\/dicodusport.fr\/blog\/sandrine-agricole-bleue-poste-com\/#primaryimage\"},\"thumbnailUrl\":\"https:\/\/dicodusport.fr\/blog\/wp-content\/uploads\/2017\/08\/Sandrine-Agricole.png\",\"keywords\":[\"Rugby\",\"rugby f\u00e9minin\"],\"articleSection\":[\"Coupe du monde de rugby\",\"Portraits\"],\"inLanguage\":\"fr-FR\",\"potentialAction\":[{\"@type\":\"CommentAction\",\"name\":\"Comment\",\"target\":[\"https:\/\/dicodusport.fr\/blog\/sandrine-agricole-bleue-poste-com\/#respond\"]}],\"copyrightYear\":\"2017\",\"copyrightHolder\":{\"@id\":\"https:\/\/dicodusport.fr\/blog\/#organization\"}},{\"@type\":\"WebPage\",\"@id\":\"https:\/\/dicodusport.fr\/blog\/sandrine-agricole-bleue-poste-com\/\",\"url\":\"https:\/\/dicodusport.fr\/blog\/sandrine-agricole-bleue-poste-com\/\",\"name\":\"Sandrine Agricole, une Bleue au poste com\u2019 !\",\"isPartOf\":{\"@id\":\"https:\/\/dicodusport.fr\/blog\/#website\"},\"primaryImageOfPage\":{\"@id\":\"https:\/\/dicodusport.fr\/blog\/sandrine-agricole-bleue-poste-com\/#primaryimage\"},\"image\":{\"@id\":\"https:\/\/dicodusport.fr\/blog\/sandrine-agricole-bleue-poste-com\/#primaryimage\"},\"thumbnailUrl\":\"https:\/\/dicodusport.fr\/blog\/wp-content\/uploads\/2017\/08\/Sandrine-Agricole.png\",\"datePublished\":\"2017-08-09T15:25:38+00:00\",\"dateModified\":\"2021-04-13T21:18:54+00:00\",\"description\":\"Rencontre avec l\u2019ancienne demi d\u2019ouverture de l\u2019\u00e9quipe de France F\u00e9minines, Sandrine Agricole, qui a raccroch\u00e9 les crampons apr\u00e8s le Mondial 2014.\",\"breadcrumb\":{\"@id\":\"https:\/\/dicodusport.fr\/blog\/sandrine-agricole-bleue-poste-com\/#breadcrumb\"},\"inLanguage\":\"fr-FR\",\"potentialAction\":[{\"@type\":\"ReadAction\",\"target\":[\"https:\/\/dicodusport.fr\/blog\/sandrine-agricole-bleue-poste-com\/\"]}]},{\"@type\":\"ImageObject\",\"inLanguage\":\"fr-FR\",\"@id\":\"https:\/\/dicodusport.fr\/blog\/sandrine-agricole-bleue-poste-com\/#primaryimage\",\"url\":\"https:\/\/dicodusport.fr\/blog\/wp-content\/uploads\/2017\/08\/Sandrine-Agricole.png\",\"contentUrl\":\"https:\/\/dicodusport.fr\/blog\/wp-content\/uploads\/2017\/08\/Sandrine-Agricole.png\",\"width\":1200,\"height\":670,\"caption\":\"Sandrine Agricole\"},{\"@type\":\"BreadcrumbList\",\"@id\":\"https:\/\/dicodusport.fr\/blog\/sandrine-agricole-bleue-poste-com\/#breadcrumb\",\"itemListElement\":[{\"@type\":\"ListItem\",\"position\":1,\"name\":\"Accueil\",\"item\":\"https:\/\/dicodusport.fr\/blog\/\"},{\"@type\":\"ListItem\",\"position\":2,\"name\":\"Sandrine Agricole, une Bleue au poste com\u2019 !\"}]},{\"@type\":\"WebSite\",\"@id\":\"https:\/\/dicodusport.fr\/blog\/#website\",\"url\":\"https:\/\/dicodusport.fr\/blog\/\",\"name\":\"Dicodusport\",\"description\":\"L&#039;encyclop\u00e9die de l&#039;actualit\u00e9 sportive\",\"publisher\":{\"@id\":\"https:\/\/dicodusport.fr\/blog\/#organization\"},\"potentialAction\":[{\"@type\":\"SearchAction\",\"target\":{\"@type\":\"EntryPoint\",\"urlTemplate\":\"https:\/\/dicodusport.fr\/blog\/?s={search_term_string}\"},\"query-input\":{\"@type\":\"PropertyValueSpecification\",\"valueRequired\":true,\"valueName\":\"search_term_string\"}}],\"inLanguage\":\"fr-FR\"},{\"@type\":\"NewsMediaOrganization\",\"@id\":\"https:\/\/dicodusport.fr\/blog\/#organization\",\"name\":\"Dicodusport\",\"url\":\"https:\/\/dicodusport.fr\/blog\/\",\"logo\":{\"@type\":\"ImageObject\",\"inLanguage\":\"fr-FR\",\"@id\":\"https:\/\/dicodusport.fr\/blog\/#\/schema\/logo\/image\/\",\"url\":\"https:\/\/dicodusport.fr\/blog\/wp-content\/uploads\/2020\/06\/cropped-LOGO-DICODUSPORT-2020-SANS-FOND-SANS-TEXTE.png\",\"contentUrl\":\"https:\/\/dicodusport.fr\/blog\/wp-content\/uploads\/2020\/06\/cropped-LOGO-DICODUSPORT-2020-SANS-FOND-SANS-TEXTE.png\",\"width\":512,\"height\":512,\"caption\":\"Dicodusport\"},\"image\":{\"@id\":\"https:\/\/dicodusport.fr\/blog\/#\/schema\/logo\/image\/\"},\"sameAs\":[\"https:\/\/www.facebook.com\/dicodusport\",\"https:\/\/x.com\/dicodusport\",\"https:\/\/www.instagram.com\/dicodusport\/\",\"https:\/\/www.youtube.com\/channel\/UC7V2KZ5sd3htJivAbA4ZG3w\"],\"description\":\"Dicodusport est l'encyclop\u00e9die de l'actualit\u00e9 sportive.\",\"email\":\"bonjour@dicodusport.fr\",\"legalName\":\"DICODUSPORT\",\"foundingDate\":\"2018-01-14\",\"vatID\":\"FR71834470973\",\"taxID\":\"83447097300043\",\"numberOfEmployees\":{\"@type\":\"QuantitativeValue\",\"minValue\":\"1\",\"maxValue\":\"10\"}},{\"@type\":\"Person\",\"@id\":\"https:\/\/dicodusport.fr\/blog\/#\/schema\/person\/55dcb50ad410894e431ed812bbb70191\",\"name\":\"Nicolas Jacquemard\",\"image\":{\"@type\":\"ImageObject\",\"inLanguage\":\"fr-FR\",\"@id\":\"https:\/\/dicodusport.fr\/blog\/#\/schema\/person\/image\/\",\"url\":\"https:\/\/dicodusport.fr\/blog\/wp-content\/uploads\/2021\/05\/Nicolas-Jacquemard-150x150.jpeg\",\"contentUrl\":\"https:\/\/dicodusport.fr\/blog\/wp-content\/uploads\/2021\/05\/Nicolas-Jacquemard-150x150.jpeg\",\"caption\":\"Nicolas Jacquemard\"},\"description\":\"Passionn\u00e9 de sport et entrepreneur depuis mes 18 ans, la cr\u00e9ation de Dicodusport m'a sembl\u00e9 \u00e9vidente pour participer \u00e0 la m\u00e9diatisation d'un plus grand nombre de sports. Le chemin est long mais avec une \u00e9quipe des plus motiv\u00e9es et les Jeux Olympiques de Paris 2024 en point de mire, nous y arriverons ! Journaliste dans le monde du sport depuis plus de 5 ans, je traite aussi bien de football, de rugby, de biathlon que de cyclisme.\",\"sameAs\":[\"https:\/\/www.facebook.com\/dicodusport\",\"https:\/\/x.com\/https:\/\/twitter.com\/Nico_Jacquemard\"],\"url\":\"https:\/\/dicodusport.fr\/blog\/author\/dicodusport\/\"}]}<\/script>\n<!-- \/ Yoast SEO Premium plugin. -->","yoast_head_json":{"title":"Sandrine Agricole, une Bleue au poste com\u2019 !","description":"Rencontre avec l\u2019ancienne demi d\u2019ouverture de l\u2019\u00e9quipe de France F\u00e9minines, Sandrine Agricole, qui a raccroch\u00e9 les crampons apr\u00e8s le Mondial 2014.","robots":{"index":"index","follow":"follow","max-snippet":"max-snippet:-1","max-image-preview":"max-image-preview:large","max-video-preview":"max-video-preview:-1"},"canonical":"https:\/\/dicodusport.fr\/blog\/sandrine-agricole-bleue-poste-com\/","og_locale":"fr_FR","og_type":"article","og_title":"Sandrine Agricole, une Bleue au poste com\u2019 !","og_description":"Rencontre avec l\u2019ancienne demi d\u2019ouverture de l\u2019\u00e9quipe de France F\u00e9minines, Sandrine Agricole, qui a raccroch\u00e9 les crampons apr\u00e8s le Mondial 2014.","og_url":"https:\/\/dicodusport.fr\/blog\/sandrine-agricole-bleue-poste-com\/","og_site_name":"Dicodusport","article_publisher":"https:\/\/www.facebook.com\/dicodusport","article_author":"https:\/\/www.facebook.com\/dicodusport","article_published_time":"2017-08-09T15:25:38+00:00","article_modified_time":"2021-04-13T21:18:54+00:00","og_image":[{"width":1200,"height":670,"url":"https:\/\/dicodusport.fr\/blog\/wp-content\/uploads\/2017\/08\/Sandrine-Agricole.png","type":"image\/png"}],"author":"Nicolas Jacquemard","twitter_card":"summary_large_image","twitter_creator":"@https:\/\/twitter.com\/Nico_Jacquemard","twitter_site":"@dicodusport","schema":{"@context":"https:\/\/schema.org","@graph":[{"@type":"NewsArticle","@id":"https:\/\/dicodusport.fr\/blog\/sandrine-agricole-bleue-poste-com\/#article","isPartOf":{"@id":"https:\/\/dicodusport.fr\/blog\/sandrine-agricole-bleue-poste-com\/"},"author":{"name":"Nicolas Jacquemard","@id":"https:\/\/dicodusport.fr\/blog\/#\/schema\/person\/55dcb50ad410894e431ed812bbb70191"},"headline":"Sandrine Agricole, une Bleue au poste com\u2019 !","datePublished":"2017-08-09T15:25:38+00:00","dateModified":"2021-04-13T21:18:54+00:00","mainEntityOfPage":{"@id":"https:\/\/dicodusport.fr\/blog\/sandrine-agricole-bleue-poste-com\/"},"wordCount":1379,"commentCount":0,"publisher":{"@id":"https:\/\/dicodusport.fr\/blog\/#organization"},"image":{"@id":"https:\/\/dicodusport.fr\/blog\/sandrine-agricole-bleue-poste-com\/#primaryimage"},"thumbnailUrl":"https:\/\/dicodusport.fr\/blog\/wp-content\/uploads\/2017\/08\/Sandrine-Agricole.png","keywords":["Rugby","rugby f\u00e9minin"],"articleSection":["Coupe du monde de rugby","Portraits"],"inLanguage":"fr-FR","potentialAction":[{"@type":"CommentAction","name":"Comment","target":["https:\/\/dicodusport.fr\/blog\/sandrine-agricole-bleue-poste-com\/#respond"]}],"copyrightYear":"2017","copyrightHolder":{"@id":"https:\/\/dicodusport.fr\/blog\/#organization"}},{"@type":"WebPage","@id":"https:\/\/dicodusport.fr\/blog\/sandrine-agricole-bleue-poste-com\/","url":"https:\/\/dicodusport.fr\/blog\/sandrine-agricole-bleue-poste-com\/","name":"Sandrine Agricole, une Bleue au poste com\u2019 !","isPartOf":{"@id":"https:\/\/dicodusport.fr\/blog\/#website"},"primaryImageOfPage":{"@id":"https:\/\/dicodusport.fr\/blog\/sandrine-agricole-bleue-poste-com\/#primaryimage"},"image":{"@id":"https:\/\/dicodusport.fr\/blog\/sandrine-agricole-bleue-poste-com\/#primaryimage"},"thumbnailUrl":"https:\/\/dicodusport.fr\/blog\/wp-content\/uploads\/2017\/08\/Sandrine-Agricole.png","datePublished":"2017-08-09T15:25:38+00:00","dateModified":"2021-04-13T21:18:54+00:00","description":"Rencontre avec l\u2019ancienne demi d\u2019ouverture de l\u2019\u00e9quipe de France F\u00e9minines, Sandrine Agricole, qui a raccroch\u00e9 les crampons apr\u00e8s le Mondial 2014.","breadcrumb":{"@id":"https:\/\/dicodusport.fr\/blog\/sandrine-agricole-bleue-poste-com\/#breadcrumb"},"inLanguage":"fr-FR","potentialAction":[{"@type":"ReadAction","target":["https:\/\/dicodusport.fr\/blog\/sandrine-agricole-bleue-poste-com\/"]}]},{"@type":"ImageObject","inLanguage":"fr-FR","@id":"https:\/\/dicodusport.fr\/blog\/sandrine-agricole-bleue-poste-com\/#primaryimage","url":"https:\/\/dicodusport.fr\/blog\/wp-content\/uploads\/2017\/08\/Sandrine-Agricole.png","contentUrl":"https:\/\/dicodusport.fr\/blog\/wp-content\/uploads\/2017\/08\/Sandrine-Agricole.png","width":1200,"height":670,"caption":"Sandrine Agricole"},{"@type":"BreadcrumbList","@id":"https:\/\/dicodusport.fr\/blog\/sandrine-agricole-bleue-poste-com\/#breadcrumb","itemListElement":[{"@type":"ListItem","position":1,"name":"Accueil","item":"https:\/\/dicodusport.fr\/blog\/"},{"@type":"ListItem","position":2,"name":"Sandrine Agricole, une Bleue au poste com\u2019 !"}]},{"@type":"WebSite","@id":"https:\/\/dicodusport.fr\/blog\/#website","url":"https:\/\/dicodusport.fr\/blog\/","name":"Dicodusport","description":"L&#039;encyclop\u00e9die de l&#039;actualit\u00e9 sportive","publisher":{"@id":"https:\/\/dicodusport.fr\/blog\/#organization"},"potentialAction":[{"@type":"SearchAction","target":{"@type":"EntryPoint","urlTemplate":"https:\/\/dicodusport.fr\/blog\/?s={search_term_string}"},"query-input":{"@type":"PropertyValueSpecification","valueRequired":true,"valueName":"search_term_string"}}],"inLanguage":"fr-FR"},{"@type":"NewsMediaOrganization","@id":"https:\/\/dicodusport.fr\/blog\/#organization","name":"Dicodusport","url":"https:\/\/dicodusport.fr\/blog\/","logo":{"@type":"ImageObject","inLanguage":"fr-FR","@id":"https:\/\/dicodusport.fr\/blog\/#\/schema\/logo\/image\/","url":"https:\/\/dicodusport.fr\/blog\/wp-content\/uploads\/2020\/06\/cropped-LOGO-DICODUSPORT-2020-SANS-FOND-SANS-TEXTE.png","contentUrl":"https:\/\/dicodusport.fr\/blog\/wp-content\/uploads\/2020\/06\/cropped-LOGO-DICODUSPORT-2020-SANS-FOND-SANS-TEXTE.png","width":512,"height":512,"caption":"Dicodusport"},"image":{"@id":"https:\/\/dicodusport.fr\/blog\/#\/schema\/logo\/image\/"},"sameAs":["https:\/\/www.facebook.com\/dicodusport","https:\/\/x.com\/dicodusport","https:\/\/www.instagram.com\/dicodusport\/","https:\/\/www.youtube.com\/channel\/UC7V2KZ5sd3htJivAbA4ZG3w"],"description":"Dicodusport est l'encyclop\u00e9die de l'actualit\u00e9 sportive.","email":"bonjour@dicodusport.fr","legalName":"DICODUSPORT","foundingDate":"2018-01-14","vatID":"FR71834470973","taxID":"83447097300043","numberOfEmployees":{"@type":"QuantitativeValue","minValue":"1","maxValue":"10"}},{"@type":"Person","@id":"https:\/\/dicodusport.fr\/blog\/#\/schema\/person\/55dcb50ad410894e431ed812bbb70191","name":"Nicolas Jacquemard","image":{"@type":"ImageObject","inLanguage":"fr-FR","@id":"https:\/\/dicodusport.fr\/blog\/#\/schema\/person\/image\/","url":"https:\/\/dicodusport.fr\/blog\/wp-content\/uploads\/2021\/05\/Nicolas-Jacquemard-150x150.jpeg","contentUrl":"https:\/\/dicodusport.fr\/blog\/wp-content\/uploads\/2021\/05\/Nicolas-Jacquemard-150x150.jpeg","caption":"Nicolas Jacquemard"},"description":"Passionn\u00e9 de sport et entrepreneur depuis mes 18 ans, la cr\u00e9ation de Dicodusport m'a sembl\u00e9 \u00e9vidente pour participer \u00e0 la m\u00e9diatisation d'un plus grand nombre de sports. Le chemin est long mais avec une \u00e9quipe des plus motiv\u00e9es et les Jeux Olympiques de Paris 2024 en point de mire, nous y arriverons ! Journaliste dans le monde du sport depuis plus de 5 ans, je traite aussi bien de football, de rugby, de biathlon que de cyclisme.","sameAs":["https:\/\/www.facebook.com\/dicodusport","https:\/\/x.com\/https:\/\/twitter.com\/Nico_Jacquemard"],"url":"https:\/\/dicodusport.fr\/blog\/author\/dicodusport\/"}]}},"_links":{"self":[{"href":"https:\/\/dicodusport.fr\/blog\/wp-json\/wp\/v2\/posts\/3898","targetHints":{"allow":["GET"]}}],"collection":[{"href":"https:\/\/dicodusport.fr\/blog\/wp-json\/wp\/v2\/posts"}],"about":[{"href":"https:\/\/dicodusport.fr\/blog\/wp-json\/wp\/v2\/types\/post"}],"author":[{"embeddable":true,"href":"https:\/\/dicodusport.fr\/blog\/wp-json\/wp\/v2\/users\/1"}],"replies":[{"embeddable":true,"href":"https:\/\/dicodusport.fr\/blog\/wp-json\/wp\/v2\/comments?post=3898"}],"version-history":[{"count":0,"href":"https:\/\/dicodusport.fr\/blog\/wp-json\/wp\/v2\/posts\/3898\/revisions"}],"wp:featuredmedia":[{"embeddable":true,"href":"https:\/\/dicodusport.fr\/blog\/wp-json\/wp\/v2\/media\/3895"}],"wp:attachment":[{"href":"https:\/\/dicodusport.fr\/blog\/wp-json\/wp\/v2\/media?parent=3898"}],"wp:term":[{"taxonomy":"category","embeddable":true,"href":"https:\/\/dicodusport.fr\/blog\/wp-json\/wp\/v2\/categories?post=3898"},{"taxonomy":"post_tag","embeddable":true,"href":"https:\/\/dicodusport.fr\/blog\/wp-json\/wp\/v2\/tags?post=3898"}],"curies":[{"name":"wp","href":"https:\/\/api.w.org\/{rel}","templated":true}]}}