{"id":390345,"date":"2023-06-11T14:32:35","date_gmt":"2023-06-11T12:32:35","guid":{"rendered":"https:\/\/dicodusport.fr\/blog\/?p=390345&#038;preview=true&#038;preview_id=390345"},"modified":"2023-06-11T16:37:10","modified_gmt":"2023-06-11T14:37:10","slug":"vtt-xco-lenzerheide-loana-lecomte-simpose-en-suisse-devant-anne-terpstra","status":"publish","type":"post","link":"https:\/\/dicodusport.fr\/blog\/vtt-xco-lenzerheide-loana-lecomte-simpose-en-suisse-devant-anne-terpstra\/","title":{"rendered":"VTT XCO Lenzerheide : Loana Lecomte s&rsquo;impose en Suisse devant Anne Terpstra"},"content":{"rendered":"<p align=\"justify\"><em><strong>VTT XCO LENZERHEIDE &#8211; Loana Lecomte remporte sa 8e course au format olympique en carri\u00e8re devant Anne Terpstra et Alessandra Keller. Pauline Ferrand-Pr\u00e9vot a craqu\u00e9 dans le dernier tour, elle est 4e.<\/strong><\/em><\/p>\n<p style=\"text-align: justify;\"><span style=\"font-weight: 400;\">De l&rsquo;arc-en-ciel, des \u00e9toiles et beaucoup de bleu-blanc-rouge. Les deux t\u00eates d&rsquo;affiche du VTT fran\u00e7ais, <\/span><b>Loana Lecomte <\/b><span style=\"font-weight: 400;\">et <\/span><b>Pauline Ferrand-Pr\u00e9vot, <\/b><span style=\"font-weight: 400;\">ont \u00e9t\u00e9 les grandes animatrices de l&rsquo;\u00e9tape suisse de Lenzerheide. C&rsquo;est la cadette qui a \u00e9t\u00e9 la plus forte. La jeune femme aux tresses blondes l\u00e8ve les bras dans les Grisons en imprimant un rythme monstrueux dans le dernier tour. <\/span><b>Anne Terpstra <\/b><span style=\"font-weight: 400;\">et <\/span><b>Alessandra Keller <\/b><span style=\"font-weight: 400;\">suivent, <\/span><b>\u00ab\u00a0PFP\u00a0\u00bb <\/b><span style=\"font-weight: 400;\">s&rsquo;est effondr\u00e9e dans la derni\u00e8re boucle et finit 4e. <\/span><b>Lecomte\u00a0<\/b>se place maintenant 2e du classement g\u00e9n\u00e9ral \u00e0 9 petits points de\u00a0<strong>Puck Pieterse<\/strong>, 5e aujourd&rsquo;hui.<\/p>\n<p style=\"text-align: justify;\"><span style=\"font-weight: 400;\">Sur un trac\u00e9 sinueux, \u00e9troit, une dizaine de femmes font un premier \u00e9cart dans le start loop. Toutes les favorites sont pr\u00e9sentes sauf <\/span><b>Jolanda Neff <\/b><span style=\"font-weight: 400;\">et <\/span><b>Mona Mitterwallner<\/b><span style=\"font-weight: 400;\">, isol\u00e9es au-del\u00e0 de la 20e place. Un temps bien au chaud dans le groupe de t\u00eate, <\/span><b>Loana Lecomte <\/b><span style=\"font-weight: 400;\">acc\u00e9l\u00e8re en passant devant la zone technique. La Haut-Savoyarde semble, comme d&rsquo;habitude, \u00e0 son aise dans les sections les plus pentues. <\/span><b>Jenny Rissveds <\/b><span style=\"font-weight: 400;\">se glisse dans sa roue, un copier-coller de l&rsquo;\u00e9dition pr\u00e9c\u00e9dente \u00e0 Lenzerheide.<\/span><\/p>\n<h2 style=\"text-align: justify;\" align=\"justify\">Lecomte, plus solide que ses adversaires<\/h2>\n<p style=\"text-align: justify;\"><span style=\"font-weight: 400;\">Statu quo \u00e0 mi-course. Aux avant-postes, un groupe de 5, un match France &#8211; Pays-Bas arbitr\u00e9 par la locale <\/span><b>Alessandra Keller<\/b><span style=\"font-weight: 400;\">. <\/span><b>Ferrand-Pr\u00e9vot<\/b><span style=\"font-weight: 400;\"> et <\/span><b>Lecomte <\/b><span style=\"font-weight: 400;\">d&rsquo;un c\u00f4t\u00e9, <\/span><b>Terpstra <\/b><span style=\"font-weight: 400;\">et <\/span><b>Pieterse <\/b><span style=\"font-weight: 400;\">de l&rsquo;autre. Les Tricolores sont assez faciles, aucun signe de fatigue dans leur mani\u00e8re de rouler, de se comporter. Celle qui ressent un peu plus de difficult\u00e9s se nomme <\/span><b>Puck Pieterse<\/b><span style=\"font-weight: 400;\">. La victorieuse de la XCO de Nove Mesto tente de rester avec les leaders mais finit par l\u00e2cher de l&rsquo;\u00e9nergie et des secondes. Le circuit du canton des Grisons est technique et ne cr\u00e9e que peu d&rsquo;\u00e9cart. Le Top 10 se trouve dans la m\u00eame minute \u00e0 deux boucles de l&rsquo;arriv\u00e9e.<\/span><\/p>\n<p style=\"text-align: justify;\"><span style=\"font-weight: 400;\">C&rsquo;est dans la seconde partie de l&rsquo;avant-dernier tour que cette course au format olympique se d\u00e9cante. <\/span><b>Pauline Ferrand-Pr\u00e9vot <\/b><span style=\"font-weight: 400;\">et <\/span><b>Loana Lecomte <\/b><span style=\"font-weight: 400;\">l\u00e2chent <\/span><b>Keller <\/b><span style=\"font-weight: 400;\">et <\/span><b>Terpstra<\/b><span style=\"font-weight: 400;\">, rel\u00e9gu\u00e9es plusieurs dizaines de m\u00e8tres derri\u00e8re. La premi\u00e8re mont\u00e9e s\u00e8che au d\u00e9but du trac\u00e9 est au b\u00e9n\u00e9fice de <\/span><b>Loana Lecomte <\/b><span style=\"font-weight: 400;\">et ses qualit\u00e9s. L&rsquo;Ann\u00e9cienne de 23 ans fait exploser <\/span><b>\u00ab\u00a0PFP\u00a0\u00bb <\/b><span style=\"font-weight: 400;\">\u00e0 la p\u00e9dale et s&rsquo;en va chercher sa 10e victoire en Coupe du Monde (XCC et XCO cumul\u00e9). Cette derni\u00e8re termine difficilement et se fait devancer pour la 3e place par <\/span><b>Alessandra Keller<\/b><span style=\"font-weight: 400;\"> dans le derniervirage. <\/span><b>Anne Terpstra<\/b><span style=\"font-weight: 400;\">, impressionnante de bout en bout, se classe 2e entre les deux derni\u00e8res vainqueurs du classement g\u00e9n\u00e9ral. <\/span><b>Line Burquier <\/b><span style=\"font-weight: 400;\">termine 11e de sa seconde XCO en \u00e9lite.<\/span><\/p>\n<blockquote class=\"twitter-tweet\">\n<p dir=\"ltr\" lang=\"fr\">Le show Loana Lecomte ! Magnifique victoire de la Fran\u00e7aise \ud83c\uddeb\ud83c\uddf7 qui remporte la deuxi\u00e8me \u00e9tape de la Coupe du monde de VTT \u00e0 Lenzerheide ! <a href=\"https:\/\/twitter.com\/hashtag\/weekenddeschampions?src=hash&amp;ref_src=twsrc%5Etfw\">#weekenddeschampions<\/a> <a href=\"https:\/\/t.co\/SkCKsoK3Ks\">pic.twitter.com\/SkCKsoK3Ks<\/a><\/p>\n<p>\u2014 Eurosport France (@Eurosport_FR) <a href=\"https:\/\/twitter.com\/Eurosport_FR\/status\/1667871625436446720?ref_src=twsrc%5Etfw\">June 11, 2023<\/a><\/p><\/blockquote>\n<p><script async src=\"https:\/\/platform.twitter.com\/widgets.js\" charset=\"utf-8\"><\/script><\/p>\n<h2 style=\"text-align: justify;\" align=\"justify\">\u00c0 lire aussi<\/h2>\n<ul>\n<li style=\"text-align: justify;\"><a href=\"https:\/\/dicodusport.fr\/blog\/vtt-xco-lenzerheide-classement-de-la-course-femmes\/\"><strong>Le classement de la course femmes<\/strong><\/a><\/li>\n<li style=\"text-align: justify;\"><a href=\"https:\/\/dicodusport.fr\/blog\/vtt-cross-country-classement-general-coupe-du-monde-2023\/\"><strong>Classement g\u00e9n\u00e9ral de la Coupe du monde de VTT XC<\/strong><\/a><\/li>\n<li style=\"text-align: justify;\"><a href=\"https:\/\/dicodusport.fr\/blog\/vtt-xc-coupe-du-monde-2023-calendrier-et-resultats\/\"><strong>Calendrier et r\u00e9sultats de la Coupe du monde de VTT XC 2023<\/strong><\/a><\/li>\n<\/ul>\n","protected":false},"excerpt":{"rendered":"<p>VTT XCO LENZERHEIDE &#8211; Loana Lecomte remporte sa 8e course au format olympique en carri\u00e8re devant Anne Terpstra et Alessandra Keller. Pauline Ferrand-Pr\u00e9vot a craqu\u00e9 dans le dernier tour, elle est 4e.<\/p>\n","protected":false},"author":61,"featured_media":390474,"comment_status":"open","ping_status":"closed","sticky":false,"template":"","format":"standard","meta":{"_acf_changed":false,"_daextam_enable_autolinks":"","footnotes":""},"categories":[10279],"tags":[16878,692,19045],"class_list":["post-390345","post","type-post","status-publish","format-standard","has-post-thumbnail","hentry","category-vtt","tag-breve","tag-vtt","tag-vtt-xco-lenzerheide"],"acf":[],"yoast_head":"<!-- This site is optimized with the Yoast SEO Premium plugin v26.7 (Yoast SEO v26.7) - https:\/\/yoast.com\/wordpress\/plugins\/seo\/ -->\n<title>VTT XCO Lenzerheide : Loana Lecomte s&#039;impose en Suisse devant Anne Terpstra<\/title>\n<meta name=\"description\" content=\"Loana Lecomte remporte sa 8e course au format olympique en carri\u00e8re devant Anne Terpstra et Alessandra Keller.\" \/>\n<meta name=\"robots\" content=\"index, follow, max-snippet:-1, max-image-preview:large, max-video-preview:-1\" \/>\n<link rel=\"canonical\" href=\"https:\/\/dicodusport.fr\/blog\/vtt-xco-lenzerheide-loana-lecomte-simpose-en-suisse-devant-anne-terpstra\/\" \/>\n<meta property=\"og:locale\" content=\"fr_FR\" \/>\n<meta property=\"og:type\" content=\"article\" \/>\n<meta property=\"og:title\" content=\"VTT XCO Lenzerheide : Loana Lecomte s&#039;impose en Suisse devant Anne Terpstra\" \/>\n<meta property=\"og:description\" content=\"Loana Lecomte remporte sa 8e course au format olympique en carri\u00e8re devant Anne Terpstra et Alessandra Keller.\" \/>\n<meta property=\"og:url\" content=\"https:\/\/dicodusport.fr\/blog\/vtt-xco-lenzerheide-loana-lecomte-simpose-en-suisse-devant-anne-terpstra\/\" \/>\n<meta property=\"og:site_name\" content=\"Dicodusport\" \/>\n<meta property=\"article:publisher\" content=\"https:\/\/www.facebook.com\/dicodusport\" \/>\n<meta property=\"article:published_time\" content=\"2023-06-11T12:32:35+00:00\" \/>\n<meta property=\"article:modified_time\" content=\"2023-06-11T14:37:10+00:00\" \/>\n<meta property=\"og:image\" content=\"https:\/\/dicodusport.fr\/blog\/wp-content\/uploads\/2023\/06\/VTT-XCO-Lenzerheide-Loana-Lecomte-simpose-en-Suisse-devant-Anne-Terpstra-1.png\" \/>\n\t<meta property=\"og:image:width\" content=\"800\" \/>\n\t<meta property=\"og:image:height\" content=\"445\" \/>\n\t<meta property=\"og:image:type\" content=\"image\/png\" \/>\n<meta name=\"author\" content=\"Pierre Gorce\" \/>\n<meta name=\"twitter:card\" content=\"summary_large_image\" \/>\n<meta name=\"twitter:title\" content=\"VTT XCO Lenzerheide : Loana Lecomte s&#039;impose en Suisse devant Anne Terpstra\" \/>\n<meta name=\"twitter:creator\" content=\"@https:\/\/twitter.com\/pierregorce12\" \/>\n<meta name=\"twitter:site\" content=\"@dicodusport\" \/>\n<script type=\"application\/ld+json\" class=\"yoast-schema-graph\">{\"@context\":\"https:\/\/schema.org\",\"@graph\":[{\"@type\":\"NewsArticle\",\"@id\":\"https:\/\/dicodusport.fr\/blog\/vtt-xco-lenzerheide-loana-lecomte-simpose-en-suisse-devant-anne-terpstra\/#article\",\"isPartOf\":{\"@id\":\"https:\/\/dicodusport.fr\/blog\/vtt-xco-lenzerheide-loana-lecomte-simpose-en-suisse-devant-anne-terpstra\/\"},\"author\":{\"name\":\"Pierre Gorce\",\"@id\":\"https:\/\/dicodusport.fr\/blog\/#\/schema\/person\/0eaf70b33d703a1a66b1155ac1bda018\"},\"headline\":\"VTT XCO Lenzerheide : Loana Lecomte s&rsquo;impose en Suisse devant Anne Terpstra\",\"datePublished\":\"2023-06-11T12:32:35+00:00\",\"dateModified\":\"2023-06-11T14:37:10+00:00\",\"mainEntityOfPage\":{\"@id\":\"https:\/\/dicodusport.fr\/blog\/vtt-xco-lenzerheide-loana-lecomte-simpose-en-suisse-devant-anne-terpstra\/\"},\"wordCount\":573,\"commentCount\":0,\"publisher\":{\"@id\":\"https:\/\/dicodusport.fr\/blog\/#organization\"},\"image\":{\"@id\":\"https:\/\/dicodusport.fr\/blog\/vtt-xco-lenzerheide-loana-lecomte-simpose-en-suisse-devant-anne-terpstra\/#primaryimage\"},\"thumbnailUrl\":\"https:\/\/dicodusport.fr\/blog\/wp-content\/uploads\/2023\/06\/VTT-XCO-Lenzerheide-Loana-Lecomte-simpose-en-Suisse-devant-Anne-Terpstra-1.png\",\"keywords\":[\"br\u00e8ve\",\"VTT\",\"VTT XCO Lenzerheide\"],\"articleSection\":[\"VTT\"],\"inLanguage\":\"fr-FR\",\"potentialAction\":[{\"@type\":\"CommentAction\",\"name\":\"Comment\",\"target\":[\"https:\/\/dicodusport.fr\/blog\/vtt-xco-lenzerheide-loana-lecomte-simpose-en-suisse-devant-anne-terpstra\/#respond\"]}],\"copyrightYear\":\"2023\",\"copyrightHolder\":{\"@id\":\"https:\/\/dicodusport.fr\/blog\/#organization\"}},{\"@type\":\"WebPage\",\"@id\":\"https:\/\/dicodusport.fr\/blog\/vtt-xco-lenzerheide-loana-lecomte-simpose-en-suisse-devant-anne-terpstra\/\",\"url\":\"https:\/\/dicodusport.fr\/blog\/vtt-xco-lenzerheide-loana-lecomte-simpose-en-suisse-devant-anne-terpstra\/\",\"name\":\"VTT XCO Lenzerheide : Loana Lecomte s'impose en Suisse devant Anne Terpstra\",\"isPartOf\":{\"@id\":\"https:\/\/dicodusport.fr\/blog\/#website\"},\"primaryImageOfPage\":{\"@id\":\"https:\/\/dicodusport.fr\/blog\/vtt-xco-lenzerheide-loana-lecomte-simpose-en-suisse-devant-anne-terpstra\/#primaryimage\"},\"image\":{\"@id\":\"https:\/\/dicodusport.fr\/blog\/vtt-xco-lenzerheide-loana-lecomte-simpose-en-suisse-devant-anne-terpstra\/#primaryimage\"},\"thumbnailUrl\":\"https:\/\/dicodusport.fr\/blog\/wp-content\/uploads\/2023\/06\/VTT-XCO-Lenzerheide-Loana-Lecomte-simpose-en-Suisse-devant-Anne-Terpstra-1.png\",\"datePublished\":\"2023-06-11T12:32:35+00:00\",\"dateModified\":\"2023-06-11T14:37:10+00:00\",\"description\":\"Loana Lecomte remporte sa 8e course au format olympique en carri\u00e8re devant Anne Terpstra et Alessandra Keller.\",\"breadcrumb\":{\"@id\":\"https:\/\/dicodusport.fr\/blog\/vtt-xco-lenzerheide-loana-lecomte-simpose-en-suisse-devant-anne-terpstra\/#breadcrumb\"},\"inLanguage\":\"fr-FR\",\"potentialAction\":[{\"@type\":\"ReadAction\",\"target\":[\"https:\/\/dicodusport.fr\/blog\/vtt-xco-lenzerheide-loana-lecomte-simpose-en-suisse-devant-anne-terpstra\/\"]}]},{\"@type\":\"ImageObject\",\"inLanguage\":\"fr-FR\",\"@id\":\"https:\/\/dicodusport.fr\/blog\/vtt-xco-lenzerheide-loana-lecomte-simpose-en-suisse-devant-anne-terpstra\/#primaryimage\",\"url\":\"https:\/\/dicodusport.fr\/blog\/wp-content\/uploads\/2023\/06\/VTT-XCO-Lenzerheide-Loana-Lecomte-simpose-en-Suisse-devant-Anne-Terpstra-1.png\",\"contentUrl\":\"https:\/\/dicodusport.fr\/blog\/wp-content\/uploads\/2023\/06\/VTT-XCO-Lenzerheide-Loana-Lecomte-simpose-en-Suisse-devant-Anne-Terpstra-1.png\",\"width\":800,\"height\":445,\"caption\":\"VTT XCO Lenzerheide Loana Lecomte s'impose en Suisse devant Anne Terpstra (1)\"},{\"@type\":\"BreadcrumbList\",\"@id\":\"https:\/\/dicodusport.fr\/blog\/vtt-xco-lenzerheide-loana-lecomte-simpose-en-suisse-devant-anne-terpstra\/#breadcrumb\",\"itemListElement\":[{\"@type\":\"ListItem\",\"position\":1,\"name\":\"Accueil\",\"item\":\"https:\/\/dicodusport.fr\/blog\/\"},{\"@type\":\"ListItem\",\"position\":2,\"name\":\"VTT XCO Lenzerheide : Loana Lecomte s&rsquo;impose en Suisse devant Anne Terpstra\"}]},{\"@type\":\"WebSite\",\"@id\":\"https:\/\/dicodusport.fr\/blog\/#website\",\"url\":\"https:\/\/dicodusport.fr\/blog\/\",\"name\":\"Dicodusport\",\"description\":\"L&#039;encyclop\u00e9die de l&#039;actualit\u00e9 sportive\",\"publisher\":{\"@id\":\"https:\/\/dicodusport.fr\/blog\/#organization\"},\"potentialAction\":[{\"@type\":\"SearchAction\",\"target\":{\"@type\":\"EntryPoint\",\"urlTemplate\":\"https:\/\/dicodusport.fr\/blog\/?s={search_term_string}\"},\"query-input\":{\"@type\":\"PropertyValueSpecification\",\"valueRequired\":true,\"valueName\":\"search_term_string\"}}],\"inLanguage\":\"fr-FR\"},{\"@type\":\"NewsMediaOrganization\",\"@id\":\"https:\/\/dicodusport.fr\/blog\/#organization\",\"name\":\"Dicodusport\",\"url\":\"https:\/\/dicodusport.fr\/blog\/\",\"logo\":{\"@type\":\"ImageObject\",\"inLanguage\":\"fr-FR\",\"@id\":\"https:\/\/dicodusport.fr\/blog\/#\/schema\/logo\/image\/\",\"url\":\"https:\/\/dicodusport.fr\/blog\/wp-content\/uploads\/2020\/06\/cropped-LOGO-DICODUSPORT-2020-SANS-FOND-SANS-TEXTE.png\",\"contentUrl\":\"https:\/\/dicodusport.fr\/blog\/wp-content\/uploads\/2020\/06\/cropped-LOGO-DICODUSPORT-2020-SANS-FOND-SANS-TEXTE.png\",\"width\":512,\"height\":512,\"caption\":\"Dicodusport\"},\"image\":{\"@id\":\"https:\/\/dicodusport.fr\/blog\/#\/schema\/logo\/image\/\"},\"sameAs\":[\"https:\/\/www.facebook.com\/dicodusport\",\"https:\/\/x.com\/dicodusport\",\"https:\/\/www.instagram.com\/dicodusport\/\",\"https:\/\/www.youtube.com\/channel\/UC7V2KZ5sd3htJivAbA4ZG3w\"],\"description\":\"Dicodusport est l'encyclop\u00e9die de l'actualit\u00e9 sportive.\",\"email\":\"bonjour@dicodusport.fr\",\"legalName\":\"DICODUSPORT\",\"foundingDate\":\"2018-01-14\",\"vatID\":\"FR71834470973\",\"taxID\":\"83447097300043\",\"numberOfEmployees\":{\"@type\":\"QuantitativeValue\",\"minValue\":\"1\",\"maxValue\":\"10\"}},{\"@type\":\"Person\",\"@id\":\"https:\/\/dicodusport.fr\/blog\/#\/schema\/person\/0eaf70b33d703a1a66b1155ac1bda018\",\"name\":\"Pierre Gorce\",\"image\":{\"@type\":\"ImageObject\",\"inLanguage\":\"fr-FR\",\"@id\":\"https:\/\/dicodusport.fr\/blog\/#\/schema\/person\/image\/\",\"url\":\"https:\/\/dicodusport.fr\/blog\/wp-content\/uploads\/2022\/03\/IMG_20211214_233053_722-150x150.jpg\",\"contentUrl\":\"https:\/\/dicodusport.fr\/blog\/wp-content\/uploads\/2022\/03\/IMG_20211214_233053_722-150x150.jpg\",\"caption\":\"Pierre Gorce\"},\"description\":\"Couteau suisse venant tout droit de Haute-Savoie. Habitu\u00e9 \u00e0 regarder du sport depuis petit, j'en ai maintenant fait mon m\u00e9tier. Des sports d'hiver au surf, en passant par le tennis, la F1, le handball et l'athl\u00e9tisme, j'essaie d'avoir mes yeux sur l'enti\u00e8ret\u00e9 de l'actualit\u00e9. Jeune homme berc\u00e9 par les exploits de Jean-Baptiste Grange, Sebastian Vettel et des Experts. Membre de la g\u00e9n\u00e9ration 1999 comme Luka Doncic, Sydney McLaughlin, Lando Norris et Loana Lecomte, mais avec beaucoup moins de talent qu'eux.\",\"sameAs\":[\"https:\/\/x.com\/https:\/\/twitter.com\/pierregorce12\"],\"birthDate\":\"1999-08-29\",\"url\":\"https:\/\/dicodusport.fr\/blog\/author\/pierreg\/\"}]}<\/script>\n<!-- \/ Yoast SEO Premium plugin. -->","yoast_head_json":{"title":"VTT XCO Lenzerheide : Loana Lecomte s'impose en Suisse devant Anne Terpstra","description":"Loana Lecomte remporte sa 8e course au format olympique en carri\u00e8re devant Anne Terpstra et Alessandra Keller.","robots":{"index":"index","follow":"follow","max-snippet":"max-snippet:-1","max-image-preview":"max-image-preview:large","max-video-preview":"max-video-preview:-1"},"canonical":"https:\/\/dicodusport.fr\/blog\/vtt-xco-lenzerheide-loana-lecomte-simpose-en-suisse-devant-anne-terpstra\/","og_locale":"fr_FR","og_type":"article","og_title":"VTT XCO Lenzerheide : Loana Lecomte s'impose en Suisse devant Anne Terpstra","og_description":"Loana Lecomte remporte sa 8e course au format olympique en carri\u00e8re devant Anne Terpstra et Alessandra Keller.","og_url":"https:\/\/dicodusport.fr\/blog\/vtt-xco-lenzerheide-loana-lecomte-simpose-en-suisse-devant-anne-terpstra\/","og_site_name":"Dicodusport","article_publisher":"https:\/\/www.facebook.com\/dicodusport","article_published_time":"2023-06-11T12:32:35+00:00","article_modified_time":"2023-06-11T14:37:10+00:00","og_image":[{"width":800,"height":445,"url":"https:\/\/dicodusport.fr\/blog\/wp-content\/uploads\/2023\/06\/VTT-XCO-Lenzerheide-Loana-Lecomte-simpose-en-Suisse-devant-Anne-Terpstra-1.png","type":"image\/png"}],"author":"Pierre Gorce","twitter_card":"summary_large_image","twitter_title":"VTT XCO Lenzerheide : Loana Lecomte s'impose en Suisse devant Anne Terpstra","twitter_creator":"@https:\/\/twitter.com\/pierregorce12","twitter_site":"@dicodusport","schema":{"@context":"https:\/\/schema.org","@graph":[{"@type":"NewsArticle","@id":"https:\/\/dicodusport.fr\/blog\/vtt-xco-lenzerheide-loana-lecomte-simpose-en-suisse-devant-anne-terpstra\/#article","isPartOf":{"@id":"https:\/\/dicodusport.fr\/blog\/vtt-xco-lenzerheide-loana-lecomte-simpose-en-suisse-devant-anne-terpstra\/"},"author":{"name":"Pierre Gorce","@id":"https:\/\/dicodusport.fr\/blog\/#\/schema\/person\/0eaf70b33d703a1a66b1155ac1bda018"},"headline":"VTT XCO Lenzerheide : Loana Lecomte s&rsquo;impose en Suisse devant Anne Terpstra","datePublished":"2023-06-11T12:32:35+00:00","dateModified":"2023-06-11T14:37:10+00:00","mainEntityOfPage":{"@id":"https:\/\/dicodusport.fr\/blog\/vtt-xco-lenzerheide-loana-lecomte-simpose-en-suisse-devant-anne-terpstra\/"},"wordCount":573,"commentCount":0,"publisher":{"@id":"https:\/\/dicodusport.fr\/blog\/#organization"},"image":{"@id":"https:\/\/dicodusport.fr\/blog\/vtt-xco-lenzerheide-loana-lecomte-simpose-en-suisse-devant-anne-terpstra\/#primaryimage"},"thumbnailUrl":"https:\/\/dicodusport.fr\/blog\/wp-content\/uploads\/2023\/06\/VTT-XCO-Lenzerheide-Loana-Lecomte-simpose-en-Suisse-devant-Anne-Terpstra-1.png","keywords":["br\u00e8ve","VTT","VTT XCO Lenzerheide"],"articleSection":["VTT"],"inLanguage":"fr-FR","potentialAction":[{"@type":"CommentAction","name":"Comment","target":["https:\/\/dicodusport.fr\/blog\/vtt-xco-lenzerheide-loana-lecomte-simpose-en-suisse-devant-anne-terpstra\/#respond"]}],"copyrightYear":"2023","copyrightHolder":{"@id":"https:\/\/dicodusport.fr\/blog\/#organization"}},{"@type":"WebPage","@id":"https:\/\/dicodusport.fr\/blog\/vtt-xco-lenzerheide-loana-lecomte-simpose-en-suisse-devant-anne-terpstra\/","url":"https:\/\/dicodusport.fr\/blog\/vtt-xco-lenzerheide-loana-lecomte-simpose-en-suisse-devant-anne-terpstra\/","name":"VTT XCO Lenzerheide : Loana Lecomte s'impose en Suisse devant Anne Terpstra","isPartOf":{"@id":"https:\/\/dicodusport.fr\/blog\/#website"},"primaryImageOfPage":{"@id":"https:\/\/dicodusport.fr\/blog\/vtt-xco-lenzerheide-loana-lecomte-simpose-en-suisse-devant-anne-terpstra\/#primaryimage"},"image":{"@id":"https:\/\/dicodusport.fr\/blog\/vtt-xco-lenzerheide-loana-lecomte-simpose-en-suisse-devant-anne-terpstra\/#primaryimage"},"thumbnailUrl":"https:\/\/dicodusport.fr\/blog\/wp-content\/uploads\/2023\/06\/VTT-XCO-Lenzerheide-Loana-Lecomte-simpose-en-Suisse-devant-Anne-Terpstra-1.png","datePublished":"2023-06-11T12:32:35+00:00","dateModified":"2023-06-11T14:37:10+00:00","description":"Loana Lecomte remporte sa 8e course au format olympique en carri\u00e8re devant Anne Terpstra et Alessandra Keller.","breadcrumb":{"@id":"https:\/\/dicodusport.fr\/blog\/vtt-xco-lenzerheide-loana-lecomte-simpose-en-suisse-devant-anne-terpstra\/#breadcrumb"},"inLanguage":"fr-FR","potentialAction":[{"@type":"ReadAction","target":["https:\/\/dicodusport.fr\/blog\/vtt-xco-lenzerheide-loana-lecomte-simpose-en-suisse-devant-anne-terpstra\/"]}]},{"@type":"ImageObject","inLanguage":"fr-FR","@id":"https:\/\/dicodusport.fr\/blog\/vtt-xco-lenzerheide-loana-lecomte-simpose-en-suisse-devant-anne-terpstra\/#primaryimage","url":"https:\/\/dicodusport.fr\/blog\/wp-content\/uploads\/2023\/06\/VTT-XCO-Lenzerheide-Loana-Lecomte-simpose-en-Suisse-devant-Anne-Terpstra-1.png","contentUrl":"https:\/\/dicodusport.fr\/blog\/wp-content\/uploads\/2023\/06\/VTT-XCO-Lenzerheide-Loana-Lecomte-simpose-en-Suisse-devant-Anne-Terpstra-1.png","width":800,"height":445,"caption":"VTT XCO Lenzerheide Loana Lecomte s'impose en Suisse devant Anne Terpstra (1)"},{"@type":"BreadcrumbList","@id":"https:\/\/dicodusport.fr\/blog\/vtt-xco-lenzerheide-loana-lecomte-simpose-en-suisse-devant-anne-terpstra\/#breadcrumb","itemListElement":[{"@type":"ListItem","position":1,"name":"Accueil","item":"https:\/\/dicodusport.fr\/blog\/"},{"@type":"ListItem","position":2,"name":"VTT XCO Lenzerheide : Loana Lecomte s&rsquo;impose en Suisse devant Anne Terpstra"}]},{"@type":"WebSite","@id":"https:\/\/dicodusport.fr\/blog\/#website","url":"https:\/\/dicodusport.fr\/blog\/","name":"Dicodusport","description":"L&#039;encyclop\u00e9die de l&#039;actualit\u00e9 sportive","publisher":{"@id":"https:\/\/dicodusport.fr\/blog\/#organization"},"potentialAction":[{"@type":"SearchAction","target":{"@type":"EntryPoint","urlTemplate":"https:\/\/dicodusport.fr\/blog\/?s={search_term_string}"},"query-input":{"@type":"PropertyValueSpecification","valueRequired":true,"valueName":"search_term_string"}}],"inLanguage":"fr-FR"},{"@type":"NewsMediaOrganization","@id":"https:\/\/dicodusport.fr\/blog\/#organization","name":"Dicodusport","url":"https:\/\/dicodusport.fr\/blog\/","logo":{"@type":"ImageObject","inLanguage":"fr-FR","@id":"https:\/\/dicodusport.fr\/blog\/#\/schema\/logo\/image\/","url":"https:\/\/dicodusport.fr\/blog\/wp-content\/uploads\/2020\/06\/cropped-LOGO-DICODUSPORT-2020-SANS-FOND-SANS-TEXTE.png","contentUrl":"https:\/\/dicodusport.fr\/blog\/wp-content\/uploads\/2020\/06\/cropped-LOGO-DICODUSPORT-2020-SANS-FOND-SANS-TEXTE.png","width":512,"height":512,"caption":"Dicodusport"},"image":{"@id":"https:\/\/dicodusport.fr\/blog\/#\/schema\/logo\/image\/"},"sameAs":["https:\/\/www.facebook.com\/dicodusport","https:\/\/x.com\/dicodusport","https:\/\/www.instagram.com\/dicodusport\/","https:\/\/www.youtube.com\/channel\/UC7V2KZ5sd3htJivAbA4ZG3w"],"description":"Dicodusport est l'encyclop\u00e9die de l'actualit\u00e9 sportive.","email":"bonjour@dicodusport.fr","legalName":"DICODUSPORT","foundingDate":"2018-01-14","vatID":"FR71834470973","taxID":"83447097300043","numberOfEmployees":{"@type":"QuantitativeValue","minValue":"1","maxValue":"10"}},{"@type":"Person","@id":"https:\/\/dicodusport.fr\/blog\/#\/schema\/person\/0eaf70b33d703a1a66b1155ac1bda018","name":"Pierre Gorce","image":{"@type":"ImageObject","inLanguage":"fr-FR","@id":"https:\/\/dicodusport.fr\/blog\/#\/schema\/person\/image\/","url":"https:\/\/dicodusport.fr\/blog\/wp-content\/uploads\/2022\/03\/IMG_20211214_233053_722-150x150.jpg","contentUrl":"https:\/\/dicodusport.fr\/blog\/wp-content\/uploads\/2022\/03\/IMG_20211214_233053_722-150x150.jpg","caption":"Pierre Gorce"},"description":"Couteau suisse venant tout droit de Haute-Savoie. Habitu\u00e9 \u00e0 regarder du sport depuis petit, j'en ai maintenant fait mon m\u00e9tier. Des sports d'hiver au surf, en passant par le tennis, la F1, le handball et l'athl\u00e9tisme, j'essaie d'avoir mes yeux sur l'enti\u00e8ret\u00e9 de l'actualit\u00e9. Jeune homme berc\u00e9 par les exploits de Jean-Baptiste Grange, Sebastian Vettel et des Experts. Membre de la g\u00e9n\u00e9ration 1999 comme Luka Doncic, Sydney McLaughlin, Lando Norris et Loana Lecomte, mais avec beaucoup moins de talent qu'eux.","sameAs":["https:\/\/x.com\/https:\/\/twitter.com\/pierregorce12"],"birthDate":"1999-08-29","url":"https:\/\/dicodusport.fr\/blog\/author\/pierreg\/"}]}},"_links":{"self":[{"href":"https:\/\/dicodusport.fr\/blog\/wp-json\/wp\/v2\/posts\/390345","targetHints":{"allow":["GET"]}}],"collection":[{"href":"https:\/\/dicodusport.fr\/blog\/wp-json\/wp\/v2\/posts"}],"about":[{"href":"https:\/\/dicodusport.fr\/blog\/wp-json\/wp\/v2\/types\/post"}],"author":[{"embeddable":true,"href":"https:\/\/dicodusport.fr\/blog\/wp-json\/wp\/v2\/users\/61"}],"replies":[{"embeddable":true,"href":"https:\/\/dicodusport.fr\/blog\/wp-json\/wp\/v2\/comments?post=390345"}],"version-history":[{"count":0,"href":"https:\/\/dicodusport.fr\/blog\/wp-json\/wp\/v2\/posts\/390345\/revisions"}],"wp:featuredmedia":[{"embeddable":true,"href":"https:\/\/dicodusport.fr\/blog\/wp-json\/wp\/v2\/media\/390474"}],"wp:attachment":[{"href":"https:\/\/dicodusport.fr\/blog\/wp-json\/wp\/v2\/media?parent=390345"}],"wp:term":[{"taxonomy":"category","embeddable":true,"href":"https:\/\/dicodusport.fr\/blog\/wp-json\/wp\/v2\/categories?post=390345"},{"taxonomy":"post_tag","embeddable":true,"href":"https:\/\/dicodusport.fr\/blog\/wp-json\/wp\/v2\/tags?post=390345"}],"curies":[{"name":"wp","href":"https:\/\/api.w.org\/{rel}","templated":true}]}}