{"id":390425,"date":"2023-06-11T16:58:41","date_gmt":"2023-06-11T14:58:41","guid":{"rendered":"https:\/\/dicodusport.fr\/blog\/?p=390425&#038;preview=true&#038;preview_id=390425"},"modified":"2023-06-11T17:47:21","modified_gmt":"2023-06-11T15:47:21","slug":"vtt-xco-lenzerheide-un-nino-schurter-record-devance-le-francais-thomas-griot","status":"publish","type":"post","link":"https:\/\/dicodusport.fr\/blog\/vtt-xco-lenzerheide-un-nino-schurter-record-devance-le-francais-thomas-griot\/","title":{"rendered":"VTT XCO Lenzerheide : Un Nino Schurter record, deux Fran\u00e7ais sur la bo\u00eete"},"content":{"rendered":"<p align=\"justify\"><em><strong>VTT XCO LENZERHEIDE &#8211; Nino Schurter d\u00e9passe Julien Absalon au nombre de victoires en Coupe du monde gr\u00e2ce \u00e0 ce succ\u00e8s aujourd&rsquo;hui en Suisse. Les Fran\u00e7ais Jordan Sarrou et Thomas Griot devanc\u00e9s sur la ligne par Alan Hatherly.<\/strong><\/em><\/p>\n<p style=\"text-align: justify;\"><span style=\"font-weight: 400;\">Quand le chat n&rsquo;est pas l\u00e0, un autre chat emp\u00eache les souris de danser. <\/span><b>Thomas Pidcock <\/b><span style=\"font-weight: 400;\">s&rsquo;absente du circuit Coupe du monde pour pr\u00e9parer le Tour de France avec son \u00e9quipe INEOS. De son c\u00f4t\u00e9, <\/span><b>Nino Schurter<\/b><span style=\"font-weight: 400;\"> entre encore un peu plus dans la l\u00e9gende, chez lui, en Suisse. En gagnant \u00e0 Lenzerheide, le d\u00e9cuple champion du monde de VTT empoche sa 34e victoire en Coupe du monde, soit une de plus que <\/span><b>Julien Absalon<\/b><span style=\"font-weight: 400;\">. Il est officiellement le plus grand. Les tricolores sont d\u00e9cid\u00e9ment en forme ce dimanche avec deux repr\u00e9sentants sur le podium de ce format olympique. <\/span><b>Jordan Sarrou <\/b><span style=\"font-weight: 400;\">bat <\/span><b>Thomas Griot <\/b><span style=\"font-weight: 400;\">au sprint pour la 3e place, qui monte sur la bo\u00eete comme sa co\u00e9quipi\u00e8re chez Canyon <\/span><b>Loana Lecomte<\/b><span style=\"font-weight: 400;\">, un peu plus t\u00f4t. <\/span><b>Alan Hatherly <\/b><span style=\"font-weight: 400;\">est le dauphin de <\/span><b>Schurter<\/b><span style=\"font-weight: 400;\">.<\/span><\/p>\n<p style=\"text-align: justify;\"><span style=\"font-weight: 400;\">Le ciel \u00e9tait extr\u00eamement mena\u00e7ant depuis l&rsquo;arriv\u00e9e de la course dames, les premi\u00e8res gouttes tombent sur la t\u00eate des v\u00e9t\u00e9tistes d\u00e8s le d\u00e9part des messieurs. L&rsquo;averse fut br\u00e8ve, pas de quoi refroidir <\/span><b>Luca Schwarzbauer<\/b><span style=\"font-weight: 400;\">. Vainqueur du XCC vendredi, l&rsquo;Allemand m\u00e8ne tout le start loop et imprime un rythme effr\u00e9n\u00e9. <\/span><b>Nino Schurter <\/b><span style=\"font-weight: 400;\">prend le relais d\u00e8s l&rsquo;entame du 2e tour. Pas d&rsquo;observation, les hommes de t\u00eate veulent se construire une avance d\u00e8s les premi\u00e8res minutes. Ils sont 6 \u00e0 se d\u00e9tacher d&rsquo;une dizaine de secondes, dont le Fran\u00e7ais <\/span><b>Jordan Sarrou<\/b><span style=\"font-weight: 400;\">, avant de se faire rejoindre par 12 autres coureurs.<\/span><\/p>\n<h2 style=\"text-align: justify;\" align=\"justify\">Nino Schurter plusieurs tons au-dessus des autres<\/h2>\n<p style=\"text-align: justify;\"><b>Nino Schurter <\/b><span style=\"font-weight: 400;\">construit son succ\u00e8s en attaquant au milieu du 4e des 7 tours. Seul en t\u00eate, le porteur du maillot arc-en-ciel est suivi de loin par <\/span><b>Sarrou<\/b><span style=\"font-weight: 400;\">. Le tricolore de la BMC stabilise son \u00e9cart autour des dix secondes. Trois coureurs suivent ensuite : <\/span><b>Gaze<\/b><span style=\"font-weight: 400;\">, <\/span><b>Hatherly <\/b><span style=\"font-weight: 400;\">et le <\/span><i><span style=\"font-weight: 400;\">Carabinieri <\/span><\/i><b>Daniele Braidot.\u00a0<\/b><\/p>\n<p style=\"text-align: justify;\"><b>Schurter <\/b><span style=\"font-weight: 400;\">est \u00e0 l&rsquo;aise sur ce trac\u00e9 technique, le Suisse s&rsquo;amuse, r\u00e9alise quelques figures, il est dans son jardin aujourd&rsquo;hui. Le pilote de l&rsquo;\u00e9quipe Scott-Sram n&rsquo;est pas en reste niveau endurance et puissance. Le dernier tour est un d\u00e9fil\u00e9 devant son public, m\u00eame s&rsquo;il prend encore des risques pour quelqu&rsquo;un qui est assur\u00e9 de la victoire. La joie apr\u00e8s la ligne est fantastique, le Suisse peut lever sa monture et faire de grands c\u00e2lins \u00e0 ses enfants. 33+1, sans compter ses titres mondiaux et europ\u00e9ens. \u00c0 37 ans, <\/span><b>Nino Schurter <\/b><span style=\"font-weight: 400;\">est la l\u00e9gende au-dessus des autres l\u00e9gendes de son sport.<\/span><\/p>\n<blockquote class=\"twitter-tweet\">\n<p dir=\"ltr\" lang=\"en\">\ud83d\udc10\ud83e\udd47Nino Schurter \ud83e\udd47\ud83d\udc10<\/p>\n<p>He breaks the record for most UCI World Cup wins and no better place to do it than at home in Switzerland \ud83c\udde8\ud83c\udded wearing his \ud83c\udf08 jersey <a href=\"https:\/\/twitter.com\/MTBworldseries?ref_src=twsrc%5Etfw\">@MTBworldseries<\/a> | <a href=\"https:\/\/twitter.com\/hashtag\/MTBWorldCup?src=hash&amp;ref_src=twsrc%5Etfw\">#MTBWorldCup<\/a> <a href=\"https:\/\/t.co\/LJPEb7aIGl\">pic.twitter.com\/LJPEb7aIGl<\/a><\/p>\n<p>\u2014 UCI MTB (@UCI_MTB) <a href=\"https:\/\/twitter.com\/UCI_MTB\/status\/1667908273838731265?ref_src=twsrc%5Etfw\">June 11, 2023<\/a><\/p><\/blockquote>\n<p><script async src=\"https:\/\/platform.twitter.com\/widgets.js\" charset=\"utf-8\"><\/script><\/p>\n<h2 style=\"text-align: justify;\" align=\"justify\">\u00c0 lire aussi<\/h2>\n<ul>\n<li style=\"text-align: justify;\"><a href=\"https:\/\/dicodusport.fr\/blog\/vtt-xco-lenzerheide-classement-de-la-course-hommes\/\"><strong>Le classement de la course hommes<\/strong><\/a><\/li>\n<li style=\"text-align: justify;\"><a href=\"https:\/\/dicodusport.fr\/blog\/vtt-cross-country-classement-general-coupe-du-monde-2023\/\"><strong>Classement g\u00e9n\u00e9ral de la Coupe du monde de VTT XC<\/strong><\/a><\/li>\n<li style=\"text-align: justify;\"><a href=\"https:\/\/dicodusport.fr\/blog\/vtt-xc-coupe-du-monde-2023-calendrier-et-resultats\/\"><strong>Calendrier et r\u00e9sultats de la Coupe du monde de VTT XC 2023<\/strong><\/a><\/li>\n<\/ul>\n<p>&nbsp;<\/p>\n","protected":false},"excerpt":{"rendered":"<p>VTT XCO LENZERHEIDE &#8211; Nino Schurter d\u00e9passe Julien Absalon au nombre de victoires en Coupe du monde gr\u00e2ce \u00e0 ce succ\u00e8s aujourd&rsquo;hui en Suisse. Les Fran\u00e7ais Jordan Sarrou et Thomas Griot devanc\u00e9s sur la ligne par Alan Hatherly.<\/p>\n","protected":false},"author":61,"featured_media":390500,"comment_status":"open","ping_status":"closed","sticky":false,"template":"","format":"standard","meta":{"_acf_changed":false,"_daextam_enable_autolinks":"","footnotes":""},"categories":[10279],"tags":[16878,692,19045],"class_list":["post-390425","post","type-post","status-publish","format-standard","has-post-thumbnail","hentry","category-vtt","tag-breve","tag-vtt","tag-vtt-xco-lenzerheide"],"acf":[],"yoast_head":"<!-- This site is optimized with the Yoast SEO Premium plugin v26.7 (Yoast SEO v26.7) - https:\/\/yoast.com\/wordpress\/plugins\/seo\/ -->\n<title>VTT XCO Lenzerheide : Un Nino Schurter record, deux Fran\u00e7ais sur la bo\u00eete<\/title>\n<meta name=\"description\" content=\"VTT XCO LENZERHEIDE - Nino Schurter d\u00e9passe Julien Absalon au nombre de victoires en Coupe du monde gr\u00e2ce \u00e0 ce succ\u00e8s aujourd&#039;hui en Suisse.\" \/>\n<meta name=\"robots\" content=\"index, follow, max-snippet:-1, max-image-preview:large, max-video-preview:-1\" \/>\n<link rel=\"canonical\" href=\"https:\/\/dicodusport.fr\/blog\/vtt-xco-lenzerheide-un-nino-schurter-record-devance-le-francais-thomas-griot\/\" \/>\n<meta property=\"og:locale\" content=\"fr_FR\" \/>\n<meta property=\"og:type\" content=\"article\" \/>\n<meta property=\"og:title\" content=\"VTT XCO Lenzerheide : Un Nino Schurter record, deux Fran\u00e7ais sur la bo\u00eete\" \/>\n<meta property=\"og:description\" content=\"VTT XCO LENZERHEIDE - Nino Schurter d\u00e9passe Julien Absalon au nombre de victoires en Coupe du monde gr\u00e2ce \u00e0 ce succ\u00e8s aujourd&#039;hui en Suisse.\" \/>\n<meta property=\"og:url\" content=\"https:\/\/dicodusport.fr\/blog\/vtt-xco-lenzerheide-un-nino-schurter-record-devance-le-francais-thomas-griot\/\" \/>\n<meta property=\"og:site_name\" content=\"Dicodusport\" \/>\n<meta property=\"article:publisher\" content=\"https:\/\/www.facebook.com\/dicodusport\" \/>\n<meta property=\"article:published_time\" content=\"2023-06-11T14:58:41+00:00\" \/>\n<meta property=\"article:modified_time\" content=\"2023-06-11T15:47:21+00:00\" \/>\n<meta property=\"og:image\" content=\"https:\/\/dicodusport.fr\/blog\/wp-content\/uploads\/2023\/06\/VTT-XCO-Lenzerheide-Un-Nino-Schurter-record-deux-Francais-sur-la-boite.png\" \/>\n\t<meta property=\"og:image:width\" content=\"800\" \/>\n\t<meta property=\"og:image:height\" content=\"445\" \/>\n\t<meta property=\"og:image:type\" content=\"image\/png\" \/>\n<meta name=\"author\" content=\"Pierre Gorce\" \/>\n<meta name=\"twitter:card\" content=\"summary_large_image\" \/>\n<meta name=\"twitter:title\" content=\"VTT XCO Lenzerheide : Un Nino Schurter record, deux Fran\u00e7ais sur la bo\u00eete\" \/>\n<meta name=\"twitter:creator\" content=\"@https:\/\/twitter.com\/pierregorce12\" \/>\n<meta name=\"twitter:site\" content=\"@dicodusport\" \/>\n<script type=\"application\/ld+json\" class=\"yoast-schema-graph\">{\"@context\":\"https:\/\/schema.org\",\"@graph\":[{\"@type\":\"NewsArticle\",\"@id\":\"https:\/\/dicodusport.fr\/blog\/vtt-xco-lenzerheide-un-nino-schurter-record-devance-le-francais-thomas-griot\/#article\",\"isPartOf\":{\"@id\":\"https:\/\/dicodusport.fr\/blog\/vtt-xco-lenzerheide-un-nino-schurter-record-devance-le-francais-thomas-griot\/\"},\"author\":{\"name\":\"Pierre Gorce\",\"@id\":\"https:\/\/dicodusport.fr\/blog\/#\/schema\/person\/0eaf70b33d703a1a66b1155ac1bda018\"},\"headline\":\"VTT XCO Lenzerheide : Un Nino Schurter record, deux Fran\u00e7ais sur la bo\u00eete\",\"datePublished\":\"2023-06-11T14:58:41+00:00\",\"dateModified\":\"2023-06-11T15:47:21+00:00\",\"mainEntityOfPage\":{\"@id\":\"https:\/\/dicodusport.fr\/blog\/vtt-xco-lenzerheide-un-nino-schurter-record-devance-le-francais-thomas-griot\/\"},\"wordCount\":563,\"commentCount\":0,\"publisher\":{\"@id\":\"https:\/\/dicodusport.fr\/blog\/#organization\"},\"image\":{\"@id\":\"https:\/\/dicodusport.fr\/blog\/vtt-xco-lenzerheide-un-nino-schurter-record-devance-le-francais-thomas-griot\/#primaryimage\"},\"thumbnailUrl\":\"https:\/\/dicodusport.fr\/blog\/wp-content\/uploads\/2023\/06\/VTT-XCO-Lenzerheide-Un-Nino-Schurter-record-deux-Francais-sur-la-boite.png\",\"keywords\":[\"br\u00e8ve\",\"VTT\",\"VTT XCO Lenzerheide\"],\"articleSection\":[\"VTT\"],\"inLanguage\":\"fr-FR\",\"potentialAction\":[{\"@type\":\"CommentAction\",\"name\":\"Comment\",\"target\":[\"https:\/\/dicodusport.fr\/blog\/vtt-xco-lenzerheide-un-nino-schurter-record-devance-le-francais-thomas-griot\/#respond\"]}],\"copyrightYear\":\"2023\",\"copyrightHolder\":{\"@id\":\"https:\/\/dicodusport.fr\/blog\/#organization\"}},{\"@type\":\"WebPage\",\"@id\":\"https:\/\/dicodusport.fr\/blog\/vtt-xco-lenzerheide-un-nino-schurter-record-devance-le-francais-thomas-griot\/\",\"url\":\"https:\/\/dicodusport.fr\/blog\/vtt-xco-lenzerheide-un-nino-schurter-record-devance-le-francais-thomas-griot\/\",\"name\":\"VTT XCO Lenzerheide : Un Nino Schurter record, deux Fran\u00e7ais sur la bo\u00eete\",\"isPartOf\":{\"@id\":\"https:\/\/dicodusport.fr\/blog\/#website\"},\"primaryImageOfPage\":{\"@id\":\"https:\/\/dicodusport.fr\/blog\/vtt-xco-lenzerheide-un-nino-schurter-record-devance-le-francais-thomas-griot\/#primaryimage\"},\"image\":{\"@id\":\"https:\/\/dicodusport.fr\/blog\/vtt-xco-lenzerheide-un-nino-schurter-record-devance-le-francais-thomas-griot\/#primaryimage\"},\"thumbnailUrl\":\"https:\/\/dicodusport.fr\/blog\/wp-content\/uploads\/2023\/06\/VTT-XCO-Lenzerheide-Un-Nino-Schurter-record-deux-Francais-sur-la-boite.png\",\"datePublished\":\"2023-06-11T14:58:41+00:00\",\"dateModified\":\"2023-06-11T15:47:21+00:00\",\"description\":\"VTT XCO LENZERHEIDE - Nino Schurter d\u00e9passe Julien Absalon au nombre de victoires en Coupe du monde gr\u00e2ce \u00e0 ce succ\u00e8s aujourd'hui en Suisse.\",\"breadcrumb\":{\"@id\":\"https:\/\/dicodusport.fr\/blog\/vtt-xco-lenzerheide-un-nino-schurter-record-devance-le-francais-thomas-griot\/#breadcrumb\"},\"inLanguage\":\"fr-FR\",\"potentialAction\":[{\"@type\":\"ReadAction\",\"target\":[\"https:\/\/dicodusport.fr\/blog\/vtt-xco-lenzerheide-un-nino-schurter-record-devance-le-francais-thomas-griot\/\"]}]},{\"@type\":\"ImageObject\",\"inLanguage\":\"fr-FR\",\"@id\":\"https:\/\/dicodusport.fr\/blog\/vtt-xco-lenzerheide-un-nino-schurter-record-devance-le-francais-thomas-griot\/#primaryimage\",\"url\":\"https:\/\/dicodusport.fr\/blog\/wp-content\/uploads\/2023\/06\/VTT-XCO-Lenzerheide-Un-Nino-Schurter-record-deux-Francais-sur-la-boite.png\",\"contentUrl\":\"https:\/\/dicodusport.fr\/blog\/wp-content\/uploads\/2023\/06\/VTT-XCO-Lenzerheide-Un-Nino-Schurter-record-deux-Francais-sur-la-boite.png\",\"width\":800,\"height\":445},{\"@type\":\"BreadcrumbList\",\"@id\":\"https:\/\/dicodusport.fr\/blog\/vtt-xco-lenzerheide-un-nino-schurter-record-devance-le-francais-thomas-griot\/#breadcrumb\",\"itemListElement\":[{\"@type\":\"ListItem\",\"position\":1,\"name\":\"Accueil\",\"item\":\"https:\/\/dicodusport.fr\/blog\/\"},{\"@type\":\"ListItem\",\"position\":2,\"name\":\"VTT XCO Lenzerheide : Un Nino Schurter record, deux Fran\u00e7ais sur la bo\u00eete\"}]},{\"@type\":\"WebSite\",\"@id\":\"https:\/\/dicodusport.fr\/blog\/#website\",\"url\":\"https:\/\/dicodusport.fr\/blog\/\",\"name\":\"Dicodusport\",\"description\":\"L&#039;encyclop\u00e9die de l&#039;actualit\u00e9 sportive\",\"publisher\":{\"@id\":\"https:\/\/dicodusport.fr\/blog\/#organization\"},\"potentialAction\":[{\"@type\":\"SearchAction\",\"target\":{\"@type\":\"EntryPoint\",\"urlTemplate\":\"https:\/\/dicodusport.fr\/blog\/?s={search_term_string}\"},\"query-input\":{\"@type\":\"PropertyValueSpecification\",\"valueRequired\":true,\"valueName\":\"search_term_string\"}}],\"inLanguage\":\"fr-FR\"},{\"@type\":\"NewsMediaOrganization\",\"@id\":\"https:\/\/dicodusport.fr\/blog\/#organization\",\"name\":\"Dicodusport\",\"url\":\"https:\/\/dicodusport.fr\/blog\/\",\"logo\":{\"@type\":\"ImageObject\",\"inLanguage\":\"fr-FR\",\"@id\":\"https:\/\/dicodusport.fr\/blog\/#\/schema\/logo\/image\/\",\"url\":\"https:\/\/dicodusport.fr\/blog\/wp-content\/uploads\/2020\/06\/cropped-LOGO-DICODUSPORT-2020-SANS-FOND-SANS-TEXTE.png\",\"contentUrl\":\"https:\/\/dicodusport.fr\/blog\/wp-content\/uploads\/2020\/06\/cropped-LOGO-DICODUSPORT-2020-SANS-FOND-SANS-TEXTE.png\",\"width\":512,\"height\":512,\"caption\":\"Dicodusport\"},\"image\":{\"@id\":\"https:\/\/dicodusport.fr\/blog\/#\/schema\/logo\/image\/\"},\"sameAs\":[\"https:\/\/www.facebook.com\/dicodusport\",\"https:\/\/x.com\/dicodusport\",\"https:\/\/www.instagram.com\/dicodusport\/\",\"https:\/\/www.youtube.com\/channel\/UC7V2KZ5sd3htJivAbA4ZG3w\"],\"description\":\"Dicodusport est l'encyclop\u00e9die de l'actualit\u00e9 sportive.\",\"email\":\"bonjour@dicodusport.fr\",\"legalName\":\"DICODUSPORT\",\"foundingDate\":\"2018-01-14\",\"vatID\":\"FR71834470973\",\"taxID\":\"83447097300043\",\"numberOfEmployees\":{\"@type\":\"QuantitativeValue\",\"minValue\":\"1\",\"maxValue\":\"10\"}},{\"@type\":\"Person\",\"@id\":\"https:\/\/dicodusport.fr\/blog\/#\/schema\/person\/0eaf70b33d703a1a66b1155ac1bda018\",\"name\":\"Pierre Gorce\",\"image\":{\"@type\":\"ImageObject\",\"inLanguage\":\"fr-FR\",\"@id\":\"https:\/\/dicodusport.fr\/blog\/#\/schema\/person\/image\/\",\"url\":\"https:\/\/dicodusport.fr\/blog\/wp-content\/uploads\/2022\/03\/IMG_20211214_233053_722-150x150.jpg\",\"contentUrl\":\"https:\/\/dicodusport.fr\/blog\/wp-content\/uploads\/2022\/03\/IMG_20211214_233053_722-150x150.jpg\",\"caption\":\"Pierre Gorce\"},\"description\":\"Couteau suisse venant tout droit de Haute-Savoie. Habitu\u00e9 \u00e0 regarder du sport depuis petit, j'en ai maintenant fait mon m\u00e9tier. Des sports d'hiver au surf, en passant par le tennis, la F1, le handball et l'athl\u00e9tisme, j'essaie d'avoir mes yeux sur l'enti\u00e8ret\u00e9 de l'actualit\u00e9. Jeune homme berc\u00e9 par les exploits de Jean-Baptiste Grange, Sebastian Vettel et des Experts. Membre de la g\u00e9n\u00e9ration 1999 comme Luka Doncic, Sydney McLaughlin, Lando Norris et Loana Lecomte, mais avec beaucoup moins de talent qu'eux.\",\"sameAs\":[\"https:\/\/x.com\/https:\/\/twitter.com\/pierregorce12\"],\"birthDate\":\"1999-08-29\",\"url\":\"https:\/\/dicodusport.fr\/blog\/author\/pierreg\/\"}]}<\/script>\n<!-- \/ Yoast SEO Premium plugin. -->","yoast_head_json":{"title":"VTT XCO Lenzerheide : Un Nino Schurter record, deux Fran\u00e7ais sur la bo\u00eete","description":"VTT XCO LENZERHEIDE - Nino Schurter d\u00e9passe Julien Absalon au nombre de victoires en Coupe du monde gr\u00e2ce \u00e0 ce succ\u00e8s aujourd'hui en Suisse.","robots":{"index":"index","follow":"follow","max-snippet":"max-snippet:-1","max-image-preview":"max-image-preview:large","max-video-preview":"max-video-preview:-1"},"canonical":"https:\/\/dicodusport.fr\/blog\/vtt-xco-lenzerheide-un-nino-schurter-record-devance-le-francais-thomas-griot\/","og_locale":"fr_FR","og_type":"article","og_title":"VTT XCO Lenzerheide : Un Nino Schurter record, deux Fran\u00e7ais sur la bo\u00eete","og_description":"VTT XCO LENZERHEIDE - Nino Schurter d\u00e9passe Julien Absalon au nombre de victoires en Coupe du monde gr\u00e2ce \u00e0 ce succ\u00e8s aujourd'hui en Suisse.","og_url":"https:\/\/dicodusport.fr\/blog\/vtt-xco-lenzerheide-un-nino-schurter-record-devance-le-francais-thomas-griot\/","og_site_name":"Dicodusport","article_publisher":"https:\/\/www.facebook.com\/dicodusport","article_published_time":"2023-06-11T14:58:41+00:00","article_modified_time":"2023-06-11T15:47:21+00:00","og_image":[{"width":800,"height":445,"url":"https:\/\/dicodusport.fr\/blog\/wp-content\/uploads\/2023\/06\/VTT-XCO-Lenzerheide-Un-Nino-Schurter-record-deux-Francais-sur-la-boite.png","type":"image\/png"}],"author":"Pierre Gorce","twitter_card":"summary_large_image","twitter_title":"VTT XCO Lenzerheide : Un Nino Schurter record, deux Fran\u00e7ais sur la bo\u00eete","twitter_creator":"@https:\/\/twitter.com\/pierregorce12","twitter_site":"@dicodusport","schema":{"@context":"https:\/\/schema.org","@graph":[{"@type":"NewsArticle","@id":"https:\/\/dicodusport.fr\/blog\/vtt-xco-lenzerheide-un-nino-schurter-record-devance-le-francais-thomas-griot\/#article","isPartOf":{"@id":"https:\/\/dicodusport.fr\/blog\/vtt-xco-lenzerheide-un-nino-schurter-record-devance-le-francais-thomas-griot\/"},"author":{"name":"Pierre Gorce","@id":"https:\/\/dicodusport.fr\/blog\/#\/schema\/person\/0eaf70b33d703a1a66b1155ac1bda018"},"headline":"VTT XCO Lenzerheide : Un Nino Schurter record, deux Fran\u00e7ais sur la bo\u00eete","datePublished":"2023-06-11T14:58:41+00:00","dateModified":"2023-06-11T15:47:21+00:00","mainEntityOfPage":{"@id":"https:\/\/dicodusport.fr\/blog\/vtt-xco-lenzerheide-un-nino-schurter-record-devance-le-francais-thomas-griot\/"},"wordCount":563,"commentCount":0,"publisher":{"@id":"https:\/\/dicodusport.fr\/blog\/#organization"},"image":{"@id":"https:\/\/dicodusport.fr\/blog\/vtt-xco-lenzerheide-un-nino-schurter-record-devance-le-francais-thomas-griot\/#primaryimage"},"thumbnailUrl":"https:\/\/dicodusport.fr\/blog\/wp-content\/uploads\/2023\/06\/VTT-XCO-Lenzerheide-Un-Nino-Schurter-record-deux-Francais-sur-la-boite.png","keywords":["br\u00e8ve","VTT","VTT XCO Lenzerheide"],"articleSection":["VTT"],"inLanguage":"fr-FR","potentialAction":[{"@type":"CommentAction","name":"Comment","target":["https:\/\/dicodusport.fr\/blog\/vtt-xco-lenzerheide-un-nino-schurter-record-devance-le-francais-thomas-griot\/#respond"]}],"copyrightYear":"2023","copyrightHolder":{"@id":"https:\/\/dicodusport.fr\/blog\/#organization"}},{"@type":"WebPage","@id":"https:\/\/dicodusport.fr\/blog\/vtt-xco-lenzerheide-un-nino-schurter-record-devance-le-francais-thomas-griot\/","url":"https:\/\/dicodusport.fr\/blog\/vtt-xco-lenzerheide-un-nino-schurter-record-devance-le-francais-thomas-griot\/","name":"VTT XCO Lenzerheide : Un Nino Schurter record, deux Fran\u00e7ais sur la bo\u00eete","isPartOf":{"@id":"https:\/\/dicodusport.fr\/blog\/#website"},"primaryImageOfPage":{"@id":"https:\/\/dicodusport.fr\/blog\/vtt-xco-lenzerheide-un-nino-schurter-record-devance-le-francais-thomas-griot\/#primaryimage"},"image":{"@id":"https:\/\/dicodusport.fr\/blog\/vtt-xco-lenzerheide-un-nino-schurter-record-devance-le-francais-thomas-griot\/#primaryimage"},"thumbnailUrl":"https:\/\/dicodusport.fr\/blog\/wp-content\/uploads\/2023\/06\/VTT-XCO-Lenzerheide-Un-Nino-Schurter-record-deux-Francais-sur-la-boite.png","datePublished":"2023-06-11T14:58:41+00:00","dateModified":"2023-06-11T15:47:21+00:00","description":"VTT XCO LENZERHEIDE - Nino Schurter d\u00e9passe Julien Absalon au nombre de victoires en Coupe du monde gr\u00e2ce \u00e0 ce succ\u00e8s aujourd'hui en Suisse.","breadcrumb":{"@id":"https:\/\/dicodusport.fr\/blog\/vtt-xco-lenzerheide-un-nino-schurter-record-devance-le-francais-thomas-griot\/#breadcrumb"},"inLanguage":"fr-FR","potentialAction":[{"@type":"ReadAction","target":["https:\/\/dicodusport.fr\/blog\/vtt-xco-lenzerheide-un-nino-schurter-record-devance-le-francais-thomas-griot\/"]}]},{"@type":"ImageObject","inLanguage":"fr-FR","@id":"https:\/\/dicodusport.fr\/blog\/vtt-xco-lenzerheide-un-nino-schurter-record-devance-le-francais-thomas-griot\/#primaryimage","url":"https:\/\/dicodusport.fr\/blog\/wp-content\/uploads\/2023\/06\/VTT-XCO-Lenzerheide-Un-Nino-Schurter-record-deux-Francais-sur-la-boite.png","contentUrl":"https:\/\/dicodusport.fr\/blog\/wp-content\/uploads\/2023\/06\/VTT-XCO-Lenzerheide-Un-Nino-Schurter-record-deux-Francais-sur-la-boite.png","width":800,"height":445},{"@type":"BreadcrumbList","@id":"https:\/\/dicodusport.fr\/blog\/vtt-xco-lenzerheide-un-nino-schurter-record-devance-le-francais-thomas-griot\/#breadcrumb","itemListElement":[{"@type":"ListItem","position":1,"name":"Accueil","item":"https:\/\/dicodusport.fr\/blog\/"},{"@type":"ListItem","position":2,"name":"VTT XCO Lenzerheide : Un Nino Schurter record, deux Fran\u00e7ais sur la bo\u00eete"}]},{"@type":"WebSite","@id":"https:\/\/dicodusport.fr\/blog\/#website","url":"https:\/\/dicodusport.fr\/blog\/","name":"Dicodusport","description":"L&#039;encyclop\u00e9die de l&#039;actualit\u00e9 sportive","publisher":{"@id":"https:\/\/dicodusport.fr\/blog\/#organization"},"potentialAction":[{"@type":"SearchAction","target":{"@type":"EntryPoint","urlTemplate":"https:\/\/dicodusport.fr\/blog\/?s={search_term_string}"},"query-input":{"@type":"PropertyValueSpecification","valueRequired":true,"valueName":"search_term_string"}}],"inLanguage":"fr-FR"},{"@type":"NewsMediaOrganization","@id":"https:\/\/dicodusport.fr\/blog\/#organization","name":"Dicodusport","url":"https:\/\/dicodusport.fr\/blog\/","logo":{"@type":"ImageObject","inLanguage":"fr-FR","@id":"https:\/\/dicodusport.fr\/blog\/#\/schema\/logo\/image\/","url":"https:\/\/dicodusport.fr\/blog\/wp-content\/uploads\/2020\/06\/cropped-LOGO-DICODUSPORT-2020-SANS-FOND-SANS-TEXTE.png","contentUrl":"https:\/\/dicodusport.fr\/blog\/wp-content\/uploads\/2020\/06\/cropped-LOGO-DICODUSPORT-2020-SANS-FOND-SANS-TEXTE.png","width":512,"height":512,"caption":"Dicodusport"},"image":{"@id":"https:\/\/dicodusport.fr\/blog\/#\/schema\/logo\/image\/"},"sameAs":["https:\/\/www.facebook.com\/dicodusport","https:\/\/x.com\/dicodusport","https:\/\/www.instagram.com\/dicodusport\/","https:\/\/www.youtube.com\/channel\/UC7V2KZ5sd3htJivAbA4ZG3w"],"description":"Dicodusport est l'encyclop\u00e9die de l'actualit\u00e9 sportive.","email":"bonjour@dicodusport.fr","legalName":"DICODUSPORT","foundingDate":"2018-01-14","vatID":"FR71834470973","taxID":"83447097300043","numberOfEmployees":{"@type":"QuantitativeValue","minValue":"1","maxValue":"10"}},{"@type":"Person","@id":"https:\/\/dicodusport.fr\/blog\/#\/schema\/person\/0eaf70b33d703a1a66b1155ac1bda018","name":"Pierre Gorce","image":{"@type":"ImageObject","inLanguage":"fr-FR","@id":"https:\/\/dicodusport.fr\/blog\/#\/schema\/person\/image\/","url":"https:\/\/dicodusport.fr\/blog\/wp-content\/uploads\/2022\/03\/IMG_20211214_233053_722-150x150.jpg","contentUrl":"https:\/\/dicodusport.fr\/blog\/wp-content\/uploads\/2022\/03\/IMG_20211214_233053_722-150x150.jpg","caption":"Pierre Gorce"},"description":"Couteau suisse venant tout droit de Haute-Savoie. Habitu\u00e9 \u00e0 regarder du sport depuis petit, j'en ai maintenant fait mon m\u00e9tier. Des sports d'hiver au surf, en passant par le tennis, la F1, le handball et l'athl\u00e9tisme, j'essaie d'avoir mes yeux sur l'enti\u00e8ret\u00e9 de l'actualit\u00e9. Jeune homme berc\u00e9 par les exploits de Jean-Baptiste Grange, Sebastian Vettel et des Experts. Membre de la g\u00e9n\u00e9ration 1999 comme Luka Doncic, Sydney McLaughlin, Lando Norris et Loana Lecomte, mais avec beaucoup moins de talent qu'eux.","sameAs":["https:\/\/x.com\/https:\/\/twitter.com\/pierregorce12"],"birthDate":"1999-08-29","url":"https:\/\/dicodusport.fr\/blog\/author\/pierreg\/"}]}},"_links":{"self":[{"href":"https:\/\/dicodusport.fr\/blog\/wp-json\/wp\/v2\/posts\/390425","targetHints":{"allow":["GET"]}}],"collection":[{"href":"https:\/\/dicodusport.fr\/blog\/wp-json\/wp\/v2\/posts"}],"about":[{"href":"https:\/\/dicodusport.fr\/blog\/wp-json\/wp\/v2\/types\/post"}],"author":[{"embeddable":true,"href":"https:\/\/dicodusport.fr\/blog\/wp-json\/wp\/v2\/users\/61"}],"replies":[{"embeddable":true,"href":"https:\/\/dicodusport.fr\/blog\/wp-json\/wp\/v2\/comments?post=390425"}],"version-history":[{"count":0,"href":"https:\/\/dicodusport.fr\/blog\/wp-json\/wp\/v2\/posts\/390425\/revisions"}],"wp:featuredmedia":[{"embeddable":true,"href":"https:\/\/dicodusport.fr\/blog\/wp-json\/wp\/v2\/media\/390500"}],"wp:attachment":[{"href":"https:\/\/dicodusport.fr\/blog\/wp-json\/wp\/v2\/media?parent=390425"}],"wp:term":[{"taxonomy":"category","embeddable":true,"href":"https:\/\/dicodusport.fr\/blog\/wp-json\/wp\/v2\/categories?post=390425"},{"taxonomy":"post_tag","embeddable":true,"href":"https:\/\/dicodusport.fr\/blog\/wp-json\/wp\/v2\/tags?post=390425"}],"curies":[{"name":"wp","href":"https:\/\/api.w.org\/{rel}","templated":true}]}}