{"id":390468,"date":"2023-06-11T17:34:41","date_gmt":"2023-06-11T15:34:41","guid":{"rendered":"https:\/\/dicodusport.fr\/blog\/?p=390468&#038;preview=true&#038;preview_id=390468"},"modified":"2023-06-11T18:11:24","modified_gmt":"2023-06-11T16:11:24","slug":"gonzalo-quesada-devrait-prendre-les-commandes-dune-selection-nationale","status":"publish","type":"post","link":"https:\/\/dicodusport.fr\/blog\/gonzalo-quesada-devrait-prendre-les-commandes-dune-selection-nationale\/","title":{"rendered":"Gonzalo Quesada devrait prendre les commandes d&rsquo;une s\u00e9lection nationale"},"content":{"rendered":"<p align=\"justify\"><em><strong>RUGBY \u00c0 XV &#8211; Selon le Midi Olympique, Gonzalo Quesada, \u00e9cart\u00e9 au Stade Fran\u00e7ais, devrait prendre la s\u00e9lection italienne mi-2024 au plus tard.<\/strong><\/em><\/p>\n<p align=\"justify\">Malgr\u00e9 une tr\u00e8s belle saison avec le <strong>Stade<\/strong> <strong>Fran\u00e7ais<\/strong>, <strong>Gonzalo<\/strong> <strong>Quesada<\/strong> quitte le club parisien un an avant la fin de son contrat, comme pr\u00e9vu. C&rsquo;est le duo compos\u00e9 de <strong>Karim<\/strong> <strong>Ghezal<\/strong> et <strong>Laurent<\/strong> <strong>Labit<\/strong> qui prend la suite.<strong> L&rsquo;Argentin <\/strong>a lui expliqu\u00e9 apr\u00e8s son dernier match qu&rsquo;il voulait faire une pause.<\/p>\n<blockquote>\n<p align=\"justify\">Je ne vais rien vous dire de mon avenir. Mais, c\u2019est comme tout dans la vie, d\u00e8s que tu ne veux pas faire quelque chose, tu deviens attirant. J\u2019ai des \u00e9changes (avec des clubs), mais mon id\u00e9e principale, c\u2019est de couper un peu.<\/p>\n<\/blockquote>\n<p align=\"justify\">Plusieurs clubs de <strong>Top<\/strong> <strong>14<\/strong> se sont int\u00e9ress\u00e9s au profil de <strong>Gonzalo<\/strong> <strong>Quesada<\/strong>, comme l&rsquo;USAP, qui lui avait propos\u00e9 le r\u00f4le de manager avant d&rsquo;avoir l&rsquo;opportunit\u00e9 <strong>Franck<\/strong> <strong>Az\u00e9ma<\/strong>. Le <strong>LOU<\/strong> s&rsquo;est aussi renseign\u00e9 et r\u00e9cemment, c&rsquo;est le <strong>MHR<\/strong> qui est pass\u00e9 \u00e0 l&rsquo;action. L&rsquo;Argentin a rencontr\u00e9 <strong>Mohed<\/strong> <strong>Altrad<\/strong> la semaine derni\u00e8re, m\u00eame si rien n&rsquo;a filtr\u00e9 de leurs \u00e9changes.<\/p>\n<p align=\"justify\">Mais l&rsquo;avenir de <strong>Gonzalo Quesada<\/strong> pourrait plut\u00f4t s&rsquo;inscrire en s\u00e9lection, car selon nos confr\u00e8res, il aurait accept\u00e9 de prendre la succession de <strong>Kieran Crowley<\/strong> \u00e0 la t\u00eate de l&rsquo;Italie. Le s\u00e9lectionneur n\u00e9o-z\u00e9landais est en contrat jusqu&rsquo;en juin 2024, ce qui pourrait laisser un an \u00e0 l&rsquo;ancien ouvreur pour souffler. En cas de <strong>Coupe du monde<\/strong> compl\u00e8tement rat\u00e9e, il pourrait reprendre la <strong>Squadra<\/strong> <strong>Azzura<\/strong> d\u00e8s d\u00e9but 2024, pour le Tournoi des 6 Nations.<\/p>\n<blockquote class=\"twitter-tweet\">\n<p dir=\"ltr\" lang=\"fr\">Transferts &#8211; Info Midi Olympique. Gonzalo Quesada vers l\u2019Italie apr\u00e8s la Coupe du monde de rugby 2023 ?<a href=\"https:\/\/t.co\/9rbuDnwA2B\">https:\/\/t.co\/9rbuDnwA2B<\/a><\/p>\n<p>\u2014 Surroca henri (@surrocahenri) <a href=\"https:\/\/twitter.com\/surrocahenri\/status\/1667890006025797633?ref_src=twsrc%5Etfw\">June 11, 2023<\/a><\/p><\/blockquote>\n<p><script async src=\"https:\/\/platform.twitter.com\/widgets.js\" charset=\"utf-8\"><\/script><\/p>\n","protected":false},"excerpt":{"rendered":"<p>RUGBY \u00c0 XV &#8211; Selon le Midi Olympique, Gonzalo Quesada, \u00e9cart\u00e9 au Stade Fran\u00e7ais, devrait prendre la s\u00e9lection italienne mi-2024 au plus tard.<\/p>\n","protected":false},"author":1,"featured_media":390520,"comment_status":"open","ping_status":"closed","sticky":false,"template":"","format":"standard","meta":{"_acf_changed":false,"_daextam_enable_autolinks":"","footnotes":""},"categories":[9129],"tags":[16878,11019,3076],"class_list":["post-390468","post","type-post","status-publish","format-standard","has-post-thumbnail","hentry","category-rugby-a-xv","tag-breve","tag-gonzalo-quesada","tag-stade-francais"],"acf":[],"yoast_head":"<!-- This site is optimized with the Yoast SEO Premium plugin v26.7 (Yoast SEO v26.7) - https:\/\/yoast.com\/wordpress\/plugins\/seo\/ -->\n<title>Gonzalo Quesada devrait prendre les commandes d&#039;une s\u00e9lection nationale<\/title>\n<meta name=\"description\" content=\"RUGBY \u00c0 XV - Selon le Midi Olympique, Gonzalo Quesada, \u00e9cart\u00e9 au Stade Fran\u00e7ais, devrait prendre la s\u00e9lection italienne.\" \/>\n<meta name=\"robots\" content=\"index, follow, max-snippet:-1, max-image-preview:large, max-video-preview:-1\" \/>\n<link rel=\"canonical\" href=\"https:\/\/dicodusport.fr\/blog\/gonzalo-quesada-devrait-prendre-les-commandes-dune-selection-nationale\/\" \/>\n<meta property=\"og:locale\" content=\"fr_FR\" \/>\n<meta property=\"og:type\" content=\"article\" \/>\n<meta property=\"og:title\" content=\"Gonzalo Quesada devrait prendre les commandes d&#039;une s\u00e9lection nationale\" \/>\n<meta property=\"og:description\" content=\"RUGBY \u00c0 XV - Selon le Midi Olympique, Gonzalo Quesada, \u00e9cart\u00e9 au Stade Fran\u00e7ais, devrait prendre la s\u00e9lection italienne.\" \/>\n<meta property=\"og:url\" content=\"https:\/\/dicodusport.fr\/blog\/gonzalo-quesada-devrait-prendre-les-commandes-dune-selection-nationale\/\" \/>\n<meta property=\"og:site_name\" content=\"Dicodusport\" \/>\n<meta property=\"article:publisher\" content=\"https:\/\/www.facebook.com\/dicodusport\" \/>\n<meta property=\"article:author\" content=\"https:\/\/www.facebook.com\/dicodusport\" \/>\n<meta property=\"article:published_time\" content=\"2023-06-11T15:34:41+00:00\" \/>\n<meta property=\"article:modified_time\" content=\"2023-06-11T16:11:24+00:00\" \/>\n<meta property=\"og:image\" content=\"https:\/\/dicodusport.fr\/blog\/wp-content\/uploads\/2023\/06\/Gonzalo-Quesada-devrait-prendre-les-commandes-dune-selection-nationale.png\" \/>\n\t<meta property=\"og:image:width\" content=\"800\" \/>\n\t<meta property=\"og:image:height\" content=\"445\" \/>\n\t<meta property=\"og:image:type\" content=\"image\/png\" \/>\n<meta name=\"author\" content=\"Nicolas Jacquemard\" \/>\n<meta name=\"twitter:card\" content=\"summary_large_image\" \/>\n<meta name=\"twitter:title\" content=\"Gonzalo Quesada devrait prendre les commandes d&#039;une s\u00e9lection nationale\" \/>\n<meta name=\"twitter:creator\" content=\"@https:\/\/twitter.com\/Nico_Jacquemard\" \/>\n<meta name=\"twitter:site\" content=\"@dicodusport\" \/>\n<script type=\"application\/ld+json\" class=\"yoast-schema-graph\">{\"@context\":\"https:\/\/schema.org\",\"@graph\":[{\"@type\":\"NewsArticle\",\"@id\":\"https:\/\/dicodusport.fr\/blog\/gonzalo-quesada-devrait-prendre-les-commandes-dune-selection-nationale\/#article\",\"isPartOf\":{\"@id\":\"https:\/\/dicodusport.fr\/blog\/gonzalo-quesada-devrait-prendre-les-commandes-dune-selection-nationale\/\"},\"author\":{\"name\":\"Nicolas Jacquemard\",\"@id\":\"https:\/\/dicodusport.fr\/blog\/#\/schema\/person\/55dcb50ad410894e431ed812bbb70191\"},\"headline\":\"Gonzalo Quesada devrait prendre les commandes d&rsquo;une s\u00e9lection nationale\",\"datePublished\":\"2023-06-11T15:34:41+00:00\",\"dateModified\":\"2023-06-11T16:11:24+00:00\",\"mainEntityOfPage\":{\"@id\":\"https:\/\/dicodusport.fr\/blog\/gonzalo-quesada-devrait-prendre-les-commandes-dune-selection-nationale\/\"},\"wordCount\":324,\"commentCount\":0,\"publisher\":{\"@id\":\"https:\/\/dicodusport.fr\/blog\/#organization\"},\"image\":{\"@id\":\"https:\/\/dicodusport.fr\/blog\/gonzalo-quesada-devrait-prendre-les-commandes-dune-selection-nationale\/#primaryimage\"},\"thumbnailUrl\":\"https:\/\/dicodusport.fr\/blog\/wp-content\/uploads\/2023\/06\/Gonzalo-Quesada-devrait-prendre-les-commandes-dune-selection-nationale.png\",\"keywords\":[\"br\u00e8ve\",\"Gonzalo Quesada\",\"Stade Fran\u00e7ais\"],\"articleSection\":[\"Rugby \u00e0 XV\"],\"inLanguage\":\"fr-FR\",\"potentialAction\":[{\"@type\":\"CommentAction\",\"name\":\"Comment\",\"target\":[\"https:\/\/dicodusport.fr\/blog\/gonzalo-quesada-devrait-prendre-les-commandes-dune-selection-nationale\/#respond\"]}],\"copyrightYear\":\"2023\",\"copyrightHolder\":{\"@id\":\"https:\/\/dicodusport.fr\/blog\/#organization\"}},{\"@type\":\"WebPage\",\"@id\":\"https:\/\/dicodusport.fr\/blog\/gonzalo-quesada-devrait-prendre-les-commandes-dune-selection-nationale\/\",\"url\":\"https:\/\/dicodusport.fr\/blog\/gonzalo-quesada-devrait-prendre-les-commandes-dune-selection-nationale\/\",\"name\":\"Gonzalo Quesada devrait prendre les commandes d'une s\u00e9lection nationale\",\"isPartOf\":{\"@id\":\"https:\/\/dicodusport.fr\/blog\/#website\"},\"primaryImageOfPage\":{\"@id\":\"https:\/\/dicodusport.fr\/blog\/gonzalo-quesada-devrait-prendre-les-commandes-dune-selection-nationale\/#primaryimage\"},\"image\":{\"@id\":\"https:\/\/dicodusport.fr\/blog\/gonzalo-quesada-devrait-prendre-les-commandes-dune-selection-nationale\/#primaryimage\"},\"thumbnailUrl\":\"https:\/\/dicodusport.fr\/blog\/wp-content\/uploads\/2023\/06\/Gonzalo-Quesada-devrait-prendre-les-commandes-dune-selection-nationale.png\",\"datePublished\":\"2023-06-11T15:34:41+00:00\",\"dateModified\":\"2023-06-11T16:11:24+00:00\",\"description\":\"RUGBY \u00c0 XV - Selon le Midi Olympique, Gonzalo Quesada, \u00e9cart\u00e9 au Stade Fran\u00e7ais, devrait prendre la s\u00e9lection italienne.\",\"breadcrumb\":{\"@id\":\"https:\/\/dicodusport.fr\/blog\/gonzalo-quesada-devrait-prendre-les-commandes-dune-selection-nationale\/#breadcrumb\"},\"inLanguage\":\"fr-FR\",\"potentialAction\":[{\"@type\":\"ReadAction\",\"target\":[\"https:\/\/dicodusport.fr\/blog\/gonzalo-quesada-devrait-prendre-les-commandes-dune-selection-nationale\/\"]}]},{\"@type\":\"ImageObject\",\"inLanguage\":\"fr-FR\",\"@id\":\"https:\/\/dicodusport.fr\/blog\/gonzalo-quesada-devrait-prendre-les-commandes-dune-selection-nationale\/#primaryimage\",\"url\":\"https:\/\/dicodusport.fr\/blog\/wp-content\/uploads\/2023\/06\/Gonzalo-Quesada-devrait-prendre-les-commandes-dune-selection-nationale.png\",\"contentUrl\":\"https:\/\/dicodusport.fr\/blog\/wp-content\/uploads\/2023\/06\/Gonzalo-Quesada-devrait-prendre-les-commandes-dune-selection-nationale.png\",\"width\":800,\"height\":445},{\"@type\":\"BreadcrumbList\",\"@id\":\"https:\/\/dicodusport.fr\/blog\/gonzalo-quesada-devrait-prendre-les-commandes-dune-selection-nationale\/#breadcrumb\",\"itemListElement\":[{\"@type\":\"ListItem\",\"position\":1,\"name\":\"Accueil\",\"item\":\"https:\/\/dicodusport.fr\/blog\/\"},{\"@type\":\"ListItem\",\"position\":2,\"name\":\"Gonzalo Quesada devrait prendre les commandes d&rsquo;une s\u00e9lection nationale\"}]},{\"@type\":\"WebSite\",\"@id\":\"https:\/\/dicodusport.fr\/blog\/#website\",\"url\":\"https:\/\/dicodusport.fr\/blog\/\",\"name\":\"Dicodusport\",\"description\":\"L&#039;encyclop\u00e9die de l&#039;actualit\u00e9 sportive\",\"publisher\":{\"@id\":\"https:\/\/dicodusport.fr\/blog\/#organization\"},\"potentialAction\":[{\"@type\":\"SearchAction\",\"target\":{\"@type\":\"EntryPoint\",\"urlTemplate\":\"https:\/\/dicodusport.fr\/blog\/?s={search_term_string}\"},\"query-input\":{\"@type\":\"PropertyValueSpecification\",\"valueRequired\":true,\"valueName\":\"search_term_string\"}}],\"inLanguage\":\"fr-FR\"},{\"@type\":\"NewsMediaOrganization\",\"@id\":\"https:\/\/dicodusport.fr\/blog\/#organization\",\"name\":\"Dicodusport\",\"url\":\"https:\/\/dicodusport.fr\/blog\/\",\"logo\":{\"@type\":\"ImageObject\",\"inLanguage\":\"fr-FR\",\"@id\":\"https:\/\/dicodusport.fr\/blog\/#\/schema\/logo\/image\/\",\"url\":\"https:\/\/dicodusport.fr\/blog\/wp-content\/uploads\/2020\/06\/cropped-LOGO-DICODUSPORT-2020-SANS-FOND-SANS-TEXTE.png\",\"contentUrl\":\"https:\/\/dicodusport.fr\/blog\/wp-content\/uploads\/2020\/06\/cropped-LOGO-DICODUSPORT-2020-SANS-FOND-SANS-TEXTE.png\",\"width\":512,\"height\":512,\"caption\":\"Dicodusport\"},\"image\":{\"@id\":\"https:\/\/dicodusport.fr\/blog\/#\/schema\/logo\/image\/\"},\"sameAs\":[\"https:\/\/www.facebook.com\/dicodusport\",\"https:\/\/x.com\/dicodusport\",\"https:\/\/www.instagram.com\/dicodusport\/\",\"https:\/\/www.youtube.com\/channel\/UC7V2KZ5sd3htJivAbA4ZG3w\"],\"description\":\"Dicodusport est l'encyclop\u00e9die de l'actualit\u00e9 sportive.\",\"email\":\"bonjour@dicodusport.fr\",\"legalName\":\"DICODUSPORT\",\"foundingDate\":\"2018-01-14\",\"vatID\":\"FR71834470973\",\"taxID\":\"83447097300043\",\"numberOfEmployees\":{\"@type\":\"QuantitativeValue\",\"minValue\":\"1\",\"maxValue\":\"10\"}},{\"@type\":\"Person\",\"@id\":\"https:\/\/dicodusport.fr\/blog\/#\/schema\/person\/55dcb50ad410894e431ed812bbb70191\",\"name\":\"Nicolas Jacquemard\",\"image\":{\"@type\":\"ImageObject\",\"inLanguage\":\"fr-FR\",\"@id\":\"https:\/\/dicodusport.fr\/blog\/#\/schema\/person\/image\/\",\"url\":\"https:\/\/dicodusport.fr\/blog\/wp-content\/uploads\/2021\/05\/Nicolas-Jacquemard-150x150.jpeg\",\"contentUrl\":\"https:\/\/dicodusport.fr\/blog\/wp-content\/uploads\/2021\/05\/Nicolas-Jacquemard-150x150.jpeg\",\"caption\":\"Nicolas Jacquemard\"},\"description\":\"Passionn\u00e9 de sport et entrepreneur depuis mes 18 ans, la cr\u00e9ation de Dicodusport m'a sembl\u00e9 \u00e9vidente pour participer \u00e0 la m\u00e9diatisation d'un plus grand nombre de sports. Le chemin est long mais avec une \u00e9quipe des plus motiv\u00e9es et les Jeux Olympiques de Paris 2024 en point de mire, nous y arriverons ! Journaliste dans le monde du sport depuis plus de 5 ans, je traite aussi bien de football, de rugby, de biathlon que de cyclisme.\",\"sameAs\":[\"https:\/\/www.facebook.com\/dicodusport\",\"https:\/\/x.com\/https:\/\/twitter.com\/Nico_Jacquemard\"],\"url\":\"https:\/\/dicodusport.fr\/blog\/author\/dicodusport\/\"}]}<\/script>\n<!-- \/ Yoast SEO Premium plugin. -->","yoast_head_json":{"title":"Gonzalo Quesada devrait prendre les commandes d'une s\u00e9lection nationale","description":"RUGBY \u00c0 XV - Selon le Midi Olympique, Gonzalo Quesada, \u00e9cart\u00e9 au Stade Fran\u00e7ais, devrait prendre la s\u00e9lection italienne.","robots":{"index":"index","follow":"follow","max-snippet":"max-snippet:-1","max-image-preview":"max-image-preview:large","max-video-preview":"max-video-preview:-1"},"canonical":"https:\/\/dicodusport.fr\/blog\/gonzalo-quesada-devrait-prendre-les-commandes-dune-selection-nationale\/","og_locale":"fr_FR","og_type":"article","og_title":"Gonzalo Quesada devrait prendre les commandes d'une s\u00e9lection nationale","og_description":"RUGBY \u00c0 XV - Selon le Midi Olympique, Gonzalo Quesada, \u00e9cart\u00e9 au Stade Fran\u00e7ais, devrait prendre la s\u00e9lection italienne.","og_url":"https:\/\/dicodusport.fr\/blog\/gonzalo-quesada-devrait-prendre-les-commandes-dune-selection-nationale\/","og_site_name":"Dicodusport","article_publisher":"https:\/\/www.facebook.com\/dicodusport","article_author":"https:\/\/www.facebook.com\/dicodusport","article_published_time":"2023-06-11T15:34:41+00:00","article_modified_time":"2023-06-11T16:11:24+00:00","og_image":[{"width":800,"height":445,"url":"https:\/\/dicodusport.fr\/blog\/wp-content\/uploads\/2023\/06\/Gonzalo-Quesada-devrait-prendre-les-commandes-dune-selection-nationale.png","type":"image\/png"}],"author":"Nicolas Jacquemard","twitter_card":"summary_large_image","twitter_title":"Gonzalo Quesada devrait prendre les commandes d'une s\u00e9lection nationale","twitter_creator":"@https:\/\/twitter.com\/Nico_Jacquemard","twitter_site":"@dicodusport","schema":{"@context":"https:\/\/schema.org","@graph":[{"@type":"NewsArticle","@id":"https:\/\/dicodusport.fr\/blog\/gonzalo-quesada-devrait-prendre-les-commandes-dune-selection-nationale\/#article","isPartOf":{"@id":"https:\/\/dicodusport.fr\/blog\/gonzalo-quesada-devrait-prendre-les-commandes-dune-selection-nationale\/"},"author":{"name":"Nicolas Jacquemard","@id":"https:\/\/dicodusport.fr\/blog\/#\/schema\/person\/55dcb50ad410894e431ed812bbb70191"},"headline":"Gonzalo Quesada devrait prendre les commandes d&rsquo;une s\u00e9lection nationale","datePublished":"2023-06-11T15:34:41+00:00","dateModified":"2023-06-11T16:11:24+00:00","mainEntityOfPage":{"@id":"https:\/\/dicodusport.fr\/blog\/gonzalo-quesada-devrait-prendre-les-commandes-dune-selection-nationale\/"},"wordCount":324,"commentCount":0,"publisher":{"@id":"https:\/\/dicodusport.fr\/blog\/#organization"},"image":{"@id":"https:\/\/dicodusport.fr\/blog\/gonzalo-quesada-devrait-prendre-les-commandes-dune-selection-nationale\/#primaryimage"},"thumbnailUrl":"https:\/\/dicodusport.fr\/blog\/wp-content\/uploads\/2023\/06\/Gonzalo-Quesada-devrait-prendre-les-commandes-dune-selection-nationale.png","keywords":["br\u00e8ve","Gonzalo Quesada","Stade Fran\u00e7ais"],"articleSection":["Rugby \u00e0 XV"],"inLanguage":"fr-FR","potentialAction":[{"@type":"CommentAction","name":"Comment","target":["https:\/\/dicodusport.fr\/blog\/gonzalo-quesada-devrait-prendre-les-commandes-dune-selection-nationale\/#respond"]}],"copyrightYear":"2023","copyrightHolder":{"@id":"https:\/\/dicodusport.fr\/blog\/#organization"}},{"@type":"WebPage","@id":"https:\/\/dicodusport.fr\/blog\/gonzalo-quesada-devrait-prendre-les-commandes-dune-selection-nationale\/","url":"https:\/\/dicodusport.fr\/blog\/gonzalo-quesada-devrait-prendre-les-commandes-dune-selection-nationale\/","name":"Gonzalo Quesada devrait prendre les commandes d'une s\u00e9lection nationale","isPartOf":{"@id":"https:\/\/dicodusport.fr\/blog\/#website"},"primaryImageOfPage":{"@id":"https:\/\/dicodusport.fr\/blog\/gonzalo-quesada-devrait-prendre-les-commandes-dune-selection-nationale\/#primaryimage"},"image":{"@id":"https:\/\/dicodusport.fr\/blog\/gonzalo-quesada-devrait-prendre-les-commandes-dune-selection-nationale\/#primaryimage"},"thumbnailUrl":"https:\/\/dicodusport.fr\/blog\/wp-content\/uploads\/2023\/06\/Gonzalo-Quesada-devrait-prendre-les-commandes-dune-selection-nationale.png","datePublished":"2023-06-11T15:34:41+00:00","dateModified":"2023-06-11T16:11:24+00:00","description":"RUGBY \u00c0 XV - Selon le Midi Olympique, Gonzalo Quesada, \u00e9cart\u00e9 au Stade Fran\u00e7ais, devrait prendre la s\u00e9lection italienne.","breadcrumb":{"@id":"https:\/\/dicodusport.fr\/blog\/gonzalo-quesada-devrait-prendre-les-commandes-dune-selection-nationale\/#breadcrumb"},"inLanguage":"fr-FR","potentialAction":[{"@type":"ReadAction","target":["https:\/\/dicodusport.fr\/blog\/gonzalo-quesada-devrait-prendre-les-commandes-dune-selection-nationale\/"]}]},{"@type":"ImageObject","inLanguage":"fr-FR","@id":"https:\/\/dicodusport.fr\/blog\/gonzalo-quesada-devrait-prendre-les-commandes-dune-selection-nationale\/#primaryimage","url":"https:\/\/dicodusport.fr\/blog\/wp-content\/uploads\/2023\/06\/Gonzalo-Quesada-devrait-prendre-les-commandes-dune-selection-nationale.png","contentUrl":"https:\/\/dicodusport.fr\/blog\/wp-content\/uploads\/2023\/06\/Gonzalo-Quesada-devrait-prendre-les-commandes-dune-selection-nationale.png","width":800,"height":445},{"@type":"BreadcrumbList","@id":"https:\/\/dicodusport.fr\/blog\/gonzalo-quesada-devrait-prendre-les-commandes-dune-selection-nationale\/#breadcrumb","itemListElement":[{"@type":"ListItem","position":1,"name":"Accueil","item":"https:\/\/dicodusport.fr\/blog\/"},{"@type":"ListItem","position":2,"name":"Gonzalo Quesada devrait prendre les commandes d&rsquo;une s\u00e9lection nationale"}]},{"@type":"WebSite","@id":"https:\/\/dicodusport.fr\/blog\/#website","url":"https:\/\/dicodusport.fr\/blog\/","name":"Dicodusport","description":"L&#039;encyclop\u00e9die de l&#039;actualit\u00e9 sportive","publisher":{"@id":"https:\/\/dicodusport.fr\/blog\/#organization"},"potentialAction":[{"@type":"SearchAction","target":{"@type":"EntryPoint","urlTemplate":"https:\/\/dicodusport.fr\/blog\/?s={search_term_string}"},"query-input":{"@type":"PropertyValueSpecification","valueRequired":true,"valueName":"search_term_string"}}],"inLanguage":"fr-FR"},{"@type":"NewsMediaOrganization","@id":"https:\/\/dicodusport.fr\/blog\/#organization","name":"Dicodusport","url":"https:\/\/dicodusport.fr\/blog\/","logo":{"@type":"ImageObject","inLanguage":"fr-FR","@id":"https:\/\/dicodusport.fr\/blog\/#\/schema\/logo\/image\/","url":"https:\/\/dicodusport.fr\/blog\/wp-content\/uploads\/2020\/06\/cropped-LOGO-DICODUSPORT-2020-SANS-FOND-SANS-TEXTE.png","contentUrl":"https:\/\/dicodusport.fr\/blog\/wp-content\/uploads\/2020\/06\/cropped-LOGO-DICODUSPORT-2020-SANS-FOND-SANS-TEXTE.png","width":512,"height":512,"caption":"Dicodusport"},"image":{"@id":"https:\/\/dicodusport.fr\/blog\/#\/schema\/logo\/image\/"},"sameAs":["https:\/\/www.facebook.com\/dicodusport","https:\/\/x.com\/dicodusport","https:\/\/www.instagram.com\/dicodusport\/","https:\/\/www.youtube.com\/channel\/UC7V2KZ5sd3htJivAbA4ZG3w"],"description":"Dicodusport est l'encyclop\u00e9die de l'actualit\u00e9 sportive.","email":"bonjour@dicodusport.fr","legalName":"DICODUSPORT","foundingDate":"2018-01-14","vatID":"FR71834470973","taxID":"83447097300043","numberOfEmployees":{"@type":"QuantitativeValue","minValue":"1","maxValue":"10"}},{"@type":"Person","@id":"https:\/\/dicodusport.fr\/blog\/#\/schema\/person\/55dcb50ad410894e431ed812bbb70191","name":"Nicolas Jacquemard","image":{"@type":"ImageObject","inLanguage":"fr-FR","@id":"https:\/\/dicodusport.fr\/blog\/#\/schema\/person\/image\/","url":"https:\/\/dicodusport.fr\/blog\/wp-content\/uploads\/2021\/05\/Nicolas-Jacquemard-150x150.jpeg","contentUrl":"https:\/\/dicodusport.fr\/blog\/wp-content\/uploads\/2021\/05\/Nicolas-Jacquemard-150x150.jpeg","caption":"Nicolas Jacquemard"},"description":"Passionn\u00e9 de sport et entrepreneur depuis mes 18 ans, la cr\u00e9ation de Dicodusport m'a sembl\u00e9 \u00e9vidente pour participer \u00e0 la m\u00e9diatisation d'un plus grand nombre de sports. Le chemin est long mais avec une \u00e9quipe des plus motiv\u00e9es et les Jeux Olympiques de Paris 2024 en point de mire, nous y arriverons ! Journaliste dans le monde du sport depuis plus de 5 ans, je traite aussi bien de football, de rugby, de biathlon que de cyclisme.","sameAs":["https:\/\/www.facebook.com\/dicodusport","https:\/\/x.com\/https:\/\/twitter.com\/Nico_Jacquemard"],"url":"https:\/\/dicodusport.fr\/blog\/author\/dicodusport\/"}]}},"_links":{"self":[{"href":"https:\/\/dicodusport.fr\/blog\/wp-json\/wp\/v2\/posts\/390468","targetHints":{"allow":["GET"]}}],"collection":[{"href":"https:\/\/dicodusport.fr\/blog\/wp-json\/wp\/v2\/posts"}],"about":[{"href":"https:\/\/dicodusport.fr\/blog\/wp-json\/wp\/v2\/types\/post"}],"author":[{"embeddable":true,"href":"https:\/\/dicodusport.fr\/blog\/wp-json\/wp\/v2\/users\/1"}],"replies":[{"embeddable":true,"href":"https:\/\/dicodusport.fr\/blog\/wp-json\/wp\/v2\/comments?post=390468"}],"version-history":[{"count":0,"href":"https:\/\/dicodusport.fr\/blog\/wp-json\/wp\/v2\/posts\/390468\/revisions"}],"wp:featuredmedia":[{"embeddable":true,"href":"https:\/\/dicodusport.fr\/blog\/wp-json\/wp\/v2\/media\/390520"}],"wp:attachment":[{"href":"https:\/\/dicodusport.fr\/blog\/wp-json\/wp\/v2\/media?parent=390468"}],"wp:term":[{"taxonomy":"category","embeddable":true,"href":"https:\/\/dicodusport.fr\/blog\/wp-json\/wp\/v2\/categories?post=390468"},{"taxonomy":"post_tag","embeddable":true,"href":"https:\/\/dicodusport.fr\/blog\/wp-json\/wp\/v2\/tags?post=390468"}],"curies":[{"name":"wp","href":"https:\/\/api.w.org\/{rel}","templated":true}]}}