{"id":390656,"date":"2023-06-12T12:50:19","date_gmt":"2023-06-12T10:50:19","guid":{"rendered":"https:\/\/dicodusport.fr\/blog\/?p=390656&#038;preview=true&#038;preview_id=390656"},"modified":"2023-06-12T13:57:34","modified_gmt":"2023-06-12T11:57:34","slug":"mercato-lou-xavier-garbajosa-prend-la-porte","status":"publish","type":"post","link":"https:\/\/dicodusport.fr\/blog\/mercato-lou-xavier-garbajosa-prend-la-porte\/","title":{"rendered":"Mercato LOU : Xavier Garbajosa prend la porte"},"content":{"rendered":"<p align=\"justify\"><em><strong>TOP 14 2023-2024 &#8211; Selon L&rsquo;\u00c9quipe, Xavier Garbajosa a \u00e9t\u00e9 d\u00e9mis de ses fonctions de manager de Lyon ce lundi matin.\u00a0\u00a0<\/strong><\/em><\/p>\n<p align=\"justify\">Le <strong>LOU<\/strong> n&rsquo;a pas plus de manager. Arriv\u00e9 dans le Rh\u00f4ne \u00e0 l&rsquo;\u00e9t\u00e9 2022 pour remplacer<strong> Pierre Mignoni<\/strong>, parti pour Toulon, <strong>Xavier Garbajosa<\/strong> a \u00e9t\u00e9 d\u00e9barqu\u00e9 de son r\u00f4le de manager du club lyonnais ce lundi. Selon <a href=\"https:\/\/www.lequipe.fr\/Rugby\/Actualites\/Lou-xavier-garbajosa-ecarte\/1402371\"><em>L&rsquo;\u00c9quipe<\/em><\/a>, l&rsquo;\u00e9viction du technicien de 46 ans a \u00e9t\u00e9 annonc\u00e9e en interne, apr\u00e8s plusieurs jours de consultations de la part du pr\u00e9sident rhodanien, <strong>Yann Roubert<\/strong>. Cette saison, <strong>Xavier Garbajosa<\/strong> a r\u00e9ussi \u00e0 amener le LOU en barrages de Top 14. Mais <a href=\"https:\/\/dicodusport.fr\/blog\/barrages-top-14-apres-un-match-incroyable-lubb-simpose-a-lyon-et-file-en-demi-finales\/\">l&rsquo;<strong>UBB<\/strong> a mis fin au r\u00eave lyonnais \u00e0 Gerland (25-32)<\/a>.<\/p>\n<p align=\"justify\">Pour rappel, l&rsquo;ancien joueur du XV de France avait perdu la confiance des cadres du vestiaire lyonnais. Certains d&rsquo;entre eux avaient demand\u00e9 au pr\u00e9sident <strong>Roubert<\/strong> de prendre une d\u00e9cision quant \u00e0 l&rsquo;avenir de leur manager, apr\u00e8s la d\u00e9faite \u00e0 Gerland contre <strong>Brive<\/strong> le 31 d\u00e9cembre dernier (27-30). Ces derni\u00e8res semaines, les tensions \u00e9taient r\u00e9apparues au sein du groupe rhodanien. Pr\u00e9cipitant la chute de <strong>Xavier Garbajosa<\/strong>.<\/p>\n<blockquote class=\"twitter-tweet\">\n<p dir=\"ltr\" lang=\"zxx\"><a href=\"https:\/\/t.co\/K5eMJQyDqK\">https:\/\/t.co\/K5eMJQyDqK<\/a><\/p>\n<p>\u2014 JF Paturaud (@JFPaturaud) <a href=\"https:\/\/twitter.com\/JFPaturaud\/status\/1668207859870441474?ref_src=twsrc%5Etfw\">June 12, 2023<\/a><\/p><\/blockquote>\n<p><script async src=\"https:\/\/platform.twitter.com\/widgets.js\" charset=\"utf-8\"><\/script><\/p>\n","protected":false},"excerpt":{"rendered":"<p>TOP 14 2023-2024 &#8211; Selon L&rsquo;\u00c9quipe, Xavier Garbajosa a \u00e9t\u00e9 d\u00e9mis de ses fonctions de manager de Lyon ce lundi matin.\u00a0\u00a0<\/p>\n","protected":false},"author":1,"featured_media":390658,"comment_status":"open","ping_status":"closed","sticky":false,"template":"","format":"standard","meta":{"_acf_changed":false,"_daextam_enable_autolinks":"","footnotes":""},"categories":[9129,47050],"tags":[16878,2812,449,13328],"class_list":["post-390656","post","type-post","status-publish","format-standard","has-post-thumbnail","hentry","category-rugby-a-xv","category-top-14","tag-breve","tag-lou","tag-lyon","tag-xavier-garbajosa"],"acf":[],"yoast_head":"<!-- This site is optimized with the Yoast SEO Premium plugin v26.7 (Yoast SEO v26.7) - https:\/\/yoast.com\/wordpress\/plugins\/seo\/ -->\n<title>Mercato LOU : Xavier Garbajosa prend la porte<\/title>\n<meta name=\"description\" content=\"TOP 14 2023-2024 - Selon L&#039;\u00c9quipe, Xavier Garbajosa a \u00e9t\u00e9 d\u00e9mis de ses fonctions de manager de Lyon ce lundi matin.\u00a0\u00a0\" \/>\n<meta name=\"robots\" content=\"index, follow, max-snippet:-1, max-image-preview:large, max-video-preview:-1\" \/>\n<link rel=\"canonical\" href=\"https:\/\/dicodusport.fr\/blog\/mercato-lou-xavier-garbajosa-prend-la-porte\/\" \/>\n<meta property=\"og:locale\" content=\"fr_FR\" \/>\n<meta property=\"og:type\" content=\"article\" \/>\n<meta property=\"og:title\" content=\"Mercato LOU : Xavier Garbajosa prend la porte\" \/>\n<meta property=\"og:description\" content=\"TOP 14 2023-2024 - Selon L&#039;\u00c9quipe, Xavier Garbajosa a \u00e9t\u00e9 d\u00e9mis de ses fonctions de manager de Lyon ce lundi matin.\u00a0\u00a0\" \/>\n<meta property=\"og:url\" content=\"https:\/\/dicodusport.fr\/blog\/mercato-lou-xavier-garbajosa-prend-la-porte\/\" \/>\n<meta property=\"og:site_name\" content=\"Dicodusport\" \/>\n<meta property=\"article:publisher\" content=\"https:\/\/www.facebook.com\/dicodusport\" \/>\n<meta property=\"article:author\" content=\"https:\/\/www.facebook.com\/dicodusport\" \/>\n<meta property=\"article:published_time\" content=\"2023-06-12T10:50:19+00:00\" \/>\n<meta property=\"article:modified_time\" content=\"2023-06-12T11:57:34+00:00\" \/>\n<meta property=\"og:image\" content=\"https:\/\/dicodusport.fr\/blog\/wp-content\/uploads\/2023\/06\/Mercato-LOU-Xavier-Garbajosa-prend-la-porte.png\" \/>\n\t<meta property=\"og:image:width\" content=\"800\" \/>\n\t<meta property=\"og:image:height\" content=\"445\" \/>\n\t<meta property=\"og:image:type\" content=\"image\/png\" \/>\n<meta name=\"author\" content=\"Nicolas Jacquemard\" \/>\n<meta name=\"twitter:card\" content=\"summary_large_image\" \/>\n<meta name=\"twitter:title\" content=\"Mercato LOU : Xavier Garbajosa prend la porte\" \/>\n<meta name=\"twitter:creator\" content=\"@https:\/\/twitter.com\/Nico_Jacquemard\" \/>\n<meta name=\"twitter:site\" content=\"@dicodusport\" \/>\n<script type=\"application\/ld+json\" class=\"yoast-schema-graph\">{\"@context\":\"https:\/\/schema.org\",\"@graph\":[{\"@type\":\"NewsArticle\",\"@id\":\"https:\/\/dicodusport.fr\/blog\/mercato-lou-xavier-garbajosa-prend-la-porte\/#article\",\"isPartOf\":{\"@id\":\"https:\/\/dicodusport.fr\/blog\/mercato-lou-xavier-garbajosa-prend-la-porte\/\"},\"author\":{\"name\":\"Nicolas Jacquemard\",\"@id\":\"https:\/\/dicodusport.fr\/blog\/#\/schema\/person\/55dcb50ad410894e431ed812bbb70191\"},\"headline\":\"Mercato LOU : Xavier Garbajosa prend la porte\",\"datePublished\":\"2023-06-12T10:50:19+00:00\",\"dateModified\":\"2023-06-12T11:57:34+00:00\",\"mainEntityOfPage\":{\"@id\":\"https:\/\/dicodusport.fr\/blog\/mercato-lou-xavier-garbajosa-prend-la-porte\/\"},\"wordCount\":206,\"commentCount\":0,\"publisher\":{\"@id\":\"https:\/\/dicodusport.fr\/blog\/#organization\"},\"image\":{\"@id\":\"https:\/\/dicodusport.fr\/blog\/mercato-lou-xavier-garbajosa-prend-la-porte\/#primaryimage\"},\"thumbnailUrl\":\"https:\/\/dicodusport.fr\/blog\/wp-content\/uploads\/2023\/06\/Mercato-LOU-Xavier-Garbajosa-prend-la-porte.png\",\"keywords\":[\"br\u00e8ve\",\"LOU\",\"Lyon\",\"Xavier Garbajosa\"],\"articleSection\":[\"Rugby \u00e0 XV\",\"Top 14\"],\"inLanguage\":\"fr-FR\",\"potentialAction\":[{\"@type\":\"CommentAction\",\"name\":\"Comment\",\"target\":[\"https:\/\/dicodusport.fr\/blog\/mercato-lou-xavier-garbajosa-prend-la-porte\/#respond\"]}],\"copyrightYear\":\"2023\",\"copyrightHolder\":{\"@id\":\"https:\/\/dicodusport.fr\/blog\/#organization\"}},{\"@type\":\"WebPage\",\"@id\":\"https:\/\/dicodusport.fr\/blog\/mercato-lou-xavier-garbajosa-prend-la-porte\/\",\"url\":\"https:\/\/dicodusport.fr\/blog\/mercato-lou-xavier-garbajosa-prend-la-porte\/\",\"name\":\"Mercato LOU : Xavier Garbajosa prend la porte\",\"isPartOf\":{\"@id\":\"https:\/\/dicodusport.fr\/blog\/#website\"},\"primaryImageOfPage\":{\"@id\":\"https:\/\/dicodusport.fr\/blog\/mercato-lou-xavier-garbajosa-prend-la-porte\/#primaryimage\"},\"image\":{\"@id\":\"https:\/\/dicodusport.fr\/blog\/mercato-lou-xavier-garbajosa-prend-la-porte\/#primaryimage\"},\"thumbnailUrl\":\"https:\/\/dicodusport.fr\/blog\/wp-content\/uploads\/2023\/06\/Mercato-LOU-Xavier-Garbajosa-prend-la-porte.png\",\"datePublished\":\"2023-06-12T10:50:19+00:00\",\"dateModified\":\"2023-06-12T11:57:34+00:00\",\"description\":\"TOP 14 2023-2024 - Selon L'\u00c9quipe, Xavier Garbajosa a \u00e9t\u00e9 d\u00e9mis de ses fonctions de manager de Lyon ce lundi matin.\u00a0\u00a0\",\"breadcrumb\":{\"@id\":\"https:\/\/dicodusport.fr\/blog\/mercato-lou-xavier-garbajosa-prend-la-porte\/#breadcrumb\"},\"inLanguage\":\"fr-FR\",\"potentialAction\":[{\"@type\":\"ReadAction\",\"target\":[\"https:\/\/dicodusport.fr\/blog\/mercato-lou-xavier-garbajosa-prend-la-porte\/\"]}]},{\"@type\":\"ImageObject\",\"inLanguage\":\"fr-FR\",\"@id\":\"https:\/\/dicodusport.fr\/blog\/mercato-lou-xavier-garbajosa-prend-la-porte\/#primaryimage\",\"url\":\"https:\/\/dicodusport.fr\/blog\/wp-content\/uploads\/2023\/06\/Mercato-LOU-Xavier-Garbajosa-prend-la-porte.png\",\"contentUrl\":\"https:\/\/dicodusport.fr\/blog\/wp-content\/uploads\/2023\/06\/Mercato-LOU-Xavier-Garbajosa-prend-la-porte.png\",\"width\":800,\"height\":445},{\"@type\":\"BreadcrumbList\",\"@id\":\"https:\/\/dicodusport.fr\/blog\/mercato-lou-xavier-garbajosa-prend-la-porte\/#breadcrumb\",\"itemListElement\":[{\"@type\":\"ListItem\",\"position\":1,\"name\":\"Accueil\",\"item\":\"https:\/\/dicodusport.fr\/blog\/\"},{\"@type\":\"ListItem\",\"position\":2,\"name\":\"Mercato LOU : Xavier Garbajosa prend la porte\"}]},{\"@type\":\"WebSite\",\"@id\":\"https:\/\/dicodusport.fr\/blog\/#website\",\"url\":\"https:\/\/dicodusport.fr\/blog\/\",\"name\":\"Dicodusport\",\"description\":\"L&#039;encyclop\u00e9die de l&#039;actualit\u00e9 sportive\",\"publisher\":{\"@id\":\"https:\/\/dicodusport.fr\/blog\/#organization\"},\"potentialAction\":[{\"@type\":\"SearchAction\",\"target\":{\"@type\":\"EntryPoint\",\"urlTemplate\":\"https:\/\/dicodusport.fr\/blog\/?s={search_term_string}\"},\"query-input\":{\"@type\":\"PropertyValueSpecification\",\"valueRequired\":true,\"valueName\":\"search_term_string\"}}],\"inLanguage\":\"fr-FR\"},{\"@type\":\"NewsMediaOrganization\",\"@id\":\"https:\/\/dicodusport.fr\/blog\/#organization\",\"name\":\"Dicodusport\",\"url\":\"https:\/\/dicodusport.fr\/blog\/\",\"logo\":{\"@type\":\"ImageObject\",\"inLanguage\":\"fr-FR\",\"@id\":\"https:\/\/dicodusport.fr\/blog\/#\/schema\/logo\/image\/\",\"url\":\"https:\/\/dicodusport.fr\/blog\/wp-content\/uploads\/2020\/06\/cropped-LOGO-DICODUSPORT-2020-SANS-FOND-SANS-TEXTE.png\",\"contentUrl\":\"https:\/\/dicodusport.fr\/blog\/wp-content\/uploads\/2020\/06\/cropped-LOGO-DICODUSPORT-2020-SANS-FOND-SANS-TEXTE.png\",\"width\":512,\"height\":512,\"caption\":\"Dicodusport\"},\"image\":{\"@id\":\"https:\/\/dicodusport.fr\/blog\/#\/schema\/logo\/image\/\"},\"sameAs\":[\"https:\/\/www.facebook.com\/dicodusport\",\"https:\/\/x.com\/dicodusport\",\"https:\/\/www.instagram.com\/dicodusport\/\",\"https:\/\/www.youtube.com\/channel\/UC7V2KZ5sd3htJivAbA4ZG3w\"],\"description\":\"Dicodusport est l'encyclop\u00e9die de l'actualit\u00e9 sportive.\",\"email\":\"bonjour@dicodusport.fr\",\"legalName\":\"DICODUSPORT\",\"foundingDate\":\"2018-01-14\",\"vatID\":\"FR71834470973\",\"taxID\":\"83447097300043\",\"numberOfEmployees\":{\"@type\":\"QuantitativeValue\",\"minValue\":\"1\",\"maxValue\":\"10\"}},{\"@type\":\"Person\",\"@id\":\"https:\/\/dicodusport.fr\/blog\/#\/schema\/person\/55dcb50ad410894e431ed812bbb70191\",\"name\":\"Nicolas Jacquemard\",\"image\":{\"@type\":\"ImageObject\",\"inLanguage\":\"fr-FR\",\"@id\":\"https:\/\/dicodusport.fr\/blog\/#\/schema\/person\/image\/\",\"url\":\"https:\/\/dicodusport.fr\/blog\/wp-content\/uploads\/2021\/05\/Nicolas-Jacquemard-150x150.jpeg\",\"contentUrl\":\"https:\/\/dicodusport.fr\/blog\/wp-content\/uploads\/2021\/05\/Nicolas-Jacquemard-150x150.jpeg\",\"caption\":\"Nicolas Jacquemard\"},\"description\":\"Passionn\u00e9 de sport et entrepreneur depuis mes 18 ans, la cr\u00e9ation de Dicodusport m'a sembl\u00e9 \u00e9vidente pour participer \u00e0 la m\u00e9diatisation d'un plus grand nombre de sports. Le chemin est long mais avec une \u00e9quipe des plus motiv\u00e9es et les Jeux Olympiques de Paris 2024 en point de mire, nous y arriverons ! Journaliste dans le monde du sport depuis plus de 5 ans, je traite aussi bien de football, de rugby, de biathlon que de cyclisme.\",\"sameAs\":[\"https:\/\/www.facebook.com\/dicodusport\",\"https:\/\/x.com\/https:\/\/twitter.com\/Nico_Jacquemard\"],\"url\":\"https:\/\/dicodusport.fr\/blog\/author\/dicodusport\/\"}]}<\/script>\n<!-- \/ Yoast SEO Premium plugin. -->","yoast_head_json":{"title":"Mercato LOU : Xavier Garbajosa prend la porte","description":"TOP 14 2023-2024 - Selon L'\u00c9quipe, Xavier Garbajosa a \u00e9t\u00e9 d\u00e9mis de ses fonctions de manager de Lyon ce lundi matin.\u00a0\u00a0","robots":{"index":"index","follow":"follow","max-snippet":"max-snippet:-1","max-image-preview":"max-image-preview:large","max-video-preview":"max-video-preview:-1"},"canonical":"https:\/\/dicodusport.fr\/blog\/mercato-lou-xavier-garbajosa-prend-la-porte\/","og_locale":"fr_FR","og_type":"article","og_title":"Mercato LOU : Xavier Garbajosa prend la porte","og_description":"TOP 14 2023-2024 - Selon L'\u00c9quipe, Xavier Garbajosa a \u00e9t\u00e9 d\u00e9mis de ses fonctions de manager de Lyon ce lundi matin.\u00a0\u00a0","og_url":"https:\/\/dicodusport.fr\/blog\/mercato-lou-xavier-garbajosa-prend-la-porte\/","og_site_name":"Dicodusport","article_publisher":"https:\/\/www.facebook.com\/dicodusport","article_author":"https:\/\/www.facebook.com\/dicodusport","article_published_time":"2023-06-12T10:50:19+00:00","article_modified_time":"2023-06-12T11:57:34+00:00","og_image":[{"width":800,"height":445,"url":"https:\/\/dicodusport.fr\/blog\/wp-content\/uploads\/2023\/06\/Mercato-LOU-Xavier-Garbajosa-prend-la-porte.png","type":"image\/png"}],"author":"Nicolas Jacquemard","twitter_card":"summary_large_image","twitter_title":"Mercato LOU : Xavier Garbajosa prend la porte","twitter_creator":"@https:\/\/twitter.com\/Nico_Jacquemard","twitter_site":"@dicodusport","schema":{"@context":"https:\/\/schema.org","@graph":[{"@type":"NewsArticle","@id":"https:\/\/dicodusport.fr\/blog\/mercato-lou-xavier-garbajosa-prend-la-porte\/#article","isPartOf":{"@id":"https:\/\/dicodusport.fr\/blog\/mercato-lou-xavier-garbajosa-prend-la-porte\/"},"author":{"name":"Nicolas Jacquemard","@id":"https:\/\/dicodusport.fr\/blog\/#\/schema\/person\/55dcb50ad410894e431ed812bbb70191"},"headline":"Mercato LOU : Xavier Garbajosa prend la porte","datePublished":"2023-06-12T10:50:19+00:00","dateModified":"2023-06-12T11:57:34+00:00","mainEntityOfPage":{"@id":"https:\/\/dicodusport.fr\/blog\/mercato-lou-xavier-garbajosa-prend-la-porte\/"},"wordCount":206,"commentCount":0,"publisher":{"@id":"https:\/\/dicodusport.fr\/blog\/#organization"},"image":{"@id":"https:\/\/dicodusport.fr\/blog\/mercato-lou-xavier-garbajosa-prend-la-porte\/#primaryimage"},"thumbnailUrl":"https:\/\/dicodusport.fr\/blog\/wp-content\/uploads\/2023\/06\/Mercato-LOU-Xavier-Garbajosa-prend-la-porte.png","keywords":["br\u00e8ve","LOU","Lyon","Xavier Garbajosa"],"articleSection":["Rugby \u00e0 XV","Top 14"],"inLanguage":"fr-FR","potentialAction":[{"@type":"CommentAction","name":"Comment","target":["https:\/\/dicodusport.fr\/blog\/mercato-lou-xavier-garbajosa-prend-la-porte\/#respond"]}],"copyrightYear":"2023","copyrightHolder":{"@id":"https:\/\/dicodusport.fr\/blog\/#organization"}},{"@type":"WebPage","@id":"https:\/\/dicodusport.fr\/blog\/mercato-lou-xavier-garbajosa-prend-la-porte\/","url":"https:\/\/dicodusport.fr\/blog\/mercato-lou-xavier-garbajosa-prend-la-porte\/","name":"Mercato LOU : Xavier Garbajosa prend la porte","isPartOf":{"@id":"https:\/\/dicodusport.fr\/blog\/#website"},"primaryImageOfPage":{"@id":"https:\/\/dicodusport.fr\/blog\/mercato-lou-xavier-garbajosa-prend-la-porte\/#primaryimage"},"image":{"@id":"https:\/\/dicodusport.fr\/blog\/mercato-lou-xavier-garbajosa-prend-la-porte\/#primaryimage"},"thumbnailUrl":"https:\/\/dicodusport.fr\/blog\/wp-content\/uploads\/2023\/06\/Mercato-LOU-Xavier-Garbajosa-prend-la-porte.png","datePublished":"2023-06-12T10:50:19+00:00","dateModified":"2023-06-12T11:57:34+00:00","description":"TOP 14 2023-2024 - Selon L'\u00c9quipe, Xavier Garbajosa a \u00e9t\u00e9 d\u00e9mis de ses fonctions de manager de Lyon ce lundi matin.\u00a0\u00a0","breadcrumb":{"@id":"https:\/\/dicodusport.fr\/blog\/mercato-lou-xavier-garbajosa-prend-la-porte\/#breadcrumb"},"inLanguage":"fr-FR","potentialAction":[{"@type":"ReadAction","target":["https:\/\/dicodusport.fr\/blog\/mercato-lou-xavier-garbajosa-prend-la-porte\/"]}]},{"@type":"ImageObject","inLanguage":"fr-FR","@id":"https:\/\/dicodusport.fr\/blog\/mercato-lou-xavier-garbajosa-prend-la-porte\/#primaryimage","url":"https:\/\/dicodusport.fr\/blog\/wp-content\/uploads\/2023\/06\/Mercato-LOU-Xavier-Garbajosa-prend-la-porte.png","contentUrl":"https:\/\/dicodusport.fr\/blog\/wp-content\/uploads\/2023\/06\/Mercato-LOU-Xavier-Garbajosa-prend-la-porte.png","width":800,"height":445},{"@type":"BreadcrumbList","@id":"https:\/\/dicodusport.fr\/blog\/mercato-lou-xavier-garbajosa-prend-la-porte\/#breadcrumb","itemListElement":[{"@type":"ListItem","position":1,"name":"Accueil","item":"https:\/\/dicodusport.fr\/blog\/"},{"@type":"ListItem","position":2,"name":"Mercato LOU : Xavier Garbajosa prend la porte"}]},{"@type":"WebSite","@id":"https:\/\/dicodusport.fr\/blog\/#website","url":"https:\/\/dicodusport.fr\/blog\/","name":"Dicodusport","description":"L&#039;encyclop\u00e9die de l&#039;actualit\u00e9 sportive","publisher":{"@id":"https:\/\/dicodusport.fr\/blog\/#organization"},"potentialAction":[{"@type":"SearchAction","target":{"@type":"EntryPoint","urlTemplate":"https:\/\/dicodusport.fr\/blog\/?s={search_term_string}"},"query-input":{"@type":"PropertyValueSpecification","valueRequired":true,"valueName":"search_term_string"}}],"inLanguage":"fr-FR"},{"@type":"NewsMediaOrganization","@id":"https:\/\/dicodusport.fr\/blog\/#organization","name":"Dicodusport","url":"https:\/\/dicodusport.fr\/blog\/","logo":{"@type":"ImageObject","inLanguage":"fr-FR","@id":"https:\/\/dicodusport.fr\/blog\/#\/schema\/logo\/image\/","url":"https:\/\/dicodusport.fr\/blog\/wp-content\/uploads\/2020\/06\/cropped-LOGO-DICODUSPORT-2020-SANS-FOND-SANS-TEXTE.png","contentUrl":"https:\/\/dicodusport.fr\/blog\/wp-content\/uploads\/2020\/06\/cropped-LOGO-DICODUSPORT-2020-SANS-FOND-SANS-TEXTE.png","width":512,"height":512,"caption":"Dicodusport"},"image":{"@id":"https:\/\/dicodusport.fr\/blog\/#\/schema\/logo\/image\/"},"sameAs":["https:\/\/www.facebook.com\/dicodusport","https:\/\/x.com\/dicodusport","https:\/\/www.instagram.com\/dicodusport\/","https:\/\/www.youtube.com\/channel\/UC7V2KZ5sd3htJivAbA4ZG3w"],"description":"Dicodusport est l'encyclop\u00e9die de l'actualit\u00e9 sportive.","email":"bonjour@dicodusport.fr","legalName":"DICODUSPORT","foundingDate":"2018-01-14","vatID":"FR71834470973","taxID":"83447097300043","numberOfEmployees":{"@type":"QuantitativeValue","minValue":"1","maxValue":"10"}},{"@type":"Person","@id":"https:\/\/dicodusport.fr\/blog\/#\/schema\/person\/55dcb50ad410894e431ed812bbb70191","name":"Nicolas Jacquemard","image":{"@type":"ImageObject","inLanguage":"fr-FR","@id":"https:\/\/dicodusport.fr\/blog\/#\/schema\/person\/image\/","url":"https:\/\/dicodusport.fr\/blog\/wp-content\/uploads\/2021\/05\/Nicolas-Jacquemard-150x150.jpeg","contentUrl":"https:\/\/dicodusport.fr\/blog\/wp-content\/uploads\/2021\/05\/Nicolas-Jacquemard-150x150.jpeg","caption":"Nicolas Jacquemard"},"description":"Passionn\u00e9 de sport et entrepreneur depuis mes 18 ans, la cr\u00e9ation de Dicodusport m'a sembl\u00e9 \u00e9vidente pour participer \u00e0 la m\u00e9diatisation d'un plus grand nombre de sports. Le chemin est long mais avec une \u00e9quipe des plus motiv\u00e9es et les Jeux Olympiques de Paris 2024 en point de mire, nous y arriverons ! Journaliste dans le monde du sport depuis plus de 5 ans, je traite aussi bien de football, de rugby, de biathlon que de cyclisme.","sameAs":["https:\/\/www.facebook.com\/dicodusport","https:\/\/x.com\/https:\/\/twitter.com\/Nico_Jacquemard"],"url":"https:\/\/dicodusport.fr\/blog\/author\/dicodusport\/"}]}},"_links":{"self":[{"href":"https:\/\/dicodusport.fr\/blog\/wp-json\/wp\/v2\/posts\/390656","targetHints":{"allow":["GET"]}}],"collection":[{"href":"https:\/\/dicodusport.fr\/blog\/wp-json\/wp\/v2\/posts"}],"about":[{"href":"https:\/\/dicodusport.fr\/blog\/wp-json\/wp\/v2\/types\/post"}],"author":[{"embeddable":true,"href":"https:\/\/dicodusport.fr\/blog\/wp-json\/wp\/v2\/users\/1"}],"replies":[{"embeddable":true,"href":"https:\/\/dicodusport.fr\/blog\/wp-json\/wp\/v2\/comments?post=390656"}],"version-history":[{"count":0,"href":"https:\/\/dicodusport.fr\/blog\/wp-json\/wp\/v2\/posts\/390656\/revisions"}],"wp:featuredmedia":[{"embeddable":true,"href":"https:\/\/dicodusport.fr\/blog\/wp-json\/wp\/v2\/media\/390658"}],"wp:attachment":[{"href":"https:\/\/dicodusport.fr\/blog\/wp-json\/wp\/v2\/media?parent=390656"}],"wp:term":[{"taxonomy":"category","embeddable":true,"href":"https:\/\/dicodusport.fr\/blog\/wp-json\/wp\/v2\/categories?post=390656"},{"taxonomy":"post_tag","embeddable":true,"href":"https:\/\/dicodusport.fr\/blog\/wp-json\/wp\/v2\/tags?post=390656"}],"curies":[{"name":"wp","href":"https:\/\/api.w.org\/{rel}","templated":true}]}}