{"id":390871,"date":"2023-06-13T09:00:17","date_gmt":"2023-06-13T07:00:17","guid":{"rendered":"https:\/\/dicodusport.fr\/blog\/?p=390871&#038;preview=true&#038;preview_id=390871"},"modified":"2023-06-13T22:49:45","modified_gmt":"2023-06-13T20:49:45","slug":"mercato-kylian-mbappe-libre-a-lete-2024-le-psg-songe-a-le-vendre","status":"publish","type":"post","link":"https:\/\/dicodusport.fr\/blog\/mercato-kylian-mbappe-libre-a-lete-2024-le-psg-songe-a-le-vendre\/","title":{"rendered":"Mercato : Kylian Mbapp\u00e9 libre \u00e0 l&rsquo;\u00e9t\u00e9 2024, le PSG songe \u00e0 le vendre"},"content":{"rendered":"<p align=\"justify\"><em><strong>LIGUE 1 2023-2024 &#8211; Kylian Mbapp\u00e9 a confirm\u00e9 au PSG qu&rsquo;il ne l\u00e8verait pas son ann\u00e9e de contrat en option et qu&rsquo;il serait donc libre \u00e0 l&rsquo;\u00e9t\u00e9 2024.\u00a0<\/strong><\/em><\/p>\n<p align=\"justify\">Le feuilleton <strong>Kylian<\/strong> <strong>Mbapp\u00e9<\/strong> est relanc\u00e9 ! Pour rappel, il y a un an, le <strong>Paris Saint-Germain<\/strong> annon\u00e7ait la prolongation de <strong>Kylian<\/strong> <strong>Mbapp\u00e9<\/strong> pour trois saisons, jusqu&rsquo;en juin 2025. Mais tr\u00e8s vite, les m\u00e9dias, <em>L&rsquo;\u00c9quipe<\/em> en t\u00eate, expliquent qu&rsquo;il s&rsquo;agit en fait d&rsquo;un contrat de deux ans, avec une troisi\u00e8me ann\u00e9e en option \u00e0 la discr\u00e9tion du joueur. L&rsquo;international fran\u00e7ais peut effectivement l&rsquo;activer pour rester jusqu&rsquo;en 2025, mais est, sur le papier, engag\u00e9 jusqu&rsquo;en juin 2024.<\/p>\n<h2 align=\"justify\">Kylian Mbapp\u00e9 vendu ?<\/h2>\n<p align=\"justify\">Depuis plusieurs semaines, <a href=\"https:\/\/dicodusport.fr\/blog\/mercato-psg-kylian-mbappe-ne-va-pas-lever-son-option-et-sera-libre-en-2024\/\">les rumeurs laissaient entendre que le champion du monde 2018 n&rsquo;allait pas lever cette option<\/a>. Lundi, en fin de journ\u00e9e, il a fait parvenir un courrier au <strong>Paris Saint-Germain<\/strong> pour acter sa d\u00e9cision. Un coup dur pour les dirigeants du club, qui pensaient que le joueur voulait s&rsquo;inscrire dans la dur\u00e9e avec le <strong>PSG<\/strong>, malgr\u00e9 les bruits de couloir. Il se murmure que cela pourrait \u00eatre un moyen d&rsquo;\u00eatre une nouvelle fois en position de force par rapport au club, mais l&rsquo;\u00e9tat-major ne compte pas se laisser faire cette fois.<\/p>\n<p align=\"justify\">Le club de la <strong>capitale<\/strong> voudrait cette fois hausser le ton quant \u00e0 la position de <strong>Kylian<\/strong> <strong>Mbapp\u00e9<\/strong>. Le club pensait que les relations avec la star des <strong>Bleus<\/strong> \u00e9taient bonnes ces derni\u00e8res semaines. La direction parisienne devrait rapidement r\u00e9agir avec une position ferme : soit il montre qu&rsquo;il est enclin \u00e0 prolonger au-del\u00e0 de 2024, soit il sera vendu cet \u00e9t\u00e9. <strong>Kylian<\/strong> <strong>Mbapp\u00e9<\/strong> n&rsquo;a pas souhait\u00e9 faire de commentaires pour le moment, mais les prochains jours s&rsquo;annoncent anim\u00e9s au <strong>Paris Saint-Germain<\/strong>.<\/p>\n<blockquote class=\"twitter-tweet\">\n<p dir=\"ltr\" lang=\"fr\">INFO L&rsquo;\u00c9QUIPE. Kylian Mbapp\u00e9 a officiellement fait savoir au PSG, dans une lettre re\u00e7ue ce lundi apr\u00e8s-midi, qu&rsquo;il ne l\u00e8verait pas l&rsquo;option d&rsquo;un an en plus dans son contrat. Une d\u00e9cision qui suscite l&rsquo;incompr\u00e9hension du PSG. <a href=\"https:\/\/t.co\/EFFBOUL5Li\">https:\/\/t.co\/EFFBOUL5Li<\/a> <a href=\"https:\/\/t.co\/tPQQhoMVzg\">pic.twitter.com\/tPQQhoMVzg<\/a><\/p>\n<p>\u2014 L&rsquo;\u00c9QUIPE (@lequipe) <a href=\"https:\/\/twitter.com\/lequipe\/status\/1668350441363496961?ref_src=twsrc%5Etfw\">June 12, 2023<\/a><\/p><\/blockquote>\n<p><script async src=\"https:\/\/platform.twitter.com\/widgets.js\" charset=\"utf-8\"><\/script><\/p>\n","protected":false},"excerpt":{"rendered":"<p>LIGUE 1 2023-2024 &#8211; Kylian Mbapp\u00e9 a confirm\u00e9 au PSG qu&rsquo;il ne l\u00e8verait pas son ann\u00e9e de contrat en option et qu&rsquo;il serait donc libre \u00e0 l&rsquo;\u00e9t\u00e9 2024.\u00a0<\/p>\n","protected":false},"author":1,"featured_media":390872,"comment_status":"open","ping_status":"closed","sticky":false,"template":"","format":"standard","meta":{"_acf_changed":false,"_daextam_enable_autolinks":"","footnotes":""},"categories":[2301,47045],"tags":[16878,75,2236,5183,910,521],"class_list":["post-390871","post","type-post","status-publish","format-standard","has-post-thumbnail","hentry","category-football","category-ligue-1","tag-breve","tag-football","tag-kylian-mbappe","tag-mbappe","tag-psg","tag-real-madrid"],"acf":[],"yoast_head":"<!-- This site is optimized with the Yoast SEO Premium plugin v26.7 (Yoast SEO v26.7) - https:\/\/yoast.com\/wordpress\/plugins\/seo\/ -->\n<title>Mercato : Kylian Mbapp\u00e9 libre \u00e0 l&#039;\u00e9t\u00e9 2024, le PSG songe \u00e0 le vendre<\/title>\n<meta name=\"description\" content=\"LIGUE 1 2023-2024 - Kylian Mbapp\u00e9 a confirm\u00e9 au PSG qu&#039;il ne l\u00e8verait pas son ann\u00e9e de contrat en option et qu&#039;il serait donc libre \u00e0 l&#039;\u00e9t\u00e9 2024.\u00a0\" \/>\n<meta name=\"robots\" content=\"index, follow, max-snippet:-1, max-image-preview:large, max-video-preview:-1\" \/>\n<link rel=\"canonical\" href=\"https:\/\/dicodusport.fr\/blog\/mercato-kylian-mbappe-libre-a-lete-2024-le-psg-songe-a-le-vendre\/\" \/>\n<meta property=\"og:locale\" content=\"fr_FR\" \/>\n<meta property=\"og:type\" content=\"article\" \/>\n<meta property=\"og:title\" content=\"Mercato : Kylian Mbapp\u00e9 libre \u00e0 l&#039;\u00e9t\u00e9 2024, le PSG songe \u00e0 le vendre\" \/>\n<meta property=\"og:description\" content=\"LIGUE 1 2023-2024 - Kylian Mbapp\u00e9 a confirm\u00e9 au PSG qu&#039;il ne l\u00e8verait pas son ann\u00e9e de contrat en option et qu&#039;il serait donc libre \u00e0 l&#039;\u00e9t\u00e9 2024.\u00a0\" \/>\n<meta property=\"og:url\" content=\"https:\/\/dicodusport.fr\/blog\/mercato-kylian-mbappe-libre-a-lete-2024-le-psg-songe-a-le-vendre\/\" \/>\n<meta property=\"og:site_name\" content=\"Dicodusport\" \/>\n<meta property=\"article:publisher\" content=\"https:\/\/www.facebook.com\/dicodusport\" \/>\n<meta property=\"article:author\" content=\"https:\/\/www.facebook.com\/dicodusport\" \/>\n<meta property=\"article:published_time\" content=\"2023-06-13T07:00:17+00:00\" \/>\n<meta property=\"article:modified_time\" content=\"2023-06-13T20:49:45+00:00\" \/>\n<meta property=\"og:image\" content=\"https:\/\/dicodusport.fr\/blog\/wp-content\/uploads\/2023\/06\/Mercato-Kylian-Mbappe-libre-a-lete-2024-le-PSG-songe-a-le-vendre.png\" \/>\n\t<meta property=\"og:image:width\" content=\"800\" \/>\n\t<meta property=\"og:image:height\" content=\"445\" \/>\n\t<meta property=\"og:image:type\" content=\"image\/png\" \/>\n<meta name=\"author\" content=\"Nicolas Jacquemard\" \/>\n<meta name=\"twitter:card\" content=\"summary_large_image\" \/>\n<meta name=\"twitter:title\" content=\"Mercato : Kylian Mbapp\u00e9 libre \u00e0 l&#039;\u00e9t\u00e9 2024, le PSG songe \u00e0 le vendre\" \/>\n<meta name=\"twitter:creator\" content=\"@https:\/\/twitter.com\/Nico_Jacquemard\" \/>\n<meta name=\"twitter:site\" content=\"@dicodusport\" \/>\n<script type=\"application\/ld+json\" class=\"yoast-schema-graph\">{\"@context\":\"https:\/\/schema.org\",\"@graph\":[{\"@type\":\"NewsArticle\",\"@id\":\"https:\/\/dicodusport.fr\/blog\/mercato-kylian-mbappe-libre-a-lete-2024-le-psg-songe-a-le-vendre\/#article\",\"isPartOf\":{\"@id\":\"https:\/\/dicodusport.fr\/blog\/mercato-kylian-mbappe-libre-a-lete-2024-le-psg-songe-a-le-vendre\/\"},\"author\":{\"name\":\"Nicolas Jacquemard\",\"@id\":\"https:\/\/dicodusport.fr\/blog\/#\/schema\/person\/55dcb50ad410894e431ed812bbb70191\"},\"headline\":\"Mercato : Kylian Mbapp\u00e9 libre \u00e0 l&rsquo;\u00e9t\u00e9 2024, le PSG songe \u00e0 le vendre\",\"datePublished\":\"2023-06-13T07:00:17+00:00\",\"dateModified\":\"2023-06-13T20:49:45+00:00\",\"mainEntityOfPage\":{\"@id\":\"https:\/\/dicodusport.fr\/blog\/mercato-kylian-mbappe-libre-a-lete-2024-le-psg-songe-a-le-vendre\/\"},\"wordCount\":374,\"commentCount\":0,\"publisher\":{\"@id\":\"https:\/\/dicodusport.fr\/blog\/#organization\"},\"image\":{\"@id\":\"https:\/\/dicodusport.fr\/blog\/mercato-kylian-mbappe-libre-a-lete-2024-le-psg-songe-a-le-vendre\/#primaryimage\"},\"thumbnailUrl\":\"https:\/\/dicodusport.fr\/blog\/wp-content\/uploads\/2023\/06\/Mercato-Kylian-Mbappe-libre-a-lete-2024-le-PSG-songe-a-le-vendre.png\",\"keywords\":[\"br\u00e8ve\",\"Football\",\"Kylian Mbapp\u00e9\",\"Mbappe\",\"PSG\",\"Real Madrid\"],\"articleSection\":[\"Football\",\"Ligue 1\"],\"inLanguage\":\"fr-FR\",\"potentialAction\":[{\"@type\":\"CommentAction\",\"name\":\"Comment\",\"target\":[\"https:\/\/dicodusport.fr\/blog\/mercato-kylian-mbappe-libre-a-lete-2024-le-psg-songe-a-le-vendre\/#respond\"]}],\"copyrightYear\":\"2023\",\"copyrightHolder\":{\"@id\":\"https:\/\/dicodusport.fr\/blog\/#organization\"}},{\"@type\":\"WebPage\",\"@id\":\"https:\/\/dicodusport.fr\/blog\/mercato-kylian-mbappe-libre-a-lete-2024-le-psg-songe-a-le-vendre\/\",\"url\":\"https:\/\/dicodusport.fr\/blog\/mercato-kylian-mbappe-libre-a-lete-2024-le-psg-songe-a-le-vendre\/\",\"name\":\"Mercato : Kylian Mbapp\u00e9 libre \u00e0 l'\u00e9t\u00e9 2024, le PSG songe \u00e0 le vendre\",\"isPartOf\":{\"@id\":\"https:\/\/dicodusport.fr\/blog\/#website\"},\"primaryImageOfPage\":{\"@id\":\"https:\/\/dicodusport.fr\/blog\/mercato-kylian-mbappe-libre-a-lete-2024-le-psg-songe-a-le-vendre\/#primaryimage\"},\"image\":{\"@id\":\"https:\/\/dicodusport.fr\/blog\/mercato-kylian-mbappe-libre-a-lete-2024-le-psg-songe-a-le-vendre\/#primaryimage\"},\"thumbnailUrl\":\"https:\/\/dicodusport.fr\/blog\/wp-content\/uploads\/2023\/06\/Mercato-Kylian-Mbappe-libre-a-lete-2024-le-PSG-songe-a-le-vendre.png\",\"datePublished\":\"2023-06-13T07:00:17+00:00\",\"dateModified\":\"2023-06-13T20:49:45+00:00\",\"description\":\"LIGUE 1 2023-2024 - Kylian Mbapp\u00e9 a confirm\u00e9 au PSG qu'il ne l\u00e8verait pas son ann\u00e9e de contrat en option et qu'il serait donc libre \u00e0 l'\u00e9t\u00e9 2024.\u00a0\",\"breadcrumb\":{\"@id\":\"https:\/\/dicodusport.fr\/blog\/mercato-kylian-mbappe-libre-a-lete-2024-le-psg-songe-a-le-vendre\/#breadcrumb\"},\"inLanguage\":\"fr-FR\",\"potentialAction\":[{\"@type\":\"ReadAction\",\"target\":[\"https:\/\/dicodusport.fr\/blog\/mercato-kylian-mbappe-libre-a-lete-2024-le-psg-songe-a-le-vendre\/\"]}]},{\"@type\":\"ImageObject\",\"inLanguage\":\"fr-FR\",\"@id\":\"https:\/\/dicodusport.fr\/blog\/mercato-kylian-mbappe-libre-a-lete-2024-le-psg-songe-a-le-vendre\/#primaryimage\",\"url\":\"https:\/\/dicodusport.fr\/blog\/wp-content\/uploads\/2023\/06\/Mercato-Kylian-Mbappe-libre-a-lete-2024-le-PSG-songe-a-le-vendre.png\",\"contentUrl\":\"https:\/\/dicodusport.fr\/blog\/wp-content\/uploads\/2023\/06\/Mercato-Kylian-Mbappe-libre-a-lete-2024-le-PSG-songe-a-le-vendre.png\",\"width\":800,\"height\":445},{\"@type\":\"BreadcrumbList\",\"@id\":\"https:\/\/dicodusport.fr\/blog\/mercato-kylian-mbappe-libre-a-lete-2024-le-psg-songe-a-le-vendre\/#breadcrumb\",\"itemListElement\":[{\"@type\":\"ListItem\",\"position\":1,\"name\":\"Accueil\",\"item\":\"https:\/\/dicodusport.fr\/blog\/\"},{\"@type\":\"ListItem\",\"position\":2,\"name\":\"Mercato : Kylian Mbapp\u00e9 libre \u00e0 l&rsquo;\u00e9t\u00e9 2024, le PSG songe \u00e0 le vendre\"}]},{\"@type\":\"WebSite\",\"@id\":\"https:\/\/dicodusport.fr\/blog\/#website\",\"url\":\"https:\/\/dicodusport.fr\/blog\/\",\"name\":\"Dicodusport\",\"description\":\"L&#039;encyclop\u00e9die de l&#039;actualit\u00e9 sportive\",\"publisher\":{\"@id\":\"https:\/\/dicodusport.fr\/blog\/#organization\"},\"potentialAction\":[{\"@type\":\"SearchAction\",\"target\":{\"@type\":\"EntryPoint\",\"urlTemplate\":\"https:\/\/dicodusport.fr\/blog\/?s={search_term_string}\"},\"query-input\":{\"@type\":\"PropertyValueSpecification\",\"valueRequired\":true,\"valueName\":\"search_term_string\"}}],\"inLanguage\":\"fr-FR\"},{\"@type\":\"NewsMediaOrganization\",\"@id\":\"https:\/\/dicodusport.fr\/blog\/#organization\",\"name\":\"Dicodusport\",\"url\":\"https:\/\/dicodusport.fr\/blog\/\",\"logo\":{\"@type\":\"ImageObject\",\"inLanguage\":\"fr-FR\",\"@id\":\"https:\/\/dicodusport.fr\/blog\/#\/schema\/logo\/image\/\",\"url\":\"https:\/\/dicodusport.fr\/blog\/wp-content\/uploads\/2020\/06\/cropped-LOGO-DICODUSPORT-2020-SANS-FOND-SANS-TEXTE.png\",\"contentUrl\":\"https:\/\/dicodusport.fr\/blog\/wp-content\/uploads\/2020\/06\/cropped-LOGO-DICODUSPORT-2020-SANS-FOND-SANS-TEXTE.png\",\"width\":512,\"height\":512,\"caption\":\"Dicodusport\"},\"image\":{\"@id\":\"https:\/\/dicodusport.fr\/blog\/#\/schema\/logo\/image\/\"},\"sameAs\":[\"https:\/\/www.facebook.com\/dicodusport\",\"https:\/\/x.com\/dicodusport\",\"https:\/\/www.instagram.com\/dicodusport\/\",\"https:\/\/www.youtube.com\/channel\/UC7V2KZ5sd3htJivAbA4ZG3w\"],\"description\":\"Dicodusport est l'encyclop\u00e9die de l'actualit\u00e9 sportive.\",\"email\":\"bonjour@dicodusport.fr\",\"legalName\":\"DICODUSPORT\",\"foundingDate\":\"2018-01-14\",\"vatID\":\"FR71834470973\",\"taxID\":\"83447097300043\",\"numberOfEmployees\":{\"@type\":\"QuantitativeValue\",\"minValue\":\"1\",\"maxValue\":\"10\"}},{\"@type\":\"Person\",\"@id\":\"https:\/\/dicodusport.fr\/blog\/#\/schema\/person\/55dcb50ad410894e431ed812bbb70191\",\"name\":\"Nicolas Jacquemard\",\"image\":{\"@type\":\"ImageObject\",\"inLanguage\":\"fr-FR\",\"@id\":\"https:\/\/dicodusport.fr\/blog\/#\/schema\/person\/image\/\",\"url\":\"https:\/\/dicodusport.fr\/blog\/wp-content\/uploads\/2021\/05\/Nicolas-Jacquemard-150x150.jpeg\",\"contentUrl\":\"https:\/\/dicodusport.fr\/blog\/wp-content\/uploads\/2021\/05\/Nicolas-Jacquemard-150x150.jpeg\",\"caption\":\"Nicolas Jacquemard\"},\"description\":\"Passionn\u00e9 de sport et entrepreneur depuis mes 18 ans, la cr\u00e9ation de Dicodusport m'a sembl\u00e9 \u00e9vidente pour participer \u00e0 la m\u00e9diatisation d'un plus grand nombre de sports. Le chemin est long mais avec une \u00e9quipe des plus motiv\u00e9es et les Jeux Olympiques de Paris 2024 en point de mire, nous y arriverons ! Journaliste dans le monde du sport depuis plus de 5 ans, je traite aussi bien de football, de rugby, de biathlon que de cyclisme.\",\"sameAs\":[\"https:\/\/www.facebook.com\/dicodusport\",\"https:\/\/x.com\/https:\/\/twitter.com\/Nico_Jacquemard\"],\"url\":\"https:\/\/dicodusport.fr\/blog\/author\/dicodusport\/\"}]}<\/script>\n<!-- \/ Yoast SEO Premium plugin. -->","yoast_head_json":{"title":"Mercato : Kylian Mbapp\u00e9 libre \u00e0 l'\u00e9t\u00e9 2024, le PSG songe \u00e0 le vendre","description":"LIGUE 1 2023-2024 - Kylian Mbapp\u00e9 a confirm\u00e9 au PSG qu'il ne l\u00e8verait pas son ann\u00e9e de contrat en option et qu'il serait donc libre \u00e0 l'\u00e9t\u00e9 2024.\u00a0","robots":{"index":"index","follow":"follow","max-snippet":"max-snippet:-1","max-image-preview":"max-image-preview:large","max-video-preview":"max-video-preview:-1"},"canonical":"https:\/\/dicodusport.fr\/blog\/mercato-kylian-mbappe-libre-a-lete-2024-le-psg-songe-a-le-vendre\/","og_locale":"fr_FR","og_type":"article","og_title":"Mercato : Kylian Mbapp\u00e9 libre \u00e0 l'\u00e9t\u00e9 2024, le PSG songe \u00e0 le vendre","og_description":"LIGUE 1 2023-2024 - Kylian Mbapp\u00e9 a confirm\u00e9 au PSG qu'il ne l\u00e8verait pas son ann\u00e9e de contrat en option et qu'il serait donc libre \u00e0 l'\u00e9t\u00e9 2024.\u00a0","og_url":"https:\/\/dicodusport.fr\/blog\/mercato-kylian-mbappe-libre-a-lete-2024-le-psg-songe-a-le-vendre\/","og_site_name":"Dicodusport","article_publisher":"https:\/\/www.facebook.com\/dicodusport","article_author":"https:\/\/www.facebook.com\/dicodusport","article_published_time":"2023-06-13T07:00:17+00:00","article_modified_time":"2023-06-13T20:49:45+00:00","og_image":[{"width":800,"height":445,"url":"https:\/\/dicodusport.fr\/blog\/wp-content\/uploads\/2023\/06\/Mercato-Kylian-Mbappe-libre-a-lete-2024-le-PSG-songe-a-le-vendre.png","type":"image\/png"}],"author":"Nicolas Jacquemard","twitter_card":"summary_large_image","twitter_title":"Mercato : Kylian Mbapp\u00e9 libre \u00e0 l'\u00e9t\u00e9 2024, le PSG songe \u00e0 le vendre","twitter_creator":"@https:\/\/twitter.com\/Nico_Jacquemard","twitter_site":"@dicodusport","schema":{"@context":"https:\/\/schema.org","@graph":[{"@type":"NewsArticle","@id":"https:\/\/dicodusport.fr\/blog\/mercato-kylian-mbappe-libre-a-lete-2024-le-psg-songe-a-le-vendre\/#article","isPartOf":{"@id":"https:\/\/dicodusport.fr\/blog\/mercato-kylian-mbappe-libre-a-lete-2024-le-psg-songe-a-le-vendre\/"},"author":{"name":"Nicolas Jacquemard","@id":"https:\/\/dicodusport.fr\/blog\/#\/schema\/person\/55dcb50ad410894e431ed812bbb70191"},"headline":"Mercato : Kylian Mbapp\u00e9 libre \u00e0 l&rsquo;\u00e9t\u00e9 2024, le PSG songe \u00e0 le vendre","datePublished":"2023-06-13T07:00:17+00:00","dateModified":"2023-06-13T20:49:45+00:00","mainEntityOfPage":{"@id":"https:\/\/dicodusport.fr\/blog\/mercato-kylian-mbappe-libre-a-lete-2024-le-psg-songe-a-le-vendre\/"},"wordCount":374,"commentCount":0,"publisher":{"@id":"https:\/\/dicodusport.fr\/blog\/#organization"},"image":{"@id":"https:\/\/dicodusport.fr\/blog\/mercato-kylian-mbappe-libre-a-lete-2024-le-psg-songe-a-le-vendre\/#primaryimage"},"thumbnailUrl":"https:\/\/dicodusport.fr\/blog\/wp-content\/uploads\/2023\/06\/Mercato-Kylian-Mbappe-libre-a-lete-2024-le-PSG-songe-a-le-vendre.png","keywords":["br\u00e8ve","Football","Kylian Mbapp\u00e9","Mbappe","PSG","Real Madrid"],"articleSection":["Football","Ligue 1"],"inLanguage":"fr-FR","potentialAction":[{"@type":"CommentAction","name":"Comment","target":["https:\/\/dicodusport.fr\/blog\/mercato-kylian-mbappe-libre-a-lete-2024-le-psg-songe-a-le-vendre\/#respond"]}],"copyrightYear":"2023","copyrightHolder":{"@id":"https:\/\/dicodusport.fr\/blog\/#organization"}},{"@type":"WebPage","@id":"https:\/\/dicodusport.fr\/blog\/mercato-kylian-mbappe-libre-a-lete-2024-le-psg-songe-a-le-vendre\/","url":"https:\/\/dicodusport.fr\/blog\/mercato-kylian-mbappe-libre-a-lete-2024-le-psg-songe-a-le-vendre\/","name":"Mercato : Kylian Mbapp\u00e9 libre \u00e0 l'\u00e9t\u00e9 2024, le PSG songe \u00e0 le vendre","isPartOf":{"@id":"https:\/\/dicodusport.fr\/blog\/#website"},"primaryImageOfPage":{"@id":"https:\/\/dicodusport.fr\/blog\/mercato-kylian-mbappe-libre-a-lete-2024-le-psg-songe-a-le-vendre\/#primaryimage"},"image":{"@id":"https:\/\/dicodusport.fr\/blog\/mercato-kylian-mbappe-libre-a-lete-2024-le-psg-songe-a-le-vendre\/#primaryimage"},"thumbnailUrl":"https:\/\/dicodusport.fr\/blog\/wp-content\/uploads\/2023\/06\/Mercato-Kylian-Mbappe-libre-a-lete-2024-le-PSG-songe-a-le-vendre.png","datePublished":"2023-06-13T07:00:17+00:00","dateModified":"2023-06-13T20:49:45+00:00","description":"LIGUE 1 2023-2024 - Kylian Mbapp\u00e9 a confirm\u00e9 au PSG qu'il ne l\u00e8verait pas son ann\u00e9e de contrat en option et qu'il serait donc libre \u00e0 l'\u00e9t\u00e9 2024.\u00a0","breadcrumb":{"@id":"https:\/\/dicodusport.fr\/blog\/mercato-kylian-mbappe-libre-a-lete-2024-le-psg-songe-a-le-vendre\/#breadcrumb"},"inLanguage":"fr-FR","potentialAction":[{"@type":"ReadAction","target":["https:\/\/dicodusport.fr\/blog\/mercato-kylian-mbappe-libre-a-lete-2024-le-psg-songe-a-le-vendre\/"]}]},{"@type":"ImageObject","inLanguage":"fr-FR","@id":"https:\/\/dicodusport.fr\/blog\/mercato-kylian-mbappe-libre-a-lete-2024-le-psg-songe-a-le-vendre\/#primaryimage","url":"https:\/\/dicodusport.fr\/blog\/wp-content\/uploads\/2023\/06\/Mercato-Kylian-Mbappe-libre-a-lete-2024-le-PSG-songe-a-le-vendre.png","contentUrl":"https:\/\/dicodusport.fr\/blog\/wp-content\/uploads\/2023\/06\/Mercato-Kylian-Mbappe-libre-a-lete-2024-le-PSG-songe-a-le-vendre.png","width":800,"height":445},{"@type":"BreadcrumbList","@id":"https:\/\/dicodusport.fr\/blog\/mercato-kylian-mbappe-libre-a-lete-2024-le-psg-songe-a-le-vendre\/#breadcrumb","itemListElement":[{"@type":"ListItem","position":1,"name":"Accueil","item":"https:\/\/dicodusport.fr\/blog\/"},{"@type":"ListItem","position":2,"name":"Mercato : Kylian Mbapp\u00e9 libre \u00e0 l&rsquo;\u00e9t\u00e9 2024, le PSG songe \u00e0 le vendre"}]},{"@type":"WebSite","@id":"https:\/\/dicodusport.fr\/blog\/#website","url":"https:\/\/dicodusport.fr\/blog\/","name":"Dicodusport","description":"L&#039;encyclop\u00e9die de l&#039;actualit\u00e9 sportive","publisher":{"@id":"https:\/\/dicodusport.fr\/blog\/#organization"},"potentialAction":[{"@type":"SearchAction","target":{"@type":"EntryPoint","urlTemplate":"https:\/\/dicodusport.fr\/blog\/?s={search_term_string}"},"query-input":{"@type":"PropertyValueSpecification","valueRequired":true,"valueName":"search_term_string"}}],"inLanguage":"fr-FR"},{"@type":"NewsMediaOrganization","@id":"https:\/\/dicodusport.fr\/blog\/#organization","name":"Dicodusport","url":"https:\/\/dicodusport.fr\/blog\/","logo":{"@type":"ImageObject","inLanguage":"fr-FR","@id":"https:\/\/dicodusport.fr\/blog\/#\/schema\/logo\/image\/","url":"https:\/\/dicodusport.fr\/blog\/wp-content\/uploads\/2020\/06\/cropped-LOGO-DICODUSPORT-2020-SANS-FOND-SANS-TEXTE.png","contentUrl":"https:\/\/dicodusport.fr\/blog\/wp-content\/uploads\/2020\/06\/cropped-LOGO-DICODUSPORT-2020-SANS-FOND-SANS-TEXTE.png","width":512,"height":512,"caption":"Dicodusport"},"image":{"@id":"https:\/\/dicodusport.fr\/blog\/#\/schema\/logo\/image\/"},"sameAs":["https:\/\/www.facebook.com\/dicodusport","https:\/\/x.com\/dicodusport","https:\/\/www.instagram.com\/dicodusport\/","https:\/\/www.youtube.com\/channel\/UC7V2KZ5sd3htJivAbA4ZG3w"],"description":"Dicodusport est l'encyclop\u00e9die de l'actualit\u00e9 sportive.","email":"bonjour@dicodusport.fr","legalName":"DICODUSPORT","foundingDate":"2018-01-14","vatID":"FR71834470973","taxID":"83447097300043","numberOfEmployees":{"@type":"QuantitativeValue","minValue":"1","maxValue":"10"}},{"@type":"Person","@id":"https:\/\/dicodusport.fr\/blog\/#\/schema\/person\/55dcb50ad410894e431ed812bbb70191","name":"Nicolas Jacquemard","image":{"@type":"ImageObject","inLanguage":"fr-FR","@id":"https:\/\/dicodusport.fr\/blog\/#\/schema\/person\/image\/","url":"https:\/\/dicodusport.fr\/blog\/wp-content\/uploads\/2021\/05\/Nicolas-Jacquemard-150x150.jpeg","contentUrl":"https:\/\/dicodusport.fr\/blog\/wp-content\/uploads\/2021\/05\/Nicolas-Jacquemard-150x150.jpeg","caption":"Nicolas Jacquemard"},"description":"Passionn\u00e9 de sport et entrepreneur depuis mes 18 ans, la cr\u00e9ation de Dicodusport m'a sembl\u00e9 \u00e9vidente pour participer \u00e0 la m\u00e9diatisation d'un plus grand nombre de sports. Le chemin est long mais avec une \u00e9quipe des plus motiv\u00e9es et les Jeux Olympiques de Paris 2024 en point de mire, nous y arriverons ! Journaliste dans le monde du sport depuis plus de 5 ans, je traite aussi bien de football, de rugby, de biathlon que de cyclisme.","sameAs":["https:\/\/www.facebook.com\/dicodusport","https:\/\/x.com\/https:\/\/twitter.com\/Nico_Jacquemard"],"url":"https:\/\/dicodusport.fr\/blog\/author\/dicodusport\/"}]}},"_links":{"self":[{"href":"https:\/\/dicodusport.fr\/blog\/wp-json\/wp\/v2\/posts\/390871","targetHints":{"allow":["GET"]}}],"collection":[{"href":"https:\/\/dicodusport.fr\/blog\/wp-json\/wp\/v2\/posts"}],"about":[{"href":"https:\/\/dicodusport.fr\/blog\/wp-json\/wp\/v2\/types\/post"}],"author":[{"embeddable":true,"href":"https:\/\/dicodusport.fr\/blog\/wp-json\/wp\/v2\/users\/1"}],"replies":[{"embeddable":true,"href":"https:\/\/dicodusport.fr\/blog\/wp-json\/wp\/v2\/comments?post=390871"}],"version-history":[{"count":0,"href":"https:\/\/dicodusport.fr\/blog\/wp-json\/wp\/v2\/posts\/390871\/revisions"}],"wp:featuredmedia":[{"embeddable":true,"href":"https:\/\/dicodusport.fr\/blog\/wp-json\/wp\/v2\/media\/390872"}],"wp:attachment":[{"href":"https:\/\/dicodusport.fr\/blog\/wp-json\/wp\/v2\/media?parent=390871"}],"wp:term":[{"taxonomy":"category","embeddable":true,"href":"https:\/\/dicodusport.fr\/blog\/wp-json\/wp\/v2\/categories?post=390871"},{"taxonomy":"post_tag","embeddable":true,"href":"https:\/\/dicodusport.fr\/blog\/wp-json\/wp\/v2\/tags?post=390871"}],"curies":[{"name":"wp","href":"https:\/\/api.w.org\/{rel}","templated":true}]}}