{"id":390880,"date":"2023-06-13T09:56:42","date_gmt":"2023-06-13T07:56:42","guid":{"rendered":"https:\/\/dicodusport.fr\/blog\/?p=390880&#038;preview=true&#038;preview_id=390880"},"modified":"2023-06-13T14:24:51","modified_gmt":"2023-06-13T12:24:51","slug":"source-interne-au-lou-garbajosa-a-ete-victime-dun-lynchage","status":"publish","type":"post","link":"https:\/\/dicodusport.fr\/blog\/source-interne-au-lou-garbajosa-a-ete-victime-dun-lynchage\/","title":{"rendered":"Source interne au LOU : \u00ab\u00a0Garbajosa a \u00e9t\u00e9 victime d&rsquo;un lynchage\u00a0\u00bb"},"content":{"rendered":"<p align=\"justify\"><em><strong>TOP 14 2023-2024 &#8211; Nos confr\u00e8res de L&rsquo;\u00c9quipe sont revenus sur <a href=\"https:\/\/dicodusport.fr\/blog\/mercato-lou-xavier-garbajosa-prend-la-porte\/\">l&rsquo;\u00e9viction de Xavier Garbajosa au LOU<\/a>, seulement un an apr\u00e8s son arriv\u00e9e au club.\u00a0<\/strong><\/em><\/p>\n<p align=\"justify\">La saison \u00e0 Lyon n&rsquo;a pas \u00e9t\u00e9 un long fleuve tranquille. Pourtant, <strong>Xavier<\/strong> <strong>Garbajosa<\/strong> ne semblait pas tant menac\u00e9 que \u00e7a ces derniers jours. D\u00e9j\u00e0 parce qu&rsquo;avec une troisi\u00e8me place au classement final de <strong>Top<\/strong> <strong>14<\/strong>, le <strong>LOU<\/strong> a r\u00e9alis\u00e9 le meilleur r\u00e9sultat du club \u00e0 ce niveau. Et l&rsquo;ancien manager du <strong>MHR<\/strong> \u00e9tait aussi le choix du pr\u00e9sident <strong>Yann<\/strong> <strong>Roubert<\/strong>, avec un contrat jusqu&rsquo;en juin 2025 \u00e0 la cl\u00e9.<\/p>\n<p align=\"justify\">Mais le couperet est tomb\u00e9 lundi en milieu de journ\u00e9e. Apr\u00e8s une longue h\u00e9sitation, le pr\u00e9sident lyonnais a finalement d\u00e9cid\u00e9 de se s\u00e9parer de son entra\u00eeneur. Selon des sources au <strong>LOU<\/strong>, ce n&rsquo;est pas vraiment sa volont\u00e9, mais un choix qui lui a \u00e9t\u00e9 plus ou moins impos\u00e9. Dans les colonnes de <em>L&rsquo;\u00c9quipe<\/em>, une source au <strong>LOU<\/strong> explique :<\/p>\n<blockquote>\n<p align=\"justify\">Le gang des Lyonnais a gagn\u00e9 et il a \u00e9t\u00e9 confort\u00e9 avec cette d\u00e9cision. C&rsquo;est vrai que Garjabosa a son caract\u00e8re mais il a \u00e9t\u00e9 victime d&rsquo;un lynchage.<\/p>\n<\/blockquote>\n<p align=\"justify\">D\u00e9j\u00e0, d\u00e9but mai, un groupe de joueurs avait rendu visite au pr\u00e9sident pour se plaindre des m\u00e9thodes de <strong>Xavier<\/strong> <strong>Garbajosa<\/strong>. La fin de saison a \u00e9t\u00e9 plut\u00f4t r\u00e9ussie, mais les frondeurs auront finalement eu la peau de leur manager. Le <strong>LOU<\/strong> va devoir verser une indemnit\u00e9 importante \u00e0 son ancien manager, 500 000 euros, et lui trouver un rempla\u00e7ant.<\/p>\n<blockquote class=\"twitter-tweet\">\n<p dir=\"ltr\" lang=\"fr\">Xavier Garbajosa n&rsquo;est plus le manager de Lyon \ud83c\udfc9\ud83d\udc47<a href=\"https:\/\/t.co\/4ubE3smZ7o\">https:\/\/t.co\/4ubE3smZ7o<\/a><\/p>\n<p>\u2014 Dicodusport \u2b50\u2b50 (@dicodusport) <a href=\"https:\/\/twitter.com\/dicodusport\/status\/1668210668376391680?ref_src=twsrc%5Etfw\">June 12, 2023<\/a><\/p><\/blockquote>\n<p><script async src=\"https:\/\/platform.twitter.com\/widgets.js\" charset=\"utf-8\"><\/script><\/p>\n<ul>\n<li class=\"mvp-post-title left entry-title\" style=\"text-align: justify;\"><strong>\u00c0 lire aussi &#8211; <a href=\"https:\/\/dicodusport.fr\/blog\/lou-les-3-pistes-pour-remplacer-xavier-garbajosa\/\">LOU : Les 3 pistes pour remplacer Xavier Garbajosa<\/a><\/strong><\/li>\n<\/ul>\n","protected":false},"excerpt":{"rendered":"<p>TOP 14 2023-2024 &#8211; Nos confr\u00e8res de L&rsquo;\u00c9quipe sont revenus sur l&rsquo;\u00e9viction de Xavier Garbajosa au LOU, seulement un an apr\u00e8s son arriv\u00e9e au club.\u00a0<\/p>\n","protected":false},"author":1,"featured_media":390883,"comment_status":"open","ping_status":"closed","sticky":false,"template":"","format":"standard","meta":{"_acf_changed":false,"_daextam_enable_autolinks":"","footnotes":""},"categories":[9129,47050],"tags":[16878,2812,449,13328],"class_list":["post-390880","post","type-post","status-publish","format-standard","has-post-thumbnail","hentry","category-rugby-a-xv","category-top-14","tag-breve","tag-lou","tag-lyon","tag-xavier-garbajosa"],"acf":[],"yoast_head":"<!-- This site is optimized with the Yoast SEO Premium plugin v26.7 (Yoast SEO v26.7) - https:\/\/yoast.com\/wordpress\/plugins\/seo\/ -->\n<title>Source interne au LOU : &quot;Garbajosa a \u00e9t\u00e9 victime d&#039;un lynchage&quot;<\/title>\n<meta name=\"description\" content=\"TOP 14 2023-2024 - Nos confr\u00e8res de L&#039;\u00c9quipe sont revenus sur l&#039;\u00e9viction de Xavier Garbajosa au LOU, seulement un an apr\u00e8s son arriv\u00e9e.\" \/>\n<meta name=\"robots\" content=\"index, follow, max-snippet:-1, max-image-preview:large, max-video-preview:-1\" \/>\n<link rel=\"canonical\" href=\"https:\/\/dicodusport.fr\/blog\/source-interne-au-lou-garbajosa-a-ete-victime-dun-lynchage\/\" \/>\n<meta property=\"og:locale\" content=\"fr_FR\" \/>\n<meta property=\"og:type\" content=\"article\" \/>\n<meta property=\"og:title\" content=\"Source interne au LOU : &quot;Garbajosa a \u00e9t\u00e9 victime d&#039;un lynchage&quot;\" \/>\n<meta property=\"og:description\" content=\"TOP 14 2023-2024 - Nos confr\u00e8res de L&#039;\u00c9quipe sont revenus sur l&#039;\u00e9viction de Xavier Garbajosa au LOU, seulement un an apr\u00e8s son arriv\u00e9e.\" \/>\n<meta property=\"og:url\" content=\"https:\/\/dicodusport.fr\/blog\/source-interne-au-lou-garbajosa-a-ete-victime-dun-lynchage\/\" \/>\n<meta property=\"og:site_name\" content=\"Dicodusport\" \/>\n<meta property=\"article:publisher\" content=\"https:\/\/www.facebook.com\/dicodusport\" \/>\n<meta property=\"article:author\" content=\"https:\/\/www.facebook.com\/dicodusport\" \/>\n<meta property=\"article:published_time\" content=\"2023-06-13T07:56:42+00:00\" \/>\n<meta property=\"article:modified_time\" content=\"2023-06-13T12:24:51+00:00\" \/>\n<meta property=\"og:image\" content=\"https:\/\/dicodusport.fr\/blog\/wp-content\/uploads\/2023\/06\/Source-interne-au-LOU-Garbajosa-a-ete-victime-dun-lynchage.png\" \/>\n\t<meta property=\"og:image:width\" content=\"800\" \/>\n\t<meta property=\"og:image:height\" content=\"445\" \/>\n\t<meta property=\"og:image:type\" content=\"image\/png\" \/>\n<meta name=\"author\" content=\"Nicolas Jacquemard\" \/>\n<meta name=\"twitter:card\" content=\"summary_large_image\" \/>\n<meta name=\"twitter:title\" content=\"Source interne au LOU : &quot;Garbajosa a \u00e9t\u00e9 victime d&#039;un lynchage&quot;\" \/>\n<meta name=\"twitter:creator\" content=\"@https:\/\/twitter.com\/Nico_Jacquemard\" \/>\n<meta name=\"twitter:site\" content=\"@dicodusport\" \/>\n<script type=\"application\/ld+json\" class=\"yoast-schema-graph\">{\"@context\":\"https:\/\/schema.org\",\"@graph\":[{\"@type\":\"NewsArticle\",\"@id\":\"https:\/\/dicodusport.fr\/blog\/source-interne-au-lou-garbajosa-a-ete-victime-dun-lynchage\/#article\",\"isPartOf\":{\"@id\":\"https:\/\/dicodusport.fr\/blog\/source-interne-au-lou-garbajosa-a-ete-victime-dun-lynchage\/\"},\"author\":{\"name\":\"Nicolas Jacquemard\",\"@id\":\"https:\/\/dicodusport.fr\/blog\/#\/schema\/person\/55dcb50ad410894e431ed812bbb70191\"},\"headline\":\"Source interne au LOU : \u00ab\u00a0Garbajosa a \u00e9t\u00e9 victime d&rsquo;un lynchage\u00a0\u00bb\",\"datePublished\":\"2023-06-13T07:56:42+00:00\",\"dateModified\":\"2023-06-13T12:24:51+00:00\",\"mainEntityOfPage\":{\"@id\":\"https:\/\/dicodusport.fr\/blog\/source-interne-au-lou-garbajosa-a-ete-victime-dun-lynchage\/\"},\"wordCount\":304,\"commentCount\":0,\"publisher\":{\"@id\":\"https:\/\/dicodusport.fr\/blog\/#organization\"},\"image\":{\"@id\":\"https:\/\/dicodusport.fr\/blog\/source-interne-au-lou-garbajosa-a-ete-victime-dun-lynchage\/#primaryimage\"},\"thumbnailUrl\":\"https:\/\/dicodusport.fr\/blog\/wp-content\/uploads\/2023\/06\/Source-interne-au-LOU-Garbajosa-a-ete-victime-dun-lynchage.png\",\"keywords\":[\"br\u00e8ve\",\"LOU\",\"Lyon\",\"Xavier Garbajosa\"],\"articleSection\":[\"Rugby \u00e0 XV\",\"Top 14\"],\"inLanguage\":\"fr-FR\",\"potentialAction\":[{\"@type\":\"CommentAction\",\"name\":\"Comment\",\"target\":[\"https:\/\/dicodusport.fr\/blog\/source-interne-au-lou-garbajosa-a-ete-victime-dun-lynchage\/#respond\"]}],\"copyrightYear\":\"2023\",\"copyrightHolder\":{\"@id\":\"https:\/\/dicodusport.fr\/blog\/#organization\"}},{\"@type\":\"WebPage\",\"@id\":\"https:\/\/dicodusport.fr\/blog\/source-interne-au-lou-garbajosa-a-ete-victime-dun-lynchage\/\",\"url\":\"https:\/\/dicodusport.fr\/blog\/source-interne-au-lou-garbajosa-a-ete-victime-dun-lynchage\/\",\"name\":\"Source interne au LOU : \\\"Garbajosa a \u00e9t\u00e9 victime d'un lynchage\\\"\",\"isPartOf\":{\"@id\":\"https:\/\/dicodusport.fr\/blog\/#website\"},\"primaryImageOfPage\":{\"@id\":\"https:\/\/dicodusport.fr\/blog\/source-interne-au-lou-garbajosa-a-ete-victime-dun-lynchage\/#primaryimage\"},\"image\":{\"@id\":\"https:\/\/dicodusport.fr\/blog\/source-interne-au-lou-garbajosa-a-ete-victime-dun-lynchage\/#primaryimage\"},\"thumbnailUrl\":\"https:\/\/dicodusport.fr\/blog\/wp-content\/uploads\/2023\/06\/Source-interne-au-LOU-Garbajosa-a-ete-victime-dun-lynchage.png\",\"datePublished\":\"2023-06-13T07:56:42+00:00\",\"dateModified\":\"2023-06-13T12:24:51+00:00\",\"description\":\"TOP 14 2023-2024 - Nos confr\u00e8res de L'\u00c9quipe sont revenus sur l'\u00e9viction de Xavier Garbajosa au LOU, seulement un an apr\u00e8s son arriv\u00e9e.\",\"breadcrumb\":{\"@id\":\"https:\/\/dicodusport.fr\/blog\/source-interne-au-lou-garbajosa-a-ete-victime-dun-lynchage\/#breadcrumb\"},\"inLanguage\":\"fr-FR\",\"potentialAction\":[{\"@type\":\"ReadAction\",\"target\":[\"https:\/\/dicodusport.fr\/blog\/source-interne-au-lou-garbajosa-a-ete-victime-dun-lynchage\/\"]}]},{\"@type\":\"ImageObject\",\"inLanguage\":\"fr-FR\",\"@id\":\"https:\/\/dicodusport.fr\/blog\/source-interne-au-lou-garbajosa-a-ete-victime-dun-lynchage\/#primaryimage\",\"url\":\"https:\/\/dicodusport.fr\/blog\/wp-content\/uploads\/2023\/06\/Source-interne-au-LOU-Garbajosa-a-ete-victime-dun-lynchage.png\",\"contentUrl\":\"https:\/\/dicodusport.fr\/blog\/wp-content\/uploads\/2023\/06\/Source-interne-au-LOU-Garbajosa-a-ete-victime-dun-lynchage.png\",\"width\":800,\"height\":445},{\"@type\":\"BreadcrumbList\",\"@id\":\"https:\/\/dicodusport.fr\/blog\/source-interne-au-lou-garbajosa-a-ete-victime-dun-lynchage\/#breadcrumb\",\"itemListElement\":[{\"@type\":\"ListItem\",\"position\":1,\"name\":\"Accueil\",\"item\":\"https:\/\/dicodusport.fr\/blog\/\"},{\"@type\":\"ListItem\",\"position\":2,\"name\":\"Source interne au LOU : \u00ab\u00a0Garbajosa a \u00e9t\u00e9 victime d&rsquo;un lynchage\u00a0\u00bb\"}]},{\"@type\":\"WebSite\",\"@id\":\"https:\/\/dicodusport.fr\/blog\/#website\",\"url\":\"https:\/\/dicodusport.fr\/blog\/\",\"name\":\"Dicodusport\",\"description\":\"L&#039;encyclop\u00e9die de l&#039;actualit\u00e9 sportive\",\"publisher\":{\"@id\":\"https:\/\/dicodusport.fr\/blog\/#organization\"},\"potentialAction\":[{\"@type\":\"SearchAction\",\"target\":{\"@type\":\"EntryPoint\",\"urlTemplate\":\"https:\/\/dicodusport.fr\/blog\/?s={search_term_string}\"},\"query-input\":{\"@type\":\"PropertyValueSpecification\",\"valueRequired\":true,\"valueName\":\"search_term_string\"}}],\"inLanguage\":\"fr-FR\"},{\"@type\":\"NewsMediaOrganization\",\"@id\":\"https:\/\/dicodusport.fr\/blog\/#organization\",\"name\":\"Dicodusport\",\"url\":\"https:\/\/dicodusport.fr\/blog\/\",\"logo\":{\"@type\":\"ImageObject\",\"inLanguage\":\"fr-FR\",\"@id\":\"https:\/\/dicodusport.fr\/blog\/#\/schema\/logo\/image\/\",\"url\":\"https:\/\/dicodusport.fr\/blog\/wp-content\/uploads\/2020\/06\/cropped-LOGO-DICODUSPORT-2020-SANS-FOND-SANS-TEXTE.png\",\"contentUrl\":\"https:\/\/dicodusport.fr\/blog\/wp-content\/uploads\/2020\/06\/cropped-LOGO-DICODUSPORT-2020-SANS-FOND-SANS-TEXTE.png\",\"width\":512,\"height\":512,\"caption\":\"Dicodusport\"},\"image\":{\"@id\":\"https:\/\/dicodusport.fr\/blog\/#\/schema\/logo\/image\/\"},\"sameAs\":[\"https:\/\/www.facebook.com\/dicodusport\",\"https:\/\/x.com\/dicodusport\",\"https:\/\/www.instagram.com\/dicodusport\/\",\"https:\/\/www.youtube.com\/channel\/UC7V2KZ5sd3htJivAbA4ZG3w\"],\"description\":\"Dicodusport est l'encyclop\u00e9die de l'actualit\u00e9 sportive.\",\"email\":\"bonjour@dicodusport.fr\",\"legalName\":\"DICODUSPORT\",\"foundingDate\":\"2018-01-14\",\"vatID\":\"FR71834470973\",\"taxID\":\"83447097300043\",\"numberOfEmployees\":{\"@type\":\"QuantitativeValue\",\"minValue\":\"1\",\"maxValue\":\"10\"}},{\"@type\":\"Person\",\"@id\":\"https:\/\/dicodusport.fr\/blog\/#\/schema\/person\/55dcb50ad410894e431ed812bbb70191\",\"name\":\"Nicolas Jacquemard\",\"image\":{\"@type\":\"ImageObject\",\"inLanguage\":\"fr-FR\",\"@id\":\"https:\/\/dicodusport.fr\/blog\/#\/schema\/person\/image\/\",\"url\":\"https:\/\/dicodusport.fr\/blog\/wp-content\/uploads\/2021\/05\/Nicolas-Jacquemard-150x150.jpeg\",\"contentUrl\":\"https:\/\/dicodusport.fr\/blog\/wp-content\/uploads\/2021\/05\/Nicolas-Jacquemard-150x150.jpeg\",\"caption\":\"Nicolas Jacquemard\"},\"description\":\"Passionn\u00e9 de sport et entrepreneur depuis mes 18 ans, la cr\u00e9ation de Dicodusport m'a sembl\u00e9 \u00e9vidente pour participer \u00e0 la m\u00e9diatisation d'un plus grand nombre de sports. Le chemin est long mais avec une \u00e9quipe des plus motiv\u00e9es et les Jeux Olympiques de Paris 2024 en point de mire, nous y arriverons ! Journaliste dans le monde du sport depuis plus de 5 ans, je traite aussi bien de football, de rugby, de biathlon que de cyclisme.\",\"sameAs\":[\"https:\/\/www.facebook.com\/dicodusport\",\"https:\/\/x.com\/https:\/\/twitter.com\/Nico_Jacquemard\"],\"url\":\"https:\/\/dicodusport.fr\/blog\/author\/dicodusport\/\"}]}<\/script>\n<!-- \/ Yoast SEO Premium plugin. -->","yoast_head_json":{"title":"Source interne au LOU : \"Garbajosa a \u00e9t\u00e9 victime d'un lynchage\"","description":"TOP 14 2023-2024 - Nos confr\u00e8res de L'\u00c9quipe sont revenus sur l'\u00e9viction de Xavier Garbajosa au LOU, seulement un an apr\u00e8s son arriv\u00e9e.","robots":{"index":"index","follow":"follow","max-snippet":"max-snippet:-1","max-image-preview":"max-image-preview:large","max-video-preview":"max-video-preview:-1"},"canonical":"https:\/\/dicodusport.fr\/blog\/source-interne-au-lou-garbajosa-a-ete-victime-dun-lynchage\/","og_locale":"fr_FR","og_type":"article","og_title":"Source interne au LOU : \"Garbajosa a \u00e9t\u00e9 victime d'un lynchage\"","og_description":"TOP 14 2023-2024 - Nos confr\u00e8res de L'\u00c9quipe sont revenus sur l'\u00e9viction de Xavier Garbajosa au LOU, seulement un an apr\u00e8s son arriv\u00e9e.","og_url":"https:\/\/dicodusport.fr\/blog\/source-interne-au-lou-garbajosa-a-ete-victime-dun-lynchage\/","og_site_name":"Dicodusport","article_publisher":"https:\/\/www.facebook.com\/dicodusport","article_author":"https:\/\/www.facebook.com\/dicodusport","article_published_time":"2023-06-13T07:56:42+00:00","article_modified_time":"2023-06-13T12:24:51+00:00","og_image":[{"width":800,"height":445,"url":"https:\/\/dicodusport.fr\/blog\/wp-content\/uploads\/2023\/06\/Source-interne-au-LOU-Garbajosa-a-ete-victime-dun-lynchage.png","type":"image\/png"}],"author":"Nicolas Jacquemard","twitter_card":"summary_large_image","twitter_title":"Source interne au LOU : \"Garbajosa a \u00e9t\u00e9 victime d'un lynchage\"","twitter_creator":"@https:\/\/twitter.com\/Nico_Jacquemard","twitter_site":"@dicodusport","schema":{"@context":"https:\/\/schema.org","@graph":[{"@type":"NewsArticle","@id":"https:\/\/dicodusport.fr\/blog\/source-interne-au-lou-garbajosa-a-ete-victime-dun-lynchage\/#article","isPartOf":{"@id":"https:\/\/dicodusport.fr\/blog\/source-interne-au-lou-garbajosa-a-ete-victime-dun-lynchage\/"},"author":{"name":"Nicolas Jacquemard","@id":"https:\/\/dicodusport.fr\/blog\/#\/schema\/person\/55dcb50ad410894e431ed812bbb70191"},"headline":"Source interne au LOU : \u00ab\u00a0Garbajosa a \u00e9t\u00e9 victime d&rsquo;un lynchage\u00a0\u00bb","datePublished":"2023-06-13T07:56:42+00:00","dateModified":"2023-06-13T12:24:51+00:00","mainEntityOfPage":{"@id":"https:\/\/dicodusport.fr\/blog\/source-interne-au-lou-garbajosa-a-ete-victime-dun-lynchage\/"},"wordCount":304,"commentCount":0,"publisher":{"@id":"https:\/\/dicodusport.fr\/blog\/#organization"},"image":{"@id":"https:\/\/dicodusport.fr\/blog\/source-interne-au-lou-garbajosa-a-ete-victime-dun-lynchage\/#primaryimage"},"thumbnailUrl":"https:\/\/dicodusport.fr\/blog\/wp-content\/uploads\/2023\/06\/Source-interne-au-LOU-Garbajosa-a-ete-victime-dun-lynchage.png","keywords":["br\u00e8ve","LOU","Lyon","Xavier Garbajosa"],"articleSection":["Rugby \u00e0 XV","Top 14"],"inLanguage":"fr-FR","potentialAction":[{"@type":"CommentAction","name":"Comment","target":["https:\/\/dicodusport.fr\/blog\/source-interne-au-lou-garbajosa-a-ete-victime-dun-lynchage\/#respond"]}],"copyrightYear":"2023","copyrightHolder":{"@id":"https:\/\/dicodusport.fr\/blog\/#organization"}},{"@type":"WebPage","@id":"https:\/\/dicodusport.fr\/blog\/source-interne-au-lou-garbajosa-a-ete-victime-dun-lynchage\/","url":"https:\/\/dicodusport.fr\/blog\/source-interne-au-lou-garbajosa-a-ete-victime-dun-lynchage\/","name":"Source interne au LOU : \"Garbajosa a \u00e9t\u00e9 victime d'un lynchage\"","isPartOf":{"@id":"https:\/\/dicodusport.fr\/blog\/#website"},"primaryImageOfPage":{"@id":"https:\/\/dicodusport.fr\/blog\/source-interne-au-lou-garbajosa-a-ete-victime-dun-lynchage\/#primaryimage"},"image":{"@id":"https:\/\/dicodusport.fr\/blog\/source-interne-au-lou-garbajosa-a-ete-victime-dun-lynchage\/#primaryimage"},"thumbnailUrl":"https:\/\/dicodusport.fr\/blog\/wp-content\/uploads\/2023\/06\/Source-interne-au-LOU-Garbajosa-a-ete-victime-dun-lynchage.png","datePublished":"2023-06-13T07:56:42+00:00","dateModified":"2023-06-13T12:24:51+00:00","description":"TOP 14 2023-2024 - Nos confr\u00e8res de L'\u00c9quipe sont revenus sur l'\u00e9viction de Xavier Garbajosa au LOU, seulement un an apr\u00e8s son arriv\u00e9e.","breadcrumb":{"@id":"https:\/\/dicodusport.fr\/blog\/source-interne-au-lou-garbajosa-a-ete-victime-dun-lynchage\/#breadcrumb"},"inLanguage":"fr-FR","potentialAction":[{"@type":"ReadAction","target":["https:\/\/dicodusport.fr\/blog\/source-interne-au-lou-garbajosa-a-ete-victime-dun-lynchage\/"]}]},{"@type":"ImageObject","inLanguage":"fr-FR","@id":"https:\/\/dicodusport.fr\/blog\/source-interne-au-lou-garbajosa-a-ete-victime-dun-lynchage\/#primaryimage","url":"https:\/\/dicodusport.fr\/blog\/wp-content\/uploads\/2023\/06\/Source-interne-au-LOU-Garbajosa-a-ete-victime-dun-lynchage.png","contentUrl":"https:\/\/dicodusport.fr\/blog\/wp-content\/uploads\/2023\/06\/Source-interne-au-LOU-Garbajosa-a-ete-victime-dun-lynchage.png","width":800,"height":445},{"@type":"BreadcrumbList","@id":"https:\/\/dicodusport.fr\/blog\/source-interne-au-lou-garbajosa-a-ete-victime-dun-lynchage\/#breadcrumb","itemListElement":[{"@type":"ListItem","position":1,"name":"Accueil","item":"https:\/\/dicodusport.fr\/blog\/"},{"@type":"ListItem","position":2,"name":"Source interne au LOU : \u00ab\u00a0Garbajosa a \u00e9t\u00e9 victime d&rsquo;un lynchage\u00a0\u00bb"}]},{"@type":"WebSite","@id":"https:\/\/dicodusport.fr\/blog\/#website","url":"https:\/\/dicodusport.fr\/blog\/","name":"Dicodusport","description":"L&#039;encyclop\u00e9die de l&#039;actualit\u00e9 sportive","publisher":{"@id":"https:\/\/dicodusport.fr\/blog\/#organization"},"potentialAction":[{"@type":"SearchAction","target":{"@type":"EntryPoint","urlTemplate":"https:\/\/dicodusport.fr\/blog\/?s={search_term_string}"},"query-input":{"@type":"PropertyValueSpecification","valueRequired":true,"valueName":"search_term_string"}}],"inLanguage":"fr-FR"},{"@type":"NewsMediaOrganization","@id":"https:\/\/dicodusport.fr\/blog\/#organization","name":"Dicodusport","url":"https:\/\/dicodusport.fr\/blog\/","logo":{"@type":"ImageObject","inLanguage":"fr-FR","@id":"https:\/\/dicodusport.fr\/blog\/#\/schema\/logo\/image\/","url":"https:\/\/dicodusport.fr\/blog\/wp-content\/uploads\/2020\/06\/cropped-LOGO-DICODUSPORT-2020-SANS-FOND-SANS-TEXTE.png","contentUrl":"https:\/\/dicodusport.fr\/blog\/wp-content\/uploads\/2020\/06\/cropped-LOGO-DICODUSPORT-2020-SANS-FOND-SANS-TEXTE.png","width":512,"height":512,"caption":"Dicodusport"},"image":{"@id":"https:\/\/dicodusport.fr\/blog\/#\/schema\/logo\/image\/"},"sameAs":["https:\/\/www.facebook.com\/dicodusport","https:\/\/x.com\/dicodusport","https:\/\/www.instagram.com\/dicodusport\/","https:\/\/www.youtube.com\/channel\/UC7V2KZ5sd3htJivAbA4ZG3w"],"description":"Dicodusport est l'encyclop\u00e9die de l'actualit\u00e9 sportive.","email":"bonjour@dicodusport.fr","legalName":"DICODUSPORT","foundingDate":"2018-01-14","vatID":"FR71834470973","taxID":"83447097300043","numberOfEmployees":{"@type":"QuantitativeValue","minValue":"1","maxValue":"10"}},{"@type":"Person","@id":"https:\/\/dicodusport.fr\/blog\/#\/schema\/person\/55dcb50ad410894e431ed812bbb70191","name":"Nicolas Jacquemard","image":{"@type":"ImageObject","inLanguage":"fr-FR","@id":"https:\/\/dicodusport.fr\/blog\/#\/schema\/person\/image\/","url":"https:\/\/dicodusport.fr\/blog\/wp-content\/uploads\/2021\/05\/Nicolas-Jacquemard-150x150.jpeg","contentUrl":"https:\/\/dicodusport.fr\/blog\/wp-content\/uploads\/2021\/05\/Nicolas-Jacquemard-150x150.jpeg","caption":"Nicolas Jacquemard"},"description":"Passionn\u00e9 de sport et entrepreneur depuis mes 18 ans, la cr\u00e9ation de Dicodusport m'a sembl\u00e9 \u00e9vidente pour participer \u00e0 la m\u00e9diatisation d'un plus grand nombre de sports. Le chemin est long mais avec une \u00e9quipe des plus motiv\u00e9es et les Jeux Olympiques de Paris 2024 en point de mire, nous y arriverons ! Journaliste dans le monde du sport depuis plus de 5 ans, je traite aussi bien de football, de rugby, de biathlon que de cyclisme.","sameAs":["https:\/\/www.facebook.com\/dicodusport","https:\/\/x.com\/https:\/\/twitter.com\/Nico_Jacquemard"],"url":"https:\/\/dicodusport.fr\/blog\/author\/dicodusport\/"}]}},"_links":{"self":[{"href":"https:\/\/dicodusport.fr\/blog\/wp-json\/wp\/v2\/posts\/390880","targetHints":{"allow":["GET"]}}],"collection":[{"href":"https:\/\/dicodusport.fr\/blog\/wp-json\/wp\/v2\/posts"}],"about":[{"href":"https:\/\/dicodusport.fr\/blog\/wp-json\/wp\/v2\/types\/post"}],"author":[{"embeddable":true,"href":"https:\/\/dicodusport.fr\/blog\/wp-json\/wp\/v2\/users\/1"}],"replies":[{"embeddable":true,"href":"https:\/\/dicodusport.fr\/blog\/wp-json\/wp\/v2\/comments?post=390880"}],"version-history":[{"count":0,"href":"https:\/\/dicodusport.fr\/blog\/wp-json\/wp\/v2\/posts\/390880\/revisions"}],"wp:featuredmedia":[{"embeddable":true,"href":"https:\/\/dicodusport.fr\/blog\/wp-json\/wp\/v2\/media\/390883"}],"wp:attachment":[{"href":"https:\/\/dicodusport.fr\/blog\/wp-json\/wp\/v2\/media?parent=390880"}],"wp:term":[{"taxonomy":"category","embeddable":true,"href":"https:\/\/dicodusport.fr\/blog\/wp-json\/wp\/v2\/categories?post=390880"},{"taxonomy":"post_tag","embeddable":true,"href":"https:\/\/dicodusport.fr\/blog\/wp-json\/wp\/v2\/tags?post=390880"}],"curies":[{"name":"wp","href":"https:\/\/api.w.org\/{rel}","templated":true}]}}