{"id":390882,"date":"2023-06-30T23:50:41","date_gmt":"2023-06-30T21:50:41","guid":{"rendered":"https:\/\/dicodusport.fr\/blog\/?p=390882&#038;preview=true&#038;preview_id=390882"},"modified":"2023-09-14T10:34:04","modified_gmt":"2023-09-14T08:34:04","slug":"diamond-league-lausanne-2023-programme-et-resultats","status":"publish","type":"post","link":"https:\/\/dicodusport.fr\/blog\/diamond-league-lausanne-2023-programme-et-resultats\/","title":{"rendered":"Diamond League Lausanne 2023 : Les r\u00e9sultats complets"},"content":{"rendered":"<p style=\"text-align: justify;\"><b><i><a title=\"Diamond League 2023 : Calendrier et Classement\" href=\"https:\/\/dicodusport.fr\/blog\/diamond-league-2023-calendrier-et-classement\/\" target=\"_blank\" rel=\"noopener\">DIAMOND LEAGUE 2023<\/a> &#8211; La Ligue de Diamant se poursuit avec le Meeting de Lausanne les 29 et 30 juin. <\/i><\/b><b><i>Voici le programme et les r\u00e9sultats du meeting.<\/i><\/b><\/p>\n<p style=\"text-align: justify;\">Jeudi, le \u00ab\u00a0city event\u00a0\u00bb sera le saut en hauteur femmes \u00e0 la place centrale.<\/p>\n<p style=\"text-align: justify;\">La comp\u00e9tition est \u00e0 suivre sur <a href=\"https:\/\/www.youtube.com\/@diamondleague\/streams\" target=\"_blank\" rel=\"noopener\">YouTube<\/a>.<\/p>\n<h2>Le programme<\/h2>\n<h3>Jeudi 29 juin<\/h3>\n<p><strong>18h :\u00a0<\/strong><a href=\"https:\/\/livecache.sportresult.com\/node\/binaryData\/ATH_PROD\/LAUSANNE2023\/PDF_ATHWHIGHJUMPDIAMOND---FNL-000100--_C73G2.PDF?h=75clcf5y0G\/M+SzPqbbhNQs1Np0=\/\">saut en hauteur femmes<\/a> \ud83d\udc8e<\/p>\n<p>&nbsp;<\/p>\n<h3>Vendredi 30 juin<\/h3>\n<p><strong>19h10 : <\/strong><a href=\"https:\/\/livecache.sportresult.com\/node\/binaryData\/ATH_PROD\/LAUSANNE2023\/PDF_ATHW200M----NATIONAL--FNL-000100--_C73B1.PDF?h=UqwtCto\/WSZHKvlHeBNphAVtBJY=\/\">200 m femmes<\/a><\/p>\n<p><strong>19h15 : <\/strong>lancer du javelot femmes \ud83d\udc8e<\/p>\n<p><strong>19h35 : <\/strong>lancer du poids hommes \ud83d\udc8e<\/p>\n<p><strong>19h39 :<\/strong> <a href=\"https:\/\/livecache.sportresult.com\/node\/binaryData\/ATH_PROD\/LAUSANNE2023\/PDF_ATHM1500MWC-PARALYMPICFNL-000100--_C73C1.PDF?h=+xRw4yseVvsCdHqxU1PCKPh6yrU=\">1500 m fauteuils roulants<\/a><\/p>\n<p><strong>19h52 : <\/strong><a href=\"https:\/\/livecache.sportresult.com\/node\/binaryData\/ATH_PROD\/LAUSANNE2023\/PDF_ATHM400M----ADDITIONALFNL-000100--_C73B1.PDF?h=a6coLqcStcbOQRx2PhvUceohXLg=\">400 m hommes<\/a><\/p>\n<p><strong>20h04 :<\/strong> 800 m femmes \ud83d\udc8e<\/p>\n<p><strong>20h06 :<\/strong> saut \u00e0 la perche femmes \ud83d\udc8e<\/p>\n<p><strong>20h16 : <\/strong>110 m haies hommes \ud83d\udc8e<\/p>\n<p><strong>20h25 :<\/strong> 3000 m steeple femmes \ud83d\udc8e<\/p>\n<p><strong>20h35 :<\/strong> saut en longueur hommes \ud83d\udc8e<\/p>\n<p><strong>20h42 :<\/strong> 100 m femmes \ud83d\udc8e<\/p>\n<p><strong>20h48 : <\/strong>lancer du javelot hommes \ud83d\udc8e<\/p>\n<p><strong>20h50 : <\/strong>5000 m hommes \ud83d\udc8e<\/p>\n<p><strong>21h13 :<\/strong> 100 m haies femmes<\/p>\n<p><strong>21h20 : <\/strong>200 m hommes \ud83d\udc8e<\/p>\n<p><strong>21h28 : <\/strong>400 m haies femmes \ud83d\udc8e<\/p>\n<p><strong>21h39 :<\/strong> 1500 m hommes \ud83d\udc8e<\/p>\n<p><strong>21h52 : <\/strong>4X100 m femmes<\/p>\n<p><span style=\"font-size: 14px;\"><em>\ud83d\udc8e: \u00e9preuves comptant pour le classement de la Diamond League<\/em><\/span><\/p>\n<p><span style=\"font-size: 20px;\"><a href=\"https:\/\/livecache.sportresult.com\/node\/binaryData\/ATH_PROD\/LAUSANNE2023\/PDF_ATH-------------------------------_MUL.PDF?h=yMXQT9J6BrDQ+4BE5wCd6cvCPTw=\"><strong>Tous les r\u00e9sultats<\/strong><\/a><\/span><\/p>\n<h2><\/h2>\n<h2>Les podiums<\/h2>\n<h3>Femmes<\/h3>\n<div class=\"su-table su-table-alternate\">\n<table style=\"width: 800px;border-collapse: collapse\">\n<tbody>\n<tr>\n<td style=\"text-align: center;width: 200px;vertical-align: middle\"><strong>\u00c9preuves<\/strong><\/td>\n<td style=\"text-align: center;width: 200px;vertical-align: middle;background-color: #ffffff\"><strong> 1\u00e8re<\/strong><\/td>\n<td style=\"text-align: center;width: 200px;vertical-align: middle;background-color: #ffffff\"><strong>2e<\/strong><\/td>\n<td style=\"text-align: center;width: 200px;vertical-align: middle;background-color: #ffffff\"><strong>3e<\/strong><\/td>\n<\/tr>\n<tr>\n<td style=\"text-align: center;width: 200px;vertical-align: middle\"><strong><span style=\"font-size: 16px\">\ud83d\udc8e <\/span>100 m<\/strong><\/td>\n<td style=\"text-align: center;width: 200px;vertical-align: middle;background-color: #ffffff\"><strong>\ud83c\udde8\ud83c\uddee Marie-Jos\u00e9e Ta Lou<br \/>\n10.88<br \/>\n<\/strong><\/td>\n<td style=\"text-align: center;width: 200px;vertical-align: middle;background-color: #ffffff\">\ud83c\uddec\ud83c\udde7 Daryll Neita<br \/>\n11.07<strong><br \/>\n<\/strong><\/td>\n<td style=\"text-align: center;width: 200px;vertical-align: middle;background-color: #ffffff\">\ud83c\udde9\ud83c\uddea Gina L\u00fcckenkemper<br \/>\n11.17<strong><br \/>\n<\/strong><\/td>\n<\/tr>\n<tr>\n<td style=\"text-align: center;width: 200px;vertical-align: middle\"><strong>200 m<\/strong><\/td>\n<td style=\"text-align: center;width: 200px;vertical-align: middle\">\ud83c\uddf3\ud83c\uddf1 <strong>Tasa Jiya<\/strong><br \/>\n<strong>23.16<\/strong><\/td>\n<td style=\"text-align: center;width: 200px;vertical-align: middle\">\ud83c\udde9\ud83c\uddea Alexandra Burghardt<br \/>\n23.43<\/td>\n<td style=\"text-align: center;width: 200px;vertical-align: middle\">\ud83c\udde8\ud83c\udded Sarah Atcho<br \/>\n23.53<\/td>\n<\/tr>\n<tr>\n<td style=\"text-align: center;width: 200px;vertical-align: middle\"><strong><span style=\"font-size: 16px\">\ud83d\udc8e 8<\/span>00 m<br \/>\n<\/strong><\/td>\n<td style=\"text-align: center;width: 200px;vertical-align: middle\">\ud83c\uddf0\ud83c\uddea <strong>Mary Moraa<\/strong><br \/>\n<strong>1:57.43 SB<\/strong><\/td>\n<td style=\"text-align: center;width: 200px;vertical-align: middle\">\ud83c\uddec\ud83c\udde7 Keely Hodgkinson<br \/>\n1:58.37<\/td>\n<td style=\"text-align: center;width: 200px;vertical-align: middle\">\ud83c\uddef\ud83c\uddf2 Natoya Goule<br \/>\n1:58.90<\/td>\n<\/tr>\n<tr>\n<td style=\"text-align: center;width: 200px;vertical-align: middle\"><strong><span style=\"font-size: 16px\">\ud83d\udc8e <\/span>3000 m steeple<\/strong><\/td>\n<td style=\"text-align: center;width: 200px;vertical-align: middle\">\ud83c\uddf0\ud83c\uddea<strong> Beatrice Chepkoech<br \/>\n9:05.98 MR SB<br \/>\n<\/strong><\/td>\n<td style=\"text-align: center;width: 200px;vertical-align: middle\">\ud83c\uddea\ud83c\uddf9 Sembo Almayew<br \/>\n9:06.82<\/td>\n<td style=\"text-align: center;width: 200px;vertical-align: middle\">\ud83c\uddfa\ud83c\uddec Peruth Chemutai<br \/>\n9:11.91 <strong>SB<\/strong><\/td>\n<\/tr>\n<tr>\n<td style=\"text-align: center;width: 200px;vertical-align: middle\"><strong>100 m haies<\/strong><\/td>\n<td style=\"text-align: center;width: 200px;vertical-align: middle\"><strong>\ud83c\uddf5\ud83c\uddf7 Jasmine Camacho-Quinn<br \/>\n12.40<br \/>\n<\/strong><\/td>\n<td style=\"text-align: center;width: 200px;vertical-align: middle\">\ud83c\uddf3\ud83c\uddec Tobi Amusan<br \/>\n12.47 <strong>=SB<\/strong><\/td>\n<td style=\"text-align: center;width: 200px;vertical-align: middle\">\ud83c\uddfa\ud83c\uddf8 Tia Jones<br \/>\n12.51<\/td>\n<\/tr>\n<tr>\n<td style=\"text-align: center;width: 200px;vertical-align: middle\"><strong><span style=\"font-size: 16px\">\ud83d\udc8e <\/span>400 m haies<\/strong><\/td>\n<td style=\"text-align: center;width: 200px;vertical-align: middle\">\ud83c\uddf3\ud83c\uddf1 <strong>Femke Bol<br \/>\n52.76 MR<br \/>\n<\/strong><\/td>\n<td style=\"text-align: center;width: 200px;vertical-align: middle\">\ud83c\uddeb\ud83c\uddee Viivi Lehikoinen<br \/>\n56.67<\/td>\n<td style=\"text-align: center;width: 200px;vertical-align: middle\">\ud83c\uddee\ud83c\uddf9 Ayomide Folorunso<br \/>\n55.12<\/td>\n<\/tr>\n<tr>\n<td style=\"text-align: center;width: 200px;vertical-align: middle\"><strong><span style=\"font-size: 16px\">4X100 m<\/span><\/strong><\/td>\n<td style=\"text-align: center;width: 200px;vertical-align: middle\">\ud83c\udde8\ud83c\uddee <strong>C\u00f4te d&rsquo;Ivoire<br \/>\n42.23 NR MR<\/strong><\/td>\n<td style=\"text-align: center;width: 200px;vertical-align: middle\">\ud83c\uddf3\ud83c\uddf1 Pays-Bas<br \/>\n43.18<\/td>\n<td style=\"text-align: center;width: 200px;vertical-align: middle\">\ud83c\udde8\ud83c\udded Suisse<br \/>\n43.35<\/td>\n<\/tr>\n<tr>\n<td style=\"text-align: center;width: 200px;vertical-align: middle\"><strong><span style=\"font-size: 16px\">\ud83d\udc8e <\/span>Saut \u00e0 la perche<\/strong><\/td>\n<td style=\"text-align: center;width: 200px;vertical-align: middle\">\ud83c\uddfa\ud83c\uddf8 <strong>Katie Moon<br \/>\n4.82 m WL<br \/>\n<\/strong><\/td>\n<td style=\"text-align: center;width: 200px;vertical-align: middle\">\ud83c\uddeb\ud83c\uddee Wilma Murto<br \/>\n4.77 m <strong>SB<\/strong><\/td>\n<td style=\"text-align: center;width: 200px;vertical-align: middle\">\ud83c\uddf3\ud83c\uddff Eliza McCartney<br \/>\n4.71 m<\/td>\n<\/tr>\n<tr>\n<td style=\"text-align: center;width: 200px;vertical-align: middle\"><strong><span style=\"font-size: 16px\">\ud83d\udc8e <\/span>Saut en hauteur<\/strong><\/td>\n<td style=\"text-align: center;width: 200px;vertical-align: middle\">\ud83c\udde6\ud83c\uddfa <strong>Nicola Olyslagers<\/strong><br \/>\n<strong>2.02 m =AR WL =PB<\/strong><\/td>\n<td style=\"text-align: center;width: 200px;vertical-align: middle\">\ud83c\uddfa\ud83c\udde6 Iryna Gerashchenko<br \/>\n2.00 m <strong>=PB<\/strong><\/td>\n<td style=\"text-align: center;width: 200px;vertical-align: middle\">\ud83c\uddfa\ud83c\udde6 Yaroslava Mahuchikh<br \/>\n1.97 m<\/td>\n<\/tr>\n<tr>\n<td style=\"text-align: center;width: 200px;vertical-align: middle\"><strong><span style=\"font-size: 16px\">\ud83d\udc8e <\/span>Lancer du javelot<\/strong><\/td>\n<td style=\"text-align: center;width: 200px;vertical-align: middle\">\ud83c\udde6\ud83c\uddfa <strong>Mackenzie Little<br \/>\n65.70 m PB<\/strong><\/td>\n<td style=\"text-align: center;width: 200px;vertical-align: middle\">\ud83c\uddef\ud83c\uddf5 Haruka Kitaguchi<br \/>\n63.34 m<\/td>\n<td style=\"text-align: center;width: 200px;vertical-align: middle\">\ud83c\uddf1\ud83c\uddfb Lina Muze<br \/>\n62.58 m <strong>SB<\/strong><\/td>\n<\/tr>\n<\/tbody>\n<\/table>\n<\/div>\n<p><span style=\"font-size: 14px;\"><em>\u00a0<\/em><\/span><\/p>\n<h3 style=\"text-align: justify;\">Hommes<\/h3>\n<div class=\"su-table su-table-alternate\">\n<table style=\"width: 800px;border-collapse: collapse\">\n<tbody>\n<tr>\n<td style=\"text-align: center;width: 200px;vertical-align: middle\"><strong>\u00c9preuves<\/strong><\/td>\n<td style=\"text-align: center;width: 200px;vertical-align: middle;background-color: #ffffff\"><strong> 1er<\/strong><\/td>\n<td style=\"text-align: center;width: 200px;vertical-align: middle;background-color: #ffffff\"><strong>2e<\/strong><\/td>\n<td style=\"text-align: center;width: 200px;vertical-align: middle;background-color: #ffffff\"><strong>3e<\/strong><\/td>\n<\/tr>\n<tr>\n<td style=\"text-align: center;width: 200px;vertical-align: middle\"><strong><span style=\"font-size: 16px\">\ud83d\udc8e <\/span>200 m<\/strong><\/td>\n<td style=\"text-align: center;width: 200px;vertical-align: middle\">\ud83c\udde7\ud83c\uddfc <strong>Letsile Tebogo<br \/>\n20.01<\/strong><\/td>\n<td style=\"text-align: center;width: 200px;vertical-align: middle\">\ud83c\uddf9\ud83c\uddf9 Jereem Richards<br \/>\n20.11<\/td>\n<td style=\"text-align: center;width: 200px;vertical-align: middle\">\ud83c\uddf1\ud83c\uddf7 Joseph Fahnbulleh<br \/>\n20.21<\/td>\n<\/tr>\n<tr>\n<td style=\"text-align: center;width: 200px;vertical-align: middle\"><strong>400 m<\/strong><\/td>\n<td style=\"text-align: center;width: 200px;vertical-align: middle\">\ud83c\udde7\ud83c\uddfc <strong>Leungo Scotch<br \/>\n44.94<\/strong><\/td>\n<td style=\"text-align: center;width: 200px;vertical-align: middle\">\ud83c\udde7\ud83c\uddea Dylan Borl\u00e9e<br \/>\n45.86<\/td>\n<td style=\"text-align: center;width: 200px;vertical-align: middle\">\ud83c\udde8\ud83c\udded Lionel Spitz<br \/>\n45.92<\/td>\n<\/tr>\n<tr>\n<td style=\"text-align: center;width: 200px;vertical-align: middle\"><strong><span style=\"font-size: 14px\"><span style=\"font-size: 16px\">\ud83d\udc8e 1500 m<\/span><\/span><\/strong><\/td>\n<td style=\"text-align: center;width: 200px;vertical-align: middle\">\ud83c\uddf3\ud83c\uddf4 <strong>Jakob Ingebrigtsen<br \/>\n3:28.72 MR<br \/>\n<\/strong><\/td>\n<td style=\"text-align: center;width: 200px;vertical-align: middle\">\ud83c\uddea\ud83c\uddf9 Lamecha Girma<br \/>\n3:29.51<strong> NR PB<\/strong><\/td>\n<td style=\"text-align: center;width: 200px;vertical-align: middle\">\ud83c\uddec\ud83c\udde7 Josh Kerr<br \/>\n3:29.64 <strong>SB<\/strong><\/td>\n<\/tr>\n<tr>\n<td style=\"text-align: center;width: 200px;vertical-align: middle\"><span style=\"font-size: 16px\"><strong>1500 m fauteuil<\/strong><\/span><\/td>\n<td style=\"text-align: center;width: 200px;vertical-align: middle\">\ud83c\udde8\ud83c\udded <strong>Marcel Hug<br \/>\n3:09.79<\/strong><\/td>\n<td style=\"text-align: center;width: 200px;vertical-align: middle\">\ud83c\uddec\ud83c\udde7 Danny Sidbury<br \/>\n3:10.18<\/td>\n<td style=\"text-align: center;width: 200px;vertical-align: middle\">\ud83c\uddec\ud83c\udde7 Nathan Maguire<br \/>\n3:10.26<\/td>\n<\/tr>\n<tr>\n<td style=\"text-align: center;width: 200px;vertical-align: middle\"><strong><span style=\"font-size: 16px\">\ud83d\udc8e <\/span>5000 m<\/strong><\/td>\n<td style=\"text-align: center;width: 200px;vertical-align: middle\">\ud83c\uddea\ud83c\uddf9 <strong>Berihu Aregawi<br \/>\n12:40.45<\/strong><\/td>\n<td style=\"text-align: center;width: 200px;vertical-align: middle\">\ud83c\uddfa\ud83c\uddec Joshua Cheptegei<br \/>\n12:41.61<\/td>\n<td style=\"text-align: center;width: 200px;vertical-align: middle\">\ud83c\uddea\ud83c\uddf9 Hagos Gebrhiwet<br \/>\n12:49.80 <strong>SB<\/strong><\/td>\n<\/tr>\n<tr>\n<td style=\"text-align: center;width: 200px;vertical-align: middle\"><strong>\ud83d\udc8e 110 m haies<\/strong><\/td>\n<td style=\"text-align: center;width: 200px;vertical-align: middle\">\ud83c\uddef\ud83c\uddf5 <strong>Shunsuke Izumiya<br \/>\n13.22<\/strong><\/td>\n<td style=\"text-align: center;width: 200px;vertical-align: middle\">\ud83c\udde8\ud83c\udded Jason Joseph<br \/>\n13.23<\/td>\n<td style=\"text-align: center;width: 200px;vertical-align: middle\">\ud83c\uddeb\ud83c\uddf7 Just Kwaou-Mathey<br \/>\n13.37<\/td>\n<\/tr>\n<tr>\n<td style=\"text-align: center;width: 200px;vertical-align: middle\"><strong><span style=\"font-size: 16px\">\ud83d\udc8e <\/span>Saut en longueur<\/strong><\/td>\n<td style=\"text-align: center;width: 200px;vertical-align: middle\">\ud83c\udde7\ud83c\uddf8<strong> LaQuan Nairn<\/strong><br \/>\n8.11 m <strong>SB<\/strong><\/td>\n<td style=\"text-align: center;width: 200px;vertical-align: middle\">\ud83c\uddec\ud83c\uddf7 Miltiadis Tentoglou<br \/>\n8.07 m<\/td>\n<td style=\"text-align: center;width: 200px;vertical-align: middle\">\ud83c\uddef\ud83c\uddf5 Yuki Hashioka<br \/>\n7.98 m<\/td>\n<\/tr>\n<tr>\n<td style=\"text-align: center;width: 200px;vertical-align: middle\"><strong><span style=\"font-size: 16px\">\ud83d\udc8e <\/span>Lancer du javelot<\/strong><\/td>\n<td style=\"text-align: center;width: 200px;vertical-align: middle\"><strong>\ud83c\uddee\ud83c\uddf3 Neeraj Chopra<\/strong><br \/>\n87.66 m<\/td>\n<td style=\"text-align: center;width: 200px;vertical-align: middle\">\ud83c\udde9\ud83c\uddea Julian Weber<br \/>\n87.03 m<\/td>\n<td style=\"text-align: center;width: 200px;vertical-align: middle\">\ud83c\udde8\ud83c\uddff Jakub Vadlejch<br \/>\n86.13 m<\/td>\n<\/tr>\n<tr>\n<td style=\"text-align: center;width: 200px;vertical-align: middle\"><strong><span style=\"font-size: 16px\">\ud83d\udc8e <\/span>Lancer du poids<\/strong><\/td>\n<td style=\"text-align: center;width: 200px;vertical-align: middle\">\ud83c\uddfa\ud83c\uddf8 <strong>Ryan Crouser<br \/>\n22.29 m<\/strong><\/td>\n<td style=\"text-align: center;width: 200px;vertical-align: middle\">\ud83c\uddf3\ud83c\uddff Tom Walsh<br \/>\n21.99 m<\/td>\n<td style=\"text-align: center;width: 200px;vertical-align: middle\">\ud83c\udded\ud83c\uddf7 Filip Mihaljevic<br \/>\n21.42 m<\/td>\n<\/tr>\n<\/tbody>\n<\/table>\n<\/div>\n<p><span style=\"font-size: 14px;\"><em>AR : Record de la r\u00e9gion<\/em><\/span><br \/>\n<span style=\"font-size: 14px;\"><em>WL : Meilleure performance mondiale de la saison<\/em><\/span><br \/>\n<span style=\"font-size: 14px;\"><em>PB : Record personnel<br \/>\nSB : Meilleure performance personnelle de la saison<br \/>\nMR : Record du meeting<br \/>\nNR : Record national<\/em><\/span><\/p>\n<p>&nbsp;<\/p>\n<p style=\"text-align: center;\"><span style=\"font-size: 24px;\"><strong><a href=\"https:\/\/www.diamondleague.com\/fileadmin\/IDL_Silesia\/user_upload\/Laussane_2023-QualificationStanding.pdf\" target=\"_blank\" rel=\"noopener\">Classement Diamond League apr\u00e8s le meeting<\/a><\/strong><\/span><\/p>\n","protected":false},"excerpt":{"rendered":"<p>DIAMOND LEAGUE 2023 &#8211; La Ligue de Diamant se poursuit avec le Meeting de Lausanne les 29 et 30 juin. Voici le programme et les r\u00e9sultats du meeting.<\/p>\n","protected":false},"author":12,"featured_media":395026,"comment_status":"open","ping_status":"closed","sticky":false,"template":"","format":"standard","meta":{"_acf_changed":false,"_daextam_enable_autolinks":"","footnotes":""},"categories":[2308],"tags":[16878,4643],"class_list":["post-390882","post","type-post","status-publish","format-standard","has-post-thumbnail","hentry","category-athletisme","tag-breve","tag-diamond-league"],"acf":[],"yoast_head":"<!-- This site is optimized with the Yoast SEO Premium plugin v26.7 (Yoast SEO v26.7) - https:\/\/yoast.com\/wordpress\/plugins\/seo\/ -->\n<title>Athl\u00e9tisme - Diamond League Lausanne 2023 : Les r\u00e9sultats complets - Dicodusport<\/title>\n<meta name=\"description\" content=\"La Ligue de Diamant se poursuit avec le Meeting de Lausanne les 29 et 30 juin. Voici le programme et les r\u00e9sultats du meeting.\" \/>\n<meta name=\"robots\" content=\"index, follow, max-snippet:-1, max-image-preview:large, max-video-preview:-1\" \/>\n<link rel=\"canonical\" href=\"https:\/\/dicodusport.fr\/blog\/diamond-league-lausanne-2023-programme-et-resultats\/\" \/>\n<meta property=\"og:locale\" content=\"fr_FR\" \/>\n<meta property=\"og:type\" content=\"article\" \/>\n<meta property=\"og:title\" content=\"Diamond League Lausanne 2023 : Les r\u00e9sultats complets\" \/>\n<meta property=\"og:description\" content=\"La Ligue de Diamant se poursuit avec le Meeting de Lausanne les 29 et 30 juin. Voici le programme et les r\u00e9sultats du meeting.\" \/>\n<meta property=\"og:url\" content=\"https:\/\/dicodusport.fr\/blog\/diamond-league-lausanne-2023-programme-et-resultats\/\" \/>\n<meta property=\"og:site_name\" content=\"Dicodusport\" \/>\n<meta property=\"article:publisher\" content=\"https:\/\/www.facebook.com\/dicodusport\" \/>\n<meta property=\"article:published_time\" content=\"2023-06-30T21:50:41+00:00\" \/>\n<meta property=\"article:modified_time\" content=\"2023-09-14T08:34:04+00:00\" \/>\n<meta property=\"og:image\" content=\"https:\/\/dicodusport.fr\/blog\/wp-content\/uploads\/2023\/06\/Diamond-League-Lausanne-2023-Programme-et-resultats.png\" \/>\n\t<meta property=\"og:image:width\" content=\"800\" \/>\n\t<meta property=\"og:image:height\" content=\"445\" \/>\n\t<meta property=\"og:image:type\" content=\"image\/png\" \/>\n<meta name=\"author\" content=\"Arlette Yeye\" \/>\n<meta name=\"twitter:card\" content=\"summary_large_image\" \/>\n<meta name=\"twitter:title\" content=\"Diamond League Lausanne 2023 : Les r\u00e9sultats complets\" \/>\n<meta name=\"twitter:creator\" content=\"@https:\/\/twitter.com\/Shiclette94\" \/>\n<meta name=\"twitter:site\" content=\"@dicodusport\" \/>\n<script type=\"application\/ld+json\" class=\"yoast-schema-graph\">{\"@context\":\"https:\/\/schema.org\",\"@graph\":[{\"@type\":\"NewsArticle\",\"@id\":\"https:\/\/dicodusport.fr\/blog\/diamond-league-lausanne-2023-programme-et-resultats\/#article\",\"isPartOf\":{\"@id\":\"https:\/\/dicodusport.fr\/blog\/diamond-league-lausanne-2023-programme-et-resultats\/\"},\"author\":{\"name\":\"Arlette Yeye\",\"@id\":\"https:\/\/dicodusport.fr\/blog\/#\/schema\/person\/cce96fa88785bd8573e3d43078ac8c79\"},\"headline\":\"Diamond League Lausanne 2023 : Les r\u00e9sultats complets\",\"datePublished\":\"2023-06-30T21:50:41+00:00\",\"dateModified\":\"2023-09-14T08:34:04+00:00\",\"mainEntityOfPage\":{\"@id\":\"https:\/\/dicodusport.fr\/blog\/diamond-league-lausanne-2023-programme-et-resultats\/\"},\"wordCount\":401,\"commentCount\":0,\"publisher\":{\"@id\":\"https:\/\/dicodusport.fr\/blog\/#organization\"},\"image\":{\"@id\":\"https:\/\/dicodusport.fr\/blog\/diamond-league-lausanne-2023-programme-et-resultats\/#primaryimage\"},\"thumbnailUrl\":\"https:\/\/dicodusport.fr\/blog\/wp-content\/uploads\/2023\/06\/Diamond-League-Lausanne-2023-Programme-et-resultats.png\",\"keywords\":[\"br\u00e8ve\",\"Diamond League\"],\"articleSection\":[\"Athl\u00e9tisme\"],\"inLanguage\":\"fr-FR\",\"potentialAction\":[{\"@type\":\"CommentAction\",\"name\":\"Comment\",\"target\":[\"https:\/\/dicodusport.fr\/blog\/diamond-league-lausanne-2023-programme-et-resultats\/#respond\"]}],\"copyrightYear\":\"2023\",\"copyrightHolder\":{\"@id\":\"https:\/\/dicodusport.fr\/blog\/#organization\"}},{\"@type\":\"WebPage\",\"@id\":\"https:\/\/dicodusport.fr\/blog\/diamond-league-lausanne-2023-programme-et-resultats\/\",\"url\":\"https:\/\/dicodusport.fr\/blog\/diamond-league-lausanne-2023-programme-et-resultats\/\",\"name\":\"Athl\u00e9tisme - Diamond League Lausanne 2023 : Les r\u00e9sultats complets - Dicodusport\",\"isPartOf\":{\"@id\":\"https:\/\/dicodusport.fr\/blog\/#website\"},\"primaryImageOfPage\":{\"@id\":\"https:\/\/dicodusport.fr\/blog\/diamond-league-lausanne-2023-programme-et-resultats\/#primaryimage\"},\"image\":{\"@id\":\"https:\/\/dicodusport.fr\/blog\/diamond-league-lausanne-2023-programme-et-resultats\/#primaryimage\"},\"thumbnailUrl\":\"https:\/\/dicodusport.fr\/blog\/wp-content\/uploads\/2023\/06\/Diamond-League-Lausanne-2023-Programme-et-resultats.png\",\"datePublished\":\"2023-06-30T21:50:41+00:00\",\"dateModified\":\"2023-09-14T08:34:04+00:00\",\"description\":\"La Ligue de Diamant se poursuit avec le Meeting de Lausanne les 29 et 30 juin. Voici le programme et les r\u00e9sultats du meeting.\",\"breadcrumb\":{\"@id\":\"https:\/\/dicodusport.fr\/blog\/diamond-league-lausanne-2023-programme-et-resultats\/#breadcrumb\"},\"inLanguage\":\"fr-FR\",\"potentialAction\":[{\"@type\":\"ReadAction\",\"target\":[\"https:\/\/dicodusport.fr\/blog\/diamond-league-lausanne-2023-programme-et-resultats\/\"]}]},{\"@type\":\"ImageObject\",\"inLanguage\":\"fr-FR\",\"@id\":\"https:\/\/dicodusport.fr\/blog\/diamond-league-lausanne-2023-programme-et-resultats\/#primaryimage\",\"url\":\"https:\/\/dicodusport.fr\/blog\/wp-content\/uploads\/2023\/06\/Diamond-League-Lausanne-2023-Programme-et-resultats.png\",\"contentUrl\":\"https:\/\/dicodusport.fr\/blog\/wp-content\/uploads\/2023\/06\/Diamond-League-Lausanne-2023-Programme-et-resultats.png\",\"width\":800,\"height\":445,\"caption\":\"Diamond League Lausanne 2023 Programme et r\u00e9sultats\"},{\"@type\":\"BreadcrumbList\",\"@id\":\"https:\/\/dicodusport.fr\/blog\/diamond-league-lausanne-2023-programme-et-resultats\/#breadcrumb\",\"itemListElement\":[{\"@type\":\"ListItem\",\"position\":1,\"name\":\"Accueil\",\"item\":\"https:\/\/dicodusport.fr\/blog\/\"},{\"@type\":\"ListItem\",\"position\":2,\"name\":\"Diamond League Lausanne 2023 : Les r\u00e9sultats complets\"}]},{\"@type\":\"WebSite\",\"@id\":\"https:\/\/dicodusport.fr\/blog\/#website\",\"url\":\"https:\/\/dicodusport.fr\/blog\/\",\"name\":\"Dicodusport\",\"description\":\"L&#039;encyclop\u00e9die de l&#039;actualit\u00e9 sportive\",\"publisher\":{\"@id\":\"https:\/\/dicodusport.fr\/blog\/#organization\"},\"potentialAction\":[{\"@type\":\"SearchAction\",\"target\":{\"@type\":\"EntryPoint\",\"urlTemplate\":\"https:\/\/dicodusport.fr\/blog\/?s={search_term_string}\"},\"query-input\":{\"@type\":\"PropertyValueSpecification\",\"valueRequired\":true,\"valueName\":\"search_term_string\"}}],\"inLanguage\":\"fr-FR\"},{\"@type\":\"NewsMediaOrganization\",\"@id\":\"https:\/\/dicodusport.fr\/blog\/#organization\",\"name\":\"Dicodusport\",\"url\":\"https:\/\/dicodusport.fr\/blog\/\",\"logo\":{\"@type\":\"ImageObject\",\"inLanguage\":\"fr-FR\",\"@id\":\"https:\/\/dicodusport.fr\/blog\/#\/schema\/logo\/image\/\",\"url\":\"https:\/\/dicodusport.fr\/blog\/wp-content\/uploads\/2020\/06\/cropped-LOGO-DICODUSPORT-2020-SANS-FOND-SANS-TEXTE.png\",\"contentUrl\":\"https:\/\/dicodusport.fr\/blog\/wp-content\/uploads\/2020\/06\/cropped-LOGO-DICODUSPORT-2020-SANS-FOND-SANS-TEXTE.png\",\"width\":512,\"height\":512,\"caption\":\"Dicodusport\"},\"image\":{\"@id\":\"https:\/\/dicodusport.fr\/blog\/#\/schema\/logo\/image\/\"},\"sameAs\":[\"https:\/\/www.facebook.com\/dicodusport\",\"https:\/\/x.com\/dicodusport\",\"https:\/\/www.instagram.com\/dicodusport\/\",\"https:\/\/www.youtube.com\/channel\/UC7V2KZ5sd3htJivAbA4ZG3w\"],\"description\":\"Dicodusport est l'encyclop\u00e9die de l'actualit\u00e9 sportive.\",\"email\":\"bonjour@dicodusport.fr\",\"legalName\":\"DICODUSPORT\",\"foundingDate\":\"2018-01-14\",\"vatID\":\"FR71834470973\",\"taxID\":\"83447097300043\",\"numberOfEmployees\":{\"@type\":\"QuantitativeValue\",\"minValue\":\"1\",\"maxValue\":\"10\"}},{\"@type\":\"Person\",\"@id\":\"https:\/\/dicodusport.fr\/blog\/#\/schema\/person\/cce96fa88785bd8573e3d43078ac8c79\",\"name\":\"Arlette Yeye\",\"image\":{\"@type\":\"ImageObject\",\"inLanguage\":\"fr-FR\",\"@id\":\"https:\/\/dicodusport.fr\/blog\/#\/schema\/person\/image\/\",\"url\":\"https:\/\/secure.gravatar.com\/avatar\/dca4a6239e6d708e46c45d60e160de6c?s=96&d=wp_user_avatar&r=g\",\"contentUrl\":\"https:\/\/secure.gravatar.com\/avatar\/dca4a6239e6d708e46c45d60e160de6c?s=96&d=wp_user_avatar&r=g\",\"caption\":\"Arlette Yeye\"},\"description\":\"Journaliste\/r\u00e9dactrice depuis septembre 2015 - Supportrice de Chelsea, j'ai pour sports de pr\u00e9dilection le handball, l'athl\u00e9tisme et le tennis. Si je tweete plus vite que mon ombre, vous pouvez aussi me retrouver les week-ends sur les playgrounds de Bruxelles pour un petit foot ou basket entre potes. Parcourir la France, l'Europe et plus si affinit\u00e9s pour suivre mes sportifs pr\u00e9f\u00e9r\u00e9s ? Mon kif ! Et c'est avec plaisir que je partage les r\u00e9sultats des sports populaires mais \u00e9galement plus confidentiels pour Dicodusport.\",\"sameAs\":[\"https:\/\/x.com\/https:\/\/twitter.com\/Shiclette94\"],\"url\":\"https:\/\/dicodusport.fr\/blog\/author\/arlette\/\"}]}<\/script>\n<!-- \/ Yoast SEO Premium plugin. -->","yoast_head_json":{"title":"Athl\u00e9tisme - Diamond League Lausanne 2023 : Les r\u00e9sultats complets - Dicodusport","description":"La Ligue de Diamant se poursuit avec le Meeting de Lausanne les 29 et 30 juin. Voici le programme et les r\u00e9sultats du meeting.","robots":{"index":"index","follow":"follow","max-snippet":"max-snippet:-1","max-image-preview":"max-image-preview:large","max-video-preview":"max-video-preview:-1"},"canonical":"https:\/\/dicodusport.fr\/blog\/diamond-league-lausanne-2023-programme-et-resultats\/","og_locale":"fr_FR","og_type":"article","og_title":"Diamond League Lausanne 2023 : Les r\u00e9sultats complets","og_description":"La Ligue de Diamant se poursuit avec le Meeting de Lausanne les 29 et 30 juin. Voici le programme et les r\u00e9sultats du meeting.","og_url":"https:\/\/dicodusport.fr\/blog\/diamond-league-lausanne-2023-programme-et-resultats\/","og_site_name":"Dicodusport","article_publisher":"https:\/\/www.facebook.com\/dicodusport","article_published_time":"2023-06-30T21:50:41+00:00","article_modified_time":"2023-09-14T08:34:04+00:00","og_image":[{"width":800,"height":445,"url":"https:\/\/dicodusport.fr\/blog\/wp-content\/uploads\/2023\/06\/Diamond-League-Lausanne-2023-Programme-et-resultats.png","type":"image\/png"}],"author":"Arlette Yeye","twitter_card":"summary_large_image","twitter_title":"Diamond League Lausanne 2023 : Les r\u00e9sultats complets","twitter_creator":"@https:\/\/twitter.com\/Shiclette94","twitter_site":"@dicodusport","schema":{"@context":"https:\/\/schema.org","@graph":[{"@type":"NewsArticle","@id":"https:\/\/dicodusport.fr\/blog\/diamond-league-lausanne-2023-programme-et-resultats\/#article","isPartOf":{"@id":"https:\/\/dicodusport.fr\/blog\/diamond-league-lausanne-2023-programme-et-resultats\/"},"author":{"name":"Arlette Yeye","@id":"https:\/\/dicodusport.fr\/blog\/#\/schema\/person\/cce96fa88785bd8573e3d43078ac8c79"},"headline":"Diamond League Lausanne 2023 : Les r\u00e9sultats complets","datePublished":"2023-06-30T21:50:41+00:00","dateModified":"2023-09-14T08:34:04+00:00","mainEntityOfPage":{"@id":"https:\/\/dicodusport.fr\/blog\/diamond-league-lausanne-2023-programme-et-resultats\/"},"wordCount":401,"commentCount":0,"publisher":{"@id":"https:\/\/dicodusport.fr\/blog\/#organization"},"image":{"@id":"https:\/\/dicodusport.fr\/blog\/diamond-league-lausanne-2023-programme-et-resultats\/#primaryimage"},"thumbnailUrl":"https:\/\/dicodusport.fr\/blog\/wp-content\/uploads\/2023\/06\/Diamond-League-Lausanne-2023-Programme-et-resultats.png","keywords":["br\u00e8ve","Diamond League"],"articleSection":["Athl\u00e9tisme"],"inLanguage":"fr-FR","potentialAction":[{"@type":"CommentAction","name":"Comment","target":["https:\/\/dicodusport.fr\/blog\/diamond-league-lausanne-2023-programme-et-resultats\/#respond"]}],"copyrightYear":"2023","copyrightHolder":{"@id":"https:\/\/dicodusport.fr\/blog\/#organization"}},{"@type":"WebPage","@id":"https:\/\/dicodusport.fr\/blog\/diamond-league-lausanne-2023-programme-et-resultats\/","url":"https:\/\/dicodusport.fr\/blog\/diamond-league-lausanne-2023-programme-et-resultats\/","name":"Athl\u00e9tisme - Diamond League Lausanne 2023 : Les r\u00e9sultats complets - Dicodusport","isPartOf":{"@id":"https:\/\/dicodusport.fr\/blog\/#website"},"primaryImageOfPage":{"@id":"https:\/\/dicodusport.fr\/blog\/diamond-league-lausanne-2023-programme-et-resultats\/#primaryimage"},"image":{"@id":"https:\/\/dicodusport.fr\/blog\/diamond-league-lausanne-2023-programme-et-resultats\/#primaryimage"},"thumbnailUrl":"https:\/\/dicodusport.fr\/blog\/wp-content\/uploads\/2023\/06\/Diamond-League-Lausanne-2023-Programme-et-resultats.png","datePublished":"2023-06-30T21:50:41+00:00","dateModified":"2023-09-14T08:34:04+00:00","description":"La Ligue de Diamant se poursuit avec le Meeting de Lausanne les 29 et 30 juin. Voici le programme et les r\u00e9sultats du meeting.","breadcrumb":{"@id":"https:\/\/dicodusport.fr\/blog\/diamond-league-lausanne-2023-programme-et-resultats\/#breadcrumb"},"inLanguage":"fr-FR","potentialAction":[{"@type":"ReadAction","target":["https:\/\/dicodusport.fr\/blog\/diamond-league-lausanne-2023-programme-et-resultats\/"]}]},{"@type":"ImageObject","inLanguage":"fr-FR","@id":"https:\/\/dicodusport.fr\/blog\/diamond-league-lausanne-2023-programme-et-resultats\/#primaryimage","url":"https:\/\/dicodusport.fr\/blog\/wp-content\/uploads\/2023\/06\/Diamond-League-Lausanne-2023-Programme-et-resultats.png","contentUrl":"https:\/\/dicodusport.fr\/blog\/wp-content\/uploads\/2023\/06\/Diamond-League-Lausanne-2023-Programme-et-resultats.png","width":800,"height":445,"caption":"Diamond League Lausanne 2023 Programme et r\u00e9sultats"},{"@type":"BreadcrumbList","@id":"https:\/\/dicodusport.fr\/blog\/diamond-league-lausanne-2023-programme-et-resultats\/#breadcrumb","itemListElement":[{"@type":"ListItem","position":1,"name":"Accueil","item":"https:\/\/dicodusport.fr\/blog\/"},{"@type":"ListItem","position":2,"name":"Diamond League Lausanne 2023 : Les r\u00e9sultats complets"}]},{"@type":"WebSite","@id":"https:\/\/dicodusport.fr\/blog\/#website","url":"https:\/\/dicodusport.fr\/blog\/","name":"Dicodusport","description":"L&#039;encyclop\u00e9die de l&#039;actualit\u00e9 sportive","publisher":{"@id":"https:\/\/dicodusport.fr\/blog\/#organization"},"potentialAction":[{"@type":"SearchAction","target":{"@type":"EntryPoint","urlTemplate":"https:\/\/dicodusport.fr\/blog\/?s={search_term_string}"},"query-input":{"@type":"PropertyValueSpecification","valueRequired":true,"valueName":"search_term_string"}}],"inLanguage":"fr-FR"},{"@type":"NewsMediaOrganization","@id":"https:\/\/dicodusport.fr\/blog\/#organization","name":"Dicodusport","url":"https:\/\/dicodusport.fr\/blog\/","logo":{"@type":"ImageObject","inLanguage":"fr-FR","@id":"https:\/\/dicodusport.fr\/blog\/#\/schema\/logo\/image\/","url":"https:\/\/dicodusport.fr\/blog\/wp-content\/uploads\/2020\/06\/cropped-LOGO-DICODUSPORT-2020-SANS-FOND-SANS-TEXTE.png","contentUrl":"https:\/\/dicodusport.fr\/blog\/wp-content\/uploads\/2020\/06\/cropped-LOGO-DICODUSPORT-2020-SANS-FOND-SANS-TEXTE.png","width":512,"height":512,"caption":"Dicodusport"},"image":{"@id":"https:\/\/dicodusport.fr\/blog\/#\/schema\/logo\/image\/"},"sameAs":["https:\/\/www.facebook.com\/dicodusport","https:\/\/x.com\/dicodusport","https:\/\/www.instagram.com\/dicodusport\/","https:\/\/www.youtube.com\/channel\/UC7V2KZ5sd3htJivAbA4ZG3w"],"description":"Dicodusport est l'encyclop\u00e9die de l'actualit\u00e9 sportive.","email":"bonjour@dicodusport.fr","legalName":"DICODUSPORT","foundingDate":"2018-01-14","vatID":"FR71834470973","taxID":"83447097300043","numberOfEmployees":{"@type":"QuantitativeValue","minValue":"1","maxValue":"10"}},{"@type":"Person","@id":"https:\/\/dicodusport.fr\/blog\/#\/schema\/person\/cce96fa88785bd8573e3d43078ac8c79","name":"Arlette Yeye","image":{"@type":"ImageObject","inLanguage":"fr-FR","@id":"https:\/\/dicodusport.fr\/blog\/#\/schema\/person\/image\/","url":"https:\/\/secure.gravatar.com\/avatar\/dca4a6239e6d708e46c45d60e160de6c?s=96&d=wp_user_avatar&r=g","contentUrl":"https:\/\/secure.gravatar.com\/avatar\/dca4a6239e6d708e46c45d60e160de6c?s=96&d=wp_user_avatar&r=g","caption":"Arlette Yeye"},"description":"Journaliste\/r\u00e9dactrice depuis septembre 2015 - Supportrice de Chelsea, j'ai pour sports de pr\u00e9dilection le handball, l'athl\u00e9tisme et le tennis. Si je tweete plus vite que mon ombre, vous pouvez aussi me retrouver les week-ends sur les playgrounds de Bruxelles pour un petit foot ou basket entre potes. Parcourir la France, l'Europe et plus si affinit\u00e9s pour suivre mes sportifs pr\u00e9f\u00e9r\u00e9s ? Mon kif ! Et c'est avec plaisir que je partage les r\u00e9sultats des sports populaires mais \u00e9galement plus confidentiels pour Dicodusport.","sameAs":["https:\/\/x.com\/https:\/\/twitter.com\/Shiclette94"],"url":"https:\/\/dicodusport.fr\/blog\/author\/arlette\/"}]}},"_links":{"self":[{"href":"https:\/\/dicodusport.fr\/blog\/wp-json\/wp\/v2\/posts\/390882","targetHints":{"allow":["GET"]}}],"collection":[{"href":"https:\/\/dicodusport.fr\/blog\/wp-json\/wp\/v2\/posts"}],"about":[{"href":"https:\/\/dicodusport.fr\/blog\/wp-json\/wp\/v2\/types\/post"}],"author":[{"embeddable":true,"href":"https:\/\/dicodusport.fr\/blog\/wp-json\/wp\/v2\/users\/12"}],"replies":[{"embeddable":true,"href":"https:\/\/dicodusport.fr\/blog\/wp-json\/wp\/v2\/comments?post=390882"}],"version-history":[{"count":0,"href":"https:\/\/dicodusport.fr\/blog\/wp-json\/wp\/v2\/posts\/390882\/revisions"}],"wp:featuredmedia":[{"embeddable":true,"href":"https:\/\/dicodusport.fr\/blog\/wp-json\/wp\/v2\/media\/395026"}],"wp:attachment":[{"href":"https:\/\/dicodusport.fr\/blog\/wp-json\/wp\/v2\/media?parent=390882"}],"wp:term":[{"taxonomy":"category","embeddable":true,"href":"https:\/\/dicodusport.fr\/blog\/wp-json\/wp\/v2\/categories?post=390882"},{"taxonomy":"post_tag","embeddable":true,"href":"https:\/\/dicodusport.fr\/blog\/wp-json\/wp\/v2\/tags?post=390882"}],"curies":[{"name":"wp","href":"https:\/\/api.w.org\/{rel}","templated":true}]}}