{"id":390916,"date":"2023-06-13T12:44:01","date_gmt":"2023-06-13T10:44:01","guid":{"rendered":"https:\/\/dicodusport.fr\/blog\/?p=390916&#038;preview=true&#038;preview_id=390916"},"modified":"2023-06-13T14:43:07","modified_gmt":"2023-06-13T12:43:07","slug":"tour-de-france-2023-thibaut-pinot-selectionne-pas-arnaud-demare","status":"publish","type":"post","link":"https:\/\/dicodusport.fr\/blog\/tour-de-france-2023-thibaut-pinot-selectionne-pas-arnaud-demare\/","title":{"rendered":"Tour de France 2023 : Thibaut Pinot s\u00e9lectionn\u00e9, pas Arnaud D\u00e9mare"},"content":{"rendered":"<p style=\"text-align: justify;\" align=\"justify\"><em><strong>CYCLISME SUR ROUTE 2023 &#8211; C&rsquo;est officielThibaut Pinot sera au d\u00e9part du <a href=\"https:\/\/dicodusport.fr\/blog\/actualites\/cyclisme\/cyclisme-sur-route-2023\/tour-de-france-2023\/\">Tour de France 2023<\/a>, le 1er juillet prochain, au Pays Basque, alors qu&rsquo;Arnaud D\u00e9mare est lui \u00e9cart\u00e9.\u00a0<\/strong><\/em><\/p>\n<p style=\"text-align: justify;\" align=\"justify\">La question \u00e9tait l\u00e9gitime apr\u00e8s son Giro : <strong>Thibaut Pinot<\/strong> allait-il faire une derni\u00e8re apparition sur la Grande Boucle ? Cinqui\u00e8me du Tour d&rsquo;Italie, avec le maillot bleu de meilleur grimpeur en prime, sa forme semblait suffisante pour contribuer. Restait \u00e0 conna\u00eetre la d\u00e9cision de la Groupama-FDJ. Cette derni\u00e8re a finalement fait son choix.<\/p>\n<blockquote class=\"twitter-tweet\">\n<p dir=\"ltr\" lang=\"fr\">Selon Le Dauphin\u00e9, la Groupama-FDJ officialisera ce mardi la pr\u00e9sence de Thibait Pinot sur le prochain Tour de France. Arnaud D\u00e9mare devrait \u00eatre lui \u00e9cart\u00e9 de la s\u00e9lection. <a href=\"https:\/\/twitter.com\/hashtag\/TDF2023?src=hash&amp;ref_src=twsrc%5Etfw\">#TDF2023<\/a><a href=\"https:\/\/t.co\/Wrn0D8790U\">https:\/\/t.co\/Wrn0D8790U<\/a><\/p>\n<p>\u2014 Le Gruppetto (@LeGruppetto) <a href=\"https:\/\/twitter.com\/LeGruppetto\/status\/1668565846656991232?ref_src=twsrc%5Etfw\">June 13, 2023<\/a><\/p><\/blockquote>\n<p style=\"text-align: justify;\"><script async src=\"https:\/\/platform.twitter.com\/widgets.js\" charset=\"utf-8\"><\/script><\/p>\n<p style=\"text-align: justify;\">La formation fran\u00e7aise indique en effet que <strong>Thibaut Pinot<\/strong> sera bien pr\u00e9sent au prochain Tour de France, aux c\u00f4t\u00e9s de <strong>David Gaudu<\/strong> et <strong>Valentin Madouas<\/strong>, respectivement 4e et 11e l&rsquo;an dernier. Une d\u00e9cision qui fait une victime de marque, en la personne d&rsquo;<strong>Arnaud D\u00e9mare<\/strong>. Le sprinteur est donc \u00e9cart\u00e9 et ne disputera pas sa sixi\u00e8me Grande Boucle, alors que <strong>Pinot<\/strong> va entamer sa 10e et derni\u00e8re, avant <a href=\"https:\/\/dicodusport.fr\/blog\/thibaut-pinot-prendra-sa-retraite-en-fin-de-saison\/\">une retraite en fin de saison<\/a>. Voil\u00e0 qui va ravir ses nombreux admirateurs. Pour le Picard, en revanche, cela sonne d\u00e9finitivement le glas de son aventure chez Groupama-FDJ \u00e0 l&rsquo;issue de cette saison 2023, tant la frustration doit \u00eatre grande pour le Beauvaisien.<\/p>\n<h2 style=\"text-align: justify;\">\u00ab C&rsquo;est un choix purement sportif \u00bb<\/h2>\n<p style=\"text-align: justify;\">Interrog\u00e9 par <a href=\"https:\/\/www.lequipe.fr\/Cyclisme-sur-route\/Article\/Arnaud-demare-non-retenu-pour-le-tour-je-pensais-que-je-comptais-a-leurs-yeux\/1402549\"><em>L&rsquo;\u00c9quipe<\/em><\/a>, <strong>Marc Madiot<\/strong>, manager de la formation <strong>Groupama-FDJ<\/strong>, a justifi\u00e9 son choix. Un choix assum\u00e9. <em>\u00ab C&rsquo;est un choix purement sportif. En avril, Arnaud aurait \u00e9t\u00e9 sur le Tour, mais aujourd&rsquo;hui, apr\u00e8s avoir tourn\u00e9 le probl\u00e8me dans tous les sens, car on devait lui donner des coureurs pour l&rsquo;assister a minima dans les sprints, il fallait trouver un \u00e9quilibre. La situation de Thibaut Pinot ayant fortement \u00e9volu\u00e9, j&rsquo;ai pris le parti de monter une \u00e9quipe uniquement tourn\u00e9e vers la montagne. \u00bb<\/em>, a-t-il indiqu\u00e9.<\/p>\n<p style=\"text-align: justify;\">Pour le Picard, en revanche, cela sonne d\u00e9finitivement le glas de son aventure chez <strong>Groupama-FDJ<\/strong> \u00e0 l&rsquo;issue de cette saison 2023, tant la frustration doit \u00eatre grande pour le Beauvaisien. \u00c9galement interrog\u00e9 par <em>L&rsquo;\u00c9quipe<\/em>, il a officialis\u00e9 son d\u00e9part en fin de saison. Une d\u00e9cision qui lui a \u00e9t\u00e9 annonc\u00e9e en personne par <strong>Marc Madiot<\/strong>, sur les Boucles de La Mayenne. <em>\u00ab Aux Boucles de la Mayenne, il m&rsquo;annonce que c&rsquo;est la fin avec la Groupama. Pas avec ces mots, mais je comprends que c&rsquo;est fini. Il me dit : \u00ab\u00a0On ne peut pas te garder\u00a0\u00bb. Et c&rsquo;est fini \u00bb<\/em>. Cette non-s\u00e9lection n&rsquo;est donc qu&rsquo;une \u00e9tape de plus, dans le divorce entre le Picard et sa formation de toujours.<\/p>\n<div class=\"vlp-link-container vlp-layout-article\"><a href=\"https:\/\/www.lequipe.fr\/Cyclisme-sur-route\/Article\/Arnaud-demare-non-retenu-pour-le-tour-je-pensais-que-je-comptais-a-leurs-yeux\/1402549\" class=\"vlp-link\" title=\"Arnaud D\u00e9mare, non-retenu pour le Tour\u00a0: \u00ab\u00a0Je pensais que je comptais \u00e0 leurs yeux\u00a0\u00bb\" rel=\"nofollow\" target=\"_blank\"><\/a><div class=\"vlp-layout-zone-side\"><div class=\"vlp-block-4 vlp-link-image\"><img decoding=\"async\" src=\"https:\/\/medias.lequipe.fr\/img-photo-jpg\/arnaud-demare-n-a-pas-ete-retenu-pour-disputer-le-tour-de-france-tommaso-pelagalli-sprintcyclingagen\/1500000001798357\/761:75,1751:1064-640-640-75\/57c0d.jpg\" style=\"max-width: 800px; max-height: 800px\" \/><\/div><\/div><div class=\"vlp-layout-zone-main\"><div class=\"vlp-block-0 vlp-link-title\">Arnaud D\u00e9mare, non-retenu pour le Tour\u00a0: \u00ab\u00a0Je pensais que je comptais \u00e0 leurs yeux\u00a0\u00bb<\/div><div class=\"vlp-block-1 vlp-link-summary\">\u00c0 31 ans, Arnaud D\u00e9mare, double vainqueur d\u2019\u00e9tape sur le Tour de France, ne disputera pas la Grande Boucle cet \u00e9t\u00e9 et ne prolongera pas l\u2019aventure avec la Groupama-FDJ, longue de douze ans. Deux d\u00e9cisions qu\u2019il subit et vit mal.<\/div><div class=\"vlp-block-2 vlp-link-button\">Lire l'article<\/div><div class=\"vlp-block-3 vlp-link-url\">www.lequipe.fr<\/div><\/div><\/div>\n","protected":false},"excerpt":{"rendered":"<p>CYCLISME SUR ROUTE 2023 &#8211; Selon le Dauphin\u00e9, Thibaut Pinot sera au d\u00e9part du Tour de France dans quelques jours alors qu&rsquo;Arnaud D\u00e9mare est lui \u00e9cart\u00e9.\u00a0<\/p>\n","protected":false},"author":1,"featured_media":390918,"comment_status":"open","ping_status":"closed","sticky":false,"template":"","format":"standard","meta":{"_acf_changed":false,"_daextam_enable_autolinks":"","footnotes":""},"categories":[46995],"tags":[4285,16878,3279,3596,24,4839],"class_list":["post-390916","post","type-post","status-publish","format-standard","has-post-thumbnail","hentry","category-tour-de-france","tag-arnaud-demare","tag-breve","tag-groupama-fdj","tag-pinot","tag-sport","tag-thibaut-pinot"],"acf":[],"yoast_head":"<!-- This site is optimized with the Yoast SEO Premium plugin v26.7 (Yoast SEO v26.7) - https:\/\/yoast.com\/wordpress\/plugins\/seo\/ -->\n<title>Tour de France 2023 : Thibaut Pinot s\u00e9lectionn\u00e9, pas Arnaud D\u00e9mare<\/title>\n<meta name=\"description\" content=\"CYCLISME SUR ROUTE 2023 - Selon le Dauphin\u00e9, Thibaut Pinot sera au d\u00e9part du Tour de France dans quelques jours alors qu&#039;Arnaud D\u00e9mare est lui \u00e9cart\u00e9.\u00a0\" \/>\n<meta name=\"robots\" content=\"index, follow, max-snippet:-1, max-image-preview:large, max-video-preview:-1\" \/>\n<link rel=\"canonical\" href=\"https:\/\/dicodusport.fr\/blog\/tour-de-france-2023-thibaut-pinot-selectionne-pas-arnaud-demare\/\" \/>\n<meta property=\"og:locale\" content=\"fr_FR\" \/>\n<meta property=\"og:type\" content=\"article\" \/>\n<meta property=\"og:title\" content=\"Tour de France 2023 : Thibaut Pinot s\u00e9lectionn\u00e9, pas Arnaud D\u00e9mare\" \/>\n<meta property=\"og:description\" content=\"CYCLISME SUR ROUTE 2023 - Selon le Dauphin\u00e9, Thibaut Pinot sera au d\u00e9part du Tour de France dans quelques jours alors qu&#039;Arnaud D\u00e9mare est lui \u00e9cart\u00e9.\u00a0\" \/>\n<meta property=\"og:url\" content=\"https:\/\/dicodusport.fr\/blog\/tour-de-france-2023-thibaut-pinot-selectionne-pas-arnaud-demare\/\" \/>\n<meta property=\"og:site_name\" content=\"Dicodusport\" \/>\n<meta property=\"article:publisher\" content=\"https:\/\/www.facebook.com\/dicodusport\" \/>\n<meta property=\"article:author\" content=\"https:\/\/www.facebook.com\/dicodusport\" \/>\n<meta property=\"article:published_time\" content=\"2023-06-13T10:44:01+00:00\" \/>\n<meta property=\"article:modified_time\" content=\"2023-06-13T12:43:07+00:00\" \/>\n<meta property=\"og:image\" content=\"https:\/\/dicodusport.fr\/blog\/wp-content\/uploads\/2023\/06\/Tour-de-France-2023-Thibaut-Pinot-selectionne-pas-Arnaud-Demare.png\" \/>\n\t<meta property=\"og:image:width\" content=\"800\" \/>\n\t<meta property=\"og:image:height\" content=\"445\" \/>\n\t<meta property=\"og:image:type\" content=\"image\/png\" \/>\n<meta name=\"author\" content=\"Nicolas Jacquemard\" \/>\n<meta name=\"twitter:card\" content=\"summary_large_image\" \/>\n<meta name=\"twitter:title\" content=\"Tour de France 2023 : Thibaut Pinot s\u00e9lectionn\u00e9, pas Arnaud D\u00e9mare\" \/>\n<meta name=\"twitter:creator\" content=\"@https:\/\/twitter.com\/Nico_Jacquemard\" \/>\n<meta name=\"twitter:site\" content=\"@dicodusport\" \/>\n<script type=\"application\/ld+json\" class=\"yoast-schema-graph\">{\"@context\":\"https:\/\/schema.org\",\"@graph\":[{\"@type\":\"NewsArticle\",\"@id\":\"https:\/\/dicodusport.fr\/blog\/tour-de-france-2023-thibaut-pinot-selectionne-pas-arnaud-demare\/#article\",\"isPartOf\":{\"@id\":\"https:\/\/dicodusport.fr\/blog\/tour-de-france-2023-thibaut-pinot-selectionne-pas-arnaud-demare\/\"},\"author\":{\"name\":\"Nicolas Jacquemard\",\"@id\":\"https:\/\/dicodusport.fr\/blog\/#\/schema\/person\/55dcb50ad410894e431ed812bbb70191\"},\"headline\":\"Tour de France 2023 : Thibaut Pinot s\u00e9lectionn\u00e9, pas Arnaud D\u00e9mare\",\"datePublished\":\"2023-06-13T10:44:01+00:00\",\"dateModified\":\"2023-06-13T12:43:07+00:00\",\"mainEntityOfPage\":{\"@id\":\"https:\/\/dicodusport.fr\/blog\/tour-de-france-2023-thibaut-pinot-selectionne-pas-arnaud-demare\/\"},\"wordCount\":603,\"commentCount\":0,\"publisher\":{\"@id\":\"https:\/\/dicodusport.fr\/blog\/#organization\"},\"image\":{\"@id\":\"https:\/\/dicodusport.fr\/blog\/tour-de-france-2023-thibaut-pinot-selectionne-pas-arnaud-demare\/#primaryimage\"},\"thumbnailUrl\":\"https:\/\/dicodusport.fr\/blog\/wp-content\/uploads\/2023\/06\/Tour-de-France-2023-Thibaut-Pinot-selectionne-pas-Arnaud-Demare.png\",\"keywords\":[\"Arnaud D\u00e9mare\",\"br\u00e8ve\",\"Groupama FDJ\",\"Pinot\",\"sport\",\"Thibaut Pinot\"],\"articleSection\":[\"Tour de France\"],\"inLanguage\":\"fr-FR\",\"potentialAction\":[{\"@type\":\"CommentAction\",\"name\":\"Comment\",\"target\":[\"https:\/\/dicodusport.fr\/blog\/tour-de-france-2023-thibaut-pinot-selectionne-pas-arnaud-demare\/#respond\"]}],\"copyrightYear\":\"2023\",\"copyrightHolder\":{\"@id\":\"https:\/\/dicodusport.fr\/blog\/#organization\"}},{\"@type\":\"WebPage\",\"@id\":\"https:\/\/dicodusport.fr\/blog\/tour-de-france-2023-thibaut-pinot-selectionne-pas-arnaud-demare\/\",\"url\":\"https:\/\/dicodusport.fr\/blog\/tour-de-france-2023-thibaut-pinot-selectionne-pas-arnaud-demare\/\",\"name\":\"Tour de France 2023 : Thibaut Pinot s\u00e9lectionn\u00e9, pas Arnaud D\u00e9mare\",\"isPartOf\":{\"@id\":\"https:\/\/dicodusport.fr\/blog\/#website\"},\"primaryImageOfPage\":{\"@id\":\"https:\/\/dicodusport.fr\/blog\/tour-de-france-2023-thibaut-pinot-selectionne-pas-arnaud-demare\/#primaryimage\"},\"image\":{\"@id\":\"https:\/\/dicodusport.fr\/blog\/tour-de-france-2023-thibaut-pinot-selectionne-pas-arnaud-demare\/#primaryimage\"},\"thumbnailUrl\":\"https:\/\/dicodusport.fr\/blog\/wp-content\/uploads\/2023\/06\/Tour-de-France-2023-Thibaut-Pinot-selectionne-pas-Arnaud-Demare.png\",\"datePublished\":\"2023-06-13T10:44:01+00:00\",\"dateModified\":\"2023-06-13T12:43:07+00:00\",\"description\":\"CYCLISME SUR ROUTE 2023 - Selon le Dauphin\u00e9, Thibaut Pinot sera au d\u00e9part du Tour de France dans quelques jours alors qu'Arnaud D\u00e9mare est lui \u00e9cart\u00e9.\u00a0\",\"breadcrumb\":{\"@id\":\"https:\/\/dicodusport.fr\/blog\/tour-de-france-2023-thibaut-pinot-selectionne-pas-arnaud-demare\/#breadcrumb\"},\"inLanguage\":\"fr-FR\",\"potentialAction\":[{\"@type\":\"ReadAction\",\"target\":[\"https:\/\/dicodusport.fr\/blog\/tour-de-france-2023-thibaut-pinot-selectionne-pas-arnaud-demare\/\"]}]},{\"@type\":\"ImageObject\",\"inLanguage\":\"fr-FR\",\"@id\":\"https:\/\/dicodusport.fr\/blog\/tour-de-france-2023-thibaut-pinot-selectionne-pas-arnaud-demare\/#primaryimage\",\"url\":\"https:\/\/dicodusport.fr\/blog\/wp-content\/uploads\/2023\/06\/Tour-de-France-2023-Thibaut-Pinot-selectionne-pas-Arnaud-Demare.png\",\"contentUrl\":\"https:\/\/dicodusport.fr\/blog\/wp-content\/uploads\/2023\/06\/Tour-de-France-2023-Thibaut-Pinot-selectionne-pas-Arnaud-Demare.png\",\"width\":800,\"height\":445},{\"@type\":\"BreadcrumbList\",\"@id\":\"https:\/\/dicodusport.fr\/blog\/tour-de-france-2023-thibaut-pinot-selectionne-pas-arnaud-demare\/#breadcrumb\",\"itemListElement\":[{\"@type\":\"ListItem\",\"position\":1,\"name\":\"Accueil\",\"item\":\"https:\/\/dicodusport.fr\/blog\/\"},{\"@type\":\"ListItem\",\"position\":2,\"name\":\"Tour de France 2023 : Thibaut Pinot s\u00e9lectionn\u00e9, pas Arnaud D\u00e9mare\"}]},{\"@type\":\"WebSite\",\"@id\":\"https:\/\/dicodusport.fr\/blog\/#website\",\"url\":\"https:\/\/dicodusport.fr\/blog\/\",\"name\":\"Dicodusport\",\"description\":\"L&#039;encyclop\u00e9die de l&#039;actualit\u00e9 sportive\",\"publisher\":{\"@id\":\"https:\/\/dicodusport.fr\/blog\/#organization\"},\"potentialAction\":[{\"@type\":\"SearchAction\",\"target\":{\"@type\":\"EntryPoint\",\"urlTemplate\":\"https:\/\/dicodusport.fr\/blog\/?s={search_term_string}\"},\"query-input\":{\"@type\":\"PropertyValueSpecification\",\"valueRequired\":true,\"valueName\":\"search_term_string\"}}],\"inLanguage\":\"fr-FR\"},{\"@type\":\"NewsMediaOrganization\",\"@id\":\"https:\/\/dicodusport.fr\/blog\/#organization\",\"name\":\"Dicodusport\",\"url\":\"https:\/\/dicodusport.fr\/blog\/\",\"logo\":{\"@type\":\"ImageObject\",\"inLanguage\":\"fr-FR\",\"@id\":\"https:\/\/dicodusport.fr\/blog\/#\/schema\/logo\/image\/\",\"url\":\"https:\/\/dicodusport.fr\/blog\/wp-content\/uploads\/2020\/06\/cropped-LOGO-DICODUSPORT-2020-SANS-FOND-SANS-TEXTE.png\",\"contentUrl\":\"https:\/\/dicodusport.fr\/blog\/wp-content\/uploads\/2020\/06\/cropped-LOGO-DICODUSPORT-2020-SANS-FOND-SANS-TEXTE.png\",\"width\":512,\"height\":512,\"caption\":\"Dicodusport\"},\"image\":{\"@id\":\"https:\/\/dicodusport.fr\/blog\/#\/schema\/logo\/image\/\"},\"sameAs\":[\"https:\/\/www.facebook.com\/dicodusport\",\"https:\/\/x.com\/dicodusport\",\"https:\/\/www.instagram.com\/dicodusport\/\",\"https:\/\/www.youtube.com\/channel\/UC7V2KZ5sd3htJivAbA4ZG3w\"],\"description\":\"Dicodusport est l'encyclop\u00e9die de l'actualit\u00e9 sportive.\",\"email\":\"bonjour@dicodusport.fr\",\"legalName\":\"DICODUSPORT\",\"foundingDate\":\"2018-01-14\",\"vatID\":\"FR71834470973\",\"taxID\":\"83447097300043\",\"numberOfEmployees\":{\"@type\":\"QuantitativeValue\",\"minValue\":\"1\",\"maxValue\":\"10\"}},{\"@type\":\"Person\",\"@id\":\"https:\/\/dicodusport.fr\/blog\/#\/schema\/person\/55dcb50ad410894e431ed812bbb70191\",\"name\":\"Nicolas Jacquemard\",\"image\":{\"@type\":\"ImageObject\",\"inLanguage\":\"fr-FR\",\"@id\":\"https:\/\/dicodusport.fr\/blog\/#\/schema\/person\/image\/\",\"url\":\"https:\/\/dicodusport.fr\/blog\/wp-content\/uploads\/2021\/05\/Nicolas-Jacquemard-150x150.jpeg\",\"contentUrl\":\"https:\/\/dicodusport.fr\/blog\/wp-content\/uploads\/2021\/05\/Nicolas-Jacquemard-150x150.jpeg\",\"caption\":\"Nicolas Jacquemard\"},\"description\":\"Passionn\u00e9 de sport et entrepreneur depuis mes 18 ans, la cr\u00e9ation de Dicodusport m'a sembl\u00e9 \u00e9vidente pour participer \u00e0 la m\u00e9diatisation d'un plus grand nombre de sports. Le chemin est long mais avec une \u00e9quipe des plus motiv\u00e9es et les Jeux Olympiques de Paris 2024 en point de mire, nous y arriverons ! Journaliste dans le monde du sport depuis plus de 5 ans, je traite aussi bien de football, de rugby, de biathlon que de cyclisme.\",\"sameAs\":[\"https:\/\/www.facebook.com\/dicodusport\",\"https:\/\/x.com\/https:\/\/twitter.com\/Nico_Jacquemard\"],\"url\":\"https:\/\/dicodusport.fr\/blog\/author\/dicodusport\/\"}]}<\/script>\n<!-- \/ Yoast SEO Premium plugin. -->","yoast_head_json":{"title":"Tour de France 2023 : Thibaut Pinot s\u00e9lectionn\u00e9, pas Arnaud D\u00e9mare","description":"CYCLISME SUR ROUTE 2023 - Selon le Dauphin\u00e9, Thibaut Pinot sera au d\u00e9part du Tour de France dans quelques jours alors qu'Arnaud D\u00e9mare est lui \u00e9cart\u00e9.\u00a0","robots":{"index":"index","follow":"follow","max-snippet":"max-snippet:-1","max-image-preview":"max-image-preview:large","max-video-preview":"max-video-preview:-1"},"canonical":"https:\/\/dicodusport.fr\/blog\/tour-de-france-2023-thibaut-pinot-selectionne-pas-arnaud-demare\/","og_locale":"fr_FR","og_type":"article","og_title":"Tour de France 2023 : Thibaut Pinot s\u00e9lectionn\u00e9, pas Arnaud D\u00e9mare","og_description":"CYCLISME SUR ROUTE 2023 - Selon le Dauphin\u00e9, Thibaut Pinot sera au d\u00e9part du Tour de France dans quelques jours alors qu'Arnaud D\u00e9mare est lui \u00e9cart\u00e9.\u00a0","og_url":"https:\/\/dicodusport.fr\/blog\/tour-de-france-2023-thibaut-pinot-selectionne-pas-arnaud-demare\/","og_site_name":"Dicodusport","article_publisher":"https:\/\/www.facebook.com\/dicodusport","article_author":"https:\/\/www.facebook.com\/dicodusport","article_published_time":"2023-06-13T10:44:01+00:00","article_modified_time":"2023-06-13T12:43:07+00:00","og_image":[{"width":800,"height":445,"url":"https:\/\/dicodusport.fr\/blog\/wp-content\/uploads\/2023\/06\/Tour-de-France-2023-Thibaut-Pinot-selectionne-pas-Arnaud-Demare.png","type":"image\/png"}],"author":"Nicolas Jacquemard","twitter_card":"summary_large_image","twitter_title":"Tour de France 2023 : Thibaut Pinot s\u00e9lectionn\u00e9, pas Arnaud D\u00e9mare","twitter_creator":"@https:\/\/twitter.com\/Nico_Jacquemard","twitter_site":"@dicodusport","schema":{"@context":"https:\/\/schema.org","@graph":[{"@type":"NewsArticle","@id":"https:\/\/dicodusport.fr\/blog\/tour-de-france-2023-thibaut-pinot-selectionne-pas-arnaud-demare\/#article","isPartOf":{"@id":"https:\/\/dicodusport.fr\/blog\/tour-de-france-2023-thibaut-pinot-selectionne-pas-arnaud-demare\/"},"author":{"name":"Nicolas Jacquemard","@id":"https:\/\/dicodusport.fr\/blog\/#\/schema\/person\/55dcb50ad410894e431ed812bbb70191"},"headline":"Tour de France 2023 : Thibaut Pinot s\u00e9lectionn\u00e9, pas Arnaud D\u00e9mare","datePublished":"2023-06-13T10:44:01+00:00","dateModified":"2023-06-13T12:43:07+00:00","mainEntityOfPage":{"@id":"https:\/\/dicodusport.fr\/blog\/tour-de-france-2023-thibaut-pinot-selectionne-pas-arnaud-demare\/"},"wordCount":603,"commentCount":0,"publisher":{"@id":"https:\/\/dicodusport.fr\/blog\/#organization"},"image":{"@id":"https:\/\/dicodusport.fr\/blog\/tour-de-france-2023-thibaut-pinot-selectionne-pas-arnaud-demare\/#primaryimage"},"thumbnailUrl":"https:\/\/dicodusport.fr\/blog\/wp-content\/uploads\/2023\/06\/Tour-de-France-2023-Thibaut-Pinot-selectionne-pas-Arnaud-Demare.png","keywords":["Arnaud D\u00e9mare","br\u00e8ve","Groupama FDJ","Pinot","sport","Thibaut Pinot"],"articleSection":["Tour de France"],"inLanguage":"fr-FR","potentialAction":[{"@type":"CommentAction","name":"Comment","target":["https:\/\/dicodusport.fr\/blog\/tour-de-france-2023-thibaut-pinot-selectionne-pas-arnaud-demare\/#respond"]}],"copyrightYear":"2023","copyrightHolder":{"@id":"https:\/\/dicodusport.fr\/blog\/#organization"}},{"@type":"WebPage","@id":"https:\/\/dicodusport.fr\/blog\/tour-de-france-2023-thibaut-pinot-selectionne-pas-arnaud-demare\/","url":"https:\/\/dicodusport.fr\/blog\/tour-de-france-2023-thibaut-pinot-selectionne-pas-arnaud-demare\/","name":"Tour de France 2023 : Thibaut Pinot s\u00e9lectionn\u00e9, pas Arnaud D\u00e9mare","isPartOf":{"@id":"https:\/\/dicodusport.fr\/blog\/#website"},"primaryImageOfPage":{"@id":"https:\/\/dicodusport.fr\/blog\/tour-de-france-2023-thibaut-pinot-selectionne-pas-arnaud-demare\/#primaryimage"},"image":{"@id":"https:\/\/dicodusport.fr\/blog\/tour-de-france-2023-thibaut-pinot-selectionne-pas-arnaud-demare\/#primaryimage"},"thumbnailUrl":"https:\/\/dicodusport.fr\/blog\/wp-content\/uploads\/2023\/06\/Tour-de-France-2023-Thibaut-Pinot-selectionne-pas-Arnaud-Demare.png","datePublished":"2023-06-13T10:44:01+00:00","dateModified":"2023-06-13T12:43:07+00:00","description":"CYCLISME SUR ROUTE 2023 - Selon le Dauphin\u00e9, Thibaut Pinot sera au d\u00e9part du Tour de France dans quelques jours alors qu'Arnaud D\u00e9mare est lui \u00e9cart\u00e9.\u00a0","breadcrumb":{"@id":"https:\/\/dicodusport.fr\/blog\/tour-de-france-2023-thibaut-pinot-selectionne-pas-arnaud-demare\/#breadcrumb"},"inLanguage":"fr-FR","potentialAction":[{"@type":"ReadAction","target":["https:\/\/dicodusport.fr\/blog\/tour-de-france-2023-thibaut-pinot-selectionne-pas-arnaud-demare\/"]}]},{"@type":"ImageObject","inLanguage":"fr-FR","@id":"https:\/\/dicodusport.fr\/blog\/tour-de-france-2023-thibaut-pinot-selectionne-pas-arnaud-demare\/#primaryimage","url":"https:\/\/dicodusport.fr\/blog\/wp-content\/uploads\/2023\/06\/Tour-de-France-2023-Thibaut-Pinot-selectionne-pas-Arnaud-Demare.png","contentUrl":"https:\/\/dicodusport.fr\/blog\/wp-content\/uploads\/2023\/06\/Tour-de-France-2023-Thibaut-Pinot-selectionne-pas-Arnaud-Demare.png","width":800,"height":445},{"@type":"BreadcrumbList","@id":"https:\/\/dicodusport.fr\/blog\/tour-de-france-2023-thibaut-pinot-selectionne-pas-arnaud-demare\/#breadcrumb","itemListElement":[{"@type":"ListItem","position":1,"name":"Accueil","item":"https:\/\/dicodusport.fr\/blog\/"},{"@type":"ListItem","position":2,"name":"Tour de France 2023 : Thibaut Pinot s\u00e9lectionn\u00e9, pas Arnaud D\u00e9mare"}]},{"@type":"WebSite","@id":"https:\/\/dicodusport.fr\/blog\/#website","url":"https:\/\/dicodusport.fr\/blog\/","name":"Dicodusport","description":"L&#039;encyclop\u00e9die de l&#039;actualit\u00e9 sportive","publisher":{"@id":"https:\/\/dicodusport.fr\/blog\/#organization"},"potentialAction":[{"@type":"SearchAction","target":{"@type":"EntryPoint","urlTemplate":"https:\/\/dicodusport.fr\/blog\/?s={search_term_string}"},"query-input":{"@type":"PropertyValueSpecification","valueRequired":true,"valueName":"search_term_string"}}],"inLanguage":"fr-FR"},{"@type":"NewsMediaOrganization","@id":"https:\/\/dicodusport.fr\/blog\/#organization","name":"Dicodusport","url":"https:\/\/dicodusport.fr\/blog\/","logo":{"@type":"ImageObject","inLanguage":"fr-FR","@id":"https:\/\/dicodusport.fr\/blog\/#\/schema\/logo\/image\/","url":"https:\/\/dicodusport.fr\/blog\/wp-content\/uploads\/2020\/06\/cropped-LOGO-DICODUSPORT-2020-SANS-FOND-SANS-TEXTE.png","contentUrl":"https:\/\/dicodusport.fr\/blog\/wp-content\/uploads\/2020\/06\/cropped-LOGO-DICODUSPORT-2020-SANS-FOND-SANS-TEXTE.png","width":512,"height":512,"caption":"Dicodusport"},"image":{"@id":"https:\/\/dicodusport.fr\/blog\/#\/schema\/logo\/image\/"},"sameAs":["https:\/\/www.facebook.com\/dicodusport","https:\/\/x.com\/dicodusport","https:\/\/www.instagram.com\/dicodusport\/","https:\/\/www.youtube.com\/channel\/UC7V2KZ5sd3htJivAbA4ZG3w"],"description":"Dicodusport est l'encyclop\u00e9die de l'actualit\u00e9 sportive.","email":"bonjour@dicodusport.fr","legalName":"DICODUSPORT","foundingDate":"2018-01-14","vatID":"FR71834470973","taxID":"83447097300043","numberOfEmployees":{"@type":"QuantitativeValue","minValue":"1","maxValue":"10"}},{"@type":"Person","@id":"https:\/\/dicodusport.fr\/blog\/#\/schema\/person\/55dcb50ad410894e431ed812bbb70191","name":"Nicolas Jacquemard","image":{"@type":"ImageObject","inLanguage":"fr-FR","@id":"https:\/\/dicodusport.fr\/blog\/#\/schema\/person\/image\/","url":"https:\/\/dicodusport.fr\/blog\/wp-content\/uploads\/2021\/05\/Nicolas-Jacquemard-150x150.jpeg","contentUrl":"https:\/\/dicodusport.fr\/blog\/wp-content\/uploads\/2021\/05\/Nicolas-Jacquemard-150x150.jpeg","caption":"Nicolas Jacquemard"},"description":"Passionn\u00e9 de sport et entrepreneur depuis mes 18 ans, la cr\u00e9ation de Dicodusport m'a sembl\u00e9 \u00e9vidente pour participer \u00e0 la m\u00e9diatisation d'un plus grand nombre de sports. Le chemin est long mais avec une \u00e9quipe des plus motiv\u00e9es et les Jeux Olympiques de Paris 2024 en point de mire, nous y arriverons ! Journaliste dans le monde du sport depuis plus de 5 ans, je traite aussi bien de football, de rugby, de biathlon que de cyclisme.","sameAs":["https:\/\/www.facebook.com\/dicodusport","https:\/\/x.com\/https:\/\/twitter.com\/Nico_Jacquemard"],"url":"https:\/\/dicodusport.fr\/blog\/author\/dicodusport\/"}]}},"_links":{"self":[{"href":"https:\/\/dicodusport.fr\/blog\/wp-json\/wp\/v2\/posts\/390916","targetHints":{"allow":["GET"]}}],"collection":[{"href":"https:\/\/dicodusport.fr\/blog\/wp-json\/wp\/v2\/posts"}],"about":[{"href":"https:\/\/dicodusport.fr\/blog\/wp-json\/wp\/v2\/types\/post"}],"author":[{"embeddable":true,"href":"https:\/\/dicodusport.fr\/blog\/wp-json\/wp\/v2\/users\/1"}],"replies":[{"embeddable":true,"href":"https:\/\/dicodusport.fr\/blog\/wp-json\/wp\/v2\/comments?post=390916"}],"version-history":[{"count":0,"href":"https:\/\/dicodusport.fr\/blog\/wp-json\/wp\/v2\/posts\/390916\/revisions"}],"wp:featuredmedia":[{"embeddable":true,"href":"https:\/\/dicodusport.fr\/blog\/wp-json\/wp\/v2\/media\/390918"}],"wp:attachment":[{"href":"https:\/\/dicodusport.fr\/blog\/wp-json\/wp\/v2\/media?parent=390916"}],"wp:term":[{"taxonomy":"category","embeddable":true,"href":"https:\/\/dicodusport.fr\/blog\/wp-json\/wp\/v2\/categories?post=390916"},{"taxonomy":"post_tag","embeddable":true,"href":"https:\/\/dicodusport.fr\/blog\/wp-json\/wp\/v2\/tags?post=390916"}],"curies":[{"name":"wp","href":"https:\/\/api.w.org\/{rel}","templated":true}]}}