{"id":390930,"date":"2023-06-13T13:55:46","date_gmt":"2023-06-13T11:55:46","guid":{"rendered":"https:\/\/dicodusport.fr\/blog\/?p=390930&#038;preview=true&#038;preview_id=390930"},"modified":"2023-11-16T11:28:55","modified_gmt":"2023-11-16T10:28:55","slug":"lenny-martinez-remporte-le-mont-ventoux-denivele-challenge","status":"publish","type":"post","link":"https:\/\/dicodusport.fr\/blog\/lenny-martinez-remporte-le-mont-ventoux-denivele-challenge\/","title":{"rendered":"Lenny Martinez remporte le Mont Ventoux D\u00e9nivel\u00e9 Challenge"},"content":{"rendered":"<p style=\"text-align: justify;\" align=\"justify\"><em><b>CYCLISME SUR ROUTE 2023 &#8211; Lenny Martinez (Groupama-FDJ) a remport\u00e9 la cinqui\u00e8me \u00e9dition du Mont Ventoux D\u00e9nivel\u00e9 Challenge, une course amput\u00e9e de la derni\u00e8re ascension du G\u00e9ant de Provence.\u00a0<\/b><\/em><\/p>\n<ul>\n<li style=\"text-align: justify;\"><strong>\u00c0 lire aussi &#8211; <a href=\"https:\/\/dicodusport.fr\/blog\/cyclisme-pas-de-cic-mont-ventoux-en-2024\/\">Cyclisme : Pas de CIC Mont Ventoux en 2024<\/a><\/strong><\/li>\n<\/ul>\n<p style=\"text-align: justify;\" align=\"justify\">\u00c0 cause du risque d&rsquo;orages, les organisateurs ont d\u00e9cid\u00e9 de r\u00e9duire le parcours. La derni\u00e8re ascension du Mont Ventoux, la plus dure, a \u00e9t\u00e9 retir\u00e9e du parcours, rendant la course bien moins difficile. Sans surprise, les meilleurs grimpeurs sur le papier ont attendu les cinq derniers kilom\u00e8tres et le <strong>Chalet<\/strong> <strong>Reynard<\/strong> pour passer \u00e0 l&rsquo;offensive. Sous l&rsquo;impulsion de <strong>Cristian Rodriguez<\/strong> (Ark\u00e9a-Samsic), quatre hommes s&rsquo;isolent \u00e0 l&rsquo;avant. <strong>Michael<\/strong> <strong>Woods <\/strong>(Israel &#8211; Premier Tech), <strong>Ivan<\/strong> <strong>Sosa<\/strong> (Movistar) et <strong>Lenny<\/strong> <strong>Martinez<\/strong> suivent l&rsquo;Espagnol.<\/p>\n<p style=\"text-align: justify;\" align=\"justify\">Mais le manque de difficult\u00e9 sur la course ne permet pas aux meilleurs grimpeurs de cr\u00e9er des \u00e9carts, et plusieurs coureurs entrent de l&rsquo;arri\u00e8re, comme <strong>Simon<\/strong> <strong>Carr <\/strong>(EF Education EasyPost), <strong>Domenico Pozzovivo<\/strong> (Israel &#8211; Premier Tech) et <strong>Cl\u00e9ment<\/strong> <strong>Champoussin<\/strong> (Ark\u00e9a-Samsic). Le grimpeur italien de 40 ans se sacrifie pour son leader <strong>Michael<\/strong> <strong>Woods<\/strong> (Israel &#8211; Premier Tech) dans le dernier kilom\u00e8tre. Mais le Canadien sera finalement trop juste et doit se contenter de la deuxi\u00e8me place.<\/p>\n<p style=\"text-align: justify;\" align=\"justify\">\u00c0 m\u00eame pas 20 ans, 19 ans et 337 jours pour \u00eatre pr\u00e9cis, <strong>Lenny<\/strong> <strong>Martinez<\/strong> est le premier Fran\u00e7ais \u00e0 remporter cette \u00e9preuve. Surtout, il d\u00e9croche sa premi\u00e8re victoire chez les professionnels. Le Fran\u00e7ais de la <strong>Groupama &#8211; FDJ<\/strong> a rapidement fait la cassure en lan\u00e7ant son sprint pour s&rsquo;imposer avec une avance confortable. <strong>Simon<\/strong> <strong>Carr<\/strong> (EF Education &#8211; EasyPost) prend lui la troisi\u00e8me place alors que <strong>Cristian<\/strong> <strong>Rodriguez<\/strong> (Team Ark\u00e9a &#8211; Samsic) ne peut faire mieux que quatri\u00e8me.<\/p>\n<blockquote class=\"twitter-tweet\">\n<p dir=\"ltr\" lang=\"fr\">\ud83c\udfc5\ud83c\uddeb\ud83c\uddf7Lenny Martinez (Groupama-FDJ) gana el CIC Mont Ventoux 2023 \ud83c\uddeb\ud83c\uddf7 <a href=\"https:\/\/twitter.com\/hashtag\/CICMV?src=hash&amp;ref_src=twsrc%5Etfw\">#CICMV<\/a> <a href=\"https:\/\/twitter.com\/hashtag\/Noticiclismo?src=hash&amp;ref_src=twsrc%5Etfw\">#Noticiclismo<\/a> <a href=\"https:\/\/twitter.com\/hashtag\/Ciclismo?src=hash&amp;ref_src=twsrc%5Etfw\">#Ciclismo<\/a> <a href=\"https:\/\/t.co\/ygKF3w7ZuR\">pic.twitter.com\/ygKF3w7ZuR<\/a><\/p>\n<p>\u2014 NotiCiclismo \u27a1 \ud83c\udde8\ud83c\udded #TourdeSuisse2023 (@Noticiclismo1) <a href=\"https:\/\/twitter.com\/Noticiclismo1\/status\/1668588177567653889?ref_src=twsrc%5Etfw\">June 13, 2023<\/a><\/p><\/blockquote>\n<p style=\"text-align: justify;\"><script async src=\"https:\/\/platform.twitter.com\/widgets.js\" charset=\"utf-8\"><\/script><\/p>\n<ul>\n<li style=\"text-align: justify;\"><strong>\u00c0 lire aussi &#8211; <a href=\"https:\/\/dicodusport.fr\/blog\/classement-mont-ventoux-denivele-challenge-2023\/\">Classement du Mont Ventoux D\u00e9nivel\u00e9 Challenge 2023<\/a><\/strong><\/li>\n<\/ul>\n","protected":false},"excerpt":{"rendered":"<p>CYCLISME SUR ROUTE 2023 &#8211; Lenny Martinez a remport\u00e9 la cinqui\u00e8me \u00e9dition du Mont Ventoux D\u00e9nivel\u00e9 Challenge, une course amput\u00e9e de la derni\u00e8re ascension du G\u00e9ant de Provence.\u00a0<\/p>\n","protected":false},"author":1,"featured_media":390991,"comment_status":"open","ping_status":"closed","sticky":false,"template":"","format":"standard","meta":{"_acf_changed":false,"_daextam_enable_autolinks":"1","footnotes":""},"categories":[46994],"tags":[16878,19923,8120],"class_list":["post-390930","post","type-post","status-publish","format-standard","has-post-thumbnail","hentry","category-cyclisme-sur-route","tag-breve","tag-lenny-martinez","tag-mont-ventoux-denivele-challenge"],"acf":[],"yoast_head":"<!-- This site is optimized with the Yoast SEO Premium plugin v26.7 (Yoast SEO v26.7) - https:\/\/yoast.com\/wordpress\/plugins\/seo\/ -->\n<title>Lenny Martinez remporte le Mont Ventoux D\u00e9nivel\u00e9 Challenge<\/title>\n<meta name=\"description\" content=\"CYCLISME SUR ROUTE 2023 - Lenny Martinez a remport\u00e9 la cinqui\u00e8me \u00e9dition du Mont Ventoux D\u00e9nivel\u00e9 Challenge, une course amput\u00e9e de la derni\u00e8re ascension du G\u00e9ant de Provence.\u00a0\" \/>\n<meta name=\"robots\" content=\"index, follow, max-snippet:-1, max-image-preview:large, max-video-preview:-1\" \/>\n<link rel=\"canonical\" href=\"https:\/\/dicodusport.fr\/blog\/lenny-martinez-remporte-le-mont-ventoux-denivele-challenge\/\" \/>\n<meta property=\"og:locale\" content=\"fr_FR\" \/>\n<meta property=\"og:type\" content=\"article\" \/>\n<meta property=\"og:title\" content=\"Lenny Martinez remporte le Mont Ventoux D\u00e9nivel\u00e9 Challenge\" \/>\n<meta property=\"og:description\" content=\"CYCLISME SUR ROUTE 2023 - Lenny Martinez a remport\u00e9 la cinqui\u00e8me \u00e9dition du Mont Ventoux D\u00e9nivel\u00e9 Challenge, une course amput\u00e9e de la derni\u00e8re ascension du G\u00e9ant de Provence.\u00a0\" \/>\n<meta property=\"og:url\" content=\"https:\/\/dicodusport.fr\/blog\/lenny-martinez-remporte-le-mont-ventoux-denivele-challenge\/\" \/>\n<meta property=\"og:site_name\" content=\"Dicodusport\" \/>\n<meta property=\"article:publisher\" content=\"https:\/\/www.facebook.com\/dicodusport\" \/>\n<meta property=\"article:author\" content=\"https:\/\/www.facebook.com\/dicodusport\" \/>\n<meta property=\"article:published_time\" content=\"2023-06-13T11:55:46+00:00\" \/>\n<meta property=\"article:modified_time\" content=\"2023-11-16T10:28:55+00:00\" \/>\n<meta property=\"og:image\" content=\"https:\/\/dicodusport.fr\/blog\/wp-content\/uploads\/2023\/06\/Lenny-Martinez-remporte-le-Mont-Ventoux-Denivele-Challenge-1.png\" \/>\n\t<meta property=\"og:image:width\" content=\"800\" \/>\n\t<meta property=\"og:image:height\" content=\"445\" \/>\n\t<meta property=\"og:image:type\" content=\"image\/png\" \/>\n<meta name=\"author\" content=\"Nicolas Jacquemard\" \/>\n<meta name=\"twitter:card\" content=\"summary_large_image\" \/>\n<meta name=\"twitter:title\" content=\"Lenny Martinez remporte le Mont Ventoux D\u00e9nivel\u00e9 Challenge\" \/>\n<meta name=\"twitter:creator\" content=\"@https:\/\/twitter.com\/Nico_Jacquemard\" \/>\n<meta name=\"twitter:site\" content=\"@dicodusport\" \/>\n<script type=\"application\/ld+json\" class=\"yoast-schema-graph\">{\"@context\":\"https:\/\/schema.org\",\"@graph\":[{\"@type\":\"NewsArticle\",\"@id\":\"https:\/\/dicodusport.fr\/blog\/lenny-martinez-remporte-le-mont-ventoux-denivele-challenge\/#article\",\"isPartOf\":{\"@id\":\"https:\/\/dicodusport.fr\/blog\/lenny-martinez-remporte-le-mont-ventoux-denivele-challenge\/\"},\"author\":{\"name\":\"Nicolas Jacquemard\",\"@id\":\"https:\/\/dicodusport.fr\/blog\/#\/schema\/person\/55dcb50ad410894e431ed812bbb70191\"},\"headline\":\"Lenny Martinez remporte le Mont Ventoux D\u00e9nivel\u00e9 Challenge\",\"datePublished\":\"2023-06-13T11:55:46+00:00\",\"dateModified\":\"2023-11-16T10:28:55+00:00\",\"mainEntityOfPage\":{\"@id\":\"https:\/\/dicodusport.fr\/blog\/lenny-martinez-remporte-le-mont-ventoux-denivele-challenge\/\"},\"wordCount\":339,\"commentCount\":0,\"publisher\":{\"@id\":\"https:\/\/dicodusport.fr\/blog\/#organization\"},\"image\":{\"@id\":\"https:\/\/dicodusport.fr\/blog\/lenny-martinez-remporte-le-mont-ventoux-denivele-challenge\/#primaryimage\"},\"thumbnailUrl\":\"https:\/\/dicodusport.fr\/blog\/wp-content\/uploads\/2023\/06\/Lenny-Martinez-remporte-le-Mont-Ventoux-Denivele-Challenge-1.png\",\"keywords\":[\"br\u00e8ve\",\"Lenny Martinez\",\"Mont Ventoux D\u00e9nivel\u00e9 Challenge\"],\"articleSection\":[\"Cyclisme sur route\"],\"inLanguage\":\"fr-FR\",\"potentialAction\":[{\"@type\":\"CommentAction\",\"name\":\"Comment\",\"target\":[\"https:\/\/dicodusport.fr\/blog\/lenny-martinez-remporte-le-mont-ventoux-denivele-challenge\/#respond\"]}],\"copyrightYear\":\"2023\",\"copyrightHolder\":{\"@id\":\"https:\/\/dicodusport.fr\/blog\/#organization\"}},{\"@type\":\"WebPage\",\"@id\":\"https:\/\/dicodusport.fr\/blog\/lenny-martinez-remporte-le-mont-ventoux-denivele-challenge\/\",\"url\":\"https:\/\/dicodusport.fr\/blog\/lenny-martinez-remporte-le-mont-ventoux-denivele-challenge\/\",\"name\":\"Lenny Martinez remporte le Mont Ventoux D\u00e9nivel\u00e9 Challenge\",\"isPartOf\":{\"@id\":\"https:\/\/dicodusport.fr\/blog\/#website\"},\"primaryImageOfPage\":{\"@id\":\"https:\/\/dicodusport.fr\/blog\/lenny-martinez-remporte-le-mont-ventoux-denivele-challenge\/#primaryimage\"},\"image\":{\"@id\":\"https:\/\/dicodusport.fr\/blog\/lenny-martinez-remporte-le-mont-ventoux-denivele-challenge\/#primaryimage\"},\"thumbnailUrl\":\"https:\/\/dicodusport.fr\/blog\/wp-content\/uploads\/2023\/06\/Lenny-Martinez-remporte-le-Mont-Ventoux-Denivele-Challenge-1.png\",\"datePublished\":\"2023-06-13T11:55:46+00:00\",\"dateModified\":\"2023-11-16T10:28:55+00:00\",\"description\":\"CYCLISME SUR ROUTE 2023 - Lenny Martinez a remport\u00e9 la cinqui\u00e8me \u00e9dition du Mont Ventoux D\u00e9nivel\u00e9 Challenge, une course amput\u00e9e de la derni\u00e8re ascension du G\u00e9ant de Provence.\u00a0\",\"breadcrumb\":{\"@id\":\"https:\/\/dicodusport.fr\/blog\/lenny-martinez-remporte-le-mont-ventoux-denivele-challenge\/#breadcrumb\"},\"inLanguage\":\"fr-FR\",\"potentialAction\":[{\"@type\":\"ReadAction\",\"target\":[\"https:\/\/dicodusport.fr\/blog\/lenny-martinez-remporte-le-mont-ventoux-denivele-challenge\/\"]}]},{\"@type\":\"ImageObject\",\"inLanguage\":\"fr-FR\",\"@id\":\"https:\/\/dicodusport.fr\/blog\/lenny-martinez-remporte-le-mont-ventoux-denivele-challenge\/#primaryimage\",\"url\":\"https:\/\/dicodusport.fr\/blog\/wp-content\/uploads\/2023\/06\/Lenny-Martinez-remporte-le-Mont-Ventoux-Denivele-Challenge-1.png\",\"contentUrl\":\"https:\/\/dicodusport.fr\/blog\/wp-content\/uploads\/2023\/06\/Lenny-Martinez-remporte-le-Mont-Ventoux-Denivele-Challenge-1.png\",\"width\":800,\"height\":445,\"caption\":\"Lenny Martinez remporte le Mont Ventoux D\u00e9nivel\u00e9 Challenge - Photo Icon Sport\"},{\"@type\":\"BreadcrumbList\",\"@id\":\"https:\/\/dicodusport.fr\/blog\/lenny-martinez-remporte-le-mont-ventoux-denivele-challenge\/#breadcrumb\",\"itemListElement\":[{\"@type\":\"ListItem\",\"position\":1,\"name\":\"Accueil\",\"item\":\"https:\/\/dicodusport.fr\/blog\/\"},{\"@type\":\"ListItem\",\"position\":2,\"name\":\"Lenny Martinez remporte le Mont Ventoux D\u00e9nivel\u00e9 Challenge\"}]},{\"@type\":\"WebSite\",\"@id\":\"https:\/\/dicodusport.fr\/blog\/#website\",\"url\":\"https:\/\/dicodusport.fr\/blog\/\",\"name\":\"Dicodusport\",\"description\":\"L&#039;encyclop\u00e9die de l&#039;actualit\u00e9 sportive\",\"publisher\":{\"@id\":\"https:\/\/dicodusport.fr\/blog\/#organization\"},\"potentialAction\":[{\"@type\":\"SearchAction\",\"target\":{\"@type\":\"EntryPoint\",\"urlTemplate\":\"https:\/\/dicodusport.fr\/blog\/?s={search_term_string}\"},\"query-input\":{\"@type\":\"PropertyValueSpecification\",\"valueRequired\":true,\"valueName\":\"search_term_string\"}}],\"inLanguage\":\"fr-FR\"},{\"@type\":\"NewsMediaOrganization\",\"@id\":\"https:\/\/dicodusport.fr\/blog\/#organization\",\"name\":\"Dicodusport\",\"url\":\"https:\/\/dicodusport.fr\/blog\/\",\"logo\":{\"@type\":\"ImageObject\",\"inLanguage\":\"fr-FR\",\"@id\":\"https:\/\/dicodusport.fr\/blog\/#\/schema\/logo\/image\/\",\"url\":\"https:\/\/dicodusport.fr\/blog\/wp-content\/uploads\/2020\/06\/cropped-LOGO-DICODUSPORT-2020-SANS-FOND-SANS-TEXTE.png\",\"contentUrl\":\"https:\/\/dicodusport.fr\/blog\/wp-content\/uploads\/2020\/06\/cropped-LOGO-DICODUSPORT-2020-SANS-FOND-SANS-TEXTE.png\",\"width\":512,\"height\":512,\"caption\":\"Dicodusport\"},\"image\":{\"@id\":\"https:\/\/dicodusport.fr\/blog\/#\/schema\/logo\/image\/\"},\"sameAs\":[\"https:\/\/www.facebook.com\/dicodusport\",\"https:\/\/x.com\/dicodusport\",\"https:\/\/www.instagram.com\/dicodusport\/\",\"https:\/\/www.youtube.com\/channel\/UC7V2KZ5sd3htJivAbA4ZG3w\"],\"description\":\"Dicodusport est l'encyclop\u00e9die de l'actualit\u00e9 sportive.\",\"email\":\"bonjour@dicodusport.fr\",\"legalName\":\"DICODUSPORT\",\"foundingDate\":\"2018-01-14\",\"vatID\":\"FR71834470973\",\"taxID\":\"83447097300043\",\"numberOfEmployees\":{\"@type\":\"QuantitativeValue\",\"minValue\":\"1\",\"maxValue\":\"10\"}},{\"@type\":\"Person\",\"@id\":\"https:\/\/dicodusport.fr\/blog\/#\/schema\/person\/55dcb50ad410894e431ed812bbb70191\",\"name\":\"Nicolas Jacquemard\",\"image\":{\"@type\":\"ImageObject\",\"inLanguage\":\"fr-FR\",\"@id\":\"https:\/\/dicodusport.fr\/blog\/#\/schema\/person\/image\/\",\"url\":\"https:\/\/dicodusport.fr\/blog\/wp-content\/uploads\/2021\/05\/Nicolas-Jacquemard-150x150.jpeg\",\"contentUrl\":\"https:\/\/dicodusport.fr\/blog\/wp-content\/uploads\/2021\/05\/Nicolas-Jacquemard-150x150.jpeg\",\"caption\":\"Nicolas Jacquemard\"},\"description\":\"Passionn\u00e9 de sport et entrepreneur depuis mes 18 ans, la cr\u00e9ation de Dicodusport m'a sembl\u00e9 \u00e9vidente pour participer \u00e0 la m\u00e9diatisation d'un plus grand nombre de sports. Le chemin est long mais avec une \u00e9quipe des plus motiv\u00e9es et les Jeux Olympiques de Paris 2024 en point de mire, nous y arriverons ! Journaliste dans le monde du sport depuis plus de 5 ans, je traite aussi bien de football, de rugby, de biathlon que de cyclisme.\",\"sameAs\":[\"https:\/\/www.facebook.com\/dicodusport\",\"https:\/\/x.com\/https:\/\/twitter.com\/Nico_Jacquemard\"],\"url\":\"https:\/\/dicodusport.fr\/blog\/author\/dicodusport\/\"}]}<\/script>\n<!-- \/ Yoast SEO Premium plugin. -->","yoast_head_json":{"title":"Lenny Martinez remporte le Mont Ventoux D\u00e9nivel\u00e9 Challenge","description":"CYCLISME SUR ROUTE 2023 - Lenny Martinez a remport\u00e9 la cinqui\u00e8me \u00e9dition du Mont Ventoux D\u00e9nivel\u00e9 Challenge, une course amput\u00e9e de la derni\u00e8re ascension du G\u00e9ant de Provence.\u00a0","robots":{"index":"index","follow":"follow","max-snippet":"max-snippet:-1","max-image-preview":"max-image-preview:large","max-video-preview":"max-video-preview:-1"},"canonical":"https:\/\/dicodusport.fr\/blog\/lenny-martinez-remporte-le-mont-ventoux-denivele-challenge\/","og_locale":"fr_FR","og_type":"article","og_title":"Lenny Martinez remporte le Mont Ventoux D\u00e9nivel\u00e9 Challenge","og_description":"CYCLISME SUR ROUTE 2023 - Lenny Martinez a remport\u00e9 la cinqui\u00e8me \u00e9dition du Mont Ventoux D\u00e9nivel\u00e9 Challenge, une course amput\u00e9e de la derni\u00e8re ascension du G\u00e9ant de Provence.\u00a0","og_url":"https:\/\/dicodusport.fr\/blog\/lenny-martinez-remporte-le-mont-ventoux-denivele-challenge\/","og_site_name":"Dicodusport","article_publisher":"https:\/\/www.facebook.com\/dicodusport","article_author":"https:\/\/www.facebook.com\/dicodusport","article_published_time":"2023-06-13T11:55:46+00:00","article_modified_time":"2023-11-16T10:28:55+00:00","og_image":[{"width":800,"height":445,"url":"https:\/\/dicodusport.fr\/blog\/wp-content\/uploads\/2023\/06\/Lenny-Martinez-remporte-le-Mont-Ventoux-Denivele-Challenge-1.png","type":"image\/png"}],"author":"Nicolas Jacquemard","twitter_card":"summary_large_image","twitter_title":"Lenny Martinez remporte le Mont Ventoux D\u00e9nivel\u00e9 Challenge","twitter_creator":"@https:\/\/twitter.com\/Nico_Jacquemard","twitter_site":"@dicodusport","schema":{"@context":"https:\/\/schema.org","@graph":[{"@type":"NewsArticle","@id":"https:\/\/dicodusport.fr\/blog\/lenny-martinez-remporte-le-mont-ventoux-denivele-challenge\/#article","isPartOf":{"@id":"https:\/\/dicodusport.fr\/blog\/lenny-martinez-remporte-le-mont-ventoux-denivele-challenge\/"},"author":{"name":"Nicolas Jacquemard","@id":"https:\/\/dicodusport.fr\/blog\/#\/schema\/person\/55dcb50ad410894e431ed812bbb70191"},"headline":"Lenny Martinez remporte le Mont Ventoux D\u00e9nivel\u00e9 Challenge","datePublished":"2023-06-13T11:55:46+00:00","dateModified":"2023-11-16T10:28:55+00:00","mainEntityOfPage":{"@id":"https:\/\/dicodusport.fr\/blog\/lenny-martinez-remporte-le-mont-ventoux-denivele-challenge\/"},"wordCount":339,"commentCount":0,"publisher":{"@id":"https:\/\/dicodusport.fr\/blog\/#organization"},"image":{"@id":"https:\/\/dicodusport.fr\/blog\/lenny-martinez-remporte-le-mont-ventoux-denivele-challenge\/#primaryimage"},"thumbnailUrl":"https:\/\/dicodusport.fr\/blog\/wp-content\/uploads\/2023\/06\/Lenny-Martinez-remporte-le-Mont-Ventoux-Denivele-Challenge-1.png","keywords":["br\u00e8ve","Lenny Martinez","Mont Ventoux D\u00e9nivel\u00e9 Challenge"],"articleSection":["Cyclisme sur route"],"inLanguage":"fr-FR","potentialAction":[{"@type":"CommentAction","name":"Comment","target":["https:\/\/dicodusport.fr\/blog\/lenny-martinez-remporte-le-mont-ventoux-denivele-challenge\/#respond"]}],"copyrightYear":"2023","copyrightHolder":{"@id":"https:\/\/dicodusport.fr\/blog\/#organization"}},{"@type":"WebPage","@id":"https:\/\/dicodusport.fr\/blog\/lenny-martinez-remporte-le-mont-ventoux-denivele-challenge\/","url":"https:\/\/dicodusport.fr\/blog\/lenny-martinez-remporte-le-mont-ventoux-denivele-challenge\/","name":"Lenny Martinez remporte le Mont Ventoux D\u00e9nivel\u00e9 Challenge","isPartOf":{"@id":"https:\/\/dicodusport.fr\/blog\/#website"},"primaryImageOfPage":{"@id":"https:\/\/dicodusport.fr\/blog\/lenny-martinez-remporte-le-mont-ventoux-denivele-challenge\/#primaryimage"},"image":{"@id":"https:\/\/dicodusport.fr\/blog\/lenny-martinez-remporte-le-mont-ventoux-denivele-challenge\/#primaryimage"},"thumbnailUrl":"https:\/\/dicodusport.fr\/blog\/wp-content\/uploads\/2023\/06\/Lenny-Martinez-remporte-le-Mont-Ventoux-Denivele-Challenge-1.png","datePublished":"2023-06-13T11:55:46+00:00","dateModified":"2023-11-16T10:28:55+00:00","description":"CYCLISME SUR ROUTE 2023 - Lenny Martinez a remport\u00e9 la cinqui\u00e8me \u00e9dition du Mont Ventoux D\u00e9nivel\u00e9 Challenge, une course amput\u00e9e de la derni\u00e8re ascension du G\u00e9ant de Provence.\u00a0","breadcrumb":{"@id":"https:\/\/dicodusport.fr\/blog\/lenny-martinez-remporte-le-mont-ventoux-denivele-challenge\/#breadcrumb"},"inLanguage":"fr-FR","potentialAction":[{"@type":"ReadAction","target":["https:\/\/dicodusport.fr\/blog\/lenny-martinez-remporte-le-mont-ventoux-denivele-challenge\/"]}]},{"@type":"ImageObject","inLanguage":"fr-FR","@id":"https:\/\/dicodusport.fr\/blog\/lenny-martinez-remporte-le-mont-ventoux-denivele-challenge\/#primaryimage","url":"https:\/\/dicodusport.fr\/blog\/wp-content\/uploads\/2023\/06\/Lenny-Martinez-remporte-le-Mont-Ventoux-Denivele-Challenge-1.png","contentUrl":"https:\/\/dicodusport.fr\/blog\/wp-content\/uploads\/2023\/06\/Lenny-Martinez-remporte-le-Mont-Ventoux-Denivele-Challenge-1.png","width":800,"height":445,"caption":"Lenny Martinez remporte le Mont Ventoux D\u00e9nivel\u00e9 Challenge - Photo Icon Sport"},{"@type":"BreadcrumbList","@id":"https:\/\/dicodusport.fr\/blog\/lenny-martinez-remporte-le-mont-ventoux-denivele-challenge\/#breadcrumb","itemListElement":[{"@type":"ListItem","position":1,"name":"Accueil","item":"https:\/\/dicodusport.fr\/blog\/"},{"@type":"ListItem","position":2,"name":"Lenny Martinez remporte le Mont Ventoux D\u00e9nivel\u00e9 Challenge"}]},{"@type":"WebSite","@id":"https:\/\/dicodusport.fr\/blog\/#website","url":"https:\/\/dicodusport.fr\/blog\/","name":"Dicodusport","description":"L&#039;encyclop\u00e9die de l&#039;actualit\u00e9 sportive","publisher":{"@id":"https:\/\/dicodusport.fr\/blog\/#organization"},"potentialAction":[{"@type":"SearchAction","target":{"@type":"EntryPoint","urlTemplate":"https:\/\/dicodusport.fr\/blog\/?s={search_term_string}"},"query-input":{"@type":"PropertyValueSpecification","valueRequired":true,"valueName":"search_term_string"}}],"inLanguage":"fr-FR"},{"@type":"NewsMediaOrganization","@id":"https:\/\/dicodusport.fr\/blog\/#organization","name":"Dicodusport","url":"https:\/\/dicodusport.fr\/blog\/","logo":{"@type":"ImageObject","inLanguage":"fr-FR","@id":"https:\/\/dicodusport.fr\/blog\/#\/schema\/logo\/image\/","url":"https:\/\/dicodusport.fr\/blog\/wp-content\/uploads\/2020\/06\/cropped-LOGO-DICODUSPORT-2020-SANS-FOND-SANS-TEXTE.png","contentUrl":"https:\/\/dicodusport.fr\/blog\/wp-content\/uploads\/2020\/06\/cropped-LOGO-DICODUSPORT-2020-SANS-FOND-SANS-TEXTE.png","width":512,"height":512,"caption":"Dicodusport"},"image":{"@id":"https:\/\/dicodusport.fr\/blog\/#\/schema\/logo\/image\/"},"sameAs":["https:\/\/www.facebook.com\/dicodusport","https:\/\/x.com\/dicodusport","https:\/\/www.instagram.com\/dicodusport\/","https:\/\/www.youtube.com\/channel\/UC7V2KZ5sd3htJivAbA4ZG3w"],"description":"Dicodusport est l'encyclop\u00e9die de l'actualit\u00e9 sportive.","email":"bonjour@dicodusport.fr","legalName":"DICODUSPORT","foundingDate":"2018-01-14","vatID":"FR71834470973","taxID":"83447097300043","numberOfEmployees":{"@type":"QuantitativeValue","minValue":"1","maxValue":"10"}},{"@type":"Person","@id":"https:\/\/dicodusport.fr\/blog\/#\/schema\/person\/55dcb50ad410894e431ed812bbb70191","name":"Nicolas Jacquemard","image":{"@type":"ImageObject","inLanguage":"fr-FR","@id":"https:\/\/dicodusport.fr\/blog\/#\/schema\/person\/image\/","url":"https:\/\/dicodusport.fr\/blog\/wp-content\/uploads\/2021\/05\/Nicolas-Jacquemard-150x150.jpeg","contentUrl":"https:\/\/dicodusport.fr\/blog\/wp-content\/uploads\/2021\/05\/Nicolas-Jacquemard-150x150.jpeg","caption":"Nicolas Jacquemard"},"description":"Passionn\u00e9 de sport et entrepreneur depuis mes 18 ans, la cr\u00e9ation de Dicodusport m'a sembl\u00e9 \u00e9vidente pour participer \u00e0 la m\u00e9diatisation d'un plus grand nombre de sports. Le chemin est long mais avec une \u00e9quipe des plus motiv\u00e9es et les Jeux Olympiques de Paris 2024 en point de mire, nous y arriverons ! Journaliste dans le monde du sport depuis plus de 5 ans, je traite aussi bien de football, de rugby, de biathlon que de cyclisme.","sameAs":["https:\/\/www.facebook.com\/dicodusport","https:\/\/x.com\/https:\/\/twitter.com\/Nico_Jacquemard"],"url":"https:\/\/dicodusport.fr\/blog\/author\/dicodusport\/"}]}},"_links":{"self":[{"href":"https:\/\/dicodusport.fr\/blog\/wp-json\/wp\/v2\/posts\/390930","targetHints":{"allow":["GET"]}}],"collection":[{"href":"https:\/\/dicodusport.fr\/blog\/wp-json\/wp\/v2\/posts"}],"about":[{"href":"https:\/\/dicodusport.fr\/blog\/wp-json\/wp\/v2\/types\/post"}],"author":[{"embeddable":true,"href":"https:\/\/dicodusport.fr\/blog\/wp-json\/wp\/v2\/users\/1"}],"replies":[{"embeddable":true,"href":"https:\/\/dicodusport.fr\/blog\/wp-json\/wp\/v2\/comments?post=390930"}],"version-history":[{"count":2,"href":"https:\/\/dicodusport.fr\/blog\/wp-json\/wp\/v2\/posts\/390930\/revisions"}],"predecessor-version":[{"id":437590,"href":"https:\/\/dicodusport.fr\/blog\/wp-json\/wp\/v2\/posts\/390930\/revisions\/437590"}],"wp:featuredmedia":[{"embeddable":true,"href":"https:\/\/dicodusport.fr\/blog\/wp-json\/wp\/v2\/media\/390991"}],"wp:attachment":[{"href":"https:\/\/dicodusport.fr\/blog\/wp-json\/wp\/v2\/media?parent=390930"}],"wp:term":[{"taxonomy":"category","embeddable":true,"href":"https:\/\/dicodusport.fr\/blog\/wp-json\/wp\/v2\/categories?post=390930"},{"taxonomy":"post_tag","embeddable":true,"href":"https:\/\/dicodusport.fr\/blog\/wp-json\/wp\/v2\/tags?post=390930"}],"curies":[{"name":"wp","href":"https:\/\/api.w.org\/{rel}","templated":true}]}}