{"id":390980,"date":"2023-06-13T16:39:50","date_gmt":"2023-06-13T14:39:50","guid":{"rendered":"https:\/\/dicodusport.fr\/blog\/?p=390980&#038;preview=true&#038;preview_id=390980"},"modified":"2023-06-13T23:14:43","modified_gmt":"2023-06-13T21:14:43","slug":"mercato-kylian-mbappe-dement-vouloir-rejoindre-le-real-madrid","status":"publish","type":"post","link":"https:\/\/dicodusport.fr\/blog\/mercato-kylian-mbappe-dement-vouloir-rejoindre-le-real-madrid\/","title":{"rendered":"Mercato : Kylian Mbapp\u00e9 d\u00e9ment vouloir rejoindre le Real Madrid"},"content":{"rendered":"<p style=\"text-align: justify;\" align=\"justify\"><em><b>FOOTBALL &#8211; L&rsquo;attaquant du Paris Saint-Germain, Kylian Mbapp\u00e9, a annonc\u00e9 publiquement qu&rsquo;il ne souhaitait pas lever son option avec le PSG, et les sp\u00e9culations sur son avenir ont commenc\u00e9.\u00a0<\/b><\/em><\/p>\n<p style=\"text-align: justify;\" align=\"justify\">C&rsquo;est peut-\u00eatre le transfert de ce mercato. En effet, le champion du monde a envoy\u00e9 une lettre \u00e0 la direction parisienne, dans laquelle il a fait comprendre aux dirigeants parisiens qu&rsquo;il ne souhaitait pas lever son option pour prolonger d&rsquo;un an. Ce mardi midi, le feuilleton a pris un nouveau tournant. <em>Le Parisien<\/em> indique en effet que le champion du monde souhaite m\u00eame rejoindre le <strong>Real<\/strong> <strong>Madrid<\/strong>. <strong>Kylian<\/strong> <strong>Mbapp\u00e9<\/strong> a finalement d\u00e9menti l&rsquo;information sur les r\u00e9seaux sociaux.<\/p>\n<blockquote>\n<p style=\"text-align: justify;\" align=\"justify\">MENSONGES ! En m\u00eame temps plus c\u2019est gros plus \u00e7a passe. J\u2019ai d\u00e9j\u00e0 dis que je vais continuer la saison prochaine au PSG o\u00f9 je suis tr\u00e8s heureux.<\/p>\n<\/blockquote>\n<p style=\"text-align: justify;\" align=\"justify\">Le joueur fran\u00e7ais devrait donc bien rester au <strong>Paris<\/strong> <strong>Saint<\/strong>&#8211;<strong>Germain<\/strong> la saison prochaine. N\u00e9anmoins, le <strong>PSG<\/strong> se retrouve dans une position plus que compliqu\u00e9e. En effet, le club ne souhaite pas que le joueur de l&rsquo;<strong>\u00e9quipe de<\/strong> <strong>France<\/strong> quitte la capitale gratuitement en juin 2024.<\/p>\n<p style=\"text-align: justify;\" align=\"justify\">Les dirigeants du <strong>PSG<\/strong> voudraient hausser le ton : <a href=\"https:\/\/dicodusport.fr\/blog\/mercato-kylian-mbappe-libre-a-lete-2024-le-psg-songe-a-le-vendre\/\"><strong>Kylian<\/strong> <strong>Mbapp\u00e9<\/strong> doit prolonger ou partir d\u00e8s cet \u00e9t\u00e9<\/a>. Affaire \u00e0 suivre donc, car le feuilleton semble bien lanc\u00e9.<\/p>\n<blockquote class=\"twitter-tweet\">\n<p dir=\"ltr\" lang=\"fr\">MENSONGES\u2026\u274c<br \/>\nEn m\u00eame temps plus c\u2019est gros plus \u00e7a passe. J\u2019ai d\u00e9j\u00e0 dis que je vais continuer la saison prochaine au PSG o\u00f9 je suis tr\u00e8s heureux. <a href=\"https:\/\/t.co\/QTsoBQvZKU\">https:\/\/t.co\/QTsoBQvZKU<\/a><\/p>\n<p>\u2014 Kylian Mbapp\u00e9 (@KMbappe) <a href=\"https:\/\/twitter.com\/KMbappe\/status\/1668605061323210754?ref_src=twsrc%5Etfw\">June 13, 2023<\/a><\/p><\/blockquote>\n<p><script async src=\"https:\/\/platform.twitter.com\/widgets.js\" charset=\"utf-8\"><\/script><\/p>\n","protected":false},"excerpt":{"rendered":"<p>FOOTBALL &#8211; L&rsquo;attaquant du Paris Saint-Germain, Kylian Mbapp\u00e9, a annonc\u00e9 publiquement qu&rsquo;il ne souhaitait pas lever son option avec le PSG, et les sp\u00e9culations sur son avenir ont commenc\u00e9.\u00a0<\/p>\n","protected":false},"author":87,"featured_media":391018,"comment_status":"open","ping_status":"closed","sticky":false,"template":"","format":"standard","meta":{"_acf_changed":false,"_daextam_enable_autolinks":"","footnotes":""},"categories":[2301,47045],"tags":[16878,75,2236,5183,910],"class_list":["post-390980","post","type-post","status-publish","format-standard","has-post-thumbnail","hentry","category-football","category-ligue-1","tag-breve","tag-football","tag-kylian-mbappe","tag-mbappe","tag-psg"],"acf":[],"yoast_head":"<!-- This site is optimized with the Yoast SEO Premium plugin v26.7 (Yoast SEO v26.7) - https:\/\/yoast.com\/wordpress\/plugins\/seo\/ -->\n<title>Mercato : Kylian Mbapp\u00e9 d\u00e9ment vouloir rejoindre le Real Madrid<\/title>\n<meta name=\"description\" content=\"FOOTBALL - L&#039;attaquant du Paris Saint-Germain, Kylian Mbapp\u00e9, a annonc\u00e9 publiquement qu&#039;il ne souhaitait pas lever son option avec le PSG.\" \/>\n<meta name=\"robots\" content=\"index, follow, max-snippet:-1, max-image-preview:large, max-video-preview:-1\" \/>\n<link rel=\"canonical\" href=\"https:\/\/dicodusport.fr\/blog\/mercato-kylian-mbappe-dement-vouloir-rejoindre-le-real-madrid\/\" \/>\n<meta property=\"og:locale\" content=\"fr_FR\" \/>\n<meta property=\"og:type\" content=\"article\" \/>\n<meta property=\"og:title\" content=\"Mercato : Kylian Mbapp\u00e9 d\u00e9ment vouloir rejoindre le Real Madrid\" \/>\n<meta property=\"og:description\" content=\"FOOTBALL - L&#039;attaquant du Paris Saint-Germain, Kylian Mbapp\u00e9, a annonc\u00e9 publiquement qu&#039;il ne souhaitait pas lever son option avec le PSG.\" \/>\n<meta property=\"og:url\" content=\"https:\/\/dicodusport.fr\/blog\/mercato-kylian-mbappe-dement-vouloir-rejoindre-le-real-madrid\/\" \/>\n<meta property=\"og:site_name\" content=\"Dicodusport\" \/>\n<meta property=\"article:publisher\" content=\"https:\/\/www.facebook.com\/dicodusport\" \/>\n<meta property=\"article:published_time\" content=\"2023-06-13T14:39:50+00:00\" \/>\n<meta property=\"article:modified_time\" content=\"2023-06-13T21:14:43+00:00\" \/>\n<meta property=\"og:image\" content=\"https:\/\/dicodusport.fr\/blog\/wp-content\/uploads\/2023\/06\/Mercato-Kylian-Mbappe-dement-vouloir-rejoindre-le-Real-Madrid.png\" \/>\n\t<meta property=\"og:image:width\" content=\"800\" \/>\n\t<meta property=\"og:image:height\" content=\"445\" \/>\n\t<meta property=\"og:image:type\" content=\"image\/png\" \/>\n<meta name=\"author\" content=\"Enzo Quemere\" \/>\n<meta name=\"twitter:card\" content=\"summary_large_image\" \/>\n<meta name=\"twitter:title\" content=\"Mercato : Kylian Mbapp\u00e9 d\u00e9ment vouloir rejoindre le Real Madrid\" \/>\n<meta name=\"twitter:creator\" content=\"@dicodusport\" \/>\n<meta name=\"twitter:site\" content=\"@dicodusport\" \/>\n<script type=\"application\/ld+json\" class=\"yoast-schema-graph\">{\"@context\":\"https:\/\/schema.org\",\"@graph\":[{\"@type\":\"NewsArticle\",\"@id\":\"https:\/\/dicodusport.fr\/blog\/mercato-kylian-mbappe-dement-vouloir-rejoindre-le-real-madrid\/#article\",\"isPartOf\":{\"@id\":\"https:\/\/dicodusport.fr\/blog\/mercato-kylian-mbappe-dement-vouloir-rejoindre-le-real-madrid\/\"},\"author\":{\"name\":\"Enzo Quemere\",\"@id\":\"https:\/\/dicodusport.fr\/blog\/#\/schema\/person\/1ef5dac7f888bda2446f88c732d72c71\"},\"headline\":\"Mercato : Kylian Mbapp\u00e9 d\u00e9ment vouloir rejoindre le Real Madrid\",\"datePublished\":\"2023-06-13T14:39:50+00:00\",\"dateModified\":\"2023-06-13T21:14:43+00:00\",\"mainEntityOfPage\":{\"@id\":\"https:\/\/dicodusport.fr\/blog\/mercato-kylian-mbappe-dement-vouloir-rejoindre-le-real-madrid\/\"},\"wordCount\":273,\"commentCount\":0,\"publisher\":{\"@id\":\"https:\/\/dicodusport.fr\/blog\/#organization\"},\"image\":{\"@id\":\"https:\/\/dicodusport.fr\/blog\/mercato-kylian-mbappe-dement-vouloir-rejoindre-le-real-madrid\/#primaryimage\"},\"thumbnailUrl\":\"https:\/\/dicodusport.fr\/blog\/wp-content\/uploads\/2023\/06\/Mercato-Kylian-Mbappe-dement-vouloir-rejoindre-le-Real-Madrid.png\",\"keywords\":[\"br\u00e8ve\",\"Football\",\"Kylian Mbapp\u00e9\",\"Mbappe\",\"PSG\"],\"articleSection\":[\"Football\",\"Ligue 1\"],\"inLanguage\":\"fr-FR\",\"potentialAction\":[{\"@type\":\"CommentAction\",\"name\":\"Comment\",\"target\":[\"https:\/\/dicodusport.fr\/blog\/mercato-kylian-mbappe-dement-vouloir-rejoindre-le-real-madrid\/#respond\"]}],\"copyrightYear\":\"2023\",\"copyrightHolder\":{\"@id\":\"https:\/\/dicodusport.fr\/blog\/#organization\"}},{\"@type\":\"WebPage\",\"@id\":\"https:\/\/dicodusport.fr\/blog\/mercato-kylian-mbappe-dement-vouloir-rejoindre-le-real-madrid\/\",\"url\":\"https:\/\/dicodusport.fr\/blog\/mercato-kylian-mbappe-dement-vouloir-rejoindre-le-real-madrid\/\",\"name\":\"Mercato : Kylian Mbapp\u00e9 d\u00e9ment vouloir rejoindre le Real Madrid\",\"isPartOf\":{\"@id\":\"https:\/\/dicodusport.fr\/blog\/#website\"},\"primaryImageOfPage\":{\"@id\":\"https:\/\/dicodusport.fr\/blog\/mercato-kylian-mbappe-dement-vouloir-rejoindre-le-real-madrid\/#primaryimage\"},\"image\":{\"@id\":\"https:\/\/dicodusport.fr\/blog\/mercato-kylian-mbappe-dement-vouloir-rejoindre-le-real-madrid\/#primaryimage\"},\"thumbnailUrl\":\"https:\/\/dicodusport.fr\/blog\/wp-content\/uploads\/2023\/06\/Mercato-Kylian-Mbappe-dement-vouloir-rejoindre-le-Real-Madrid.png\",\"datePublished\":\"2023-06-13T14:39:50+00:00\",\"dateModified\":\"2023-06-13T21:14:43+00:00\",\"description\":\"FOOTBALL - L'attaquant du Paris Saint-Germain, Kylian Mbapp\u00e9, a annonc\u00e9 publiquement qu'il ne souhaitait pas lever son option avec le PSG.\",\"breadcrumb\":{\"@id\":\"https:\/\/dicodusport.fr\/blog\/mercato-kylian-mbappe-dement-vouloir-rejoindre-le-real-madrid\/#breadcrumb\"},\"inLanguage\":\"fr-FR\",\"potentialAction\":[{\"@type\":\"ReadAction\",\"target\":[\"https:\/\/dicodusport.fr\/blog\/mercato-kylian-mbappe-dement-vouloir-rejoindre-le-real-madrid\/\"]}]},{\"@type\":\"ImageObject\",\"inLanguage\":\"fr-FR\",\"@id\":\"https:\/\/dicodusport.fr\/blog\/mercato-kylian-mbappe-dement-vouloir-rejoindre-le-real-madrid\/#primaryimage\",\"url\":\"https:\/\/dicodusport.fr\/blog\/wp-content\/uploads\/2023\/06\/Mercato-Kylian-Mbappe-dement-vouloir-rejoindre-le-Real-Madrid.png\",\"contentUrl\":\"https:\/\/dicodusport.fr\/blog\/wp-content\/uploads\/2023\/06\/Mercato-Kylian-Mbappe-dement-vouloir-rejoindre-le-Real-Madrid.png\",\"width\":800,\"height\":445},{\"@type\":\"BreadcrumbList\",\"@id\":\"https:\/\/dicodusport.fr\/blog\/mercato-kylian-mbappe-dement-vouloir-rejoindre-le-real-madrid\/#breadcrumb\",\"itemListElement\":[{\"@type\":\"ListItem\",\"position\":1,\"name\":\"Accueil\",\"item\":\"https:\/\/dicodusport.fr\/blog\/\"},{\"@type\":\"ListItem\",\"position\":2,\"name\":\"Mercato : Kylian Mbapp\u00e9 d\u00e9ment vouloir rejoindre le Real Madrid\"}]},{\"@type\":\"WebSite\",\"@id\":\"https:\/\/dicodusport.fr\/blog\/#website\",\"url\":\"https:\/\/dicodusport.fr\/blog\/\",\"name\":\"Dicodusport\",\"description\":\"L&#039;encyclop\u00e9die de l&#039;actualit\u00e9 sportive\",\"publisher\":{\"@id\":\"https:\/\/dicodusport.fr\/blog\/#organization\"},\"potentialAction\":[{\"@type\":\"SearchAction\",\"target\":{\"@type\":\"EntryPoint\",\"urlTemplate\":\"https:\/\/dicodusport.fr\/blog\/?s={search_term_string}\"},\"query-input\":{\"@type\":\"PropertyValueSpecification\",\"valueRequired\":true,\"valueName\":\"search_term_string\"}}],\"inLanguage\":\"fr-FR\"},{\"@type\":\"NewsMediaOrganization\",\"@id\":\"https:\/\/dicodusport.fr\/blog\/#organization\",\"name\":\"Dicodusport\",\"url\":\"https:\/\/dicodusport.fr\/blog\/\",\"logo\":{\"@type\":\"ImageObject\",\"inLanguage\":\"fr-FR\",\"@id\":\"https:\/\/dicodusport.fr\/blog\/#\/schema\/logo\/image\/\",\"url\":\"https:\/\/dicodusport.fr\/blog\/wp-content\/uploads\/2020\/06\/cropped-LOGO-DICODUSPORT-2020-SANS-FOND-SANS-TEXTE.png\",\"contentUrl\":\"https:\/\/dicodusport.fr\/blog\/wp-content\/uploads\/2020\/06\/cropped-LOGO-DICODUSPORT-2020-SANS-FOND-SANS-TEXTE.png\",\"width\":512,\"height\":512,\"caption\":\"Dicodusport\"},\"image\":{\"@id\":\"https:\/\/dicodusport.fr\/blog\/#\/schema\/logo\/image\/\"},\"sameAs\":[\"https:\/\/www.facebook.com\/dicodusport\",\"https:\/\/x.com\/dicodusport\",\"https:\/\/www.instagram.com\/dicodusport\/\",\"https:\/\/www.youtube.com\/channel\/UC7V2KZ5sd3htJivAbA4ZG3w\"],\"description\":\"Dicodusport est l'encyclop\u00e9die de l'actualit\u00e9 sportive.\",\"email\":\"bonjour@dicodusport.fr\",\"legalName\":\"DICODUSPORT\",\"foundingDate\":\"2018-01-14\",\"vatID\":\"FR71834470973\",\"taxID\":\"83447097300043\",\"numberOfEmployees\":{\"@type\":\"QuantitativeValue\",\"minValue\":\"1\",\"maxValue\":\"10\"}},{\"@type\":\"Person\",\"@id\":\"https:\/\/dicodusport.fr\/blog\/#\/schema\/person\/1ef5dac7f888bda2446f88c732d72c71\",\"name\":\"Enzo Quemere\",\"image\":{\"@type\":\"ImageObject\",\"inLanguage\":\"fr-FR\",\"@id\":\"https:\/\/dicodusport.fr\/blog\/#\/schema\/person\/image\/\",\"url\":\"https:\/\/dicodusport.fr\/blog\/wp-content\/uploads\/2020\/06\/cropped-LOGO-DICODUSPORT-2020-SANS-FOND-SANS-TEXTE-150x150.png\",\"contentUrl\":\"https:\/\/dicodusport.fr\/blog\/wp-content\/uploads\/2020\/06\/cropped-LOGO-DICODUSPORT-2020-SANS-FOND-SANS-TEXTE-150x150.png\",\"caption\":\"Enzo Quemere\"},\"url\":\"https:\/\/dicodusport.fr\/blog\/author\/enzo-quemere\/\"}]}<\/script>\n<!-- \/ Yoast SEO Premium plugin. -->","yoast_head_json":{"title":"Mercato : Kylian Mbapp\u00e9 d\u00e9ment vouloir rejoindre le Real Madrid","description":"FOOTBALL - L'attaquant du Paris Saint-Germain, Kylian Mbapp\u00e9, a annonc\u00e9 publiquement qu'il ne souhaitait pas lever son option avec le PSG.","robots":{"index":"index","follow":"follow","max-snippet":"max-snippet:-1","max-image-preview":"max-image-preview:large","max-video-preview":"max-video-preview:-1"},"canonical":"https:\/\/dicodusport.fr\/blog\/mercato-kylian-mbappe-dement-vouloir-rejoindre-le-real-madrid\/","og_locale":"fr_FR","og_type":"article","og_title":"Mercato : Kylian Mbapp\u00e9 d\u00e9ment vouloir rejoindre le Real Madrid","og_description":"FOOTBALL - L'attaquant du Paris Saint-Germain, Kylian Mbapp\u00e9, a annonc\u00e9 publiquement qu'il ne souhaitait pas lever son option avec le PSG.","og_url":"https:\/\/dicodusport.fr\/blog\/mercato-kylian-mbappe-dement-vouloir-rejoindre-le-real-madrid\/","og_site_name":"Dicodusport","article_publisher":"https:\/\/www.facebook.com\/dicodusport","article_published_time":"2023-06-13T14:39:50+00:00","article_modified_time":"2023-06-13T21:14:43+00:00","og_image":[{"width":800,"height":445,"url":"https:\/\/dicodusport.fr\/blog\/wp-content\/uploads\/2023\/06\/Mercato-Kylian-Mbappe-dement-vouloir-rejoindre-le-Real-Madrid.png","type":"image\/png"}],"author":"Enzo Quemere","twitter_card":"summary_large_image","twitter_title":"Mercato : Kylian Mbapp\u00e9 d\u00e9ment vouloir rejoindre le Real Madrid","twitter_creator":"@dicodusport","twitter_site":"@dicodusport","schema":{"@context":"https:\/\/schema.org","@graph":[{"@type":"NewsArticle","@id":"https:\/\/dicodusport.fr\/blog\/mercato-kylian-mbappe-dement-vouloir-rejoindre-le-real-madrid\/#article","isPartOf":{"@id":"https:\/\/dicodusport.fr\/blog\/mercato-kylian-mbappe-dement-vouloir-rejoindre-le-real-madrid\/"},"author":{"name":"Enzo Quemere","@id":"https:\/\/dicodusport.fr\/blog\/#\/schema\/person\/1ef5dac7f888bda2446f88c732d72c71"},"headline":"Mercato : Kylian Mbapp\u00e9 d\u00e9ment vouloir rejoindre le Real Madrid","datePublished":"2023-06-13T14:39:50+00:00","dateModified":"2023-06-13T21:14:43+00:00","mainEntityOfPage":{"@id":"https:\/\/dicodusport.fr\/blog\/mercato-kylian-mbappe-dement-vouloir-rejoindre-le-real-madrid\/"},"wordCount":273,"commentCount":0,"publisher":{"@id":"https:\/\/dicodusport.fr\/blog\/#organization"},"image":{"@id":"https:\/\/dicodusport.fr\/blog\/mercato-kylian-mbappe-dement-vouloir-rejoindre-le-real-madrid\/#primaryimage"},"thumbnailUrl":"https:\/\/dicodusport.fr\/blog\/wp-content\/uploads\/2023\/06\/Mercato-Kylian-Mbappe-dement-vouloir-rejoindre-le-Real-Madrid.png","keywords":["br\u00e8ve","Football","Kylian Mbapp\u00e9","Mbappe","PSG"],"articleSection":["Football","Ligue 1"],"inLanguage":"fr-FR","potentialAction":[{"@type":"CommentAction","name":"Comment","target":["https:\/\/dicodusport.fr\/blog\/mercato-kylian-mbappe-dement-vouloir-rejoindre-le-real-madrid\/#respond"]}],"copyrightYear":"2023","copyrightHolder":{"@id":"https:\/\/dicodusport.fr\/blog\/#organization"}},{"@type":"WebPage","@id":"https:\/\/dicodusport.fr\/blog\/mercato-kylian-mbappe-dement-vouloir-rejoindre-le-real-madrid\/","url":"https:\/\/dicodusport.fr\/blog\/mercato-kylian-mbappe-dement-vouloir-rejoindre-le-real-madrid\/","name":"Mercato : Kylian Mbapp\u00e9 d\u00e9ment vouloir rejoindre le Real Madrid","isPartOf":{"@id":"https:\/\/dicodusport.fr\/blog\/#website"},"primaryImageOfPage":{"@id":"https:\/\/dicodusport.fr\/blog\/mercato-kylian-mbappe-dement-vouloir-rejoindre-le-real-madrid\/#primaryimage"},"image":{"@id":"https:\/\/dicodusport.fr\/blog\/mercato-kylian-mbappe-dement-vouloir-rejoindre-le-real-madrid\/#primaryimage"},"thumbnailUrl":"https:\/\/dicodusport.fr\/blog\/wp-content\/uploads\/2023\/06\/Mercato-Kylian-Mbappe-dement-vouloir-rejoindre-le-Real-Madrid.png","datePublished":"2023-06-13T14:39:50+00:00","dateModified":"2023-06-13T21:14:43+00:00","description":"FOOTBALL - L'attaquant du Paris Saint-Germain, Kylian Mbapp\u00e9, a annonc\u00e9 publiquement qu'il ne souhaitait pas lever son option avec le PSG.","breadcrumb":{"@id":"https:\/\/dicodusport.fr\/blog\/mercato-kylian-mbappe-dement-vouloir-rejoindre-le-real-madrid\/#breadcrumb"},"inLanguage":"fr-FR","potentialAction":[{"@type":"ReadAction","target":["https:\/\/dicodusport.fr\/blog\/mercato-kylian-mbappe-dement-vouloir-rejoindre-le-real-madrid\/"]}]},{"@type":"ImageObject","inLanguage":"fr-FR","@id":"https:\/\/dicodusport.fr\/blog\/mercato-kylian-mbappe-dement-vouloir-rejoindre-le-real-madrid\/#primaryimage","url":"https:\/\/dicodusport.fr\/blog\/wp-content\/uploads\/2023\/06\/Mercato-Kylian-Mbappe-dement-vouloir-rejoindre-le-Real-Madrid.png","contentUrl":"https:\/\/dicodusport.fr\/blog\/wp-content\/uploads\/2023\/06\/Mercato-Kylian-Mbappe-dement-vouloir-rejoindre-le-Real-Madrid.png","width":800,"height":445},{"@type":"BreadcrumbList","@id":"https:\/\/dicodusport.fr\/blog\/mercato-kylian-mbappe-dement-vouloir-rejoindre-le-real-madrid\/#breadcrumb","itemListElement":[{"@type":"ListItem","position":1,"name":"Accueil","item":"https:\/\/dicodusport.fr\/blog\/"},{"@type":"ListItem","position":2,"name":"Mercato : Kylian Mbapp\u00e9 d\u00e9ment vouloir rejoindre le Real Madrid"}]},{"@type":"WebSite","@id":"https:\/\/dicodusport.fr\/blog\/#website","url":"https:\/\/dicodusport.fr\/blog\/","name":"Dicodusport","description":"L&#039;encyclop\u00e9die de l&#039;actualit\u00e9 sportive","publisher":{"@id":"https:\/\/dicodusport.fr\/blog\/#organization"},"potentialAction":[{"@type":"SearchAction","target":{"@type":"EntryPoint","urlTemplate":"https:\/\/dicodusport.fr\/blog\/?s={search_term_string}"},"query-input":{"@type":"PropertyValueSpecification","valueRequired":true,"valueName":"search_term_string"}}],"inLanguage":"fr-FR"},{"@type":"NewsMediaOrganization","@id":"https:\/\/dicodusport.fr\/blog\/#organization","name":"Dicodusport","url":"https:\/\/dicodusport.fr\/blog\/","logo":{"@type":"ImageObject","inLanguage":"fr-FR","@id":"https:\/\/dicodusport.fr\/blog\/#\/schema\/logo\/image\/","url":"https:\/\/dicodusport.fr\/blog\/wp-content\/uploads\/2020\/06\/cropped-LOGO-DICODUSPORT-2020-SANS-FOND-SANS-TEXTE.png","contentUrl":"https:\/\/dicodusport.fr\/blog\/wp-content\/uploads\/2020\/06\/cropped-LOGO-DICODUSPORT-2020-SANS-FOND-SANS-TEXTE.png","width":512,"height":512,"caption":"Dicodusport"},"image":{"@id":"https:\/\/dicodusport.fr\/blog\/#\/schema\/logo\/image\/"},"sameAs":["https:\/\/www.facebook.com\/dicodusport","https:\/\/x.com\/dicodusport","https:\/\/www.instagram.com\/dicodusport\/","https:\/\/www.youtube.com\/channel\/UC7V2KZ5sd3htJivAbA4ZG3w"],"description":"Dicodusport est l'encyclop\u00e9die de l'actualit\u00e9 sportive.","email":"bonjour@dicodusport.fr","legalName":"DICODUSPORT","foundingDate":"2018-01-14","vatID":"FR71834470973","taxID":"83447097300043","numberOfEmployees":{"@type":"QuantitativeValue","minValue":"1","maxValue":"10"}},{"@type":"Person","@id":"https:\/\/dicodusport.fr\/blog\/#\/schema\/person\/1ef5dac7f888bda2446f88c732d72c71","name":"Enzo Quemere","image":{"@type":"ImageObject","inLanguage":"fr-FR","@id":"https:\/\/dicodusport.fr\/blog\/#\/schema\/person\/image\/","url":"https:\/\/dicodusport.fr\/blog\/wp-content\/uploads\/2020\/06\/cropped-LOGO-DICODUSPORT-2020-SANS-FOND-SANS-TEXTE-150x150.png","contentUrl":"https:\/\/dicodusport.fr\/blog\/wp-content\/uploads\/2020\/06\/cropped-LOGO-DICODUSPORT-2020-SANS-FOND-SANS-TEXTE-150x150.png","caption":"Enzo Quemere"},"url":"https:\/\/dicodusport.fr\/blog\/author\/enzo-quemere\/"}]}},"_links":{"self":[{"href":"https:\/\/dicodusport.fr\/blog\/wp-json\/wp\/v2\/posts\/390980","targetHints":{"allow":["GET"]}}],"collection":[{"href":"https:\/\/dicodusport.fr\/blog\/wp-json\/wp\/v2\/posts"}],"about":[{"href":"https:\/\/dicodusport.fr\/blog\/wp-json\/wp\/v2\/types\/post"}],"author":[{"embeddable":true,"href":"https:\/\/dicodusport.fr\/blog\/wp-json\/wp\/v2\/users\/87"}],"replies":[{"embeddable":true,"href":"https:\/\/dicodusport.fr\/blog\/wp-json\/wp\/v2\/comments?post=390980"}],"version-history":[{"count":0,"href":"https:\/\/dicodusport.fr\/blog\/wp-json\/wp\/v2\/posts\/390980\/revisions"}],"wp:featuredmedia":[{"embeddable":true,"href":"https:\/\/dicodusport.fr\/blog\/wp-json\/wp\/v2\/media\/391018"}],"wp:attachment":[{"href":"https:\/\/dicodusport.fr\/blog\/wp-json\/wp\/v2\/media?parent=390980"}],"wp:term":[{"taxonomy":"category","embeddable":true,"href":"https:\/\/dicodusport.fr\/blog\/wp-json\/wp\/v2\/categories?post=390980"},{"taxonomy":"post_tag","embeddable":true,"href":"https:\/\/dicodusport.fr\/blog\/wp-json\/wp\/v2\/tags?post=390980"}],"curies":[{"name":"wp","href":"https:\/\/api.w.org\/{rel}","templated":true}]}}