{"id":391129,"date":"2023-06-14T10:54:33","date_gmt":"2023-06-14T08:54:33","guid":{"rendered":"https:\/\/dicodusport.fr\/blog\/?p=391129&#038;preview=true&#038;preview_id=391129"},"modified":"2023-06-14T11:26:12","modified_gmt":"2023-06-14T09:26:12","slug":"bernard-laporte-je-suis-convaincu-que-cest-ma-coupe-du-monde","status":"publish","type":"post","link":"https:\/\/dicodusport.fr\/blog\/bernard-laporte-je-suis-convaincu-que-cest-ma-coupe-du-monde\/","title":{"rendered":"Bernard Laporte : \u00ab\u00a0Je suis convaincu que c&rsquo;est ma Coupe du monde\u00a0\u00bb"},"content":{"rendered":"<p style=\"text-align: justify;\" align=\"justify\"><em><strong>COUPE DU MONDE 2023 &#8211; Dans les colonnes de L&rsquo;\u00c9quipe, Bernard Laporte s&rsquo;est exprim\u00e9 sur la Coupe du monde 2023, quelques mois apr\u00e8s son \u00e9viction de la FFR.<\/strong><\/em><\/p>\n<p style=\"text-align: justify;\" align=\"justify\">S&rsquo;il a \u00e9t\u00e9 discret pendant le dernier Tournoi des 6 Nations 2023, <a href=\"https:\/\/dicodusport.fr\/blog\/ce-que-gagnait-bernard-laporte-a-la-tete-de-la-federation-francaise-de-rugby\/\"><strong>Bernard<\/strong> <strong>Laporte<\/strong><\/a> compte bien vivre pleinement la Coupe du monde en France. S&rsquo;il avait rendu visite au <a href=\"https:\/\/dicodusport.fr\/blog\/actualites\/rugby\/rugby-a-xv\/xv-de-france\/\">XV de France<\/a> en stage d\u00e9but 2023, il n&rsquo;\u00e9tait apparu dans aucun stade durant le dernier <strong>6<\/strong> <strong>Nations<\/strong>. Mais pour le Mondial, <strong>Bernard<\/strong> <strong>Laporte<\/strong> compte bien en profiter.<\/p>\n<blockquote>\n<p style=\"text-align: justify;\" align=\"justify\">Je veux bouger et voir beaucoup de matches. Je suis convaincu que c&rsquo;est ma Coupe du monde. Je veux la vivre \u00e0 fond.<\/p>\n<\/blockquote>\n<p style=\"text-align: justify;\" align=\"justify\">L&rsquo;ancien pr\u00e9sident de la <strong>F\u00e9d\u00e9ration Fran\u00e7aise<\/strong> <strong>de<\/strong> <strong>Rugby<\/strong> sera m\u00eame consultant sur RMC \u00e0 l&rsquo;occasion des matchs du <strong>XV<\/strong> <strong>de<\/strong> <strong>France<\/strong>. Un moyen pour lui de vivre <em>\u00ab sa Coupe du monde \u00bb<\/em>, m\u00eame s&rsquo;il ne sera pas dans le r\u00f4le qu&rsquo;il imaginait il y a encore quelques mois. <strong>Bernard<\/strong> <strong>Laporte<\/strong> sera m\u00eame consultant non r\u00e9mun\u00e9r\u00e9, comme il l&rsquo;a expliqu\u00e9 \u00e0 <em>L&rsquo;\u00c9quipe.<\/em><\/p>\n<blockquote>\n<p style=\"text-align: justify;\" align=\"justify\">J&rsquo;ai dit \u00e0 Karim Nedjari (directeur g\u00e9n\u00e9ral de RMC et RMC Sport) que je viendrais les veilles ou les lendemains des matches de l&rsquo;\u00e9quipe de France et je viendrai gratuitement. Je ne veux pas de contrat. J&rsquo;esp\u00e8re que je le ferai sept fois, \u00e7a veut dire que la France sera en finale !<\/p>\n<\/blockquote>\n<p style=\"text-align: justify;\" align=\"justify\">Bavard pour sa premi\u00e8re vraie sortie m\u00e9diatique, <strong>Bernard<\/strong> <strong>Laporte<\/strong> a aussi \u00e9voqu\u00e9 son avenir. S&rsquo;il devait entra\u00eener \u00e0 nouveau, ce serait exclusivement en s\u00e9lection. Il \u00e9voque aussi un gros projet professionnel qui n&rsquo;a rien \u00e0 voir avec le rugby.<\/p>\n<blockquote>\n<p style=\"text-align: justify;\" align=\"justify\">Je ne veux pas entra\u00eener, sauf si c&rsquo;est une \u00e9quipe nationale. \u00c7a ne m&rsquo;int\u00e9resse pas d&rsquo;entra\u00eener tous les jours. Je suis d&rsquo;abord sur un tr\u00e8s gros projet professionnel dans le business qui n&rsquo;a rien \u00e0 avoir avec le rugby. \u00c7a devrait se boucler d&rsquo;ici un mois. Apr\u00e8s, je verrai.<\/p>\n<\/blockquote>\n<blockquote class=\"twitter-tweet\">\n<p dir=\"ltr\" lang=\"fr\">\u00ab J&rsquo;ai dit \u00e0 Karim Nedjari (DG de RMC) que je viendrai les veilles ou les lendemains des matches de l&rsquo;\u00e9quipe de France et je viendrai gratuitement. Je ne veux pas de contrat. J&rsquo;esp\u00e8re que je le ferai sept fois, \u00e7a veut dire que la France sera en finale ! \u00bb <a href=\"https:\/\/t.co\/QDqkPDweqE\">https:\/\/t.co\/QDqkPDweqE<\/a><\/p>\n<p>\u2014 Sacha Nokovitch (@SachaNoko) <a href=\"https:\/\/twitter.com\/SachaNoko\/status\/1668875913344237569?ref_src=twsrc%5Etfw\">June 14, 2023<\/a><\/p><\/blockquote>\n<p style=\"text-align: justify;\"><script async src=\"https:\/\/platform.twitter.com\/widgets.js\" charset=\"utf-8\"><\/script><\/p>\n","protected":false},"excerpt":{"rendered":"<p>COUPE DU MONDE 2023 &#8211; Dans les colonnes de L&rsquo;\u00c9quipe, Bernard Laporte s&rsquo;est exprim\u00e9 sur la Coupe du monde 2023, quelques mois apr\u00e8s son \u00e9viction de la FFR.<\/p>\n","protected":false},"author":1,"featured_media":369261,"comment_status":"open","ping_status":"closed","sticky":false,"template":"","format":"standard","meta":{"_acf_changed":false,"_daextam_enable_autolinks":"","footnotes":""},"categories":[47049,9129],"tags":[2293,16878,5601],"class_list":["post-391129","post","type-post","status-publish","format-standard","has-post-thumbnail","hentry","category-coupe-du-monde-de-rugby","category-rugby-a-xv","tag-bernard-laporte","tag-breve","tag-laporte"],"acf":[],"yoast_head":"<!-- This site is optimized with the Yoast SEO Premium plugin v26.7 (Yoast SEO v26.7) - https:\/\/yoast.com\/wordpress\/plugins\/seo\/ -->\n<title>Bernard Laporte : &quot;Je suis convaincu que c&#039;est ma Coupe du monde&quot;<\/title>\n<meta name=\"description\" content=\"COUPE DU MONDE 2023 - Dans les colonnes de L&#039;\u00c9quipe, Bernard Laporte s&#039;est exprim\u00e9 sur la Coupe du monde 2023 quelques mois apr\u00e8s son \u00e9viction de la FFR.\" \/>\n<meta name=\"robots\" content=\"index, follow, max-snippet:-1, max-image-preview:large, max-video-preview:-1\" \/>\n<link rel=\"canonical\" href=\"https:\/\/dicodusport.fr\/blog\/bernard-laporte-je-suis-convaincu-que-cest-ma-coupe-du-monde\/\" \/>\n<meta property=\"og:locale\" content=\"fr_FR\" \/>\n<meta property=\"og:type\" content=\"article\" \/>\n<meta property=\"og:title\" content=\"Bernard Laporte : &quot;Je suis convaincu que c&#039;est ma Coupe du monde&quot;\" \/>\n<meta property=\"og:description\" content=\"COUPE DU MONDE 2023 - Dans les colonnes de L&#039;\u00c9quipe, Bernard Laporte s&#039;est exprim\u00e9 sur la Coupe du monde 2023 quelques mois apr\u00e8s son \u00e9viction de la FFR.\" \/>\n<meta property=\"og:url\" content=\"https:\/\/dicodusport.fr\/blog\/bernard-laporte-je-suis-convaincu-que-cest-ma-coupe-du-monde\/\" \/>\n<meta property=\"og:site_name\" content=\"Dicodusport\" \/>\n<meta property=\"article:publisher\" content=\"https:\/\/www.facebook.com\/dicodusport\" \/>\n<meta property=\"article:author\" content=\"https:\/\/www.facebook.com\/dicodusport\" \/>\n<meta property=\"article:published_time\" content=\"2023-06-14T08:54:33+00:00\" \/>\n<meta property=\"article:modified_time\" content=\"2023-06-14T09:26:12+00:00\" \/>\n<meta property=\"og:image\" content=\"https:\/\/dicodusport.fr\/blog\/wp-content\/uploads\/2023\/03\/Pelous-Benazzi-Bernard-Laporte-sort-la-sulfateuse-contre-danciens-internationaux.png\" \/>\n\t<meta property=\"og:image:width\" content=\"800\" \/>\n\t<meta property=\"og:image:height\" content=\"445\" \/>\n\t<meta property=\"og:image:type\" content=\"image\/png\" \/>\n<meta name=\"author\" content=\"Nicolas Jacquemard\" \/>\n<meta name=\"twitter:card\" content=\"summary_large_image\" \/>\n<meta name=\"twitter:title\" content=\"Bernard Laporte : &quot;Je suis convaincu que c&#039;est ma Coupe du monde&quot;\" \/>\n<meta name=\"twitter:creator\" content=\"@https:\/\/twitter.com\/Nico_Jacquemard\" \/>\n<meta name=\"twitter:site\" content=\"@dicodusport\" \/>\n<script type=\"application\/ld+json\" class=\"yoast-schema-graph\">{\"@context\":\"https:\/\/schema.org\",\"@graph\":[{\"@type\":\"NewsArticle\",\"@id\":\"https:\/\/dicodusport.fr\/blog\/bernard-laporte-je-suis-convaincu-que-cest-ma-coupe-du-monde\/#article\",\"isPartOf\":{\"@id\":\"https:\/\/dicodusport.fr\/blog\/bernard-laporte-je-suis-convaincu-que-cest-ma-coupe-du-monde\/\"},\"author\":{\"name\":\"Nicolas Jacquemard\",\"@id\":\"https:\/\/dicodusport.fr\/blog\/#\/schema\/person\/55dcb50ad410894e431ed812bbb70191\"},\"headline\":\"Bernard Laporte : \u00ab\u00a0Je suis convaincu que c&rsquo;est ma Coupe du monde\u00a0\u00bb\",\"datePublished\":\"2023-06-14T08:54:33+00:00\",\"dateModified\":\"2023-06-14T09:26:12+00:00\",\"mainEntityOfPage\":{\"@id\":\"https:\/\/dicodusport.fr\/blog\/bernard-laporte-je-suis-convaincu-que-cest-ma-coupe-du-monde\/\"},\"wordCount\":413,\"commentCount\":1,\"publisher\":{\"@id\":\"https:\/\/dicodusport.fr\/blog\/#organization\"},\"image\":{\"@id\":\"https:\/\/dicodusport.fr\/blog\/bernard-laporte-je-suis-convaincu-que-cest-ma-coupe-du-monde\/#primaryimage\"},\"thumbnailUrl\":\"https:\/\/dicodusport.fr\/blog\/wp-content\/uploads\/2023\/03\/Pelous-Benazzi-Bernard-Laporte-sort-la-sulfateuse-contre-danciens-internationaux.png\",\"keywords\":[\"Bernard Laporte\",\"br\u00e8ve\",\"Laporte\"],\"articleSection\":[\"Coupe du monde de rugby\",\"Rugby \u00e0 XV\"],\"inLanguage\":\"fr-FR\",\"potentialAction\":[{\"@type\":\"CommentAction\",\"name\":\"Comment\",\"target\":[\"https:\/\/dicodusport.fr\/blog\/bernard-laporte-je-suis-convaincu-que-cest-ma-coupe-du-monde\/#respond\"]}],\"copyrightYear\":\"2023\",\"copyrightHolder\":{\"@id\":\"https:\/\/dicodusport.fr\/blog\/#organization\"}},{\"@type\":\"WebPage\",\"@id\":\"https:\/\/dicodusport.fr\/blog\/bernard-laporte-je-suis-convaincu-que-cest-ma-coupe-du-monde\/\",\"url\":\"https:\/\/dicodusport.fr\/blog\/bernard-laporte-je-suis-convaincu-que-cest-ma-coupe-du-monde\/\",\"name\":\"Bernard Laporte : \\\"Je suis convaincu que c'est ma Coupe du monde\\\"\",\"isPartOf\":{\"@id\":\"https:\/\/dicodusport.fr\/blog\/#website\"},\"primaryImageOfPage\":{\"@id\":\"https:\/\/dicodusport.fr\/blog\/bernard-laporte-je-suis-convaincu-que-cest-ma-coupe-du-monde\/#primaryimage\"},\"image\":{\"@id\":\"https:\/\/dicodusport.fr\/blog\/bernard-laporte-je-suis-convaincu-que-cest-ma-coupe-du-monde\/#primaryimage\"},\"thumbnailUrl\":\"https:\/\/dicodusport.fr\/blog\/wp-content\/uploads\/2023\/03\/Pelous-Benazzi-Bernard-Laporte-sort-la-sulfateuse-contre-danciens-internationaux.png\",\"datePublished\":\"2023-06-14T08:54:33+00:00\",\"dateModified\":\"2023-06-14T09:26:12+00:00\",\"description\":\"COUPE DU MONDE 2023 - Dans les colonnes de L'\u00c9quipe, Bernard Laporte s'est exprim\u00e9 sur la Coupe du monde 2023 quelques mois apr\u00e8s son \u00e9viction de la FFR.\",\"breadcrumb\":{\"@id\":\"https:\/\/dicodusport.fr\/blog\/bernard-laporte-je-suis-convaincu-que-cest-ma-coupe-du-monde\/#breadcrumb\"},\"inLanguage\":\"fr-FR\",\"potentialAction\":[{\"@type\":\"ReadAction\",\"target\":[\"https:\/\/dicodusport.fr\/blog\/bernard-laporte-je-suis-convaincu-que-cest-ma-coupe-du-monde\/\"]}]},{\"@type\":\"ImageObject\",\"inLanguage\":\"fr-FR\",\"@id\":\"https:\/\/dicodusport.fr\/blog\/bernard-laporte-je-suis-convaincu-que-cest-ma-coupe-du-monde\/#primaryimage\",\"url\":\"https:\/\/dicodusport.fr\/blog\/wp-content\/uploads\/2023\/03\/Pelous-Benazzi-Bernard-Laporte-sort-la-sulfateuse-contre-danciens-internationaux.png\",\"contentUrl\":\"https:\/\/dicodusport.fr\/blog\/wp-content\/uploads\/2023\/03\/Pelous-Benazzi-Bernard-Laporte-sort-la-sulfateuse-contre-danciens-internationaux.png\",\"width\":800,\"height\":445},{\"@type\":\"BreadcrumbList\",\"@id\":\"https:\/\/dicodusport.fr\/blog\/bernard-laporte-je-suis-convaincu-que-cest-ma-coupe-du-monde\/#breadcrumb\",\"itemListElement\":[{\"@type\":\"ListItem\",\"position\":1,\"name\":\"Accueil\",\"item\":\"https:\/\/dicodusport.fr\/blog\/\"},{\"@type\":\"ListItem\",\"position\":2,\"name\":\"Bernard Laporte : \u00ab\u00a0Je suis convaincu que c&rsquo;est ma Coupe du monde\u00a0\u00bb\"}]},{\"@type\":\"WebSite\",\"@id\":\"https:\/\/dicodusport.fr\/blog\/#website\",\"url\":\"https:\/\/dicodusport.fr\/blog\/\",\"name\":\"Dicodusport\",\"description\":\"L&#039;encyclop\u00e9die de l&#039;actualit\u00e9 sportive\",\"publisher\":{\"@id\":\"https:\/\/dicodusport.fr\/blog\/#organization\"},\"potentialAction\":[{\"@type\":\"SearchAction\",\"target\":{\"@type\":\"EntryPoint\",\"urlTemplate\":\"https:\/\/dicodusport.fr\/blog\/?s={search_term_string}\"},\"query-input\":{\"@type\":\"PropertyValueSpecification\",\"valueRequired\":true,\"valueName\":\"search_term_string\"}}],\"inLanguage\":\"fr-FR\"},{\"@type\":\"NewsMediaOrganization\",\"@id\":\"https:\/\/dicodusport.fr\/blog\/#organization\",\"name\":\"Dicodusport\",\"url\":\"https:\/\/dicodusport.fr\/blog\/\",\"logo\":{\"@type\":\"ImageObject\",\"inLanguage\":\"fr-FR\",\"@id\":\"https:\/\/dicodusport.fr\/blog\/#\/schema\/logo\/image\/\",\"url\":\"https:\/\/dicodusport.fr\/blog\/wp-content\/uploads\/2020\/06\/cropped-LOGO-DICODUSPORT-2020-SANS-FOND-SANS-TEXTE.png\",\"contentUrl\":\"https:\/\/dicodusport.fr\/blog\/wp-content\/uploads\/2020\/06\/cropped-LOGO-DICODUSPORT-2020-SANS-FOND-SANS-TEXTE.png\",\"width\":512,\"height\":512,\"caption\":\"Dicodusport\"},\"image\":{\"@id\":\"https:\/\/dicodusport.fr\/blog\/#\/schema\/logo\/image\/\"},\"sameAs\":[\"https:\/\/www.facebook.com\/dicodusport\",\"https:\/\/x.com\/dicodusport\",\"https:\/\/www.instagram.com\/dicodusport\/\",\"https:\/\/www.youtube.com\/channel\/UC7V2KZ5sd3htJivAbA4ZG3w\"],\"description\":\"Dicodusport est l'encyclop\u00e9die de l'actualit\u00e9 sportive.\",\"email\":\"bonjour@dicodusport.fr\",\"legalName\":\"DICODUSPORT\",\"foundingDate\":\"2018-01-14\",\"vatID\":\"FR71834470973\",\"taxID\":\"83447097300043\",\"numberOfEmployees\":{\"@type\":\"QuantitativeValue\",\"minValue\":\"1\",\"maxValue\":\"10\"}},{\"@type\":\"Person\",\"@id\":\"https:\/\/dicodusport.fr\/blog\/#\/schema\/person\/55dcb50ad410894e431ed812bbb70191\",\"name\":\"Nicolas Jacquemard\",\"image\":{\"@type\":\"ImageObject\",\"inLanguage\":\"fr-FR\",\"@id\":\"https:\/\/dicodusport.fr\/blog\/#\/schema\/person\/image\/\",\"url\":\"https:\/\/dicodusport.fr\/blog\/wp-content\/uploads\/2021\/05\/Nicolas-Jacquemard-150x150.jpeg\",\"contentUrl\":\"https:\/\/dicodusport.fr\/blog\/wp-content\/uploads\/2021\/05\/Nicolas-Jacquemard-150x150.jpeg\",\"caption\":\"Nicolas Jacquemard\"},\"description\":\"Passionn\u00e9 de sport et entrepreneur depuis mes 18 ans, la cr\u00e9ation de Dicodusport m'a sembl\u00e9 \u00e9vidente pour participer \u00e0 la m\u00e9diatisation d'un plus grand nombre de sports. Le chemin est long mais avec une \u00e9quipe des plus motiv\u00e9es et les Jeux Olympiques de Paris 2024 en point de mire, nous y arriverons ! Journaliste dans le monde du sport depuis plus de 5 ans, je traite aussi bien de football, de rugby, de biathlon que de cyclisme.\",\"sameAs\":[\"https:\/\/www.facebook.com\/dicodusport\",\"https:\/\/x.com\/https:\/\/twitter.com\/Nico_Jacquemard\"],\"url\":\"https:\/\/dicodusport.fr\/blog\/author\/dicodusport\/\"}]}<\/script>\n<!-- \/ Yoast SEO Premium plugin. -->","yoast_head_json":{"title":"Bernard Laporte : \"Je suis convaincu que c'est ma Coupe du monde\"","description":"COUPE DU MONDE 2023 - Dans les colonnes de L'\u00c9quipe, Bernard Laporte s'est exprim\u00e9 sur la Coupe du monde 2023 quelques mois apr\u00e8s son \u00e9viction de la FFR.","robots":{"index":"index","follow":"follow","max-snippet":"max-snippet:-1","max-image-preview":"max-image-preview:large","max-video-preview":"max-video-preview:-1"},"canonical":"https:\/\/dicodusport.fr\/blog\/bernard-laporte-je-suis-convaincu-que-cest-ma-coupe-du-monde\/","og_locale":"fr_FR","og_type":"article","og_title":"Bernard Laporte : \"Je suis convaincu que c'est ma Coupe du monde\"","og_description":"COUPE DU MONDE 2023 - Dans les colonnes de L'\u00c9quipe, Bernard Laporte s'est exprim\u00e9 sur la Coupe du monde 2023 quelques mois apr\u00e8s son \u00e9viction de la FFR.","og_url":"https:\/\/dicodusport.fr\/blog\/bernard-laporte-je-suis-convaincu-que-cest-ma-coupe-du-monde\/","og_site_name":"Dicodusport","article_publisher":"https:\/\/www.facebook.com\/dicodusport","article_author":"https:\/\/www.facebook.com\/dicodusport","article_published_time":"2023-06-14T08:54:33+00:00","article_modified_time":"2023-06-14T09:26:12+00:00","og_image":[{"width":800,"height":445,"url":"https:\/\/dicodusport.fr\/blog\/wp-content\/uploads\/2023\/03\/Pelous-Benazzi-Bernard-Laporte-sort-la-sulfateuse-contre-danciens-internationaux.png","type":"image\/png"}],"author":"Nicolas Jacquemard","twitter_card":"summary_large_image","twitter_title":"Bernard Laporte : \"Je suis convaincu que c'est ma Coupe du monde\"","twitter_creator":"@https:\/\/twitter.com\/Nico_Jacquemard","twitter_site":"@dicodusport","schema":{"@context":"https:\/\/schema.org","@graph":[{"@type":"NewsArticle","@id":"https:\/\/dicodusport.fr\/blog\/bernard-laporte-je-suis-convaincu-que-cest-ma-coupe-du-monde\/#article","isPartOf":{"@id":"https:\/\/dicodusport.fr\/blog\/bernard-laporte-je-suis-convaincu-que-cest-ma-coupe-du-monde\/"},"author":{"name":"Nicolas Jacquemard","@id":"https:\/\/dicodusport.fr\/blog\/#\/schema\/person\/55dcb50ad410894e431ed812bbb70191"},"headline":"Bernard Laporte : \u00ab\u00a0Je suis convaincu que c&rsquo;est ma Coupe du monde\u00a0\u00bb","datePublished":"2023-06-14T08:54:33+00:00","dateModified":"2023-06-14T09:26:12+00:00","mainEntityOfPage":{"@id":"https:\/\/dicodusport.fr\/blog\/bernard-laporte-je-suis-convaincu-que-cest-ma-coupe-du-monde\/"},"wordCount":413,"commentCount":1,"publisher":{"@id":"https:\/\/dicodusport.fr\/blog\/#organization"},"image":{"@id":"https:\/\/dicodusport.fr\/blog\/bernard-laporte-je-suis-convaincu-que-cest-ma-coupe-du-monde\/#primaryimage"},"thumbnailUrl":"https:\/\/dicodusport.fr\/blog\/wp-content\/uploads\/2023\/03\/Pelous-Benazzi-Bernard-Laporte-sort-la-sulfateuse-contre-danciens-internationaux.png","keywords":["Bernard Laporte","br\u00e8ve","Laporte"],"articleSection":["Coupe du monde de rugby","Rugby \u00e0 XV"],"inLanguage":"fr-FR","potentialAction":[{"@type":"CommentAction","name":"Comment","target":["https:\/\/dicodusport.fr\/blog\/bernard-laporte-je-suis-convaincu-que-cest-ma-coupe-du-monde\/#respond"]}],"copyrightYear":"2023","copyrightHolder":{"@id":"https:\/\/dicodusport.fr\/blog\/#organization"}},{"@type":"WebPage","@id":"https:\/\/dicodusport.fr\/blog\/bernard-laporte-je-suis-convaincu-que-cest-ma-coupe-du-monde\/","url":"https:\/\/dicodusport.fr\/blog\/bernard-laporte-je-suis-convaincu-que-cest-ma-coupe-du-monde\/","name":"Bernard Laporte : \"Je suis convaincu que c'est ma Coupe du monde\"","isPartOf":{"@id":"https:\/\/dicodusport.fr\/blog\/#website"},"primaryImageOfPage":{"@id":"https:\/\/dicodusport.fr\/blog\/bernard-laporte-je-suis-convaincu-que-cest-ma-coupe-du-monde\/#primaryimage"},"image":{"@id":"https:\/\/dicodusport.fr\/blog\/bernard-laporte-je-suis-convaincu-que-cest-ma-coupe-du-monde\/#primaryimage"},"thumbnailUrl":"https:\/\/dicodusport.fr\/blog\/wp-content\/uploads\/2023\/03\/Pelous-Benazzi-Bernard-Laporte-sort-la-sulfateuse-contre-danciens-internationaux.png","datePublished":"2023-06-14T08:54:33+00:00","dateModified":"2023-06-14T09:26:12+00:00","description":"COUPE DU MONDE 2023 - Dans les colonnes de L'\u00c9quipe, Bernard Laporte s'est exprim\u00e9 sur la Coupe du monde 2023 quelques mois apr\u00e8s son \u00e9viction de la FFR.","breadcrumb":{"@id":"https:\/\/dicodusport.fr\/blog\/bernard-laporte-je-suis-convaincu-que-cest-ma-coupe-du-monde\/#breadcrumb"},"inLanguage":"fr-FR","potentialAction":[{"@type":"ReadAction","target":["https:\/\/dicodusport.fr\/blog\/bernard-laporte-je-suis-convaincu-que-cest-ma-coupe-du-monde\/"]}]},{"@type":"ImageObject","inLanguage":"fr-FR","@id":"https:\/\/dicodusport.fr\/blog\/bernard-laporte-je-suis-convaincu-que-cest-ma-coupe-du-monde\/#primaryimage","url":"https:\/\/dicodusport.fr\/blog\/wp-content\/uploads\/2023\/03\/Pelous-Benazzi-Bernard-Laporte-sort-la-sulfateuse-contre-danciens-internationaux.png","contentUrl":"https:\/\/dicodusport.fr\/blog\/wp-content\/uploads\/2023\/03\/Pelous-Benazzi-Bernard-Laporte-sort-la-sulfateuse-contre-danciens-internationaux.png","width":800,"height":445},{"@type":"BreadcrumbList","@id":"https:\/\/dicodusport.fr\/blog\/bernard-laporte-je-suis-convaincu-que-cest-ma-coupe-du-monde\/#breadcrumb","itemListElement":[{"@type":"ListItem","position":1,"name":"Accueil","item":"https:\/\/dicodusport.fr\/blog\/"},{"@type":"ListItem","position":2,"name":"Bernard Laporte : \u00ab\u00a0Je suis convaincu que c&rsquo;est ma Coupe du monde\u00a0\u00bb"}]},{"@type":"WebSite","@id":"https:\/\/dicodusport.fr\/blog\/#website","url":"https:\/\/dicodusport.fr\/blog\/","name":"Dicodusport","description":"L&#039;encyclop\u00e9die de l&#039;actualit\u00e9 sportive","publisher":{"@id":"https:\/\/dicodusport.fr\/blog\/#organization"},"potentialAction":[{"@type":"SearchAction","target":{"@type":"EntryPoint","urlTemplate":"https:\/\/dicodusport.fr\/blog\/?s={search_term_string}"},"query-input":{"@type":"PropertyValueSpecification","valueRequired":true,"valueName":"search_term_string"}}],"inLanguage":"fr-FR"},{"@type":"NewsMediaOrganization","@id":"https:\/\/dicodusport.fr\/blog\/#organization","name":"Dicodusport","url":"https:\/\/dicodusport.fr\/blog\/","logo":{"@type":"ImageObject","inLanguage":"fr-FR","@id":"https:\/\/dicodusport.fr\/blog\/#\/schema\/logo\/image\/","url":"https:\/\/dicodusport.fr\/blog\/wp-content\/uploads\/2020\/06\/cropped-LOGO-DICODUSPORT-2020-SANS-FOND-SANS-TEXTE.png","contentUrl":"https:\/\/dicodusport.fr\/blog\/wp-content\/uploads\/2020\/06\/cropped-LOGO-DICODUSPORT-2020-SANS-FOND-SANS-TEXTE.png","width":512,"height":512,"caption":"Dicodusport"},"image":{"@id":"https:\/\/dicodusport.fr\/blog\/#\/schema\/logo\/image\/"},"sameAs":["https:\/\/www.facebook.com\/dicodusport","https:\/\/x.com\/dicodusport","https:\/\/www.instagram.com\/dicodusport\/","https:\/\/www.youtube.com\/channel\/UC7V2KZ5sd3htJivAbA4ZG3w"],"description":"Dicodusport est l'encyclop\u00e9die de l'actualit\u00e9 sportive.","email":"bonjour@dicodusport.fr","legalName":"DICODUSPORT","foundingDate":"2018-01-14","vatID":"FR71834470973","taxID":"83447097300043","numberOfEmployees":{"@type":"QuantitativeValue","minValue":"1","maxValue":"10"}},{"@type":"Person","@id":"https:\/\/dicodusport.fr\/blog\/#\/schema\/person\/55dcb50ad410894e431ed812bbb70191","name":"Nicolas Jacquemard","image":{"@type":"ImageObject","inLanguage":"fr-FR","@id":"https:\/\/dicodusport.fr\/blog\/#\/schema\/person\/image\/","url":"https:\/\/dicodusport.fr\/blog\/wp-content\/uploads\/2021\/05\/Nicolas-Jacquemard-150x150.jpeg","contentUrl":"https:\/\/dicodusport.fr\/blog\/wp-content\/uploads\/2021\/05\/Nicolas-Jacquemard-150x150.jpeg","caption":"Nicolas Jacquemard"},"description":"Passionn\u00e9 de sport et entrepreneur depuis mes 18 ans, la cr\u00e9ation de Dicodusport m'a sembl\u00e9 \u00e9vidente pour participer \u00e0 la m\u00e9diatisation d'un plus grand nombre de sports. Le chemin est long mais avec une \u00e9quipe des plus motiv\u00e9es et les Jeux Olympiques de Paris 2024 en point de mire, nous y arriverons ! Journaliste dans le monde du sport depuis plus de 5 ans, je traite aussi bien de football, de rugby, de biathlon que de cyclisme.","sameAs":["https:\/\/www.facebook.com\/dicodusport","https:\/\/x.com\/https:\/\/twitter.com\/Nico_Jacquemard"],"url":"https:\/\/dicodusport.fr\/blog\/author\/dicodusport\/"}]}},"_links":{"self":[{"href":"https:\/\/dicodusport.fr\/blog\/wp-json\/wp\/v2\/posts\/391129","targetHints":{"allow":["GET"]}}],"collection":[{"href":"https:\/\/dicodusport.fr\/blog\/wp-json\/wp\/v2\/posts"}],"about":[{"href":"https:\/\/dicodusport.fr\/blog\/wp-json\/wp\/v2\/types\/post"}],"author":[{"embeddable":true,"href":"https:\/\/dicodusport.fr\/blog\/wp-json\/wp\/v2\/users\/1"}],"replies":[{"embeddable":true,"href":"https:\/\/dicodusport.fr\/blog\/wp-json\/wp\/v2\/comments?post=391129"}],"version-history":[{"count":0,"href":"https:\/\/dicodusport.fr\/blog\/wp-json\/wp\/v2\/posts\/391129\/revisions"}],"wp:featuredmedia":[{"embeddable":true,"href":"https:\/\/dicodusport.fr\/blog\/wp-json\/wp\/v2\/media\/369261"}],"wp:attachment":[{"href":"https:\/\/dicodusport.fr\/blog\/wp-json\/wp\/v2\/media?parent=391129"}],"wp:term":[{"taxonomy":"category","embeddable":true,"href":"https:\/\/dicodusport.fr\/blog\/wp-json\/wp\/v2\/categories?post=391129"},{"taxonomy":"post_tag","embeddable":true,"href":"https:\/\/dicodusport.fr\/blog\/wp-json\/wp\/v2\/tags?post=391129"}],"curies":[{"name":"wp","href":"https:\/\/api.w.org\/{rel}","templated":true}]}}