{"id":391170,"date":"2023-06-14T14:58:19","date_gmt":"2023-06-14T12:58:19","guid":{"rendered":"https:\/\/dicodusport.fr\/blog\/?p=391170&#038;preview=true&#038;preview_id=391170"},"modified":"2023-06-14T15:03:24","modified_gmt":"2023-06-14T13:03:24","slug":"mercato-monaco-sur-la-piste-adrien-truffert","status":"publish","type":"post","link":"https:\/\/dicodusport.fr\/blog\/mercato-monaco-sur-la-piste-adrien-truffert\/","title":{"rendered":"Mercato : Monaco sur la piste d&rsquo;Adrien Truffert"},"content":{"rendered":"<p style=\"text-align: justify;\"><em><strong>LIGUE 1 2023-2024 &#8211; Selon Foot Mercato, Monaco, qui n&rsquo;a pas su se qualifier pour les comp\u00e9titions europ\u00e9ennes, aimerait se renforcer au poste de lat\u00e9ral gauche et suit Adrien Truffert, la p\u00e9pite du Stade Rennais.\u00a0<\/strong><\/em><\/p>\n<p style=\"text-align: justify;\">Les Mon\u00e9gasques risquent de voir arriver de nouvelles recrues dans les prochaines semaines. Doubl\u00e9 dans les derni\u00e8res semaines dans la course \u00e0 l&rsquo;Europe par Rennes et Lille, le club de la Principaut\u00e9 risque de perdre <strong>Axel<\/strong> <strong>Disasi<\/strong>, d\u00e9j\u00e0 courtis\u00e9 par le club de Manchester United. <strong>Wissam<\/strong> <strong>Ben<\/strong> <strong>Yedder<\/strong>, lui, est convoit\u00e9 en Arabie Saoudite.<\/p>\n<p style=\"text-align: justify;\">Le jeune d\u00e9fenseur br\u00e9silien <strong>Ciao<\/strong> <strong>Henrique<\/strong> pourrait lui signer au <strong>FC<\/strong> <strong>Barcelone<\/strong> pour \u00eatre la doublure d&rsquo;<strong>Alejandro Balde<\/strong>. Afin de compenser le d\u00e9part du Br\u00e9silien, Monaco aimerait donc recruter le jeune lat\u00e9ral de 21 ans du <strong>Stade<\/strong> <strong>Rennais<\/strong>, <strong>Adrien Truffert<\/strong>. Malheureusement, sa saison a \u00e9t\u00e9 \u00e9court\u00e9e en raison d&rsquo;une blessure \u00e0 la cheville droite. Mais le club de la Principaut\u00e9 aimerait quand m\u00eame le voir dans son effectif la saison prochaine. Monaco aurait d\u00e9j\u00e0 essay\u00e9 d&rsquo;approcher la famille du joueur.<\/p>\n<p style=\"text-align: justify;\">Mais le club breton ne veut pas laisser partir le jeune international fran\u00e7ais si facilement. Son contrat se termine en 2025 et les dirigeants aimerait renouveler ce dernier. Le joueur lui semble plus ouvert \u00e0 un d\u00e9part. Il a d\u00e9j\u00e0 pass\u00e9 huit ans chez les <strong>Rouge <\/strong>et <strong>Noir<\/strong> et ne voudrait pas prolonger son contrat actuel, afin de relever un nouveau challenge.<\/p>\n<blockquote class=\"twitter-tweet\">\n<p dir=\"ltr\" lang=\"fr\">Excl :\ud83d\udea8 <a href=\"https:\/\/twitter.com\/hashtag\/mercato?src=hash&amp;ref_src=twsrc%5Etfw\">#mercato<\/a> <a href=\"https:\/\/twitter.com\/hashtag\/ligue1?src=hash&amp;ref_src=twsrc%5Etfw\">#ligue1<\/a> <a href=\"https:\/\/twitter.com\/hashtag\/srfc?src=hash&amp;ref_src=twsrc%5Etfw\">#srfc<\/a> <a href=\"https:\/\/twitter.com\/hashtag\/asmonaco?src=hash&amp;ref_src=twsrc%5Etfw\">#asmonaco<\/a><br \/>\n\u25aa\ufe0f Adrien Truffert (fdc 2025) ne souhaite pas prolonger \u00e0 Rennes<br \/>\n\u25aa\ufe0f Florian Maurice veut le garder<br \/>\n\u25aa\ufe0f Monaco a pris des renseignements avec l&rsquo;entourage de l&rsquo;international \ud83c\uddeb\ud83c\uddf7 qui sera pr\u00eat pour la reprise de L1<a href=\"https:\/\/t.co\/LKY2wlFSdR\">https:\/\/t.co\/LKY2wlFSdR<\/a><\/p>\n<p>\u2014 S\u00e9bastien Denis (@sebnonda) <a href=\"https:\/\/twitter.com\/sebnonda\/status\/1668937836916006913?ref_src=twsrc%5Etfw\">June 14, 2023<\/a><\/p><\/blockquote>\n<p><script async src=\"https:\/\/platform.twitter.com\/widgets.js\" charset=\"utf-8\"><\/script><\/p>\n<p style=\"text-align: justify;\">\n","protected":false},"excerpt":{"rendered":"<p>LIGUE 1 2023-2024 &#8211; Selon Foot Mercato, Monaco, qui n&rsquo;a pas su se qualifier pour les comp\u00e9titions europ\u00e9ennes, suit Adrien Truffert.<\/p>\n","protected":false},"author":87,"featured_media":391195,"comment_status":"open","ping_status":"closed","sticky":false,"template":"","format":"standard","meta":{"_acf_changed":false,"_daextam_enable_autolinks":"","footnotes":""},"categories":[2301,47045],"tags":[16878,75,1678,1840],"class_list":["post-391170","post","type-post","status-publish","format-standard","has-post-thumbnail","hentry","category-football","category-ligue-1","tag-breve","tag-football","tag-monaco","tag-rennes"],"acf":[],"yoast_head":"<!-- This site is optimized with the Yoast SEO Premium plugin v26.7 (Yoast SEO v26.7) - https:\/\/yoast.com\/wordpress\/plugins\/seo\/ -->\n<title>Mercato : Monaco sur la piste d&#039;Adrien Truffert<\/title>\n<meta name=\"description\" content=\"LIGUE 1 2023-2024 - Selon Foot Mercato, Monaco, qui n&#039;a pas su se qualifier pour les comp\u00e9titions europ\u00e9ennes, suit Adrien Truffert.\" \/>\n<meta name=\"robots\" content=\"index, follow, max-snippet:-1, max-image-preview:large, max-video-preview:-1\" \/>\n<link rel=\"canonical\" href=\"https:\/\/dicodusport.fr\/blog\/mercato-monaco-sur-la-piste-adrien-truffert\/\" \/>\n<meta property=\"og:locale\" content=\"fr_FR\" \/>\n<meta property=\"og:type\" content=\"article\" \/>\n<meta property=\"og:title\" content=\"Mercato : Monaco sur la piste d&#039;Adrien Truffert\" \/>\n<meta property=\"og:description\" content=\"LIGUE 1 2023-2024 - Selon Foot Mercato, Monaco, qui n&#039;a pas su se qualifier pour les comp\u00e9titions europ\u00e9ennes, suit Adrien Truffert.\" \/>\n<meta property=\"og:url\" content=\"https:\/\/dicodusport.fr\/blog\/mercato-monaco-sur-la-piste-adrien-truffert\/\" \/>\n<meta property=\"og:site_name\" content=\"Dicodusport\" \/>\n<meta property=\"article:publisher\" content=\"https:\/\/www.facebook.com\/dicodusport\" \/>\n<meta property=\"article:published_time\" content=\"2023-06-14T12:58:19+00:00\" \/>\n<meta property=\"article:modified_time\" content=\"2023-06-14T13:03:24+00:00\" \/>\n<meta property=\"og:image\" content=\"https:\/\/dicodusport.fr\/blog\/wp-content\/uploads\/2023\/06\/Mercato-Monaco-sur-la-piste-dAdrien-Truffert.png\" \/>\n\t<meta property=\"og:image:width\" content=\"800\" \/>\n\t<meta property=\"og:image:height\" content=\"445\" \/>\n\t<meta property=\"og:image:type\" content=\"image\/png\" \/>\n<meta name=\"author\" content=\"Enzo Quemere\" \/>\n<meta name=\"twitter:card\" content=\"summary_large_image\" \/>\n<meta name=\"twitter:title\" content=\"Mercato : Monaco sur la piste d&#039;Adrien Truffert\" \/>\n<meta name=\"twitter:creator\" content=\"@dicodusport\" \/>\n<meta name=\"twitter:site\" content=\"@dicodusport\" \/>\n<script type=\"application\/ld+json\" class=\"yoast-schema-graph\">{\"@context\":\"https:\/\/schema.org\",\"@graph\":[{\"@type\":\"NewsArticle\",\"@id\":\"https:\/\/dicodusport.fr\/blog\/mercato-monaco-sur-la-piste-adrien-truffert\/#article\",\"isPartOf\":{\"@id\":\"https:\/\/dicodusport.fr\/blog\/mercato-monaco-sur-la-piste-adrien-truffert\/\"},\"author\":{\"name\":\"Enzo Quemere\",\"@id\":\"https:\/\/dicodusport.fr\/blog\/#\/schema\/person\/1ef5dac7f888bda2446f88c732d72c71\"},\"headline\":\"Mercato : Monaco sur la piste d&rsquo;Adrien Truffert\",\"datePublished\":\"2023-06-14T12:58:19+00:00\",\"dateModified\":\"2023-06-14T13:03:24+00:00\",\"mainEntityOfPage\":{\"@id\":\"https:\/\/dicodusport.fr\/blog\/mercato-monaco-sur-la-piste-adrien-truffert\/\"},\"wordCount\":304,\"commentCount\":0,\"publisher\":{\"@id\":\"https:\/\/dicodusport.fr\/blog\/#organization\"},\"image\":{\"@id\":\"https:\/\/dicodusport.fr\/blog\/mercato-monaco-sur-la-piste-adrien-truffert\/#primaryimage\"},\"thumbnailUrl\":\"https:\/\/dicodusport.fr\/blog\/wp-content\/uploads\/2023\/06\/Mercato-Monaco-sur-la-piste-dAdrien-Truffert.png\",\"keywords\":[\"br\u00e8ve\",\"Football\",\"Monaco\",\"Rennes\"],\"articleSection\":[\"Football\",\"Ligue 1\"],\"inLanguage\":\"fr-FR\",\"potentialAction\":[{\"@type\":\"CommentAction\",\"name\":\"Comment\",\"target\":[\"https:\/\/dicodusport.fr\/blog\/mercato-monaco-sur-la-piste-adrien-truffert\/#respond\"]}],\"copyrightYear\":\"2023\",\"copyrightHolder\":{\"@id\":\"https:\/\/dicodusport.fr\/blog\/#organization\"}},{\"@type\":\"WebPage\",\"@id\":\"https:\/\/dicodusport.fr\/blog\/mercato-monaco-sur-la-piste-adrien-truffert\/\",\"url\":\"https:\/\/dicodusport.fr\/blog\/mercato-monaco-sur-la-piste-adrien-truffert\/\",\"name\":\"Mercato : Monaco sur la piste d'Adrien Truffert\",\"isPartOf\":{\"@id\":\"https:\/\/dicodusport.fr\/blog\/#website\"},\"primaryImageOfPage\":{\"@id\":\"https:\/\/dicodusport.fr\/blog\/mercato-monaco-sur-la-piste-adrien-truffert\/#primaryimage\"},\"image\":{\"@id\":\"https:\/\/dicodusport.fr\/blog\/mercato-monaco-sur-la-piste-adrien-truffert\/#primaryimage\"},\"thumbnailUrl\":\"https:\/\/dicodusport.fr\/blog\/wp-content\/uploads\/2023\/06\/Mercato-Monaco-sur-la-piste-dAdrien-Truffert.png\",\"datePublished\":\"2023-06-14T12:58:19+00:00\",\"dateModified\":\"2023-06-14T13:03:24+00:00\",\"description\":\"LIGUE 1 2023-2024 - Selon Foot Mercato, Monaco, qui n'a pas su se qualifier pour les comp\u00e9titions europ\u00e9ennes, suit Adrien Truffert.\",\"breadcrumb\":{\"@id\":\"https:\/\/dicodusport.fr\/blog\/mercato-monaco-sur-la-piste-adrien-truffert\/#breadcrumb\"},\"inLanguage\":\"fr-FR\",\"potentialAction\":[{\"@type\":\"ReadAction\",\"target\":[\"https:\/\/dicodusport.fr\/blog\/mercato-monaco-sur-la-piste-adrien-truffert\/\"]}]},{\"@type\":\"ImageObject\",\"inLanguage\":\"fr-FR\",\"@id\":\"https:\/\/dicodusport.fr\/blog\/mercato-monaco-sur-la-piste-adrien-truffert\/#primaryimage\",\"url\":\"https:\/\/dicodusport.fr\/blog\/wp-content\/uploads\/2023\/06\/Mercato-Monaco-sur-la-piste-dAdrien-Truffert.png\",\"contentUrl\":\"https:\/\/dicodusport.fr\/blog\/wp-content\/uploads\/2023\/06\/Mercato-Monaco-sur-la-piste-dAdrien-Truffert.png\",\"width\":800,\"height\":445},{\"@type\":\"BreadcrumbList\",\"@id\":\"https:\/\/dicodusport.fr\/blog\/mercato-monaco-sur-la-piste-adrien-truffert\/#breadcrumb\",\"itemListElement\":[{\"@type\":\"ListItem\",\"position\":1,\"name\":\"Accueil\",\"item\":\"https:\/\/dicodusport.fr\/blog\/\"},{\"@type\":\"ListItem\",\"position\":2,\"name\":\"Mercato : Monaco sur la piste d&rsquo;Adrien Truffert\"}]},{\"@type\":\"WebSite\",\"@id\":\"https:\/\/dicodusport.fr\/blog\/#website\",\"url\":\"https:\/\/dicodusport.fr\/blog\/\",\"name\":\"Dicodusport\",\"description\":\"L&#039;encyclop\u00e9die de l&#039;actualit\u00e9 sportive\",\"publisher\":{\"@id\":\"https:\/\/dicodusport.fr\/blog\/#organization\"},\"potentialAction\":[{\"@type\":\"SearchAction\",\"target\":{\"@type\":\"EntryPoint\",\"urlTemplate\":\"https:\/\/dicodusport.fr\/blog\/?s={search_term_string}\"},\"query-input\":{\"@type\":\"PropertyValueSpecification\",\"valueRequired\":true,\"valueName\":\"search_term_string\"}}],\"inLanguage\":\"fr-FR\"},{\"@type\":\"NewsMediaOrganization\",\"@id\":\"https:\/\/dicodusport.fr\/blog\/#organization\",\"name\":\"Dicodusport\",\"url\":\"https:\/\/dicodusport.fr\/blog\/\",\"logo\":{\"@type\":\"ImageObject\",\"inLanguage\":\"fr-FR\",\"@id\":\"https:\/\/dicodusport.fr\/blog\/#\/schema\/logo\/image\/\",\"url\":\"https:\/\/dicodusport.fr\/blog\/wp-content\/uploads\/2020\/06\/cropped-LOGO-DICODUSPORT-2020-SANS-FOND-SANS-TEXTE.png\",\"contentUrl\":\"https:\/\/dicodusport.fr\/blog\/wp-content\/uploads\/2020\/06\/cropped-LOGO-DICODUSPORT-2020-SANS-FOND-SANS-TEXTE.png\",\"width\":512,\"height\":512,\"caption\":\"Dicodusport\"},\"image\":{\"@id\":\"https:\/\/dicodusport.fr\/blog\/#\/schema\/logo\/image\/\"},\"sameAs\":[\"https:\/\/www.facebook.com\/dicodusport\",\"https:\/\/x.com\/dicodusport\",\"https:\/\/www.instagram.com\/dicodusport\/\",\"https:\/\/www.youtube.com\/channel\/UC7V2KZ5sd3htJivAbA4ZG3w\"],\"description\":\"Dicodusport est l'encyclop\u00e9die de l'actualit\u00e9 sportive.\",\"email\":\"bonjour@dicodusport.fr\",\"legalName\":\"DICODUSPORT\",\"foundingDate\":\"2018-01-14\",\"vatID\":\"FR71834470973\",\"taxID\":\"83447097300043\",\"numberOfEmployees\":{\"@type\":\"QuantitativeValue\",\"minValue\":\"1\",\"maxValue\":\"10\"}},{\"@type\":\"Person\",\"@id\":\"https:\/\/dicodusport.fr\/blog\/#\/schema\/person\/1ef5dac7f888bda2446f88c732d72c71\",\"name\":\"Enzo Quemere\",\"image\":{\"@type\":\"ImageObject\",\"inLanguage\":\"fr-FR\",\"@id\":\"https:\/\/dicodusport.fr\/blog\/#\/schema\/person\/image\/\",\"url\":\"https:\/\/dicodusport.fr\/blog\/wp-content\/uploads\/2020\/06\/cropped-LOGO-DICODUSPORT-2020-SANS-FOND-SANS-TEXTE-150x150.png\",\"contentUrl\":\"https:\/\/dicodusport.fr\/blog\/wp-content\/uploads\/2020\/06\/cropped-LOGO-DICODUSPORT-2020-SANS-FOND-SANS-TEXTE-150x150.png\",\"caption\":\"Enzo Quemere\"},\"url\":\"https:\/\/dicodusport.fr\/blog\/author\/enzo-quemere\/\"}]}<\/script>\n<!-- \/ Yoast SEO Premium plugin. -->","yoast_head_json":{"title":"Mercato : Monaco sur la piste d'Adrien Truffert","description":"LIGUE 1 2023-2024 - Selon Foot Mercato, Monaco, qui n'a pas su se qualifier pour les comp\u00e9titions europ\u00e9ennes, suit Adrien Truffert.","robots":{"index":"index","follow":"follow","max-snippet":"max-snippet:-1","max-image-preview":"max-image-preview:large","max-video-preview":"max-video-preview:-1"},"canonical":"https:\/\/dicodusport.fr\/blog\/mercato-monaco-sur-la-piste-adrien-truffert\/","og_locale":"fr_FR","og_type":"article","og_title":"Mercato : Monaco sur la piste d'Adrien Truffert","og_description":"LIGUE 1 2023-2024 - Selon Foot Mercato, Monaco, qui n'a pas su se qualifier pour les comp\u00e9titions europ\u00e9ennes, suit Adrien Truffert.","og_url":"https:\/\/dicodusport.fr\/blog\/mercato-monaco-sur-la-piste-adrien-truffert\/","og_site_name":"Dicodusport","article_publisher":"https:\/\/www.facebook.com\/dicodusport","article_published_time":"2023-06-14T12:58:19+00:00","article_modified_time":"2023-06-14T13:03:24+00:00","og_image":[{"width":800,"height":445,"url":"https:\/\/dicodusport.fr\/blog\/wp-content\/uploads\/2023\/06\/Mercato-Monaco-sur-la-piste-dAdrien-Truffert.png","type":"image\/png"}],"author":"Enzo Quemere","twitter_card":"summary_large_image","twitter_title":"Mercato : Monaco sur la piste d'Adrien Truffert","twitter_creator":"@dicodusport","twitter_site":"@dicodusport","schema":{"@context":"https:\/\/schema.org","@graph":[{"@type":"NewsArticle","@id":"https:\/\/dicodusport.fr\/blog\/mercato-monaco-sur-la-piste-adrien-truffert\/#article","isPartOf":{"@id":"https:\/\/dicodusport.fr\/blog\/mercato-monaco-sur-la-piste-adrien-truffert\/"},"author":{"name":"Enzo Quemere","@id":"https:\/\/dicodusport.fr\/blog\/#\/schema\/person\/1ef5dac7f888bda2446f88c732d72c71"},"headline":"Mercato : Monaco sur la piste d&rsquo;Adrien Truffert","datePublished":"2023-06-14T12:58:19+00:00","dateModified":"2023-06-14T13:03:24+00:00","mainEntityOfPage":{"@id":"https:\/\/dicodusport.fr\/blog\/mercato-monaco-sur-la-piste-adrien-truffert\/"},"wordCount":304,"commentCount":0,"publisher":{"@id":"https:\/\/dicodusport.fr\/blog\/#organization"},"image":{"@id":"https:\/\/dicodusport.fr\/blog\/mercato-monaco-sur-la-piste-adrien-truffert\/#primaryimage"},"thumbnailUrl":"https:\/\/dicodusport.fr\/blog\/wp-content\/uploads\/2023\/06\/Mercato-Monaco-sur-la-piste-dAdrien-Truffert.png","keywords":["br\u00e8ve","Football","Monaco","Rennes"],"articleSection":["Football","Ligue 1"],"inLanguage":"fr-FR","potentialAction":[{"@type":"CommentAction","name":"Comment","target":["https:\/\/dicodusport.fr\/blog\/mercato-monaco-sur-la-piste-adrien-truffert\/#respond"]}],"copyrightYear":"2023","copyrightHolder":{"@id":"https:\/\/dicodusport.fr\/blog\/#organization"}},{"@type":"WebPage","@id":"https:\/\/dicodusport.fr\/blog\/mercato-monaco-sur-la-piste-adrien-truffert\/","url":"https:\/\/dicodusport.fr\/blog\/mercato-monaco-sur-la-piste-adrien-truffert\/","name":"Mercato : Monaco sur la piste d'Adrien Truffert","isPartOf":{"@id":"https:\/\/dicodusport.fr\/blog\/#website"},"primaryImageOfPage":{"@id":"https:\/\/dicodusport.fr\/blog\/mercato-monaco-sur-la-piste-adrien-truffert\/#primaryimage"},"image":{"@id":"https:\/\/dicodusport.fr\/blog\/mercato-monaco-sur-la-piste-adrien-truffert\/#primaryimage"},"thumbnailUrl":"https:\/\/dicodusport.fr\/blog\/wp-content\/uploads\/2023\/06\/Mercato-Monaco-sur-la-piste-dAdrien-Truffert.png","datePublished":"2023-06-14T12:58:19+00:00","dateModified":"2023-06-14T13:03:24+00:00","description":"LIGUE 1 2023-2024 - Selon Foot Mercato, Monaco, qui n'a pas su se qualifier pour les comp\u00e9titions europ\u00e9ennes, suit Adrien Truffert.","breadcrumb":{"@id":"https:\/\/dicodusport.fr\/blog\/mercato-monaco-sur-la-piste-adrien-truffert\/#breadcrumb"},"inLanguage":"fr-FR","potentialAction":[{"@type":"ReadAction","target":["https:\/\/dicodusport.fr\/blog\/mercato-monaco-sur-la-piste-adrien-truffert\/"]}]},{"@type":"ImageObject","inLanguage":"fr-FR","@id":"https:\/\/dicodusport.fr\/blog\/mercato-monaco-sur-la-piste-adrien-truffert\/#primaryimage","url":"https:\/\/dicodusport.fr\/blog\/wp-content\/uploads\/2023\/06\/Mercato-Monaco-sur-la-piste-dAdrien-Truffert.png","contentUrl":"https:\/\/dicodusport.fr\/blog\/wp-content\/uploads\/2023\/06\/Mercato-Monaco-sur-la-piste-dAdrien-Truffert.png","width":800,"height":445},{"@type":"BreadcrumbList","@id":"https:\/\/dicodusport.fr\/blog\/mercato-monaco-sur-la-piste-adrien-truffert\/#breadcrumb","itemListElement":[{"@type":"ListItem","position":1,"name":"Accueil","item":"https:\/\/dicodusport.fr\/blog\/"},{"@type":"ListItem","position":2,"name":"Mercato : Monaco sur la piste d&rsquo;Adrien Truffert"}]},{"@type":"WebSite","@id":"https:\/\/dicodusport.fr\/blog\/#website","url":"https:\/\/dicodusport.fr\/blog\/","name":"Dicodusport","description":"L&#039;encyclop\u00e9die de l&#039;actualit\u00e9 sportive","publisher":{"@id":"https:\/\/dicodusport.fr\/blog\/#organization"},"potentialAction":[{"@type":"SearchAction","target":{"@type":"EntryPoint","urlTemplate":"https:\/\/dicodusport.fr\/blog\/?s={search_term_string}"},"query-input":{"@type":"PropertyValueSpecification","valueRequired":true,"valueName":"search_term_string"}}],"inLanguage":"fr-FR"},{"@type":"NewsMediaOrganization","@id":"https:\/\/dicodusport.fr\/blog\/#organization","name":"Dicodusport","url":"https:\/\/dicodusport.fr\/blog\/","logo":{"@type":"ImageObject","inLanguage":"fr-FR","@id":"https:\/\/dicodusport.fr\/blog\/#\/schema\/logo\/image\/","url":"https:\/\/dicodusport.fr\/blog\/wp-content\/uploads\/2020\/06\/cropped-LOGO-DICODUSPORT-2020-SANS-FOND-SANS-TEXTE.png","contentUrl":"https:\/\/dicodusport.fr\/blog\/wp-content\/uploads\/2020\/06\/cropped-LOGO-DICODUSPORT-2020-SANS-FOND-SANS-TEXTE.png","width":512,"height":512,"caption":"Dicodusport"},"image":{"@id":"https:\/\/dicodusport.fr\/blog\/#\/schema\/logo\/image\/"},"sameAs":["https:\/\/www.facebook.com\/dicodusport","https:\/\/x.com\/dicodusport","https:\/\/www.instagram.com\/dicodusport\/","https:\/\/www.youtube.com\/channel\/UC7V2KZ5sd3htJivAbA4ZG3w"],"description":"Dicodusport est l'encyclop\u00e9die de l'actualit\u00e9 sportive.","email":"bonjour@dicodusport.fr","legalName":"DICODUSPORT","foundingDate":"2018-01-14","vatID":"FR71834470973","taxID":"83447097300043","numberOfEmployees":{"@type":"QuantitativeValue","minValue":"1","maxValue":"10"}},{"@type":"Person","@id":"https:\/\/dicodusport.fr\/blog\/#\/schema\/person\/1ef5dac7f888bda2446f88c732d72c71","name":"Enzo Quemere","image":{"@type":"ImageObject","inLanguage":"fr-FR","@id":"https:\/\/dicodusport.fr\/blog\/#\/schema\/person\/image\/","url":"https:\/\/dicodusport.fr\/blog\/wp-content\/uploads\/2020\/06\/cropped-LOGO-DICODUSPORT-2020-SANS-FOND-SANS-TEXTE-150x150.png","contentUrl":"https:\/\/dicodusport.fr\/blog\/wp-content\/uploads\/2020\/06\/cropped-LOGO-DICODUSPORT-2020-SANS-FOND-SANS-TEXTE-150x150.png","caption":"Enzo Quemere"},"url":"https:\/\/dicodusport.fr\/blog\/author\/enzo-quemere\/"}]}},"_links":{"self":[{"href":"https:\/\/dicodusport.fr\/blog\/wp-json\/wp\/v2\/posts\/391170","targetHints":{"allow":["GET"]}}],"collection":[{"href":"https:\/\/dicodusport.fr\/blog\/wp-json\/wp\/v2\/posts"}],"about":[{"href":"https:\/\/dicodusport.fr\/blog\/wp-json\/wp\/v2\/types\/post"}],"author":[{"embeddable":true,"href":"https:\/\/dicodusport.fr\/blog\/wp-json\/wp\/v2\/users\/87"}],"replies":[{"embeddable":true,"href":"https:\/\/dicodusport.fr\/blog\/wp-json\/wp\/v2\/comments?post=391170"}],"version-history":[{"count":0,"href":"https:\/\/dicodusport.fr\/blog\/wp-json\/wp\/v2\/posts\/391170\/revisions"}],"wp:featuredmedia":[{"embeddable":true,"href":"https:\/\/dicodusport.fr\/blog\/wp-json\/wp\/v2\/media\/391195"}],"wp:attachment":[{"href":"https:\/\/dicodusport.fr\/blog\/wp-json\/wp\/v2\/media?parent=391170"}],"wp:term":[{"taxonomy":"category","embeddable":true,"href":"https:\/\/dicodusport.fr\/blog\/wp-json\/wp\/v2\/categories?post=391170"},{"taxonomy":"post_tag","embeddable":true,"href":"https:\/\/dicodusport.fr\/blog\/wp-json\/wp\/v2\/tags?post=391170"}],"curies":[{"name":"wp","href":"https:\/\/api.w.org\/{rel}","templated":true}]}}