{"id":391400,"date":"2023-06-15T12:33:45","date_gmt":"2023-06-15T10:33:45","guid":{"rendered":"https:\/\/dicodusport.fr\/blog\/?p=391400&#038;preview=true&#038;preview_id=391400"},"modified":"2023-06-15T12:45:15","modified_gmt":"2023-06-15T10:45:15","slug":"mercato-psg-paris-sattaque-a-goncalo-ramos","status":"publish","type":"post","link":"https:\/\/dicodusport.fr\/blog\/mercato-psg-paris-sattaque-a-goncalo-ramos\/","title":{"rendered":"Mercato PSG : Paris s&rsquo;attaque \u00e0 Gon\u00e7alo Ramos"},"content":{"rendered":"<p align=\"justify\"><em><b>LIGUE 1 2023-2024 &#8211; Selon A Bola, le Paris Saint-Germain aurait d\u00e9but\u00e9 des n\u00e9gociations pour recruter Gon\u00e7alo Ramos cet \u00e9t\u00e9.\u00a0<\/b><\/em><\/p>\n<p align=\"justify\">Apr\u00e8s une saison encore d\u00e9cevante avec un seul titre, la Ligue 1, le <strong>Paris Saint-Germain<\/strong> veut frapper fort cet \u00e9t\u00e9 avec un gros recrutement. Il faut dire que le PSG va aussi perdre des joueurs comme Sergio Ramos et Lionel Messi cet \u00e9t\u00e9. Il y a le dossier <strong>Kylian<\/strong> <strong>Mbapp\u00e9<\/strong> qui agite par ailleurs le club, puisque l&rsquo;international fran\u00e7ais sera en fin de contrat dans seulement 12 mois.<\/p>\n<h2 style=\"text-align: justify;\" align=\"justify\">Ramos dans le viseur<\/h2>\n<p align=\"justify\">En parall\u00e8le, <strong>Paris<\/strong> n&rsquo;a pas finalis\u00e9 la question de son nouvel entra\u00eeneur, m\u00eame si <strong>Julian<\/strong> <strong>Nagelsmann<\/strong> est tout proche d&rsquo;un accord. Pour le recrutement, <strong>Marco<\/strong> <strong>Asensio<\/strong> et <strong>Manuel<\/strong> <strong>Ugarte<\/strong> ont d\u00e9j\u00e0 donn\u00e9 leur accord, mais les Parisiens s&rsquo;activent sur de nombreuses pistes. <strong>Gon\u00e7alo<\/strong> <strong>Ramos<\/strong>, attaquant du Benfica, serait dans le viseur de Luis Campos, le directeur du football du <strong>PSG<\/strong>.<\/p>\n<p align=\"justify\">R\u00e9v\u00e9l\u00e9 aux yeux du grand public lors de la Coupe du monde, le Portugais pourrait donc \u00eatre l&rsquo;attaquant pivot dont r\u00eave <strong>Kylian<\/strong> <strong>Mbapp\u00e9<\/strong> depuis plus d&rsquo;une saison. Les discussions ont d\u00e9but\u00e9 entre les diff\u00e9rentes parties, mais le club portugais serait gourmand sur le montant du transfert. <strong>Benfica<\/strong> r\u00e9clamerait pas moins de 80 millions d&rsquo;euros pour laisser partir son attaquant international.<\/p>\n<blockquote class=\"twitter-tweet\">\n<p dir=\"ltr\" lang=\"fr\">\ud83d\udea8\ud83d\udea8 Le PSG ATTAQUE pour Gon\u00e7alo Ramos \ud83c\uddf5\ud83c\uddf9 !<\/p>\n<p>Le PSG pr\u00e9voit d\u2019entamer des n\u00e9gociations avec Benfica pour s\u2019attacher les services de l\u2019attaquant. \ud83d\udd1c<\/p>\n<p>Le joueur dispose d\u2019une clause de 120M\u20ac cependant les dirigeants du SLB seraient pr\u00eats \u00e0 n\u00e9gocier \u00e0 partir de 80M\u20ac. \ud83d\udcb0 (A Bola) <a href=\"https:\/\/t.co\/5UocvENcBJ\">pic.twitter.com\/5UocvENcBJ<\/a><\/p>\n<p>\u2014 \ud83d\udce3 MEGA PSG (@MegaPSG_) <a href=\"https:\/\/twitter.com\/MegaPSG_\/status\/1669233220833910784?ref_src=twsrc%5Etfw\">June 15, 2023<\/a><\/p><\/blockquote>\n<p><script async src=\"https:\/\/platform.twitter.com\/widgets.js\" charset=\"utf-8\"><\/script><\/p>\n","protected":false},"excerpt":{"rendered":"<p>LIGUE 1 2023-2024 &#8211; Selon A Bola, le Paris Saint-Germain aurait d\u00e9but\u00e9 des n\u00e9gociations pour recruter Gon\u00e7alo Ramos cet \u00e9t\u00e9.\u00a0<\/p>\n","protected":false},"author":1,"featured_media":391403,"comment_status":"open","ping_status":"closed","sticky":false,"template":"","format":"standard","meta":{"_acf_changed":false,"_daextam_enable_autolinks":"","footnotes":""},"categories":[2301,47045],"tags":[8234,16878,75,25269,1230,910,5349],"class_list":["post-391400","post","type-post","status-publish","format-standard","has-post-thumbnail","hentry","category-football","category-ligue-1","tag-benfica","tag-breve","tag-football","tag-goncalo-ramos","tag-paris-saint-germain","tag-psg","tag-ramos"],"acf":[],"yoast_head":"<!-- This site is optimized with the Yoast SEO Premium plugin v26.7 (Yoast SEO v26.7) - https:\/\/yoast.com\/wordpress\/plugins\/seo\/ -->\n<title>Mercato PSG : Paris s&#039;attaque \u00e0 Gon\u00e7alo Ramos<\/title>\n<meta name=\"description\" content=\"LIGUE 1 2023-2024 - Selon A Bola, le Paris Saint-Germain aurait d\u00e9but\u00e9 des n\u00e9gociations pour recruter Gon\u00e7alo Ramos cet \u00e9t\u00e9.\u00a0\" \/>\n<meta name=\"robots\" content=\"index, follow, max-snippet:-1, max-image-preview:large, max-video-preview:-1\" \/>\n<link rel=\"canonical\" href=\"https:\/\/dicodusport.fr\/blog\/mercato-psg-paris-sattaque-a-goncalo-ramos\/\" \/>\n<meta property=\"og:locale\" content=\"fr_FR\" \/>\n<meta property=\"og:type\" content=\"article\" \/>\n<meta property=\"og:title\" content=\"Mercato PSG : Paris s&#039;attaque \u00e0 Gon\u00e7alo Ramos\" \/>\n<meta property=\"og:description\" content=\"LIGUE 1 2023-2024 - Selon A Bola, le Paris Saint-Germain aurait d\u00e9but\u00e9 des n\u00e9gociations pour recruter Gon\u00e7alo Ramos cet \u00e9t\u00e9.\u00a0\" \/>\n<meta property=\"og:url\" content=\"https:\/\/dicodusport.fr\/blog\/mercato-psg-paris-sattaque-a-goncalo-ramos\/\" \/>\n<meta property=\"og:site_name\" content=\"Dicodusport\" \/>\n<meta property=\"article:publisher\" content=\"https:\/\/www.facebook.com\/dicodusport\" \/>\n<meta property=\"article:author\" content=\"https:\/\/www.facebook.com\/dicodusport\" \/>\n<meta property=\"article:published_time\" content=\"2023-06-15T10:33:45+00:00\" \/>\n<meta property=\"article:modified_time\" content=\"2023-06-15T10:45:15+00:00\" \/>\n<meta property=\"og:image\" content=\"https:\/\/dicodusport.fr\/blog\/wp-content\/uploads\/2023\/06\/Mercato-PSG-Paris-sattaque-a-Goncalo-Ramos.png\" \/>\n\t<meta property=\"og:image:width\" content=\"800\" \/>\n\t<meta property=\"og:image:height\" content=\"445\" \/>\n\t<meta property=\"og:image:type\" content=\"image\/png\" \/>\n<meta name=\"author\" content=\"Nicolas Jacquemard\" \/>\n<meta name=\"twitter:card\" content=\"summary_large_image\" \/>\n<meta name=\"twitter:title\" content=\"Mercato PSG : Paris s&#039;attaque \u00e0 Gon\u00e7alo Ramos\" \/>\n<meta name=\"twitter:creator\" content=\"@https:\/\/twitter.com\/Nico_Jacquemard\" \/>\n<meta name=\"twitter:site\" content=\"@dicodusport\" \/>\n<script type=\"application\/ld+json\" class=\"yoast-schema-graph\">{\"@context\":\"https:\/\/schema.org\",\"@graph\":[{\"@type\":\"NewsArticle\",\"@id\":\"https:\/\/dicodusport.fr\/blog\/mercato-psg-paris-sattaque-a-goncalo-ramos\/#article\",\"isPartOf\":{\"@id\":\"https:\/\/dicodusport.fr\/blog\/mercato-psg-paris-sattaque-a-goncalo-ramos\/\"},\"author\":{\"name\":\"Nicolas Jacquemard\",\"@id\":\"https:\/\/dicodusport.fr\/blog\/#\/schema\/person\/55dcb50ad410894e431ed812bbb70191\"},\"headline\":\"Mercato PSG : Paris s&rsquo;attaque \u00e0 Gon\u00e7alo Ramos\",\"datePublished\":\"2023-06-15T10:33:45+00:00\",\"dateModified\":\"2023-06-15T10:45:15+00:00\",\"mainEntityOfPage\":{\"@id\":\"https:\/\/dicodusport.fr\/blog\/mercato-psg-paris-sattaque-a-goncalo-ramos\/\"},\"wordCount\":297,\"commentCount\":0,\"publisher\":{\"@id\":\"https:\/\/dicodusport.fr\/blog\/#organization\"},\"image\":{\"@id\":\"https:\/\/dicodusport.fr\/blog\/mercato-psg-paris-sattaque-a-goncalo-ramos\/#primaryimage\"},\"thumbnailUrl\":\"https:\/\/dicodusport.fr\/blog\/wp-content\/uploads\/2023\/06\/Mercato-PSG-Paris-sattaque-a-Goncalo-Ramos.png\",\"keywords\":[\"Benfica\",\"br\u00e8ve\",\"Football\",\"Gon\u00e7alo Ramos\",\"Paris Saint-Germain\",\"PSG\",\"Ramos\"],\"articleSection\":[\"Football\",\"Ligue 1\"],\"inLanguage\":\"fr-FR\",\"potentialAction\":[{\"@type\":\"CommentAction\",\"name\":\"Comment\",\"target\":[\"https:\/\/dicodusport.fr\/blog\/mercato-psg-paris-sattaque-a-goncalo-ramos\/#respond\"]}],\"copyrightYear\":\"2023\",\"copyrightHolder\":{\"@id\":\"https:\/\/dicodusport.fr\/blog\/#organization\"}},{\"@type\":\"WebPage\",\"@id\":\"https:\/\/dicodusport.fr\/blog\/mercato-psg-paris-sattaque-a-goncalo-ramos\/\",\"url\":\"https:\/\/dicodusport.fr\/blog\/mercato-psg-paris-sattaque-a-goncalo-ramos\/\",\"name\":\"Mercato PSG : Paris s'attaque \u00e0 Gon\u00e7alo Ramos\",\"isPartOf\":{\"@id\":\"https:\/\/dicodusport.fr\/blog\/#website\"},\"primaryImageOfPage\":{\"@id\":\"https:\/\/dicodusport.fr\/blog\/mercato-psg-paris-sattaque-a-goncalo-ramos\/#primaryimage\"},\"image\":{\"@id\":\"https:\/\/dicodusport.fr\/blog\/mercato-psg-paris-sattaque-a-goncalo-ramos\/#primaryimage\"},\"thumbnailUrl\":\"https:\/\/dicodusport.fr\/blog\/wp-content\/uploads\/2023\/06\/Mercato-PSG-Paris-sattaque-a-Goncalo-Ramos.png\",\"datePublished\":\"2023-06-15T10:33:45+00:00\",\"dateModified\":\"2023-06-15T10:45:15+00:00\",\"description\":\"LIGUE 1 2023-2024 - Selon A Bola, le Paris Saint-Germain aurait d\u00e9but\u00e9 des n\u00e9gociations pour recruter Gon\u00e7alo Ramos cet \u00e9t\u00e9.\u00a0\",\"breadcrumb\":{\"@id\":\"https:\/\/dicodusport.fr\/blog\/mercato-psg-paris-sattaque-a-goncalo-ramos\/#breadcrumb\"},\"inLanguage\":\"fr-FR\",\"potentialAction\":[{\"@type\":\"ReadAction\",\"target\":[\"https:\/\/dicodusport.fr\/blog\/mercato-psg-paris-sattaque-a-goncalo-ramos\/\"]}]},{\"@type\":\"ImageObject\",\"inLanguage\":\"fr-FR\",\"@id\":\"https:\/\/dicodusport.fr\/blog\/mercato-psg-paris-sattaque-a-goncalo-ramos\/#primaryimage\",\"url\":\"https:\/\/dicodusport.fr\/blog\/wp-content\/uploads\/2023\/06\/Mercato-PSG-Paris-sattaque-a-Goncalo-Ramos.png\",\"contentUrl\":\"https:\/\/dicodusport.fr\/blog\/wp-content\/uploads\/2023\/06\/Mercato-PSG-Paris-sattaque-a-Goncalo-Ramos.png\",\"width\":800,\"height\":445},{\"@type\":\"BreadcrumbList\",\"@id\":\"https:\/\/dicodusport.fr\/blog\/mercato-psg-paris-sattaque-a-goncalo-ramos\/#breadcrumb\",\"itemListElement\":[{\"@type\":\"ListItem\",\"position\":1,\"name\":\"Accueil\",\"item\":\"https:\/\/dicodusport.fr\/blog\/\"},{\"@type\":\"ListItem\",\"position\":2,\"name\":\"Mercato PSG : Paris s&rsquo;attaque \u00e0 Gon\u00e7alo Ramos\"}]},{\"@type\":\"WebSite\",\"@id\":\"https:\/\/dicodusport.fr\/blog\/#website\",\"url\":\"https:\/\/dicodusport.fr\/blog\/\",\"name\":\"Dicodusport\",\"description\":\"L&#039;encyclop\u00e9die de l&#039;actualit\u00e9 sportive\",\"publisher\":{\"@id\":\"https:\/\/dicodusport.fr\/blog\/#organization\"},\"potentialAction\":[{\"@type\":\"SearchAction\",\"target\":{\"@type\":\"EntryPoint\",\"urlTemplate\":\"https:\/\/dicodusport.fr\/blog\/?s={search_term_string}\"},\"query-input\":{\"@type\":\"PropertyValueSpecification\",\"valueRequired\":true,\"valueName\":\"search_term_string\"}}],\"inLanguage\":\"fr-FR\"},{\"@type\":\"NewsMediaOrganization\",\"@id\":\"https:\/\/dicodusport.fr\/blog\/#organization\",\"name\":\"Dicodusport\",\"url\":\"https:\/\/dicodusport.fr\/blog\/\",\"logo\":{\"@type\":\"ImageObject\",\"inLanguage\":\"fr-FR\",\"@id\":\"https:\/\/dicodusport.fr\/blog\/#\/schema\/logo\/image\/\",\"url\":\"https:\/\/dicodusport.fr\/blog\/wp-content\/uploads\/2020\/06\/cropped-LOGO-DICODUSPORT-2020-SANS-FOND-SANS-TEXTE.png\",\"contentUrl\":\"https:\/\/dicodusport.fr\/blog\/wp-content\/uploads\/2020\/06\/cropped-LOGO-DICODUSPORT-2020-SANS-FOND-SANS-TEXTE.png\",\"width\":512,\"height\":512,\"caption\":\"Dicodusport\"},\"image\":{\"@id\":\"https:\/\/dicodusport.fr\/blog\/#\/schema\/logo\/image\/\"},\"sameAs\":[\"https:\/\/www.facebook.com\/dicodusport\",\"https:\/\/x.com\/dicodusport\",\"https:\/\/www.instagram.com\/dicodusport\/\",\"https:\/\/www.youtube.com\/channel\/UC7V2KZ5sd3htJivAbA4ZG3w\"],\"description\":\"Dicodusport est l'encyclop\u00e9die de l'actualit\u00e9 sportive.\",\"email\":\"bonjour@dicodusport.fr\",\"legalName\":\"DICODUSPORT\",\"foundingDate\":\"2018-01-14\",\"vatID\":\"FR71834470973\",\"taxID\":\"83447097300043\",\"numberOfEmployees\":{\"@type\":\"QuantitativeValue\",\"minValue\":\"1\",\"maxValue\":\"10\"}},{\"@type\":\"Person\",\"@id\":\"https:\/\/dicodusport.fr\/blog\/#\/schema\/person\/55dcb50ad410894e431ed812bbb70191\",\"name\":\"Nicolas Jacquemard\",\"image\":{\"@type\":\"ImageObject\",\"inLanguage\":\"fr-FR\",\"@id\":\"https:\/\/dicodusport.fr\/blog\/#\/schema\/person\/image\/\",\"url\":\"https:\/\/dicodusport.fr\/blog\/wp-content\/uploads\/2021\/05\/Nicolas-Jacquemard-150x150.jpeg\",\"contentUrl\":\"https:\/\/dicodusport.fr\/blog\/wp-content\/uploads\/2021\/05\/Nicolas-Jacquemard-150x150.jpeg\",\"caption\":\"Nicolas Jacquemard\"},\"description\":\"Passionn\u00e9 de sport et entrepreneur depuis mes 18 ans, la cr\u00e9ation de Dicodusport m'a sembl\u00e9 \u00e9vidente pour participer \u00e0 la m\u00e9diatisation d'un plus grand nombre de sports. Le chemin est long mais avec une \u00e9quipe des plus motiv\u00e9es et les Jeux Olympiques de Paris 2024 en point de mire, nous y arriverons ! Journaliste dans le monde du sport depuis plus de 5 ans, je traite aussi bien de football, de rugby, de biathlon que de cyclisme.\",\"sameAs\":[\"https:\/\/www.facebook.com\/dicodusport\",\"https:\/\/x.com\/https:\/\/twitter.com\/Nico_Jacquemard\"],\"url\":\"https:\/\/dicodusport.fr\/blog\/author\/dicodusport\/\"}]}<\/script>\n<!-- \/ Yoast SEO Premium plugin. -->","yoast_head_json":{"title":"Mercato PSG : Paris s'attaque \u00e0 Gon\u00e7alo Ramos","description":"LIGUE 1 2023-2024 - Selon A Bola, le Paris Saint-Germain aurait d\u00e9but\u00e9 des n\u00e9gociations pour recruter Gon\u00e7alo Ramos cet \u00e9t\u00e9.\u00a0","robots":{"index":"index","follow":"follow","max-snippet":"max-snippet:-1","max-image-preview":"max-image-preview:large","max-video-preview":"max-video-preview:-1"},"canonical":"https:\/\/dicodusport.fr\/blog\/mercato-psg-paris-sattaque-a-goncalo-ramos\/","og_locale":"fr_FR","og_type":"article","og_title":"Mercato PSG : Paris s'attaque \u00e0 Gon\u00e7alo Ramos","og_description":"LIGUE 1 2023-2024 - Selon A Bola, le Paris Saint-Germain aurait d\u00e9but\u00e9 des n\u00e9gociations pour recruter Gon\u00e7alo Ramos cet \u00e9t\u00e9.\u00a0","og_url":"https:\/\/dicodusport.fr\/blog\/mercato-psg-paris-sattaque-a-goncalo-ramos\/","og_site_name":"Dicodusport","article_publisher":"https:\/\/www.facebook.com\/dicodusport","article_author":"https:\/\/www.facebook.com\/dicodusport","article_published_time":"2023-06-15T10:33:45+00:00","article_modified_time":"2023-06-15T10:45:15+00:00","og_image":[{"width":800,"height":445,"url":"https:\/\/dicodusport.fr\/blog\/wp-content\/uploads\/2023\/06\/Mercato-PSG-Paris-sattaque-a-Goncalo-Ramos.png","type":"image\/png"}],"author":"Nicolas Jacquemard","twitter_card":"summary_large_image","twitter_title":"Mercato PSG : Paris s'attaque \u00e0 Gon\u00e7alo Ramos","twitter_creator":"@https:\/\/twitter.com\/Nico_Jacquemard","twitter_site":"@dicodusport","schema":{"@context":"https:\/\/schema.org","@graph":[{"@type":"NewsArticle","@id":"https:\/\/dicodusport.fr\/blog\/mercato-psg-paris-sattaque-a-goncalo-ramos\/#article","isPartOf":{"@id":"https:\/\/dicodusport.fr\/blog\/mercato-psg-paris-sattaque-a-goncalo-ramos\/"},"author":{"name":"Nicolas Jacquemard","@id":"https:\/\/dicodusport.fr\/blog\/#\/schema\/person\/55dcb50ad410894e431ed812bbb70191"},"headline":"Mercato PSG : Paris s&rsquo;attaque \u00e0 Gon\u00e7alo Ramos","datePublished":"2023-06-15T10:33:45+00:00","dateModified":"2023-06-15T10:45:15+00:00","mainEntityOfPage":{"@id":"https:\/\/dicodusport.fr\/blog\/mercato-psg-paris-sattaque-a-goncalo-ramos\/"},"wordCount":297,"commentCount":0,"publisher":{"@id":"https:\/\/dicodusport.fr\/blog\/#organization"},"image":{"@id":"https:\/\/dicodusport.fr\/blog\/mercato-psg-paris-sattaque-a-goncalo-ramos\/#primaryimage"},"thumbnailUrl":"https:\/\/dicodusport.fr\/blog\/wp-content\/uploads\/2023\/06\/Mercato-PSG-Paris-sattaque-a-Goncalo-Ramos.png","keywords":["Benfica","br\u00e8ve","Football","Gon\u00e7alo Ramos","Paris Saint-Germain","PSG","Ramos"],"articleSection":["Football","Ligue 1"],"inLanguage":"fr-FR","potentialAction":[{"@type":"CommentAction","name":"Comment","target":["https:\/\/dicodusport.fr\/blog\/mercato-psg-paris-sattaque-a-goncalo-ramos\/#respond"]}],"copyrightYear":"2023","copyrightHolder":{"@id":"https:\/\/dicodusport.fr\/blog\/#organization"}},{"@type":"WebPage","@id":"https:\/\/dicodusport.fr\/blog\/mercato-psg-paris-sattaque-a-goncalo-ramos\/","url":"https:\/\/dicodusport.fr\/blog\/mercato-psg-paris-sattaque-a-goncalo-ramos\/","name":"Mercato PSG : Paris s'attaque \u00e0 Gon\u00e7alo Ramos","isPartOf":{"@id":"https:\/\/dicodusport.fr\/blog\/#website"},"primaryImageOfPage":{"@id":"https:\/\/dicodusport.fr\/blog\/mercato-psg-paris-sattaque-a-goncalo-ramos\/#primaryimage"},"image":{"@id":"https:\/\/dicodusport.fr\/blog\/mercato-psg-paris-sattaque-a-goncalo-ramos\/#primaryimage"},"thumbnailUrl":"https:\/\/dicodusport.fr\/blog\/wp-content\/uploads\/2023\/06\/Mercato-PSG-Paris-sattaque-a-Goncalo-Ramos.png","datePublished":"2023-06-15T10:33:45+00:00","dateModified":"2023-06-15T10:45:15+00:00","description":"LIGUE 1 2023-2024 - Selon A Bola, le Paris Saint-Germain aurait d\u00e9but\u00e9 des n\u00e9gociations pour recruter Gon\u00e7alo Ramos cet \u00e9t\u00e9.\u00a0","breadcrumb":{"@id":"https:\/\/dicodusport.fr\/blog\/mercato-psg-paris-sattaque-a-goncalo-ramos\/#breadcrumb"},"inLanguage":"fr-FR","potentialAction":[{"@type":"ReadAction","target":["https:\/\/dicodusport.fr\/blog\/mercato-psg-paris-sattaque-a-goncalo-ramos\/"]}]},{"@type":"ImageObject","inLanguage":"fr-FR","@id":"https:\/\/dicodusport.fr\/blog\/mercato-psg-paris-sattaque-a-goncalo-ramos\/#primaryimage","url":"https:\/\/dicodusport.fr\/blog\/wp-content\/uploads\/2023\/06\/Mercato-PSG-Paris-sattaque-a-Goncalo-Ramos.png","contentUrl":"https:\/\/dicodusport.fr\/blog\/wp-content\/uploads\/2023\/06\/Mercato-PSG-Paris-sattaque-a-Goncalo-Ramos.png","width":800,"height":445},{"@type":"BreadcrumbList","@id":"https:\/\/dicodusport.fr\/blog\/mercato-psg-paris-sattaque-a-goncalo-ramos\/#breadcrumb","itemListElement":[{"@type":"ListItem","position":1,"name":"Accueil","item":"https:\/\/dicodusport.fr\/blog\/"},{"@type":"ListItem","position":2,"name":"Mercato PSG : Paris s&rsquo;attaque \u00e0 Gon\u00e7alo Ramos"}]},{"@type":"WebSite","@id":"https:\/\/dicodusport.fr\/blog\/#website","url":"https:\/\/dicodusport.fr\/blog\/","name":"Dicodusport","description":"L&#039;encyclop\u00e9die de l&#039;actualit\u00e9 sportive","publisher":{"@id":"https:\/\/dicodusport.fr\/blog\/#organization"},"potentialAction":[{"@type":"SearchAction","target":{"@type":"EntryPoint","urlTemplate":"https:\/\/dicodusport.fr\/blog\/?s={search_term_string}"},"query-input":{"@type":"PropertyValueSpecification","valueRequired":true,"valueName":"search_term_string"}}],"inLanguage":"fr-FR"},{"@type":"NewsMediaOrganization","@id":"https:\/\/dicodusport.fr\/blog\/#organization","name":"Dicodusport","url":"https:\/\/dicodusport.fr\/blog\/","logo":{"@type":"ImageObject","inLanguage":"fr-FR","@id":"https:\/\/dicodusport.fr\/blog\/#\/schema\/logo\/image\/","url":"https:\/\/dicodusport.fr\/blog\/wp-content\/uploads\/2020\/06\/cropped-LOGO-DICODUSPORT-2020-SANS-FOND-SANS-TEXTE.png","contentUrl":"https:\/\/dicodusport.fr\/blog\/wp-content\/uploads\/2020\/06\/cropped-LOGO-DICODUSPORT-2020-SANS-FOND-SANS-TEXTE.png","width":512,"height":512,"caption":"Dicodusport"},"image":{"@id":"https:\/\/dicodusport.fr\/blog\/#\/schema\/logo\/image\/"},"sameAs":["https:\/\/www.facebook.com\/dicodusport","https:\/\/x.com\/dicodusport","https:\/\/www.instagram.com\/dicodusport\/","https:\/\/www.youtube.com\/channel\/UC7V2KZ5sd3htJivAbA4ZG3w"],"description":"Dicodusport est l'encyclop\u00e9die de l'actualit\u00e9 sportive.","email":"bonjour@dicodusport.fr","legalName":"DICODUSPORT","foundingDate":"2018-01-14","vatID":"FR71834470973","taxID":"83447097300043","numberOfEmployees":{"@type":"QuantitativeValue","minValue":"1","maxValue":"10"}},{"@type":"Person","@id":"https:\/\/dicodusport.fr\/blog\/#\/schema\/person\/55dcb50ad410894e431ed812bbb70191","name":"Nicolas Jacquemard","image":{"@type":"ImageObject","inLanguage":"fr-FR","@id":"https:\/\/dicodusport.fr\/blog\/#\/schema\/person\/image\/","url":"https:\/\/dicodusport.fr\/blog\/wp-content\/uploads\/2021\/05\/Nicolas-Jacquemard-150x150.jpeg","contentUrl":"https:\/\/dicodusport.fr\/blog\/wp-content\/uploads\/2021\/05\/Nicolas-Jacquemard-150x150.jpeg","caption":"Nicolas Jacquemard"},"description":"Passionn\u00e9 de sport et entrepreneur depuis mes 18 ans, la cr\u00e9ation de Dicodusport m'a sembl\u00e9 \u00e9vidente pour participer \u00e0 la m\u00e9diatisation d'un plus grand nombre de sports. Le chemin est long mais avec une \u00e9quipe des plus motiv\u00e9es et les Jeux Olympiques de Paris 2024 en point de mire, nous y arriverons ! Journaliste dans le monde du sport depuis plus de 5 ans, je traite aussi bien de football, de rugby, de biathlon que de cyclisme.","sameAs":["https:\/\/www.facebook.com\/dicodusport","https:\/\/x.com\/https:\/\/twitter.com\/Nico_Jacquemard"],"url":"https:\/\/dicodusport.fr\/blog\/author\/dicodusport\/"}]}},"_links":{"self":[{"href":"https:\/\/dicodusport.fr\/blog\/wp-json\/wp\/v2\/posts\/391400","targetHints":{"allow":["GET"]}}],"collection":[{"href":"https:\/\/dicodusport.fr\/blog\/wp-json\/wp\/v2\/posts"}],"about":[{"href":"https:\/\/dicodusport.fr\/blog\/wp-json\/wp\/v2\/types\/post"}],"author":[{"embeddable":true,"href":"https:\/\/dicodusport.fr\/blog\/wp-json\/wp\/v2\/users\/1"}],"replies":[{"embeddable":true,"href":"https:\/\/dicodusport.fr\/blog\/wp-json\/wp\/v2\/comments?post=391400"}],"version-history":[{"count":0,"href":"https:\/\/dicodusport.fr\/blog\/wp-json\/wp\/v2\/posts\/391400\/revisions"}],"wp:featuredmedia":[{"embeddable":true,"href":"https:\/\/dicodusport.fr\/blog\/wp-json\/wp\/v2\/media\/391403"}],"wp:attachment":[{"href":"https:\/\/dicodusport.fr\/blog\/wp-json\/wp\/v2\/media?parent=391400"}],"wp:term":[{"taxonomy":"category","embeddable":true,"href":"https:\/\/dicodusport.fr\/blog\/wp-json\/wp\/v2\/categories?post=391400"},{"taxonomy":"post_tag","embeddable":true,"href":"https:\/\/dicodusport.fr\/blog\/wp-json\/wp\/v2\/tags?post=391400"}],"curies":[{"name":"wp","href":"https:\/\/api.w.org\/{rel}","templated":true}]}}