{"id":391404,"date":"2023-06-15T19:25:24","date_gmt":"2023-06-15T17:25:24","guid":{"rendered":"https:\/\/dicodusport.fr\/blog\/?p=391404"},"modified":"2023-06-15T22:32:40","modified_gmt":"2023-06-15T20:32:40","slug":"jeux-europeens-2023-la-selection-francaise","status":"publish","type":"post","link":"https:\/\/dicodusport.fr\/blog\/jeux-europeens-2023-la-selection-francaise\/","title":{"rendered":"Jeux Europ\u00e9ens 2023 : La s\u00e9lection fran\u00e7aise"},"content":{"rendered":"<p style=\"text-align: justify;\"><strong><em>JEUX EUROP\u00c9ENS 2023 &#8211; Le 21 juin prochain d\u00e9buteront les 3\u00e8mes Jeux Europ\u00e9ens dans la ville polonaise de Cracovie (Pologne) et ses alentours. Avec 270 athl\u00e8tes, la France ira chercher des titres europ\u00e9ens ainsi que des points importants pour la course aux Jeux Olympiques 2024.<\/em><\/strong><\/p>\n<h2 style=\"text-align: justify;\">Man\u00e9 et Valladont en porte-drapeaux<\/h2>\n<p style=\"text-align: justify;\">Apr\u00e8s Bakou (Azerba\u00efdjan) 2015 et Minsk (Bi\u00e9lorussie) 2019, les Jeux Europ\u00e9ens sont une nouvelle fois organis\u00e9s dans l&rsquo;est de l&rsquo;Europe, \u00e0 Cracovie (Pologne). Pour la premi\u00e8re fois, dans une ville qui n&rsquo;est pas la capitale du pays h\u00f4te. Comme c&rsquo;est de coutume depuis plusieurs ann\u00e9es, l&rsquo;\u00e9quipe de France aura un duo mixte en porte-drapeau lors de la c\u00e9r\u00e9monie d&rsquo;ouverture. <strong>Marie Man\u00e9<\/strong>, championne d&rsquo;Europe de basket 3&#215;3 en 2022 et <strong>Jean-Charles Valladont<\/strong>, vice-champion olympique de tir \u00e0 l&rsquo;arc et tenant du titre aux Jeux Europ\u00e9ens. Bien que les disciplines ne soient pas les m\u00eames qu&rsquo;en 2019, les 270 Bleus s\u00e9lectionn\u00e9s esp\u00e8rent sans doute faire mieux que le bilan mitig\u00e9 des 28 m\u00e9dailles dont 6 en or de Minsk.<\/p>\n<p style=\"text-align: justify;\">Cette ann\u00e9e, 29 disciplines seront repr\u00e9sent\u00e9es, dont 25 verront des Fran\u00e7ais concourir. Parmi elles, 19 disciplines permettront de gagner des points, voire m\u00eame son ticket, pour les Jeux Olympiques de Paris. Enfin, pour 12 disciplines, les Jeux Europ\u00e9ens feront office de championnats d&rsquo;Europe, en athl\u00e9tisme par \u00e9quipes, en badminton, en cano\u00eb-kayak slalom et sprint, en BMX freestyle, en VTT, en escrime par \u00e9quipes, en judo par \u00e9quipes, en natation artistique, en pentathlon moderne, en plongeon et en teqball. Cette derni\u00e8re est une des nouvelles disciplines \u00e0 l&rsquo;honneur et sera accompagn\u00e9e du handball de plage, du breakdance, du kickboxing, de muay-tha\u00ef, du padel ou encore du saut \u00e0 ski d&rsquo;\u00e9t\u00e9.<\/p>\n<div class=\"vlp-link-container vlp-layout-article\"><a href=\"https:\/\/dicodusport.fr\/blog\/jeux-europeens-2023-les-places-en-jeu-pour-paris-2024\/\" class=\"vlp-link\" title=\"Jeux Europ\u00e9ens 2023 : Les places en jeu pour Paris 2024\"><\/a><div class=\"vlp-layout-zone-side\"><div class=\"vlp-block-4 vlp-link-image\"><img loading=\"lazy\" decoding=\"async\" style=\"max-width: 800px;\" width=\"800\" height=\"445\" src=\"https:\/\/dicodusport.fr\/blog\/wp-content\/uploads\/2023\/05\/Jeux-Europeens-2023-Les-places-en-jeu-pour-Paris-2024.png\" class=\"attachment-800x445 size-800x445\" alt=\"Jeux Europ\u00e9ens 2023 Les places en jeu pour Paris 2024\" srcset=\"https:\/\/dicodusport.fr\/blog\/wp-content\/uploads\/2023\/05\/Jeux-Europeens-2023-Les-places-en-jeu-pour-Paris-2024.png 800w, https:\/\/dicodusport.fr\/blog\/wp-content\/uploads\/2023\/05\/Jeux-Europeens-2023-Les-places-en-jeu-pour-Paris-2024-300x167.png 300w, https:\/\/dicodusport.fr\/blog\/wp-content\/uploads\/2023\/05\/Jeux-Europeens-2023-Les-places-en-jeu-pour-Paris-2024-768x427.png 768w\" sizes=\"auto, (max-width: 800px) 100vw, 800px\" \/><\/div><\/div><div class=\"vlp-layout-zone-main\"><div class=\"vlp-block-0 vlp-link-title\">Jeux Europ\u00e9ens 2023 : Les places en jeu pour Paris 2024<\/div><div class=\"vlp-block-1 vlp-link-summary\">JEUX EUROP\u00c9ENS 2023 - Dans moins d'un mois, la ville polonaise de Cracovie accueillera les troisi\u00e8mes Jeux Europ\u00e9ens, une des plus grandes comp\u00e9titions multisports. \u00c0 cette occasion, de nombreuses places seront \u00e0 pourvoir en vue des Jeux Olympiques de Paris 2024. On fait le point.<\/div><div class=\"vlp-block-2 vlp-link-button\">Lire l'article<\/div><div class=\"vlp-block-3 vlp-link-url\">dicodusport.fr<\/div><\/div><\/div>\n<h2 style=\"text-align: justify;\">La s\u00e9lection<\/h2>\n<p style=\"text-align: justify;\"><strong>Athl\u00e9tisme<\/strong><\/p>\n<ul style=\"text-align: justify;\">\n<li>Via ce lien : <a href=\"https:\/\/dicodusport.fr\/blog\/athletisme-ch-deurope-par-equipes-la-selection-francaise\/\">La s\u00e9lection fran\u00e7aise<\/a><\/li>\n<\/ul>\n<p style=\"text-align: justify;\"><strong>Badminton<\/strong><\/p>\n<ul style=\"text-align: justify;\">\n<li><strong>Xuefei Qi<\/strong> &#8211; simple<\/li>\n<li><strong>Margot Lambert<\/strong> &#8211; double dame<\/li>\n<li><strong>Anne Tran<\/strong> &#8211; double dame<\/li>\n<li><strong>Delphine Delrue<\/strong> &#8211; double mixte<\/li>\n<li><strong>Toma Junior Popov<\/strong> &#8211; simple \/ double homme<\/li>\n<li><strong>Christo Popov<\/strong> &#8211; simple \/ double homme<\/li>\n<li><strong>Thom Gicquel<\/strong> &#8211; double mixte<\/li>\n<\/ul>\n<p style=\"text-align: justify;\"><strong>Basket 3&#215;3<\/strong><\/p>\n<ul style=\"text-align: justify;\">\n<li><strong>Myriam Dj\u00e9koundad\u00e9<\/strong><\/li>\n<li><strong>Hortense Limouzin<\/strong><\/li>\n<li><strong>Marie Man\u00e9<\/strong><\/li>\n<li><strong>Anne Ngo Ndjock<\/strong><\/li>\n<li><strong>Arthur Bruyas<\/strong><\/li>\n<li><strong>Math\u00e9o Cauwet<\/strong><\/li>\n<li><strong>Cl\u00e9ment Cavallo<\/strong><\/li>\n<li><strong>Alexandre Aygalenq<\/strong><\/li>\n<\/ul>\n<p style=\"text-align: justify;\"><strong>Boxe<\/strong><\/p>\n<ul style=\"text-align: justify;\">\n<li><strong>Wassila Lkhadiri<\/strong> &#8211; -50 kg<\/li>\n<li><strong>Delphine Mancini<\/strong> &#8211; -54 kg<\/li>\n<li><strong>Amina Zidani<\/strong> &#8211; -57 kg<\/li>\n<li><strong>Estelle Mossely<\/strong> &#8211; -60 kg<\/li>\n<li><strong>Emilie Sonvico<\/strong> &#8211; -66 kg<\/li>\n<li><strong>Davina Michel<\/strong> &#8211; -75 kg<\/li>\n<li><strong>Billal Bennama<\/strong> &#8211; -51 kg<\/li>\n<li><strong>Riad Labidi<\/strong> &#8211; -57 kg<\/li>\n<li><strong>Sofiane Oumiha<\/strong> &#8211; -63,5 kg<\/li>\n<li><strong>Makan Traor\u00e9<\/strong> &#8211; -71 kg<\/li>\n<li><strong>Mathieu Bauderlique<\/strong> &#8211; -80 kg<\/li>\n<li><strong>Soheb Bouafia<\/strong> &#8211; -92 kg<\/li>\n<li><strong>Djamili Dini Aboudou Moindze<\/strong> &#8211; +92 kg<\/li>\n<\/ul>\n<p style=\"text-align: justify;\"><strong>Breaking<\/strong><\/p>\n<ul style=\"text-align: justify;\">\n<li><strong>Sya Demb\u00e9l\u00e9<\/strong><\/li>\n<li><strong>Carlota Dudek<\/strong><\/li>\n<li><strong>Ga\u00ebtan Alin<\/strong><\/li>\n<li><strong>Danis Civil<\/strong><\/li>\n<\/ul>\n<p style=\"text-align: justify;\"><strong>Cano\u00eb-kayak slalom<\/strong><\/p>\n<ul style=\"text-align: justify;\">\n<li><strong>Camille Prigent<\/strong> &#8211; K1 individuel et par \u00e9quipes \/ kayak cross<\/li>\n<li><strong>Emma Vuitton<\/strong> &#8211; K1 individuel et par \u00e9quipes \/ kayak cross<\/li>\n<li><strong>Marjorie Delassus<\/strong> &#8211; K1 individuel et par \u00e9quipes \/ C1 individuel et par \u00e9quipes \/ kayak cross<\/li>\n<li><strong>Ang\u00e8le Hug<\/strong> &#8211; C1 individuel et par \u00e9quipes<\/li>\n<li><strong>Lucie Prioux<\/strong> &#8211; C1 individuel et par \u00e9quipes<\/li>\n<li><strong>Titouan Castryck<\/strong> &#8211; K1 individuel et par \u00e9quipes \/ kayak cross<\/li>\n<li><strong>Boris Neveu<\/strong> &#8211; K1 individuel et par \u00e9quipes \/ kayak cross<\/li>\n<li><strong>Benjamin Renia<\/strong> &#8211; K1 individuel et par \u00e9quipes \/ kayak cross<\/li>\n<li><strong>Jules Bernardet<\/strong> &#8211; C1 individuel et par \u00e9quipes \/ kayak cross<\/li>\n<li><strong>Nicolas Gestin<\/strong> &#8211; C1 individuel et par \u00e9quipes \/ kayak cross<\/li>\n<li><strong>Lucas Roisin<\/strong> &#8211; C1 individuel et par \u00e9quipes \/ kayak cross<\/li>\n<\/ul>\n<p style=\"text-align: justify;\"><strong>Cano\u00eb-kayak sprint\u00a0<\/strong><\/p>\n<ul style=\"text-align: justify;\">\n<li>Eug\u00e9nie Dorange &#8211; C1 200m \/ C2 500m<\/li>\n<li><strong>Axelle Renard<\/strong> &#8211; C2 500m<\/li>\n<li><strong>Chlo\u00e9 Nicot<\/strong> &#8211; C2 mixte 200m<\/li>\n<li><strong>Manon Hostens<\/strong> &#8211; K2 500m<\/li>\n<li><strong>Vanina Paoletti<\/strong> &#8211; K1 500m \/ K2 500m<\/li>\n<li><strong>Capucine Dubut<\/strong> &#8211; K2 mixte 200m<\/li>\n<li><strong>Adrien Bart<\/strong> &#8211; C1 500m \/ C2 500m<\/li>\n<li><strong>Lo\u00efc L\u00e9onard<\/strong> &#8211; C2 500m<\/li>\n<li><strong>Lucas Laroche<\/strong> &#8211; C2 mixte 200m<\/li>\n<li><strong>Maxime Beaumont<\/strong> &#8211; K4 500m<\/li>\n<li><strong>Guillaume Burger<\/strong> &#8211; K4 500m<\/li>\n<li><strong>Quilian Koch<\/strong> &#8211; K4 500m<\/li>\n<li><strong>Guillaume Le Floch Decorchemont<\/strong> &#8211; K4 500m<\/li>\n<li><strong>Etienne Hubert<\/strong> &#8211; K1 500m \/ K2 500m<\/li>\n<li><strong>Francis Mouget<\/strong> &#8211; K2 500m<\/li>\n<li><strong>Steven Henry<\/strong> &#8211; K2 mixte 200m<\/li>\n<\/ul>\n<p style=\"text-align: justify;\"><strong>Cyclisme<\/strong><\/p>\n<ul style=\"text-align: justify;\">\n<li><strong>Kenza Chaal<\/strong> &#8211; BMX freestyle<\/li>\n<li><strong>Laury Perez<\/strong> &#8211; BMX freestyle<\/li>\n<li><strong>Istvan Caillet<\/strong> &#8211; BMX freestyle<\/li>\n<li><strong>Anthony Jeanjean<\/strong> &#8211; BMX freestyle<\/li>\n<li><strong>Pauline Ferrand-Pr\u00e9ot<\/strong> &#8211; VTT cross-country<\/li>\n<li><strong>Loana Lecomte<\/strong> &#8211; VTT cross-country<\/li>\n<li><strong>Mathis Azzaro<\/strong> &#8211; VTT cross-country<\/li>\n<\/ul>\n<p style=\"text-align: justify;\"><strong>Escalade<\/strong><\/p>\n<ul style=\"text-align: justify;\">\n<li><strong>Z\u00e9lia Avezou<\/strong> &#8211; bloc \/ difficult\u00e9<\/li>\n<li><strong>Agathe Calliet<\/strong> &#8211; bloc<\/li>\n<li><strong>Thomas Lemagner<\/strong> &#8211; bloc<\/li>\n<li><strong>Samuel Richard<\/strong> &#8211; bloc<\/li>\n<li><strong>Camille Pouget<\/strong> &#8211; difficult\u00e9<\/li>\n<li><strong>Diego Fourbet<\/strong> &#8211; difficult\u00e9<\/li>\n<li><strong>Jordi Poles<\/strong> &#8211; difficult\u00e9<\/li>\n<li><strong>Victoire Andrier<\/strong> &#8211; vitesse<\/li>\n<li><strong>Capucine Viglione<\/strong> &#8211; vitesse<\/li>\n<li><strong>Marceau Garnier<\/strong> &#8211; vitesse<\/li>\n<li><strong>Pierre Rebreyend<\/strong> &#8211; vitesse<\/li>\n<\/ul>\n<p style=\"text-align: justify;\"><strong>Escrime<\/strong><\/p>\n<ul style=\"text-align: justify;\">\n<li><strong>Marie-Florence Candassamy<\/strong> &#8211; \u00e9p\u00e9e<\/li>\n<li><strong>Auriane Mallo<\/strong> &#8211; \u00e9p\u00e9e<\/li>\n<li><strong>Alexandra Louis-Marie<\/strong> &#8211; \u00e9p\u00e9e<\/li>\n<li><strong>Coraline Vitalis<\/strong> &#8211; \u00e9p\u00e9e<\/li>\n<li><strong>Romain Cannone<\/strong> &#8211; \u00e9p\u00e9e<\/li>\n<li><strong>Alexandre Bardenet<\/strong> &#8211; \u00e9p\u00e9e<\/li>\n<li><strong>Alex Fava<\/strong> &#8211; \u00e9p\u00e9e<\/li>\n<li><strong>Nelson Lopez-Pourtier<\/strong> &#8211; \u00e9p\u00e9e<\/li>\n<li><strong>Ysaora Thibus<\/strong> &#8211; fleuret<\/li>\n<li><strong>Pauline Ranvier<\/strong> &#8211; fleuret<\/li>\n<li><strong>Anita Blaze<\/strong> &#8211; fleuret<\/li>\n<li><strong>Morgane Patru<\/strong> &#8211; fleuret<\/li>\n<li><strong>Enzo Lefort<\/strong> &#8211; fleuret<\/li>\n<li><strong>Maxime Pauty<\/strong> &#8211; fleuret<\/li>\n<li><strong>Alexandre Ediri<\/strong> &#8211; fleuret<\/li>\n<li><strong>Rafa\u00ebl Savin<\/strong> &#8211; fleuret<\/li>\n<li><strong>Sara Balzer<\/strong> &#8211; sabre<\/li>\n<li><strong>Manon Brunet-Apithy<\/strong> &#8211; sabre<\/li>\n<li><strong>C\u00e9cilia Berder<\/strong> &#8211; sabre<\/li>\n<li><strong>Margaux Rifkiss<\/strong> &#8211; sabre<\/li>\n<li><strong>Bolade Apithy<\/strong> &#8211; sabre<\/li>\n<li><strong>S\u00e9bastien Patrice<\/strong> &#8211; sabre<\/li>\n<li><strong>Maxime Pianfetti<\/strong> &#8211; sabre<\/li>\n<li><strong>Tom Seitz<\/strong> &#8211; sabre<\/li>\n<\/ul>\n<p style=\"text-align: justify;\"><strong>Judo<\/strong><\/p>\n<ul style=\"text-align: justify;\">\n<li><strong>Sarah-L\u00e9onie Cysique<\/strong> &#8211; \u00e9quipe mixte<\/li>\n<li><strong>Priscilla Gneto<\/strong> &#8211; \u00e9quipe mixte<\/li>\n<li><strong>Kaila Issoufi<\/strong> &#8211; \u00e9quipe mixte<\/li>\n<li><strong>Margaux Pinot<\/strong> &#8211; \u00e9quipe mixte<\/li>\n<li><strong>L\u00e9a Fontaine<\/strong> &#8211; \u00e9quipe mixte<\/li>\n<li><strong>Samah-Hawa Camara<\/strong> &#8211; \u00e9quipe mixte<\/li>\n<li><strong>Benjamin Axus<\/strong> &#8211; \u00e9quipe mixte<\/li>\n<li><strong>Orlando Cazorla<\/strong> &#8211; \u00e9quipe mixte<\/li>\n<li><strong>Axel Clerget<\/strong> &#8211; \u00e9quipe mixte<\/li>\n<li><strong>Maxime-Ga\u00ebl Ngayap Hambo<\/strong> &#8211; \u00e9quipe mixte<\/li>\n<li><strong>Emre Sanal<\/strong> &#8211; \u00e9quipe mixte<\/li>\n<li><strong>Joseph Terhec<\/strong> &#8211; \u00e9quipe mixte<\/li>\n<\/ul>\n<p style=\"text-align: justify;\"><strong>Karat\u00e9<\/strong><\/p>\n<ul style=\"text-align: justify;\">\n<li><strong>Aliz\u00e9e Agier<\/strong> &#8211; -68 kg<\/li>\n<li><strong>Helv\u00e9tia Taily<\/strong> &#8211; kata<\/li>\n<li><strong>Franck Ngoyan<\/strong> &#8211; kata<\/li>\n<\/ul>\n<p style=\"text-align: justify;\"><strong>Muay-tha\u00ef<\/strong><\/p>\n<ul style=\"text-align: justify;\">\n<li><strong>Myriame Djedidi<\/strong> &#8211; -51 kg<\/li>\n<li><strong>Aurore Dos Santos<\/strong> &#8211; -54 kg<\/li>\n<li><strong>Nora Cornolle<\/strong> &#8211; -63,5 kg<\/li>\n<li><strong>Messie Kubila<\/strong> &#8211; -71 kg<\/li>\n<li><strong>Bilal Bakhouche Chareuf<\/strong> &#8211; -81 kg<\/li>\n<\/ul>\n<p style=\"text-align: justify;\"><strong>Natation artistique<\/strong><\/p>\n<ul style=\"text-align: justify;\">\n<li><strong>La\u00eblys Alavez<\/strong> &#8211; \u00e9quipe technique<\/li>\n<li><strong>Anastasia Bayandina<\/strong> &#8211; duo technique \/ \u00e9quipe technique \/ \u00e9quipe acrobatique<\/li>\n<li><strong>Manon Disbeaux<\/strong> &#8211; \u00e9quipe technique<\/li>\n<li><strong>Ambre Esnault<\/strong> &#8211; \u00e9quipe technique \/ \u00e9quipe acrobatique<\/li>\n<li><strong>Laura Gonzalez<\/strong> &#8211; \u00e9quipe acrobatique<\/li>\n<li><strong>Mayssa Guermoud<\/strong> &#8211; \u00e9quipe technique \/ \u00e9quipe acrobatique<\/li>\n<li><strong>Oriane Jaillardon<\/strong> &#8211; \u00e9quipe technique \/ \u00e9quipe acrobatique<\/li>\n<li><strong>Claudia Janvier<\/strong> &#8211; \u00e9quipe acrobatique<\/li>\n<li><strong>Romane Lunel<\/strong> &#8211; \u00e9quipe technique \/ \u00e9quipe acrobatique<\/li>\n<li><strong>Eve Planeix<\/strong> &#8211; duo technique \/ \u00e9quipe technique \/ \u00e9quipe acrobatique<\/li>\n<li><strong>Charlotte Tremble<\/strong> &#8211; \u00e9quipe technique \/ \u00e9quipe acrobatique<\/li>\n<li><strong>Laura Tremble<\/strong> &#8211; \u00e9quipe technique \/ \u00e9quipe acrobatique<\/li>\n<li><strong>Prune Tapie<\/strong> &#8211; duo technique mixte \/ duo libre mixte<\/li>\n<li><strong>Quentin Rakotomalala<\/strong> &#8211; duo technique mixte \/ duo libre mixte<\/li>\n<\/ul>\n<p style=\"text-align: justify;\"><strong>Plongeon<\/strong><\/p>\n<ul style=\"text-align: justify;\">\n<li><strong>Jules Bouyer<\/strong> &#8211; 1m \/ 3m \/ 3m synchronis\u00e9 \/ \u00e9quipe mixte<\/li>\n<li><strong>Alexis Jandard<\/strong> &#8211; 1m \/ 3m \/ 3m synchronis\u00e9 \/ \u00e9quipe mixte<\/li>\n<li><strong>Lo\u00efc Szymczak<\/strong> &#8211; 10m synchronis\u00e9<\/li>\n<li><strong>Gary Hunt<\/strong> &#8211; 10m synchronis\u00e9<\/li>\n<li><strong>Jade Gillet<\/strong> &#8211; 10m \/ 10m synchronis\u00e9 \/ 3m synchronis\u00e9 \/ \u00e9quipe mixte<\/li>\n<li><strong>Na\u00efs Gillet<\/strong> &#8211; 1m \/ 3m \/ 3m synchronis\u00e9 \/ \u00e9quipe mixte<\/li>\n<li><strong>Juliette Landi<\/strong> &#8211; 3m<\/li>\n<li><strong>Emily Hallifax<\/strong> &#8211; 10m synchronis\u00e9<\/li>\n<\/ul>\n<p style=\"text-align: justify;\"><strong>Padel<\/strong><\/p>\n<ul style=\"text-align: justify;\">\n<li><strong>Jessica Ginier<\/strong> &#8211; double dame \/ double mixte<\/li>\n<li><strong>Lucile Pothier<\/strong> &#8211; double dame \/ double mixte<\/li>\n<li><strong>Charlotte Soubri\u00e9<\/strong> &#8211; double dame<\/li>\n<li><strong>Carla Touly<\/strong> &#8211; double dame<\/li>\n<li><strong>Thomas Leygue<\/strong> &#8211; double homme \/ double mixte<\/li>\n<li><strong>Adrien Maigret<\/strong> &#8211; double homme<\/li>\n<li><strong>J\u00e9r\u00e9my Scatena<\/strong> &#8211; double homme<\/li>\n<li><strong>Benjamin Tison<\/strong> &#8211; double homme \/ double mixte<\/li>\n<\/ul>\n<p style=\"text-align: justify;\"><strong>Pentathlon moderne<\/strong><\/p>\n<ul style=\"text-align: justify;\">\n<li><strong>Rebecca Castaudi\u00a0<\/strong><\/li>\n<li><strong>Elodie Clouvel<\/strong><\/li>\n<li><strong>Jessye Gomesse<\/strong><\/li>\n<li><strong>Marie Oteiza<\/strong><\/li>\n<li><strong>Valentin Belaud<\/strong><\/li>\n<li><strong>Ugo Fleurot<\/strong><\/li>\n<li><strong>Christopher Patte<\/strong><\/li>\n<li><strong>Valentin Prades<\/strong><\/li>\n<\/ul>\n<p style=\"text-align: justify;\"><strong>Saut \u00e0 ski d&rsquo;\u00e9t\u00e9<\/strong><\/p>\n<ul style=\"text-align: justify;\">\n<li><strong>Emma Chervet<\/strong> &#8211; individuel \/ \u00e9quipe mixte<\/li>\n<li><strong>Julia Clair<\/strong> &#8211; individuel \/ \u00e9quipe mixte<\/li>\n<li><strong>Jos\u00e9phine Pagnier<\/strong> &#8211; individuel \/ \u00e9quipe mixte<\/li>\n<li><strong>Alessandro Batby<\/strong> &#8211; individuel \/ \u00e9quipe mixte<\/li>\n<li><strong>Jules Chervet<\/strong> &#8211; individuel \/ \u00e9quipe mixte<\/li>\n<li><strong>Valentin Foubert<\/strong> &#8211; individuel \/ \u00e9quipe mixte<\/li>\n<li><strong>Enzo Milesi<\/strong> &#8211; individuel \/ \u00e9quipe mixte<\/li>\n<li><strong>Ari Repellin<\/strong> &#8211; individuel \/ \u00e9quipe mixte<\/li>\n<\/ul>\n<p style=\"text-align: justify;\"><strong>Taekwondo<\/strong><\/p>\n<ul style=\"text-align: justify;\">\n<li><strong>Dalya Rehani<\/strong> &#8211; -46 kg<\/li>\n<li><strong>Maysane Kamkasoumphou<\/strong> &#8211; -49 kg<\/li>\n<li><strong>Magda Wiet-H\u00e9nin<\/strong> &#8211; -67 kg<\/li>\n<li><strong>Alth\u00e9a Laurin<\/strong> &#8211; -73 kg<\/li>\n<li><strong>Sol\u00e8ne Avoul\u00e8te<\/strong> &#8211; +73 kg<\/li>\n<li><strong>Cyrian Ravet<\/strong> &#8211; -58 kg<\/li>\n<li><strong>Souleyman Alaphilippe<\/strong> &#8211; -63 kg<\/li>\n<li><strong>Th\u00e9o Lucien<\/strong> &#8211; -68 kg<\/li>\n<li><strong>Mehdi Jermami<\/strong> &#8211; -74 kg<\/li>\n<li><strong>Isma\u00ebl Bouzid Souihili<\/strong> &#8211; -80 kg<\/li>\n<li><strong>Omar El Yazidi<\/strong> &#8211; +87 kg<\/li>\n<\/ul>\n<p style=\"text-align: justify;\"><strong>Tennis de table<\/strong><\/p>\n<ul style=\"text-align: justify;\">\n<li><strong>Jianan Yuan<\/strong> &#8211; simple \/ \u00e9quipe<\/li>\n<li><strong>Prithika Pavade<\/strong> &#8211; simple \/ \u00e9quipe<\/li>\n<li><strong>Camille Lutz<\/strong> &#8211; \u00e9quipe<\/li>\n<li><strong>Audrey Zarif<\/strong> &#8211; \u00e9quipe<\/li>\n<li><strong>Alexis Lebrun<\/strong> &#8211; simple \/ \u00e9quipe<\/li>\n<li><strong>F\u00e9lix Lebrun<\/strong> &#8211; simple \/ \u00e9quipe<\/li>\n<li><strong>Simon Gauzy<\/strong> &#8211; \u00e9quipe<\/li>\n<li><strong>Can Akkuzu<\/strong> &#8211; \u00e9quipe<\/li>\n<\/ul>\n<p style=\"text-align: justify;\"><strong>Teqball<\/strong><\/p>\n<ul style=\"text-align: justify;\">\n<li><strong>Am\u00e9lie Julian<\/strong> &#8211; simple \/ double<\/li>\n<li><strong>Elisa Lanche<\/strong> &#8211; double \/ double mixte<\/li>\n<li><strong>Lionel Beyer<\/strong> &#8211; double \/ double mixte<\/li>\n<li><strong>Hugo Rabeux<\/strong> &#8211; simple \/ double<\/li>\n<\/ul>\n<p style=\"text-align: justify;\"><strong>Tir<\/strong><\/p>\n<ul style=\"text-align: justify;\">\n<li><strong>Lucie Anastassiou<\/strong> &#8211; skeet individuel \/ \u00e9quipes mixtes<\/li>\n<li><strong>No\u00e9mie Battault<\/strong> &#8211; skeet<\/li>\n<li><strong>Jade Bordet<\/strong> &#8211; carabine 50m 3 positions \/ carabine \u00e0 air 10m par \u00e9quipes<\/li>\n<li><strong>Carole Cormenier<\/strong> &#8211; fosse olympique individuel \/ \u00e9quipes mixtes<\/li>\n<li><strong>H\u00e9lo\u00efse Fourre<\/strong> &#8211; pistolet 25m par \u00e9quipes<\/li>\n<li><strong>C\u00e9line Goberville<\/strong> &#8211; pistolet 10m individuel \/ \u00e9quipes mixtes<\/li>\n<li><strong>Judith Gomez<\/strong> &#8211; carabine 10m individuel \/ \u00e9quipes mixtes \/ carabine 50m 3 positions<\/li>\n<li><strong>Camille Jedrzejewski<\/strong> &#8211; pistolet 10m individuel \/ par \u00e9quipes \/ \u00e9quipes mixtes \/ pistolet 25m individuel \/ par \u00e9quipes<\/li>\n<li><strong>Mathilde Lamolle<\/strong> &#8211; pistolet 10m par \u00e9quipes \/ pistolet 25m individuel \/ par \u00e9quipes<\/li>\n<li><strong>Oc\u00e9anne Muller<\/strong> &#8211; carabine 10m individuel \/ par \u00e9quipes \/ par \u00e9quipes mixtes<\/li>\n<li><strong>Lo\u00e9my Recasens<\/strong> &#8211; fosse olympique<\/li>\n<li><strong>Brian Baudoin<\/strong> &#8211; carabine 50m 3 positions individuel \/ par \u00e9quipes \/ carabine 10m individuel \/ par \u00e9quipes mixtes<\/li>\n<li><strong>Cl\u00e9ment Bessaguet<\/strong> &#8211; pistolet vitesse individuel \/ par \u00e9quipes<\/li>\n<li><strong>Cl\u00e9ment Bourgue<\/strong> &#8211; fosse olympique individuel \/ par \u00e9quipes mixtes<\/li>\n<li><strong>Yan Chesnel<\/strong> &#8211; pistolet vitesse par \u00e9quipes<\/li>\n<li><strong>Eric Delaunay<\/strong> &#8211; skeet individuel \/ par \u00e9quipes mixtes<\/li>\n<li><strong>Florian Fouquet<\/strong> &#8211; pistolet 10m individuel \/ par \u00e9quipes mixtes<\/li>\n<li><strong>Lucas Kryzs<\/strong> &#8211; carabine 50m 3 positions individuel \/ par \u00e9quipes<\/li>\n<li><strong>Alexis Raynaud<\/strong> &#8211; carabine 10m individuel \/ par \u00e9quipes mixtes \/ carabine 50m 3 positions par \u00e9quipes<\/li>\n<li><strong>Jean Quiquampoix<\/strong> &#8211; pistolet vitesse individuel \/ par \u00e9quipes<\/li>\n<\/ul>\n<p style=\"text-align: justify;\"><strong>Tir \u00e0 l&rsquo;arc<\/strong><\/p>\n<ul style=\"text-align: justify;\">\n<li><strong>Lisa Barbelin<\/strong> &#8211; classique individuel \/ par \u00e9quipes<\/li>\n<li><strong>Audrey Adiceom<\/strong> &#8211; classique individuel \/ par \u00e9quipes<\/li>\n<li><strong>Caroline Lopez<\/strong> &#8211; classique individuel \/ par \u00e9quipes<\/li>\n<li><strong>Sophie Dod\u00e9mont<\/strong> &#8211; poulies individuel \/ par \u00e9quipes<\/li>\n<li><strong>Jean-Charles Valladont<\/strong> &#8211; classique individuel \/ par \u00e9quipes<\/li>\n<li><strong>Baptiste Addis<\/strong> &#8211; classique individuel \/ par \u00e9quipes<\/li>\n<li><strong>Nicolas Bernardi<\/strong> &#8211; classique individuel \/ par \u00e9quipes<\/li>\n<li><strong>Nicolas Girard<\/strong> &#8211; poulies individuel \/ par \u00e9quipes<\/li>\n<\/ul>\n<p style=\"text-align: justify;\"><strong>Triathlon\u00a0<\/strong><\/p>\n<ul>\n<li style=\"text-align: justify;\"><strong>Sandra Dodet<\/strong> &#8211; \u00e9quipe mixte<\/li>\n<li style=\"text-align: justify;\"><strong>Mathilde Gautier<\/strong> &#8211; \u00e9quipe mixte<\/li>\n<li style=\"text-align: justify;\"><strong>Audrey Merle<\/strong> &#8211; \u00e9quipe mixte<\/li>\n<li style=\"text-align: justify;\"><strong>Paul Georgenthum<\/strong> &#8211; \u00e9quipe mixte<\/li>\n<li style=\"text-align: justify;\"><strong>Valentin Morlec<\/strong> &#8211; \u00e9quipe mixte<\/li>\n<li style=\"text-align: justify;\"><strong>Yanis Seguin<\/strong> &#8211; \u00e9quipe mixte<\/li>\n<\/ul>\n<blockquote class=\"twitter-tweet\">\n<p dir=\"ltr\" lang=\"fr\">Un bin\u00f4me, deux porte-drapeaux, qui emm\u00e8neront la d\u00e9l\u00e9gation fran\u00e7aise aux <a href=\"https:\/\/twitter.com\/hashtag\/JeuxEuropeens2023?src=hash&amp;ref_src=twsrc%5Etfw\">#JeuxEuropeens2023<\/a> !<\/p>\n<p>\ud83c\uddeb\ud83c\uddf7 Marie Man\u00e9 (basket-ball 3&#215;3)<br \/>\n\ud83c\uddeb\ud83c\uddf7 Jean-Charles Valladont (tir \u00e0 l&rsquo;arc)<\/p>\n<p>Rendez-vous \u00e0 la c\u00e9r\u00e9monie d&rsquo;ouverture, le 21 juin \u00e0 Cracovie ! \u23f3 <a href=\"https:\/\/t.co\/9MpQD4SO68\">pic.twitter.com\/9MpQD4SO68<\/a><\/p>\n<p>\u2014 FranceOlympique (@FranceOlympique) <a href=\"https:\/\/twitter.com\/FranceOlympique\/status\/1668953942342901762?ref_src=twsrc%5Etfw\">June 14, 2023<\/a><\/p><\/blockquote>\n<p><script async src=\"https:\/\/platform.twitter.com\/widgets.js\" charset=\"utf-8\"><\/script><\/p>\n","protected":false},"excerpt":{"rendered":"<p>JEUX EUROP\u00c9ENS 2023 &#8211; Le 21 juin prochain d\u00e9buteront les 3\u00e8mes Jeux Europ\u00e9ens dans la ville polonaise de Cracovie (Pologne) et ses alentours. Avec 270 athl\u00e8tes, la France ira chercher des titres europ\u00e9ens ainsi que des points importants pour la course aux Jeux Olympiques 2024.<\/p>\n","protected":false},"author":43,"featured_media":254448,"comment_status":"open","ping_status":"closed","sticky":false,"template":"","format":"standard","meta":{"_acf_changed":false,"_daextam_enable_autolinks":"","footnotes":""},"categories":[2366],"tags":[16878,8137],"class_list":["post-391404","post","type-post","status-publish","format-standard","has-post-thumbnail","hentry","category-multisports","tag-breve","tag-jeux-europeens"],"acf":[],"yoast_head":"<!-- This site is optimized with the Yoast SEO Premium plugin v26.7 (Yoast SEO v26.7) - https:\/\/yoast.com\/wordpress\/plugins\/seo\/ -->\n<title>Jeux Europ\u00e9ens 2023 : La s\u00e9lection fran\u00e7aise<\/title>\n<meta name=\"description\" content=\"JEUX EUROP\u00c9ENS 2023 - Le 21 juin prochain d\u00e9buteront les 3\u00e8mes Jeux Europ\u00e9ens. La s\u00e9lection fran\u00e7aise compl\u00e8te.\" \/>\n<meta name=\"robots\" content=\"index, follow, max-snippet:-1, max-image-preview:large, max-video-preview:-1\" \/>\n<link rel=\"canonical\" href=\"https:\/\/dicodusport.fr\/blog\/jeux-europeens-2023-la-selection-francaise\/\" \/>\n<meta property=\"og:locale\" content=\"fr_FR\" \/>\n<meta property=\"og:type\" content=\"article\" \/>\n<meta property=\"og:title\" content=\"Jeux Europ\u00e9ens 2023 : La s\u00e9lection fran\u00e7aise\" \/>\n<meta property=\"og:description\" content=\"JEUX EUROP\u00c9ENS 2023 - Le 21 juin prochain d\u00e9buteront les 3\u00e8mes Jeux Europ\u00e9ens. La s\u00e9lection fran\u00e7aise compl\u00e8te.\" \/>\n<meta property=\"og:url\" content=\"https:\/\/dicodusport.fr\/blog\/jeux-europeens-2023-la-selection-francaise\/\" \/>\n<meta property=\"og:site_name\" content=\"Dicodusport\" \/>\n<meta property=\"article:publisher\" content=\"https:\/\/www.facebook.com\/dicodusport\" \/>\n<meta property=\"article:author\" content=\"https:\/\/www.facebook.com\/Max.Bld2\/\" \/>\n<meta property=\"article:published_time\" content=\"2023-06-15T17:25:24+00:00\" \/>\n<meta property=\"article:modified_time\" content=\"2023-06-15T20:32:40+00:00\" \/>\n<meta property=\"og:image\" content=\"https:\/\/dicodusport.fr\/blog\/wp-content\/uploads\/2022\/08\/Mondiaux-VTT-2022-Programme-complet-et-resultats.png\" \/>\n\t<meta property=\"og:image:width\" content=\"800\" \/>\n\t<meta property=\"og:image:height\" content=\"445\" \/>\n\t<meta property=\"og:image:type\" content=\"image\/png\" \/>\n<meta name=\"author\" content=\"Maxime Boulard\" \/>\n<meta name=\"twitter:card\" content=\"summary_large_image\" \/>\n<meta name=\"twitter:title\" content=\"Jeux Europ\u00e9ens 2023 : La s\u00e9lection fran\u00e7aise\" \/>\n<meta name=\"twitter:creator\" content=\"@https:\/\/twitter.com\/MaximeB_2\" \/>\n<meta name=\"twitter:site\" content=\"@dicodusport\" \/>\n<script type=\"application\/ld+json\" class=\"yoast-schema-graph\">{\"@context\":\"https:\/\/schema.org\",\"@graph\":[{\"@type\":\"NewsArticle\",\"@id\":\"https:\/\/dicodusport.fr\/blog\/jeux-europeens-2023-la-selection-francaise\/#article\",\"isPartOf\":{\"@id\":\"https:\/\/dicodusport.fr\/blog\/jeux-europeens-2023-la-selection-francaise\/\"},\"author\":{\"name\":\"Maxime Boulard\",\"@id\":\"https:\/\/dicodusport.fr\/blog\/#\/schema\/person\/5aab10ee856e86ac63e9819a9da34784\"},\"headline\":\"Jeux Europ\u00e9ens 2023 : La s\u00e9lection fran\u00e7aise\",\"datePublished\":\"2023-06-15T17:25:24+00:00\",\"dateModified\":\"2023-06-15T20:32:40+00:00\",\"mainEntityOfPage\":{\"@id\":\"https:\/\/dicodusport.fr\/blog\/jeux-europeens-2023-la-selection-francaise\/\"},\"wordCount\":1806,\"commentCount\":0,\"publisher\":{\"@id\":\"https:\/\/dicodusport.fr\/blog\/#organization\"},\"image\":{\"@id\":\"https:\/\/dicodusport.fr\/blog\/jeux-europeens-2023-la-selection-francaise\/#primaryimage\"},\"thumbnailUrl\":\"https:\/\/dicodusport.fr\/blog\/wp-content\/uploads\/2022\/08\/Mondiaux-VTT-2022-Programme-complet-et-resultats.png\",\"keywords\":[\"br\u00e8ve\",\"Jeux Europ\u00e9ens\"],\"articleSection\":[\"Multisports\"],\"inLanguage\":\"fr-FR\",\"potentialAction\":[{\"@type\":\"CommentAction\",\"name\":\"Comment\",\"target\":[\"https:\/\/dicodusport.fr\/blog\/jeux-europeens-2023-la-selection-francaise\/#respond\"]}],\"copyrightYear\":\"2023\",\"copyrightHolder\":{\"@id\":\"https:\/\/dicodusport.fr\/blog\/#organization\"}},{\"@type\":\"WebPage\",\"@id\":\"https:\/\/dicodusport.fr\/blog\/jeux-europeens-2023-la-selection-francaise\/\",\"url\":\"https:\/\/dicodusport.fr\/blog\/jeux-europeens-2023-la-selection-francaise\/\",\"name\":\"Jeux Europ\u00e9ens 2023 : La s\u00e9lection fran\u00e7aise\",\"isPartOf\":{\"@id\":\"https:\/\/dicodusport.fr\/blog\/#website\"},\"primaryImageOfPage\":{\"@id\":\"https:\/\/dicodusport.fr\/blog\/jeux-europeens-2023-la-selection-francaise\/#primaryimage\"},\"image\":{\"@id\":\"https:\/\/dicodusport.fr\/blog\/jeux-europeens-2023-la-selection-francaise\/#primaryimage\"},\"thumbnailUrl\":\"https:\/\/dicodusport.fr\/blog\/wp-content\/uploads\/2022\/08\/Mondiaux-VTT-2022-Programme-complet-et-resultats.png\",\"datePublished\":\"2023-06-15T17:25:24+00:00\",\"dateModified\":\"2023-06-15T20:32:40+00:00\",\"description\":\"JEUX EUROP\u00c9ENS 2023 - Le 21 juin prochain d\u00e9buteront les 3\u00e8mes Jeux Europ\u00e9ens. La s\u00e9lection fran\u00e7aise compl\u00e8te.\",\"breadcrumb\":{\"@id\":\"https:\/\/dicodusport.fr\/blog\/jeux-europeens-2023-la-selection-francaise\/#breadcrumb\"},\"inLanguage\":\"fr-FR\",\"potentialAction\":[{\"@type\":\"ReadAction\",\"target\":[\"https:\/\/dicodusport.fr\/blog\/jeux-europeens-2023-la-selection-francaise\/\"]}]},{\"@type\":\"ImageObject\",\"inLanguage\":\"fr-FR\",\"@id\":\"https:\/\/dicodusport.fr\/blog\/jeux-europeens-2023-la-selection-francaise\/#primaryimage\",\"url\":\"https:\/\/dicodusport.fr\/blog\/wp-content\/uploads\/2022\/08\/Mondiaux-VTT-2022-Programme-complet-et-resultats.png\",\"contentUrl\":\"https:\/\/dicodusport.fr\/blog\/wp-content\/uploads\/2022\/08\/Mondiaux-VTT-2022-Programme-complet-et-resultats.png\",\"width\":800,\"height\":445,\"caption\":\"Mondiaux VTT 2022 - Programme complet et r\u00e9sultats\"},{\"@type\":\"BreadcrumbList\",\"@id\":\"https:\/\/dicodusport.fr\/blog\/jeux-europeens-2023-la-selection-francaise\/#breadcrumb\",\"itemListElement\":[{\"@type\":\"ListItem\",\"position\":1,\"name\":\"Accueil\",\"item\":\"https:\/\/dicodusport.fr\/blog\/\"},{\"@type\":\"ListItem\",\"position\":2,\"name\":\"Jeux Europ\u00e9ens 2023 : La s\u00e9lection fran\u00e7aise\"}]},{\"@type\":\"WebSite\",\"@id\":\"https:\/\/dicodusport.fr\/blog\/#website\",\"url\":\"https:\/\/dicodusport.fr\/blog\/\",\"name\":\"Dicodusport\",\"description\":\"L&#039;encyclop\u00e9die de l&#039;actualit\u00e9 sportive\",\"publisher\":{\"@id\":\"https:\/\/dicodusport.fr\/blog\/#organization\"},\"potentialAction\":[{\"@type\":\"SearchAction\",\"target\":{\"@type\":\"EntryPoint\",\"urlTemplate\":\"https:\/\/dicodusport.fr\/blog\/?s={search_term_string}\"},\"query-input\":{\"@type\":\"PropertyValueSpecification\",\"valueRequired\":true,\"valueName\":\"search_term_string\"}}],\"inLanguage\":\"fr-FR\"},{\"@type\":\"NewsMediaOrganization\",\"@id\":\"https:\/\/dicodusport.fr\/blog\/#organization\",\"name\":\"Dicodusport\",\"url\":\"https:\/\/dicodusport.fr\/blog\/\",\"logo\":{\"@type\":\"ImageObject\",\"inLanguage\":\"fr-FR\",\"@id\":\"https:\/\/dicodusport.fr\/blog\/#\/schema\/logo\/image\/\",\"url\":\"https:\/\/dicodusport.fr\/blog\/wp-content\/uploads\/2020\/06\/cropped-LOGO-DICODUSPORT-2020-SANS-FOND-SANS-TEXTE.png\",\"contentUrl\":\"https:\/\/dicodusport.fr\/blog\/wp-content\/uploads\/2020\/06\/cropped-LOGO-DICODUSPORT-2020-SANS-FOND-SANS-TEXTE.png\",\"width\":512,\"height\":512,\"caption\":\"Dicodusport\"},\"image\":{\"@id\":\"https:\/\/dicodusport.fr\/blog\/#\/schema\/logo\/image\/\"},\"sameAs\":[\"https:\/\/www.facebook.com\/dicodusport\",\"https:\/\/x.com\/dicodusport\",\"https:\/\/www.instagram.com\/dicodusport\/\",\"https:\/\/www.youtube.com\/channel\/UC7V2KZ5sd3htJivAbA4ZG3w\"],\"description\":\"Dicodusport est l'encyclop\u00e9die de l'actualit\u00e9 sportive.\",\"email\":\"bonjour@dicodusport.fr\",\"legalName\":\"DICODUSPORT\",\"foundingDate\":\"2018-01-14\",\"vatID\":\"FR71834470973\",\"taxID\":\"83447097300043\",\"numberOfEmployees\":{\"@type\":\"QuantitativeValue\",\"minValue\":\"1\",\"maxValue\":\"10\"}},{\"@type\":\"Person\",\"@id\":\"https:\/\/dicodusport.fr\/blog\/#\/schema\/person\/5aab10ee856e86ac63e9819a9da34784\",\"name\":\"Maxime Boulard\",\"image\":{\"@type\":\"ImageObject\",\"inLanguage\":\"fr-FR\",\"@id\":\"https:\/\/dicodusport.fr\/blog\/#\/schema\/person\/image\/\",\"url\":\"https:\/\/dicodusport.fr\/blog\/wp-content\/uploads\/2021\/05\/Maxime-Boulard-150x150.jpg\",\"contentUrl\":\"https:\/\/dicodusport.fr\/blog\/wp-content\/uploads\/2021\/05\/Maxime-Boulard-150x150.jpg\",\"caption\":\"Maxime Boulard\"},\"description\":\"Journaliste\/r\u00e9dacteur depuis octobre 2020 - Si mon plus vieux souvenir de sport aurait pu m'en d\u00e9go\u00fbter, la finale de la Coupe du monde 2006 a \u00e9t\u00e9 tout le contraire. V\u00e9ritable d\u00e9clencheur d'une passion qui aujourd'hui ne fait que grandir avec le temps, mon leitmotiv est la France qui brille ! Je relate les exploits pass\u00e9s et pr\u00e9sents du sport bleu-blanc-rouge sans m\u00e9nagement depuis octobre 2020. Sport valide ou handisport, aucune diff\u00e9rence, il n'y a que du sport et plusieurs fa\u00e7ons de le pratiquer.\",\"sameAs\":[\"https:\/\/www.facebook.com\/Max.Bld2\/\",\"https:\/\/x.com\/https:\/\/twitter.com\/MaximeB_2\"],\"url\":\"https:\/\/dicodusport.fr\/blog\/author\/maxime-b\/\"}]}<\/script>\n<!-- \/ Yoast SEO Premium plugin. -->","yoast_head_json":{"title":"Jeux Europ\u00e9ens 2023 : La s\u00e9lection fran\u00e7aise","description":"JEUX EUROP\u00c9ENS 2023 - Le 21 juin prochain d\u00e9buteront les 3\u00e8mes Jeux Europ\u00e9ens. La s\u00e9lection fran\u00e7aise compl\u00e8te.","robots":{"index":"index","follow":"follow","max-snippet":"max-snippet:-1","max-image-preview":"max-image-preview:large","max-video-preview":"max-video-preview:-1"},"canonical":"https:\/\/dicodusport.fr\/blog\/jeux-europeens-2023-la-selection-francaise\/","og_locale":"fr_FR","og_type":"article","og_title":"Jeux Europ\u00e9ens 2023 : La s\u00e9lection fran\u00e7aise","og_description":"JEUX EUROP\u00c9ENS 2023 - Le 21 juin prochain d\u00e9buteront les 3\u00e8mes Jeux Europ\u00e9ens. La s\u00e9lection fran\u00e7aise compl\u00e8te.","og_url":"https:\/\/dicodusport.fr\/blog\/jeux-europeens-2023-la-selection-francaise\/","og_site_name":"Dicodusport","article_publisher":"https:\/\/www.facebook.com\/dicodusport","article_author":"https:\/\/www.facebook.com\/Max.Bld2\/","article_published_time":"2023-06-15T17:25:24+00:00","article_modified_time":"2023-06-15T20:32:40+00:00","og_image":[{"width":800,"height":445,"url":"https:\/\/dicodusport.fr\/blog\/wp-content\/uploads\/2022\/08\/Mondiaux-VTT-2022-Programme-complet-et-resultats.png","type":"image\/png"}],"author":"Maxime Boulard","twitter_card":"summary_large_image","twitter_title":"Jeux Europ\u00e9ens 2023 : La s\u00e9lection fran\u00e7aise","twitter_creator":"@https:\/\/twitter.com\/MaximeB_2","twitter_site":"@dicodusport","schema":{"@context":"https:\/\/schema.org","@graph":[{"@type":"NewsArticle","@id":"https:\/\/dicodusport.fr\/blog\/jeux-europeens-2023-la-selection-francaise\/#article","isPartOf":{"@id":"https:\/\/dicodusport.fr\/blog\/jeux-europeens-2023-la-selection-francaise\/"},"author":{"name":"Maxime Boulard","@id":"https:\/\/dicodusport.fr\/blog\/#\/schema\/person\/5aab10ee856e86ac63e9819a9da34784"},"headline":"Jeux Europ\u00e9ens 2023 : La s\u00e9lection fran\u00e7aise","datePublished":"2023-06-15T17:25:24+00:00","dateModified":"2023-06-15T20:32:40+00:00","mainEntityOfPage":{"@id":"https:\/\/dicodusport.fr\/blog\/jeux-europeens-2023-la-selection-francaise\/"},"wordCount":1806,"commentCount":0,"publisher":{"@id":"https:\/\/dicodusport.fr\/blog\/#organization"},"image":{"@id":"https:\/\/dicodusport.fr\/blog\/jeux-europeens-2023-la-selection-francaise\/#primaryimage"},"thumbnailUrl":"https:\/\/dicodusport.fr\/blog\/wp-content\/uploads\/2022\/08\/Mondiaux-VTT-2022-Programme-complet-et-resultats.png","keywords":["br\u00e8ve","Jeux Europ\u00e9ens"],"articleSection":["Multisports"],"inLanguage":"fr-FR","potentialAction":[{"@type":"CommentAction","name":"Comment","target":["https:\/\/dicodusport.fr\/blog\/jeux-europeens-2023-la-selection-francaise\/#respond"]}],"copyrightYear":"2023","copyrightHolder":{"@id":"https:\/\/dicodusport.fr\/blog\/#organization"}},{"@type":"WebPage","@id":"https:\/\/dicodusport.fr\/blog\/jeux-europeens-2023-la-selection-francaise\/","url":"https:\/\/dicodusport.fr\/blog\/jeux-europeens-2023-la-selection-francaise\/","name":"Jeux Europ\u00e9ens 2023 : La s\u00e9lection fran\u00e7aise","isPartOf":{"@id":"https:\/\/dicodusport.fr\/blog\/#website"},"primaryImageOfPage":{"@id":"https:\/\/dicodusport.fr\/blog\/jeux-europeens-2023-la-selection-francaise\/#primaryimage"},"image":{"@id":"https:\/\/dicodusport.fr\/blog\/jeux-europeens-2023-la-selection-francaise\/#primaryimage"},"thumbnailUrl":"https:\/\/dicodusport.fr\/blog\/wp-content\/uploads\/2022\/08\/Mondiaux-VTT-2022-Programme-complet-et-resultats.png","datePublished":"2023-06-15T17:25:24+00:00","dateModified":"2023-06-15T20:32:40+00:00","description":"JEUX EUROP\u00c9ENS 2023 - Le 21 juin prochain d\u00e9buteront les 3\u00e8mes Jeux Europ\u00e9ens. La s\u00e9lection fran\u00e7aise compl\u00e8te.","breadcrumb":{"@id":"https:\/\/dicodusport.fr\/blog\/jeux-europeens-2023-la-selection-francaise\/#breadcrumb"},"inLanguage":"fr-FR","potentialAction":[{"@type":"ReadAction","target":["https:\/\/dicodusport.fr\/blog\/jeux-europeens-2023-la-selection-francaise\/"]}]},{"@type":"ImageObject","inLanguage":"fr-FR","@id":"https:\/\/dicodusport.fr\/blog\/jeux-europeens-2023-la-selection-francaise\/#primaryimage","url":"https:\/\/dicodusport.fr\/blog\/wp-content\/uploads\/2022\/08\/Mondiaux-VTT-2022-Programme-complet-et-resultats.png","contentUrl":"https:\/\/dicodusport.fr\/blog\/wp-content\/uploads\/2022\/08\/Mondiaux-VTT-2022-Programme-complet-et-resultats.png","width":800,"height":445,"caption":"Mondiaux VTT 2022 - Programme complet et r\u00e9sultats"},{"@type":"BreadcrumbList","@id":"https:\/\/dicodusport.fr\/blog\/jeux-europeens-2023-la-selection-francaise\/#breadcrumb","itemListElement":[{"@type":"ListItem","position":1,"name":"Accueil","item":"https:\/\/dicodusport.fr\/blog\/"},{"@type":"ListItem","position":2,"name":"Jeux Europ\u00e9ens 2023 : La s\u00e9lection fran\u00e7aise"}]},{"@type":"WebSite","@id":"https:\/\/dicodusport.fr\/blog\/#website","url":"https:\/\/dicodusport.fr\/blog\/","name":"Dicodusport","description":"L&#039;encyclop\u00e9die de l&#039;actualit\u00e9 sportive","publisher":{"@id":"https:\/\/dicodusport.fr\/blog\/#organization"},"potentialAction":[{"@type":"SearchAction","target":{"@type":"EntryPoint","urlTemplate":"https:\/\/dicodusport.fr\/blog\/?s={search_term_string}"},"query-input":{"@type":"PropertyValueSpecification","valueRequired":true,"valueName":"search_term_string"}}],"inLanguage":"fr-FR"},{"@type":"NewsMediaOrganization","@id":"https:\/\/dicodusport.fr\/blog\/#organization","name":"Dicodusport","url":"https:\/\/dicodusport.fr\/blog\/","logo":{"@type":"ImageObject","inLanguage":"fr-FR","@id":"https:\/\/dicodusport.fr\/blog\/#\/schema\/logo\/image\/","url":"https:\/\/dicodusport.fr\/blog\/wp-content\/uploads\/2020\/06\/cropped-LOGO-DICODUSPORT-2020-SANS-FOND-SANS-TEXTE.png","contentUrl":"https:\/\/dicodusport.fr\/blog\/wp-content\/uploads\/2020\/06\/cropped-LOGO-DICODUSPORT-2020-SANS-FOND-SANS-TEXTE.png","width":512,"height":512,"caption":"Dicodusport"},"image":{"@id":"https:\/\/dicodusport.fr\/blog\/#\/schema\/logo\/image\/"},"sameAs":["https:\/\/www.facebook.com\/dicodusport","https:\/\/x.com\/dicodusport","https:\/\/www.instagram.com\/dicodusport\/","https:\/\/www.youtube.com\/channel\/UC7V2KZ5sd3htJivAbA4ZG3w"],"description":"Dicodusport est l'encyclop\u00e9die de l'actualit\u00e9 sportive.","email":"bonjour@dicodusport.fr","legalName":"DICODUSPORT","foundingDate":"2018-01-14","vatID":"FR71834470973","taxID":"83447097300043","numberOfEmployees":{"@type":"QuantitativeValue","minValue":"1","maxValue":"10"}},{"@type":"Person","@id":"https:\/\/dicodusport.fr\/blog\/#\/schema\/person\/5aab10ee856e86ac63e9819a9da34784","name":"Maxime Boulard","image":{"@type":"ImageObject","inLanguage":"fr-FR","@id":"https:\/\/dicodusport.fr\/blog\/#\/schema\/person\/image\/","url":"https:\/\/dicodusport.fr\/blog\/wp-content\/uploads\/2021\/05\/Maxime-Boulard-150x150.jpg","contentUrl":"https:\/\/dicodusport.fr\/blog\/wp-content\/uploads\/2021\/05\/Maxime-Boulard-150x150.jpg","caption":"Maxime Boulard"},"description":"Journaliste\/r\u00e9dacteur depuis octobre 2020 - Si mon plus vieux souvenir de sport aurait pu m'en d\u00e9go\u00fbter, la finale de la Coupe du monde 2006 a \u00e9t\u00e9 tout le contraire. V\u00e9ritable d\u00e9clencheur d'une passion qui aujourd'hui ne fait que grandir avec le temps, mon leitmotiv est la France qui brille ! Je relate les exploits pass\u00e9s et pr\u00e9sents du sport bleu-blanc-rouge sans m\u00e9nagement depuis octobre 2020. Sport valide ou handisport, aucune diff\u00e9rence, il n'y a que du sport et plusieurs fa\u00e7ons de le pratiquer.","sameAs":["https:\/\/www.facebook.com\/Max.Bld2\/","https:\/\/x.com\/https:\/\/twitter.com\/MaximeB_2"],"url":"https:\/\/dicodusport.fr\/blog\/author\/maxime-b\/"}]}},"_links":{"self":[{"href":"https:\/\/dicodusport.fr\/blog\/wp-json\/wp\/v2\/posts\/391404","targetHints":{"allow":["GET"]}}],"collection":[{"href":"https:\/\/dicodusport.fr\/blog\/wp-json\/wp\/v2\/posts"}],"about":[{"href":"https:\/\/dicodusport.fr\/blog\/wp-json\/wp\/v2\/types\/post"}],"author":[{"embeddable":true,"href":"https:\/\/dicodusport.fr\/blog\/wp-json\/wp\/v2\/users\/43"}],"replies":[{"embeddable":true,"href":"https:\/\/dicodusport.fr\/blog\/wp-json\/wp\/v2\/comments?post=391404"}],"version-history":[{"count":0,"href":"https:\/\/dicodusport.fr\/blog\/wp-json\/wp\/v2\/posts\/391404\/revisions"}],"wp:featuredmedia":[{"embeddable":true,"href":"https:\/\/dicodusport.fr\/blog\/wp-json\/wp\/v2\/media\/254448"}],"wp:attachment":[{"href":"https:\/\/dicodusport.fr\/blog\/wp-json\/wp\/v2\/media?parent=391404"}],"wp:term":[{"taxonomy":"category","embeddable":true,"href":"https:\/\/dicodusport.fr\/blog\/wp-json\/wp\/v2\/categories?post=391404"},{"taxonomy":"post_tag","embeddable":true,"href":"https:\/\/dicodusport.fr\/blog\/wp-json\/wp\/v2\/tags?post=391404"}],"curies":[{"name":"wp","href":"https:\/\/api.w.org\/{rel}","templated":true}]}}