{"id":391772,"date":"2023-06-16T16:10:04","date_gmt":"2023-06-16T14:10:04","guid":{"rendered":"https:\/\/dicodusport.fr\/blog\/?p=391772&#038;preview=true&#038;preview_id=391772"},"modified":"2023-06-16T16:19:54","modified_gmt":"2023-06-16T14:19:54","slug":"judo-sara-leonie-cysique-triomphe-pour-la-premiere-fois-en-grand-slam-a-astana","status":"publish","type":"post","link":"https:\/\/dicodusport.fr\/blog\/judo-sara-leonie-cysique-triomphe-pour-la-premiere-fois-en-grand-slam-a-astana\/","title":{"rendered":"Judo : Sarah-L\u00e9onie Cysique triomphe pour la premi\u00e8re fois en Grand Slam \u00e0 Astana"},"content":{"rendered":"<p style=\"text-align: justify;\"><strong><em>GRAND SLAM TEL AVIV &#8211; Grande premi\u00e8re pour Sarah-L\u00e9onie Cysique, qui a pris sa revanche des Jeux Olympiques pour triompher enfin en Grand Slam. C\u00e9dric Revol et Maxime Gobert sont les autres m\u00e9daill\u00e9s du jour.<\/em><\/strong><\/p>\n<p style=\"text-align: justify;\">Encore rat\u00e9 en -60 kg pour <strong>C\u00e9dric Revol<\/strong>. Apr\u00e8s <a href=\"https:\/\/dicodusport.fr\/blog\/judo-paris-grand-slam-2023-cedric-revol-remporte-la-medaille-dargent\/\">sa deuxi\u00e8me place au Grand Slam de Paris<\/a> en d\u00e9but d&rsquo;ann\u00e9e, il a encore \u00e9chou\u00e9 en finale \u00e0 Astana. Apr\u00e8s sa d\u00e9ception aux Mondiaux, il a redress\u00e9 le tir, se montrant plus que solide pour atteindre la finale. Il a notamment \u00e9cart\u00e9 sur ippon <span class=\"mw-page-title-main\"><strong>Tornike Tsjakadoea<\/strong> en demi-finales apr\u00e8s un <em>Golden Score<\/em> compliqu\u00e9.<\/span><\/p>\n<blockquote class=\"twitter-tweet\">\n<p dir=\"ltr\" lang=\"ht\">Revol en finaaaaale ! \ud83e\udd79\ud83d\udcaf<\/p>\n<p>C\u00e9dric Revol (-60kg) remporte sa demi-finale face \u00e0 Tornike Tsjakadoea (NED) et file en finale. \ud83e\udd29<\/p>\n<p>Allez C\u00e9dric ! \ud83c\uddeb\ud83c\uddf7\ud83d\udcaa<a href=\"https:\/\/twitter.com\/hashtag\/JudoAstana?src=hash&amp;ref_src=twsrc%5Etfw\">#JudoAstana<\/a> <a href=\"https:\/\/twitter.com\/hashtag\/GoLesBleus?src=hash&amp;ref_src=twsrc%5Etfw\">#GoLesBleus<\/a> <a href=\"https:\/\/twitter.com\/hashtag\/FierdEtreJudoka?src=hash&amp;ref_src=twsrc%5Etfw\">#FierdEtreJudoka<\/a><\/p>\n<p>\u2014 France Judo (@francejudo) <a href=\"https:\/\/twitter.com\/francejudo\/status\/1669631981280215040?ref_src=twsrc%5Etfw\">June 16, 2023<\/a><\/p><\/blockquote>\n<p style=\"text-align: justify;\"><script async src=\"https:\/\/platform.twitter.com\/widgets.js\" charset=\"utf-8\"><\/script><br \/>\nMais ce n&rsquo;est rien \u00e0 c\u00f4t\u00e9 de la finale, disput\u00e9e face \u00e0 une idole locale, <strong>Magzhan Shamshadin.<\/strong> Oblig\u00e9 de passer par le <em>Golden Score<\/em>, les deux judokas se sont empoign\u00e9s plus de 7 minutes suppl\u00e9mentaires. Le Tricolore a cru gagner quand il a plac\u00e9 un waza-ari, avant que l&rsquo;arbitre vid\u00e9o ne s&rsquo;en m\u00eale. \u00c9puis\u00e9, il a fini par subir la fougue du Kazakh, qui l&rsquo;a contr\u00e9 pour ravir le public venu en nombre. L&rsquo;or attendra pour <strong>C\u00e9dric Revol,<\/strong> qui s&rsquo;est cependant bien relanc\u00e9.<\/p>\n<h2 style=\"text-align: justify;\">Immense Sarah-L\u00e9onie Cysique<\/h2>\n<p style=\"text-align: justify;\">T\u00eate de s\u00e9rie et donc exempt\u00e9e de premier tour,<strong> Sarah-L\u00e9onie Cysique<\/strong> a fait sa loi en -57 kg au Kazakhstan. Elle a notamment sorti l&rsquo;ancienne championne d&rsquo;Europe U23 <strong>Pleuni Cornelisse<\/strong>, puis, en demi-finales, elle est tout de m\u00eame pass\u00e9e par un<em> Golden Score<\/em> &#8211; qui n&rsquo;aura dur\u00e9 que 20 secondes &#8211; avant de se d\u00e9barrasser de la Britannique <strong>Acelya Toprak<\/strong>, et se qualifier en finale.<\/p>\n<blockquote class=\"twitter-tweet\">\n<p dir=\"ltr\" lang=\"fr\">Road to the final ! \ud83d\udeb6\u200d\u2640\ufe0f\ud83d\udc4c<\/p>\n<p>Sarah-L\u00e9onie Cysique (-57kg) remporte sa demi-finale dans le golden score et se qualifie pour la finale. \ud83d\udd1d<\/p>\n<p>Let\u2019s go Sarah-L\u00e9onie ! \ud83c\uddeb\ud83c\uddf7<\/p>\n<p>\ud83c\udfa5 IJF<a href=\"https:\/\/twitter.com\/hashtag\/JudoAstana?src=hash&amp;ref_src=twsrc%5Etfw\">#JudoAstana<\/a> <a href=\"https:\/\/twitter.com\/hashtag\/GoLesBleus?src=hash&amp;ref_src=twsrc%5Etfw\">#GoLesBleus<\/a> <a href=\"https:\/\/twitter.com\/hashtag\/FierdEtreJudoka?src=hash&amp;ref_src=twsrc%5Etfw\">#FierdEtreJudoka<\/a> <a href=\"https:\/\/t.co\/vUSA4YDTX0\">pic.twitter.com\/vUSA4YDTX0<\/a><\/p>\n<p>\u2014 France Judo (@francejudo) <a href=\"https:\/\/twitter.com\/francejudo\/status\/1669635402435637249?ref_src=twsrc%5Etfw\">June 16, 2023<\/a><\/p><\/blockquote>\n<p style=\"text-align: justify;\"><script async src=\"https:\/\/platform.twitter.com\/widgets.js\" charset=\"utf-8\"><\/script><\/p>\n<p style=\"text-align: justify;\">Face \u00e0 elle, rien de moins que celle qui l&rsquo;avait battue en finale des derniers Jeux Olympiques, <strong>Nora Gjakova<\/strong>. Du lourd donc, et une finale qui s&rsquo;annon\u00e7ait disput\u00e9e. Mais il n&rsquo;aura fallu que deux minutes \u00e0 la Tricolore pour plier l&rsquo;affaire sur un ippon d&rsquo;anthologie. Une victoire m\u00e9rit\u00e9e, et un grand moment pour<strong> Sarah-L\u00e9onie Cysique<\/strong>, qui remporte enfin un premier Grand Slam, apr\u00e8s quatre \u00e9checs en finale !<\/p>\n<blockquote class=\"twitter-tweet\">\n<p dir=\"ltr\" lang=\"fr\">\ud835\udc0c\ud835\udc1a\ud835\udc20\ud835\udc27\ud835\udc22\ud835\udc1f\ud835\udc22\ud835\udc2a\ud835\udc2e\ud835\udc1e Sarah-L\u00e9onie Cysique ! \ud83d\udc99\ud83e\ude76\u2764\ufe0f<\/p>\n<p>La Fran\u00e7aise d\u00e9croche l&rsquo;or au Grand Slam du Kazakhstan en -57kg\ud83c\udfc5<a href=\"https:\/\/twitter.com\/hashtag\/JudoAstana?src=hash&amp;ref_src=twsrc%5Etfw\">#JudoAstana<\/a> <a href=\"https:\/\/t.co\/QhI5RvM1o0\">pic.twitter.com\/QhI5RvM1o0<\/a><\/p>\n<p>\u2014 Eurosport France (@Eurosport_FR) <a href=\"https:\/\/twitter.com\/Eurosport_FR\/status\/1669709759254077441?ref_src=twsrc%5Etfw\">June 16, 2023<\/a><\/p><\/blockquote>\n<p><script async src=\"https:\/\/platform.twitter.com\/widgets.js\" charset=\"utf-8\"><\/script><\/p>\n<h2 style=\"text-align: justify;\">Gobert en bronze, les autres r\u00e9sultats fran\u00e7ais<\/h2>\n<p style=\"text-align: justify;\"><strong>Maxime Gobert<\/strong> s&rsquo;est faufil\u00e9 en quarts de finale en -66 kg, avant de buter sur un taulier de la cat\u00e9gorie,<strong> Karamat Huseynov<\/strong>. Apr\u00e8s un premier combat de rep\u00eachage bien n\u00e9goci\u00e9, il d\u00e9fiait <span class=\"mw-page-title-main\"><strong>Mukhriddin Tilovov<\/strong> pour le bronze. Un combat ultra serr\u00e9, qui va se jouer aux p\u00e9nalit\u00e9s, mais \u00e0 l&rsquo;avantage du Tricolore, qui rafle donc le bronze et confirme apr\u00e8s <a href=\"https:\/\/dicodusport.fr\/blog\/carton-plein-pour-les-bleus-avec-les-titres-de-blandine-pont-luka-mkheidze-amandine-buchard-et-maxime-gobert-au-grand-slam-dantalya\/\">sa m\u00e9daille d&rsquo;or au Grand Slam d&rsquo;Antalya<\/a>.\u00a0<\/span><\/p>\n<blockquote class=\"twitter-tweet\">\n<p dir=\"ltr\" lang=\"fr\">Maxime sur le podium ! \ud83e\udd49\ud83d\udd1d<\/p>\n<p>Notre Fran\u00e7ais d\u00e9croche le bronze apr\u00e8s avoir remport\u00e9 son combat pour la place de 3\ufe0f\u20e3.<\/p>\n<p>Au top Maxime ! \ud83d\udc4f<a href=\"https:\/\/twitter.com\/hashtag\/JudoAstana?src=hash&amp;ref_src=twsrc%5Etfw\">#JudoAstana<\/a> <a href=\"https:\/\/twitter.com\/hashtag\/GoLesBleus?src=hash&amp;ref_src=twsrc%5Etfw\">#GoLesBleus<\/a> <a href=\"https:\/\/twitter.com\/hashtag\/FierdEtreJudoka?src=hash&amp;ref_src=twsrc%5Etfw\">#FierdEtreJudoka<\/a> <a href=\"https:\/\/t.co\/8IuDylvXt8\">pic.twitter.com\/8IuDylvXt8<\/a><\/p>\n<p>\u2014 France Judo (@francejudo) <a href=\"https:\/\/twitter.com\/francejudo\/status\/1669693109372854274?ref_src=twsrc%5Etfw\">June 16, 2023<\/a><\/p><\/blockquote>\n<p style=\"text-align: justify;\"><script async src=\"https:\/\/platform.twitter.com\/widgets.js\" charset=\"utf-8\"><\/script><br \/>\nDans cette m\u00eame cat\u00e9gorie, <strong>Daikii Bouba<\/strong> aura pass\u00e9 deux tours, sortant notamment le champion olympique 2016, l&rsquo;Italien <strong>Fabio Basile<\/strong>, avant de chuter face \u00e0 <strong>Kamran Suleymanov<\/strong>. <strong>Laura Espadinha<\/strong> n&rsquo;aura pas fait long feu en -48 kg. Un combat et une d\u00e9faite face \u00e0 <strong>Khalimajon Kurbonova<\/strong> pour la Fran\u00e7aise, qui a pu mesurer le chemin \u00e0 parcourir.<\/p>\n<p style=\"text-align: justify;\">En -52 kg, elles \u00e9taient deux sur le tatami, et c&rsquo;est <strong>L\u00e9onie Gonzalez<\/strong> qui a fait le meilleur parcours, mais qui a eu le malheur de croiser la route de <strong>Ryoko Takeda<\/strong> en quarts, avant de s&rsquo;incliner contre <strong>Amber Ryheul<\/strong> en rep\u00eachage.<strong> Julie Weill dit Morey<\/strong>, elle, aura pass\u00e9 un tour avant de chuter contre la future gagnante, l&rsquo;Italienne <strong>Odetta Giuffrida<\/strong>. Trois m\u00e9dailles d\u00e8s le premier jour, et les Bleus auront encore plusieurs occasions d&rsquo;am\u00e9liorer le bilan.<\/p>\n","protected":false},"excerpt":{"rendered":"<p>GRAND SLAM TEL AVIV &#8211; Grande premi\u00e8re pour Sarah-L\u00e9onie Cysique, qui a pris sa revanche des Jeux Olympiques pour triompher enfin en Grand Slam. C\u00e9dric Revol et Maxime Gobert sont les autres m\u00e9daill\u00e9s du jour.<\/p>\n","protected":false},"author":59,"featured_media":391871,"comment_status":"open","ping_status":"closed","sticky":false,"template":"","format":"standard","meta":{"_acf_changed":false,"_daextam_enable_autolinks":"","footnotes":""},"categories":[8651],"tags":[16878,23198,68,19121,8621,24],"class_list":["post-391772","post","type-post","status-publish","format-standard","has-post-thumbnail","hentry","category-judo","tag-breve","tag-cedric-revol","tag-judo","tag-maxime-gobert","tag-sarah-leonie-cysique","tag-sport"],"acf":[],"yoast_head":"<!-- This site is optimized with the Yoast SEO Premium plugin v26.7 (Yoast SEO v26.7) - https:\/\/yoast.com\/wordpress\/plugins\/seo\/ -->\n<title>Judo : Sarah-L\u00e9onie Cysique triomphe pour la premi\u00e8re fois en Grand Slam \u00e0 Astana<\/title>\n<meta name=\"description\" content=\"GRAND SLAM TEL AVIV - Grande premi\u00e8re pour Sarah-L\u00e9onie Cysique, qui a pris sa revanche des JO pour triompher enfin en Grand Slam.\" \/>\n<meta name=\"robots\" content=\"index, follow, max-snippet:-1, max-image-preview:large, max-video-preview:-1\" \/>\n<link rel=\"canonical\" href=\"https:\/\/dicodusport.fr\/blog\/judo-sara-leonie-cysique-triomphe-pour-la-premiere-fois-en-grand-slam-a-astana\/\" \/>\n<meta property=\"og:locale\" content=\"fr_FR\" \/>\n<meta property=\"og:type\" content=\"article\" \/>\n<meta property=\"og:title\" content=\"Judo : Sarah-L\u00e9onie Cysique triomphe pour la premi\u00e8re fois en Grand Slam \u00e0 Astana\" \/>\n<meta property=\"og:description\" content=\"GRAND SLAM TEL AVIV - Grande premi\u00e8re pour Sarah-L\u00e9onie Cysique, qui a pris sa revanche des JO pour triompher enfin en Grand Slam.\" \/>\n<meta property=\"og:url\" content=\"https:\/\/dicodusport.fr\/blog\/judo-sara-leonie-cysique-triomphe-pour-la-premiere-fois-en-grand-slam-a-astana\/\" \/>\n<meta property=\"og:site_name\" content=\"Dicodusport\" \/>\n<meta property=\"article:publisher\" content=\"https:\/\/www.facebook.com\/dicodusport\" \/>\n<meta property=\"article:author\" content=\"https:\/\/www.facebook.com\/sebastien.gente\/\" \/>\n<meta property=\"article:published_time\" content=\"2023-06-16T14:10:04+00:00\" \/>\n<meta property=\"article:modified_time\" content=\"2023-06-16T14:19:54+00:00\" \/>\n<meta property=\"og:image\" content=\"https:\/\/dicodusport.fr\/blog\/wp-content\/uploads\/2023\/06\/Judo-Sara-Leonie-Cysique-triomphe-pour-la-premiere-fois-en-Grand-Slam-a-Astana.png\" \/>\n\t<meta property=\"og:image:width\" content=\"800\" \/>\n\t<meta property=\"og:image:height\" content=\"445\" \/>\n\t<meta property=\"og:image:type\" content=\"image\/png\" \/>\n<meta name=\"author\" content=\"S\u00e9bastien Gente\" \/>\n<meta name=\"twitter:card\" content=\"summary_large_image\" \/>\n<meta name=\"twitter:title\" content=\"Judo : Sarah-L\u00e9onie Cysique triomphe pour la premi\u00e8re fois en Grand Slam \u00e0 Astana\" \/>\n<meta name=\"twitter:creator\" content=\"@https:\/\/twitter.com\/globulo24\" \/>\n<meta name=\"twitter:site\" content=\"@dicodusport\" \/>\n<script type=\"application\/ld+json\" class=\"yoast-schema-graph\">{\"@context\":\"https:\/\/schema.org\",\"@graph\":[{\"@type\":\"NewsArticle\",\"@id\":\"https:\/\/dicodusport.fr\/blog\/judo-sara-leonie-cysique-triomphe-pour-la-premiere-fois-en-grand-slam-a-astana\/#article\",\"isPartOf\":{\"@id\":\"https:\/\/dicodusport.fr\/blog\/judo-sara-leonie-cysique-triomphe-pour-la-premiere-fois-en-grand-slam-a-astana\/\"},\"author\":{\"name\":\"S\u00e9bastien Gente\",\"@id\":\"https:\/\/dicodusport.fr\/blog\/#\/schema\/person\/627966a6cde45dbd8c5e36ac85d783da\"},\"headline\":\"Judo : Sarah-L\u00e9onie Cysique triomphe pour la premi\u00e8re fois en Grand Slam \u00e0 Astana\",\"datePublished\":\"2023-06-16T14:10:04+00:00\",\"dateModified\":\"2023-06-16T14:19:54+00:00\",\"mainEntityOfPage\":{\"@id\":\"https:\/\/dicodusport.fr\/blog\/judo-sara-leonie-cysique-triomphe-pour-la-premiere-fois-en-grand-slam-a-astana\/\"},\"wordCount\":737,\"commentCount\":0,\"publisher\":{\"@id\":\"https:\/\/dicodusport.fr\/blog\/#organization\"},\"image\":{\"@id\":\"https:\/\/dicodusport.fr\/blog\/judo-sara-leonie-cysique-triomphe-pour-la-premiere-fois-en-grand-slam-a-astana\/#primaryimage\"},\"thumbnailUrl\":\"https:\/\/dicodusport.fr\/blog\/wp-content\/uploads\/2023\/06\/Judo-Sara-Leonie-Cysique-triomphe-pour-la-premiere-fois-en-Grand-Slam-a-Astana.png\",\"keywords\":[\"br\u00e8ve\",\"C\u00e9dric Revol\",\"Judo\",\"Maxime Gobert\",\"Sarah-L\u00e9onie Cysique\",\"sport\"],\"articleSection\":[\"Judo\"],\"inLanguage\":\"fr-FR\",\"potentialAction\":[{\"@type\":\"CommentAction\",\"name\":\"Comment\",\"target\":[\"https:\/\/dicodusport.fr\/blog\/judo-sara-leonie-cysique-triomphe-pour-la-premiere-fois-en-grand-slam-a-astana\/#respond\"]}],\"copyrightYear\":\"2023\",\"copyrightHolder\":{\"@id\":\"https:\/\/dicodusport.fr\/blog\/#organization\"}},{\"@type\":\"WebPage\",\"@id\":\"https:\/\/dicodusport.fr\/blog\/judo-sara-leonie-cysique-triomphe-pour-la-premiere-fois-en-grand-slam-a-astana\/\",\"url\":\"https:\/\/dicodusport.fr\/blog\/judo-sara-leonie-cysique-triomphe-pour-la-premiere-fois-en-grand-slam-a-astana\/\",\"name\":\"Judo : Sarah-L\u00e9onie Cysique triomphe pour la premi\u00e8re fois en Grand Slam \u00e0 Astana\",\"isPartOf\":{\"@id\":\"https:\/\/dicodusport.fr\/blog\/#website\"},\"primaryImageOfPage\":{\"@id\":\"https:\/\/dicodusport.fr\/blog\/judo-sara-leonie-cysique-triomphe-pour-la-premiere-fois-en-grand-slam-a-astana\/#primaryimage\"},\"image\":{\"@id\":\"https:\/\/dicodusport.fr\/blog\/judo-sara-leonie-cysique-triomphe-pour-la-premiere-fois-en-grand-slam-a-astana\/#primaryimage\"},\"thumbnailUrl\":\"https:\/\/dicodusport.fr\/blog\/wp-content\/uploads\/2023\/06\/Judo-Sara-Leonie-Cysique-triomphe-pour-la-premiere-fois-en-Grand-Slam-a-Astana.png\",\"datePublished\":\"2023-06-16T14:10:04+00:00\",\"dateModified\":\"2023-06-16T14:19:54+00:00\",\"description\":\"GRAND SLAM TEL AVIV - Grande premi\u00e8re pour Sarah-L\u00e9onie Cysique, qui a pris sa revanche des JO pour triompher enfin en Grand Slam.\",\"breadcrumb\":{\"@id\":\"https:\/\/dicodusport.fr\/blog\/judo-sara-leonie-cysique-triomphe-pour-la-premiere-fois-en-grand-slam-a-astana\/#breadcrumb\"},\"inLanguage\":\"fr-FR\",\"potentialAction\":[{\"@type\":\"ReadAction\",\"target\":[\"https:\/\/dicodusport.fr\/blog\/judo-sara-leonie-cysique-triomphe-pour-la-premiere-fois-en-grand-slam-a-astana\/\"]}]},{\"@type\":\"ImageObject\",\"inLanguage\":\"fr-FR\",\"@id\":\"https:\/\/dicodusport.fr\/blog\/judo-sara-leonie-cysique-triomphe-pour-la-premiere-fois-en-grand-slam-a-astana\/#primaryimage\",\"url\":\"https:\/\/dicodusport.fr\/blog\/wp-content\/uploads\/2023\/06\/Judo-Sara-Leonie-Cysique-triomphe-pour-la-premiere-fois-en-Grand-Slam-a-Astana.png\",\"contentUrl\":\"https:\/\/dicodusport.fr\/blog\/wp-content\/uploads\/2023\/06\/Judo-Sara-Leonie-Cysique-triomphe-pour-la-premiere-fois-en-Grand-Slam-a-Astana.png\",\"width\":800,\"height\":445,\"caption\":\"Judo Sara-L\u00e9onie Cysique triomphe pour la premi\u00e8re fois en Grand Slam \u00e0 Astana\"},{\"@type\":\"BreadcrumbList\",\"@id\":\"https:\/\/dicodusport.fr\/blog\/judo-sara-leonie-cysique-triomphe-pour-la-premiere-fois-en-grand-slam-a-astana\/#breadcrumb\",\"itemListElement\":[{\"@type\":\"ListItem\",\"position\":1,\"name\":\"Accueil\",\"item\":\"https:\/\/dicodusport.fr\/blog\/\"},{\"@type\":\"ListItem\",\"position\":2,\"name\":\"Judo : Sarah-L\u00e9onie Cysique triomphe pour la premi\u00e8re fois en Grand Slam \u00e0 Astana\"}]},{\"@type\":\"WebSite\",\"@id\":\"https:\/\/dicodusport.fr\/blog\/#website\",\"url\":\"https:\/\/dicodusport.fr\/blog\/\",\"name\":\"Dicodusport\",\"description\":\"L&#039;encyclop\u00e9die de l&#039;actualit\u00e9 sportive\",\"publisher\":{\"@id\":\"https:\/\/dicodusport.fr\/blog\/#organization\"},\"potentialAction\":[{\"@type\":\"SearchAction\",\"target\":{\"@type\":\"EntryPoint\",\"urlTemplate\":\"https:\/\/dicodusport.fr\/blog\/?s={search_term_string}\"},\"query-input\":{\"@type\":\"PropertyValueSpecification\",\"valueRequired\":true,\"valueName\":\"search_term_string\"}}],\"inLanguage\":\"fr-FR\"},{\"@type\":\"NewsMediaOrganization\",\"@id\":\"https:\/\/dicodusport.fr\/blog\/#organization\",\"name\":\"Dicodusport\",\"url\":\"https:\/\/dicodusport.fr\/blog\/\",\"logo\":{\"@type\":\"ImageObject\",\"inLanguage\":\"fr-FR\",\"@id\":\"https:\/\/dicodusport.fr\/blog\/#\/schema\/logo\/image\/\",\"url\":\"https:\/\/dicodusport.fr\/blog\/wp-content\/uploads\/2020\/06\/cropped-LOGO-DICODUSPORT-2020-SANS-FOND-SANS-TEXTE.png\",\"contentUrl\":\"https:\/\/dicodusport.fr\/blog\/wp-content\/uploads\/2020\/06\/cropped-LOGO-DICODUSPORT-2020-SANS-FOND-SANS-TEXTE.png\",\"width\":512,\"height\":512,\"caption\":\"Dicodusport\"},\"image\":{\"@id\":\"https:\/\/dicodusport.fr\/blog\/#\/schema\/logo\/image\/\"},\"sameAs\":[\"https:\/\/www.facebook.com\/dicodusport\",\"https:\/\/x.com\/dicodusport\",\"https:\/\/www.instagram.com\/dicodusport\/\",\"https:\/\/www.youtube.com\/channel\/UC7V2KZ5sd3htJivAbA4ZG3w\"],\"description\":\"Dicodusport est l'encyclop\u00e9die de l'actualit\u00e9 sportive.\",\"email\":\"bonjour@dicodusport.fr\",\"legalName\":\"DICODUSPORT\",\"foundingDate\":\"2018-01-14\",\"vatID\":\"FR71834470973\",\"taxID\":\"83447097300043\",\"numberOfEmployees\":{\"@type\":\"QuantitativeValue\",\"minValue\":\"1\",\"maxValue\":\"10\"}},{\"@type\":\"Person\",\"@id\":\"https:\/\/dicodusport.fr\/blog\/#\/schema\/person\/627966a6cde45dbd8c5e36ac85d783da\",\"name\":\"S\u00e9bastien Gente\",\"image\":{\"@type\":\"ImageObject\",\"inLanguage\":\"fr-FR\",\"@id\":\"https:\/\/dicodusport.fr\/blog\/#\/schema\/person\/image\/\",\"url\":\"https:\/\/dicodusport.fr\/blog\/wp-content\/uploads\/2021\/09\/1510990_10205810251400683_4124423575079401707_n-150x150.jpg\",\"contentUrl\":\"https:\/\/dicodusport.fr\/blog\/wp-content\/uploads\/2021\/09\/1510990_10205810251400683_4124423575079401707_n-150x150.jpg\",\"caption\":\"S\u00e9bastien Gente\"},\"description\":\"John Stockton, Gianni Bugno, Zinedine Zidane, Steffi Graf, Frode Andresen, St\u00e9phane Stoecklin, Davis Kamoga, Primoz Peterka, Werner Schlager et Aur\u00e9lien Rougerie. Point commun entre ces sportifs? Ils m'ont fait r\u00eaver et ont berc\u00e9 mon adolescence. Je suis un fondu de sports et j'essaie de retranscrire ma passion \u00e0 travers mes articles. Originaire du P\u00e9rigord, ma passion pour les Girondins, les Jaunards et les Jazzmen transpire dans mes \u00e9crits. \u00c0 Dicodusport depuis 2021, je d\u00e9niche les sports m\u00e9connus dans lesquels la France brille, et il y en a !\",\"sameAs\":[\"https:\/\/www.facebook.com\/sebastien.gente\/\",\"https:\/\/www.instagram.com\/sebgente\/\",\"https:\/\/www.linkedin.com\/in\/sbastien-gente-a29583169\/\",\"https:\/\/x.com\/https:\/\/twitter.com\/globulo24\",\"SebastienGente\"],\"worksFor\":\"S\u00e9bastien GENTE\",\"url\":\"https:\/\/dicodusport.fr\/blog\/author\/sebastiengente\/\"}]}<\/script>\n<!-- \/ Yoast SEO Premium plugin. -->","yoast_head_json":{"title":"Judo : Sarah-L\u00e9onie Cysique triomphe pour la premi\u00e8re fois en Grand Slam \u00e0 Astana","description":"GRAND SLAM TEL AVIV - Grande premi\u00e8re pour Sarah-L\u00e9onie Cysique, qui a pris sa revanche des JO pour triompher enfin en Grand Slam.","robots":{"index":"index","follow":"follow","max-snippet":"max-snippet:-1","max-image-preview":"max-image-preview:large","max-video-preview":"max-video-preview:-1"},"canonical":"https:\/\/dicodusport.fr\/blog\/judo-sara-leonie-cysique-triomphe-pour-la-premiere-fois-en-grand-slam-a-astana\/","og_locale":"fr_FR","og_type":"article","og_title":"Judo : Sarah-L\u00e9onie Cysique triomphe pour la premi\u00e8re fois en Grand Slam \u00e0 Astana","og_description":"GRAND SLAM TEL AVIV - Grande premi\u00e8re pour Sarah-L\u00e9onie Cysique, qui a pris sa revanche des JO pour triompher enfin en Grand Slam.","og_url":"https:\/\/dicodusport.fr\/blog\/judo-sara-leonie-cysique-triomphe-pour-la-premiere-fois-en-grand-slam-a-astana\/","og_site_name":"Dicodusport","article_publisher":"https:\/\/www.facebook.com\/dicodusport","article_author":"https:\/\/www.facebook.com\/sebastien.gente\/","article_published_time":"2023-06-16T14:10:04+00:00","article_modified_time":"2023-06-16T14:19:54+00:00","og_image":[{"width":800,"height":445,"url":"https:\/\/dicodusport.fr\/blog\/wp-content\/uploads\/2023\/06\/Judo-Sara-Leonie-Cysique-triomphe-pour-la-premiere-fois-en-Grand-Slam-a-Astana.png","type":"image\/png"}],"author":"S\u00e9bastien Gente","twitter_card":"summary_large_image","twitter_title":"Judo : Sarah-L\u00e9onie Cysique triomphe pour la premi\u00e8re fois en Grand Slam \u00e0 Astana","twitter_creator":"@https:\/\/twitter.com\/globulo24","twitter_site":"@dicodusport","schema":{"@context":"https:\/\/schema.org","@graph":[{"@type":"NewsArticle","@id":"https:\/\/dicodusport.fr\/blog\/judo-sara-leonie-cysique-triomphe-pour-la-premiere-fois-en-grand-slam-a-astana\/#article","isPartOf":{"@id":"https:\/\/dicodusport.fr\/blog\/judo-sara-leonie-cysique-triomphe-pour-la-premiere-fois-en-grand-slam-a-astana\/"},"author":{"name":"S\u00e9bastien Gente","@id":"https:\/\/dicodusport.fr\/blog\/#\/schema\/person\/627966a6cde45dbd8c5e36ac85d783da"},"headline":"Judo : Sarah-L\u00e9onie Cysique triomphe pour la premi\u00e8re fois en Grand Slam \u00e0 Astana","datePublished":"2023-06-16T14:10:04+00:00","dateModified":"2023-06-16T14:19:54+00:00","mainEntityOfPage":{"@id":"https:\/\/dicodusport.fr\/blog\/judo-sara-leonie-cysique-triomphe-pour-la-premiere-fois-en-grand-slam-a-astana\/"},"wordCount":737,"commentCount":0,"publisher":{"@id":"https:\/\/dicodusport.fr\/blog\/#organization"},"image":{"@id":"https:\/\/dicodusport.fr\/blog\/judo-sara-leonie-cysique-triomphe-pour-la-premiere-fois-en-grand-slam-a-astana\/#primaryimage"},"thumbnailUrl":"https:\/\/dicodusport.fr\/blog\/wp-content\/uploads\/2023\/06\/Judo-Sara-Leonie-Cysique-triomphe-pour-la-premiere-fois-en-Grand-Slam-a-Astana.png","keywords":["br\u00e8ve","C\u00e9dric Revol","Judo","Maxime Gobert","Sarah-L\u00e9onie Cysique","sport"],"articleSection":["Judo"],"inLanguage":"fr-FR","potentialAction":[{"@type":"CommentAction","name":"Comment","target":["https:\/\/dicodusport.fr\/blog\/judo-sara-leonie-cysique-triomphe-pour-la-premiere-fois-en-grand-slam-a-astana\/#respond"]}],"copyrightYear":"2023","copyrightHolder":{"@id":"https:\/\/dicodusport.fr\/blog\/#organization"}},{"@type":"WebPage","@id":"https:\/\/dicodusport.fr\/blog\/judo-sara-leonie-cysique-triomphe-pour-la-premiere-fois-en-grand-slam-a-astana\/","url":"https:\/\/dicodusport.fr\/blog\/judo-sara-leonie-cysique-triomphe-pour-la-premiere-fois-en-grand-slam-a-astana\/","name":"Judo : Sarah-L\u00e9onie Cysique triomphe pour la premi\u00e8re fois en Grand Slam \u00e0 Astana","isPartOf":{"@id":"https:\/\/dicodusport.fr\/blog\/#website"},"primaryImageOfPage":{"@id":"https:\/\/dicodusport.fr\/blog\/judo-sara-leonie-cysique-triomphe-pour-la-premiere-fois-en-grand-slam-a-astana\/#primaryimage"},"image":{"@id":"https:\/\/dicodusport.fr\/blog\/judo-sara-leonie-cysique-triomphe-pour-la-premiere-fois-en-grand-slam-a-astana\/#primaryimage"},"thumbnailUrl":"https:\/\/dicodusport.fr\/blog\/wp-content\/uploads\/2023\/06\/Judo-Sara-Leonie-Cysique-triomphe-pour-la-premiere-fois-en-Grand-Slam-a-Astana.png","datePublished":"2023-06-16T14:10:04+00:00","dateModified":"2023-06-16T14:19:54+00:00","description":"GRAND SLAM TEL AVIV - Grande premi\u00e8re pour Sarah-L\u00e9onie Cysique, qui a pris sa revanche des JO pour triompher enfin en Grand Slam.","breadcrumb":{"@id":"https:\/\/dicodusport.fr\/blog\/judo-sara-leonie-cysique-triomphe-pour-la-premiere-fois-en-grand-slam-a-astana\/#breadcrumb"},"inLanguage":"fr-FR","potentialAction":[{"@type":"ReadAction","target":["https:\/\/dicodusport.fr\/blog\/judo-sara-leonie-cysique-triomphe-pour-la-premiere-fois-en-grand-slam-a-astana\/"]}]},{"@type":"ImageObject","inLanguage":"fr-FR","@id":"https:\/\/dicodusport.fr\/blog\/judo-sara-leonie-cysique-triomphe-pour-la-premiere-fois-en-grand-slam-a-astana\/#primaryimage","url":"https:\/\/dicodusport.fr\/blog\/wp-content\/uploads\/2023\/06\/Judo-Sara-Leonie-Cysique-triomphe-pour-la-premiere-fois-en-Grand-Slam-a-Astana.png","contentUrl":"https:\/\/dicodusport.fr\/blog\/wp-content\/uploads\/2023\/06\/Judo-Sara-Leonie-Cysique-triomphe-pour-la-premiere-fois-en-Grand-Slam-a-Astana.png","width":800,"height":445,"caption":"Judo Sara-L\u00e9onie Cysique triomphe pour la premi\u00e8re fois en Grand Slam \u00e0 Astana"},{"@type":"BreadcrumbList","@id":"https:\/\/dicodusport.fr\/blog\/judo-sara-leonie-cysique-triomphe-pour-la-premiere-fois-en-grand-slam-a-astana\/#breadcrumb","itemListElement":[{"@type":"ListItem","position":1,"name":"Accueil","item":"https:\/\/dicodusport.fr\/blog\/"},{"@type":"ListItem","position":2,"name":"Judo : Sarah-L\u00e9onie Cysique triomphe pour la premi\u00e8re fois en Grand Slam \u00e0 Astana"}]},{"@type":"WebSite","@id":"https:\/\/dicodusport.fr\/blog\/#website","url":"https:\/\/dicodusport.fr\/blog\/","name":"Dicodusport","description":"L&#039;encyclop\u00e9die de l&#039;actualit\u00e9 sportive","publisher":{"@id":"https:\/\/dicodusport.fr\/blog\/#organization"},"potentialAction":[{"@type":"SearchAction","target":{"@type":"EntryPoint","urlTemplate":"https:\/\/dicodusport.fr\/blog\/?s={search_term_string}"},"query-input":{"@type":"PropertyValueSpecification","valueRequired":true,"valueName":"search_term_string"}}],"inLanguage":"fr-FR"},{"@type":"NewsMediaOrganization","@id":"https:\/\/dicodusport.fr\/blog\/#organization","name":"Dicodusport","url":"https:\/\/dicodusport.fr\/blog\/","logo":{"@type":"ImageObject","inLanguage":"fr-FR","@id":"https:\/\/dicodusport.fr\/blog\/#\/schema\/logo\/image\/","url":"https:\/\/dicodusport.fr\/blog\/wp-content\/uploads\/2020\/06\/cropped-LOGO-DICODUSPORT-2020-SANS-FOND-SANS-TEXTE.png","contentUrl":"https:\/\/dicodusport.fr\/blog\/wp-content\/uploads\/2020\/06\/cropped-LOGO-DICODUSPORT-2020-SANS-FOND-SANS-TEXTE.png","width":512,"height":512,"caption":"Dicodusport"},"image":{"@id":"https:\/\/dicodusport.fr\/blog\/#\/schema\/logo\/image\/"},"sameAs":["https:\/\/www.facebook.com\/dicodusport","https:\/\/x.com\/dicodusport","https:\/\/www.instagram.com\/dicodusport\/","https:\/\/www.youtube.com\/channel\/UC7V2KZ5sd3htJivAbA4ZG3w"],"description":"Dicodusport est l'encyclop\u00e9die de l'actualit\u00e9 sportive.","email":"bonjour@dicodusport.fr","legalName":"DICODUSPORT","foundingDate":"2018-01-14","vatID":"FR71834470973","taxID":"83447097300043","numberOfEmployees":{"@type":"QuantitativeValue","minValue":"1","maxValue":"10"}},{"@type":"Person","@id":"https:\/\/dicodusport.fr\/blog\/#\/schema\/person\/627966a6cde45dbd8c5e36ac85d783da","name":"S\u00e9bastien Gente","image":{"@type":"ImageObject","inLanguage":"fr-FR","@id":"https:\/\/dicodusport.fr\/blog\/#\/schema\/person\/image\/","url":"https:\/\/dicodusport.fr\/blog\/wp-content\/uploads\/2021\/09\/1510990_10205810251400683_4124423575079401707_n-150x150.jpg","contentUrl":"https:\/\/dicodusport.fr\/blog\/wp-content\/uploads\/2021\/09\/1510990_10205810251400683_4124423575079401707_n-150x150.jpg","caption":"S\u00e9bastien Gente"},"description":"John Stockton, Gianni Bugno, Zinedine Zidane, Steffi Graf, Frode Andresen, St\u00e9phane Stoecklin, Davis Kamoga, Primoz Peterka, Werner Schlager et Aur\u00e9lien Rougerie. Point commun entre ces sportifs? Ils m'ont fait r\u00eaver et ont berc\u00e9 mon adolescence. Je suis un fondu de sports et j'essaie de retranscrire ma passion \u00e0 travers mes articles. Originaire du P\u00e9rigord, ma passion pour les Girondins, les Jaunards et les Jazzmen transpire dans mes \u00e9crits. \u00c0 Dicodusport depuis 2021, je d\u00e9niche les sports m\u00e9connus dans lesquels la France brille, et il y en a !","sameAs":["https:\/\/www.facebook.com\/sebastien.gente\/","https:\/\/www.instagram.com\/sebgente\/","https:\/\/www.linkedin.com\/in\/sbastien-gente-a29583169\/","https:\/\/x.com\/https:\/\/twitter.com\/globulo24","SebastienGente"],"worksFor":"S\u00e9bastien GENTE","url":"https:\/\/dicodusport.fr\/blog\/author\/sebastiengente\/"}]}},"_links":{"self":[{"href":"https:\/\/dicodusport.fr\/blog\/wp-json\/wp\/v2\/posts\/391772","targetHints":{"allow":["GET"]}}],"collection":[{"href":"https:\/\/dicodusport.fr\/blog\/wp-json\/wp\/v2\/posts"}],"about":[{"href":"https:\/\/dicodusport.fr\/blog\/wp-json\/wp\/v2\/types\/post"}],"author":[{"embeddable":true,"href":"https:\/\/dicodusport.fr\/blog\/wp-json\/wp\/v2\/users\/59"}],"replies":[{"embeddable":true,"href":"https:\/\/dicodusport.fr\/blog\/wp-json\/wp\/v2\/comments?post=391772"}],"version-history":[{"count":0,"href":"https:\/\/dicodusport.fr\/blog\/wp-json\/wp\/v2\/posts\/391772\/revisions"}],"wp:featuredmedia":[{"embeddable":true,"href":"https:\/\/dicodusport.fr\/blog\/wp-json\/wp\/v2\/media\/391871"}],"wp:attachment":[{"href":"https:\/\/dicodusport.fr\/blog\/wp-json\/wp\/v2\/media?parent=391772"}],"wp:term":[{"taxonomy":"category","embeddable":true,"href":"https:\/\/dicodusport.fr\/blog\/wp-json\/wp\/v2\/categories?post=391772"},{"taxonomy":"post_tag","embeddable":true,"href":"https:\/\/dicodusport.fr\/blog\/wp-json\/wp\/v2\/tags?post=391772"}],"curies":[{"name":"wp","href":"https:\/\/api.w.org\/{rel}","templated":true}]}}