{"id":391918,"date":"2023-06-16T18:37:36","date_gmt":"2023-06-16T16:37:36","guid":{"rendered":"https:\/\/dicodusport.fr\/blog\/?p=391918&#038;preview=true&#038;preview_id=391918"},"modified":"2023-06-16T19:28:51","modified_gmt":"2023-06-16T17:28:51","slug":"vtt-xcc-leogang-classement-de-la-course-hommes","status":"publish","type":"post","link":"https:\/\/dicodusport.fr\/blog\/vtt-xcc-leogang-classement-de-la-course-hommes\/","title":{"rendered":"VTT XCC Leogang &#8211; Classement de la course hommes"},"content":{"rendered":"<p style=\"text-align: justify;\"><b><i><a href=\"https:\/\/dicodusport.fr\/blog\/actualites\/cyclisme\/vtt\/coupe-du-monde-vtt-2023\/\">COUPE DU MONDE DE VTT 2023<\/a> &#8211; D\u00e9couvrez le classement (top 10) de la course short track hommes de la Coupe du monde de Leogang (Autriche), qui a eu lieu ce vendredi 16 juin 2023.<\/i><\/b><\/p>\n<div class=\"su-table su-table-alternate\">\n<table style=\"width: 800px;border-collapse: collapse\" border=\"1\">\n<tbody>\n<tr style=\"height: 24px\">\n<td style=\"border-color: #ebebeb;height: 24px;text-align: center;width: 80px;vertical-align: middle\">\ud83c\udfc6<\/td>\n<td style=\"border-color: #ebebeb;height: 24px;text-align: center;width: 500px;vertical-align: middle\"><span style=\"font-size: 0.9em\"><strong>CYCLISTES<\/strong><\/span><\/td>\n<td style=\"border-color: #ebebeb;height: 24px;text-align: center;width: 220px;vertical-align: middle\"><span style=\"font-size: 0.9em\"><strong>TEMPS<br \/>\n<\/strong><\/span><\/td>\n<\/tr>\n<tr>\n<td style=\"border-color: #ebebeb;text-align: center;width: 80px;vertical-align: middle\"><span style=\"font-size: 0.9em\">1.<\/span><\/td>\n<td style=\"border-color: #ebebeb;text-align: center;width: 500px;vertical-align: middle\"><span style=\"font-size: 0.9em\"><b>\ud83c\uddeb\ud83c\uddf7 JORDAN SARROU<\/b><\/span><\/td>\n<td style=\"border-color: #ebebeb;text-align: center;width: 220px;vertical-align: middle\"><span style=\"font-size: 0.9em\"><strong>21m08s<\/strong><\/span><\/td>\n<\/tr>\n<tr>\n<td style=\"border-color: #ebebeb;text-align: center;width: 80px;vertical-align: middle\"><span style=\"font-size: 0.9em\">2.<\/span><\/td>\n<td style=\"border-color: #ebebeb;text-align: center;width: 500px;vertical-align: middle\"><span style=\"font-size: 0.9em\"><b>\ud83c\udde9\ud83c\uddea LUCA SCHWARZBAUER<\/b><\/span><\/td>\n<td style=\"border-color: #ebebeb;text-align: center;width: 220px;vertical-align: middle\"><strong><span style=\"font-size: 0.9em\">\u00e0 2s<\/span><\/strong><\/td>\n<\/tr>\n<tr>\n<td style=\"border-color: #ebebeb;text-align: center;width: 80px;vertical-align: middle\"><span style=\"font-size: 0.9em\">3.<\/span><\/td>\n<td style=\"border-color: #ebebeb;text-align: center;width: 500px;vertical-align: middle\"><span style=\"font-size: 0.9em\"><b>\ud83c\uddf1\ud83c\uddfb MARTIN BLUMS<\/b><\/span><\/td>\n<td style=\"border-color: #ebebeb;text-align: center;width: 220px;vertical-align: middle\"><strong><span style=\"font-size: 0.9em\">\u00e0 3s<\/span><\/strong><\/td>\n<\/tr>\n<tr style=\"height: 24px\">\n<td style=\"border-color: #ebebeb;height: 24px;text-align: center;width: 80px;vertical-align: middle\"><span style=\"font-size: 0.9em\">4.<\/span><\/td>\n<td style=\"border-color: #ebebeb;text-align: center;width: 500px;vertical-align: middle\"><span style=\"font-size: 0.9em\"><b>\ud83c\udde7\ud83c\uddea JENS SCHUERMANS<\/b><\/span><\/td>\n<td style=\"border-color: #ebebeb;text-align: center;width: 220px;vertical-align: middle\"><strong><span style=\"font-size: 0.9em\">\u00e0 5s<\/span><\/strong><\/td>\n<\/tr>\n<tr>\n<td style=\"border-color: #ebebeb;text-align: center;width: 80px;vertical-align: middle\"><span style=\"font-size: 0.9em\">5.<\/span><\/td>\n<td style=\"border-color: #ebebeb;text-align: center;width: 500px;vertical-align: middle\"><span style=\"font-size: 0.9em\"><b>\ud83c\uddff\ud83c\udde6 ALAN HATHERLY<\/b><\/span><\/td>\n<td style=\"border-color: #ebebeb;text-align: center;width: 220px;vertical-align: middle\"><strong><span style=\"font-size: 0.9em\">\u00e0 7s<\/span><\/strong><\/td>\n<\/tr>\n<tr>\n<td style=\"border-color: #ebebeb;text-align: center;width: 80px;vertical-align: middle\"><span style=\"font-size: 0.9em\">6<\/span><span style=\"font-size: 0.9em\">.<\/span><\/td>\n<td style=\"border-color: #ebebeb;text-align: center;width: 500px;vertical-align: middle\"><span style=\"font-size: 0.9em\"><b>\ud83c\uddeb\ud83c\uddf7 JOSHUA DUBAU<\/b><\/span><\/td>\n<td style=\"border-color: #ebebeb;text-align: center;width: 220px;vertical-align: middle\"><strong><span style=\"font-size: 0.9em\">\u00e0 9s<\/span><\/strong><\/td>\n<\/tr>\n<tr>\n<td style=\"border-color: #ebebeb;text-align: center;width: 80px;vertical-align: middle\"><span style=\"font-size: 0.9em\">7.<\/span><\/td>\n<td style=\"border-color: #ebebeb;text-align: center;width: 500px;vertical-align: middle\"><span style=\"font-size: 0.9em\"><b>\ud83c\uddec\ud83c\udde7 CHARLIE ALDRIDGE<\/b><\/span><\/td>\n<td style=\"border-color: #ebebeb;text-align: center;width: 220px;vertical-align: middle\"><strong><span style=\"font-size: 0.9em\">\u00e0 11s<\/span><\/strong><\/td>\n<\/tr>\n<tr style=\"height: 24px\">\n<td style=\"border-color: #ebebeb;height: 24px;text-align: center;width: 80px;vertical-align: middle\"><span style=\"font-size: 0.9em\">8.<\/span><\/td>\n<td style=\"border-color: #ebebeb;height: 24px;text-align: center;width: 500px;vertical-align: middle\"><span style=\"font-size: 0.9em\"><b>\ud83c\udde6\ud83c\uddfa ANTON COOPER<\/b><\/span><\/td>\n<td style=\"border-color: #ebebeb;text-align: center;width: 220px;vertical-align: middle\"><strong><span style=\"font-size: 0.9em\">\u00e0 13s<\/span><\/strong><\/td>\n<\/tr>\n<tr>\n<td style=\"border-color: #ebebeb;text-align: center;width: 80px;vertical-align: middle\"><span style=\"font-size: 0.9em\">9.<\/span><\/td>\n<td style=\"border-color: #ebebeb;text-align: center;width: 500px;vertical-align: middle\"><span style=\"font-size: 0.9em\"><b>\ud83c\udde7\ud83c\uddea PIERRE DE FROIDMONT<\/b><\/span><\/td>\n<td style=\"border-color: #ebebeb;text-align: center;width: 220px;vertical-align: middle\"><strong><span style=\"font-size: 0.9em\">\u00e0 17s<\/span><\/strong><\/td>\n<\/tr>\n<tr>\n<td style=\"border-color: #ebebeb;text-align: center;width: 80px;vertical-align: middle\"><span style=\"font-size: 0.9em\">10.<\/span><\/td>\n<td style=\"border-color: #ebebeb;text-align: center;width: 500px;vertical-align: middle\"><span style=\"font-size: 0.9em\"><b>\ud83c\uddeb\ud83c\uddf7 THOMAS GRIOT<\/b><\/span><\/td>\n<td style=\"border-color: #ebebeb;text-align: center;width: 220px;vertical-align: middle\"><strong><span style=\"font-size: 0.9em\">\u00e0 23s<\/span><\/strong><\/td>\n<\/tr>\n<\/tbody>\n<\/table>\n<\/div>\n<h2 style=\"text-align: justify;\">\u00c0 lire aussi<\/h2>\n<ul>\n<li style=\"text-align: justify;\"><strong><a href=\"https:\/\/firstcycling.com\/race.php?r=15747&amp;y=2023\" target=\"_blank\" rel=\"noopener\">Le classement complet de la course hommes de VTT Short track de Leogang<\/a><br \/>\n<\/strong><\/li>\n<li style=\"text-align: justify;\"><a href=\"https:\/\/dicodusport.fr\/blog\/vtt-xc-coupe-du-monde-2023-calendrier-et-resultats\/\"><strong>Calendrier et r\u00e9sultats de la Coupe du monde de VTT XC 2023<\/strong><\/a><\/li>\n<\/ul>\n","protected":false},"excerpt":{"rendered":"<p>COUPE DU MONDE DE VTT 2023 &#8211; D\u00e9couvrez le classement (top 10) de la course short track hommes de la Coupe du monde de Leogang (Autriche), qui a eu lieu ce vendredi 16 juin 2023.<\/p>\n","protected":false},"author":4,"featured_media":391939,"comment_status":"open","ping_status":"closed","sticky":false,"template":"","format":"standard","meta":{"_acf_changed":false,"_daextam_enable_autolinks":"","footnotes":""},"categories":[10279],"tags":[16878],"class_list":["post-391918","post","type-post","status-publish","format-standard","has-post-thumbnail","hentry","category-vtt","tag-breve"],"acf":[],"yoast_head":"<!-- This site is optimized with the Yoast SEO Premium plugin v26.7 (Yoast SEO v26.7) - https:\/\/yoast.com\/wordpress\/plugins\/seo\/ -->\n<title>VTT XCC Leogang - Classement de la course hommes<\/title>\n<meta name=\"description\" content=\"COUPE DU MONDE DE VTT 2023 - D\u00e9couvrez le classement (top 10) de la course short track hommes de la Coupe du monde de Leogang (Autriche).\" \/>\n<meta name=\"robots\" content=\"index, follow, max-snippet:-1, max-image-preview:large, max-video-preview:-1\" \/>\n<link rel=\"canonical\" href=\"https:\/\/dicodusport.fr\/blog\/vtt-xcc-leogang-classement-de-la-course-hommes\/\" \/>\n<meta property=\"og:locale\" content=\"fr_FR\" \/>\n<meta property=\"og:type\" content=\"article\" \/>\n<meta property=\"og:title\" content=\"VTT XCC Leogang - Classement de la course hommes\" \/>\n<meta property=\"og:description\" content=\"COUPE DU MONDE DE VTT 2023 - D\u00e9couvrez le classement (top 10) de la course short track hommes de la Coupe du monde de Leogang (Autriche).\" \/>\n<meta property=\"og:url\" content=\"https:\/\/dicodusport.fr\/blog\/vtt-xcc-leogang-classement-de-la-course-hommes\/\" \/>\n<meta property=\"og:site_name\" content=\"Dicodusport\" \/>\n<meta property=\"article:publisher\" content=\"https:\/\/www.facebook.com\/dicodusport\" \/>\n<meta property=\"article:author\" content=\"https:\/\/www.facebook.com\/florent.ostermann\" \/>\n<meta property=\"article:published_time\" content=\"2023-06-16T16:37:36+00:00\" \/>\n<meta property=\"article:modified_time\" content=\"2023-06-16T17:28:51+00:00\" \/>\n<meta property=\"og:image\" content=\"https:\/\/dicodusport.fr\/blog\/wp-content\/uploads\/2023\/06\/VTT-XCC-Leogang-Classement-de-la-course-hommes.png\" \/>\n\t<meta property=\"og:image:width\" content=\"1200\" \/>\n\t<meta property=\"og:image:height\" content=\"670\" \/>\n\t<meta property=\"og:image:type\" content=\"image\/png\" \/>\n<meta name=\"author\" content=\"Flo Ostermann\" \/>\n<meta name=\"twitter:card\" content=\"summary_large_image\" \/>\n<meta name=\"twitter:title\" content=\"VTT XCC Leogang - Classement de la course hommes\" \/>\n<meta name=\"twitter:creator\" content=\"@https:\/\/twitter.com\/FlOstermann\" \/>\n<meta name=\"twitter:site\" content=\"@dicodusport\" \/>\n<script type=\"application\/ld+json\" class=\"yoast-schema-graph\">{\"@context\":\"https:\/\/schema.org\",\"@graph\":[{\"@type\":\"NewsArticle\",\"@id\":\"https:\/\/dicodusport.fr\/blog\/vtt-xcc-leogang-classement-de-la-course-hommes\/#article\",\"isPartOf\":{\"@id\":\"https:\/\/dicodusport.fr\/blog\/vtt-xcc-leogang-classement-de-la-course-hommes\/\"},\"author\":{\"name\":\"Flo Ostermann\",\"@id\":\"https:\/\/dicodusport.fr\/blog\/#\/schema\/person\/cb02af4c173ce4a653b55e9baf388d4a\"},\"headline\":\"VTT XCC Leogang &#8211; Classement de la course hommes\",\"datePublished\":\"2023-06-16T16:37:36+00:00\",\"dateModified\":\"2023-06-16T17:28:51+00:00\",\"mainEntityOfPage\":{\"@id\":\"https:\/\/dicodusport.fr\/blog\/vtt-xcc-leogang-classement-de-la-course-hommes\/\"},\"wordCount\":106,\"commentCount\":0,\"publisher\":{\"@id\":\"https:\/\/dicodusport.fr\/blog\/#organization\"},\"image\":{\"@id\":\"https:\/\/dicodusport.fr\/blog\/vtt-xcc-leogang-classement-de-la-course-hommes\/#primaryimage\"},\"thumbnailUrl\":\"https:\/\/dicodusport.fr\/blog\/wp-content\/uploads\/2023\/06\/VTT-XCC-Leogang-Classement-de-la-course-hommes.png\",\"keywords\":[\"br\u00e8ve\"],\"articleSection\":[\"VTT\"],\"inLanguage\":\"fr-FR\",\"potentialAction\":[{\"@type\":\"CommentAction\",\"name\":\"Comment\",\"target\":[\"https:\/\/dicodusport.fr\/blog\/vtt-xcc-leogang-classement-de-la-course-hommes\/#respond\"]}],\"copyrightYear\":\"2023\",\"copyrightHolder\":{\"@id\":\"https:\/\/dicodusport.fr\/blog\/#organization\"}},{\"@type\":\"WebPage\",\"@id\":\"https:\/\/dicodusport.fr\/blog\/vtt-xcc-leogang-classement-de-la-course-hommes\/\",\"url\":\"https:\/\/dicodusport.fr\/blog\/vtt-xcc-leogang-classement-de-la-course-hommes\/\",\"name\":\"VTT XCC Leogang - Classement de la course hommes\",\"isPartOf\":{\"@id\":\"https:\/\/dicodusport.fr\/blog\/#website\"},\"primaryImageOfPage\":{\"@id\":\"https:\/\/dicodusport.fr\/blog\/vtt-xcc-leogang-classement-de-la-course-hommes\/#primaryimage\"},\"image\":{\"@id\":\"https:\/\/dicodusport.fr\/blog\/vtt-xcc-leogang-classement-de-la-course-hommes\/#primaryimage\"},\"thumbnailUrl\":\"https:\/\/dicodusport.fr\/blog\/wp-content\/uploads\/2023\/06\/VTT-XCC-Leogang-Classement-de-la-course-hommes.png\",\"datePublished\":\"2023-06-16T16:37:36+00:00\",\"dateModified\":\"2023-06-16T17:28:51+00:00\",\"description\":\"COUPE DU MONDE DE VTT 2023 - D\u00e9couvrez le classement (top 10) de la course short track hommes de la Coupe du monde de Leogang (Autriche).\",\"breadcrumb\":{\"@id\":\"https:\/\/dicodusport.fr\/blog\/vtt-xcc-leogang-classement-de-la-course-hommes\/#breadcrumb\"},\"inLanguage\":\"fr-FR\",\"potentialAction\":[{\"@type\":\"ReadAction\",\"target\":[\"https:\/\/dicodusport.fr\/blog\/vtt-xcc-leogang-classement-de-la-course-hommes\/\"]}]},{\"@type\":\"ImageObject\",\"inLanguage\":\"fr-FR\",\"@id\":\"https:\/\/dicodusport.fr\/blog\/vtt-xcc-leogang-classement-de-la-course-hommes\/#primaryimage\",\"url\":\"https:\/\/dicodusport.fr\/blog\/wp-content\/uploads\/2023\/06\/VTT-XCC-Leogang-Classement-de-la-course-hommes.png\",\"contentUrl\":\"https:\/\/dicodusport.fr\/blog\/wp-content\/uploads\/2023\/06\/VTT-XCC-Leogang-Classement-de-la-course-hommes.png\",\"width\":1200,\"height\":670,\"caption\":\"VTT XCC Leogang - Classement de la course hommes\"},{\"@type\":\"BreadcrumbList\",\"@id\":\"https:\/\/dicodusport.fr\/blog\/vtt-xcc-leogang-classement-de-la-course-hommes\/#breadcrumb\",\"itemListElement\":[{\"@type\":\"ListItem\",\"position\":1,\"name\":\"Accueil\",\"item\":\"https:\/\/dicodusport.fr\/blog\/\"},{\"@type\":\"ListItem\",\"position\":2,\"name\":\"VTT XCC Leogang &#8211; Classement de la course hommes\"}]},{\"@type\":\"WebSite\",\"@id\":\"https:\/\/dicodusport.fr\/blog\/#website\",\"url\":\"https:\/\/dicodusport.fr\/blog\/\",\"name\":\"Dicodusport\",\"description\":\"L&#039;encyclop\u00e9die de l&#039;actualit\u00e9 sportive\",\"publisher\":{\"@id\":\"https:\/\/dicodusport.fr\/blog\/#organization\"},\"potentialAction\":[{\"@type\":\"SearchAction\",\"target\":{\"@type\":\"EntryPoint\",\"urlTemplate\":\"https:\/\/dicodusport.fr\/blog\/?s={search_term_string}\"},\"query-input\":{\"@type\":\"PropertyValueSpecification\",\"valueRequired\":true,\"valueName\":\"search_term_string\"}}],\"inLanguage\":\"fr-FR\"},{\"@type\":\"NewsMediaOrganization\",\"@id\":\"https:\/\/dicodusport.fr\/blog\/#organization\",\"name\":\"Dicodusport\",\"url\":\"https:\/\/dicodusport.fr\/blog\/\",\"logo\":{\"@type\":\"ImageObject\",\"inLanguage\":\"fr-FR\",\"@id\":\"https:\/\/dicodusport.fr\/blog\/#\/schema\/logo\/image\/\",\"url\":\"https:\/\/dicodusport.fr\/blog\/wp-content\/uploads\/2020\/06\/cropped-LOGO-DICODUSPORT-2020-SANS-FOND-SANS-TEXTE.png\",\"contentUrl\":\"https:\/\/dicodusport.fr\/blog\/wp-content\/uploads\/2020\/06\/cropped-LOGO-DICODUSPORT-2020-SANS-FOND-SANS-TEXTE.png\",\"width\":512,\"height\":512,\"caption\":\"Dicodusport\"},\"image\":{\"@id\":\"https:\/\/dicodusport.fr\/blog\/#\/schema\/logo\/image\/\"},\"sameAs\":[\"https:\/\/www.facebook.com\/dicodusport\",\"https:\/\/x.com\/dicodusport\",\"https:\/\/www.instagram.com\/dicodusport\/\",\"https:\/\/www.youtube.com\/channel\/UC7V2KZ5sd3htJivAbA4ZG3w\"],\"description\":\"Dicodusport est l'encyclop\u00e9die de l'actualit\u00e9 sportive.\",\"email\":\"bonjour@dicodusport.fr\",\"legalName\":\"DICODUSPORT\",\"foundingDate\":\"2018-01-14\",\"vatID\":\"FR71834470973\",\"taxID\":\"83447097300043\",\"numberOfEmployees\":{\"@type\":\"QuantitativeValue\",\"minValue\":\"1\",\"maxValue\":\"10\"}},{\"@type\":\"Person\",\"@id\":\"https:\/\/dicodusport.fr\/blog\/#\/schema\/person\/cb02af4c173ce4a653b55e9baf388d4a\",\"name\":\"Flo Ostermann\",\"image\":{\"@type\":\"ImageObject\",\"inLanguage\":\"fr-FR\",\"@id\":\"https:\/\/dicodusport.fr\/blog\/#\/schema\/person\/image\/\",\"url\":\"https:\/\/dicodusport.fr\/blog\/wp-content\/uploads\/2021\/05\/Flo-Ostermann-150x150.jpg\",\"contentUrl\":\"https:\/\/dicodusport.fr\/blog\/wp-content\/uploads\/2021\/05\/Flo-Ostermann-150x150.jpg\",\"caption\":\"Flo Ostermann\"},\"description\":\"Journaliste\/R\u00e9dacteur depuis septembre 2015 - Mes premiers souvenirs dans le sport ? Les envol\u00e9es du Stade Toulousain et les duels Villeneuve-Schumacher et H\u00e4kkinen-Schumacher \u00e0 la fin des ann\u00e9es 90, la Coupe du monde de football en 1998, l\u2019exploit du XV de France face aux All Blacks en 1999, mais aussi Richard C\u0153ur de Lion qui vole sur les montagnes du Tour de France. Bien parti pour devenir professeur d\u2019EPS, les \u00e9v\u00e9nements de la vie (et la flemme d\u2019animer des s\u00e9ances de 3x500 m\u00e8tres toute ma vie) m\u2019ont conduit \u00e0 revoir mes plans. Me voil\u00e0 depuis fin 2017 sur Dicodusport, m\u00e9dia gr\u00e2ce (et pour) lequel je partage ma passion : le sport dans tous ses \u00e9tats. Le tout accompagn\u00e9 par les fous furieux et folles furieuses cit\u00e9s sur cette page !\",\"sameAs\":[\"https:\/\/www.facebook.com\/florent.ostermann\",\"https:\/\/x.com\/https:\/\/twitter.com\/FlOstermann\",\"admin\"],\"url\":\"https:\/\/dicodusport.fr\/blog\/author\/flo\/\"}]}<\/script>\n<!-- \/ Yoast SEO Premium plugin. -->","yoast_head_json":{"title":"VTT XCC Leogang - Classement de la course hommes","description":"COUPE DU MONDE DE VTT 2023 - D\u00e9couvrez le classement (top 10) de la course short track hommes de la Coupe du monde de Leogang (Autriche).","robots":{"index":"index","follow":"follow","max-snippet":"max-snippet:-1","max-image-preview":"max-image-preview:large","max-video-preview":"max-video-preview:-1"},"canonical":"https:\/\/dicodusport.fr\/blog\/vtt-xcc-leogang-classement-de-la-course-hommes\/","og_locale":"fr_FR","og_type":"article","og_title":"VTT XCC Leogang - Classement de la course hommes","og_description":"COUPE DU MONDE DE VTT 2023 - D\u00e9couvrez le classement (top 10) de la course short track hommes de la Coupe du monde de Leogang (Autriche).","og_url":"https:\/\/dicodusport.fr\/blog\/vtt-xcc-leogang-classement-de-la-course-hommes\/","og_site_name":"Dicodusport","article_publisher":"https:\/\/www.facebook.com\/dicodusport","article_author":"https:\/\/www.facebook.com\/florent.ostermann","article_published_time":"2023-06-16T16:37:36+00:00","article_modified_time":"2023-06-16T17:28:51+00:00","og_image":[{"width":1200,"height":670,"url":"https:\/\/dicodusport.fr\/blog\/wp-content\/uploads\/2023\/06\/VTT-XCC-Leogang-Classement-de-la-course-hommes.png","type":"image\/png"}],"author":"Flo Ostermann","twitter_card":"summary_large_image","twitter_title":"VTT XCC Leogang - Classement de la course hommes","twitter_creator":"@https:\/\/twitter.com\/FlOstermann","twitter_site":"@dicodusport","schema":{"@context":"https:\/\/schema.org","@graph":[{"@type":"NewsArticle","@id":"https:\/\/dicodusport.fr\/blog\/vtt-xcc-leogang-classement-de-la-course-hommes\/#article","isPartOf":{"@id":"https:\/\/dicodusport.fr\/blog\/vtt-xcc-leogang-classement-de-la-course-hommes\/"},"author":{"name":"Flo Ostermann","@id":"https:\/\/dicodusport.fr\/blog\/#\/schema\/person\/cb02af4c173ce4a653b55e9baf388d4a"},"headline":"VTT XCC Leogang &#8211; Classement de la course hommes","datePublished":"2023-06-16T16:37:36+00:00","dateModified":"2023-06-16T17:28:51+00:00","mainEntityOfPage":{"@id":"https:\/\/dicodusport.fr\/blog\/vtt-xcc-leogang-classement-de-la-course-hommes\/"},"wordCount":106,"commentCount":0,"publisher":{"@id":"https:\/\/dicodusport.fr\/blog\/#organization"},"image":{"@id":"https:\/\/dicodusport.fr\/blog\/vtt-xcc-leogang-classement-de-la-course-hommes\/#primaryimage"},"thumbnailUrl":"https:\/\/dicodusport.fr\/blog\/wp-content\/uploads\/2023\/06\/VTT-XCC-Leogang-Classement-de-la-course-hommes.png","keywords":["br\u00e8ve"],"articleSection":["VTT"],"inLanguage":"fr-FR","potentialAction":[{"@type":"CommentAction","name":"Comment","target":["https:\/\/dicodusport.fr\/blog\/vtt-xcc-leogang-classement-de-la-course-hommes\/#respond"]}],"copyrightYear":"2023","copyrightHolder":{"@id":"https:\/\/dicodusport.fr\/blog\/#organization"}},{"@type":"WebPage","@id":"https:\/\/dicodusport.fr\/blog\/vtt-xcc-leogang-classement-de-la-course-hommes\/","url":"https:\/\/dicodusport.fr\/blog\/vtt-xcc-leogang-classement-de-la-course-hommes\/","name":"VTT XCC Leogang - Classement de la course hommes","isPartOf":{"@id":"https:\/\/dicodusport.fr\/blog\/#website"},"primaryImageOfPage":{"@id":"https:\/\/dicodusport.fr\/blog\/vtt-xcc-leogang-classement-de-la-course-hommes\/#primaryimage"},"image":{"@id":"https:\/\/dicodusport.fr\/blog\/vtt-xcc-leogang-classement-de-la-course-hommes\/#primaryimage"},"thumbnailUrl":"https:\/\/dicodusport.fr\/blog\/wp-content\/uploads\/2023\/06\/VTT-XCC-Leogang-Classement-de-la-course-hommes.png","datePublished":"2023-06-16T16:37:36+00:00","dateModified":"2023-06-16T17:28:51+00:00","description":"COUPE DU MONDE DE VTT 2023 - D\u00e9couvrez le classement (top 10) de la course short track hommes de la Coupe du monde de Leogang (Autriche).","breadcrumb":{"@id":"https:\/\/dicodusport.fr\/blog\/vtt-xcc-leogang-classement-de-la-course-hommes\/#breadcrumb"},"inLanguage":"fr-FR","potentialAction":[{"@type":"ReadAction","target":["https:\/\/dicodusport.fr\/blog\/vtt-xcc-leogang-classement-de-la-course-hommes\/"]}]},{"@type":"ImageObject","inLanguage":"fr-FR","@id":"https:\/\/dicodusport.fr\/blog\/vtt-xcc-leogang-classement-de-la-course-hommes\/#primaryimage","url":"https:\/\/dicodusport.fr\/blog\/wp-content\/uploads\/2023\/06\/VTT-XCC-Leogang-Classement-de-la-course-hommes.png","contentUrl":"https:\/\/dicodusport.fr\/blog\/wp-content\/uploads\/2023\/06\/VTT-XCC-Leogang-Classement-de-la-course-hommes.png","width":1200,"height":670,"caption":"VTT XCC Leogang - Classement de la course hommes"},{"@type":"BreadcrumbList","@id":"https:\/\/dicodusport.fr\/blog\/vtt-xcc-leogang-classement-de-la-course-hommes\/#breadcrumb","itemListElement":[{"@type":"ListItem","position":1,"name":"Accueil","item":"https:\/\/dicodusport.fr\/blog\/"},{"@type":"ListItem","position":2,"name":"VTT XCC Leogang &#8211; Classement de la course hommes"}]},{"@type":"WebSite","@id":"https:\/\/dicodusport.fr\/blog\/#website","url":"https:\/\/dicodusport.fr\/blog\/","name":"Dicodusport","description":"L&#039;encyclop\u00e9die de l&#039;actualit\u00e9 sportive","publisher":{"@id":"https:\/\/dicodusport.fr\/blog\/#organization"},"potentialAction":[{"@type":"SearchAction","target":{"@type":"EntryPoint","urlTemplate":"https:\/\/dicodusport.fr\/blog\/?s={search_term_string}"},"query-input":{"@type":"PropertyValueSpecification","valueRequired":true,"valueName":"search_term_string"}}],"inLanguage":"fr-FR"},{"@type":"NewsMediaOrganization","@id":"https:\/\/dicodusport.fr\/blog\/#organization","name":"Dicodusport","url":"https:\/\/dicodusport.fr\/blog\/","logo":{"@type":"ImageObject","inLanguage":"fr-FR","@id":"https:\/\/dicodusport.fr\/blog\/#\/schema\/logo\/image\/","url":"https:\/\/dicodusport.fr\/blog\/wp-content\/uploads\/2020\/06\/cropped-LOGO-DICODUSPORT-2020-SANS-FOND-SANS-TEXTE.png","contentUrl":"https:\/\/dicodusport.fr\/blog\/wp-content\/uploads\/2020\/06\/cropped-LOGO-DICODUSPORT-2020-SANS-FOND-SANS-TEXTE.png","width":512,"height":512,"caption":"Dicodusport"},"image":{"@id":"https:\/\/dicodusport.fr\/blog\/#\/schema\/logo\/image\/"},"sameAs":["https:\/\/www.facebook.com\/dicodusport","https:\/\/x.com\/dicodusport","https:\/\/www.instagram.com\/dicodusport\/","https:\/\/www.youtube.com\/channel\/UC7V2KZ5sd3htJivAbA4ZG3w"],"description":"Dicodusport est l'encyclop\u00e9die de l'actualit\u00e9 sportive.","email":"bonjour@dicodusport.fr","legalName":"DICODUSPORT","foundingDate":"2018-01-14","vatID":"FR71834470973","taxID":"83447097300043","numberOfEmployees":{"@type":"QuantitativeValue","minValue":"1","maxValue":"10"}},{"@type":"Person","@id":"https:\/\/dicodusport.fr\/blog\/#\/schema\/person\/cb02af4c173ce4a653b55e9baf388d4a","name":"Flo Ostermann","image":{"@type":"ImageObject","inLanguage":"fr-FR","@id":"https:\/\/dicodusport.fr\/blog\/#\/schema\/person\/image\/","url":"https:\/\/dicodusport.fr\/blog\/wp-content\/uploads\/2021\/05\/Flo-Ostermann-150x150.jpg","contentUrl":"https:\/\/dicodusport.fr\/blog\/wp-content\/uploads\/2021\/05\/Flo-Ostermann-150x150.jpg","caption":"Flo Ostermann"},"description":"Journaliste\/R\u00e9dacteur depuis septembre 2015 - Mes premiers souvenirs dans le sport ? Les envol\u00e9es du Stade Toulousain et les duels Villeneuve-Schumacher et H\u00e4kkinen-Schumacher \u00e0 la fin des ann\u00e9es 90, la Coupe du monde de football en 1998, l\u2019exploit du XV de France face aux All Blacks en 1999, mais aussi Richard C\u0153ur de Lion qui vole sur les montagnes du Tour de France. Bien parti pour devenir professeur d\u2019EPS, les \u00e9v\u00e9nements de la vie (et la flemme d\u2019animer des s\u00e9ances de 3x500 m\u00e8tres toute ma vie) m\u2019ont conduit \u00e0 revoir mes plans. Me voil\u00e0 depuis fin 2017 sur Dicodusport, m\u00e9dia gr\u00e2ce (et pour) lequel je partage ma passion : le sport dans tous ses \u00e9tats. Le tout accompagn\u00e9 par les fous furieux et folles furieuses cit\u00e9s sur cette page !","sameAs":["https:\/\/www.facebook.com\/florent.ostermann","https:\/\/x.com\/https:\/\/twitter.com\/FlOstermann","admin"],"url":"https:\/\/dicodusport.fr\/blog\/author\/flo\/"}]}},"_links":{"self":[{"href":"https:\/\/dicodusport.fr\/blog\/wp-json\/wp\/v2\/posts\/391918","targetHints":{"allow":["GET"]}}],"collection":[{"href":"https:\/\/dicodusport.fr\/blog\/wp-json\/wp\/v2\/posts"}],"about":[{"href":"https:\/\/dicodusport.fr\/blog\/wp-json\/wp\/v2\/types\/post"}],"author":[{"embeddable":true,"href":"https:\/\/dicodusport.fr\/blog\/wp-json\/wp\/v2\/users\/4"}],"replies":[{"embeddable":true,"href":"https:\/\/dicodusport.fr\/blog\/wp-json\/wp\/v2\/comments?post=391918"}],"version-history":[{"count":0,"href":"https:\/\/dicodusport.fr\/blog\/wp-json\/wp\/v2\/posts\/391918\/revisions"}],"wp:featuredmedia":[{"embeddable":true,"href":"https:\/\/dicodusport.fr\/blog\/wp-json\/wp\/v2\/media\/391939"}],"wp:attachment":[{"href":"https:\/\/dicodusport.fr\/blog\/wp-json\/wp\/v2\/media?parent=391918"}],"wp:term":[{"taxonomy":"category","embeddable":true,"href":"https:\/\/dicodusport.fr\/blog\/wp-json\/wp\/v2\/categories?post=391918"},{"taxonomy":"post_tag","embeddable":true,"href":"https:\/\/dicodusport.fr\/blog\/wp-json\/wp\/v2\/tags?post=391918"}],"curies":[{"name":"wp","href":"https:\/\/api.w.org\/{rel}","templated":true}]}}