{"id":39192,"date":"2019-05-14T15:00:39","date_gmt":"2019-05-14T13:00:39","guid":{"rendered":"http:\/\/dicodusport.fr\/blog\/?p=39192"},"modified":"2019-05-14T14:18:18","modified_gmt":"2019-05-14T12:18:18","slug":"ligue-1-transferts-quel-mercato-estival-pour-rennes","status":"publish","type":"post","link":"https:\/\/dicodusport.fr\/blog\/ligue-1-transferts-quel-mercato-estival-pour-rennes\/","title":{"rendered":"Ligue 1 &#8211; Transferts : quel mercato estival pour Rennes ?"},"content":{"rendered":"<p style=\"text-align: justify;\"><em><strong>Malgr\u00e9 une saison tr\u00e8s d\u00e9cevante en championnat, le <a href=\"https:\/\/www.staderennais.com\/\" target=\"_blank\" rel=\"noopener\">Stade Rennais<\/a> a r\u00e9alis\u00e9, en Europe et en Coupe de France, un formidable parcours. En faisant chuter le Betis S\u00e9ville en seizi\u00e8mes de finale d&rsquo;Europa League et en s&rsquo;offrant les Gunners au tour suivant en Bretagne (3-1), les Rennais ont aussi fait tomber l&rsquo;ogre parisien en finale de la Coupe de France apr\u00e8s une s\u00e9ance de tirs au but haletante. Avec des r\u00e9v\u00e9lations et des confirmations, l&rsquo;effectif des Bretons semble taill\u00e9 pour jouer les troubles-faits en championnat et en comp\u00e9tition continentale. \u00c0 eux de bien g\u00e9rer l&rsquo;intersaison pour r\u00e9it\u00e9rer la chose.<\/strong><\/em><\/p>\n<h1 style=\"text-align: justify;\">Le myst\u00e8re Ben Arfa<\/h1>\n<p style=\"text-align: justify;\">\u00c0 l&rsquo;issue du match nul entre Rennes et Guingamp, officiellement rel\u00e9gu\u00e9 en Ligue 2, le milieu offensif des Bretons a fait une sortie m\u00e9diatique plut\u00f4t remarqu\u00e9e : \u00ab\u00a0<em>Ces derniers matches me permettent d\u2019avancer dans mon cheminement pour la saison prochaine. Je suis orient\u00e9 par le jeu. Je ne prends pas de plaisir et nous devons \u00eatre guid\u00e9s par \u00e7a. Ce que l\u2019on nous propose, c\u2019est limit\u00e9, donc \u00e7a oriente mon choix<\/em>. \u00bb Il semble difficile de ne pas lire un au revoir de la part de <strong>Hatem Ben Arfa<\/strong>, \u00e0 qui il reste une ann\u00e9e de contrat optionnelle. Reste \u00e0 savoir o\u00f9 il rebondira. Le FC S\u00e9ville le courtiserait depuis plusieurs semaines.<\/p>\n<div id=\"attachment_39193\" style=\"width: 1360px\" class=\"wp-caption aligncenter\"><img loading=\"lazy\" decoding=\"async\" aria-describedby=\"caption-attachment-39193\" class=\"size-full wp-image-39193\" src=\"http:\/\/dicodusport.fr\/blog\/wp-content\/uploads\/2019\/05\/Ben-Arfa-lors-de-son-remplacement-par-Julien-Stephan-face-\u00e0-Guingamp.jpg\" alt=\"\" width=\"1350\" height=\"759\" srcset=\"https:\/\/dicodusport.fr\/blog\/wp-content\/uploads\/2019\/05\/Ben-Arfa-lors-de-son-remplacement-par-Julien-Stephan-face-\u00e0-Guingamp.jpg 1350w, https:\/\/dicodusport.fr\/blog\/wp-content\/uploads\/2019\/05\/Ben-Arfa-lors-de-son-remplacement-par-Julien-Stephan-face-\u00e0-Guingamp-300x169.jpg 300w, https:\/\/dicodusport.fr\/blog\/wp-content\/uploads\/2019\/05\/Ben-Arfa-lors-de-son-remplacement-par-Julien-Stephan-face-\u00e0-Guingamp-768x432.jpg 768w, https:\/\/dicodusport.fr\/blog\/wp-content\/uploads\/2019\/05\/Ben-Arfa-lors-de-son-remplacement-par-Julien-Stephan-face-\u00e0-Guingamp-1024x576.jpg 1024w\" sizes=\"auto, (max-width: 1350px) 100vw, 1350px\" \/><p id=\"caption-attachment-39193\" class=\"wp-caption-text\">D\u00e9go\u00fbt\u00e9 d&rsquo;\u00eatre remplac\u00e9 \u00e0 quelques instants de la fin du match face \u00e0 Guingamp, Hatem Ben Arfa laisse planer le doute sur son avenir dans une sortie m\u00e9diatique d&rsquo;apr\u00e8s-match. Le divorce entre le club et le joueur semble annonc\u00e9 &#8211; AFP<\/p><\/div>\n<p style=\"text-align: justify;\">Sans nommer son entra\u00eeneur <a href=\"https:\/\/dicodusport.fr\/blog\/julien-stephan-ce-heros-rennais\/\" target=\"_blank\" rel=\"noopener\"><strong>Julien St\u00e9phan<\/strong><\/a>, HBA a ouvertement critiqu\u00e9 ses choix et le jeu propos\u00e9 par Rennes, qualifiant cette attitude de <em>\u00ab peureux\u00a0\u00bb<\/em> et d&rsquo;un groupe <em>\u00ab pas assez ambitieux \u00bb<\/em>. Sorti face \u00e0 Guingamp \u00e0 5 minutes de la fin, Ben Arfa semblait amer de cette d\u00e9cision. Raison de plus de croire au divorce entre Rennes et l&rsquo;ancien Lyonnais pass\u00e9 par Paris et Nice. Affaire \u00e0 suivre.<\/p>\n<h1 style=\"text-align: justify;\">Rester comp\u00e9titif<\/h1>\n<p style=\"text-align: justify;\">Quelques joueurs ont aussi r\u00e9alis\u00e9 une belle saison \u00e0 Rennes. On peut notamment \u00e9voquer\u00a0<strong>Tom\u00e1\u0161 Koubek<\/strong>, le gardien titulaire, ou encore le milieu de terrain <strong>Benjamin Bourigeaud.<\/strong> L&rsquo;avenir du premier est certain : ce sera Rennes en 2019-2020. Mais pour l&rsquo;ancien Lensois, rien n&rsquo;est encore s\u00fbr. Toujours juste, le milieu de 24 ans au grand talent, notamment sur coup de pied arr\u00eat\u00e9,\u00a0s\u00e9duit en France comme en Europe. L&rsquo;int\u00e9r\u00eat des grands clubs ne date pas d&rsquo;hier puisque le Borussia Dortmund souhaitait l&rsquo;attirer l\u2019\u00e9t\u00e9 dernier. L&rsquo;\u00e9quipe de Lucien Favre serait d&rsquo;ailleurs toujours en contact avec le club breton.\u00a0Du c\u00f4t\u00e9 de l\u2019Espagne, le cas Bourigeaud fait parler. Deux clubs de Liga auraient r\u00e9cemment pris des renseignements sur sa situation et son prix \u00e9ventuel. Si le Stade Rennais n\u2019est officiellement pas vendeur, en fonction du prix propos\u00e9, la r\u00e9flexion risquerait de se poser.<\/p>\n<p style=\"text-align: justify;\">D&rsquo;autres joueurs seraient sur le d\u00e9part. Alors que le d\u00e9fenseur rennais <strong>Edson Mexer<\/strong>, courtis\u00e9 par des clubs fran\u00e7ais, \u00e9cossais, espagnols et turcs rejoindra finalement les Girondins de Bordeaux cet \u00e9t\u00e9, <strong>Adrien Hunou<\/strong> pourrait quant \u00e0 lui partir pour le SCO d&rsquo;Angers pour 3,5 millions d&rsquo;euros.<\/p>\n<p><strong><em>Maxime Giralt<br \/>\n<a href=\"https:\/\/www.facebook.com\/Max11me\" target=\"_blank\" rel=\"noopener\"><img loading=\"lazy\" decoding=\"async\" class=\"alignnone wp-image-2909\" src=\"http:\/\/dicodusport.fr\/blog\/wp-content\/uploads\/2017\/07\/logo-facebook.png\" alt=\"\" width=\"38\" height=\"38\" \/><\/a><\/em><\/strong><a href=\"https:\/\/l.facebook.com\/l.php?u=https%3A%2F%2Fwww.linkedin.com%2Fin%2Fmaxime-giralt-1461a917b%2F%3Ffbclid%3DIwAR2o5nEQF1MbwOxhcZA53vciCrvhvHic9QZkhVnMl6B-BY_Hnj32ZE--uew&amp;h=AT0LoCNeRcbrBR7e8K1V93ja3oJ6Y-mNjmtrSMMYYjgplVOS3HK2KUlvJOSwWegSKG3Oe3hzQbAIm94g7G6qYCFYQQWPI1BS9WhzZoe-sPpYMw4rBaFo2prjau_nWQ-RyZQ\" target=\"_blank\" rel=\"noopener\"><img loading=\"lazy\" decoding=\"async\" class=\"alignnone wp-image-3711\" src=\"http:\/\/dicodusport.fr\/blog\/wp-content\/uploads\/2017\/08\/signature-linkedin.png\" alt=\"\" width=\"38\" height=\"38\" srcset=\"https:\/\/dicodusport.fr\/blog\/wp-content\/uploads\/2017\/08\/signature-linkedin.png 295w, https:\/\/dicodusport.fr\/blog\/wp-content\/uploads\/2017\/08\/signature-linkedin-150x150.png 150w\" sizes=\"auto, (max-width: 38px) 100vw, 38px\" \/><\/a><\/p>\n","protected":false},"excerpt":{"rendered":"<p>Malgr\u00e9 une saison tr\u00e8s d\u00e9cevante en championnat, Rennes a r\u00e9alis\u00e9, en Europe et en Coupe de France, un formidable parcours. De quoi sera fait son mercato ?<\/p>\n","protected":false},"author":38,"featured_media":39231,"comment_status":"open","ping_status":"closed","sticky":false,"template":"","format":"standard","meta":{"_acf_changed":false,"_daextam_enable_autolinks":"","footnotes":""},"categories":[2,2301],"tags":[75,6889,1555,7871,1840,1865],"class_list":["post-39192","post","type-post","status-publish","format-standard","has-post-thumbnail","hentry","category-actualites","category-football","tag-football","tag-hatem-ben-arfa","tag-mercato","tag-mercato-rennes","tag-rennes","tag-stade-rennais"],"acf":[],"yoast_head":"<!-- This site is optimized with the Yoast SEO Premium plugin v26.7 (Yoast SEO v26.7) - https:\/\/yoast.com\/wordpress\/plugins\/seo\/ -->\n<title>Ligue 1 - Transferts : quel mercato estival pour Rennes ?<\/title>\n<meta name=\"description\" content=\"Malgr\u00e9 une saison tr\u00e8s d\u00e9cevante en championnat, Rennes a r\u00e9alis\u00e9, en Europe et en Coupe de France, un formidable parcours. De quoi sera fait son mercato ?\" \/>\n<meta name=\"robots\" content=\"index, follow, max-snippet:-1, max-image-preview:large, max-video-preview:-1\" \/>\n<link rel=\"canonical\" href=\"https:\/\/dicodusport.fr\/blog\/ligue-1-transferts-quel-mercato-estival-pour-rennes\/\" \/>\n<meta property=\"og:locale\" content=\"fr_FR\" \/>\n<meta property=\"og:type\" content=\"article\" \/>\n<meta property=\"og:title\" content=\"Ligue 1 - Transferts : quel mercato estival pour Rennes ?\" \/>\n<meta property=\"og:description\" content=\"Malgr\u00e9 une saison tr\u00e8s d\u00e9cevante en championnat, Rennes a r\u00e9alis\u00e9, en Europe et en Coupe de France, un formidable parcours. De quoi sera fait son mercato ?\" \/>\n<meta property=\"og:url\" content=\"https:\/\/dicodusport.fr\/blog\/ligue-1-transferts-quel-mercato-estival-pour-rennes\/\" \/>\n<meta property=\"og:site_name\" content=\"Dicodusport\" \/>\n<meta property=\"article:publisher\" content=\"https:\/\/www.facebook.com\/dicodusport\" \/>\n<meta property=\"article:published_time\" content=\"2019-05-14T13:00:39+00:00\" \/>\n<meta property=\"og:image\" content=\"https:\/\/dicodusport.fr\/blog\/wp-content\/uploads\/2019\/05\/Mercato-Rennes.png\" \/>\n\t<meta property=\"og:image:width\" content=\"800\" \/>\n\t<meta property=\"og:image:height\" content=\"445\" \/>\n\t<meta property=\"og:image:type\" content=\"image\/png\" \/>\n<meta name=\"author\" content=\"Maxime Giralt\" \/>\n<meta name=\"twitter:card\" content=\"summary_large_image\" \/>\n<meta name=\"twitter:creator\" content=\"@dicodusport\" \/>\n<meta name=\"twitter:site\" content=\"@dicodusport\" \/>\n<script type=\"application\/ld+json\" class=\"yoast-schema-graph\">{\"@context\":\"https:\/\/schema.org\",\"@graph\":[{\"@type\":\"NewsArticle\",\"@id\":\"https:\/\/dicodusport.fr\/blog\/ligue-1-transferts-quel-mercato-estival-pour-rennes\/#article\",\"isPartOf\":{\"@id\":\"https:\/\/dicodusport.fr\/blog\/ligue-1-transferts-quel-mercato-estival-pour-rennes\/\"},\"author\":{\"name\":\"Maxime Giralt\",\"@id\":\"https:\/\/dicodusport.fr\/blog\/#\/schema\/person\/48bad9bec547f458f90c709b91a41248\"},\"headline\":\"Ligue 1 &#8211; Transferts : quel mercato estival pour Rennes ?\",\"datePublished\":\"2019-05-14T13:00:39+00:00\",\"mainEntityOfPage\":{\"@id\":\"https:\/\/dicodusport.fr\/blog\/ligue-1-transferts-quel-mercato-estival-pour-rennes\/\"},\"wordCount\":577,\"commentCount\":0,\"publisher\":{\"@id\":\"https:\/\/dicodusport.fr\/blog\/#organization\"},\"image\":{\"@id\":\"https:\/\/dicodusport.fr\/blog\/ligue-1-transferts-quel-mercato-estival-pour-rennes\/#primaryimage\"},\"thumbnailUrl\":\"https:\/\/dicodusport.fr\/blog\/wp-content\/uploads\/2019\/05\/Mercato-Rennes.png\",\"keywords\":[\"Football\",\"Hatem Ben Arfa\",\"Mercato\",\"Mercato Rennes\",\"Rennes\",\"Stade rennais\"],\"articleSection\":[\"Actualit\u00e9s\",\"Football\"],\"inLanguage\":\"fr-FR\",\"potentialAction\":[{\"@type\":\"CommentAction\",\"name\":\"Comment\",\"target\":[\"https:\/\/dicodusport.fr\/blog\/ligue-1-transferts-quel-mercato-estival-pour-rennes\/#respond\"]}],\"copyrightYear\":\"2019\",\"copyrightHolder\":{\"@id\":\"https:\/\/dicodusport.fr\/blog\/#organization\"}},{\"@type\":\"WebPage\",\"@id\":\"https:\/\/dicodusport.fr\/blog\/ligue-1-transferts-quel-mercato-estival-pour-rennes\/\",\"url\":\"https:\/\/dicodusport.fr\/blog\/ligue-1-transferts-quel-mercato-estival-pour-rennes\/\",\"name\":\"Ligue 1 - Transferts : quel mercato estival pour Rennes ?\",\"isPartOf\":{\"@id\":\"https:\/\/dicodusport.fr\/blog\/#website\"},\"primaryImageOfPage\":{\"@id\":\"https:\/\/dicodusport.fr\/blog\/ligue-1-transferts-quel-mercato-estival-pour-rennes\/#primaryimage\"},\"image\":{\"@id\":\"https:\/\/dicodusport.fr\/blog\/ligue-1-transferts-quel-mercato-estival-pour-rennes\/#primaryimage\"},\"thumbnailUrl\":\"https:\/\/dicodusport.fr\/blog\/wp-content\/uploads\/2019\/05\/Mercato-Rennes.png\",\"datePublished\":\"2019-05-14T13:00:39+00:00\",\"description\":\"Malgr\u00e9 une saison tr\u00e8s d\u00e9cevante en championnat, Rennes a r\u00e9alis\u00e9, en Europe et en Coupe de France, un formidable parcours. De quoi sera fait son mercato ?\",\"breadcrumb\":{\"@id\":\"https:\/\/dicodusport.fr\/blog\/ligue-1-transferts-quel-mercato-estival-pour-rennes\/#breadcrumb\"},\"inLanguage\":\"fr-FR\",\"potentialAction\":[{\"@type\":\"ReadAction\",\"target\":[\"https:\/\/dicodusport.fr\/blog\/ligue-1-transferts-quel-mercato-estival-pour-rennes\/\"]}]},{\"@type\":\"ImageObject\",\"inLanguage\":\"fr-FR\",\"@id\":\"https:\/\/dicodusport.fr\/blog\/ligue-1-transferts-quel-mercato-estival-pour-rennes\/#primaryimage\",\"url\":\"https:\/\/dicodusport.fr\/blog\/wp-content\/uploads\/2019\/05\/Mercato-Rennes.png\",\"contentUrl\":\"https:\/\/dicodusport.fr\/blog\/wp-content\/uploads\/2019\/05\/Mercato-Rennes.png\",\"width\":800,\"height\":445},{\"@type\":\"BreadcrumbList\",\"@id\":\"https:\/\/dicodusport.fr\/blog\/ligue-1-transferts-quel-mercato-estival-pour-rennes\/#breadcrumb\",\"itemListElement\":[{\"@type\":\"ListItem\",\"position\":1,\"name\":\"Accueil\",\"item\":\"https:\/\/dicodusport.fr\/blog\/\"},{\"@type\":\"ListItem\",\"position\":2,\"name\":\"Ligue 1 &#8211; Transferts : quel mercato estival pour Rennes ?\"}]},{\"@type\":\"WebSite\",\"@id\":\"https:\/\/dicodusport.fr\/blog\/#website\",\"url\":\"https:\/\/dicodusport.fr\/blog\/\",\"name\":\"Dicodusport\",\"description\":\"L&#039;encyclop\u00e9die de l&#039;actualit\u00e9 sportive\",\"publisher\":{\"@id\":\"https:\/\/dicodusport.fr\/blog\/#organization\"},\"potentialAction\":[{\"@type\":\"SearchAction\",\"target\":{\"@type\":\"EntryPoint\",\"urlTemplate\":\"https:\/\/dicodusport.fr\/blog\/?s={search_term_string}\"},\"query-input\":{\"@type\":\"PropertyValueSpecification\",\"valueRequired\":true,\"valueName\":\"search_term_string\"}}],\"inLanguage\":\"fr-FR\"},{\"@type\":\"NewsMediaOrganization\",\"@id\":\"https:\/\/dicodusport.fr\/blog\/#organization\",\"name\":\"Dicodusport\",\"url\":\"https:\/\/dicodusport.fr\/blog\/\",\"logo\":{\"@type\":\"ImageObject\",\"inLanguage\":\"fr-FR\",\"@id\":\"https:\/\/dicodusport.fr\/blog\/#\/schema\/logo\/image\/\",\"url\":\"https:\/\/dicodusport.fr\/blog\/wp-content\/uploads\/2020\/06\/cropped-LOGO-DICODUSPORT-2020-SANS-FOND-SANS-TEXTE.png\",\"contentUrl\":\"https:\/\/dicodusport.fr\/blog\/wp-content\/uploads\/2020\/06\/cropped-LOGO-DICODUSPORT-2020-SANS-FOND-SANS-TEXTE.png\",\"width\":512,\"height\":512,\"caption\":\"Dicodusport\"},\"image\":{\"@id\":\"https:\/\/dicodusport.fr\/blog\/#\/schema\/logo\/image\/\"},\"sameAs\":[\"https:\/\/www.facebook.com\/dicodusport\",\"https:\/\/x.com\/dicodusport\",\"https:\/\/www.instagram.com\/dicodusport\/\",\"https:\/\/www.youtube.com\/channel\/UC7V2KZ5sd3htJivAbA4ZG3w\"],\"description\":\"Dicodusport est l'encyclop\u00e9die de l'actualit\u00e9 sportive.\",\"email\":\"bonjour@dicodusport.fr\",\"legalName\":\"DICODUSPORT\",\"foundingDate\":\"2018-01-14\",\"vatID\":\"FR71834470973\",\"taxID\":\"83447097300043\",\"numberOfEmployees\":{\"@type\":\"QuantitativeValue\",\"minValue\":\"1\",\"maxValue\":\"10\"}},{\"@type\":\"Person\",\"@id\":\"https:\/\/dicodusport.fr\/blog\/#\/schema\/person\/48bad9bec547f458f90c709b91a41248\",\"name\":\"Maxime Giralt\",\"image\":{\"@type\":\"ImageObject\",\"inLanguage\":\"fr-FR\",\"@id\":\"https:\/\/dicodusport.fr\/blog\/#\/schema\/person\/image\/\",\"url\":\"https:\/\/dicodusport.fr\/blog\/wp-content\/uploads\/2017\/01\/logo-dicodusport-sans-fond-150x150.png\",\"contentUrl\":\"https:\/\/dicodusport.fr\/blog\/wp-content\/uploads\/2017\/01\/logo-dicodusport-sans-fond-150x150.png\",\"caption\":\"Maxime Giralt\"},\"url\":\"https:\/\/dicodusport.fr\/blog\/author\/maxime\/\"}]}<\/script>\n<!-- \/ Yoast SEO Premium plugin. -->","yoast_head_json":{"title":"Ligue 1 - Transferts : quel mercato estival pour Rennes ?","description":"Malgr\u00e9 une saison tr\u00e8s d\u00e9cevante en championnat, Rennes a r\u00e9alis\u00e9, en Europe et en Coupe de France, un formidable parcours. De quoi sera fait son mercato ?","robots":{"index":"index","follow":"follow","max-snippet":"max-snippet:-1","max-image-preview":"max-image-preview:large","max-video-preview":"max-video-preview:-1"},"canonical":"https:\/\/dicodusport.fr\/blog\/ligue-1-transferts-quel-mercato-estival-pour-rennes\/","og_locale":"fr_FR","og_type":"article","og_title":"Ligue 1 - Transferts : quel mercato estival pour Rennes ?","og_description":"Malgr\u00e9 une saison tr\u00e8s d\u00e9cevante en championnat, Rennes a r\u00e9alis\u00e9, en Europe et en Coupe de France, un formidable parcours. De quoi sera fait son mercato ?","og_url":"https:\/\/dicodusport.fr\/blog\/ligue-1-transferts-quel-mercato-estival-pour-rennes\/","og_site_name":"Dicodusport","article_publisher":"https:\/\/www.facebook.com\/dicodusport","article_published_time":"2019-05-14T13:00:39+00:00","og_image":[{"width":800,"height":445,"url":"https:\/\/dicodusport.fr\/blog\/wp-content\/uploads\/2019\/05\/Mercato-Rennes.png","type":"image\/png"}],"author":"Maxime Giralt","twitter_card":"summary_large_image","twitter_creator":"@dicodusport","twitter_site":"@dicodusport","schema":{"@context":"https:\/\/schema.org","@graph":[{"@type":"NewsArticle","@id":"https:\/\/dicodusport.fr\/blog\/ligue-1-transferts-quel-mercato-estival-pour-rennes\/#article","isPartOf":{"@id":"https:\/\/dicodusport.fr\/blog\/ligue-1-transferts-quel-mercato-estival-pour-rennes\/"},"author":{"name":"Maxime Giralt","@id":"https:\/\/dicodusport.fr\/blog\/#\/schema\/person\/48bad9bec547f458f90c709b91a41248"},"headline":"Ligue 1 &#8211; Transferts : quel mercato estival pour Rennes ?","datePublished":"2019-05-14T13:00:39+00:00","mainEntityOfPage":{"@id":"https:\/\/dicodusport.fr\/blog\/ligue-1-transferts-quel-mercato-estival-pour-rennes\/"},"wordCount":577,"commentCount":0,"publisher":{"@id":"https:\/\/dicodusport.fr\/blog\/#organization"},"image":{"@id":"https:\/\/dicodusport.fr\/blog\/ligue-1-transferts-quel-mercato-estival-pour-rennes\/#primaryimage"},"thumbnailUrl":"https:\/\/dicodusport.fr\/blog\/wp-content\/uploads\/2019\/05\/Mercato-Rennes.png","keywords":["Football","Hatem Ben Arfa","Mercato","Mercato Rennes","Rennes","Stade rennais"],"articleSection":["Actualit\u00e9s","Football"],"inLanguage":"fr-FR","potentialAction":[{"@type":"CommentAction","name":"Comment","target":["https:\/\/dicodusport.fr\/blog\/ligue-1-transferts-quel-mercato-estival-pour-rennes\/#respond"]}],"copyrightYear":"2019","copyrightHolder":{"@id":"https:\/\/dicodusport.fr\/blog\/#organization"}},{"@type":"WebPage","@id":"https:\/\/dicodusport.fr\/blog\/ligue-1-transferts-quel-mercato-estival-pour-rennes\/","url":"https:\/\/dicodusport.fr\/blog\/ligue-1-transferts-quel-mercato-estival-pour-rennes\/","name":"Ligue 1 - Transferts : quel mercato estival pour Rennes ?","isPartOf":{"@id":"https:\/\/dicodusport.fr\/blog\/#website"},"primaryImageOfPage":{"@id":"https:\/\/dicodusport.fr\/blog\/ligue-1-transferts-quel-mercato-estival-pour-rennes\/#primaryimage"},"image":{"@id":"https:\/\/dicodusport.fr\/blog\/ligue-1-transferts-quel-mercato-estival-pour-rennes\/#primaryimage"},"thumbnailUrl":"https:\/\/dicodusport.fr\/blog\/wp-content\/uploads\/2019\/05\/Mercato-Rennes.png","datePublished":"2019-05-14T13:00:39+00:00","description":"Malgr\u00e9 une saison tr\u00e8s d\u00e9cevante en championnat, Rennes a r\u00e9alis\u00e9, en Europe et en Coupe de France, un formidable parcours. De quoi sera fait son mercato ?","breadcrumb":{"@id":"https:\/\/dicodusport.fr\/blog\/ligue-1-transferts-quel-mercato-estival-pour-rennes\/#breadcrumb"},"inLanguage":"fr-FR","potentialAction":[{"@type":"ReadAction","target":["https:\/\/dicodusport.fr\/blog\/ligue-1-transferts-quel-mercato-estival-pour-rennes\/"]}]},{"@type":"ImageObject","inLanguage":"fr-FR","@id":"https:\/\/dicodusport.fr\/blog\/ligue-1-transferts-quel-mercato-estival-pour-rennes\/#primaryimage","url":"https:\/\/dicodusport.fr\/blog\/wp-content\/uploads\/2019\/05\/Mercato-Rennes.png","contentUrl":"https:\/\/dicodusport.fr\/blog\/wp-content\/uploads\/2019\/05\/Mercato-Rennes.png","width":800,"height":445},{"@type":"BreadcrumbList","@id":"https:\/\/dicodusport.fr\/blog\/ligue-1-transferts-quel-mercato-estival-pour-rennes\/#breadcrumb","itemListElement":[{"@type":"ListItem","position":1,"name":"Accueil","item":"https:\/\/dicodusport.fr\/blog\/"},{"@type":"ListItem","position":2,"name":"Ligue 1 &#8211; Transferts : quel mercato estival pour Rennes ?"}]},{"@type":"WebSite","@id":"https:\/\/dicodusport.fr\/blog\/#website","url":"https:\/\/dicodusport.fr\/blog\/","name":"Dicodusport","description":"L&#039;encyclop\u00e9die de l&#039;actualit\u00e9 sportive","publisher":{"@id":"https:\/\/dicodusport.fr\/blog\/#organization"},"potentialAction":[{"@type":"SearchAction","target":{"@type":"EntryPoint","urlTemplate":"https:\/\/dicodusport.fr\/blog\/?s={search_term_string}"},"query-input":{"@type":"PropertyValueSpecification","valueRequired":true,"valueName":"search_term_string"}}],"inLanguage":"fr-FR"},{"@type":"NewsMediaOrganization","@id":"https:\/\/dicodusport.fr\/blog\/#organization","name":"Dicodusport","url":"https:\/\/dicodusport.fr\/blog\/","logo":{"@type":"ImageObject","inLanguage":"fr-FR","@id":"https:\/\/dicodusport.fr\/blog\/#\/schema\/logo\/image\/","url":"https:\/\/dicodusport.fr\/blog\/wp-content\/uploads\/2020\/06\/cropped-LOGO-DICODUSPORT-2020-SANS-FOND-SANS-TEXTE.png","contentUrl":"https:\/\/dicodusport.fr\/blog\/wp-content\/uploads\/2020\/06\/cropped-LOGO-DICODUSPORT-2020-SANS-FOND-SANS-TEXTE.png","width":512,"height":512,"caption":"Dicodusport"},"image":{"@id":"https:\/\/dicodusport.fr\/blog\/#\/schema\/logo\/image\/"},"sameAs":["https:\/\/www.facebook.com\/dicodusport","https:\/\/x.com\/dicodusport","https:\/\/www.instagram.com\/dicodusport\/","https:\/\/www.youtube.com\/channel\/UC7V2KZ5sd3htJivAbA4ZG3w"],"description":"Dicodusport est l'encyclop\u00e9die de l'actualit\u00e9 sportive.","email":"bonjour@dicodusport.fr","legalName":"DICODUSPORT","foundingDate":"2018-01-14","vatID":"FR71834470973","taxID":"83447097300043","numberOfEmployees":{"@type":"QuantitativeValue","minValue":"1","maxValue":"10"}},{"@type":"Person","@id":"https:\/\/dicodusport.fr\/blog\/#\/schema\/person\/48bad9bec547f458f90c709b91a41248","name":"Maxime Giralt","image":{"@type":"ImageObject","inLanguage":"fr-FR","@id":"https:\/\/dicodusport.fr\/blog\/#\/schema\/person\/image\/","url":"https:\/\/dicodusport.fr\/blog\/wp-content\/uploads\/2017\/01\/logo-dicodusport-sans-fond-150x150.png","contentUrl":"https:\/\/dicodusport.fr\/blog\/wp-content\/uploads\/2017\/01\/logo-dicodusport-sans-fond-150x150.png","caption":"Maxime Giralt"},"url":"https:\/\/dicodusport.fr\/blog\/author\/maxime\/"}]}},"_links":{"self":[{"href":"https:\/\/dicodusport.fr\/blog\/wp-json\/wp\/v2\/posts\/39192","targetHints":{"allow":["GET"]}}],"collection":[{"href":"https:\/\/dicodusport.fr\/blog\/wp-json\/wp\/v2\/posts"}],"about":[{"href":"https:\/\/dicodusport.fr\/blog\/wp-json\/wp\/v2\/types\/post"}],"author":[{"embeddable":true,"href":"https:\/\/dicodusport.fr\/blog\/wp-json\/wp\/v2\/users\/38"}],"replies":[{"embeddable":true,"href":"https:\/\/dicodusport.fr\/blog\/wp-json\/wp\/v2\/comments?post=39192"}],"version-history":[{"count":0,"href":"https:\/\/dicodusport.fr\/blog\/wp-json\/wp\/v2\/posts\/39192\/revisions"}],"wp:featuredmedia":[{"embeddable":true,"href":"https:\/\/dicodusport.fr\/blog\/wp-json\/wp\/v2\/media\/39231"}],"wp:attachment":[{"href":"https:\/\/dicodusport.fr\/blog\/wp-json\/wp\/v2\/media?parent=39192"}],"wp:term":[{"taxonomy":"category","embeddable":true,"href":"https:\/\/dicodusport.fr\/blog\/wp-json\/wp\/v2\/categories?post=39192"},{"taxonomy":"post_tag","embeddable":true,"href":"https:\/\/dicodusport.fr\/blog\/wp-json\/wp\/v2\/tags?post=39192"}],"curies":[{"name":"wp","href":"https:\/\/api.w.org\/{rel}","templated":true}]}}