{"id":391921,"date":"2023-06-16T17:58:09","date_gmt":"2023-06-16T15:58:09","guid":{"rendered":"https:\/\/dicodusport.fr\/blog\/?p=391921&#038;preview=true&#038;preview_id=391921"},"modified":"2023-06-16T18:16:58","modified_gmt":"2023-06-16T16:16:58","slug":"vtt-xcc-leogang-premiere-victoire-de-la-saison-pour-pauline-ferrand-prevot","status":"publish","type":"post","link":"https:\/\/dicodusport.fr\/blog\/vtt-xcc-leogang-premiere-victoire-de-la-saison-pour-pauline-ferrand-prevot\/","title":{"rendered":"VTT XCC Leogang : Premi\u00e8re victoire de la saison pour Pauline Ferrand-Pr\u00e9vot"},"content":{"rendered":"<p align=\"justify\"><em><strong>VTT XCC LEOGANG &#8211; Pauline Ferrand-Pr\u00e9vot remporte la premi\u00e8re course du week-end en Autriche, devant Puck Pieterse et Evie Richards. C&rsquo;est son premier succ\u00e8s de la saison.<\/strong><\/em><\/p>\n<p style=\"text-align: justify;\"><b>Pauline Ferrand-Pr\u00e9vot <\/b><span style=\"font-weight: 400;\">fait briller son maillot arc-en-ciel. La Varoise d&rsquo;adoption signe son premier succ\u00e8s de la saison sur la Coupe du monde, en remportant la XCC de Leogang devant <\/span><b>Puck Pieterse <\/b><span style=\"font-weight: 400;\">et <\/span><b>Evie Richards<\/b><span style=\"font-weight: 400;\">. <\/span><em><b>PFP <\/b><\/em><span style=\"font-weight: 400;\">a<\/span> <span style=\"font-weight: 400;\">liss\u00e9 son effort pour aller chercher cette victoire, elle a eu ses adversaires \u00e0 l&rsquo;usure. <\/span><b>Loana Lecomte <\/b><span style=\"font-weight: 400;\">perd son invincibilit\u00e9 en Autriche avec cette 10\u1d49 place finale. La v\u00e9t\u00e9tiste de Canyon Collective a glan\u00e9 la victoire sur les 4 derni\u00e8res courses disput\u00e9es dans la station autrichienne + le titre de championne du monde espoirs en 2020. Comme la semaine derni\u00e8re, elle sera revancharde sur le cross-country olympique.<\/span><\/p>\n<h2 style=\"text-align: justify;\" align=\"justify\">Ferrand-Pr\u00e9vot en grande forme<\/h2>\n<p style=\"text-align: justify;\"><span style=\"font-weight: 400;\">La pluie est tomb\u00e9e une partie de l&rsquo;apr\u00e8s-midi dans le Salzburgerland mais la m\u00e9t\u00e9o s&rsquo;est am\u00e9lior\u00e9e \u00e0 l&rsquo;approche des courses. Le d\u00e9part se fait sans encombres. C&rsquo;est la short-track la plus difficile de la saison, le relief est pentu, les athl\u00e8tes ne font que monter et descendre. Dans le 1\u1d49\u02b3 tour, <\/span><b>Evie Richards<\/b><span style=\"font-weight: 400;\">, <\/span><b>Puck Pieterse <\/b><span style=\"font-weight: 400;\">et <\/span><b>Jenny Rissveds <\/b><span style=\"font-weight: 400;\">s&rsquo;\u00e9chappent et prennent quelques secondes d&rsquo;avance. Mais cette derni\u00e8re va chuter et perdre le contact avec les premi\u00e8res positions. Au moins provisoirement. <\/span><b>Pauline Ferrand-Pr\u00e9vot <\/b><span style=\"font-weight: 400;\">va ensuite faire l&rsquo;effort seule pour recoller aux deux femmes de t\u00eate.\u00a0<\/span><\/p>\n<p style=\"text-align: justify;\"><span style=\"font-weight: 400;\">Les trois pilotes aux avant-postes se d\u00e9tachent petit \u00e0 petit. Une bonne dizaine de secondes \u00e0 mi-course, la gagnante est l&rsquo;une d&rsquo;entre elles. <\/span><b>Evie Richards <\/b><span style=\"font-weight: 400;\">va faiblir dans la p\u00e9nulti\u00e8me boucle et <\/span><b>PFP <\/b><span style=\"font-weight: 400;\">fait son effort dans la derni\u00e8re mont\u00e9e de cette XCC pour distancer <\/span><b>Pieterse<\/b><span style=\"font-weight: 400;\">. Une poign\u00e9e de m\u00e8tres d&rsquo;avance sur la leader du classement g\u00e9n\u00e9ral et enfin une victoire pour la championne du monde en titre. Elle sera la seule Fran\u00e7aise sur la premi\u00e8re ligne dimanche, pour le XCO. <\/span><b>Line Burquier <\/b><span style=\"font-weight: 400;\">finit \u00e0 la 19\u1d49 place, <\/span><b>Lena G\u00e9rault <\/b><span style=\"font-weight: 400;\">est 23\u1d49.<\/span><\/p>\n<blockquote class=\"twitter-tweet\">\n<p dir=\"ltr\" lang=\"fr\">\ud83c\uddeb\ud83c\uddf7 Pauline <a href=\"https:\/\/twitter.com\/FERRANDPREVOT?ref_src=twsrc%5Etfw\">@FERRANDPREVOT<\/a> s&rsquo;impose en \ud835\udc29\ud835\udc1a\ud835\udc2d\ud835\udc2b\ud835\udc28\ud835\udc27\ud835\udc27\ud835\udc1e<\/p>\n<p>La Fran\u00e7aise d\u00e9croche sa premi\u00e8re victoire de la saison en Coupe du monde \u00e0 Leogang \ud83d\udc4f <a href=\"https:\/\/twitter.com\/hashtag\/MTBWorldCup?src=hash&amp;ref_src=twsrc%5Etfw\">#MTBWorldCup<\/a> <a href=\"https:\/\/twitter.com\/hashtag\/Leogang?src=hash&amp;ref_src=twsrc%5Etfw\">#Leogang<\/a> <a href=\"https:\/\/t.co\/QYlHdspWhx\">pic.twitter.com\/QYlHdspWhx<\/a><\/p>\n<p>\u2014 Eurosport France (@Eurosport_FR) <a href=\"https:\/\/twitter.com\/Eurosport_FR\/status\/1669736038057627652?ref_src=twsrc%5Etfw\">June 16, 2023<\/a><\/p><\/blockquote>\n<p><script async src=\"https:\/\/platform.twitter.com\/widgets.js\" charset=\"utf-8\"><\/script><\/p>\n<h2>\u00c0 lire aussi<\/h2>\n<ul>\n<li style=\"text-align: justify;\"><a href=\"https:\/\/dicodusport.fr\/blog\/vtt-xcc-leogang-classement-de-la-course-femmes\/\"><strong>VTT XCC &#8211; Classement de la course femmes de Leogang<\/strong><\/a><\/li>\n<li style=\"text-align: justify;\"><a href=\"https:\/\/dicodusport.fr\/blog\/vtt-xc-coupe-du-monde-2023-calendrier-et-resultats\/\"><strong>Calendrier et r\u00e9sultats de la Coupe du monde de VTT XC 2023<\/strong><\/a><\/li>\n<li style=\"text-align: justify;\"><a href=\"https:\/\/dicodusport.fr\/blog\/vtt-cross-country-classement-general-coupe-du-monde-2023\/\"><strong>Classement g\u00e9n\u00e9ral de la Coupe du monde de VTT XC 2023<\/strong><\/a><\/li>\n<\/ul>\n","protected":false},"excerpt":{"rendered":"<p>VTT XCC LEOGANG &#8211; Pauline Ferrand-Pr\u00e9vot remporte la premi\u00e8re course du week-end en Autriche, devant Puck Pieterse et Evie Richards. C&rsquo;est son premier succ\u00e8s de la saison.<\/p>\n","protected":false},"author":61,"featured_media":391943,"comment_status":"open","ping_status":"closed","sticky":false,"template":"","format":"standard","meta":{"_acf_changed":false,"_daextam_enable_autolinks":"","footnotes":""},"categories":[10279],"tags":[16878],"class_list":["post-391921","post","type-post","status-publish","format-standard","has-post-thumbnail","hentry","category-vtt","tag-breve"],"acf":[],"yoast_head":"<!-- This site is optimized with the Yoast SEO Premium plugin v26.7 (Yoast SEO v26.7) - https:\/\/yoast.com\/wordpress\/plugins\/seo\/ -->\n<title>VTT XCC Leogang : Premi\u00e8re victoire de la saison pour Pauline Ferrand-Pr\u00e9vot<\/title>\n<meta name=\"description\" content=\"VTT XCC LEOGANG - Pauline Ferrand-Pr\u00e9vot remporte la premi\u00e8re course du week-end en Autriche, devant Puck Pieterse et Evie Richards.\" \/>\n<meta name=\"robots\" content=\"index, follow, max-snippet:-1, max-image-preview:large, max-video-preview:-1\" \/>\n<link rel=\"canonical\" href=\"https:\/\/dicodusport.fr\/blog\/vtt-xcc-leogang-premiere-victoire-de-la-saison-pour-pauline-ferrand-prevot\/\" \/>\n<meta property=\"og:locale\" content=\"fr_FR\" \/>\n<meta property=\"og:type\" content=\"article\" \/>\n<meta property=\"og:title\" content=\"VTT XCC Leogang : Premi\u00e8re victoire de la saison pour Pauline Ferrand-Pr\u00e9vot\" \/>\n<meta property=\"og:description\" content=\"VTT XCC LEOGANG - Pauline Ferrand-Pr\u00e9vot remporte la premi\u00e8re course du week-end en Autriche, devant Puck Pieterse et Evie Richards.\" \/>\n<meta property=\"og:url\" content=\"https:\/\/dicodusport.fr\/blog\/vtt-xcc-leogang-premiere-victoire-de-la-saison-pour-pauline-ferrand-prevot\/\" \/>\n<meta property=\"og:site_name\" content=\"Dicodusport\" \/>\n<meta property=\"article:publisher\" content=\"https:\/\/www.facebook.com\/dicodusport\" \/>\n<meta property=\"article:published_time\" content=\"2023-06-16T15:58:09+00:00\" \/>\n<meta property=\"article:modified_time\" content=\"2023-06-16T16:16:58+00:00\" \/>\n<meta property=\"og:image\" content=\"https:\/\/dicodusport.fr\/blog\/wp-content\/uploads\/2023\/06\/VTT-XCC-Leogang-Premiere-victoire-de-la-saison-pour-Pauline-Ferrand-Prevot.png\" \/>\n\t<meta property=\"og:image:width\" content=\"800\" \/>\n\t<meta property=\"og:image:height\" content=\"445\" \/>\n\t<meta property=\"og:image:type\" content=\"image\/png\" \/>\n<meta name=\"author\" content=\"Pierre Gorce\" \/>\n<meta name=\"twitter:card\" content=\"summary_large_image\" \/>\n<meta name=\"twitter:title\" content=\"VTT XCC Leogang : Premi\u00e8re victoire de la saison pour Pauline Ferrand-Pr\u00e9vot\" \/>\n<meta name=\"twitter:creator\" content=\"@https:\/\/twitter.com\/pierregorce12\" \/>\n<meta name=\"twitter:site\" content=\"@dicodusport\" \/>\n<script type=\"application\/ld+json\" class=\"yoast-schema-graph\">{\"@context\":\"https:\/\/schema.org\",\"@graph\":[{\"@type\":\"NewsArticle\",\"@id\":\"https:\/\/dicodusport.fr\/blog\/vtt-xcc-leogang-premiere-victoire-de-la-saison-pour-pauline-ferrand-prevot\/#article\",\"isPartOf\":{\"@id\":\"https:\/\/dicodusport.fr\/blog\/vtt-xcc-leogang-premiere-victoire-de-la-saison-pour-pauline-ferrand-prevot\/\"},\"author\":{\"name\":\"Pierre Gorce\",\"@id\":\"https:\/\/dicodusport.fr\/blog\/#\/schema\/person\/0eaf70b33d703a1a66b1155ac1bda018\"},\"headline\":\"VTT XCC Leogang : Premi\u00e8re victoire de la saison pour Pauline Ferrand-Pr\u00e9vot\",\"datePublished\":\"2023-06-16T15:58:09+00:00\",\"dateModified\":\"2023-06-16T16:16:58+00:00\",\"mainEntityOfPage\":{\"@id\":\"https:\/\/dicodusport.fr\/blog\/vtt-xcc-leogang-premiere-victoire-de-la-saison-pour-pauline-ferrand-prevot\/\"},\"wordCount\":438,\"commentCount\":0,\"publisher\":{\"@id\":\"https:\/\/dicodusport.fr\/blog\/#organization\"},\"image\":{\"@id\":\"https:\/\/dicodusport.fr\/blog\/vtt-xcc-leogang-premiere-victoire-de-la-saison-pour-pauline-ferrand-prevot\/#primaryimage\"},\"thumbnailUrl\":\"https:\/\/dicodusport.fr\/blog\/wp-content\/uploads\/2023\/06\/VTT-XCC-Leogang-Premiere-victoire-de-la-saison-pour-Pauline-Ferrand-Prevot.png\",\"keywords\":[\"br\u00e8ve\"],\"articleSection\":[\"VTT\"],\"inLanguage\":\"fr-FR\",\"potentialAction\":[{\"@type\":\"CommentAction\",\"name\":\"Comment\",\"target\":[\"https:\/\/dicodusport.fr\/blog\/vtt-xcc-leogang-premiere-victoire-de-la-saison-pour-pauline-ferrand-prevot\/#respond\"]}],\"copyrightYear\":\"2023\",\"copyrightHolder\":{\"@id\":\"https:\/\/dicodusport.fr\/blog\/#organization\"}},{\"@type\":\"WebPage\",\"@id\":\"https:\/\/dicodusport.fr\/blog\/vtt-xcc-leogang-premiere-victoire-de-la-saison-pour-pauline-ferrand-prevot\/\",\"url\":\"https:\/\/dicodusport.fr\/blog\/vtt-xcc-leogang-premiere-victoire-de-la-saison-pour-pauline-ferrand-prevot\/\",\"name\":\"VTT XCC Leogang : Premi\u00e8re victoire de la saison pour Pauline Ferrand-Pr\u00e9vot\",\"isPartOf\":{\"@id\":\"https:\/\/dicodusport.fr\/blog\/#website\"},\"primaryImageOfPage\":{\"@id\":\"https:\/\/dicodusport.fr\/blog\/vtt-xcc-leogang-premiere-victoire-de-la-saison-pour-pauline-ferrand-prevot\/#primaryimage\"},\"image\":{\"@id\":\"https:\/\/dicodusport.fr\/blog\/vtt-xcc-leogang-premiere-victoire-de-la-saison-pour-pauline-ferrand-prevot\/#primaryimage\"},\"thumbnailUrl\":\"https:\/\/dicodusport.fr\/blog\/wp-content\/uploads\/2023\/06\/VTT-XCC-Leogang-Premiere-victoire-de-la-saison-pour-Pauline-Ferrand-Prevot.png\",\"datePublished\":\"2023-06-16T15:58:09+00:00\",\"dateModified\":\"2023-06-16T16:16:58+00:00\",\"description\":\"VTT XCC LEOGANG - Pauline Ferrand-Pr\u00e9vot remporte la premi\u00e8re course du week-end en Autriche, devant Puck Pieterse et Evie Richards.\",\"breadcrumb\":{\"@id\":\"https:\/\/dicodusport.fr\/blog\/vtt-xcc-leogang-premiere-victoire-de-la-saison-pour-pauline-ferrand-prevot\/#breadcrumb\"},\"inLanguage\":\"fr-FR\",\"potentialAction\":[{\"@type\":\"ReadAction\",\"target\":[\"https:\/\/dicodusport.fr\/blog\/vtt-xcc-leogang-premiere-victoire-de-la-saison-pour-pauline-ferrand-prevot\/\"]}]},{\"@type\":\"ImageObject\",\"inLanguage\":\"fr-FR\",\"@id\":\"https:\/\/dicodusport.fr\/blog\/vtt-xcc-leogang-premiere-victoire-de-la-saison-pour-pauline-ferrand-prevot\/#primaryimage\",\"url\":\"https:\/\/dicodusport.fr\/blog\/wp-content\/uploads\/2023\/06\/VTT-XCC-Leogang-Premiere-victoire-de-la-saison-pour-Pauline-Ferrand-Prevot.png\",\"contentUrl\":\"https:\/\/dicodusport.fr\/blog\/wp-content\/uploads\/2023\/06\/VTT-XCC-Leogang-Premiere-victoire-de-la-saison-pour-Pauline-Ferrand-Prevot.png\",\"width\":800,\"height\":445,\"caption\":\"VTT XCC Leogang Premi\u00e8re victoire de la saison pour Pauline Ferrand-Pr\u00e9vot\"},{\"@type\":\"BreadcrumbList\",\"@id\":\"https:\/\/dicodusport.fr\/blog\/vtt-xcc-leogang-premiere-victoire-de-la-saison-pour-pauline-ferrand-prevot\/#breadcrumb\",\"itemListElement\":[{\"@type\":\"ListItem\",\"position\":1,\"name\":\"Accueil\",\"item\":\"https:\/\/dicodusport.fr\/blog\/\"},{\"@type\":\"ListItem\",\"position\":2,\"name\":\"VTT XCC Leogang : Premi\u00e8re victoire de la saison pour Pauline Ferrand-Pr\u00e9vot\"}]},{\"@type\":\"WebSite\",\"@id\":\"https:\/\/dicodusport.fr\/blog\/#website\",\"url\":\"https:\/\/dicodusport.fr\/blog\/\",\"name\":\"Dicodusport\",\"description\":\"L&#039;encyclop\u00e9die de l&#039;actualit\u00e9 sportive\",\"publisher\":{\"@id\":\"https:\/\/dicodusport.fr\/blog\/#organization\"},\"potentialAction\":[{\"@type\":\"SearchAction\",\"target\":{\"@type\":\"EntryPoint\",\"urlTemplate\":\"https:\/\/dicodusport.fr\/blog\/?s={search_term_string}\"},\"query-input\":{\"@type\":\"PropertyValueSpecification\",\"valueRequired\":true,\"valueName\":\"search_term_string\"}}],\"inLanguage\":\"fr-FR\"},{\"@type\":\"NewsMediaOrganization\",\"@id\":\"https:\/\/dicodusport.fr\/blog\/#organization\",\"name\":\"Dicodusport\",\"url\":\"https:\/\/dicodusport.fr\/blog\/\",\"logo\":{\"@type\":\"ImageObject\",\"inLanguage\":\"fr-FR\",\"@id\":\"https:\/\/dicodusport.fr\/blog\/#\/schema\/logo\/image\/\",\"url\":\"https:\/\/dicodusport.fr\/blog\/wp-content\/uploads\/2020\/06\/cropped-LOGO-DICODUSPORT-2020-SANS-FOND-SANS-TEXTE.png\",\"contentUrl\":\"https:\/\/dicodusport.fr\/blog\/wp-content\/uploads\/2020\/06\/cropped-LOGO-DICODUSPORT-2020-SANS-FOND-SANS-TEXTE.png\",\"width\":512,\"height\":512,\"caption\":\"Dicodusport\"},\"image\":{\"@id\":\"https:\/\/dicodusport.fr\/blog\/#\/schema\/logo\/image\/\"},\"sameAs\":[\"https:\/\/www.facebook.com\/dicodusport\",\"https:\/\/x.com\/dicodusport\",\"https:\/\/www.instagram.com\/dicodusport\/\",\"https:\/\/www.youtube.com\/channel\/UC7V2KZ5sd3htJivAbA4ZG3w\"],\"description\":\"Dicodusport est l'encyclop\u00e9die de l'actualit\u00e9 sportive.\",\"email\":\"bonjour@dicodusport.fr\",\"legalName\":\"DICODUSPORT\",\"foundingDate\":\"2018-01-14\",\"vatID\":\"FR71834470973\",\"taxID\":\"83447097300043\",\"numberOfEmployees\":{\"@type\":\"QuantitativeValue\",\"minValue\":\"1\",\"maxValue\":\"10\"}},{\"@type\":\"Person\",\"@id\":\"https:\/\/dicodusport.fr\/blog\/#\/schema\/person\/0eaf70b33d703a1a66b1155ac1bda018\",\"name\":\"Pierre Gorce\",\"image\":{\"@type\":\"ImageObject\",\"inLanguage\":\"fr-FR\",\"@id\":\"https:\/\/dicodusport.fr\/blog\/#\/schema\/person\/image\/\",\"url\":\"https:\/\/dicodusport.fr\/blog\/wp-content\/uploads\/2022\/03\/IMG_20211214_233053_722-150x150.jpg\",\"contentUrl\":\"https:\/\/dicodusport.fr\/blog\/wp-content\/uploads\/2022\/03\/IMG_20211214_233053_722-150x150.jpg\",\"caption\":\"Pierre Gorce\"},\"description\":\"Couteau suisse venant tout droit de Haute-Savoie. Habitu\u00e9 \u00e0 regarder du sport depuis petit, j'en ai maintenant fait mon m\u00e9tier. Des sports d'hiver au surf, en passant par le tennis, la F1, le handball et l'athl\u00e9tisme, j'essaie d'avoir mes yeux sur l'enti\u00e8ret\u00e9 de l'actualit\u00e9. Jeune homme berc\u00e9 par les exploits de Jean-Baptiste Grange, Sebastian Vettel et des Experts. Membre de la g\u00e9n\u00e9ration 1999 comme Luka Doncic, Sydney McLaughlin, Lando Norris et Loana Lecomte, mais avec beaucoup moins de talent qu'eux.\",\"sameAs\":[\"https:\/\/x.com\/https:\/\/twitter.com\/pierregorce12\"],\"birthDate\":\"1999-08-29\",\"url\":\"https:\/\/dicodusport.fr\/blog\/author\/pierreg\/\"}]}<\/script>\n<!-- \/ Yoast SEO Premium plugin. -->","yoast_head_json":{"title":"VTT XCC Leogang : Premi\u00e8re victoire de la saison pour Pauline Ferrand-Pr\u00e9vot","description":"VTT XCC LEOGANG - Pauline Ferrand-Pr\u00e9vot remporte la premi\u00e8re course du week-end en Autriche, devant Puck Pieterse et Evie Richards.","robots":{"index":"index","follow":"follow","max-snippet":"max-snippet:-1","max-image-preview":"max-image-preview:large","max-video-preview":"max-video-preview:-1"},"canonical":"https:\/\/dicodusport.fr\/blog\/vtt-xcc-leogang-premiere-victoire-de-la-saison-pour-pauline-ferrand-prevot\/","og_locale":"fr_FR","og_type":"article","og_title":"VTT XCC Leogang : Premi\u00e8re victoire de la saison pour Pauline Ferrand-Pr\u00e9vot","og_description":"VTT XCC LEOGANG - Pauline Ferrand-Pr\u00e9vot remporte la premi\u00e8re course du week-end en Autriche, devant Puck Pieterse et Evie Richards.","og_url":"https:\/\/dicodusport.fr\/blog\/vtt-xcc-leogang-premiere-victoire-de-la-saison-pour-pauline-ferrand-prevot\/","og_site_name":"Dicodusport","article_publisher":"https:\/\/www.facebook.com\/dicodusport","article_published_time":"2023-06-16T15:58:09+00:00","article_modified_time":"2023-06-16T16:16:58+00:00","og_image":[{"width":800,"height":445,"url":"https:\/\/dicodusport.fr\/blog\/wp-content\/uploads\/2023\/06\/VTT-XCC-Leogang-Premiere-victoire-de-la-saison-pour-Pauline-Ferrand-Prevot.png","type":"image\/png"}],"author":"Pierre Gorce","twitter_card":"summary_large_image","twitter_title":"VTT XCC Leogang : Premi\u00e8re victoire de la saison pour Pauline Ferrand-Pr\u00e9vot","twitter_creator":"@https:\/\/twitter.com\/pierregorce12","twitter_site":"@dicodusport","schema":{"@context":"https:\/\/schema.org","@graph":[{"@type":"NewsArticle","@id":"https:\/\/dicodusport.fr\/blog\/vtt-xcc-leogang-premiere-victoire-de-la-saison-pour-pauline-ferrand-prevot\/#article","isPartOf":{"@id":"https:\/\/dicodusport.fr\/blog\/vtt-xcc-leogang-premiere-victoire-de-la-saison-pour-pauline-ferrand-prevot\/"},"author":{"name":"Pierre Gorce","@id":"https:\/\/dicodusport.fr\/blog\/#\/schema\/person\/0eaf70b33d703a1a66b1155ac1bda018"},"headline":"VTT XCC Leogang : Premi\u00e8re victoire de la saison pour Pauline Ferrand-Pr\u00e9vot","datePublished":"2023-06-16T15:58:09+00:00","dateModified":"2023-06-16T16:16:58+00:00","mainEntityOfPage":{"@id":"https:\/\/dicodusport.fr\/blog\/vtt-xcc-leogang-premiere-victoire-de-la-saison-pour-pauline-ferrand-prevot\/"},"wordCount":438,"commentCount":0,"publisher":{"@id":"https:\/\/dicodusport.fr\/blog\/#organization"},"image":{"@id":"https:\/\/dicodusport.fr\/blog\/vtt-xcc-leogang-premiere-victoire-de-la-saison-pour-pauline-ferrand-prevot\/#primaryimage"},"thumbnailUrl":"https:\/\/dicodusport.fr\/blog\/wp-content\/uploads\/2023\/06\/VTT-XCC-Leogang-Premiere-victoire-de-la-saison-pour-Pauline-Ferrand-Prevot.png","keywords":["br\u00e8ve"],"articleSection":["VTT"],"inLanguage":"fr-FR","potentialAction":[{"@type":"CommentAction","name":"Comment","target":["https:\/\/dicodusport.fr\/blog\/vtt-xcc-leogang-premiere-victoire-de-la-saison-pour-pauline-ferrand-prevot\/#respond"]}],"copyrightYear":"2023","copyrightHolder":{"@id":"https:\/\/dicodusport.fr\/blog\/#organization"}},{"@type":"WebPage","@id":"https:\/\/dicodusport.fr\/blog\/vtt-xcc-leogang-premiere-victoire-de-la-saison-pour-pauline-ferrand-prevot\/","url":"https:\/\/dicodusport.fr\/blog\/vtt-xcc-leogang-premiere-victoire-de-la-saison-pour-pauline-ferrand-prevot\/","name":"VTT XCC Leogang : Premi\u00e8re victoire de la saison pour Pauline Ferrand-Pr\u00e9vot","isPartOf":{"@id":"https:\/\/dicodusport.fr\/blog\/#website"},"primaryImageOfPage":{"@id":"https:\/\/dicodusport.fr\/blog\/vtt-xcc-leogang-premiere-victoire-de-la-saison-pour-pauline-ferrand-prevot\/#primaryimage"},"image":{"@id":"https:\/\/dicodusport.fr\/blog\/vtt-xcc-leogang-premiere-victoire-de-la-saison-pour-pauline-ferrand-prevot\/#primaryimage"},"thumbnailUrl":"https:\/\/dicodusport.fr\/blog\/wp-content\/uploads\/2023\/06\/VTT-XCC-Leogang-Premiere-victoire-de-la-saison-pour-Pauline-Ferrand-Prevot.png","datePublished":"2023-06-16T15:58:09+00:00","dateModified":"2023-06-16T16:16:58+00:00","description":"VTT XCC LEOGANG - Pauline Ferrand-Pr\u00e9vot remporte la premi\u00e8re course du week-end en Autriche, devant Puck Pieterse et Evie Richards.","breadcrumb":{"@id":"https:\/\/dicodusport.fr\/blog\/vtt-xcc-leogang-premiere-victoire-de-la-saison-pour-pauline-ferrand-prevot\/#breadcrumb"},"inLanguage":"fr-FR","potentialAction":[{"@type":"ReadAction","target":["https:\/\/dicodusport.fr\/blog\/vtt-xcc-leogang-premiere-victoire-de-la-saison-pour-pauline-ferrand-prevot\/"]}]},{"@type":"ImageObject","inLanguage":"fr-FR","@id":"https:\/\/dicodusport.fr\/blog\/vtt-xcc-leogang-premiere-victoire-de-la-saison-pour-pauline-ferrand-prevot\/#primaryimage","url":"https:\/\/dicodusport.fr\/blog\/wp-content\/uploads\/2023\/06\/VTT-XCC-Leogang-Premiere-victoire-de-la-saison-pour-Pauline-Ferrand-Prevot.png","contentUrl":"https:\/\/dicodusport.fr\/blog\/wp-content\/uploads\/2023\/06\/VTT-XCC-Leogang-Premiere-victoire-de-la-saison-pour-Pauline-Ferrand-Prevot.png","width":800,"height":445,"caption":"VTT XCC Leogang Premi\u00e8re victoire de la saison pour Pauline Ferrand-Pr\u00e9vot"},{"@type":"BreadcrumbList","@id":"https:\/\/dicodusport.fr\/blog\/vtt-xcc-leogang-premiere-victoire-de-la-saison-pour-pauline-ferrand-prevot\/#breadcrumb","itemListElement":[{"@type":"ListItem","position":1,"name":"Accueil","item":"https:\/\/dicodusport.fr\/blog\/"},{"@type":"ListItem","position":2,"name":"VTT XCC Leogang : Premi\u00e8re victoire de la saison pour Pauline Ferrand-Pr\u00e9vot"}]},{"@type":"WebSite","@id":"https:\/\/dicodusport.fr\/blog\/#website","url":"https:\/\/dicodusport.fr\/blog\/","name":"Dicodusport","description":"L&#039;encyclop\u00e9die de l&#039;actualit\u00e9 sportive","publisher":{"@id":"https:\/\/dicodusport.fr\/blog\/#organization"},"potentialAction":[{"@type":"SearchAction","target":{"@type":"EntryPoint","urlTemplate":"https:\/\/dicodusport.fr\/blog\/?s={search_term_string}"},"query-input":{"@type":"PropertyValueSpecification","valueRequired":true,"valueName":"search_term_string"}}],"inLanguage":"fr-FR"},{"@type":"NewsMediaOrganization","@id":"https:\/\/dicodusport.fr\/blog\/#organization","name":"Dicodusport","url":"https:\/\/dicodusport.fr\/blog\/","logo":{"@type":"ImageObject","inLanguage":"fr-FR","@id":"https:\/\/dicodusport.fr\/blog\/#\/schema\/logo\/image\/","url":"https:\/\/dicodusport.fr\/blog\/wp-content\/uploads\/2020\/06\/cropped-LOGO-DICODUSPORT-2020-SANS-FOND-SANS-TEXTE.png","contentUrl":"https:\/\/dicodusport.fr\/blog\/wp-content\/uploads\/2020\/06\/cropped-LOGO-DICODUSPORT-2020-SANS-FOND-SANS-TEXTE.png","width":512,"height":512,"caption":"Dicodusport"},"image":{"@id":"https:\/\/dicodusport.fr\/blog\/#\/schema\/logo\/image\/"},"sameAs":["https:\/\/www.facebook.com\/dicodusport","https:\/\/x.com\/dicodusport","https:\/\/www.instagram.com\/dicodusport\/","https:\/\/www.youtube.com\/channel\/UC7V2KZ5sd3htJivAbA4ZG3w"],"description":"Dicodusport est l'encyclop\u00e9die de l'actualit\u00e9 sportive.","email":"bonjour@dicodusport.fr","legalName":"DICODUSPORT","foundingDate":"2018-01-14","vatID":"FR71834470973","taxID":"83447097300043","numberOfEmployees":{"@type":"QuantitativeValue","minValue":"1","maxValue":"10"}},{"@type":"Person","@id":"https:\/\/dicodusport.fr\/blog\/#\/schema\/person\/0eaf70b33d703a1a66b1155ac1bda018","name":"Pierre Gorce","image":{"@type":"ImageObject","inLanguage":"fr-FR","@id":"https:\/\/dicodusport.fr\/blog\/#\/schema\/person\/image\/","url":"https:\/\/dicodusport.fr\/blog\/wp-content\/uploads\/2022\/03\/IMG_20211214_233053_722-150x150.jpg","contentUrl":"https:\/\/dicodusport.fr\/blog\/wp-content\/uploads\/2022\/03\/IMG_20211214_233053_722-150x150.jpg","caption":"Pierre Gorce"},"description":"Couteau suisse venant tout droit de Haute-Savoie. Habitu\u00e9 \u00e0 regarder du sport depuis petit, j'en ai maintenant fait mon m\u00e9tier. Des sports d'hiver au surf, en passant par le tennis, la F1, le handball et l'athl\u00e9tisme, j'essaie d'avoir mes yeux sur l'enti\u00e8ret\u00e9 de l'actualit\u00e9. Jeune homme berc\u00e9 par les exploits de Jean-Baptiste Grange, Sebastian Vettel et des Experts. Membre de la g\u00e9n\u00e9ration 1999 comme Luka Doncic, Sydney McLaughlin, Lando Norris et Loana Lecomte, mais avec beaucoup moins de talent qu'eux.","sameAs":["https:\/\/x.com\/https:\/\/twitter.com\/pierregorce12"],"birthDate":"1999-08-29","url":"https:\/\/dicodusport.fr\/blog\/author\/pierreg\/"}]}},"_links":{"self":[{"href":"https:\/\/dicodusport.fr\/blog\/wp-json\/wp\/v2\/posts\/391921","targetHints":{"allow":["GET"]}}],"collection":[{"href":"https:\/\/dicodusport.fr\/blog\/wp-json\/wp\/v2\/posts"}],"about":[{"href":"https:\/\/dicodusport.fr\/blog\/wp-json\/wp\/v2\/types\/post"}],"author":[{"embeddable":true,"href":"https:\/\/dicodusport.fr\/blog\/wp-json\/wp\/v2\/users\/61"}],"replies":[{"embeddable":true,"href":"https:\/\/dicodusport.fr\/blog\/wp-json\/wp\/v2\/comments?post=391921"}],"version-history":[{"count":0,"href":"https:\/\/dicodusport.fr\/blog\/wp-json\/wp\/v2\/posts\/391921\/revisions"}],"wp:featuredmedia":[{"embeddable":true,"href":"https:\/\/dicodusport.fr\/blog\/wp-json\/wp\/v2\/media\/391943"}],"wp:attachment":[{"href":"https:\/\/dicodusport.fr\/blog\/wp-json\/wp\/v2\/media?parent=391921"}],"wp:term":[{"taxonomy":"category","embeddable":true,"href":"https:\/\/dicodusport.fr\/blog\/wp-json\/wp\/v2\/categories?post=391921"},{"taxonomy":"post_tag","embeddable":true,"href":"https:\/\/dicodusport.fr\/blog\/wp-json\/wp\/v2\/tags?post=391921"}],"curies":[{"name":"wp","href":"https:\/\/api.w.org\/{rel}","templated":true}]}}