{"id":392105,"date":"2023-06-17T13:20:32","date_gmt":"2023-06-17T11:20:32","guid":{"rendered":"https:\/\/dicodusport.fr\/blog\/?p=392105&#038;preview=true&#038;preview_id=392105"},"modified":"2023-06-17T13:27:17","modified_gmt":"2023-06-17T11:27:17","slug":"mercato-desire-doue-pourrait-quitter-le-stade-rennais","status":"publish","type":"post","link":"https:\/\/dicodusport.fr\/blog\/mercato-desire-doue-pourrait-quitter-le-stade-rennais\/","title":{"rendered":"Mercato : D\u00e9sir\u00e9 Dou\u00e9 pourrait quitter le Stade Rennais"},"content":{"rendered":"<p align=\"justify\"><em><strong>FOOTBALL &#8211; Selon L&rsquo;\u00c9quipe, D\u00e9sir\u00e9 Dou\u00e9, jeune milieu de terrain du Stade Rennais, pourrait partir du c\u00f4t\u00e9 de l&rsquo;Angleterre d\u00e8s cet \u00e9t\u00e9.\u00a0<\/strong><\/em><\/p>\n<p align=\"justify\">La jeune p\u00e9pite des <strong>Rouge et Noir,<\/strong> seulement 18 ans, a fait des d\u00e9buts plus que prometteurs. Il comptabilise un total de 4 buts et 1 passe d\u00e9cisive en 34 apparitions cette saison. Malgr\u00e9 \u00e7a, le jeune milieu de terrain s&rsquo;est souvent fait malmener par son coach <strong>Bruno<\/strong> <strong>Genesio<\/strong> en conf\u00e9rence de presse, ce dernier estimant qu&rsquo;il ne progressait pas assez. Le joueur a aussi \u00e9t\u00e9 aper\u00e7u \u00e0 un match de <strong>Barcelone<\/strong> avec son agent, alors que <strong>Rennes<\/strong> jouait contre Montpellier \u00e0 ce moment-l\u00e0, ce qui a encore plus \u00e9nerv\u00e9 le coach des Bretons.<\/p>\n<p align=\"justify\">N\u00e9anmoins, <strong>D\u00e9sir\u00e9 Dou\u00e9<\/strong> a prolong\u00e9 au <strong>Stade Rennais<\/strong> jusqu&rsquo;en juin 2025. Mais, le joueur pourrait en effet quitter le club breton d\u00e8s cet \u00e9t\u00e9. Il aurait \u00e9t\u00e9 approch\u00e9 par <strong>Newcastle<\/strong> qui serait plut\u00f4t int\u00e9ress\u00e9 par son profil. Le club aurait m\u00eame essay\u00e9 de contacter l&rsquo;entourage du joueur :<\/p>\n<blockquote>\n<p style=\"text-align: justify;\" align=\"justify\">Je sais que\u00a0Newcastle\u00a0est venu le voir et nous a contact\u00e9s. Comme beaucoup de clubs en Europe, lorsqu\u2019ils font du rep\u00e9rage, ils viennent et essaient de parler \u00e0 l\u2019entourage, d\u2019avoir un sentiment et d\u2019essayer de comprendre qu\u2019elle est la situation.<\/p>\n<\/blockquote>\n<p align=\"justify\"><strong>D\u00e9sir\u00e9<\/strong> <strong>Dou\u00e9<\/strong> aimerait rester \u00e0 <strong>Rennes<\/strong> et le club veut le conserver. Mais si <strong>Newcastle<\/strong> passe \u00e0 l&rsquo;attaque avec une offre XXL, le <strong>Stade<\/strong> <strong>Rennais<\/strong> pourrait finir par plier pour des raisons financi\u00e8res.<\/p>\n<blockquote class=\"twitter-tweet\">\n<p dir=\"ltr\" lang=\"fr\">Desir\u00e9 Dou\u00e9 (Rennes) courtis\u00e9 par Newcastle <a href=\"https:\/\/t.co\/pyPrhqhB2C\">https:\/\/t.co\/pyPrhqhB2C<\/a> <a href=\"https:\/\/t.co\/gWsiUk8bR5\">pic.twitter.com\/gWsiUk8bR5<\/a><\/p>\n<p>\u2014 L&rsquo;\u00c9QUIPE (@lequipe) <a href=\"https:\/\/twitter.com\/lequipe\/status\/1669704360429756417?ref_src=twsrc%5Etfw\">June 16, 2023<\/a><\/p><\/blockquote>\n<p><script async src=\"https:\/\/platform.twitter.com\/widgets.js\" charset=\"utf-8\"><\/script><\/p>\n","protected":false},"excerpt":{"rendered":"<p>FOOTBALL &#8211; D\u00e9sir\u00e9 Dou\u00e9, jeune milieu de terrain du Stade Rennais, pourrait partir du c\u00f4t\u00e9 de l&rsquo;Angleterre d\u00e8s cet \u00e9t\u00e9.\u00a0<\/p>\n","protected":false},"author":87,"featured_media":392134,"comment_status":"open","ping_status":"closed","sticky":false,"template":"","format":"standard","meta":{"_acf_changed":false,"_daextam_enable_autolinks":"","footnotes":""},"categories":[2301,47045],"tags":[16878,75,215,1865],"class_list":["post-392105","post","type-post","status-publish","format-standard","has-post-thumbnail","hentry","category-football","category-ligue-1","tag-breve","tag-football","tag-newcastle","tag-stade-rennais"],"acf":[],"yoast_head":"<!-- This site is optimized with the Yoast SEO Premium plugin v26.7 (Yoast SEO v26.7) - https:\/\/yoast.com\/wordpress\/plugins\/seo\/ -->\n<title>Mercato : D\u00e9sir\u00e9 Dou\u00e9 pourrait quitter le Stade Rennais<\/title>\n<meta name=\"description\" content=\"FOOTBALL - D\u00e9sir\u00e9 Dou\u00e9, jeune milieu de terrain du Stade Rennais, pourrait partir du c\u00f4t\u00e9 de l&#039;Angleterre d\u00e8s cet \u00e9t\u00e9.\u00a0\" \/>\n<meta name=\"robots\" content=\"index, follow, max-snippet:-1, max-image-preview:large, max-video-preview:-1\" \/>\n<link rel=\"canonical\" href=\"https:\/\/dicodusport.fr\/blog\/mercato-desire-doue-pourrait-quitter-le-stade-rennais\/\" \/>\n<meta property=\"og:locale\" content=\"fr_FR\" \/>\n<meta property=\"og:type\" content=\"article\" \/>\n<meta property=\"og:title\" content=\"Mercato : D\u00e9sir\u00e9 Dou\u00e9 pourrait quitter le Stade Rennais\" \/>\n<meta property=\"og:description\" content=\"FOOTBALL - D\u00e9sir\u00e9 Dou\u00e9, jeune milieu de terrain du Stade Rennais, pourrait partir du c\u00f4t\u00e9 de l&#039;Angleterre d\u00e8s cet \u00e9t\u00e9.\u00a0\" \/>\n<meta property=\"og:url\" content=\"https:\/\/dicodusport.fr\/blog\/mercato-desire-doue-pourrait-quitter-le-stade-rennais\/\" \/>\n<meta property=\"og:site_name\" content=\"Dicodusport\" \/>\n<meta property=\"article:publisher\" content=\"https:\/\/www.facebook.com\/dicodusport\" \/>\n<meta property=\"article:published_time\" content=\"2023-06-17T11:20:32+00:00\" \/>\n<meta property=\"article:modified_time\" content=\"2023-06-17T11:27:17+00:00\" \/>\n<meta property=\"og:image\" content=\"https:\/\/dicodusport.fr\/blog\/wp-content\/uploads\/2023\/06\/Mercato-Desire-Doue-pourrait-quitter-le-Stade-Rennais.png\" \/>\n\t<meta property=\"og:image:width\" content=\"800\" \/>\n\t<meta property=\"og:image:height\" content=\"445\" \/>\n\t<meta property=\"og:image:type\" content=\"image\/png\" \/>\n<meta name=\"author\" content=\"Enzo Quemere\" \/>\n<meta name=\"twitter:card\" content=\"summary_large_image\" \/>\n<meta name=\"twitter:title\" content=\"Mercato : D\u00e9sir\u00e9 Dou\u00e9 pourrait quitter le Stade Rennais\" \/>\n<meta name=\"twitter:creator\" content=\"@dicodusport\" \/>\n<meta name=\"twitter:site\" content=\"@dicodusport\" \/>\n<script type=\"application\/ld+json\" class=\"yoast-schema-graph\">{\"@context\":\"https:\/\/schema.org\",\"@graph\":[{\"@type\":\"NewsArticle\",\"@id\":\"https:\/\/dicodusport.fr\/blog\/mercato-desire-doue-pourrait-quitter-le-stade-rennais\/#article\",\"isPartOf\":{\"@id\":\"https:\/\/dicodusport.fr\/blog\/mercato-desire-doue-pourrait-quitter-le-stade-rennais\/\"},\"author\":{\"name\":\"Enzo Quemere\",\"@id\":\"https:\/\/dicodusport.fr\/blog\/#\/schema\/person\/1ef5dac7f888bda2446f88c732d72c71\"},\"headline\":\"Mercato : D\u00e9sir\u00e9 Dou\u00e9 pourrait quitter le Stade Rennais\",\"datePublished\":\"2023-06-17T11:20:32+00:00\",\"dateModified\":\"2023-06-17T11:27:17+00:00\",\"mainEntityOfPage\":{\"@id\":\"https:\/\/dicodusport.fr\/blog\/mercato-desire-doue-pourrait-quitter-le-stade-rennais\/\"},\"wordCount\":286,\"commentCount\":0,\"publisher\":{\"@id\":\"https:\/\/dicodusport.fr\/blog\/#organization\"},\"image\":{\"@id\":\"https:\/\/dicodusport.fr\/blog\/mercato-desire-doue-pourrait-quitter-le-stade-rennais\/#primaryimage\"},\"thumbnailUrl\":\"https:\/\/dicodusport.fr\/blog\/wp-content\/uploads\/2023\/06\/Mercato-Desire-Doue-pourrait-quitter-le-Stade-Rennais.png\",\"keywords\":[\"br\u00e8ve\",\"Football\",\"Newcastle\",\"Stade rennais\"],\"articleSection\":[\"Football\",\"Ligue 1\"],\"inLanguage\":\"fr-FR\",\"potentialAction\":[{\"@type\":\"CommentAction\",\"name\":\"Comment\",\"target\":[\"https:\/\/dicodusport.fr\/blog\/mercato-desire-doue-pourrait-quitter-le-stade-rennais\/#respond\"]}],\"copyrightYear\":\"2023\",\"copyrightHolder\":{\"@id\":\"https:\/\/dicodusport.fr\/blog\/#organization\"}},{\"@type\":\"WebPage\",\"@id\":\"https:\/\/dicodusport.fr\/blog\/mercato-desire-doue-pourrait-quitter-le-stade-rennais\/\",\"url\":\"https:\/\/dicodusport.fr\/blog\/mercato-desire-doue-pourrait-quitter-le-stade-rennais\/\",\"name\":\"Mercato : D\u00e9sir\u00e9 Dou\u00e9 pourrait quitter le Stade Rennais\",\"isPartOf\":{\"@id\":\"https:\/\/dicodusport.fr\/blog\/#website\"},\"primaryImageOfPage\":{\"@id\":\"https:\/\/dicodusport.fr\/blog\/mercato-desire-doue-pourrait-quitter-le-stade-rennais\/#primaryimage\"},\"image\":{\"@id\":\"https:\/\/dicodusport.fr\/blog\/mercato-desire-doue-pourrait-quitter-le-stade-rennais\/#primaryimage\"},\"thumbnailUrl\":\"https:\/\/dicodusport.fr\/blog\/wp-content\/uploads\/2023\/06\/Mercato-Desire-Doue-pourrait-quitter-le-Stade-Rennais.png\",\"datePublished\":\"2023-06-17T11:20:32+00:00\",\"dateModified\":\"2023-06-17T11:27:17+00:00\",\"description\":\"FOOTBALL - D\u00e9sir\u00e9 Dou\u00e9, jeune milieu de terrain du Stade Rennais, pourrait partir du c\u00f4t\u00e9 de l'Angleterre d\u00e8s cet \u00e9t\u00e9.\u00a0\",\"breadcrumb\":{\"@id\":\"https:\/\/dicodusport.fr\/blog\/mercato-desire-doue-pourrait-quitter-le-stade-rennais\/#breadcrumb\"},\"inLanguage\":\"fr-FR\",\"potentialAction\":[{\"@type\":\"ReadAction\",\"target\":[\"https:\/\/dicodusport.fr\/blog\/mercato-desire-doue-pourrait-quitter-le-stade-rennais\/\"]}]},{\"@type\":\"ImageObject\",\"inLanguage\":\"fr-FR\",\"@id\":\"https:\/\/dicodusport.fr\/blog\/mercato-desire-doue-pourrait-quitter-le-stade-rennais\/#primaryimage\",\"url\":\"https:\/\/dicodusport.fr\/blog\/wp-content\/uploads\/2023\/06\/Mercato-Desire-Doue-pourrait-quitter-le-Stade-Rennais.png\",\"contentUrl\":\"https:\/\/dicodusport.fr\/blog\/wp-content\/uploads\/2023\/06\/Mercato-Desire-Doue-pourrait-quitter-le-Stade-Rennais.png\",\"width\":800,\"height\":445},{\"@type\":\"BreadcrumbList\",\"@id\":\"https:\/\/dicodusport.fr\/blog\/mercato-desire-doue-pourrait-quitter-le-stade-rennais\/#breadcrumb\",\"itemListElement\":[{\"@type\":\"ListItem\",\"position\":1,\"name\":\"Accueil\",\"item\":\"https:\/\/dicodusport.fr\/blog\/\"},{\"@type\":\"ListItem\",\"position\":2,\"name\":\"Mercato : D\u00e9sir\u00e9 Dou\u00e9 pourrait quitter le Stade Rennais\"}]},{\"@type\":\"WebSite\",\"@id\":\"https:\/\/dicodusport.fr\/blog\/#website\",\"url\":\"https:\/\/dicodusport.fr\/blog\/\",\"name\":\"Dicodusport\",\"description\":\"L&#039;encyclop\u00e9die de l&#039;actualit\u00e9 sportive\",\"publisher\":{\"@id\":\"https:\/\/dicodusport.fr\/blog\/#organization\"},\"potentialAction\":[{\"@type\":\"SearchAction\",\"target\":{\"@type\":\"EntryPoint\",\"urlTemplate\":\"https:\/\/dicodusport.fr\/blog\/?s={search_term_string}\"},\"query-input\":{\"@type\":\"PropertyValueSpecification\",\"valueRequired\":true,\"valueName\":\"search_term_string\"}}],\"inLanguage\":\"fr-FR\"},{\"@type\":\"NewsMediaOrganization\",\"@id\":\"https:\/\/dicodusport.fr\/blog\/#organization\",\"name\":\"Dicodusport\",\"url\":\"https:\/\/dicodusport.fr\/blog\/\",\"logo\":{\"@type\":\"ImageObject\",\"inLanguage\":\"fr-FR\",\"@id\":\"https:\/\/dicodusport.fr\/blog\/#\/schema\/logo\/image\/\",\"url\":\"https:\/\/dicodusport.fr\/blog\/wp-content\/uploads\/2020\/06\/cropped-LOGO-DICODUSPORT-2020-SANS-FOND-SANS-TEXTE.png\",\"contentUrl\":\"https:\/\/dicodusport.fr\/blog\/wp-content\/uploads\/2020\/06\/cropped-LOGO-DICODUSPORT-2020-SANS-FOND-SANS-TEXTE.png\",\"width\":512,\"height\":512,\"caption\":\"Dicodusport\"},\"image\":{\"@id\":\"https:\/\/dicodusport.fr\/blog\/#\/schema\/logo\/image\/\"},\"sameAs\":[\"https:\/\/www.facebook.com\/dicodusport\",\"https:\/\/x.com\/dicodusport\",\"https:\/\/www.instagram.com\/dicodusport\/\",\"https:\/\/www.youtube.com\/channel\/UC7V2KZ5sd3htJivAbA4ZG3w\"],\"description\":\"Dicodusport est l'encyclop\u00e9die de l'actualit\u00e9 sportive.\",\"email\":\"bonjour@dicodusport.fr\",\"legalName\":\"DICODUSPORT\",\"foundingDate\":\"2018-01-14\",\"vatID\":\"FR71834470973\",\"taxID\":\"83447097300043\",\"numberOfEmployees\":{\"@type\":\"QuantitativeValue\",\"minValue\":\"1\",\"maxValue\":\"10\"}},{\"@type\":\"Person\",\"@id\":\"https:\/\/dicodusport.fr\/blog\/#\/schema\/person\/1ef5dac7f888bda2446f88c732d72c71\",\"name\":\"Enzo Quemere\",\"image\":{\"@type\":\"ImageObject\",\"inLanguage\":\"fr-FR\",\"@id\":\"https:\/\/dicodusport.fr\/blog\/#\/schema\/person\/image\/\",\"url\":\"https:\/\/dicodusport.fr\/blog\/wp-content\/uploads\/2020\/06\/cropped-LOGO-DICODUSPORT-2020-SANS-FOND-SANS-TEXTE-150x150.png\",\"contentUrl\":\"https:\/\/dicodusport.fr\/blog\/wp-content\/uploads\/2020\/06\/cropped-LOGO-DICODUSPORT-2020-SANS-FOND-SANS-TEXTE-150x150.png\",\"caption\":\"Enzo Quemere\"},\"url\":\"https:\/\/dicodusport.fr\/blog\/author\/enzo-quemere\/\"}]}<\/script>\n<!-- \/ Yoast SEO Premium plugin. -->","yoast_head_json":{"title":"Mercato : D\u00e9sir\u00e9 Dou\u00e9 pourrait quitter le Stade Rennais","description":"FOOTBALL - D\u00e9sir\u00e9 Dou\u00e9, jeune milieu de terrain du Stade Rennais, pourrait partir du c\u00f4t\u00e9 de l'Angleterre d\u00e8s cet \u00e9t\u00e9.\u00a0","robots":{"index":"index","follow":"follow","max-snippet":"max-snippet:-1","max-image-preview":"max-image-preview:large","max-video-preview":"max-video-preview:-1"},"canonical":"https:\/\/dicodusport.fr\/blog\/mercato-desire-doue-pourrait-quitter-le-stade-rennais\/","og_locale":"fr_FR","og_type":"article","og_title":"Mercato : D\u00e9sir\u00e9 Dou\u00e9 pourrait quitter le Stade Rennais","og_description":"FOOTBALL - D\u00e9sir\u00e9 Dou\u00e9, jeune milieu de terrain du Stade Rennais, pourrait partir du c\u00f4t\u00e9 de l'Angleterre d\u00e8s cet \u00e9t\u00e9.\u00a0","og_url":"https:\/\/dicodusport.fr\/blog\/mercato-desire-doue-pourrait-quitter-le-stade-rennais\/","og_site_name":"Dicodusport","article_publisher":"https:\/\/www.facebook.com\/dicodusport","article_published_time":"2023-06-17T11:20:32+00:00","article_modified_time":"2023-06-17T11:27:17+00:00","og_image":[{"width":800,"height":445,"url":"https:\/\/dicodusport.fr\/blog\/wp-content\/uploads\/2023\/06\/Mercato-Desire-Doue-pourrait-quitter-le-Stade-Rennais.png","type":"image\/png"}],"author":"Enzo Quemere","twitter_card":"summary_large_image","twitter_title":"Mercato : D\u00e9sir\u00e9 Dou\u00e9 pourrait quitter le Stade Rennais","twitter_creator":"@dicodusport","twitter_site":"@dicodusport","schema":{"@context":"https:\/\/schema.org","@graph":[{"@type":"NewsArticle","@id":"https:\/\/dicodusport.fr\/blog\/mercato-desire-doue-pourrait-quitter-le-stade-rennais\/#article","isPartOf":{"@id":"https:\/\/dicodusport.fr\/blog\/mercato-desire-doue-pourrait-quitter-le-stade-rennais\/"},"author":{"name":"Enzo Quemere","@id":"https:\/\/dicodusport.fr\/blog\/#\/schema\/person\/1ef5dac7f888bda2446f88c732d72c71"},"headline":"Mercato : D\u00e9sir\u00e9 Dou\u00e9 pourrait quitter le Stade Rennais","datePublished":"2023-06-17T11:20:32+00:00","dateModified":"2023-06-17T11:27:17+00:00","mainEntityOfPage":{"@id":"https:\/\/dicodusport.fr\/blog\/mercato-desire-doue-pourrait-quitter-le-stade-rennais\/"},"wordCount":286,"commentCount":0,"publisher":{"@id":"https:\/\/dicodusport.fr\/blog\/#organization"},"image":{"@id":"https:\/\/dicodusport.fr\/blog\/mercato-desire-doue-pourrait-quitter-le-stade-rennais\/#primaryimage"},"thumbnailUrl":"https:\/\/dicodusport.fr\/blog\/wp-content\/uploads\/2023\/06\/Mercato-Desire-Doue-pourrait-quitter-le-Stade-Rennais.png","keywords":["br\u00e8ve","Football","Newcastle","Stade rennais"],"articleSection":["Football","Ligue 1"],"inLanguage":"fr-FR","potentialAction":[{"@type":"CommentAction","name":"Comment","target":["https:\/\/dicodusport.fr\/blog\/mercato-desire-doue-pourrait-quitter-le-stade-rennais\/#respond"]}],"copyrightYear":"2023","copyrightHolder":{"@id":"https:\/\/dicodusport.fr\/blog\/#organization"}},{"@type":"WebPage","@id":"https:\/\/dicodusport.fr\/blog\/mercato-desire-doue-pourrait-quitter-le-stade-rennais\/","url":"https:\/\/dicodusport.fr\/blog\/mercato-desire-doue-pourrait-quitter-le-stade-rennais\/","name":"Mercato : D\u00e9sir\u00e9 Dou\u00e9 pourrait quitter le Stade Rennais","isPartOf":{"@id":"https:\/\/dicodusport.fr\/blog\/#website"},"primaryImageOfPage":{"@id":"https:\/\/dicodusport.fr\/blog\/mercato-desire-doue-pourrait-quitter-le-stade-rennais\/#primaryimage"},"image":{"@id":"https:\/\/dicodusport.fr\/blog\/mercato-desire-doue-pourrait-quitter-le-stade-rennais\/#primaryimage"},"thumbnailUrl":"https:\/\/dicodusport.fr\/blog\/wp-content\/uploads\/2023\/06\/Mercato-Desire-Doue-pourrait-quitter-le-Stade-Rennais.png","datePublished":"2023-06-17T11:20:32+00:00","dateModified":"2023-06-17T11:27:17+00:00","description":"FOOTBALL - D\u00e9sir\u00e9 Dou\u00e9, jeune milieu de terrain du Stade Rennais, pourrait partir du c\u00f4t\u00e9 de l'Angleterre d\u00e8s cet \u00e9t\u00e9.\u00a0","breadcrumb":{"@id":"https:\/\/dicodusport.fr\/blog\/mercato-desire-doue-pourrait-quitter-le-stade-rennais\/#breadcrumb"},"inLanguage":"fr-FR","potentialAction":[{"@type":"ReadAction","target":["https:\/\/dicodusport.fr\/blog\/mercato-desire-doue-pourrait-quitter-le-stade-rennais\/"]}]},{"@type":"ImageObject","inLanguage":"fr-FR","@id":"https:\/\/dicodusport.fr\/blog\/mercato-desire-doue-pourrait-quitter-le-stade-rennais\/#primaryimage","url":"https:\/\/dicodusport.fr\/blog\/wp-content\/uploads\/2023\/06\/Mercato-Desire-Doue-pourrait-quitter-le-Stade-Rennais.png","contentUrl":"https:\/\/dicodusport.fr\/blog\/wp-content\/uploads\/2023\/06\/Mercato-Desire-Doue-pourrait-quitter-le-Stade-Rennais.png","width":800,"height":445},{"@type":"BreadcrumbList","@id":"https:\/\/dicodusport.fr\/blog\/mercato-desire-doue-pourrait-quitter-le-stade-rennais\/#breadcrumb","itemListElement":[{"@type":"ListItem","position":1,"name":"Accueil","item":"https:\/\/dicodusport.fr\/blog\/"},{"@type":"ListItem","position":2,"name":"Mercato : D\u00e9sir\u00e9 Dou\u00e9 pourrait quitter le Stade Rennais"}]},{"@type":"WebSite","@id":"https:\/\/dicodusport.fr\/blog\/#website","url":"https:\/\/dicodusport.fr\/blog\/","name":"Dicodusport","description":"L&#039;encyclop\u00e9die de l&#039;actualit\u00e9 sportive","publisher":{"@id":"https:\/\/dicodusport.fr\/blog\/#organization"},"potentialAction":[{"@type":"SearchAction","target":{"@type":"EntryPoint","urlTemplate":"https:\/\/dicodusport.fr\/blog\/?s={search_term_string}"},"query-input":{"@type":"PropertyValueSpecification","valueRequired":true,"valueName":"search_term_string"}}],"inLanguage":"fr-FR"},{"@type":"NewsMediaOrganization","@id":"https:\/\/dicodusport.fr\/blog\/#organization","name":"Dicodusport","url":"https:\/\/dicodusport.fr\/blog\/","logo":{"@type":"ImageObject","inLanguage":"fr-FR","@id":"https:\/\/dicodusport.fr\/blog\/#\/schema\/logo\/image\/","url":"https:\/\/dicodusport.fr\/blog\/wp-content\/uploads\/2020\/06\/cropped-LOGO-DICODUSPORT-2020-SANS-FOND-SANS-TEXTE.png","contentUrl":"https:\/\/dicodusport.fr\/blog\/wp-content\/uploads\/2020\/06\/cropped-LOGO-DICODUSPORT-2020-SANS-FOND-SANS-TEXTE.png","width":512,"height":512,"caption":"Dicodusport"},"image":{"@id":"https:\/\/dicodusport.fr\/blog\/#\/schema\/logo\/image\/"},"sameAs":["https:\/\/www.facebook.com\/dicodusport","https:\/\/x.com\/dicodusport","https:\/\/www.instagram.com\/dicodusport\/","https:\/\/www.youtube.com\/channel\/UC7V2KZ5sd3htJivAbA4ZG3w"],"description":"Dicodusport est l'encyclop\u00e9die de l'actualit\u00e9 sportive.","email":"bonjour@dicodusport.fr","legalName":"DICODUSPORT","foundingDate":"2018-01-14","vatID":"FR71834470973","taxID":"83447097300043","numberOfEmployees":{"@type":"QuantitativeValue","minValue":"1","maxValue":"10"}},{"@type":"Person","@id":"https:\/\/dicodusport.fr\/blog\/#\/schema\/person\/1ef5dac7f888bda2446f88c732d72c71","name":"Enzo Quemere","image":{"@type":"ImageObject","inLanguage":"fr-FR","@id":"https:\/\/dicodusport.fr\/blog\/#\/schema\/person\/image\/","url":"https:\/\/dicodusport.fr\/blog\/wp-content\/uploads\/2020\/06\/cropped-LOGO-DICODUSPORT-2020-SANS-FOND-SANS-TEXTE-150x150.png","contentUrl":"https:\/\/dicodusport.fr\/blog\/wp-content\/uploads\/2020\/06\/cropped-LOGO-DICODUSPORT-2020-SANS-FOND-SANS-TEXTE-150x150.png","caption":"Enzo Quemere"},"url":"https:\/\/dicodusport.fr\/blog\/author\/enzo-quemere\/"}]}},"_links":{"self":[{"href":"https:\/\/dicodusport.fr\/blog\/wp-json\/wp\/v2\/posts\/392105","targetHints":{"allow":["GET"]}}],"collection":[{"href":"https:\/\/dicodusport.fr\/blog\/wp-json\/wp\/v2\/posts"}],"about":[{"href":"https:\/\/dicodusport.fr\/blog\/wp-json\/wp\/v2\/types\/post"}],"author":[{"embeddable":true,"href":"https:\/\/dicodusport.fr\/blog\/wp-json\/wp\/v2\/users\/87"}],"replies":[{"embeddable":true,"href":"https:\/\/dicodusport.fr\/blog\/wp-json\/wp\/v2\/comments?post=392105"}],"version-history":[{"count":0,"href":"https:\/\/dicodusport.fr\/blog\/wp-json\/wp\/v2\/posts\/392105\/revisions"}],"wp:featuredmedia":[{"embeddable":true,"href":"https:\/\/dicodusport.fr\/blog\/wp-json\/wp\/v2\/media\/392134"}],"wp:attachment":[{"href":"https:\/\/dicodusport.fr\/blog\/wp-json\/wp\/v2\/media?parent=392105"}],"wp:term":[{"taxonomy":"category","embeddable":true,"href":"https:\/\/dicodusport.fr\/blog\/wp-json\/wp\/v2\/categories?post=392105"},{"taxonomy":"post_tag","embeddable":true,"href":"https:\/\/dicodusport.fr\/blog\/wp-json\/wp\/v2\/tags?post=392105"}],"curies":[{"name":"wp","href":"https:\/\/api.w.org\/{rel}","templated":true}]}}