{"id":39233,"date":"2019-05-14T17:40:19","date_gmt":"2019-05-14T15:40:19","guid":{"rendered":"http:\/\/dicodusport.fr\/blog\/?p=39233"},"modified":"2019-05-14T18:13:30","modified_gmt":"2019-05-14T16:13:30","slug":"giro-2019-richard-carapaz-la-4eme-etape-au-milieu-du-chaos","status":"publish","type":"post","link":"https:\/\/dicodusport.fr\/blog\/giro-2019-richard-carapaz-la-4eme-etape-au-milieu-du-chaos\/","title":{"rendered":"Giro 2019 : Richard Carapaz remporte la 4\u00e8me \u00e9tape au milieu du chaos"},"content":{"rendered":"<p style=\"text-align: justify;\"><strong><em><a href=\"https:\/\/dicodusport.fr\/blog\/tour-d-italie-2019-le-profil-des-etapes-du-giro\/\" target=\"_blank\" rel=\"noopener\">Giro 2019<\/a> &#8211; Le coureur \u00e9quatorien Richard Carapaz (Movistar) a remport\u00e9 la 4\u00e8me \u00e9tape du Tour d&rsquo;Italie, sur les hauteurs de Frascati. La fin de course a \u00e9t\u00e9 marqu\u00e9e par une chute collective \u00e0 6km de l&rsquo;arriv\u00e9e, dans laquelle Tom Dumoulin a \u00e9t\u00e9 pris, perdant \u00e9norm\u00e9ment de temps. Chez les leaders, seul le maillot rose Primoz Roglic est arriv\u00e9 dans le m\u00eame temps que le vainqueur du jour.<br \/>\n<\/em><\/strong><\/p>\n<p style=\"text-align: justify;\">Fin d&rsquo;\u00e9tape agit\u00e9e lors de la 4\u00e8me journ\u00e9e du Giro, entre Orbetello et Frascati. Sans relief pendant plus de cinq heures, cette 4\u00e8me \u00e9tape s&rsquo;est emball\u00e9e \u00e0 6km de l&rsquo;arriv\u00e9e <a href=\"https:\/\/twitter.com\/lachainelequipe\/status\/1128320885239242752\" target=\"_blank\" rel=\"noopener\">lorsqu&rsquo;une chute massive est intervenue aux alentours de la 15\u00e8me place dans le peloton<\/a>. R\u00e9sultat, un groupe d&rsquo;une quinzaine de coureurs se retrouvait en t\u00eate, parmi lesquels le maillot rose <strong>Primoz Roglic (Jumbo-Visma)<\/strong>, les sprinteurs <strong>Caleb Ewan (Lotto-Soudal)<\/strong>, <strong>Elia Viviani (Deceuninck Quick-Step)<\/strong>, <strong>Pascal Ackermann (Bora Hansgrohe)<\/strong>, <strong>Arnaud D\u00e9mare (Groupama-FDJ)<\/strong> et le grimpeur-puncheur <strong>Richard Carapaz (Movistar)<\/strong>.<\/p>\n<p style=\"text-align: justify;\">L\u2019\u00c9quatorien, r\u00e9cent vainqueur du Tour des Asturies, s&rsquo;est montr\u00e9 le plus costaud pour l&#8217;emporter et r\u00e9sister au retour d&rsquo;Ewan, parti un poil trop tard. Premier Fran\u00e7ais, <strong>Florian S\u00e9n\u00e9chal (Deceuninck Quick-Step) <\/strong>prend la 5\u00e8me place. Derri\u00e8re, les autres favoris ont l\u00e2ch\u00e9 du lest.<\/p>\n<p>https:\/\/twitter.com\/lachainelequipe\/status\/1128323650611032066<\/p>\n<h1 style=\"text-align: justify;\">Nibali et Yates limite la casse, Dumoulin voit rouge<\/h1>\n<p style=\"text-align: justify;\">Si Primoz Roglic, maillot rose depuis la 1\u00e8re \u00e9tape \u00e0 Bologne, est le seul favori \u00e0 avoir termin\u00e9 dans le bon groupe, ce n&rsquo;est pas le cas de tout le monde. <strong>Vincenzo Nibali (Bahrain-Merida)<\/strong>, <strong>Simon Yates (Mitchelton-Scott)<\/strong>, <strong>Miguel Angel Lopez (Astana)\u00a0<\/strong>et <strong>Rafal Majka (Bora-Hansgrohe)<\/strong> n&rsquo;ont perdu que 16 secondes sur le leader slov\u00e8ne et ont bien limit\u00e9 les d\u00e9g\u00e2ts. A l&rsquo;inverse de <strong>Mikel Landa (Movistar)<\/strong>, arriv\u00e9 \u00e0 44 secondes de son co\u00e9quipier Richard Carapaz (42 secondes de Roglic).<\/p>\n<p style=\"text-align: justify;\">Mais le grand perdant est ni plus ni moins que <strong>Tom Dumoulin (Sunweb)<\/strong>. Victorieux sur les routes du Tour d&rsquo;Italie en 2017, le N\u00e9erlandais est tomb\u00e9, touch\u00e9 au genou gauche notamment. Un d\u00e9bours de 4&rsquo;02 sur Roglic et surtout, un coureur tr\u00e8s marqu\u00e9 au passage sur la ligne d&rsquo;arriv\u00e9e. L&rsquo;incertitude plane quant \u00e0 sa pr\u00e9sence demain sur <a href=\"https:\/\/dicodusport.fr\/blog\/tour-d-italie-2019-le-profil-des-etapes-du-giro\/5\/\" target=\"_blank\" rel=\"noopener\">la 5\u00e8me \u00e9tape entre Frascati et Terracina<\/a>.<\/p>\n<p><span class=\"1TIfW5LJni8aZkBEXpR4tPKS\"><\/p>\n<blockquote class=\"twitter-tweet\" data-width=\"550\" data-dnt=\"true\">\n<p lang=\"fr\" dir=\"ltr\">Un grand gagnant aujourd&#39;hui: Primoz Roglic qui reprend du temps sur tout le monde. Un grand perdant: Tom Dumoulin, qui perd 4 minutes. Pour le reste, tout le monde semble avoir termin\u00e9 dans le groupe \u00e0 18 secondes. Le top 10 au CG. <a href=\"https:\/\/twitter.com\/hashtag\/Giro?src=hash&amp;ref_src=twsrc%5Etfw\">#Giro<\/a> <a href=\"https:\/\/t.co\/okwjhyXJiq\">pic.twitter.com\/okwjhyXJiq<\/a><\/p>\n<p>&mdash; Le Gruppetto (@LeGruppetto) <a href=\"https:\/\/twitter.com\/LeGruppetto\/status\/1128324908424015874?ref_src=twsrc%5Etfw\">May 14, 2019<\/a><\/p><\/blockquote>\n<p><script async src=\"https:\/\/platform.twitter.com\/widgets.js\" charset=\"utf-8\"><\/script><\/span><\/p>\n<p><strong><em>Dicodusport<br \/>\n<a href=\"https:\/\/www.facebook.com\/dicodusport\/\" target=\"_blank\" rel=\"noopener\"><img loading=\"lazy\" decoding=\"async\" class=\"alignnone wp-image-2909\" src=\"http:\/\/dicodusport.fr\/blog\/wp-content\/uploads\/2017\/07\/logo-facebook-150x150.png\" sizes=\"auto, (max-width: 40px) 100vw, 40px\" srcset=\"https:\/\/dicodusport.fr\/blog\/wp-content\/uploads\/2017\/07\/logo-facebook-150x150.png 150w, https:\/\/dicodusport.fr\/blog\/wp-content\/uploads\/2017\/07\/logo-facebook-300x300.png 300w, https:\/\/dicodusport.fr\/blog\/wp-content\/uploads\/2017\/07\/logo-facebook.png 400w\" alt=\"\" width=\"40\" height=\"40\" \/><\/a><a href=\"https:\/\/twitter.com\/dicodusport\" target=\"_blank\" rel=\"noopener\"><img loading=\"lazy\" decoding=\"async\" class=\"alignnone wp-image-2908\" src=\"http:\/\/dicodusport.fr\/blog\/wp-content\/uploads\/2017\/07\/logo-twitter-150x150.png\" alt=\"\" width=\"39\" height=\"39\" \/><\/a><\/em><\/strong><\/p>\n","protected":false},"excerpt":{"rendered":"<p>Giro 2019 &#8211; Le coureur \u00e9quatorien Richard Carapaz (Movistar) a remport\u00e9 la 4\u00e8me \u00e9tape du Tour d&rsquo;Italie, sur les hauteurs de Frascati. La fin de course a \u00e9t\u00e9 marqu\u00e9e par une chute collective \u00e0 6km de l&rsquo;arriv\u00e9e, dans laquelle Tom Dumoulin a \u00e9t\u00e9 pris, perdant \u00e9norm\u00e9ment de temps. Chez les leaders, seul le maillot rose Primoz Roglic est arriv\u00e9e dans le temps du vainqueur.<\/p>\n","protected":false},"author":4,"featured_media":39242,"comment_status":"open","ping_status":"closed","sticky":false,"template":"","format":"standard","meta":{"_acf_changed":false,"_daextam_enable_autolinks":"","footnotes":""},"categories":[2,2307],"tags":[574,2830,4722],"class_list":["post-39233","post","type-post","status-publish","format-standard","has-post-thumbnail","hentry","category-actualites","category-cyclisme","tag-cyclisme","tag-giro","tag-tour-ditalie"],"acf":[],"yoast_head":"<!-- This site is optimized with the Yoast SEO Premium plugin v26.7 (Yoast SEO v26.7) - https:\/\/yoast.com\/wordpress\/plugins\/seo\/ -->\n<title>Giro 2019 : Richard Carapaz remporte la 4\u00e8me \u00e9tape au milieu du chaos<\/title>\n<meta name=\"description\" content=\"Giro 2019 - Le coureur \u00e9quatorien Richard Carapaz (Movistar) a remport\u00e9 la 4\u00e8me \u00e9tape du Tour d&#039;Italie, sur les hauteurs de Frascati.\" \/>\n<meta name=\"robots\" content=\"index, follow, max-snippet:-1, max-image-preview:large, max-video-preview:-1\" \/>\n<link rel=\"canonical\" href=\"https:\/\/dicodusport.fr\/blog\/giro-2019-richard-carapaz-la-4eme-etape-au-milieu-du-chaos\/\" \/>\n<meta property=\"og:locale\" content=\"fr_FR\" \/>\n<meta property=\"og:type\" content=\"article\" \/>\n<meta property=\"og:title\" content=\"Giro 2019 : Richard Carapaz remporte la 4\u00e8me \u00e9tape au milieu du chaos\" \/>\n<meta property=\"og:description\" content=\"Giro 2019 - Le coureur \u00e9quatorien Richard Carapaz (Movistar) a remport\u00e9 la 4\u00e8me \u00e9tape du Tour d&#039;Italie, sur les hauteurs de Frascati.\" \/>\n<meta property=\"og:url\" content=\"https:\/\/dicodusport.fr\/blog\/giro-2019-richard-carapaz-la-4eme-etape-au-milieu-du-chaos\/\" \/>\n<meta property=\"og:site_name\" content=\"Dicodusport\" \/>\n<meta property=\"article:publisher\" content=\"https:\/\/www.facebook.com\/dicodusport\" \/>\n<meta property=\"article:author\" content=\"https:\/\/www.facebook.com\/florent.ostermann\" \/>\n<meta property=\"article:published_time\" content=\"2019-05-14T15:40:19+00:00\" \/>\n<meta property=\"article:modified_time\" content=\"2019-05-14T16:13:30+00:00\" \/>\n<meta property=\"og:image\" content=\"https:\/\/dicodusport.fr\/blog\/wp-content\/uploads\/2019\/05\/Richard-Carapaz.png\" \/>\n\t<meta property=\"og:image:width\" content=\"800\" \/>\n\t<meta property=\"og:image:height\" content=\"445\" \/>\n\t<meta property=\"og:image:type\" content=\"image\/png\" \/>\n<meta name=\"author\" content=\"Flo Ostermann\" \/>\n<meta name=\"twitter:card\" content=\"summary_large_image\" \/>\n<meta name=\"twitter:creator\" content=\"@https:\/\/twitter.com\/FlOstermann\" \/>\n<meta name=\"twitter:site\" content=\"@dicodusport\" \/>\n<script type=\"application\/ld+json\" class=\"yoast-schema-graph\">{\"@context\":\"https:\/\/schema.org\",\"@graph\":[{\"@type\":\"NewsArticle\",\"@id\":\"https:\/\/dicodusport.fr\/blog\/giro-2019-richard-carapaz-la-4eme-etape-au-milieu-du-chaos\/#article\",\"isPartOf\":{\"@id\":\"https:\/\/dicodusport.fr\/blog\/giro-2019-richard-carapaz-la-4eme-etape-au-milieu-du-chaos\/\"},\"author\":{\"name\":\"Flo Ostermann\",\"@id\":\"https:\/\/dicodusport.fr\/blog\/#\/schema\/person\/cb02af4c173ce4a653b55e9baf388d4a\"},\"headline\":\"Giro 2019 : Richard Carapaz remporte la 4\u00e8me \u00e9tape au milieu du chaos\",\"datePublished\":\"2019-05-14T15:40:19+00:00\",\"dateModified\":\"2019-05-14T16:13:30+00:00\",\"mainEntityOfPage\":{\"@id\":\"https:\/\/dicodusport.fr\/blog\/giro-2019-richard-carapaz-la-4eme-etape-au-milieu-du-chaos\/\"},\"wordCount\":401,\"commentCount\":0,\"publisher\":{\"@id\":\"https:\/\/dicodusport.fr\/blog\/#organization\"},\"image\":{\"@id\":\"https:\/\/dicodusport.fr\/blog\/giro-2019-richard-carapaz-la-4eme-etape-au-milieu-du-chaos\/#primaryimage\"},\"thumbnailUrl\":\"https:\/\/dicodusport.fr\/blog\/wp-content\/uploads\/2019\/05\/Richard-Carapaz.png\",\"keywords\":[\"Cyclisme\",\"Giro\",\"Tour d'Italie\"],\"articleSection\":[\"Actualit\u00e9s\",\"Cyclisme\"],\"inLanguage\":\"fr-FR\",\"potentialAction\":[{\"@type\":\"CommentAction\",\"name\":\"Comment\",\"target\":[\"https:\/\/dicodusport.fr\/blog\/giro-2019-richard-carapaz-la-4eme-etape-au-milieu-du-chaos\/#respond\"]}],\"copyrightYear\":\"2019\",\"copyrightHolder\":{\"@id\":\"https:\/\/dicodusport.fr\/blog\/#organization\"}},{\"@type\":\"WebPage\",\"@id\":\"https:\/\/dicodusport.fr\/blog\/giro-2019-richard-carapaz-la-4eme-etape-au-milieu-du-chaos\/\",\"url\":\"https:\/\/dicodusport.fr\/blog\/giro-2019-richard-carapaz-la-4eme-etape-au-milieu-du-chaos\/\",\"name\":\"Giro 2019 : Richard Carapaz remporte la 4\u00e8me \u00e9tape au milieu du chaos\",\"isPartOf\":{\"@id\":\"https:\/\/dicodusport.fr\/blog\/#website\"},\"primaryImageOfPage\":{\"@id\":\"https:\/\/dicodusport.fr\/blog\/giro-2019-richard-carapaz-la-4eme-etape-au-milieu-du-chaos\/#primaryimage\"},\"image\":{\"@id\":\"https:\/\/dicodusport.fr\/blog\/giro-2019-richard-carapaz-la-4eme-etape-au-milieu-du-chaos\/#primaryimage\"},\"thumbnailUrl\":\"https:\/\/dicodusport.fr\/blog\/wp-content\/uploads\/2019\/05\/Richard-Carapaz.png\",\"datePublished\":\"2019-05-14T15:40:19+00:00\",\"dateModified\":\"2019-05-14T16:13:30+00:00\",\"description\":\"Giro 2019 - Le coureur \u00e9quatorien Richard Carapaz (Movistar) a remport\u00e9 la 4\u00e8me \u00e9tape du Tour d'Italie, sur les hauteurs de Frascati.\",\"breadcrumb\":{\"@id\":\"https:\/\/dicodusport.fr\/blog\/giro-2019-richard-carapaz-la-4eme-etape-au-milieu-du-chaos\/#breadcrumb\"},\"inLanguage\":\"fr-FR\",\"potentialAction\":[{\"@type\":\"ReadAction\",\"target\":[\"https:\/\/dicodusport.fr\/blog\/giro-2019-richard-carapaz-la-4eme-etape-au-milieu-du-chaos\/\"]}]},{\"@type\":\"ImageObject\",\"inLanguage\":\"fr-FR\",\"@id\":\"https:\/\/dicodusport.fr\/blog\/giro-2019-richard-carapaz-la-4eme-etape-au-milieu-du-chaos\/#primaryimage\",\"url\":\"https:\/\/dicodusport.fr\/blog\/wp-content\/uploads\/2019\/05\/Richard-Carapaz.png\",\"contentUrl\":\"https:\/\/dicodusport.fr\/blog\/wp-content\/uploads\/2019\/05\/Richard-Carapaz.png\",\"width\":800,\"height\":445},{\"@type\":\"BreadcrumbList\",\"@id\":\"https:\/\/dicodusport.fr\/blog\/giro-2019-richard-carapaz-la-4eme-etape-au-milieu-du-chaos\/#breadcrumb\",\"itemListElement\":[{\"@type\":\"ListItem\",\"position\":1,\"name\":\"Accueil\",\"item\":\"https:\/\/dicodusport.fr\/blog\/\"},{\"@type\":\"ListItem\",\"position\":2,\"name\":\"Giro 2019 : Richard Carapaz remporte la 4\u00e8me \u00e9tape au milieu du chaos\"}]},{\"@type\":\"WebSite\",\"@id\":\"https:\/\/dicodusport.fr\/blog\/#website\",\"url\":\"https:\/\/dicodusport.fr\/blog\/\",\"name\":\"Dicodusport\",\"description\":\"L&#039;encyclop\u00e9die de l&#039;actualit\u00e9 sportive\",\"publisher\":{\"@id\":\"https:\/\/dicodusport.fr\/blog\/#organization\"},\"potentialAction\":[{\"@type\":\"SearchAction\",\"target\":{\"@type\":\"EntryPoint\",\"urlTemplate\":\"https:\/\/dicodusport.fr\/blog\/?s={search_term_string}\"},\"query-input\":{\"@type\":\"PropertyValueSpecification\",\"valueRequired\":true,\"valueName\":\"search_term_string\"}}],\"inLanguage\":\"fr-FR\"},{\"@type\":\"NewsMediaOrganization\",\"@id\":\"https:\/\/dicodusport.fr\/blog\/#organization\",\"name\":\"Dicodusport\",\"url\":\"https:\/\/dicodusport.fr\/blog\/\",\"logo\":{\"@type\":\"ImageObject\",\"inLanguage\":\"fr-FR\",\"@id\":\"https:\/\/dicodusport.fr\/blog\/#\/schema\/logo\/image\/\",\"url\":\"https:\/\/dicodusport.fr\/blog\/wp-content\/uploads\/2020\/06\/cropped-LOGO-DICODUSPORT-2020-SANS-FOND-SANS-TEXTE.png\",\"contentUrl\":\"https:\/\/dicodusport.fr\/blog\/wp-content\/uploads\/2020\/06\/cropped-LOGO-DICODUSPORT-2020-SANS-FOND-SANS-TEXTE.png\",\"width\":512,\"height\":512,\"caption\":\"Dicodusport\"},\"image\":{\"@id\":\"https:\/\/dicodusport.fr\/blog\/#\/schema\/logo\/image\/\"},\"sameAs\":[\"https:\/\/www.facebook.com\/dicodusport\",\"https:\/\/x.com\/dicodusport\",\"https:\/\/www.instagram.com\/dicodusport\/\",\"https:\/\/www.youtube.com\/channel\/UC7V2KZ5sd3htJivAbA4ZG3w\"],\"description\":\"Dicodusport est l'encyclop\u00e9die de l'actualit\u00e9 sportive.\",\"email\":\"bonjour@dicodusport.fr\",\"legalName\":\"DICODUSPORT\",\"foundingDate\":\"2018-01-14\",\"vatID\":\"FR71834470973\",\"taxID\":\"83447097300043\",\"numberOfEmployees\":{\"@type\":\"QuantitativeValue\",\"minValue\":\"1\",\"maxValue\":\"10\"}},{\"@type\":\"Person\",\"@id\":\"https:\/\/dicodusport.fr\/blog\/#\/schema\/person\/cb02af4c173ce4a653b55e9baf388d4a\",\"name\":\"Flo Ostermann\",\"image\":{\"@type\":\"ImageObject\",\"inLanguage\":\"fr-FR\",\"@id\":\"https:\/\/dicodusport.fr\/blog\/#\/schema\/person\/image\/\",\"url\":\"https:\/\/dicodusport.fr\/blog\/wp-content\/uploads\/2021\/05\/Flo-Ostermann-150x150.jpg\",\"contentUrl\":\"https:\/\/dicodusport.fr\/blog\/wp-content\/uploads\/2021\/05\/Flo-Ostermann-150x150.jpg\",\"caption\":\"Flo Ostermann\"},\"description\":\"Journaliste\/R\u00e9dacteur depuis septembre 2015 - Mes premiers souvenirs dans le sport ? Les envol\u00e9es du Stade Toulousain et les duels Villeneuve-Schumacher et H\u00e4kkinen-Schumacher \u00e0 la fin des ann\u00e9es 90, la Coupe du monde de football en 1998, l\u2019exploit du XV de France face aux All Blacks en 1999, mais aussi Richard C\u0153ur de Lion qui vole sur les montagnes du Tour de France. Bien parti pour devenir professeur d\u2019EPS, les \u00e9v\u00e9nements de la vie (et la flemme d\u2019animer des s\u00e9ances de 3x500 m\u00e8tres toute ma vie) m\u2019ont conduit \u00e0 revoir mes plans. Me voil\u00e0 depuis fin 2017 sur Dicodusport, m\u00e9dia gr\u00e2ce (et pour) lequel je partage ma passion : le sport dans tous ses \u00e9tats. Le tout accompagn\u00e9 par les fous furieux et folles furieuses cit\u00e9s sur cette page !\",\"sameAs\":[\"https:\/\/www.facebook.com\/florent.ostermann\",\"https:\/\/x.com\/https:\/\/twitter.com\/FlOstermann\",\"admin\"],\"url\":\"https:\/\/dicodusport.fr\/blog\/author\/flo\/\"}]}<\/script>\n<!-- \/ Yoast SEO Premium plugin. -->","yoast_head_json":{"title":"Giro 2019 : Richard Carapaz remporte la 4\u00e8me \u00e9tape au milieu du chaos","description":"Giro 2019 - Le coureur \u00e9quatorien Richard Carapaz (Movistar) a remport\u00e9 la 4\u00e8me \u00e9tape du Tour d'Italie, sur les hauteurs de Frascati.","robots":{"index":"index","follow":"follow","max-snippet":"max-snippet:-1","max-image-preview":"max-image-preview:large","max-video-preview":"max-video-preview:-1"},"canonical":"https:\/\/dicodusport.fr\/blog\/giro-2019-richard-carapaz-la-4eme-etape-au-milieu-du-chaos\/","og_locale":"fr_FR","og_type":"article","og_title":"Giro 2019 : Richard Carapaz remporte la 4\u00e8me \u00e9tape au milieu du chaos","og_description":"Giro 2019 - Le coureur \u00e9quatorien Richard Carapaz (Movistar) a remport\u00e9 la 4\u00e8me \u00e9tape du Tour d'Italie, sur les hauteurs de Frascati.","og_url":"https:\/\/dicodusport.fr\/blog\/giro-2019-richard-carapaz-la-4eme-etape-au-milieu-du-chaos\/","og_site_name":"Dicodusport","article_publisher":"https:\/\/www.facebook.com\/dicodusport","article_author":"https:\/\/www.facebook.com\/florent.ostermann","article_published_time":"2019-05-14T15:40:19+00:00","article_modified_time":"2019-05-14T16:13:30+00:00","og_image":[{"width":800,"height":445,"url":"https:\/\/dicodusport.fr\/blog\/wp-content\/uploads\/2019\/05\/Richard-Carapaz.png","type":"image\/png"}],"author":"Flo Ostermann","twitter_card":"summary_large_image","twitter_creator":"@https:\/\/twitter.com\/FlOstermann","twitter_site":"@dicodusport","schema":{"@context":"https:\/\/schema.org","@graph":[{"@type":"NewsArticle","@id":"https:\/\/dicodusport.fr\/blog\/giro-2019-richard-carapaz-la-4eme-etape-au-milieu-du-chaos\/#article","isPartOf":{"@id":"https:\/\/dicodusport.fr\/blog\/giro-2019-richard-carapaz-la-4eme-etape-au-milieu-du-chaos\/"},"author":{"name":"Flo Ostermann","@id":"https:\/\/dicodusport.fr\/blog\/#\/schema\/person\/cb02af4c173ce4a653b55e9baf388d4a"},"headline":"Giro 2019 : Richard Carapaz remporte la 4\u00e8me \u00e9tape au milieu du chaos","datePublished":"2019-05-14T15:40:19+00:00","dateModified":"2019-05-14T16:13:30+00:00","mainEntityOfPage":{"@id":"https:\/\/dicodusport.fr\/blog\/giro-2019-richard-carapaz-la-4eme-etape-au-milieu-du-chaos\/"},"wordCount":401,"commentCount":0,"publisher":{"@id":"https:\/\/dicodusport.fr\/blog\/#organization"},"image":{"@id":"https:\/\/dicodusport.fr\/blog\/giro-2019-richard-carapaz-la-4eme-etape-au-milieu-du-chaos\/#primaryimage"},"thumbnailUrl":"https:\/\/dicodusport.fr\/blog\/wp-content\/uploads\/2019\/05\/Richard-Carapaz.png","keywords":["Cyclisme","Giro","Tour d'Italie"],"articleSection":["Actualit\u00e9s","Cyclisme"],"inLanguage":"fr-FR","potentialAction":[{"@type":"CommentAction","name":"Comment","target":["https:\/\/dicodusport.fr\/blog\/giro-2019-richard-carapaz-la-4eme-etape-au-milieu-du-chaos\/#respond"]}],"copyrightYear":"2019","copyrightHolder":{"@id":"https:\/\/dicodusport.fr\/blog\/#organization"}},{"@type":"WebPage","@id":"https:\/\/dicodusport.fr\/blog\/giro-2019-richard-carapaz-la-4eme-etape-au-milieu-du-chaos\/","url":"https:\/\/dicodusport.fr\/blog\/giro-2019-richard-carapaz-la-4eme-etape-au-milieu-du-chaos\/","name":"Giro 2019 : Richard Carapaz remporte la 4\u00e8me \u00e9tape au milieu du chaos","isPartOf":{"@id":"https:\/\/dicodusport.fr\/blog\/#website"},"primaryImageOfPage":{"@id":"https:\/\/dicodusport.fr\/blog\/giro-2019-richard-carapaz-la-4eme-etape-au-milieu-du-chaos\/#primaryimage"},"image":{"@id":"https:\/\/dicodusport.fr\/blog\/giro-2019-richard-carapaz-la-4eme-etape-au-milieu-du-chaos\/#primaryimage"},"thumbnailUrl":"https:\/\/dicodusport.fr\/blog\/wp-content\/uploads\/2019\/05\/Richard-Carapaz.png","datePublished":"2019-05-14T15:40:19+00:00","dateModified":"2019-05-14T16:13:30+00:00","description":"Giro 2019 - Le coureur \u00e9quatorien Richard Carapaz (Movistar) a remport\u00e9 la 4\u00e8me \u00e9tape du Tour d'Italie, sur les hauteurs de Frascati.","breadcrumb":{"@id":"https:\/\/dicodusport.fr\/blog\/giro-2019-richard-carapaz-la-4eme-etape-au-milieu-du-chaos\/#breadcrumb"},"inLanguage":"fr-FR","potentialAction":[{"@type":"ReadAction","target":["https:\/\/dicodusport.fr\/blog\/giro-2019-richard-carapaz-la-4eme-etape-au-milieu-du-chaos\/"]}]},{"@type":"ImageObject","inLanguage":"fr-FR","@id":"https:\/\/dicodusport.fr\/blog\/giro-2019-richard-carapaz-la-4eme-etape-au-milieu-du-chaos\/#primaryimage","url":"https:\/\/dicodusport.fr\/blog\/wp-content\/uploads\/2019\/05\/Richard-Carapaz.png","contentUrl":"https:\/\/dicodusport.fr\/blog\/wp-content\/uploads\/2019\/05\/Richard-Carapaz.png","width":800,"height":445},{"@type":"BreadcrumbList","@id":"https:\/\/dicodusport.fr\/blog\/giro-2019-richard-carapaz-la-4eme-etape-au-milieu-du-chaos\/#breadcrumb","itemListElement":[{"@type":"ListItem","position":1,"name":"Accueil","item":"https:\/\/dicodusport.fr\/blog\/"},{"@type":"ListItem","position":2,"name":"Giro 2019 : Richard Carapaz remporte la 4\u00e8me \u00e9tape au milieu du chaos"}]},{"@type":"WebSite","@id":"https:\/\/dicodusport.fr\/blog\/#website","url":"https:\/\/dicodusport.fr\/blog\/","name":"Dicodusport","description":"L&#039;encyclop\u00e9die de l&#039;actualit\u00e9 sportive","publisher":{"@id":"https:\/\/dicodusport.fr\/blog\/#organization"},"potentialAction":[{"@type":"SearchAction","target":{"@type":"EntryPoint","urlTemplate":"https:\/\/dicodusport.fr\/blog\/?s={search_term_string}"},"query-input":{"@type":"PropertyValueSpecification","valueRequired":true,"valueName":"search_term_string"}}],"inLanguage":"fr-FR"},{"@type":"NewsMediaOrganization","@id":"https:\/\/dicodusport.fr\/blog\/#organization","name":"Dicodusport","url":"https:\/\/dicodusport.fr\/blog\/","logo":{"@type":"ImageObject","inLanguage":"fr-FR","@id":"https:\/\/dicodusport.fr\/blog\/#\/schema\/logo\/image\/","url":"https:\/\/dicodusport.fr\/blog\/wp-content\/uploads\/2020\/06\/cropped-LOGO-DICODUSPORT-2020-SANS-FOND-SANS-TEXTE.png","contentUrl":"https:\/\/dicodusport.fr\/blog\/wp-content\/uploads\/2020\/06\/cropped-LOGO-DICODUSPORT-2020-SANS-FOND-SANS-TEXTE.png","width":512,"height":512,"caption":"Dicodusport"},"image":{"@id":"https:\/\/dicodusport.fr\/blog\/#\/schema\/logo\/image\/"},"sameAs":["https:\/\/www.facebook.com\/dicodusport","https:\/\/x.com\/dicodusport","https:\/\/www.instagram.com\/dicodusport\/","https:\/\/www.youtube.com\/channel\/UC7V2KZ5sd3htJivAbA4ZG3w"],"description":"Dicodusport est l'encyclop\u00e9die de l'actualit\u00e9 sportive.","email":"bonjour@dicodusport.fr","legalName":"DICODUSPORT","foundingDate":"2018-01-14","vatID":"FR71834470973","taxID":"83447097300043","numberOfEmployees":{"@type":"QuantitativeValue","minValue":"1","maxValue":"10"}},{"@type":"Person","@id":"https:\/\/dicodusport.fr\/blog\/#\/schema\/person\/cb02af4c173ce4a653b55e9baf388d4a","name":"Flo Ostermann","image":{"@type":"ImageObject","inLanguage":"fr-FR","@id":"https:\/\/dicodusport.fr\/blog\/#\/schema\/person\/image\/","url":"https:\/\/dicodusport.fr\/blog\/wp-content\/uploads\/2021\/05\/Flo-Ostermann-150x150.jpg","contentUrl":"https:\/\/dicodusport.fr\/blog\/wp-content\/uploads\/2021\/05\/Flo-Ostermann-150x150.jpg","caption":"Flo Ostermann"},"description":"Journaliste\/R\u00e9dacteur depuis septembre 2015 - Mes premiers souvenirs dans le sport ? Les envol\u00e9es du Stade Toulousain et les duels Villeneuve-Schumacher et H\u00e4kkinen-Schumacher \u00e0 la fin des ann\u00e9es 90, la Coupe du monde de football en 1998, l\u2019exploit du XV de France face aux All Blacks en 1999, mais aussi Richard C\u0153ur de Lion qui vole sur les montagnes du Tour de France. Bien parti pour devenir professeur d\u2019EPS, les \u00e9v\u00e9nements de la vie (et la flemme d\u2019animer des s\u00e9ances de 3x500 m\u00e8tres toute ma vie) m\u2019ont conduit \u00e0 revoir mes plans. Me voil\u00e0 depuis fin 2017 sur Dicodusport, m\u00e9dia gr\u00e2ce (et pour) lequel je partage ma passion : le sport dans tous ses \u00e9tats. Le tout accompagn\u00e9 par les fous furieux et folles furieuses cit\u00e9s sur cette page !","sameAs":["https:\/\/www.facebook.com\/florent.ostermann","https:\/\/x.com\/https:\/\/twitter.com\/FlOstermann","admin"],"url":"https:\/\/dicodusport.fr\/blog\/author\/flo\/"}]}},"_links":{"self":[{"href":"https:\/\/dicodusport.fr\/blog\/wp-json\/wp\/v2\/posts\/39233","targetHints":{"allow":["GET"]}}],"collection":[{"href":"https:\/\/dicodusport.fr\/blog\/wp-json\/wp\/v2\/posts"}],"about":[{"href":"https:\/\/dicodusport.fr\/blog\/wp-json\/wp\/v2\/types\/post"}],"author":[{"embeddable":true,"href":"https:\/\/dicodusport.fr\/blog\/wp-json\/wp\/v2\/users\/4"}],"replies":[{"embeddable":true,"href":"https:\/\/dicodusport.fr\/blog\/wp-json\/wp\/v2\/comments?post=39233"}],"version-history":[{"count":0,"href":"https:\/\/dicodusport.fr\/blog\/wp-json\/wp\/v2\/posts\/39233\/revisions"}],"wp:featuredmedia":[{"embeddable":true,"href":"https:\/\/dicodusport.fr\/blog\/wp-json\/wp\/v2\/media\/39242"}],"wp:attachment":[{"href":"https:\/\/dicodusport.fr\/blog\/wp-json\/wp\/v2\/media?parent=39233"}],"wp:term":[{"taxonomy":"category","embeddable":true,"href":"https:\/\/dicodusport.fr\/blog\/wp-json\/wp\/v2\/categories?post=39233"},{"taxonomy":"post_tag","embeddable":true,"href":"https:\/\/dicodusport.fr\/blog\/wp-json\/wp\/v2\/tags?post=39233"}],"curies":[{"name":"wp","href":"https:\/\/api.w.org\/{rel}","templated":true}]}}