{"id":392438,"date":"2023-06-18T14:26:54","date_gmt":"2023-06-18T12:26:54","guid":{"rendered":"https:\/\/dicodusport.fr\/blog\/?p=392438&#038;preview=true&#038;preview_id=392438"},"modified":"2023-06-18T23:25:26","modified_gmt":"2023-06-18T21:25:26","slug":"judo-trois-medailles-de-plus-pour-les-bleus-au-grand-slam-dastana","status":"publish","type":"post","link":"https:\/\/dicodusport.fr\/blog\/judo-trois-medailles-de-plus-pour-les-bleus-au-grand-slam-dastana\/","title":{"rendered":"Judo : Quatre m\u00e9dailles de plus pour les Bleus au Grand Slam d&rsquo;Astana"},"content":{"rendered":"<p style=\"text-align: justify;\"><strong><em>GRAND SLAM ASTANA &#8211; Derni\u00e8re journ\u00e9e productive pour la d\u00e9l\u00e9gation fran\u00e7aise \u00e0 Astana, avec l&rsquo;argent pour Maxime-Ga\u00ebl Ngayap Hambou, et le bronze pour Clerget, Malonga et Postvite.<\/em><\/strong><\/p>\n<p style=\"text-align: justify;\">Derni\u00e8re journ\u00e9e de comp\u00e9tition, avec cinq cat\u00e9gories au programme, et de nombreux Bleus ont \u00e9t\u00e9 en vue, mais un seul a atteint une finale. <strong>Maxime-Ga\u00ebl Ngayap Hambou,\u00a0<\/strong>en -90 kg, a r\u00e9alis\u00e9 une superbe comp\u00e9tition, sortant d&rsquo;entr\u00e9e le solide Emirati <strong>Aram Grigorian<\/strong>, puis notamment <span class=\"mw-page-title-main\"><strong>Khusen Khalmurzaev<\/strong>, avant de triompher du Br\u00e9silien <strong>Rafael Macedo<\/strong> pour se hisser en finale.<\/span><\/p>\n<blockquote class=\"twitter-tweet\">\n<p dir=\"ltr\" lang=\"fr\">La finaaaaaaale pour Maxime-Ga\u00ebl ! \ud83e\udd29\ud83c\uddeb\ud83c\uddf7<\/p>\n<p>Notre Fran\u00e7ais remporte sa demi-finale et se qualifie pour sa premi\u00e8re finale en Grand Slam ! \ud83d\udd25<\/p>\n<p>Allez MG jusqu\u2019au bout ! \ud83d\udc4a<a href=\"https:\/\/twitter.com\/hashtag\/JudoAstana?src=hash&amp;ref_src=twsrc%5Etfw\">#JudoAstana<\/a> <a href=\"https:\/\/twitter.com\/hashtag\/GoLesBleus?src=hash&amp;ref_src=twsrc%5Etfw\">#GoLesBleus<\/a> <a href=\"https:\/\/twitter.com\/hashtag\/FierdEtreJudoka?src=hash&amp;ref_src=twsrc%5Etfw\">#FierdEtreJudoka<\/a><\/p>\n<p>\u2014 France Judo (@francejudo) <a href=\"https:\/\/twitter.com\/francejudo\/status\/1670344530623619072?ref_src=twsrc%5Etfw\">June 18, 2023<\/a><\/p><\/blockquote>\n<p style=\"text-align: justify;\"><script async src=\"https:\/\/platform.twitter.com\/widgets.js\" charset=\"utf-8\"><\/script><br \/>\nL\u00e0, il trouvait face \u00e0 lui <strong><span class=\"searchmatch\">Tristani<\/span>\u00a0<\/strong><span class=\"searchmatch\"><strong>Mosakhlishvili<\/strong>. Bien en place, le Tricolore semblait avoir pris un l\u00e9ger ascendant, mais s&rsquo;est fait surprendre \u00e0 moins d&rsquo;une minute de la fin sur une projection manqu\u00e9e qui a permis \u00e0 l&rsquo;Espagnol de l&#8217;emporter sur immobilisation. Premi\u00e8re m\u00e9daille d&rsquo;argent toutefois pour le Fran\u00e7ais, qui a l&rsquo;avenir devant lui. <\/span>Dans cette m\u00eame cat\u00e9gorie, <strong>Axel Clerget,<\/strong> battu en demi-finale par ce m\u00eame <span class=\"searchmatch\"><strong>Mosakhlishvili,\u00a0<\/strong>a pris le bronze en dominant sur waza-ari <span class=\"mw-page-title-main\"><strong>Khusen Khalmurzaev.<\/strong><\/span><\/span><\/p>\n<h2 style=\"text-align: justify;\">Malonga &#8211; Posvite, duo gagnant<\/h2>\n<p style=\"text-align: justify;\">Chez les femmes, en moins de -78 kg, il y avait m\u00eame deux cartouches. <strong>Madeleine Malonga<\/strong> a ma\u00eetris\u00e9 <strong>Metka Lobnik<\/strong>, s&rsquo;imposant aux p\u00e9nalit\u00e9s. Puis<strong> Fanny-Estelle Posvite<\/strong> n&rsquo;a pas fait dans le d\u00e9tail, dominant <strong>Lieke Derks<\/strong> par soumission en moins de 30 secondes. Deux engag\u00e9es dans la cat\u00e9gorie, deux m\u00e9dailles de bronze, du travail bien fait. Et donc trois m\u00e9dailles aujourd&rsquo;hui &#8211; six au total &#8211; pour des Bleus toujours pr\u00e9sents dans le haut du panier.<\/p>\n<blockquote class=\"twitter-tweet\">\n<p dir=\"ltr\" lang=\"fr\">\ud835\udc14\ud835\udc27 \ud835\udc22\ud835\udc29\ud835\udc29\ud835\udc28\ud835\udc27 \ud835\udc29\ud835\udc28\ud835\udc2e\ud835\udc2b \ud835\udc25\ud835\udc1e \ud835\udc1b\ud835\udc2b\ud835\udc28\ud835\udc27\ud835\udc33\ud835\udc1e ! \ud83d\udca5\ud83e\udd2f<\/p>\n<p>Fanny-Estelle Posvite (-78kg) remporte son combat par ippon en 26 secondes et d\u00e9croche la m\u00e9daille de bronze ! \ud83e\udd49<\/p>\n<p>Bravo Fanny-Estelle ! \ud83d\udc4f<a href=\"https:\/\/twitter.com\/hashtag\/JudoAstana?src=hash&amp;ref_src=twsrc%5Etfw\">#JudoAstana<\/a> <a href=\"https:\/\/twitter.com\/hashtag\/GoLesBleus?src=hash&amp;ref_src=twsrc%5Etfw\">#GoLesBleus<\/a> <a href=\"https:\/\/twitter.com\/hashtag\/FierdEtreJudoka?src=hash&amp;ref_src=twsrc%5Etfw\">#FierdEtreJudoka<\/a> <a href=\"https:\/\/t.co\/OpniHl0V7w\">pic.twitter.com\/OpniHl0V7w<\/a><\/p>\n<p>\u2014 France Judo (@francejudo) <a href=\"https:\/\/twitter.com\/francejudo\/status\/1670397949564661764?ref_src=twsrc%5Etfw\">June 18, 2023<\/a><\/p><\/blockquote>\n<p style=\"text-align: justify;\"><script async src=\"https:\/\/platform.twitter.com\/widgets.js\" charset=\"utf-8\"><\/script><\/p>\n","protected":false},"excerpt":{"rendered":"<p>GRAND SLAM ASTANA &#8211; Derni\u00e8re journ\u00e9e productive pour la d\u00e9l\u00e9gation fran\u00e7aise \u00e0 Astana, avec l&rsquo;argent pour Maxime-Ga\u00ebl Ngayap Hambou, et le bronze pour Clerget, Malonga et Postvite.<\/p>\n","protected":false},"author":59,"featured_media":392468,"comment_status":"open","ping_status":"closed","sticky":false,"template":"","format":"standard","meta":{"_acf_changed":false,"_daextam_enable_autolinks":"","footnotes":""},"categories":[8651],"tags":[6073,16878,68,4687,19762],"class_list":["post-392438","post","type-post","status-publish","format-standard","has-post-thumbnail","hentry","category-judo","tag-axel-clerget","tag-breve","tag-judo","tag-madeleine-malonga","tag-maxime-gael-ngayap-hambou"],"acf":[],"yoast_head":"<!-- This site is optimized with the Yoast SEO Premium plugin v26.7 (Yoast SEO v26.7) - https:\/\/yoast.com\/wordpress\/plugins\/seo\/ -->\n<title>Judo : Quatre m\u00e9dailles de plus pour les Bleus au Grand Slam d&#039;Astana<\/title>\n<meta name=\"description\" content=\"GRAND SLAM ASTANA - Derni\u00e8re journ\u00e9e productive pour la d\u00e9l\u00e9gation fran\u00e7aise \u00e0 Astana, avec l&#039;argent pour Maxime-Ga\u00ebl Ngayap Hambou.\" \/>\n<meta name=\"robots\" content=\"index, follow, max-snippet:-1, max-image-preview:large, max-video-preview:-1\" \/>\n<link rel=\"canonical\" href=\"https:\/\/dicodusport.fr\/blog\/judo-trois-medailles-de-plus-pour-les-bleus-au-grand-slam-dastana\/\" \/>\n<meta property=\"og:locale\" content=\"fr_FR\" \/>\n<meta property=\"og:type\" content=\"article\" \/>\n<meta property=\"og:title\" content=\"Judo : Quatre m\u00e9dailles de plus pour les Bleus au Grand Slam d&#039;Astana\" \/>\n<meta property=\"og:description\" content=\"GRAND SLAM ASTANA - Derni\u00e8re journ\u00e9e productive pour la d\u00e9l\u00e9gation fran\u00e7aise \u00e0 Astana, avec l&#039;argent pour Maxime-Ga\u00ebl Ngayap Hambou.\" \/>\n<meta property=\"og:url\" content=\"https:\/\/dicodusport.fr\/blog\/judo-trois-medailles-de-plus-pour-les-bleus-au-grand-slam-dastana\/\" \/>\n<meta property=\"og:site_name\" content=\"Dicodusport\" \/>\n<meta property=\"article:publisher\" content=\"https:\/\/www.facebook.com\/dicodusport\" \/>\n<meta property=\"article:author\" content=\"https:\/\/www.facebook.com\/sebastien.gente\/\" \/>\n<meta property=\"article:published_time\" content=\"2023-06-18T12:26:54+00:00\" \/>\n<meta property=\"article:modified_time\" content=\"2023-06-18T21:25:26+00:00\" \/>\n<meta property=\"og:image\" content=\"https:\/\/dicodusport.fr\/blog\/wp-content\/uploads\/2023\/06\/Judo-Trois-medailles-de-plus-pour-les-Bleus-au-Grand-Slam-dAstana.png\" \/>\n\t<meta property=\"og:image:width\" content=\"800\" \/>\n\t<meta property=\"og:image:height\" content=\"445\" \/>\n\t<meta property=\"og:image:type\" content=\"image\/png\" \/>\n<meta name=\"author\" content=\"S\u00e9bastien Gente\" \/>\n<meta name=\"twitter:card\" content=\"summary_large_image\" \/>\n<meta name=\"twitter:title\" content=\"Judo : Quatre m\u00e9dailles de plus pour les Bleus au Grand Slam d&#039;Astana\" \/>\n<meta name=\"twitter:creator\" content=\"@https:\/\/twitter.com\/globulo24\" \/>\n<meta name=\"twitter:site\" content=\"@dicodusport\" \/>\n<script type=\"application\/ld+json\" class=\"yoast-schema-graph\">{\"@context\":\"https:\/\/schema.org\",\"@graph\":[{\"@type\":\"NewsArticle\",\"@id\":\"https:\/\/dicodusport.fr\/blog\/judo-trois-medailles-de-plus-pour-les-bleus-au-grand-slam-dastana\/#article\",\"isPartOf\":{\"@id\":\"https:\/\/dicodusport.fr\/blog\/judo-trois-medailles-de-plus-pour-les-bleus-au-grand-slam-dastana\/\"},\"author\":{\"name\":\"S\u00e9bastien Gente\",\"@id\":\"https:\/\/dicodusport.fr\/blog\/#\/schema\/person\/627966a6cde45dbd8c5e36ac85d783da\"},\"headline\":\"Judo : Quatre m\u00e9dailles de plus pour les Bleus au Grand Slam d&rsquo;Astana\",\"datePublished\":\"2023-06-18T12:26:54+00:00\",\"dateModified\":\"2023-06-18T21:25:26+00:00\",\"mainEntityOfPage\":{\"@id\":\"https:\/\/dicodusport.fr\/blog\/judo-trois-medailles-de-plus-pour-les-bleus-au-grand-slam-dastana\/\"},\"wordCount\":364,\"commentCount\":0,\"publisher\":{\"@id\":\"https:\/\/dicodusport.fr\/blog\/#organization\"},\"image\":{\"@id\":\"https:\/\/dicodusport.fr\/blog\/judo-trois-medailles-de-plus-pour-les-bleus-au-grand-slam-dastana\/#primaryimage\"},\"thumbnailUrl\":\"https:\/\/dicodusport.fr\/blog\/wp-content\/uploads\/2023\/06\/Judo-Trois-medailles-de-plus-pour-les-Bleus-au-Grand-Slam-dAstana.png\",\"keywords\":[\"Axel Clerget\",\"br\u00e8ve\",\"Judo\",\"Madeleine Malonga\",\"Maxime-Ga\u00ebl Ngayap-Hambou\"],\"articleSection\":[\"Judo\"],\"inLanguage\":\"fr-FR\",\"potentialAction\":[{\"@type\":\"CommentAction\",\"name\":\"Comment\",\"target\":[\"https:\/\/dicodusport.fr\/blog\/judo-trois-medailles-de-plus-pour-les-bleus-au-grand-slam-dastana\/#respond\"]}],\"copyrightYear\":\"2023\",\"copyrightHolder\":{\"@id\":\"https:\/\/dicodusport.fr\/blog\/#organization\"}},{\"@type\":\"WebPage\",\"@id\":\"https:\/\/dicodusport.fr\/blog\/judo-trois-medailles-de-plus-pour-les-bleus-au-grand-slam-dastana\/\",\"url\":\"https:\/\/dicodusport.fr\/blog\/judo-trois-medailles-de-plus-pour-les-bleus-au-grand-slam-dastana\/\",\"name\":\"Judo : Quatre m\u00e9dailles de plus pour les Bleus au Grand Slam d'Astana\",\"isPartOf\":{\"@id\":\"https:\/\/dicodusport.fr\/blog\/#website\"},\"primaryImageOfPage\":{\"@id\":\"https:\/\/dicodusport.fr\/blog\/judo-trois-medailles-de-plus-pour-les-bleus-au-grand-slam-dastana\/#primaryimage\"},\"image\":{\"@id\":\"https:\/\/dicodusport.fr\/blog\/judo-trois-medailles-de-plus-pour-les-bleus-au-grand-slam-dastana\/#primaryimage\"},\"thumbnailUrl\":\"https:\/\/dicodusport.fr\/blog\/wp-content\/uploads\/2023\/06\/Judo-Trois-medailles-de-plus-pour-les-Bleus-au-Grand-Slam-dAstana.png\",\"datePublished\":\"2023-06-18T12:26:54+00:00\",\"dateModified\":\"2023-06-18T21:25:26+00:00\",\"description\":\"GRAND SLAM ASTANA - Derni\u00e8re journ\u00e9e productive pour la d\u00e9l\u00e9gation fran\u00e7aise \u00e0 Astana, avec l'argent pour Maxime-Ga\u00ebl Ngayap Hambou.\",\"breadcrumb\":{\"@id\":\"https:\/\/dicodusport.fr\/blog\/judo-trois-medailles-de-plus-pour-les-bleus-au-grand-slam-dastana\/#breadcrumb\"},\"inLanguage\":\"fr-FR\",\"potentialAction\":[{\"@type\":\"ReadAction\",\"target\":[\"https:\/\/dicodusport.fr\/blog\/judo-trois-medailles-de-plus-pour-les-bleus-au-grand-slam-dastana\/\"]}]},{\"@type\":\"ImageObject\",\"inLanguage\":\"fr-FR\",\"@id\":\"https:\/\/dicodusport.fr\/blog\/judo-trois-medailles-de-plus-pour-les-bleus-au-grand-slam-dastana\/#primaryimage\",\"url\":\"https:\/\/dicodusport.fr\/blog\/wp-content\/uploads\/2023\/06\/Judo-Trois-medailles-de-plus-pour-les-Bleus-au-Grand-Slam-dAstana.png\",\"contentUrl\":\"https:\/\/dicodusport.fr\/blog\/wp-content\/uploads\/2023\/06\/Judo-Trois-medailles-de-plus-pour-les-Bleus-au-Grand-Slam-dAstana.png\",\"width\":800,\"height\":445,\"caption\":\"Judo Trois m\u00e9dailles de plus pour les Bleus au Grand Slam d'Astana\"},{\"@type\":\"BreadcrumbList\",\"@id\":\"https:\/\/dicodusport.fr\/blog\/judo-trois-medailles-de-plus-pour-les-bleus-au-grand-slam-dastana\/#breadcrumb\",\"itemListElement\":[{\"@type\":\"ListItem\",\"position\":1,\"name\":\"Accueil\",\"item\":\"https:\/\/dicodusport.fr\/blog\/\"},{\"@type\":\"ListItem\",\"position\":2,\"name\":\"Judo : Quatre m\u00e9dailles de plus pour les Bleus au Grand Slam d&rsquo;Astana\"}]},{\"@type\":\"WebSite\",\"@id\":\"https:\/\/dicodusport.fr\/blog\/#website\",\"url\":\"https:\/\/dicodusport.fr\/blog\/\",\"name\":\"Dicodusport\",\"description\":\"L&#039;encyclop\u00e9die de l&#039;actualit\u00e9 sportive\",\"publisher\":{\"@id\":\"https:\/\/dicodusport.fr\/blog\/#organization\"},\"potentialAction\":[{\"@type\":\"SearchAction\",\"target\":{\"@type\":\"EntryPoint\",\"urlTemplate\":\"https:\/\/dicodusport.fr\/blog\/?s={search_term_string}\"},\"query-input\":{\"@type\":\"PropertyValueSpecification\",\"valueRequired\":true,\"valueName\":\"search_term_string\"}}],\"inLanguage\":\"fr-FR\"},{\"@type\":\"NewsMediaOrganization\",\"@id\":\"https:\/\/dicodusport.fr\/blog\/#organization\",\"name\":\"Dicodusport\",\"url\":\"https:\/\/dicodusport.fr\/blog\/\",\"logo\":{\"@type\":\"ImageObject\",\"inLanguage\":\"fr-FR\",\"@id\":\"https:\/\/dicodusport.fr\/blog\/#\/schema\/logo\/image\/\",\"url\":\"https:\/\/dicodusport.fr\/blog\/wp-content\/uploads\/2020\/06\/cropped-LOGO-DICODUSPORT-2020-SANS-FOND-SANS-TEXTE.png\",\"contentUrl\":\"https:\/\/dicodusport.fr\/blog\/wp-content\/uploads\/2020\/06\/cropped-LOGO-DICODUSPORT-2020-SANS-FOND-SANS-TEXTE.png\",\"width\":512,\"height\":512,\"caption\":\"Dicodusport\"},\"image\":{\"@id\":\"https:\/\/dicodusport.fr\/blog\/#\/schema\/logo\/image\/\"},\"sameAs\":[\"https:\/\/www.facebook.com\/dicodusport\",\"https:\/\/x.com\/dicodusport\",\"https:\/\/www.instagram.com\/dicodusport\/\",\"https:\/\/www.youtube.com\/channel\/UC7V2KZ5sd3htJivAbA4ZG3w\"],\"description\":\"Dicodusport est l'encyclop\u00e9die de l'actualit\u00e9 sportive.\",\"email\":\"bonjour@dicodusport.fr\",\"legalName\":\"DICODUSPORT\",\"foundingDate\":\"2018-01-14\",\"vatID\":\"FR71834470973\",\"taxID\":\"83447097300043\",\"numberOfEmployees\":{\"@type\":\"QuantitativeValue\",\"minValue\":\"1\",\"maxValue\":\"10\"}},{\"@type\":\"Person\",\"@id\":\"https:\/\/dicodusport.fr\/blog\/#\/schema\/person\/627966a6cde45dbd8c5e36ac85d783da\",\"name\":\"S\u00e9bastien Gente\",\"image\":{\"@type\":\"ImageObject\",\"inLanguage\":\"fr-FR\",\"@id\":\"https:\/\/dicodusport.fr\/blog\/#\/schema\/person\/image\/\",\"url\":\"https:\/\/dicodusport.fr\/blog\/wp-content\/uploads\/2021\/09\/1510990_10205810251400683_4124423575079401707_n-150x150.jpg\",\"contentUrl\":\"https:\/\/dicodusport.fr\/blog\/wp-content\/uploads\/2021\/09\/1510990_10205810251400683_4124423575079401707_n-150x150.jpg\",\"caption\":\"S\u00e9bastien Gente\"},\"description\":\"John Stockton, Gianni Bugno, Zinedine Zidane, Steffi Graf, Frode Andresen, St\u00e9phane Stoecklin, Davis Kamoga, Primoz Peterka, Werner Schlager et Aur\u00e9lien Rougerie. Point commun entre ces sportifs? Ils m'ont fait r\u00eaver et ont berc\u00e9 mon adolescence. Je suis un fondu de sports et j'essaie de retranscrire ma passion \u00e0 travers mes articles. Originaire du P\u00e9rigord, ma passion pour les Girondins, les Jaunards et les Jazzmen transpire dans mes \u00e9crits. \u00c0 Dicodusport depuis 2021, je d\u00e9niche les sports m\u00e9connus dans lesquels la France brille, et il y en a !\",\"sameAs\":[\"https:\/\/www.facebook.com\/sebastien.gente\/\",\"https:\/\/www.instagram.com\/sebgente\/\",\"https:\/\/www.linkedin.com\/in\/sbastien-gente-a29583169\/\",\"https:\/\/x.com\/https:\/\/twitter.com\/globulo24\",\"SebastienGente\"],\"worksFor\":\"S\u00e9bastien GENTE\",\"url\":\"https:\/\/dicodusport.fr\/blog\/author\/sebastiengente\/\"}]}<\/script>\n<!-- \/ Yoast SEO Premium plugin. -->","yoast_head_json":{"title":"Judo : Quatre m\u00e9dailles de plus pour les Bleus au Grand Slam d'Astana","description":"GRAND SLAM ASTANA - Derni\u00e8re journ\u00e9e productive pour la d\u00e9l\u00e9gation fran\u00e7aise \u00e0 Astana, avec l'argent pour Maxime-Ga\u00ebl Ngayap Hambou.","robots":{"index":"index","follow":"follow","max-snippet":"max-snippet:-1","max-image-preview":"max-image-preview:large","max-video-preview":"max-video-preview:-1"},"canonical":"https:\/\/dicodusport.fr\/blog\/judo-trois-medailles-de-plus-pour-les-bleus-au-grand-slam-dastana\/","og_locale":"fr_FR","og_type":"article","og_title":"Judo : Quatre m\u00e9dailles de plus pour les Bleus au Grand Slam d'Astana","og_description":"GRAND SLAM ASTANA - Derni\u00e8re journ\u00e9e productive pour la d\u00e9l\u00e9gation fran\u00e7aise \u00e0 Astana, avec l'argent pour Maxime-Ga\u00ebl Ngayap Hambou.","og_url":"https:\/\/dicodusport.fr\/blog\/judo-trois-medailles-de-plus-pour-les-bleus-au-grand-slam-dastana\/","og_site_name":"Dicodusport","article_publisher":"https:\/\/www.facebook.com\/dicodusport","article_author":"https:\/\/www.facebook.com\/sebastien.gente\/","article_published_time":"2023-06-18T12:26:54+00:00","article_modified_time":"2023-06-18T21:25:26+00:00","og_image":[{"width":800,"height":445,"url":"https:\/\/dicodusport.fr\/blog\/wp-content\/uploads\/2023\/06\/Judo-Trois-medailles-de-plus-pour-les-Bleus-au-Grand-Slam-dAstana.png","type":"image\/png"}],"author":"S\u00e9bastien Gente","twitter_card":"summary_large_image","twitter_title":"Judo : Quatre m\u00e9dailles de plus pour les Bleus au Grand Slam d'Astana","twitter_creator":"@https:\/\/twitter.com\/globulo24","twitter_site":"@dicodusport","schema":{"@context":"https:\/\/schema.org","@graph":[{"@type":"NewsArticle","@id":"https:\/\/dicodusport.fr\/blog\/judo-trois-medailles-de-plus-pour-les-bleus-au-grand-slam-dastana\/#article","isPartOf":{"@id":"https:\/\/dicodusport.fr\/blog\/judo-trois-medailles-de-plus-pour-les-bleus-au-grand-slam-dastana\/"},"author":{"name":"S\u00e9bastien Gente","@id":"https:\/\/dicodusport.fr\/blog\/#\/schema\/person\/627966a6cde45dbd8c5e36ac85d783da"},"headline":"Judo : Quatre m\u00e9dailles de plus pour les Bleus au Grand Slam d&rsquo;Astana","datePublished":"2023-06-18T12:26:54+00:00","dateModified":"2023-06-18T21:25:26+00:00","mainEntityOfPage":{"@id":"https:\/\/dicodusport.fr\/blog\/judo-trois-medailles-de-plus-pour-les-bleus-au-grand-slam-dastana\/"},"wordCount":364,"commentCount":0,"publisher":{"@id":"https:\/\/dicodusport.fr\/blog\/#organization"},"image":{"@id":"https:\/\/dicodusport.fr\/blog\/judo-trois-medailles-de-plus-pour-les-bleus-au-grand-slam-dastana\/#primaryimage"},"thumbnailUrl":"https:\/\/dicodusport.fr\/blog\/wp-content\/uploads\/2023\/06\/Judo-Trois-medailles-de-plus-pour-les-Bleus-au-Grand-Slam-dAstana.png","keywords":["Axel Clerget","br\u00e8ve","Judo","Madeleine Malonga","Maxime-Ga\u00ebl Ngayap-Hambou"],"articleSection":["Judo"],"inLanguage":"fr-FR","potentialAction":[{"@type":"CommentAction","name":"Comment","target":["https:\/\/dicodusport.fr\/blog\/judo-trois-medailles-de-plus-pour-les-bleus-au-grand-slam-dastana\/#respond"]}],"copyrightYear":"2023","copyrightHolder":{"@id":"https:\/\/dicodusport.fr\/blog\/#organization"}},{"@type":"WebPage","@id":"https:\/\/dicodusport.fr\/blog\/judo-trois-medailles-de-plus-pour-les-bleus-au-grand-slam-dastana\/","url":"https:\/\/dicodusport.fr\/blog\/judo-trois-medailles-de-plus-pour-les-bleus-au-grand-slam-dastana\/","name":"Judo : Quatre m\u00e9dailles de plus pour les Bleus au Grand Slam d'Astana","isPartOf":{"@id":"https:\/\/dicodusport.fr\/blog\/#website"},"primaryImageOfPage":{"@id":"https:\/\/dicodusport.fr\/blog\/judo-trois-medailles-de-plus-pour-les-bleus-au-grand-slam-dastana\/#primaryimage"},"image":{"@id":"https:\/\/dicodusport.fr\/blog\/judo-trois-medailles-de-plus-pour-les-bleus-au-grand-slam-dastana\/#primaryimage"},"thumbnailUrl":"https:\/\/dicodusport.fr\/blog\/wp-content\/uploads\/2023\/06\/Judo-Trois-medailles-de-plus-pour-les-Bleus-au-Grand-Slam-dAstana.png","datePublished":"2023-06-18T12:26:54+00:00","dateModified":"2023-06-18T21:25:26+00:00","description":"GRAND SLAM ASTANA - Derni\u00e8re journ\u00e9e productive pour la d\u00e9l\u00e9gation fran\u00e7aise \u00e0 Astana, avec l'argent pour Maxime-Ga\u00ebl Ngayap Hambou.","breadcrumb":{"@id":"https:\/\/dicodusport.fr\/blog\/judo-trois-medailles-de-plus-pour-les-bleus-au-grand-slam-dastana\/#breadcrumb"},"inLanguage":"fr-FR","potentialAction":[{"@type":"ReadAction","target":["https:\/\/dicodusport.fr\/blog\/judo-trois-medailles-de-plus-pour-les-bleus-au-grand-slam-dastana\/"]}]},{"@type":"ImageObject","inLanguage":"fr-FR","@id":"https:\/\/dicodusport.fr\/blog\/judo-trois-medailles-de-plus-pour-les-bleus-au-grand-slam-dastana\/#primaryimage","url":"https:\/\/dicodusport.fr\/blog\/wp-content\/uploads\/2023\/06\/Judo-Trois-medailles-de-plus-pour-les-Bleus-au-Grand-Slam-dAstana.png","contentUrl":"https:\/\/dicodusport.fr\/blog\/wp-content\/uploads\/2023\/06\/Judo-Trois-medailles-de-plus-pour-les-Bleus-au-Grand-Slam-dAstana.png","width":800,"height":445,"caption":"Judo Trois m\u00e9dailles de plus pour les Bleus au Grand Slam d'Astana"},{"@type":"BreadcrumbList","@id":"https:\/\/dicodusport.fr\/blog\/judo-trois-medailles-de-plus-pour-les-bleus-au-grand-slam-dastana\/#breadcrumb","itemListElement":[{"@type":"ListItem","position":1,"name":"Accueil","item":"https:\/\/dicodusport.fr\/blog\/"},{"@type":"ListItem","position":2,"name":"Judo : Quatre m\u00e9dailles de plus pour les Bleus au Grand Slam d&rsquo;Astana"}]},{"@type":"WebSite","@id":"https:\/\/dicodusport.fr\/blog\/#website","url":"https:\/\/dicodusport.fr\/blog\/","name":"Dicodusport","description":"L&#039;encyclop\u00e9die de l&#039;actualit\u00e9 sportive","publisher":{"@id":"https:\/\/dicodusport.fr\/blog\/#organization"},"potentialAction":[{"@type":"SearchAction","target":{"@type":"EntryPoint","urlTemplate":"https:\/\/dicodusport.fr\/blog\/?s={search_term_string}"},"query-input":{"@type":"PropertyValueSpecification","valueRequired":true,"valueName":"search_term_string"}}],"inLanguage":"fr-FR"},{"@type":"NewsMediaOrganization","@id":"https:\/\/dicodusport.fr\/blog\/#organization","name":"Dicodusport","url":"https:\/\/dicodusport.fr\/blog\/","logo":{"@type":"ImageObject","inLanguage":"fr-FR","@id":"https:\/\/dicodusport.fr\/blog\/#\/schema\/logo\/image\/","url":"https:\/\/dicodusport.fr\/blog\/wp-content\/uploads\/2020\/06\/cropped-LOGO-DICODUSPORT-2020-SANS-FOND-SANS-TEXTE.png","contentUrl":"https:\/\/dicodusport.fr\/blog\/wp-content\/uploads\/2020\/06\/cropped-LOGO-DICODUSPORT-2020-SANS-FOND-SANS-TEXTE.png","width":512,"height":512,"caption":"Dicodusport"},"image":{"@id":"https:\/\/dicodusport.fr\/blog\/#\/schema\/logo\/image\/"},"sameAs":["https:\/\/www.facebook.com\/dicodusport","https:\/\/x.com\/dicodusport","https:\/\/www.instagram.com\/dicodusport\/","https:\/\/www.youtube.com\/channel\/UC7V2KZ5sd3htJivAbA4ZG3w"],"description":"Dicodusport est l'encyclop\u00e9die de l'actualit\u00e9 sportive.","email":"bonjour@dicodusport.fr","legalName":"DICODUSPORT","foundingDate":"2018-01-14","vatID":"FR71834470973","taxID":"83447097300043","numberOfEmployees":{"@type":"QuantitativeValue","minValue":"1","maxValue":"10"}},{"@type":"Person","@id":"https:\/\/dicodusport.fr\/blog\/#\/schema\/person\/627966a6cde45dbd8c5e36ac85d783da","name":"S\u00e9bastien Gente","image":{"@type":"ImageObject","inLanguage":"fr-FR","@id":"https:\/\/dicodusport.fr\/blog\/#\/schema\/person\/image\/","url":"https:\/\/dicodusport.fr\/blog\/wp-content\/uploads\/2021\/09\/1510990_10205810251400683_4124423575079401707_n-150x150.jpg","contentUrl":"https:\/\/dicodusport.fr\/blog\/wp-content\/uploads\/2021\/09\/1510990_10205810251400683_4124423575079401707_n-150x150.jpg","caption":"S\u00e9bastien Gente"},"description":"John Stockton, Gianni Bugno, Zinedine Zidane, Steffi Graf, Frode Andresen, St\u00e9phane Stoecklin, Davis Kamoga, Primoz Peterka, Werner Schlager et Aur\u00e9lien Rougerie. Point commun entre ces sportifs? Ils m'ont fait r\u00eaver et ont berc\u00e9 mon adolescence. Je suis un fondu de sports et j'essaie de retranscrire ma passion \u00e0 travers mes articles. Originaire du P\u00e9rigord, ma passion pour les Girondins, les Jaunards et les Jazzmen transpire dans mes \u00e9crits. \u00c0 Dicodusport depuis 2021, je d\u00e9niche les sports m\u00e9connus dans lesquels la France brille, et il y en a !","sameAs":["https:\/\/www.facebook.com\/sebastien.gente\/","https:\/\/www.instagram.com\/sebgente\/","https:\/\/www.linkedin.com\/in\/sbastien-gente-a29583169\/","https:\/\/x.com\/https:\/\/twitter.com\/globulo24","SebastienGente"],"worksFor":"S\u00e9bastien GENTE","url":"https:\/\/dicodusport.fr\/blog\/author\/sebastiengente\/"}]}},"_links":{"self":[{"href":"https:\/\/dicodusport.fr\/blog\/wp-json\/wp\/v2\/posts\/392438","targetHints":{"allow":["GET"]}}],"collection":[{"href":"https:\/\/dicodusport.fr\/blog\/wp-json\/wp\/v2\/posts"}],"about":[{"href":"https:\/\/dicodusport.fr\/blog\/wp-json\/wp\/v2\/types\/post"}],"author":[{"embeddable":true,"href":"https:\/\/dicodusport.fr\/blog\/wp-json\/wp\/v2\/users\/59"}],"replies":[{"embeddable":true,"href":"https:\/\/dicodusport.fr\/blog\/wp-json\/wp\/v2\/comments?post=392438"}],"version-history":[{"count":0,"href":"https:\/\/dicodusport.fr\/blog\/wp-json\/wp\/v2\/posts\/392438\/revisions"}],"wp:featuredmedia":[{"embeddable":true,"href":"https:\/\/dicodusport.fr\/blog\/wp-json\/wp\/v2\/media\/392468"}],"wp:attachment":[{"href":"https:\/\/dicodusport.fr\/blog\/wp-json\/wp\/v2\/media?parent=392438"}],"wp:term":[{"taxonomy":"category","embeddable":true,"href":"https:\/\/dicodusport.fr\/blog\/wp-json\/wp\/v2\/categories?post=392438"},{"taxonomy":"post_tag","embeddable":true,"href":"https:\/\/dicodusport.fr\/blog\/wp-json\/wp\/v2\/tags?post=392438"}],"curies":[{"name":"wp","href":"https:\/\/api.w.org\/{rel}","templated":true}]}}