{"id":392499,"date":"2023-06-18T16:57:17","date_gmt":"2023-06-18T14:57:17","guid":{"rendered":"https:\/\/dicodusport.fr\/blog\/?p=392499&#038;preview=true&#038;preview_id=392499"},"modified":"2023-06-18T17:51:22","modified_gmt":"2023-06-18T15:51:22","slug":"vtt-xco-leogang-lars-forster-simpose-en-autriche-devant-luca-schwarzbauer","status":"publish","type":"post","link":"https:\/\/dicodusport.fr\/blog\/vtt-xco-leogang-lars-forster-simpose-en-autriche-devant-luca-schwarzbauer\/","title":{"rendered":"VTT XCO Leogang : Lars Forster s&rsquo;impose en Autriche devant Luca Schwarzbauer"},"content":{"rendered":"<p align=\"justify\"><em><strong>VTT XCO LEOGANG &#8211; Encore un nouveau vainqueur cette ann\u00e9e en Coupe du monde. Le Suisse Lars Forster l&#8217;emporte \u00e0 Leogang devant Luca Schwarzbauer et Ondrej Cink. Thomas Griot termine 7e.<\/strong><\/em><\/p>\n<p style=\"text-align: justify;\"><span style=\"font-weight: 400;\">Un Suisse peut en cacher un autre. Quand <\/span><b>Nino Schurter <\/b><span style=\"font-weight: 400;\">finit en dehors des 20 premiers, l&rsquo;un de ses compatriotes accroche un succ\u00e8s sur le circuit Coupe du monde. <\/span><b>Lars Forster <\/b><span style=\"font-weight: 400;\">s&rsquo;impose au c\u0153ur des Alpes autrichiennes gr\u00e2ce \u00e0 une solide acc\u00e9l\u00e9ration \u00e0 l&rsquo;entame de la derni\u00e8re des six boucles. C&rsquo;est un nouveau podium pour <\/span><b>Luca Schwarzbauer<\/b><span style=\"font-weight: 400;\">, 2\u1d49 du jour, qui devance le v\u00e9t\u00e9ran tch\u00e8que <\/span><b>Ondrej Cink<\/b><span style=\"font-weight: 400;\">. Chaque \u00e9tape a un vainqueur diff\u00e9rent cette saison.<\/span><\/p>\n<p style=\"text-align: justify;\"><span style=\"font-weight: 400;\">Le peloton part \u00e0 vive allure. Emmen\u00e9s par le Belge <\/span><b>Pierre de Froidmont<\/b><span style=\"font-weight: 400;\">, les v\u00e9t\u00e9tistes puisent d\u00e9j\u00e0 dans leur barre d&rsquo;\u00e9nergie. Dans ce d\u00e9but de course, deux Fran\u00e7ais montrent leur maillot : <\/span><b>Jordan Sarrou <\/b><span style=\"font-weight: 400;\">et <\/span><b>Joshua Dubau<\/b><span style=\"font-weight: 400;\">. Le rythme est vraiment \u00e9lev\u00e9 depuis le start loop, attention \u00e0 l&rsquo;explosion pour ceux qui appuient fort sur les p\u00e9dales. Le d\u00e9cuple champion du monde de VTT <\/span><b>Nino Schurter <\/b><span style=\"font-weight: 400;\">montre un tout autre visage, par rapport \u00e0 la semaine pass\u00e9e. D\u00e9j\u00e0 en retrait sur la XCC, le Suisse se classe 30\u1d49 apr\u00e8s moins de 20 minutes de course. Plus qu&rsquo;inhabituel pour un coureur qui a son ticket pour le Top 10 tous les week-ends.\u00a0<\/span><\/p>\n<h2 style=\"text-align: justify;\" align=\"justify\">Forster frappe dans le dernier tour<\/h2>\n<p style=\"text-align: justify;\"><span style=\"font-weight: 400;\">Ils sont 8 \u00e0 se d\u00e9tacher nettement sur la premi\u00e8re longue mont\u00e9e du trac\u00e9. Avec les \u00e9carts cr\u00e9\u00e9s sous la chaleur autrichienne, ce n&rsquo;est pas se mouiller que de parier que le vainqueur se trouve \u00e0 l&rsquo;avant. La mi-course est d\u00e9pass\u00e9e, deux pilotes semblaient avoir un niveau sup\u00e9rieur \u00e0 leurs adversaires. <\/span><b>Luca Schwarzbauer <\/b><span style=\"font-weight: 400;\">et <\/span><b>Ondrej Cink <\/b><span style=\"font-weight: 400;\">s&rsquo;\u00e9chappent, <\/span><b>Jordan Sarrou <\/b><span style=\"font-weight: 400;\">et <\/span><b>Lars Forster<\/b><span style=\"font-weight: 400;\"> suivent \u00e0 distance respectable (20 secondes).\u00a0<\/span><\/p>\n<p style=\"text-align: justify;\"><span style=\"font-weight: 400;\">Le dernier tour aurait pu \u00eatre dantesque avec trois athl\u00e8tes en t\u00eate et <\/span><b>Mathias Fl\u00fcckiger<\/b><span style=\"font-weight: 400;\">, auteur d&rsquo;une fantastique remont\u00e9e apr\u00e8s sa crevaison. Mais <\/span><b>Lars Forster<\/b><span style=\"font-weight: 400;\"> a d\u00e9cid\u00e9 d&rsquo;attaquer et les \u00e9carts forg\u00e9s sont \u00e9normes. Le Suisse franchit la ligne en solitaire, avec une dizaine de secondes d&rsquo;avance sur <\/span><b>Luca Schwarzbauer <\/b><span style=\"font-weight: 400;\">et pr\u00e8s de 30 sur le Tch\u00e8que <\/span><b>Ondrej Cink<\/b><span style=\"font-weight: 400;\">. Rapidement rel\u00e9gu\u00e9 \u00e0 une minute, <\/span><b>Thomas Griot <\/b><span style=\"font-weight: 400;\">peut avoir de l\u00e9gers regrets puisqu&rsquo;il est finalement premier fran\u00e7ais en terminant 7\u1d49 \u00e0 1min04. Longtemps \u00e0 la lutte pour un succ\u00e8s en Coupe du Monde, <\/span><b>Jordan Sarrou <\/b><span style=\"font-weight: 400;\">et <\/span><b>Joshua Dubau <\/b><span style=\"font-weight: 400;\">finissent respectivement 11\u1d49 et 14\u1d49.<\/span><\/p>\n<blockquote class=\"twitter-tweet\">\n<p dir=\"ltr\" lang=\"fr\">\ud83d\ude35 Pas de patron cette ann\u00e9e, chacun a gagn\u00e9 sa manche de Coupe du Monde ! Au tour de Lars Forster de remporter le cross-country \u00e0 Leogang !<a href=\"https:\/\/twitter.com\/hashtag\/MTBWorldCup?src=hash&amp;ref_src=twsrc%5Etfw\">#MTBWorldCup<\/a> <a href=\"https:\/\/twitter.com\/hashtag\/Leogang?src=hash&amp;ref_src=twsrc%5Etfw\">#Leogang<\/a> <a href=\"https:\/\/t.co\/rmWHYGnxd9\">pic.twitter.com\/rmWHYGnxd9<\/a><\/p>\n<p>\u2014 Eurosport France (@Eurosport_FR) <a href=\"https:\/\/twitter.com\/Eurosport_FR\/status\/1670445147174100993?ref_src=twsrc%5Etfw\">June 18, 2023<\/a><\/p><\/blockquote>\n<p><script async src=\"https:\/\/platform.twitter.com\/widgets.js\" charset=\"utf-8\"><\/script><\/p>\n<h2 style=\"text-align: justify;\">\u00c0 lire aussi<\/h2>\n<ul>\n<li style=\"text-align: justify;\"><strong><a href=\"https:\/\/dicodusport.fr\/blog\/vtt-xco-leogang-classement-de-la-course-hommes\/\">VTT XCO \u2013 Classement de la course hommes de Leogang<\/a>\u00a0<\/strong><\/li>\n<li style=\"text-align: justify;\"><a href=\"https:\/\/dicodusport.fr\/blog\/vtt-xc-coupe-du-monde-2023-calendrier-et-resultats\/\"><strong>Calendrier et r\u00e9sultats de la Coupe du monde de VTT XC 2023<\/strong><\/a><\/li>\n<li style=\"text-align: justify;\"><a href=\"https:\/\/dicodusport.fr\/blog\/vtt-cross-country-classement-general-coupe-du-monde-2023\/\"><strong>Classement g\u00e9n\u00e9ral de la Coupe du monde de VTT XC 2023<\/strong><\/a><\/li>\n<\/ul>\n","protected":false},"excerpt":{"rendered":"<p>VTT XCO LEOGANG &#8211; Encore un nouveau vainqueur cette ann\u00e9e en Coupe du monde. Le Suisse Lars Forster l&#8217;emporte \u00e0 Leogang devant Luca Schwarzbauer et Ondrej Cink. Thomas Griot termine 7e.<\/p>\n","protected":false},"author":61,"featured_media":392633,"comment_status":"open","ping_status":"closed","sticky":false,"template":"","format":"standard","meta":{"_acf_changed":false,"_daextam_enable_autolinks":"","footnotes":""},"categories":[10279],"tags":[16878,17334],"class_list":["post-392499","post","type-post","status-publish","format-standard","has-post-thumbnail","hentry","category-vtt","tag-breve","tag-vtt-xco-leogang"],"acf":[],"yoast_head":"<!-- This site is optimized with the Yoast SEO Premium plugin v26.7 (Yoast SEO v26.7) - https:\/\/yoast.com\/wordpress\/plugins\/seo\/ -->\n<title>VTT XCO Leogang : Lars Forster s&#039;impose en Autriche devant Luca Schwarzbauer<\/title>\n<meta name=\"description\" content=\"VTT XCO LEOGANG - Encore un nouveau vainqueur cette ann\u00e9e en Coupe du monde. Le Suisse Lars Forster l&#039;emporte \u00e0 Leogang.\" \/>\n<meta name=\"robots\" content=\"index, follow, max-snippet:-1, max-image-preview:large, max-video-preview:-1\" \/>\n<link rel=\"canonical\" href=\"https:\/\/dicodusport.fr\/blog\/vtt-xco-leogang-lars-forster-simpose-en-autriche-devant-luca-schwarzbauer\/\" \/>\n<meta property=\"og:locale\" content=\"fr_FR\" \/>\n<meta property=\"og:type\" content=\"article\" \/>\n<meta property=\"og:title\" content=\"VTT XCO Leogang : Lars Forster s&#039;impose en Autriche devant Luca Schwarzbauer\" \/>\n<meta property=\"og:description\" content=\"VTT XCO LEOGANG - Encore un nouveau vainqueur cette ann\u00e9e en Coupe du monde. Le Suisse Lars Forster l&#039;emporte \u00e0 Leogang.\" \/>\n<meta property=\"og:url\" content=\"https:\/\/dicodusport.fr\/blog\/vtt-xco-leogang-lars-forster-simpose-en-autriche-devant-luca-schwarzbauer\/\" \/>\n<meta property=\"og:site_name\" content=\"Dicodusport\" \/>\n<meta property=\"article:publisher\" content=\"https:\/\/www.facebook.com\/dicodusport\" \/>\n<meta property=\"article:published_time\" content=\"2023-06-18T14:57:17+00:00\" \/>\n<meta property=\"article:modified_time\" content=\"2023-06-18T15:51:22+00:00\" \/>\n<meta property=\"og:image\" content=\"https:\/\/dicodusport.fr\/blog\/wp-content\/uploads\/2023\/06\/VTT-XCO-Leogang-Lars-Forster-simpose-en-Autriche-devant-Luca-Schwarzbauer-1.png\" \/>\n\t<meta property=\"og:image:width\" content=\"800\" \/>\n\t<meta property=\"og:image:height\" content=\"445\" \/>\n\t<meta property=\"og:image:type\" content=\"image\/png\" \/>\n<meta name=\"author\" content=\"Pierre Gorce\" \/>\n<meta name=\"twitter:card\" content=\"summary_large_image\" \/>\n<meta name=\"twitter:title\" content=\"VTT XCO Leogang : Lars Forster s&#039;impose en Autriche devant Luca Schwarzbauer\" \/>\n<meta name=\"twitter:creator\" content=\"@https:\/\/twitter.com\/pierregorce12\" \/>\n<meta name=\"twitter:site\" content=\"@dicodusport\" \/>\n<script type=\"application\/ld+json\" class=\"yoast-schema-graph\">{\"@context\":\"https:\/\/schema.org\",\"@graph\":[{\"@type\":\"NewsArticle\",\"@id\":\"https:\/\/dicodusport.fr\/blog\/vtt-xco-leogang-lars-forster-simpose-en-autriche-devant-luca-schwarzbauer\/#article\",\"isPartOf\":{\"@id\":\"https:\/\/dicodusport.fr\/blog\/vtt-xco-leogang-lars-forster-simpose-en-autriche-devant-luca-schwarzbauer\/\"},\"author\":{\"name\":\"Pierre Gorce\",\"@id\":\"https:\/\/dicodusport.fr\/blog\/#\/schema\/person\/0eaf70b33d703a1a66b1155ac1bda018\"},\"headline\":\"VTT XCO Leogang : Lars Forster s&rsquo;impose en Autriche devant Luca Schwarzbauer\",\"datePublished\":\"2023-06-18T14:57:17+00:00\",\"dateModified\":\"2023-06-18T15:51:22+00:00\",\"mainEntityOfPage\":{\"@id\":\"https:\/\/dicodusport.fr\/blog\/vtt-xco-leogang-lars-forster-simpose-en-autriche-devant-luca-schwarzbauer\/\"},\"wordCount\":508,\"commentCount\":0,\"publisher\":{\"@id\":\"https:\/\/dicodusport.fr\/blog\/#organization\"},\"image\":{\"@id\":\"https:\/\/dicodusport.fr\/blog\/vtt-xco-leogang-lars-forster-simpose-en-autriche-devant-luca-schwarzbauer\/#primaryimage\"},\"thumbnailUrl\":\"https:\/\/dicodusport.fr\/blog\/wp-content\/uploads\/2023\/06\/VTT-XCO-Leogang-Lars-Forster-simpose-en-Autriche-devant-Luca-Schwarzbauer-1.png\",\"keywords\":[\"br\u00e8ve\",\"VTT XCO Leogang\"],\"articleSection\":[\"VTT\"],\"inLanguage\":\"fr-FR\",\"potentialAction\":[{\"@type\":\"CommentAction\",\"name\":\"Comment\",\"target\":[\"https:\/\/dicodusport.fr\/blog\/vtt-xco-leogang-lars-forster-simpose-en-autriche-devant-luca-schwarzbauer\/#respond\"]}],\"copyrightYear\":\"2023\",\"copyrightHolder\":{\"@id\":\"https:\/\/dicodusport.fr\/blog\/#organization\"}},{\"@type\":\"WebPage\",\"@id\":\"https:\/\/dicodusport.fr\/blog\/vtt-xco-leogang-lars-forster-simpose-en-autriche-devant-luca-schwarzbauer\/\",\"url\":\"https:\/\/dicodusport.fr\/blog\/vtt-xco-leogang-lars-forster-simpose-en-autriche-devant-luca-schwarzbauer\/\",\"name\":\"VTT XCO Leogang : Lars Forster s'impose en Autriche devant Luca Schwarzbauer\",\"isPartOf\":{\"@id\":\"https:\/\/dicodusport.fr\/blog\/#website\"},\"primaryImageOfPage\":{\"@id\":\"https:\/\/dicodusport.fr\/blog\/vtt-xco-leogang-lars-forster-simpose-en-autriche-devant-luca-schwarzbauer\/#primaryimage\"},\"image\":{\"@id\":\"https:\/\/dicodusport.fr\/blog\/vtt-xco-leogang-lars-forster-simpose-en-autriche-devant-luca-schwarzbauer\/#primaryimage\"},\"thumbnailUrl\":\"https:\/\/dicodusport.fr\/blog\/wp-content\/uploads\/2023\/06\/VTT-XCO-Leogang-Lars-Forster-simpose-en-Autriche-devant-Luca-Schwarzbauer-1.png\",\"datePublished\":\"2023-06-18T14:57:17+00:00\",\"dateModified\":\"2023-06-18T15:51:22+00:00\",\"description\":\"VTT XCO LEOGANG - Encore un nouveau vainqueur cette ann\u00e9e en Coupe du monde. Le Suisse Lars Forster l'emporte \u00e0 Leogang.\",\"breadcrumb\":{\"@id\":\"https:\/\/dicodusport.fr\/blog\/vtt-xco-leogang-lars-forster-simpose-en-autriche-devant-luca-schwarzbauer\/#breadcrumb\"},\"inLanguage\":\"fr-FR\",\"potentialAction\":[{\"@type\":\"ReadAction\",\"target\":[\"https:\/\/dicodusport.fr\/blog\/vtt-xco-leogang-lars-forster-simpose-en-autriche-devant-luca-schwarzbauer\/\"]}]},{\"@type\":\"ImageObject\",\"inLanguage\":\"fr-FR\",\"@id\":\"https:\/\/dicodusport.fr\/blog\/vtt-xco-leogang-lars-forster-simpose-en-autriche-devant-luca-schwarzbauer\/#primaryimage\",\"url\":\"https:\/\/dicodusport.fr\/blog\/wp-content\/uploads\/2023\/06\/VTT-XCO-Leogang-Lars-Forster-simpose-en-Autriche-devant-Luca-Schwarzbauer-1.png\",\"contentUrl\":\"https:\/\/dicodusport.fr\/blog\/wp-content\/uploads\/2023\/06\/VTT-XCO-Leogang-Lars-Forster-simpose-en-Autriche-devant-Luca-Schwarzbauer-1.png\",\"width\":800,\"height\":445,\"caption\":\"VTT XCO Leogang Lars Forster s'impose en Autriche devant Luca Schwarzbauer (1)\"},{\"@type\":\"BreadcrumbList\",\"@id\":\"https:\/\/dicodusport.fr\/blog\/vtt-xco-leogang-lars-forster-simpose-en-autriche-devant-luca-schwarzbauer\/#breadcrumb\",\"itemListElement\":[{\"@type\":\"ListItem\",\"position\":1,\"name\":\"Accueil\",\"item\":\"https:\/\/dicodusport.fr\/blog\/\"},{\"@type\":\"ListItem\",\"position\":2,\"name\":\"VTT XCO Leogang : Lars Forster s&rsquo;impose en Autriche devant Luca Schwarzbauer\"}]},{\"@type\":\"WebSite\",\"@id\":\"https:\/\/dicodusport.fr\/blog\/#website\",\"url\":\"https:\/\/dicodusport.fr\/blog\/\",\"name\":\"Dicodusport\",\"description\":\"L&#039;encyclop\u00e9die de l&#039;actualit\u00e9 sportive\",\"publisher\":{\"@id\":\"https:\/\/dicodusport.fr\/blog\/#organization\"},\"potentialAction\":[{\"@type\":\"SearchAction\",\"target\":{\"@type\":\"EntryPoint\",\"urlTemplate\":\"https:\/\/dicodusport.fr\/blog\/?s={search_term_string}\"},\"query-input\":{\"@type\":\"PropertyValueSpecification\",\"valueRequired\":true,\"valueName\":\"search_term_string\"}}],\"inLanguage\":\"fr-FR\"},{\"@type\":\"NewsMediaOrganization\",\"@id\":\"https:\/\/dicodusport.fr\/blog\/#organization\",\"name\":\"Dicodusport\",\"url\":\"https:\/\/dicodusport.fr\/blog\/\",\"logo\":{\"@type\":\"ImageObject\",\"inLanguage\":\"fr-FR\",\"@id\":\"https:\/\/dicodusport.fr\/blog\/#\/schema\/logo\/image\/\",\"url\":\"https:\/\/dicodusport.fr\/blog\/wp-content\/uploads\/2020\/06\/cropped-LOGO-DICODUSPORT-2020-SANS-FOND-SANS-TEXTE.png\",\"contentUrl\":\"https:\/\/dicodusport.fr\/blog\/wp-content\/uploads\/2020\/06\/cropped-LOGO-DICODUSPORT-2020-SANS-FOND-SANS-TEXTE.png\",\"width\":512,\"height\":512,\"caption\":\"Dicodusport\"},\"image\":{\"@id\":\"https:\/\/dicodusport.fr\/blog\/#\/schema\/logo\/image\/\"},\"sameAs\":[\"https:\/\/www.facebook.com\/dicodusport\",\"https:\/\/x.com\/dicodusport\",\"https:\/\/www.instagram.com\/dicodusport\/\",\"https:\/\/www.youtube.com\/channel\/UC7V2KZ5sd3htJivAbA4ZG3w\"],\"description\":\"Dicodusport est l'encyclop\u00e9die de l'actualit\u00e9 sportive.\",\"email\":\"bonjour@dicodusport.fr\",\"legalName\":\"DICODUSPORT\",\"foundingDate\":\"2018-01-14\",\"vatID\":\"FR71834470973\",\"taxID\":\"83447097300043\",\"numberOfEmployees\":{\"@type\":\"QuantitativeValue\",\"minValue\":\"1\",\"maxValue\":\"10\"}},{\"@type\":\"Person\",\"@id\":\"https:\/\/dicodusport.fr\/blog\/#\/schema\/person\/0eaf70b33d703a1a66b1155ac1bda018\",\"name\":\"Pierre Gorce\",\"image\":{\"@type\":\"ImageObject\",\"inLanguage\":\"fr-FR\",\"@id\":\"https:\/\/dicodusport.fr\/blog\/#\/schema\/person\/image\/\",\"url\":\"https:\/\/dicodusport.fr\/blog\/wp-content\/uploads\/2022\/03\/IMG_20211214_233053_722-150x150.jpg\",\"contentUrl\":\"https:\/\/dicodusport.fr\/blog\/wp-content\/uploads\/2022\/03\/IMG_20211214_233053_722-150x150.jpg\",\"caption\":\"Pierre Gorce\"},\"description\":\"Couteau suisse venant tout droit de Haute-Savoie. Habitu\u00e9 \u00e0 regarder du sport depuis petit, j'en ai maintenant fait mon m\u00e9tier. Des sports d'hiver au surf, en passant par le tennis, la F1, le handball et l'athl\u00e9tisme, j'essaie d'avoir mes yeux sur l'enti\u00e8ret\u00e9 de l'actualit\u00e9. Jeune homme berc\u00e9 par les exploits de Jean-Baptiste Grange, Sebastian Vettel et des Experts. Membre de la g\u00e9n\u00e9ration 1999 comme Luka Doncic, Sydney McLaughlin, Lando Norris et Loana Lecomte, mais avec beaucoup moins de talent qu'eux.\",\"sameAs\":[\"https:\/\/x.com\/https:\/\/twitter.com\/pierregorce12\"],\"birthDate\":\"1999-08-29\",\"url\":\"https:\/\/dicodusport.fr\/blog\/author\/pierreg\/\"}]}<\/script>\n<!-- \/ Yoast SEO Premium plugin. -->","yoast_head_json":{"title":"VTT XCO Leogang : Lars Forster s'impose en Autriche devant Luca Schwarzbauer","description":"VTT XCO LEOGANG - Encore un nouveau vainqueur cette ann\u00e9e en Coupe du monde. Le Suisse Lars Forster l'emporte \u00e0 Leogang.","robots":{"index":"index","follow":"follow","max-snippet":"max-snippet:-1","max-image-preview":"max-image-preview:large","max-video-preview":"max-video-preview:-1"},"canonical":"https:\/\/dicodusport.fr\/blog\/vtt-xco-leogang-lars-forster-simpose-en-autriche-devant-luca-schwarzbauer\/","og_locale":"fr_FR","og_type":"article","og_title":"VTT XCO Leogang : Lars Forster s'impose en Autriche devant Luca Schwarzbauer","og_description":"VTT XCO LEOGANG - Encore un nouveau vainqueur cette ann\u00e9e en Coupe du monde. Le Suisse Lars Forster l'emporte \u00e0 Leogang.","og_url":"https:\/\/dicodusport.fr\/blog\/vtt-xco-leogang-lars-forster-simpose-en-autriche-devant-luca-schwarzbauer\/","og_site_name":"Dicodusport","article_publisher":"https:\/\/www.facebook.com\/dicodusport","article_published_time":"2023-06-18T14:57:17+00:00","article_modified_time":"2023-06-18T15:51:22+00:00","og_image":[{"width":800,"height":445,"url":"https:\/\/dicodusport.fr\/blog\/wp-content\/uploads\/2023\/06\/VTT-XCO-Leogang-Lars-Forster-simpose-en-Autriche-devant-Luca-Schwarzbauer-1.png","type":"image\/png"}],"author":"Pierre Gorce","twitter_card":"summary_large_image","twitter_title":"VTT XCO Leogang : Lars Forster s'impose en Autriche devant Luca Schwarzbauer","twitter_creator":"@https:\/\/twitter.com\/pierregorce12","twitter_site":"@dicodusport","schema":{"@context":"https:\/\/schema.org","@graph":[{"@type":"NewsArticle","@id":"https:\/\/dicodusport.fr\/blog\/vtt-xco-leogang-lars-forster-simpose-en-autriche-devant-luca-schwarzbauer\/#article","isPartOf":{"@id":"https:\/\/dicodusport.fr\/blog\/vtt-xco-leogang-lars-forster-simpose-en-autriche-devant-luca-schwarzbauer\/"},"author":{"name":"Pierre Gorce","@id":"https:\/\/dicodusport.fr\/blog\/#\/schema\/person\/0eaf70b33d703a1a66b1155ac1bda018"},"headline":"VTT XCO Leogang : Lars Forster s&rsquo;impose en Autriche devant Luca Schwarzbauer","datePublished":"2023-06-18T14:57:17+00:00","dateModified":"2023-06-18T15:51:22+00:00","mainEntityOfPage":{"@id":"https:\/\/dicodusport.fr\/blog\/vtt-xco-leogang-lars-forster-simpose-en-autriche-devant-luca-schwarzbauer\/"},"wordCount":508,"commentCount":0,"publisher":{"@id":"https:\/\/dicodusport.fr\/blog\/#organization"},"image":{"@id":"https:\/\/dicodusport.fr\/blog\/vtt-xco-leogang-lars-forster-simpose-en-autriche-devant-luca-schwarzbauer\/#primaryimage"},"thumbnailUrl":"https:\/\/dicodusport.fr\/blog\/wp-content\/uploads\/2023\/06\/VTT-XCO-Leogang-Lars-Forster-simpose-en-Autriche-devant-Luca-Schwarzbauer-1.png","keywords":["br\u00e8ve","VTT XCO Leogang"],"articleSection":["VTT"],"inLanguage":"fr-FR","potentialAction":[{"@type":"CommentAction","name":"Comment","target":["https:\/\/dicodusport.fr\/blog\/vtt-xco-leogang-lars-forster-simpose-en-autriche-devant-luca-schwarzbauer\/#respond"]}],"copyrightYear":"2023","copyrightHolder":{"@id":"https:\/\/dicodusport.fr\/blog\/#organization"}},{"@type":"WebPage","@id":"https:\/\/dicodusport.fr\/blog\/vtt-xco-leogang-lars-forster-simpose-en-autriche-devant-luca-schwarzbauer\/","url":"https:\/\/dicodusport.fr\/blog\/vtt-xco-leogang-lars-forster-simpose-en-autriche-devant-luca-schwarzbauer\/","name":"VTT XCO Leogang : Lars Forster s'impose en Autriche devant Luca Schwarzbauer","isPartOf":{"@id":"https:\/\/dicodusport.fr\/blog\/#website"},"primaryImageOfPage":{"@id":"https:\/\/dicodusport.fr\/blog\/vtt-xco-leogang-lars-forster-simpose-en-autriche-devant-luca-schwarzbauer\/#primaryimage"},"image":{"@id":"https:\/\/dicodusport.fr\/blog\/vtt-xco-leogang-lars-forster-simpose-en-autriche-devant-luca-schwarzbauer\/#primaryimage"},"thumbnailUrl":"https:\/\/dicodusport.fr\/blog\/wp-content\/uploads\/2023\/06\/VTT-XCO-Leogang-Lars-Forster-simpose-en-Autriche-devant-Luca-Schwarzbauer-1.png","datePublished":"2023-06-18T14:57:17+00:00","dateModified":"2023-06-18T15:51:22+00:00","description":"VTT XCO LEOGANG - Encore un nouveau vainqueur cette ann\u00e9e en Coupe du monde. Le Suisse Lars Forster l'emporte \u00e0 Leogang.","breadcrumb":{"@id":"https:\/\/dicodusport.fr\/blog\/vtt-xco-leogang-lars-forster-simpose-en-autriche-devant-luca-schwarzbauer\/#breadcrumb"},"inLanguage":"fr-FR","potentialAction":[{"@type":"ReadAction","target":["https:\/\/dicodusport.fr\/blog\/vtt-xco-leogang-lars-forster-simpose-en-autriche-devant-luca-schwarzbauer\/"]}]},{"@type":"ImageObject","inLanguage":"fr-FR","@id":"https:\/\/dicodusport.fr\/blog\/vtt-xco-leogang-lars-forster-simpose-en-autriche-devant-luca-schwarzbauer\/#primaryimage","url":"https:\/\/dicodusport.fr\/blog\/wp-content\/uploads\/2023\/06\/VTT-XCO-Leogang-Lars-Forster-simpose-en-Autriche-devant-Luca-Schwarzbauer-1.png","contentUrl":"https:\/\/dicodusport.fr\/blog\/wp-content\/uploads\/2023\/06\/VTT-XCO-Leogang-Lars-Forster-simpose-en-Autriche-devant-Luca-Schwarzbauer-1.png","width":800,"height":445,"caption":"VTT XCO Leogang Lars Forster s'impose en Autriche devant Luca Schwarzbauer (1)"},{"@type":"BreadcrumbList","@id":"https:\/\/dicodusport.fr\/blog\/vtt-xco-leogang-lars-forster-simpose-en-autriche-devant-luca-schwarzbauer\/#breadcrumb","itemListElement":[{"@type":"ListItem","position":1,"name":"Accueil","item":"https:\/\/dicodusport.fr\/blog\/"},{"@type":"ListItem","position":2,"name":"VTT XCO Leogang : Lars Forster s&rsquo;impose en Autriche devant Luca Schwarzbauer"}]},{"@type":"WebSite","@id":"https:\/\/dicodusport.fr\/blog\/#website","url":"https:\/\/dicodusport.fr\/blog\/","name":"Dicodusport","description":"L&#039;encyclop\u00e9die de l&#039;actualit\u00e9 sportive","publisher":{"@id":"https:\/\/dicodusport.fr\/blog\/#organization"},"potentialAction":[{"@type":"SearchAction","target":{"@type":"EntryPoint","urlTemplate":"https:\/\/dicodusport.fr\/blog\/?s={search_term_string}"},"query-input":{"@type":"PropertyValueSpecification","valueRequired":true,"valueName":"search_term_string"}}],"inLanguage":"fr-FR"},{"@type":"NewsMediaOrganization","@id":"https:\/\/dicodusport.fr\/blog\/#organization","name":"Dicodusport","url":"https:\/\/dicodusport.fr\/blog\/","logo":{"@type":"ImageObject","inLanguage":"fr-FR","@id":"https:\/\/dicodusport.fr\/blog\/#\/schema\/logo\/image\/","url":"https:\/\/dicodusport.fr\/blog\/wp-content\/uploads\/2020\/06\/cropped-LOGO-DICODUSPORT-2020-SANS-FOND-SANS-TEXTE.png","contentUrl":"https:\/\/dicodusport.fr\/blog\/wp-content\/uploads\/2020\/06\/cropped-LOGO-DICODUSPORT-2020-SANS-FOND-SANS-TEXTE.png","width":512,"height":512,"caption":"Dicodusport"},"image":{"@id":"https:\/\/dicodusport.fr\/blog\/#\/schema\/logo\/image\/"},"sameAs":["https:\/\/www.facebook.com\/dicodusport","https:\/\/x.com\/dicodusport","https:\/\/www.instagram.com\/dicodusport\/","https:\/\/www.youtube.com\/channel\/UC7V2KZ5sd3htJivAbA4ZG3w"],"description":"Dicodusport est l'encyclop\u00e9die de l'actualit\u00e9 sportive.","email":"bonjour@dicodusport.fr","legalName":"DICODUSPORT","foundingDate":"2018-01-14","vatID":"FR71834470973","taxID":"83447097300043","numberOfEmployees":{"@type":"QuantitativeValue","minValue":"1","maxValue":"10"}},{"@type":"Person","@id":"https:\/\/dicodusport.fr\/blog\/#\/schema\/person\/0eaf70b33d703a1a66b1155ac1bda018","name":"Pierre Gorce","image":{"@type":"ImageObject","inLanguage":"fr-FR","@id":"https:\/\/dicodusport.fr\/blog\/#\/schema\/person\/image\/","url":"https:\/\/dicodusport.fr\/blog\/wp-content\/uploads\/2022\/03\/IMG_20211214_233053_722-150x150.jpg","contentUrl":"https:\/\/dicodusport.fr\/blog\/wp-content\/uploads\/2022\/03\/IMG_20211214_233053_722-150x150.jpg","caption":"Pierre Gorce"},"description":"Couteau suisse venant tout droit de Haute-Savoie. Habitu\u00e9 \u00e0 regarder du sport depuis petit, j'en ai maintenant fait mon m\u00e9tier. Des sports d'hiver au surf, en passant par le tennis, la F1, le handball et l'athl\u00e9tisme, j'essaie d'avoir mes yeux sur l'enti\u00e8ret\u00e9 de l'actualit\u00e9. Jeune homme berc\u00e9 par les exploits de Jean-Baptiste Grange, Sebastian Vettel et des Experts. Membre de la g\u00e9n\u00e9ration 1999 comme Luka Doncic, Sydney McLaughlin, Lando Norris et Loana Lecomte, mais avec beaucoup moins de talent qu'eux.","sameAs":["https:\/\/x.com\/https:\/\/twitter.com\/pierregorce12"],"birthDate":"1999-08-29","url":"https:\/\/dicodusport.fr\/blog\/author\/pierreg\/"}]}},"_links":{"self":[{"href":"https:\/\/dicodusport.fr\/blog\/wp-json\/wp\/v2\/posts\/392499","targetHints":{"allow":["GET"]}}],"collection":[{"href":"https:\/\/dicodusport.fr\/blog\/wp-json\/wp\/v2\/posts"}],"about":[{"href":"https:\/\/dicodusport.fr\/blog\/wp-json\/wp\/v2\/types\/post"}],"author":[{"embeddable":true,"href":"https:\/\/dicodusport.fr\/blog\/wp-json\/wp\/v2\/users\/61"}],"replies":[{"embeddable":true,"href":"https:\/\/dicodusport.fr\/blog\/wp-json\/wp\/v2\/comments?post=392499"}],"version-history":[{"count":0,"href":"https:\/\/dicodusport.fr\/blog\/wp-json\/wp\/v2\/posts\/392499\/revisions"}],"wp:featuredmedia":[{"embeddable":true,"href":"https:\/\/dicodusport.fr\/blog\/wp-json\/wp\/v2\/media\/392633"}],"wp:attachment":[{"href":"https:\/\/dicodusport.fr\/blog\/wp-json\/wp\/v2\/media?parent=392499"}],"wp:term":[{"taxonomy":"category","embeddable":true,"href":"https:\/\/dicodusport.fr\/blog\/wp-json\/wp\/v2\/categories?post=392499"},{"taxonomy":"post_tag","embeddable":true,"href":"https:\/\/dicodusport.fr\/blog\/wp-json\/wp\/v2\/tags?post=392499"}],"curies":[{"name":"wp","href":"https:\/\/api.w.org\/{rel}","templated":true}]}}