{"id":392620,"date":"2023-06-19T08:49:24","date_gmt":"2023-06-19T06:49:24","guid":{"rendered":"https:\/\/dicodusport.fr\/blog\/?p=392620&#038;preview=true&#038;preview_id=392620"},"modified":"2023-06-19T09:05:08","modified_gmt":"2023-06-19T07:05:08","slug":"equipe-de-france-la-composition-probable-des-bleus-face-a-la-grece","status":"publish","type":"post","link":"https:\/\/dicodusport.fr\/blog\/equipe-de-france-la-composition-probable-des-bleus-face-a-la-grece\/","title":{"rendered":"\u00c9quipe de France : La composition probable des Bleus face \u00e0 la Gr\u00e8ce"},"content":{"rendered":"<p style=\"text-align: justify;\" align=\"justify\"><em><b><a href=\"https:\/\/dicodusport.fr\/blog\/football-qualifications-euro-2024-calendrier-et-resultats\/\" target=\"_blank\" rel=\"noopener\">QUALIFICATIONS EURO 2024<\/a> &#8211; Selon L&rsquo;\u00c9quipe, Didier Deschamps devrait aligner un 4-3-3 pour le match des Bleus face \u00e0 la Gr\u00e8ce lundi soir.\u00a0<\/b><\/em><\/p>\n<p style=\"text-align: justify;\" align=\"justify\">Selon nos confr\u00e8res, le s\u00e9lectionneur des <strong>Bleus<\/strong> devrait faire quatre changements dans son onze de d\u00e9part pour affronter la <strong>Gr\u00e8ce<\/strong>. <strong>Mike<\/strong> <strong>Maignan<\/strong>, l\u00e9g\u00e8rement touch\u00e9 au mollet et forfait face \u00e0 <strong>Gibraltar<\/strong>, devrait bien \u00eatre titulaire dans les buts. <strong>Brice<\/strong> <strong>Samba<\/strong>, qui a fait ses d\u00e9buts avec l&rsquo;\u00e9quipe de France vendredi soir, va donc retrouver sa place sur le banc de touche.<\/p>\n<p style=\"text-align: justify;\" align=\"justify\">En d\u00e9fense, <strong>Jules<\/strong> <strong>Kound\u00e9<\/strong> devrait \u00eatre pr\u00e9f\u00e9r\u00e9 \u00e0 <strong>Benjamin<\/strong> <strong>Pavard<\/strong> dans le couloir droit, alors que le reste de la d\u00e9fense devrait \u00eatre reconduite. <strong>Th\u00e9o<\/strong> <strong>Hernandez<\/strong>, <strong>Ibrahima<\/strong> <strong>Konat\u00e9<\/strong> et <strong>Dayot<\/strong> <strong>Upamecano<\/strong> vont encha\u00eener un deuxi\u00e8me match en trois jours. Au milieu de terrain, aucun changement, puisque <strong>Antoine Griezmann<\/strong> sera de nouveau accompagn\u00e9 d&rsquo;<strong>Aur\u00e9lien Tchouam\u00e9ni<\/strong> et <strong>Eduardo<\/strong> <strong>Camavinga<\/strong>.<\/p>\n<p style=\"text-align: justify;\" align=\"justify\">En attaque, <strong>Didier<\/strong> <strong>Deschamps<\/strong> pourrait faire deux changements. Si <strong>Kylian<\/strong> <strong>Mbapp\u00e9<\/strong> sera bien titulaire, <strong>Ousmane<\/strong> <strong>Demb\u00e9l\u00e9<\/strong> pourrait retrouver son poste dans le couloir droit \u00e0 la place de <strong>Kingsley<\/strong> <strong>Coman<\/strong>. Petite incertitude pour le poste d&rsquo;avant-centre, mais <strong>Randal<\/strong> <strong>Kolo<\/strong> <strong>Muani<\/strong> part avec une longueur d&rsquo;avance sur <strong>Olivier<\/strong> <strong>Giroud<\/strong>.<\/p>\n<h2 style=\"text-align: justify;\" align=\"justify\">La composition probable des Bleus pour affronter la Gr\u00e8ce<\/h2>\n<p style=\"text-align: justify;\">Maignan &#8211; Kound\u00e9, Konat\u00e9, Upamecano, T. Hernandez &#8211; Tchouam\u00e9ni, Griezmann, Camavinga &#8211; Demb\u00e9l\u00e9, Kolo Muani, Mbapp\u00e9 (cap.).<\/p>\n<h2 style=\"text-align: justify;\">\u00c0 lire aussi<\/h2>\n<ul>\n<li style=\"text-align: justify;\"><a href=\"https:\/\/dicodusport.fr\/blog\/france-grece-a-quelle-heure-et-sur-quelle-chaine-tv\/\" target=\"_blank\" rel=\"noopener\"><strong>France &#8211; Gr\u00e8ce : \u00c0 quelle heure et sur quelle cha\u00eene TV<\/strong><\/a><\/li>\n<li style=\"text-align: justify;\"><a href=\"https:\/\/dicodusport.fr\/blog\/pronostic-france-grece-qualifications-euro-2024\/\" target=\"_blank\" rel=\"noopener\"><strong>Pronostic France \u2013 Gr\u00e8ce, Qualifications Euro 2024<\/strong><\/a><\/li>\n<\/ul>\n","protected":false},"excerpt":{"rendered":"<p>QUALIFICATIONS EURO 2024 &#8211; Selon L&rsquo;\u00c9quipe, Didier Deschamps devrait aligner un 4-3-3 pour le match des Bleus face \u00e0 la Gr\u00e8ce lundi soir.\u00a0<\/p>\n","protected":false},"author":1,"featured_media":392622,"comment_status":"open","ping_status":"closed","sticky":false,"template":"","format":"standard","meta":{"_acf_changed":false,"_daextam_enable_autolinks":"","footnotes":""},"categories":[47044,2301],"tags":[16878,7276,6966,75,30,1783],"class_list":["post-392620","post","type-post","status-publish","format-standard","has-post-thumbnail","hentry","category-euro-de-football","category-football","tag-breve","tag-composition-france","tag-equipe-de-france-de-football","tag-football","tag-france","tag-grece"],"acf":[],"yoast_head":"<!-- This site is optimized with the Yoast SEO Premium plugin v26.7 (Yoast SEO v26.7) - https:\/\/yoast.com\/wordpress\/plugins\/seo\/ -->\n<title>\u00c9quipe de France : La composition probable des Bleus face \u00e0 la Gr\u00e8ce<\/title>\n<meta name=\"description\" content=\"QUALIFICATIONS EURO 2024 - Selon L&#039;\u00c9quipe, Didier Deschamps devrait aligner un 4-3-3 pour le match des Bleus face \u00e0 la Gr\u00e8ce lundi soir.\u00a0\" \/>\n<meta name=\"robots\" content=\"index, follow, max-snippet:-1, max-image-preview:large, max-video-preview:-1\" \/>\n<link rel=\"canonical\" href=\"https:\/\/dicodusport.fr\/blog\/equipe-de-france-la-composition-probable-des-bleus-face-a-la-grece\/\" \/>\n<meta property=\"og:locale\" content=\"fr_FR\" \/>\n<meta property=\"og:type\" content=\"article\" \/>\n<meta property=\"og:title\" content=\"\u00c9quipe de France : La composition probable des Bleus face \u00e0 la Gr\u00e8ce\" \/>\n<meta property=\"og:description\" content=\"QUALIFICATIONS EURO 2024 - Selon L&#039;\u00c9quipe, Didier Deschamps devrait aligner un 4-3-3 pour le match des Bleus face \u00e0 la Gr\u00e8ce lundi soir.\u00a0\" \/>\n<meta property=\"og:url\" content=\"https:\/\/dicodusport.fr\/blog\/equipe-de-france-la-composition-probable-des-bleus-face-a-la-grece\/\" \/>\n<meta property=\"og:site_name\" content=\"Dicodusport\" \/>\n<meta property=\"article:publisher\" content=\"https:\/\/www.facebook.com\/dicodusport\" \/>\n<meta property=\"article:author\" content=\"https:\/\/www.facebook.com\/dicodusport\" \/>\n<meta property=\"article:published_time\" content=\"2023-06-19T06:49:24+00:00\" \/>\n<meta property=\"article:modified_time\" content=\"2023-06-19T07:05:08+00:00\" \/>\n<meta property=\"og:image\" content=\"https:\/\/dicodusport.fr\/blog\/wp-content\/uploads\/2023\/06\/Equipe-de-France-La-composition-probable-des-Bleus-face-a-la-Grece-Mbappe.png\" \/>\n\t<meta property=\"og:image:width\" content=\"800\" \/>\n\t<meta property=\"og:image:height\" content=\"445\" \/>\n\t<meta property=\"og:image:type\" content=\"image\/png\" \/>\n<meta name=\"author\" content=\"Nicolas Jacquemard\" \/>\n<meta name=\"twitter:card\" content=\"summary_large_image\" \/>\n<meta name=\"twitter:title\" content=\"\u00c9quipe de France : La composition probable des Bleus face \u00e0 la Gr\u00e8ce\" \/>\n<meta name=\"twitter:creator\" content=\"@https:\/\/twitter.com\/Nico_Jacquemard\" \/>\n<meta name=\"twitter:site\" content=\"@dicodusport\" \/>\n<script type=\"application\/ld+json\" class=\"yoast-schema-graph\">{\"@context\":\"https:\/\/schema.org\",\"@graph\":[{\"@type\":\"NewsArticle\",\"@id\":\"https:\/\/dicodusport.fr\/blog\/equipe-de-france-la-composition-probable-des-bleus-face-a-la-grece\/#article\",\"isPartOf\":{\"@id\":\"https:\/\/dicodusport.fr\/blog\/equipe-de-france-la-composition-probable-des-bleus-face-a-la-grece\/\"},\"author\":{\"name\":\"Nicolas Jacquemard\",\"@id\":\"https:\/\/dicodusport.fr\/blog\/#\/schema\/person\/55dcb50ad410894e431ed812bbb70191\"},\"headline\":\"\u00c9quipe de France : La composition probable des Bleus face \u00e0 la Gr\u00e8ce\",\"datePublished\":\"2023-06-19T06:49:24+00:00\",\"dateModified\":\"2023-06-19T07:05:08+00:00\",\"mainEntityOfPage\":{\"@id\":\"https:\/\/dicodusport.fr\/blog\/equipe-de-france-la-composition-probable-des-bleus-face-a-la-grece\/\"},\"wordCount\":269,\"commentCount\":0,\"publisher\":{\"@id\":\"https:\/\/dicodusport.fr\/blog\/#organization\"},\"image\":{\"@id\":\"https:\/\/dicodusport.fr\/blog\/equipe-de-france-la-composition-probable-des-bleus-face-a-la-grece\/#primaryimage\"},\"thumbnailUrl\":\"https:\/\/dicodusport.fr\/blog\/wp-content\/uploads\/2023\/06\/Equipe-de-France-La-composition-probable-des-Bleus-face-a-la-Grece-Mbappe.png\",\"keywords\":[\"br\u00e8ve\",\"Composition France\",\"Equipe de France de football\",\"Football\",\"France\",\"grece\"],\"articleSection\":[\"Euro de football\",\"Football\"],\"inLanguage\":\"fr-FR\",\"potentialAction\":[{\"@type\":\"CommentAction\",\"name\":\"Comment\",\"target\":[\"https:\/\/dicodusport.fr\/blog\/equipe-de-france-la-composition-probable-des-bleus-face-a-la-grece\/#respond\"]}],\"copyrightYear\":\"2023\",\"copyrightHolder\":{\"@id\":\"https:\/\/dicodusport.fr\/blog\/#organization\"}},{\"@type\":\"WebPage\",\"@id\":\"https:\/\/dicodusport.fr\/blog\/equipe-de-france-la-composition-probable-des-bleus-face-a-la-grece\/\",\"url\":\"https:\/\/dicodusport.fr\/blog\/equipe-de-france-la-composition-probable-des-bleus-face-a-la-grece\/\",\"name\":\"\u00c9quipe de France : La composition probable des Bleus face \u00e0 la Gr\u00e8ce\",\"isPartOf\":{\"@id\":\"https:\/\/dicodusport.fr\/blog\/#website\"},\"primaryImageOfPage\":{\"@id\":\"https:\/\/dicodusport.fr\/blog\/equipe-de-france-la-composition-probable-des-bleus-face-a-la-grece\/#primaryimage\"},\"image\":{\"@id\":\"https:\/\/dicodusport.fr\/blog\/equipe-de-france-la-composition-probable-des-bleus-face-a-la-grece\/#primaryimage\"},\"thumbnailUrl\":\"https:\/\/dicodusport.fr\/blog\/wp-content\/uploads\/2023\/06\/Equipe-de-France-La-composition-probable-des-Bleus-face-a-la-Grece-Mbappe.png\",\"datePublished\":\"2023-06-19T06:49:24+00:00\",\"dateModified\":\"2023-06-19T07:05:08+00:00\",\"description\":\"QUALIFICATIONS EURO 2024 - Selon L'\u00c9quipe, Didier Deschamps devrait aligner un 4-3-3 pour le match des Bleus face \u00e0 la Gr\u00e8ce lundi soir.\u00a0\",\"breadcrumb\":{\"@id\":\"https:\/\/dicodusport.fr\/blog\/equipe-de-france-la-composition-probable-des-bleus-face-a-la-grece\/#breadcrumb\"},\"inLanguage\":\"fr-FR\",\"potentialAction\":[{\"@type\":\"ReadAction\",\"target\":[\"https:\/\/dicodusport.fr\/blog\/equipe-de-france-la-composition-probable-des-bleus-face-a-la-grece\/\"]}]},{\"@type\":\"ImageObject\",\"inLanguage\":\"fr-FR\",\"@id\":\"https:\/\/dicodusport.fr\/blog\/equipe-de-france-la-composition-probable-des-bleus-face-a-la-grece\/#primaryimage\",\"url\":\"https:\/\/dicodusport.fr\/blog\/wp-content\/uploads\/2023\/06\/Equipe-de-France-La-composition-probable-des-Bleus-face-a-la-Grece-Mbappe.png\",\"contentUrl\":\"https:\/\/dicodusport.fr\/blog\/wp-content\/uploads\/2023\/06\/Equipe-de-France-La-composition-probable-des-Bleus-face-a-la-Grece-Mbappe.png\",\"width\":800,\"height\":445},{\"@type\":\"BreadcrumbList\",\"@id\":\"https:\/\/dicodusport.fr\/blog\/equipe-de-france-la-composition-probable-des-bleus-face-a-la-grece\/#breadcrumb\",\"itemListElement\":[{\"@type\":\"ListItem\",\"position\":1,\"name\":\"Accueil\",\"item\":\"https:\/\/dicodusport.fr\/blog\/\"},{\"@type\":\"ListItem\",\"position\":2,\"name\":\"\u00c9quipe de France : La composition probable des Bleus face \u00e0 la Gr\u00e8ce\"}]},{\"@type\":\"WebSite\",\"@id\":\"https:\/\/dicodusport.fr\/blog\/#website\",\"url\":\"https:\/\/dicodusport.fr\/blog\/\",\"name\":\"Dicodusport\",\"description\":\"L&#039;encyclop\u00e9die de l&#039;actualit\u00e9 sportive\",\"publisher\":{\"@id\":\"https:\/\/dicodusport.fr\/blog\/#organization\"},\"potentialAction\":[{\"@type\":\"SearchAction\",\"target\":{\"@type\":\"EntryPoint\",\"urlTemplate\":\"https:\/\/dicodusport.fr\/blog\/?s={search_term_string}\"},\"query-input\":{\"@type\":\"PropertyValueSpecification\",\"valueRequired\":true,\"valueName\":\"search_term_string\"}}],\"inLanguage\":\"fr-FR\"},{\"@type\":\"NewsMediaOrganization\",\"@id\":\"https:\/\/dicodusport.fr\/blog\/#organization\",\"name\":\"Dicodusport\",\"url\":\"https:\/\/dicodusport.fr\/blog\/\",\"logo\":{\"@type\":\"ImageObject\",\"inLanguage\":\"fr-FR\",\"@id\":\"https:\/\/dicodusport.fr\/blog\/#\/schema\/logo\/image\/\",\"url\":\"https:\/\/dicodusport.fr\/blog\/wp-content\/uploads\/2020\/06\/cropped-LOGO-DICODUSPORT-2020-SANS-FOND-SANS-TEXTE.png\",\"contentUrl\":\"https:\/\/dicodusport.fr\/blog\/wp-content\/uploads\/2020\/06\/cropped-LOGO-DICODUSPORT-2020-SANS-FOND-SANS-TEXTE.png\",\"width\":512,\"height\":512,\"caption\":\"Dicodusport\"},\"image\":{\"@id\":\"https:\/\/dicodusport.fr\/blog\/#\/schema\/logo\/image\/\"},\"sameAs\":[\"https:\/\/www.facebook.com\/dicodusport\",\"https:\/\/x.com\/dicodusport\",\"https:\/\/www.instagram.com\/dicodusport\/\",\"https:\/\/www.youtube.com\/channel\/UC7V2KZ5sd3htJivAbA4ZG3w\"],\"description\":\"Dicodusport est l'encyclop\u00e9die de l'actualit\u00e9 sportive.\",\"email\":\"bonjour@dicodusport.fr\",\"legalName\":\"DICODUSPORT\",\"foundingDate\":\"2018-01-14\",\"vatID\":\"FR71834470973\",\"taxID\":\"83447097300043\",\"numberOfEmployees\":{\"@type\":\"QuantitativeValue\",\"minValue\":\"1\",\"maxValue\":\"10\"}},{\"@type\":\"Person\",\"@id\":\"https:\/\/dicodusport.fr\/blog\/#\/schema\/person\/55dcb50ad410894e431ed812bbb70191\",\"name\":\"Nicolas Jacquemard\",\"image\":{\"@type\":\"ImageObject\",\"inLanguage\":\"fr-FR\",\"@id\":\"https:\/\/dicodusport.fr\/blog\/#\/schema\/person\/image\/\",\"url\":\"https:\/\/dicodusport.fr\/blog\/wp-content\/uploads\/2021\/05\/Nicolas-Jacquemard-150x150.jpeg\",\"contentUrl\":\"https:\/\/dicodusport.fr\/blog\/wp-content\/uploads\/2021\/05\/Nicolas-Jacquemard-150x150.jpeg\",\"caption\":\"Nicolas Jacquemard\"},\"description\":\"Passionn\u00e9 de sport et entrepreneur depuis mes 18 ans, la cr\u00e9ation de Dicodusport m'a sembl\u00e9 \u00e9vidente pour participer \u00e0 la m\u00e9diatisation d'un plus grand nombre de sports. Le chemin est long mais avec une \u00e9quipe des plus motiv\u00e9es et les Jeux Olympiques de Paris 2024 en point de mire, nous y arriverons ! Journaliste dans le monde du sport depuis plus de 5 ans, je traite aussi bien de football, de rugby, de biathlon que de cyclisme.\",\"sameAs\":[\"https:\/\/www.facebook.com\/dicodusport\",\"https:\/\/x.com\/https:\/\/twitter.com\/Nico_Jacquemard\"],\"url\":\"https:\/\/dicodusport.fr\/blog\/author\/dicodusport\/\"}]}<\/script>\n<!-- \/ Yoast SEO Premium plugin. -->","yoast_head_json":{"title":"\u00c9quipe de France : La composition probable des Bleus face \u00e0 la Gr\u00e8ce","description":"QUALIFICATIONS EURO 2024 - Selon L'\u00c9quipe, Didier Deschamps devrait aligner un 4-3-3 pour le match des Bleus face \u00e0 la Gr\u00e8ce lundi soir.\u00a0","robots":{"index":"index","follow":"follow","max-snippet":"max-snippet:-1","max-image-preview":"max-image-preview:large","max-video-preview":"max-video-preview:-1"},"canonical":"https:\/\/dicodusport.fr\/blog\/equipe-de-france-la-composition-probable-des-bleus-face-a-la-grece\/","og_locale":"fr_FR","og_type":"article","og_title":"\u00c9quipe de France : La composition probable des Bleus face \u00e0 la Gr\u00e8ce","og_description":"QUALIFICATIONS EURO 2024 - Selon L'\u00c9quipe, Didier Deschamps devrait aligner un 4-3-3 pour le match des Bleus face \u00e0 la Gr\u00e8ce lundi soir.\u00a0","og_url":"https:\/\/dicodusport.fr\/blog\/equipe-de-france-la-composition-probable-des-bleus-face-a-la-grece\/","og_site_name":"Dicodusport","article_publisher":"https:\/\/www.facebook.com\/dicodusport","article_author":"https:\/\/www.facebook.com\/dicodusport","article_published_time":"2023-06-19T06:49:24+00:00","article_modified_time":"2023-06-19T07:05:08+00:00","og_image":[{"width":800,"height":445,"url":"https:\/\/dicodusport.fr\/blog\/wp-content\/uploads\/2023\/06\/Equipe-de-France-La-composition-probable-des-Bleus-face-a-la-Grece-Mbappe.png","type":"image\/png"}],"author":"Nicolas Jacquemard","twitter_card":"summary_large_image","twitter_title":"\u00c9quipe de France : La composition probable des Bleus face \u00e0 la Gr\u00e8ce","twitter_creator":"@https:\/\/twitter.com\/Nico_Jacquemard","twitter_site":"@dicodusport","schema":{"@context":"https:\/\/schema.org","@graph":[{"@type":"NewsArticle","@id":"https:\/\/dicodusport.fr\/blog\/equipe-de-france-la-composition-probable-des-bleus-face-a-la-grece\/#article","isPartOf":{"@id":"https:\/\/dicodusport.fr\/blog\/equipe-de-france-la-composition-probable-des-bleus-face-a-la-grece\/"},"author":{"name":"Nicolas Jacquemard","@id":"https:\/\/dicodusport.fr\/blog\/#\/schema\/person\/55dcb50ad410894e431ed812bbb70191"},"headline":"\u00c9quipe de France : La composition probable des Bleus face \u00e0 la Gr\u00e8ce","datePublished":"2023-06-19T06:49:24+00:00","dateModified":"2023-06-19T07:05:08+00:00","mainEntityOfPage":{"@id":"https:\/\/dicodusport.fr\/blog\/equipe-de-france-la-composition-probable-des-bleus-face-a-la-grece\/"},"wordCount":269,"commentCount":0,"publisher":{"@id":"https:\/\/dicodusport.fr\/blog\/#organization"},"image":{"@id":"https:\/\/dicodusport.fr\/blog\/equipe-de-france-la-composition-probable-des-bleus-face-a-la-grece\/#primaryimage"},"thumbnailUrl":"https:\/\/dicodusport.fr\/blog\/wp-content\/uploads\/2023\/06\/Equipe-de-France-La-composition-probable-des-Bleus-face-a-la-Grece-Mbappe.png","keywords":["br\u00e8ve","Composition France","Equipe de France de football","Football","France","grece"],"articleSection":["Euro de football","Football"],"inLanguage":"fr-FR","potentialAction":[{"@type":"CommentAction","name":"Comment","target":["https:\/\/dicodusport.fr\/blog\/equipe-de-france-la-composition-probable-des-bleus-face-a-la-grece\/#respond"]}],"copyrightYear":"2023","copyrightHolder":{"@id":"https:\/\/dicodusport.fr\/blog\/#organization"}},{"@type":"WebPage","@id":"https:\/\/dicodusport.fr\/blog\/equipe-de-france-la-composition-probable-des-bleus-face-a-la-grece\/","url":"https:\/\/dicodusport.fr\/blog\/equipe-de-france-la-composition-probable-des-bleus-face-a-la-grece\/","name":"\u00c9quipe de France : La composition probable des Bleus face \u00e0 la Gr\u00e8ce","isPartOf":{"@id":"https:\/\/dicodusport.fr\/blog\/#website"},"primaryImageOfPage":{"@id":"https:\/\/dicodusport.fr\/blog\/equipe-de-france-la-composition-probable-des-bleus-face-a-la-grece\/#primaryimage"},"image":{"@id":"https:\/\/dicodusport.fr\/blog\/equipe-de-france-la-composition-probable-des-bleus-face-a-la-grece\/#primaryimage"},"thumbnailUrl":"https:\/\/dicodusport.fr\/blog\/wp-content\/uploads\/2023\/06\/Equipe-de-France-La-composition-probable-des-Bleus-face-a-la-Grece-Mbappe.png","datePublished":"2023-06-19T06:49:24+00:00","dateModified":"2023-06-19T07:05:08+00:00","description":"QUALIFICATIONS EURO 2024 - Selon L'\u00c9quipe, Didier Deschamps devrait aligner un 4-3-3 pour le match des Bleus face \u00e0 la Gr\u00e8ce lundi soir.\u00a0","breadcrumb":{"@id":"https:\/\/dicodusport.fr\/blog\/equipe-de-france-la-composition-probable-des-bleus-face-a-la-grece\/#breadcrumb"},"inLanguage":"fr-FR","potentialAction":[{"@type":"ReadAction","target":["https:\/\/dicodusport.fr\/blog\/equipe-de-france-la-composition-probable-des-bleus-face-a-la-grece\/"]}]},{"@type":"ImageObject","inLanguage":"fr-FR","@id":"https:\/\/dicodusport.fr\/blog\/equipe-de-france-la-composition-probable-des-bleus-face-a-la-grece\/#primaryimage","url":"https:\/\/dicodusport.fr\/blog\/wp-content\/uploads\/2023\/06\/Equipe-de-France-La-composition-probable-des-Bleus-face-a-la-Grece-Mbappe.png","contentUrl":"https:\/\/dicodusport.fr\/blog\/wp-content\/uploads\/2023\/06\/Equipe-de-France-La-composition-probable-des-Bleus-face-a-la-Grece-Mbappe.png","width":800,"height":445},{"@type":"BreadcrumbList","@id":"https:\/\/dicodusport.fr\/blog\/equipe-de-france-la-composition-probable-des-bleus-face-a-la-grece\/#breadcrumb","itemListElement":[{"@type":"ListItem","position":1,"name":"Accueil","item":"https:\/\/dicodusport.fr\/blog\/"},{"@type":"ListItem","position":2,"name":"\u00c9quipe de France : La composition probable des Bleus face \u00e0 la Gr\u00e8ce"}]},{"@type":"WebSite","@id":"https:\/\/dicodusport.fr\/blog\/#website","url":"https:\/\/dicodusport.fr\/blog\/","name":"Dicodusport","description":"L&#039;encyclop\u00e9die de l&#039;actualit\u00e9 sportive","publisher":{"@id":"https:\/\/dicodusport.fr\/blog\/#organization"},"potentialAction":[{"@type":"SearchAction","target":{"@type":"EntryPoint","urlTemplate":"https:\/\/dicodusport.fr\/blog\/?s={search_term_string}"},"query-input":{"@type":"PropertyValueSpecification","valueRequired":true,"valueName":"search_term_string"}}],"inLanguage":"fr-FR"},{"@type":"NewsMediaOrganization","@id":"https:\/\/dicodusport.fr\/blog\/#organization","name":"Dicodusport","url":"https:\/\/dicodusport.fr\/blog\/","logo":{"@type":"ImageObject","inLanguage":"fr-FR","@id":"https:\/\/dicodusport.fr\/blog\/#\/schema\/logo\/image\/","url":"https:\/\/dicodusport.fr\/blog\/wp-content\/uploads\/2020\/06\/cropped-LOGO-DICODUSPORT-2020-SANS-FOND-SANS-TEXTE.png","contentUrl":"https:\/\/dicodusport.fr\/blog\/wp-content\/uploads\/2020\/06\/cropped-LOGO-DICODUSPORT-2020-SANS-FOND-SANS-TEXTE.png","width":512,"height":512,"caption":"Dicodusport"},"image":{"@id":"https:\/\/dicodusport.fr\/blog\/#\/schema\/logo\/image\/"},"sameAs":["https:\/\/www.facebook.com\/dicodusport","https:\/\/x.com\/dicodusport","https:\/\/www.instagram.com\/dicodusport\/","https:\/\/www.youtube.com\/channel\/UC7V2KZ5sd3htJivAbA4ZG3w"],"description":"Dicodusport est l'encyclop\u00e9die de l'actualit\u00e9 sportive.","email":"bonjour@dicodusport.fr","legalName":"DICODUSPORT","foundingDate":"2018-01-14","vatID":"FR71834470973","taxID":"83447097300043","numberOfEmployees":{"@type":"QuantitativeValue","minValue":"1","maxValue":"10"}},{"@type":"Person","@id":"https:\/\/dicodusport.fr\/blog\/#\/schema\/person\/55dcb50ad410894e431ed812bbb70191","name":"Nicolas Jacquemard","image":{"@type":"ImageObject","inLanguage":"fr-FR","@id":"https:\/\/dicodusport.fr\/blog\/#\/schema\/person\/image\/","url":"https:\/\/dicodusport.fr\/blog\/wp-content\/uploads\/2021\/05\/Nicolas-Jacquemard-150x150.jpeg","contentUrl":"https:\/\/dicodusport.fr\/blog\/wp-content\/uploads\/2021\/05\/Nicolas-Jacquemard-150x150.jpeg","caption":"Nicolas Jacquemard"},"description":"Passionn\u00e9 de sport et entrepreneur depuis mes 18 ans, la cr\u00e9ation de Dicodusport m'a sembl\u00e9 \u00e9vidente pour participer \u00e0 la m\u00e9diatisation d'un plus grand nombre de sports. Le chemin est long mais avec une \u00e9quipe des plus motiv\u00e9es et les Jeux Olympiques de Paris 2024 en point de mire, nous y arriverons ! Journaliste dans le monde du sport depuis plus de 5 ans, je traite aussi bien de football, de rugby, de biathlon que de cyclisme.","sameAs":["https:\/\/www.facebook.com\/dicodusport","https:\/\/x.com\/https:\/\/twitter.com\/Nico_Jacquemard"],"url":"https:\/\/dicodusport.fr\/blog\/author\/dicodusport\/"}]}},"_links":{"self":[{"href":"https:\/\/dicodusport.fr\/blog\/wp-json\/wp\/v2\/posts\/392620","targetHints":{"allow":["GET"]}}],"collection":[{"href":"https:\/\/dicodusport.fr\/blog\/wp-json\/wp\/v2\/posts"}],"about":[{"href":"https:\/\/dicodusport.fr\/blog\/wp-json\/wp\/v2\/types\/post"}],"author":[{"embeddable":true,"href":"https:\/\/dicodusport.fr\/blog\/wp-json\/wp\/v2\/users\/1"}],"replies":[{"embeddable":true,"href":"https:\/\/dicodusport.fr\/blog\/wp-json\/wp\/v2\/comments?post=392620"}],"version-history":[{"count":0,"href":"https:\/\/dicodusport.fr\/blog\/wp-json\/wp\/v2\/posts\/392620\/revisions"}],"wp:featuredmedia":[{"embeddable":true,"href":"https:\/\/dicodusport.fr\/blog\/wp-json\/wp\/v2\/media\/392622"}],"wp:attachment":[{"href":"https:\/\/dicodusport.fr\/blog\/wp-json\/wp\/v2\/media?parent=392620"}],"wp:term":[{"taxonomy":"category","embeddable":true,"href":"https:\/\/dicodusport.fr\/blog\/wp-json\/wp\/v2\/categories?post=392620"},{"taxonomy":"post_tag","embeddable":true,"href":"https:\/\/dicodusport.fr\/blog\/wp-json\/wp\/v2\/tags?post=392620"}],"curies":[{"name":"wp","href":"https:\/\/api.w.org\/{rel}","templated":true}]}}